{"id":13494,"date":"2025-11-13T13:47:47","date_gmt":"2025-11-13T12:47:47","guid":{"rendered":"https:\/\/www.forbes.be\/fr\/?p=13494"},"modified":"2025-11-13T13:56:30","modified_gmt":"2025-11-13T12:56:30","slug":"le-cercle-du-lac-fete-ses-20-ans-retour-sur-deux-decennies-dentrepreneuriat-au-coeur-du-brabant-wallon","status":"publish","type":"post","link":"https:\/\/www.forbes.be\/fr\/le-cercle-du-lac-fete-ses-20-ans-retour-sur-deux-decennies-dentrepreneuriat-au-coeur-du-brabant-wallon\/","title":{"rendered":"Le Cercle du Lac f\u00eate ses 20 ans : retour sur deux d\u00e9cennies d&rsquo;entrepreneuriat au c\u0153ur du Brabant wallon"},"content":{"rendered":"<p><strong>Cr\u00e9\u00e9 en 2005 \u00e0 Louvain-la-Neuve, le Cercle du Lac c\u00e9l\u00e8bre ses vingt ans d&rsquo;existence dans un contexte paradoxal. Si le plus grand cercle d&rsquo;affaires du Brabant wallon affiche aujourd&rsquo;hui une sant\u00e9 retrouv\u00e9e avec 600 membres actifs et une programmation dense, il fait face \u00e0 des d\u00e9fis financiers structurels. Rencontre avec Sylvie Wodon, directrice g\u00e9n\u00e9rale, qui dessine les contours d&rsquo;un redressement ambitieux \u00e0 l&rsquo;horizon 2028<\/strong><\/p>\n<p>Vingt ans apr\u00e8s sa cr\u00e9ation par trente coop\u00e9rateurs visionnaires, le <a href=\"https:\/\/www.cercledulac.be\/\" target=\"_blank\" rel=\"noopener\">Cercle du Lac<\/a> s&rsquo;est impos\u00e9 comme un acteur incontournable de l&rsquo;\u00e9cosyst\u00e8me entrepreneurial wallon. Implant\u00e9 strat\u00e9giquement dans le Parc scientifique de <strong>Louvain-la-Neuve<\/strong>, le cercle b\u00e9n\u00e9ficie d&rsquo;un positionnement unique \u00e0 l&rsquo;intersection du monde \u00e9conomique, acad\u00e9mique et politique.<br \/>\n\u00ab\u00a0<em>La caract\u00e9ristique du Cercle, c&rsquo;est d&rsquo;\u00eatre vraiment proche de l&rsquo;<a href=\"https:\/\/www.uclouvain.be\/fr\" target=\"_blank\" rel=\"noopener\">UCLouvain<\/a>, de la connaissance et de la recherche. Nous sommes le seul <strong>cercle d&rsquo;affaires<\/strong> \u00e0 \u00eatre aussi proche d&rsquo;une universit\u00e9. \u00c7a fait partie de notre ADN et constitue notre unicit\u00e9<\/em>\u00ab\u00a0, souligne <strong>Sylvie Wodon<\/strong>, directrice g\u00e9n\u00e9rale depuis 2018.<\/p>\n<figure id=\"attachment_13497\" aria-describedby=\"caption-attachment-13497\" style=\"width: 1630px\" class=\"wp-caption alignnone\"><img loading=\"lazy\" decoding=\"async\" class=\"size-full wp-image-13497\" src=\"https:\/\/www.forbes.be\/fr\/wp-content\/uploads\/2025\/11\/photo-sylvie-wodon-1-scaled.jpg\" alt=\"\" width=\"1630\" height=\"2560\" srcset=\"https:\/\/www.forbes.be\/fr\/wp-content\/uploads\/2025\/11\/photo-sylvie-wodon-1-scaled.jpg 1630w, https:\/\/www.forbes.be\/fr\/wp-content\/uploads\/2025\/11\/photo-sylvie-wodon-1-191x300.jpg 191w, https:\/\/www.forbes.be\/fr\/wp-content\/uploads\/2025\/11\/photo-sylvie-wodon-1-652x1024.jpg 652w, https:\/\/www.forbes.be\/fr\/wp-content\/uploads\/2025\/11\/photo-sylvie-wodon-1-768x1206.jpg 768w, https:\/\/www.forbes.be\/fr\/wp-content\/uploads\/2025\/11\/photo-sylvie-wodon-1-978x1536.jpg 978w, https:\/\/www.forbes.be\/fr\/wp-content\/uploads\/2025\/11\/photo-sylvie-wodon-1-1304x2048.jpg 1304w, https:\/\/www.forbes.be\/fr\/wp-content\/uploads\/2025\/11\/photo-sylvie-wodon-1-696x1093.jpg 696w, https:\/\/www.forbes.be\/fr\/wp-content\/uploads\/2025\/11\/photo-sylvie-wodon-1-1068x1678.jpg 1068w, https:\/\/www.forbes.be\/fr\/wp-content\/uploads\/2025\/11\/photo-sylvie-wodon-1-600x942.jpg 600w\" sizes=\"auto, (max-width: 1630px) 100vw, 1630px\" \/><figcaption id=\"caption-attachment-13497\" class=\"wp-caption-text\">Sylvie Wodon, directrice g\u00e9n\u00e9rale du Cercle du Lac \u00a9 Cercle du Lac<\/figcaption><\/figure>\n<p>Cette proximit\u00e9 acad\u00e9mique se traduit par une forte repr\u00e9sentation du secteur pharmaceutique (GSK, UCB, IBA et de nombreuses <strong>startups<\/strong> qui gravitent dans l\u2019entourage de ses grands groupes). Avec 600 membres issus de secteurs diversifi\u00e9s, le Cercle organise entre 100 et 150 activit\u00e9s annuelles, attirant plus de 25 000 visiteurs par an.<\/p>\n<h2>Du voilier au paquebot : une croissance difficile \u00e0 dig\u00e9rer<\/h2>\n<p>L&rsquo;histoire du <strong>Cercle du Lac<\/strong> est marqu\u00e9e par un tournant majeur en 2013 avec l&rsquo;inauguration de son b\u00e2timent contemporain de 3 260 m\u00b2, con\u00e7u par l&rsquo;architecte Patrick van der Straeten. Une infrastructure moderne dot\u00e9e de sept espaces modulables, pens\u00e9e pour cr\u00e9er une atmosph\u00e8re conviviale tout en r\u00e9pondant aux besoins des entreprises membres.<\/p>\n<p>Mais cette mont\u00e9e en gamme s&rsquo;est r\u00e9v\u00e9l\u00e9e plus complexe que pr\u00e9vu. \u00ab\u00a0<em>On passe d&rsquo;un voilier \u00e0 un paquebot. Avec toutes les cons\u00e9quences que cela implique : c&rsquo;est plus grand, \u00e7a donne plus de perspectives mais il est vrai que financi\u00e8rement, il faut savoir faire tourner ce paquebot et le financer aussi<\/em>\u00ab\u00a0, reconna\u00eet <strong>Sylvie Wodon<\/strong>.<\/p>\n<p>Le projet initial n&rsquo;\u00e9tait d&rsquo;ailleurs pas celui des fondateurs. L&rsquo;<strong>UCLouvain<\/strong>, propri\u00e9taire du terrain en bail emphyt\u00e9otique, a impos\u00e9 la construction de 4 000 m\u00b2 comme condition <em>sine qua non<\/em> pour la nouvelle implantation du cercle. Une exigence qui a conduit \u00e0 l&rsquo;int\u00e9gration d&rsquo;un <em>business center<\/em>, activit\u00e9 \u00e9loign\u00e9e du c\u0153ur de m\u00e9tier d&rsquo;un <strong>cercle d&rsquo;affaires<\/strong>. Finalement occup\u00e9 par l&rsquo;UWE (Union Wallonne des Entreprises) puis par intoPIX, cet espace illustre les ajustements n\u00e9cessaires pour \u00e9quilibrer le mod\u00e8le \u00e9conomique.<\/p>\n<h2>Treize exercices d\u00e9ficitaires sur quinze : la r\u00e9alit\u00e9 des chiffres<\/h2>\n<p>Si le <strong>Cercle<\/strong> affiche une belle vitalit\u00e9 op\u00e9rationnelle, sa <strong>situation financi\u00e8re<\/strong> demeure pr\u00e9occupante. Selon des <a href=\"https:\/\/www.lecho.be\/entreprises\/general\/le-cercle-du-lac-reste-empetre-dans-les-problemes-financiers\/10623679.html\" target=\"_blank\" rel=\"noopener\">informations r\u00e9centes rapport\u00e9es par L&rsquo;\u00c9cho<\/a>, l&rsquo;organisation a enregistr\u00e9 son treizi\u00e8me exercice d\u00e9ficitaire en quinze ans d&rsquo;existence. Un constat qui a conduit les actionnaires \u00e0 r\u00e9agir.<\/p>\n<p>En septembre 2025, une dizaine d&rsquo;actionnaires se sont engag\u00e9s \u00e0 lever de nouveaux fonds pour refinancer le b\u00e2timent et assurer la p\u00e9rennit\u00e9 de l&rsquo;institution. L&rsquo;objectif affich\u00e9 : retrouver le chemin de la rentabilit\u00e9 en 2028. \u00ab\u00a0<em>Nous savons qu&rsquo;en 2033, le b\u00e2timent sera pay\u00e9. Donc \u00e7a va \u00eatre une grande bouff\u00e9e d&rsquo;oxyg\u00e8ne<\/em>\u00a0\u00bb confie la directrice avec optimisme.<\/p>\n<p>Cette fragilit\u00e9 financi\u00e8re contraste avec un mod\u00e8le op\u00e9rationnel qui semble fonctionner : deux tiers des membres d\u00e9clarent avoir r\u00e9alis\u00e9 du business gr\u00e2ce au <strong>Cercle du Lac<\/strong>, un taux de satisfaction \u00e9lev\u00e9 qui t\u00e9moigne de la valeur ajout\u00e9e de la plateforme.<\/p>\n<h2>Le retour du pr\u00e9sentiel post-Covid<\/h2>\n<p>Apr\u00e8s les crises successives (Covid, \u00e9nerg\u00e9tique, indexation salariale) le cercle conna\u00eet depuis mi-2024 un renouveau significatif. L&rsquo;affluence aux activit\u00e9s est revenue \u00e0 des niveaux comparables \u00e0 2019, marquant le retour en force des interactions en pr\u00e9sentiel.<\/p>\n<figure id=\"attachment_13498\" aria-describedby=\"caption-attachment-13498\" style=\"width: 2560px\" class=\"wp-caption alignnone\"><img loading=\"lazy\" decoding=\"async\" class=\"size-full wp-image-13498\" src=\"https:\/\/www.forbes.be\/fr\/wp-content\/uploads\/2025\/11\/p1110148-scaled.jpg\" alt=\"\" width=\"2560\" height=\"1440\" srcset=\"https:\/\/www.forbes.be\/fr\/wp-content\/uploads\/2025\/11\/p1110148-scaled.jpg 2560w, https:\/\/www.forbes.be\/fr\/wp-content\/uploads\/2025\/11\/p1110148-300x169.jpg 300w, https:\/\/www.forbes.be\/fr\/wp-content\/uploads\/2025\/11\/p1110148-1024x576.jpg 1024w, https:\/\/www.forbes.be\/fr\/wp-content\/uploads\/2025\/11\/p1110148-768x432.jpg 768w, https:\/\/www.forbes.be\/fr\/wp-content\/uploads\/2025\/11\/p1110148-1536x864.jpg 1536w, https:\/\/www.forbes.be\/fr\/wp-content\/uploads\/2025\/11\/p1110148-2048x1152.jpg 2048w, https:\/\/www.forbes.be\/fr\/wp-content\/uploads\/2025\/11\/p1110148-696x392.jpg 696w, https:\/\/www.forbes.be\/fr\/wp-content\/uploads\/2025\/11\/p1110148-1068x601.jpg 1068w, https:\/\/www.forbes.be\/fr\/wp-content\/uploads\/2025\/11\/p1110148-1920x1080.jpg 1920w, https:\/\/www.forbes.be\/fr\/wp-content\/uploads\/2025\/11\/p1110148-600x338.jpg 600w\" sizes=\"auto, (max-width: 2560px) 100vw, 2560px\" \/><figcaption id=\"caption-attachment-13498\" class=\"wp-caption-text\">\u00a9 Cercle du Lac<\/figcaption><\/figure>\n<p>\u00ab\u00a0<em>On m&rsquo;a pos\u00e9 la question : pourquoi finalement revient-on \u00e0 ce pr\u00e9sentiel, alors qu&rsquo;on disait tous que le distanciel, la vid\u00e9o, allait prendre une \u00e9norme part ? [&#8230;] Le fait est que les <strong>entrepreneurs<\/strong> ont besoin de se revoir, de se rencontrer, de se parler, d&rsquo;\u00e9changer. Nous le sentons depuis une petite ann\u00e9e<\/em>\u00ab\u00a0, analyse <strong>Sylvie Wodon<\/strong>.<\/p>\n<p>Cette tendance valide la mission premi\u00e8re du Cercle : cr\u00e9er un espace de rencontre physique o\u00f9 les d\u00e9cideurs peuvent \u00e9changer, networker et faire des affaires. Un constat qui s&rsquo;applique au-del\u00e0 du seul Cercle du Lac, alors que d&rsquo;autres cercles d&rsquo;affaires comme le Cercle de Wallonie ou le B19 continuent \u00e9galement leurs activit\u00e9s.<\/p>\n<h2>Un mod\u00e8le en mutation<\/h2>\n<p>Le<strong> Cercle du Lac<\/strong> a revu ses ambitions \u00e0 la baisse par rapport aux objectifs initiaux. L&rsquo;objectif de 1 000 membres annonc\u00e9 lors de l&rsquo;inauguration du nouveau b\u00e2timent s&rsquo;est r\u00e9v\u00e9l\u00e9 \u00ab\u00a0<em>tr\u00e8s beau, tr\u00e8s ambitieux, mais peut-\u00eatre utopique<\/em>\u00ab\u00a0, selon la directrice. Avec 600 membres aujourd&rsquo;hui, le cercle a trouv\u00e9 un rythme de croisi\u00e8re plus r\u00e9aliste.<\/p>\n<p>La strat\u00e9gie actuelle privil\u00e9gie la qualit\u00e9 \u00e0 la quantit\u00e9. La cotisation individuelle garantit que chaque membre est un <strong>d\u00e9cideur<\/strong> capable de prendre des d\u00e9cisions rapidement, \u00e9vitant ainsi les lourdeurs hi\u00e9rarchiques.<\/p>\n<figure id=\"attachment_13496\" aria-describedby=\"caption-attachment-13496\" style=\"width: 2560px\" class=\"wp-caption alignnone\"><img loading=\"lazy\" decoding=\"async\" class=\"size-full wp-image-13496\" src=\"https:\/\/www.forbes.be\/fr\/wp-content\/uploads\/2025\/11\/p1030456-scaled.jpg\" alt=\"\" width=\"2560\" height=\"1707\" srcset=\"https:\/\/www.forbes.be\/fr\/wp-content\/uploads\/2025\/11\/p1030456-scaled.jpg 2560w, https:\/\/www.forbes.be\/fr\/wp-content\/uploads\/2025\/11\/p1030456-300x200.jpg 300w, https:\/\/www.forbes.be\/fr\/wp-content\/uploads\/2025\/11\/p1030456-1024x683.jpg 1024w, https:\/\/www.forbes.be\/fr\/wp-content\/uploads\/2025\/11\/p1030456-768x512.jpg 768w, https:\/\/www.forbes.be\/fr\/wp-content\/uploads\/2025\/11\/p1030456-1536x1024.jpg 1536w, https:\/\/www.forbes.be\/fr\/wp-content\/uploads\/2025\/11\/p1030456-2048x1365.jpg 2048w, https:\/\/www.forbes.be\/fr\/wp-content\/uploads\/2025\/11\/p1030456-696x464.jpg 696w, https:\/\/www.forbes.be\/fr\/wp-content\/uploads\/2025\/11\/p1030456-1068x712.jpg 1068w, https:\/\/www.forbes.be\/fr\/wp-content\/uploads\/2025\/11\/p1030456-1920x1280.jpg 1920w, https:\/\/www.forbes.be\/fr\/wp-content\/uploads\/2025\/11\/p1030456-600x400.jpg 600w\" sizes=\"auto, (max-width: 2560px) 100vw, 2560px\" \/><figcaption id=\"caption-attachment-13496\" class=\"wp-caption-text\">\u00a9 Cercle du Lac<\/figcaption><\/figure>\n<p>Face aux \u00e9volutions du <strong>monde entrepreneurial<\/strong>, le cercle mise sur trois piliers : \u00ab\u00a0<em>inspirer, connecter, entreprendre<\/em>\u00ab\u00a0. Un positionnement qui valorise aussi bien les d\u00e9bats intellectuels et conf\u00e9rences que les activit\u00e9s passion (golf, classic car) et le <em>networking<\/em> op\u00e9rationnel. \u00ab\u00a0<em>C&rsquo;est important d&rsquo;avoir ces activit\u00e9s passions qui r\u00e9unissent autour d&rsquo;un int\u00e9r\u00eat commun. Il y a ce lien d&rsquo;appartenance qui est important<\/em>\u00ab\u00a0, insiste la directrice.<\/p>\n<h2>2025-2028 : le temps des choix strat\u00e9giques<\/h2>\n<p>Le plan de relance du <strong>Cercle du Lac<\/strong> s&rsquo;articule autour d&rsquo;une vision pragmatique \u00e0 court-moyen terme. Exit les <em>business plan<\/em>s \u00e0 cinq ans, jug\u00e9s inadapt\u00e9s \u00e0 la volatilit\u00e9 actuelle : le cercle travaille d\u00e9sormais sur des horizons de deux \u00e0 trois ans.<\/p>\n<p>Les priorit\u00e9s sont claires : continuer \u00e0 offrir des activit\u00e9s de qualit\u00e9, sonder r\u00e9guli\u00e8rement les besoins des membres, et mettre davantage en avant l&rsquo;entrepreneuriat de production et l&rsquo;innovation. \u00ab\u00a0<em>Le fonctionnement d&rsquo;un entrepreneur a fortement chang\u00e9. Avant, on aimait bien prendre son verre, tra\u00eener, voir les copains. Aujourd&rsquo;hui, on vient dans un cercle pour faire des affaires. Il faut un return quand on vient \u00e0 une activit\u00e9<\/em>\u00ab\u00a0, r\u00e9sume <strong>Sylvie Wodon<\/strong>.<\/p>\n<p>La c\u00e9l\u00e9bration des 20 ans, qui s&rsquo;est tenue le 13 novembre 2025 avec 250 invit\u00e9s, marque une \u00e9tape symbolique. Mais au-del\u00e0 des festivit\u00e9s, le <strong>Cercle du Lac<\/strong> se trouve \u00e0 un tournant strat\u00e9gique. Sa capacit\u00e9 \u00e0 capitaliser sur ses atouts (positionnement unique, communaut\u00e9 fid\u00e8le, infrastructure moderne) tout en r\u00e9solvant ses fragilit\u00e9s financi\u00e8res structurelles d\u00e9terminera son avenir.<\/p>\n<p>L\u2019histoire du <strong>Cercle du Lac<\/strong> est celle d&rsquo;une institution reconnue et appr\u00e9ci\u00e9e qui doit n\u00e9anmoins r\u00e9inventer son mod\u00e8le \u00e9conomique pour assurer sa p\u00e9rennit\u00e9. Un d\u00e9fi que partagent de nombreux acteurs de l&rsquo;\u00e9conomie belge \u00e0 l&rsquo;heure des transformations rapides du monde des affaires.<\/p>\n","protected":false},"excerpt":{"rendered":"<p>Cr\u00e9\u00e9 en 2005 \u00e0 Louvain-la-Neuve, le Cercle du Lac c\u00e9l\u00e8bre ses vingt ans d&rsquo;existence dans un contexte paradoxal. Si le plus grand cercle d&rsquo;affaires du Brabant wallon affiche aujourd&rsquo;hui une sant\u00e9 retrouv\u00e9e avec 600 membres actifs et une programmation dense, il fait face \u00e0 des d\u00e9fis financiers structurels. Rencontre avec Sylvie Wodon, directrice g\u00e9n\u00e9rale, qui [&hellip;]<\/p>\n","protected":false},"author":47,"featured_media":13495,"comment_status":"closed","ping_status":"closed","sticky":false,"template":"","format":"standard","meta":{"_acf_changed":false,"inline_featured_image":false,"footnotes":""},"categories":[1,19,75],"tags":[],"class_list":{"0":"post-13494","1":"post","2":"type-post","3":"status-publish","4":"format-standard","5":"has-post-thumbnail","7":"category-actualite","8":"category-entrepreneurs","9":"category-entreprise"},"acf":[],"_yoast_wpseo_title":null,"_yoast_wpseo_metadesc":"Le Cercle du Lac f\u00eate ses 20 ans \u00e0 Louvain-la-Neuve. Entre succ\u00e8s entrepreneurial, d\u00e9fis financiers et strat\u00e9gie de relance, l\u2019institution se r\u00e9invente.","auteur_traducteur":"","yoast_head":"<!-- This site is optimized with the Yoast SEO plugin v27.4 - https:\/\/yoast.com\/product\/yoast-seo-wordpress\/ -->\n<title>Le Cercle du Lac f\u00eate ses 20 ans : retour sur deux d\u00e9cennies d&#039;entrepreneuriat au c\u0153ur du Brabant wallon | Forbes Belgique<\/title>\n<meta name=\"description\" content=\"Le Cercle du Lac f\u00eate ses 20 ans \u00e0 Louvain-la-Neuve. Entre succ\u00e8s entrepreneurial, d\u00e9fis financiers et strat\u00e9gie de relance, l\u2019institution se r\u00e9invente.\" \/>\n<meta name=\"robots\" content=\"index, follow, max-snippet:-1, max-image-preview:large, max-video-preview:-1\" \/>\n<link rel=\"canonical\" href=\"https:\/\/www.forbes.be\/fr\/le-cercle-du-lac-fete-ses-20-ans-retour-sur-deux-decennies-dentrepreneuriat-au-coeur-du-brabant-wallon\/\" \/>\n<meta property=\"og:locale\" content=\"fr_FR\" \/>\n<meta property=\"og:type\" content=\"article\" \/>\n<meta property=\"og:title\" content=\"Le Cercle du Lac f\u00eate ses 20 ans : retour sur deux d\u00e9cennies d&#039;entrepreneuriat au c\u0153ur du Brabant wallon | Forbes Belgique\" \/>\n<meta property=\"og:description\" content=\"Le Cercle du Lac f\u00eate ses 20 ans \u00e0 Louvain-la-Neuve. Entre succ\u00e8s entrepreneurial, d\u00e9fis financiers et strat\u00e9gie de relance, l\u2019institution se r\u00e9invente.\" \/>\n<meta property=\"og:url\" content=\"https:\/\/www.forbes.be\/fr\/le-cercle-du-lac-fete-ses-20-ans-retour-sur-deux-decennies-dentrepreneuriat-au-coeur-du-brabant-wallon\/\" \/>\n<meta property=\"og:site_name\" content=\"Forbes Belgique\" \/>\n<meta property=\"article:publisher\" content=\"https:\/\/www.facebook.com\/forbesbelgique\/\" \/>\n<meta property=\"article:published_time\" content=\"2025-11-13T12:47:47+00:00\" \/>\n<meta property=\"article:modified_time\" content=\"2025-11-13T12:56:30+00:00\" \/>\n<meta property=\"og:image\" content=\"https:\/\/www.forbes.be\/fr\/wp-content\/uploads\/2025\/11\/img-0610-scaled-e1763038550942.jpg\" \/>\n\t<meta property=\"og:image:width\" content=\"2560\" \/>\n\t<meta property=\"og:image:height\" content=\"1340\" \/>\n\t<meta property=\"og:image:type\" content=\"image\/jpeg\" \/>\n<meta name=\"author\" content=\"Martin Boonen\" \/>\n<meta name=\"twitter:card\" content=\"summary_large_image\" \/>\n<meta name=\"twitter:label1\" content=\"\u00c9crit par\" \/>\n\t<meta name=\"twitter:data1\" content=\"Martin Boonen\" \/>\n\t<meta name=\"twitter:label2\" content=\"Dur\u00e9e de lecture estim\u00e9e\" \/>\n\t<meta name=\"twitter:data2\" content=\"7 minutes\" \/>\n<script type=\"application\/ld+json\" class=\"yoast-schema-graph\">{\"@context\":\"https:\\\/\\\/schema.org\",\"@graph\":[{\"@type\":\"NewsArticle\",\"@id\":\"https:\\\/\\\/www.forbes.be\\\/fr\\\/le-cercle-du-lac-fete-ses-20-ans-retour-sur-deux-decennies-dentrepreneuriat-au-coeur-du-brabant-wallon\\\/#article\",\"isPartOf\":{\"@id\":\"https:\\\/\\\/www.forbes.be\\\/fr\\\/le-cercle-du-lac-fete-ses-20-ans-retour-sur-deux-decennies-dentrepreneuriat-au-coeur-du-brabant-wallon\\\/\"},\"author\":{\"name\":\"Martin Boonen\",\"@id\":\"https:\\\/\\\/www.forbes.be\\\/fr\\\/#\\\/schema\\\/person\\\/5e9af5383f8e0ffec564788f40ac92c8\"},\"headline\":\"Le Cercle du Lac f\u00eate ses 20 ans : retour sur deux d\u00e9cennies d&rsquo;entrepreneuriat au c\u0153ur du Brabant wallon\",\"datePublished\":\"2025-11-13T12:47:47+00:00\",\"dateModified\":\"2025-11-13T12:56:30+00:00\",\"mainEntityOfPage\":{\"@id\":\"https:\\\/\\\/www.forbes.be\\\/fr\\\/le-cercle-du-lac-fete-ses-20-ans-retour-sur-deux-decennies-dentrepreneuriat-au-coeur-du-brabant-wallon\\\/\"},\"wordCount\":1197,\"publisher\":{\"@id\":\"https:\\\/\\\/www.forbes.be\\\/fr\\\/#organization\"},\"image\":{\"@id\":\"https:\\\/\\\/www.forbes.be\\\/fr\\\/le-cercle-du-lac-fete-ses-20-ans-retour-sur-deux-decennies-dentrepreneuriat-au-coeur-du-brabant-wallon\\\/#primaryimage\"},\"thumbnailUrl\":\"https:\\\/\\\/www.forbes.be\\\/fr\\\/wp-content\\\/uploads\\\/2025\\\/11\\\/img-0610-scaled-e1763038550942.jpg\",\"articleSection\":[\"Actualit\u00e9s\",\"Entrepreneurs\",\"Entreprise\"],\"inLanguage\":\"fr-FR\"},{\"@type\":\"WebPage\",\"@id\":\"https:\\\/\\\/www.forbes.be\\\/fr\\\/le-cercle-du-lac-fete-ses-20-ans-retour-sur-deux-decennies-dentrepreneuriat-au-coeur-du-brabant-wallon\\\/\",\"url\":\"https:\\\/\\\/www.forbes.be\\\/fr\\\/le-cercle-du-lac-fete-ses-20-ans-retour-sur-deux-decennies-dentrepreneuriat-au-coeur-du-brabant-wallon\\\/\",\"name\":\"Le Cercle du Lac f\u00eate ses 20 ans : retour sur deux d\u00e9cennies d'entrepreneuriat au c\u0153ur du Brabant wallon | Forbes Belgique\",\"isPartOf\":{\"@id\":\"https:\\\/\\\/www.forbes.be\\\/fr\\\/#website\"},\"primaryImageOfPage\":{\"@id\":\"https:\\\/\\\/www.forbes.be\\\/fr\\\/le-cercle-du-lac-fete-ses-20-ans-retour-sur-deux-decennies-dentrepreneuriat-au-coeur-du-brabant-wallon\\\/#primaryimage\"},\"image\":{\"@id\":\"https:\\\/\\\/www.forbes.be\\\/fr\\\/le-cercle-du-lac-fete-ses-20-ans-retour-sur-deux-decennies-dentrepreneuriat-au-coeur-du-brabant-wallon\\\/#primaryimage\"},\"thumbnailUrl\":\"https:\\\/\\\/www.forbes.be\\\/fr\\\/wp-content\\\/uploads\\\/2025\\\/11\\\/img-0610-scaled-e1763038550942.jpg\",\"datePublished\":\"2025-11-13T12:47:47+00:00\",\"dateModified\":\"2025-11-13T12:56:30+00:00\",\"description\":\"Le Cercle du Lac f\u00eate ses 20 ans \u00e0 Louvain-la-Neuve. Entre succ\u00e8s entrepreneurial, d\u00e9fis financiers et strat\u00e9gie de relance, l\u2019institution se r\u00e9invente.\",\"breadcrumb\":{\"@id\":\"https:\\\/\\\/www.forbes.be\\\/fr\\\/le-cercle-du-lac-fete-ses-20-ans-retour-sur-deux-decennies-dentrepreneuriat-au-coeur-du-brabant-wallon\\\/#breadcrumb\"},\"inLanguage\":\"fr-FR\",\"potentialAction\":[{\"@type\":\"ReadAction\",\"target\":[\"https:\\\/\\\/www.forbes.be\\\/fr\\\/le-cercle-du-lac-fete-ses-20-ans-retour-sur-deux-decennies-dentrepreneuriat-au-coeur-du-brabant-wallon\\\/\"]}]},{\"@type\":\"ImageObject\",\"inLanguage\":\"fr-FR\",\"@id\":\"https:\\\/\\\/www.forbes.be\\\/fr\\\/le-cercle-du-lac-fete-ses-20-ans-retour-sur-deux-decennies-dentrepreneuriat-au-coeur-du-brabant-wallon\\\/#primaryimage\",\"url\":\"https:\\\/\\\/www.forbes.be\\\/fr\\\/wp-content\\\/uploads\\\/2025\\\/11\\\/img-0610-scaled-e1763038550942.jpg\",\"contentUrl\":\"https:\\\/\\\/www.forbes.be\\\/fr\\\/wp-content\\\/uploads\\\/2025\\\/11\\\/img-0610-scaled-e1763038550942.jpg\",\"width\":2560,\"height\":1340,\"caption\":\"\u00a9 Cercle du Lac\"},{\"@type\":\"BreadcrumbList\",\"@id\":\"https:\\\/\\\/www.forbes.be\\\/fr\\\/le-cercle-du-lac-fete-ses-20-ans-retour-sur-deux-decennies-dentrepreneuriat-au-coeur-du-brabant-wallon\\\/#breadcrumb\",\"itemListElement\":[{\"@type\":\"ListItem\",\"position\":1,\"name\":\"Accueil\",\"item\":\"https:\\\/\\\/www.forbes.be\\\/fr\\\/\"},{\"@type\":\"ListItem\",\"position\":2,\"name\":\"Le Cercle du Lac f\u00eate ses 20 ans : retour sur deux d\u00e9cennies d&rsquo;entrepreneuriat au c\u0153ur du Brabant wallon\"}]},{\"@type\":\"WebSite\",\"@id\":\"https:\\\/\\\/www.forbes.be\\\/fr\\\/#website\",\"url\":\"https:\\\/\\\/www.forbes.be\\\/fr\\\/\",\"name\":\"Forbes Belgique\",\"description\":\"\",\"publisher\":{\"@id\":\"https:\\\/\\\/www.forbes.be\\\/fr\\\/#organization\"},\"potentialAction\":[{\"@type\":\"SearchAction\",\"target\":{\"@type\":\"EntryPoint\",\"urlTemplate\":\"https:\\\/\\\/www.forbes.be\\\/fr\\\/?s={search_term_string}\"},\"query-input\":{\"@type\":\"PropertyValueSpecification\",\"valueRequired\":true,\"valueName\":\"search_term_string\"}}],\"inLanguage\":\"fr-FR\"},{\"@type\":\"Organization\",\"@id\":\"https:\\\/\\\/www.forbes.be\\\/fr\\\/#organization\",\"name\":\"Forbes Belgique\",\"url\":\"https:\\\/\\\/www.forbes.be\\\/fr\\\/\",\"logo\":{\"@type\":\"ImageObject\",\"inLanguage\":\"fr-FR\",\"@id\":\"https:\\\/\\\/www.forbes.be\\\/fr\\\/#\\\/schema\\\/logo\\\/image\\\/\",\"url\":\"https:\\\/\\\/www.forbes.be\\\/fr\\\/wp-content\\\/uploads\\\/2024\\\/02\\\/forbes.be_.png\",\"contentUrl\":\"https:\\\/\\\/www.forbes.be\\\/fr\\\/wp-content\\\/uploads\\\/2024\\\/02\\\/forbes.be_.png\",\"width\":1200,\"height\":675,\"caption\":\"Forbes Belgique\"},\"image\":{\"@id\":\"https:\\\/\\\/www.forbes.be\\\/fr\\\/#\\\/schema\\\/logo\\\/image\\\/\"},\"sameAs\":[\"https:\\\/\\\/www.facebook.com\\\/forbesbelgique\\\/\",\"https:\\\/\\\/www.instagram.com\\\/Forbes_Belgium\",\"https:\\\/\\\/www.linkedin.com\\\/company\\\/forbes-belgium\\\/\"]},{\"@type\":\"Person\",\"@id\":\"https:\\\/\\\/www.forbes.be\\\/fr\\\/#\\\/schema\\\/person\\\/5e9af5383f8e0ffec564788f40ac92c8\",\"name\":\"Martin Boonen\",\"image\":{\"@type\":\"ImageObject\",\"inLanguage\":\"fr-FR\",\"@id\":\"https:\\\/\\\/www.forbes.be\\\/fr\\\/wp-content\\\/uploads\\\/2025\\\/10\\\/capture-decran-2024-11-15-a-093849-300x300-1-100x100.png\",\"url\":\"https:\\\/\\\/www.forbes.be\\\/fr\\\/wp-content\\\/uploads\\\/2025\\\/10\\\/capture-decran-2024-11-15-a-093849-300x300-1-100x100.png\",\"contentUrl\":\"https:\\\/\\\/www.forbes.be\\\/fr\\\/wp-content\\\/uploads\\\/2025\\\/10\\\/capture-decran-2024-11-15-a-093849-300x300-1-100x100.png\",\"caption\":\"Martin Boonen\"},\"description\":\"Martin Boonen est journaliste dipl\u00f4m\u00e9 de l'Institut de Journalisme de Bruxelles (2012). Il collabor\u00e9 avec de nombreuses r\u00e9dactions \u00e0 diff\u00e9rent niveau de responsabilit\u00e9 : journaliste, chef de rubrique, secr\u00e9taire de r\u00e9daction et r\u00e9dacteur en chef, tant sur le web que pour la presse imprim\u00e9e. Sp\u00e9cialis\u00e9 dans les startups et l'entrepreneuriat \u00e0 impact, il est devenu en 2025 r\u00e9dacteur en chef du site web de Forbes Belgique. Il est affili\u00e9 \u00e0 l'Organisation Mondiale de la Presse P\u00e9riodique depuis 2011.\",\"sameAs\":[\"https:\\\/\\\/www.linkedin.com\\\/in\\\/martin-boonen-61499951\\\/\"],\"url\":\"https:\\\/\\\/www.forbes.be\\\/fr\\\/author\\\/martin-boonen\\\/\"}]}<\/script>\n<!-- \/ Yoast SEO plugin. -->","yoast_head_json":{"title":"Le Cercle du Lac f\u00eate ses 20 ans : retour sur deux d\u00e9cennies d'entrepreneuriat au c\u0153ur du Brabant wallon | Forbes Belgique","description":"Le Cercle du Lac f\u00eate ses 20 ans \u00e0 Louvain-la-Neuve. Entre succ\u00e8s entrepreneurial, d\u00e9fis financiers et strat\u00e9gie de relance, l\u2019institution se r\u00e9invente.","robots":{"index":"index","follow":"follow","max-snippet":"max-snippet:-1","max-image-preview":"max-image-preview:large","max-video-preview":"max-video-preview:-1"},"canonical":"https:\/\/www.forbes.be\/fr\/le-cercle-du-lac-fete-ses-20-ans-retour-sur-deux-decennies-dentrepreneuriat-au-coeur-du-brabant-wallon\/","og_locale":"fr_FR","og_type":"article","og_title":"Le Cercle du Lac f\u00eate ses 20 ans : retour sur deux d\u00e9cennies d'entrepreneuriat au c\u0153ur du Brabant wallon | Forbes Belgique","og_description":"Le Cercle du Lac f\u00eate ses 20 ans \u00e0 Louvain-la-Neuve. Entre succ\u00e8s entrepreneurial, d\u00e9fis financiers et strat\u00e9gie de relance, l\u2019institution se r\u00e9invente.","og_url":"https:\/\/www.forbes.be\/fr\/le-cercle-du-lac-fete-ses-20-ans-retour-sur-deux-decennies-dentrepreneuriat-au-coeur-du-brabant-wallon\/","og_site_name":"Forbes Belgique","article_publisher":"https:\/\/www.facebook.com\/forbesbelgique\/","article_published_time":"2025-11-13T12:47:47+00:00","article_modified_time":"2025-11-13T12:56:30+00:00","og_image":[{"width":2560,"height":1340,"url":"https:\/\/www.forbes.be\/fr\/wp-content\/uploads\/2025\/11\/img-0610-scaled-e1763038550942.jpg","type":"image\/jpeg"}],"author":"Martin Boonen","twitter_card":"summary_large_image","twitter_misc":{"\u00c9crit par":"Martin Boonen","Dur\u00e9e de lecture estim\u00e9e":"7 minutes"},"schema":{"@context":"https:\/\/schema.org","@graph":[{"@type":"NewsArticle","@id":"https:\/\/www.forbes.be\/fr\/le-cercle-du-lac-fete-ses-20-ans-retour-sur-deux-decennies-dentrepreneuriat-au-coeur-du-brabant-wallon\/#article","isPartOf":{"@id":"https:\/\/www.forbes.be\/fr\/le-cercle-du-lac-fete-ses-20-ans-retour-sur-deux-decennies-dentrepreneuriat-au-coeur-du-brabant-wallon\/"},"author":{"name":"Martin Boonen","@id":"https:\/\/www.forbes.be\/fr\/#\/schema\/person\/5e9af5383f8e0ffec564788f40ac92c8"},"headline":"Le Cercle du Lac f\u00eate ses 20 ans : retour sur deux d\u00e9cennies d&rsquo;entrepreneuriat au c\u0153ur du Brabant wallon","datePublished":"2025-11-13T12:47:47+00:00","dateModified":"2025-11-13T12:56:30+00:00","mainEntityOfPage":{"@id":"https:\/\/www.forbes.be\/fr\/le-cercle-du-lac-fete-ses-20-ans-retour-sur-deux-decennies-dentrepreneuriat-au-coeur-du-brabant-wallon\/"},"wordCount":1197,"publisher":{"@id":"https:\/\/www.forbes.be\/fr\/#organization"},"image":{"@id":"https:\/\/www.forbes.be\/fr\/le-cercle-du-lac-fete-ses-20-ans-retour-sur-deux-decennies-dentrepreneuriat-au-coeur-du-brabant-wallon\/#primaryimage"},"thumbnailUrl":"https:\/\/www.forbes.be\/fr\/wp-content\/uploads\/2025\/11\/img-0610-scaled-e1763038550942.jpg","articleSection":["Actualit\u00e9s","Entrepreneurs","Entreprise"],"inLanguage":"fr-FR"},{"@type":"WebPage","@id":"https:\/\/www.forbes.be\/fr\/le-cercle-du-lac-fete-ses-20-ans-retour-sur-deux-decennies-dentrepreneuriat-au-coeur-du-brabant-wallon\/","url":"https:\/\/www.forbes.be\/fr\/le-cercle-du-lac-fete-ses-20-ans-retour-sur-deux-decennies-dentrepreneuriat-au-coeur-du-brabant-wallon\/","name":"Le Cercle du Lac f\u00eate ses 20 ans : retour sur deux d\u00e9cennies d'entrepreneuriat au c\u0153ur du Brabant wallon | Forbes Belgique","isPartOf":{"@id":"https:\/\/www.forbes.be\/fr\/#website"},"primaryImageOfPage":{"@id":"https:\/\/www.forbes.be\/fr\/le-cercle-du-lac-fete-ses-20-ans-retour-sur-deux-decennies-dentrepreneuriat-au-coeur-du-brabant-wallon\/#primaryimage"},"image":{"@id":"https:\/\/www.forbes.be\/fr\/le-cercle-du-lac-fete-ses-20-ans-retour-sur-deux-decennies-dentrepreneuriat-au-coeur-du-brabant-wallon\/#primaryimage"},"thumbnailUrl":"https:\/\/www.forbes.be\/fr\/wp-content\/uploads\/2025\/11\/img-0610-scaled-e1763038550942.jpg","datePublished":"2025-11-13T12:47:47+00:00","dateModified":"2025-11-13T12:56:30+00:00","description":"Le Cercle du Lac f\u00eate ses 20 ans \u00e0 Louvain-la-Neuve. Entre succ\u00e8s entrepreneurial, d\u00e9fis financiers et strat\u00e9gie de relance, l\u2019institution se r\u00e9invente.","breadcrumb":{"@id":"https:\/\/www.forbes.be\/fr\/le-cercle-du-lac-fete-ses-20-ans-retour-sur-deux-decennies-dentrepreneuriat-au-coeur-du-brabant-wallon\/#breadcrumb"},"inLanguage":"fr-FR","potentialAction":[{"@type":"ReadAction","target":["https:\/\/www.forbes.be\/fr\/le-cercle-du-lac-fete-ses-20-ans-retour-sur-deux-decennies-dentrepreneuriat-au-coeur-du-brabant-wallon\/"]}]},{"@type":"ImageObject","inLanguage":"fr-FR","@id":"https:\/\/www.forbes.be\/fr\/le-cercle-du-lac-fete-ses-20-ans-retour-sur-deux-decennies-dentrepreneuriat-au-coeur-du-brabant-wallon\/#primaryimage","url":"https:\/\/www.forbes.be\/fr\/wp-content\/uploads\/2025\/11\/img-0610-scaled-e1763038550942.jpg","contentUrl":"https:\/\/www.forbes.be\/fr\/wp-content\/uploads\/2025\/11\/img-0610-scaled-e1763038550942.jpg","width":2560,"height":1340,"caption":"\u00a9 Cercle du Lac"},{"@type":"BreadcrumbList","@id":"https:\/\/www.forbes.be\/fr\/le-cercle-du-lac-fete-ses-20-ans-retour-sur-deux-decennies-dentrepreneuriat-au-coeur-du-brabant-wallon\/#breadcrumb","itemListElement":[{"@type":"ListItem","position":1,"name":"Accueil","item":"https:\/\/www.forbes.be\/fr\/"},{"@type":"ListItem","position":2,"name":"Le Cercle du Lac f\u00eate ses 20 ans : retour sur deux d\u00e9cennies d&rsquo;entrepreneuriat au c\u0153ur du Brabant wallon"}]},{"@type":"WebSite","@id":"https:\/\/www.forbes.be\/fr\/#website","url":"https:\/\/www.forbes.be\/fr\/","name":"Forbes Belgique","description":"","publisher":{"@id":"https:\/\/www.forbes.be\/fr\/#organization"},"potentialAction":[{"@type":"SearchAction","target":{"@type":"EntryPoint","urlTemplate":"https:\/\/www.forbes.be\/fr\/?s={search_term_string}"},"query-input":{"@type":"PropertyValueSpecification","valueRequired":true,"valueName":"search_term_string"}}],"inLanguage":"fr-FR"},{"@type":"Organization","@id":"https:\/\/www.forbes.be\/fr\/#organization","name":"Forbes Belgique","url":"https:\/\/www.forbes.be\/fr\/","logo":{"@type":"ImageObject","inLanguage":"fr-FR","@id":"https:\/\/www.forbes.be\/fr\/#\/schema\/logo\/image\/","url":"https:\/\/www.forbes.be\/fr\/wp-content\/uploads\/2024\/02\/forbes.be_.png","contentUrl":"https:\/\/www.forbes.be\/fr\/wp-content\/uploads\/2024\/02\/forbes.be_.png","width":1200,"height":675,"caption":"Forbes Belgique"},"image":{"@id":"https:\/\/www.forbes.be\/fr\/#\/schema\/logo\/image\/"},"sameAs":["https:\/\/www.facebook.com\/forbesbelgique\/","https:\/\/www.instagram.com\/Forbes_Belgium","https:\/\/www.linkedin.com\/company\/forbes-belgium\/"]},{"@type":"Person","@id":"https:\/\/www.forbes.be\/fr\/#\/schema\/person\/5e9af5383f8e0ffec564788f40ac92c8","name":"Martin Boonen","image":{"@type":"ImageObject","inLanguage":"fr-FR","@id":"https:\/\/www.forbes.be\/fr\/wp-content\/uploads\/2025\/10\/capture-decran-2024-11-15-a-093849-300x300-1-100x100.png","url":"https:\/\/www.forbes.be\/fr\/wp-content\/uploads\/2025\/10\/capture-decran-2024-11-15-a-093849-300x300-1-100x100.png","contentUrl":"https:\/\/www.forbes.be\/fr\/wp-content\/uploads\/2025\/10\/capture-decran-2024-11-15-a-093849-300x300-1-100x100.png","caption":"Martin Boonen"},"description":"Martin Boonen est journaliste dipl\u00f4m\u00e9 de l'Institut de Journalisme de Bruxelles (2012). Il collabor\u00e9 avec de nombreuses r\u00e9dactions \u00e0 diff\u00e9rent niveau de responsabilit\u00e9 : journaliste, chef de rubrique, secr\u00e9taire de r\u00e9daction et r\u00e9dacteur en chef, tant sur le web que pour la presse imprim\u00e9e. Sp\u00e9cialis\u00e9 dans les startups et l'entrepreneuriat \u00e0 impact, il est devenu en 2025 r\u00e9dacteur en chef du site web de Forbes Belgique. Il est affili\u00e9 \u00e0 l'Organisation Mondiale de la Presse P\u00e9riodique depuis 2011.","sameAs":["https:\/\/www.linkedin.com\/in\/martin-boonen-61499951\/"],"url":"https:\/\/www.forbes.be\/fr\/author\/martin-boonen\/"}]}},"_links":{"self":[{"href":"https:\/\/www.forbes.be\/fr\/wp-json\/wp\/v2\/posts\/13494","targetHints":{"allow":["GET"]}}],"collection":[{"href":"https:\/\/www.forbes.be\/fr\/wp-json\/wp\/v2\/posts"}],"about":[{"href":"https:\/\/www.forbes.be\/fr\/wp-json\/wp\/v2\/types\/post"}],"author":[{"embeddable":true,"href":"https:\/\/www.forbes.be\/fr\/wp-json\/wp\/v2\/users\/47"}],"replies":[{"embeddable":true,"href":"https:\/\/www.forbes.be\/fr\/wp-json\/wp\/v2\/comments?post=13494"}],"version-history":[{"count":1,"href":"https:\/\/www.forbes.be\/fr\/wp-json\/wp\/v2\/posts\/13494\/revisions"}],"predecessor-version":[{"id":13499,"href":"https:\/\/www.forbes.be\/fr\/wp-json\/wp\/v2\/posts\/13494\/revisions\/13499"}],"wp:featuredmedia":[{"embeddable":true,"href":"https:\/\/www.forbes.be\/fr\/wp-json\/wp\/v2\/media\/13495"}],"wp:attachment":[{"href":"https:\/\/www.forbes.be\/fr\/wp-json\/wp\/v2\/media?parent=13494"}],"wp:term":[{"taxonomy":"category","embeddable":true,"href":"https:\/\/www.forbes.be\/fr\/wp-json\/wp\/v2\/categories?post=13494"},{"taxonomy":"post_tag","embeddable":true,"href":"https:\/\/www.forbes.be\/fr\/wp-json\/wp\/v2\/tags?post=13494"}],"curies":[{"name":"wp","href":"https:\/\/api.w.org\/{rel}","templated":true}]}}