{"id":13571,"date":"2025-11-21T15:30:08","date_gmt":"2025-11-21T14:30:08","guid":{"rendered":"https:\/\/www.forbes.be\/fr\/?p=13571"},"modified":"2025-11-20T14:55:16","modified_gmt":"2025-11-20T13:55:16","slug":"la-chapelle-musicale-etend-ses-activites-sur-le-domaine-dargenteuil","status":"publish","type":"post","link":"https:\/\/www.forbes.be\/fr\/la-chapelle-musicale-etend-ses-activites-sur-le-domaine-dargenteuil\/","title":{"rendered":"La Chapelle Musicale \u00e9tend ses activit\u00e9s sur le Domaine d\u2019Argenteuil"},"content":{"rendered":"<p><strong>La Chapelle Musicale Reine Elisabeth va \u00e9tendre ses activit\u00e9s\u00a0gr\u00e2ce \u00e0 l&rsquo;action\u00a0philanthropique de la famille P\u00e9rier-d&rsquo;Ieteren. Celle-ci va, par le biais du rachat de la soci\u00e9t\u00e9 du Domaine\u00a0d&rsquo;Argenteuil, mettre \u00e0 disposition cette propri\u00e9t\u00e9\u00a0exceptionnelle\u00a0pour faire rayonner le savoir-faire musical belge au niveau international.<\/strong><\/p>\n<p>Au terme de longues tractations entam\u00e9es il y a plus d&rsquo;un an d\u00e9j\u00e0 par le propri\u00e9taire avec la Chapelle Musicale, la famille P\u00e9rier-D\u2019Ieteren vient, <a href=\"https:\/\/www.spdg.be\/team\/\"><strong>via sa holding SPDG<\/strong><\/a>, de boucler un accord avec les h\u00e9ritiers de <a href=\"https:\/\/nl.wikipedia.org\/wiki\/Jean-Marie_Delwart\"><strong>Jean-Marie Delwart<\/strong><\/a> pour acqu\u00e9rir la <a href=\"https:\/\/fr.wikipedia.org\/wiki\/Domaine_d%27Argenteuil\">SA Domaine d\u2019Argenteuil<\/a> pour un montant avoisinant, selon nos estimations, 17 millions d&rsquo;euros. L\u2019objectif est de mettre rapidement le site \u00e0 la disposition de la Chapelle Musicale Reine Elisabeth dont le si\u00e8ge historique, devenu trop petit, se trouve en connexion directe sur le terrain voisin. Les visites des futurs occupants se sont d&rsquo;ailleurs acc\u00e9l\u00e9r\u00e9es ces derniers jours.<\/p>\n<p><img loading=\"lazy\" decoding=\"async\" class=\"size-full wp-image-13573\" src=\"https:\/\/www.forbes.be\/fr\/wp-content\/uploads\/2025\/11\/n-domainedargenteuil-juillet2024-qemc-mf-001.jpg\" alt=\"\" width=\"2048\" height=\"1151\" srcset=\"https:\/\/www.forbes.be\/fr\/wp-content\/uploads\/2025\/11\/n-domainedargenteuil-juillet2024-qemc-mf-001.jpg 2048w, https:\/\/www.forbes.be\/fr\/wp-content\/uploads\/2025\/11\/n-domainedargenteuil-juillet2024-qemc-mf-001-300x169.jpg 300w, https:\/\/www.forbes.be\/fr\/wp-content\/uploads\/2025\/11\/n-domainedargenteuil-juillet2024-qemc-mf-001-1024x576.jpg 1024w, https:\/\/www.forbes.be\/fr\/wp-content\/uploads\/2025\/11\/n-domainedargenteuil-juillet2024-qemc-mf-001-768x432.jpg 768w, https:\/\/www.forbes.be\/fr\/wp-content\/uploads\/2025\/11\/n-domainedargenteuil-juillet2024-qemc-mf-001-1536x863.jpg 1536w, https:\/\/www.forbes.be\/fr\/wp-content\/uploads\/2025\/11\/n-domainedargenteuil-juillet2024-qemc-mf-001-696x391.jpg 696w, https:\/\/www.forbes.be\/fr\/wp-content\/uploads\/2025\/11\/n-domainedargenteuil-juillet2024-qemc-mf-001-1068x600.jpg 1068w, https:\/\/www.forbes.be\/fr\/wp-content\/uploads\/2025\/11\/n-domainedargenteuil-juillet2024-qemc-mf-001-1920x1079.jpg 1920w, https:\/\/www.forbes.be\/fr\/wp-content\/uploads\/2025\/11\/n-domainedargenteuil-juillet2024-qemc-mf-001-600x337.jpg 600w\" sizes=\"auto, (max-width: 2048px) 100vw, 2048px\" \/><\/p>\n<p>Ancien domaine royal, le Domaine d\u2019Argenteuil est porteur d\u2019un riche h\u00e9ritage patrimonial et naturel, mais son entretien n&rsquo;est pas \u00e0 la port\u00e9e de toutes les bourses. Il avait \u00e9t\u00e9 rachet\u00e9 \u00e0 l\u2019\u00c9tat belge par l\u2019industriel et homme d\u2019affaires Jean-Marie Delwart en 2004. Amoureux de culture et de nature, celui-ci s\u2019\u00e9tait engag\u00e9 pour sa pr\u00e9servation et son d\u00e9veloppement. Avant son d\u00e9c\u00e8s survenu au mois de mars dernier, Jean-Marie Delwart avait entam\u00e9, avec le soutien discret du Palais Royal, un processus de revente du domaine et de ses d\u00e9pendances \u00e0 la Chapelle Musicale.<\/p>\n<p>Pour la direction de cette derni\u00e8re, l\u2019objectif vis\u00e9 est d\u2019y cr\u00e9er un campus musical international unique en Europe visant \u00e0 conforter la place de l\u2019institution dans le top mondial des centres musicaux d\u2019excellence. Avec ses 136 hectares de nature -dont une grande partie class\u00e9e Natura 2000-, le Domaine d\u2019Argenteuil est un site naturel d\u2019exception situ\u00e9 en lisi\u00e8re de la For\u00eat de Soignes. Il permettra \u00e0 la Chapelle Musicale d\u2019offrir \u00e0 ses 70 artistes en r\u00e9sidence originaires du monde entier une concentration optimale.<\/p>\n<figure id=\"attachment_13574\" aria-describedby=\"caption-attachment-13574\" style=\"width: 1366px\" class=\"wp-caption alignnone\"><img loading=\"lazy\" decoding=\"async\" class=\"size-full wp-image-13574\" src=\"https:\/\/www.forbes.be\/fr\/wp-content\/uploads\/2025\/11\/p-gregor-chapelle-et-anne-lise-parotte-mf.jpg\" alt=\"\" width=\"1366\" height=\"2048\" srcset=\"https:\/\/www.forbes.be\/fr\/wp-content\/uploads\/2025\/11\/p-gregor-chapelle-et-anne-lise-parotte-mf.jpg 1366w, https:\/\/www.forbes.be\/fr\/wp-content\/uploads\/2025\/11\/p-gregor-chapelle-et-anne-lise-parotte-mf-200x300.jpg 200w, https:\/\/www.forbes.be\/fr\/wp-content\/uploads\/2025\/11\/p-gregor-chapelle-et-anne-lise-parotte-mf-683x1024.jpg 683w, https:\/\/www.forbes.be\/fr\/wp-content\/uploads\/2025\/11\/p-gregor-chapelle-et-anne-lise-parotte-mf-768x1151.jpg 768w, https:\/\/www.forbes.be\/fr\/wp-content\/uploads\/2025\/11\/p-gregor-chapelle-et-anne-lise-parotte-mf-1025x1536.jpg 1025w, https:\/\/www.forbes.be\/fr\/wp-content\/uploads\/2025\/11\/p-gregor-chapelle-et-anne-lise-parotte-mf-696x1043.jpg 696w, https:\/\/www.forbes.be\/fr\/wp-content\/uploads\/2025\/11\/p-gregor-chapelle-et-anne-lise-parotte-mf-1068x1601.jpg 1068w, https:\/\/www.forbes.be\/fr\/wp-content\/uploads\/2025\/11\/p-gregor-chapelle-et-anne-lise-parotte-mf-600x900.jpg 600w\" sizes=\"auto, (max-width: 1366px) 100vw, 1366px\" \/><figcaption id=\"caption-attachment-13574\" class=\"wp-caption-text\">Gr\u00e9gor Chapelle, le CEO, et Anne-Lise Parotte, la directrice artistique de la Chapelle Musicale, r\u00e9unis dans un des salons du Domaine d&rsquo;Argenteuil.<\/figcaption><\/figure>\n<p>\u00ab\u00a0L\u2019acc\u00e8s au Domaine d\u2019Argenteuil permettra \u00e0 la Chapelle Musicale d\u2019envisager de nouveaux projets rendus difficiles aujourd\u2019hui par manque d\u2019espace en doublant sa capacit\u00e9 de logement d\u2019Artistes en r\u00e9sidence et de renforcer son offre de formation. Notre business plan \u00e0 long terme vise \u00e9galement \u00e0 une intensification de l\u2019offre de cours, de collaborations et un renforcement de l\u2019interdisciplinarit\u00e9 entre les six sections existantes (violon, piano, violoncelle, chant, alto et musique de chambre)\u00a0\u00bb, insiste <strong><a href=\"https:\/\/fr.wikipedia.org\/wiki\/Gr\u00e9gor_Chapelle\">Gr\u00e9gor Chapelle<\/a>, <\/strong>l\u2019administrateur d\u00e9l\u00e9gu\u00e9 des lieux, qui tient \u00e0 remercier au passage huit familles de donateurs qui couvriront 50% des frais d&rsquo;entretien du nouveau domaine. Quant au mobilier du roi L\u00e9opold III encore pr\u00e9sent dans les murs -quelque 160 pi\u00e8ces ont \u00e9t\u00e9 retrouv\u00e9es lors du dernier inventaire-, il servira \u00e0 am\u00e9nager en partie les espaces de vie.<\/p>\n<h3><strong>Phase exploratoire<\/strong><\/h3>\n<p><img loading=\"lazy\" decoding=\"async\" class=\"alignnone size-full wp-image-13576\" src=\"https:\/\/www.forbes.be\/fr\/wp-content\/uploads\/2025\/11\/z-batisseannexes-domainedargenteuil-juillet2024-qemc-mf-024.jpg\" alt=\"\" width=\"2000\" height=\"1333\" srcset=\"https:\/\/www.forbes.be\/fr\/wp-content\/uploads\/2025\/11\/z-batisseannexes-domainedargenteuil-juillet2024-qemc-mf-024.jpg 2000w, https:\/\/www.forbes.be\/fr\/wp-content\/uploads\/2025\/11\/z-batisseannexes-domainedargenteuil-juillet2024-qemc-mf-024-300x200.jpg 300w, https:\/\/www.forbes.be\/fr\/wp-content\/uploads\/2025\/11\/z-batisseannexes-domainedargenteuil-juillet2024-qemc-mf-024-1024x682.jpg 1024w, https:\/\/www.forbes.be\/fr\/wp-content\/uploads\/2025\/11\/z-batisseannexes-domainedargenteuil-juillet2024-qemc-mf-024-768x512.jpg 768w, https:\/\/www.forbes.be\/fr\/wp-content\/uploads\/2025\/11\/z-batisseannexes-domainedargenteuil-juillet2024-qemc-mf-024-1536x1024.jpg 1536w, https:\/\/www.forbes.be\/fr\/wp-content\/uploads\/2025\/11\/z-batisseannexes-domainedargenteuil-juillet2024-qemc-mf-024-696x464.jpg 696w, https:\/\/www.forbes.be\/fr\/wp-content\/uploads\/2025\/11\/z-batisseannexes-domainedargenteuil-juillet2024-qemc-mf-024-1068x712.jpg 1068w, https:\/\/www.forbes.be\/fr\/wp-content\/uploads\/2025\/11\/z-batisseannexes-domainedargenteuil-juillet2024-qemc-mf-024-1920x1280.jpg 1920w, https:\/\/www.forbes.be\/fr\/wp-content\/uploads\/2025\/11\/z-batisseannexes-domainedargenteuil-juillet2024-qemc-mf-024-600x400.jpg 600w\" sizes=\"auto, (max-width: 2000px) 100vw, 2000px\" \/>Prudent, Gr\u00e9gor Chapelle nous confie qu&rsquo;une phase pilote de trois ans permettra de tester plus pr\u00e9cis\u00e9ment les co\u00fbts de fonctionnement li\u00e9s \u00e0 l&rsquo;exploitation des murs, aux modalit\u00e9s d\u2019accueil des artistes et des ma\u00eetres en r\u00e9sidence, la planification des activit\u00e9s p\u00e9dagogiques et artistiques.<\/p>\n<p>Dans un premier temps, <strong>la mise \u00e0 disposition sera effective au 1er janvier 2026 <\/strong>par le biais d&rsquo;un bail locatif \u00ab\u00a0pour un montant symbolique\u00a0\u00bb. Au terme de cette p\u00e9riode probatoire, les nouveaux propri\u00e9taires proposent aux nouveaux r\u00e9sidents une animation durable des lieux par le biais d&rsquo;un <strong>bail emphyt\u00e9otique de 40 ans minimum<\/strong>.\u00a0La rentr\u00e9e de septembre 2026 devrait marquer l\u2019arriv\u00e9e des premiers artistes en r\u00e9sidence \u00e0 \u00e0 Argenteuil et le lancement officiel des activit\u00e9s artistiques et p\u00e9dagogiques sur le site.<\/p>\n<p>Une \u00e9valuation de la phase pilote planifi\u00e9e \u00e0 l&rsquo;horizon 2028 permettra de cadre l&rsquo;exploitation \u00e0 long terme du Domaine d\u2019Argenteuil sur base d\u2019un projet de conversion architecturale et environnementale \u00e9labor\u00e9 pendant cette phase exploratoire.\u00a0Le business plan revu et corrig\u00e9 \u00e0 l&rsquo;issue de cette p\u00e9riode d&rsquo;essai permettra de fixer avec pr\u00e9cision le montant des frais de fonctionnement n\u00e9cessaire et les sources de financement pour les couvrir, dont une partie sera couverte par les \u00e9v\u00e9nements organis\u00e9s in situ.<\/p>\n<p>Avec pr\u00e8s de 4.400 m\u00e8tres carr\u00e9s dans le b\u00e2timent principal et environ 1.500 m\u00e8tres carr\u00e9s dans les annexes, \u00e9curies et garages, les superficies de b\u00e2ti disponibles ouvrent de tr\u00e8s nombreuses possibilit\u00e9s. Les premi\u00e8res projections op\u00e9rationnelles permettent, moyennant quelques travaux, d\u2019envisager 19 chambres pour artistes en r\u00e9sidence enti\u00e8rement \u00e9quip\u00e9es et des espaces communs avec notamment une cuisine, une salle \u00e0 manger, un salon biblioth\u00e8que, un salon d\u2019\u00e9coute et de visionnage, et des espaces de d\u00e9tente.<\/p>\n<p>Mais l\u2019am\u00e9nagement d\u2019espaces de travail permettra \u00e9galement d\u2019accueillir sur le site 14 collaborateurs de la Chapelle Musicale dans de bonnes conditions en am\u00e9liorant significativement leur environnement professionnel, le site historique actuel n\u2019ayant pas \u00e9t\u00e9 con\u00e7u pour un usage intensif de ce type.<\/p>\n<p><img loading=\"lazy\" decoding=\"async\" class=\"alignnone size-full wp-image-13578\" src=\"https:\/\/www.forbes.be\/fr\/wp-content\/uploads\/2025\/11\/masterplan-3.jpg\" alt=\"\" width=\"1280\" height=\"720\" srcset=\"https:\/\/www.forbes.be\/fr\/wp-content\/uploads\/2025\/11\/masterplan-3.jpg 1280w, https:\/\/www.forbes.be\/fr\/wp-content\/uploads\/2025\/11\/masterplan-3-300x169.jpg 300w, https:\/\/www.forbes.be\/fr\/wp-content\/uploads\/2025\/11\/masterplan-3-1024x576.jpg 1024w, https:\/\/www.forbes.be\/fr\/wp-content\/uploads\/2025\/11\/masterplan-3-768x432.jpg 768w, https:\/\/www.forbes.be\/fr\/wp-content\/uploads\/2025\/11\/masterplan-3-696x392.jpg 696w, https:\/\/www.forbes.be\/fr\/wp-content\/uploads\/2025\/11\/masterplan-3-1068x601.jpg 1068w, https:\/\/www.forbes.be\/fr\/wp-content\/uploads\/2025\/11\/masterplan-3-600x338.jpg 600w\" sizes=\"auto, (max-width: 1280px) 100vw, 1280px\" \/><\/p>\n<p>\u00abEn rachetant le Domaine d\u2019Argenteuil, la famille P\u00e9rier-D\u2019Ieteren souhaite renforcer nos capacit\u00e9s actuelles, soutenir la formation \u00e0 l\u2019excellence musicale et le rayonnement de la Belgique dans le monde. Nous veillerons de notre c\u00f4t\u00e9 au d\u00e9veloppement de ce patrimoine immobilier historique unique en vue de prolonger son usage en le rendant technologiquement, environnementalement et socialement adapt\u00e9 \u00e0 ses affectations futures\u00bb, promet\u00a0<strong><a href=\"https:\/\/nl.wikipedia.org\/wiki\/Michel_Delbaere\">Michel Delbaere<\/a>, le pr\u00e9sident de la Chapelle Musicale Reine Elisabeth<\/strong>.<\/p>\n<h3><strong>Soutien des autorit\u00e9s publiques <\/strong><\/h3>\n<p><img loading=\"lazy\" decoding=\"async\" class=\"alignnone size-full wp-image-13579\" src=\"https:\/\/www.forbes.be\/fr\/wp-content\/uploads\/2025\/11\/masterplan-1.jpg\" alt=\"\" width=\"1280\" height=\"720\" srcset=\"https:\/\/www.forbes.be\/fr\/wp-content\/uploads\/2025\/11\/masterplan-1.jpg 1280w, https:\/\/www.forbes.be\/fr\/wp-content\/uploads\/2025\/11\/masterplan-1-300x169.jpg 300w, https:\/\/www.forbes.be\/fr\/wp-content\/uploads\/2025\/11\/masterplan-1-1024x576.jpg 1024w, https:\/\/www.forbes.be\/fr\/wp-content\/uploads\/2025\/11\/masterplan-1-768x432.jpg 768w, https:\/\/www.forbes.be\/fr\/wp-content\/uploads\/2025\/11\/masterplan-1-696x392.jpg 696w, https:\/\/www.forbes.be\/fr\/wp-content\/uploads\/2025\/11\/masterplan-1-1068x601.jpg 1068w, https:\/\/www.forbes.be\/fr\/wp-content\/uploads\/2025\/11\/masterplan-1-600x338.jpg 600w\" sizes=\"auto, (max-width: 1280px) 100vw, 1280px\" \/>De son c\u00f4t\u00e9, le Coll\u00e8ge provincial s\u2019engage \u00e0 assurer la coordination entre l\u2019ensemble des acteurs tant publics que priv\u00e9s qui seront parties prenantes dans la gestion du site naturel du domaine. A cet effet, un plan de gestion et de d\u00e9veloppement des espaces naturels du site de 136 hectares bois\u00e9 aux deux tiers, en concertation avec les acqu\u00e9reurs, Natagora, la Fondation pour la For\u00eat de Soignes, la Chapelle Musicale Reine Elisabeth et les autres autorit\u00e9s publiques concern\u00e9es sera mis en \u0153uvre.<\/p>\n","protected":false},"excerpt":{"rendered":"<p>La Chapelle Musicale Reine Elisabeth va \u00e9tendre ses activit\u00e9s\u00a0gr\u00e2ce \u00e0 l&rsquo;action\u00a0philanthropique de la famille P\u00e9rier-d&rsquo;Ieteren. Celle-ci va, par le biais du rachat de la soci\u00e9t\u00e9 du Domaine\u00a0d&rsquo;Argenteuil, mettre \u00e0 disposition cette propri\u00e9t\u00e9\u00a0exceptionnelle\u00a0pour faire rayonner le savoir-faire musical belge au niveau international. Au terme de longues tractations entam\u00e9es il y a plus d&rsquo;un an d\u00e9j\u00e0 par [&hellip;]<\/p>\n","protected":false},"author":15,"featured_media":13572,"comment_status":"closed","ping_status":"closed","sticky":false,"template":"","format":"standard","meta":{"_acf_changed":false,"inline_featured_image":false,"footnotes":""},"categories":[1,63,19,24,15],"tags":[],"class_list":{"0":"post-13571","1":"post","2":"type-post","3":"status-publish","4":"format-standard","5":"has-post-thumbnail","7":"category-actualite","8":"category-culture","9":"category-entrepreneurs","10":"category-immobilier","11":"category-leadership"},"acf":[],"_yoast_wpseo_title":null,"_yoast_wpseo_metadesc":null,"auteur_traducteur":"","yoast_head":"<!-- This site is optimized with the Yoast SEO plugin v27.4 - https:\/\/yoast.com\/product\/yoast-seo-wordpress\/ -->\n<title>La Chapelle Musicale \u00e9tend ses activit\u00e9s sur le Domaine d\u2019Argenteuil | Forbes Belgique<\/title>\n<meta name=\"robots\" content=\"index, follow, max-snippet:-1, max-image-preview:large, max-video-preview:-1\" \/>\n<link rel=\"canonical\" href=\"https:\/\/www.forbes.be\/fr\/la-chapelle-musicale-etend-ses-activites-sur-le-domaine-dargenteuil\/\" \/>\n<meta property=\"og:locale\" content=\"fr_FR\" \/>\n<meta property=\"og:type\" content=\"article\" \/>\n<meta property=\"og:title\" content=\"La Chapelle Musicale \u00e9tend ses activit\u00e9s sur le Domaine d\u2019Argenteuil | Forbes Belgique\" \/>\n<meta property=\"og:description\" content=\"La Chapelle Musicale Reine Elisabeth va \u00e9tendre ses activit\u00e9s\u00a0gr\u00e2ce \u00e0 l&rsquo;action\u00a0philanthropique de la famille P\u00e9rier-d&rsquo;Ieteren. Celle-ci va, par le biais du rachat de la soci\u00e9t\u00e9 du Domaine\u00a0d&rsquo;Argenteuil, mettre \u00e0 disposition cette propri\u00e9t\u00e9\u00a0exceptionnelle\u00a0pour faire rayonner le savoir-faire musical belge au niveau international. Au terme de longues tractations entam\u00e9es il y a plus d&rsquo;un an d\u00e9j\u00e0 par [&hellip;]\" \/>\n<meta property=\"og:url\" content=\"https:\/\/www.forbes.be\/fr\/la-chapelle-musicale-etend-ses-activites-sur-le-domaine-dargenteuil\/\" \/>\n<meta property=\"og:site_name\" content=\"Forbes Belgique\" \/>\n<meta property=\"article:publisher\" content=\"https:\/\/www.facebook.com\/forbesbelgique\/\" \/>\n<meta property=\"article:published_time\" content=\"2025-11-21T14:30:08+00:00\" \/>\n<meta property=\"og:image\" content=\"https:\/\/www.forbes.be\/fr\/wp-content\/uploads\/2025\/11\/z-batisseannexes-domainedargenteuil-juillet2024-qemc-mf-067.jpg\" \/>\n\t<meta property=\"og:image:width\" content=\"2000\" \/>\n\t<meta property=\"og:image:height\" content=\"1333\" \/>\n\t<meta property=\"og:image:type\" content=\"image\/jpeg\" \/>\n<meta name=\"author\" content=\"Philippe Coul\u00e9e\" \/>\n<meta name=\"twitter:card\" content=\"summary_large_image\" \/>\n<meta name=\"twitter:label1\" content=\"\u00c9crit par\" \/>\n\t<meta name=\"twitter:data1\" content=\"Philippe Coul\u00e9e\" \/>\n\t<meta name=\"twitter:label2\" content=\"Dur\u00e9e de lecture estim\u00e9e\" \/>\n\t<meta name=\"twitter:data2\" content=\"7 minutes\" \/>\n<script type=\"application\/ld+json\" class=\"yoast-schema-graph\">{\"@context\":\"https:\\\/\\\/schema.org\",\"@graph\":[{\"@type\":\"NewsArticle\",\"@id\":\"https:\\\/\\\/www.forbes.be\\\/fr\\\/la-chapelle-musicale-etend-ses-activites-sur-le-domaine-dargenteuil\\\/#article\",\"isPartOf\":{\"@id\":\"https:\\\/\\\/www.forbes.be\\\/fr\\\/la-chapelle-musicale-etend-ses-activites-sur-le-domaine-dargenteuil\\\/\"},\"author\":{\"name\":\"Philippe Coul\u00e9e\",\"@id\":\"https:\\\/\\\/www.forbes.be\\\/fr\\\/#\\\/schema\\\/person\\\/22bfc3335e560f4084ef5af17ecdad87\"},\"headline\":\"La Chapelle Musicale \u00e9tend ses activit\u00e9s sur le Domaine d\u2019Argenteuil\",\"datePublished\":\"2025-11-21T14:30:08+00:00\",\"mainEntityOfPage\":{\"@id\":\"https:\\\/\\\/www.forbes.be\\\/fr\\\/la-chapelle-musicale-etend-ses-activites-sur-le-domaine-dargenteuil\\\/\"},\"wordCount\":1057,\"publisher\":{\"@id\":\"https:\\\/\\\/www.forbes.be\\\/fr\\\/#organization\"},\"image\":{\"@id\":\"https:\\\/\\\/www.forbes.be\\\/fr\\\/la-chapelle-musicale-etend-ses-activites-sur-le-domaine-dargenteuil\\\/#primaryimage\"},\"thumbnailUrl\":\"https:\\\/\\\/www.forbes.be\\\/fr\\\/wp-content\\\/uploads\\\/2025\\\/11\\\/z-batisseannexes-domainedargenteuil-juillet2024-qemc-mf-067.jpg\",\"articleSection\":[\"Actualit\u00e9s\",\"Culture\",\"Entrepreneurs\",\"Immobilier\",\"Leadership\"],\"inLanguage\":\"fr-FR\"},{\"@type\":\"WebPage\",\"@id\":\"https:\\\/\\\/www.forbes.be\\\/fr\\\/la-chapelle-musicale-etend-ses-activites-sur-le-domaine-dargenteuil\\\/\",\"url\":\"https:\\\/\\\/www.forbes.be\\\/fr\\\/la-chapelle-musicale-etend-ses-activites-sur-le-domaine-dargenteuil\\\/\",\"name\":\"La Chapelle Musicale \u00e9tend ses activit\u00e9s sur le Domaine d\u2019Argenteuil | Forbes Belgique\",\"isPartOf\":{\"@id\":\"https:\\\/\\\/www.forbes.be\\\/fr\\\/#website\"},\"primaryImageOfPage\":{\"@id\":\"https:\\\/\\\/www.forbes.be\\\/fr\\\/la-chapelle-musicale-etend-ses-activites-sur-le-domaine-dargenteuil\\\/#primaryimage\"},\"image\":{\"@id\":\"https:\\\/\\\/www.forbes.be\\\/fr\\\/la-chapelle-musicale-etend-ses-activites-sur-le-domaine-dargenteuil\\\/#primaryimage\"},\"thumbnailUrl\":\"https:\\\/\\\/www.forbes.be\\\/fr\\\/wp-content\\\/uploads\\\/2025\\\/11\\\/z-batisseannexes-domainedargenteuil-juillet2024-qemc-mf-067.jpg\",\"datePublished\":\"2025-11-21T14:30:08+00:00\",\"breadcrumb\":{\"@id\":\"https:\\\/\\\/www.forbes.be\\\/fr\\\/la-chapelle-musicale-etend-ses-activites-sur-le-domaine-dargenteuil\\\/#breadcrumb\"},\"inLanguage\":\"fr-FR\",\"potentialAction\":[{\"@type\":\"ReadAction\",\"target\":[\"https:\\\/\\\/www.forbes.be\\\/fr\\\/la-chapelle-musicale-etend-ses-activites-sur-le-domaine-dargenteuil\\\/\"]}]},{\"@type\":\"ImageObject\",\"inLanguage\":\"fr-FR\",\"@id\":\"https:\\\/\\\/www.forbes.be\\\/fr\\\/la-chapelle-musicale-etend-ses-activites-sur-le-domaine-dargenteuil\\\/#primaryimage\",\"url\":\"https:\\\/\\\/www.forbes.be\\\/fr\\\/wp-content\\\/uploads\\\/2025\\\/11\\\/z-batisseannexes-domainedargenteuil-juillet2024-qemc-mf-067.jpg\",\"contentUrl\":\"https:\\\/\\\/www.forbes.be\\\/fr\\\/wp-content\\\/uploads\\\/2025\\\/11\\\/z-batisseannexes-domainedargenteuil-juillet2024-qemc-mf-067.jpg\",\"width\":2000,\"height\":1333},{\"@type\":\"BreadcrumbList\",\"@id\":\"https:\\\/\\\/www.forbes.be\\\/fr\\\/la-chapelle-musicale-etend-ses-activites-sur-le-domaine-dargenteuil\\\/#breadcrumb\",\"itemListElement\":[{\"@type\":\"ListItem\",\"position\":1,\"name\":\"Accueil\",\"item\":\"https:\\\/\\\/www.forbes.be\\\/fr\\\/\"},{\"@type\":\"ListItem\",\"position\":2,\"name\":\"La Chapelle Musicale \u00e9tend ses activit\u00e9s sur le Domaine d\u2019Argenteuil\"}]},{\"@type\":\"WebSite\",\"@id\":\"https:\\\/\\\/www.forbes.be\\\/fr\\\/#website\",\"url\":\"https:\\\/\\\/www.forbes.be\\\/fr\\\/\",\"name\":\"Forbes Belgique\",\"description\":\"\",\"publisher\":{\"@id\":\"https:\\\/\\\/www.forbes.be\\\/fr\\\/#organization\"},\"potentialAction\":[{\"@type\":\"SearchAction\",\"target\":{\"@type\":\"EntryPoint\",\"urlTemplate\":\"https:\\\/\\\/www.forbes.be\\\/fr\\\/?s={search_term_string}\"},\"query-input\":{\"@type\":\"PropertyValueSpecification\",\"valueRequired\":true,\"valueName\":\"search_term_string\"}}],\"inLanguage\":\"fr-FR\"},{\"@type\":\"Organization\",\"@id\":\"https:\\\/\\\/www.forbes.be\\\/fr\\\/#organization\",\"name\":\"Forbes Belgique\",\"url\":\"https:\\\/\\\/www.forbes.be\\\/fr\\\/\",\"logo\":{\"@type\":\"ImageObject\",\"inLanguage\":\"fr-FR\",\"@id\":\"https:\\\/\\\/www.forbes.be\\\/fr\\\/#\\\/schema\\\/logo\\\/image\\\/\",\"url\":\"https:\\\/\\\/www.forbes.be\\\/fr\\\/wp-content\\\/uploads\\\/2024\\\/02\\\/forbes.be_.png\",\"contentUrl\":\"https:\\\/\\\/www.forbes.be\\\/fr\\\/wp-content\\\/uploads\\\/2024\\\/02\\\/forbes.be_.png\",\"width\":1200,\"height\":675,\"caption\":\"Forbes Belgique\"},\"image\":{\"@id\":\"https:\\\/\\\/www.forbes.be\\\/fr\\\/#\\\/schema\\\/logo\\\/image\\\/\"},\"sameAs\":[\"https:\\\/\\\/www.facebook.com\\\/forbesbelgique\\\/\",\"https:\\\/\\\/www.instagram.com\\\/Forbes_Belgium\",\"https:\\\/\\\/www.linkedin.com\\\/company\\\/forbes-belgium\\\/\"]},{\"@type\":\"Person\",\"@id\":\"https:\\\/\\\/www.forbes.be\\\/fr\\\/#\\\/schema\\\/person\\\/22bfc3335e560f4084ef5af17ecdad87\",\"name\":\"Philippe Coul\u00e9e\",\"image\":{\"@type\":\"ImageObject\",\"inLanguage\":\"fr-FR\",\"@id\":\"https:\\\/\\\/www.forbes.be\\\/fr\\\/wp-content\\\/uploads\\\/2024\\\/01\\\/unnamed-150x150.jpg\",\"url\":\"https:\\\/\\\/www.forbes.be\\\/fr\\\/wp-content\\\/uploads\\\/2024\\\/01\\\/unnamed-150x150.jpg\",\"contentUrl\":\"https:\\\/\\\/www.forbes.be\\\/fr\\\/wp-content\\\/uploads\\\/2024\\\/01\\\/unnamed-150x150.jpg\",\"caption\":\"Philippe Coul\u00e9e\"},\"url\":\"https:\\\/\\\/www.forbes.be\\\/fr\\\/author\\\/philippe-couleeicloud-com\\\/\"}]}<\/script>\n<!-- \/ Yoast SEO plugin. -->","yoast_head_json":{"title":"La Chapelle Musicale \u00e9tend ses activit\u00e9s sur le Domaine d\u2019Argenteuil | Forbes Belgique","robots":{"index":"index","follow":"follow","max-snippet":"max-snippet:-1","max-image-preview":"max-image-preview:large","max-video-preview":"max-video-preview:-1"},"canonical":"https:\/\/www.forbes.be\/fr\/la-chapelle-musicale-etend-ses-activites-sur-le-domaine-dargenteuil\/","og_locale":"fr_FR","og_type":"article","og_title":"La Chapelle Musicale \u00e9tend ses activit\u00e9s sur le Domaine d\u2019Argenteuil | Forbes Belgique","og_description":"La Chapelle Musicale Reine Elisabeth va \u00e9tendre ses activit\u00e9s\u00a0gr\u00e2ce \u00e0 l&rsquo;action\u00a0philanthropique de la famille P\u00e9rier-d&rsquo;Ieteren. Celle-ci va, par le biais du rachat de la soci\u00e9t\u00e9 du Domaine\u00a0d&rsquo;Argenteuil, mettre \u00e0 disposition cette propri\u00e9t\u00e9\u00a0exceptionnelle\u00a0pour faire rayonner le savoir-faire musical belge au niveau international. Au terme de longues tractations entam\u00e9es il y a plus d&rsquo;un an d\u00e9j\u00e0 par [&hellip;]","og_url":"https:\/\/www.forbes.be\/fr\/la-chapelle-musicale-etend-ses-activites-sur-le-domaine-dargenteuil\/","og_site_name":"Forbes Belgique","article_publisher":"https:\/\/www.facebook.com\/forbesbelgique\/","article_published_time":"2025-11-21T14:30:08+00:00","og_image":[{"width":2000,"height":1333,"url":"https:\/\/www.forbes.be\/fr\/wp-content\/uploads\/2025\/11\/z-batisseannexes-domainedargenteuil-juillet2024-qemc-mf-067.jpg","type":"image\/jpeg"}],"author":"Philippe Coul\u00e9e","twitter_card":"summary_large_image","twitter_misc":{"\u00c9crit par":"Philippe Coul\u00e9e","Dur\u00e9e de lecture estim\u00e9e":"7 minutes"},"schema":{"@context":"https:\/\/schema.org","@graph":[{"@type":"NewsArticle","@id":"https:\/\/www.forbes.be\/fr\/la-chapelle-musicale-etend-ses-activites-sur-le-domaine-dargenteuil\/#article","isPartOf":{"@id":"https:\/\/www.forbes.be\/fr\/la-chapelle-musicale-etend-ses-activites-sur-le-domaine-dargenteuil\/"},"author":{"name":"Philippe Coul\u00e9e","@id":"https:\/\/www.forbes.be\/fr\/#\/schema\/person\/22bfc3335e560f4084ef5af17ecdad87"},"headline":"La Chapelle Musicale \u00e9tend ses activit\u00e9s sur le Domaine d\u2019Argenteuil","datePublished":"2025-11-21T14:30:08+00:00","mainEntityOfPage":{"@id":"https:\/\/www.forbes.be\/fr\/la-chapelle-musicale-etend-ses-activites-sur-le-domaine-dargenteuil\/"},"wordCount":1057,"publisher":{"@id":"https:\/\/www.forbes.be\/fr\/#organization"},"image":{"@id":"https:\/\/www.forbes.be\/fr\/la-chapelle-musicale-etend-ses-activites-sur-le-domaine-dargenteuil\/#primaryimage"},"thumbnailUrl":"https:\/\/www.forbes.be\/fr\/wp-content\/uploads\/2025\/11\/z-batisseannexes-domainedargenteuil-juillet2024-qemc-mf-067.jpg","articleSection":["Actualit\u00e9s","Culture","Entrepreneurs","Immobilier","Leadership"],"inLanguage":"fr-FR"},{"@type":"WebPage","@id":"https:\/\/www.forbes.be\/fr\/la-chapelle-musicale-etend-ses-activites-sur-le-domaine-dargenteuil\/","url":"https:\/\/www.forbes.be\/fr\/la-chapelle-musicale-etend-ses-activites-sur-le-domaine-dargenteuil\/","name":"La Chapelle Musicale \u00e9tend ses activit\u00e9s sur le Domaine d\u2019Argenteuil | Forbes Belgique","isPartOf":{"@id":"https:\/\/www.forbes.be\/fr\/#website"},"primaryImageOfPage":{"@id":"https:\/\/www.forbes.be\/fr\/la-chapelle-musicale-etend-ses-activites-sur-le-domaine-dargenteuil\/#primaryimage"},"image":{"@id":"https:\/\/www.forbes.be\/fr\/la-chapelle-musicale-etend-ses-activites-sur-le-domaine-dargenteuil\/#primaryimage"},"thumbnailUrl":"https:\/\/www.forbes.be\/fr\/wp-content\/uploads\/2025\/11\/z-batisseannexes-domainedargenteuil-juillet2024-qemc-mf-067.jpg","datePublished":"2025-11-21T14:30:08+00:00","breadcrumb":{"@id":"https:\/\/www.forbes.be\/fr\/la-chapelle-musicale-etend-ses-activites-sur-le-domaine-dargenteuil\/#breadcrumb"},"inLanguage":"fr-FR","potentialAction":[{"@type":"ReadAction","target":["https:\/\/www.forbes.be\/fr\/la-chapelle-musicale-etend-ses-activites-sur-le-domaine-dargenteuil\/"]}]},{"@type":"ImageObject","inLanguage":"fr-FR","@id":"https:\/\/www.forbes.be\/fr\/la-chapelle-musicale-etend-ses-activites-sur-le-domaine-dargenteuil\/#primaryimage","url":"https:\/\/www.forbes.be\/fr\/wp-content\/uploads\/2025\/11\/z-batisseannexes-domainedargenteuil-juillet2024-qemc-mf-067.jpg","contentUrl":"https:\/\/www.forbes.be\/fr\/wp-content\/uploads\/2025\/11\/z-batisseannexes-domainedargenteuil-juillet2024-qemc-mf-067.jpg","width":2000,"height":1333},{"@type":"BreadcrumbList","@id":"https:\/\/www.forbes.be\/fr\/la-chapelle-musicale-etend-ses-activites-sur-le-domaine-dargenteuil\/#breadcrumb","itemListElement":[{"@type":"ListItem","position":1,"name":"Accueil","item":"https:\/\/www.forbes.be\/fr\/"},{"@type":"ListItem","position":2,"name":"La Chapelle Musicale \u00e9tend ses activit\u00e9s sur le Domaine d\u2019Argenteuil"}]},{"@type":"WebSite","@id":"https:\/\/www.forbes.be\/fr\/#website","url":"https:\/\/www.forbes.be\/fr\/","name":"Forbes Belgique","description":"","publisher":{"@id":"https:\/\/www.forbes.be\/fr\/#organization"},"potentialAction":[{"@type":"SearchAction","target":{"@type":"EntryPoint","urlTemplate":"https:\/\/www.forbes.be\/fr\/?s={search_term_string}"},"query-input":{"@type":"PropertyValueSpecification","valueRequired":true,"valueName":"search_term_string"}}],"inLanguage":"fr-FR"},{"@type":"Organization","@id":"https:\/\/www.forbes.be\/fr\/#organization","name":"Forbes Belgique","url":"https:\/\/www.forbes.be\/fr\/","logo":{"@type":"ImageObject","inLanguage":"fr-FR","@id":"https:\/\/www.forbes.be\/fr\/#\/schema\/logo\/image\/","url":"https:\/\/www.forbes.be\/fr\/wp-content\/uploads\/2024\/02\/forbes.be_.png","contentUrl":"https:\/\/www.forbes.be\/fr\/wp-content\/uploads\/2024\/02\/forbes.be_.png","width":1200,"height":675,"caption":"Forbes Belgique"},"image":{"@id":"https:\/\/www.forbes.be\/fr\/#\/schema\/logo\/image\/"},"sameAs":["https:\/\/www.facebook.com\/forbesbelgique\/","https:\/\/www.instagram.com\/Forbes_Belgium","https:\/\/www.linkedin.com\/company\/forbes-belgium\/"]},{"@type":"Person","@id":"https:\/\/www.forbes.be\/fr\/#\/schema\/person\/22bfc3335e560f4084ef5af17ecdad87","name":"Philippe Coul\u00e9e","image":{"@type":"ImageObject","inLanguage":"fr-FR","@id":"https:\/\/www.forbes.be\/fr\/wp-content\/uploads\/2024\/01\/unnamed-150x150.jpg","url":"https:\/\/www.forbes.be\/fr\/wp-content\/uploads\/2024\/01\/unnamed-150x150.jpg","contentUrl":"https:\/\/www.forbes.be\/fr\/wp-content\/uploads\/2024\/01\/unnamed-150x150.jpg","caption":"Philippe Coul\u00e9e"},"url":"https:\/\/www.forbes.be\/fr\/author\/philippe-couleeicloud-com\/"}]}},"_links":{"self":[{"href":"https:\/\/www.forbes.be\/fr\/wp-json\/wp\/v2\/posts\/13571","targetHints":{"allow":["GET"]}}],"collection":[{"href":"https:\/\/www.forbes.be\/fr\/wp-json\/wp\/v2\/posts"}],"about":[{"href":"https:\/\/www.forbes.be\/fr\/wp-json\/wp\/v2\/types\/post"}],"author":[{"embeddable":true,"href":"https:\/\/www.forbes.be\/fr\/wp-json\/wp\/v2\/users\/15"}],"replies":[{"embeddable":true,"href":"https:\/\/www.forbes.be\/fr\/wp-json\/wp\/v2\/comments?post=13571"}],"version-history":[{"count":7,"href":"https:\/\/www.forbes.be\/fr\/wp-json\/wp\/v2\/posts\/13571\/revisions"}],"predecessor-version":[{"id":13602,"href":"https:\/\/www.forbes.be\/fr\/wp-json\/wp\/v2\/posts\/13571\/revisions\/13602"}],"wp:featuredmedia":[{"embeddable":true,"href":"https:\/\/www.forbes.be\/fr\/wp-json\/wp\/v2\/media\/13572"}],"wp:attachment":[{"href":"https:\/\/www.forbes.be\/fr\/wp-json\/wp\/v2\/media?parent=13571"}],"wp:term":[{"taxonomy":"category","embeddable":true,"href":"https:\/\/www.forbes.be\/fr\/wp-json\/wp\/v2\/categories?post=13571"},{"taxonomy":"post_tag","embeddable":true,"href":"https:\/\/www.forbes.be\/fr\/wp-json\/wp\/v2\/tags?post=13571"}],"curies":[{"name":"wp","href":"https:\/\/api.w.org\/{rel}","templated":true}]}}