{"id":13682,"date":"2025-11-21T13:32:01","date_gmt":"2025-11-21T12:32:01","guid":{"rendered":"https:\/\/www.forbes.be\/fr\/?p=13682"},"modified":"2025-11-25T18:01:14","modified_gmt":"2025-11-25T17:01:14","slug":"ouverture-de-la-luxembourg-art-week","status":"publish","type":"post","link":"https:\/\/www.forbes.be\/fr\/ouverture-de-la-luxembourg-art-week\/","title":{"rendered":"Ouverture de Luxembourg Art Week"},"content":{"rendered":"<p><b>Pour sa 11<\/b><b>e<\/b><b> \u00e9dition, la \u00ab LAW \u00bb, grande foire d\u2019art luxembourgeoise, re\u00e7oit 20 galeries belges.\u00a0<\/b><\/p>\n<p><span style=\"font-weight: 400;\">Sur les 77 galeries de cette \u00e9dition 2025, ce sont pas moins de 20 galeries belges qui ont plant\u00e9 leur stand au Champ du Glacis, \u00e0 Luxembourg. Parmi elles, trois sont nouvelles :\u00a0 Avee, fond\u00e9e en juillet 2019 \u00e0 Courtrai, un \u00ab artist-run space \u00bb qui soutient des inconnus, des incompris, des oubli\u00e9s (ici, six artistes implant\u00e9s en Belgique), EDJi et le Hangar. (Bruxelles).\u00a0<\/span><\/p>\n<p><span style=\"font-weight: 400;\">Parmi les piliers, Nosbaum Reding, fond\u00e9e en 2001 par V\u00e9ronique Nosbaum et Alex Reding (\u00e9galement fondateur de la LAW), puis \u00e0 Bruxelles en septembre 2021, mettra notamment en lumi\u00e8re les Belges Stefaan De Croock et Ronny Delrue. Eva Steynen Gallery propose une exposition collective, avec les peintures et sculptures des Belges\u00a0 Jan Verbruggen et Nel Bonte. Fond\u00e9e \u00e0 Anvers en 2015 par le collectionneur Elie Sch\u00f6nfeld, Sch\u00f6nfeld, install\u00e9e en 2018 au Rivoli Brussels cultive l\u2019inattendu, avec un accent sur le dessin et la recherche sur papier, par exemple avec l\u2019Anversois Jesse Willems. \u00c9galement au Rivoli, Zwart Huis privil\u00e9gie la sc\u00e8ne belge avec Stefan Peters, Jan De Vliegher et Yves Beaumont. De Zutter (Knokke) se consacre au groupe CoBrA. Et Stems Gallery, fond\u00e9e en 2015 \u00e0 Bruxelles par Pascaline et Guillaume Smets, introduira des talents am\u00e9ricains et cor\u00e9ens au public europ\u00e9en (\u00e0 Luxembourg, il s\u2019agit de Nick Doyle et Aryo Toh Djojo, et Jin Young Jeong). Depuis 2021, Gr\u00e8ge Gallery, qui conjugue art, architecture et mobilier dans des serres priv\u00e9es, des ch\u00e2teaux ou son espace rue Saint-Jean-N\u00e9pomuc\u00e8ne, se centre sur des artistes \u00e9mergents (Chidy Wayne, Laura Pasquino, Juliette Lemontey et Silvia de Marchi). Et depuis 2019, <\/span><i><span style=\"font-weight: 400;\">LAGE EGAL<\/span><\/i><span style=\"font-weight: 400;\"> (ou \u00ab le lieu n\u2019a pas d\u2019importance \u00bb) prolonge sa pratique underground sur un mode nomade depuis 2024, \u00e0 Bruxelles, avec curateurs ind\u00e9pendants, collectifs et lieux alternatifs.\u00a0<\/span><\/p>\n<p><img loading=\"lazy\" decoding=\"async\" class=\"aligncenter size-large wp-image-13684\" src=\"https:\/\/www.forbes.be\/fr\/wp-content\/uploads\/2025\/11\/whatsapp-image-2025-11-21-a-115919-7c98640c-1024x682.jpg\" alt=\"Luxembourg art week\" width=\"696\" height=\"464\" srcset=\"https:\/\/www.forbes.be\/fr\/wp-content\/uploads\/2025\/11\/whatsapp-image-2025-11-21-a-115919-7c98640c-1024x682.jpg 1024w, https:\/\/www.forbes.be\/fr\/wp-content\/uploads\/2025\/11\/whatsapp-image-2025-11-21-a-115919-7c98640c-300x200.jpg 300w, https:\/\/www.forbes.be\/fr\/wp-content\/uploads\/2025\/11\/whatsapp-image-2025-11-21-a-115919-7c98640c-768x512.jpg 768w, https:\/\/www.forbes.be\/fr\/wp-content\/uploads\/2025\/11\/whatsapp-image-2025-11-21-a-115919-7c98640c-1536x1023.jpg 1536w, https:\/\/www.forbes.be\/fr\/wp-content\/uploads\/2025\/11\/whatsapp-image-2025-11-21-a-115919-7c98640c-696x464.jpg 696w, https:\/\/www.forbes.be\/fr\/wp-content\/uploads\/2025\/11\/whatsapp-image-2025-11-21-a-115919-7c98640c-1068x712.jpg 1068w, https:\/\/www.forbes.be\/fr\/wp-content\/uploads\/2025\/11\/whatsapp-image-2025-11-21-a-115919-7c98640c-600x400.jpg 600w, https:\/\/www.forbes.be\/fr\/wp-content\/uploads\/2025\/11\/whatsapp-image-2025-11-21-a-115919-7c98640c.jpg 1600w\" sizes=\"auto, (max-width: 696px) 100vw, 696px\" \/><\/p>\n<p><span style=\"font-weight: 400;\">Cette ann\u00e9e, le Qu\u00e9bec est mis \u00e0 l\u2019honneur, notamment avec le solo show de J\u00e9r\u00f4me Bouchard, Canadien install\u00e9 en Belgique, qui pr\u00e9pare aussi une exposition personnelle au Centre d\u2019art contemporain du Luxembourg belge.<\/span><\/p>\n<p><span style=\"font-weight: 400;\">Enfin, pendant la foire, \u00e0 Esch, la Konschthal, espace d\u2019art contemporain, expose aussi vingt \u0153uvres vid\u00e9o de l\u2019artiste belge David Claerbout, dont une installation in\u00e9dite, <\/span><i><span style=\"font-weight: 400;\">The woodcarver and the forest<\/span><\/i><span style=\"font-weight: 400;\"> (le sculpteur sur bois et la for\u00eat), o\u00f9 la qui\u00e9tude d\u2019un paysage cache une machine de d\u00e9forestation.<\/span><\/p>\n<p><a href=\"http:\/\/www.luxembourgartweek.lu\"><span style=\"font-weight: 400;\">www.luxembourgartweek.lu<\/span><\/a><\/p>\n<p><span style=\"font-weight: 400;\">21-23.11.25<\/span><\/p>\n","protected":false},"excerpt":{"rendered":"<p>Pour sa 11e \u00e9dition, la \u00ab LAW \u00bb, grande foire d\u2019art luxembourgeoise, re\u00e7oit 20 galeries belges.\u00a0 Sur les 77 galeries de cette \u00e9dition 2025, ce sont pas moins de 20 galeries belges qui ont plant\u00e9 leur stand au Champ du Glacis, \u00e0 Luxembourg. Parmi elles, trois sont nouvelles :\u00a0 Avee, fond\u00e9e en juillet 2019 \u00e0 [&hellip;]<\/p>\n","protected":false},"author":27,"featured_media":13683,"comment_status":"closed","ping_status":"closed","sticky":false,"template":"","format":"standard","meta":{"_acf_changed":false,"inline_featured_image":false,"footnotes":""},"categories":[63],"tags":[],"class_list":{"0":"post-13682","1":"post","2":"type-post","3":"status-publish","4":"format-standard","5":"has-post-thumbnail","7":"category-culture"},"acf":[],"_yoast_wpseo_title":null,"_yoast_wpseo_metadesc":"Pour sa 11e \u00e9dition, la \u00ab\u00a0LAW\u00a0\u00bb, grande foire d\u2019art luxembourgeoise, re\u00e7oit 17 galeries belges.\u00a0","auteur_traducteur":"","yoast_head":"<!-- This site is optimized with the Yoast SEO plugin v27.4 - https:\/\/yoast.com\/product\/yoast-seo-wordpress\/ -->\n<title>Ouverture de Luxembourg Art Week | Forbes Belgique<\/title>\n<meta name=\"description\" content=\"Pour sa 11e \u00e9dition, la \u00ab\u00a0LAW\u00a0\u00bb, grande foire d\u2019art luxembourgeoise, re\u00e7oit 17 galeries belges.\u00a0\" \/>\n<meta name=\"robots\" content=\"index, follow, max-snippet:-1, max-image-preview:large, max-video-preview:-1\" \/>\n<link rel=\"canonical\" href=\"https:\/\/www.forbes.be\/fr\/ouverture-de-la-luxembourg-art-week\/\" \/>\n<meta property=\"og:locale\" content=\"fr_FR\" \/>\n<meta property=\"og:type\" content=\"article\" \/>\n<meta property=\"og:title\" content=\"Ouverture de Luxembourg Art Week | Forbes Belgique\" \/>\n<meta property=\"og:description\" content=\"Pour sa 11e \u00e9dition, la \u00ab\u00a0LAW\u00a0\u00bb, grande foire d\u2019art luxembourgeoise, re\u00e7oit 17 galeries belges.\u00a0\" \/>\n<meta property=\"og:url\" content=\"https:\/\/www.forbes.be\/fr\/ouverture-de-la-luxembourg-art-week\/\" \/>\n<meta property=\"og:site_name\" content=\"Forbes Belgique\" \/>\n<meta property=\"article:publisher\" content=\"https:\/\/www.facebook.com\/forbesbelgique\/\" \/>\n<meta property=\"article:published_time\" content=\"2025-11-21T12:32:01+00:00\" \/>\n<meta property=\"article:modified_time\" content=\"2025-11-25T17:01:14+00:00\" \/>\n<meta property=\"og:image\" content=\"https:\/\/www.forbes.be\/fr\/wp-content\/uploads\/2025\/11\/whatsapp-image-2025-11-21-a-115928-ff77eb19.jpg\" \/>\n\t<meta property=\"og:image:width\" content=\"1600\" \/>\n\t<meta property=\"og:image:height\" content=\"1066\" \/>\n\t<meta property=\"og:image:type\" content=\"image\/jpeg\" \/>\n<meta name=\"author\" content=\"Johan-Fr\u00e9d\u00e9rik Hel Guedj\" \/>\n<meta name=\"twitter:card\" content=\"summary_large_image\" \/>\n<meta name=\"twitter:label1\" content=\"\u00c9crit par\" \/>\n\t<meta name=\"twitter:data1\" content=\"Johan-Fr\u00e9d\u00e9rik Hel Guedj\" \/>\n\t<meta name=\"twitter:label2\" content=\"Dur\u00e9e de lecture estim\u00e9e\" \/>\n\t<meta name=\"twitter:data2\" content=\"3 minutes\" \/>\n<script type=\"application\/ld+json\" class=\"yoast-schema-graph\">{\"@context\":\"https:\\\/\\\/schema.org\",\"@graph\":[{\"@type\":\"NewsArticle\",\"@id\":\"https:\\\/\\\/www.forbes.be\\\/fr\\\/ouverture-de-la-luxembourg-art-week\\\/#article\",\"isPartOf\":{\"@id\":\"https:\\\/\\\/www.forbes.be\\\/fr\\\/ouverture-de-la-luxembourg-art-week\\\/\"},\"author\":{\"name\":\"Johan-Fr\u00e9d\u00e9rik Hel Guedj\",\"@id\":\"https:\\\/\\\/www.forbes.be\\\/fr\\\/#\\\/schema\\\/person\\\/ad1bb0e83419af89356b7b11a6622c80\"},\"headline\":\"Ouverture de Luxembourg Art Week\",\"datePublished\":\"2025-11-21T12:32:01+00:00\",\"dateModified\":\"2025-11-25T17:01:14+00:00\",\"mainEntityOfPage\":{\"@id\":\"https:\\\/\\\/www.forbes.be\\\/fr\\\/ouverture-de-la-luxembourg-art-week\\\/\"},\"wordCount\":408,\"publisher\":{\"@id\":\"https:\\\/\\\/www.forbes.be\\\/fr\\\/#organization\"},\"image\":{\"@id\":\"https:\\\/\\\/www.forbes.be\\\/fr\\\/ouverture-de-la-luxembourg-art-week\\\/#primaryimage\"},\"thumbnailUrl\":\"https:\\\/\\\/www.forbes.be\\\/fr\\\/wp-content\\\/uploads\\\/2025\\\/11\\\/whatsapp-image-2025-11-21-a-115928-ff77eb19.jpg\",\"articleSection\":[\"Culture\"],\"inLanguage\":\"fr-FR\"},{\"@type\":\"WebPage\",\"@id\":\"https:\\\/\\\/www.forbes.be\\\/fr\\\/ouverture-de-la-luxembourg-art-week\\\/\",\"url\":\"https:\\\/\\\/www.forbes.be\\\/fr\\\/ouverture-de-la-luxembourg-art-week\\\/\",\"name\":\"Ouverture de Luxembourg Art Week | Forbes Belgique\",\"isPartOf\":{\"@id\":\"https:\\\/\\\/www.forbes.be\\\/fr\\\/#website\"},\"primaryImageOfPage\":{\"@id\":\"https:\\\/\\\/www.forbes.be\\\/fr\\\/ouverture-de-la-luxembourg-art-week\\\/#primaryimage\"},\"image\":{\"@id\":\"https:\\\/\\\/www.forbes.be\\\/fr\\\/ouverture-de-la-luxembourg-art-week\\\/#primaryimage\"},\"thumbnailUrl\":\"https:\\\/\\\/www.forbes.be\\\/fr\\\/wp-content\\\/uploads\\\/2025\\\/11\\\/whatsapp-image-2025-11-21-a-115928-ff77eb19.jpg\",\"datePublished\":\"2025-11-21T12:32:01+00:00\",\"dateModified\":\"2025-11-25T17:01:14+00:00\",\"description\":\"Pour sa 11e \u00e9dition, la \u00ab\u00a0LAW\u00a0\u00bb, grande foire d\u2019art luxembourgeoise, re\u00e7oit 17 galeries belges.\u00a0\",\"breadcrumb\":{\"@id\":\"https:\\\/\\\/www.forbes.be\\\/fr\\\/ouverture-de-la-luxembourg-art-week\\\/#breadcrumb\"},\"inLanguage\":\"fr-FR\",\"potentialAction\":[{\"@type\":\"ReadAction\",\"target\":[\"https:\\\/\\\/www.forbes.be\\\/fr\\\/ouverture-de-la-luxembourg-art-week\\\/\"]}]},{\"@type\":\"ImageObject\",\"inLanguage\":\"fr-FR\",\"@id\":\"https:\\\/\\\/www.forbes.be\\\/fr\\\/ouverture-de-la-luxembourg-art-week\\\/#primaryimage\",\"url\":\"https:\\\/\\\/www.forbes.be\\\/fr\\\/wp-content\\\/uploads\\\/2025\\\/11\\\/whatsapp-image-2025-11-21-a-115928-ff77eb19.jpg\",\"contentUrl\":\"https:\\\/\\\/www.forbes.be\\\/fr\\\/wp-content\\\/uploads\\\/2025\\\/11\\\/whatsapp-image-2025-11-21-a-115928-ff77eb19.jpg\",\"width\":1600,\"height\":1066,\"caption\":\"Luxembourg Art Week\"},{\"@type\":\"BreadcrumbList\",\"@id\":\"https:\\\/\\\/www.forbes.be\\\/fr\\\/ouverture-de-la-luxembourg-art-week\\\/#breadcrumb\",\"itemListElement\":[{\"@type\":\"ListItem\",\"position\":1,\"name\":\"Accueil\",\"item\":\"https:\\\/\\\/www.forbes.be\\\/fr\\\/\"},{\"@type\":\"ListItem\",\"position\":2,\"name\":\"Ouverture de Luxembourg Art Week\"}]},{\"@type\":\"WebSite\",\"@id\":\"https:\\\/\\\/www.forbes.be\\\/fr\\\/#website\",\"url\":\"https:\\\/\\\/www.forbes.be\\\/fr\\\/\",\"name\":\"Forbes Belgique\",\"description\":\"\",\"publisher\":{\"@id\":\"https:\\\/\\\/www.forbes.be\\\/fr\\\/#organization\"},\"potentialAction\":[{\"@type\":\"SearchAction\",\"target\":{\"@type\":\"EntryPoint\",\"urlTemplate\":\"https:\\\/\\\/www.forbes.be\\\/fr\\\/?s={search_term_string}\"},\"query-input\":{\"@type\":\"PropertyValueSpecification\",\"valueRequired\":true,\"valueName\":\"search_term_string\"}}],\"inLanguage\":\"fr-FR\"},{\"@type\":\"Organization\",\"@id\":\"https:\\\/\\\/www.forbes.be\\\/fr\\\/#organization\",\"name\":\"Forbes Belgique\",\"url\":\"https:\\\/\\\/www.forbes.be\\\/fr\\\/\",\"logo\":{\"@type\":\"ImageObject\",\"inLanguage\":\"fr-FR\",\"@id\":\"https:\\\/\\\/www.forbes.be\\\/fr\\\/#\\\/schema\\\/logo\\\/image\\\/\",\"url\":\"https:\\\/\\\/www.forbes.be\\\/fr\\\/wp-content\\\/uploads\\\/2024\\\/02\\\/forbes.be_.png\",\"contentUrl\":\"https:\\\/\\\/www.forbes.be\\\/fr\\\/wp-content\\\/uploads\\\/2024\\\/02\\\/forbes.be_.png\",\"width\":1200,\"height\":675,\"caption\":\"Forbes Belgique\"},\"image\":{\"@id\":\"https:\\\/\\\/www.forbes.be\\\/fr\\\/#\\\/schema\\\/logo\\\/image\\\/\"},\"sameAs\":[\"https:\\\/\\\/www.facebook.com\\\/forbesbelgique\\\/\",\"https:\\\/\\\/www.instagram.com\\\/Forbes_Belgium\",\"https:\\\/\\\/www.linkedin.com\\\/company\\\/forbes-belgium\\\/\"]},{\"@type\":\"Person\",\"@id\":\"https:\\\/\\\/www.forbes.be\\\/fr\\\/#\\\/schema\\\/person\\\/ad1bb0e83419af89356b7b11a6622c80\",\"name\":\"Johan-Fr\u00e9d\u00e9rik Hel Guedj\",\"image\":{\"@type\":\"ImageObject\",\"inLanguage\":\"fr-FR\",\"@id\":\"https:\\\/\\\/secure.gravatar.com\\\/avatar\\\/65333543693434f2cc9fdefb3173b162df98712d00606b00b3d43914f79a1598?s=96&d=mm&r=g\",\"url\":\"https:\\\/\\\/secure.gravatar.com\\\/avatar\\\/65333543693434f2cc9fdefb3173b162df98712d00606b00b3d43914f79a1598?s=96&d=mm&r=g\",\"contentUrl\":\"https:\\\/\\\/secure.gravatar.com\\\/avatar\\\/65333543693434f2cc9fdefb3173b162df98712d00606b00b3d43914f79a1598?s=96&d=mm&r=g\",\"caption\":\"Johan-Fr\u00e9d\u00e9rik Hel Guedj\"},\"description\":\"Johan-Frederik Hel Guedj est journaliste et auteur fran\u00e7ais. R\u00e9dacteur en chef pendant 7 ans de la revue Pouvoirs Locaux, consacr\u00e9e aux politiques culturelles, il a publi\u00e9 huit ouvrages chez des \u00e9diteurs fran\u00e7ais et belges, dont deux romans, un essai consacr\u00e9 \u00e0 Orson Welles, et quatre livres d\u2019art. En plus de Forbes, il collabore \u00e0 L\u2019Echo et au Quotidien de l\u2019Art (Paris).\",\"url\":\"https:\\\/\\\/www.forbes.be\\\/fr\\\/author\\\/johan-frederik-hel-guedj\\\/\"}]}<\/script>\n<!-- \/ Yoast SEO plugin. -->","yoast_head_json":{"title":"Ouverture de Luxembourg Art Week | Forbes Belgique","description":"Pour sa 11e \u00e9dition, la \u00ab\u00a0LAW\u00a0\u00bb, grande foire d\u2019art luxembourgeoise, re\u00e7oit 17 galeries belges.\u00a0","robots":{"index":"index","follow":"follow","max-snippet":"max-snippet:-1","max-image-preview":"max-image-preview:large","max-video-preview":"max-video-preview:-1"},"canonical":"https:\/\/www.forbes.be\/fr\/ouverture-de-la-luxembourg-art-week\/","og_locale":"fr_FR","og_type":"article","og_title":"Ouverture de Luxembourg Art Week | Forbes Belgique","og_description":"Pour sa 11e \u00e9dition, la \u00ab\u00a0LAW\u00a0\u00bb, grande foire d\u2019art luxembourgeoise, re\u00e7oit 17 galeries belges.\u00a0","og_url":"https:\/\/www.forbes.be\/fr\/ouverture-de-la-luxembourg-art-week\/","og_site_name":"Forbes Belgique","article_publisher":"https:\/\/www.facebook.com\/forbesbelgique\/","article_published_time":"2025-11-21T12:32:01+00:00","article_modified_time":"2025-11-25T17:01:14+00:00","og_image":[{"width":1600,"height":1066,"url":"https:\/\/www.forbes.be\/fr\/wp-content\/uploads\/2025\/11\/whatsapp-image-2025-11-21-a-115928-ff77eb19.jpg","type":"image\/jpeg"}],"author":"Johan-Fr\u00e9d\u00e9rik Hel Guedj","twitter_card":"summary_large_image","twitter_misc":{"\u00c9crit par":"Johan-Fr\u00e9d\u00e9rik Hel Guedj","Dur\u00e9e de lecture estim\u00e9e":"3 minutes"},"schema":{"@context":"https:\/\/schema.org","@graph":[{"@type":"NewsArticle","@id":"https:\/\/www.forbes.be\/fr\/ouverture-de-la-luxembourg-art-week\/#article","isPartOf":{"@id":"https:\/\/www.forbes.be\/fr\/ouverture-de-la-luxembourg-art-week\/"},"author":{"name":"Johan-Fr\u00e9d\u00e9rik Hel Guedj","@id":"https:\/\/www.forbes.be\/fr\/#\/schema\/person\/ad1bb0e83419af89356b7b11a6622c80"},"headline":"Ouverture de Luxembourg Art Week","datePublished":"2025-11-21T12:32:01+00:00","dateModified":"2025-11-25T17:01:14+00:00","mainEntityOfPage":{"@id":"https:\/\/www.forbes.be\/fr\/ouverture-de-la-luxembourg-art-week\/"},"wordCount":408,"publisher":{"@id":"https:\/\/www.forbes.be\/fr\/#organization"},"image":{"@id":"https:\/\/www.forbes.be\/fr\/ouverture-de-la-luxembourg-art-week\/#primaryimage"},"thumbnailUrl":"https:\/\/www.forbes.be\/fr\/wp-content\/uploads\/2025\/11\/whatsapp-image-2025-11-21-a-115928-ff77eb19.jpg","articleSection":["Culture"],"inLanguage":"fr-FR"},{"@type":"WebPage","@id":"https:\/\/www.forbes.be\/fr\/ouverture-de-la-luxembourg-art-week\/","url":"https:\/\/www.forbes.be\/fr\/ouverture-de-la-luxembourg-art-week\/","name":"Ouverture de Luxembourg Art Week | Forbes Belgique","isPartOf":{"@id":"https:\/\/www.forbes.be\/fr\/#website"},"primaryImageOfPage":{"@id":"https:\/\/www.forbes.be\/fr\/ouverture-de-la-luxembourg-art-week\/#primaryimage"},"image":{"@id":"https:\/\/www.forbes.be\/fr\/ouverture-de-la-luxembourg-art-week\/#primaryimage"},"thumbnailUrl":"https:\/\/www.forbes.be\/fr\/wp-content\/uploads\/2025\/11\/whatsapp-image-2025-11-21-a-115928-ff77eb19.jpg","datePublished":"2025-11-21T12:32:01+00:00","dateModified":"2025-11-25T17:01:14+00:00","description":"Pour sa 11e \u00e9dition, la \u00ab\u00a0LAW\u00a0\u00bb, grande foire d\u2019art luxembourgeoise, re\u00e7oit 17 galeries belges.\u00a0","breadcrumb":{"@id":"https:\/\/www.forbes.be\/fr\/ouverture-de-la-luxembourg-art-week\/#breadcrumb"},"inLanguage":"fr-FR","potentialAction":[{"@type":"ReadAction","target":["https:\/\/www.forbes.be\/fr\/ouverture-de-la-luxembourg-art-week\/"]}]},{"@type":"ImageObject","inLanguage":"fr-FR","@id":"https:\/\/www.forbes.be\/fr\/ouverture-de-la-luxembourg-art-week\/#primaryimage","url":"https:\/\/www.forbes.be\/fr\/wp-content\/uploads\/2025\/11\/whatsapp-image-2025-11-21-a-115928-ff77eb19.jpg","contentUrl":"https:\/\/www.forbes.be\/fr\/wp-content\/uploads\/2025\/11\/whatsapp-image-2025-11-21-a-115928-ff77eb19.jpg","width":1600,"height":1066,"caption":"Luxembourg Art Week"},{"@type":"BreadcrumbList","@id":"https:\/\/www.forbes.be\/fr\/ouverture-de-la-luxembourg-art-week\/#breadcrumb","itemListElement":[{"@type":"ListItem","position":1,"name":"Accueil","item":"https:\/\/www.forbes.be\/fr\/"},{"@type":"ListItem","position":2,"name":"Ouverture de Luxembourg Art Week"}]},{"@type":"WebSite","@id":"https:\/\/www.forbes.be\/fr\/#website","url":"https:\/\/www.forbes.be\/fr\/","name":"Forbes Belgique","description":"","publisher":{"@id":"https:\/\/www.forbes.be\/fr\/#organization"},"potentialAction":[{"@type":"SearchAction","target":{"@type":"EntryPoint","urlTemplate":"https:\/\/www.forbes.be\/fr\/?s={search_term_string}"},"query-input":{"@type":"PropertyValueSpecification","valueRequired":true,"valueName":"search_term_string"}}],"inLanguage":"fr-FR"},{"@type":"Organization","@id":"https:\/\/www.forbes.be\/fr\/#organization","name":"Forbes Belgique","url":"https:\/\/www.forbes.be\/fr\/","logo":{"@type":"ImageObject","inLanguage":"fr-FR","@id":"https:\/\/www.forbes.be\/fr\/#\/schema\/logo\/image\/","url":"https:\/\/www.forbes.be\/fr\/wp-content\/uploads\/2024\/02\/forbes.be_.png","contentUrl":"https:\/\/www.forbes.be\/fr\/wp-content\/uploads\/2024\/02\/forbes.be_.png","width":1200,"height":675,"caption":"Forbes Belgique"},"image":{"@id":"https:\/\/www.forbes.be\/fr\/#\/schema\/logo\/image\/"},"sameAs":["https:\/\/www.facebook.com\/forbesbelgique\/","https:\/\/www.instagram.com\/Forbes_Belgium","https:\/\/www.linkedin.com\/company\/forbes-belgium\/"]},{"@type":"Person","@id":"https:\/\/www.forbes.be\/fr\/#\/schema\/person\/ad1bb0e83419af89356b7b11a6622c80","name":"Johan-Fr\u00e9d\u00e9rik Hel Guedj","image":{"@type":"ImageObject","inLanguage":"fr-FR","@id":"https:\/\/secure.gravatar.com\/avatar\/65333543693434f2cc9fdefb3173b162df98712d00606b00b3d43914f79a1598?s=96&d=mm&r=g","url":"https:\/\/secure.gravatar.com\/avatar\/65333543693434f2cc9fdefb3173b162df98712d00606b00b3d43914f79a1598?s=96&d=mm&r=g","contentUrl":"https:\/\/secure.gravatar.com\/avatar\/65333543693434f2cc9fdefb3173b162df98712d00606b00b3d43914f79a1598?s=96&d=mm&r=g","caption":"Johan-Fr\u00e9d\u00e9rik Hel Guedj"},"description":"Johan-Frederik Hel Guedj est journaliste et auteur fran\u00e7ais. R\u00e9dacteur en chef pendant 7 ans de la revue Pouvoirs Locaux, consacr\u00e9e aux politiques culturelles, il a publi\u00e9 huit ouvrages chez des \u00e9diteurs fran\u00e7ais et belges, dont deux romans, un essai consacr\u00e9 \u00e0 Orson Welles, et quatre livres d\u2019art. En plus de Forbes, il collabore \u00e0 L\u2019Echo et au Quotidien de l\u2019Art (Paris).","url":"https:\/\/www.forbes.be\/fr\/author\/johan-frederik-hel-guedj\/"}]}},"_links":{"self":[{"href":"https:\/\/www.forbes.be\/fr\/wp-json\/wp\/v2\/posts\/13682","targetHints":{"allow":["GET"]}}],"collection":[{"href":"https:\/\/www.forbes.be\/fr\/wp-json\/wp\/v2\/posts"}],"about":[{"href":"https:\/\/www.forbes.be\/fr\/wp-json\/wp\/v2\/types\/post"}],"author":[{"embeddable":true,"href":"https:\/\/www.forbes.be\/fr\/wp-json\/wp\/v2\/users\/27"}],"replies":[{"embeddable":true,"href":"https:\/\/www.forbes.be\/fr\/wp-json\/wp\/v2\/comments?post=13682"}],"version-history":[{"count":2,"href":"https:\/\/www.forbes.be\/fr\/wp-json\/wp\/v2\/posts\/13682\/revisions"}],"predecessor-version":[{"id":13830,"href":"https:\/\/www.forbes.be\/fr\/wp-json\/wp\/v2\/posts\/13682\/revisions\/13830"}],"wp:featuredmedia":[{"embeddable":true,"href":"https:\/\/www.forbes.be\/fr\/wp-json\/wp\/v2\/media\/13683"}],"wp:attachment":[{"href":"https:\/\/www.forbes.be\/fr\/wp-json\/wp\/v2\/media?parent=13682"}],"wp:term":[{"taxonomy":"category","embeddable":true,"href":"https:\/\/www.forbes.be\/fr\/wp-json\/wp\/v2\/categories?post=13682"},{"taxonomy":"post_tag","embeddable":true,"href":"https:\/\/www.forbes.be\/fr\/wp-json\/wp\/v2\/tags?post=13682"}],"curies":[{"name":"wp","href":"https:\/\/api.w.org\/{rel}","templated":true}]}}