{"id":13845,"date":"2025-12-04T10:28:18","date_gmt":"2025-12-04T09:28:18","guid":{"rendered":"https:\/\/www.forbes.be\/fr\/?p=13845"},"modified":"2025-12-04T14:24:22","modified_gmt":"2025-12-04T13:24:22","slug":"des-ardennes-au-monde-le-gin-b-corp-qui-cultive-son-tempo","status":"publish","type":"post","link":"https:\/\/www.forbes.be\/fr\/des-ardennes-au-monde-le-gin-b-corp-qui-cultive-son-tempo\/","title":{"rendered":"Des Ardennes au monde : le gin B Corp qui cultive son tempo"},"content":{"rendered":"<p><strong>\u00ab <em>Lors d\u2019une soir\u00e9e, l\u2019id\u00e9e est venue de se dire : et si on faisait un gin \u00e0 notre image ?<\/em> \u00bb, racontent-ils. Le projet prend forme sans d\u00e9tour. Deux associ\u00e9s (Martin Bertrand et Fran\u00e7ois Huttin), un territoire clair. \u00ab <em>Pour nous, les Ardennes, \u00e7a parle \u00e0 tout le monde<\/em> \u00bb, explique son partenaire. L\u2019ancrage sert de boussole au-del\u00e0 du d\u00e9cor.<\/strong><\/p>\n<p>La distillerie de Rochefort devient l\u2019atelier o\u00f9 tout se pr\u00e9cise. \u00ab <em>On fait le test, on ajuste, on refait le test\u2026 les deux derniers \u00e9chantillons nous semblaient identiques, alors que pour le sp\u00e9cialiste, il y\u2019a une vraie diff\u00e9rence. On comprend vite l\u2019importance d\u2019\u00eatre accompagn\u00e9<\/em> \u00bb, confient <strong>Martin Bertrand<\/strong> et<strong> Fran\u00e7ois Huttin<\/strong>, les deux associ\u00e9s \u00e0 l&rsquo;origine d&rsquo;Arduenna. Le travail avance par nuances, jusqu\u2019\u00e0 obtenir une signature aromatique stable dans un march\u00e9 dense.<\/p>\n<p>La marque na\u00eet en novembre 2021, avec une premi\u00e8re ambition de 10 000 bouteilles produites sur trois ans. Le succ\u00e8s d\u00e9passe le cadre pr\u00e9vu : l\u2019int\u00e9gralit\u00e9 du premier stock est \u00e9coul\u00e9e en six mois. L\u2019\u00e9quipe structure alors sa croissance autour d\u2019un cadre clair : la certification B Corp. \u00ab <em>C\u2019est une fa\u00e7on de rester en ligne avec nos valeurs<\/em> \u00bb, expliquent-ils. Toute la cha\u00eene de valeur en est influenc\u00e9e : les achats, la production, la recharge des bouteilles, la mani\u00e8re de collaborer.<\/p>\n<figure id=\"attachment_13847\" aria-describedby=\"caption-attachment-13847\" style=\"width: 1707px\" class=\"wp-caption alignnone\"><img loading=\"lazy\" decoding=\"async\" class=\"size-full wp-image-13847\" src=\"https:\/\/www.forbes.be\/fr\/wp-content\/uploads\/2025\/11\/arduenna-francois-et-martin-scaled.jpg\" alt=\"\" width=\"1707\" height=\"2560\" srcset=\"https:\/\/www.forbes.be\/fr\/wp-content\/uploads\/2025\/11\/arduenna-francois-et-martin-scaled.jpg 1707w, https:\/\/www.forbes.be\/fr\/wp-content\/uploads\/2025\/11\/arduenna-francois-et-martin-200x300.jpg 200w, https:\/\/www.forbes.be\/fr\/wp-content\/uploads\/2025\/11\/arduenna-francois-et-martin-683x1024.jpg 683w, https:\/\/www.forbes.be\/fr\/wp-content\/uploads\/2025\/11\/arduenna-francois-et-martin-768x1152.jpg 768w, https:\/\/www.forbes.be\/fr\/wp-content\/uploads\/2025\/11\/arduenna-francois-et-martin-1024x1536.jpg 1024w, https:\/\/www.forbes.be\/fr\/wp-content\/uploads\/2025\/11\/arduenna-francois-et-martin-1365x2048.jpg 1365w, https:\/\/www.forbes.be\/fr\/wp-content\/uploads\/2025\/11\/arduenna-francois-et-martin-696x1044.jpg 696w, https:\/\/www.forbes.be\/fr\/wp-content\/uploads\/2025\/11\/arduenna-francois-et-martin-1068x1602.jpg 1068w, https:\/\/www.forbes.be\/fr\/wp-content\/uploads\/2025\/11\/arduenna-francois-et-martin-1920x2880.jpg 1920w, https:\/\/www.forbes.be\/fr\/wp-content\/uploads\/2025\/11\/arduenna-francois-et-martin-600x900.jpg 600w\" sizes=\"auto, (max-width: 1707px) 100vw, 1707px\" \/><figcaption id=\"caption-attachment-13847\" class=\"wp-caption-text\">\u00a9 Arduenna<\/figcaption><\/figure>\n<p>L\u2019entreprise compte aujourd\u2019hui cinq personnes \u00e0 temps plein et avance \u00e0 rythme constant, avec une croissance annonc\u00e9e de +32% pour un \u00c7A estim\u00e9 \u00e0 1,5 millions. Cette progression repose sur une gouvernance compacte. \u00ab <em>On prend vraiment les avis de tout le monde. Apr\u00e8s, il faut trancher, mais chacun apporte son regard<\/em> \u00bb, disent-ils. Avec un staff de 8 personnes dont 4 employ\u00e9s et 2 alternants en plus des 2 fondateurs, l\u2019horizontalit\u00e9 est en effet naturelle.<\/p>\n<p>L\u2019export se construit par rencontres. \u00ab <em>L\u2019Europe constitue le premier terrain : Londres, Paris, D\u00fcsseldorf. Le Japon arrive gr\u00e2ce \u00e0 une rencontre solide<\/em> \u00bb, r\u00e9sument-ils. Les salons acc\u00e9l\u00e8rent la visibilit\u00e9 et ouvrent des relations durables. La strat\u00e9gie reste mesur\u00e9e : chaque march\u00e9 grandit \u00e0 son tempo.<\/p>\n<p>Le segment sans alcool suit la m\u00eame logique de pr\u00e9cision. \u00ab <em>La mirabelle apporte une rondeur unique. C\u2019est surprenant pour ceux qui d\u00e9couvrent Arduenna z\u00e9ro<\/em> \u00bb, expliquent-ils. Cette version attire un public plus large, en phase avec des habitudes de consommation en mutation. \u00ab <em>Au Moyen-Orient, cette boisson apporte une singularit\u00e9 sur ce march\u00e9. C\u2019est aussi une fa\u00e7on d\u2019entrer en relation d\u2019une autre mani\u00e8re avec le Arduenna.<\/em> \u00bb<\/p>\n<figure id=\"attachment_13848\" aria-describedby=\"caption-attachment-13848\" style=\"width: 2560px\" class=\"wp-caption alignnone\"><img loading=\"lazy\" decoding=\"async\" class=\"size-full wp-image-13848\" src=\"https:\/\/www.forbes.be\/fr\/wp-content\/uploads\/2025\/11\/arduenna-lifestyle-6-scaled.jpg\" alt=\"\" width=\"2560\" height=\"1707\" srcset=\"https:\/\/www.forbes.be\/fr\/wp-content\/uploads\/2025\/11\/arduenna-lifestyle-6-scaled.jpg 2560w, https:\/\/www.forbes.be\/fr\/wp-content\/uploads\/2025\/11\/arduenna-lifestyle-6-300x200.jpg 300w, https:\/\/www.forbes.be\/fr\/wp-content\/uploads\/2025\/11\/arduenna-lifestyle-6-1024x683.jpg 1024w, https:\/\/www.forbes.be\/fr\/wp-content\/uploads\/2025\/11\/arduenna-lifestyle-6-768x512.jpg 768w, https:\/\/www.forbes.be\/fr\/wp-content\/uploads\/2025\/11\/arduenna-lifestyle-6-1536x1024.jpg 1536w, https:\/\/www.forbes.be\/fr\/wp-content\/uploads\/2025\/11\/arduenna-lifestyle-6-2048x1366.jpg 2048w, https:\/\/www.forbes.be\/fr\/wp-content\/uploads\/2025\/11\/arduenna-lifestyle-6-696x464.jpg 696w, https:\/\/www.forbes.be\/fr\/wp-content\/uploads\/2025\/11\/arduenna-lifestyle-6-1068x712.jpg 1068w, https:\/\/www.forbes.be\/fr\/wp-content\/uploads\/2025\/11\/arduenna-lifestyle-6-1920x1281.jpg 1920w, https:\/\/www.forbes.be\/fr\/wp-content\/uploads\/2025\/11\/arduenna-lifestyle-6-600x400.jpg 600w\" sizes=\"auto, (max-width: 2560px) 100vw, 2560px\" \/><figcaption id=\"caption-attachment-13848\" class=\"wp-caption-text\">\u00a9 Arduenna<\/figcaption><\/figure>\n<p>Le financement initial s\u2019appuie sur leurs propres moyens, puis sur un tour d\u2019investisseurs. \u00ab <em>Ils sont actionnaires, mais nous restons majoritaires et ma\u00eetres de la direction<\/em> \u00bb, pr\u00e9cisent-ils. 82.19% pour les fondateurs, 17.81% pour les investisseurs (Arthur et Nicolas Lhoist, Xavier Goebels, FH Immo et Yannik Bellefroid).<\/p>\n<p>Le contr\u00f4le strat\u00e9gique reste interne ce qui garantit une coh\u00e9rence de long terme.<br \/>\nLa priorit\u00e9 aujourd\u2019hui : consolider la pr\u00e9sence europ\u00e9enne. \u00ab <em>L\u2019id\u00e9e, c\u2019est de d\u00e9velopper chaque march\u00e9 de mani\u00e8re soutenable et de garder une taille humaine. Une nouvelle personne arrive en f\u00e9vrier 2026 et nous participons \u00e0 10 salons internationaux<\/em> \u00bb, concluent-ils. Arduenna poursuit sa route sans brutalit\u00e9, avec la m\u00eame conviction qu\u2019au premier soir o\u00f9 l\u2019id\u00e9e a \u00e9merg\u00e9.<\/p>\n","protected":false},"excerpt":{"rendered":"<p>\u00ab Lors d\u2019une soir\u00e9e, l\u2019id\u00e9e est venue de se dire : et si on faisait un gin \u00e0 notre image ? \u00bb, racontent-ils. Le projet prend forme sans d\u00e9tour. Deux associ\u00e9s (Martin Bertrand et Fran\u00e7ois Huttin), un territoire clair. \u00ab Pour nous, les Ardennes, \u00e7a parle \u00e0 tout le monde \u00bb, explique son partenaire. L\u2019ancrage [&hellip;]<\/p>\n","protected":false},"author":18,"featured_media":13846,"comment_status":"closed","ping_status":"closed","sticky":false,"template":"","format":"standard","meta":{"_acf_changed":false,"inline_featured_image":false,"footnotes":""},"categories":[30,19],"tags":[],"class_list":{"0":"post-13845","1":"post","2":"type-post","3":"status-publish","4":"format-standard","5":"has-post-thumbnail","7":"category-commerce","8":"category-entrepreneurs"},"acf":[],"_yoast_wpseo_title":null,"_yoast_wpseo_metadesc":"Arduenna, gin artisanal n\u00e9 en Ardenne, poursuit sa croissance durable : B Corp, export en Europe et Japon, version sans alcool et gouvernance horizontale.","auteur_traducteur":"","yoast_head":"<!-- This site is optimized with the Yoast SEO plugin v27.4 - https:\/\/yoast.com\/product\/yoast-seo-wordpress\/ -->\n<title>Des Ardennes au monde : le gin B Corp qui cultive son tempo | Forbes Belgique<\/title>\n<meta name=\"description\" content=\"Arduenna, gin artisanal n\u00e9 en Ardenne, poursuit sa croissance durable : B Corp, export en Europe et Japon, version sans alcool et gouvernance horizontale.\" \/>\n<meta name=\"robots\" content=\"index, follow, max-snippet:-1, max-image-preview:large, max-video-preview:-1\" \/>\n<link rel=\"canonical\" href=\"https:\/\/www.forbes.be\/fr\/des-ardennes-au-monde-le-gin-b-corp-qui-cultive-son-tempo\/\" \/>\n<meta property=\"og:locale\" content=\"fr_FR\" \/>\n<meta property=\"og:type\" content=\"article\" \/>\n<meta property=\"og:title\" content=\"Des Ardennes au monde : le gin B Corp qui cultive son tempo | Forbes Belgique\" \/>\n<meta property=\"og:description\" content=\"Arduenna, gin artisanal n\u00e9 en Ardenne, poursuit sa croissance durable : B Corp, export en Europe et Japon, version sans alcool et gouvernance horizontale.\" \/>\n<meta property=\"og:url\" content=\"https:\/\/www.forbes.be\/fr\/des-ardennes-au-monde-le-gin-b-corp-qui-cultive-son-tempo\/\" \/>\n<meta property=\"og:site_name\" content=\"Forbes Belgique\" \/>\n<meta property=\"article:publisher\" content=\"https:\/\/www.facebook.com\/forbesbelgique\/\" \/>\n<meta property=\"article:published_time\" content=\"2025-12-04T09:28:18+00:00\" \/>\n<meta property=\"article:modified_time\" content=\"2025-12-04T13:24:22+00:00\" \/>\n<meta property=\"og:image\" content=\"https:\/\/www.forbes.be\/fr\/wp-content\/uploads\/2025\/11\/arduenna-cocktails-13-scaled-e1764149697481.jpg\" \/>\n\t<meta property=\"og:image:width\" content=\"2560\" \/>\n\t<meta property=\"og:image:height\" content=\"1340\" \/>\n\t<meta property=\"og:image:type\" content=\"image\/jpeg\" \/>\n<meta name=\"author\" content=\"Salma Haouach\" \/>\n<meta name=\"twitter:card\" content=\"summary_large_image\" \/>\n<meta name=\"twitter:label1\" content=\"\u00c9crit par\" \/>\n\t<meta name=\"twitter:data1\" content=\"Salma Haouach\" \/>\n\t<meta name=\"twitter:label2\" content=\"Dur\u00e9e de lecture estim\u00e9e\" \/>\n\t<meta name=\"twitter:data2\" content=\"4 minutes\" \/>\n<script type=\"application\/ld+json\" class=\"yoast-schema-graph\">{\"@context\":\"https:\\\/\\\/schema.org\",\"@graph\":[{\"@type\":\"NewsArticle\",\"@id\":\"https:\\\/\\\/www.forbes.be\\\/fr\\\/des-ardennes-au-monde-le-gin-b-corp-qui-cultive-son-tempo\\\/#article\",\"isPartOf\":{\"@id\":\"https:\\\/\\\/www.forbes.be\\\/fr\\\/des-ardennes-au-monde-le-gin-b-corp-qui-cultive-son-tempo\\\/\"},\"author\":{\"name\":\"Salma Haouach\",\"@id\":\"https:\\\/\\\/www.forbes.be\\\/fr\\\/#\\\/schema\\\/person\\\/d149518123a5b0991913625dbefb2a1f\"},\"headline\":\"Des Ardennes au monde : le gin B Corp qui cultive son tempo\",\"datePublished\":\"2025-12-04T09:28:18+00:00\",\"dateModified\":\"2025-12-04T13:24:22+00:00\",\"mainEntityOfPage\":{\"@id\":\"https:\\\/\\\/www.forbes.be\\\/fr\\\/des-ardennes-au-monde-le-gin-b-corp-qui-cultive-son-tempo\\\/\"},\"wordCount\":578,\"publisher\":{\"@id\":\"https:\\\/\\\/www.forbes.be\\\/fr\\\/#organization\"},\"image\":{\"@id\":\"https:\\\/\\\/www.forbes.be\\\/fr\\\/des-ardennes-au-monde-le-gin-b-corp-qui-cultive-son-tempo\\\/#primaryimage\"},\"thumbnailUrl\":\"https:\\\/\\\/www.forbes.be\\\/fr\\\/wp-content\\\/uploads\\\/2025\\\/11\\\/arduenna-cocktails-13-scaled-e1764149697481.jpg\",\"articleSection\":[\"Commerce\",\"Entrepreneurs\"],\"inLanguage\":\"fr-FR\"},{\"@type\":\"WebPage\",\"@id\":\"https:\\\/\\\/www.forbes.be\\\/fr\\\/des-ardennes-au-monde-le-gin-b-corp-qui-cultive-son-tempo\\\/\",\"url\":\"https:\\\/\\\/www.forbes.be\\\/fr\\\/des-ardennes-au-monde-le-gin-b-corp-qui-cultive-son-tempo\\\/\",\"name\":\"Des Ardennes au monde : le gin B Corp qui cultive son tempo | Forbes Belgique\",\"isPartOf\":{\"@id\":\"https:\\\/\\\/www.forbes.be\\\/fr\\\/#website\"},\"primaryImageOfPage\":{\"@id\":\"https:\\\/\\\/www.forbes.be\\\/fr\\\/des-ardennes-au-monde-le-gin-b-corp-qui-cultive-son-tempo\\\/#primaryimage\"},\"image\":{\"@id\":\"https:\\\/\\\/www.forbes.be\\\/fr\\\/des-ardennes-au-monde-le-gin-b-corp-qui-cultive-son-tempo\\\/#primaryimage\"},\"thumbnailUrl\":\"https:\\\/\\\/www.forbes.be\\\/fr\\\/wp-content\\\/uploads\\\/2025\\\/11\\\/arduenna-cocktails-13-scaled-e1764149697481.jpg\",\"datePublished\":\"2025-12-04T09:28:18+00:00\",\"dateModified\":\"2025-12-04T13:24:22+00:00\",\"description\":\"Arduenna, gin artisanal n\u00e9 en Ardenne, poursuit sa croissance durable : B Corp, export en Europe et Japon, version sans alcool et gouvernance horizontale.\",\"breadcrumb\":{\"@id\":\"https:\\\/\\\/www.forbes.be\\\/fr\\\/des-ardennes-au-monde-le-gin-b-corp-qui-cultive-son-tempo\\\/#breadcrumb\"},\"inLanguage\":\"fr-FR\",\"potentialAction\":[{\"@type\":\"ReadAction\",\"target\":[\"https:\\\/\\\/www.forbes.be\\\/fr\\\/des-ardennes-au-monde-le-gin-b-corp-qui-cultive-son-tempo\\\/\"]}]},{\"@type\":\"ImageObject\",\"inLanguage\":\"fr-FR\",\"@id\":\"https:\\\/\\\/www.forbes.be\\\/fr\\\/des-ardennes-au-monde-le-gin-b-corp-qui-cultive-son-tempo\\\/#primaryimage\",\"url\":\"https:\\\/\\\/www.forbes.be\\\/fr\\\/wp-content\\\/uploads\\\/2025\\\/11\\\/arduenna-cocktails-13-scaled-e1764149697481.jpg\",\"contentUrl\":\"https:\\\/\\\/www.forbes.be\\\/fr\\\/wp-content\\\/uploads\\\/2025\\\/11\\\/arduenna-cocktails-13-scaled-e1764149697481.jpg\",\"width\":2560,\"height\":1340,\"caption\":\"\u00a9 Arduenna\"},{\"@type\":\"BreadcrumbList\",\"@id\":\"https:\\\/\\\/www.forbes.be\\\/fr\\\/des-ardennes-au-monde-le-gin-b-corp-qui-cultive-son-tempo\\\/#breadcrumb\",\"itemListElement\":[{\"@type\":\"ListItem\",\"position\":1,\"name\":\"Accueil\",\"item\":\"https:\\\/\\\/www.forbes.be\\\/fr\\\/\"},{\"@type\":\"ListItem\",\"position\":2,\"name\":\"Des Ardennes au monde : le gin B Corp qui cultive son tempo\"}]},{\"@type\":\"WebSite\",\"@id\":\"https:\\\/\\\/www.forbes.be\\\/fr\\\/#website\",\"url\":\"https:\\\/\\\/www.forbes.be\\\/fr\\\/\",\"name\":\"Forbes Belgique\",\"description\":\"\",\"publisher\":{\"@id\":\"https:\\\/\\\/www.forbes.be\\\/fr\\\/#organization\"},\"potentialAction\":[{\"@type\":\"SearchAction\",\"target\":{\"@type\":\"EntryPoint\",\"urlTemplate\":\"https:\\\/\\\/www.forbes.be\\\/fr\\\/?s={search_term_string}\"},\"query-input\":{\"@type\":\"PropertyValueSpecification\",\"valueRequired\":true,\"valueName\":\"search_term_string\"}}],\"inLanguage\":\"fr-FR\"},{\"@type\":\"Organization\",\"@id\":\"https:\\\/\\\/www.forbes.be\\\/fr\\\/#organization\",\"name\":\"Forbes Belgique\",\"url\":\"https:\\\/\\\/www.forbes.be\\\/fr\\\/\",\"logo\":{\"@type\":\"ImageObject\",\"inLanguage\":\"fr-FR\",\"@id\":\"https:\\\/\\\/www.forbes.be\\\/fr\\\/#\\\/schema\\\/logo\\\/image\\\/\",\"url\":\"https:\\\/\\\/www.forbes.be\\\/fr\\\/wp-content\\\/uploads\\\/2024\\\/02\\\/forbes.be_.png\",\"contentUrl\":\"https:\\\/\\\/www.forbes.be\\\/fr\\\/wp-content\\\/uploads\\\/2024\\\/02\\\/forbes.be_.png\",\"width\":1200,\"height\":675,\"caption\":\"Forbes Belgique\"},\"image\":{\"@id\":\"https:\\\/\\\/www.forbes.be\\\/fr\\\/#\\\/schema\\\/logo\\\/image\\\/\"},\"sameAs\":[\"https:\\\/\\\/www.facebook.com\\\/forbesbelgique\\\/\",\"https:\\\/\\\/www.instagram.com\\\/Forbes_Belgium\",\"https:\\\/\\\/www.linkedin.com\\\/company\\\/forbes-belgium\\\/\"]},{\"@type\":\"Person\",\"@id\":\"https:\\\/\\\/www.forbes.be\\\/fr\\\/#\\\/schema\\\/person\\\/d149518123a5b0991913625dbefb2a1f\",\"name\":\"Salma Haouach\",\"image\":{\"@type\":\"ImageObject\",\"inLanguage\":\"fr-FR\",\"@id\":\"https:\\\/\\\/www.forbes.be\\\/fr\\\/wp-content\\\/uploads\\\/2024\\\/02\\\/1698578162981-150x150.jpeg\",\"url\":\"https:\\\/\\\/www.forbes.be\\\/fr\\\/wp-content\\\/uploads\\\/2024\\\/02\\\/1698578162981-150x150.jpeg\",\"contentUrl\":\"https:\\\/\\\/www.forbes.be\\\/fr\\\/wp-content\\\/uploads\\\/2024\\\/02\\\/1698578162981-150x150.jpeg\",\"caption\":\"Salma Haouach\"},\"description\":\"De formation ing\u00e9nieure de gestion de Solvay en 2001, major finance, Salma Haouach a d\u00e9marr\u00e9 sa carri\u00e8re dans le secteur financier avant de travailler dans l\u2019ing\u00e9nierie marketing et la communication strat\u00e9gique \u00e0 Valencia, Casablanca, Bordeaux et Le Havre avant de revenir \u00e0 Bruxelles il y\u2019a 10 ans et poursuivre sa carri\u00e8re dans le conseil en strat\u00e9gie et leadership durable. Parall\u00e8lement, elle a construit une carri\u00e8re m\u00e9diatique comme chroniqueuse dans des m\u00e9dias audiovisuels nationaux \u00e0 partir de 2008 (L\u2019Express, La Premi\u00e8re, La Deux, BX1), elle a cr\u00e9\u00e9 un m\u00e9dia online d'\u00e9ducation aux m\u00e9dias (Le Lab.) puis \u00e9ditant et pr\u00e9sentant deux \u00e9missions \u00e9conomiques : Co\u00fbte que Co\u00fbte sur Bel RTL et Business Club sur LN24.\",\"url\":\"https:\\\/\\\/www.forbes.be\\\/fr\\\/author\\\/haouachsalmagmail-com\\\/\"}]}<\/script>\n<!-- \/ Yoast SEO plugin. -->","yoast_head_json":{"title":"Des Ardennes au monde : le gin B Corp qui cultive son tempo | Forbes Belgique","description":"Arduenna, gin artisanal n\u00e9 en Ardenne, poursuit sa croissance durable : B Corp, export en Europe et Japon, version sans alcool et gouvernance horizontale.","robots":{"index":"index","follow":"follow","max-snippet":"max-snippet:-1","max-image-preview":"max-image-preview:large","max-video-preview":"max-video-preview:-1"},"canonical":"https:\/\/www.forbes.be\/fr\/des-ardennes-au-monde-le-gin-b-corp-qui-cultive-son-tempo\/","og_locale":"fr_FR","og_type":"article","og_title":"Des Ardennes au monde : le gin B Corp qui cultive son tempo | Forbes Belgique","og_description":"Arduenna, gin artisanal n\u00e9 en Ardenne, poursuit sa croissance durable : B Corp, export en Europe et Japon, version sans alcool et gouvernance horizontale.","og_url":"https:\/\/www.forbes.be\/fr\/des-ardennes-au-monde-le-gin-b-corp-qui-cultive-son-tempo\/","og_site_name":"Forbes Belgique","article_publisher":"https:\/\/www.facebook.com\/forbesbelgique\/","article_published_time":"2025-12-04T09:28:18+00:00","article_modified_time":"2025-12-04T13:24:22+00:00","og_image":[{"width":2560,"height":1340,"url":"https:\/\/www.forbes.be\/fr\/wp-content\/uploads\/2025\/11\/arduenna-cocktails-13-scaled-e1764149697481.jpg","type":"image\/jpeg"}],"author":"Salma Haouach","twitter_card":"summary_large_image","twitter_misc":{"\u00c9crit par":"Salma Haouach","Dur\u00e9e de lecture estim\u00e9e":"4 minutes"},"schema":{"@context":"https:\/\/schema.org","@graph":[{"@type":"NewsArticle","@id":"https:\/\/www.forbes.be\/fr\/des-ardennes-au-monde-le-gin-b-corp-qui-cultive-son-tempo\/#article","isPartOf":{"@id":"https:\/\/www.forbes.be\/fr\/des-ardennes-au-monde-le-gin-b-corp-qui-cultive-son-tempo\/"},"author":{"name":"Salma Haouach","@id":"https:\/\/www.forbes.be\/fr\/#\/schema\/person\/d149518123a5b0991913625dbefb2a1f"},"headline":"Des Ardennes au monde : le gin B Corp qui cultive son tempo","datePublished":"2025-12-04T09:28:18+00:00","dateModified":"2025-12-04T13:24:22+00:00","mainEntityOfPage":{"@id":"https:\/\/www.forbes.be\/fr\/des-ardennes-au-monde-le-gin-b-corp-qui-cultive-son-tempo\/"},"wordCount":578,"publisher":{"@id":"https:\/\/www.forbes.be\/fr\/#organization"},"image":{"@id":"https:\/\/www.forbes.be\/fr\/des-ardennes-au-monde-le-gin-b-corp-qui-cultive-son-tempo\/#primaryimage"},"thumbnailUrl":"https:\/\/www.forbes.be\/fr\/wp-content\/uploads\/2025\/11\/arduenna-cocktails-13-scaled-e1764149697481.jpg","articleSection":["Commerce","Entrepreneurs"],"inLanguage":"fr-FR"},{"@type":"WebPage","@id":"https:\/\/www.forbes.be\/fr\/des-ardennes-au-monde-le-gin-b-corp-qui-cultive-son-tempo\/","url":"https:\/\/www.forbes.be\/fr\/des-ardennes-au-monde-le-gin-b-corp-qui-cultive-son-tempo\/","name":"Des Ardennes au monde : le gin B Corp qui cultive son tempo | Forbes Belgique","isPartOf":{"@id":"https:\/\/www.forbes.be\/fr\/#website"},"primaryImageOfPage":{"@id":"https:\/\/www.forbes.be\/fr\/des-ardennes-au-monde-le-gin-b-corp-qui-cultive-son-tempo\/#primaryimage"},"image":{"@id":"https:\/\/www.forbes.be\/fr\/des-ardennes-au-monde-le-gin-b-corp-qui-cultive-son-tempo\/#primaryimage"},"thumbnailUrl":"https:\/\/www.forbes.be\/fr\/wp-content\/uploads\/2025\/11\/arduenna-cocktails-13-scaled-e1764149697481.jpg","datePublished":"2025-12-04T09:28:18+00:00","dateModified":"2025-12-04T13:24:22+00:00","description":"Arduenna, gin artisanal n\u00e9 en Ardenne, poursuit sa croissance durable : B Corp, export en Europe et Japon, version sans alcool et gouvernance horizontale.","breadcrumb":{"@id":"https:\/\/www.forbes.be\/fr\/des-ardennes-au-monde-le-gin-b-corp-qui-cultive-son-tempo\/#breadcrumb"},"inLanguage":"fr-FR","potentialAction":[{"@type":"ReadAction","target":["https:\/\/www.forbes.be\/fr\/des-ardennes-au-monde-le-gin-b-corp-qui-cultive-son-tempo\/"]}]},{"@type":"ImageObject","inLanguage":"fr-FR","@id":"https:\/\/www.forbes.be\/fr\/des-ardennes-au-monde-le-gin-b-corp-qui-cultive-son-tempo\/#primaryimage","url":"https:\/\/www.forbes.be\/fr\/wp-content\/uploads\/2025\/11\/arduenna-cocktails-13-scaled-e1764149697481.jpg","contentUrl":"https:\/\/www.forbes.be\/fr\/wp-content\/uploads\/2025\/11\/arduenna-cocktails-13-scaled-e1764149697481.jpg","width":2560,"height":1340,"caption":"\u00a9 Arduenna"},{"@type":"BreadcrumbList","@id":"https:\/\/www.forbes.be\/fr\/des-ardennes-au-monde-le-gin-b-corp-qui-cultive-son-tempo\/#breadcrumb","itemListElement":[{"@type":"ListItem","position":1,"name":"Accueil","item":"https:\/\/www.forbes.be\/fr\/"},{"@type":"ListItem","position":2,"name":"Des Ardennes au monde : le gin B Corp qui cultive son tempo"}]},{"@type":"WebSite","@id":"https:\/\/www.forbes.be\/fr\/#website","url":"https:\/\/www.forbes.be\/fr\/","name":"Forbes Belgique","description":"","publisher":{"@id":"https:\/\/www.forbes.be\/fr\/#organization"},"potentialAction":[{"@type":"SearchAction","target":{"@type":"EntryPoint","urlTemplate":"https:\/\/www.forbes.be\/fr\/?s={search_term_string}"},"query-input":{"@type":"PropertyValueSpecification","valueRequired":true,"valueName":"search_term_string"}}],"inLanguage":"fr-FR"},{"@type":"Organization","@id":"https:\/\/www.forbes.be\/fr\/#organization","name":"Forbes Belgique","url":"https:\/\/www.forbes.be\/fr\/","logo":{"@type":"ImageObject","inLanguage":"fr-FR","@id":"https:\/\/www.forbes.be\/fr\/#\/schema\/logo\/image\/","url":"https:\/\/www.forbes.be\/fr\/wp-content\/uploads\/2024\/02\/forbes.be_.png","contentUrl":"https:\/\/www.forbes.be\/fr\/wp-content\/uploads\/2024\/02\/forbes.be_.png","width":1200,"height":675,"caption":"Forbes Belgique"},"image":{"@id":"https:\/\/www.forbes.be\/fr\/#\/schema\/logo\/image\/"},"sameAs":["https:\/\/www.facebook.com\/forbesbelgique\/","https:\/\/www.instagram.com\/Forbes_Belgium","https:\/\/www.linkedin.com\/company\/forbes-belgium\/"]},{"@type":"Person","@id":"https:\/\/www.forbes.be\/fr\/#\/schema\/person\/d149518123a5b0991913625dbefb2a1f","name":"Salma Haouach","image":{"@type":"ImageObject","inLanguage":"fr-FR","@id":"https:\/\/www.forbes.be\/fr\/wp-content\/uploads\/2024\/02\/1698578162981-150x150.jpeg","url":"https:\/\/www.forbes.be\/fr\/wp-content\/uploads\/2024\/02\/1698578162981-150x150.jpeg","contentUrl":"https:\/\/www.forbes.be\/fr\/wp-content\/uploads\/2024\/02\/1698578162981-150x150.jpeg","caption":"Salma Haouach"},"description":"De formation ing\u00e9nieure de gestion de Solvay en 2001, major finance, Salma Haouach a d\u00e9marr\u00e9 sa carri\u00e8re dans le secteur financier avant de travailler dans l\u2019ing\u00e9nierie marketing et la communication strat\u00e9gique \u00e0 Valencia, Casablanca, Bordeaux et Le Havre avant de revenir \u00e0 Bruxelles il y\u2019a 10 ans et poursuivre sa carri\u00e8re dans le conseil en strat\u00e9gie et leadership durable. Parall\u00e8lement, elle a construit une carri\u00e8re m\u00e9diatique comme chroniqueuse dans des m\u00e9dias audiovisuels nationaux \u00e0 partir de 2008 (L\u2019Express, La Premi\u00e8re, La Deux, BX1), elle a cr\u00e9\u00e9 un m\u00e9dia online d'\u00e9ducation aux m\u00e9dias (Le Lab.) puis \u00e9ditant et pr\u00e9sentant deux \u00e9missions \u00e9conomiques : Co\u00fbte que Co\u00fbte sur Bel RTL et Business Club sur LN24.","url":"https:\/\/www.forbes.be\/fr\/author\/haouachsalmagmail-com\/"}]}},"_links":{"self":[{"href":"https:\/\/www.forbes.be\/fr\/wp-json\/wp\/v2\/posts\/13845","targetHints":{"allow":["GET"]}}],"collection":[{"href":"https:\/\/www.forbes.be\/fr\/wp-json\/wp\/v2\/posts"}],"about":[{"href":"https:\/\/www.forbes.be\/fr\/wp-json\/wp\/v2\/types\/post"}],"author":[{"embeddable":true,"href":"https:\/\/www.forbes.be\/fr\/wp-json\/wp\/v2\/users\/18"}],"replies":[{"embeddable":true,"href":"https:\/\/www.forbes.be\/fr\/wp-json\/wp\/v2\/comments?post=13845"}],"version-history":[{"count":1,"href":"https:\/\/www.forbes.be\/fr\/wp-json\/wp\/v2\/posts\/13845\/revisions"}],"predecessor-version":[{"id":13849,"href":"https:\/\/www.forbes.be\/fr\/wp-json\/wp\/v2\/posts\/13845\/revisions\/13849"}],"wp:featuredmedia":[{"embeddable":true,"href":"https:\/\/www.forbes.be\/fr\/wp-json\/wp\/v2\/media\/13846"}],"wp:attachment":[{"href":"https:\/\/www.forbes.be\/fr\/wp-json\/wp\/v2\/media?parent=13845"}],"wp:term":[{"taxonomy":"category","embeddable":true,"href":"https:\/\/www.forbes.be\/fr\/wp-json\/wp\/v2\/categories?post=13845"},{"taxonomy":"post_tag","embeddable":true,"href":"https:\/\/www.forbes.be\/fr\/wp-json\/wp\/v2\/tags?post=13845"}],"curies":[{"name":"wp","href":"https:\/\/api.w.org\/{rel}","templated":true}]}}