{"id":13892,"date":"2025-12-03T08:30:36","date_gmt":"2025-12-03T07:30:36","guid":{"rendered":"https:\/\/www.forbes.be\/fr\/?p=13892"},"modified":"2025-12-05T14:58:12","modified_gmt":"2025-12-05T13:58:12","slug":"de-naxhelet-a-terres-du-val-autopsie-dun-rebranding-a-450-hectares","status":"publish","type":"post","link":"https:\/\/www.forbes.be\/fr\/de-naxhelet-a-terres-du-val-autopsie-dun-rebranding-a-450-hectares\/","title":{"rendered":"De Naxhelet \u00e0 Terres du Val : autopsie d&rsquo;un rebranding \u00e0 450 hectares"},"content":{"rendered":"<p><strong>Le 5 novembre 2025, le Domaine de Naxhelet s&rsquo;est effac\u00e9 pour laisser place aux Terres du Val. Derri\u00e8re ce rebranding se cache bien plus qu&rsquo;un changement de nom : c&rsquo;est l&rsquo;aboutissement d&rsquo;une strat\u00e9gie d&rsquo;int\u00e9gration verticale rare en Europe, o\u00f9 agriculture biologique, viticulture ambitieuse et hospitalit\u00e9 haut de gamme convergent sur 450 hectares sur le plateau de Wanze. Premi\u00e8re vendange, premiers jus, premi\u00e8res le\u00e7ons d&rsquo;un mod\u00e8le qui pourrait red\u00e9finir l&rsquo;agrotourisme belge.<\/strong><\/p>\n<p>\u00c0 Vinalmont, sur les hauteurs dominant la Mehaigne et la Meuse, la<strong> famille Jolly<\/strong> cultive ses terres depuis 1813. Sept g\u00e9n\u00e9rations plus tard, l&rsquo;exploitation agricole historique s&rsquo;est m\u00e9tamorphos\u00e9e en ce que ses dirigeants qualifient \u00ab\u00a0d&rsquo;\u00e9cosyst\u00e8me\u00a0\u00bb. Ici, chaque p\u00f4le d&rsquo;activit\u00e9 nourrit les autres : les c\u00e9r\u00e9ales anciennes deviennent pain au levain, les l\u00e9gumes du mara\u00eechage garnissent les assiettes du <strong>restaurant gastronomique Pollen<\/strong>, et le compost issu des cuisines retourne enrichir les <strong>vignes<\/strong>.<\/p>\n<p><strong>Charles-\u00c9douard Jolly<\/strong>, aux commandes op\u00e9rationnelles depuis 2015-2016, incarne cette vision transversale. Form\u00e9 \u00e0 la gestion \u00e0 l&rsquo;UCLouvain puis en gestion environnementale \u00e0 la facult\u00e9 d&rsquo;agronomie, il se d\u00e9finit comme un \u201centrepreneur de territoire\u201d. Une formule qui r\u00e9sume l&rsquo;ambition : concilier rentabilit\u00e9 \u00e9conomique, cr\u00e9ation d&#8217;emplois locaux et r\u00e9g\u00e9n\u00e9ration des \u00e9cosyst\u00e8mes.<\/p>\n<figure id=\"attachment_13895\" aria-describedby=\"caption-attachment-13895\" style=\"width: 2048px\" class=\"wp-caption alignnone\"><img loading=\"lazy\" decoding=\"async\" class=\"size-full wp-image-13895\" src=\"https:\/\/www.forbes.be\/fr\/wp-content\/uploads\/2025\/12\/maraichage-maurine-toussaint-16.jpg\" alt=\"\" width=\"2048\" height=\"1365\" srcset=\"https:\/\/www.forbes.be\/fr\/wp-content\/uploads\/2025\/12\/maraichage-maurine-toussaint-16.jpg 2048w, https:\/\/www.forbes.be\/fr\/wp-content\/uploads\/2025\/12\/maraichage-maurine-toussaint-16-300x200.jpg 300w, https:\/\/www.forbes.be\/fr\/wp-content\/uploads\/2025\/12\/maraichage-maurine-toussaint-16-1024x683.jpg 1024w, https:\/\/www.forbes.be\/fr\/wp-content\/uploads\/2025\/12\/maraichage-maurine-toussaint-16-768x512.jpg 768w, https:\/\/www.forbes.be\/fr\/wp-content\/uploads\/2025\/12\/maraichage-maurine-toussaint-16-1536x1024.jpg 1536w, https:\/\/www.forbes.be\/fr\/wp-content\/uploads\/2025\/12\/maraichage-maurine-toussaint-16-696x464.jpg 696w, https:\/\/www.forbes.be\/fr\/wp-content\/uploads\/2025\/12\/maraichage-maurine-toussaint-16-1068x712.jpg 1068w, https:\/\/www.forbes.be\/fr\/wp-content\/uploads\/2025\/12\/maraichage-maurine-toussaint-16-1920x1280.jpg 1920w, https:\/\/www.forbes.be\/fr\/wp-content\/uploads\/2025\/12\/maraichage-maurine-toussaint-16-600x400.jpg 600w\" sizes=\"auto, (max-width: 2048px) 100vw, 2048px\" \/><figcaption id=\"caption-attachment-13895\" class=\"wp-caption-text\">\u00a9 Maurine Toussaint<\/figcaption><\/figure>\n<p>\u00ab <em>Nous ne faisons pas de l&rsquo;<strong>agrotourisme<\/strong> uniquement au service du tourisme. Nous sommes de vrais entrepreneurs. Nous produisons du vin, nous produisons et vendons des c\u00e9r\u00e9ales, des l\u00e9gumes. Ce sont de vrais m\u00e9tiers \u00e0 part enti\u00e8re, qui doivent d\u00e9gager des rentabilit\u00e9s et qui g\u00e9n\u00e8rent de l&#8217;emploi<\/em> \u00bb, insiste <strong>Charles-\u00c9douard Jolly<\/strong>.<\/p>\n<p>\u00c0 ses c\u00f4t\u00e9s, sa s\u0153ur <strong>Cl\u00e9mentine Jolly <\/strong>occupe le poste de directrice op\u00e9rationnelle. Psychologue de formation initiale, elle a rejoint l&rsquo;entreprise familiale pour devenir l&rsquo;une des principales architectes de sa transformation. C&rsquo;est notamment elle qui a port\u00e9 la r\u00e9flexion sur le rebranding, qu&rsquo;elle qualifie \u00ab\u00a0<em>d&rsquo;\u00e9volution naturelle pour davantage de coh\u00e9rence<\/em>\u00ab\u00a0. <strong>Cl\u00e9mentine Jolly<\/strong> insiste \u00e9galement sur les valeurs \u00e9coresponsables qui animent le projet : le domaine vise une autonomie \u00e9nerg\u00e9tique de pr\u00e8s de 90% et a bascul\u00e9 vers l&rsquo;agriculture biologique d\u00e8s 2005, \u00e0 une \u00e9poque o\u00f9 cette approche \u00e9tait encore consid\u00e9r\u00e9e comme avant-gardiste.<\/p>\n<p>L&rsquo;architecture du projet repose sur cinq piliers interconnect\u00e9s : une <strong>ferme biologique<\/strong> certifi\u00e9e depuis 2010 (conversion amorc\u00e9e d\u00e8s 2005), un <strong>vignoble<\/strong> de 20 hectares plant\u00e9 entre 2021 et 2025, un <strong>h\u00f4tel<\/strong> 4 \u00e9toiles sup\u00e9rieur de 35 chambres nich\u00e9 dans une ancienne ferme en carr\u00e9 r\u00e9nov\u00e9e, une offre gastronomique double (le <strong>restaurant Pollen<\/strong> distingu\u00e9 par le Gault&amp;Millau et un brasserie conviviale), et un <strong>golf<\/strong> de 30 trous dessin\u00e9 par l&rsquo;architecte britannique Martin Hawtree, seul parcours wallon labellis\u00e9 GEO Certified d\u00e8s sa conception.<\/p>\n<h2>Naxhelet s&rsquo;efface : anatomie d&rsquo;un rebranding strat\u00e9gique<\/h2>\n<p>Le choix de faire dispara\u00eetre la marque <strong>Naxhelet<\/strong> (pourtant solidement \u00e9tablie dans le paysage golfique belge) n&rsquo;a rien d&rsquo;anodin. Derri\u00e8re cette d\u00e9cision, fruit de \u00ab <em>grands d\u00e9bats en famille<\/em> \u00bb, selon les termes de <strong>Charles-\u00c9douard Jolly<\/strong>, se cache un diagnostic lucide : l&rsquo;absence d&rsquo;une marque unique \u00e9tait devenue un frein \u00e0 l&rsquo;expansion.<\/p>\n<p>\u00ab <em><strong>Naxhelet<\/strong> \u00e9tait principalement connu pour le <strong>golf<\/strong>. D&rsquo;ailleurs, les gens disaient : \u201c<\/em>Je vais dormir au <strong>golf<\/strong> de <strong>Naxhelet<\/strong>.<em>\u201d Nous pensons avoir un peu souffert de cela, parce que nous ne sommes pas que \u00e7a et qu&rsquo;il n&rsquo;est pas n\u00e9cessaire d&rsquo;\u00eatre golfeur pour venir chez nous. Surtout, limiter tout le domaine au golf, c&rsquo;est ne pas voir tout le reste de l&rsquo;activit\u00e9.<\/em> \u00bb<\/p>\n<figure id=\"attachment_13893\" aria-describedby=\"caption-attachment-13893\" style=\"width: 1707px\" class=\"wp-caption alignnone\"><img loading=\"lazy\" decoding=\"async\" class=\"size-full wp-image-13893\" src=\"https:\/\/www.forbes.be\/fr\/wp-content\/uploads\/2025\/12\/golf-mars25-maurine-toussaint-112-scaled.jpg\" alt=\"\" width=\"1707\" height=\"2560\" srcset=\"https:\/\/www.forbes.be\/fr\/wp-content\/uploads\/2025\/12\/golf-mars25-maurine-toussaint-112-scaled.jpg 1707w, https:\/\/www.forbes.be\/fr\/wp-content\/uploads\/2025\/12\/golf-mars25-maurine-toussaint-112-200x300.jpg 200w, https:\/\/www.forbes.be\/fr\/wp-content\/uploads\/2025\/12\/golf-mars25-maurine-toussaint-112-683x1024.jpg 683w, https:\/\/www.forbes.be\/fr\/wp-content\/uploads\/2025\/12\/golf-mars25-maurine-toussaint-112-768x1152.jpg 768w, https:\/\/www.forbes.be\/fr\/wp-content\/uploads\/2025\/12\/golf-mars25-maurine-toussaint-112-1024x1536.jpg 1024w, https:\/\/www.forbes.be\/fr\/wp-content\/uploads\/2025\/12\/golf-mars25-maurine-toussaint-112-1365x2048.jpg 1365w, https:\/\/www.forbes.be\/fr\/wp-content\/uploads\/2025\/12\/golf-mars25-maurine-toussaint-112-696x1044.jpg 696w, https:\/\/www.forbes.be\/fr\/wp-content\/uploads\/2025\/12\/golf-mars25-maurine-toussaint-112-1068x1602.jpg 1068w, https:\/\/www.forbes.be\/fr\/wp-content\/uploads\/2025\/12\/golf-mars25-maurine-toussaint-112-1920x2880.jpg 1920w, https:\/\/www.forbes.be\/fr\/wp-content\/uploads\/2025\/12\/golf-mars25-maurine-toussaint-112-600x900.jpg 600w\" sizes=\"auto, (max-width: 1707px) 100vw, 1707px\" \/><figcaption id=\"caption-attachment-13893\" class=\"wp-caption-text\">\u00a9 Maurine Toussaint<\/figcaption><\/figure>\n<p>L&rsquo;enjeu \u00e9tait aussi pratique. Avant l&rsquo;unification, le client devait naviguer entre plusieurs identit\u00e9s : <strong>Champain<\/strong> pour la boulangerie, <strong>Ferme du Val<\/strong> pour l&rsquo;exploitation agricole, <strong>Naxhelet<\/strong> pour l&rsquo;hospitalit\u00e9 et le sport. \u00ab <em>Cela devenait extr\u00eamement difficile d&rsquo;expliquer<\/em> <em>\u00a0qu&rsquo;ils \u00e9taient au <strong>restaurant Pollen<\/strong>, situ\u00e9 \u00e0 <strong>Naxhelet<\/strong>, o\u00f9 ils mangeaient du pain de <strong>Champain<\/strong> fabriqu\u00e9 avec la farine de la <strong>Ferme du Val.<\/strong> Nous souffrions de ce manque de lisibilit\u00e9<\/em>\u00a0\u00bb, reconna\u00eet le dirigeant.<\/p>\n<p>Le nom <strong>Terres du Val<\/strong>, \u00e9labor\u00e9 avec une agence de communication il y a deux ans, coche toutes les cases : il \u00e9voque le terroir, l&rsquo;ancrage territorial, la dimension agricole. C&rsquo;est une marque ombrelle capable de l\u00e9gitimer aussi bien la vente de vin que de nuit\u00e9es, de pain ou de s\u00e9minaires d&rsquo;entreprise. Deux exceptions subsistent n\u00e9anmoins : <strong>Naxhelet<\/strong> demeure pour le <strong>club de golf<\/strong> <em>stricto sensu<\/em>, et <strong>Pollen<\/strong> conserve son identit\u00e9 propre : \u00ab <em>parce que c&rsquo;est important dans le monde de la restauration que les restaurants aient leur propre nom<\/em> \u00bb, et aussi pour \u00e9viter l&rsquo;\u00e9tiquette r\u00e9ductrice de \u00ab\u00a0restaurant d&rsquo;h\u00f4tel\u00a0\u00bb ou \u00ab\u00a0restaurant de golf\u00a0\u00bb.<\/p>\n<p>La transformation va au-del\u00e0 de la nomenclature. Toute l&rsquo;identit\u00e9 visuelle a \u00e9t\u00e9 uniformis\u00e9e : m\u00eame logo, m\u00eame palette de couleurs, m\u00eame signal\u00e9tique de la boulangerie \u00e0 l&rsquo;entr\u00e9e du domaine jusqu&rsquo;aux chambres de l&rsquo;h\u00f4tel. \u00ab <em>Vous entrez dans un monde, peu importe par quel biais, mais vous entrez dans un seul et m\u00eame univers que nous voulons unique et hors du commun<\/em> \u00bb, r\u00e9sume <strong>Charles-\u00c9douard Jolly<\/strong>.<\/p>\n<h2>Le pari viticole : 20 hectares et une audace assum\u00e9e<\/h2>\n<p>Le <strong>vignoble<\/strong> constitue la pi\u00e8ce ma\u00eetresse de la nouvelle strat\u00e9gie. Plant\u00e9 entre 2021 et 2025, il s&rsquo;\u00e9tend sur 20 hectares (une surface consid\u00e9rable \u00e0 l&rsquo;\u00e9chelle belge, comparable aux g\u00e9ants du secteur comme Chant d&rsquo;\u00c9ole). Mais au-del\u00e0 du volume, c&rsquo;est le positionnement qui interpelle.<\/p>\n<figure id=\"attachment_13901\" aria-describedby=\"caption-attachment-13901\" style=\"width: 1920px\" class=\"wp-caption alignnone\"><img loading=\"lazy\" decoding=\"async\" class=\"size-full wp-image-13901\" src=\"https:\/\/www.forbes.be\/fr\/wp-content\/uploads\/2025\/12\/tdv-vignoble-maurinetoussaint-2.jpg\" alt=\"\" width=\"1920\" height=\"1440\" srcset=\"https:\/\/www.forbes.be\/fr\/wp-content\/uploads\/2025\/12\/tdv-vignoble-maurinetoussaint-2.jpg 1920w, https:\/\/www.forbes.be\/fr\/wp-content\/uploads\/2025\/12\/tdv-vignoble-maurinetoussaint-2-300x225.jpg 300w, https:\/\/www.forbes.be\/fr\/wp-content\/uploads\/2025\/12\/tdv-vignoble-maurinetoussaint-2-1024x768.jpg 1024w, https:\/\/www.forbes.be\/fr\/wp-content\/uploads\/2025\/12\/tdv-vignoble-maurinetoussaint-2-768x576.jpg 768w, https:\/\/www.forbes.be\/fr\/wp-content\/uploads\/2025\/12\/tdv-vignoble-maurinetoussaint-2-1536x1152.jpg 1536w, https:\/\/www.forbes.be\/fr\/wp-content\/uploads\/2025\/12\/tdv-vignoble-maurinetoussaint-2-696x522.jpg 696w, https:\/\/www.forbes.be\/fr\/wp-content\/uploads\/2025\/12\/tdv-vignoble-maurinetoussaint-2-1068x801.jpg 1068w, https:\/\/www.forbes.be\/fr\/wp-content\/uploads\/2025\/12\/tdv-vignoble-maurinetoussaint-2-600x450.jpg 600w\" sizes=\"auto, (max-width: 1920px) 100vw, 1920px\" \/><figcaption id=\"caption-attachment-13901\" class=\"wp-caption-text\">\u00a9 Marine Toussaint<\/figcaption><\/figure>\n<p>L&rsquo;investissement ne s&rsquo;est pas fait \u00e0 l&rsquo;aveugle. La famille a sollicit\u00e9 Claude et Lydia Bourguignon, les c\u00e9l\u00e8bres microbiologistes des sols qui conseillent des domaines aussi prestigieux que la Roman\u00e9e-Conti. Leur analyse a r\u00e9v\u00e9l\u00e9 une veine g\u00e9ologique particuli\u00e8re : des sols de schistes et de galets roul\u00e9s, id\u00e9aux pour le drainage (crucial sous le climat humide belge) et la restitution de chaleur (d\u00e9terminante en climat frais). Ce type de terroir, diff\u00e9rent du sable flamand ou de la craie champenoise, promet des vins vifs et min\u00e9raux, distincts de la concurrence nationale.<\/p>\n<p>\u00ab <em>Comment valoriser au mieux des coteaux rocailleux qui donnaient tr\u00e8s peu de rendement et de rentabilit\u00e9 au niveau agricole ? Comment utiliser au mieux les usages du sol tout en r\u00e9ussissant \u00e0 donner une seconde vie \u00e0 des b\u00e2timents class\u00e9s qui, jusqu&rsquo;\u00e0 aujourd&rsquo;hui, \u00e9taient plut\u00f4t des centres de co\u00fbts que de profits ?<\/em> \u00bb, explique <strong>Charles-\u00c9douard Jolly<\/strong> pour justifier la logique d&rsquo;optimisation fonci\u00e8re.<\/p>\n<h2>Un enc\u00e9pagement \u00e0 contre-courant<\/h2>\n<p>La strat\u00e9gie vari\u00e9tale elle-m\u00eame constitue un pari. L\u00e0 o\u00f9 la quasi-totalit\u00e9 des<strong> vignobles belges<\/strong> misent prioritairement sur les effervescents puis sur les blancs, <strong>Terres du Val<\/strong> a plant\u00e9 plus de 6 hectares destin\u00e9s au vin rouge. L&rsquo;<strong>enc\u00e9pagement<\/strong> combine des valeurs s\u00fbres (chardonnay, pinot noir, pinot meunier, pinot gris) et des choix plus audacieux : le gamay, anticipant le r\u00e9chauffement climatique qui rend la Belgique capable de produire des rouges structur\u00e9s, et le chasselas, c\u00e9page rare hors de Suisse qui permet de se distinguer sur les cartes des sommeliers.<\/p>\n<figure id=\"attachment_13904\" aria-describedby=\"caption-attachment-13904\" style=\"width: 1920px\" class=\"wp-caption alignnone\"><img loading=\"lazy\" decoding=\"async\" class=\"size-full wp-image-13904\" src=\"https:\/\/www.forbes.be\/fr\/wp-content\/uploads\/2025\/12\/vignoble-maurine-toussaint-1-scaled.jpg\" alt=\"\" width=\"1920\" height=\"2560\" srcset=\"https:\/\/www.forbes.be\/fr\/wp-content\/uploads\/2025\/12\/vignoble-maurine-toussaint-1-scaled.jpg 1920w, https:\/\/www.forbes.be\/fr\/wp-content\/uploads\/2025\/12\/vignoble-maurine-toussaint-1-225x300.jpg 225w, https:\/\/www.forbes.be\/fr\/wp-content\/uploads\/2025\/12\/vignoble-maurine-toussaint-1-768x1024.jpg 768w, https:\/\/www.forbes.be\/fr\/wp-content\/uploads\/2025\/12\/vignoble-maurine-toussaint-1-1152x1536.jpg 1152w, https:\/\/www.forbes.be\/fr\/wp-content\/uploads\/2025\/12\/vignoble-maurine-toussaint-1-1536x2048.jpg 1536w, https:\/\/www.forbes.be\/fr\/wp-content\/uploads\/2025\/12\/vignoble-maurine-toussaint-1-696x928.jpg 696w, https:\/\/www.forbes.be\/fr\/wp-content\/uploads\/2025\/12\/vignoble-maurine-toussaint-1-1068x1424.jpg 1068w, https:\/\/www.forbes.be\/fr\/wp-content\/uploads\/2025\/12\/vignoble-maurine-toussaint-1-600x800.jpg 600w\" sizes=\"auto, (max-width: 1920px) 100vw, 1920px\" \/><figcaption id=\"caption-attachment-13904\" class=\"wp-caption-text\">\u00a9 Maurine Toussaint<\/figcaption><\/figure>\n<p>\u00ab <em>C&rsquo;est un pari tr\u00e8s audacieux que nous avons fait d&#8217;embl\u00e9e, parce que la plupart des <strong>vignobles<\/strong>, si ce n&rsquo;est la totalit\u00e9 en Belgique, misent d&rsquo;abord sur les effervescents, puis sur les vins blancs. Nous, c&rsquo;est l&rsquo;inverse : nous avons plant\u00e9 plus de rouge<\/em> \u00bb, assume <strong>Charles-\u00c9douard Jolly<\/strong>.<\/p>\n<p>La logique sous-jacente est celle de la gestion du risque. Toutes les parcelles plant\u00e9es pour le <strong>vin tranquille<\/strong> peuvent, en cas d&rsquo;ann\u00e9e climatique difficile, \u00eatre vinifi\u00e9es en <strong>effervescent<\/strong>. Une flexibilit\u00e9 strat\u00e9gique qui permet d&rsquo;absorber la volatilit\u00e9 inh\u00e9rente \u00e0 la <strong>viticulture<\/strong> sous nos latitudes.<\/p>\n<h2>Septembre 2025 : bilan d&rsquo;une premi\u00e8re vendange<\/h2>\n<p>En attendant la finalisation de leur propre chai, les <strong>Jolly<\/strong> ont trouv\u00e9 refuge chez leurs voisins du Ch\u00e2teau de Fumal (le domaine de Fran\u00e7ois-Hubert du Fontbar\u00e9), mutualisant notamment le pressoir tout en conservant leur ind\u00e9pendance pour le reste de la <strong>vinification<\/strong>. C&rsquo;est l\u00e0 que les premiers jus du mill\u00e9sime 2025 reposent aujourd&rsquo;hui.<\/p>\n<p>Le mill\u00e9sime 2025 s&rsquo;annonce excellent en Belgique, offrant aux Terres du Val des conditions id\u00e9ales pour d\u00e9buter. Cette ann\u00e9e, seules les plantations de 2021 et une partie de celles de 2022 ont donn\u00e9 des fruits. Les volumes vont augmenter de pr\u00e8s de 30% par an, avec un bond significatif attendu en 2028-2029 quand les 9 hectares plant\u00e9s en 2025 entreront en production. \u00c0 terme, le potentiel d\u00e9passe les 80 000 \u00e0 100 000 bouteilles annuelles.<br \/>\nLes premi\u00e8res d\u00e9gustations ont surtout rassur\u00e9 sur le pari du rouge. Le gamay pr\u00e9sente une belle structure et un fruit\u00e9 \u00e9quilibr\u00e9, loin des versions trop complaisantes. Le pinot noir, dont une partie a souffert d&rsquo;une attaque de gu\u00eapes, sera \u00e9lev\u00e9 en barriques bourguignonnes usag\u00e9es qui apporteront structure et rondeur sans marquer le bois. Quant au chasselas, il confirme son potentiel de diff\u00e9renciation.<\/p>\n<figure id=\"attachment_13902\" aria-describedby=\"caption-attachment-13902\" style=\"width: 1707px\" class=\"wp-caption alignnone\"><img loading=\"lazy\" decoding=\"async\" class=\"size-full wp-image-13902\" src=\"https:\/\/www.forbes.be\/fr\/wp-content\/uploads\/2025\/12\/vignes-mai25-maurine-toussaint-13-scaled.jpg\" alt=\"\" width=\"1707\" height=\"2560\" srcset=\"https:\/\/www.forbes.be\/fr\/wp-content\/uploads\/2025\/12\/vignes-mai25-maurine-toussaint-13-scaled.jpg 1707w, https:\/\/www.forbes.be\/fr\/wp-content\/uploads\/2025\/12\/vignes-mai25-maurine-toussaint-13-200x300.jpg 200w, https:\/\/www.forbes.be\/fr\/wp-content\/uploads\/2025\/12\/vignes-mai25-maurine-toussaint-13-683x1024.jpg 683w, https:\/\/www.forbes.be\/fr\/wp-content\/uploads\/2025\/12\/vignes-mai25-maurine-toussaint-13-768x1152.jpg 768w, https:\/\/www.forbes.be\/fr\/wp-content\/uploads\/2025\/12\/vignes-mai25-maurine-toussaint-13-1024x1536.jpg 1024w, https:\/\/www.forbes.be\/fr\/wp-content\/uploads\/2025\/12\/vignes-mai25-maurine-toussaint-13-1365x2048.jpg 1365w, https:\/\/www.forbes.be\/fr\/wp-content\/uploads\/2025\/12\/vignes-mai25-maurine-toussaint-13-696x1044.jpg 696w, https:\/\/www.forbes.be\/fr\/wp-content\/uploads\/2025\/12\/vignes-mai25-maurine-toussaint-13-1068x1602.jpg 1068w, https:\/\/www.forbes.be\/fr\/wp-content\/uploads\/2025\/12\/vignes-mai25-maurine-toussaint-13-1920x2880.jpg 1920w, https:\/\/www.forbes.be\/fr\/wp-content\/uploads\/2025\/12\/vignes-mai25-maurine-toussaint-13-600x900.jpg 600w\" sizes=\"auto, (max-width: 1707px) 100vw, 1707px\" \/><figcaption id=\"caption-attachment-13902\" class=\"wp-caption-text\">\u00a9 Maurine Toussaint<\/figcaption><\/figure>\n<p>\u00ab <em>C\u2019\u00e9tait un paris mais \u00e7a ne l&rsquo;est plus, parce que maintenant j&rsquo;ai d\u00e9gust\u00e9 et je suis rassur\u00e9. Nous avons un magnifique terroir \u00e0 <strong>vin rouge<\/strong> et nous nous r\u00e9jouissons de faire d\u00e9guster cela, parce que ce sera tr\u00e8s gratifiant de pouvoir nous positionner comme un vignoble qui en fera l&rsquo;une de ses marques de fabrique.<\/em> \u00bb<\/p>\n<p>Les premi\u00e8res cuv\u00e9es de blanc (chardonnay) et de rouge (gamay) devraient \u00eatre commercialis\u00e9es dans le courant de l&rsquo;\u00e9t\u00e9 2026. Pour les effervescents, il faudra prendre patience. Le domaine vise d\u00e9j\u00e0 le label \u00ab\u00a0BelBul\u00a0\u00bb, nouvelle appellation de qualit\u00e9 officielle pour les effervescents belges produits en m\u00e9thode traditionnelle avec 100% de raisins belges.<\/p>\n<h2>L&rsquo;\u00e9conomie circulaire comme mod\u00e8le d&rsquo;affaires<\/h2>\n<p>Le mod\u00e8le <strong>Terres du Val<\/strong> rel\u00e8ve de l&rsquo;int\u00e9gration verticale pouss\u00e9e \u00e0 son paroxysme : en transformant leurs propres mati\u00e8res premi\u00e8res (bl\u00e9 en pain, raisin en vin, l\u00e9gumes en assiette gastronomique), les <strong>Jolly<\/strong> captent l&rsquo;int\u00e9gralit\u00e9 de la cha\u00eene de valeur, de la terre \u00e0 l&rsquo;exp\u00e9rience client.<\/p>\n<figure id=\"attachment_13896\" aria-describedby=\"caption-attachment-13896\" style=\"width: 2048px\" class=\"wp-caption alignnone\"><img loading=\"lazy\" decoding=\"async\" class=\"size-full wp-image-13896\" src=\"https:\/\/www.forbes.be\/fr\/wp-content\/uploads\/2025\/12\/maraichage-maurine-toussaint-44.jpg\" alt=\"\" width=\"2048\" height=\"1365\" srcset=\"https:\/\/www.forbes.be\/fr\/wp-content\/uploads\/2025\/12\/maraichage-maurine-toussaint-44.jpg 2048w, https:\/\/www.forbes.be\/fr\/wp-content\/uploads\/2025\/12\/maraichage-maurine-toussaint-44-300x200.jpg 300w, https:\/\/www.forbes.be\/fr\/wp-content\/uploads\/2025\/12\/maraichage-maurine-toussaint-44-1024x683.jpg 1024w, https:\/\/www.forbes.be\/fr\/wp-content\/uploads\/2025\/12\/maraichage-maurine-toussaint-44-768x512.jpg 768w, https:\/\/www.forbes.be\/fr\/wp-content\/uploads\/2025\/12\/maraichage-maurine-toussaint-44-1536x1024.jpg 1536w, https:\/\/www.forbes.be\/fr\/wp-content\/uploads\/2025\/12\/maraichage-maurine-toussaint-44-696x464.jpg 696w, https:\/\/www.forbes.be\/fr\/wp-content\/uploads\/2025\/12\/maraichage-maurine-toussaint-44-1068x712.jpg 1068w, https:\/\/www.forbes.be\/fr\/wp-content\/uploads\/2025\/12\/maraichage-maurine-toussaint-44-1920x1280.jpg 1920w, https:\/\/www.forbes.be\/fr\/wp-content\/uploads\/2025\/12\/maraichage-maurine-toussaint-44-600x400.jpg 600w\" sizes=\"auto, (max-width: 2048px) 100vw, 2048px\" \/><figcaption id=\"caption-attachment-13896\" class=\"wp-caption-text\">\u00a9 Maurine Toussaint<\/figcaption><\/figure>\n<p>L&rsquo;<strong>h\u00f4tellerie<\/strong> elle-m\u00eame ob\u00e9it \u00e0 une logique bic\u00e9phale optimis\u00e9e. En semaine, le domaine cible le march\u00e9 MICE (s\u00e9minaires, incentives, conf\u00e9rences) : les entreprises des secteurs pharmaceutique, bancaire ou technologique y trouvent un cadre pour leurs \u00ab\u00a0<em>green seminars\u00a0\u00bb<\/em>, valorisables dans leurs propres rapports RSE. Le week-end, la client\u00e8le <em>leisure premium<\/em> (couples, golfeurs, amateurs de spa) g\u00e9n\u00e8re un panier moyen \u00e9lev\u00e9 combinant nuit\u00e9e, d\u00eener gastronomique, soin <em>wellness<\/em> et <em>green fee<\/em>.<\/p>\n<p>La <strong>circularit\u00e9<\/strong> permet aussi de r\u00e9duire les d\u00e9penses op\u00e9rationnelles. Les d\u00e9chets organiques des <strong>restaurants<\/strong> sont compost\u00e9s pour nourrir les <strong>vignes<\/strong> et le<strong> mara\u00eechage<\/strong>. Un syst\u00e8me de r\u00e9cup\u00e9ration des eaux pluviales et de drainage alimente des bassins de r\u00e9tention, r\u00e9duisant la d\u00e9pendance au r\u00e9seau public. Biomasse issue de l&rsquo;entretien des haies et panneaux photovolta\u00efques visent \u00e0 d\u00e9sensibiliser le compte de r\u00e9sultat \u00e0 la volatilit\u00e9 des prix \u00e9nerg\u00e9tiques.<\/p>\n<figure id=\"attachment_13898\" aria-describedby=\"caption-attachment-13898\" style=\"width: 2048px\" class=\"wp-caption alignnone\"><img loading=\"lazy\" decoding=\"async\" class=\"size-full wp-image-13898\" src=\"https:\/\/www.forbes.be\/fr\/wp-content\/uploads\/2025\/12\/portraits-maurine-toussaint-32.jpg\" alt=\"\" width=\"2048\" height=\"1365\" srcset=\"https:\/\/www.forbes.be\/fr\/wp-content\/uploads\/2025\/12\/portraits-maurine-toussaint-32.jpg 2048w, https:\/\/www.forbes.be\/fr\/wp-content\/uploads\/2025\/12\/portraits-maurine-toussaint-32-300x200.jpg 300w, https:\/\/www.forbes.be\/fr\/wp-content\/uploads\/2025\/12\/portraits-maurine-toussaint-32-1024x683.jpg 1024w, https:\/\/www.forbes.be\/fr\/wp-content\/uploads\/2025\/12\/portraits-maurine-toussaint-32-768x512.jpg 768w, https:\/\/www.forbes.be\/fr\/wp-content\/uploads\/2025\/12\/portraits-maurine-toussaint-32-1536x1024.jpg 1536w, https:\/\/www.forbes.be\/fr\/wp-content\/uploads\/2025\/12\/portraits-maurine-toussaint-32-696x464.jpg 696w, https:\/\/www.forbes.be\/fr\/wp-content\/uploads\/2025\/12\/portraits-maurine-toussaint-32-1068x712.jpg 1068w, https:\/\/www.forbes.be\/fr\/wp-content\/uploads\/2025\/12\/portraits-maurine-toussaint-32-1920x1280.jpg 1920w, https:\/\/www.forbes.be\/fr\/wp-content\/uploads\/2025\/12\/portraits-maurine-toussaint-32-600x400.jpg 600w\" sizes=\"auto, (max-width: 2048px) 100vw, 2048px\" \/><figcaption id=\"caption-attachment-13898\" class=\"wp-caption-text\">Une partie de la famille Jolly impliqu\u00e9e dans le d\u00e9veloppement des Terres du Val (de gauche \u00e0 droite) : Charles-Edouard, Fran\u00e7oise, Bernard et Cl\u00e9mentine \u00a9 Maurine Toussaint<\/figcaption><\/figure>\n<p>Cette strat\u00e9gie de \u201c<em>capital patient<\/em>\u201d, dans lequel l&rsquo;on accepte de br\u00fbler du cash aujourd&rsquo;hui (CAPEX plantation, cuverie) pour cr\u00e9er un actif qui vaudra une fortune dans vingt ans, n&rsquo;est possible que dans un contexte de gouvernance familiale. La <strong>famille Jolly<\/strong>, propri\u00e9taire depuis 1813, op\u00e8re sur un horizon g\u00e9n\u00e9rationnel que nul fonds de <em>private equity<\/em> ne pourrait envisager. La reconnaissance est d&rsquo;ailleurs venue : <strong>Fran\u00e7oise<\/strong> et <strong>Bernard Jolly<\/strong>, les parents de Charles-\u00c9douard, ont \u00e9t\u00e9 sacr\u00e9s \u00ab\u00a0<em>Entrepreneur of the Year<\/em>\u00a0\u00bb aux Culinary Innovators Awards 2025 du Gault&amp;Millau.<\/p>\n<h2>Les zones d&rsquo;ombre du mod\u00e8le<\/h2>\n<p>Une analyse \u00e9quilibr\u00e9e impose de souligner les risques inh\u00e9rents \u00e0 ce mod\u00e8le ambitieux. Le premier concerne la <strong>viticulture biodynamique<\/strong> en climat belge. S&rsquo;interdire la chimie de synth\u00e8se dans une r\u00e9gion o\u00f9 l&rsquo;humidit\u00e9 favorise le mildiou expose \u00e0 une volatilit\u00e9 de production significative. Une \u00ab\u00a0ann\u00e9e noire\u00a0\u00bb peut d\u00e9truire jusqu&rsquo;\u00e0 80% de la r\u00e9colte. Un risque que le mill\u00e9sime favorable de 2025 ne doit pas faire oublier.<\/p>\n<figure id=\"attachment_13899\" aria-describedby=\"caption-attachment-13899\" style=\"width: 2560px\" class=\"wp-caption alignnone\"><img loading=\"lazy\" decoding=\"async\" class=\"size-full wp-image-13899\" src=\"https:\/\/www.forbes.be\/fr\/wp-content\/uploads\/2025\/12\/tdv-domaine-maurinetoussaint-2-1-scaled.jpg\" alt=\"\" width=\"2560\" height=\"1704\" srcset=\"https:\/\/www.forbes.be\/fr\/wp-content\/uploads\/2025\/12\/tdv-domaine-maurinetoussaint-2-1-scaled.jpg 2560w, https:\/\/www.forbes.be\/fr\/wp-content\/uploads\/2025\/12\/tdv-domaine-maurinetoussaint-2-1-300x200.jpg 300w, https:\/\/www.forbes.be\/fr\/wp-content\/uploads\/2025\/12\/tdv-domaine-maurinetoussaint-2-1-1024x682.jpg 1024w, https:\/\/www.forbes.be\/fr\/wp-content\/uploads\/2025\/12\/tdv-domaine-maurinetoussaint-2-1-768x511.jpg 768w, https:\/\/www.forbes.be\/fr\/wp-content\/uploads\/2025\/12\/tdv-domaine-maurinetoussaint-2-1-1536x1022.jpg 1536w, https:\/\/www.forbes.be\/fr\/wp-content\/uploads\/2025\/12\/tdv-domaine-maurinetoussaint-2-1-2048x1363.jpg 2048w, https:\/\/www.forbes.be\/fr\/wp-content\/uploads\/2025\/12\/tdv-domaine-maurinetoussaint-2-1-696x463.jpg 696w, https:\/\/www.forbes.be\/fr\/wp-content\/uploads\/2025\/12\/tdv-domaine-maurinetoussaint-2-1-1068x711.jpg 1068w, https:\/\/www.forbes.be\/fr\/wp-content\/uploads\/2025\/12\/tdv-domaine-maurinetoussaint-2-1-1920x1278.jpg 1920w, https:\/\/www.forbes.be\/fr\/wp-content\/uploads\/2025\/12\/tdv-domaine-maurinetoussaint-2-1-600x399.jpg 600w\" sizes=\"auto, (max-width: 2560px) 100vw, 2560px\" \/><figcaption id=\"caption-attachment-13899\" class=\"wp-caption-text\">\u00a9 Maurine Toussaint<\/figcaption><\/figure>\n<p>Le deuxi\u00e8me d\u00e9fi est humain. Faire tourner simultan\u00e9ment un <strong>h\u00f4tel<\/strong> 4 \u00e9toiles sup\u00e9rieur, un <strong>restaurant<\/strong> de niveau gastronomique, une <strong>boulangerie artisanale<\/strong> et un <strong>vignoble<\/strong> exige une main-d&rsquo;\u0153uvre ultra-qualifi\u00e9e. Or Wanze reste une commune rurale o\u00f9 le recrutement de talents constitue un goulot d&rsquo;\u00e9tranglement structurel.<\/p>\n<p>Enfin, le march\u00e9 viticole belge lui-m\u00eame est en pleine mutation. L&rsquo;explosion des domaines ces derni\u00e8res ann\u00e9es cr\u00e9e une concurrence croissante. <strong>Terres du Val<\/strong> arrive sur un segment qui commence \u00e0 se peupler, et la qualit\u00e9 devra \u00eatre irr\u00e9prochable d\u00e8s le premier mill\u00e9sime.<\/p>\n<h2>Vers un nouveau standard de l&rsquo;hospitalit\u00e9 durable ?<\/h2>\n<p>Les <strong>Terres du Val<\/strong> illustrent une tendance de fond dans le <strong>capitalisme familial europ\u00e9en<\/strong> : la transformation de patrimoines fonciers historiques en \u00ab\u00a0holdings de l&rsquo;exp\u00e9rience durable\u00a0\u00bb. Ce n&rsquo;est plus seulement une affaire de <strong>rendement agricole<\/strong> ou de <strong>taux d&rsquo;occupation h\u00f4telier<\/strong> : c&rsquo;est la vente d&rsquo;une promesse de souverainet\u00e9 \u00e9conomique.<\/p>\n<p>Dans un monde post-Covid, climatiquement incertain et \u00e9conomiquement volatil, ce type de domaine incarne un fantasme : \u00eatre capable de vivre en autarcie dans lequel il est possible de boire son vin, manger son pain, produire son \u00e9nergie, tout en jouissant du confort d&rsquo;un cinq \u00e9toiles. C&rsquo;est ce que certains analystes appellent le \u00ab\u00a0Resilient Luxury\u00a0\u00bb, un <strong>luxe<\/strong> qui ne se contente pas de para\u00eetre durable mais qui l&rsquo;est structurellement.<\/p>\n<figure id=\"attachment_13894\" aria-describedby=\"caption-attachment-13894\" style=\"width: 1707px\" class=\"wp-caption alignnone\"><img loading=\"lazy\" decoding=\"async\" class=\"size-full wp-image-13894\" src=\"https:\/\/www.forbes.be\/fr\/wp-content\/uploads\/2025\/12\/hotel-mars25-maurine-toussaint-119-scaled.jpg\" alt=\"\" width=\"1707\" height=\"2560\" srcset=\"https:\/\/www.forbes.be\/fr\/wp-content\/uploads\/2025\/12\/hotel-mars25-maurine-toussaint-119-scaled.jpg 1707w, https:\/\/www.forbes.be\/fr\/wp-content\/uploads\/2025\/12\/hotel-mars25-maurine-toussaint-119-200x300.jpg 200w, https:\/\/www.forbes.be\/fr\/wp-content\/uploads\/2025\/12\/hotel-mars25-maurine-toussaint-119-683x1024.jpg 683w, https:\/\/www.forbes.be\/fr\/wp-content\/uploads\/2025\/12\/hotel-mars25-maurine-toussaint-119-768x1152.jpg 768w, https:\/\/www.forbes.be\/fr\/wp-content\/uploads\/2025\/12\/hotel-mars25-maurine-toussaint-119-1024x1536.jpg 1024w, https:\/\/www.forbes.be\/fr\/wp-content\/uploads\/2025\/12\/hotel-mars25-maurine-toussaint-119-1365x2048.jpg 1365w, https:\/\/www.forbes.be\/fr\/wp-content\/uploads\/2025\/12\/hotel-mars25-maurine-toussaint-119-696x1044.jpg 696w, https:\/\/www.forbes.be\/fr\/wp-content\/uploads\/2025\/12\/hotel-mars25-maurine-toussaint-119-1068x1602.jpg 1068w, https:\/\/www.forbes.be\/fr\/wp-content\/uploads\/2025\/12\/hotel-mars25-maurine-toussaint-119-1920x2880.jpg 1920w, https:\/\/www.forbes.be\/fr\/wp-content\/uploads\/2025\/12\/hotel-mars25-maurine-toussaint-119-600x900.jpg 600w\" sizes=\"auto, (max-width: 1707px) 100vw, 1707px\" \/><figcaption id=\"caption-attachment-13894\" class=\"wp-caption-text\">\u00a9 Maurine Toussaint<\/figcaption><\/figure>\n<p>\u00ab <em>C&rsquo;est une belle histoire qui a commenc\u00e9 il y a 35-40 ans quand nos parents ont d\u00e9barqu\u00e9 ici, qui se poursuit et qui est vraiment formidable<\/em> \u00bb, conclut <strong>Charles-\u00c9douard Jolly<\/strong>, rappelant que derri\u00e8re les <em>business plans<\/em> sophistiqu\u00e9s et les strat\u00e9gies de marque, il y a d&rsquo;abord une saga familiale.<\/p>\n<p>En r\u00e9ussissant la fusion entre l&rsquo;authenticit\u00e9 agricole (biodynamie, circuits ultra-courts, patrimoine b\u00e2ti class\u00e9) et les codes du luxe contemporain (spa, gastronomie, \u0153notourisme), la <strong>famille Jolly<\/strong> ne vend pas seulement du vin ou des nuit\u00e9es. Elle vend une exp\u00e9rience de terroir compl\u00e8te, imitant avec ses propres moyens les mod\u00e8les les plus avanc\u00e9s de Napa Valley ou de Toscane, mais au c\u0153ur de la Wallonie. La question d\u00e9sormais est de savoir si le premier mill\u00e9sime sera \u00e0 la hauteur de l&rsquo;ambition. Rendez-vous \u00e0 l&rsquo;\u00e9t\u00e9 2026.<\/p>\n","protected":false},"excerpt":{"rendered":"<p>Le 5 novembre 2025, le Domaine de Naxhelet s&rsquo;est effac\u00e9 pour laisser place aux Terres du Val. Derri\u00e8re ce rebranding se cache bien plus qu&rsquo;un changement de nom : c&rsquo;est l&rsquo;aboutissement d&rsquo;une strat\u00e9gie d&rsquo;int\u00e9gration verticale rare en Europe, o\u00f9 agriculture biologique, viticulture ambitieuse et hospitalit\u00e9 haut de gamme convergent sur 450 hectares sur le plateau [&hellip;]<\/p>\n","protected":false},"author":47,"featured_media":13900,"comment_status":"closed","ping_status":"closed","sticky":false,"template":"","format":"standard","meta":{"_acf_changed":false,"inline_featured_image":false,"footnotes":""},"categories":[30,19,75,15,18],"tags":[],"class_list":{"0":"post-13892","1":"post","2":"type-post","3":"status-publish","4":"format-standard","5":"has-post-thumbnail","7":"category-commerce","8":"category-entrepreneurs","9":"category-entreprise","10":"category-leadership","11":"category-luxe"},"acf":[],"_yoast_wpseo_title":null,"_yoast_wpseo_metadesc":"Terres du Val succ\u00e8de \u00e0 Naxhelet et d\u00e9voile un mod\u00e8le unique en Belgique : 450 hectares m\u00ealant agriculture bio, vignoble ambitieux, h\u00f4tel 4* et hospitalit\u00e9 durable.","auteur_traducteur":"","yoast_head":"<!-- This site is optimized with the Yoast SEO plugin v27.4 - https:\/\/yoast.com\/product\/yoast-seo-wordpress\/ -->\n<title>De Naxhelet \u00e0 Terres du Val : autopsie d&#039;un rebranding \u00e0 450 hectares | Forbes Belgique<\/title>\n<meta name=\"description\" content=\"Terres du Val succ\u00e8de \u00e0 Naxhelet et d\u00e9voile un mod\u00e8le unique en Belgique : 450 hectares m\u00ealant agriculture bio, vignoble ambitieux, h\u00f4tel 4* et hospitalit\u00e9 durable.\" \/>\n<meta name=\"robots\" content=\"index, follow, max-snippet:-1, max-image-preview:large, max-video-preview:-1\" \/>\n<link rel=\"canonical\" href=\"https:\/\/www.forbes.be\/fr\/de-naxhelet-a-terres-du-val-autopsie-dun-rebranding-a-450-hectares\/\" \/>\n<meta property=\"og:locale\" content=\"fr_FR\" \/>\n<meta property=\"og:type\" content=\"article\" \/>\n<meta property=\"og:title\" content=\"De Naxhelet \u00e0 Terres du Val : autopsie d&#039;un rebranding \u00e0 450 hectares | Forbes Belgique\" \/>\n<meta property=\"og:description\" content=\"Terres du Val succ\u00e8de \u00e0 Naxhelet et d\u00e9voile un mod\u00e8le unique en Belgique : 450 hectares m\u00ealant agriculture bio, vignoble ambitieux, h\u00f4tel 4* et hospitalit\u00e9 durable.\" \/>\n<meta property=\"og:url\" content=\"https:\/\/www.forbes.be\/fr\/de-naxhelet-a-terres-du-val-autopsie-dun-rebranding-a-450-hectares\/\" \/>\n<meta property=\"og:site_name\" content=\"Forbes Belgique\" \/>\n<meta property=\"article:publisher\" content=\"https:\/\/www.facebook.com\/forbesbelgique\/\" \/>\n<meta property=\"article:published_time\" content=\"2025-12-03T07:30:36+00:00\" \/>\n<meta property=\"article:modified_time\" content=\"2025-12-05T13:58:12+00:00\" \/>\n<meta property=\"og:image\" content=\"https:\/\/www.forbes.be\/fr\/wp-content\/uploads\/2025\/12\/tdv-domaine-maurinetoussaint-2-scaled-e1764672653777.jpg\" \/>\n\t<meta property=\"og:image:width\" content=\"2048\" \/>\n\t<meta property=\"og:image:height\" content=\"1075\" \/>\n\t<meta property=\"og:image:type\" content=\"image\/jpeg\" \/>\n<meta name=\"author\" content=\"Martin Boonen\" \/>\n<meta name=\"twitter:card\" content=\"summary_large_image\" \/>\n<meta name=\"twitter:label1\" content=\"\u00c9crit par\" \/>\n\t<meta name=\"twitter:data1\" content=\"Martin Boonen\" \/>\n\t<meta name=\"twitter:label2\" content=\"Dur\u00e9e de lecture estim\u00e9e\" \/>\n\t<meta name=\"twitter:data2\" content=\"14 minutes\" \/>\n<script type=\"application\/ld+json\" class=\"yoast-schema-graph\">{\"@context\":\"https:\\\/\\\/schema.org\",\"@graph\":[{\"@type\":\"NewsArticle\",\"@id\":\"https:\\\/\\\/www.forbes.be\\\/fr\\\/de-naxhelet-a-terres-du-val-autopsie-dun-rebranding-a-450-hectares\\\/#article\",\"isPartOf\":{\"@id\":\"https:\\\/\\\/www.forbes.be\\\/fr\\\/de-naxhelet-a-terres-du-val-autopsie-dun-rebranding-a-450-hectares\\\/\"},\"author\":{\"name\":\"Martin Boonen\",\"@id\":\"https:\\\/\\\/www.forbes.be\\\/fr\\\/#\\\/schema\\\/person\\\/5e9af5383f8e0ffec564788f40ac92c8\"},\"headline\":\"De Naxhelet \u00e0 Terres du Val : autopsie d&rsquo;un rebranding \u00e0 450 hectares\",\"datePublished\":\"2025-12-03T07:30:36+00:00\",\"dateModified\":\"2025-12-05T13:58:12+00:00\",\"mainEntityOfPage\":{\"@id\":\"https:\\\/\\\/www.forbes.be\\\/fr\\\/de-naxhelet-a-terres-du-val-autopsie-dun-rebranding-a-450-hectares\\\/\"},\"wordCount\":2420,\"publisher\":{\"@id\":\"https:\\\/\\\/www.forbes.be\\\/fr\\\/#organization\"},\"image\":{\"@id\":\"https:\\\/\\\/www.forbes.be\\\/fr\\\/de-naxhelet-a-terres-du-val-autopsie-dun-rebranding-a-450-hectares\\\/#primaryimage\"},\"thumbnailUrl\":\"https:\\\/\\\/www.forbes.be\\\/fr\\\/wp-content\\\/uploads\\\/2025\\\/12\\\/tdv-domaine-maurinetoussaint-2-scaled-e1764672653777.jpg\",\"articleSection\":[\"Commerce\",\"Entrepreneurs\",\"Entreprise\",\"Leadership\",\"Luxe\"],\"inLanguage\":\"fr-FR\"},{\"@type\":\"WebPage\",\"@id\":\"https:\\\/\\\/www.forbes.be\\\/fr\\\/de-naxhelet-a-terres-du-val-autopsie-dun-rebranding-a-450-hectares\\\/\",\"url\":\"https:\\\/\\\/www.forbes.be\\\/fr\\\/de-naxhelet-a-terres-du-val-autopsie-dun-rebranding-a-450-hectares\\\/\",\"name\":\"De Naxhelet \u00e0 Terres du Val : autopsie d'un rebranding \u00e0 450 hectares | Forbes Belgique\",\"isPartOf\":{\"@id\":\"https:\\\/\\\/www.forbes.be\\\/fr\\\/#website\"},\"primaryImageOfPage\":{\"@id\":\"https:\\\/\\\/www.forbes.be\\\/fr\\\/de-naxhelet-a-terres-du-val-autopsie-dun-rebranding-a-450-hectares\\\/#primaryimage\"},\"image\":{\"@id\":\"https:\\\/\\\/www.forbes.be\\\/fr\\\/de-naxhelet-a-terres-du-val-autopsie-dun-rebranding-a-450-hectares\\\/#primaryimage\"},\"thumbnailUrl\":\"https:\\\/\\\/www.forbes.be\\\/fr\\\/wp-content\\\/uploads\\\/2025\\\/12\\\/tdv-domaine-maurinetoussaint-2-scaled-e1764672653777.jpg\",\"datePublished\":\"2025-12-03T07:30:36+00:00\",\"dateModified\":\"2025-12-05T13:58:12+00:00\",\"description\":\"Terres du Val succ\u00e8de \u00e0 Naxhelet et d\u00e9voile un mod\u00e8le unique en Belgique : 450 hectares m\u00ealant agriculture bio, vignoble ambitieux, h\u00f4tel 4* et hospitalit\u00e9 durable.\",\"breadcrumb\":{\"@id\":\"https:\\\/\\\/www.forbes.be\\\/fr\\\/de-naxhelet-a-terres-du-val-autopsie-dun-rebranding-a-450-hectares\\\/#breadcrumb\"},\"inLanguage\":\"fr-FR\",\"potentialAction\":[{\"@type\":\"ReadAction\",\"target\":[\"https:\\\/\\\/www.forbes.be\\\/fr\\\/de-naxhelet-a-terres-du-val-autopsie-dun-rebranding-a-450-hectares\\\/\"]}]},{\"@type\":\"ImageObject\",\"inLanguage\":\"fr-FR\",\"@id\":\"https:\\\/\\\/www.forbes.be\\\/fr\\\/de-naxhelet-a-terres-du-val-autopsie-dun-rebranding-a-450-hectares\\\/#primaryimage\",\"url\":\"https:\\\/\\\/www.forbes.be\\\/fr\\\/wp-content\\\/uploads\\\/2025\\\/12\\\/tdv-domaine-maurinetoussaint-2-scaled-e1764672653777.jpg\",\"contentUrl\":\"https:\\\/\\\/www.forbes.be\\\/fr\\\/wp-content\\\/uploads\\\/2025\\\/12\\\/tdv-domaine-maurinetoussaint-2-scaled-e1764672653777.jpg\",\"width\":2048,\"height\":1075,\"caption\":\"\u00a9 Maurine Toussaint\"},{\"@type\":\"BreadcrumbList\",\"@id\":\"https:\\\/\\\/www.forbes.be\\\/fr\\\/de-naxhelet-a-terres-du-val-autopsie-dun-rebranding-a-450-hectares\\\/#breadcrumb\",\"itemListElement\":[{\"@type\":\"ListItem\",\"position\":1,\"name\":\"Accueil\",\"item\":\"https:\\\/\\\/www.forbes.be\\\/fr\\\/\"},{\"@type\":\"ListItem\",\"position\":2,\"name\":\"De Naxhelet \u00e0 Terres du Val : autopsie d&rsquo;un rebranding \u00e0 450 hectares\"}]},{\"@type\":\"WebSite\",\"@id\":\"https:\\\/\\\/www.forbes.be\\\/fr\\\/#website\",\"url\":\"https:\\\/\\\/www.forbes.be\\\/fr\\\/\",\"name\":\"Forbes Belgique\",\"description\":\"\",\"publisher\":{\"@id\":\"https:\\\/\\\/www.forbes.be\\\/fr\\\/#organization\"},\"potentialAction\":[{\"@type\":\"SearchAction\",\"target\":{\"@type\":\"EntryPoint\",\"urlTemplate\":\"https:\\\/\\\/www.forbes.be\\\/fr\\\/?s={search_term_string}\"},\"query-input\":{\"@type\":\"PropertyValueSpecification\",\"valueRequired\":true,\"valueName\":\"search_term_string\"}}],\"inLanguage\":\"fr-FR\"},{\"@type\":\"Organization\",\"@id\":\"https:\\\/\\\/www.forbes.be\\\/fr\\\/#organization\",\"name\":\"Forbes Belgique\",\"url\":\"https:\\\/\\\/www.forbes.be\\\/fr\\\/\",\"logo\":{\"@type\":\"ImageObject\",\"inLanguage\":\"fr-FR\",\"@id\":\"https:\\\/\\\/www.forbes.be\\\/fr\\\/#\\\/schema\\\/logo\\\/image\\\/\",\"url\":\"https:\\\/\\\/www.forbes.be\\\/fr\\\/wp-content\\\/uploads\\\/2024\\\/02\\\/forbes.be_.png\",\"contentUrl\":\"https:\\\/\\\/www.forbes.be\\\/fr\\\/wp-content\\\/uploads\\\/2024\\\/02\\\/forbes.be_.png\",\"width\":1200,\"height\":675,\"caption\":\"Forbes Belgique\"},\"image\":{\"@id\":\"https:\\\/\\\/www.forbes.be\\\/fr\\\/#\\\/schema\\\/logo\\\/image\\\/\"},\"sameAs\":[\"https:\\\/\\\/www.facebook.com\\\/forbesbelgique\\\/\",\"https:\\\/\\\/www.instagram.com\\\/Forbes_Belgium\",\"https:\\\/\\\/www.linkedin.com\\\/company\\\/forbes-belgium\\\/\"]},{\"@type\":\"Person\",\"@id\":\"https:\\\/\\\/www.forbes.be\\\/fr\\\/#\\\/schema\\\/person\\\/5e9af5383f8e0ffec564788f40ac92c8\",\"name\":\"Martin Boonen\",\"image\":{\"@type\":\"ImageObject\",\"inLanguage\":\"fr-FR\",\"@id\":\"https:\\\/\\\/www.forbes.be\\\/fr\\\/wp-content\\\/uploads\\\/2025\\\/10\\\/capture-decran-2024-11-15-a-093849-300x300-1-100x100.png\",\"url\":\"https:\\\/\\\/www.forbes.be\\\/fr\\\/wp-content\\\/uploads\\\/2025\\\/10\\\/capture-decran-2024-11-15-a-093849-300x300-1-100x100.png\",\"contentUrl\":\"https:\\\/\\\/www.forbes.be\\\/fr\\\/wp-content\\\/uploads\\\/2025\\\/10\\\/capture-decran-2024-11-15-a-093849-300x300-1-100x100.png\",\"caption\":\"Martin Boonen\"},\"description\":\"Martin Boonen est journaliste dipl\u00f4m\u00e9 de l'Institut de Journalisme de Bruxelles (2012). Il collabor\u00e9 avec de nombreuses r\u00e9dactions \u00e0 diff\u00e9rent niveau de responsabilit\u00e9 : journaliste, chef de rubrique, secr\u00e9taire de r\u00e9daction et r\u00e9dacteur en chef, tant sur le web que pour la presse imprim\u00e9e. Sp\u00e9cialis\u00e9 dans les startups et l'entrepreneuriat \u00e0 impact, il est devenu en 2025 r\u00e9dacteur en chef du site web de Forbes Belgique. Il est affili\u00e9 \u00e0 l'Organisation Mondiale de la Presse P\u00e9riodique depuis 2011.\",\"sameAs\":[\"https:\\\/\\\/www.linkedin.com\\\/in\\\/martin-boonen-61499951\\\/\"],\"url\":\"https:\\\/\\\/www.forbes.be\\\/fr\\\/author\\\/martin-boonen\\\/\"}]}<\/script>\n<!-- \/ Yoast SEO plugin. -->","yoast_head_json":{"title":"De Naxhelet \u00e0 Terres du Val : autopsie d'un rebranding \u00e0 450 hectares | Forbes Belgique","description":"Terres du Val succ\u00e8de \u00e0 Naxhelet et d\u00e9voile un mod\u00e8le unique en Belgique : 450 hectares m\u00ealant agriculture bio, vignoble ambitieux, h\u00f4tel 4* et hospitalit\u00e9 durable.","robots":{"index":"index","follow":"follow","max-snippet":"max-snippet:-1","max-image-preview":"max-image-preview:large","max-video-preview":"max-video-preview:-1"},"canonical":"https:\/\/www.forbes.be\/fr\/de-naxhelet-a-terres-du-val-autopsie-dun-rebranding-a-450-hectares\/","og_locale":"fr_FR","og_type":"article","og_title":"De Naxhelet \u00e0 Terres du Val : autopsie d'un rebranding \u00e0 450 hectares | Forbes Belgique","og_description":"Terres du Val succ\u00e8de \u00e0 Naxhelet et d\u00e9voile un mod\u00e8le unique en Belgique : 450 hectares m\u00ealant agriculture bio, vignoble ambitieux, h\u00f4tel 4* et hospitalit\u00e9 durable.","og_url":"https:\/\/www.forbes.be\/fr\/de-naxhelet-a-terres-du-val-autopsie-dun-rebranding-a-450-hectares\/","og_site_name":"Forbes Belgique","article_publisher":"https:\/\/www.facebook.com\/forbesbelgique\/","article_published_time":"2025-12-03T07:30:36+00:00","article_modified_time":"2025-12-05T13:58:12+00:00","og_image":[{"width":2048,"height":1075,"url":"https:\/\/www.forbes.be\/fr\/wp-content\/uploads\/2025\/12\/tdv-domaine-maurinetoussaint-2-scaled-e1764672653777.jpg","type":"image\/jpeg"}],"author":"Martin Boonen","twitter_card":"summary_large_image","twitter_misc":{"\u00c9crit par":"Martin Boonen","Dur\u00e9e de lecture estim\u00e9e":"14 minutes"},"schema":{"@context":"https:\/\/schema.org","@graph":[{"@type":"NewsArticle","@id":"https:\/\/www.forbes.be\/fr\/de-naxhelet-a-terres-du-val-autopsie-dun-rebranding-a-450-hectares\/#article","isPartOf":{"@id":"https:\/\/www.forbes.be\/fr\/de-naxhelet-a-terres-du-val-autopsie-dun-rebranding-a-450-hectares\/"},"author":{"name":"Martin Boonen","@id":"https:\/\/www.forbes.be\/fr\/#\/schema\/person\/5e9af5383f8e0ffec564788f40ac92c8"},"headline":"De Naxhelet \u00e0 Terres du Val : autopsie d&rsquo;un rebranding \u00e0 450 hectares","datePublished":"2025-12-03T07:30:36+00:00","dateModified":"2025-12-05T13:58:12+00:00","mainEntityOfPage":{"@id":"https:\/\/www.forbes.be\/fr\/de-naxhelet-a-terres-du-val-autopsie-dun-rebranding-a-450-hectares\/"},"wordCount":2420,"publisher":{"@id":"https:\/\/www.forbes.be\/fr\/#organization"},"image":{"@id":"https:\/\/www.forbes.be\/fr\/de-naxhelet-a-terres-du-val-autopsie-dun-rebranding-a-450-hectares\/#primaryimage"},"thumbnailUrl":"https:\/\/www.forbes.be\/fr\/wp-content\/uploads\/2025\/12\/tdv-domaine-maurinetoussaint-2-scaled-e1764672653777.jpg","articleSection":["Commerce","Entrepreneurs","Entreprise","Leadership","Luxe"],"inLanguage":"fr-FR"},{"@type":"WebPage","@id":"https:\/\/www.forbes.be\/fr\/de-naxhelet-a-terres-du-val-autopsie-dun-rebranding-a-450-hectares\/","url":"https:\/\/www.forbes.be\/fr\/de-naxhelet-a-terres-du-val-autopsie-dun-rebranding-a-450-hectares\/","name":"De Naxhelet \u00e0 Terres du Val : autopsie d'un rebranding \u00e0 450 hectares | Forbes Belgique","isPartOf":{"@id":"https:\/\/www.forbes.be\/fr\/#website"},"primaryImageOfPage":{"@id":"https:\/\/www.forbes.be\/fr\/de-naxhelet-a-terres-du-val-autopsie-dun-rebranding-a-450-hectares\/#primaryimage"},"image":{"@id":"https:\/\/www.forbes.be\/fr\/de-naxhelet-a-terres-du-val-autopsie-dun-rebranding-a-450-hectares\/#primaryimage"},"thumbnailUrl":"https:\/\/www.forbes.be\/fr\/wp-content\/uploads\/2025\/12\/tdv-domaine-maurinetoussaint-2-scaled-e1764672653777.jpg","datePublished":"2025-12-03T07:30:36+00:00","dateModified":"2025-12-05T13:58:12+00:00","description":"Terres du Val succ\u00e8de \u00e0 Naxhelet et d\u00e9voile un mod\u00e8le unique en Belgique : 450 hectares m\u00ealant agriculture bio, vignoble ambitieux, h\u00f4tel 4* et hospitalit\u00e9 durable.","breadcrumb":{"@id":"https:\/\/www.forbes.be\/fr\/de-naxhelet-a-terres-du-val-autopsie-dun-rebranding-a-450-hectares\/#breadcrumb"},"inLanguage":"fr-FR","potentialAction":[{"@type":"ReadAction","target":["https:\/\/www.forbes.be\/fr\/de-naxhelet-a-terres-du-val-autopsie-dun-rebranding-a-450-hectares\/"]}]},{"@type":"ImageObject","inLanguage":"fr-FR","@id":"https:\/\/www.forbes.be\/fr\/de-naxhelet-a-terres-du-val-autopsie-dun-rebranding-a-450-hectares\/#primaryimage","url":"https:\/\/www.forbes.be\/fr\/wp-content\/uploads\/2025\/12\/tdv-domaine-maurinetoussaint-2-scaled-e1764672653777.jpg","contentUrl":"https:\/\/www.forbes.be\/fr\/wp-content\/uploads\/2025\/12\/tdv-domaine-maurinetoussaint-2-scaled-e1764672653777.jpg","width":2048,"height":1075,"caption":"\u00a9 Maurine Toussaint"},{"@type":"BreadcrumbList","@id":"https:\/\/www.forbes.be\/fr\/de-naxhelet-a-terres-du-val-autopsie-dun-rebranding-a-450-hectares\/#breadcrumb","itemListElement":[{"@type":"ListItem","position":1,"name":"Accueil","item":"https:\/\/www.forbes.be\/fr\/"},{"@type":"ListItem","position":2,"name":"De Naxhelet \u00e0 Terres du Val : autopsie d&rsquo;un rebranding \u00e0 450 hectares"}]},{"@type":"WebSite","@id":"https:\/\/www.forbes.be\/fr\/#website","url":"https:\/\/www.forbes.be\/fr\/","name":"Forbes Belgique","description":"","publisher":{"@id":"https:\/\/www.forbes.be\/fr\/#organization"},"potentialAction":[{"@type":"SearchAction","target":{"@type":"EntryPoint","urlTemplate":"https:\/\/www.forbes.be\/fr\/?s={search_term_string}"},"query-input":{"@type":"PropertyValueSpecification","valueRequired":true,"valueName":"search_term_string"}}],"inLanguage":"fr-FR"},{"@type":"Organization","@id":"https:\/\/www.forbes.be\/fr\/#organization","name":"Forbes Belgique","url":"https:\/\/www.forbes.be\/fr\/","logo":{"@type":"ImageObject","inLanguage":"fr-FR","@id":"https:\/\/www.forbes.be\/fr\/#\/schema\/logo\/image\/","url":"https:\/\/www.forbes.be\/fr\/wp-content\/uploads\/2024\/02\/forbes.be_.png","contentUrl":"https:\/\/www.forbes.be\/fr\/wp-content\/uploads\/2024\/02\/forbes.be_.png","width":1200,"height":675,"caption":"Forbes Belgique"},"image":{"@id":"https:\/\/www.forbes.be\/fr\/#\/schema\/logo\/image\/"},"sameAs":["https:\/\/www.facebook.com\/forbesbelgique\/","https:\/\/www.instagram.com\/Forbes_Belgium","https:\/\/www.linkedin.com\/company\/forbes-belgium\/"]},{"@type":"Person","@id":"https:\/\/www.forbes.be\/fr\/#\/schema\/person\/5e9af5383f8e0ffec564788f40ac92c8","name":"Martin Boonen","image":{"@type":"ImageObject","inLanguage":"fr-FR","@id":"https:\/\/www.forbes.be\/fr\/wp-content\/uploads\/2025\/10\/capture-decran-2024-11-15-a-093849-300x300-1-100x100.png","url":"https:\/\/www.forbes.be\/fr\/wp-content\/uploads\/2025\/10\/capture-decran-2024-11-15-a-093849-300x300-1-100x100.png","contentUrl":"https:\/\/www.forbes.be\/fr\/wp-content\/uploads\/2025\/10\/capture-decran-2024-11-15-a-093849-300x300-1-100x100.png","caption":"Martin Boonen"},"description":"Martin Boonen est journaliste dipl\u00f4m\u00e9 de l'Institut de Journalisme de Bruxelles (2012). Il collabor\u00e9 avec de nombreuses r\u00e9dactions \u00e0 diff\u00e9rent niveau de responsabilit\u00e9 : journaliste, chef de rubrique, secr\u00e9taire de r\u00e9daction et r\u00e9dacteur en chef, tant sur le web que pour la presse imprim\u00e9e. Sp\u00e9cialis\u00e9 dans les startups et l'entrepreneuriat \u00e0 impact, il est devenu en 2025 r\u00e9dacteur en chef du site web de Forbes Belgique. Il est affili\u00e9 \u00e0 l'Organisation Mondiale de la Presse P\u00e9riodique depuis 2011.","sameAs":["https:\/\/www.linkedin.com\/in\/martin-boonen-61499951\/"],"url":"https:\/\/www.forbes.be\/fr\/author\/martin-boonen\/"}]}},"_links":{"self":[{"href":"https:\/\/www.forbes.be\/fr\/wp-json\/wp\/v2\/posts\/13892","targetHints":{"allow":["GET"]}}],"collection":[{"href":"https:\/\/www.forbes.be\/fr\/wp-json\/wp\/v2\/posts"}],"about":[{"href":"https:\/\/www.forbes.be\/fr\/wp-json\/wp\/v2\/types\/post"}],"author":[{"embeddable":true,"href":"https:\/\/www.forbes.be\/fr\/wp-json\/wp\/v2\/users\/47"}],"replies":[{"embeddable":true,"href":"https:\/\/www.forbes.be\/fr\/wp-json\/wp\/v2\/comments?post=13892"}],"version-history":[{"count":5,"href":"https:\/\/www.forbes.be\/fr\/wp-json\/wp\/v2\/posts\/13892\/revisions"}],"predecessor-version":[{"id":14003,"href":"https:\/\/www.forbes.be\/fr\/wp-json\/wp\/v2\/posts\/13892\/revisions\/14003"}],"wp:featuredmedia":[{"embeddable":true,"href":"https:\/\/www.forbes.be\/fr\/wp-json\/wp\/v2\/media\/13900"}],"wp:attachment":[{"href":"https:\/\/www.forbes.be\/fr\/wp-json\/wp\/v2\/media?parent=13892"}],"wp:term":[{"taxonomy":"category","embeddable":true,"href":"https:\/\/www.forbes.be\/fr\/wp-json\/wp\/v2\/categories?post=13892"},{"taxonomy":"post_tag","embeddable":true,"href":"https:\/\/www.forbes.be\/fr\/wp-json\/wp\/v2\/tags?post=13892"}],"curies":[{"name":"wp","href":"https:\/\/api.w.org\/{rel}","templated":true}]}}