{"id":13918,"date":"2025-12-02T12:46:13","date_gmt":"2025-12-02T11:46:13","guid":{"rendered":"https:\/\/www.forbes.be\/fr\/airbus-action-chute-probleme-a320\/"},"modified":"2025-12-02T12:46:13","modified_gmt":"2025-12-02T11:46:13","slug":"airbus-action-chute-probleme-a320","status":"publish","type":"post","link":"https:\/\/www.forbes.be\/fr\/airbus-action-chute-probleme-a320\/","title":{"rendered":"L&rsquo;action Airbus d\u00e9gringole apr\u00e8s une mise \u00e0 jour sur un probl\u00e8me majeur de l&rsquo;A320"},"content":{"rendered":"<h2>Aper\u00e7u<\/h2>\n<p>Les actions d&rsquo;Airbus ont chut\u00e9 lundi apr\u00e8s que l&rsquo;avionneur a d\u00fb r\u00e9soudre un probl\u00e8me logiciel majeur affectant pr\u00e8s de la moiti\u00e9 de tous les avions op\u00e9rationnels de la famille A320 au cours du week-end. L&rsquo;entreprise a indiqu\u00e9 que la majorit\u00e9 des presque 6 000 avions touch\u00e9s par le probl\u00e8me ont \u00e9t\u00e9 corrig\u00e9s.<\/p>\n<h2>Faits Principaux<\/h2>\n<ul>\n<li>Airbus a d\u00e9clar\u00e9 que \u00ab\u00a0la grande majorit\u00e9\u00a0\u00bb des pr\u00e8s de 6 000 avions impact\u00e9s avaient d\u00e9sormais re\u00e7u les modifications n\u00e9cessaires.<\/li>\n<li>L&rsquo;avionneur a ajout\u00e9 qu&rsquo;il travaillait avec les compagnies a\u00e9riennes pour livrer les modifications n\u00e9cessaires aux \u00ab\u00a0moins de 100 avions restants\u00a0\u00bb toujours touch\u00e9s par le probl\u00e8me.<\/li>\n<li>Airbus s&rsquo;est excus\u00e9 pour les retards \u00ab\u00a0caus\u00e9s aux passagers et aux compagnies a\u00e9riennes\u00a0\u00bb en raison du probl\u00e8me, mais a affirm\u00e9 vouloir mettre \u00ab\u00a0la s\u00e9curit\u00e9 avant toute autre consid\u00e9ration\u00a0\u00bb.<\/li>\n<li>L&rsquo;entreprise avait annonc\u00e9 le rappel vendredi, indiquant qu&rsquo;une analyse avait r\u00e9v\u00e9l\u00e9 qu&rsquo;une \u00ab\u00a0intense radiation solaire\u00a0\u00bb pouvait \u00ab\u00a0corrompre des donn\u00e9es critiques pour le fonctionnement des commandes de vol\u00a0\u00bb sur les avions A320.<\/li>\n<li>Selon des analystes cit\u00e9s, 85% des avions impact\u00e9s pourraient \u00eatre corrig\u00e9s avec une simple mise \u00e0 jour logicielle, tandis que 900 appareils plus anciens n\u00e9cessiteraient des modifications mat\u00e9rielles.<\/li>\n<\/ul>\n<h2>Impact sur les Actions<\/h2>\n<p>Les actions d&rsquo;Airbus ont chut\u00e9 \u00e0 185,26 \u20ac lors des transactions de l&rsquo;apr\u00e8s-midi lundi \u00e0 Paris, en baisse de 9,19% par rapport \u00e0 la cl\u00f4ture de vendredi.<\/p>\n<p> Cet article a \u00e9t\u00e9 \u00e9crit par Siladitya Ray et traduit par Forbes.be. <\/p>\n","protected":false},"excerpt":{"rendered":"<p>Airbus a annonc\u00e9 avoir r\u00e9solu un probl\u00e8me technique majeur sur la plupart de ses avions A320, impactant pr\u00e8s de 6 000 appareils apr\u00e8s une baisse significative de son action.<\/p>\n","protected":false},"author":28,"featured_media":13917,"comment_status":"closed","ping_status":"closed","sticky":false,"template":"","format":"standard","meta":{"_acf_changed":false,"inline_featured_image":false,"footnotes":""},"categories":[1],"tags":[],"class_list":{"0":"post-13918","1":"post","2":"type-post","3":"status-publish","4":"format-standard","5":"has-post-thumbnail","7":"category-actualite"},"acf":[],"_yoast_wpseo_title":"L'action Airbus d\u00e9gringole apr\u00e8s une mise \u00e0 jour sur un probl\u00e8me majeur de l'A320","_yoast_wpseo_metadesc":"Airbus a r\u00e9solu la majorit\u00e9 des probl\u00e8mes techniques de l'A320 caus\u00e9s par les radiations solaires intenses sur pr\u00e8s de 6 000 appareils.","auteur_traducteur":null,"yoast_head":"<!-- This site is optimized with the Yoast SEO plugin v27.4 - https:\/\/yoast.com\/product\/yoast-seo-wordpress\/ -->\n<title>L&#039;action Airbus d\u00e9gringole apr\u00e8s une mise \u00e0 jour sur un probl\u00e8me majeur de l&#039;A320<\/title>\n<meta name=\"description\" content=\"Airbus a r\u00e9solu la majorit\u00e9 des probl\u00e8mes techniques de l&#039;A320 caus\u00e9s par les radiations solaires intenses sur pr\u00e8s de 6 000 appareils.\" \/>\n<meta name=\"robots\" content=\"index, follow, max-snippet:-1, max-image-preview:large, max-video-preview:-1\" \/>\n<link rel=\"canonical\" href=\"https:\/\/www.forbes.be\/fr\/airbus-action-chute-probleme-a320\/\" \/>\n<meta property=\"og:locale\" content=\"fr_FR\" \/>\n<meta property=\"og:type\" content=\"article\" \/>\n<meta property=\"og:title\" content=\"L&#039;action Airbus d\u00e9gringole apr\u00e8s une mise \u00e0 jour sur un probl\u00e8me majeur de l&#039;A320\" \/>\n<meta property=\"og:description\" content=\"Airbus a r\u00e9solu la majorit\u00e9 des probl\u00e8mes techniques de l&#039;A320 caus\u00e9s par les radiations solaires intenses sur pr\u00e8s de 6 000 appareils.\" \/>\n<meta property=\"og:url\" content=\"https:\/\/www.forbes.be\/fr\/airbus-action-chute-probleme-a320\/\" \/>\n<meta property=\"og:site_name\" content=\"Forbes Belgique\" \/>\n<meta property=\"article:publisher\" content=\"https:\/\/www.facebook.com\/forbesbelgique\/\" \/>\n<meta property=\"article:published_time\" content=\"2025-12-02T11:46:13+00:00\" \/>\n<meta property=\"og:image\" content=\"https:\/\/www.forbes.be\/fr\/wp-content\/uploads\/2025\/12\/4872935610.jpg\" \/>\n\t<meta property=\"og:image:width\" content=\"958\" \/>\n\t<meta property=\"og:image:height\" content=\"539\" \/>\n\t<meta property=\"og:image:type\" content=\"image\/jpeg\" \/>\n<meta name=\"author\" content=\"Forbes US\" \/>\n<meta name=\"twitter:card\" content=\"summary_large_image\" \/>\n<meta name=\"twitter:label1\" content=\"\u00c9crit par\" \/>\n\t<meta name=\"twitter:data1\" content=\"Forbes US\" \/>\n\t<meta name=\"twitter:label2\" content=\"Dur\u00e9e de lecture estim\u00e9e\" \/>\n\t<meta name=\"twitter:data2\" content=\"1 minute\" \/>\n<script type=\"application\/ld+json\" class=\"yoast-schema-graph\">{\"@context\":\"https:\\\/\\\/schema.org\",\"@graph\":[{\"@type\":\"NewsArticle\",\"@id\":\"https:\\\/\\\/www.forbes.be\\\/fr\\\/airbus-action-chute-probleme-a320\\\/#article\",\"isPartOf\":{\"@id\":\"https:\\\/\\\/www.forbes.be\\\/fr\\\/airbus-action-chute-probleme-a320\\\/\"},\"author\":{\"name\":\"Forbes US\",\"@id\":\"https:\\\/\\\/www.forbes.be\\\/fr\\\/#\\\/schema\\\/person\\\/7a054703b12276e8c990a581baea6515\"},\"headline\":\"L&rsquo;action Airbus d\u00e9gringole apr\u00e8s une mise \u00e0 jour sur un probl\u00e8me majeur de l&rsquo;A320\",\"datePublished\":\"2025-12-02T11:46:13+00:00\",\"mainEntityOfPage\":{\"@id\":\"https:\\\/\\\/www.forbes.be\\\/fr\\\/airbus-action-chute-probleme-a320\\\/\"},\"wordCount\":267,\"publisher\":{\"@id\":\"https:\\\/\\\/www.forbes.be\\\/fr\\\/#organization\"},\"image\":{\"@id\":\"https:\\\/\\\/www.forbes.be\\\/fr\\\/airbus-action-chute-probleme-a320\\\/#primaryimage\"},\"thumbnailUrl\":\"https:\\\/\\\/www.forbes.be\\\/fr\\\/wp-content\\\/uploads\\\/2025\\\/12\\\/4872935610.jpg\",\"articleSection\":[\"Actualit\u00e9s\"],\"inLanguage\":\"fr-FR\"},{\"@type\":\"WebPage\",\"@id\":\"https:\\\/\\\/www.forbes.be\\\/fr\\\/airbus-action-chute-probleme-a320\\\/\",\"url\":\"https:\\\/\\\/www.forbes.be\\\/fr\\\/airbus-action-chute-probleme-a320\\\/\",\"name\":\"L'action Airbus d\u00e9gringole apr\u00e8s une mise \u00e0 jour sur un probl\u00e8me majeur de l'A320\",\"isPartOf\":{\"@id\":\"https:\\\/\\\/www.forbes.be\\\/fr\\\/#website\"},\"primaryImageOfPage\":{\"@id\":\"https:\\\/\\\/www.forbes.be\\\/fr\\\/airbus-action-chute-probleme-a320\\\/#primaryimage\"},\"image\":{\"@id\":\"https:\\\/\\\/www.forbes.be\\\/fr\\\/airbus-action-chute-probleme-a320\\\/#primaryimage\"},\"thumbnailUrl\":\"https:\\\/\\\/www.forbes.be\\\/fr\\\/wp-content\\\/uploads\\\/2025\\\/12\\\/4872935610.jpg\",\"datePublished\":\"2025-12-02T11:46:13+00:00\",\"description\":\"Airbus a r\u00e9solu la majorit\u00e9 des probl\u00e8mes techniques de l'A320 caus\u00e9s par les radiations solaires intenses sur pr\u00e8s de 6 000 appareils.\",\"breadcrumb\":{\"@id\":\"https:\\\/\\\/www.forbes.be\\\/fr\\\/airbus-action-chute-probleme-a320\\\/#breadcrumb\"},\"inLanguage\":\"fr-FR\",\"potentialAction\":[{\"@type\":\"ReadAction\",\"target\":[\"https:\\\/\\\/www.forbes.be\\\/fr\\\/airbus-action-chute-probleme-a320\\\/\"]}]},{\"@type\":\"ImageObject\",\"inLanguage\":\"fr-FR\",\"@id\":\"https:\\\/\\\/www.forbes.be\\\/fr\\\/airbus-action-chute-probleme-a320\\\/#primaryimage\",\"url\":\"https:\\\/\\\/www.forbes.be\\\/fr\\\/wp-content\\\/uploads\\\/2025\\\/12\\\/4872935610.jpg\",\"contentUrl\":\"https:\\\/\\\/www.forbes.be\\\/fr\\\/wp-content\\\/uploads\\\/2025\\\/12\\\/4872935610.jpg\",\"width\":958,\"height\":539,\"caption\":\"Getty Images\"},{\"@type\":\"BreadcrumbList\",\"@id\":\"https:\\\/\\\/www.forbes.be\\\/fr\\\/airbus-action-chute-probleme-a320\\\/#breadcrumb\",\"itemListElement\":[{\"@type\":\"ListItem\",\"position\":1,\"name\":\"Accueil\",\"item\":\"https:\\\/\\\/www.forbes.be\\\/fr\\\/\"},{\"@type\":\"ListItem\",\"position\":2,\"name\":\"L&rsquo;action Airbus d\u00e9gringole apr\u00e8s une mise \u00e0 jour sur un probl\u00e8me majeur de l&rsquo;A320\"}]},{\"@type\":\"WebSite\",\"@id\":\"https:\\\/\\\/www.forbes.be\\\/fr\\\/#website\",\"url\":\"https:\\\/\\\/www.forbes.be\\\/fr\\\/\",\"name\":\"Forbes Belgique\",\"description\":\"\",\"publisher\":{\"@id\":\"https:\\\/\\\/www.forbes.be\\\/fr\\\/#organization\"},\"potentialAction\":[{\"@type\":\"SearchAction\",\"target\":{\"@type\":\"EntryPoint\",\"urlTemplate\":\"https:\\\/\\\/www.forbes.be\\\/fr\\\/?s={search_term_string}\"},\"query-input\":{\"@type\":\"PropertyValueSpecification\",\"valueRequired\":true,\"valueName\":\"search_term_string\"}}],\"inLanguage\":\"fr-FR\"},{\"@type\":\"Organization\",\"@id\":\"https:\\\/\\\/www.forbes.be\\\/fr\\\/#organization\",\"name\":\"Forbes Belgique\",\"url\":\"https:\\\/\\\/www.forbes.be\\\/fr\\\/\",\"logo\":{\"@type\":\"ImageObject\",\"inLanguage\":\"fr-FR\",\"@id\":\"https:\\\/\\\/www.forbes.be\\\/fr\\\/#\\\/schema\\\/logo\\\/image\\\/\",\"url\":\"https:\\\/\\\/www.forbes.be\\\/fr\\\/wp-content\\\/uploads\\\/2024\\\/02\\\/forbes.be_.png\",\"contentUrl\":\"https:\\\/\\\/www.forbes.be\\\/fr\\\/wp-content\\\/uploads\\\/2024\\\/02\\\/forbes.be_.png\",\"width\":1200,\"height\":675,\"caption\":\"Forbes Belgique\"},\"image\":{\"@id\":\"https:\\\/\\\/www.forbes.be\\\/fr\\\/#\\\/schema\\\/logo\\\/image\\\/\"},\"sameAs\":[\"https:\\\/\\\/www.facebook.com\\\/forbesbelgique\\\/\",\"https:\\\/\\\/www.instagram.com\\\/Forbes_Belgium\",\"https:\\\/\\\/www.linkedin.com\\\/company\\\/forbes-belgium\\\/\"]},{\"@type\":\"Person\",\"@id\":\"https:\\\/\\\/www.forbes.be\\\/fr\\\/#\\\/schema\\\/person\\\/7a054703b12276e8c990a581baea6515\",\"name\":\"Forbes US\",\"image\":{\"@type\":\"ImageObject\",\"inLanguage\":\"fr-FR\",\"@id\":\"https:\\\/\\\/www.forbes.be\\\/fr\\\/wp-content\\\/uploads\\\/2025\\\/03\\\/forbes-logo1-100x100.png\",\"url\":\"https:\\\/\\\/www.forbes.be\\\/fr\\\/wp-content\\\/uploads\\\/2025\\\/03\\\/forbes-logo1-100x100.png\",\"contentUrl\":\"https:\\\/\\\/www.forbes.be\\\/fr\\\/wp-content\\\/uploads\\\/2025\\\/03\\\/forbes-logo1-100x100.png\",\"caption\":\"Forbes US\"},\"url\":\"https:\\\/\\\/www.forbes.be\\\/fr\\\/author\\\/forbes-us\\\/\"}]}<\/script>\n<!-- \/ Yoast SEO plugin. -->","yoast_head_json":{"title":"L'action Airbus d\u00e9gringole apr\u00e8s une mise \u00e0 jour sur un probl\u00e8me majeur de l'A320","description":"Airbus a r\u00e9solu la majorit\u00e9 des probl\u00e8mes techniques de l'A320 caus\u00e9s par les radiations solaires intenses sur pr\u00e8s de 6 000 appareils.","robots":{"index":"index","follow":"follow","max-snippet":"max-snippet:-1","max-image-preview":"max-image-preview:large","max-video-preview":"max-video-preview:-1"},"canonical":"https:\/\/www.forbes.be\/fr\/airbus-action-chute-probleme-a320\/","og_locale":"fr_FR","og_type":"article","og_title":"L'action Airbus d\u00e9gringole apr\u00e8s une mise \u00e0 jour sur un probl\u00e8me majeur de l'A320","og_description":"Airbus a r\u00e9solu la majorit\u00e9 des probl\u00e8mes techniques de l'A320 caus\u00e9s par les radiations solaires intenses sur pr\u00e8s de 6 000 appareils.","og_url":"https:\/\/www.forbes.be\/fr\/airbus-action-chute-probleme-a320\/","og_site_name":"Forbes Belgique","article_publisher":"https:\/\/www.facebook.com\/forbesbelgique\/","article_published_time":"2025-12-02T11:46:13+00:00","og_image":[{"width":958,"height":539,"url":"https:\/\/www.forbes.be\/fr\/wp-content\/uploads\/2025\/12\/4872935610.jpg","type":"image\/jpeg"}],"author":"Forbes US","twitter_card":"summary_large_image","twitter_misc":{"\u00c9crit par":"Forbes US","Dur\u00e9e de lecture estim\u00e9e":"1 minute"},"schema":{"@context":"https:\/\/schema.org","@graph":[{"@type":"NewsArticle","@id":"https:\/\/www.forbes.be\/fr\/airbus-action-chute-probleme-a320\/#article","isPartOf":{"@id":"https:\/\/www.forbes.be\/fr\/airbus-action-chute-probleme-a320\/"},"author":{"name":"Forbes US","@id":"https:\/\/www.forbes.be\/fr\/#\/schema\/person\/7a054703b12276e8c990a581baea6515"},"headline":"L&rsquo;action Airbus d\u00e9gringole apr\u00e8s une mise \u00e0 jour sur un probl\u00e8me majeur de l&rsquo;A320","datePublished":"2025-12-02T11:46:13+00:00","mainEntityOfPage":{"@id":"https:\/\/www.forbes.be\/fr\/airbus-action-chute-probleme-a320\/"},"wordCount":267,"publisher":{"@id":"https:\/\/www.forbes.be\/fr\/#organization"},"image":{"@id":"https:\/\/www.forbes.be\/fr\/airbus-action-chute-probleme-a320\/#primaryimage"},"thumbnailUrl":"https:\/\/www.forbes.be\/fr\/wp-content\/uploads\/2025\/12\/4872935610.jpg","articleSection":["Actualit\u00e9s"],"inLanguage":"fr-FR"},{"@type":"WebPage","@id":"https:\/\/www.forbes.be\/fr\/airbus-action-chute-probleme-a320\/","url":"https:\/\/www.forbes.be\/fr\/airbus-action-chute-probleme-a320\/","name":"L'action Airbus d\u00e9gringole apr\u00e8s une mise \u00e0 jour sur un probl\u00e8me majeur de l'A320","isPartOf":{"@id":"https:\/\/www.forbes.be\/fr\/#website"},"primaryImageOfPage":{"@id":"https:\/\/www.forbes.be\/fr\/airbus-action-chute-probleme-a320\/#primaryimage"},"image":{"@id":"https:\/\/www.forbes.be\/fr\/airbus-action-chute-probleme-a320\/#primaryimage"},"thumbnailUrl":"https:\/\/www.forbes.be\/fr\/wp-content\/uploads\/2025\/12\/4872935610.jpg","datePublished":"2025-12-02T11:46:13+00:00","description":"Airbus a r\u00e9solu la majorit\u00e9 des probl\u00e8mes techniques de l'A320 caus\u00e9s par les radiations solaires intenses sur pr\u00e8s de 6 000 appareils.","breadcrumb":{"@id":"https:\/\/www.forbes.be\/fr\/airbus-action-chute-probleme-a320\/#breadcrumb"},"inLanguage":"fr-FR","potentialAction":[{"@type":"ReadAction","target":["https:\/\/www.forbes.be\/fr\/airbus-action-chute-probleme-a320\/"]}]},{"@type":"ImageObject","inLanguage":"fr-FR","@id":"https:\/\/www.forbes.be\/fr\/airbus-action-chute-probleme-a320\/#primaryimage","url":"https:\/\/www.forbes.be\/fr\/wp-content\/uploads\/2025\/12\/4872935610.jpg","contentUrl":"https:\/\/www.forbes.be\/fr\/wp-content\/uploads\/2025\/12\/4872935610.jpg","width":958,"height":539,"caption":"Getty Images"},{"@type":"BreadcrumbList","@id":"https:\/\/www.forbes.be\/fr\/airbus-action-chute-probleme-a320\/#breadcrumb","itemListElement":[{"@type":"ListItem","position":1,"name":"Accueil","item":"https:\/\/www.forbes.be\/fr\/"},{"@type":"ListItem","position":2,"name":"L&rsquo;action Airbus d\u00e9gringole apr\u00e8s une mise \u00e0 jour sur un probl\u00e8me majeur de l&rsquo;A320"}]},{"@type":"WebSite","@id":"https:\/\/www.forbes.be\/fr\/#website","url":"https:\/\/www.forbes.be\/fr\/","name":"Forbes Belgique","description":"","publisher":{"@id":"https:\/\/www.forbes.be\/fr\/#organization"},"potentialAction":[{"@type":"SearchAction","target":{"@type":"EntryPoint","urlTemplate":"https:\/\/www.forbes.be\/fr\/?s={search_term_string}"},"query-input":{"@type":"PropertyValueSpecification","valueRequired":true,"valueName":"search_term_string"}}],"inLanguage":"fr-FR"},{"@type":"Organization","@id":"https:\/\/www.forbes.be\/fr\/#organization","name":"Forbes Belgique","url":"https:\/\/www.forbes.be\/fr\/","logo":{"@type":"ImageObject","inLanguage":"fr-FR","@id":"https:\/\/www.forbes.be\/fr\/#\/schema\/logo\/image\/","url":"https:\/\/www.forbes.be\/fr\/wp-content\/uploads\/2024\/02\/forbes.be_.png","contentUrl":"https:\/\/www.forbes.be\/fr\/wp-content\/uploads\/2024\/02\/forbes.be_.png","width":1200,"height":675,"caption":"Forbes Belgique"},"image":{"@id":"https:\/\/www.forbes.be\/fr\/#\/schema\/logo\/image\/"},"sameAs":["https:\/\/www.facebook.com\/forbesbelgique\/","https:\/\/www.instagram.com\/Forbes_Belgium","https:\/\/www.linkedin.com\/company\/forbes-belgium\/"]},{"@type":"Person","@id":"https:\/\/www.forbes.be\/fr\/#\/schema\/person\/7a054703b12276e8c990a581baea6515","name":"Forbes US","image":{"@type":"ImageObject","inLanguage":"fr-FR","@id":"https:\/\/www.forbes.be\/fr\/wp-content\/uploads\/2025\/03\/forbes-logo1-100x100.png","url":"https:\/\/www.forbes.be\/fr\/wp-content\/uploads\/2025\/03\/forbes-logo1-100x100.png","contentUrl":"https:\/\/www.forbes.be\/fr\/wp-content\/uploads\/2025\/03\/forbes-logo1-100x100.png","caption":"Forbes US"},"url":"https:\/\/www.forbes.be\/fr\/author\/forbes-us\/"}]}},"_links":{"self":[{"href":"https:\/\/www.forbes.be\/fr\/wp-json\/wp\/v2\/posts\/13918","targetHints":{"allow":["GET"]}}],"collection":[{"href":"https:\/\/www.forbes.be\/fr\/wp-json\/wp\/v2\/posts"}],"about":[{"href":"https:\/\/www.forbes.be\/fr\/wp-json\/wp\/v2\/types\/post"}],"author":[{"embeddable":true,"href":"https:\/\/www.forbes.be\/fr\/wp-json\/wp\/v2\/users\/28"}],"replies":[{"embeddable":true,"href":"https:\/\/www.forbes.be\/fr\/wp-json\/wp\/v2\/comments?post=13918"}],"version-history":[{"count":0,"href":"https:\/\/www.forbes.be\/fr\/wp-json\/wp\/v2\/posts\/13918\/revisions"}],"wp:featuredmedia":[{"embeddable":true,"href":"https:\/\/www.forbes.be\/fr\/wp-json\/wp\/v2\/media\/13917"}],"wp:attachment":[{"href":"https:\/\/www.forbes.be\/fr\/wp-json\/wp\/v2\/media?parent=13918"}],"wp:term":[{"taxonomy":"category","embeddable":true,"href":"https:\/\/www.forbes.be\/fr\/wp-json\/wp\/v2\/categories?post=13918"},{"taxonomy":"post_tag","embeddable":true,"href":"https:\/\/www.forbes.be\/fr\/wp-json\/wp\/v2\/tags?post=13918"}],"curies":[{"name":"wp","href":"https:\/\/api.w.org\/{rel}","templated":true}]}}