{"id":13956,"date":"2026-03-08T11:02:40","date_gmt":"2026-03-08T10:02:40","guid":{"rendered":"https:\/\/www.forbes.be\/fr\/?p=13956"},"modified":"2026-03-05T14:53:06","modified_gmt":"2026-03-05T13:53:06","slug":"la-guerre-des-tarifs-est-un-non-sens","status":"publish","type":"post","link":"https:\/\/www.forbes.be\/fr\/la-guerre-des-tarifs-est-un-non-sens\/","title":{"rendered":"\u00ab\u00a0La guerre des\u00a0tarifs est un non-sens\u00a0\u00bb"},"content":{"rendered":"<p class=\"p1\"><strong><span class=\"s1\">Actionnaire historique d\u2019<\/span><span class=\"s2\">AB InBev<\/span><span class=\"s1\">, jadis patron du v\u00e9hicule d\u2019investissements <\/span><span class=\"s2\">Verlinvest<\/span><span class=\"s1\">, <\/span><span class=\"s2\">Fr\u00e9d\u00e9ric de M\u00e9vius<span class=\"Apple-converted-space\">\u00a0<\/span><\/span><span class=\"s1\"> soutient aujourd\u2019hui la<\/span><span class=\"s2\"> transition climatique <\/span><span class=\"s1\">par le biais du fonds Planet First Partners. Le sexag\u00e9naire pose son regard d\u2019investisseur averti sur l\u2019\u00e9volution de l\u2019\u00e9conomie mondiale, particuli\u00e8rement secou\u00e9e depuis l\u2019\u00e9lection \u00e0 la pr\u00e9sidence am\u00e9ricaine de Donald Trump.<\/span><\/strong><\/p>\n<p class=\"p1\">Les lunettes soulignent son \u0153il vif. Du haut d\u2019une soixantaine bien engag\u00e9e, Fr\u00e9d\u00e9ric de M\u00e9vius contemple une carri\u00e8re de dirigeant d\u2019entreprises et d\u2019investisseur fort remplie. Et la derni\u00e8re aventure lui tient particuli\u00e8rement \u00e0 c\u0153ur. \u00ab\u00a0<i>En 2000, nous faisions face \u00e0 un probl\u00e8me d\u2019eau dans notre ferme familiale situ\u00e9e pr\u00e8s de Namur<\/i>\u00a0\u00bb, raconte-t-il. \u00ab\u00a0<i>Nous \u00e9tions \u00e0 plus d\u2019un kilom\u00e8tre du r\u00e9seau. J\u2019ai donc d\u00e9cid\u00e9 de creuser un puits pour trouver de l\u2019eau.<\/i>\u00a0\u00bb Fr\u00e9d\u00e9ric de M\u00e9vius en trouve. \u00ab\u00a0<i>Mais elle est pleine de nitrates et de r\u00e9sidus de pesticides, donc impropre \u00e0 la consommation humaine ou animale. Nous avons cultiv\u00e9 cette terre durant des d\u00e9cennies ; j\u2019en conclus que nous portons une part de responsabilit\u00e9.<\/i>\u00a0\u00bb<\/p>\n<p class=\"p1\">Cette d\u00e9couverte malheureuse le pousse \u00e0 la r\u00e9flexion. \u00ab\u00a0<i>Sur la fa\u00e7on dont nous cultivons nos terres, mais aussi plus globalement sur l\u2019impact de l\u2019agriculture sur notre \u00e9cologie, sur la biodiversit\u00e9, sur la sant\u00e9 des sols. Dix ans plus tard, apr\u00e8s avoir transform\u00e9 la propri\u00e9t\u00e9 en bio, on se rend compte que les niveaux de nitrates et de pesticides sont tomb\u00e9s \u00e0 quasiment z\u00e9ro. C\u2019est long dix ans dans la vie d\u2019un homme, mais c\u2019est rien \u00e0 l\u2019\u00e9chelle de l\u2019humanit\u00e9.<\/i>\u00a0\u00bb<\/p>\n<h2 class=\"p1\">Cette histoire a servi de d\u00e9clic\u00a0?<\/h2>\n<p class=\"p1\"><span class=\"s1\">Lorsque je quitte Verlinvest, c\u2019est une \u00e9vidence pour moi\u00a0: soutenir des entrepreneurs qui ont le climat dans leur ligne de mire. Planet First Partners est n\u00e9e. Avec comme premier soutien Belfius. A laquelle s\u2019est ensuite joint un groupe d\u2019investisseurs. Nous avons lev\u00e9 450 millions.<span class=\"Apple-converted-space\">\u00a0<\/span><\/span><\/p>\n<h2 class=\"p1\">Quelle le\u00e7on tirez-vous de votre vie d\u2019investisseur\u00a0?<span class=\"Apple-converted-space\">\u00a0<\/span><\/h2>\n<p class=\"p1\">Je dirais que c\u2019est l\u2019humain qui est au centre de tous ces projets. On n\u2019arrive pas avec un ch\u00e8que et on dit aux entrepreneur\u00a0: \u00ab\u00a0<i>voil\u00e0, allez-y, on vous revoit dans six mois ou dans un an\u00a0<\/i>\u00bb. On travaille avec eux. La chose la plus importante est donc la cr\u00e9ation d\u2019un \u00e9cosyst\u00e8me autour de l\u2019humain.<\/p>\n<h2 class=\"p3\">Aujourd\u2019hui, le capital reste pourtant le mieux r\u00e9mun\u00e9r\u00e9\u2026<\/h2>\n<p class=\"p1\"><span class=\"s2\">C\u2019est effectivement quelque chose qui a \u00e9t\u00e9 au c\u0153ur de mes pr\u00e9occupations. Des gens qui prennent des risques, doivent \u00eatre r\u00e9mun\u00e9r\u00e9s pour ces risques mais j\u2019ai toujours consid\u00e9r\u00e9 que l\u2019\u00e9quipe devait \u00eatre extr\u00eamement motiv\u00e9e \u00e0 la cr\u00e9ation de valeur. Je suis un ardent promoteur d\u2019un capitalisme distribu\u00e9. Pour un investisseur, prendre plus de 80-90 % de la cr\u00e9ation de valeur, c\u2019est une erreur.<span class=\"Apple-converted-space\">\u00a0<\/span><\/span><\/p>\n<blockquote>\n<p class=\"p4\"><span class=\"s1\"><i>\u00ab L\u2019<\/i><\/span><span class=\"s3\"><i>\u00c9tat <\/i><\/span><span class=\"s1\"><i>est extr\u00eamement <\/i><\/span><span class=\"s3\"><i>lent<\/i><\/span><span class=\"s1\"><i> \u00e0 se remettre en <\/i><\/span><span class=\"s3\"><i>question<\/i><\/span><span class=\"s1\"><i>, \u00e0 se <\/i><\/span><span class=\"s3\"><i>r\u00e9nover<\/i><\/span><span class=\"s1\"><i> et donc \u00e0 \u00eatre <\/i><\/span><span class=\"s3\"><i>efficient<\/i><\/span><span class=\"s1\"><i> \u00bb<\/i><\/span><\/p>\n<\/blockquote>\n<h2 class=\"p3\">Les investisseurs se montrent parfois gourmands, les Etats \u00e9galement. La Belgique particuli\u00e8rement\u2026<span class=\"Apple-converted-space\">\u00a0<\/span><\/h2>\n<p class=\"p1\">Ce sont surtout les co\u00fbts de l\u2019Etat qui me posent probl\u00e8me. Comme la plupart des grandes organisations, l\u2019Etat est extr\u00eamement lent \u00e0 se remettre en question, \u00e0 se r\u00e9nover et donc \u00e0 \u00eatre efficient. La Belgique n\u2019est pas la seule. Il y a des inefficiences terribles qui am\u00e8nent \u00e0 une augmentation de la pr\u00e9sence de l\u2019\u00c9tat dans l\u2019\u00e9conomie sans une efficacit\u00e9 qui offre aux citoyens une satisfaction.<span class=\"Apple-converted-space\">\u00a0<\/span><\/p>\n<h2 class=\"p3\">Le gouvernement belge s\u2019est prononc\u00e9 cet \u00e9t\u00e9<span class=\"Apple-converted-space\">\u00a0<\/span>pour une taxation des plus-values.<\/h2>\n<p class=\"p1\">\u00c7a ne me para\u00eet pas d\u00e9raisonnable. Ce qui peut \u00eatre d\u00e9raisonnable, effectivement, c\u2019est que la somme des pr\u00e9l\u00e8vements de l\u2019\u00c9tat soit tellement importante que cela tue l\u2019initiative priv\u00e9e. On est proche de cela. Et cela pousse les citoyens \u00e0 choisir parfois l\u2019endroit o\u00f9 ils vont se localiser pour travailler.<span class=\"Apple-converted-space\">\u00a0<\/span><\/p>\n<h2 class=\"p3\">C\u2019est un choix que vous avez pos\u00e9\u00a0?<\/h2>\n<p class=\"p1\">Moi, j\u2019ai fait un choix. Je ne vais pas rentrer dans le d\u00e9tail mais jusqu\u2019\u00e0 l\u2019ann\u00e9e derni\u00e8re, j\u2019\u00e9tais install\u00e9 \u00e0 Londres en tant que citoyen belge pour monter Planet First Partners. Aujourd\u2019hui je suis r\u00e9sident belge, et je rayonne dans le monde au d\u00e9part de Bruxelles.<span class=\"Apple-converted-space\">\u00a0<\/span><\/p>\n<h2 class=\"p3\">Comment jugez-vous les premiers mois du nouveau gouvernement f\u00e9d\u00e9ral\u00a0?<\/h2>\n<p class=\"p1\">Le premier ministre se montre extr\u00eamement volontaire et d\u00e9ploie une intelligence pour la gestion du pays qui est remarquable. Il est malheureusement face \u00e0 une lenteur institutionnelle difficile \u00e0 surmonter. Les r\u00e9formes ne touchent que trop peu au fonctionnement de l\u2019\u00c9tat. Nous avons trop de niveaux de pouvoir.<span class=\"Apple-converted-space\">\u00a0<\/span><\/p>\n<h2 class=\"p3\">\u00c7a vous rend optimiste ou pessimiste pour le futur du pays\u00a0?<\/h2>\n<p class=\"p1\">Je vois beaucoup d\u2019entrepreneurs en Belgique, je vois une recherche universitaire exceptionnelle, je vois des entreprises du c\u00f4t\u00e9 n\u00e9erlandophone et du c\u00f4t\u00e9 francophone qui sont de niveau mondial. Le gros challenge est de donner suffisamment de moyens \u00e0 de nombreux entrepreneurs qui se posent la question de savoir s\u2019ils devraient partir vers d\u2019autres r\u00e9gions comme les \u00c9tats-Unis. Et \u00e7a, c\u2019est plut\u00f4t une question de disponibilit\u00e9 de capitaux. Il y a aujourd\u2019hui un \u00ab\u00a0funding gap\u00a0\u00bb important pour l\u2019innovation. Tous secteurs confondus.<span class=\"Apple-converted-space\">\u00a0<\/span><\/p>\n<h2 class=\"p3\">Quelle en est la cause\u00a0?<\/h2>\n<p class=\"p1\">Le manque d\u2019unification du march\u00e9 des capitaux europ\u00e9ens ne permet pas aux entreprises en grande croissance de se financer correctement. Et donc le co\u00fbt du capital aujourd\u2019hui est extr\u00eamement cher. Alors, quand on est investisseur, on est plut\u00f4t content. Mais quand on est entrepreneur, les diff\u00e9rences de valorisation entre les soci\u00e9t\u00e9s europ\u00e9ennes et les soci\u00e9t\u00e9s am\u00e9ricaines lui sont d\u00e9favorables. Et de plus en plus, je vois des investisseurs que je qualifierais d\u2019extr\u00eamement pertinents red\u00e9velopper leur pr\u00e9sence en Europe pour capter ces opportunit\u00e9s de soutenir des entrepreneurs europ\u00e9ens, pour leur donner ensuite la possibilit\u00e9 de se d\u00e9velopper vers les Etats-Unis et de se valoriser un jour aux multiples am\u00e9ricains. Si nous voulons garder ces soci\u00e9t\u00e9s en Europe, il faut d\u00e9velopper un march\u00e9 des capitaux europ\u00e9ens qui d\u00e9passe les march\u00e9s nationaux. Par ailleurs, les Etats-Unis sont en train de tuer leur mod\u00e8le universitaire. M\u00eame si \u00e7a ne dure que deux ans ou trois ans, \u00e7a va avoir une cons\u00e9quence importante sur la recherche et l\u2019innovation. Donc nous avons une carte \u00e0 jouer sur l\u2019exploitation judicieuse de la recherche g\u00e9n\u00e9r\u00e9e par les universit\u00e9s europ\u00e9ennes.<span class=\"Apple-converted-space\">\u00a0<\/span><\/p>\n<h2 class=\"p3\">Vous \u00e9voquez les Etats-Unis\u2026<\/h2>\n<p class=\"p1\"><span class=\"s1\">Si la mani\u00e8re ne me correspond pas, je ne suis pas \u00e0 l\u2019oppos\u00e9 de certaines des r\u00e9flexions de Donald Trump. Il y a cependant quelques grosses erreurs. La guerre des droits de douane sur les biens uniquement en ignorant les services est un non-sens. Un non-sens qui \u00e9lectoralement passe tr\u00e8s bien. Mais. c\u2019est un non-sens \u00e9conomique. Pour l\u2019\u00e9conomiste que je suis, l\u2019\u00e9lasticit\u00e9 de la demande, c\u2019est quelque chose qui reste vrai, quel que soit le pays. Et donc je ne pense pas qu\u2019on \u00e9vitera une inflation importante due au rapatriement de la production aux Etats-Unis, surtout avec la politique anti-migratoire tr\u00e8s dure qui va priver des pans entiers de l\u2019\u00e9conomie de travailleurs\u00a0: l\u2019agriculture, les services, la restauration&#8230; Donc tout ce qui permettait aux personnes qui \u00e9taient en bas de l\u2019\u00e9chelle sociale d\u2019acc\u00e9der \u00e0 des \u00e9conomies, d\u2019acc\u00e9der \u00e0 une \u00e9ducation. Je suis inquiet sur le moyen terme. Un autre aspect est la diminution forte de la r\u00e9alit\u00e9 d\u00e9mocratique du pays avec une perte de l\u2019ind\u00e9pendance judiciaire, une perte de contre-pouvoirs. Bombarder l\u2019Iran sans l\u2019aval du Congr\u00e8s, c\u2019est totalement in\u00e9dit. Personne ne bouge. Donc il y a une perte de d\u00e9mocratie r\u00e9elle qui est inqui\u00e9tante.<\/span><\/p>\n<blockquote>\n<p class=\"p4\"><span class=\"s1\"><i>\u00ab C\u2019est <\/i><\/span><span class=\"s3\"><i>ignorer<\/i><\/span><span class=\"s1\"><i> l\u2019Histoire de penser que les <\/i><\/span><span class=\"s3\"><i>\u00c9tats-Unis <\/i><\/span><span class=\"s1\"><i>ont toujours \u00e9t\u00e9 volontaires \u00e0 <\/i><\/span><span class=\"s3\"><i>soutenir<\/i><\/span><span class=\"s1\"><i> l\u2019<\/i><\/span><span class=\"s3\"><i>Europe<\/i><\/span><span class=\"s1\"><i> \u00bb<\/i><\/span><\/p>\n<\/blockquote>\n<h2 class=\"p1\">Donald Trump siffle la fin du multilat\u00e9ralisme aussi.<\/h2>\n<p class=\"p1\">Le multilat\u00e9ralisme et le commerce sont les deux chevilles de la paix. On n\u2019est plus dans cette mouvance, on est clairement dans une mouvance de blocs. C\u2019est un monde plus risqu\u00e9. L\u2019Europe est face \u00e0 des d\u00e9cisions qu\u2019elle doit prendre elle-m\u00eame, notamment en mati\u00e8re de d\u00e9fense et d\u2019\u00e9nergie. Il est grand temps. C\u2019est ignorer l\u2019Histoire de penser que les Etats-Unis ont toujours \u00e9t\u00e9 volontaires \u00e0 soutenir l\u2019Europe. La derni\u00e8re fois, en 1940-45, Churchill a d\u00fb faire un lobby<span class=\"Apple-converted-space\">\u00a0 <\/span>incroyable pour obtenir le soutien des Etats-Unis qui sont finalement venus \u00e0 notre rescousse. Tout cela a donn\u00e9, au cours des 80 derni\u00e8res ann\u00e9es, l\u2019impression d\u2019un confort. On n\u2019a pas eu \u00e0 assumer notre responsabilit\u00e9.<\/p>\n","protected":false},"excerpt":{"rendered":"<p>Actionnaire historique d\u2019AB InBev, jadis patron du v\u00e9hicule d\u2019investissements Verlinvest, Fr\u00e9d\u00e9ric de M\u00e9vius\u00a0 soutient aujourd\u2019hui la transition climatique par le biais du fonds Planet First Partners. Le sexag\u00e9naire pose son regard d\u2019investisseur averti sur l\u2019\u00e9volution de l\u2019\u00e9conomie mondiale, particuli\u00e8rement secou\u00e9e depuis l\u2019\u00e9lection \u00e0 la pr\u00e9sidence am\u00e9ricaine de Donald Trump. Les lunettes soulignent son \u0153il vif. [&hellip;]<\/p>\n","protected":false},"author":8,"featured_media":13958,"comment_status":"closed","ping_status":"closed","sticky":false,"template":"","format":"standard","meta":{"_acf_changed":false,"inline_featured_image":false,"footnotes":""},"categories":[16],"tags":[],"class_list":{"0":"post-13956","1":"post","2":"type-post","3":"status-publish","4":"format-standard","5":"has-post-thumbnail","7":"category-finance"},"acf":[],"_yoast_wpseo_title":null,"_yoast_wpseo_metadesc":null,"auteur_traducteur":"","yoast_head":"<!-- This site is optimized with the Yoast SEO plugin v27.4 - https:\/\/yoast.com\/product\/yoast-seo-wordpress\/ -->\n<title>\u00ab\u00a0La guerre des\u00a0tarifs est un non-sens\u00a0\u00bb | Forbes Belgique<\/title>\n<meta name=\"robots\" content=\"index, follow, max-snippet:-1, max-image-preview:large, max-video-preview:-1\" \/>\n<link rel=\"canonical\" href=\"https:\/\/www.forbes.be\/fr\/la-guerre-des-tarifs-est-un-non-sens\/\" \/>\n<meta property=\"og:locale\" content=\"fr_FR\" \/>\n<meta property=\"og:type\" content=\"article\" \/>\n<meta property=\"og:title\" content=\"\u00ab\u00a0La guerre des\u00a0tarifs est un non-sens\u00a0\u00bb | Forbes Belgique\" \/>\n<meta property=\"og:description\" content=\"Actionnaire historique d\u2019AB InBev, jadis patron du v\u00e9hicule d\u2019investissements Verlinvest, Fr\u00e9d\u00e9ric de M\u00e9vius\u00a0 soutient aujourd\u2019hui la transition climatique par le biais du fonds Planet First Partners. Le sexag\u00e9naire pose son regard d\u2019investisseur averti sur l\u2019\u00e9volution de l\u2019\u00e9conomie mondiale, particuli\u00e8rement secou\u00e9e depuis l\u2019\u00e9lection \u00e0 la pr\u00e9sidence am\u00e9ricaine de Donald Trump. Les lunettes soulignent son \u0153il vif. [&hellip;]\" \/>\n<meta property=\"og:url\" content=\"https:\/\/www.forbes.be\/fr\/la-guerre-des-tarifs-est-un-non-sens\/\" \/>\n<meta property=\"og:site_name\" content=\"Forbes Belgique\" \/>\n<meta property=\"article:publisher\" content=\"https:\/\/www.facebook.com\/forbesbelgique\/\" \/>\n<meta property=\"article:published_time\" content=\"2026-03-08T10:02:40+00:00\" \/>\n<meta property=\"og:image\" content=\"https:\/\/www.forbes.be\/fr\/wp-content\/uploads\/2025\/12\/planet-first-session-octo-2020-2068134jpg-1.jpg\" \/>\n\t<meta property=\"og:image:width\" content=\"1200\" \/>\n\t<meta property=\"og:image:height\" content=\"629\" \/>\n\t<meta property=\"og:image:type\" content=\"image\/jpeg\" \/>\n<meta name=\"author\" content=\"Joan Condijts\" \/>\n<meta name=\"twitter:card\" content=\"summary_large_image\" \/>\n<meta name=\"twitter:label1\" content=\"\u00c9crit par\" \/>\n\t<meta name=\"twitter:data1\" content=\"Joan Condijts\" \/>\n\t<meta name=\"twitter:label2\" content=\"Dur\u00e9e de lecture estim\u00e9e\" \/>\n\t<meta name=\"twitter:data2\" content=\"7 minutes\" \/>\n<script type=\"application\/ld+json\" class=\"yoast-schema-graph\">{\"@context\":\"https:\\\/\\\/schema.org\",\"@graph\":[{\"@type\":\"NewsArticle\",\"@id\":\"https:\\\/\\\/www.forbes.be\\\/fr\\\/la-guerre-des-tarifs-est-un-non-sens\\\/#article\",\"isPartOf\":{\"@id\":\"https:\\\/\\\/www.forbes.be\\\/fr\\\/la-guerre-des-tarifs-est-un-non-sens\\\/\"},\"author\":{\"name\":\"Joan Condijts\",\"@id\":\"https:\\\/\\\/www.forbes.be\\\/fr\\\/#\\\/schema\\\/person\\\/73fa8afe077711284de86b2efb2a12d8\"},\"headline\":\"\u00ab\u00a0La guerre des\u00a0tarifs est un non-sens\u00a0\u00bb\",\"datePublished\":\"2026-03-08T10:02:40+00:00\",\"mainEntityOfPage\":{\"@id\":\"https:\\\/\\\/www.forbes.be\\\/fr\\\/la-guerre-des-tarifs-est-un-non-sens\\\/\"},\"wordCount\":1505,\"publisher\":{\"@id\":\"https:\\\/\\\/www.forbes.be\\\/fr\\\/#organization\"},\"image\":{\"@id\":\"https:\\\/\\\/www.forbes.be\\\/fr\\\/la-guerre-des-tarifs-est-un-non-sens\\\/#primaryimage\"},\"thumbnailUrl\":\"https:\\\/\\\/www.forbes.be\\\/fr\\\/wp-content\\\/uploads\\\/2025\\\/12\\\/planet-first-session-octo-2020-2068134jpg-1.jpg\",\"articleSection\":[\"Finance\"],\"inLanguage\":\"fr-FR\"},{\"@type\":\"WebPage\",\"@id\":\"https:\\\/\\\/www.forbes.be\\\/fr\\\/la-guerre-des-tarifs-est-un-non-sens\\\/\",\"url\":\"https:\\\/\\\/www.forbes.be\\\/fr\\\/la-guerre-des-tarifs-est-un-non-sens\\\/\",\"name\":\"\u00ab\u00a0La guerre des\u00a0tarifs est un non-sens\u00a0\u00bb | Forbes Belgique\",\"isPartOf\":{\"@id\":\"https:\\\/\\\/www.forbes.be\\\/fr\\\/#website\"},\"primaryImageOfPage\":{\"@id\":\"https:\\\/\\\/www.forbes.be\\\/fr\\\/la-guerre-des-tarifs-est-un-non-sens\\\/#primaryimage\"},\"image\":{\"@id\":\"https:\\\/\\\/www.forbes.be\\\/fr\\\/la-guerre-des-tarifs-est-un-non-sens\\\/#primaryimage\"},\"thumbnailUrl\":\"https:\\\/\\\/www.forbes.be\\\/fr\\\/wp-content\\\/uploads\\\/2025\\\/12\\\/planet-first-session-octo-2020-2068134jpg-1.jpg\",\"datePublished\":\"2026-03-08T10:02:40+00:00\",\"breadcrumb\":{\"@id\":\"https:\\\/\\\/www.forbes.be\\\/fr\\\/la-guerre-des-tarifs-est-un-non-sens\\\/#breadcrumb\"},\"inLanguage\":\"fr-FR\",\"potentialAction\":[{\"@type\":\"ReadAction\",\"target\":[\"https:\\\/\\\/www.forbes.be\\\/fr\\\/la-guerre-des-tarifs-est-un-non-sens\\\/\"]}]},{\"@type\":\"ImageObject\",\"inLanguage\":\"fr-FR\",\"@id\":\"https:\\\/\\\/www.forbes.be\\\/fr\\\/la-guerre-des-tarifs-est-un-non-sens\\\/#primaryimage\",\"url\":\"https:\\\/\\\/www.forbes.be\\\/fr\\\/wp-content\\\/uploads\\\/2025\\\/12\\\/planet-first-session-octo-2020-2068134jpg-1.jpg\",\"contentUrl\":\"https:\\\/\\\/www.forbes.be\\\/fr\\\/wp-content\\\/uploads\\\/2025\\\/12\\\/planet-first-session-octo-2020-2068134jpg-1.jpg\",\"width\":1200,\"height\":629,\"caption\":\"Fr\u00e9d\u00e9ric de M\u00e9vius soutient la transition climatique par le biais du fonds Planet First Partners. \u00a9 Nathalie Gabay\"},{\"@type\":\"BreadcrumbList\",\"@id\":\"https:\\\/\\\/www.forbes.be\\\/fr\\\/la-guerre-des-tarifs-est-un-non-sens\\\/#breadcrumb\",\"itemListElement\":[{\"@type\":\"ListItem\",\"position\":1,\"name\":\"Accueil\",\"item\":\"https:\\\/\\\/www.forbes.be\\\/fr\\\/\"},{\"@type\":\"ListItem\",\"position\":2,\"name\":\"\u00ab\u00a0La guerre des\u00a0tarifs est un non-sens\u00a0\u00bb\"}]},{\"@type\":\"WebSite\",\"@id\":\"https:\\\/\\\/www.forbes.be\\\/fr\\\/#website\",\"url\":\"https:\\\/\\\/www.forbes.be\\\/fr\\\/\",\"name\":\"Forbes Belgique\",\"description\":\"\",\"publisher\":{\"@id\":\"https:\\\/\\\/www.forbes.be\\\/fr\\\/#organization\"},\"potentialAction\":[{\"@type\":\"SearchAction\",\"target\":{\"@type\":\"EntryPoint\",\"urlTemplate\":\"https:\\\/\\\/www.forbes.be\\\/fr\\\/?s={search_term_string}\"},\"query-input\":{\"@type\":\"PropertyValueSpecification\",\"valueRequired\":true,\"valueName\":\"search_term_string\"}}],\"inLanguage\":\"fr-FR\"},{\"@type\":\"Organization\",\"@id\":\"https:\\\/\\\/www.forbes.be\\\/fr\\\/#organization\",\"name\":\"Forbes Belgique\",\"url\":\"https:\\\/\\\/www.forbes.be\\\/fr\\\/\",\"logo\":{\"@type\":\"ImageObject\",\"inLanguage\":\"fr-FR\",\"@id\":\"https:\\\/\\\/www.forbes.be\\\/fr\\\/#\\\/schema\\\/logo\\\/image\\\/\",\"url\":\"https:\\\/\\\/www.forbes.be\\\/fr\\\/wp-content\\\/uploads\\\/2024\\\/02\\\/forbes.be_.png\",\"contentUrl\":\"https:\\\/\\\/www.forbes.be\\\/fr\\\/wp-content\\\/uploads\\\/2024\\\/02\\\/forbes.be_.png\",\"width\":1200,\"height\":675,\"caption\":\"Forbes Belgique\"},\"image\":{\"@id\":\"https:\\\/\\\/www.forbes.be\\\/fr\\\/#\\\/schema\\\/logo\\\/image\\\/\"},\"sameAs\":[\"https:\\\/\\\/www.facebook.com\\\/forbesbelgique\\\/\",\"https:\\\/\\\/www.instagram.com\\\/Forbes_Belgium\",\"https:\\\/\\\/www.linkedin.com\\\/company\\\/forbes-belgium\\\/\"]},{\"@type\":\"Person\",\"@id\":\"https:\\\/\\\/www.forbes.be\\\/fr\\\/#\\\/schema\\\/person\\\/73fa8afe077711284de86b2efb2a12d8\",\"name\":\"Joan Condijts\",\"image\":{\"@type\":\"ImageObject\",\"inLanguage\":\"fr-FR\",\"@id\":\"https:\\\/\\\/www.forbes.be\\\/fr\\\/wp-content\\\/uploads\\\/2024\\\/01\\\/50-150x150.jpg\",\"url\":\"https:\\\/\\\/www.forbes.be\\\/fr\\\/wp-content\\\/uploads\\\/2024\\\/01\\\/50-150x150.jpg\",\"contentUrl\":\"https:\\\/\\\/www.forbes.be\\\/fr\\\/wp-content\\\/uploads\\\/2024\\\/01\\\/50-150x150.jpg\",\"caption\":\"Joan Condijts\"},\"url\":\"https:\\\/\\\/www.forbes.be\\\/fr\\\/author\\\/jcoforbes-be\\\/\"}]}<\/script>\n<!-- \/ Yoast SEO plugin. -->","yoast_head_json":{"title":"\u00ab\u00a0La guerre des\u00a0tarifs est un non-sens\u00a0\u00bb | Forbes Belgique","robots":{"index":"index","follow":"follow","max-snippet":"max-snippet:-1","max-image-preview":"max-image-preview:large","max-video-preview":"max-video-preview:-1"},"canonical":"https:\/\/www.forbes.be\/fr\/la-guerre-des-tarifs-est-un-non-sens\/","og_locale":"fr_FR","og_type":"article","og_title":"\u00ab\u00a0La guerre des\u00a0tarifs est un non-sens\u00a0\u00bb | Forbes Belgique","og_description":"Actionnaire historique d\u2019AB InBev, jadis patron du v\u00e9hicule d\u2019investissements Verlinvest, Fr\u00e9d\u00e9ric de M\u00e9vius\u00a0 soutient aujourd\u2019hui la transition climatique par le biais du fonds Planet First Partners. Le sexag\u00e9naire pose son regard d\u2019investisseur averti sur l\u2019\u00e9volution de l\u2019\u00e9conomie mondiale, particuli\u00e8rement secou\u00e9e depuis l\u2019\u00e9lection \u00e0 la pr\u00e9sidence am\u00e9ricaine de Donald Trump. Les lunettes soulignent son \u0153il vif. [&hellip;]","og_url":"https:\/\/www.forbes.be\/fr\/la-guerre-des-tarifs-est-un-non-sens\/","og_site_name":"Forbes Belgique","article_publisher":"https:\/\/www.facebook.com\/forbesbelgique\/","article_published_time":"2026-03-08T10:02:40+00:00","og_image":[{"width":1200,"height":629,"url":"https:\/\/www.forbes.be\/fr\/wp-content\/uploads\/2025\/12\/planet-first-session-octo-2020-2068134jpg-1.jpg","type":"image\/jpeg"}],"author":"Joan Condijts","twitter_card":"summary_large_image","twitter_misc":{"\u00c9crit par":"Joan Condijts","Dur\u00e9e de lecture estim\u00e9e":"7 minutes"},"schema":{"@context":"https:\/\/schema.org","@graph":[{"@type":"NewsArticle","@id":"https:\/\/www.forbes.be\/fr\/la-guerre-des-tarifs-est-un-non-sens\/#article","isPartOf":{"@id":"https:\/\/www.forbes.be\/fr\/la-guerre-des-tarifs-est-un-non-sens\/"},"author":{"name":"Joan Condijts","@id":"https:\/\/www.forbes.be\/fr\/#\/schema\/person\/73fa8afe077711284de86b2efb2a12d8"},"headline":"\u00ab\u00a0La guerre des\u00a0tarifs est un non-sens\u00a0\u00bb","datePublished":"2026-03-08T10:02:40+00:00","mainEntityOfPage":{"@id":"https:\/\/www.forbes.be\/fr\/la-guerre-des-tarifs-est-un-non-sens\/"},"wordCount":1505,"publisher":{"@id":"https:\/\/www.forbes.be\/fr\/#organization"},"image":{"@id":"https:\/\/www.forbes.be\/fr\/la-guerre-des-tarifs-est-un-non-sens\/#primaryimage"},"thumbnailUrl":"https:\/\/www.forbes.be\/fr\/wp-content\/uploads\/2025\/12\/planet-first-session-octo-2020-2068134jpg-1.jpg","articleSection":["Finance"],"inLanguage":"fr-FR"},{"@type":"WebPage","@id":"https:\/\/www.forbes.be\/fr\/la-guerre-des-tarifs-est-un-non-sens\/","url":"https:\/\/www.forbes.be\/fr\/la-guerre-des-tarifs-est-un-non-sens\/","name":"\u00ab\u00a0La guerre des\u00a0tarifs est un non-sens\u00a0\u00bb | Forbes Belgique","isPartOf":{"@id":"https:\/\/www.forbes.be\/fr\/#website"},"primaryImageOfPage":{"@id":"https:\/\/www.forbes.be\/fr\/la-guerre-des-tarifs-est-un-non-sens\/#primaryimage"},"image":{"@id":"https:\/\/www.forbes.be\/fr\/la-guerre-des-tarifs-est-un-non-sens\/#primaryimage"},"thumbnailUrl":"https:\/\/www.forbes.be\/fr\/wp-content\/uploads\/2025\/12\/planet-first-session-octo-2020-2068134jpg-1.jpg","datePublished":"2026-03-08T10:02:40+00:00","breadcrumb":{"@id":"https:\/\/www.forbes.be\/fr\/la-guerre-des-tarifs-est-un-non-sens\/#breadcrumb"},"inLanguage":"fr-FR","potentialAction":[{"@type":"ReadAction","target":["https:\/\/www.forbes.be\/fr\/la-guerre-des-tarifs-est-un-non-sens\/"]}]},{"@type":"ImageObject","inLanguage":"fr-FR","@id":"https:\/\/www.forbes.be\/fr\/la-guerre-des-tarifs-est-un-non-sens\/#primaryimage","url":"https:\/\/www.forbes.be\/fr\/wp-content\/uploads\/2025\/12\/planet-first-session-octo-2020-2068134jpg-1.jpg","contentUrl":"https:\/\/www.forbes.be\/fr\/wp-content\/uploads\/2025\/12\/planet-first-session-octo-2020-2068134jpg-1.jpg","width":1200,"height":629,"caption":"Fr\u00e9d\u00e9ric de M\u00e9vius soutient la transition climatique par le biais du fonds Planet First Partners. \u00a9 Nathalie Gabay"},{"@type":"BreadcrumbList","@id":"https:\/\/www.forbes.be\/fr\/la-guerre-des-tarifs-est-un-non-sens\/#breadcrumb","itemListElement":[{"@type":"ListItem","position":1,"name":"Accueil","item":"https:\/\/www.forbes.be\/fr\/"},{"@type":"ListItem","position":2,"name":"\u00ab\u00a0La guerre des\u00a0tarifs est un non-sens\u00a0\u00bb"}]},{"@type":"WebSite","@id":"https:\/\/www.forbes.be\/fr\/#website","url":"https:\/\/www.forbes.be\/fr\/","name":"Forbes Belgique","description":"","publisher":{"@id":"https:\/\/www.forbes.be\/fr\/#organization"},"potentialAction":[{"@type":"SearchAction","target":{"@type":"EntryPoint","urlTemplate":"https:\/\/www.forbes.be\/fr\/?s={search_term_string}"},"query-input":{"@type":"PropertyValueSpecification","valueRequired":true,"valueName":"search_term_string"}}],"inLanguage":"fr-FR"},{"@type":"Organization","@id":"https:\/\/www.forbes.be\/fr\/#organization","name":"Forbes Belgique","url":"https:\/\/www.forbes.be\/fr\/","logo":{"@type":"ImageObject","inLanguage":"fr-FR","@id":"https:\/\/www.forbes.be\/fr\/#\/schema\/logo\/image\/","url":"https:\/\/www.forbes.be\/fr\/wp-content\/uploads\/2024\/02\/forbes.be_.png","contentUrl":"https:\/\/www.forbes.be\/fr\/wp-content\/uploads\/2024\/02\/forbes.be_.png","width":1200,"height":675,"caption":"Forbes Belgique"},"image":{"@id":"https:\/\/www.forbes.be\/fr\/#\/schema\/logo\/image\/"},"sameAs":["https:\/\/www.facebook.com\/forbesbelgique\/","https:\/\/www.instagram.com\/Forbes_Belgium","https:\/\/www.linkedin.com\/company\/forbes-belgium\/"]},{"@type":"Person","@id":"https:\/\/www.forbes.be\/fr\/#\/schema\/person\/73fa8afe077711284de86b2efb2a12d8","name":"Joan Condijts","image":{"@type":"ImageObject","inLanguage":"fr-FR","@id":"https:\/\/www.forbes.be\/fr\/wp-content\/uploads\/2024\/01\/50-150x150.jpg","url":"https:\/\/www.forbes.be\/fr\/wp-content\/uploads\/2024\/01\/50-150x150.jpg","contentUrl":"https:\/\/www.forbes.be\/fr\/wp-content\/uploads\/2024\/01\/50-150x150.jpg","caption":"Joan Condijts"},"url":"https:\/\/www.forbes.be\/fr\/author\/jcoforbes-be\/"}]}},"_links":{"self":[{"href":"https:\/\/www.forbes.be\/fr\/wp-json\/wp\/v2\/posts\/13956","targetHints":{"allow":["GET"]}}],"collection":[{"href":"https:\/\/www.forbes.be\/fr\/wp-json\/wp\/v2\/posts"}],"about":[{"href":"https:\/\/www.forbes.be\/fr\/wp-json\/wp\/v2\/types\/post"}],"author":[{"embeddable":true,"href":"https:\/\/www.forbes.be\/fr\/wp-json\/wp\/v2\/users\/8"}],"replies":[{"embeddable":true,"href":"https:\/\/www.forbes.be\/fr\/wp-json\/wp\/v2\/comments?post=13956"}],"version-history":[{"count":2,"href":"https:\/\/www.forbes.be\/fr\/wp-json\/wp\/v2\/posts\/13956\/revisions"}],"predecessor-version":[{"id":13959,"href":"https:\/\/www.forbes.be\/fr\/wp-json\/wp\/v2\/posts\/13956\/revisions\/13959"}],"wp:featuredmedia":[{"embeddable":true,"href":"https:\/\/www.forbes.be\/fr\/wp-json\/wp\/v2\/media\/13958"}],"wp:attachment":[{"href":"https:\/\/www.forbes.be\/fr\/wp-json\/wp\/v2\/media?parent=13956"}],"wp:term":[{"taxonomy":"category","embeddable":true,"href":"https:\/\/www.forbes.be\/fr\/wp-json\/wp\/v2\/categories?post=13956"},{"taxonomy":"post_tag","embeddable":true,"href":"https:\/\/www.forbes.be\/fr\/wp-json\/wp\/v2\/tags?post=13956"}],"curies":[{"name":"wp","href":"https:\/\/api.w.org\/{rel}","templated":true}]}}