{"id":14013,"date":"2025-12-15T11:03:43","date_gmt":"2025-12-15T10:03:43","guid":{"rendered":"https:\/\/www.forbes.be\/fr\/?p=14013"},"modified":"2025-12-15T11:03:43","modified_gmt":"2025-12-15T10:03:43","slug":"les-ceo-des-entreprises-cotees-gagnent-de-plus-en-plus","status":"publish","type":"post","link":"https:\/\/www.forbes.be\/fr\/les-ceo-des-entreprises-cotees-gagnent-de-plus-en-plus\/","title":{"rendered":"Les CEO des entreprises cot\u00e9es gagnent de plus en plus"},"content":{"rendered":"<p><strong>Alors que 2025 touche \u00e0 sa fin, on apprend que 2024 fut plut\u00f4t une bonne ann\u00e9e pour les CEO des entreprises belges cot\u00e9es en bourse. Dans leur grande majorit\u00e9, ils ont en effet gagn\u00e9 davantage l&rsquo;an dernier qu&rsquo;en 2023. Ce fut particuli\u00e8rement le cas pour les soci\u00e9t\u00e9s de l&rsquo;indice Bel Small.<\/strong><\/p>\n<p>Chaque ann\u00e9e, le mois de d\u00e9cembre co\u00efncide avec la publication de <a href=\"https:\/\/dam.vlerick.com\/m\/500a9c0ad857df16\/original\/Executive-Remuneration-study-2025-Belgium.pdf?utm_medium=email&amp;utm_source=CORPORATE-PRESS-ExecutiveRemuneration-2025-FR&amp;utm_campaign=persbericht\">l&rsquo;\u00e9tude<\/a> de la <a href=\"https:\/\/www.vlerick.com\/en\/\">Vlerick Business School<\/a> sur la r\u00e9mun\u00e9ration des CEO. Les constats sont souvent les m\u00eames, ann\u00e9e apr\u00e8s ann\u00e9e: la m\u00e9diane de la r\u00e9mun\u00e9ration totale des patrons des grandes, moyennes et petites entreprises cot\u00e9es en Belgique progresse. Cette r\u00e9mun\u00e9ration totale comprend le salaire fixe, le bonus \u00e0 court terme et la r\u00e9mun\u00e9ration \u00e0 long terme.<\/p>\n<h2>2024 bien meilleure que 2023<\/h2>\n<p>Pour les soci\u00e9t\u00e9s du <strong>Bel 20<\/strong>, elle s&rsquo;est \u00e9tablie l&rsquo;an dernier \u00e0 3.092.587 euros, contre 2.810.634 euros en 2023. Celle des soci\u00e9t\u00e9s de l&rsquo;indice <strong>Bel Mid<\/strong> a atteint 1.293.480 euros en 2024 (pour 1.061.653 euros un an plus t\u00f4t), tandis que les dirigeants des entreprises du <strong>Bel Small<\/strong> ont gagn\u00e9 en moyenne un total de 941.191 euros.<\/p>\n<p>L&rsquo;<strong>augmentation<\/strong> est, ici, <strong>frappante<\/strong> puisqu&rsquo;elle est de 72% sur un an et les 545.705 euros recens\u00e9s en 2023. Selon la Vlerick Business School, cela s\u2019explique en grande partie par les <strong>changements au niveau de la composition<\/strong> de cet indice boursier. La base de donn\u00e9es dispose des donn\u00e9es de r\u00e9mun\u00e9ration de 22 entreprises pour 2023, avec une valeur boursi\u00e8re m\u00e9diane de 121 millions d\u2019euros, alors que pour 2024, il s\u2019agissait de 17 entreprises, relativement plus grandes et avec une valeur boursi\u00e8re m\u00e9diane de 200 millions d\u2019euros. Si l&rsquo;on compare les 11 entreprises qui faisaient partie du Bell Small en 2023 et 2024, l\u2019augmentation m\u00e9diane n\u2019est que de 9%, avec trois membres dont le CEO a per\u00e7u une r\u00e9mun\u00e9ration inf\u00e9rieure.<\/p>\n<p>Si l&rsquo;on effectue le m\u00eame exercice pour toutes les entreprises belges cot\u00e9es et pour lesquelles il existe des donn\u00e9es \u00e0 la fois pour 2023 et 2024, on arrive \u00e0 un total de 41 soci\u00e9t\u00e9s. Dans la moiti\u00e9 d&rsquo;entre elles (49%), une\u00a0augmentation de plus de 10% a \u00e9t\u00e9 accord\u00e9e et 22% ont appliqu\u00e9 une diminution de plus de 5%.\u00a0La m\u00e9diane des pourcentages d\u2019augmentation s\u2019\u00e9l\u00e8ve \u00e0 9%.<\/p>\n<h2>La Belgique en-de\u00e7\u00e0 de ses voisins<\/h2>\n<p><strong>Si l&rsquo;on compare<\/strong> cette fois les 17 entreprises belges faisant partie de <strong>l&rsquo;indice europ\u00e9en Stoxx 600<\/strong>, qui regroupe les 600 soci\u00e9t\u00e9s europ\u00e9nnes cot\u00e9es, aux membres des pays voisins, on constate que <strong>la<\/strong> <strong>Belgique est bien en-de\u00e7\u00e0<\/strong>. La m\u00e9diane belge s\u2019\u00e9l\u00e8ve en effet \u00e0 3.092.587 euros, contre 4.663.320 euros pour les Pays-Bas, 4.780.021 euros pour l\u2019Allemagne, 4.392.510 euros pour la France et 4.925.029 euros pour le Royaume-Uni.<\/p>\n<p>\u00ab\u00a0Nous constatons que la taille et la rentabilit\u00e9 ont un impact \u00e0 la hausse sur la r\u00e9mun\u00e9ration totale, mais nous observons \u00e9galement que, lorsque l\u2019actionnariat est plus concentr\u00e9, la r\u00e9mun\u00e9ration diminue, tout comme lorsqu\u2019un membre interne de l\u2019entreprise acc\u00e8de au poste de CEO\u00a0\u00bb, r\u00e9sume <a href=\"https:\/\/www.vlerick.com\/en\/find-faculty-and-experts\/xavier-baeten\/\">Xavier Baeten<\/a>, Professor Reward &amp; Sustainability \u00e0 la Vlerick Business School.<\/p>\n<h2>L&rsquo;importance des crit\u00e8res non financiers<\/h2>\n<p>Pour d\u00e9terminer la r\u00e9mun\u00e9ration variable, les entreprises peuvent utiliser des crit\u00e8res financiers\u00a0(par exemple, la rentabilit\u00e9, le cours de l\u2019action) et\u00a0non financiers (comme la satisfaction des clients, la qualit\u00e9, l\u2019environnement). Sur les cinq derni\u00e8res ann\u00e9es, les experts de la Vlerick Business School notent un <strong>gain en importance des crit\u00e8res de performance non financiers<\/strong> au sein des entreprises belges : alors qu\u2019en 2020, un seul crit\u00e8re non financier \u00e9tait g\u00e9n\u00e9ralement pris en compte pour d\u00e9terminer la r\u00e9mun\u00e9ration variable \u00e0 court terme, ce chiffre est pass\u00e9 \u00e0 deux en 2024. Pour les \u00ab\u00a0incitations \u00e0 long terme\u00a0\u00bb, g\u00e9n\u00e9ralement vers\u00e9es sous la forme d\u2019actions, on est pass\u00e9, au cours de la m\u00eame p\u00e9riode, de 0 \u00e0 1 crit\u00e8re non financier.<\/p>\n<p>Les indicateurs de durabilit\u00e9, aussi appel\u00e9s\u00a0<strong>crit\u00e8res ESG<\/strong>, sont un exemple important de ces indicateurs de performance non financiers. Dans l\u2019ensemble, 72% des entreprises belges cot\u00e9es int\u00e8grent d\u00e9sormais un ou plusieurs indicateurs de durabilit\u00e9 pour d\u00e9terminer la r\u00e9mun\u00e9ration variable \u00e0 court terme, contre 49% en 2020. La Belgique reste toutefois \u00e0 la tra\u00eene par rapport \u00e0 l\u2019Europe, o\u00f9 28% des entreprises int\u00e8grent des indicateurs d\u2019\u00e9missions et 48% des indicateurs li\u00e9s \u00e0 leurs propres travailleurs. Il convient toutefois de noter que le nombre d\u2019entreprises europ\u00e9ennes qui incluent des indicateurs de durabilit\u00e9 est en baisse. Le pourcentage d\u2019entreprises europ\u00e9ennes qui int\u00e8grent la diversit\u00e9 comme objectif dans les instances dirigeantes de l\u2019entreprise a en effet baiss\u00e9 de 18 \u00e0 7%.<\/p>\n","protected":false},"excerpt":{"rendered":"<p>Alors que 2025 touche \u00e0 sa fin, on apprend que 2024 fut plut\u00f4t une bonne ann\u00e9e pour les CEO des entreprises belges cot\u00e9es en bourse. Dans leur grande majorit\u00e9, ils ont en effet gagn\u00e9 davantage l&rsquo;an dernier qu&rsquo;en 2023. Ce fut particuli\u00e8rement le cas pour les soci\u00e9t\u00e9s de l&rsquo;indice Bel Small. Chaque ann\u00e9e, le mois [&hellip;]<\/p>\n","protected":false},"author":37,"featured_media":14131,"comment_status":"closed","ping_status":"closed","sticky":false,"template":"","format":"standard","meta":{"_acf_changed":false,"inline_featured_image":false,"footnotes":""},"categories":[1,16,15],"tags":[],"class_list":{"0":"post-14013","1":"post","2":"type-post","3":"status-publish","4":"format-standard","5":"has-post-thumbnail","7":"category-actualite","8":"category-finance","9":"category-leadership"},"acf":[],"_yoast_wpseo_title":null,"_yoast_wpseo_metadesc":"2024 fut une bonne ann\u00e9e pour la r\u00e9mun\u00e9ration des CEO des entreprises belges, cot\u00e9es, qui ont gagn\u00e9 davantage qu'en 2023. Explications.","auteur_traducteur":"","yoast_head":"<!-- This site is optimized with the Yoast SEO plugin v27.4 - https:\/\/yoast.com\/product\/yoast-seo-wordpress\/ -->\n<title>Les CEO des entreprises cot\u00e9es gagnent de plus en plus | Forbes Belgique<\/title>\n<meta name=\"description\" content=\"2024 fut une bonne ann\u00e9e pour la r\u00e9mun\u00e9ration des CEO des entreprises belges, cot\u00e9es, qui ont gagn\u00e9 davantage qu&#039;en 2023. Explications.\" \/>\n<meta name=\"robots\" content=\"index, follow, max-snippet:-1, max-image-preview:large, max-video-preview:-1\" \/>\n<link rel=\"canonical\" href=\"https:\/\/www.forbes.be\/fr\/les-ceo-des-entreprises-cotees-gagnent-de-plus-en-plus\/\" \/>\n<meta property=\"og:locale\" content=\"fr_FR\" \/>\n<meta property=\"og:type\" content=\"article\" \/>\n<meta property=\"og:title\" content=\"Les CEO des entreprises cot\u00e9es gagnent de plus en plus | Forbes Belgique\" \/>\n<meta property=\"og:description\" content=\"2024 fut une bonne ann\u00e9e pour la r\u00e9mun\u00e9ration des CEO des entreprises belges, cot\u00e9es, qui ont gagn\u00e9 davantage qu&#039;en 2023. Explications.\" \/>\n<meta property=\"og:url\" content=\"https:\/\/www.forbes.be\/fr\/les-ceo-des-entreprises-cotees-gagnent-de-plus-en-plus\/\" \/>\n<meta property=\"og:site_name\" content=\"Forbes Belgique\" \/>\n<meta property=\"article:publisher\" content=\"https:\/\/www.facebook.com\/forbesbelgique\/\" \/>\n<meta property=\"article:published_time\" content=\"2025-12-15T10:03:43+00:00\" \/>\n<meta property=\"og:image\" content=\"https:\/\/www.forbes.be\/fr\/wp-content\/uploads\/2025\/12\/adobestock-880764558-scaled.jpeg\" \/>\n\t<meta property=\"og:image:width\" content=\"2560\" \/>\n\t<meta property=\"og:image:height\" content=\"1709\" \/>\n\t<meta property=\"og:image:type\" content=\"image\/jpeg\" \/>\n<meta name=\"author\" content=\"Juan Godbille\" \/>\n<meta name=\"twitter:card\" content=\"summary_large_image\" \/>\n<meta name=\"twitter:label1\" content=\"\u00c9crit par\" \/>\n\t<meta name=\"twitter:data1\" content=\"Juan Godbille\" \/>\n\t<meta name=\"twitter:label2\" content=\"Dur\u00e9e de lecture estim\u00e9e\" \/>\n\t<meta name=\"twitter:data2\" content=\"4 minutes\" \/>\n<script type=\"application\/ld+json\" class=\"yoast-schema-graph\">{\"@context\":\"https:\\\/\\\/schema.org\",\"@graph\":[{\"@type\":\"NewsArticle\",\"@id\":\"https:\\\/\\\/www.forbes.be\\\/fr\\\/les-ceo-des-entreprises-cotees-gagnent-de-plus-en-plus\\\/#article\",\"isPartOf\":{\"@id\":\"https:\\\/\\\/www.forbes.be\\\/fr\\\/les-ceo-des-entreprises-cotees-gagnent-de-plus-en-plus\\\/\"},\"author\":{\"name\":\"Juan Godbille\",\"@id\":\"https:\\\/\\\/www.forbes.be\\\/fr\\\/#\\\/schema\\\/person\\\/0d449791ef6199da3d469eca714eb773\"},\"headline\":\"Les CEO des entreprises cot\u00e9es gagnent de plus en plus\",\"datePublished\":\"2025-12-15T10:03:43+00:00\",\"mainEntityOfPage\":{\"@id\":\"https:\\\/\\\/www.forbes.be\\\/fr\\\/les-ceo-des-entreprises-cotees-gagnent-de-plus-en-plus\\\/\"},\"wordCount\":790,\"publisher\":{\"@id\":\"https:\\\/\\\/www.forbes.be\\\/fr\\\/#organization\"},\"image\":{\"@id\":\"https:\\\/\\\/www.forbes.be\\\/fr\\\/les-ceo-des-entreprises-cotees-gagnent-de-plus-en-plus\\\/#primaryimage\"},\"thumbnailUrl\":\"https:\\\/\\\/www.forbes.be\\\/fr\\\/wp-content\\\/uploads\\\/2025\\\/12\\\/adobestock-880764558-scaled.jpeg\",\"articleSection\":[\"Actualit\u00e9s\",\"Finance\",\"Leadership\"],\"inLanguage\":\"fr-FR\"},{\"@type\":\"WebPage\",\"@id\":\"https:\\\/\\\/www.forbes.be\\\/fr\\\/les-ceo-des-entreprises-cotees-gagnent-de-plus-en-plus\\\/\",\"url\":\"https:\\\/\\\/www.forbes.be\\\/fr\\\/les-ceo-des-entreprises-cotees-gagnent-de-plus-en-plus\\\/\",\"name\":\"Les CEO des entreprises cot\u00e9es gagnent de plus en plus | Forbes Belgique\",\"isPartOf\":{\"@id\":\"https:\\\/\\\/www.forbes.be\\\/fr\\\/#website\"},\"primaryImageOfPage\":{\"@id\":\"https:\\\/\\\/www.forbes.be\\\/fr\\\/les-ceo-des-entreprises-cotees-gagnent-de-plus-en-plus\\\/#primaryimage\"},\"image\":{\"@id\":\"https:\\\/\\\/www.forbes.be\\\/fr\\\/les-ceo-des-entreprises-cotees-gagnent-de-plus-en-plus\\\/#primaryimage\"},\"thumbnailUrl\":\"https:\\\/\\\/www.forbes.be\\\/fr\\\/wp-content\\\/uploads\\\/2025\\\/12\\\/adobestock-880764558-scaled.jpeg\",\"datePublished\":\"2025-12-15T10:03:43+00:00\",\"description\":\"2024 fut une bonne ann\u00e9e pour la r\u00e9mun\u00e9ration des CEO des entreprises belges, cot\u00e9es, qui ont gagn\u00e9 davantage qu'en 2023. Explications.\",\"breadcrumb\":{\"@id\":\"https:\\\/\\\/www.forbes.be\\\/fr\\\/les-ceo-des-entreprises-cotees-gagnent-de-plus-en-plus\\\/#breadcrumb\"},\"inLanguage\":\"fr-FR\",\"potentialAction\":[{\"@type\":\"ReadAction\",\"target\":[\"https:\\\/\\\/www.forbes.be\\\/fr\\\/les-ceo-des-entreprises-cotees-gagnent-de-plus-en-plus\\\/\"]}]},{\"@type\":\"ImageObject\",\"inLanguage\":\"fr-FR\",\"@id\":\"https:\\\/\\\/www.forbes.be\\\/fr\\\/les-ceo-des-entreprises-cotees-gagnent-de-plus-en-plus\\\/#primaryimage\",\"url\":\"https:\\\/\\\/www.forbes.be\\\/fr\\\/wp-content\\\/uploads\\\/2025\\\/12\\\/adobestock-880764558-scaled.jpeg\",\"contentUrl\":\"https:\\\/\\\/www.forbes.be\\\/fr\\\/wp-content\\\/uploads\\\/2025\\\/12\\\/adobestock-880764558-scaled.jpeg\",\"width\":2560,\"height\":1709,\"caption\":\"Businessman looking at heap stack coins with white wall background. Business, finance and economy concept. Business strategy and planning of CEO, leadership for achieve KPI company goal target, sustainable growth, high profit.\"},{\"@type\":\"BreadcrumbList\",\"@id\":\"https:\\\/\\\/www.forbes.be\\\/fr\\\/les-ceo-des-entreprises-cotees-gagnent-de-plus-en-plus\\\/#breadcrumb\",\"itemListElement\":[{\"@type\":\"ListItem\",\"position\":1,\"name\":\"Accueil\",\"item\":\"https:\\\/\\\/www.forbes.be\\\/fr\\\/\"},{\"@type\":\"ListItem\",\"position\":2,\"name\":\"Les CEO des entreprises cot\u00e9es gagnent de plus en plus\"}]},{\"@type\":\"WebSite\",\"@id\":\"https:\\\/\\\/www.forbes.be\\\/fr\\\/#website\",\"url\":\"https:\\\/\\\/www.forbes.be\\\/fr\\\/\",\"name\":\"Forbes Belgique\",\"description\":\"\",\"publisher\":{\"@id\":\"https:\\\/\\\/www.forbes.be\\\/fr\\\/#organization\"},\"potentialAction\":[{\"@type\":\"SearchAction\",\"target\":{\"@type\":\"EntryPoint\",\"urlTemplate\":\"https:\\\/\\\/www.forbes.be\\\/fr\\\/?s={search_term_string}\"},\"query-input\":{\"@type\":\"PropertyValueSpecification\",\"valueRequired\":true,\"valueName\":\"search_term_string\"}}],\"inLanguage\":\"fr-FR\"},{\"@type\":\"Organization\",\"@id\":\"https:\\\/\\\/www.forbes.be\\\/fr\\\/#organization\",\"name\":\"Forbes Belgique\",\"url\":\"https:\\\/\\\/www.forbes.be\\\/fr\\\/\",\"logo\":{\"@type\":\"ImageObject\",\"inLanguage\":\"fr-FR\",\"@id\":\"https:\\\/\\\/www.forbes.be\\\/fr\\\/#\\\/schema\\\/logo\\\/image\\\/\",\"url\":\"https:\\\/\\\/www.forbes.be\\\/fr\\\/wp-content\\\/uploads\\\/2024\\\/02\\\/forbes.be_.png\",\"contentUrl\":\"https:\\\/\\\/www.forbes.be\\\/fr\\\/wp-content\\\/uploads\\\/2024\\\/02\\\/forbes.be_.png\",\"width\":1200,\"height\":675,\"caption\":\"Forbes Belgique\"},\"image\":{\"@id\":\"https:\\\/\\\/www.forbes.be\\\/fr\\\/#\\\/schema\\\/logo\\\/image\\\/\"},\"sameAs\":[\"https:\\\/\\\/www.facebook.com\\\/forbesbelgique\\\/\",\"https:\\\/\\\/www.instagram.com\\\/Forbes_Belgium\",\"https:\\\/\\\/www.linkedin.com\\\/company\\\/forbes-belgium\\\/\"]},{\"@type\":\"Person\",\"@id\":\"https:\\\/\\\/www.forbes.be\\\/fr\\\/#\\\/schema\\\/person\\\/0d449791ef6199da3d469eca714eb773\",\"name\":\"Juan Godbille\",\"image\":{\"@type\":\"ImageObject\",\"inLanguage\":\"fr-FR\",\"@id\":\"https:\\\/\\\/secure.gravatar.com\\\/avatar\\\/de6d740453251c69ae34e42cfef9688bc2a5c942d7cab09074e7064fbac13ac9?s=96&d=mm&r=g\",\"url\":\"https:\\\/\\\/secure.gravatar.com\\\/avatar\\\/de6d740453251c69ae34e42cfef9688bc2a5c942d7cab09074e7064fbac13ac9?s=96&d=mm&r=g\",\"contentUrl\":\"https:\\\/\\\/secure.gravatar.com\\\/avatar\\\/de6d740453251c69ae34e42cfef9688bc2a5c942d7cab09074e7064fbac13ac9?s=96&d=mm&r=g\",\"caption\":\"Juan Godbille\"},\"url\":\"https:\\\/\\\/www.forbes.be\\\/fr\\\/author\\\/juan-godbille\\\/\"}]}<\/script>\n<!-- \/ Yoast SEO plugin. -->","yoast_head_json":{"title":"Les CEO des entreprises cot\u00e9es gagnent de plus en plus | Forbes Belgique","description":"2024 fut une bonne ann\u00e9e pour la r\u00e9mun\u00e9ration des CEO des entreprises belges, cot\u00e9es, qui ont gagn\u00e9 davantage qu'en 2023. Explications.","robots":{"index":"index","follow":"follow","max-snippet":"max-snippet:-1","max-image-preview":"max-image-preview:large","max-video-preview":"max-video-preview:-1"},"canonical":"https:\/\/www.forbes.be\/fr\/les-ceo-des-entreprises-cotees-gagnent-de-plus-en-plus\/","og_locale":"fr_FR","og_type":"article","og_title":"Les CEO des entreprises cot\u00e9es gagnent de plus en plus | Forbes Belgique","og_description":"2024 fut une bonne ann\u00e9e pour la r\u00e9mun\u00e9ration des CEO des entreprises belges, cot\u00e9es, qui ont gagn\u00e9 davantage qu'en 2023. Explications.","og_url":"https:\/\/www.forbes.be\/fr\/les-ceo-des-entreprises-cotees-gagnent-de-plus-en-plus\/","og_site_name":"Forbes Belgique","article_publisher":"https:\/\/www.facebook.com\/forbesbelgique\/","article_published_time":"2025-12-15T10:03:43+00:00","og_image":[{"width":2560,"height":1709,"url":"https:\/\/www.forbes.be\/fr\/wp-content\/uploads\/2025\/12\/adobestock-880764558-scaled.jpeg","type":"image\/jpeg"}],"author":"Juan Godbille","twitter_card":"summary_large_image","twitter_misc":{"\u00c9crit par":"Juan Godbille","Dur\u00e9e de lecture estim\u00e9e":"4 minutes"},"schema":{"@context":"https:\/\/schema.org","@graph":[{"@type":"NewsArticle","@id":"https:\/\/www.forbes.be\/fr\/les-ceo-des-entreprises-cotees-gagnent-de-plus-en-plus\/#article","isPartOf":{"@id":"https:\/\/www.forbes.be\/fr\/les-ceo-des-entreprises-cotees-gagnent-de-plus-en-plus\/"},"author":{"name":"Juan Godbille","@id":"https:\/\/www.forbes.be\/fr\/#\/schema\/person\/0d449791ef6199da3d469eca714eb773"},"headline":"Les CEO des entreprises cot\u00e9es gagnent de plus en plus","datePublished":"2025-12-15T10:03:43+00:00","mainEntityOfPage":{"@id":"https:\/\/www.forbes.be\/fr\/les-ceo-des-entreprises-cotees-gagnent-de-plus-en-plus\/"},"wordCount":790,"publisher":{"@id":"https:\/\/www.forbes.be\/fr\/#organization"},"image":{"@id":"https:\/\/www.forbes.be\/fr\/les-ceo-des-entreprises-cotees-gagnent-de-plus-en-plus\/#primaryimage"},"thumbnailUrl":"https:\/\/www.forbes.be\/fr\/wp-content\/uploads\/2025\/12\/adobestock-880764558-scaled.jpeg","articleSection":["Actualit\u00e9s","Finance","Leadership"],"inLanguage":"fr-FR"},{"@type":"WebPage","@id":"https:\/\/www.forbes.be\/fr\/les-ceo-des-entreprises-cotees-gagnent-de-plus-en-plus\/","url":"https:\/\/www.forbes.be\/fr\/les-ceo-des-entreprises-cotees-gagnent-de-plus-en-plus\/","name":"Les CEO des entreprises cot\u00e9es gagnent de plus en plus | Forbes Belgique","isPartOf":{"@id":"https:\/\/www.forbes.be\/fr\/#website"},"primaryImageOfPage":{"@id":"https:\/\/www.forbes.be\/fr\/les-ceo-des-entreprises-cotees-gagnent-de-plus-en-plus\/#primaryimage"},"image":{"@id":"https:\/\/www.forbes.be\/fr\/les-ceo-des-entreprises-cotees-gagnent-de-plus-en-plus\/#primaryimage"},"thumbnailUrl":"https:\/\/www.forbes.be\/fr\/wp-content\/uploads\/2025\/12\/adobestock-880764558-scaled.jpeg","datePublished":"2025-12-15T10:03:43+00:00","description":"2024 fut une bonne ann\u00e9e pour la r\u00e9mun\u00e9ration des CEO des entreprises belges, cot\u00e9es, qui ont gagn\u00e9 davantage qu'en 2023. Explications.","breadcrumb":{"@id":"https:\/\/www.forbes.be\/fr\/les-ceo-des-entreprises-cotees-gagnent-de-plus-en-plus\/#breadcrumb"},"inLanguage":"fr-FR","potentialAction":[{"@type":"ReadAction","target":["https:\/\/www.forbes.be\/fr\/les-ceo-des-entreprises-cotees-gagnent-de-plus-en-plus\/"]}]},{"@type":"ImageObject","inLanguage":"fr-FR","@id":"https:\/\/www.forbes.be\/fr\/les-ceo-des-entreprises-cotees-gagnent-de-plus-en-plus\/#primaryimage","url":"https:\/\/www.forbes.be\/fr\/wp-content\/uploads\/2025\/12\/adobestock-880764558-scaled.jpeg","contentUrl":"https:\/\/www.forbes.be\/fr\/wp-content\/uploads\/2025\/12\/adobestock-880764558-scaled.jpeg","width":2560,"height":1709,"caption":"Businessman looking at heap stack coins with white wall background. Business, finance and economy concept. Business strategy and planning of CEO, leadership for achieve KPI company goal target, sustainable growth, high profit."},{"@type":"BreadcrumbList","@id":"https:\/\/www.forbes.be\/fr\/les-ceo-des-entreprises-cotees-gagnent-de-plus-en-plus\/#breadcrumb","itemListElement":[{"@type":"ListItem","position":1,"name":"Accueil","item":"https:\/\/www.forbes.be\/fr\/"},{"@type":"ListItem","position":2,"name":"Les CEO des entreprises cot\u00e9es gagnent de plus en plus"}]},{"@type":"WebSite","@id":"https:\/\/www.forbes.be\/fr\/#website","url":"https:\/\/www.forbes.be\/fr\/","name":"Forbes Belgique","description":"","publisher":{"@id":"https:\/\/www.forbes.be\/fr\/#organization"},"potentialAction":[{"@type":"SearchAction","target":{"@type":"EntryPoint","urlTemplate":"https:\/\/www.forbes.be\/fr\/?s={search_term_string}"},"query-input":{"@type":"PropertyValueSpecification","valueRequired":true,"valueName":"search_term_string"}}],"inLanguage":"fr-FR"},{"@type":"Organization","@id":"https:\/\/www.forbes.be\/fr\/#organization","name":"Forbes Belgique","url":"https:\/\/www.forbes.be\/fr\/","logo":{"@type":"ImageObject","inLanguage":"fr-FR","@id":"https:\/\/www.forbes.be\/fr\/#\/schema\/logo\/image\/","url":"https:\/\/www.forbes.be\/fr\/wp-content\/uploads\/2024\/02\/forbes.be_.png","contentUrl":"https:\/\/www.forbes.be\/fr\/wp-content\/uploads\/2024\/02\/forbes.be_.png","width":1200,"height":675,"caption":"Forbes Belgique"},"image":{"@id":"https:\/\/www.forbes.be\/fr\/#\/schema\/logo\/image\/"},"sameAs":["https:\/\/www.facebook.com\/forbesbelgique\/","https:\/\/www.instagram.com\/Forbes_Belgium","https:\/\/www.linkedin.com\/company\/forbes-belgium\/"]},{"@type":"Person","@id":"https:\/\/www.forbes.be\/fr\/#\/schema\/person\/0d449791ef6199da3d469eca714eb773","name":"Juan Godbille","image":{"@type":"ImageObject","inLanguage":"fr-FR","@id":"https:\/\/secure.gravatar.com\/avatar\/de6d740453251c69ae34e42cfef9688bc2a5c942d7cab09074e7064fbac13ac9?s=96&d=mm&r=g","url":"https:\/\/secure.gravatar.com\/avatar\/de6d740453251c69ae34e42cfef9688bc2a5c942d7cab09074e7064fbac13ac9?s=96&d=mm&r=g","contentUrl":"https:\/\/secure.gravatar.com\/avatar\/de6d740453251c69ae34e42cfef9688bc2a5c942d7cab09074e7064fbac13ac9?s=96&d=mm&r=g","caption":"Juan Godbille"},"url":"https:\/\/www.forbes.be\/fr\/author\/juan-godbille\/"}]}},"_links":{"self":[{"href":"https:\/\/www.forbes.be\/fr\/wp-json\/wp\/v2\/posts\/14013","targetHints":{"allow":["GET"]}}],"collection":[{"href":"https:\/\/www.forbes.be\/fr\/wp-json\/wp\/v2\/posts"}],"about":[{"href":"https:\/\/www.forbes.be\/fr\/wp-json\/wp\/v2\/types\/post"}],"author":[{"embeddable":true,"href":"https:\/\/www.forbes.be\/fr\/wp-json\/wp\/v2\/users\/37"}],"replies":[{"embeddable":true,"href":"https:\/\/www.forbes.be\/fr\/wp-json\/wp\/v2\/comments?post=14013"}],"version-history":[{"count":6,"href":"https:\/\/www.forbes.be\/fr\/wp-json\/wp\/v2\/posts\/14013\/revisions"}],"predecessor-version":[{"id":14229,"href":"https:\/\/www.forbes.be\/fr\/wp-json\/wp\/v2\/posts\/14013\/revisions\/14229"}],"wp:featuredmedia":[{"embeddable":true,"href":"https:\/\/www.forbes.be\/fr\/wp-json\/wp\/v2\/media\/14131"}],"wp:attachment":[{"href":"https:\/\/www.forbes.be\/fr\/wp-json\/wp\/v2\/media?parent=14013"}],"wp:term":[{"taxonomy":"category","embeddable":true,"href":"https:\/\/www.forbes.be\/fr\/wp-json\/wp\/v2\/categories?post=14013"},{"taxonomy":"post_tag","embeddable":true,"href":"https:\/\/www.forbes.be\/fr\/wp-json\/wp\/v2\/tags?post=14013"}],"curies":[{"name":"wp","href":"https:\/\/api.w.org\/{rel}","templated":true}]}}