{"id":14054,"date":"2025-12-11T08:04:19","date_gmt":"2025-12-11T07:04:19","guid":{"rendered":"https:\/\/www.forbes.be\/fr\/?p=14054"},"modified":"2025-12-12T10:36:52","modified_gmt":"2025-12-12T09:36:52","slug":"compagnie-abc-derriere-tussen-lambition-dun-groupe-qui-ne-veut-pas-ressembler-a-une-chaine","status":"publish","type":"post","link":"https:\/\/www.forbes.be\/fr\/compagnie-abc-derriere-tussen-lambition-dun-groupe-qui-ne-veut-pas-ressembler-a-une-chaine\/","title":{"rendered":"Compagnie ABC : derri\u00e8re Tussen, l&rsquo;ambition d&rsquo;un groupe qui ne veut pas ressembler \u00e0 une cha\u00eene"},"content":{"rendered":"<p><strong>Avec l&rsquo;ouverture de Tussen \u00e0 Uccle en septembre 2025, Compagnie ABC signe son huiti\u00e8me \u00e9tablissement en dix ans d&rsquo;existence. Axel Van Tuijn, cofondateur du groupe aux c\u00f4t\u00e9s de Bruno Bogaert et Chuck Bindels, revient sur le parcours entrepreneurial de cette success-story de l&rsquo;horeca bruxellois, sa travers\u00e9e de la crise sanitaire et ses ambitions de croissance. Entre strat\u00e9gie de d\u00e9veloppement et philosophie de gestion, le portrait d&rsquo;un acteur devenu incontournable du paysage nocturne de la capitale.<\/strong><\/p>\n<p><strong><a href=\"https:\/\/www.compagnieabc.be\/\" target=\"_blank\" rel=\"noopener\">Compagnie ABC<\/a><\/strong> est un groupe bruxellois sp\u00e9cialis\u00e9 dans l&rsquo;hospitalit\u00e9, fond\u00e9 en janvier 2015 par trois amis d&rsquo;enfance : <strong>Axel Van Tuijn<\/strong>, <strong>Bruno Bogaert<\/strong> et <strong>Chuck Bindels<\/strong>, dont les initiales forment le nom de l&rsquo;entreprise. En dix ans, le groupe a connu une croissance remarquable, passant de 675 000 euros de chiffre d&rsquo;affaires la premi\u00e8re ann\u00e9e \u00e0 une estimation de 9 millions d&rsquo;euros pour 2024, et compte aujourd&rsquo;hui plus de 100 collaborateurs.<\/p>\n<p>Le portefeuille de <strong>Compagnie ABC<\/strong> comprend des adresses devenues embl\u00e9matiques de la vie nocturne bruxelloise : le <strong>Bar du March\u00e9<\/strong> \u00e0 Flagey, le <strong>Bar du Matin<\/strong> \u00e0 Forest, le <strong>Caf\u00e9 Tulipan<\/strong> place Fernand Cocq, le <strong>Dinghi<\/strong> au Ch\u00e2telain, le <strong>Caf\u00e9 Flora<\/strong> sur le parvis de Saint-Gilles ou encore <strong>Chez Franz<\/strong> \u00e0 Ixelles. Le groupe a toutefois c\u00e9d\u00e9 l&rsquo;un de ses \u00e9tablissements cette ann\u00e9e, le <strong>Caf\u00e9 Luxembourg<\/strong>, situ\u00e9 place du Luxembourg.<\/p>\n<p><strong>Axel Van Tuijn<\/strong>, dipl\u00f4m\u00e9 de l&rsquo;\u00c9cole nationale sup\u00e9rieure des Arts visuels de La Cambre en typographie, assume le r\u00f4le de porte-parole du groupe. C&rsquo;est lui qui incarne publiquement la vision entrepreneuriale de <strong>Compagnie ABC<\/strong> et partage, dans les m\u00e9dias, le r\u00e9cit d&rsquo;une aventure lanc\u00e9e \u00ab <em>par feeling<\/em> \u00bb plus que par calcul strat\u00e9gique.<\/p>\n<figure id=\"attachment_14065\" aria-describedby=\"caption-attachment-14065\" style=\"width: 1707px\" class=\"wp-caption alignnone\"><img loading=\"lazy\" decoding=\"async\" class=\"size-full wp-image-14065\" src=\"https:\/\/www.forbes.be\/fr\/wp-content\/uploads\/2025\/12\/bdmarche-scaled.jpg\" alt=\"\" width=\"1707\" height=\"2560\" srcset=\"https:\/\/www.forbes.be\/fr\/wp-content\/uploads\/2025\/12\/bdmarche-scaled.jpg 1707w, https:\/\/www.forbes.be\/fr\/wp-content\/uploads\/2025\/12\/bdmarche-200x300.jpg 200w, https:\/\/www.forbes.be\/fr\/wp-content\/uploads\/2025\/12\/bdmarche-683x1024.jpg 683w, https:\/\/www.forbes.be\/fr\/wp-content\/uploads\/2025\/12\/bdmarche-768x1152.jpg 768w, https:\/\/www.forbes.be\/fr\/wp-content\/uploads\/2025\/12\/bdmarche-1024x1536.jpg 1024w, https:\/\/www.forbes.be\/fr\/wp-content\/uploads\/2025\/12\/bdmarche-1365x2048.jpg 1365w, https:\/\/www.forbes.be\/fr\/wp-content\/uploads\/2025\/12\/bdmarche-696x1044.jpg 696w, https:\/\/www.forbes.be\/fr\/wp-content\/uploads\/2025\/12\/bdmarche-1068x1602.jpg 1068w, https:\/\/www.forbes.be\/fr\/wp-content\/uploads\/2025\/12\/bdmarche-1920x2880.jpg 1920w, https:\/\/www.forbes.be\/fr\/wp-content\/uploads\/2025\/12\/bdmarche-600x900.jpg 600w\" sizes=\"auto, (max-width: 1707px) 100vw, 1707px\" \/><figcaption id=\"caption-attachment-14065\" class=\"wp-caption-text\">Le Bar du March\u00e9, o\u00f9 tout a commenc\u00e9 \u00a9 DR<\/figcaption><\/figure>\n<p>Le 19 septembre 2025, <strong>Compagnie ABC<\/strong> a inaugur\u00e9 <strong>Tussen<\/strong>, son huiti\u00e8me \u00e9tablissement, rue Gabrielle \u00e0 Uccle. Une premi\u00e8re implantation dans cette commune pour le groupe, qui marque une nouvelle \u00e9tape dans son d\u00e9veloppement. Le nom, qui signifie \u00ab entre \u00bb en n\u00e9erlandais, traduit la philosophie d&rsquo;un lieu pens\u00e9 comme un entre-deux : entre jour et nuit, travail et d\u00e9tente, solitude et convivialit\u00e9. Con\u00e7u par le <strong>studio Bauclub<\/strong>, <strong>Tussen<\/strong> se positionne comme un bar de quartier chaleureux de 150 places, proposant une cuisine belge \u00e0 partager et des brunchs le week-end.<\/p>\n<p><strong>Forbes.be &#8211; D&rsquo;o\u00f9 vient le nom Compagnie ABC et comment le groupe s&rsquo;est-il constitu\u00e9 ?<\/strong><br \/>\n<strong>Axel Van Tuijn &#8211;<\/strong> On \u00e9tait charm\u00e9s par ce nom un peu d\u00e9suet, \u00ab la compagnie \u00bb, mais finalement c&rsquo;est un peu \u00e7a qu&rsquo;on vend aussi : la bonne compagnie. Et puis ce sont nos initiales (Axel, Bruno et Chuck), que ma petite s\u0153ur avait trouv\u00e9es dans la cuisine quand on a mont\u00e9 la bo\u00eete. On avait tous des affinit\u00e9s avec l&rsquo;horeca \u00e0 des niveaux diff\u00e9rents. Bruno g\u00e9rait d\u00e9j\u00e0 un bar de nuit dans le Brabant wallon, Chuck avait fait un passage au Pain Quotidien, et moi j&rsquo;ai travaill\u00e9 dans le groupe Knokke Out pendant six ans en tant qu&rsquo;\u00e9tudiant. J&rsquo;\u00e9tais parti pour tout autre chose (j&rsquo;ai un dipl\u00f4me d&rsquo;artiste de La Cambre, sp\u00e9cialis\u00e9 en typographie\u00e0 mais j&rsquo;aimais tellement cette dynamique de bar, ce c\u00f4t\u00e9 instantan\u00e9, et le fait de recevoir les gens qui viennent se retrouver pour \u00e9changer, c\u00e9l\u00e9brer.<\/p>\n<p><strong>&#8211; Comment s&rsquo;est concr\u00e9tis\u00e9e la reprise du Bar du March\u00e9 ?<\/strong><br \/>\n<strong>&#8211;<\/strong> C&rsquo;est Bruno qui apprend par un fournisseur que les actionnaires du Bar du March\u00e9 sont en phase de remettre. On le rencontre, et on sort de ce rendez-vous en se disant : \u00ab Il faut qu&rsquo;on fasse \u00e7a avec Chuck. \u00bb On reprend le Bar du March\u00e9 en 2015. \u00c0 l&rsquo;\u00e9poque, on avait 24 ans, pas de business plan, pas de strat\u00e9gie. On met tout ce qu&rsquo;on a : un emprunt bancaire consacr\u00e9 \u00e0 100 % au rachat du fonds de commerce. Il n&rsquo;y avait plus un euro pour les am\u00e9nagements, on ne met m\u00eame pas un coup de peinture. L&rsquo;enjeu, c&rsquo;\u00e9tait d&rsquo;apprendre \u00e0 travailler \u00e0 trois.<\/p>\n<p><strong>&#8211; Comment avez-vous encha\u00een\u00e9 les ouvertures ?<\/strong><br \/>\n<strong>&#8211;<\/strong> On a eu assez vite l&rsquo;envie d&rsquo;en faire plusieurs. D\u00e8s 2014, l&rsquo;id\u00e9e de ne pas se limiter \u00e0 une adresse \u00e9tait l\u00e0. Six mois apr\u00e8s le Bar du March\u00e9, on visite le Coco Bar place du Luxembourg. Cette fois, on fait un r\u00e9am\u00e9nagement complet et on cr\u00e9e le Caf\u00e9 Luxembourg en 2016. Puis le Bar du Matin en 2017, le Caf\u00e9 Tulipan d\u00e9but 2019. On s&rsquo;appr\u00eate \u00e0 f\u00eater son premier anniversaire et quelques jours apr\u00e8s, c&rsquo;est le Covid.<\/p>\n<figure id=\"attachment_14072\" aria-describedby=\"caption-attachment-14072\" style=\"width: 1708px\" class=\"wp-caption alignnone\"><img loading=\"lazy\" decoding=\"async\" class=\"size-full wp-image-14072\" src=\"https:\/\/www.forbes.be\/fr\/wp-content\/uploads\/2025\/12\/tul4-scaled.jpg\" alt=\"\" width=\"1708\" height=\"2560\" srcset=\"https:\/\/www.forbes.be\/fr\/wp-content\/uploads\/2025\/12\/tul4-scaled.jpg 1708w, https:\/\/www.forbes.be\/fr\/wp-content\/uploads\/2025\/12\/tul4-200x300.jpg 200w, https:\/\/www.forbes.be\/fr\/wp-content\/uploads\/2025\/12\/tul4-683x1024.jpg 683w, https:\/\/www.forbes.be\/fr\/wp-content\/uploads\/2025\/12\/tul4-768x1151.jpg 768w, https:\/\/www.forbes.be\/fr\/wp-content\/uploads\/2025\/12\/tul4-1025x1536.jpg 1025w, https:\/\/www.forbes.be\/fr\/wp-content\/uploads\/2025\/12\/tul4-1366x2048.jpg 1366w, https:\/\/www.forbes.be\/fr\/wp-content\/uploads\/2025\/12\/tul4-696x1043.jpg 696w, https:\/\/www.forbes.be\/fr\/wp-content\/uploads\/2025\/12\/tul4-1068x1601.jpg 1068w, https:\/\/www.forbes.be\/fr\/wp-content\/uploads\/2025\/12\/tul4-1920x2879.jpg 1920w, https:\/\/www.forbes.be\/fr\/wp-content\/uploads\/2025\/12\/tul4-600x900.jpg 600w\" sizes=\"auto, (max-width: 1708px) 100vw, 1708px\" \/><figcaption id=\"caption-attachment-14072\" class=\"wp-caption-text\">Le caf\u00e9 Tulipan \u00a9 DR<\/figcaption><\/figure>\n<p><strong>&#8211; Comment avez-vous travers\u00e9 la crise sanitaire ?<\/strong><br \/>\n<strong>&#8211;<\/strong> Le 12 ou 13 mars 2020, on nous dit qu&rsquo;on ferme le lendemain. On n&rsquo;a rien anticip\u00e9. Le gros d\u00e9fi, c&rsquo;est de tout geler : n\u00e9gocier avec les fournisseurs et surtout avec les bailleurs \u2014 on est locataires partout. \u00c0 la sortie du premier lockdown, on parie sur un deuxi\u00e8me tour. On ne fait plus aucun investissement majeur et on capitalise sur un rendement max pendant l&rsquo;\u00e9t\u00e9 pour constituer un tr\u00e9sor de guerre. Le deuxi\u00e8me lockdown arrive, mais on l&rsquo;aborde de mani\u00e8re plus anticip\u00e9e. On n&rsquo;a pas eu \u00e0 toucher aux pr\u00eats oxyg\u00e8ne, on a pu les solder en sortie de Covid. On ne s&rsquo;est pas alourdis en dettes. En 2021, on ach\u00e8te le fonds de commerce du Dinghi au Ch\u00e2telain. C&rsquo;\u00e9tait un peu une profession de foi : soit on change de m\u00e9tier, soit on montre \u00e0 nos \u00e9quipes qu&rsquo;on y croit encore. On ouvre le Dinghi en 2022, puis en 2023, on reprend deux \u00e9tablissements : Chez Franz et le Caf\u00e9 Flora \u00e0 Saint-Gilles.<\/p>\n<p><strong>&#8211; Quels sont vos crit\u00e8res d&rsquo;implantation et vos forces ?<\/strong><br \/>\n<strong>&#8211;<\/strong> On a une checklist de crit\u00e8res auxquels on ne d\u00e9roge jamais : la localisation, l&rsquo;environnement local, le type de quartier, la surface int\u00e9rieure et de terrasse, l&rsquo;exposition au soleil \u00e0 18h. On se laisse peu de marge de man\u0153uvre, et je pense que \u00e7a fait partie de nos forces. On se d\u00e9marque aussi par la gestion interne. Parce qu&rsquo;aujourd&rsquo;hui, notre force repose notamment sur cette gestion. C&rsquo;est un m\u00e9tier dans lequel il y a plein de m\u00e9tiers. Avant que l&rsquo;assiette arrive \u00e0 table ou que la bi\u00e8re arrive \u00e0 table, il se passe vraiment \u00e9norm\u00e9ment de choses en amont. Et le fait de se concentrer sur une meilleure gestion, une automatisation de certaines choses pour limiter les erreurs&#8230; On a aujourd&rsquo;hui les moyens de mettre plus de ressources pour mettre ces choses en place que quand on avait un seul \u00e9tablissement.<\/p>\n<figure id=\"attachment_14071\" aria-describedby=\"caption-attachment-14071\" style=\"width: 1708px\" class=\"wp-caption alignnone\"><img loading=\"lazy\" decoding=\"async\" class=\"size-full wp-image-14071\" src=\"https:\/\/www.forbes.be\/fr\/wp-content\/uploads\/2025\/12\/franz6-scaled.jpg\" alt=\"\" width=\"1708\" height=\"2560\" srcset=\"https:\/\/www.forbes.be\/fr\/wp-content\/uploads\/2025\/12\/franz6-scaled.jpg 1708w, https:\/\/www.forbes.be\/fr\/wp-content\/uploads\/2025\/12\/franz6-200x300.jpg 200w, https:\/\/www.forbes.be\/fr\/wp-content\/uploads\/2025\/12\/franz6-683x1024.jpg 683w, https:\/\/www.forbes.be\/fr\/wp-content\/uploads\/2025\/12\/franz6-768x1151.jpg 768w, https:\/\/www.forbes.be\/fr\/wp-content\/uploads\/2025\/12\/franz6-1025x1536.jpg 1025w, https:\/\/www.forbes.be\/fr\/wp-content\/uploads\/2025\/12\/franz6-1366x2048.jpg 1366w, https:\/\/www.forbes.be\/fr\/wp-content\/uploads\/2025\/12\/franz6-696x1043.jpg 696w, https:\/\/www.forbes.be\/fr\/wp-content\/uploads\/2025\/12\/franz6-1068x1601.jpg 1068w, https:\/\/www.forbes.be\/fr\/wp-content\/uploads\/2025\/12\/franz6-1920x2879.jpg 1920w, https:\/\/www.forbes.be\/fr\/wp-content\/uploads\/2025\/12\/franz6-600x900.jpg 600w\" sizes=\"auto, (max-width: 1708px) 100vw, 1708px\" \/><figcaption id=\"caption-attachment-14071\" class=\"wp-caption-text\">\u00a9\u00a0DR<\/figcaption><\/figure>\n<p><strong>&#8211; Comment est structur\u00e9 le groupe ?<\/strong><br \/>\n<strong>&#8211;<\/strong> Chaque \u00e9tablissement est une soci\u00e9t\u00e9 op\u00e9rationnelle distincte. Une holding contr\u00f4le l&rsquo;activit\u00e9 des bars, mais il n&rsquo;y a pas de vases communicants. Les \u0153ufs restent dans leur panier. Le plus gros d\u00e9fi aujourd&rsquo;hui, c&rsquo;est la constance au niveau de la qualit\u00e9. Il y a un manager par \u00e9tablissement, qu&rsquo;on appelle \u00ab capitaine \u00bb. Il g\u00e8re le quotidien : horaires, \u00e9quipes, stocks, service. Les capitaines ont une belle autonomie sur les \u00e9v\u00e9nements et les suggestions de boissons, mais pas sur la d\u00e9co par exemple.<\/p>\n<p><strong>&#8211; Justement, qu&rsquo;est-ce qui relie vos diff\u00e9rents \u00e9tablissements ?<\/strong><br \/>\n<strong>&#8211;<\/strong> Les identit\u00e9s sont toutes singuli\u00e8res. On n&rsquo;a jamais cherch\u00e9 \u00e0 dupliquer le Bar du March\u00e9 ou \u00e0 en faire une cha\u00eene. On a toujours appr\u00e9ci\u00e9 cr\u00e9er de nouvelles identit\u00e9s, m\u00eame si ce n&rsquo;est pas le plus \u00e9conomique. C&rsquo;est une cha\u00eene en interne dans les process et la formation, mais on garde de la flexibilit\u00e9 sur le format du service selon l&rsquo;identit\u00e9 du lieu. Au Flora, on a essay\u00e9 le brunch : \u00e7a ne marchait pas, le lieu se marie mieux avec une programmation musicale festive.<\/p>\n<figure id=\"attachment_14066\" aria-describedby=\"caption-attachment-14066\" style=\"width: 1706px\" class=\"wp-caption alignnone\"><img loading=\"lazy\" decoding=\"async\" class=\"size-full wp-image-14066\" src=\"https:\/\/www.forbes.be\/fr\/wp-content\/uploads\/2025\/12\/bdmatin1-scaled.jpg\" alt=\"\" width=\"1706\" height=\"2560\" srcset=\"https:\/\/www.forbes.be\/fr\/wp-content\/uploads\/2025\/12\/bdmatin1-scaled.jpg 1706w, https:\/\/www.forbes.be\/fr\/wp-content\/uploads\/2025\/12\/bdmatin1-200x300.jpg 200w, https:\/\/www.forbes.be\/fr\/wp-content\/uploads\/2025\/12\/bdmatin1-683x1024.jpg 683w, https:\/\/www.forbes.be\/fr\/wp-content\/uploads\/2025\/12\/bdmatin1-768x1152.jpg 768w, https:\/\/www.forbes.be\/fr\/wp-content\/uploads\/2025\/12\/bdmatin1-1024x1536.jpg 1024w, https:\/\/www.forbes.be\/fr\/wp-content\/uploads\/2025\/12\/bdmatin1-1365x2048.jpg 1365w, https:\/\/www.forbes.be\/fr\/wp-content\/uploads\/2025\/12\/bdmatin1-696x1044.jpg 696w, https:\/\/www.forbes.be\/fr\/wp-content\/uploads\/2025\/12\/bdmatin1-1068x1602.jpg 1068w, https:\/\/www.forbes.be\/fr\/wp-content\/uploads\/2025\/12\/bdmatin1-1920x2880.jpg 1920w, https:\/\/www.forbes.be\/fr\/wp-content\/uploads\/2025\/12\/bdmatin1-600x900.jpg 600w\" sizes=\"auto, (max-width: 1706px) 100vw, 1706px\" \/><figcaption id=\"caption-attachment-14066\" class=\"wp-caption-text\">Le Bar du Matin \u00a9 DR\u00a0\u00bb<\/figcaption><\/figure>\n<p><strong>&#8211; Comment g\u00e9rez-vous le recrutement dans un secteur en tension ?<\/strong><br \/>\n<strong>&#8211;<\/strong> Il y a de la mobilit\u00e9 interne, \u00e7a c&rsquo;est clair qu&rsquo;on n&rsquo;avait pas l&rsquo;opportunit\u00e9 de le faire quand il n&rsquo;y avait qu&rsquo;un \u00e9tablissement. C&rsquo;est plus facile \u00e0 g\u00e9rer du coup. Il y a notamment aussi des d\u00e9pannages qui se font r\u00e9guli\u00e8rement entre \u00e9tablissements. Et l&rsquo;avantage d&rsquo;avoir un syst\u00e8me interne assez similaire, c&rsquo;est qu&rsquo;il y a des r\u00e9f\u00e9rences dans les bars : tu n&rsquo;arrives pas comme un \u00e9tranger ou un touriste dans un autre bar parce qu&rsquo;il y a un tronc commun au niveau de la s\u00e9lection des produits. Tu ma\u00eetrises quand m\u00eame une partie de la carte de cocktails, certains vins que tu sers aussi dans ton \u00e9tablissement habituel. On t&rsquo;a appris \u00e0 servir un cappuccino et tu sais le r\u00e9aliser ailleurs. Mais ce n&rsquo;est pas un m\u00e9tier dans lequel c&rsquo;est super facile et les gens ne font pas la file pour venir chez nous. Il y a des p\u00e9riodes sur lesquelles on est en sous-effectif. La diff\u00e9rence majeure avec la restauration classique, c&rsquo;est qu&rsquo;on n&rsquo;a pas vraiment de sp\u00e9cialistes, on n&rsquo;a pas de chef de partie, on n&rsquo;a pas de sommelier, on n&rsquo;a pas de mixologue. C&rsquo;est totalement assum\u00e9. On reste des bars. Malgr\u00e9 le fait qu&rsquo;on soit parfois \u00e0 la fronti\u00e8re du restaurant, on reste des d\u00e9bits de boissons. Quand tu regardes les proportions au niveau de ce qui sort en boisson et nourriture, on reste principalement des bars dans lesquels tu peux manger si tu le souhaites. \u00c7a facilite la question.<\/p>\n<p><strong>&#8211; Quels sont vos objectifs de d\u00e9veloppement ?<\/strong><br \/>\n<strong>&#8211;<\/strong> On s&rsquo;est fix\u00e9 un objectif de 20 bars d&rsquo;ici cinq ans. Mais on ne se voit pas avec 50. Notre mod\u00e8le n&rsquo;est pas celui d&rsquo;une cha\u00eene duplicable comme Exki. On n&rsquo;a pas de cuisine centrale, on a des sp\u00e9cificit\u00e9s par bar. Par contre, je pense que d&rsquo;ici 2030, ce projet va muter en quelque chose d&rsquo;autre. On est fort attir\u00e9s par l&rsquo;h\u00f4tellerie, qui rassemble tous les m\u00e9tiers : restauration, bar, accueil, vente de chambres. On n&rsquo;y conna\u00eet rien, mais c&rsquo;est un secteur qu&rsquo;on admire. Le focus reste sur Bruxelles. Il y a 19 communes, on n&rsquo;est que dans quatre. Il y a assez de place pour 20 bars. Et si on se rend compte qu&rsquo;il n&rsquo;y a pas suffisamment de hotspots, il y a Gand, Anvers ou Li\u00e8ge, mais on n&rsquo;est pas dans une d\u00e9marche proactive.<\/p>\n<figure id=\"attachment_14069\" aria-describedby=\"caption-attachment-14069\" style=\"width: 1707px\" class=\"wp-caption alignnone\"><img loading=\"lazy\" decoding=\"async\" class=\"size-full wp-image-14069\" src=\"https:\/\/www.forbes.be\/fr\/wp-content\/uploads\/2025\/12\/dsc06284-henri-doyen-scaled.jpg\" alt=\"\" width=\"1707\" height=\"2560\" srcset=\"https:\/\/www.forbes.be\/fr\/wp-content\/uploads\/2025\/12\/dsc06284-henri-doyen-scaled.jpg 1707w, https:\/\/www.forbes.be\/fr\/wp-content\/uploads\/2025\/12\/dsc06284-henri-doyen-200x300.jpg 200w, https:\/\/www.forbes.be\/fr\/wp-content\/uploads\/2025\/12\/dsc06284-henri-doyen-683x1024.jpg 683w, https:\/\/www.forbes.be\/fr\/wp-content\/uploads\/2025\/12\/dsc06284-henri-doyen-768x1152.jpg 768w, https:\/\/www.forbes.be\/fr\/wp-content\/uploads\/2025\/12\/dsc06284-henri-doyen-1024x1536.jpg 1024w, https:\/\/www.forbes.be\/fr\/wp-content\/uploads\/2025\/12\/dsc06284-henri-doyen-1365x2048.jpg 1365w, https:\/\/www.forbes.be\/fr\/wp-content\/uploads\/2025\/12\/dsc06284-henri-doyen-696x1044.jpg 696w, https:\/\/www.forbes.be\/fr\/wp-content\/uploads\/2025\/12\/dsc06284-henri-doyen-1068x1602.jpg 1068w, https:\/\/www.forbes.be\/fr\/wp-content\/uploads\/2025\/12\/dsc06284-henri-doyen-1920x2880.jpg 1920w, https:\/\/www.forbes.be\/fr\/wp-content\/uploads\/2025\/12\/dsc06284-henri-doyen-600x900.jpg 600w\" sizes=\"auto, (max-width: 1707px) 100vw, 1707px\" \/><figcaption id=\"caption-attachment-14069\" class=\"wp-caption-text\">Au Tussen \u00a9 Henri Doyen<\/figcaption><\/figure>\n<p><strong>&#8211; Y a-t-il des lignes rouges ?<\/strong><br \/>\n<strong>&#8211;<\/strong> Sauf grosses discussions, on s&rsquo;est quand m\u00eame interdit d&rsquo;ouvrir un restaurant. C&rsquo;est un autre m\u00e9tier et c&rsquo;est une autre dynamique aussi. On a ce fil rouge aujourd&rsquo;hui d&rsquo;ouvrir des caf\u00e9s-bars. Et c&rsquo;est vrai que c&rsquo;est tr\u00e8s tentant parfois. On s&rsquo;est repris de justesse et on s&rsquo;est dit : \u00ab On ne va pas faire un glacier. \u00bb J&rsquo;adore la glace, moi. Je pourrais ouvrir un glacier si je me laissais tenter. Mais qu&rsquo;est-ce que \u00e7a va apporter r\u00e9ellement comme valeur ajout\u00e9e \u00e0 Compagnie ABC, \u00e0 part se disperser ? Aujourd&rsquo;hui, on s&rsquo;interdit de se disperser. On essaie d&rsquo;affiner toujours un peu plus nos crit\u00e8res, notre fa\u00e7on de faire. Et on apprend encore plein de choses tous les jours. Et on fait encore pas mal d&rsquo;erreurs.<\/p>\n<p><strong>&#8211; Qu&rsquo;est-ce qui vous a d\u00e9cid\u00e9 pour Tussen ?<\/strong><br \/>\n<strong>&#8211;<\/strong> Tussen, c&rsquo;est quand on faisait un peu de rep\u00e9rage. \u00c7a s&rsquo;appelait Bierbar, et il \u00e9tait tenu par la m\u00eame personne que le Champlain, juste en face. C&rsquo;est un emplacement qu&rsquo;on avait rep\u00e9r\u00e9 il y a quelque temps quand on fait r\u00e9guli\u00e8rement des visites de quartier pour rep\u00e9rer des spots. On avait pris une photo du Bierbar \u00e0 l&rsquo;\u00e9poque. Il \u00e9tait dans notre t\u00eate. C&rsquo;est un ami \u00e0 nous qui nous a communiqu\u00e9 le fait que le patron pensait remettre. On est entr\u00e9s en discussion assez t\u00f4t avec le c\u00e9dant. La n\u00e9gociation s&rsquo;est tr\u00e8s bien pass\u00e9e. On a revu par contre l&rsquo;enti\u00e8ret\u00e9 du Bierbar. On a fait des travaux assez importants, avec Bauclub qui nous a accompagn\u00e9s dans tout l&rsquo;am\u00e9nagement du lieu. C&rsquo;est la premi\u00e8re fois qu&rsquo;on travaille avec eux, et on est super satisfaits de la collaboration. Je crois que cette flexibilit\u00e9 fait un peu partie de notre ADN. Quand t&rsquo;as envie de cr\u00e9er des lieux sans cesse nouveaux et diff\u00e9rents, tu compiles les erreurs du pr\u00e9c\u00e9dent. Pour remonter \u00e0 2016, le Caf\u00e9 Luxembourg : on cr\u00e9e ce projet sans bureau d&rsquo;archi. On part super confiants, en se disant qu&rsquo;on va prendre une \u00e9quipe, un entrepreneur, et qu&rsquo;on va plus ou moins dire ce qu&rsquo;il faut faire. On ouvre le lieu et, dans la pratique, l&rsquo;ergonomie, les flux de circulation : comme par hasard, il y a plein d&rsquo;erreurs. Ce jour-l\u00e0, on se rend compte que c&rsquo;est un m\u00e9tier et on ne fait plus jamais un projet sans bureau d&rsquo;archi. Malgr\u00e9 le fait qu&rsquo;on soit accompagn\u00e9s aujourd&rsquo;hui par des bureaux d&rsquo;architectes, on continue d&rsquo;apprendre \u00e0 chaque projet. Et je ne dis pas qu&rsquo;il n&rsquo;y aura pas de deuxi\u00e8me collaboration avec Bauclub. Mais il y a quand m\u00eame toujours cette recherche d&rsquo;aller voir ailleurs et de ne pas s&rsquo;enfermer dans une v\u00e9rit\u00e9 qui est celle d&rsquo;un bureau que tu connais super bien. \u00c7a a plein d&rsquo;avantages : c&rsquo;est hyper fluide dans les \u00e9changes, on se conna\u00eet super bien, il n&rsquo;y a pas besoin de se r\u00e9expliquer cent fois ce qu&rsquo;on attend.<\/p>\n<figure id=\"attachment_14068\" aria-describedby=\"caption-attachment-14068\" style=\"width: 1707px\" class=\"wp-caption alignnone\"><img loading=\"lazy\" decoding=\"async\" class=\"size-full wp-image-14068\" src=\"https:\/\/www.forbes.be\/fr\/wp-content\/uploads\/2025\/12\/dsc06183-henri-doyen-scaled.jpg\" alt=\"\" width=\"1707\" height=\"2560\" srcset=\"https:\/\/www.forbes.be\/fr\/wp-content\/uploads\/2025\/12\/dsc06183-henri-doyen-scaled.jpg 1707w, https:\/\/www.forbes.be\/fr\/wp-content\/uploads\/2025\/12\/dsc06183-henri-doyen-200x300.jpg 200w, https:\/\/www.forbes.be\/fr\/wp-content\/uploads\/2025\/12\/dsc06183-henri-doyen-683x1024.jpg 683w, https:\/\/www.forbes.be\/fr\/wp-content\/uploads\/2025\/12\/dsc06183-henri-doyen-768x1152.jpg 768w, https:\/\/www.forbes.be\/fr\/wp-content\/uploads\/2025\/12\/dsc06183-henri-doyen-1024x1536.jpg 1024w, https:\/\/www.forbes.be\/fr\/wp-content\/uploads\/2025\/12\/dsc06183-henri-doyen-1365x2048.jpg 1365w, https:\/\/www.forbes.be\/fr\/wp-content\/uploads\/2025\/12\/dsc06183-henri-doyen-696x1044.jpg 696w, https:\/\/www.forbes.be\/fr\/wp-content\/uploads\/2025\/12\/dsc06183-henri-doyen-1068x1602.jpg 1068w, https:\/\/www.forbes.be\/fr\/wp-content\/uploads\/2025\/12\/dsc06183-henri-doyen-1920x2880.jpg 1920w, https:\/\/www.forbes.be\/fr\/wp-content\/uploads\/2025\/12\/dsc06183-henri-doyen-600x900.jpg 600w\" sizes=\"auto, (max-width: 1707px) 100vw, 1707px\" \/><figcaption id=\"caption-attachment-14068\" class=\"wp-caption-text\">Tussen \u00a9 Henri Doyen<\/figcaption><\/figure>\n<p><strong>&#8211; Quel positionnement pour cette nouvelle adresse ?<\/strong><br \/>\n<strong>&#8211;<\/strong> C&rsquo;est un caf\u00e9 de quartier convivial avec une tranche d&rsquo;\u00e2ge plus large que pr\u00e9vu. On a \u00e9t\u00e9 agr\u00e9ablement surpris de voir des familles avec enfants le week-end matin pour prendre une brioche et des \u0153ufs. Notre c\u0153ur de cible, c&rsquo;est le 25-35 ans, puis le 35-45. Les brunchs, c&rsquo;est le week-end et les jours f\u00e9ri\u00e9s de 10h \u00e0 15h. On ne t&rsquo;attend pas sur un entr\u00e9e-plat-dessert. Tu peux glisser un hummus sur la table, la discussion se poursuit, tu ajoutes des frites, puis deux burgers. C&rsquo;est un bar dans lequel tu peux manger. Z\u00e9ro obligation.<\/p>\n<p><strong>&#8211; Apr\u00e8s dix ans, quel regard portez-vous sur le chemin parcouru ?<\/strong><br \/>\n<strong>&#8211;<\/strong> On a eu \u00e9norm\u00e9ment de chance que \u00e7a se soit mis de mani\u00e8re aussi naturelle. On ne s&rsquo;est jamais disput\u00e9s. Des discussions tendues, oui, mais on ne s&rsquo;est jamais s\u00e9par\u00e9s. Des trios qui p\u00e8tent, on en conna\u00eet plein. S&rsquo;associer, c&rsquo;est tellement complexe en termes d&rsquo;alignement sur les valeurs, la vision, la fa\u00e7on de se projeter. On est toujours l\u00e0 aujourd&rsquo;hui, \u00e0 trois, \u00e0 parts \u00e9gales. C&rsquo;est en soi une r\u00e9ussite. Et surtout des \u00e9quipes g\u00e9niales qui font que c&rsquo;est possible d&rsquo;avoir plusieurs \u00e9tablissements sans \u00eatre au four et au moulin tous les jours.<\/p>\n","protected":false},"excerpt":{"rendered":"<p>Avec l&rsquo;ouverture de Tussen \u00e0 Uccle en septembre 2025, Compagnie ABC signe son huiti\u00e8me \u00e9tablissement en dix ans d&rsquo;existence. Axel Van Tuijn, cofondateur du groupe aux c\u00f4t\u00e9s de Bruno Bogaert et Chuck Bindels, revient sur le parcours entrepreneurial de cette success-story de l&rsquo;horeca bruxellois, sa travers\u00e9e de la crise sanitaire et ses ambitions de croissance. [&hellip;]<\/p>\n","protected":false},"author":47,"featured_media":14067,"comment_status":"closed","ping_status":"closed","sticky":false,"template":"","format":"standard","meta":{"_acf_changed":false,"inline_featured_image":false,"footnotes":""},"categories":[30,19,15],"tags":[],"class_list":{"0":"post-14054","1":"post","2":"type-post","3":"status-publish","4":"format-standard","5":"has-post-thumbnail","7":"category-commerce","8":"category-entrepreneurs","9":"category-leadership"},"acf":[],"_yoast_wpseo_title":null,"_yoast_wpseo_metadesc":"Avec Tussen \u00e0 Uccle, Compagnie ABC d\u2019Axel Van Tuijn signe son 8e bar \u00e0 Bruxelles et raconte, pour Forbes, sa croissance horeca et ses ambitions.","auteur_traducteur":"","yoast_head":"<!-- This site is optimized with the Yoast SEO plugin v27.4 - https:\/\/yoast.com\/product\/yoast-seo-wordpress\/ -->\n<title>Compagnie ABC : derri\u00e8re Tussen, l&#039;ambition d&#039;un groupe qui ne veut pas ressembler \u00e0 une cha\u00eene | Forbes Belgique<\/title>\n<meta name=\"description\" content=\"Avec Tussen \u00e0 Uccle, Compagnie ABC d\u2019Axel Van Tuijn signe son 8e bar \u00e0 Bruxelles et raconte, pour Forbes, sa croissance horeca et ses ambitions.\" \/>\n<meta name=\"robots\" content=\"index, follow, max-snippet:-1, max-image-preview:large, max-video-preview:-1\" \/>\n<link rel=\"canonical\" href=\"https:\/\/www.forbes.be\/fr\/compagnie-abc-derriere-tussen-lambition-dun-groupe-qui-ne-veut-pas-ressembler-a-une-chaine\/\" \/>\n<meta property=\"og:locale\" content=\"fr_FR\" \/>\n<meta property=\"og:type\" content=\"article\" \/>\n<meta property=\"og:title\" content=\"Compagnie ABC : derri\u00e8re Tussen, l&#039;ambition d&#039;un groupe qui ne veut pas ressembler \u00e0 une cha\u00eene | Forbes Belgique\" \/>\n<meta property=\"og:description\" content=\"Avec Tussen \u00e0 Uccle, Compagnie ABC d\u2019Axel Van Tuijn signe son 8e bar \u00e0 Bruxelles et raconte, pour Forbes, sa croissance horeca et ses ambitions.\" \/>\n<meta property=\"og:url\" content=\"https:\/\/www.forbes.be\/fr\/compagnie-abc-derriere-tussen-lambition-dun-groupe-qui-ne-veut-pas-ressembler-a-une-chaine\/\" \/>\n<meta property=\"og:site_name\" content=\"Forbes Belgique\" \/>\n<meta property=\"article:publisher\" content=\"https:\/\/www.facebook.com\/forbesbelgique\/\" \/>\n<meta property=\"article:published_time\" content=\"2025-12-11T07:04:19+00:00\" \/>\n<meta property=\"article:modified_time\" content=\"2025-12-12T09:36:52+00:00\" \/>\n<meta property=\"og:image\" content=\"https:\/\/www.forbes.be\/fr\/wp-content\/uploads\/2025\/12\/dsc01638-henri-doyen-scaled-e1765532201962.jpg\" \/>\n\t<meta property=\"og:image:width\" content=\"1707\" \/>\n\t<meta property=\"og:image:height\" content=\"893\" \/>\n\t<meta property=\"og:image:type\" content=\"image\/jpeg\" \/>\n<meta name=\"author\" content=\"Martin Boonen\" \/>\n<meta name=\"twitter:card\" content=\"summary_large_image\" \/>\n<meta name=\"twitter:label1\" content=\"\u00c9crit par\" \/>\n\t<meta name=\"twitter:data1\" content=\"Martin Boonen\" \/>\n\t<meta name=\"twitter:label2\" content=\"Dur\u00e9e de lecture estim\u00e9e\" \/>\n\t<meta name=\"twitter:data2\" content=\"14 minutes\" \/>\n<script type=\"application\/ld+json\" class=\"yoast-schema-graph\">{\"@context\":\"https:\\\/\\\/schema.org\",\"@graph\":[{\"@type\":\"NewsArticle\",\"@id\":\"https:\\\/\\\/www.forbes.be\\\/fr\\\/compagnie-abc-derriere-tussen-lambition-dun-groupe-qui-ne-veut-pas-ressembler-a-une-chaine\\\/#article\",\"isPartOf\":{\"@id\":\"https:\\\/\\\/www.forbes.be\\\/fr\\\/compagnie-abc-derriere-tussen-lambition-dun-groupe-qui-ne-veut-pas-ressembler-a-une-chaine\\\/\"},\"author\":{\"name\":\"Martin Boonen\",\"@id\":\"https:\\\/\\\/www.forbes.be\\\/fr\\\/#\\\/schema\\\/person\\\/5e9af5383f8e0ffec564788f40ac92c8\"},\"headline\":\"Compagnie ABC : derri\u00e8re Tussen, l&rsquo;ambition d&rsquo;un groupe qui ne veut pas ressembler \u00e0 une cha\u00eene\",\"datePublished\":\"2025-12-11T07:04:19+00:00\",\"dateModified\":\"2025-12-12T09:36:52+00:00\",\"mainEntityOfPage\":{\"@id\":\"https:\\\/\\\/www.forbes.be\\\/fr\\\/compagnie-abc-derriere-tussen-lambition-dun-groupe-qui-ne-veut-pas-ressembler-a-une-chaine\\\/\"},\"wordCount\":2488,\"publisher\":{\"@id\":\"https:\\\/\\\/www.forbes.be\\\/fr\\\/#organization\"},\"image\":{\"@id\":\"https:\\\/\\\/www.forbes.be\\\/fr\\\/compagnie-abc-derriere-tussen-lambition-dun-groupe-qui-ne-veut-pas-ressembler-a-une-chaine\\\/#primaryimage\"},\"thumbnailUrl\":\"https:\\\/\\\/www.forbes.be\\\/fr\\\/wp-content\\\/uploads\\\/2025\\\/12\\\/dsc01638-henri-doyen-scaled-e1765532201962.jpg\",\"articleSection\":[\"Commerce\",\"Entrepreneurs\",\"Leadership\"],\"inLanguage\":\"fr-FR\"},{\"@type\":\"WebPage\",\"@id\":\"https:\\\/\\\/www.forbes.be\\\/fr\\\/compagnie-abc-derriere-tussen-lambition-dun-groupe-qui-ne-veut-pas-ressembler-a-une-chaine\\\/\",\"url\":\"https:\\\/\\\/www.forbes.be\\\/fr\\\/compagnie-abc-derriere-tussen-lambition-dun-groupe-qui-ne-veut-pas-ressembler-a-une-chaine\\\/\",\"name\":\"Compagnie ABC : derri\u00e8re Tussen, l'ambition d'un groupe qui ne veut pas ressembler \u00e0 une cha\u00eene | Forbes Belgique\",\"isPartOf\":{\"@id\":\"https:\\\/\\\/www.forbes.be\\\/fr\\\/#website\"},\"primaryImageOfPage\":{\"@id\":\"https:\\\/\\\/www.forbes.be\\\/fr\\\/compagnie-abc-derriere-tussen-lambition-dun-groupe-qui-ne-veut-pas-ressembler-a-une-chaine\\\/#primaryimage\"},\"image\":{\"@id\":\"https:\\\/\\\/www.forbes.be\\\/fr\\\/compagnie-abc-derriere-tussen-lambition-dun-groupe-qui-ne-veut-pas-ressembler-a-une-chaine\\\/#primaryimage\"},\"thumbnailUrl\":\"https:\\\/\\\/www.forbes.be\\\/fr\\\/wp-content\\\/uploads\\\/2025\\\/12\\\/dsc01638-henri-doyen-scaled-e1765532201962.jpg\",\"datePublished\":\"2025-12-11T07:04:19+00:00\",\"dateModified\":\"2025-12-12T09:36:52+00:00\",\"description\":\"Avec Tussen \u00e0 Uccle, Compagnie ABC d\u2019Axel Van Tuijn signe son 8e bar \u00e0 Bruxelles et raconte, pour Forbes, sa croissance horeca et ses ambitions.\",\"breadcrumb\":{\"@id\":\"https:\\\/\\\/www.forbes.be\\\/fr\\\/compagnie-abc-derriere-tussen-lambition-dun-groupe-qui-ne-veut-pas-ressembler-a-une-chaine\\\/#breadcrumb\"},\"inLanguage\":\"fr-FR\",\"potentialAction\":[{\"@type\":\"ReadAction\",\"target\":[\"https:\\\/\\\/www.forbes.be\\\/fr\\\/compagnie-abc-derriere-tussen-lambition-dun-groupe-qui-ne-veut-pas-ressembler-a-une-chaine\\\/\"]}]},{\"@type\":\"ImageObject\",\"inLanguage\":\"fr-FR\",\"@id\":\"https:\\\/\\\/www.forbes.be\\\/fr\\\/compagnie-abc-derriere-tussen-lambition-dun-groupe-qui-ne-veut-pas-ressembler-a-une-chaine\\\/#primaryimage\",\"url\":\"https:\\\/\\\/www.forbes.be\\\/fr\\\/wp-content\\\/uploads\\\/2025\\\/12\\\/dsc01638-henri-doyen-scaled-e1765532201962.jpg\",\"contentUrl\":\"https:\\\/\\\/www.forbes.be\\\/fr\\\/wp-content\\\/uploads\\\/2025\\\/12\\\/dsc01638-henri-doyen-scaled-e1765532201962.jpg\",\"width\":1707,\"height\":893,\"caption\":\"Bruno Bogaert, Axel Van Tuijn et Chuck Bindels, le trio \u00e0 l'origine de la Compagnie ABC \u00a9 Henri Doyen\"},{\"@type\":\"BreadcrumbList\",\"@id\":\"https:\\\/\\\/www.forbes.be\\\/fr\\\/compagnie-abc-derriere-tussen-lambition-dun-groupe-qui-ne-veut-pas-ressembler-a-une-chaine\\\/#breadcrumb\",\"itemListElement\":[{\"@type\":\"ListItem\",\"position\":1,\"name\":\"Accueil\",\"item\":\"https:\\\/\\\/www.forbes.be\\\/fr\\\/\"},{\"@type\":\"ListItem\",\"position\":2,\"name\":\"Compagnie ABC : derri\u00e8re Tussen, l&rsquo;ambition d&rsquo;un groupe qui ne veut pas ressembler \u00e0 une cha\u00eene\"}]},{\"@type\":\"WebSite\",\"@id\":\"https:\\\/\\\/www.forbes.be\\\/fr\\\/#website\",\"url\":\"https:\\\/\\\/www.forbes.be\\\/fr\\\/\",\"name\":\"Forbes Belgique\",\"description\":\"\",\"publisher\":{\"@id\":\"https:\\\/\\\/www.forbes.be\\\/fr\\\/#organization\"},\"potentialAction\":[{\"@type\":\"SearchAction\",\"target\":{\"@type\":\"EntryPoint\",\"urlTemplate\":\"https:\\\/\\\/www.forbes.be\\\/fr\\\/?s={search_term_string}\"},\"query-input\":{\"@type\":\"PropertyValueSpecification\",\"valueRequired\":true,\"valueName\":\"search_term_string\"}}],\"inLanguage\":\"fr-FR\"},{\"@type\":\"Organization\",\"@id\":\"https:\\\/\\\/www.forbes.be\\\/fr\\\/#organization\",\"name\":\"Forbes Belgique\",\"url\":\"https:\\\/\\\/www.forbes.be\\\/fr\\\/\",\"logo\":{\"@type\":\"ImageObject\",\"inLanguage\":\"fr-FR\",\"@id\":\"https:\\\/\\\/www.forbes.be\\\/fr\\\/#\\\/schema\\\/logo\\\/image\\\/\",\"url\":\"https:\\\/\\\/www.forbes.be\\\/fr\\\/wp-content\\\/uploads\\\/2024\\\/02\\\/forbes.be_.png\",\"contentUrl\":\"https:\\\/\\\/www.forbes.be\\\/fr\\\/wp-content\\\/uploads\\\/2024\\\/02\\\/forbes.be_.png\",\"width\":1200,\"height\":675,\"caption\":\"Forbes Belgique\"},\"image\":{\"@id\":\"https:\\\/\\\/www.forbes.be\\\/fr\\\/#\\\/schema\\\/logo\\\/image\\\/\"},\"sameAs\":[\"https:\\\/\\\/www.facebook.com\\\/forbesbelgique\\\/\",\"https:\\\/\\\/www.instagram.com\\\/Forbes_Belgium\",\"https:\\\/\\\/www.linkedin.com\\\/company\\\/forbes-belgium\\\/\"]},{\"@type\":\"Person\",\"@id\":\"https:\\\/\\\/www.forbes.be\\\/fr\\\/#\\\/schema\\\/person\\\/5e9af5383f8e0ffec564788f40ac92c8\",\"name\":\"Martin Boonen\",\"image\":{\"@type\":\"ImageObject\",\"inLanguage\":\"fr-FR\",\"@id\":\"https:\\\/\\\/www.forbes.be\\\/fr\\\/wp-content\\\/uploads\\\/2025\\\/10\\\/capture-decran-2024-11-15-a-093849-300x300-1-100x100.png\",\"url\":\"https:\\\/\\\/www.forbes.be\\\/fr\\\/wp-content\\\/uploads\\\/2025\\\/10\\\/capture-decran-2024-11-15-a-093849-300x300-1-100x100.png\",\"contentUrl\":\"https:\\\/\\\/www.forbes.be\\\/fr\\\/wp-content\\\/uploads\\\/2025\\\/10\\\/capture-decran-2024-11-15-a-093849-300x300-1-100x100.png\",\"caption\":\"Martin Boonen\"},\"description\":\"Martin Boonen est journaliste dipl\u00f4m\u00e9 de l'Institut de Journalisme de Bruxelles (2012). Il collabor\u00e9 avec de nombreuses r\u00e9dactions \u00e0 diff\u00e9rent niveau de responsabilit\u00e9 : journaliste, chef de rubrique, secr\u00e9taire de r\u00e9daction et r\u00e9dacteur en chef, tant sur le web que pour la presse imprim\u00e9e. Sp\u00e9cialis\u00e9 dans les startups et l'entrepreneuriat \u00e0 impact, il est devenu en 2025 r\u00e9dacteur en chef du site web de Forbes Belgique. Il est affili\u00e9 \u00e0 l'Organisation Mondiale de la Presse P\u00e9riodique depuis 2011.\",\"sameAs\":[\"https:\\\/\\\/www.linkedin.com\\\/in\\\/martin-boonen-61499951\\\/\"],\"url\":\"https:\\\/\\\/www.forbes.be\\\/fr\\\/author\\\/martin-boonen\\\/\"}]}<\/script>\n<!-- \/ Yoast SEO plugin. -->","yoast_head_json":{"title":"Compagnie ABC : derri\u00e8re Tussen, l'ambition d'un groupe qui ne veut pas ressembler \u00e0 une cha\u00eene | Forbes Belgique","description":"Avec Tussen \u00e0 Uccle, Compagnie ABC d\u2019Axel Van Tuijn signe son 8e bar \u00e0 Bruxelles et raconte, pour Forbes, sa croissance horeca et ses ambitions.","robots":{"index":"index","follow":"follow","max-snippet":"max-snippet:-1","max-image-preview":"max-image-preview:large","max-video-preview":"max-video-preview:-1"},"canonical":"https:\/\/www.forbes.be\/fr\/compagnie-abc-derriere-tussen-lambition-dun-groupe-qui-ne-veut-pas-ressembler-a-une-chaine\/","og_locale":"fr_FR","og_type":"article","og_title":"Compagnie ABC : derri\u00e8re Tussen, l'ambition d'un groupe qui ne veut pas ressembler \u00e0 une cha\u00eene | Forbes Belgique","og_description":"Avec Tussen \u00e0 Uccle, Compagnie ABC d\u2019Axel Van Tuijn signe son 8e bar \u00e0 Bruxelles et raconte, pour Forbes, sa croissance horeca et ses ambitions.","og_url":"https:\/\/www.forbes.be\/fr\/compagnie-abc-derriere-tussen-lambition-dun-groupe-qui-ne-veut-pas-ressembler-a-une-chaine\/","og_site_name":"Forbes Belgique","article_publisher":"https:\/\/www.facebook.com\/forbesbelgique\/","article_published_time":"2025-12-11T07:04:19+00:00","article_modified_time":"2025-12-12T09:36:52+00:00","og_image":[{"width":1707,"height":893,"url":"https:\/\/www.forbes.be\/fr\/wp-content\/uploads\/2025\/12\/dsc01638-henri-doyen-scaled-e1765532201962.jpg","type":"image\/jpeg"}],"author":"Martin Boonen","twitter_card":"summary_large_image","twitter_misc":{"\u00c9crit par":"Martin Boonen","Dur\u00e9e de lecture estim\u00e9e":"14 minutes"},"schema":{"@context":"https:\/\/schema.org","@graph":[{"@type":"NewsArticle","@id":"https:\/\/www.forbes.be\/fr\/compagnie-abc-derriere-tussen-lambition-dun-groupe-qui-ne-veut-pas-ressembler-a-une-chaine\/#article","isPartOf":{"@id":"https:\/\/www.forbes.be\/fr\/compagnie-abc-derriere-tussen-lambition-dun-groupe-qui-ne-veut-pas-ressembler-a-une-chaine\/"},"author":{"name":"Martin Boonen","@id":"https:\/\/www.forbes.be\/fr\/#\/schema\/person\/5e9af5383f8e0ffec564788f40ac92c8"},"headline":"Compagnie ABC : derri\u00e8re Tussen, l&rsquo;ambition d&rsquo;un groupe qui ne veut pas ressembler \u00e0 une cha\u00eene","datePublished":"2025-12-11T07:04:19+00:00","dateModified":"2025-12-12T09:36:52+00:00","mainEntityOfPage":{"@id":"https:\/\/www.forbes.be\/fr\/compagnie-abc-derriere-tussen-lambition-dun-groupe-qui-ne-veut-pas-ressembler-a-une-chaine\/"},"wordCount":2488,"publisher":{"@id":"https:\/\/www.forbes.be\/fr\/#organization"},"image":{"@id":"https:\/\/www.forbes.be\/fr\/compagnie-abc-derriere-tussen-lambition-dun-groupe-qui-ne-veut-pas-ressembler-a-une-chaine\/#primaryimage"},"thumbnailUrl":"https:\/\/www.forbes.be\/fr\/wp-content\/uploads\/2025\/12\/dsc01638-henri-doyen-scaled-e1765532201962.jpg","articleSection":["Commerce","Entrepreneurs","Leadership"],"inLanguage":"fr-FR"},{"@type":"WebPage","@id":"https:\/\/www.forbes.be\/fr\/compagnie-abc-derriere-tussen-lambition-dun-groupe-qui-ne-veut-pas-ressembler-a-une-chaine\/","url":"https:\/\/www.forbes.be\/fr\/compagnie-abc-derriere-tussen-lambition-dun-groupe-qui-ne-veut-pas-ressembler-a-une-chaine\/","name":"Compagnie ABC : derri\u00e8re Tussen, l'ambition d'un groupe qui ne veut pas ressembler \u00e0 une cha\u00eene | Forbes Belgique","isPartOf":{"@id":"https:\/\/www.forbes.be\/fr\/#website"},"primaryImageOfPage":{"@id":"https:\/\/www.forbes.be\/fr\/compagnie-abc-derriere-tussen-lambition-dun-groupe-qui-ne-veut-pas-ressembler-a-une-chaine\/#primaryimage"},"image":{"@id":"https:\/\/www.forbes.be\/fr\/compagnie-abc-derriere-tussen-lambition-dun-groupe-qui-ne-veut-pas-ressembler-a-une-chaine\/#primaryimage"},"thumbnailUrl":"https:\/\/www.forbes.be\/fr\/wp-content\/uploads\/2025\/12\/dsc01638-henri-doyen-scaled-e1765532201962.jpg","datePublished":"2025-12-11T07:04:19+00:00","dateModified":"2025-12-12T09:36:52+00:00","description":"Avec Tussen \u00e0 Uccle, Compagnie ABC d\u2019Axel Van Tuijn signe son 8e bar \u00e0 Bruxelles et raconte, pour Forbes, sa croissance horeca et ses ambitions.","breadcrumb":{"@id":"https:\/\/www.forbes.be\/fr\/compagnie-abc-derriere-tussen-lambition-dun-groupe-qui-ne-veut-pas-ressembler-a-une-chaine\/#breadcrumb"},"inLanguage":"fr-FR","potentialAction":[{"@type":"ReadAction","target":["https:\/\/www.forbes.be\/fr\/compagnie-abc-derriere-tussen-lambition-dun-groupe-qui-ne-veut-pas-ressembler-a-une-chaine\/"]}]},{"@type":"ImageObject","inLanguage":"fr-FR","@id":"https:\/\/www.forbes.be\/fr\/compagnie-abc-derriere-tussen-lambition-dun-groupe-qui-ne-veut-pas-ressembler-a-une-chaine\/#primaryimage","url":"https:\/\/www.forbes.be\/fr\/wp-content\/uploads\/2025\/12\/dsc01638-henri-doyen-scaled-e1765532201962.jpg","contentUrl":"https:\/\/www.forbes.be\/fr\/wp-content\/uploads\/2025\/12\/dsc01638-henri-doyen-scaled-e1765532201962.jpg","width":1707,"height":893,"caption":"Bruno Bogaert, Axel Van Tuijn et Chuck Bindels, le trio \u00e0 l'origine de la Compagnie ABC \u00a9 Henri Doyen"},{"@type":"BreadcrumbList","@id":"https:\/\/www.forbes.be\/fr\/compagnie-abc-derriere-tussen-lambition-dun-groupe-qui-ne-veut-pas-ressembler-a-une-chaine\/#breadcrumb","itemListElement":[{"@type":"ListItem","position":1,"name":"Accueil","item":"https:\/\/www.forbes.be\/fr\/"},{"@type":"ListItem","position":2,"name":"Compagnie ABC : derri\u00e8re Tussen, l&rsquo;ambition d&rsquo;un groupe qui ne veut pas ressembler \u00e0 une cha\u00eene"}]},{"@type":"WebSite","@id":"https:\/\/www.forbes.be\/fr\/#website","url":"https:\/\/www.forbes.be\/fr\/","name":"Forbes Belgique","description":"","publisher":{"@id":"https:\/\/www.forbes.be\/fr\/#organization"},"potentialAction":[{"@type":"SearchAction","target":{"@type":"EntryPoint","urlTemplate":"https:\/\/www.forbes.be\/fr\/?s={search_term_string}"},"query-input":{"@type":"PropertyValueSpecification","valueRequired":true,"valueName":"search_term_string"}}],"inLanguage":"fr-FR"},{"@type":"Organization","@id":"https:\/\/www.forbes.be\/fr\/#organization","name":"Forbes Belgique","url":"https:\/\/www.forbes.be\/fr\/","logo":{"@type":"ImageObject","inLanguage":"fr-FR","@id":"https:\/\/www.forbes.be\/fr\/#\/schema\/logo\/image\/","url":"https:\/\/www.forbes.be\/fr\/wp-content\/uploads\/2024\/02\/forbes.be_.png","contentUrl":"https:\/\/www.forbes.be\/fr\/wp-content\/uploads\/2024\/02\/forbes.be_.png","width":1200,"height":675,"caption":"Forbes Belgique"},"image":{"@id":"https:\/\/www.forbes.be\/fr\/#\/schema\/logo\/image\/"},"sameAs":["https:\/\/www.facebook.com\/forbesbelgique\/","https:\/\/www.instagram.com\/Forbes_Belgium","https:\/\/www.linkedin.com\/company\/forbes-belgium\/"]},{"@type":"Person","@id":"https:\/\/www.forbes.be\/fr\/#\/schema\/person\/5e9af5383f8e0ffec564788f40ac92c8","name":"Martin Boonen","image":{"@type":"ImageObject","inLanguage":"fr-FR","@id":"https:\/\/www.forbes.be\/fr\/wp-content\/uploads\/2025\/10\/capture-decran-2024-11-15-a-093849-300x300-1-100x100.png","url":"https:\/\/www.forbes.be\/fr\/wp-content\/uploads\/2025\/10\/capture-decran-2024-11-15-a-093849-300x300-1-100x100.png","contentUrl":"https:\/\/www.forbes.be\/fr\/wp-content\/uploads\/2025\/10\/capture-decran-2024-11-15-a-093849-300x300-1-100x100.png","caption":"Martin Boonen"},"description":"Martin Boonen est journaliste dipl\u00f4m\u00e9 de l'Institut de Journalisme de Bruxelles (2012). Il collabor\u00e9 avec de nombreuses r\u00e9dactions \u00e0 diff\u00e9rent niveau de responsabilit\u00e9 : journaliste, chef de rubrique, secr\u00e9taire de r\u00e9daction et r\u00e9dacteur en chef, tant sur le web que pour la presse imprim\u00e9e. Sp\u00e9cialis\u00e9 dans les startups et l'entrepreneuriat \u00e0 impact, il est devenu en 2025 r\u00e9dacteur en chef du site web de Forbes Belgique. Il est affili\u00e9 \u00e0 l'Organisation Mondiale de la Presse P\u00e9riodique depuis 2011.","sameAs":["https:\/\/www.linkedin.com\/in\/martin-boonen-61499951\/"],"url":"https:\/\/www.forbes.be\/fr\/author\/martin-boonen\/"}]}},"_links":{"self":[{"href":"https:\/\/www.forbes.be\/fr\/wp-json\/wp\/v2\/posts\/14054","targetHints":{"allow":["GET"]}}],"collection":[{"href":"https:\/\/www.forbes.be\/fr\/wp-json\/wp\/v2\/posts"}],"about":[{"href":"https:\/\/www.forbes.be\/fr\/wp-json\/wp\/v2\/types\/post"}],"author":[{"embeddable":true,"href":"https:\/\/www.forbes.be\/fr\/wp-json\/wp\/v2\/users\/47"}],"replies":[{"embeddable":true,"href":"https:\/\/www.forbes.be\/fr\/wp-json\/wp\/v2\/comments?post=14054"}],"version-history":[{"count":6,"href":"https:\/\/www.forbes.be\/fr\/wp-json\/wp\/v2\/posts\/14054\/revisions"}],"predecessor-version":[{"id":14086,"href":"https:\/\/www.forbes.be\/fr\/wp-json\/wp\/v2\/posts\/14054\/revisions\/14086"}],"wp:featuredmedia":[{"embeddable":true,"href":"https:\/\/www.forbes.be\/fr\/wp-json\/wp\/v2\/media\/14067"}],"wp:attachment":[{"href":"https:\/\/www.forbes.be\/fr\/wp-json\/wp\/v2\/media?parent=14054"}],"wp:term":[{"taxonomy":"category","embeddable":true,"href":"https:\/\/www.forbes.be\/fr\/wp-json\/wp\/v2\/categories?post=14054"},{"taxonomy":"post_tag","embeddable":true,"href":"https:\/\/www.forbes.be\/fr\/wp-json\/wp\/v2\/tags?post=14054"}],"curies":[{"name":"wp","href":"https:\/\/api.w.org\/{rel}","templated":true}]}}