{"id":14079,"date":"2025-12-10T14:12:51","date_gmt":"2025-12-10T13:12:51","guid":{"rendered":"https:\/\/www.forbes.be\/fr\/?p=14079"},"modified":"2025-12-12T10:31:33","modified_gmt":"2025-12-12T09:31:33","slug":"actualites-startups-forbes-flandre-2","status":"publish","type":"post","link":"https:\/\/www.forbes.be\/fr\/actualites-startups-forbes-flandre-2\/","title":{"rendered":"Les actualit\u00e9s  Forbes des startups en Flandre"},"content":{"rendered":"<p><strong>Les startups et scale-ups forment le c\u0153ur battant de notre monde entrepreneurial. Du Beacon \u00e0 Anvers jusqu\u2019au Wintercircus \u00e0 Gand : la Flandre d\u00e9borde d\u2019esprit d\u2019entreprendre. Forbes rassemble tous les mois un aper\u00e7u des principales actualit\u00e9s des startups au Nord du pays.<\/strong><\/p>\n<h2>Les entrepreneurs flamands se distinguent dans le Forbes 30 under 30<\/h2>\n<figure id=\"attachment_12706\" aria-describedby=\"caption-attachment-12706\" style=\"width: 2560px\" class=\"wp-caption alignnone\"><img loading=\"lazy\" decoding=\"async\" class=\"size-full wp-image-12706\" src=\"https:\/\/www.forbes.be\/nl\/wp-content\/uploads\/2025\/12\/introw-scaled.jpg\" alt=\"\" width=\"2560\" height=\"1708\" \/><figcaption id=\"caption-attachment-12706\" class=\"wp-caption-text\">\u00a9 Introw<\/figcaption><\/figure>\n<p>En novembre,<strong> Forbes<\/strong> a d\u00e9voil\u00e9 sa nouvelle liste des 30 Belges de moins de 30 ans les plus prometteurs. Aux c\u00f4t\u00e9s d&rsquo;Ang\u00e8le, Lotte Kopecky et Remco Evenepoel, plusieurs fondateurs flamands figurent parmi les laur\u00e9ats. Parmi eux, <strong>Andreas Geamanu<\/strong> de la plateforme de gestion de partenariats <strong>Introw<\/strong>, <strong>Luka Bresseel<\/strong> de l&rsquo;entreprise de snacks sains et sans sucre <strong>OKONO<\/strong>, ainsi que <strong>Axelle Moortgat<\/strong>, <strong>Martin Michaux<\/strong> et <strong>Louis Clermont<\/strong> de <strong>NOX Energy<\/strong>, sp\u00e9cialis\u00e9e dans les logiciels de gestion \u00e9nerg\u00e9tique intelligente<\/p>\n<ul>\n<li><a href=\"http:\/\/www.forbes.be\/nl\/30-under-30\" target=\"_blank\" rel=\"noopener\"><em>www.forbes.be\/nl\/30-under-30<\/em><\/a><\/li>\n<\/ul>\n<h2>Tout Bien accueille Romelu Lukaku<\/h2>\n<p>La marque de bi\u00e8re <strong>Tout Bien<\/strong>, cr\u00e9\u00e9e par le ph\u00e9nom\u00e8ne d&rsquo;Internet <strong>Average Rob<\/strong>, l&rsquo;entrepreneur en s\u00e9rie <strong>Gilles Mattelin<\/strong> et l&rsquo;ex-Henchman <strong>Emiel Huughe<\/strong>, accueille un nouvel investisseur de premier plan : nul autre que <strong>Romelu Lukaku<\/strong>, qui rejoint une impressionnante liste comptant notamment <strong>Marc Coucke<\/strong>, <strong>Jan Boone<\/strong> de <strong>Lotus Bakeries<\/strong> et <strong>Erwin Van Ost<\/strong> de <strong>Hubo<\/strong>. Port\u00e9e par un marketing rafra\u00eechissant, la marque apporte un vent de fra\u00eecheur au paysage brassicole. Plus de 4 millions de canettes ont d\u00e9j\u00e0 \u00e9t\u00e9 \u00e9coul\u00e9es. \u00c0 noter aussi : la reproduction de la c\u00e9l\u00e9bration mythique du buteur vaut le d\u00e9tour. On aimerait \u00eatre petite souris lors des conseils d&rsquo;administration.<\/p>\n<ul>\n<li><em><a href=\"https:\/\/toutbienpils.com\/\" target=\"_blank\" rel=\"noopener\">www.toutbienpils.com<\/a><\/em><\/li>\n<\/ul>\n<h2>Deux scale-ups de StarApps partent \u00e0 la conqu\u00eate des \u00c9tats-Unis<\/h2>\n<figure id=\"attachment_12705\" aria-describedby=\"caption-attachment-12705\" style=\"width: 2560px\" class=\"wp-caption alignnone\"><img loading=\"lazy\" decoding=\"async\" class=\"size-full wp-image-12705\" src=\"https:\/\/www.forbes.be\/nl\/wp-content\/uploads\/2025\/12\/donna-scaled.jpg\" alt=\"\" width=\"2560\" height=\"1708\" \/><figcaption id=\"caption-attachment-12705\" class=\"wp-caption-text\">\u00a9 Donna<\/figcaption><\/figure>\n<p>Deux scale-ups issues du startup studio gantois\u00a0<strong>StarApps<\/strong> ont lev\u00e9 des fonds pour acc\u00e9l\u00e9rer leur croissance. La plateforme de gestion de partenariats <strong>Introw<\/strong>, fond\u00e9e par le laur\u00e9at 30u30 <strong>Andreas Geamanu<\/strong>, a boucl\u00e9 un tour de table de 2,6 millions d&rsquo;euros. L&rsquo;assistant de vente dop\u00e9 \u00e0 l&rsquo;IA <strong>Donna<\/strong> a quant \u00e0 lui collect\u00e9 4 millions d&rsquo;euros. Les deux jeunes pousses ciblent les \u00c9tats-Unis, o\u00f9 Donna a d\u00e9j\u00e0 ouvert un bureau. \u00ab <em>Avec <strong>Donna<\/strong>, nous d\u00e9montrons que l&rsquo;IA peut g\u00e9n\u00e9rer de la valeur tr\u00e8s rapidement<\/em> \u00bb, explique N<strong>icolas Christiaen<\/strong>**, cofondateur de Donna.<\/p>\n<ul>\n<li><a href=\"https:\/\/www.introw.io\/\" target=\"_blank\" rel=\"noopener\"><em>www.introw.io<\/em><\/a><\/li>\n<li><a href=\"https:\/\/thedonna.ai\/login\" target=\"_blank\" rel=\"noopener\"><em>www.askdonna.com<\/em><\/a><\/li>\n<\/ul>\n<h2>Louis Jonckheere prend les r\u00eanes de la branche am\u00e9ricaine d&rsquo;Aikido<\/h2>\n<figure id=\"attachment_12704\" aria-describedby=\"caption-attachment-12704\" style=\"width: 2560px\" class=\"wp-caption alignnone\"><img loading=\"lazy\" decoding=\"async\" class=\"size-full wp-image-12704\" src=\"https:\/\/www.forbes.be\/nl\/wp-content\/uploads\/2025\/12\/aikido-3-scaled.jpg\" alt=\"\" width=\"2560\" height=\"1707\" \/><figcaption id=\"caption-attachment-12704\" class=\"wp-caption-text\">\u00a9 Aikido<\/figcaption><\/figure>\n<p><strong>Louis Jonckheere<\/strong> met lui aussi le cap vers les \u00c9tats-Unis. Il c\u00e8de la direction op\u00e9rationnelle du Wintercircus et prend en charge les op\u00e9rations am\u00e9ricaines de l&rsquo;entreprise gantoise de cybers\u00e9curit\u00e9 <strong>Aikido<\/strong>. Louis a accumul\u00e9 une solide exp\u00e9rience outre-Atlantique au fil des ann\u00e9es et a d\u00e9j\u00e0 collabor\u00e9 avec le fondateur <strong>Roeland Delrue<\/strong> chez <strong>Showpad<\/strong>. \u00ab <em>Aikido a tous les atouts pour devenir l&rsquo;une des r\u00e9f\u00e9rences de la Tech europ\u00e9enne<\/em> \u00bb, affirme Louis.<\/p>\n<ul>\n<li><em><a href=\"https:\/\/www.aikido.dev\/\" target=\"_blank\" rel=\"noopener\">www.aikido.dev<\/a><\/em><\/li>\n<\/ul>\n<h2>Davantage de tours de table en amor\u00e7age, mais un montant total en baisse<\/h2>\n<p><img loading=\"lazy\" decoding=\"async\" class=\"alignnone size-full wp-image-12703\" src=\"https:\/\/www.forbes.be\/nl\/wp-content\/uploads\/2025\/12\/6903cd4b3ad87f1a2c821dcc-sobtr-2025-sharing-thumbnail.png\" alt=\"\" width=\"800\" height=\"420\" \/> Au premier semestre 2025, le montant total des investissements dans les entreprises Tech belges a diminu\u00e9 de moiti\u00e9, selon un rapport du fonds d&rsquo;investissement belge Syndicate One. Pas de quoi s&rsquo;alarmer pour autant : l&rsquo;ann\u00e9e 2024 avait \u00e9t\u00e9 exceptionnelle, marqu\u00e9e par de grosses lev\u00e9es chez Lighthouse et Techwolf notamment. Surtout, en 2025, le nombre de tours d&rsquo;investissement en phase d&rsquo;amor\u00e7age a bondi de pr\u00e8s de 50% par rapport \u00e0 2024. \u00ab <em>Cela prouve qu&rsquo;il se cr\u00e9e encore beaucoup de startups prometteuses qui parviennent \u00e0 gagner en traction <\/em>\u00bb, souligne <strong>Robin Wauters<\/strong> de <strong>Syndicate One<\/strong>.<\/p>\n<ul>\n<li><a href=\"https:\/\/www.syndicate.one\/\" target=\"_blank\" rel=\"noopener\"><em>www.syndicate.one<\/em><\/a><\/li>\n<\/ul>\n","protected":false},"excerpt":{"rendered":"<p>Les startups et scale-ups repr\u00e9sentent le c\u0153ur battant de notre monde entrepreneurial. De The Beacon \u00e0 Anvers au Wintercircus \u00e0 Gand, la Flandre d\u00e9borde d&rsquo;esprit d&rsquo;entreprise. Forbes rassemble les principales actualit\u00e9s startup du mois pass\u00e9 en une vue d&rsquo;ensemble. Les fondateurs flamands se distinguent dans le Forbes 30 under 30 En novembre, Forbes a de nouveau d\u00e9voil\u00e9 sa liste des 30 Belges de moins de 30 ans les plus prometteurs [&hellip;]<\/p>\n","protected":false},"author":57,"featured_media":14078,"comment_status":"closed","ping_status":"closed","sticky":false,"template":"","format":"standard","meta":{"_acf_changed":false,"inline_featured_image":false,"footnotes":""},"categories":[1],"tags":[],"class_list":{"0":"post-14079","1":"post","2":"type-post","3":"status-publish","4":"format-standard","5":"has-post-thumbnail","7":"category-actualite"},"acf":[],"_yoast_wpseo_title":"Actualit\u00e9s startups Forbes Flandre","_yoast_wpseo_metadesc":"D\u00e9couvrez les derni\u00e8res nouvelles des startups en Flandre avec Forbes.","auteur_traducteur":"","yoast_head":"<!-- This site is optimized with the Yoast SEO plugin v27.4 - https:\/\/yoast.com\/product\/yoast-seo-wordpress\/ -->\n<title>Actualit\u00e9s startups Forbes Flandre<\/title>\n<meta name=\"description\" content=\"D\u00e9couvrez les derni\u00e8res nouvelles des startups en Flandre avec Forbes.\" \/>\n<meta name=\"robots\" content=\"index, follow, max-snippet:-1, max-image-preview:large, max-video-preview:-1\" \/>\n<link rel=\"canonical\" href=\"https:\/\/www.forbes.be\/fr\/actualites-startups-forbes-flandre-2\/\" \/>\n<meta property=\"og:locale\" content=\"fr_FR\" \/>\n<meta property=\"og:type\" content=\"article\" \/>\n<meta property=\"og:title\" content=\"Actualit\u00e9s startups Forbes Flandre\" \/>\n<meta property=\"og:description\" content=\"D\u00e9couvrez les derni\u00e8res nouvelles des startups en Flandre avec Forbes.\" \/>\n<meta property=\"og:url\" content=\"https:\/\/www.forbes.be\/fr\/actualites-startups-forbes-flandre-2\/\" \/>\n<meta property=\"og:site_name\" content=\"Forbes Belgique\" \/>\n<meta property=\"article:publisher\" content=\"https:\/\/www.facebook.com\/forbesbelgique\/\" \/>\n<meta property=\"article:published_time\" content=\"2025-12-10T13:12:51+00:00\" \/>\n<meta property=\"article:modified_time\" content=\"2025-12-12T09:31:33+00:00\" \/>\n<meta property=\"og:image\" content=\"https:\/\/www.forbes.be\/fr\/wp-content\/uploads\/2025\/12\/12701-capture-decran-2025-12-04-a-150006-e1765531882349.png\" \/>\n\t<meta property=\"og:image:width\" content=\"1195\" \/>\n\t<meta property=\"og:image:height\" content=\"625\" \/>\n\t<meta property=\"og:image:type\" content=\"image\/png\" \/>\n<meta name=\"author\" content=\"Rodrigue Del\u00e9pine\" \/>\n<meta name=\"twitter:card\" content=\"summary_large_image\" \/>\n<meta name=\"twitter:label1\" content=\"\u00c9crit par\" \/>\n\t<meta name=\"twitter:data1\" content=\"Rodrigue Del\u00e9pine\" \/>\n\t<meta name=\"twitter:label2\" content=\"Dur\u00e9e de lecture estim\u00e9e\" \/>\n\t<meta name=\"twitter:data2\" content=\"4 minutes\" \/>\n<script type=\"application\/ld+json\" class=\"yoast-schema-graph\">{\"@context\":\"https:\\\/\\\/schema.org\",\"@graph\":[{\"@type\":\"NewsArticle\",\"@id\":\"https:\\\/\\\/www.forbes.be\\\/fr\\\/actualites-startups-forbes-flandre-2\\\/#article\",\"isPartOf\":{\"@id\":\"https:\\\/\\\/www.forbes.be\\\/fr\\\/actualites-startups-forbes-flandre-2\\\/\"},\"author\":{\"name\":\"Rodrigue Del\u00e9pine\",\"@id\":\"https:\\\/\\\/www.forbes.be\\\/fr\\\/#\\\/schema\\\/person\\\/fc070f7e2cccae5c43074a0bd4a0240a\"},\"headline\":\"Les actualit\u00e9s Forbes des startups en Flandre\",\"datePublished\":\"2025-12-10T13:12:51+00:00\",\"dateModified\":\"2025-12-12T09:31:33+00:00\",\"mainEntityOfPage\":{\"@id\":\"https:\\\/\\\/www.forbes.be\\\/fr\\\/actualites-startups-forbes-flandre-2\\\/\"},\"wordCount\":606,\"publisher\":{\"@id\":\"https:\\\/\\\/www.forbes.be\\\/fr\\\/#organization\"},\"image\":{\"@id\":\"https:\\\/\\\/www.forbes.be\\\/fr\\\/actualites-startups-forbes-flandre-2\\\/#primaryimage\"},\"thumbnailUrl\":\"https:\\\/\\\/www.forbes.be\\\/fr\\\/wp-content\\\/uploads\\\/2025\\\/12\\\/12701-capture-decran-2025-12-04-a-150006-e1765531882349.png\",\"articleSection\":[\"Actualit\u00e9s\"],\"inLanguage\":\"fr-FR\"},{\"@type\":\"WebPage\",\"@id\":\"https:\\\/\\\/www.forbes.be\\\/fr\\\/actualites-startups-forbes-flandre-2\\\/\",\"url\":\"https:\\\/\\\/www.forbes.be\\\/fr\\\/actualites-startups-forbes-flandre-2\\\/\",\"name\":\"Actualit\u00e9s startups Forbes Flandre\",\"isPartOf\":{\"@id\":\"https:\\\/\\\/www.forbes.be\\\/fr\\\/#website\"},\"primaryImageOfPage\":{\"@id\":\"https:\\\/\\\/www.forbes.be\\\/fr\\\/actualites-startups-forbes-flandre-2\\\/#primaryimage\"},\"image\":{\"@id\":\"https:\\\/\\\/www.forbes.be\\\/fr\\\/actualites-startups-forbes-flandre-2\\\/#primaryimage\"},\"thumbnailUrl\":\"https:\\\/\\\/www.forbes.be\\\/fr\\\/wp-content\\\/uploads\\\/2025\\\/12\\\/12701-capture-decran-2025-12-04-a-150006-e1765531882349.png\",\"datePublished\":\"2025-12-10T13:12:51+00:00\",\"dateModified\":\"2025-12-12T09:31:33+00:00\",\"description\":\"D\u00e9couvrez les derni\u00e8res nouvelles des startups en Flandre avec Forbes.\",\"breadcrumb\":{\"@id\":\"https:\\\/\\\/www.forbes.be\\\/fr\\\/actualites-startups-forbes-flandre-2\\\/#breadcrumb\"},\"inLanguage\":\"fr-FR\",\"potentialAction\":[{\"@type\":\"ReadAction\",\"target\":[\"https:\\\/\\\/www.forbes.be\\\/fr\\\/actualites-startups-forbes-flandre-2\\\/\"]}]},{\"@type\":\"ImageObject\",\"inLanguage\":\"fr-FR\",\"@id\":\"https:\\\/\\\/www.forbes.be\\\/fr\\\/actualites-startups-forbes-flandre-2\\\/#primaryimage\",\"url\":\"https:\\\/\\\/www.forbes.be\\\/fr\\\/wp-content\\\/uploads\\\/2025\\\/12\\\/12701-capture-decran-2025-12-04-a-150006-e1765531882349.png\",\"contentUrl\":\"https:\\\/\\\/www.forbes.be\\\/fr\\\/wp-content\\\/uploads\\\/2025\\\/12\\\/12701-capture-decran-2025-12-04-a-150006-e1765531882349.png\",\"width\":1195,\"height\":625,\"caption\":\"\u00a9 Tout Bien\"},{\"@type\":\"BreadcrumbList\",\"@id\":\"https:\\\/\\\/www.forbes.be\\\/fr\\\/actualites-startups-forbes-flandre-2\\\/#breadcrumb\",\"itemListElement\":[{\"@type\":\"ListItem\",\"position\":1,\"name\":\"Accueil\",\"item\":\"https:\\\/\\\/www.forbes.be\\\/fr\\\/\"},{\"@type\":\"ListItem\",\"position\":2,\"name\":\"Les actualit\u00e9s Forbes des startups en Flandre\"}]},{\"@type\":\"WebSite\",\"@id\":\"https:\\\/\\\/www.forbes.be\\\/fr\\\/#website\",\"url\":\"https:\\\/\\\/www.forbes.be\\\/fr\\\/\",\"name\":\"Forbes Belgique\",\"description\":\"\",\"publisher\":{\"@id\":\"https:\\\/\\\/www.forbes.be\\\/fr\\\/#organization\"},\"potentialAction\":[{\"@type\":\"SearchAction\",\"target\":{\"@type\":\"EntryPoint\",\"urlTemplate\":\"https:\\\/\\\/www.forbes.be\\\/fr\\\/?s={search_term_string}\"},\"query-input\":{\"@type\":\"PropertyValueSpecification\",\"valueRequired\":true,\"valueName\":\"search_term_string\"}}],\"inLanguage\":\"fr-FR\"},{\"@type\":\"Organization\",\"@id\":\"https:\\\/\\\/www.forbes.be\\\/fr\\\/#organization\",\"name\":\"Forbes Belgique\",\"url\":\"https:\\\/\\\/www.forbes.be\\\/fr\\\/\",\"logo\":{\"@type\":\"ImageObject\",\"inLanguage\":\"fr-FR\",\"@id\":\"https:\\\/\\\/www.forbes.be\\\/fr\\\/#\\\/schema\\\/logo\\\/image\\\/\",\"url\":\"https:\\\/\\\/www.forbes.be\\\/fr\\\/wp-content\\\/uploads\\\/2024\\\/02\\\/forbes.be_.png\",\"contentUrl\":\"https:\\\/\\\/www.forbes.be\\\/fr\\\/wp-content\\\/uploads\\\/2024\\\/02\\\/forbes.be_.png\",\"width\":1200,\"height\":675,\"caption\":\"Forbes Belgique\"},\"image\":{\"@id\":\"https:\\\/\\\/www.forbes.be\\\/fr\\\/#\\\/schema\\\/logo\\\/image\\\/\"},\"sameAs\":[\"https:\\\/\\\/www.facebook.com\\\/forbesbelgique\\\/\",\"https:\\\/\\\/www.instagram.com\\\/Forbes_Belgium\",\"https:\\\/\\\/www.linkedin.com\\\/company\\\/forbes-belgium\\\/\"]},{\"@type\":\"Person\",\"@id\":\"https:\\\/\\\/www.forbes.be\\\/fr\\\/#\\\/schema\\\/person\\\/fc070f7e2cccae5c43074a0bd4a0240a\",\"name\":\"Rodrigue Del\u00e9pine\",\"image\":{\"@type\":\"ImageObject\",\"inLanguage\":\"fr-FR\",\"@id\":\"https:\\\/\\\/www.forbes.be\\\/fr\\\/wp-content\\\/uploads\\\/2025\\\/08\\\/img-6747-100x100.jpg\",\"url\":\"https:\\\/\\\/www.forbes.be\\\/fr\\\/wp-content\\\/uploads\\\/2025\\\/08\\\/img-6747-100x100.jpg\",\"contentUrl\":\"https:\\\/\\\/www.forbes.be\\\/fr\\\/wp-content\\\/uploads\\\/2025\\\/08\\\/img-6747-100x100.jpg\",\"caption\":\"Rodrigue Del\u00e9pine\"},\"description\":\"En tant que responsable presse pour les startups et scale-ups technologiques, Rodrigue se trouve en plein c\u0153ur de l\u2019effervescence entrepreneuriale. Il investit aussi dans plusieurs startups gantoises. On le croise souvent au Wintercircus. Bruxellois d\u2019origine, il s\u2019applique \u00e0 perfectionner son accent gantois.\",\"url\":\"https:\\\/\\\/www.forbes.be\\\/fr\\\/author\\\/rodriguecomiti-be\\\/\"}]}<\/script>\n<!-- \/ Yoast SEO plugin. -->","yoast_head_json":{"title":"Actualit\u00e9s startups Forbes Flandre","description":"D\u00e9couvrez les derni\u00e8res nouvelles des startups en Flandre avec Forbes.","robots":{"index":"index","follow":"follow","max-snippet":"max-snippet:-1","max-image-preview":"max-image-preview:large","max-video-preview":"max-video-preview:-1"},"canonical":"https:\/\/www.forbes.be\/fr\/actualites-startups-forbes-flandre-2\/","og_locale":"fr_FR","og_type":"article","og_title":"Actualit\u00e9s startups Forbes Flandre","og_description":"D\u00e9couvrez les derni\u00e8res nouvelles des startups en Flandre avec Forbes.","og_url":"https:\/\/www.forbes.be\/fr\/actualites-startups-forbes-flandre-2\/","og_site_name":"Forbes Belgique","article_publisher":"https:\/\/www.facebook.com\/forbesbelgique\/","article_published_time":"2025-12-10T13:12:51+00:00","article_modified_time":"2025-12-12T09:31:33+00:00","og_image":[{"width":1195,"height":625,"url":"https:\/\/www.forbes.be\/fr\/wp-content\/uploads\/2025\/12\/12701-capture-decran-2025-12-04-a-150006-e1765531882349.png","type":"image\/png"}],"author":"Rodrigue Del\u00e9pine","twitter_card":"summary_large_image","twitter_misc":{"\u00c9crit par":"Rodrigue Del\u00e9pine","Dur\u00e9e de lecture estim\u00e9e":"4 minutes"},"schema":{"@context":"https:\/\/schema.org","@graph":[{"@type":"NewsArticle","@id":"https:\/\/www.forbes.be\/fr\/actualites-startups-forbes-flandre-2\/#article","isPartOf":{"@id":"https:\/\/www.forbes.be\/fr\/actualites-startups-forbes-flandre-2\/"},"author":{"name":"Rodrigue Del\u00e9pine","@id":"https:\/\/www.forbes.be\/fr\/#\/schema\/person\/fc070f7e2cccae5c43074a0bd4a0240a"},"headline":"Les actualit\u00e9s Forbes des startups en Flandre","datePublished":"2025-12-10T13:12:51+00:00","dateModified":"2025-12-12T09:31:33+00:00","mainEntityOfPage":{"@id":"https:\/\/www.forbes.be\/fr\/actualites-startups-forbes-flandre-2\/"},"wordCount":606,"publisher":{"@id":"https:\/\/www.forbes.be\/fr\/#organization"},"image":{"@id":"https:\/\/www.forbes.be\/fr\/actualites-startups-forbes-flandre-2\/#primaryimage"},"thumbnailUrl":"https:\/\/www.forbes.be\/fr\/wp-content\/uploads\/2025\/12\/12701-capture-decran-2025-12-04-a-150006-e1765531882349.png","articleSection":["Actualit\u00e9s"],"inLanguage":"fr-FR"},{"@type":"WebPage","@id":"https:\/\/www.forbes.be\/fr\/actualites-startups-forbes-flandre-2\/","url":"https:\/\/www.forbes.be\/fr\/actualites-startups-forbes-flandre-2\/","name":"Actualit\u00e9s startups Forbes Flandre","isPartOf":{"@id":"https:\/\/www.forbes.be\/fr\/#website"},"primaryImageOfPage":{"@id":"https:\/\/www.forbes.be\/fr\/actualites-startups-forbes-flandre-2\/#primaryimage"},"image":{"@id":"https:\/\/www.forbes.be\/fr\/actualites-startups-forbes-flandre-2\/#primaryimage"},"thumbnailUrl":"https:\/\/www.forbes.be\/fr\/wp-content\/uploads\/2025\/12\/12701-capture-decran-2025-12-04-a-150006-e1765531882349.png","datePublished":"2025-12-10T13:12:51+00:00","dateModified":"2025-12-12T09:31:33+00:00","description":"D\u00e9couvrez les derni\u00e8res nouvelles des startups en Flandre avec Forbes.","breadcrumb":{"@id":"https:\/\/www.forbes.be\/fr\/actualites-startups-forbes-flandre-2\/#breadcrumb"},"inLanguage":"fr-FR","potentialAction":[{"@type":"ReadAction","target":["https:\/\/www.forbes.be\/fr\/actualites-startups-forbes-flandre-2\/"]}]},{"@type":"ImageObject","inLanguage":"fr-FR","@id":"https:\/\/www.forbes.be\/fr\/actualites-startups-forbes-flandre-2\/#primaryimage","url":"https:\/\/www.forbes.be\/fr\/wp-content\/uploads\/2025\/12\/12701-capture-decran-2025-12-04-a-150006-e1765531882349.png","contentUrl":"https:\/\/www.forbes.be\/fr\/wp-content\/uploads\/2025\/12\/12701-capture-decran-2025-12-04-a-150006-e1765531882349.png","width":1195,"height":625,"caption":"\u00a9 Tout Bien"},{"@type":"BreadcrumbList","@id":"https:\/\/www.forbes.be\/fr\/actualites-startups-forbes-flandre-2\/#breadcrumb","itemListElement":[{"@type":"ListItem","position":1,"name":"Accueil","item":"https:\/\/www.forbes.be\/fr\/"},{"@type":"ListItem","position":2,"name":"Les actualit\u00e9s Forbes des startups en Flandre"}]},{"@type":"WebSite","@id":"https:\/\/www.forbes.be\/fr\/#website","url":"https:\/\/www.forbes.be\/fr\/","name":"Forbes Belgique","description":"","publisher":{"@id":"https:\/\/www.forbes.be\/fr\/#organization"},"potentialAction":[{"@type":"SearchAction","target":{"@type":"EntryPoint","urlTemplate":"https:\/\/www.forbes.be\/fr\/?s={search_term_string}"},"query-input":{"@type":"PropertyValueSpecification","valueRequired":true,"valueName":"search_term_string"}}],"inLanguage":"fr-FR"},{"@type":"Organization","@id":"https:\/\/www.forbes.be\/fr\/#organization","name":"Forbes Belgique","url":"https:\/\/www.forbes.be\/fr\/","logo":{"@type":"ImageObject","inLanguage":"fr-FR","@id":"https:\/\/www.forbes.be\/fr\/#\/schema\/logo\/image\/","url":"https:\/\/www.forbes.be\/fr\/wp-content\/uploads\/2024\/02\/forbes.be_.png","contentUrl":"https:\/\/www.forbes.be\/fr\/wp-content\/uploads\/2024\/02\/forbes.be_.png","width":1200,"height":675,"caption":"Forbes Belgique"},"image":{"@id":"https:\/\/www.forbes.be\/fr\/#\/schema\/logo\/image\/"},"sameAs":["https:\/\/www.facebook.com\/forbesbelgique\/","https:\/\/www.instagram.com\/Forbes_Belgium","https:\/\/www.linkedin.com\/company\/forbes-belgium\/"]},{"@type":"Person","@id":"https:\/\/www.forbes.be\/fr\/#\/schema\/person\/fc070f7e2cccae5c43074a0bd4a0240a","name":"Rodrigue Del\u00e9pine","image":{"@type":"ImageObject","inLanguage":"fr-FR","@id":"https:\/\/www.forbes.be\/fr\/wp-content\/uploads\/2025\/08\/img-6747-100x100.jpg","url":"https:\/\/www.forbes.be\/fr\/wp-content\/uploads\/2025\/08\/img-6747-100x100.jpg","contentUrl":"https:\/\/www.forbes.be\/fr\/wp-content\/uploads\/2025\/08\/img-6747-100x100.jpg","caption":"Rodrigue Del\u00e9pine"},"description":"En tant que responsable presse pour les startups et scale-ups technologiques, Rodrigue se trouve en plein c\u0153ur de l\u2019effervescence entrepreneuriale. Il investit aussi dans plusieurs startups gantoises. On le croise souvent au Wintercircus. Bruxellois d\u2019origine, il s\u2019applique \u00e0 perfectionner son accent gantois.","url":"https:\/\/www.forbes.be\/fr\/author\/rodriguecomiti-be\/"}]}},"_links":{"self":[{"href":"https:\/\/www.forbes.be\/fr\/wp-json\/wp\/v2\/posts\/14079","targetHints":{"allow":["GET"]}}],"collection":[{"href":"https:\/\/www.forbes.be\/fr\/wp-json\/wp\/v2\/posts"}],"about":[{"href":"https:\/\/www.forbes.be\/fr\/wp-json\/wp\/v2\/types\/post"}],"author":[{"embeddable":true,"href":"https:\/\/www.forbes.be\/fr\/wp-json\/wp\/v2\/users\/57"}],"replies":[{"embeddable":true,"href":"https:\/\/www.forbes.be\/fr\/wp-json\/wp\/v2\/comments?post=14079"}],"version-history":[{"count":2,"href":"https:\/\/www.forbes.be\/fr\/wp-json\/wp\/v2\/posts\/14079\/revisions"}],"predecessor-version":[{"id":14081,"href":"https:\/\/www.forbes.be\/fr\/wp-json\/wp\/v2\/posts\/14079\/revisions\/14081"}],"wp:featuredmedia":[{"embeddable":true,"href":"https:\/\/www.forbes.be\/fr\/wp-json\/wp\/v2\/media\/14078"}],"wp:attachment":[{"href":"https:\/\/www.forbes.be\/fr\/wp-json\/wp\/v2\/media?parent=14079"}],"wp:term":[{"taxonomy":"category","embeddable":true,"href":"https:\/\/www.forbes.be\/fr\/wp-json\/wp\/v2\/categories?post=14079"},{"taxonomy":"post_tag","embeddable":true,"href":"https:\/\/www.forbes.be\/fr\/wp-json\/wp\/v2\/tags?post=14079"}],"curies":[{"name":"wp","href":"https:\/\/api.w.org\/{rel}","templated":true}]}}