{"id":14094,"date":"2025-12-11T18:27:25","date_gmt":"2025-12-11T17:27:25","guid":{"rendered":"https:\/\/www.forbes.be\/fr\/?p=14094"},"modified":"2025-12-12T10:30:04","modified_gmt":"2025-12-12T09:30:04","slug":"la-cour-constitutionnelle-retablit-lecheance-2025-de-la-zone-de-basses-emissions-a-bruxelles","status":"publish","type":"post","link":"https:\/\/www.forbes.be\/fr\/la-cour-constitutionnelle-retablit-lecheance-2025-de-la-zone-de-basses-emissions-a-bruxelles\/","title":{"rendered":"La Cour Constitutionnelle r\u00e9tablit l&rsquo;\u00e9ch\u00e9ance 2025 de la Zone de Basses-\u00c9missions \u00e0 Bruxelles"},"content":{"rendered":"<p><strong>La<\/strong><strong> d\u00e9cision de la Cour Constitutionnelle tomb\u00e9e ce jeudi est d\u00e9finitive: elle fait suite au recours port\u00e9 par quatre asbl et trois citoyens, qui accueillent ce verdict avec joie.\u00a0<\/strong><\/p>\n<p>Quand on sait que chaque jour, en moyenne, <a href=\"https:\/\/www.leschercheursdair.be\/wp-content\/uploads\/2025\/12\/LEZ-Rapport-2024-FR.pdf\">360 000 v\u00e9hicules uniques (toutes cat\u00e9gories confondues) circulent sur le territoire de la R\u00e9gion de Bruxelles-Capitale, <\/a>le report du calendrier de la Zone de Basses-Emissions (LEZ) vot\u00e9 par le Parlement bruxellois en octobre 2024 constituait, selon les requ\u00e9rants, \u00ab\u00a0un recul significatif -sans justification raisonnable- en mati\u00e8re de protection de la sant\u00e9 et d\u2019un environnement sain\u00a0\u00bb. <strong>C\u2019est ce qui ressort de l&rsquo;arr\u00eat rendu ce jeudi par la Cour Constitutionnelle.<\/strong><\/p>\n<p>Par cons\u00e9quent, ce report, d\u00e9cid\u00e9 unilat\u00e9ralement par la sph\u00e8re politique puis coul\u00e9 dans une Ordonnance dat\u00e9e du 21 mars 2025, est annul\u00e9 et le calendrier initial r\u00e9tabli \u00e0 20 jours de la date-butoir. <strong>Les v\u00e9hicules diesel Euro 5 et essence Euro 2 ne seront donc plus autoris\u00e9s \u00e0 circuler en R\u00e9gion bruxelloise d\u00e8s le 1er janvier 2026. Pas moins de 24.000 v\u00e9hicules diesel Euro 5 et 3.500 v\u00e9hicules essence Euro 2 sont vis\u00e9s <\/strong>par cette d\u00e9cision de derni\u00e8re minute, au grand dam des conducteurs concern\u00e9s, men\u00e9s \u00e0 hue et \u00e0 dia depuis plus d&rsquo;un an. Maigre consolation: ils disposeront d\u2019un r\u00e9gime de tol\u00e9rance provisoire jusqu\u2019au printemps 2026.<\/p>\n<p>Pour rappel, <a href=\"https:\/\/fr.const-court.be\/public\/f\/2025\/2025-174f-info.pdf\">cet arr\u00eat<\/a> fait suite au <a href=\"https:\/\/leschercheursdair.us20.list-manage.com\/track\/click?u=0ccff483c464f57aff2aeb30d&amp;id=7b4086d365&amp;e=4d3ffe7dcf\" target=\"_blank\" rel=\"noopener\">recours<\/a> en suspension (et en annulation) introduit en mai par <a href=\"https:\/\/www.liguedh.be\/quatre-associations-et-trois-citoyen\u00b7nes-attaquent-en-justice-le-report-de-la-lez-bruxelloise\/\">La Ligue des droits humains<\/a>, <a href=\"https:\/\/www.maisonmedicale.org\">La F\u00e9d\u00e9ration des Maisons M\u00e9dicales<\/a>, <a href=\"https:\/\/www.leschercheursdair.be\/la-zone-de-basses-emissions-lez-bruxelloise\/\">Les chercheurs d\u2019air<\/a> et <a href=\"https:\/\/bral.brussels\/fr\">le Bral<\/a>, ainsi que par trois citoyens bruxellois.<\/p>\n<p>Selon <strong>Pierre Dornier, le directeur de l\u2019asbl Les chercheurs d\u2019air,<\/strong> \u00ab\u00a0<em>Cette d\u00e9cision va permettre \u00e0 tout le monde de bien mieux respirer. Elle va grandement contribuer \u00e0 mieux prot\u00e9ger les plus vuln\u00e9rables de la pollution de l\u2019air: les enfants, les personnes d\u00e9favoris\u00e9es et les malades. Nos \u00e9lus doivent maintenant s\u2019assurer que cette nouvelle \u00e9tape soit accompagn\u00e9e d\u2019aides ou d\u2019exemptions afin qu\u2019elle ne nuise pas aux plus d\u00e9munis.<\/em>\u201d<\/p>\n<p><img loading=\"lazy\" decoding=\"async\" class=\"alignnone size-full wp-image-14097\" src=\"https:\/\/www.forbes.be\/fr\/wp-content\/uploads\/2025\/12\/capture-decran-2025-12-11-a-181320.png\" alt=\"\" width=\"1886\" height=\"1250\" srcset=\"https:\/\/www.forbes.be\/fr\/wp-content\/uploads\/2025\/12\/capture-decran-2025-12-11-a-181320.png 1886w, https:\/\/www.forbes.be\/fr\/wp-content\/uploads\/2025\/12\/capture-decran-2025-12-11-a-181320-300x199.png 300w, https:\/\/www.forbes.be\/fr\/wp-content\/uploads\/2025\/12\/capture-decran-2025-12-11-a-181320-1024x679.png 1024w, https:\/\/www.forbes.be\/fr\/wp-content\/uploads\/2025\/12\/capture-decran-2025-12-11-a-181320-768x509.png 768w, https:\/\/www.forbes.be\/fr\/wp-content\/uploads\/2025\/12\/capture-decran-2025-12-11-a-181320-1536x1018.png 1536w, https:\/\/www.forbes.be\/fr\/wp-content\/uploads\/2025\/12\/capture-decran-2025-12-11-a-181320-696x461.png 696w, https:\/\/www.forbes.be\/fr\/wp-content\/uploads\/2025\/12\/capture-decran-2025-12-11-a-181320-1068x708.png 1068w, https:\/\/www.forbes.be\/fr\/wp-content\/uploads\/2025\/12\/capture-decran-2025-12-11-a-181320-600x398.png 600w\" sizes=\"auto, (max-width: 1886px) 100vw, 1886px\" \/><\/p>\n<p>Pour<strong> Tim Cassiers, le charg\u00e9 de Mobilit\u00e9 et de Qualit\u00e9 de l\u2019air au Bral<\/strong>, <em>\u201cLa zone de basses \u00e9missions est un outil qui fonctionne, comme le montre le dernier rapport de Bruxelles Environnement. Tous les polluants li\u00e9s au trafic routier sont en tr\u00e8s forte baisse ces six derni\u00e8res ann\u00e9es; une trajectoire qui \u00e9tait frein\u00e9e par le report de ces derniers mois.\u201d<\/em><\/p>\n","protected":false},"excerpt":{"rendered":"<p>La d\u00e9cision de la Cour Constitutionnelle tomb\u00e9e ce jeudi est d\u00e9finitive: elle fait suite au recours port\u00e9 par quatre asbl et trois citoyens, qui accueillent ce verdict avec joie.\u00a0 Quand on sait que chaque jour, en moyenne, 360 000 v\u00e9hicules uniques (toutes cat\u00e9gories confondues) circulent sur le territoire de la R\u00e9gion de Bruxelles-Capitale, le report [&hellip;]<\/p>\n","protected":false},"author":15,"featured_media":14095,"comment_status":"closed","ping_status":"closed","sticky":false,"template":"","format":"standard","meta":{"_acf_changed":false,"inline_featured_image":false,"footnotes":""},"categories":[1,74,25,49,31,27],"tags":[],"class_list":{"0":"post-14094","1":"post","2":"type-post","3":"status-publish","4":"format-standard","5":"has-post-thumbnail","7":"category-actualite","8":"category-automobile","9":"category-climat","10":"category-environnement","11":"category-politique","12":"category-societe"},"acf":[],"_yoast_wpseo_title":null,"_yoast_wpseo_metadesc":"La Cour Constitutionnelle r\u00e9tablit l'\u00e9ch\u00e9ance 2025 de la Zone de Basses-\u00c9missions \u00e0 Bruxelles.","auteur_traducteur":"","yoast_head":"<!-- This site is optimized with the Yoast SEO plugin v27.4 - https:\/\/yoast.com\/product\/yoast-seo-wordpress\/ -->\n<title>La Cour Constitutionnelle r\u00e9tablit l&#039;\u00e9ch\u00e9ance 2025 de la Zone de Basses-\u00c9missions \u00e0 Bruxelles | Forbes Belgique<\/title>\n<meta name=\"description\" content=\"La Cour Constitutionnelle r\u00e9tablit l&#039;\u00e9ch\u00e9ance 2025 de la Zone de Basses-\u00c9missions \u00e0 Bruxelles.\" \/>\n<meta name=\"robots\" content=\"index, follow, max-snippet:-1, max-image-preview:large, max-video-preview:-1\" \/>\n<link rel=\"canonical\" href=\"https:\/\/www.forbes.be\/fr\/la-cour-constitutionnelle-retablit-lecheance-2025-de-la-zone-de-basses-emissions-a-bruxelles\/\" \/>\n<meta property=\"og:locale\" content=\"fr_FR\" \/>\n<meta property=\"og:type\" content=\"article\" \/>\n<meta property=\"og:title\" content=\"La Cour Constitutionnelle r\u00e9tablit l&#039;\u00e9ch\u00e9ance 2025 de la Zone de Basses-\u00c9missions \u00e0 Bruxelles | Forbes Belgique\" \/>\n<meta property=\"og:description\" content=\"La Cour Constitutionnelle r\u00e9tablit l&#039;\u00e9ch\u00e9ance 2025 de la Zone de Basses-\u00c9missions \u00e0 Bruxelles.\" \/>\n<meta property=\"og:url\" content=\"https:\/\/www.forbes.be\/fr\/la-cour-constitutionnelle-retablit-lecheance-2025-de-la-zone-de-basses-emissions-a-bruxelles\/\" \/>\n<meta property=\"og:site_name\" content=\"Forbes Belgique\" \/>\n<meta property=\"article:publisher\" content=\"https:\/\/www.facebook.com\/forbesbelgique\/\" \/>\n<meta property=\"article:published_time\" content=\"2025-12-11T17:27:25+00:00\" \/>\n<meta property=\"article:modified_time\" content=\"2025-12-12T09:30:04+00:00\" \/>\n<meta property=\"og:image\" content=\"https:\/\/www.forbes.be\/fr\/wp-content\/uploads\/2025\/12\/capture-decran-2025-12-11-a-181231-scaled-e1765531791858.png\" \/>\n\t<meta property=\"og:image:width\" content=\"2560\" \/>\n\t<meta property=\"og:image:height\" content=\"1340\" \/>\n\t<meta property=\"og:image:type\" content=\"image\/png\" \/>\n<meta name=\"author\" content=\"Philippe Coul\u00e9e\" \/>\n<meta name=\"twitter:card\" content=\"summary_large_image\" \/>\n<meta name=\"twitter:label1\" content=\"\u00c9crit par\" \/>\n\t<meta name=\"twitter:data1\" content=\"Philippe Coul\u00e9e\" \/>\n\t<meta name=\"twitter:label2\" content=\"Dur\u00e9e de lecture estim\u00e9e\" \/>\n\t<meta name=\"twitter:data2\" content=\"3 minutes\" \/>\n<script type=\"application\/ld+json\" class=\"yoast-schema-graph\">{\"@context\":\"https:\\\/\\\/schema.org\",\"@graph\":[{\"@type\":\"NewsArticle\",\"@id\":\"https:\\\/\\\/www.forbes.be\\\/fr\\\/la-cour-constitutionnelle-retablit-lecheance-2025-de-la-zone-de-basses-emissions-a-bruxelles\\\/#article\",\"isPartOf\":{\"@id\":\"https:\\\/\\\/www.forbes.be\\\/fr\\\/la-cour-constitutionnelle-retablit-lecheance-2025-de-la-zone-de-basses-emissions-a-bruxelles\\\/\"},\"author\":{\"name\":\"Philippe Coul\u00e9e\",\"@id\":\"https:\\\/\\\/www.forbes.be\\\/fr\\\/#\\\/schema\\\/person\\\/22bfc3335e560f4084ef5af17ecdad87\"},\"headline\":\"La Cour Constitutionnelle r\u00e9tablit l&rsquo;\u00e9ch\u00e9ance 2025 de la Zone de Basses-\u00c9missions \u00e0 Bruxelles\",\"datePublished\":\"2025-12-11T17:27:25+00:00\",\"dateModified\":\"2025-12-12T09:30:04+00:00\",\"mainEntityOfPage\":{\"@id\":\"https:\\\/\\\/www.forbes.be\\\/fr\\\/la-cour-constitutionnelle-retablit-lecheance-2025-de-la-zone-de-basses-emissions-a-bruxelles\\\/\"},\"wordCount\":431,\"publisher\":{\"@id\":\"https:\\\/\\\/www.forbes.be\\\/fr\\\/#organization\"},\"image\":{\"@id\":\"https:\\\/\\\/www.forbes.be\\\/fr\\\/la-cour-constitutionnelle-retablit-lecheance-2025-de-la-zone-de-basses-emissions-a-bruxelles\\\/#primaryimage\"},\"thumbnailUrl\":\"https:\\\/\\\/www.forbes.be\\\/fr\\\/wp-content\\\/uploads\\\/2025\\\/12\\\/capture-decran-2025-12-11-a-181231-scaled-e1765531791858.png\",\"articleSection\":[\"Actualit\u00e9s\",\"Automobile\",\"Climat\",\"Environnement\",\"Politique\",\"Soci\u00e9t\u00e9\"],\"inLanguage\":\"fr-FR\"},{\"@type\":\"WebPage\",\"@id\":\"https:\\\/\\\/www.forbes.be\\\/fr\\\/la-cour-constitutionnelle-retablit-lecheance-2025-de-la-zone-de-basses-emissions-a-bruxelles\\\/\",\"url\":\"https:\\\/\\\/www.forbes.be\\\/fr\\\/la-cour-constitutionnelle-retablit-lecheance-2025-de-la-zone-de-basses-emissions-a-bruxelles\\\/\",\"name\":\"La Cour Constitutionnelle r\u00e9tablit l'\u00e9ch\u00e9ance 2025 de la Zone de Basses-\u00c9missions \u00e0 Bruxelles | Forbes Belgique\",\"isPartOf\":{\"@id\":\"https:\\\/\\\/www.forbes.be\\\/fr\\\/#website\"},\"primaryImageOfPage\":{\"@id\":\"https:\\\/\\\/www.forbes.be\\\/fr\\\/la-cour-constitutionnelle-retablit-lecheance-2025-de-la-zone-de-basses-emissions-a-bruxelles\\\/#primaryimage\"},\"image\":{\"@id\":\"https:\\\/\\\/www.forbes.be\\\/fr\\\/la-cour-constitutionnelle-retablit-lecheance-2025-de-la-zone-de-basses-emissions-a-bruxelles\\\/#primaryimage\"},\"thumbnailUrl\":\"https:\\\/\\\/www.forbes.be\\\/fr\\\/wp-content\\\/uploads\\\/2025\\\/12\\\/capture-decran-2025-12-11-a-181231-scaled-e1765531791858.png\",\"datePublished\":\"2025-12-11T17:27:25+00:00\",\"dateModified\":\"2025-12-12T09:30:04+00:00\",\"description\":\"La Cour Constitutionnelle r\u00e9tablit l'\u00e9ch\u00e9ance 2025 de la Zone de Basses-\u00c9missions \u00e0 Bruxelles.\",\"breadcrumb\":{\"@id\":\"https:\\\/\\\/www.forbes.be\\\/fr\\\/la-cour-constitutionnelle-retablit-lecheance-2025-de-la-zone-de-basses-emissions-a-bruxelles\\\/#breadcrumb\"},\"inLanguage\":\"fr-FR\",\"potentialAction\":[{\"@type\":\"ReadAction\",\"target\":[\"https:\\\/\\\/www.forbes.be\\\/fr\\\/la-cour-constitutionnelle-retablit-lecheance-2025-de-la-zone-de-basses-emissions-a-bruxelles\\\/\"]}]},{\"@type\":\"ImageObject\",\"inLanguage\":\"fr-FR\",\"@id\":\"https:\\\/\\\/www.forbes.be\\\/fr\\\/la-cour-constitutionnelle-retablit-lecheance-2025-de-la-zone-de-basses-emissions-a-bruxelles\\\/#primaryimage\",\"url\":\"https:\\\/\\\/www.forbes.be\\\/fr\\\/wp-content\\\/uploads\\\/2025\\\/12\\\/capture-decran-2025-12-11-a-181231-scaled-e1765531791858.png\",\"contentUrl\":\"https:\\\/\\\/www.forbes.be\\\/fr\\\/wp-content\\\/uploads\\\/2025\\\/12\\\/capture-decran-2025-12-11-a-181231-scaled-e1765531791858.png\",\"width\":2560,\"height\":1340},{\"@type\":\"BreadcrumbList\",\"@id\":\"https:\\\/\\\/www.forbes.be\\\/fr\\\/la-cour-constitutionnelle-retablit-lecheance-2025-de-la-zone-de-basses-emissions-a-bruxelles\\\/#breadcrumb\",\"itemListElement\":[{\"@type\":\"ListItem\",\"position\":1,\"name\":\"Accueil\",\"item\":\"https:\\\/\\\/www.forbes.be\\\/fr\\\/\"},{\"@type\":\"ListItem\",\"position\":2,\"name\":\"La Cour Constitutionnelle r\u00e9tablit l&rsquo;\u00e9ch\u00e9ance 2025 de la Zone de Basses-\u00c9missions \u00e0 Bruxelles\"}]},{\"@type\":\"WebSite\",\"@id\":\"https:\\\/\\\/www.forbes.be\\\/fr\\\/#website\",\"url\":\"https:\\\/\\\/www.forbes.be\\\/fr\\\/\",\"name\":\"Forbes Belgique\",\"description\":\"\",\"publisher\":{\"@id\":\"https:\\\/\\\/www.forbes.be\\\/fr\\\/#organization\"},\"potentialAction\":[{\"@type\":\"SearchAction\",\"target\":{\"@type\":\"EntryPoint\",\"urlTemplate\":\"https:\\\/\\\/www.forbes.be\\\/fr\\\/?s={search_term_string}\"},\"query-input\":{\"@type\":\"PropertyValueSpecification\",\"valueRequired\":true,\"valueName\":\"search_term_string\"}}],\"inLanguage\":\"fr-FR\"},{\"@type\":\"Organization\",\"@id\":\"https:\\\/\\\/www.forbes.be\\\/fr\\\/#organization\",\"name\":\"Forbes Belgique\",\"url\":\"https:\\\/\\\/www.forbes.be\\\/fr\\\/\",\"logo\":{\"@type\":\"ImageObject\",\"inLanguage\":\"fr-FR\",\"@id\":\"https:\\\/\\\/www.forbes.be\\\/fr\\\/#\\\/schema\\\/logo\\\/image\\\/\",\"url\":\"https:\\\/\\\/www.forbes.be\\\/fr\\\/wp-content\\\/uploads\\\/2024\\\/02\\\/forbes.be_.png\",\"contentUrl\":\"https:\\\/\\\/www.forbes.be\\\/fr\\\/wp-content\\\/uploads\\\/2024\\\/02\\\/forbes.be_.png\",\"width\":1200,\"height\":675,\"caption\":\"Forbes Belgique\"},\"image\":{\"@id\":\"https:\\\/\\\/www.forbes.be\\\/fr\\\/#\\\/schema\\\/logo\\\/image\\\/\"},\"sameAs\":[\"https:\\\/\\\/www.facebook.com\\\/forbesbelgique\\\/\",\"https:\\\/\\\/www.instagram.com\\\/Forbes_Belgium\",\"https:\\\/\\\/www.linkedin.com\\\/company\\\/forbes-belgium\\\/\"]},{\"@type\":\"Person\",\"@id\":\"https:\\\/\\\/www.forbes.be\\\/fr\\\/#\\\/schema\\\/person\\\/22bfc3335e560f4084ef5af17ecdad87\",\"name\":\"Philippe Coul\u00e9e\",\"image\":{\"@type\":\"ImageObject\",\"inLanguage\":\"fr-FR\",\"@id\":\"https:\\\/\\\/www.forbes.be\\\/fr\\\/wp-content\\\/uploads\\\/2024\\\/01\\\/unnamed-150x150.jpg\",\"url\":\"https:\\\/\\\/www.forbes.be\\\/fr\\\/wp-content\\\/uploads\\\/2024\\\/01\\\/unnamed-150x150.jpg\",\"contentUrl\":\"https:\\\/\\\/www.forbes.be\\\/fr\\\/wp-content\\\/uploads\\\/2024\\\/01\\\/unnamed-150x150.jpg\",\"caption\":\"Philippe Coul\u00e9e\"},\"url\":\"https:\\\/\\\/www.forbes.be\\\/fr\\\/author\\\/philippe-couleeicloud-com\\\/\"}]}<\/script>\n<!-- \/ Yoast SEO plugin. -->","yoast_head_json":{"title":"La Cour Constitutionnelle r\u00e9tablit l'\u00e9ch\u00e9ance 2025 de la Zone de Basses-\u00c9missions \u00e0 Bruxelles | Forbes Belgique","description":"La Cour Constitutionnelle r\u00e9tablit l'\u00e9ch\u00e9ance 2025 de la Zone de Basses-\u00c9missions \u00e0 Bruxelles.","robots":{"index":"index","follow":"follow","max-snippet":"max-snippet:-1","max-image-preview":"max-image-preview:large","max-video-preview":"max-video-preview:-1"},"canonical":"https:\/\/www.forbes.be\/fr\/la-cour-constitutionnelle-retablit-lecheance-2025-de-la-zone-de-basses-emissions-a-bruxelles\/","og_locale":"fr_FR","og_type":"article","og_title":"La Cour Constitutionnelle r\u00e9tablit l'\u00e9ch\u00e9ance 2025 de la Zone de Basses-\u00c9missions \u00e0 Bruxelles | Forbes Belgique","og_description":"La Cour Constitutionnelle r\u00e9tablit l'\u00e9ch\u00e9ance 2025 de la Zone de Basses-\u00c9missions \u00e0 Bruxelles.","og_url":"https:\/\/www.forbes.be\/fr\/la-cour-constitutionnelle-retablit-lecheance-2025-de-la-zone-de-basses-emissions-a-bruxelles\/","og_site_name":"Forbes Belgique","article_publisher":"https:\/\/www.facebook.com\/forbesbelgique\/","article_published_time":"2025-12-11T17:27:25+00:00","article_modified_time":"2025-12-12T09:30:04+00:00","og_image":[{"width":2560,"height":1340,"url":"https:\/\/www.forbes.be\/fr\/wp-content\/uploads\/2025\/12\/capture-decran-2025-12-11-a-181231-scaled-e1765531791858.png","type":"image\/png"}],"author":"Philippe Coul\u00e9e","twitter_card":"summary_large_image","twitter_misc":{"\u00c9crit par":"Philippe Coul\u00e9e","Dur\u00e9e de lecture estim\u00e9e":"3 minutes"},"schema":{"@context":"https:\/\/schema.org","@graph":[{"@type":"NewsArticle","@id":"https:\/\/www.forbes.be\/fr\/la-cour-constitutionnelle-retablit-lecheance-2025-de-la-zone-de-basses-emissions-a-bruxelles\/#article","isPartOf":{"@id":"https:\/\/www.forbes.be\/fr\/la-cour-constitutionnelle-retablit-lecheance-2025-de-la-zone-de-basses-emissions-a-bruxelles\/"},"author":{"name":"Philippe Coul\u00e9e","@id":"https:\/\/www.forbes.be\/fr\/#\/schema\/person\/22bfc3335e560f4084ef5af17ecdad87"},"headline":"La Cour Constitutionnelle r\u00e9tablit l&rsquo;\u00e9ch\u00e9ance 2025 de la Zone de Basses-\u00c9missions \u00e0 Bruxelles","datePublished":"2025-12-11T17:27:25+00:00","dateModified":"2025-12-12T09:30:04+00:00","mainEntityOfPage":{"@id":"https:\/\/www.forbes.be\/fr\/la-cour-constitutionnelle-retablit-lecheance-2025-de-la-zone-de-basses-emissions-a-bruxelles\/"},"wordCount":431,"publisher":{"@id":"https:\/\/www.forbes.be\/fr\/#organization"},"image":{"@id":"https:\/\/www.forbes.be\/fr\/la-cour-constitutionnelle-retablit-lecheance-2025-de-la-zone-de-basses-emissions-a-bruxelles\/#primaryimage"},"thumbnailUrl":"https:\/\/www.forbes.be\/fr\/wp-content\/uploads\/2025\/12\/capture-decran-2025-12-11-a-181231-scaled-e1765531791858.png","articleSection":["Actualit\u00e9s","Automobile","Climat","Environnement","Politique","Soci\u00e9t\u00e9"],"inLanguage":"fr-FR"},{"@type":"WebPage","@id":"https:\/\/www.forbes.be\/fr\/la-cour-constitutionnelle-retablit-lecheance-2025-de-la-zone-de-basses-emissions-a-bruxelles\/","url":"https:\/\/www.forbes.be\/fr\/la-cour-constitutionnelle-retablit-lecheance-2025-de-la-zone-de-basses-emissions-a-bruxelles\/","name":"La Cour Constitutionnelle r\u00e9tablit l'\u00e9ch\u00e9ance 2025 de la Zone de Basses-\u00c9missions \u00e0 Bruxelles | Forbes Belgique","isPartOf":{"@id":"https:\/\/www.forbes.be\/fr\/#website"},"primaryImageOfPage":{"@id":"https:\/\/www.forbes.be\/fr\/la-cour-constitutionnelle-retablit-lecheance-2025-de-la-zone-de-basses-emissions-a-bruxelles\/#primaryimage"},"image":{"@id":"https:\/\/www.forbes.be\/fr\/la-cour-constitutionnelle-retablit-lecheance-2025-de-la-zone-de-basses-emissions-a-bruxelles\/#primaryimage"},"thumbnailUrl":"https:\/\/www.forbes.be\/fr\/wp-content\/uploads\/2025\/12\/capture-decran-2025-12-11-a-181231-scaled-e1765531791858.png","datePublished":"2025-12-11T17:27:25+00:00","dateModified":"2025-12-12T09:30:04+00:00","description":"La Cour Constitutionnelle r\u00e9tablit l'\u00e9ch\u00e9ance 2025 de la Zone de Basses-\u00c9missions \u00e0 Bruxelles.","breadcrumb":{"@id":"https:\/\/www.forbes.be\/fr\/la-cour-constitutionnelle-retablit-lecheance-2025-de-la-zone-de-basses-emissions-a-bruxelles\/#breadcrumb"},"inLanguage":"fr-FR","potentialAction":[{"@type":"ReadAction","target":["https:\/\/www.forbes.be\/fr\/la-cour-constitutionnelle-retablit-lecheance-2025-de-la-zone-de-basses-emissions-a-bruxelles\/"]}]},{"@type":"ImageObject","inLanguage":"fr-FR","@id":"https:\/\/www.forbes.be\/fr\/la-cour-constitutionnelle-retablit-lecheance-2025-de-la-zone-de-basses-emissions-a-bruxelles\/#primaryimage","url":"https:\/\/www.forbes.be\/fr\/wp-content\/uploads\/2025\/12\/capture-decran-2025-12-11-a-181231-scaled-e1765531791858.png","contentUrl":"https:\/\/www.forbes.be\/fr\/wp-content\/uploads\/2025\/12\/capture-decran-2025-12-11-a-181231-scaled-e1765531791858.png","width":2560,"height":1340},{"@type":"BreadcrumbList","@id":"https:\/\/www.forbes.be\/fr\/la-cour-constitutionnelle-retablit-lecheance-2025-de-la-zone-de-basses-emissions-a-bruxelles\/#breadcrumb","itemListElement":[{"@type":"ListItem","position":1,"name":"Accueil","item":"https:\/\/www.forbes.be\/fr\/"},{"@type":"ListItem","position":2,"name":"La Cour Constitutionnelle r\u00e9tablit l&rsquo;\u00e9ch\u00e9ance 2025 de la Zone de Basses-\u00c9missions \u00e0 Bruxelles"}]},{"@type":"WebSite","@id":"https:\/\/www.forbes.be\/fr\/#website","url":"https:\/\/www.forbes.be\/fr\/","name":"Forbes Belgique","description":"","publisher":{"@id":"https:\/\/www.forbes.be\/fr\/#organization"},"potentialAction":[{"@type":"SearchAction","target":{"@type":"EntryPoint","urlTemplate":"https:\/\/www.forbes.be\/fr\/?s={search_term_string}"},"query-input":{"@type":"PropertyValueSpecification","valueRequired":true,"valueName":"search_term_string"}}],"inLanguage":"fr-FR"},{"@type":"Organization","@id":"https:\/\/www.forbes.be\/fr\/#organization","name":"Forbes Belgique","url":"https:\/\/www.forbes.be\/fr\/","logo":{"@type":"ImageObject","inLanguage":"fr-FR","@id":"https:\/\/www.forbes.be\/fr\/#\/schema\/logo\/image\/","url":"https:\/\/www.forbes.be\/fr\/wp-content\/uploads\/2024\/02\/forbes.be_.png","contentUrl":"https:\/\/www.forbes.be\/fr\/wp-content\/uploads\/2024\/02\/forbes.be_.png","width":1200,"height":675,"caption":"Forbes Belgique"},"image":{"@id":"https:\/\/www.forbes.be\/fr\/#\/schema\/logo\/image\/"},"sameAs":["https:\/\/www.facebook.com\/forbesbelgique\/","https:\/\/www.instagram.com\/Forbes_Belgium","https:\/\/www.linkedin.com\/company\/forbes-belgium\/"]},{"@type":"Person","@id":"https:\/\/www.forbes.be\/fr\/#\/schema\/person\/22bfc3335e560f4084ef5af17ecdad87","name":"Philippe Coul\u00e9e","image":{"@type":"ImageObject","inLanguage":"fr-FR","@id":"https:\/\/www.forbes.be\/fr\/wp-content\/uploads\/2024\/01\/unnamed-150x150.jpg","url":"https:\/\/www.forbes.be\/fr\/wp-content\/uploads\/2024\/01\/unnamed-150x150.jpg","contentUrl":"https:\/\/www.forbes.be\/fr\/wp-content\/uploads\/2024\/01\/unnamed-150x150.jpg","caption":"Philippe Coul\u00e9e"},"url":"https:\/\/www.forbes.be\/fr\/author\/philippe-couleeicloud-com\/"}]}},"_links":{"self":[{"href":"https:\/\/www.forbes.be\/fr\/wp-json\/wp\/v2\/posts\/14094","targetHints":{"allow":["GET"]}}],"collection":[{"href":"https:\/\/www.forbes.be\/fr\/wp-json\/wp\/v2\/posts"}],"about":[{"href":"https:\/\/www.forbes.be\/fr\/wp-json\/wp\/v2\/types\/post"}],"author":[{"embeddable":true,"href":"https:\/\/www.forbes.be\/fr\/wp-json\/wp\/v2\/users\/15"}],"replies":[{"embeddable":true,"href":"https:\/\/www.forbes.be\/fr\/wp-json\/wp\/v2\/comments?post=14094"}],"version-history":[{"count":5,"href":"https:\/\/www.forbes.be\/fr\/wp-json\/wp\/v2\/posts\/14094\/revisions"}],"predecessor-version":[{"id":14102,"href":"https:\/\/www.forbes.be\/fr\/wp-json\/wp\/v2\/posts\/14094\/revisions\/14102"}],"wp:featuredmedia":[{"embeddable":true,"href":"https:\/\/www.forbes.be\/fr\/wp-json\/wp\/v2\/media\/14095"}],"wp:attachment":[{"href":"https:\/\/www.forbes.be\/fr\/wp-json\/wp\/v2\/media?parent=14094"}],"wp:term":[{"taxonomy":"category","embeddable":true,"href":"https:\/\/www.forbes.be\/fr\/wp-json\/wp\/v2\/categories?post=14094"},{"taxonomy":"post_tag","embeddable":true,"href":"https:\/\/www.forbes.be\/fr\/wp-json\/wp\/v2\/tags?post=14094"}],"curies":[{"name":"wp","href":"https:\/\/api.w.org\/{rel}","templated":true}]}}