{"id":14692,"date":"2026-01-09T06:12:56","date_gmt":"2026-01-09T05:12:56","guid":{"rendered":"https:\/\/www.forbes.be\/fr\/?p=14692"},"modified":"2026-01-12T09:54:45","modified_gmt":"2026-01-12T08:54:45","slug":"le-nouveau-exki-veut-se-refaire-un-nom-en-toute-franchise","status":"publish","type":"post","link":"https:\/\/www.forbes.be\/fr\/le-nouveau-exki-veut-se-refaire-un-nom-en-toute-franchise\/","title":{"rendered":"Le nouveau Exki veut se refaire un nom, en toute franchise"},"content":{"rendered":"<div><strong>E-X-K-I. Quatre lettres qui f\u00eatent leurs 25 ans d&rsquo;existence ce 9 janvier et qui ont r\u00e9ussi \u00e0 se faire un nom en Belgique francophone mais aussi en France. La cha\u00eene de restaurants \u00e0 l&rsquo;alimentation saine vient d&rsquo;annoncer une nouvelle identit\u00e9 graphique, avec un logo revu et une offre de restauration repens\u00e9e, afin de retrouver une place quelque peu perdue ces derni\u00e8res ann\u00e9es. Dans ce cadre, elle compte bien d\u00e9ployer son iconique carotte en Flandre et investir le digital. Rencontre avec son tout nouveau CEO.\u00a0<\/strong><\/div>\n<div><\/div>\n<div><\/div>\n<div><a href=\"https:\/\/fr.linkedin.com\/in\/xavier-royaux-9bab2115\">Xavier Royaux<\/a> est en effet entr\u00e9 r\u00e9cemment en fonction, au d\u00e9but du mois de d\u00e9cembre. A peine (et fraichement, tels les produits de la marque) install\u00e9, le patron fran\u00e7ais a pris le temps de communiquer sur ce nouveau <a href=\"https:\/\/www.exki.com\/fr\">Exki<\/a>. L&rsquo;homme n&rsquo;est <strong>pas un novice<\/strong> dans le secteur horeca, loin de l\u00e0. Apr\u00e8s une dizaine d&rsquo;ann\u00e9es dans le monde de la publicit\u00e9, sa carri\u00e8re l&rsquo;a emmen\u00e9 Apr\u00e8s une dizaine d&rsquo;ann\u00e9es dans le monde de la publicit\u00e9, sa carri\u00e8re l&rsquo;a emmen\u00e9\u00a0chez <strong>McDonald&rsquo;s France<\/strong> puis au sein du groupe h\u00f4telier fran\u00e7ais <strong>Accor<\/strong>, deux entreprises dont il a \u00e9t\u00e9 responsable du marketing.\u00a0Un profil qui a convaincu l&rsquo;actionnaire unique d&rsquo;Exki, le fonds d&rsquo;investissement Iris Belgium, de lui proposer le job. \u00ab\u00a0J&rsquo;ai l&rsquo;exp\u00e9rience des marques, de leur positionnement et de leur relance, de la transformation digitale, de l&rsquo;offre ou de l&rsquo;\u00e9volution vers le z\u00e9ro plastique\u00a0\u00bb, souligne-t-il dans un entretien avec Forbes Belgique.<\/div>\n<div><\/div>\n<div>Son ambition pour Exki, \u00ab\u00a0dont l&rsquo;ADN est n\u00e9 en Belgique\u00a0\u00bb, est simple: <strong>\u00ab\u00a0redonner \u00e0 la cha\u00eene la place qu&rsquo;elle a toujours m\u00e9rit\u00e9e\u00a0\u00bb<\/strong>. \u00ab\u00a0Elle l&rsquo;a tenue pendant un moment. L&rsquo;histoire a ensuite fait qu&rsquo;elle l&rsquo;a perdue, car la marque a souffert du Covid. Certains partis pris strat\u00e9giques ne se sont en outre pas av\u00e9r\u00e9s fructueux\u00a0\u00bb, analyse Xavier Royaux, avec la franchise qui le caract\u00e9rise.<\/div>\n<div><\/div>\n<div>\n<figure id=\"attachment_14695\" aria-describedby=\"caption-attachment-14695\" style=\"width: 1708px\" class=\"wp-caption aligncenter\"><img loading=\"lazy\" decoding=\"async\" class=\"wp-image-14695 size-full\" src=\"https:\/\/www.forbes.be\/fr\/wp-content\/uploads\/2026\/01\/exki-hr7-scaled.jpg\" alt=\"\" width=\"1708\" height=\"2560\" srcset=\"https:\/\/www.forbes.be\/fr\/wp-content\/uploads\/2026\/01\/exki-hr7-scaled.jpg 1708w, https:\/\/www.forbes.be\/fr\/wp-content\/uploads\/2026\/01\/exki-hr7-200x300.jpg 200w, https:\/\/www.forbes.be\/fr\/wp-content\/uploads\/2026\/01\/exki-hr7-683x1024.jpg 683w, https:\/\/www.forbes.be\/fr\/wp-content\/uploads\/2026\/01\/exki-hr7-768x1151.jpg 768w, https:\/\/www.forbes.be\/fr\/wp-content\/uploads\/2026\/01\/exki-hr7-1025x1536.jpg 1025w, https:\/\/www.forbes.be\/fr\/wp-content\/uploads\/2026\/01\/exki-hr7-1366x2048.jpg 1366w, https:\/\/www.forbes.be\/fr\/wp-content\/uploads\/2026\/01\/exki-hr7-696x1043.jpg 696w, https:\/\/www.forbes.be\/fr\/wp-content\/uploads\/2026\/01\/exki-hr7-1068x1601.jpg 1068w, https:\/\/www.forbes.be\/fr\/wp-content\/uploads\/2026\/01\/exki-hr7-1920x2879.jpg 1920w, https:\/\/www.forbes.be\/fr\/wp-content\/uploads\/2026\/01\/exki-hr7-600x900.jpg 600w\" sizes=\"auto, (max-width: 1708px) 100vw, 1708px\" \/><figcaption id=\"caption-attachment-14695\" class=\"wp-caption-text\">Xavier Royaux, CEO d&rsquo;Exki \u00a9 Exki<\/figcaption><\/figure>\n<\/div>\n<div><\/div>\n<div><\/div>\n<div>Il se souvient\u00a0de la rupture qu&rsquo;avait provoqu\u00e9e la cha\u00eene de restauration \u00e0 son arriv\u00e9e sur le march\u00e9 et qui lui avait donn\u00e9 toute sa pertinence. \u00ab\u00a0Une pertinence qu&rsquo;il faut remettre dans le cadre actuel. Or nous avons un tr\u00e8s bel avenir en Belgique. Nous sommes tr\u00e8s pr\u00e9sents au sud et \u00e0 Bruxelles. <strong>Place au nord du pays<\/strong>, o\u00f9 nous sommes actuellement inexistants si ce n&rsquo;est un restaurant \u00e0 Anvers et celui \u00e0 l&rsquo;a\u00e9roport de Zaventem\u00a0\u00bb, reconnait le patron, toujours aussi franc. Il n&rsquo;omet pas de mentionner une poursuite du d\u00e9veloppement en France.<\/div>\n<div><\/div>\n<div><\/div>\n<div>Exki compte actuellement <strong>70 restaurants \u00e0 travers cinq pays europ\u00e9ens<\/strong>, dont 34 en Belgique et 31 en France, et emploie 478 personnes. Un tiers des sites belges sont g\u00e9r\u00e9s par des ind\u00e9pendants. Un mod\u00e8le sur lequel Xavier Royaux compte s&rsquo;appuyer pour relancer l&rsquo;enseigne \u00e0 partir de ses bases belges et fran\u00e7aises. Des discussions exploratoires sont ainsi en cours avec un \u00ab\u00a0master franchis\u00e9\u00a0\u00bb pour ouvrir des restaurants en Flandre, \u00e0 l&rsquo;image de qui existe d\u00e9j\u00e0 en Wallonie. \u00ab\u00a0Cette strat\u00e9gie se mettre en route d\u00e8s 2026. Il est d\u00e8s lors encore trop t\u00f4t pour dire si des sites ouvriront au nord du pays cette ann\u00e9e.\u00a0\u00bb<\/div>\n<div><\/div>\n<div><\/div>\n<div>\u00ab\u00a0La <strong>franchise<\/strong> est en tous cas le <strong>chemin de la croissance<\/strong>\u00ab\u00a0, estime le CEO, qui n&rsquo;exclut pas de profiter de l&rsquo;une ou l&rsquo;autre opportunit\u00e9 pour ouvrir un restaurant en propre. \u00ab\u00a0C&rsquo;est le meilleur mod\u00e8le: on partage l&rsquo;investissement et le risque et on peut s&rsquo;appuyer sur l&rsquo;expertise et l&rsquo;investissement personnel des franchis\u00e9s, que ce soit en mati\u00e8re de temps, de pr\u00e9sence au travail, d&rsquo;application. De notre c\u00f4t\u00e9, nous apportons notre savoir-faire sur les produits, le digital, la marque ou en ce qui concerne les ressources humaines. C&rsquo;est un syst\u00e8me tr\u00e8s tr\u00e8s vertueux.\u00a0\u00bb<\/div>\n<div><\/div>\n<div><\/div>\n<div>\n<figure id=\"attachment_14698\" aria-describedby=\"caption-attachment-14698\" style=\"width: 1708px\" class=\"wp-caption aligncenter\"><img loading=\"lazy\" decoding=\"async\" class=\"wp-image-14698 size-full\" src=\"https:\/\/www.forbes.be\/fr\/wp-content\/uploads\/2026\/01\/exki-hr3-scaled.jpg\" alt=\"\" width=\"1708\" height=\"2560\" srcset=\"https:\/\/www.forbes.be\/fr\/wp-content\/uploads\/2026\/01\/exki-hr3-scaled.jpg 1708w, https:\/\/www.forbes.be\/fr\/wp-content\/uploads\/2026\/01\/exki-hr3-200x300.jpg 200w, https:\/\/www.forbes.be\/fr\/wp-content\/uploads\/2026\/01\/exki-hr3-683x1024.jpg 683w, https:\/\/www.forbes.be\/fr\/wp-content\/uploads\/2026\/01\/exki-hr3-768x1151.jpg 768w, https:\/\/www.forbes.be\/fr\/wp-content\/uploads\/2026\/01\/exki-hr3-1025x1536.jpg 1025w, https:\/\/www.forbes.be\/fr\/wp-content\/uploads\/2026\/01\/exki-hr3-1366x2048.jpg 1366w, https:\/\/www.forbes.be\/fr\/wp-content\/uploads\/2026\/01\/exki-hr3-696x1043.jpg 696w, https:\/\/www.forbes.be\/fr\/wp-content\/uploads\/2026\/01\/exki-hr3-1068x1601.jpg 1068w, https:\/\/www.forbes.be\/fr\/wp-content\/uploads\/2026\/01\/exki-hr3-1920x2879.jpg 1920w, https:\/\/www.forbes.be\/fr\/wp-content\/uploads\/2026\/01\/exki-hr3-600x900.jpg 600w\" sizes=\"auto, (max-width: 1708px) 100vw, 1708px\" \/><figcaption id=\"caption-attachment-14698\" class=\"wp-caption-text\">\u00a9 Exki<\/figcaption><\/figure>\n<\/div>\n<div><\/div>\n<div>La pr\u00e9sence en ligne sera l&rsquo;un des axes de cette nouvelle dynamique. \u00ab\u00a0Il faut <strong>mettre Exki \u00e0 l&rsquo;heure du digital<\/strong> et trouver notre place sur les r\u00e9seaux sociaux\u00a0\u00bb, lance Xavier Royaux.<\/div>\n<div><\/div>\n<div><\/div>\n<div>Le nouveau patron fran\u00e7ais compte bien passer du temps en Belgique pour apprendre de l&rsquo;exp\u00e9rience des g\u00e9rants et franchis\u00e9s et profiter de la relation qu&rsquo;ils ont nou\u00e9e avec les clients belges, en particulier pour les succursales install\u00e9es dans des centres commerciaux. En France, Exki s&rsquo;est plut\u00f4t sp\u00e9cialis\u00e9 dans le \u00ab\u00a0<strong>travel retail<\/strong>\u00a0\u00bb et est pr\u00e9sent, notamment, aux a\u00e9roports parisiens de Roissy et Orly et aux gares de Paris-Montparnasse, Paris-Nord et Marseille. La marque voudrait maintenant aussi s&rsquo;implanter dans <strong>le centre des villes<\/strong> de grande et de moyenne taille et entend bien tirer profit des deux axes de vente.<\/div>\n<div><\/div>\n<div><\/div>\n<div>Quant \u00e0 l&rsquo;<strong>offre food<\/strong>, elle a \u00e9t\u00e9 <strong>repens\u00e9e<\/strong>, pour \u00eatre plus fraiche et plus vari\u00e9e. \u00ab\u00a0Les consommateurs \u00e9voluent, leurs go\u00fbts aussi. Il faut s&rsquo;adapter.\u00a0\u00bb Les sandwiches seront d\u00e9sormais pr\u00e9par\u00e9s sur place \u00e0 partir de diff\u00e9rents types de pains (bagel, focaccia, tartine), plut\u00f4t que d&rsquo;\u00eatre pr\u00e9emball\u00e9s et mis en libre service, et les gaufres li\u00e9geoises seront cuites \u00e0 la minute. C\u00f4t\u00e9 boissons, l\u2019assortiment s\u2019enrichit de nouveaut\u00e9s au matcha ainsi que d\u2019un nouveau service caf\u00e9 offrant une exp\u00e9rience barista tout au long de la journ\u00e9e. Les fondamentaux que sont le chaud et les soupes et tartes sucr\u00e9es et sal\u00e9es ne sont \u00e9videmment pas oubli\u00e9s. Le tout avec des produits bio et le moins transform\u00e9s possible.<\/div>\n<div><\/div>\n<div>\n<figure id=\"attachment_14696\" aria-describedby=\"caption-attachment-14696\" style=\"width: 1708px\" class=\"wp-caption aligncenter\"><img loading=\"lazy\" decoding=\"async\" class=\"wp-image-14696 size-full\" src=\"https:\/\/www.forbes.be\/fr\/wp-content\/uploads\/2026\/01\/exki-hr22-scaled.jpg\" alt=\"\" width=\"1708\" height=\"2560\" srcset=\"https:\/\/www.forbes.be\/fr\/wp-content\/uploads\/2026\/01\/exki-hr22-scaled.jpg 1708w, https:\/\/www.forbes.be\/fr\/wp-content\/uploads\/2026\/01\/exki-hr22-200x300.jpg 200w, https:\/\/www.forbes.be\/fr\/wp-content\/uploads\/2026\/01\/exki-hr22-683x1024.jpg 683w, https:\/\/www.forbes.be\/fr\/wp-content\/uploads\/2026\/01\/exki-hr22-768x1151.jpg 768w, https:\/\/www.forbes.be\/fr\/wp-content\/uploads\/2026\/01\/exki-hr22-1025x1536.jpg 1025w, https:\/\/www.forbes.be\/fr\/wp-content\/uploads\/2026\/01\/exki-hr22-1366x2048.jpg 1366w, https:\/\/www.forbes.be\/fr\/wp-content\/uploads\/2026\/01\/exki-hr22-696x1043.jpg 696w, https:\/\/www.forbes.be\/fr\/wp-content\/uploads\/2026\/01\/exki-hr22-1068x1601.jpg 1068w, https:\/\/www.forbes.be\/fr\/wp-content\/uploads\/2026\/01\/exki-hr22-1920x2879.jpg 1920w, https:\/\/www.forbes.be\/fr\/wp-content\/uploads\/2026\/01\/exki-hr22-600x900.jpg 600w\" sizes=\"auto, (max-width: 1708px) 100vw, 1708px\" \/><figcaption id=\"caption-attachment-14696\" class=\"wp-caption-text\">\u00a9 Exki<\/figcaption><\/figure>\n<\/div>\n<div><\/div>\n<div>Cette nouvelle offre est d\u00e9j\u00e0 disponible dans deux points de vente \u00ab\u00a0new look\u00a0\u00bb: celui de la Bourse, \u00e0 Bruxelles, et celui, tout nouveau (et exploit\u00e9 en propre), du terminal Eurostar de la gare de Bruxelles-Midi. Les autres suivront le mouvement progressivement dans les ann\u00e9es \u00e0 venir et se doteront \u00e0 leur tour d&rsquo;une architecture int\u00e9rieure repens\u00e9e, avec des mat\u00e9riaux naturels et des structures en bois chaleureux, et un parcours client optimis\u00e9, gr\u00e2ce \u00e0 une pr\u00e9sentation claire des produits, des modules self-check-out et une approche modulaire adapt\u00e9e \u00e0 la vie urbaine et au travel retail.<\/div>\n<div><\/div>\n<div><\/div>\n<div>Ce rebanding et cette double inauguration marquent donc le d\u00e9but d\u2019une phase de relance et d\u2019expansion, annonc\u00e9e lors du r\u00e9cent changement de CEO et d\u00e9j\u00e0 init\u00e9e en janvier 2025 avec une augmentation de capital de 15 millions d&rsquo;euros de la part du d\u00e9sormais seul actionnaire, le fonds d&rsquo;investissement Iris Belgium. Car financi\u00e8rement, l&rsquo;enseigne se porte de mieux en mieux, apr\u00e8s plusieurs exercices en d\u00e9ficit dans la foul\u00e9e du Covid, et a <strong>retrouv\u00e9 l&rsquo;\u00e9quilibre en 2025<\/strong>. Le chiffre d&rsquo;affaires a atteint 127 millions d&rsquo;euros en rolling novembre, en progression par rapport aux 117 millions comptabilis\u00e9s sur l&rsquo;ensemble de l&rsquo;ann\u00e9e 2024.<\/div>\n<div><\/div>\n<div>\n<div><\/div>\n<\/div>\n<div><\/div>\n<div>\n<figure id=\"attachment_14697\" aria-describedby=\"caption-attachment-14697\" style=\"width: 457px\" class=\"wp-caption aligncenter\"><img loading=\"lazy\" decoding=\"async\" class=\" wp-image-14697\" src=\"https:\/\/www.forbes.be\/fr\/wp-content\/uploads\/2026\/01\/logo-exki-vert-fonce-300x138.jpg\" alt=\"\" width=\"457\" height=\"210\" srcset=\"https:\/\/www.forbes.be\/fr\/wp-content\/uploads\/2026\/01\/logo-exki-vert-fonce-300x138.jpg 300w, https:\/\/www.forbes.be\/fr\/wp-content\/uploads\/2026\/01\/logo-exki-vert-fonce-1024x470.jpg 1024w, https:\/\/www.forbes.be\/fr\/wp-content\/uploads\/2026\/01\/logo-exki-vert-fonce-768x352.jpg 768w, https:\/\/www.forbes.be\/fr\/wp-content\/uploads\/2026\/01\/logo-exki-vert-fonce-1536x705.jpg 1536w, https:\/\/www.forbes.be\/fr\/wp-content\/uploads\/2026\/01\/logo-exki-vert-fonce-2048x940.jpg 2048w, https:\/\/www.forbes.be\/fr\/wp-content\/uploads\/2026\/01\/logo-exki-vert-fonce-696x319.jpg 696w, https:\/\/www.forbes.be\/fr\/wp-content\/uploads\/2026\/01\/logo-exki-vert-fonce-1068x490.jpg 1068w, https:\/\/www.forbes.be\/fr\/wp-content\/uploads\/2026\/01\/logo-exki-vert-fonce-1920x881.jpg 1920w, https:\/\/www.forbes.be\/fr\/wp-content\/uploads\/2026\/01\/logo-exki-vert-fonce-600x275.jpg 600w\" sizes=\"auto, (max-width: 457px) 100vw, 457px\" \/><figcaption id=\"caption-attachment-14697\" class=\"wp-caption-text\">\u00a9 Exki<\/figcaption><\/figure>\n<\/div>\n<div><\/div>\n<div>De quoi donner des ailes \u00e0 la carotte d&rsquo;Exki pour aller voir si la terre est fertile en dehors des cinq pays actuels (Belgique, France, Pays-Bas, Luxembourg et Italie) ? Pour rappel, la cha\u00eene s&rsquo;\u00e9tait essay\u00e9e au march\u00e9 am\u00e9ricain avec deux restaurants \u00e0 New York, entre 2014 et 2017. La sauce n&rsquo;avait cependant pas pris. \u00ab\u00a0On visera un jour une port\u00e9e plus internationale encore. La marque a un potentiel tr\u00e8s grand\u00a0\u00bb, r\u00e9pond Xavier Royaux. \u00ab\u00a0Mais il est pr\u00e9matur\u00e9, \u00e0 ce stade, d&rsquo;aller plus loin que l&rsquo;Europe. Ce n&rsquo;est pas le moment de se disperser.\u00a0\u00bb<\/div>\n","protected":false},"excerpt":{"rendered":"<p>E-X-K-I. Quatre lettres qui f\u00eatent leurs 25 ans d&rsquo;existence ce 9 janvier et qui ont r\u00e9ussi \u00e0 se faire un nom en Belgique francophone mais aussi en France. La cha\u00eene de restaurants \u00e0 l&rsquo;alimentation saine vient d&rsquo;annoncer une nouvelle identit\u00e9 graphique, avec un logo revu et une offre de restauration repens\u00e9e, afin de retrouver une [&hellip;]<\/p>\n","protected":false},"author":37,"featured_media":14694,"comment_status":"closed","ping_status":"closed","sticky":false,"template":"","format":"standard","meta":{"_acf_changed":false,"inline_featured_image":false,"footnotes":""},"categories":[1,30],"tags":[],"class_list":{"0":"post-14692","1":"post","2":"type-post","3":"status-publish","4":"format-standard","5":"has-post-thumbnail","7":"category-actualite","8":"category-commerce"},"acf":[],"_yoast_wpseo_title":null,"_yoast_wpseo_metadesc":"Exki f\u00eate ses 25 ans d'existence et en profit\u00e9 pour revoir son image et l'offre que l'enseigne propose dans ses restaurants.","auteur_traducteur":"","yoast_head":"<!-- This site is optimized with the Yoast SEO plugin v27.4 - https:\/\/yoast.com\/product\/yoast-seo-wordpress\/ -->\n<title>Le nouveau Exki veut se refaire un nom, en toute franchise | Forbes Belgique<\/title>\n<meta name=\"description\" content=\"Exki f\u00eate ses 25 ans d&#039;existence et en profit\u00e9 pour revoir son image et l&#039;offre que l&#039;enseigne propose dans ses restaurants.\" \/>\n<meta name=\"robots\" content=\"index, follow, max-snippet:-1, max-image-preview:large, max-video-preview:-1\" \/>\n<link rel=\"canonical\" href=\"https:\/\/www.forbes.be\/fr\/le-nouveau-exki-veut-se-refaire-un-nom-en-toute-franchise\/\" \/>\n<meta property=\"og:locale\" content=\"fr_FR\" \/>\n<meta property=\"og:type\" content=\"article\" \/>\n<meta property=\"og:title\" content=\"Le nouveau Exki veut se refaire un nom, en toute franchise | Forbes Belgique\" \/>\n<meta property=\"og:description\" content=\"Exki f\u00eate ses 25 ans d&#039;existence et en profit\u00e9 pour revoir son image et l&#039;offre que l&#039;enseigne propose dans ses restaurants.\" \/>\n<meta property=\"og:url\" content=\"https:\/\/www.forbes.be\/fr\/le-nouveau-exki-veut-se-refaire-un-nom-en-toute-franchise\/\" \/>\n<meta property=\"og:site_name\" content=\"Forbes Belgique\" \/>\n<meta property=\"article:publisher\" content=\"https:\/\/www.facebook.com\/forbesbelgique\/\" \/>\n<meta property=\"article:published_time\" content=\"2026-01-09T05:12:56+00:00\" \/>\n<meta property=\"article:modified_time\" content=\"2026-01-12T08:54:45+00:00\" \/>\n<meta property=\"og:image\" content=\"https:\/\/www.forbes.be\/fr\/wp-content\/uploads\/2026\/01\/exki-hr2-scaled.jpg\" \/>\n\t<meta property=\"og:image:width\" content=\"2560\" \/>\n\t<meta property=\"og:image:height\" content=\"1708\" \/>\n\t<meta property=\"og:image:type\" content=\"image\/jpeg\" \/>\n<meta name=\"author\" content=\"Juan Godbille\" \/>\n<meta name=\"twitter:card\" content=\"summary_large_image\" \/>\n<meta name=\"twitter:label1\" content=\"\u00c9crit par\" \/>\n\t<meta name=\"twitter:data1\" content=\"Juan Godbille\" \/>\n\t<meta name=\"twitter:label2\" content=\"Dur\u00e9e de lecture estim\u00e9e\" \/>\n\t<meta name=\"twitter:data2\" content=\"7 minutes\" \/>\n<script type=\"application\/ld+json\" class=\"yoast-schema-graph\">{\"@context\":\"https:\\\/\\\/schema.org\",\"@graph\":[{\"@type\":\"NewsArticle\",\"@id\":\"https:\\\/\\\/www.forbes.be\\\/fr\\\/le-nouveau-exki-veut-se-refaire-un-nom-en-toute-franchise\\\/#article\",\"isPartOf\":{\"@id\":\"https:\\\/\\\/www.forbes.be\\\/fr\\\/le-nouveau-exki-veut-se-refaire-un-nom-en-toute-franchise\\\/\"},\"author\":{\"name\":\"Juan Godbille\",\"@id\":\"https:\\\/\\\/www.forbes.be\\\/fr\\\/#\\\/schema\\\/person\\\/0d449791ef6199da3d469eca714eb773\"},\"headline\":\"Le nouveau Exki veut se refaire un nom, en toute franchise\",\"datePublished\":\"2026-01-09T05:12:56+00:00\",\"dateModified\":\"2026-01-12T08:54:45+00:00\",\"mainEntityOfPage\":{\"@id\":\"https:\\\/\\\/www.forbes.be\\\/fr\\\/le-nouveau-exki-veut-se-refaire-un-nom-en-toute-franchise\\\/\"},\"wordCount\":1242,\"publisher\":{\"@id\":\"https:\\\/\\\/www.forbes.be\\\/fr\\\/#organization\"},\"image\":{\"@id\":\"https:\\\/\\\/www.forbes.be\\\/fr\\\/le-nouveau-exki-veut-se-refaire-un-nom-en-toute-franchise\\\/#primaryimage\"},\"thumbnailUrl\":\"https:\\\/\\\/www.forbes.be\\\/fr\\\/wp-content\\\/uploads\\\/2026\\\/01\\\/exki-hr2-scaled.jpg\",\"articleSection\":[\"Actualit\u00e9s\",\"Commerce\"],\"inLanguage\":\"fr-FR\"},{\"@type\":\"WebPage\",\"@id\":\"https:\\\/\\\/www.forbes.be\\\/fr\\\/le-nouveau-exki-veut-se-refaire-un-nom-en-toute-franchise\\\/\",\"url\":\"https:\\\/\\\/www.forbes.be\\\/fr\\\/le-nouveau-exki-veut-se-refaire-un-nom-en-toute-franchise\\\/\",\"name\":\"Le nouveau Exki veut se refaire un nom, en toute franchise | Forbes Belgique\",\"isPartOf\":{\"@id\":\"https:\\\/\\\/www.forbes.be\\\/fr\\\/#website\"},\"primaryImageOfPage\":{\"@id\":\"https:\\\/\\\/www.forbes.be\\\/fr\\\/le-nouveau-exki-veut-se-refaire-un-nom-en-toute-franchise\\\/#primaryimage\"},\"image\":{\"@id\":\"https:\\\/\\\/www.forbes.be\\\/fr\\\/le-nouveau-exki-veut-se-refaire-un-nom-en-toute-franchise\\\/#primaryimage\"},\"thumbnailUrl\":\"https:\\\/\\\/www.forbes.be\\\/fr\\\/wp-content\\\/uploads\\\/2026\\\/01\\\/exki-hr2-scaled.jpg\",\"datePublished\":\"2026-01-09T05:12:56+00:00\",\"dateModified\":\"2026-01-12T08:54:45+00:00\",\"description\":\"Exki f\u00eate ses 25 ans d'existence et en profit\u00e9 pour revoir son image et l'offre que l'enseigne propose dans ses restaurants.\",\"breadcrumb\":{\"@id\":\"https:\\\/\\\/www.forbes.be\\\/fr\\\/le-nouveau-exki-veut-se-refaire-un-nom-en-toute-franchise\\\/#breadcrumb\"},\"inLanguage\":\"fr-FR\",\"potentialAction\":[{\"@type\":\"ReadAction\",\"target\":[\"https:\\\/\\\/www.forbes.be\\\/fr\\\/le-nouveau-exki-veut-se-refaire-un-nom-en-toute-franchise\\\/\"]}]},{\"@type\":\"ImageObject\",\"inLanguage\":\"fr-FR\",\"@id\":\"https:\\\/\\\/www.forbes.be\\\/fr\\\/le-nouveau-exki-veut-se-refaire-un-nom-en-toute-franchise\\\/#primaryimage\",\"url\":\"https:\\\/\\\/www.forbes.be\\\/fr\\\/wp-content\\\/uploads\\\/2026\\\/01\\\/exki-hr2-scaled.jpg\",\"contentUrl\":\"https:\\\/\\\/www.forbes.be\\\/fr\\\/wp-content\\\/uploads\\\/2026\\\/01\\\/exki-hr2-scaled.jpg\",\"width\":2560,\"height\":1708,\"caption\":\"\u00a9 Exki\"},{\"@type\":\"BreadcrumbList\",\"@id\":\"https:\\\/\\\/www.forbes.be\\\/fr\\\/le-nouveau-exki-veut-se-refaire-un-nom-en-toute-franchise\\\/#breadcrumb\",\"itemListElement\":[{\"@type\":\"ListItem\",\"position\":1,\"name\":\"Accueil\",\"item\":\"https:\\\/\\\/www.forbes.be\\\/fr\\\/\"},{\"@type\":\"ListItem\",\"position\":2,\"name\":\"Le nouveau Exki veut se refaire un nom, en toute franchise\"}]},{\"@type\":\"WebSite\",\"@id\":\"https:\\\/\\\/www.forbes.be\\\/fr\\\/#website\",\"url\":\"https:\\\/\\\/www.forbes.be\\\/fr\\\/\",\"name\":\"Forbes Belgique\",\"description\":\"\",\"publisher\":{\"@id\":\"https:\\\/\\\/www.forbes.be\\\/fr\\\/#organization\"},\"potentialAction\":[{\"@type\":\"SearchAction\",\"target\":{\"@type\":\"EntryPoint\",\"urlTemplate\":\"https:\\\/\\\/www.forbes.be\\\/fr\\\/?s={search_term_string}\"},\"query-input\":{\"@type\":\"PropertyValueSpecification\",\"valueRequired\":true,\"valueName\":\"search_term_string\"}}],\"inLanguage\":\"fr-FR\"},{\"@type\":\"Organization\",\"@id\":\"https:\\\/\\\/www.forbes.be\\\/fr\\\/#organization\",\"name\":\"Forbes Belgique\",\"url\":\"https:\\\/\\\/www.forbes.be\\\/fr\\\/\",\"logo\":{\"@type\":\"ImageObject\",\"inLanguage\":\"fr-FR\",\"@id\":\"https:\\\/\\\/www.forbes.be\\\/fr\\\/#\\\/schema\\\/logo\\\/image\\\/\",\"url\":\"https:\\\/\\\/www.forbes.be\\\/fr\\\/wp-content\\\/uploads\\\/2024\\\/02\\\/forbes.be_.png\",\"contentUrl\":\"https:\\\/\\\/www.forbes.be\\\/fr\\\/wp-content\\\/uploads\\\/2024\\\/02\\\/forbes.be_.png\",\"width\":1200,\"height\":675,\"caption\":\"Forbes Belgique\"},\"image\":{\"@id\":\"https:\\\/\\\/www.forbes.be\\\/fr\\\/#\\\/schema\\\/logo\\\/image\\\/\"},\"sameAs\":[\"https:\\\/\\\/www.facebook.com\\\/forbesbelgique\\\/\",\"https:\\\/\\\/www.instagram.com\\\/Forbes_Belgium\",\"https:\\\/\\\/www.linkedin.com\\\/company\\\/forbes-belgium\\\/\"]},{\"@type\":\"Person\",\"@id\":\"https:\\\/\\\/www.forbes.be\\\/fr\\\/#\\\/schema\\\/person\\\/0d449791ef6199da3d469eca714eb773\",\"name\":\"Juan Godbille\",\"image\":{\"@type\":\"ImageObject\",\"inLanguage\":\"fr-FR\",\"@id\":\"https:\\\/\\\/secure.gravatar.com\\\/avatar\\\/de6d740453251c69ae34e42cfef9688bc2a5c942d7cab09074e7064fbac13ac9?s=96&d=mm&r=g\",\"url\":\"https:\\\/\\\/secure.gravatar.com\\\/avatar\\\/de6d740453251c69ae34e42cfef9688bc2a5c942d7cab09074e7064fbac13ac9?s=96&d=mm&r=g\",\"contentUrl\":\"https:\\\/\\\/secure.gravatar.com\\\/avatar\\\/de6d740453251c69ae34e42cfef9688bc2a5c942d7cab09074e7064fbac13ac9?s=96&d=mm&r=g\",\"caption\":\"Juan Godbille\"},\"url\":\"https:\\\/\\\/www.forbes.be\\\/fr\\\/author\\\/juan-godbille\\\/\"}]}<\/script>\n<!-- \/ Yoast SEO plugin. -->","yoast_head_json":{"title":"Le nouveau Exki veut se refaire un nom, en toute franchise | Forbes Belgique","description":"Exki f\u00eate ses 25 ans d'existence et en profit\u00e9 pour revoir son image et l'offre que l'enseigne propose dans ses restaurants.","robots":{"index":"index","follow":"follow","max-snippet":"max-snippet:-1","max-image-preview":"max-image-preview:large","max-video-preview":"max-video-preview:-1"},"canonical":"https:\/\/www.forbes.be\/fr\/le-nouveau-exki-veut-se-refaire-un-nom-en-toute-franchise\/","og_locale":"fr_FR","og_type":"article","og_title":"Le nouveau Exki veut se refaire un nom, en toute franchise | Forbes Belgique","og_description":"Exki f\u00eate ses 25 ans d'existence et en profit\u00e9 pour revoir son image et l'offre que l'enseigne propose dans ses restaurants.","og_url":"https:\/\/www.forbes.be\/fr\/le-nouveau-exki-veut-se-refaire-un-nom-en-toute-franchise\/","og_site_name":"Forbes Belgique","article_publisher":"https:\/\/www.facebook.com\/forbesbelgique\/","article_published_time":"2026-01-09T05:12:56+00:00","article_modified_time":"2026-01-12T08:54:45+00:00","og_image":[{"width":2560,"height":1708,"url":"https:\/\/www.forbes.be\/fr\/wp-content\/uploads\/2026\/01\/exki-hr2-scaled.jpg","type":"image\/jpeg"}],"author":"Juan Godbille","twitter_card":"summary_large_image","twitter_misc":{"\u00c9crit par":"Juan Godbille","Dur\u00e9e de lecture estim\u00e9e":"7 minutes"},"schema":{"@context":"https:\/\/schema.org","@graph":[{"@type":"NewsArticle","@id":"https:\/\/www.forbes.be\/fr\/le-nouveau-exki-veut-se-refaire-un-nom-en-toute-franchise\/#article","isPartOf":{"@id":"https:\/\/www.forbes.be\/fr\/le-nouveau-exki-veut-se-refaire-un-nom-en-toute-franchise\/"},"author":{"name":"Juan Godbille","@id":"https:\/\/www.forbes.be\/fr\/#\/schema\/person\/0d449791ef6199da3d469eca714eb773"},"headline":"Le nouveau Exki veut se refaire un nom, en toute franchise","datePublished":"2026-01-09T05:12:56+00:00","dateModified":"2026-01-12T08:54:45+00:00","mainEntityOfPage":{"@id":"https:\/\/www.forbes.be\/fr\/le-nouveau-exki-veut-se-refaire-un-nom-en-toute-franchise\/"},"wordCount":1242,"publisher":{"@id":"https:\/\/www.forbes.be\/fr\/#organization"},"image":{"@id":"https:\/\/www.forbes.be\/fr\/le-nouveau-exki-veut-se-refaire-un-nom-en-toute-franchise\/#primaryimage"},"thumbnailUrl":"https:\/\/www.forbes.be\/fr\/wp-content\/uploads\/2026\/01\/exki-hr2-scaled.jpg","articleSection":["Actualit\u00e9s","Commerce"],"inLanguage":"fr-FR"},{"@type":"WebPage","@id":"https:\/\/www.forbes.be\/fr\/le-nouveau-exki-veut-se-refaire-un-nom-en-toute-franchise\/","url":"https:\/\/www.forbes.be\/fr\/le-nouveau-exki-veut-se-refaire-un-nom-en-toute-franchise\/","name":"Le nouveau Exki veut se refaire un nom, en toute franchise | Forbes Belgique","isPartOf":{"@id":"https:\/\/www.forbes.be\/fr\/#website"},"primaryImageOfPage":{"@id":"https:\/\/www.forbes.be\/fr\/le-nouveau-exki-veut-se-refaire-un-nom-en-toute-franchise\/#primaryimage"},"image":{"@id":"https:\/\/www.forbes.be\/fr\/le-nouveau-exki-veut-se-refaire-un-nom-en-toute-franchise\/#primaryimage"},"thumbnailUrl":"https:\/\/www.forbes.be\/fr\/wp-content\/uploads\/2026\/01\/exki-hr2-scaled.jpg","datePublished":"2026-01-09T05:12:56+00:00","dateModified":"2026-01-12T08:54:45+00:00","description":"Exki f\u00eate ses 25 ans d'existence et en profit\u00e9 pour revoir son image et l'offre que l'enseigne propose dans ses restaurants.","breadcrumb":{"@id":"https:\/\/www.forbes.be\/fr\/le-nouveau-exki-veut-se-refaire-un-nom-en-toute-franchise\/#breadcrumb"},"inLanguage":"fr-FR","potentialAction":[{"@type":"ReadAction","target":["https:\/\/www.forbes.be\/fr\/le-nouveau-exki-veut-se-refaire-un-nom-en-toute-franchise\/"]}]},{"@type":"ImageObject","inLanguage":"fr-FR","@id":"https:\/\/www.forbes.be\/fr\/le-nouveau-exki-veut-se-refaire-un-nom-en-toute-franchise\/#primaryimage","url":"https:\/\/www.forbes.be\/fr\/wp-content\/uploads\/2026\/01\/exki-hr2-scaled.jpg","contentUrl":"https:\/\/www.forbes.be\/fr\/wp-content\/uploads\/2026\/01\/exki-hr2-scaled.jpg","width":2560,"height":1708,"caption":"\u00a9 Exki"},{"@type":"BreadcrumbList","@id":"https:\/\/www.forbes.be\/fr\/le-nouveau-exki-veut-se-refaire-un-nom-en-toute-franchise\/#breadcrumb","itemListElement":[{"@type":"ListItem","position":1,"name":"Accueil","item":"https:\/\/www.forbes.be\/fr\/"},{"@type":"ListItem","position":2,"name":"Le nouveau Exki veut se refaire un nom, en toute franchise"}]},{"@type":"WebSite","@id":"https:\/\/www.forbes.be\/fr\/#website","url":"https:\/\/www.forbes.be\/fr\/","name":"Forbes Belgique","description":"","publisher":{"@id":"https:\/\/www.forbes.be\/fr\/#organization"},"potentialAction":[{"@type":"SearchAction","target":{"@type":"EntryPoint","urlTemplate":"https:\/\/www.forbes.be\/fr\/?s={search_term_string}"},"query-input":{"@type":"PropertyValueSpecification","valueRequired":true,"valueName":"search_term_string"}}],"inLanguage":"fr-FR"},{"@type":"Organization","@id":"https:\/\/www.forbes.be\/fr\/#organization","name":"Forbes Belgique","url":"https:\/\/www.forbes.be\/fr\/","logo":{"@type":"ImageObject","inLanguage":"fr-FR","@id":"https:\/\/www.forbes.be\/fr\/#\/schema\/logo\/image\/","url":"https:\/\/www.forbes.be\/fr\/wp-content\/uploads\/2024\/02\/forbes.be_.png","contentUrl":"https:\/\/www.forbes.be\/fr\/wp-content\/uploads\/2024\/02\/forbes.be_.png","width":1200,"height":675,"caption":"Forbes Belgique"},"image":{"@id":"https:\/\/www.forbes.be\/fr\/#\/schema\/logo\/image\/"},"sameAs":["https:\/\/www.facebook.com\/forbesbelgique\/","https:\/\/www.instagram.com\/Forbes_Belgium","https:\/\/www.linkedin.com\/company\/forbes-belgium\/"]},{"@type":"Person","@id":"https:\/\/www.forbes.be\/fr\/#\/schema\/person\/0d449791ef6199da3d469eca714eb773","name":"Juan Godbille","image":{"@type":"ImageObject","inLanguage":"fr-FR","@id":"https:\/\/secure.gravatar.com\/avatar\/de6d740453251c69ae34e42cfef9688bc2a5c942d7cab09074e7064fbac13ac9?s=96&d=mm&r=g","url":"https:\/\/secure.gravatar.com\/avatar\/de6d740453251c69ae34e42cfef9688bc2a5c942d7cab09074e7064fbac13ac9?s=96&d=mm&r=g","contentUrl":"https:\/\/secure.gravatar.com\/avatar\/de6d740453251c69ae34e42cfef9688bc2a5c942d7cab09074e7064fbac13ac9?s=96&d=mm&r=g","caption":"Juan Godbille"},"url":"https:\/\/www.forbes.be\/fr\/author\/juan-godbille\/"}]}},"_links":{"self":[{"href":"https:\/\/www.forbes.be\/fr\/wp-json\/wp\/v2\/posts\/14692","targetHints":{"allow":["GET"]}}],"collection":[{"href":"https:\/\/www.forbes.be\/fr\/wp-json\/wp\/v2\/posts"}],"about":[{"href":"https:\/\/www.forbes.be\/fr\/wp-json\/wp\/v2\/types\/post"}],"author":[{"embeddable":true,"href":"https:\/\/www.forbes.be\/fr\/wp-json\/wp\/v2\/users\/37"}],"replies":[{"embeddable":true,"href":"https:\/\/www.forbes.be\/fr\/wp-json\/wp\/v2\/comments?post=14692"}],"version-history":[{"count":5,"href":"https:\/\/www.forbes.be\/fr\/wp-json\/wp\/v2\/posts\/14692\/revisions"}],"predecessor-version":[{"id":14734,"href":"https:\/\/www.forbes.be\/fr\/wp-json\/wp\/v2\/posts\/14692\/revisions\/14734"}],"wp:featuredmedia":[{"embeddable":true,"href":"https:\/\/www.forbes.be\/fr\/wp-json\/wp\/v2\/media\/14694"}],"wp:attachment":[{"href":"https:\/\/www.forbes.be\/fr\/wp-json\/wp\/v2\/media?parent=14692"}],"wp:term":[{"taxonomy":"category","embeddable":true,"href":"https:\/\/www.forbes.be\/fr\/wp-json\/wp\/v2\/categories?post=14692"},{"taxonomy":"post_tag","embeddable":true,"href":"https:\/\/www.forbes.be\/fr\/wp-json\/wp\/v2\/tags?post=14692"}],"curies":[{"name":"wp","href":"https:\/\/api.w.org\/{rel}","templated":true}]}}