{"id":14766,"date":"2026-01-14T09:38:10","date_gmt":"2026-01-14T08:38:10","guid":{"rendered":"https:\/\/www.forbes.be\/fr\/?p=14766"},"modified":"2026-01-15T14:05:13","modified_gmt":"2026-01-15T13:05:13","slug":"un-skieur-belge-proche-du-sommet","status":"publish","type":"post","link":"https:\/\/www.forbes.be\/fr\/un-skieur-belge-proche-du-sommet\/","title":{"rendered":"Un skieur belge proche du sommet"},"content":{"rendered":"<p><strong>Auteur d&rsquo;un premier podium et d&rsquo;une 2e place fin novembre en slalom sp\u00e9cial, une performance historique pour un skieur belge, le Li\u00e9geoise Armand Marchant aborde les prochains Jeux Olympiques d&rsquo;hiver de Milan (du 6 au 22 f\u00e9vrier), avec confiance, s\u00e9r\u00e9nit\u00e9, et, pourquoi pas ? avec un espoir de m\u00e9daille&#8230; Ce qui constituerait une autre grande premi\u00e8re pour le ski belge !<\/strong><\/p>\n<p><strong>Forbes.be &#8211; Qu&rsquo;esp\u00e9rez-vous de ces Jeux Olympiques ?<\/strong><br \/>\n<strong>Armand Marchant &#8211;<\/strong> Je n&rsquo;ai pas un tr\u00e8s bon souvenir des derniers <strong>Jeux Olympiques<\/strong> en Chine : \u00e9tant arriv\u00e9 l\u00e0-bas bless\u00e9 \u00e0 la cheville, je n&rsquo;ai pu vraiment me livrer \u00e0 100%. Ce fut l&rsquo;une de mes plus grosses d\u00e9ceptions de ma carri\u00e8re. Mon but, dans un premier temps, est donc me r\u00e9concilier avec les <strong>JO<\/strong>, en tout cas d&rsquo;en retirer une exp\u00e9rience positive et de profiter du plus bel \u00e9v\u00e9nement sportif au monde en \u00e9tant au top de mes capacit\u00e9s et en pouvant livrer une belle prestation. Ensuite, mes jeux seraient pleinement r\u00e9ussis si je parvenais \u00e0 fournir deux tr\u00e8s belles manches de ski, montrer mon plein potentiel au monde entier et, qui sait, voir jusqu&rsquo;o\u00f9 \u00e7a peut me mener.<\/p>\n<p><strong>&#8211; Une m\u00e9daille ?<br \/>\n&#8211;<\/strong> Si les conditions sont favorables et que le ski est plus qu&rsquo;en place, je peux peut-\u00eatre ne pas en \u00eatre loin. Tout d\u00e9pendra de la position dans laquelle je d\u00e9marrerais, de la m\u00e9t\u00e9o, de la neige. De nombreux facteurs entre en jeu, comme utiliser le bon mat\u00e9riel, qui doivent \u00eatre align\u00e9s pour que les chances de m\u00e9daille soient les plus grandes. Pour les am\u00e9liorer, je dois continuer \u00e0 marquer des points \u00e0 la Coupe du Monde et am\u00e9liorer mon dossard ; plus on a un meilleur dossard, plus les chances de m\u00e9daille augmentent. Actuellement (<em>l&rsquo;interview date de mi-d\u00e9cembren ndlr<\/em>), je me vois attribuer le 17 en Coupe du Monde, lequel me place dans une position d&rsquo;outsider, \u00e0 la limite du top 15 (<em>Armand a sign\u00e9 depuis une sixi\u00e8me place \u00e0 Madonna di Campiglio et dixi\u00e8me, une dixi\u00e8me \u00e0 Adelboden d\u00e9but janvier, ndlr<\/em>).<\/p>\n<figure id=\"attachment_14785\" aria-describedby=\"caption-attachment-14785\" style=\"width: 1170px\" class=\"wp-caption alignnone\"><img loading=\"lazy\" decoding=\"async\" class=\"size-full wp-image-14785\" src=\"https:\/\/www.forbes.be\/fr\/wp-content\/uploads\/2026\/01\/image0-1.jpeg\" alt=\"\" width=\"1170\" height=\"1410\" srcset=\"https:\/\/www.forbes.be\/fr\/wp-content\/uploads\/2026\/01\/image0-1.jpeg 1170w, https:\/\/www.forbes.be\/fr\/wp-content\/uploads\/2026\/01\/image0-1-249x300.jpeg 249w, https:\/\/www.forbes.be\/fr\/wp-content\/uploads\/2026\/01\/image0-1-850x1024.jpeg 850w, https:\/\/www.forbes.be\/fr\/wp-content\/uploads\/2026\/01\/image0-1-768x926.jpeg 768w, https:\/\/www.forbes.be\/fr\/wp-content\/uploads\/2026\/01\/image0-1-696x839.jpeg 696w, https:\/\/www.forbes.be\/fr\/wp-content\/uploads\/2026\/01\/image0-1-1068x1287.jpeg 1068w, https:\/\/www.forbes.be\/fr\/wp-content\/uploads\/2026\/01\/image0-1-600x723.jpeg 600w\" sizes=\"auto, (max-width: 1170px) 100vw, 1170px\" \/><figcaption id=\"caption-attachment-14785\" class=\"wp-caption-text\">\u00a9 DR<\/figcaption><\/figure>\n<p><strong>&#8211; Le fait que les Jeux se d\u00e9roulent en Italie, et pas en Chine peut-il vous \u00eatre favorable ?<br \/>\n&#8211;<\/strong> Non, cela ne change pas grand-chose, parce qu&rsquo;aucun concurrent de slalom ne conna\u00eet cette piste de Bormio. Le seul avantage se situe au niveau de d\u00e9penses \u00e9nerg\u00e9tiques, puisque le voyage sera moins fatiguant.<\/p>\n<p><strong>&#8211; Le grave accident dont vous avez \u00e9t\u00e9 victime il y a quelques ann\u00e9es, vous a-t-il rendu plus fort ?<\/strong><br \/>\n<strong>&#8211;<\/strong> Clairement. Ce fut une sacr\u00e9e \u00e9preuve dans ma carri\u00e8re : deux ans sans <strong>ski<\/strong>, et quasiment trois ans sans comp\u00e9tition. J&rsquo;ai \u00e9norm\u00e9ment dout\u00e9 durant cette p\u00e9riode. Mais j&rsquo;ai tout fait pour revenir. Ce retour me donne une confiance et \u00e9galement une d\u00e9termination d&rsquo;autant plus grandes vis-\u00e0-vis d&rsquo;un objectif. Cela m&rsquo;a fait grandir dans tous les sens du terme : je venais d&rsquo;avoir 19 ans, et les deux ann\u00e9es de revalidation co\u00efncident \u00e0 des ann\u00e9es charni\u00e8res dans la vie d&rsquo;un jeune homme qui devient adulte. C&rsquo;est ce qui forge aussi et rend le parcours encore plus beau.<\/p>\n<p><strong>&#8211; Vous avez 28 ans, le pic de forme physique pour un athl\u00e8te, donc un \u00e2ge id\u00e9al pour participer aux Jeux Olympiques ?<\/strong><br \/>\n<strong>&#8211;<\/strong> Oui. Ceci dit, en <strong>ski alpin<\/strong>, m\u00eame les<strong> skieurs<\/strong> un peu plus \u00e2g\u00e9s peuvent faire des performances&#8230; Chacun conna\u00eet un pic de maturit\u00e9 propre : certains arrivent tr\u00e8s t\u00f4t sur le circuit, et repartent aussi un peu pr\u00e9matur\u00e9ment ; d&rsquo;autres arrivent un peu plus tard&#8230; Tout d\u00e9pend du parcours de chacun&#8230; Physiquement, j&rsquo;arrive vraiment \u00e0 ma maturit\u00e9 physique. Mais le <strong>ski<\/strong>, ce n&rsquo;est pas que du physique, mais \u00e9galement \u00e9norm\u00e9ment de technique, d&rsquo;exp\u00e9rience&#8230; d&rsquo;apprentissage. Cette blessure m&rsquo;a \u00e9loign\u00e9 du circuit pendant deux-trois ans \u00e0 un \u00e2ge o\u00f9 l&rsquo;on est une vraie \u00e9ponge \u00e0 exp\u00e9rience, exp\u00e9rience que je n&rsquo;ai pas pu conna\u00eetre : j&rsquo;aime \u00e0 dire que si j&rsquo;ai 28 ans, je n&rsquo;en ai que 26 ans en termes d&rsquo;exp\u00e9rience au niveau <strong>ski<\/strong>&#8230;<\/p>\n<p><strong>&#8211; Cette deuxi\u00e8me place fin novembre f\u00fbt-elle d\u00e9j\u00e0 une sorte de cons\u00e9cration dans votre carri\u00e8re ?<\/strong><br \/>\n<strong>&#8211;<\/strong> Non, du tout. Je travaille pour ce genre de r\u00e9sultat, que j&rsquo;ai envie de r\u00e9p\u00e9ter et auquel j&rsquo;aspire : mon but est d&rsquo;atteindre r\u00e9guli\u00e8rement ce genre de performance. Pour ce faire, il faut que je sois encore plus r\u00e9gulier dans les courses de coupe du monde : marquer encore plus de points, entrer dans le top 15, ce qui augmentera mon capital chance de faire des podiums tr\u00e8s r\u00e9guli\u00e8rement ; lorsque vous rentrez dans le top 7, c&rsquo;est quasiment un pr\u00e9requis que de r\u00e9aliser le podium \u00e0 chaque course.<\/p>\n","protected":false},"excerpt":{"rendered":"<p>Auteur d&rsquo;un premier podium et d&rsquo;une 2e place fin novembre en slalom sp\u00e9cial, une performance historique pour un skieur belge, le Li\u00e9geoise Armand Marchant aborde les prochains Jeux Olympiques d&rsquo;hiver de Milan (du 6 au 22 f\u00e9vrier), avec confiance, s\u00e9r\u00e9nit\u00e9, et, pourquoi pas ? avec un espoir de m\u00e9daille&#8230; Ce qui constituerait une autre grande [&hellip;]<\/p>\n","protected":false},"author":61,"featured_media":14784,"comment_status":"closed","ping_status":"closed","sticky":false,"template":"","format":"standard","meta":{"_acf_changed":false,"inline_featured_image":false,"footnotes":""},"categories":[1,28],"tags":[],"class_list":{"0":"post-14766","1":"post","2":"type-post","3":"status-publish","4":"format-standard","5":"has-post-thumbnail","7":"category-actualite","8":"category-sports"},"acf":[],"_yoast_wpseo_title":null,"_yoast_wpseo_metadesc":"Premier podium historique en slalom, Armand Marchant aborde les Jeux olympiques d\u2019hiver avec ambition, lucidit\u00e9 et espoir de m\u00e9daille pour la Belgique.","auteur_traducteur":"","yoast_head":"<!-- This site is optimized with the Yoast SEO plugin v27.4 - https:\/\/yoast.com\/product\/yoast-seo-wordpress\/ -->\n<title>Un skieur belge proche du sommet | Forbes Belgique<\/title>\n<meta name=\"description\" content=\"Premier podium historique en slalom, Armand Marchant aborde les Jeux olympiques d\u2019hiver avec ambition, lucidit\u00e9 et espoir de m\u00e9daille pour la Belgique.\" \/>\n<meta name=\"robots\" content=\"index, follow, max-snippet:-1, max-image-preview:large, max-video-preview:-1\" \/>\n<link rel=\"canonical\" href=\"https:\/\/www.forbes.be\/fr\/un-skieur-belge-proche-du-sommet\/\" \/>\n<meta property=\"og:locale\" content=\"fr_FR\" \/>\n<meta property=\"og:type\" content=\"article\" \/>\n<meta property=\"og:title\" content=\"Un skieur belge proche du sommet | Forbes Belgique\" \/>\n<meta property=\"og:description\" content=\"Premier podium historique en slalom, Armand Marchant aborde les Jeux olympiques d\u2019hiver avec ambition, lucidit\u00e9 et espoir de m\u00e9daille pour la Belgique.\" \/>\n<meta property=\"og:url\" content=\"https:\/\/www.forbes.be\/fr\/un-skieur-belge-proche-du-sommet\/\" \/>\n<meta property=\"og:site_name\" content=\"Forbes Belgique\" \/>\n<meta property=\"article:publisher\" content=\"https:\/\/www.facebook.com\/forbesbelgique\/\" \/>\n<meta property=\"article:published_time\" content=\"2026-01-14T08:38:10+00:00\" \/>\n<meta property=\"article:modified_time\" content=\"2026-01-15T13:05:13+00:00\" \/>\n<meta property=\"og:image\" content=\"https:\/\/www.forbes.be\/fr\/wp-content\/uploads\/2026\/01\/image1-1-scaled-e1768379848605.jpeg\" \/>\n\t<meta property=\"og:image:width\" content=\"1920\" \/>\n\t<meta property=\"og:image:height\" content=\"1007\" \/>\n\t<meta property=\"og:image:type\" content=\"image\/jpeg\" \/>\n<meta name=\"author\" content=\"Bernard Roisin\" \/>\n<meta name=\"twitter:card\" content=\"summary_large_image\" \/>\n<meta name=\"twitter:label1\" content=\"\u00c9crit par\" \/>\n\t<meta name=\"twitter:data1\" content=\"Bernard Roisin\" \/>\n\t<meta name=\"twitter:label2\" content=\"Dur\u00e9e de lecture estim\u00e9e\" \/>\n\t<meta name=\"twitter:data2\" content=\"5 minutes\" \/>\n<script type=\"application\/ld+json\" class=\"yoast-schema-graph\">{\"@context\":\"https:\\\/\\\/schema.org\",\"@graph\":[{\"@type\":\"NewsArticle\",\"@id\":\"https:\\\/\\\/www.forbes.be\\\/fr\\\/un-skieur-belge-proche-du-sommet\\\/#article\",\"isPartOf\":{\"@id\":\"https:\\\/\\\/www.forbes.be\\\/fr\\\/un-skieur-belge-proche-du-sommet\\\/\"},\"author\":{\"name\":\"Bernard Roisin\",\"@id\":\"https:\\\/\\\/www.forbes.be\\\/fr\\\/#\\\/schema\\\/person\\\/b3a8f83af9b2a70d3136651ae382bedd\"},\"headline\":\"Un skieur belge proche du sommet\",\"datePublished\":\"2026-01-14T08:38:10+00:00\",\"dateModified\":\"2026-01-15T13:05:13+00:00\",\"mainEntityOfPage\":{\"@id\":\"https:\\\/\\\/www.forbes.be\\\/fr\\\/un-skieur-belge-proche-du-sommet\\\/\"},\"wordCount\":814,\"publisher\":{\"@id\":\"https:\\\/\\\/www.forbes.be\\\/fr\\\/#organization\"},\"image\":{\"@id\":\"https:\\\/\\\/www.forbes.be\\\/fr\\\/un-skieur-belge-proche-du-sommet\\\/#primaryimage\"},\"thumbnailUrl\":\"https:\\\/\\\/www.forbes.be\\\/fr\\\/wp-content\\\/uploads\\\/2026\\\/01\\\/image1-1-scaled-e1768379848605.jpeg\",\"articleSection\":[\"Actualit\u00e9s\",\"Sports\"],\"inLanguage\":\"fr-FR\"},{\"@type\":\"WebPage\",\"@id\":\"https:\\\/\\\/www.forbes.be\\\/fr\\\/un-skieur-belge-proche-du-sommet\\\/\",\"url\":\"https:\\\/\\\/www.forbes.be\\\/fr\\\/un-skieur-belge-proche-du-sommet\\\/\",\"name\":\"Un skieur belge proche du sommet | Forbes Belgique\",\"isPartOf\":{\"@id\":\"https:\\\/\\\/www.forbes.be\\\/fr\\\/#website\"},\"primaryImageOfPage\":{\"@id\":\"https:\\\/\\\/www.forbes.be\\\/fr\\\/un-skieur-belge-proche-du-sommet\\\/#primaryimage\"},\"image\":{\"@id\":\"https:\\\/\\\/www.forbes.be\\\/fr\\\/un-skieur-belge-proche-du-sommet\\\/#primaryimage\"},\"thumbnailUrl\":\"https:\\\/\\\/www.forbes.be\\\/fr\\\/wp-content\\\/uploads\\\/2026\\\/01\\\/image1-1-scaled-e1768379848605.jpeg\",\"datePublished\":\"2026-01-14T08:38:10+00:00\",\"dateModified\":\"2026-01-15T13:05:13+00:00\",\"description\":\"Premier podium historique en slalom, Armand Marchant aborde les Jeux olympiques d\u2019hiver avec ambition, lucidit\u00e9 et espoir de m\u00e9daille pour la Belgique.\",\"breadcrumb\":{\"@id\":\"https:\\\/\\\/www.forbes.be\\\/fr\\\/un-skieur-belge-proche-du-sommet\\\/#breadcrumb\"},\"inLanguage\":\"fr-FR\",\"potentialAction\":[{\"@type\":\"ReadAction\",\"target\":[\"https:\\\/\\\/www.forbes.be\\\/fr\\\/un-skieur-belge-proche-du-sommet\\\/\"]}]},{\"@type\":\"ImageObject\",\"inLanguage\":\"fr-FR\",\"@id\":\"https:\\\/\\\/www.forbes.be\\\/fr\\\/un-skieur-belge-proche-du-sommet\\\/#primaryimage\",\"url\":\"https:\\\/\\\/www.forbes.be\\\/fr\\\/wp-content\\\/uploads\\\/2026\\\/01\\\/image1-1-scaled-e1768379848605.jpeg\",\"contentUrl\":\"https:\\\/\\\/www.forbes.be\\\/fr\\\/wp-content\\\/uploads\\\/2026\\\/01\\\/image1-1-scaled-e1768379848605.jpeg\",\"width\":1920,\"height\":1007,\"caption\":\"\u00a9 DR\"},{\"@type\":\"BreadcrumbList\",\"@id\":\"https:\\\/\\\/www.forbes.be\\\/fr\\\/un-skieur-belge-proche-du-sommet\\\/#breadcrumb\",\"itemListElement\":[{\"@type\":\"ListItem\",\"position\":1,\"name\":\"Accueil\",\"item\":\"https:\\\/\\\/www.forbes.be\\\/fr\\\/\"},{\"@type\":\"ListItem\",\"position\":2,\"name\":\"Un skieur belge proche du sommet\"}]},{\"@type\":\"WebSite\",\"@id\":\"https:\\\/\\\/www.forbes.be\\\/fr\\\/#website\",\"url\":\"https:\\\/\\\/www.forbes.be\\\/fr\\\/\",\"name\":\"Forbes Belgique\",\"description\":\"\",\"publisher\":{\"@id\":\"https:\\\/\\\/www.forbes.be\\\/fr\\\/#organization\"},\"potentialAction\":[{\"@type\":\"SearchAction\",\"target\":{\"@type\":\"EntryPoint\",\"urlTemplate\":\"https:\\\/\\\/www.forbes.be\\\/fr\\\/?s={search_term_string}\"},\"query-input\":{\"@type\":\"PropertyValueSpecification\",\"valueRequired\":true,\"valueName\":\"search_term_string\"}}],\"inLanguage\":\"fr-FR\"},{\"@type\":\"Organization\",\"@id\":\"https:\\\/\\\/www.forbes.be\\\/fr\\\/#organization\",\"name\":\"Forbes Belgique\",\"url\":\"https:\\\/\\\/www.forbes.be\\\/fr\\\/\",\"logo\":{\"@type\":\"ImageObject\",\"inLanguage\":\"fr-FR\",\"@id\":\"https:\\\/\\\/www.forbes.be\\\/fr\\\/#\\\/schema\\\/logo\\\/image\\\/\",\"url\":\"https:\\\/\\\/www.forbes.be\\\/fr\\\/wp-content\\\/uploads\\\/2024\\\/02\\\/forbes.be_.png\",\"contentUrl\":\"https:\\\/\\\/www.forbes.be\\\/fr\\\/wp-content\\\/uploads\\\/2024\\\/02\\\/forbes.be_.png\",\"width\":1200,\"height\":675,\"caption\":\"Forbes Belgique\"},\"image\":{\"@id\":\"https:\\\/\\\/www.forbes.be\\\/fr\\\/#\\\/schema\\\/logo\\\/image\\\/\"},\"sameAs\":[\"https:\\\/\\\/www.facebook.com\\\/forbesbelgique\\\/\",\"https:\\\/\\\/www.instagram.com\\\/Forbes_Belgium\",\"https:\\\/\\\/www.linkedin.com\\\/company\\\/forbes-belgium\\\/\"]},{\"@type\":\"Person\",\"@id\":\"https:\\\/\\\/www.forbes.be\\\/fr\\\/#\\\/schema\\\/person\\\/b3a8f83af9b2a70d3136651ae382bedd\",\"name\":\"Bernard Roisin\",\"image\":{\"@type\":\"ImageObject\",\"inLanguage\":\"fr-FR\",\"@id\":\"https:\\\/\\\/secure.gravatar.com\\\/avatar\\\/254fa012e32d9488152fab934723bd3caf8375de59237a1766c0c0657e13019d?s=96&d=mm&r=g\",\"url\":\"https:\\\/\\\/secure.gravatar.com\\\/avatar\\\/254fa012e32d9488152fab934723bd3caf8375de59237a1766c0c0657e13019d?s=96&d=mm&r=g\",\"contentUrl\":\"https:\\\/\\\/secure.gravatar.com\\\/avatar\\\/254fa012e32d9488152fab934723bd3caf8375de59237a1766c0c0657e13019d?s=96&d=mm&r=g\",\"caption\":\"Bernard Roisin\"},\"url\":\"https:\\\/\\\/www.forbes.be\\\/fr\\\/author\\\/ritchieguitare\\\/\"}]}<\/script>\n<!-- \/ Yoast SEO plugin. -->","yoast_head_json":{"title":"Un skieur belge proche du sommet | Forbes Belgique","description":"Premier podium historique en slalom, Armand Marchant aborde les Jeux olympiques d\u2019hiver avec ambition, lucidit\u00e9 et espoir de m\u00e9daille pour la Belgique.","robots":{"index":"index","follow":"follow","max-snippet":"max-snippet:-1","max-image-preview":"max-image-preview:large","max-video-preview":"max-video-preview:-1"},"canonical":"https:\/\/www.forbes.be\/fr\/un-skieur-belge-proche-du-sommet\/","og_locale":"fr_FR","og_type":"article","og_title":"Un skieur belge proche du sommet | Forbes Belgique","og_description":"Premier podium historique en slalom, Armand Marchant aborde les Jeux olympiques d\u2019hiver avec ambition, lucidit\u00e9 et espoir de m\u00e9daille pour la Belgique.","og_url":"https:\/\/www.forbes.be\/fr\/un-skieur-belge-proche-du-sommet\/","og_site_name":"Forbes Belgique","article_publisher":"https:\/\/www.facebook.com\/forbesbelgique\/","article_published_time":"2026-01-14T08:38:10+00:00","article_modified_time":"2026-01-15T13:05:13+00:00","og_image":[{"width":1920,"height":1007,"url":"https:\/\/www.forbes.be\/fr\/wp-content\/uploads\/2026\/01\/image1-1-scaled-e1768379848605.jpeg","type":"image\/jpeg"}],"author":"Bernard Roisin","twitter_card":"summary_large_image","twitter_misc":{"\u00c9crit par":"Bernard Roisin","Dur\u00e9e de lecture estim\u00e9e":"5 minutes"},"schema":{"@context":"https:\/\/schema.org","@graph":[{"@type":"NewsArticle","@id":"https:\/\/www.forbes.be\/fr\/un-skieur-belge-proche-du-sommet\/#article","isPartOf":{"@id":"https:\/\/www.forbes.be\/fr\/un-skieur-belge-proche-du-sommet\/"},"author":{"name":"Bernard Roisin","@id":"https:\/\/www.forbes.be\/fr\/#\/schema\/person\/b3a8f83af9b2a70d3136651ae382bedd"},"headline":"Un skieur belge proche du sommet","datePublished":"2026-01-14T08:38:10+00:00","dateModified":"2026-01-15T13:05:13+00:00","mainEntityOfPage":{"@id":"https:\/\/www.forbes.be\/fr\/un-skieur-belge-proche-du-sommet\/"},"wordCount":814,"publisher":{"@id":"https:\/\/www.forbes.be\/fr\/#organization"},"image":{"@id":"https:\/\/www.forbes.be\/fr\/un-skieur-belge-proche-du-sommet\/#primaryimage"},"thumbnailUrl":"https:\/\/www.forbes.be\/fr\/wp-content\/uploads\/2026\/01\/image1-1-scaled-e1768379848605.jpeg","articleSection":["Actualit\u00e9s","Sports"],"inLanguage":"fr-FR"},{"@type":"WebPage","@id":"https:\/\/www.forbes.be\/fr\/un-skieur-belge-proche-du-sommet\/","url":"https:\/\/www.forbes.be\/fr\/un-skieur-belge-proche-du-sommet\/","name":"Un skieur belge proche du sommet | Forbes Belgique","isPartOf":{"@id":"https:\/\/www.forbes.be\/fr\/#website"},"primaryImageOfPage":{"@id":"https:\/\/www.forbes.be\/fr\/un-skieur-belge-proche-du-sommet\/#primaryimage"},"image":{"@id":"https:\/\/www.forbes.be\/fr\/un-skieur-belge-proche-du-sommet\/#primaryimage"},"thumbnailUrl":"https:\/\/www.forbes.be\/fr\/wp-content\/uploads\/2026\/01\/image1-1-scaled-e1768379848605.jpeg","datePublished":"2026-01-14T08:38:10+00:00","dateModified":"2026-01-15T13:05:13+00:00","description":"Premier podium historique en slalom, Armand Marchant aborde les Jeux olympiques d\u2019hiver avec ambition, lucidit\u00e9 et espoir de m\u00e9daille pour la Belgique.","breadcrumb":{"@id":"https:\/\/www.forbes.be\/fr\/un-skieur-belge-proche-du-sommet\/#breadcrumb"},"inLanguage":"fr-FR","potentialAction":[{"@type":"ReadAction","target":["https:\/\/www.forbes.be\/fr\/un-skieur-belge-proche-du-sommet\/"]}]},{"@type":"ImageObject","inLanguage":"fr-FR","@id":"https:\/\/www.forbes.be\/fr\/un-skieur-belge-proche-du-sommet\/#primaryimage","url":"https:\/\/www.forbes.be\/fr\/wp-content\/uploads\/2026\/01\/image1-1-scaled-e1768379848605.jpeg","contentUrl":"https:\/\/www.forbes.be\/fr\/wp-content\/uploads\/2026\/01\/image1-1-scaled-e1768379848605.jpeg","width":1920,"height":1007,"caption":"\u00a9 DR"},{"@type":"BreadcrumbList","@id":"https:\/\/www.forbes.be\/fr\/un-skieur-belge-proche-du-sommet\/#breadcrumb","itemListElement":[{"@type":"ListItem","position":1,"name":"Accueil","item":"https:\/\/www.forbes.be\/fr\/"},{"@type":"ListItem","position":2,"name":"Un skieur belge proche du sommet"}]},{"@type":"WebSite","@id":"https:\/\/www.forbes.be\/fr\/#website","url":"https:\/\/www.forbes.be\/fr\/","name":"Forbes Belgique","description":"","publisher":{"@id":"https:\/\/www.forbes.be\/fr\/#organization"},"potentialAction":[{"@type":"SearchAction","target":{"@type":"EntryPoint","urlTemplate":"https:\/\/www.forbes.be\/fr\/?s={search_term_string}"},"query-input":{"@type":"PropertyValueSpecification","valueRequired":true,"valueName":"search_term_string"}}],"inLanguage":"fr-FR"},{"@type":"Organization","@id":"https:\/\/www.forbes.be\/fr\/#organization","name":"Forbes Belgique","url":"https:\/\/www.forbes.be\/fr\/","logo":{"@type":"ImageObject","inLanguage":"fr-FR","@id":"https:\/\/www.forbes.be\/fr\/#\/schema\/logo\/image\/","url":"https:\/\/www.forbes.be\/fr\/wp-content\/uploads\/2024\/02\/forbes.be_.png","contentUrl":"https:\/\/www.forbes.be\/fr\/wp-content\/uploads\/2024\/02\/forbes.be_.png","width":1200,"height":675,"caption":"Forbes Belgique"},"image":{"@id":"https:\/\/www.forbes.be\/fr\/#\/schema\/logo\/image\/"},"sameAs":["https:\/\/www.facebook.com\/forbesbelgique\/","https:\/\/www.instagram.com\/Forbes_Belgium","https:\/\/www.linkedin.com\/company\/forbes-belgium\/"]},{"@type":"Person","@id":"https:\/\/www.forbes.be\/fr\/#\/schema\/person\/b3a8f83af9b2a70d3136651ae382bedd","name":"Bernard Roisin","image":{"@type":"ImageObject","inLanguage":"fr-FR","@id":"https:\/\/secure.gravatar.com\/avatar\/254fa012e32d9488152fab934723bd3caf8375de59237a1766c0c0657e13019d?s=96&d=mm&r=g","url":"https:\/\/secure.gravatar.com\/avatar\/254fa012e32d9488152fab934723bd3caf8375de59237a1766c0c0657e13019d?s=96&d=mm&r=g","contentUrl":"https:\/\/secure.gravatar.com\/avatar\/254fa012e32d9488152fab934723bd3caf8375de59237a1766c0c0657e13019d?s=96&d=mm&r=g","caption":"Bernard Roisin"},"url":"https:\/\/www.forbes.be\/fr\/author\/ritchieguitare\/"}]}},"_links":{"self":[{"href":"https:\/\/www.forbes.be\/fr\/wp-json\/wp\/v2\/posts\/14766","targetHints":{"allow":["GET"]}}],"collection":[{"href":"https:\/\/www.forbes.be\/fr\/wp-json\/wp\/v2\/posts"}],"about":[{"href":"https:\/\/www.forbes.be\/fr\/wp-json\/wp\/v2\/types\/post"}],"author":[{"embeddable":true,"href":"https:\/\/www.forbes.be\/fr\/wp-json\/wp\/v2\/users\/61"}],"replies":[{"embeddable":true,"href":"https:\/\/www.forbes.be\/fr\/wp-json\/wp\/v2\/comments?post=14766"}],"version-history":[{"count":1,"href":"https:\/\/www.forbes.be\/fr\/wp-json\/wp\/v2\/posts\/14766\/revisions"}],"predecessor-version":[{"id":14786,"href":"https:\/\/www.forbes.be\/fr\/wp-json\/wp\/v2\/posts\/14766\/revisions\/14786"}],"wp:featuredmedia":[{"embeddable":true,"href":"https:\/\/www.forbes.be\/fr\/wp-json\/wp\/v2\/media\/14784"}],"wp:attachment":[{"href":"https:\/\/www.forbes.be\/fr\/wp-json\/wp\/v2\/media?parent=14766"}],"wp:term":[{"taxonomy":"category","embeddable":true,"href":"https:\/\/www.forbes.be\/fr\/wp-json\/wp\/v2\/categories?post=14766"},{"taxonomy":"post_tag","embeddable":true,"href":"https:\/\/www.forbes.be\/fr\/wp-json\/wp\/v2\/tags?post=14766"}],"curies":[{"name":"wp","href":"https:\/\/api.w.org\/{rel}","templated":true}]}}