{"id":14834,"date":"2026-01-15T11:07:51","date_gmt":"2026-01-15T10:07:51","guid":{"rendered":"https:\/\/www.forbes.be\/fr\/?p=14834"},"modified":"2026-01-15T11:08:56","modified_gmt":"2026-01-15T10:08:56","slug":"injections-esthetiques-en-belgique-la-profession-medicale-face-a-une-jungle-illegale","status":"publish","type":"post","link":"https:\/\/www.forbes.be\/fr\/injections-esthetiques-en-belgique-la-profession-medicale-face-a-une-jungle-illegale\/","title":{"rendered":"Injections esth\u00e9tiques en Belgique : la profession m\u00e9dicale face \u00e0 une \u00ab\u00a0jungle ill\u00e9gale\u00a0\u00bb"},"content":{"rendered":"<p><strong>Alors que la m\u00e9decine esth\u00e9tique conna\u00eet une croissance exponentielle en Belgique, les pratiques ill\u00e9gales se multiplient, avec des cons\u00e9quences parfois dramatiques. Au moins deux d\u00e9c\u00e8s ont \u00e9t\u00e9 recens\u00e9s apr\u00e8s des injections r\u00e9alis\u00e9es par des personnes non qualifi\u00e9es. Face \u00e0 cette \u201cjungle ill\u00e9gale\u201d d\u00e9nonc\u00e9e par la Soci\u00e9t\u00e9 Royale Belge de Chirurgie Plastique, un groupe de praticiens hospitaliers a choisi de cr\u00e9er Novalys, un r\u00e9seau structur\u00e9 autour d&rsquo;une approche multidisciplinaire inspir\u00e9e des protocoles hospitaliers.<\/strong><\/p>\n<p>Le march\u00e9 de la <strong>m\u00e9decine esth\u00e9tique<\/strong> s&rsquo;est consid\u00e9rablement d\u00e9mocratis\u00e9 ces derni\u00e8res ann\u00e9es. Les <strong>injections de toxine botulique<\/strong>, d&rsquo;<strong>acide hyaluronique<\/strong> ou de <strong>PRP<\/strong> sont devenues des actes courants, accessibles \u00e0 un public de plus en plus large. Mais cette banalisation s&rsquo;accompagne d&rsquo;un ph\u00e9nom\u00e8ne pr\u00e9occupant : la multiplication des interventions r\u00e9alis\u00e9es par des personnes non qualifi\u00e9es, dans des lieux inadapt\u00e9s (salons de beaut\u00e9, h\u00f4tels, appartements priv\u00e9s), avec des produits de provenance douteuse.<\/p>\n<p>La <a href=\"https:\/\/www.rbsps.org\/fr\/accueil.html\" target=\"_blank\" rel=\"noopener\">Soci\u00e9t\u00e9 Royale Belge de Chirurgie Plastique, Reconstructrice et Esth\u00e9tique<\/a> (RBSPS) a tir\u00e9 la sonnette d&rsquo;alarme d\u00e9but 2025. L&rsquo;organisation professionnelle d\u00e9nonce \u00ab <em>la jungle ill\u00e9gale qui se d\u00e9veloppe sur le march\u00e9 de la chirurgie esth\u00e9tique<\/em> \u00bb et rappelle que ses membres sont \u00ab<em> chaque jour confront\u00e9s \u00e0 des victimes d&rsquo;arnaques qui franchissent les portes des cabinets dans l&rsquo;espoir de pouvoir r\u00e9parer des s\u00e9quelles physiques r\u00e9sultant d&rsquo;actes esth\u00e9tiques pos\u00e9s par des personnes non qualifi\u00e9es<\/em> \u00bb. Les complications peuvent \u00eatre graves : n\u00e9crose cutan\u00e9e, c\u00e9cit\u00e9, voire d\u00e9c\u00e8s.<\/p>\n<p>Le<strong> Dr Hadrien Amiel<\/strong>, <strong>chirurgien plasticien<\/strong> form\u00e9 \u00e0 l&rsquo;UCLouvain, fait partie de ceux qui voient arriver ces complications dans leur pratique hospitali\u00e8re. Avec le <strong>Dr Maxime Servaes<\/strong>, il a cofond\u00e9 <strong><a href=\"https:\/\/novalys.be\/\" target=\"_blank\" rel=\"noopener\">Novalys<\/a><\/strong>, un r\u00e9seau de praticiens qui entend proposer une alternative m\u00e9dicalis\u00e9e et \u00e9thique. Rencontre.<\/p>\n<figure id=\"attachment_14837\" aria-describedby=\"caption-attachment-14837\" style=\"width: 683px\" class=\"wp-caption aligncenter\"><img loading=\"lazy\" decoding=\"async\" class=\"size-full wp-image-14837\" src=\"https:\/\/www.forbes.be\/fr\/wp-content\/uploads\/2026\/01\/novalys-hadri-dsc03399-683x1024-1.jpg\" alt=\"\" width=\"683\" height=\"1024\" srcset=\"https:\/\/www.forbes.be\/fr\/wp-content\/uploads\/2026\/01\/novalys-hadri-dsc03399-683x1024-1.jpg 683w, https:\/\/www.forbes.be\/fr\/wp-content\/uploads\/2026\/01\/novalys-hadri-dsc03399-683x1024-1-200x300.jpg 200w, https:\/\/www.forbes.be\/fr\/wp-content\/uploads\/2026\/01\/novalys-hadri-dsc03399-683x1024-1-600x900.jpg 600w\" sizes=\"auto, (max-width: 683px) 100vw, 683px\" \/><figcaption id=\"caption-attachment-14837\" class=\"wp-caption-text\">Le Dr Hadrien Amiel, chirurgien plasticien, co-fondateur du r\u00e9seau Novalys \u00a9 DR\/Novalys<\/figcaption><\/figure>\n<p><strong>Forbes.be &#8211; Quel constat faites-vous sur l&rsquo;\u00e9volution de la m\u00e9decine esth\u00e9tique aujourd&rsquo;hui ?<\/strong><br \/>\n<strong>Dr. Hadrien Amiel &#8211;<\/strong> La <strong>m\u00e9decine esth\u00e9tique<\/strong> (c&rsquo;est-\u00e0-dire les traitements non chirurgicaux, les injections, les soins cutan\u00e9s) est devenue extr\u00eamement populaire. Le nombre de proc\u00e9dures r\u00e9alis\u00e9es chaque ann\u00e9e est consid\u00e9rable. Ces actes sont devenus tr\u00e8s accessibles, les prix se sont fortement d\u00e9mocratis\u00e9s. Mais le probl\u00e8me, c&rsquo;est que le l\u00e9gislateur n&rsquo;a pas encore impos\u00e9 de barri\u00e8re suffisante quant \u00e0 qui peut pratiquer ce type de traitement. Concr\u00e8tement, n&rsquo;importe qui peut se lancer, sans formation ad\u00e9quate ni v\u00e9ritable expertise, et commencer \u00e0 injecter du <strong>botox<\/strong> ou de l&rsquo;<strong>acide hyaluronique<\/strong> chez lui. On voit des <strong>esth\u00e9ticiennes<\/strong>, qui ne sont pas m\u00e9decins, organiser des \u201c<em>botox parties<\/em>\u201d \u00e0 domicile o\u00f9 une quinzaine de personnes viennent se faire injecter \u00e0 bas prix. Le ph\u00e9nom\u00e8ne se banalise de mani\u00e8re pr\u00e9occupante.<\/p>\n<p><strong>&#8211; Quels sont les risques concrets de ces pratiques non encadr\u00e9es ?<\/strong><br \/>\n<strong>&#8211;<\/strong> Pour le <strong>botox<\/strong>, il s&rsquo;agit d&rsquo;une injection qui paralyse les muscles. Si l&rsquo;on injecte aux mauvais endroits, on peut se retrouver avec une asym\u00e9trie faciale, une bouche tombante, des muscles d&rsquo;expression paralys\u00e9s. L&rsquo;effet du <strong>botox<\/strong> dispara\u00eet en quelques mois, donc c&rsquo;est r\u00e9versible. Mais pour l&rsquo;<strong>acide hyaluronique<\/strong>, qui sert \u00e0 apporter du volume, les cons\u00e9quences peuvent \u00eatre bien plus graves. Lorsqu&rsquo;on injecte accidentellement dans une petite art\u00e8re, le produit obstrue le vaisseau et toute la zone cutan\u00e9e normalement vascularis\u00e9e par cette art\u00e8re n&rsquo;est plus irrigu\u00e9e. Le tissu meurt. Nous avons d\u00e9j\u00e0 vu des patientes jeunes avec une narine enti\u00e8rement n\u00e9cros\u00e9e. La <strong>reconstruction<\/strong> de ce type de l\u00e9sion rel\u00e8ve du <strong>d\u00e9fi chirurgical<\/strong>. L&rsquo;<strong>esth\u00e9tique<\/strong> peut donc conduire \u00e0 des besoins de <strong>chirurgie plastique reconstructrice<\/strong>.<\/p>\n<p><strong>&#8211; Vous voyez ces complications arriver dans votre pratique ?<\/strong><br \/>\n<strong>&#8211;<\/strong> Effectivement. Lorsque surviennent des complications, elles finissent souvent par arriver chez nous. En tant que <strong>chirurgiens<\/strong>, nous sommes fr\u00e9quemment le dernier recours, la derni\u00e8re chance de r\u00e9paration. Ces gestes se banalisent consid\u00e9rablement, et les patients ne mesurent pas toujours qu&rsquo;un acte en apparence anodin peut avoir des cons\u00e9quences s\u00e9rieuses.<\/p>\n<p><strong>&#8211; Qu&rsquo;est-ce qui vous pose fondamentalement probl\u00e8me dans ces pratiques ?<\/strong><br \/>\n<strong>&#8211;<\/strong> De nombreuses personnes pratiquent des injections sans \u00eatre capables de prendre en charge leurs propres complications. C&rsquo;est l\u00e0 que r\u00e9side le probl\u00e8me fondamental. Tout praticien, m\u00eame exp\u00e9riment\u00e9, peut \u00eatre confront\u00e9 \u00e0 des complications. La vraie question est : est-on en mesure de g\u00e9rer soi-m\u00eame ces complications lorsqu&rsquo;elles surviennent ? Ce qui me pr\u00e9occupe, ce sont ces situations o\u00f9 des actes sont r\u00e9alis\u00e9s par des personnes qui, face \u00e0 un probl\u00e8me, se trouvent d\u00e9munies et renvoient le patient vers quelqu&rsquo;un d&rsquo;autre en disant \u00ab <em>je ne peux plus rien faire<\/em> \u00bb. C&rsquo;est une forme d&rsquo;irresponsabilit\u00e9. En tant que <strong>chirurgiens<\/strong>, nous n&rsquo;entreprenons jamais un acte dont nous ne sommes pas certains de pouvoir g\u00e9rer les complications potentielles. Cela fait partie int\u00e9grante de notre culture professionnelle.<\/p>\n<p><strong>&#8211; Soutenez-vous les demandes de r\u00e9gulation formul\u00e9es par la profession ?<\/strong><br \/>\n<strong>&#8211;<\/strong> Absolument. La <strong>Soci\u00e9t\u00e9 Belge de Chirurgie Plastique<\/strong> travaille activement \u00e0 sensibiliser le l\u00e9gislateur pour imposer un cadre r\u00e9glementaire. Une cellule d\u00e9di\u00e9e au sein de la RBSPS planche sur ces questions, notamment sur la possibilit\u00e9 de l\u00e9gif\u00e9rer pour d\u00e9finir des crit\u00e8res d&rsquo;autorisation \u00e0 la pratique des actes de <strong>m\u00e9decine esth\u00e9tique<\/strong> en cabinet. Nous sommes pleinement align\u00e9s avec les propositions port\u00e9es par la <strong>Soci\u00e9t\u00e9 Belge de Chirurgie Plastique<\/strong>. En attendant une r\u00e9gulation plus stricte, je conseille aux patients de v\u00e9rifier le num\u00e9ro INAMI des praticiens, qui permet d&rsquo;identifier leur sp\u00e9cialisation. Ce n&rsquo;est pas une garantie absolue, mais c&rsquo;est un moyen de s&rsquo;assurer que la personne dispose d&rsquo;une formation reconnue. Pour information, le num\u00e9ro INAMI d&rsquo;un <strong>chirurgien plasticien<\/strong> se termine par 210.<\/p>\n<p><strong>&#8211; C&rsquo;est dans ce contexte que vous avez cr\u00e9\u00e9 Novalys avec le Dr Maxime Servaes ?<\/strong><br \/>\n<strong>&#8211;<\/strong> Avec <strong>Maxime Servaes<\/strong>, nous venons du m\u00eame environnement de formation, tous deux issus du r\u00e9seau UCLouvain. Dans cet univers chirurgical souvent tr\u00e8s comp\u00e9titif, il est assez rare de trouver un confr\u00e8re avec lequel on partage v\u00e9ritablement un esprit d&rsquo;\u00e9quipe. Nous \u00e9changions beaucoup, nous nous retrouvions sur de nombreux sujets, et c&rsquo;est ainsi qu&rsquo;est n\u00e9e l&rsquo;id\u00e9e de travailler ensemble. Nous avons d&rsquo;abord structur\u00e9 notre collaboration \u00e0 l&rsquo;<strong>h\u00f4pital<\/strong>, pour la <strong>chirurgie de reconstruction<\/strong> et les cas complexes. Puis nous nous sommes dit : pourquoi ne pas cr\u00e9er une structure similaire en dehors de l&rsquo;h\u00f4pital, dans nos cabinets priv\u00e9s ? D&rsquo;autres praticiens du centre m\u00e9dical de Maxime \u00e0 Chaumont-Gistoux se sont montr\u00e9s int\u00e9ress\u00e9s : le <strong>Dr Antoine Willemart<\/strong>, dermatologue, le <strong>Dr Dominique Vanden Bulcke<\/strong>, sp\u00e9cialis\u00e9e en m\u00e9decine esth\u00e9tique, et <strong>Aur\u00e9lie Peret<\/strong>, infirmi\u00e8re form\u00e9e aux traitements laser.<\/p>\n<figure id=\"attachment_14836\" aria-describedby=\"caption-attachment-14836\" style=\"width: 2560px\" class=\"wp-caption alignnone\"><img loading=\"lazy\" decoding=\"async\" class=\"size-full wp-image-14836\" src=\"https:\/\/www.forbes.be\/fr\/wp-content\/uploads\/2026\/01\/novalys-hadri-amiel-scaled.jpg\" alt=\"\" width=\"2560\" height=\"1707\" srcset=\"https:\/\/www.forbes.be\/fr\/wp-content\/uploads\/2026\/01\/novalys-hadri-amiel-scaled.jpg 2560w, https:\/\/www.forbes.be\/fr\/wp-content\/uploads\/2026\/01\/novalys-hadri-amiel-300x200.jpg 300w, https:\/\/www.forbes.be\/fr\/wp-content\/uploads\/2026\/01\/novalys-hadri-amiel-1024x683.jpg 1024w, https:\/\/www.forbes.be\/fr\/wp-content\/uploads\/2026\/01\/novalys-hadri-amiel-768x512.jpg 768w, https:\/\/www.forbes.be\/fr\/wp-content\/uploads\/2026\/01\/novalys-hadri-amiel-1536x1024.jpg 1536w, https:\/\/www.forbes.be\/fr\/wp-content\/uploads\/2026\/01\/novalys-hadri-amiel-2048x1365.jpg 2048w, https:\/\/www.forbes.be\/fr\/wp-content\/uploads\/2026\/01\/novalys-hadri-amiel-696x464.jpg 696w, https:\/\/www.forbes.be\/fr\/wp-content\/uploads\/2026\/01\/novalys-hadri-amiel-1068x712.jpg 1068w, https:\/\/www.forbes.be\/fr\/wp-content\/uploads\/2026\/01\/novalys-hadri-amiel-1920x1280.jpg 1920w, https:\/\/www.forbes.be\/fr\/wp-content\/uploads\/2026\/01\/novalys-hadri-amiel-600x400.jpg 600w\" sizes=\"auto, (max-width: 2560px) 100vw, 2560px\" \/><figcaption id=\"caption-attachment-14836\" class=\"wp-caption-text\">Les membres du r\u00e9seau Novalys, de gauche \u00e0 droite : le Dr Hadrien Amiel (chirurgien plasticien), Dr Dominique Vanden Bulcke (m\u00e9decine esth\u00e9tique), Dr Antoine Willemart (dermatologue), Aur\u00e9lie Peret (infirmi\u00e8re esth\u00e9tique), et le Dr Maxime Servaes (chirurgien plasticien) \u00a9 DR\/?Novlys<\/figcaption><\/figure>\n<p><strong>&#8211; Quel \u00e9tait le probl\u00e8me que vous souhaitiez r\u00e9soudre ?<\/strong><br \/>\n<strong>&#8211;<\/strong> En pratique priv\u00e9e, lorsqu&rsquo;on consulte pour de la m\u00e9decine ou de la <strong>chirurgie esth\u00e9tique<\/strong>, on se retrouve g\u00e9n\u00e9ralement face \u00e0 un praticien qui travaille seul. Or, \u00e0 l&rsquo;h\u00f4pital, quand une patiente pr\u00e9sente un cancer du sein, son dossier doit obligatoirement \u00eatre discut\u00e9 en concertation multidisciplinaire oncologique (ce que l&rsquo;on appelle une CMO). Le gyn\u00e9cologue, le plasticien, le radioth\u00e9rapeute, tous les sp\u00e9cialistes concern\u00e9s sont r\u00e9unis autour de la table pour \u00e9tablir ensemble un plan de traitement personnalis\u00e9. Notre r\u00e9flexion a \u00e9t\u00e9 la suivante : ce mod\u00e8le existe \u00e0 l&rsquo;<strong>h\u00f4pital<\/strong>, il fait partie de la routine. Pourquoi ne pas l&rsquo;appliquer \u00e0 notre pratique priv\u00e9e en esth\u00e9tique ?<\/p>\n<p><strong>&#8211; Concr\u00e8tement, comment fonctionne le r\u00e9seau Novalys aujourd&rsquo;hui ?<\/strong><br \/>\n<strong>&#8211;<\/strong> <strong>Novalys<\/strong> est un r\u00e9seau de praticiens comp\u00e9tents en <strong>m\u00e9decine<\/strong> et <strong>chirurgie esth\u00e9tique<\/strong>. Nous couvrons les diff\u00e9rents volets de cette discipline : la dermatologie pour la peau, les traitements cosm\u00e9tiques (laser, <em>peeling<\/em>, injections), et les actes chirurgicaux plus invasifs. Actuellement, nous sommes cinq praticiens. La majorit\u00e9 exerce au <a href=\"https:\/\/cm1325.be\/\" target=\"_blank\" rel=\"noopener\">centre m\u00e9dical CM1325<\/a> \u00e0 Chaumont-Gistoux, dirig\u00e9 par <a href=\"https:\/\/cm1325.be\/\">Maxime Servaes<\/a>. Pour ma part, je dispose \u00e9galement d&rsquo;un <a href=\"https:\/\/rosa.be\/fr\/hp\/hadrien-amiel-1\/?highlights=10210\" target=\"_blank\" rel=\"noopener\">cabinet priv\u00e9 \u00e0 Rhode-Saint-Gen\u00e8se<\/a>. Mais au-del\u00e0 de la localisation physique, tous les praticiens du r\u00e9seau participent \u00e0 cette approche multidisciplinaire. Lorsque nous recevons des patientes avec des demandes esth\u00e9tiques, nous organisons une concertation entre nous. Nous \u00e9changeons des photos, nous discutons : \u00ab <em>Ce traitement me semble pertinent, qu&rsquo;en penses-tu ?<\/em> \u00bb Il arrive r\u00e9guli\u00e8rement que l&rsquo;un d&rsquo;entre nous r\u00e9alise une partie du traitement et qu&rsquo;un coll\u00e8gue compl\u00e8te, parce qu&rsquo;il dispose d&rsquo;une expertise plus pointue sur tel aspect. Pour les <strong>actes chirurgicaux lourds<\/strong> n\u00e9cessitant une anesth\u00e9sie g\u00e9n\u00e9rale, nous op\u00e9rons en milieu hospitalier (\u00e0 la <strong>Clinique Saint-Jean<\/strong> \u00e0 Bruxelles ou au<strong> Centre M\u00e9dical de l&rsquo;Alliance<\/strong>) dans des structures disposant de blocs op\u00e9ratoires, d&rsquo;anesth\u00e9sistes et d&rsquo;une cha\u00eene de prise en charge en cas de complication.<\/p>\n<p><strong>&#8211; Ce mod\u00e8le implique de partager les honoraires entre praticiens. Comment g\u00e9rez-vous cet aspect ?<\/strong><br \/>\n<strong>&#8211;<\/strong> Prenons un exemple concret : lorsque j&rsquo;op\u00e8re une paupi\u00e8re et qu&rsquo;il faut ensuite am\u00e9liorer la qualit\u00e9 de la peau par des s\u00e9ances de laser, je pourrais techniquement r\u00e9aliser ces s\u00e9ances moi-m\u00eame. Mais j&rsquo;en pratique moins, cela m&rsquo;int\u00e9resse moins, et certaines de mes coll\u00e8gues ma\u00eetrisent mieux ces techniques. J&rsquo;adresse donc la patiente \u00e0 ma coll\u00e8gue, qui per\u00e7oit les honoraires correspondants. Sur le plan \u00e9conomique, je \u00ab\u00a0perds\u00a0\u00bb cette prestation. Mais pour la patiente, le r\u00e9sultat est meilleur. Et nous gardons les patients dans un circuit o\u00f9 nous savons qu&rsquo;ils sont orient\u00e9s vers des praticiens comp\u00e9tents.<\/p>\n<p><strong>&#8211; Quel message souhaitez-vous faire passer au grand public ?<\/strong><br \/>\n<strong>&#8211;<\/strong> Il ne faut pas prendre ces actes \u00e0 la l\u00e9g\u00e8re. Poser des <strong>proth\u00e8ses mammaires<\/strong>, par exemple, ce n&rsquo;est pas un geste anodin. C&rsquo;est un projet qui n\u00e9cessite une consultation pr\u00e9alable approfondie, durant laquelle on aborde les risques pendant une demi-heure, parfois trois quarts d&rsquo;heure. Chaque proposition de traitement engage le praticien. Il y a un suivi, une responsabilit\u00e9. Ces informations ne sont pas correctement transmises sur les r\u00e9seaux sociaux comme Instagram ou TikTok. Nous devons nous efforcer de cr\u00e9er du contenu p\u00e9dagogique, d&rsquo;expliquer les risques associ\u00e9s \u00e0 chaque proc\u00e9dure. Il existe des praticiens qui, plut\u00f4t que d&rsquo;exercer isol\u00e9ment, choisissent de s&rsquo;associer pour mutualiser leurs comp\u00e9tences, pour discuter de mani\u00e8re individualis\u00e9e de chaque prise en charge, en s&rsquo;inspirant de mod\u00e8les qui ont fait leurs preuves en milieu hospitalier.<\/p>\n<h2>Une profession en ordre de bataille<\/h2>\n<p>L&rsquo;initiative <strong>Novalys<\/strong> s&rsquo;inscrit dans un mouvement plus large de la <strong>profession m\u00e9dicale<\/strong> face aux d\u00e9rives constat\u00e9es. La RBSPS a formul\u00e9 quatre revendications principales aupr\u00e8s des autorit\u00e9s belges : la reconnaissance officielle du titre de <strong>m\u00e9decin sp\u00e9cialiste en m\u00e9decine esth\u00e9tique non chirurgicale<\/strong>, une formation obligatoire encadr\u00e9e pour tous les praticiens, une r\u00e9gulation stricte de la vente de produits injectables dont la tra\u00e7abilit\u00e9 est aujourd&rsquo;hui insuffisante, et une l\u00e9gislation contre la d\u00e9sinformation v\u00e9hicul\u00e9e sur les r\u00e9seaux sociaux.<\/p>\n<p>La loi belge du 23 mai 2013 pr\u00e9voit d\u00e9j\u00e0 un cadre : elle r\u00e9serve les actes de <strong>chirurgie esth\u00e9tique<\/strong> aux <strong>m\u00e9decins sp\u00e9cialistes agr\u00e9\u00e9s<\/strong>, encadre les actes non chirurgicaux, et impose des r\u00e8gles strictes sur l&rsquo;information du patient, le d\u00e9lai de r\u00e9flexion et la protection des mineurs. Mais les contr\u00f4les restent insuffisants, notamment pour les centres extrahospitaliers.<\/p>\n<p>Le mod\u00e8le <strong>Novalys<\/strong>, avec son ancrage hospitalier pour les actes lourds et son approche multidisciplinaire inspir\u00e9e des concertations oncologiques, repr\u00e9sente une tentative de r\u00e9ponse structur\u00e9e aux attentes de s\u00e9curit\u00e9 des patients. Reste \u00e0 savoir si le l\u00e9gislateur suivra les recommandations de la profession pour renforcer l&rsquo;encadrement d&rsquo;un secteur en pleine expansion.<\/p>\n<p><em><a href=\"https:\/\/novalys.be\/\" target=\"_blank\" rel=\"noopener\">www.novalys.be<\/a><\/em><\/p>\n","protected":false},"excerpt":{"rendered":"<p>Alors que la m\u00e9decine esth\u00e9tique conna\u00eet une croissance exponentielle en Belgique, les pratiques ill\u00e9gales se multiplient, avec des cons\u00e9quences parfois dramatiques. Au moins deux d\u00e9c\u00e8s ont \u00e9t\u00e9 recens\u00e9s apr\u00e8s des injections r\u00e9alis\u00e9es par des personnes non qualifi\u00e9es. Face \u00e0 cette \u201cjungle ill\u00e9gale\u201d d\u00e9nonc\u00e9e par la Soci\u00e9t\u00e9 Royale Belge de Chirurgie Plastique, un groupe de praticiens [&hellip;]<\/p>\n","protected":false},"author":47,"featured_media":14835,"comment_status":"closed","ping_status":"closed","sticky":false,"template":"","format":"standard","meta":{"_acf_changed":false,"inline_featured_image":false,"footnotes":""},"categories":[1,20],"tags":[],"class_list":{"0":"post-14834","1":"post","2":"type-post","3":"status-publish","4":"format-standard","5":"has-post-thumbnail","7":"category-actualite","8":"category-sante"},"acf":[],"_yoast_wpseo_title":null,"_yoast_wpseo_metadesc":"Pratiques esth\u00e9tiques ill\u00e9gales, complications graves, d\u00e9c\u00e8s : face aux d\u00e9rives, des chirurgiens belges cr\u00e9ent Novalys pour imposer une approche m\u00e9dicale \u00e9thique et s\u00e9curis\u00e9e.","auteur_traducteur":"","yoast_head":"<!-- This site is optimized with the Yoast SEO plugin v27.4 - https:\/\/yoast.com\/product\/yoast-seo-wordpress\/ -->\n<title>Injections esth\u00e9tiques en Belgique : la profession m\u00e9dicale face \u00e0 une &quot;jungle ill\u00e9gale&quot; | Forbes Belgique<\/title>\n<meta name=\"description\" content=\"Pratiques esth\u00e9tiques ill\u00e9gales, complications graves, d\u00e9c\u00e8s : face aux d\u00e9rives, des chirurgiens belges cr\u00e9ent Novalys pour imposer une approche m\u00e9dicale \u00e9thique et s\u00e9curis\u00e9e.\" \/>\n<meta name=\"robots\" content=\"index, follow, max-snippet:-1, max-image-preview:large, max-video-preview:-1\" \/>\n<link rel=\"canonical\" href=\"https:\/\/www.forbes.be\/fr\/injections-esthetiques-en-belgique-la-profession-medicale-face-a-une-jungle-illegale\/\" \/>\n<meta property=\"og:locale\" content=\"fr_FR\" \/>\n<meta property=\"og:type\" content=\"article\" \/>\n<meta property=\"og:title\" content=\"Injections esth\u00e9tiques en Belgique : la profession m\u00e9dicale face \u00e0 une &quot;jungle ill\u00e9gale&quot; | Forbes Belgique\" \/>\n<meta property=\"og:description\" content=\"Pratiques esth\u00e9tiques ill\u00e9gales, complications graves, d\u00e9c\u00e8s : face aux d\u00e9rives, des chirurgiens belges cr\u00e9ent Novalys pour imposer une approche m\u00e9dicale \u00e9thique et s\u00e9curis\u00e9e.\" \/>\n<meta property=\"og:url\" content=\"https:\/\/www.forbes.be\/fr\/injections-esthetiques-en-belgique-la-profession-medicale-face-a-une-jungle-illegale\/\" \/>\n<meta property=\"og:site_name\" content=\"Forbes Belgique\" \/>\n<meta property=\"article:publisher\" content=\"https:\/\/www.facebook.com\/forbesbelgique\/\" \/>\n<meta property=\"article:published_time\" content=\"2026-01-15T10:07:51+00:00\" \/>\n<meta property=\"article:modified_time\" content=\"2026-01-15T10:08:56+00:00\" \/>\n<meta property=\"og:image\" content=\"https:\/\/www.forbes.be\/fr\/wp-content\/uploads\/2026\/01\/novalys-forbes-shutterstock-2455502789-scaled-e1768471707287.jpg\" \/>\n\t<meta property=\"og:image:width\" content=\"2560\" \/>\n\t<meta property=\"og:image:height\" content=\"1340\" \/>\n\t<meta property=\"og:image:type\" content=\"image\/jpeg\" \/>\n<meta name=\"author\" content=\"Martin Boonen\" \/>\n<meta name=\"twitter:card\" content=\"summary_large_image\" \/>\n<meta name=\"twitter:label1\" content=\"\u00c9crit par\" \/>\n\t<meta name=\"twitter:data1\" content=\"Martin Boonen\" \/>\n\t<meta name=\"twitter:label2\" content=\"Dur\u00e9e de lecture estim\u00e9e\" \/>\n\t<meta name=\"twitter:data2\" content=\"10 minutes\" \/>\n<script type=\"application\/ld+json\" class=\"yoast-schema-graph\">{\"@context\":\"https:\\\/\\\/schema.org\",\"@graph\":[{\"@type\":\"NewsArticle\",\"@id\":\"https:\\\/\\\/www.forbes.be\\\/fr\\\/injections-esthetiques-en-belgique-la-profession-medicale-face-a-une-jungle-illegale\\\/#article\",\"isPartOf\":{\"@id\":\"https:\\\/\\\/www.forbes.be\\\/fr\\\/injections-esthetiques-en-belgique-la-profession-medicale-face-a-une-jungle-illegale\\\/\"},\"author\":{\"name\":\"Martin Boonen\",\"@id\":\"https:\\\/\\\/www.forbes.be\\\/fr\\\/#\\\/schema\\\/person\\\/5e9af5383f8e0ffec564788f40ac92c8\"},\"headline\":\"Injections esth\u00e9tiques en Belgique : la profession m\u00e9dicale face \u00e0 une \u00ab\u00a0jungle ill\u00e9gale\u00a0\u00bb\",\"datePublished\":\"2026-01-15T10:07:51+00:00\",\"dateModified\":\"2026-01-15T10:08:56+00:00\",\"mainEntityOfPage\":{\"@id\":\"https:\\\/\\\/www.forbes.be\\\/fr\\\/injections-esthetiques-en-belgique-la-profession-medicale-face-a-une-jungle-illegale\\\/\"},\"wordCount\":2068,\"publisher\":{\"@id\":\"https:\\\/\\\/www.forbes.be\\\/fr\\\/#organization\"},\"image\":{\"@id\":\"https:\\\/\\\/www.forbes.be\\\/fr\\\/injections-esthetiques-en-belgique-la-profession-medicale-face-a-une-jungle-illegale\\\/#primaryimage\"},\"thumbnailUrl\":\"https:\\\/\\\/www.forbes.be\\\/fr\\\/wp-content\\\/uploads\\\/2026\\\/01\\\/novalys-forbes-shutterstock-2455502789-scaled-e1768471707287.jpg\",\"articleSection\":[\"Actualit\u00e9s\",\"Sant\u00e9\"],\"inLanguage\":\"fr-FR\"},{\"@type\":\"WebPage\",\"@id\":\"https:\\\/\\\/www.forbes.be\\\/fr\\\/injections-esthetiques-en-belgique-la-profession-medicale-face-a-une-jungle-illegale\\\/\",\"url\":\"https:\\\/\\\/www.forbes.be\\\/fr\\\/injections-esthetiques-en-belgique-la-profession-medicale-face-a-une-jungle-illegale\\\/\",\"name\":\"Injections esth\u00e9tiques en Belgique : la profession m\u00e9dicale face \u00e0 une \\\"jungle ill\u00e9gale\\\" | Forbes Belgique\",\"isPartOf\":{\"@id\":\"https:\\\/\\\/www.forbes.be\\\/fr\\\/#website\"},\"primaryImageOfPage\":{\"@id\":\"https:\\\/\\\/www.forbes.be\\\/fr\\\/injections-esthetiques-en-belgique-la-profession-medicale-face-a-une-jungle-illegale\\\/#primaryimage\"},\"image\":{\"@id\":\"https:\\\/\\\/www.forbes.be\\\/fr\\\/injections-esthetiques-en-belgique-la-profession-medicale-face-a-une-jungle-illegale\\\/#primaryimage\"},\"thumbnailUrl\":\"https:\\\/\\\/www.forbes.be\\\/fr\\\/wp-content\\\/uploads\\\/2026\\\/01\\\/novalys-forbes-shutterstock-2455502789-scaled-e1768471707287.jpg\",\"datePublished\":\"2026-01-15T10:07:51+00:00\",\"dateModified\":\"2026-01-15T10:08:56+00:00\",\"description\":\"Pratiques esth\u00e9tiques ill\u00e9gales, complications graves, d\u00e9c\u00e8s : face aux d\u00e9rives, des chirurgiens belges cr\u00e9ent Novalys pour imposer une approche m\u00e9dicale \u00e9thique et s\u00e9curis\u00e9e.\",\"breadcrumb\":{\"@id\":\"https:\\\/\\\/www.forbes.be\\\/fr\\\/injections-esthetiques-en-belgique-la-profession-medicale-face-a-une-jungle-illegale\\\/#breadcrumb\"},\"inLanguage\":\"fr-FR\",\"potentialAction\":[{\"@type\":\"ReadAction\",\"target\":[\"https:\\\/\\\/www.forbes.be\\\/fr\\\/injections-esthetiques-en-belgique-la-profession-medicale-face-a-une-jungle-illegale\\\/\"]}]},{\"@type\":\"ImageObject\",\"inLanguage\":\"fr-FR\",\"@id\":\"https:\\\/\\\/www.forbes.be\\\/fr\\\/injections-esthetiques-en-belgique-la-profession-medicale-face-a-une-jungle-illegale\\\/#primaryimage\",\"url\":\"https:\\\/\\\/www.forbes.be\\\/fr\\\/wp-content\\\/uploads\\\/2026\\\/01\\\/novalys-forbes-shutterstock-2455502789-scaled-e1768471707287.jpg\",\"contentUrl\":\"https:\\\/\\\/www.forbes.be\\\/fr\\\/wp-content\\\/uploads\\\/2026\\\/01\\\/novalys-forbes-shutterstock-2455502789-scaled-e1768471707287.jpg\",\"width\":2560,\"height\":1340,\"caption\":\"\u00a9\u00a0DR\\\/Shutterstock.com\"},{\"@type\":\"BreadcrumbList\",\"@id\":\"https:\\\/\\\/www.forbes.be\\\/fr\\\/injections-esthetiques-en-belgique-la-profession-medicale-face-a-une-jungle-illegale\\\/#breadcrumb\",\"itemListElement\":[{\"@type\":\"ListItem\",\"position\":1,\"name\":\"Accueil\",\"item\":\"https:\\\/\\\/www.forbes.be\\\/fr\\\/\"},{\"@type\":\"ListItem\",\"position\":2,\"name\":\"Injections esth\u00e9tiques en Belgique : la profession m\u00e9dicale face \u00e0 une \u00ab\u00a0jungle ill\u00e9gale\u00a0\u00bb\"}]},{\"@type\":\"WebSite\",\"@id\":\"https:\\\/\\\/www.forbes.be\\\/fr\\\/#website\",\"url\":\"https:\\\/\\\/www.forbes.be\\\/fr\\\/\",\"name\":\"Forbes Belgique\",\"description\":\"\",\"publisher\":{\"@id\":\"https:\\\/\\\/www.forbes.be\\\/fr\\\/#organization\"},\"potentialAction\":[{\"@type\":\"SearchAction\",\"target\":{\"@type\":\"EntryPoint\",\"urlTemplate\":\"https:\\\/\\\/www.forbes.be\\\/fr\\\/?s={search_term_string}\"},\"query-input\":{\"@type\":\"PropertyValueSpecification\",\"valueRequired\":true,\"valueName\":\"search_term_string\"}}],\"inLanguage\":\"fr-FR\"},{\"@type\":\"Organization\",\"@id\":\"https:\\\/\\\/www.forbes.be\\\/fr\\\/#organization\",\"name\":\"Forbes Belgique\",\"url\":\"https:\\\/\\\/www.forbes.be\\\/fr\\\/\",\"logo\":{\"@type\":\"ImageObject\",\"inLanguage\":\"fr-FR\",\"@id\":\"https:\\\/\\\/www.forbes.be\\\/fr\\\/#\\\/schema\\\/logo\\\/image\\\/\",\"url\":\"https:\\\/\\\/www.forbes.be\\\/fr\\\/wp-content\\\/uploads\\\/2024\\\/02\\\/forbes.be_.png\",\"contentUrl\":\"https:\\\/\\\/www.forbes.be\\\/fr\\\/wp-content\\\/uploads\\\/2024\\\/02\\\/forbes.be_.png\",\"width\":1200,\"height\":675,\"caption\":\"Forbes Belgique\"},\"image\":{\"@id\":\"https:\\\/\\\/www.forbes.be\\\/fr\\\/#\\\/schema\\\/logo\\\/image\\\/\"},\"sameAs\":[\"https:\\\/\\\/www.facebook.com\\\/forbesbelgique\\\/\",\"https:\\\/\\\/www.instagram.com\\\/Forbes_Belgium\",\"https:\\\/\\\/www.linkedin.com\\\/company\\\/forbes-belgium\\\/\"]},{\"@type\":\"Person\",\"@id\":\"https:\\\/\\\/www.forbes.be\\\/fr\\\/#\\\/schema\\\/person\\\/5e9af5383f8e0ffec564788f40ac92c8\",\"name\":\"Martin Boonen\",\"image\":{\"@type\":\"ImageObject\",\"inLanguage\":\"fr-FR\",\"@id\":\"https:\\\/\\\/www.forbes.be\\\/fr\\\/wp-content\\\/uploads\\\/2025\\\/10\\\/capture-decran-2024-11-15-a-093849-300x300-1-100x100.png\",\"url\":\"https:\\\/\\\/www.forbes.be\\\/fr\\\/wp-content\\\/uploads\\\/2025\\\/10\\\/capture-decran-2024-11-15-a-093849-300x300-1-100x100.png\",\"contentUrl\":\"https:\\\/\\\/www.forbes.be\\\/fr\\\/wp-content\\\/uploads\\\/2025\\\/10\\\/capture-decran-2024-11-15-a-093849-300x300-1-100x100.png\",\"caption\":\"Martin Boonen\"},\"description\":\"Martin Boonen est journaliste dipl\u00f4m\u00e9 de l'Institut de Journalisme de Bruxelles (2012). Il collabor\u00e9 avec de nombreuses r\u00e9dactions \u00e0 diff\u00e9rent niveau de responsabilit\u00e9 : journaliste, chef de rubrique, secr\u00e9taire de r\u00e9daction et r\u00e9dacteur en chef, tant sur le web que pour la presse imprim\u00e9e. Sp\u00e9cialis\u00e9 dans les startups et l'entrepreneuriat \u00e0 impact, il est devenu en 2025 r\u00e9dacteur en chef du site web de Forbes Belgique. Il est affili\u00e9 \u00e0 l'Organisation Mondiale de la Presse P\u00e9riodique depuis 2011.\",\"sameAs\":[\"https:\\\/\\\/www.linkedin.com\\\/in\\\/martin-boonen-61499951\\\/\"],\"url\":\"https:\\\/\\\/www.forbes.be\\\/fr\\\/author\\\/martin-boonen\\\/\"}]}<\/script>\n<!-- \/ Yoast SEO plugin. -->","yoast_head_json":{"title":"Injections esth\u00e9tiques en Belgique : la profession m\u00e9dicale face \u00e0 une \"jungle ill\u00e9gale\" | Forbes Belgique","description":"Pratiques esth\u00e9tiques ill\u00e9gales, complications graves, d\u00e9c\u00e8s : face aux d\u00e9rives, des chirurgiens belges cr\u00e9ent Novalys pour imposer une approche m\u00e9dicale \u00e9thique et s\u00e9curis\u00e9e.","robots":{"index":"index","follow":"follow","max-snippet":"max-snippet:-1","max-image-preview":"max-image-preview:large","max-video-preview":"max-video-preview:-1"},"canonical":"https:\/\/www.forbes.be\/fr\/injections-esthetiques-en-belgique-la-profession-medicale-face-a-une-jungle-illegale\/","og_locale":"fr_FR","og_type":"article","og_title":"Injections esth\u00e9tiques en Belgique : la profession m\u00e9dicale face \u00e0 une \"jungle ill\u00e9gale\" | Forbes Belgique","og_description":"Pratiques esth\u00e9tiques ill\u00e9gales, complications graves, d\u00e9c\u00e8s : face aux d\u00e9rives, des chirurgiens belges cr\u00e9ent Novalys pour imposer une approche m\u00e9dicale \u00e9thique et s\u00e9curis\u00e9e.","og_url":"https:\/\/www.forbes.be\/fr\/injections-esthetiques-en-belgique-la-profession-medicale-face-a-une-jungle-illegale\/","og_site_name":"Forbes Belgique","article_publisher":"https:\/\/www.facebook.com\/forbesbelgique\/","article_published_time":"2026-01-15T10:07:51+00:00","article_modified_time":"2026-01-15T10:08:56+00:00","og_image":[{"width":2560,"height":1340,"url":"https:\/\/www.forbes.be\/fr\/wp-content\/uploads\/2026\/01\/novalys-forbes-shutterstock-2455502789-scaled-e1768471707287.jpg","type":"image\/jpeg"}],"author":"Martin Boonen","twitter_card":"summary_large_image","twitter_misc":{"\u00c9crit par":"Martin Boonen","Dur\u00e9e de lecture estim\u00e9e":"10 minutes"},"schema":{"@context":"https:\/\/schema.org","@graph":[{"@type":"NewsArticle","@id":"https:\/\/www.forbes.be\/fr\/injections-esthetiques-en-belgique-la-profession-medicale-face-a-une-jungle-illegale\/#article","isPartOf":{"@id":"https:\/\/www.forbes.be\/fr\/injections-esthetiques-en-belgique-la-profession-medicale-face-a-une-jungle-illegale\/"},"author":{"name":"Martin Boonen","@id":"https:\/\/www.forbes.be\/fr\/#\/schema\/person\/5e9af5383f8e0ffec564788f40ac92c8"},"headline":"Injections esth\u00e9tiques en Belgique : la profession m\u00e9dicale face \u00e0 une \u00ab\u00a0jungle ill\u00e9gale\u00a0\u00bb","datePublished":"2026-01-15T10:07:51+00:00","dateModified":"2026-01-15T10:08:56+00:00","mainEntityOfPage":{"@id":"https:\/\/www.forbes.be\/fr\/injections-esthetiques-en-belgique-la-profession-medicale-face-a-une-jungle-illegale\/"},"wordCount":2068,"publisher":{"@id":"https:\/\/www.forbes.be\/fr\/#organization"},"image":{"@id":"https:\/\/www.forbes.be\/fr\/injections-esthetiques-en-belgique-la-profession-medicale-face-a-une-jungle-illegale\/#primaryimage"},"thumbnailUrl":"https:\/\/www.forbes.be\/fr\/wp-content\/uploads\/2026\/01\/novalys-forbes-shutterstock-2455502789-scaled-e1768471707287.jpg","articleSection":["Actualit\u00e9s","Sant\u00e9"],"inLanguage":"fr-FR"},{"@type":"WebPage","@id":"https:\/\/www.forbes.be\/fr\/injections-esthetiques-en-belgique-la-profession-medicale-face-a-une-jungle-illegale\/","url":"https:\/\/www.forbes.be\/fr\/injections-esthetiques-en-belgique-la-profession-medicale-face-a-une-jungle-illegale\/","name":"Injections esth\u00e9tiques en Belgique : la profession m\u00e9dicale face \u00e0 une \"jungle ill\u00e9gale\" | Forbes Belgique","isPartOf":{"@id":"https:\/\/www.forbes.be\/fr\/#website"},"primaryImageOfPage":{"@id":"https:\/\/www.forbes.be\/fr\/injections-esthetiques-en-belgique-la-profession-medicale-face-a-une-jungle-illegale\/#primaryimage"},"image":{"@id":"https:\/\/www.forbes.be\/fr\/injections-esthetiques-en-belgique-la-profession-medicale-face-a-une-jungle-illegale\/#primaryimage"},"thumbnailUrl":"https:\/\/www.forbes.be\/fr\/wp-content\/uploads\/2026\/01\/novalys-forbes-shutterstock-2455502789-scaled-e1768471707287.jpg","datePublished":"2026-01-15T10:07:51+00:00","dateModified":"2026-01-15T10:08:56+00:00","description":"Pratiques esth\u00e9tiques ill\u00e9gales, complications graves, d\u00e9c\u00e8s : face aux d\u00e9rives, des chirurgiens belges cr\u00e9ent Novalys pour imposer une approche m\u00e9dicale \u00e9thique et s\u00e9curis\u00e9e.","breadcrumb":{"@id":"https:\/\/www.forbes.be\/fr\/injections-esthetiques-en-belgique-la-profession-medicale-face-a-une-jungle-illegale\/#breadcrumb"},"inLanguage":"fr-FR","potentialAction":[{"@type":"ReadAction","target":["https:\/\/www.forbes.be\/fr\/injections-esthetiques-en-belgique-la-profession-medicale-face-a-une-jungle-illegale\/"]}]},{"@type":"ImageObject","inLanguage":"fr-FR","@id":"https:\/\/www.forbes.be\/fr\/injections-esthetiques-en-belgique-la-profession-medicale-face-a-une-jungle-illegale\/#primaryimage","url":"https:\/\/www.forbes.be\/fr\/wp-content\/uploads\/2026\/01\/novalys-forbes-shutterstock-2455502789-scaled-e1768471707287.jpg","contentUrl":"https:\/\/www.forbes.be\/fr\/wp-content\/uploads\/2026\/01\/novalys-forbes-shutterstock-2455502789-scaled-e1768471707287.jpg","width":2560,"height":1340,"caption":"\u00a9\u00a0DR\/Shutterstock.com"},{"@type":"BreadcrumbList","@id":"https:\/\/www.forbes.be\/fr\/injections-esthetiques-en-belgique-la-profession-medicale-face-a-une-jungle-illegale\/#breadcrumb","itemListElement":[{"@type":"ListItem","position":1,"name":"Accueil","item":"https:\/\/www.forbes.be\/fr\/"},{"@type":"ListItem","position":2,"name":"Injections esth\u00e9tiques en Belgique : la profession m\u00e9dicale face \u00e0 une \u00ab\u00a0jungle ill\u00e9gale\u00a0\u00bb"}]},{"@type":"WebSite","@id":"https:\/\/www.forbes.be\/fr\/#website","url":"https:\/\/www.forbes.be\/fr\/","name":"Forbes Belgique","description":"","publisher":{"@id":"https:\/\/www.forbes.be\/fr\/#organization"},"potentialAction":[{"@type":"SearchAction","target":{"@type":"EntryPoint","urlTemplate":"https:\/\/www.forbes.be\/fr\/?s={search_term_string}"},"query-input":{"@type":"PropertyValueSpecification","valueRequired":true,"valueName":"search_term_string"}}],"inLanguage":"fr-FR"},{"@type":"Organization","@id":"https:\/\/www.forbes.be\/fr\/#organization","name":"Forbes Belgique","url":"https:\/\/www.forbes.be\/fr\/","logo":{"@type":"ImageObject","inLanguage":"fr-FR","@id":"https:\/\/www.forbes.be\/fr\/#\/schema\/logo\/image\/","url":"https:\/\/www.forbes.be\/fr\/wp-content\/uploads\/2024\/02\/forbes.be_.png","contentUrl":"https:\/\/www.forbes.be\/fr\/wp-content\/uploads\/2024\/02\/forbes.be_.png","width":1200,"height":675,"caption":"Forbes Belgique"},"image":{"@id":"https:\/\/www.forbes.be\/fr\/#\/schema\/logo\/image\/"},"sameAs":["https:\/\/www.facebook.com\/forbesbelgique\/","https:\/\/www.instagram.com\/Forbes_Belgium","https:\/\/www.linkedin.com\/company\/forbes-belgium\/"]},{"@type":"Person","@id":"https:\/\/www.forbes.be\/fr\/#\/schema\/person\/5e9af5383f8e0ffec564788f40ac92c8","name":"Martin Boonen","image":{"@type":"ImageObject","inLanguage":"fr-FR","@id":"https:\/\/www.forbes.be\/fr\/wp-content\/uploads\/2025\/10\/capture-decran-2024-11-15-a-093849-300x300-1-100x100.png","url":"https:\/\/www.forbes.be\/fr\/wp-content\/uploads\/2025\/10\/capture-decran-2024-11-15-a-093849-300x300-1-100x100.png","contentUrl":"https:\/\/www.forbes.be\/fr\/wp-content\/uploads\/2025\/10\/capture-decran-2024-11-15-a-093849-300x300-1-100x100.png","caption":"Martin Boonen"},"description":"Martin Boonen est journaliste dipl\u00f4m\u00e9 de l'Institut de Journalisme de Bruxelles (2012). Il collabor\u00e9 avec de nombreuses r\u00e9dactions \u00e0 diff\u00e9rent niveau de responsabilit\u00e9 : journaliste, chef de rubrique, secr\u00e9taire de r\u00e9daction et r\u00e9dacteur en chef, tant sur le web que pour la presse imprim\u00e9e. Sp\u00e9cialis\u00e9 dans les startups et l'entrepreneuriat \u00e0 impact, il est devenu en 2025 r\u00e9dacteur en chef du site web de Forbes Belgique. Il est affili\u00e9 \u00e0 l'Organisation Mondiale de la Presse P\u00e9riodique depuis 2011.","sameAs":["https:\/\/www.linkedin.com\/in\/martin-boonen-61499951\/"],"url":"https:\/\/www.forbes.be\/fr\/author\/martin-boonen\/"}]}},"_links":{"self":[{"href":"https:\/\/www.forbes.be\/fr\/wp-json\/wp\/v2\/posts\/14834","targetHints":{"allow":["GET"]}}],"collection":[{"href":"https:\/\/www.forbes.be\/fr\/wp-json\/wp\/v2\/posts"}],"about":[{"href":"https:\/\/www.forbes.be\/fr\/wp-json\/wp\/v2\/types\/post"}],"author":[{"embeddable":true,"href":"https:\/\/www.forbes.be\/fr\/wp-json\/wp\/v2\/users\/47"}],"replies":[{"embeddable":true,"href":"https:\/\/www.forbes.be\/fr\/wp-json\/wp\/v2\/comments?post=14834"}],"version-history":[{"count":2,"href":"https:\/\/www.forbes.be\/fr\/wp-json\/wp\/v2\/posts\/14834\/revisions"}],"predecessor-version":[{"id":14839,"href":"https:\/\/www.forbes.be\/fr\/wp-json\/wp\/v2\/posts\/14834\/revisions\/14839"}],"wp:featuredmedia":[{"embeddable":true,"href":"https:\/\/www.forbes.be\/fr\/wp-json\/wp\/v2\/media\/14835"}],"wp:attachment":[{"href":"https:\/\/www.forbes.be\/fr\/wp-json\/wp\/v2\/media?parent=14834"}],"wp:term":[{"taxonomy":"category","embeddable":true,"href":"https:\/\/www.forbes.be\/fr\/wp-json\/wp\/v2\/categories?post=14834"},{"taxonomy":"post_tag","embeddable":true,"href":"https:\/\/www.forbes.be\/fr\/wp-json\/wp\/v2\/tags?post=14834"}],"curies":[{"name":"wp","href":"https:\/\/api.w.org\/{rel}","templated":true}]}}