{"id":14861,"date":"2026-01-16T12:35:58","date_gmt":"2026-01-16T11:35:58","guid":{"rendered":"https:\/\/www.forbes.be\/fr\/?p=14861"},"modified":"2026-01-16T12:35:58","modified_gmt":"2026-01-16T11:35:58","slug":"le-mois-des-galeries-et-musees-de-forbes-janvier-2026","status":"publish","type":"post","link":"https:\/\/www.forbes.be\/fr\/le-mois-des-galeries-et-musees-de-forbes-janvier-2026\/","title":{"rendered":"Le mois des galeries et mus\u00e9es de Forbes \u2013 janvier 2026"},"content":{"rendered":"<p><strong>Chaque mois, Forbes.be vous propose une s\u00e9lection d\u2019expositions \u00e0 d\u00e9couvrir dans les mus\u00e9es et galeries d\u2019art en Belgique. En janvier, Bruxelles ouvre une maison historique et expose cinq femmes.<\/strong><\/p>\n<h2>Maison Hannon<\/h2>\n<figure id=\"attachment_14875\" aria-describedby=\"caption-attachment-14875\" style=\"width: 2382px\" class=\"wp-caption alignnone\"><img loading=\"lazy\" decoding=\"async\" class=\"size-full wp-image-14875\" src=\"https:\/\/www.forbes.be\/fr\/wp-content\/uploads\/2026\/01\/maison-hannon-jean-delville-lange-des-splendeurs.jpeg\" alt=\"\" width=\"2382\" height=\"2035\" srcset=\"https:\/\/www.forbes.be\/fr\/wp-content\/uploads\/2026\/01\/maison-hannon-jean-delville-lange-des-splendeurs.jpeg 2382w, https:\/\/www.forbes.be\/fr\/wp-content\/uploads\/2026\/01\/maison-hannon-jean-delville-lange-des-splendeurs-300x256.jpeg 300w, https:\/\/www.forbes.be\/fr\/wp-content\/uploads\/2026\/01\/maison-hannon-jean-delville-lange-des-splendeurs-1024x875.jpeg 1024w, https:\/\/www.forbes.be\/fr\/wp-content\/uploads\/2026\/01\/maison-hannon-jean-delville-lange-des-splendeurs-768x656.jpeg 768w, https:\/\/www.forbes.be\/fr\/wp-content\/uploads\/2026\/01\/maison-hannon-jean-delville-lange-des-splendeurs-1536x1312.jpeg 1536w, https:\/\/www.forbes.be\/fr\/wp-content\/uploads\/2026\/01\/maison-hannon-jean-delville-lange-des-splendeurs-2048x1750.jpeg 2048w, https:\/\/www.forbes.be\/fr\/wp-content\/uploads\/2026\/01\/maison-hannon-jean-delville-lange-des-splendeurs-696x595.jpeg 696w, https:\/\/www.forbes.be\/fr\/wp-content\/uploads\/2026\/01\/maison-hannon-jean-delville-lange-des-splendeurs-1068x912.jpeg 1068w, https:\/\/www.forbes.be\/fr\/wp-content\/uploads\/2026\/01\/maison-hannon-jean-delville-lange-des-splendeurs-1920x1640.jpeg 1920w, https:\/\/www.forbes.be\/fr\/wp-content\/uploads\/2026\/01\/maison-hannon-jean-delville-lange-des-splendeurs-600x513.jpeg 600w\" sizes=\"auto, (max-width: 2382px) 100vw, 2382px\" \/><figcaption id=\"caption-attachment-14875\" class=\"wp-caption-text\">Depot<\/figcaption><\/figure>\n<p>Avec <em>\u00c9cho des songes<\/em>, \u00e0 la <strong>Maison Hannon<\/strong>, le visiteur d\u00e9couvrira 80 \u0153uvres de figures embl\u00e9matiques du Symbolisme belge et fran\u00e7ais : Victor Rousseau, \u00c9mile Gall\u00e9, Fernand Khnopff, Jean Delville, Jeanne de Tallenay, Charles van der Stappen, George Minne ou Jef Lambeaux, sans oublier le magistral Fernand Khnopff (18581921). \u00c0 leur \u00e9poque d\u2019urbanisation et de machinisme, l\u2019art et la po\u00e9sie, deviennent un refuge. Les artistes caressent des espoirs et des r\u00eaves dans leur qu\u00eate de sens. Ils ne cherchent plus \u00e0 nommer mais \u00e0 exprimer en ouvrant des br\u00e8ches dans le visible, un passage entre le monde et l\u2019esprit. Les r\u00e9alistes choisissent de repr\u00e9senter ce passage avec lucidit\u00e9. Les naturalistes scrutent les lois du vivant. Les symbolistes, eux, opposent \u00e0 la mati\u00e8re une qu\u00eate spirituelle, une vision transfigur\u00e9e du r\u00e9el. Ces \u0153uvres proviennent de collections priv\u00e9es d\u2019exception, comme L\u2019Atelier symboliste, et de prestigieuses institutions, telles que les Mus\u00e9es royaux des Beaux-Arts de Belgique (Collection Gillion-Crowet), la KBR, le Mus\u00e9e des Beaux-Arts de Tournai.<\/p>\n<ul>\n<li><a href=\"http:\/\/www.maisonhannon.be\" target=\"_blank\" rel=\"noopener\"><em>www.maisonhannon.be<\/em><\/a><\/li>\n<\/ul>\n<h2>Deux nomades chez Nino Mier<\/h2>\n<p><em>As it stands<\/em>, la nouvelle exposition solo de l\u2019Anglaise <strong>Lucienne O&rsquo;Mara<\/strong> m\u00eale g\u00e9om\u00e9trie \u00e0 main lev\u00e9e et coups de pinceau expressifs maniant l\u2019ordre et le d\u00e9sordre. Ses motifs carr\u00e9s r\u00e9p\u00e9t\u00e9s cr\u00e9ent un rythme flottant qui s&rsquo;inspire de l&rsquo;esth\u00e9tique moderniste, rejouant l&rsquo;abstraction. Ce faisant, elle s\u2019\u00e9carte des relations spatiales fixes et dispose sur la toile de multiples plans perceptifs cr\u00e9ant une profondeur et des formes fluides et intuitives.<\/p>\n<p>Quant \u00e0 <strong>Carole Ebtinger<\/strong>, n\u00e9e au Vietnam, \u00e9lev\u00e9e entre France et Belgique, elle construit intuitivement des surfaces impressionnistes m\u00e9ditatives et anim\u00e9es de pr\u00e9sences ferventes. Son enfance transpara\u00eet dans l&rsquo;\u00e9motion tactile de son geste, inspir\u00e9 de plusieurs traditions de l&rsquo;histoire de l&rsquo;art.<\/p>\n<ul>\n<li><a href=\"http:\/\/www.miergallery.com\" target=\"_blank\" rel=\"noopener\"><em>www.miergallery.com<\/em><\/a><\/li>\n<\/ul>\n<h2>Une franco-japonaise<\/h2>\n<figure id=\"attachment_14872\" aria-describedby=\"caption-attachment-14872\" style=\"width: 1920px\" class=\"wp-caption alignnone\"><img loading=\"lazy\" decoding=\"async\" class=\"size-full wp-image-14872\" src=\"https:\/\/www.forbes.be\/fr\/wp-content\/uploads\/2026\/01\/galerie-mestdagh-tiffany-bouelle-femme-objet-scaled.jpg\" alt=\"\" width=\"1920\" height=\"2560\" srcset=\"https:\/\/www.forbes.be\/fr\/wp-content\/uploads\/2026\/01\/galerie-mestdagh-tiffany-bouelle-femme-objet-scaled.jpg 1920w, https:\/\/www.forbes.be\/fr\/wp-content\/uploads\/2026\/01\/galerie-mestdagh-tiffany-bouelle-femme-objet-225x300.jpg 225w, https:\/\/www.forbes.be\/fr\/wp-content\/uploads\/2026\/01\/galerie-mestdagh-tiffany-bouelle-femme-objet-768x1024.jpg 768w, https:\/\/www.forbes.be\/fr\/wp-content\/uploads\/2026\/01\/galerie-mestdagh-tiffany-bouelle-femme-objet-1152x1536.jpg 1152w, https:\/\/www.forbes.be\/fr\/wp-content\/uploads\/2026\/01\/galerie-mestdagh-tiffany-bouelle-femme-objet-1536x2048.jpg 1536w, https:\/\/www.forbes.be\/fr\/wp-content\/uploads\/2026\/01\/galerie-mestdagh-tiffany-bouelle-femme-objet-696x928.jpg 696w, https:\/\/www.forbes.be\/fr\/wp-content\/uploads\/2026\/01\/galerie-mestdagh-tiffany-bouelle-femme-objet-1068x1424.jpg 1068w, https:\/\/www.forbes.be\/fr\/wp-content\/uploads\/2026\/01\/galerie-mestdagh-tiffany-bouelle-femme-objet-600x800.jpg 600w\" sizes=\"auto, (max-width: 1920px) 100vw, 1920px\" \/><figcaption id=\"caption-attachment-14872\" class=\"wp-caption-text\">\u00ab\u00a0Femme objet\u00a0\u00bb, de Tiffany Bouelle, \u00e0 la galerie Mestdagh \u00a9 DR<\/figcaption><\/figure>\n<p><strong>Ondine<\/strong> et <strong>Patrick Mestdagh<\/strong> allient leurs objets d\u2019art tribal d\u2019Asie, d\u2019Afrique et d\u2019Oc\u00e9anie, porteurs de gestes, de croyances et de m\u00e9moires, \u00e0 la franco-japonaise <strong>Tiffany Bouelle<\/strong>, double appartenance qui la lie aux espaces silencieux o\u00f9 les formes se transforment. Son grand p\u00e8re lui transmet l\u2019art de la calligraphie, lui apprend que chaque geste contient une m\u00e9moire. Elle \u00e9largit ce langage au textile, \u00e0 la peinture, au dessin, \u00e0 l\u2019installation et \u00e0 la performance. \u00c0 25 ans, invit\u00e9e \u00e0 cr\u00e9er pour LVMH, elle expose ensuite \u00e0 la Monnaie de Paris, au Mus\u00e9e des Arts et M\u00e9tiers et \u00e0 la foire Asia Now. Partie du minimalisme, avec sa s\u00e9rie <em>La Femme Objet<\/em>, elle aborde des structures botaniques dans la s\u00e9rie <em>Seinaru Mori<\/em> (La for\u00eat sacr\u00e9e du post-partum), puis des \u0153uvres figuratives inspir\u00e9es de visions, de r\u00e9cits populaires et de constructions imaginaires. En 2024, elle pr\u00e9sente sa s\u00e9rie sur les principes du chabana \u00e0 Kyoto et entame en 2025 un nouveau cycle sur les catastrophes naturelles.<\/p>\n<ul>\n<li><a href=\"http:\/\/www.patrickmestdagh.be\" target=\"_blank\" rel=\"noopener\"><em>www.patrickmestdagh.be<\/em><\/a><\/li>\n<\/ul>\n<h2>C\u00e9ramiques et tissages chez Constantin Chariot<\/h2>\n<p><img loading=\"lazy\" decoding=\"async\" class=\"alignnone size-full wp-image-14871\" src=\"https:\/\/www.forbes.be\/fr\/wp-content\/uploads\/2026\/01\/benedicte-petrement-chez-constantin-chariot-scaled.jpg\" alt=\"Benedicte Petrement, chez Constantin Chariot \u00a9 DR\" width=\"1920\" height=\"2560\" srcset=\"https:\/\/www.forbes.be\/fr\/wp-content\/uploads\/2026\/01\/benedicte-petrement-chez-constantin-chariot-scaled.jpg 1920w, https:\/\/www.forbes.be\/fr\/wp-content\/uploads\/2026\/01\/benedicte-petrement-chez-constantin-chariot-225x300.jpg 225w, https:\/\/www.forbes.be\/fr\/wp-content\/uploads\/2026\/01\/benedicte-petrement-chez-constantin-chariot-768x1024.jpg 768w, https:\/\/www.forbes.be\/fr\/wp-content\/uploads\/2026\/01\/benedicte-petrement-chez-constantin-chariot-1152x1536.jpg 1152w, https:\/\/www.forbes.be\/fr\/wp-content\/uploads\/2026\/01\/benedicte-petrement-chez-constantin-chariot-1536x2048.jpg 1536w, https:\/\/www.forbes.be\/fr\/wp-content\/uploads\/2026\/01\/benedicte-petrement-chez-constantin-chariot-696x928.jpg 696w, https:\/\/www.forbes.be\/fr\/wp-content\/uploads\/2026\/01\/benedicte-petrement-chez-constantin-chariot-1068x1424.jpg 1068w, https:\/\/www.forbes.be\/fr\/wp-content\/uploads\/2026\/01\/benedicte-petrement-chez-constantin-chariot-600x800.jpg 600w\" sizes=\"auto, (max-width: 1920px) 100vw, 1920px\" \/><\/p>\n<p>L\u2019<strong>Espace Constantin Chariot<\/strong> expose chez <strong>Carlton Properties<\/strong> les c\u00e9ramiques terriennes de <strong>B\u00e9n\u00e9dicte Petrement<\/strong>, cr\u00e9atures d\u2019un r\u00e8gne inconnu, tour \u00e0 tour min\u00e9ral, v\u00e9g\u00e9tal et animal, donc tr\u00e8s organique. Ses sculptures biomorphiques empruntent \u00e0 ces mondes leurs expressions vitales, leurs formes nervur\u00e9es et leurs couleurs sourdes. Elles sont associ\u00e9es aux tissages m\u00e9ditatifs de Fran\u00e7oise Hustin, qui portent une lumi\u00e8re, celle de l\u2019esprit et d\u2019une transcendance, \u00e0 travers cet exercice tr\u00e8s d\u00e9licat du tissage du m\u00e9tal.<\/p>\n<ul>\n<li><a href=\"http:\/\/www.espaceconstantinchariot.com\" target=\"_blank\" rel=\"noopener\"><em>www.espaceconstantinchariot.com<\/em><\/a><\/li>\n<\/ul>\n","protected":false},"excerpt":{"rendered":"<p>Chaque mois, Forbes.be vous propose une s\u00e9lection d\u2019expositions \u00e0 d\u00e9couvrir dans les mus\u00e9es et galeries d\u2019art en Belgique. En janvier, Bruxelles ouvre une maison historique et expose cinq femmes. Maison Hannon Avec \u00c9cho des songes, \u00e0 la Maison Hannon, le visiteur d\u00e9couvrira 80 \u0153uvres de figures embl\u00e9matiques du Symbolisme belge et fran\u00e7ais : Victor Rousseau, [&hellip;]<\/p>\n","protected":false},"author":27,"featured_media":14873,"comment_status":"closed","ping_status":"closed","sticky":false,"template":"","format":"standard","meta":{"_acf_changed":false,"inline_featured_image":false,"footnotes":""},"categories":[1,63,62],"tags":[],"class_list":{"0":"post-14861","1":"post","2":"type-post","3":"status-publish","4":"format-standard","5":"has-post-thumbnail","7":"category-actualite","8":"category-culture","9":"category-marche-de-lart"},"acf":[],"_yoast_wpseo_title":null,"_yoast_wpseo_metadesc":"Symbolisme belge, abstraction contemporaine, art f\u00e9minin et c\u00e9ramique : notre s\u00e9lection Forbes des expositions \u00e0 d\u00e9couvrir en janvier en Belgique.","auteur_traducteur":"","yoast_head":"<!-- This site is optimized with the Yoast SEO plugin v27.4 - https:\/\/yoast.com\/product\/yoast-seo-wordpress\/ -->\n<title>Le mois des galeries et mus\u00e9es de Forbes \u2013 janvier 2026 | Forbes Belgique<\/title>\n<meta name=\"description\" content=\"Symbolisme belge, abstraction contemporaine, art f\u00e9minin et c\u00e9ramique : notre s\u00e9lection Forbes des expositions \u00e0 d\u00e9couvrir en janvier en Belgique.\" \/>\n<meta name=\"robots\" content=\"index, follow, max-snippet:-1, max-image-preview:large, max-video-preview:-1\" \/>\n<link rel=\"canonical\" href=\"https:\/\/www.forbes.be\/fr\/le-mois-des-galeries-et-musees-de-forbes-janvier-2026\/\" \/>\n<meta property=\"og:locale\" content=\"fr_FR\" \/>\n<meta property=\"og:type\" content=\"article\" \/>\n<meta property=\"og:title\" content=\"Le mois des galeries et mus\u00e9es de Forbes \u2013 janvier 2026 | Forbes Belgique\" \/>\n<meta property=\"og:description\" content=\"Symbolisme belge, abstraction contemporaine, art f\u00e9minin et c\u00e9ramique : notre s\u00e9lection Forbes des expositions \u00e0 d\u00e9couvrir en janvier en Belgique.\" \/>\n<meta property=\"og:url\" content=\"https:\/\/www.forbes.be\/fr\/le-mois-des-galeries-et-musees-de-forbes-janvier-2026\/\" \/>\n<meta property=\"og:site_name\" content=\"Forbes Belgique\" \/>\n<meta property=\"article:publisher\" content=\"https:\/\/www.facebook.com\/forbesbelgique\/\" \/>\n<meta property=\"article:published_time\" content=\"2026-01-16T11:35:58+00:00\" \/>\n<meta property=\"og:image\" content=\"https:\/\/www.forbes.be\/fr\/wp-content\/uploads\/2026\/01\/lucienne-omara-chez-nino-mier-e1768562847296.jpg\" \/>\n\t<meta property=\"og:image:width\" content=\"1070\" \/>\n\t<meta property=\"og:image:height\" content=\"560\" \/>\n\t<meta property=\"og:image:type\" content=\"image\/jpeg\" \/>\n<meta name=\"author\" content=\"Johan-Fr\u00e9d\u00e9rik Hel Guedj\" \/>\n<meta name=\"twitter:card\" content=\"summary_large_image\" \/>\n<meta name=\"twitter:label1\" content=\"\u00c9crit par\" \/>\n\t<meta name=\"twitter:data1\" content=\"Johan-Fr\u00e9d\u00e9rik Hel Guedj\" \/>\n\t<meta name=\"twitter:label2\" content=\"Dur\u00e9e de lecture estim\u00e9e\" \/>\n\t<meta name=\"twitter:data2\" content=\"4 minutes\" \/>\n<script type=\"application\/ld+json\" class=\"yoast-schema-graph\">{\"@context\":\"https:\\\/\\\/schema.org\",\"@graph\":[{\"@type\":\"NewsArticle\",\"@id\":\"https:\\\/\\\/www.forbes.be\\\/fr\\\/le-mois-des-galeries-et-musees-de-forbes-janvier-2026\\\/#article\",\"isPartOf\":{\"@id\":\"https:\\\/\\\/www.forbes.be\\\/fr\\\/le-mois-des-galeries-et-musees-de-forbes-janvier-2026\\\/\"},\"author\":{\"name\":\"Johan-Fr\u00e9d\u00e9rik Hel Guedj\",\"@id\":\"https:\\\/\\\/www.forbes.be\\\/fr\\\/#\\\/schema\\\/person\\\/ad1bb0e83419af89356b7b11a6622c80\"},\"headline\":\"Le mois des galeries et mus\u00e9es de Forbes \u2013 janvier 2026\",\"datePublished\":\"2026-01-16T11:35:58+00:00\",\"mainEntityOfPage\":{\"@id\":\"https:\\\/\\\/www.forbes.be\\\/fr\\\/le-mois-des-galeries-et-musees-de-forbes-janvier-2026\\\/\"},\"wordCount\":664,\"publisher\":{\"@id\":\"https:\\\/\\\/www.forbes.be\\\/fr\\\/#organization\"},\"image\":{\"@id\":\"https:\\\/\\\/www.forbes.be\\\/fr\\\/le-mois-des-galeries-et-musees-de-forbes-janvier-2026\\\/#primaryimage\"},\"thumbnailUrl\":\"https:\\\/\\\/www.forbes.be\\\/fr\\\/wp-content\\\/uploads\\\/2026\\\/01\\\/lucienne-omara-chez-nino-mier-e1768562847296.jpg\",\"articleSection\":[\"Actualit\u00e9s\",\"Culture\",\"March\u00e9 de l'art\"],\"inLanguage\":\"fr-FR\"},{\"@type\":\"WebPage\",\"@id\":\"https:\\\/\\\/www.forbes.be\\\/fr\\\/le-mois-des-galeries-et-musees-de-forbes-janvier-2026\\\/\",\"url\":\"https:\\\/\\\/www.forbes.be\\\/fr\\\/le-mois-des-galeries-et-musees-de-forbes-janvier-2026\\\/\",\"name\":\"Le mois des galeries et mus\u00e9es de Forbes \u2013 janvier 2026 | Forbes Belgique\",\"isPartOf\":{\"@id\":\"https:\\\/\\\/www.forbes.be\\\/fr\\\/#website\"},\"primaryImageOfPage\":{\"@id\":\"https:\\\/\\\/www.forbes.be\\\/fr\\\/le-mois-des-galeries-et-musees-de-forbes-janvier-2026\\\/#primaryimage\"},\"image\":{\"@id\":\"https:\\\/\\\/www.forbes.be\\\/fr\\\/le-mois-des-galeries-et-musees-de-forbes-janvier-2026\\\/#primaryimage\"},\"thumbnailUrl\":\"https:\\\/\\\/www.forbes.be\\\/fr\\\/wp-content\\\/uploads\\\/2026\\\/01\\\/lucienne-omara-chez-nino-mier-e1768562847296.jpg\",\"datePublished\":\"2026-01-16T11:35:58+00:00\",\"description\":\"Symbolisme belge, abstraction contemporaine, art f\u00e9minin et c\u00e9ramique : notre s\u00e9lection Forbes des expositions \u00e0 d\u00e9couvrir en janvier en Belgique.\",\"breadcrumb\":{\"@id\":\"https:\\\/\\\/www.forbes.be\\\/fr\\\/le-mois-des-galeries-et-musees-de-forbes-janvier-2026\\\/#breadcrumb\"},\"inLanguage\":\"fr-FR\",\"potentialAction\":[{\"@type\":\"ReadAction\",\"target\":[\"https:\\\/\\\/www.forbes.be\\\/fr\\\/le-mois-des-galeries-et-musees-de-forbes-janvier-2026\\\/\"]}]},{\"@type\":\"ImageObject\",\"inLanguage\":\"fr-FR\",\"@id\":\"https:\\\/\\\/www.forbes.be\\\/fr\\\/le-mois-des-galeries-et-musees-de-forbes-janvier-2026\\\/#primaryimage\",\"url\":\"https:\\\/\\\/www.forbes.be\\\/fr\\\/wp-content\\\/uploads\\\/2026\\\/01\\\/lucienne-omara-chez-nino-mier-e1768562847296.jpg\",\"contentUrl\":\"https:\\\/\\\/www.forbes.be\\\/fr\\\/wp-content\\\/uploads\\\/2026\\\/01\\\/lucienne-omara-chez-nino-mier-e1768562847296.jpg\",\"width\":1070,\"height\":560,\"caption\":\"Lucienne Omara, chez Nino Mier \u00a9 DR\"},{\"@type\":\"BreadcrumbList\",\"@id\":\"https:\\\/\\\/www.forbes.be\\\/fr\\\/le-mois-des-galeries-et-musees-de-forbes-janvier-2026\\\/#breadcrumb\",\"itemListElement\":[{\"@type\":\"ListItem\",\"position\":1,\"name\":\"Accueil\",\"item\":\"https:\\\/\\\/www.forbes.be\\\/fr\\\/\"},{\"@type\":\"ListItem\",\"position\":2,\"name\":\"Le mois des galeries et mus\u00e9es de Forbes \u2013 janvier 2026\"}]},{\"@type\":\"WebSite\",\"@id\":\"https:\\\/\\\/www.forbes.be\\\/fr\\\/#website\",\"url\":\"https:\\\/\\\/www.forbes.be\\\/fr\\\/\",\"name\":\"Forbes Belgique\",\"description\":\"\",\"publisher\":{\"@id\":\"https:\\\/\\\/www.forbes.be\\\/fr\\\/#organization\"},\"potentialAction\":[{\"@type\":\"SearchAction\",\"target\":{\"@type\":\"EntryPoint\",\"urlTemplate\":\"https:\\\/\\\/www.forbes.be\\\/fr\\\/?s={search_term_string}\"},\"query-input\":{\"@type\":\"PropertyValueSpecification\",\"valueRequired\":true,\"valueName\":\"search_term_string\"}}],\"inLanguage\":\"fr-FR\"},{\"@type\":\"Organization\",\"@id\":\"https:\\\/\\\/www.forbes.be\\\/fr\\\/#organization\",\"name\":\"Forbes Belgique\",\"url\":\"https:\\\/\\\/www.forbes.be\\\/fr\\\/\",\"logo\":{\"@type\":\"ImageObject\",\"inLanguage\":\"fr-FR\",\"@id\":\"https:\\\/\\\/www.forbes.be\\\/fr\\\/#\\\/schema\\\/logo\\\/image\\\/\",\"url\":\"https:\\\/\\\/www.forbes.be\\\/fr\\\/wp-content\\\/uploads\\\/2024\\\/02\\\/forbes.be_.png\",\"contentUrl\":\"https:\\\/\\\/www.forbes.be\\\/fr\\\/wp-content\\\/uploads\\\/2024\\\/02\\\/forbes.be_.png\",\"width\":1200,\"height\":675,\"caption\":\"Forbes Belgique\"},\"image\":{\"@id\":\"https:\\\/\\\/www.forbes.be\\\/fr\\\/#\\\/schema\\\/logo\\\/image\\\/\"},\"sameAs\":[\"https:\\\/\\\/www.facebook.com\\\/forbesbelgique\\\/\",\"https:\\\/\\\/www.instagram.com\\\/Forbes_Belgium\",\"https:\\\/\\\/www.linkedin.com\\\/company\\\/forbes-belgium\\\/\"]},{\"@type\":\"Person\",\"@id\":\"https:\\\/\\\/www.forbes.be\\\/fr\\\/#\\\/schema\\\/person\\\/ad1bb0e83419af89356b7b11a6622c80\",\"name\":\"Johan-Fr\u00e9d\u00e9rik Hel Guedj\",\"image\":{\"@type\":\"ImageObject\",\"inLanguage\":\"fr-FR\",\"@id\":\"https:\\\/\\\/secure.gravatar.com\\\/avatar\\\/65333543693434f2cc9fdefb3173b162df98712d00606b00b3d43914f79a1598?s=96&d=mm&r=g\",\"url\":\"https:\\\/\\\/secure.gravatar.com\\\/avatar\\\/65333543693434f2cc9fdefb3173b162df98712d00606b00b3d43914f79a1598?s=96&d=mm&r=g\",\"contentUrl\":\"https:\\\/\\\/secure.gravatar.com\\\/avatar\\\/65333543693434f2cc9fdefb3173b162df98712d00606b00b3d43914f79a1598?s=96&d=mm&r=g\",\"caption\":\"Johan-Fr\u00e9d\u00e9rik Hel Guedj\"},\"description\":\"Johan-Frederik Hel Guedj est journaliste et auteur fran\u00e7ais. R\u00e9dacteur en chef pendant 7 ans de la revue Pouvoirs Locaux, consacr\u00e9e aux politiques culturelles, il a publi\u00e9 huit ouvrages chez des \u00e9diteurs fran\u00e7ais et belges, dont deux romans, un essai consacr\u00e9 \u00e0 Orson Welles, et quatre livres d\u2019art. En plus de Forbes, il collabore \u00e0 L\u2019Echo et au Quotidien de l\u2019Art (Paris).\",\"url\":\"https:\\\/\\\/www.forbes.be\\\/fr\\\/author\\\/johan-frederik-hel-guedj\\\/\"}]}<\/script>\n<!-- \/ Yoast SEO plugin. -->","yoast_head_json":{"title":"Le mois des galeries et mus\u00e9es de Forbes \u2013 janvier 2026 | Forbes Belgique","description":"Symbolisme belge, abstraction contemporaine, art f\u00e9minin et c\u00e9ramique : notre s\u00e9lection Forbes des expositions \u00e0 d\u00e9couvrir en janvier en Belgique.","robots":{"index":"index","follow":"follow","max-snippet":"max-snippet:-1","max-image-preview":"max-image-preview:large","max-video-preview":"max-video-preview:-1"},"canonical":"https:\/\/www.forbes.be\/fr\/le-mois-des-galeries-et-musees-de-forbes-janvier-2026\/","og_locale":"fr_FR","og_type":"article","og_title":"Le mois des galeries et mus\u00e9es de Forbes \u2013 janvier 2026 | Forbes Belgique","og_description":"Symbolisme belge, abstraction contemporaine, art f\u00e9minin et c\u00e9ramique : notre s\u00e9lection Forbes des expositions \u00e0 d\u00e9couvrir en janvier en Belgique.","og_url":"https:\/\/www.forbes.be\/fr\/le-mois-des-galeries-et-musees-de-forbes-janvier-2026\/","og_site_name":"Forbes Belgique","article_publisher":"https:\/\/www.facebook.com\/forbesbelgique\/","article_published_time":"2026-01-16T11:35:58+00:00","og_image":[{"width":1070,"height":560,"url":"https:\/\/www.forbes.be\/fr\/wp-content\/uploads\/2026\/01\/lucienne-omara-chez-nino-mier-e1768562847296.jpg","type":"image\/jpeg"}],"author":"Johan-Fr\u00e9d\u00e9rik Hel Guedj","twitter_card":"summary_large_image","twitter_misc":{"\u00c9crit par":"Johan-Fr\u00e9d\u00e9rik Hel Guedj","Dur\u00e9e de lecture estim\u00e9e":"4 minutes"},"schema":{"@context":"https:\/\/schema.org","@graph":[{"@type":"NewsArticle","@id":"https:\/\/www.forbes.be\/fr\/le-mois-des-galeries-et-musees-de-forbes-janvier-2026\/#article","isPartOf":{"@id":"https:\/\/www.forbes.be\/fr\/le-mois-des-galeries-et-musees-de-forbes-janvier-2026\/"},"author":{"name":"Johan-Fr\u00e9d\u00e9rik Hel Guedj","@id":"https:\/\/www.forbes.be\/fr\/#\/schema\/person\/ad1bb0e83419af89356b7b11a6622c80"},"headline":"Le mois des galeries et mus\u00e9es de Forbes \u2013 janvier 2026","datePublished":"2026-01-16T11:35:58+00:00","mainEntityOfPage":{"@id":"https:\/\/www.forbes.be\/fr\/le-mois-des-galeries-et-musees-de-forbes-janvier-2026\/"},"wordCount":664,"publisher":{"@id":"https:\/\/www.forbes.be\/fr\/#organization"},"image":{"@id":"https:\/\/www.forbes.be\/fr\/le-mois-des-galeries-et-musees-de-forbes-janvier-2026\/#primaryimage"},"thumbnailUrl":"https:\/\/www.forbes.be\/fr\/wp-content\/uploads\/2026\/01\/lucienne-omara-chez-nino-mier-e1768562847296.jpg","articleSection":["Actualit\u00e9s","Culture","March\u00e9 de l'art"],"inLanguage":"fr-FR"},{"@type":"WebPage","@id":"https:\/\/www.forbes.be\/fr\/le-mois-des-galeries-et-musees-de-forbes-janvier-2026\/","url":"https:\/\/www.forbes.be\/fr\/le-mois-des-galeries-et-musees-de-forbes-janvier-2026\/","name":"Le mois des galeries et mus\u00e9es de Forbes \u2013 janvier 2026 | Forbes Belgique","isPartOf":{"@id":"https:\/\/www.forbes.be\/fr\/#website"},"primaryImageOfPage":{"@id":"https:\/\/www.forbes.be\/fr\/le-mois-des-galeries-et-musees-de-forbes-janvier-2026\/#primaryimage"},"image":{"@id":"https:\/\/www.forbes.be\/fr\/le-mois-des-galeries-et-musees-de-forbes-janvier-2026\/#primaryimage"},"thumbnailUrl":"https:\/\/www.forbes.be\/fr\/wp-content\/uploads\/2026\/01\/lucienne-omara-chez-nino-mier-e1768562847296.jpg","datePublished":"2026-01-16T11:35:58+00:00","description":"Symbolisme belge, abstraction contemporaine, art f\u00e9minin et c\u00e9ramique : notre s\u00e9lection Forbes des expositions \u00e0 d\u00e9couvrir en janvier en Belgique.","breadcrumb":{"@id":"https:\/\/www.forbes.be\/fr\/le-mois-des-galeries-et-musees-de-forbes-janvier-2026\/#breadcrumb"},"inLanguage":"fr-FR","potentialAction":[{"@type":"ReadAction","target":["https:\/\/www.forbes.be\/fr\/le-mois-des-galeries-et-musees-de-forbes-janvier-2026\/"]}]},{"@type":"ImageObject","inLanguage":"fr-FR","@id":"https:\/\/www.forbes.be\/fr\/le-mois-des-galeries-et-musees-de-forbes-janvier-2026\/#primaryimage","url":"https:\/\/www.forbes.be\/fr\/wp-content\/uploads\/2026\/01\/lucienne-omara-chez-nino-mier-e1768562847296.jpg","contentUrl":"https:\/\/www.forbes.be\/fr\/wp-content\/uploads\/2026\/01\/lucienne-omara-chez-nino-mier-e1768562847296.jpg","width":1070,"height":560,"caption":"Lucienne Omara, chez Nino Mier \u00a9 DR"},{"@type":"BreadcrumbList","@id":"https:\/\/www.forbes.be\/fr\/le-mois-des-galeries-et-musees-de-forbes-janvier-2026\/#breadcrumb","itemListElement":[{"@type":"ListItem","position":1,"name":"Accueil","item":"https:\/\/www.forbes.be\/fr\/"},{"@type":"ListItem","position":2,"name":"Le mois des galeries et mus\u00e9es de Forbes \u2013 janvier 2026"}]},{"@type":"WebSite","@id":"https:\/\/www.forbes.be\/fr\/#website","url":"https:\/\/www.forbes.be\/fr\/","name":"Forbes Belgique","description":"","publisher":{"@id":"https:\/\/www.forbes.be\/fr\/#organization"},"potentialAction":[{"@type":"SearchAction","target":{"@type":"EntryPoint","urlTemplate":"https:\/\/www.forbes.be\/fr\/?s={search_term_string}"},"query-input":{"@type":"PropertyValueSpecification","valueRequired":true,"valueName":"search_term_string"}}],"inLanguage":"fr-FR"},{"@type":"Organization","@id":"https:\/\/www.forbes.be\/fr\/#organization","name":"Forbes Belgique","url":"https:\/\/www.forbes.be\/fr\/","logo":{"@type":"ImageObject","inLanguage":"fr-FR","@id":"https:\/\/www.forbes.be\/fr\/#\/schema\/logo\/image\/","url":"https:\/\/www.forbes.be\/fr\/wp-content\/uploads\/2024\/02\/forbes.be_.png","contentUrl":"https:\/\/www.forbes.be\/fr\/wp-content\/uploads\/2024\/02\/forbes.be_.png","width":1200,"height":675,"caption":"Forbes Belgique"},"image":{"@id":"https:\/\/www.forbes.be\/fr\/#\/schema\/logo\/image\/"},"sameAs":["https:\/\/www.facebook.com\/forbesbelgique\/","https:\/\/www.instagram.com\/Forbes_Belgium","https:\/\/www.linkedin.com\/company\/forbes-belgium\/"]},{"@type":"Person","@id":"https:\/\/www.forbes.be\/fr\/#\/schema\/person\/ad1bb0e83419af89356b7b11a6622c80","name":"Johan-Fr\u00e9d\u00e9rik Hel Guedj","image":{"@type":"ImageObject","inLanguage":"fr-FR","@id":"https:\/\/secure.gravatar.com\/avatar\/65333543693434f2cc9fdefb3173b162df98712d00606b00b3d43914f79a1598?s=96&d=mm&r=g","url":"https:\/\/secure.gravatar.com\/avatar\/65333543693434f2cc9fdefb3173b162df98712d00606b00b3d43914f79a1598?s=96&d=mm&r=g","contentUrl":"https:\/\/secure.gravatar.com\/avatar\/65333543693434f2cc9fdefb3173b162df98712d00606b00b3d43914f79a1598?s=96&d=mm&r=g","caption":"Johan-Fr\u00e9d\u00e9rik Hel Guedj"},"description":"Johan-Frederik Hel Guedj est journaliste et auteur fran\u00e7ais. R\u00e9dacteur en chef pendant 7 ans de la revue Pouvoirs Locaux, consacr\u00e9e aux politiques culturelles, il a publi\u00e9 huit ouvrages chez des \u00e9diteurs fran\u00e7ais et belges, dont deux romans, un essai consacr\u00e9 \u00e0 Orson Welles, et quatre livres d\u2019art. En plus de Forbes, il collabore \u00e0 L\u2019Echo et au Quotidien de l\u2019Art (Paris).","url":"https:\/\/www.forbes.be\/fr\/author\/johan-frederik-hel-guedj\/"}]}},"_links":{"self":[{"href":"https:\/\/www.forbes.be\/fr\/wp-json\/wp\/v2\/posts\/14861","targetHints":{"allow":["GET"]}}],"collection":[{"href":"https:\/\/www.forbes.be\/fr\/wp-json\/wp\/v2\/posts"}],"about":[{"href":"https:\/\/www.forbes.be\/fr\/wp-json\/wp\/v2\/types\/post"}],"author":[{"embeddable":true,"href":"https:\/\/www.forbes.be\/fr\/wp-json\/wp\/v2\/users\/27"}],"replies":[{"embeddable":true,"href":"https:\/\/www.forbes.be\/fr\/wp-json\/wp\/v2\/comments?post=14861"}],"version-history":[{"count":3,"href":"https:\/\/www.forbes.be\/fr\/wp-json\/wp\/v2\/posts\/14861\/revisions"}],"predecessor-version":[{"id":14877,"href":"https:\/\/www.forbes.be\/fr\/wp-json\/wp\/v2\/posts\/14861\/revisions\/14877"}],"wp:featuredmedia":[{"embeddable":true,"href":"https:\/\/www.forbes.be\/fr\/wp-json\/wp\/v2\/media\/14873"}],"wp:attachment":[{"href":"https:\/\/www.forbes.be\/fr\/wp-json\/wp\/v2\/media?parent=14861"}],"wp:term":[{"taxonomy":"category","embeddable":true,"href":"https:\/\/www.forbes.be\/fr\/wp-json\/wp\/v2\/categories?post=14861"},{"taxonomy":"post_tag","embeddable":true,"href":"https:\/\/www.forbes.be\/fr\/wp-json\/wp\/v2\/tags?post=14861"}],"curies":[{"name":"wp","href":"https:\/\/api.w.org\/{rel}","templated":true}]}}