{"id":14878,"date":"2026-03-29T07:22:53","date_gmt":"2026-03-29T05:22:53","guid":{"rendered":"https:\/\/www.forbes.be\/fr\/?p=14878"},"modified":"2026-03-24T12:24:03","modified_gmt":"2026-03-24T11:24:03","slug":"val-duchesse-tresor-du-patrimoine-europeen","status":"publish","type":"post","link":"https:\/\/www.forbes.be\/fr\/val-duchesse-tresor-du-patrimoine-europeen\/","title":{"rendered":"Val Duchesse, tr\u00e9sor du patrimoine europ\u00e9en"},"content":{"rendered":"<p class=\"p1\"><strong><span class=\"s1\">Le Domaine de Val Duchesse est un site patrimonial remarquable, comprenant \u00e0 la fois un ch\u00e2teau et un prieur\u00e9, lov\u00e9 dans un havre de verdure de 25 hectares, situ\u00e9 au Boulevard du Souverain \u00e0 Bruxelles \u00e0 proximit\u00e9 de la For\u00eat de Soignes. Mais au-del\u00e0 de cet aspect mat\u00e9riel, ce haut lieu rel\u00e8ve \u00e9galement du patrimoine immat\u00e9riel de l\u2019Union Europ\u00e9enne puisqu\u2019il a \u00e9t\u00e9 le th\u00e9\u00e2tre de la Conf\u00e9rence Intergouvernementale pour le March\u00e9 Commun et l\u2019Euratom qui permit la signature des Trait\u00e9s de Rome le 25 mars 1957\u2026<\/span><\/strong><\/p>\n<p class=\"p1\"><span class=\"s1\">En r\u00e9alit\u00e9, l\u2019histoire de Val Duchesse commen\u00e7a au XIII<sup>\u00e8me<\/sup> si\u00e8cle, tr\u00e8s pr\u00e9cis\u00e9ment le 28 f\u00e9vrier 1261, \u00e0 Louvain, lorsque le duc Henri III de Brabant d\u00e9c\u00e9da. La l\u00e9gende raconte que pour se consoler, sa veuve, Aleyde de Bourgogne, d\u00e9cida de cr\u00e9er un lieu de paix et de d\u00e9votion \u00e0 proximit\u00e9 de la Chapelle Sainte-Anne dans le hameau d\u2019Auderghem. C\u2019est ainsi qu\u2019elle fonda un prieur\u00e9 de s\u0153urs dominicaines, qui fut nomm\u00e9 \u00ab\u00a0Hertoginnedal\u00a0\u00bb (Val Duchesse). Ce couvent, install\u00e9 \u00e0 l\u2019or\u00e9e de la For\u00eat de Soignes, prosp\u00e9ra rapidement, se d\u00e9veloppant sur un important territoire qui allait \u00e9chapper \u00e0 la guerre pendant trois si\u00e8cles. Puis, \u00e0 partir de 1562, ce fut le d\u00e9but d\u2019une longue s\u00e9rie de mises \u00e0 sac qui se prolong\u00e8rent jusqu\u2019au XVII<sup>\u00e8me<\/sup> si\u00e8cle. Les s\u0153urs durent attendre l\u2019\u00e9poque autrichienne pour retrouver la paix. En 1780, elles proc\u00e9d\u00e8rent \u00e0 la construction du ch\u00e2teau. H\u00e9las, en mai 1783, sur d\u00e9cret de l\u2019Empereur Joseph II, la fermeture des lieux fut ordonn\u00e9e. Cette d\u00e9cision fut confirm\u00e9e en 1796 par les R\u00e9volutionnaires fran\u00e7ais. Ensuite, les b\u00e2timents furent vendus plusieurs fois durant le XIX<sup>\u00e8me<\/sup> si\u00e8cle\u2026<\/span><\/p>\n<blockquote>\n<p class=\"p3\"><span class=\"s2\"><span class=\"Apple-converted-space\">\u00a0<\/span>Val Duchesse<\/span><span class=\"s1\"> joua un r\u00f4le d\u00e9cisif dans l\u2019histoire de la <\/span><span class=\"s2\">construction europ\u00e9enne<\/span><span class=\"s1\">.<span class=\"Apple-converted-space\">\u00a0<\/span><\/span><\/p>\n<\/blockquote>\n<p class=\"p1\"><span class=\"s1\">Le 21 octobre 1903, le banquier Charles Henri Dietrich redonna vie au domaine de Val Duchesse en l\u2019achetant. A cette \u00e9poque, le prieur\u00e9 n\u2019existait plus. Seuls subsistaient une aile du ch\u00e2teau, une partie du mur d\u2019enceinte et quelques b\u00e2timents ruraux. Sous la direction de l\u2019architecte Edmond De Vigne (1841-1918), les travaux de restauration et d\u2019agrandissement du ch\u00e2teau furent entrepris entre 1904 et 1907. C\u2019est \u00e0 ce moment-l\u00e0 que l\u2019immeuble fut transform\u00e9 en une r\u00e9sidence somptueuse, d\u00e9cor\u00e9e avec tout le raffinement n\u00e9cessaire. Et en 1915, notre m\u00e9c\u00e8ne fit appel \u00e0 l\u2019architecte Albert Rosenboom (1871-1943) pour reconstruire le prieur\u00e9. En fait, il s\u2019agissait de cr\u00e9er des d\u00e9pendances \u00e0 vocation agricole. Le parc, quant \u00e0 lui, fut am\u00e9nag\u00e9 par l\u2019architecte-paysagiste Louis Breydel (1868-1941). Tout cela faisait de la propri\u00e9t\u00e9 de Charles Dietrich un oasis assez unique dans la p\u00e9riph\u00e9rie bruxelloise.<\/span><\/p>\n<p class=\"p1\"><span class=\"s1\">En 1930, le Domaine de Val Duchesse, selon la volont\u00e9 de Charles Dietrich, fut c\u00e9d\u00e9 \u00e0 la Donation Royale. Le but \u00e9tait d\u2019en faire un lieu de prestige pour accueillir des h\u00f4tes de marque de passage \u00e0 Bruxelles. A la suite du d\u00e9c\u00e8s de Charles Dietrich, en 1939, Val Duchesse connut un d\u00e9labrement certain, que la guerre accentua. Heureusement, apr\u00e8s la Seconde Guerre mondiale, le domaine put rena\u00eetre de ses cendres en devenant le si\u00e8ge de r\u00e9unions politiques internationales. La plus c\u00e9l\u00e8bre eut lieu entre le 26 juin 1956 et le 24 mars 1957 sous la pr\u00e9sidence de notre Ministre des Affaires \u00e9trang\u00e8res de l\u2019\u00e9poque, Paul-Henri Spaak. Cette Conf\u00e9rence Intergouvernementale pour le March\u00e9 Commun et l\u2019Euratom donna naissance \u00e0 la signature des Trait\u00e9s de Rome. Gr\u00e2ce \u00e0 la volont\u00e9 de r\u00e9conciliation port\u00e9e par les Belges, cette r\u00e9union marqua une \u00e9tape d\u00e9cisive dans l\u2019histoire de la construction europ\u00e9enne. C\u2019est aussi cela l\u2019esprit de Val Duchesse\u2026<span class=\"Apple-converted-space\">\u00a0<\/span><\/span><\/p>\n","protected":false},"excerpt":{"rendered":"<p>Le Domaine de Val Duchesse est un site patrimonial remarquable, comprenant \u00e0 la fois un ch\u00e2teau et un prieur\u00e9, lov\u00e9 dans un havre de verdure de 25 hectares, situ\u00e9 au Boulevard du Souverain \u00e0 Bruxelles \u00e0 proximit\u00e9 de la For\u00eat de Soignes. Mais au-del\u00e0 de cet aspect mat\u00e9riel, ce haut lieu rel\u00e8ve \u00e9galement du patrimoine [&hellip;]<\/p>\n","protected":false},"author":42,"featured_media":14881,"comment_status":"closed","ping_status":"closed","sticky":false,"template":"","format":"standard","meta":{"_acf_changed":false,"inline_featured_image":false,"footnotes":""},"categories":[1,63,24],"tags":[],"class_list":{"0":"post-14878","1":"post","2":"type-post","3":"status-publish","4":"format-standard","5":"has-post-thumbnail","7":"category-actualite","8":"category-culture","9":"category-immobilier"},"acf":[],"_yoast_wpseo_title":null,"_yoast_wpseo_metadesc":null,"auteur_traducteur":"","yoast_head":"<!-- This site is optimized with the Yoast SEO plugin v27.4 - https:\/\/yoast.com\/product\/yoast-seo-wordpress\/ -->\n<title>Val Duchesse, tr\u00e9sor du patrimoine europ\u00e9en | Forbes Belgique<\/title>\n<meta name=\"robots\" content=\"index, follow, max-snippet:-1, max-image-preview:large, max-video-preview:-1\" \/>\n<link rel=\"canonical\" href=\"https:\/\/www.forbes.be\/fr\/val-duchesse-tresor-du-patrimoine-europeen\/\" \/>\n<meta property=\"og:locale\" content=\"fr_FR\" \/>\n<meta property=\"og:type\" content=\"article\" \/>\n<meta property=\"og:title\" content=\"Val Duchesse, tr\u00e9sor du patrimoine europ\u00e9en | Forbes Belgique\" \/>\n<meta property=\"og:description\" content=\"Le Domaine de Val Duchesse est un site patrimonial remarquable, comprenant \u00e0 la fois un ch\u00e2teau et un prieur\u00e9, lov\u00e9 dans un havre de verdure de 25 hectares, situ\u00e9 au Boulevard du Souverain \u00e0 Bruxelles \u00e0 proximit\u00e9 de la For\u00eat de Soignes. Mais au-del\u00e0 de cet aspect mat\u00e9riel, ce haut lieu rel\u00e8ve \u00e9galement du patrimoine [&hellip;]\" \/>\n<meta property=\"og:url\" content=\"https:\/\/www.forbes.be\/fr\/val-duchesse-tresor-du-patrimoine-europeen\/\" \/>\n<meta property=\"og:site_name\" content=\"Forbes Belgique\" \/>\n<meta property=\"article:publisher\" content=\"https:\/\/www.facebook.com\/forbesbelgique\/\" \/>\n<meta property=\"article:published_time\" content=\"2026-03-29T05:22:53+00:00\" \/>\n<meta property=\"og:image\" content=\"https:\/\/www.forbes.be\/fr\/wp-content\/uploads\/2026\/01\/auderghem-ch1-1-1.jpg\" \/>\n\t<meta property=\"og:image:width\" content=\"1200\" \/>\n\t<meta property=\"og:image:height\" content=\"628\" \/>\n\t<meta property=\"og:image:type\" content=\"image\/jpeg\" \/>\n<meta name=\"author\" content=\"Paul Grosjean\" \/>\n<meta name=\"twitter:card\" content=\"summary_large_image\" \/>\n<meta name=\"twitter:label1\" content=\"\u00c9crit par\" \/>\n\t<meta name=\"twitter:data1\" content=\"Paul Grosjean\" \/>\n\t<meta name=\"twitter:label2\" content=\"Dur\u00e9e de lecture estim\u00e9e\" \/>\n\t<meta name=\"twitter:data2\" content=\"4 minutes\" \/>\n<script type=\"application\/ld+json\" class=\"yoast-schema-graph\">{\"@context\":\"https:\\\/\\\/schema.org\",\"@graph\":[{\"@type\":\"NewsArticle\",\"@id\":\"https:\\\/\\\/www.forbes.be\\\/fr\\\/val-duchesse-tresor-du-patrimoine-europeen\\\/#article\",\"isPartOf\":{\"@id\":\"https:\\\/\\\/www.forbes.be\\\/fr\\\/val-duchesse-tresor-du-patrimoine-europeen\\\/\"},\"author\":{\"name\":\"Paul Grosjean\",\"@id\":\"https:\\\/\\\/www.forbes.be\\\/fr\\\/#\\\/schema\\\/person\\\/2732a1f2834159eb8362c824ef528d3f\"},\"headline\":\"Val Duchesse, tr\u00e9sor du patrimoine europ\u00e9en\",\"datePublished\":\"2026-03-29T05:22:53+00:00\",\"mainEntityOfPage\":{\"@id\":\"https:\\\/\\\/www.forbes.be\\\/fr\\\/val-duchesse-tresor-du-patrimoine-europeen\\\/\"},\"wordCount\":653,\"publisher\":{\"@id\":\"https:\\\/\\\/www.forbes.be\\\/fr\\\/#organization\"},\"image\":{\"@id\":\"https:\\\/\\\/www.forbes.be\\\/fr\\\/val-duchesse-tresor-du-patrimoine-europeen\\\/#primaryimage\"},\"thumbnailUrl\":\"https:\\\/\\\/www.forbes.be\\\/fr\\\/wp-content\\\/uploads\\\/2026\\\/01\\\/auderghem-ch1-1-1.jpg\",\"articleSection\":[\"Actualit\u00e9s\",\"Culture\",\"Immobilier\"],\"inLanguage\":\"fr-FR\"},{\"@type\":\"WebPage\",\"@id\":\"https:\\\/\\\/www.forbes.be\\\/fr\\\/val-duchesse-tresor-du-patrimoine-europeen\\\/\",\"url\":\"https:\\\/\\\/www.forbes.be\\\/fr\\\/val-duchesse-tresor-du-patrimoine-europeen\\\/\",\"name\":\"Val Duchesse, tr\u00e9sor du patrimoine europ\u00e9en | Forbes Belgique\",\"isPartOf\":{\"@id\":\"https:\\\/\\\/www.forbes.be\\\/fr\\\/#website\"},\"primaryImageOfPage\":{\"@id\":\"https:\\\/\\\/www.forbes.be\\\/fr\\\/val-duchesse-tresor-du-patrimoine-europeen\\\/#primaryimage\"},\"image\":{\"@id\":\"https:\\\/\\\/www.forbes.be\\\/fr\\\/val-duchesse-tresor-du-patrimoine-europeen\\\/#primaryimage\"},\"thumbnailUrl\":\"https:\\\/\\\/www.forbes.be\\\/fr\\\/wp-content\\\/uploads\\\/2026\\\/01\\\/auderghem-ch1-1-1.jpg\",\"datePublished\":\"2026-03-29T05:22:53+00:00\",\"breadcrumb\":{\"@id\":\"https:\\\/\\\/www.forbes.be\\\/fr\\\/val-duchesse-tresor-du-patrimoine-europeen\\\/#breadcrumb\"},\"inLanguage\":\"fr-FR\",\"potentialAction\":[{\"@type\":\"ReadAction\",\"target\":[\"https:\\\/\\\/www.forbes.be\\\/fr\\\/val-duchesse-tresor-du-patrimoine-europeen\\\/\"]}]},{\"@type\":\"ImageObject\",\"inLanguage\":\"fr-FR\",\"@id\":\"https:\\\/\\\/www.forbes.be\\\/fr\\\/val-duchesse-tresor-du-patrimoine-europeen\\\/#primaryimage\",\"url\":\"https:\\\/\\\/www.forbes.be\\\/fr\\\/wp-content\\\/uploads\\\/2026\\\/01\\\/auderghem-ch1-1-1.jpg\",\"contentUrl\":\"https:\\\/\\\/www.forbes.be\\\/fr\\\/wp-content\\\/uploads\\\/2026\\\/01\\\/auderghem-ch1-1-1.jpg\",\"width\":1200,\"height\":628},{\"@type\":\"BreadcrumbList\",\"@id\":\"https:\\\/\\\/www.forbes.be\\\/fr\\\/val-duchesse-tresor-du-patrimoine-europeen\\\/#breadcrumb\",\"itemListElement\":[{\"@type\":\"ListItem\",\"position\":1,\"name\":\"Accueil\",\"item\":\"https:\\\/\\\/www.forbes.be\\\/fr\\\/\"},{\"@type\":\"ListItem\",\"position\":2,\"name\":\"Val Duchesse, tr\u00e9sor du patrimoine europ\u00e9en\"}]},{\"@type\":\"WebSite\",\"@id\":\"https:\\\/\\\/www.forbes.be\\\/fr\\\/#website\",\"url\":\"https:\\\/\\\/www.forbes.be\\\/fr\\\/\",\"name\":\"Forbes Belgique\",\"description\":\"\",\"publisher\":{\"@id\":\"https:\\\/\\\/www.forbes.be\\\/fr\\\/#organization\"},\"potentialAction\":[{\"@type\":\"SearchAction\",\"target\":{\"@type\":\"EntryPoint\",\"urlTemplate\":\"https:\\\/\\\/www.forbes.be\\\/fr\\\/?s={search_term_string}\"},\"query-input\":{\"@type\":\"PropertyValueSpecification\",\"valueRequired\":true,\"valueName\":\"search_term_string\"}}],\"inLanguage\":\"fr-FR\"},{\"@type\":\"Organization\",\"@id\":\"https:\\\/\\\/www.forbes.be\\\/fr\\\/#organization\",\"name\":\"Forbes Belgique\",\"url\":\"https:\\\/\\\/www.forbes.be\\\/fr\\\/\",\"logo\":{\"@type\":\"ImageObject\",\"inLanguage\":\"fr-FR\",\"@id\":\"https:\\\/\\\/www.forbes.be\\\/fr\\\/#\\\/schema\\\/logo\\\/image\\\/\",\"url\":\"https:\\\/\\\/www.forbes.be\\\/fr\\\/wp-content\\\/uploads\\\/2024\\\/02\\\/forbes.be_.png\",\"contentUrl\":\"https:\\\/\\\/www.forbes.be\\\/fr\\\/wp-content\\\/uploads\\\/2024\\\/02\\\/forbes.be_.png\",\"width\":1200,\"height\":675,\"caption\":\"Forbes Belgique\"},\"image\":{\"@id\":\"https:\\\/\\\/www.forbes.be\\\/fr\\\/#\\\/schema\\\/logo\\\/image\\\/\"},\"sameAs\":[\"https:\\\/\\\/www.facebook.com\\\/forbesbelgique\\\/\",\"https:\\\/\\\/www.instagram.com\\\/Forbes_Belgium\",\"https:\\\/\\\/www.linkedin.com\\\/company\\\/forbes-belgium\\\/\"]},{\"@type\":\"Person\",\"@id\":\"https:\\\/\\\/www.forbes.be\\\/fr\\\/#\\\/schema\\\/person\\\/2732a1f2834159eb8362c824ef528d3f\",\"name\":\"Paul Grosjean\",\"image\":{\"@type\":\"ImageObject\",\"inLanguage\":\"fr-FR\",\"@id\":\"https:\\\/\\\/secure.gravatar.com\\\/avatar\\\/e74351c2a2263a692010b3d9156908b6c0fc4997870bb7ce6432f5e9b3abd811?s=96&d=mm&r=g\",\"url\":\"https:\\\/\\\/secure.gravatar.com\\\/avatar\\\/e74351c2a2263a692010b3d9156908b6c0fc4997870bb7ce6432f5e9b3abd811?s=96&d=mm&r=g\",\"contentUrl\":\"https:\\\/\\\/secure.gravatar.com\\\/avatar\\\/e74351c2a2263a692010b3d9156908b6c0fc4997870bb7ce6432f5e9b3abd811?s=96&d=mm&r=g\",\"caption\":\"Paul Grosjean\"},\"url\":\"https:\\\/\\\/www.forbes.be\\\/fr\\\/author\\\/paul-grosjean\\\/\"}]}<\/script>\n<!-- \/ Yoast SEO plugin. -->","yoast_head_json":{"title":"Val Duchesse, tr\u00e9sor du patrimoine europ\u00e9en | Forbes Belgique","robots":{"index":"index","follow":"follow","max-snippet":"max-snippet:-1","max-image-preview":"max-image-preview:large","max-video-preview":"max-video-preview:-1"},"canonical":"https:\/\/www.forbes.be\/fr\/val-duchesse-tresor-du-patrimoine-europeen\/","og_locale":"fr_FR","og_type":"article","og_title":"Val Duchesse, tr\u00e9sor du patrimoine europ\u00e9en | Forbes Belgique","og_description":"Le Domaine de Val Duchesse est un site patrimonial remarquable, comprenant \u00e0 la fois un ch\u00e2teau et un prieur\u00e9, lov\u00e9 dans un havre de verdure de 25 hectares, situ\u00e9 au Boulevard du Souverain \u00e0 Bruxelles \u00e0 proximit\u00e9 de la For\u00eat de Soignes. Mais au-del\u00e0 de cet aspect mat\u00e9riel, ce haut lieu rel\u00e8ve \u00e9galement du patrimoine [&hellip;]","og_url":"https:\/\/www.forbes.be\/fr\/val-duchesse-tresor-du-patrimoine-europeen\/","og_site_name":"Forbes Belgique","article_publisher":"https:\/\/www.facebook.com\/forbesbelgique\/","article_published_time":"2026-03-29T05:22:53+00:00","og_image":[{"width":1200,"height":628,"url":"https:\/\/www.forbes.be\/fr\/wp-content\/uploads\/2026\/01\/auderghem-ch1-1-1.jpg","type":"image\/jpeg"}],"author":"Paul Grosjean","twitter_card":"summary_large_image","twitter_misc":{"\u00c9crit par":"Paul Grosjean","Dur\u00e9e de lecture estim\u00e9e":"4 minutes"},"schema":{"@context":"https:\/\/schema.org","@graph":[{"@type":"NewsArticle","@id":"https:\/\/www.forbes.be\/fr\/val-duchesse-tresor-du-patrimoine-europeen\/#article","isPartOf":{"@id":"https:\/\/www.forbes.be\/fr\/val-duchesse-tresor-du-patrimoine-europeen\/"},"author":{"name":"Paul Grosjean","@id":"https:\/\/www.forbes.be\/fr\/#\/schema\/person\/2732a1f2834159eb8362c824ef528d3f"},"headline":"Val Duchesse, tr\u00e9sor du patrimoine europ\u00e9en","datePublished":"2026-03-29T05:22:53+00:00","mainEntityOfPage":{"@id":"https:\/\/www.forbes.be\/fr\/val-duchesse-tresor-du-patrimoine-europeen\/"},"wordCount":653,"publisher":{"@id":"https:\/\/www.forbes.be\/fr\/#organization"},"image":{"@id":"https:\/\/www.forbes.be\/fr\/val-duchesse-tresor-du-patrimoine-europeen\/#primaryimage"},"thumbnailUrl":"https:\/\/www.forbes.be\/fr\/wp-content\/uploads\/2026\/01\/auderghem-ch1-1-1.jpg","articleSection":["Actualit\u00e9s","Culture","Immobilier"],"inLanguage":"fr-FR"},{"@type":"WebPage","@id":"https:\/\/www.forbes.be\/fr\/val-duchesse-tresor-du-patrimoine-europeen\/","url":"https:\/\/www.forbes.be\/fr\/val-duchesse-tresor-du-patrimoine-europeen\/","name":"Val Duchesse, tr\u00e9sor du patrimoine europ\u00e9en | Forbes Belgique","isPartOf":{"@id":"https:\/\/www.forbes.be\/fr\/#website"},"primaryImageOfPage":{"@id":"https:\/\/www.forbes.be\/fr\/val-duchesse-tresor-du-patrimoine-europeen\/#primaryimage"},"image":{"@id":"https:\/\/www.forbes.be\/fr\/val-duchesse-tresor-du-patrimoine-europeen\/#primaryimage"},"thumbnailUrl":"https:\/\/www.forbes.be\/fr\/wp-content\/uploads\/2026\/01\/auderghem-ch1-1-1.jpg","datePublished":"2026-03-29T05:22:53+00:00","breadcrumb":{"@id":"https:\/\/www.forbes.be\/fr\/val-duchesse-tresor-du-patrimoine-europeen\/#breadcrumb"},"inLanguage":"fr-FR","potentialAction":[{"@type":"ReadAction","target":["https:\/\/www.forbes.be\/fr\/val-duchesse-tresor-du-patrimoine-europeen\/"]}]},{"@type":"ImageObject","inLanguage":"fr-FR","@id":"https:\/\/www.forbes.be\/fr\/val-duchesse-tresor-du-patrimoine-europeen\/#primaryimage","url":"https:\/\/www.forbes.be\/fr\/wp-content\/uploads\/2026\/01\/auderghem-ch1-1-1.jpg","contentUrl":"https:\/\/www.forbes.be\/fr\/wp-content\/uploads\/2026\/01\/auderghem-ch1-1-1.jpg","width":1200,"height":628},{"@type":"BreadcrumbList","@id":"https:\/\/www.forbes.be\/fr\/val-duchesse-tresor-du-patrimoine-europeen\/#breadcrumb","itemListElement":[{"@type":"ListItem","position":1,"name":"Accueil","item":"https:\/\/www.forbes.be\/fr\/"},{"@type":"ListItem","position":2,"name":"Val Duchesse, tr\u00e9sor du patrimoine europ\u00e9en"}]},{"@type":"WebSite","@id":"https:\/\/www.forbes.be\/fr\/#website","url":"https:\/\/www.forbes.be\/fr\/","name":"Forbes Belgique","description":"","publisher":{"@id":"https:\/\/www.forbes.be\/fr\/#organization"},"potentialAction":[{"@type":"SearchAction","target":{"@type":"EntryPoint","urlTemplate":"https:\/\/www.forbes.be\/fr\/?s={search_term_string}"},"query-input":{"@type":"PropertyValueSpecification","valueRequired":true,"valueName":"search_term_string"}}],"inLanguage":"fr-FR"},{"@type":"Organization","@id":"https:\/\/www.forbes.be\/fr\/#organization","name":"Forbes Belgique","url":"https:\/\/www.forbes.be\/fr\/","logo":{"@type":"ImageObject","inLanguage":"fr-FR","@id":"https:\/\/www.forbes.be\/fr\/#\/schema\/logo\/image\/","url":"https:\/\/www.forbes.be\/fr\/wp-content\/uploads\/2024\/02\/forbes.be_.png","contentUrl":"https:\/\/www.forbes.be\/fr\/wp-content\/uploads\/2024\/02\/forbes.be_.png","width":1200,"height":675,"caption":"Forbes Belgique"},"image":{"@id":"https:\/\/www.forbes.be\/fr\/#\/schema\/logo\/image\/"},"sameAs":["https:\/\/www.facebook.com\/forbesbelgique\/","https:\/\/www.instagram.com\/Forbes_Belgium","https:\/\/www.linkedin.com\/company\/forbes-belgium\/"]},{"@type":"Person","@id":"https:\/\/www.forbes.be\/fr\/#\/schema\/person\/2732a1f2834159eb8362c824ef528d3f","name":"Paul Grosjean","image":{"@type":"ImageObject","inLanguage":"fr-FR","@id":"https:\/\/secure.gravatar.com\/avatar\/e74351c2a2263a692010b3d9156908b6c0fc4997870bb7ce6432f5e9b3abd811?s=96&d=mm&r=g","url":"https:\/\/secure.gravatar.com\/avatar\/e74351c2a2263a692010b3d9156908b6c0fc4997870bb7ce6432f5e9b3abd811?s=96&d=mm&r=g","contentUrl":"https:\/\/secure.gravatar.com\/avatar\/e74351c2a2263a692010b3d9156908b6c0fc4997870bb7ce6432f5e9b3abd811?s=96&d=mm&r=g","caption":"Paul Grosjean"},"url":"https:\/\/www.forbes.be\/fr\/author\/paul-grosjean\/"}]}},"_links":{"self":[{"href":"https:\/\/www.forbes.be\/fr\/wp-json\/wp\/v2\/posts\/14878","targetHints":{"allow":["GET"]}}],"collection":[{"href":"https:\/\/www.forbes.be\/fr\/wp-json\/wp\/v2\/posts"}],"about":[{"href":"https:\/\/www.forbes.be\/fr\/wp-json\/wp\/v2\/types\/post"}],"author":[{"embeddable":true,"href":"https:\/\/www.forbes.be\/fr\/wp-json\/wp\/v2\/users\/42"}],"replies":[{"embeddable":true,"href":"https:\/\/www.forbes.be\/fr\/wp-json\/wp\/v2\/comments?post=14878"}],"version-history":[{"count":3,"href":"https:\/\/www.forbes.be\/fr\/wp-json\/wp\/v2\/posts\/14878\/revisions"}],"predecessor-version":[{"id":14883,"href":"https:\/\/www.forbes.be\/fr\/wp-json\/wp\/v2\/posts\/14878\/revisions\/14883"}],"wp:featuredmedia":[{"embeddable":true,"href":"https:\/\/www.forbes.be\/fr\/wp-json\/wp\/v2\/media\/14881"}],"wp:attachment":[{"href":"https:\/\/www.forbes.be\/fr\/wp-json\/wp\/v2\/media?parent=14878"}],"wp:term":[{"taxonomy":"category","embeddable":true,"href":"https:\/\/www.forbes.be\/fr\/wp-json\/wp\/v2\/categories?post=14878"},{"taxonomy":"post_tag","embeddable":true,"href":"https:\/\/www.forbes.be\/fr\/wp-json\/wp\/v2\/tags?post=14878"}],"curies":[{"name":"wp","href":"https:\/\/api.w.org\/{rel}","templated":true}]}}