{"id":15028,"date":"2026-01-23T07:17:27","date_gmt":"2026-01-23T06:17:27","guid":{"rendered":"https:\/\/www.forbes.be\/fr\/?p=15028"},"modified":"2026-01-23T14:22:26","modified_gmt":"2026-01-23T13:22:26","slug":"ceramic-brussels-3e-edition-de-la-foire-de-reference-consacree-a-lart-de-la-ceramique","status":"publish","type":"post","link":"https:\/\/www.forbes.be\/fr\/ceramic-brussels-3e-edition-de-la-foire-de-reference-consacree-a-lart-de-la-ceramique\/","title":{"rendered":"Ceramic Brussels : 3e \u00e9dition de la foire de r\u00e9f\u00e9rence consacr\u00e9e \u00e0 l\u2019art de la c\u00e9ramique"},"content":{"rendered":"<p><strong>\u00c0 Tour &amp; Taxi, Ceramic Brussels fait son retour. Cr\u00e9\u00e9e par Gilles Parmentier (qui dirige aussi Art on Paper) et Jean-Marc Dimanche, cette foire unique au monde se consacre \u00e0 ce m\u00e9dium qui jouit d\u2019un renouveau depuis une dizaine d\u2019ann\u00e9es, dans les ateliers d&rsquo;artistes, les galeries, les mus\u00e9es. Depuis la premi\u00e8re \u00e9dition, \u00ab la qualit\u00e9 des propositions et le nombre des pi\u00e8ces, souligne Gilles Parmentier, attirent les acheteurs vers ces pi\u00e8ces prix plus abordables que les sculptures \u00e0 part enti\u00e8re \u00bb.<\/strong><\/p>\n<p>En 2026, avec 65 exposants, dont une dizaine de Belges, mais aussi pour la premi\u00e8re fois des galeries du Japon, des \u00c9mirats arabes unis et de Turquie, <a href=\"https:\/\/www.ceramic.brussels\/fr\" target=\"_blank\" rel=\"noopener\">Ceramic Brussels<\/a> offre une vaste \u00e9ventail des pratiques. L\u2019ensemble est compl\u00e9t\u00e9 par sept galeries espagnoles, dans le cadre d\u2019Europalia Espa\u00f1a, l\u2019Espagne \u00e9tant le pays de choix de cette \u00e9dition.<\/p>\n<figure id=\"attachment_15038\" aria-describedby=\"caption-attachment-15038\" style=\"width: 960px\" class=\"wp-caption alignnone\"><img loading=\"lazy\" decoding=\"async\" class=\"size-full wp-image-15038\" src=\"https:\/\/www.forbes.be\/fr\/wp-content\/uploads\/2026\/01\/cb26-puls-ceramics-pippin-drysdale-credit-puls-1.jpeg\" alt=\"\" width=\"960\" height=\"960\" srcset=\"https:\/\/www.forbes.be\/fr\/wp-content\/uploads\/2026\/01\/cb26-puls-ceramics-pippin-drysdale-credit-puls-1.jpeg 960w, https:\/\/www.forbes.be\/fr\/wp-content\/uploads\/2026\/01\/cb26-puls-ceramics-pippin-drysdale-credit-puls-1-300x300.jpeg 300w, https:\/\/www.forbes.be\/fr\/wp-content\/uploads\/2026\/01\/cb26-puls-ceramics-pippin-drysdale-credit-puls-1-150x150.jpeg 150w, https:\/\/www.forbes.be\/fr\/wp-content\/uploads\/2026\/01\/cb26-puls-ceramics-pippin-drysdale-credit-puls-1-768x768.jpeg 768w, https:\/\/www.forbes.be\/fr\/wp-content\/uploads\/2026\/01\/cb26-puls-ceramics-pippin-drysdale-credit-puls-1-696x696.jpeg 696w, https:\/\/www.forbes.be\/fr\/wp-content\/uploads\/2026\/01\/cb26-puls-ceramics-pippin-drysdale-credit-puls-1-600x600.jpeg 600w, https:\/\/www.forbes.be\/fr\/wp-content\/uploads\/2026\/01\/cb26-puls-ceramics-pippin-drysdale-credit-puls-1-100x100.jpeg 100w\" sizes=\"auto, (max-width: 960px) 100vw, 960px\" \/><figcaption id=\"caption-attachment-15038\" class=\"wp-caption-text\">Pippin Drysdale \u00a9 Puls\/DR<\/figcaption><\/figure>\n<p>Cette ann\u00e9e, l\u2019invit\u00e9 d\u2019honneur est l\u2019Autrichien Elmar Trenkwalder, dont les sculptures en c\u00e9ramique croisent une sculpture votive sur bois et un univers baroque m\u00ealant \u00e9sot\u00e9risme, \u00e9rotisme et architecture dignes d\u2019un Philippe Druillet.<\/p>\n<figure id=\"attachment_15037\" aria-describedby=\"caption-attachment-15037\" style=\"width: 917px\" class=\"wp-caption alignnone\"><img loading=\"lazy\" decoding=\"async\" class=\"size-full wp-image-15037\" src=\"https:\/\/www.forbes.be\/fr\/wp-content\/uploads\/2026\/01\/cb26-mba-fine-arts-sato-kazuhiko-stoneware-vase-with-partial-ash-glaze-and-black-glaze-1989.jpeg\" alt=\"\" width=\"917\" height=\"1280\" srcset=\"https:\/\/www.forbes.be\/fr\/wp-content\/uploads\/2026\/01\/cb26-mba-fine-arts-sato-kazuhiko-stoneware-vase-with-partial-ash-glaze-and-black-glaze-1989.jpeg 917w, https:\/\/www.forbes.be\/fr\/wp-content\/uploads\/2026\/01\/cb26-mba-fine-arts-sato-kazuhiko-stoneware-vase-with-partial-ash-glaze-and-black-glaze-1989-215x300.jpeg 215w, https:\/\/www.forbes.be\/fr\/wp-content\/uploads\/2026\/01\/cb26-mba-fine-arts-sato-kazuhiko-stoneware-vase-with-partial-ash-glaze-and-black-glaze-1989-734x1024.jpeg 734w, https:\/\/www.forbes.be\/fr\/wp-content\/uploads\/2026\/01\/cb26-mba-fine-arts-sato-kazuhiko-stoneware-vase-with-partial-ash-glaze-and-black-glaze-1989-768x1072.jpeg 768w, https:\/\/www.forbes.be\/fr\/wp-content\/uploads\/2026\/01\/cb26-mba-fine-arts-sato-kazuhiko-stoneware-vase-with-partial-ash-glaze-and-black-glaze-1989-696x972.jpeg 696w, https:\/\/www.forbes.be\/fr\/wp-content\/uploads\/2026\/01\/cb26-mba-fine-arts-sato-kazuhiko-stoneware-vase-with-partial-ash-glaze-and-black-glaze-1989-600x838.jpeg 600w\" sizes=\"auto, (max-width: 917px) 100vw, 917px\" \/><figcaption id=\"caption-attachment-15037\" class=\"wp-caption-text\">Sato Kauhiko \u00a9 MBA Fine Aers\/DR<\/figcaption><\/figure>\n<p>L\u2019une des propositions les plus exceptionnelles nous est sans doute propos\u00e9e par AIFA Gallery (Verbier), avec les tournoiements c\u00e9ramiques du Japonais Shinya Tanoue, qui a \u00e9tudi\u00e9 la th\u00e9ologie, puis les arts \u00e0 Kyoto.<\/p>\n<p><em><br \/>\nFin le 25.01<br \/>\nTour &amp; Taxis<br \/>\n3, rue Picard 1000 Bruxelles<br \/>\n<a href=\"http:\/\/www.ceramic.brussels\" target=\"_blank\" rel=\"noopener\">www.ceramic.brussels<\/a><\/em><\/p>\n","protected":false},"excerpt":{"rendered":"<p>\u00c0 Tour &amp; Taxi, Ceramic Brussels fait son retour. Cr\u00e9\u00e9e par Gilles Parmentier (qui dirige aussi Art on Paper) et Jean-Marc Dimanche, cette foire unique au monde se consacre \u00e0 ce m\u00e9dium qui jouit d\u2019un renouveau depuis une dizaine d\u2019ann\u00e9es, dans les ateliers d&rsquo;artistes, les galeries, les mus\u00e9es. Depuis la premi\u00e8re \u00e9dition, \u00ab la qualit\u00e9 [&hellip;]<\/p>\n","protected":false},"author":27,"featured_media":15039,"comment_status":"closed","ping_status":"closed","sticky":false,"template":"","format":"standard","meta":{"_acf_changed":false,"inline_featured_image":false,"footnotes":""},"categories":[1,63,62],"tags":[],"class_list":{"0":"post-15028","1":"post","2":"type-post","3":"status-publish","4":"format-standard","5":"has-post-thumbnail","7":"category-actualite","8":"category-culture","9":"category-marche-de-lart"},"acf":[],"_yoast_wpseo_title":null,"_yoast_wpseo_metadesc":"Ceramic Brussels revient \u00e0 Tour & Taxis pour sa 3e \u00e9dition : 65 galeries internationales, un focus sur l\u2019Espagne et le renouveau de l\u2019art c\u00e9ramique contemporain.","auteur_traducteur":"","yoast_head":"<!-- This site is optimized with the Yoast SEO plugin v27.4 - https:\/\/yoast.com\/product\/yoast-seo-wordpress\/ -->\n<title>Ceramic Brussels : 3e \u00e9dition de la foire de r\u00e9f\u00e9rence consacr\u00e9e \u00e0 l\u2019art de la c\u00e9ramique | Forbes Belgique<\/title>\n<meta name=\"description\" content=\"Ceramic Brussels revient \u00e0 Tour &amp; Taxis pour sa 3e \u00e9dition : 65 galeries internationales, un focus sur l\u2019Espagne et le renouveau de l\u2019art c\u00e9ramique contemporain.\" \/>\n<meta name=\"robots\" content=\"index, follow, max-snippet:-1, max-image-preview:large, max-video-preview:-1\" \/>\n<link rel=\"canonical\" href=\"https:\/\/www.forbes.be\/fr\/ceramic-brussels-3e-edition-de-la-foire-de-reference-consacree-a-lart-de-la-ceramique\/\" \/>\n<meta property=\"og:locale\" content=\"fr_FR\" \/>\n<meta property=\"og:type\" content=\"article\" \/>\n<meta property=\"og:title\" content=\"Ceramic Brussels : 3e \u00e9dition de la foire de r\u00e9f\u00e9rence consacr\u00e9e \u00e0 l\u2019art de la c\u00e9ramique | Forbes Belgique\" \/>\n<meta property=\"og:description\" content=\"Ceramic Brussels revient \u00e0 Tour &amp; Taxis pour sa 3e \u00e9dition : 65 galeries internationales, un focus sur l\u2019Espagne et le renouveau de l\u2019art c\u00e9ramique contemporain.\" \/>\n<meta property=\"og:url\" content=\"https:\/\/www.forbes.be\/fr\/ceramic-brussels-3e-edition-de-la-foire-de-reference-consacree-a-lart-de-la-ceramique\/\" \/>\n<meta property=\"og:site_name\" content=\"Forbes Belgique\" \/>\n<meta property=\"article:publisher\" content=\"https:\/\/www.facebook.com\/forbesbelgique\/\" \/>\n<meta property=\"article:published_time\" content=\"2026-01-23T06:17:27+00:00\" \/>\n<meta property=\"article:modified_time\" content=\"2026-01-23T13:22:26+00:00\" \/>\n<meta property=\"og:image\" content=\"https:\/\/www.forbes.be\/fr\/wp-content\/uploads\/2026\/01\/capture-decran-2026-01-23-a-141956-e1769174440210.png\" \/>\n\t<meta property=\"og:image:width\" content=\"1263\" \/>\n\t<meta property=\"og:image:height\" content=\"660\" \/>\n\t<meta property=\"og:image:type\" content=\"image\/png\" \/>\n<meta name=\"author\" content=\"Johan-Fr\u00e9d\u00e9rik Hel Guedj\" \/>\n<meta name=\"twitter:card\" content=\"summary_large_image\" \/>\n<meta name=\"twitter:label1\" content=\"\u00c9crit par\" \/>\n\t<meta name=\"twitter:data1\" content=\"Johan-Fr\u00e9d\u00e9rik Hel Guedj\" \/>\n\t<meta name=\"twitter:label2\" content=\"Dur\u00e9e de lecture estim\u00e9e\" \/>\n\t<meta name=\"twitter:data2\" content=\"2 minutes\" \/>\n<script type=\"application\/ld+json\" class=\"yoast-schema-graph\">{\"@context\":\"https:\\\/\\\/schema.org\",\"@graph\":[{\"@type\":\"NewsArticle\",\"@id\":\"https:\\\/\\\/www.forbes.be\\\/fr\\\/ceramic-brussels-3e-edition-de-la-foire-de-reference-consacree-a-lart-de-la-ceramique\\\/#article\",\"isPartOf\":{\"@id\":\"https:\\\/\\\/www.forbes.be\\\/fr\\\/ceramic-brussels-3e-edition-de-la-foire-de-reference-consacree-a-lart-de-la-ceramique\\\/\"},\"author\":{\"name\":\"Johan-Fr\u00e9d\u00e9rik Hel Guedj\",\"@id\":\"https:\\\/\\\/www.forbes.be\\\/fr\\\/#\\\/schema\\\/person\\\/ad1bb0e83419af89356b7b11a6622c80\"},\"headline\":\"Ceramic Brussels : 3e \u00e9dition de la foire de r\u00e9f\u00e9rence consacr\u00e9e \u00e0 l\u2019art de la c\u00e9ramique\",\"datePublished\":\"2026-01-23T06:17:27+00:00\",\"dateModified\":\"2026-01-23T13:22:26+00:00\",\"mainEntityOfPage\":{\"@id\":\"https:\\\/\\\/www.forbes.be\\\/fr\\\/ceramic-brussels-3e-edition-de-la-foire-de-reference-consacree-a-lart-de-la-ceramique\\\/\"},\"wordCount\":276,\"publisher\":{\"@id\":\"https:\\\/\\\/www.forbes.be\\\/fr\\\/#organization\"},\"image\":{\"@id\":\"https:\\\/\\\/www.forbes.be\\\/fr\\\/ceramic-brussels-3e-edition-de-la-foire-de-reference-consacree-a-lart-de-la-ceramique\\\/#primaryimage\"},\"thumbnailUrl\":\"https:\\\/\\\/www.forbes.be\\\/fr\\\/wp-content\\\/uploads\\\/2026\\\/01\\\/capture-decran-2026-01-23-a-141956-e1769174440210.png\",\"articleSection\":[\"Actualit\u00e9s\",\"Culture\",\"March\u00e9 de l'art\"],\"inLanguage\":\"fr-FR\"},{\"@type\":\"WebPage\",\"@id\":\"https:\\\/\\\/www.forbes.be\\\/fr\\\/ceramic-brussels-3e-edition-de-la-foire-de-reference-consacree-a-lart-de-la-ceramique\\\/\",\"url\":\"https:\\\/\\\/www.forbes.be\\\/fr\\\/ceramic-brussels-3e-edition-de-la-foire-de-reference-consacree-a-lart-de-la-ceramique\\\/\",\"name\":\"Ceramic Brussels : 3e \u00e9dition de la foire de r\u00e9f\u00e9rence consacr\u00e9e \u00e0 l\u2019art de la c\u00e9ramique | Forbes Belgique\",\"isPartOf\":{\"@id\":\"https:\\\/\\\/www.forbes.be\\\/fr\\\/#website\"},\"primaryImageOfPage\":{\"@id\":\"https:\\\/\\\/www.forbes.be\\\/fr\\\/ceramic-brussels-3e-edition-de-la-foire-de-reference-consacree-a-lart-de-la-ceramique\\\/#primaryimage\"},\"image\":{\"@id\":\"https:\\\/\\\/www.forbes.be\\\/fr\\\/ceramic-brussels-3e-edition-de-la-foire-de-reference-consacree-a-lart-de-la-ceramique\\\/#primaryimage\"},\"thumbnailUrl\":\"https:\\\/\\\/www.forbes.be\\\/fr\\\/wp-content\\\/uploads\\\/2026\\\/01\\\/capture-decran-2026-01-23-a-141956-e1769174440210.png\",\"datePublished\":\"2026-01-23T06:17:27+00:00\",\"dateModified\":\"2026-01-23T13:22:26+00:00\",\"description\":\"Ceramic Brussels revient \u00e0 Tour & Taxis pour sa 3e \u00e9dition : 65 galeries internationales, un focus sur l\u2019Espagne et le renouveau de l\u2019art c\u00e9ramique contemporain.\",\"breadcrumb\":{\"@id\":\"https:\\\/\\\/www.forbes.be\\\/fr\\\/ceramic-brussels-3e-edition-de-la-foire-de-reference-consacree-a-lart-de-la-ceramique\\\/#breadcrumb\"},\"inLanguage\":\"fr-FR\",\"potentialAction\":[{\"@type\":\"ReadAction\",\"target\":[\"https:\\\/\\\/www.forbes.be\\\/fr\\\/ceramic-brussels-3e-edition-de-la-foire-de-reference-consacree-a-lart-de-la-ceramique\\\/\"]}]},{\"@type\":\"ImageObject\",\"inLanguage\":\"fr-FR\",\"@id\":\"https:\\\/\\\/www.forbes.be\\\/fr\\\/ceramic-brussels-3e-edition-de-la-foire-de-reference-consacree-a-lart-de-la-ceramique\\\/#primaryimage\",\"url\":\"https:\\\/\\\/www.forbes.be\\\/fr\\\/wp-content\\\/uploads\\\/2026\\\/01\\\/capture-decran-2026-01-23-a-141956-e1769174440210.png\",\"contentUrl\":\"https:\\\/\\\/www.forbes.be\\\/fr\\\/wp-content\\\/uploads\\\/2026\\\/01\\\/capture-decran-2026-01-23-a-141956-e1769174440210.png\",\"width\":1263,\"height\":660,\"caption\":\"SECCI \u00a9 Geoffrey Fritsch\"},{\"@type\":\"BreadcrumbList\",\"@id\":\"https:\\\/\\\/www.forbes.be\\\/fr\\\/ceramic-brussels-3e-edition-de-la-foire-de-reference-consacree-a-lart-de-la-ceramique\\\/#breadcrumb\",\"itemListElement\":[{\"@type\":\"ListItem\",\"position\":1,\"name\":\"Accueil\",\"item\":\"https:\\\/\\\/www.forbes.be\\\/fr\\\/\"},{\"@type\":\"ListItem\",\"position\":2,\"name\":\"Ceramic Brussels : 3e \u00e9dition de la foire de r\u00e9f\u00e9rence consacr\u00e9e \u00e0 l\u2019art de la c\u00e9ramique\"}]},{\"@type\":\"WebSite\",\"@id\":\"https:\\\/\\\/www.forbes.be\\\/fr\\\/#website\",\"url\":\"https:\\\/\\\/www.forbes.be\\\/fr\\\/\",\"name\":\"Forbes Belgique\",\"description\":\"\",\"publisher\":{\"@id\":\"https:\\\/\\\/www.forbes.be\\\/fr\\\/#organization\"},\"potentialAction\":[{\"@type\":\"SearchAction\",\"target\":{\"@type\":\"EntryPoint\",\"urlTemplate\":\"https:\\\/\\\/www.forbes.be\\\/fr\\\/?s={search_term_string}\"},\"query-input\":{\"@type\":\"PropertyValueSpecification\",\"valueRequired\":true,\"valueName\":\"search_term_string\"}}],\"inLanguage\":\"fr-FR\"},{\"@type\":\"Organization\",\"@id\":\"https:\\\/\\\/www.forbes.be\\\/fr\\\/#organization\",\"name\":\"Forbes Belgique\",\"url\":\"https:\\\/\\\/www.forbes.be\\\/fr\\\/\",\"logo\":{\"@type\":\"ImageObject\",\"inLanguage\":\"fr-FR\",\"@id\":\"https:\\\/\\\/www.forbes.be\\\/fr\\\/#\\\/schema\\\/logo\\\/image\\\/\",\"url\":\"https:\\\/\\\/www.forbes.be\\\/fr\\\/wp-content\\\/uploads\\\/2024\\\/02\\\/forbes.be_.png\",\"contentUrl\":\"https:\\\/\\\/www.forbes.be\\\/fr\\\/wp-content\\\/uploads\\\/2024\\\/02\\\/forbes.be_.png\",\"width\":1200,\"height\":675,\"caption\":\"Forbes Belgique\"},\"image\":{\"@id\":\"https:\\\/\\\/www.forbes.be\\\/fr\\\/#\\\/schema\\\/logo\\\/image\\\/\"},\"sameAs\":[\"https:\\\/\\\/www.facebook.com\\\/forbesbelgique\\\/\",\"https:\\\/\\\/www.instagram.com\\\/Forbes_Belgium\",\"https:\\\/\\\/www.linkedin.com\\\/company\\\/forbes-belgium\\\/\"]},{\"@type\":\"Person\",\"@id\":\"https:\\\/\\\/www.forbes.be\\\/fr\\\/#\\\/schema\\\/person\\\/ad1bb0e83419af89356b7b11a6622c80\",\"name\":\"Johan-Fr\u00e9d\u00e9rik Hel Guedj\",\"image\":{\"@type\":\"ImageObject\",\"inLanguage\":\"fr-FR\",\"@id\":\"https:\\\/\\\/secure.gravatar.com\\\/avatar\\\/65333543693434f2cc9fdefb3173b162df98712d00606b00b3d43914f79a1598?s=96&d=mm&r=g\",\"url\":\"https:\\\/\\\/secure.gravatar.com\\\/avatar\\\/65333543693434f2cc9fdefb3173b162df98712d00606b00b3d43914f79a1598?s=96&d=mm&r=g\",\"contentUrl\":\"https:\\\/\\\/secure.gravatar.com\\\/avatar\\\/65333543693434f2cc9fdefb3173b162df98712d00606b00b3d43914f79a1598?s=96&d=mm&r=g\",\"caption\":\"Johan-Fr\u00e9d\u00e9rik Hel Guedj\"},\"description\":\"Johan-Frederik Hel Guedj est journaliste et auteur fran\u00e7ais. R\u00e9dacteur en chef pendant 7 ans de la revue Pouvoirs Locaux, consacr\u00e9e aux politiques culturelles, il a publi\u00e9 huit ouvrages chez des \u00e9diteurs fran\u00e7ais et belges, dont deux romans, un essai consacr\u00e9 \u00e0 Orson Welles, et quatre livres d\u2019art. En plus de Forbes, il collabore \u00e0 L\u2019Echo et au Quotidien de l\u2019Art (Paris).\",\"url\":\"https:\\\/\\\/www.forbes.be\\\/fr\\\/author\\\/johan-frederik-hel-guedj\\\/\"}]}<\/script>\n<!-- \/ Yoast SEO plugin. -->","yoast_head_json":{"title":"Ceramic Brussels : 3e \u00e9dition de la foire de r\u00e9f\u00e9rence consacr\u00e9e \u00e0 l\u2019art de la c\u00e9ramique | Forbes Belgique","description":"Ceramic Brussels revient \u00e0 Tour & Taxis pour sa 3e \u00e9dition : 65 galeries internationales, un focus sur l\u2019Espagne et le renouveau de l\u2019art c\u00e9ramique contemporain.","robots":{"index":"index","follow":"follow","max-snippet":"max-snippet:-1","max-image-preview":"max-image-preview:large","max-video-preview":"max-video-preview:-1"},"canonical":"https:\/\/www.forbes.be\/fr\/ceramic-brussels-3e-edition-de-la-foire-de-reference-consacree-a-lart-de-la-ceramique\/","og_locale":"fr_FR","og_type":"article","og_title":"Ceramic Brussels : 3e \u00e9dition de la foire de r\u00e9f\u00e9rence consacr\u00e9e \u00e0 l\u2019art de la c\u00e9ramique | Forbes Belgique","og_description":"Ceramic Brussels revient \u00e0 Tour & Taxis pour sa 3e \u00e9dition : 65 galeries internationales, un focus sur l\u2019Espagne et le renouveau de l\u2019art c\u00e9ramique contemporain.","og_url":"https:\/\/www.forbes.be\/fr\/ceramic-brussels-3e-edition-de-la-foire-de-reference-consacree-a-lart-de-la-ceramique\/","og_site_name":"Forbes Belgique","article_publisher":"https:\/\/www.facebook.com\/forbesbelgique\/","article_published_time":"2026-01-23T06:17:27+00:00","article_modified_time":"2026-01-23T13:22:26+00:00","og_image":[{"width":1263,"height":660,"url":"https:\/\/www.forbes.be\/fr\/wp-content\/uploads\/2026\/01\/capture-decran-2026-01-23-a-141956-e1769174440210.png","type":"image\/png"}],"author":"Johan-Fr\u00e9d\u00e9rik Hel Guedj","twitter_card":"summary_large_image","twitter_misc":{"\u00c9crit par":"Johan-Fr\u00e9d\u00e9rik Hel Guedj","Dur\u00e9e de lecture estim\u00e9e":"2 minutes"},"schema":{"@context":"https:\/\/schema.org","@graph":[{"@type":"NewsArticle","@id":"https:\/\/www.forbes.be\/fr\/ceramic-brussels-3e-edition-de-la-foire-de-reference-consacree-a-lart-de-la-ceramique\/#article","isPartOf":{"@id":"https:\/\/www.forbes.be\/fr\/ceramic-brussels-3e-edition-de-la-foire-de-reference-consacree-a-lart-de-la-ceramique\/"},"author":{"name":"Johan-Fr\u00e9d\u00e9rik Hel Guedj","@id":"https:\/\/www.forbes.be\/fr\/#\/schema\/person\/ad1bb0e83419af89356b7b11a6622c80"},"headline":"Ceramic Brussels : 3e \u00e9dition de la foire de r\u00e9f\u00e9rence consacr\u00e9e \u00e0 l\u2019art de la c\u00e9ramique","datePublished":"2026-01-23T06:17:27+00:00","dateModified":"2026-01-23T13:22:26+00:00","mainEntityOfPage":{"@id":"https:\/\/www.forbes.be\/fr\/ceramic-brussels-3e-edition-de-la-foire-de-reference-consacree-a-lart-de-la-ceramique\/"},"wordCount":276,"publisher":{"@id":"https:\/\/www.forbes.be\/fr\/#organization"},"image":{"@id":"https:\/\/www.forbes.be\/fr\/ceramic-brussels-3e-edition-de-la-foire-de-reference-consacree-a-lart-de-la-ceramique\/#primaryimage"},"thumbnailUrl":"https:\/\/www.forbes.be\/fr\/wp-content\/uploads\/2026\/01\/capture-decran-2026-01-23-a-141956-e1769174440210.png","articleSection":["Actualit\u00e9s","Culture","March\u00e9 de l'art"],"inLanguage":"fr-FR"},{"@type":"WebPage","@id":"https:\/\/www.forbes.be\/fr\/ceramic-brussels-3e-edition-de-la-foire-de-reference-consacree-a-lart-de-la-ceramique\/","url":"https:\/\/www.forbes.be\/fr\/ceramic-brussels-3e-edition-de-la-foire-de-reference-consacree-a-lart-de-la-ceramique\/","name":"Ceramic Brussels : 3e \u00e9dition de la foire de r\u00e9f\u00e9rence consacr\u00e9e \u00e0 l\u2019art de la c\u00e9ramique | Forbes Belgique","isPartOf":{"@id":"https:\/\/www.forbes.be\/fr\/#website"},"primaryImageOfPage":{"@id":"https:\/\/www.forbes.be\/fr\/ceramic-brussels-3e-edition-de-la-foire-de-reference-consacree-a-lart-de-la-ceramique\/#primaryimage"},"image":{"@id":"https:\/\/www.forbes.be\/fr\/ceramic-brussels-3e-edition-de-la-foire-de-reference-consacree-a-lart-de-la-ceramique\/#primaryimage"},"thumbnailUrl":"https:\/\/www.forbes.be\/fr\/wp-content\/uploads\/2026\/01\/capture-decran-2026-01-23-a-141956-e1769174440210.png","datePublished":"2026-01-23T06:17:27+00:00","dateModified":"2026-01-23T13:22:26+00:00","description":"Ceramic Brussels revient \u00e0 Tour & Taxis pour sa 3e \u00e9dition : 65 galeries internationales, un focus sur l\u2019Espagne et le renouveau de l\u2019art c\u00e9ramique contemporain.","breadcrumb":{"@id":"https:\/\/www.forbes.be\/fr\/ceramic-brussels-3e-edition-de-la-foire-de-reference-consacree-a-lart-de-la-ceramique\/#breadcrumb"},"inLanguage":"fr-FR","potentialAction":[{"@type":"ReadAction","target":["https:\/\/www.forbes.be\/fr\/ceramic-brussels-3e-edition-de-la-foire-de-reference-consacree-a-lart-de-la-ceramique\/"]}]},{"@type":"ImageObject","inLanguage":"fr-FR","@id":"https:\/\/www.forbes.be\/fr\/ceramic-brussels-3e-edition-de-la-foire-de-reference-consacree-a-lart-de-la-ceramique\/#primaryimage","url":"https:\/\/www.forbes.be\/fr\/wp-content\/uploads\/2026\/01\/capture-decran-2026-01-23-a-141956-e1769174440210.png","contentUrl":"https:\/\/www.forbes.be\/fr\/wp-content\/uploads\/2026\/01\/capture-decran-2026-01-23-a-141956-e1769174440210.png","width":1263,"height":660,"caption":"SECCI \u00a9 Geoffrey Fritsch"},{"@type":"BreadcrumbList","@id":"https:\/\/www.forbes.be\/fr\/ceramic-brussels-3e-edition-de-la-foire-de-reference-consacree-a-lart-de-la-ceramique\/#breadcrumb","itemListElement":[{"@type":"ListItem","position":1,"name":"Accueil","item":"https:\/\/www.forbes.be\/fr\/"},{"@type":"ListItem","position":2,"name":"Ceramic Brussels : 3e \u00e9dition de la foire de r\u00e9f\u00e9rence consacr\u00e9e \u00e0 l\u2019art de la c\u00e9ramique"}]},{"@type":"WebSite","@id":"https:\/\/www.forbes.be\/fr\/#website","url":"https:\/\/www.forbes.be\/fr\/","name":"Forbes Belgique","description":"","publisher":{"@id":"https:\/\/www.forbes.be\/fr\/#organization"},"potentialAction":[{"@type":"SearchAction","target":{"@type":"EntryPoint","urlTemplate":"https:\/\/www.forbes.be\/fr\/?s={search_term_string}"},"query-input":{"@type":"PropertyValueSpecification","valueRequired":true,"valueName":"search_term_string"}}],"inLanguage":"fr-FR"},{"@type":"Organization","@id":"https:\/\/www.forbes.be\/fr\/#organization","name":"Forbes Belgique","url":"https:\/\/www.forbes.be\/fr\/","logo":{"@type":"ImageObject","inLanguage":"fr-FR","@id":"https:\/\/www.forbes.be\/fr\/#\/schema\/logo\/image\/","url":"https:\/\/www.forbes.be\/fr\/wp-content\/uploads\/2024\/02\/forbes.be_.png","contentUrl":"https:\/\/www.forbes.be\/fr\/wp-content\/uploads\/2024\/02\/forbes.be_.png","width":1200,"height":675,"caption":"Forbes Belgique"},"image":{"@id":"https:\/\/www.forbes.be\/fr\/#\/schema\/logo\/image\/"},"sameAs":["https:\/\/www.facebook.com\/forbesbelgique\/","https:\/\/www.instagram.com\/Forbes_Belgium","https:\/\/www.linkedin.com\/company\/forbes-belgium\/"]},{"@type":"Person","@id":"https:\/\/www.forbes.be\/fr\/#\/schema\/person\/ad1bb0e83419af89356b7b11a6622c80","name":"Johan-Fr\u00e9d\u00e9rik Hel Guedj","image":{"@type":"ImageObject","inLanguage":"fr-FR","@id":"https:\/\/secure.gravatar.com\/avatar\/65333543693434f2cc9fdefb3173b162df98712d00606b00b3d43914f79a1598?s=96&d=mm&r=g","url":"https:\/\/secure.gravatar.com\/avatar\/65333543693434f2cc9fdefb3173b162df98712d00606b00b3d43914f79a1598?s=96&d=mm&r=g","contentUrl":"https:\/\/secure.gravatar.com\/avatar\/65333543693434f2cc9fdefb3173b162df98712d00606b00b3d43914f79a1598?s=96&d=mm&r=g","caption":"Johan-Fr\u00e9d\u00e9rik Hel Guedj"},"description":"Johan-Frederik Hel Guedj est journaliste et auteur fran\u00e7ais. R\u00e9dacteur en chef pendant 7 ans de la revue Pouvoirs Locaux, consacr\u00e9e aux politiques culturelles, il a publi\u00e9 huit ouvrages chez des \u00e9diteurs fran\u00e7ais et belges, dont deux romans, un essai consacr\u00e9 \u00e0 Orson Welles, et quatre livres d\u2019art. En plus de Forbes, il collabore \u00e0 L\u2019Echo et au Quotidien de l\u2019Art (Paris).","url":"https:\/\/www.forbes.be\/fr\/author\/johan-frederik-hel-guedj\/"}]}},"_links":{"self":[{"href":"https:\/\/www.forbes.be\/fr\/wp-json\/wp\/v2\/posts\/15028","targetHints":{"allow":["GET"]}}],"collection":[{"href":"https:\/\/www.forbes.be\/fr\/wp-json\/wp\/v2\/posts"}],"about":[{"href":"https:\/\/www.forbes.be\/fr\/wp-json\/wp\/v2\/types\/post"}],"author":[{"embeddable":true,"href":"https:\/\/www.forbes.be\/fr\/wp-json\/wp\/v2\/users\/27"}],"replies":[{"embeddable":true,"href":"https:\/\/www.forbes.be\/fr\/wp-json\/wp\/v2\/comments?post=15028"}],"version-history":[{"count":3,"href":"https:\/\/www.forbes.be\/fr\/wp-json\/wp\/v2\/posts\/15028\/revisions"}],"predecessor-version":[{"id":15043,"href":"https:\/\/www.forbes.be\/fr\/wp-json\/wp\/v2\/posts\/15028\/revisions\/15043"}],"wp:featuredmedia":[{"embeddable":true,"href":"https:\/\/www.forbes.be\/fr\/wp-json\/wp\/v2\/media\/15039"}],"wp:attachment":[{"href":"https:\/\/www.forbes.be\/fr\/wp-json\/wp\/v2\/media?parent=15028"}],"wp:term":[{"taxonomy":"category","embeddable":true,"href":"https:\/\/www.forbes.be\/fr\/wp-json\/wp\/v2\/categories?post=15028"},{"taxonomy":"post_tag","embeddable":true,"href":"https:\/\/www.forbes.be\/fr\/wp-json\/wp\/v2\/tags?post=15028"}],"curies":[{"name":"wp","href":"https:\/\/api.w.org\/{rel}","templated":true}]}}