{"id":15044,"date":"2026-01-23T11:15:13","date_gmt":"2026-01-23T10:15:13","guid":{"rendered":"https:\/\/www.forbes.be\/fr\/?p=15044"},"modified":"2026-01-27T12:18:00","modified_gmt":"2026-01-27T11:18:00","slug":"la-brafa-setend-cette-annee-sur-trois-palais-de-brussels-expo-et-le-nombre-de-galerie-grandit","status":"publish","type":"post","link":"https:\/\/www.forbes.be\/fr\/la-brafa-setend-cette-annee-sur-trois-palais-de-brussels-expo-et-le-nombre-de-galerie-grandit\/","title":{"rendered":"La BRAFA s\u2019\u00e9tend cette ann\u00e9e sur trois palais de Brussels Expo, et le nombre de galeries grandit"},"content":{"rendered":"<p><strong>Cette 71e \u00e9dition de la <a href=\"http:\/\/www.brafa.art\" target=\"_blank\" rel=\"noopener\">BRAFA<\/a> monte de 128 \u00e0 147 galeries de 19 pays, et s\u2019\u00e9tend d\u00e9sormais sur trois palais de Brussels Expo : les palais 3 et 4 sont d\u00e9di\u00e9s \u00e0 l\u2019art, et le palais 8 accueille le visiteur \u00e0 ses tables gourmandes. L\u2019\u00e9v\u00e9nement marquant, c\u2019est la place r\u00e9serv\u00e9e au patrimoine belge, \u00e0 travers le 50\u1d49 anniversaire de la Fondation Roi Baudouin qui pr\u00e9sente ses acquisitions r\u00e9centes, confi\u00e9es comme \u00e0 son habitude \u00e0 des mus\u00e9es et collections publiques belges.<\/strong><\/p>\n<p>D\u2019autre part, cette ann\u00e9e, selon le v\u0153u du nouveau pr\u00e9sident depuis son arriv\u00e9e en 2024, <strong>Klaas M\u00fcller<\/strong>, galeriste au Sablon sp\u00e9cialis\u00e9 du domaine, la foire a renforc\u00e9 la pr\u00e9sence de l\u2019art ancien. C\u2019est le cas pour <strong>Jan Muller Antiques<\/strong>, avec un triptyque repr\u00e9sentant la Crucifixion et des sc\u00e8nes de la Passion (\u00e9cole flamande, vers 1500), un marbre inspir\u00e9 du buste antique de l\u2019empereur Marc Aur\u00e8le chez <strong>Dei Bardi<\/strong>, ou encore, chez <strong>Laurence Lenne<\/strong>, deux putti atlantes en alb\u00e2tre (vers 1560), par l\u2019Anversois Cornelis Floris II de Vriendt.<\/p>\n<figure id=\"attachment_15050\" aria-describedby=\"caption-attachment-15050\" style=\"width: 961px\" class=\"wp-caption alignnone\"><img loading=\"lazy\" decoding=\"async\" class=\"size-full wp-image-15050\" src=\"https:\/\/www.forbes.be\/fr\/wp-content\/uploads\/2026\/01\/constantin-permeke-tete-dhomme-rotated.jpeg\" alt=\"\" width=\"961\" height=\"1174\" srcset=\"https:\/\/www.forbes.be\/fr\/wp-content\/uploads\/2026\/01\/constantin-permeke-tete-dhomme-rotated.jpeg 961w, https:\/\/www.forbes.be\/fr\/wp-content\/uploads\/2026\/01\/constantin-permeke-tete-dhomme-246x300.jpeg 246w, https:\/\/www.forbes.be\/fr\/wp-content\/uploads\/2026\/01\/constantin-permeke-tete-dhomme-838x1024.jpeg 838w, https:\/\/www.forbes.be\/fr\/wp-content\/uploads\/2026\/01\/constantin-permeke-tete-dhomme-768x938.jpeg 768w, https:\/\/www.forbes.be\/fr\/wp-content\/uploads\/2026\/01\/constantin-permeke-tete-dhomme-696x850.jpeg 696w, https:\/\/www.forbes.be\/fr\/wp-content\/uploads\/2026\/01\/constantin-permeke-tete-dhomme-600x733.jpeg 600w\" sizes=\"auto, (max-width: 961px) 100vw, 961px\" \/><figcaption id=\"caption-attachment-15050\" class=\"wp-caption-text\">\u00ab\u00a0T\u00eate d&rsquo;homme\u00a0\u00bb, Constantin Permeke<\/figcaption><\/figure>\n<p>Les antiquit\u00e9s orientales sont admirablement repr\u00e9sent\u00e9es, notamment par Finch &amp; Co (<strong>Craig Finch<\/strong> vient de s\u2019installer \u00e0 Bruxelles) avec une t\u00eate de Bouddha du Gandh\u0101ra datant du III\u1d49 si\u00e8cle av. J-C, exemple admirable de ce croisement de l\u2019art gr\u00e9co-bouddhique.<\/p>\n<h2>\u2026 et les modernes<\/h2>\n<p>Du c\u00f4t\u00e9 des XIXe et XXe si\u00e8cles, <strong>\u00c9douard Derom<\/strong> (Patrick Derom Gallery, Bruxelles) propose un ensemble aussi riche que lors de la foire FAB Paris l\u2019an dernier. Il s\u2019est dit tr\u00e8s satisfait d\u2019embl\u00e9e, ayant vendu son James Ensor (<em>The Sermon of Saint-Babylas<\/em>), trois \u0153uvres de L\u00e9on Spilliaert, <em>La Dame d\u2019Eau<\/em> de Pierre Alechinsky, avoir re\u00e7u une option d\u2019une institution belge de premier plan sur son Vasarely (<em>Yerfa<\/em>) et constat\u00e9 un fort int\u00e9r\u00eat pour son Ai Weiwei (<em>Marat Assassinated<\/em>), avec lequel il pr\u00e9pare une grande exposition pour cet automne. Sans omettre une tr\u00e8s intense <em>T\u00eate d\u2019homme<\/em> de l\u2019Anversois Constant Permeke, figure majeure de l\u2019expressionnisme flamand.<\/p>\n<p>Plus pr\u00e8s de l\u2019\u00e9poque actuelle, pour les XXe et XXIe si\u00e8cles, <strong>Maruani-Mercier<\/strong>, autre galerie belge majeure (Bruxelles et Knokke), pr\u00e9sente plusieurs Am\u00e9ricains, avec enroulements de marbre de Lynda Benglis, les fleurs du mal des tableau de Ross Bleckner, ou encore les toiles complexes, symphoniques, temp\u00e9tueuses de la s\u00e9rie <em>The Glass Dream Game<\/em> d\u2019\u00c6men Eded\u00e9en (alias Joshua Hagler), qui joue du hasard et du choix, produisant des compositions complexes et oniriques, ou encore les nus crus et oniriques de la Canadienne Jaclyn Conley.<\/p>\n<p><em>Fin le 01.02<br \/>\n<a href=\"http:\/\/www.brafa.art\" target=\"_blank\" rel=\"noopener\">www.brafa.art<\/a><\/em><\/p>\n","protected":false},"excerpt":{"rendered":"<p>Cette 71e \u00e9dition de la BRAFA monte de 128 \u00e0 147 galeries de 19 pays, et s\u2019\u00e9tend d\u00e9sormais sur trois palais de Brussels Expo : les palais 3 et 4 sont d\u00e9di\u00e9s \u00e0 l\u2019art, et le palais 8 accueille le visiteur \u00e0 ses tables gourmandes. L\u2019\u00e9v\u00e9nement marquant, c\u2019est la place r\u00e9serv\u00e9e au patrimoine belge, \u00e0 [&hellip;]<\/p>\n","protected":false},"author":27,"featured_media":15051,"comment_status":"closed","ping_status":"closed","sticky":false,"template":"","format":"standard","meta":{"_acf_changed":false,"inline_featured_image":false,"footnotes":""},"categories":[1,63,62],"tags":[],"class_list":{"0":"post-15044","1":"post","2":"type-post","3":"status-publish","4":"format-standard","5":"has-post-thumbnail","7":"category-actualite","8":"category-culture","9":"category-marche-de-lart"},"acf":[],"_yoast_wpseo_title":null,"_yoast_wpseo_metadesc":"BRAFA 2026 s\u2019\u00e9tend \u00e0 trois palais de Brussels Expo et r\u00e9unit 147 galeries. Patrimoine belge, art ancien et moderne au c\u0153ur de cette 71e \u00e9dition.","auteur_traducteur":"","yoast_head":"<!-- This site is optimized with the Yoast SEO plugin v27.4 - https:\/\/yoast.com\/product\/yoast-seo-wordpress\/ -->\n<title>La BRAFA s\u2019\u00e9tend cette ann\u00e9e sur trois palais de Brussels Expo, et le nombre de galeries grandit | Forbes Belgique<\/title>\n<meta name=\"description\" content=\"BRAFA 2026 s\u2019\u00e9tend \u00e0 trois palais de Brussels Expo et r\u00e9unit 147 galeries. Patrimoine belge, art ancien et moderne au c\u0153ur de cette 71e \u00e9dition.\" \/>\n<meta name=\"robots\" content=\"index, follow, max-snippet:-1, max-image-preview:large, max-video-preview:-1\" \/>\n<link rel=\"canonical\" href=\"https:\/\/www.forbes.be\/fr\/la-brafa-setend-cette-annee-sur-trois-palais-de-brussels-expo-et-le-nombre-de-galerie-grandit\/\" \/>\n<meta property=\"og:locale\" content=\"fr_FR\" \/>\n<meta property=\"og:type\" content=\"article\" \/>\n<meta property=\"og:title\" content=\"La BRAFA s\u2019\u00e9tend cette ann\u00e9e sur trois palais de Brussels Expo, et le nombre de galeries grandit | Forbes Belgique\" \/>\n<meta property=\"og:description\" content=\"BRAFA 2026 s\u2019\u00e9tend \u00e0 trois palais de Brussels Expo et r\u00e9unit 147 galeries. Patrimoine belge, art ancien et moderne au c\u0153ur de cette 71e \u00e9dition.\" \/>\n<meta property=\"og:url\" content=\"https:\/\/www.forbes.be\/fr\/la-brafa-setend-cette-annee-sur-trois-palais-de-brussels-expo-et-le-nombre-de-galerie-grandit\/\" \/>\n<meta property=\"og:site_name\" content=\"Forbes Belgique\" \/>\n<meta property=\"article:publisher\" content=\"https:\/\/www.facebook.com\/forbesbelgique\/\" \/>\n<meta property=\"article:published_time\" content=\"2026-01-23T10:15:13+00:00\" \/>\n<meta property=\"article:modified_time\" content=\"2026-01-27T11:18:00+00:00\" \/>\n<meta property=\"og:image\" content=\"https:\/\/www.forbes.be\/fr\/wp-content\/uploads\/2026\/01\/capture-decran-2026-01-23-a-143659-e1769175462497.png\" \/>\n\t<meta property=\"og:image:width\" content=\"1328\" \/>\n\t<meta property=\"og:image:height\" content=\"695\" \/>\n\t<meta property=\"og:image:type\" content=\"image\/png\" \/>\n<meta name=\"author\" content=\"Johan-Fr\u00e9d\u00e9rik Hel Guedj\" \/>\n<meta name=\"twitter:card\" content=\"summary_large_image\" \/>\n<meta name=\"twitter:label1\" content=\"\u00c9crit par\" \/>\n\t<meta name=\"twitter:data1\" content=\"Johan-Fr\u00e9d\u00e9rik Hel Guedj\" \/>\n\t<meta name=\"twitter:label2\" content=\"Dur\u00e9e de lecture estim\u00e9e\" \/>\n\t<meta name=\"twitter:data2\" content=\"3 minutes\" \/>\n<script type=\"application\/ld+json\" class=\"yoast-schema-graph\">{\"@context\":\"https:\\\/\\\/schema.org\",\"@graph\":[{\"@type\":\"NewsArticle\",\"@id\":\"https:\\\/\\\/www.forbes.be\\\/fr\\\/la-brafa-setend-cette-annee-sur-trois-palais-de-brussels-expo-et-le-nombre-de-galerie-grandit\\\/#article\",\"isPartOf\":{\"@id\":\"https:\\\/\\\/www.forbes.be\\\/fr\\\/la-brafa-setend-cette-annee-sur-trois-palais-de-brussels-expo-et-le-nombre-de-galerie-grandit\\\/\"},\"author\":{\"name\":\"Johan-Fr\u00e9d\u00e9rik Hel Guedj\",\"@id\":\"https:\\\/\\\/www.forbes.be\\\/fr\\\/#\\\/schema\\\/person\\\/ad1bb0e83419af89356b7b11a6622c80\"},\"headline\":\"La BRAFA s\u2019\u00e9tend cette ann\u00e9e sur trois palais de Brussels Expo, et le nombre de galeries grandit\",\"datePublished\":\"2026-01-23T10:15:13+00:00\",\"dateModified\":\"2026-01-27T11:18:00+00:00\",\"mainEntityOfPage\":{\"@id\":\"https:\\\/\\\/www.forbes.be\\\/fr\\\/la-brafa-setend-cette-annee-sur-trois-palais-de-brussels-expo-et-le-nombre-de-galerie-grandit\\\/\"},\"wordCount\":481,\"publisher\":{\"@id\":\"https:\\\/\\\/www.forbes.be\\\/fr\\\/#organization\"},\"image\":{\"@id\":\"https:\\\/\\\/www.forbes.be\\\/fr\\\/la-brafa-setend-cette-annee-sur-trois-palais-de-brussels-expo-et-le-nombre-de-galerie-grandit\\\/#primaryimage\"},\"thumbnailUrl\":\"https:\\\/\\\/www.forbes.be\\\/fr\\\/wp-content\\\/uploads\\\/2026\\\/01\\\/capture-decran-2026-01-23-a-143659-e1769175462497.png\",\"articleSection\":[\"Actualit\u00e9s\",\"Culture\",\"March\u00e9 de l'art\"],\"inLanguage\":\"fr-FR\"},{\"@type\":\"WebPage\",\"@id\":\"https:\\\/\\\/www.forbes.be\\\/fr\\\/la-brafa-setend-cette-annee-sur-trois-palais-de-brussels-expo-et-le-nombre-de-galerie-grandit\\\/\",\"url\":\"https:\\\/\\\/www.forbes.be\\\/fr\\\/la-brafa-setend-cette-annee-sur-trois-palais-de-brussels-expo-et-le-nombre-de-galerie-grandit\\\/\",\"name\":\"La BRAFA s\u2019\u00e9tend cette ann\u00e9e sur trois palais de Brussels Expo, et le nombre de galeries grandit | Forbes Belgique\",\"isPartOf\":{\"@id\":\"https:\\\/\\\/www.forbes.be\\\/fr\\\/#website\"},\"primaryImageOfPage\":{\"@id\":\"https:\\\/\\\/www.forbes.be\\\/fr\\\/la-brafa-setend-cette-annee-sur-trois-palais-de-brussels-expo-et-le-nombre-de-galerie-grandit\\\/#primaryimage\"},\"image\":{\"@id\":\"https:\\\/\\\/www.forbes.be\\\/fr\\\/la-brafa-setend-cette-annee-sur-trois-palais-de-brussels-expo-et-le-nombre-de-galerie-grandit\\\/#primaryimage\"},\"thumbnailUrl\":\"https:\\\/\\\/www.forbes.be\\\/fr\\\/wp-content\\\/uploads\\\/2026\\\/01\\\/capture-decran-2026-01-23-a-143659-e1769175462497.png\",\"datePublished\":\"2026-01-23T10:15:13+00:00\",\"dateModified\":\"2026-01-27T11:18:00+00:00\",\"description\":\"BRAFA 2026 s\u2019\u00e9tend \u00e0 trois palais de Brussels Expo et r\u00e9unit 147 galeries. Patrimoine belge, art ancien et moderne au c\u0153ur de cette 71e \u00e9dition.\",\"breadcrumb\":{\"@id\":\"https:\\\/\\\/www.forbes.be\\\/fr\\\/la-brafa-setend-cette-annee-sur-trois-palais-de-brussels-expo-et-le-nombre-de-galerie-grandit\\\/#breadcrumb\"},\"inLanguage\":\"fr-FR\",\"potentialAction\":[{\"@type\":\"ReadAction\",\"target\":[\"https:\\\/\\\/www.forbes.be\\\/fr\\\/la-brafa-setend-cette-annee-sur-trois-palais-de-brussels-expo-et-le-nombre-de-galerie-grandit\\\/\"]}]},{\"@type\":\"ImageObject\",\"inLanguage\":\"fr-FR\",\"@id\":\"https:\\\/\\\/www.forbes.be\\\/fr\\\/la-brafa-setend-cette-annee-sur-trois-palais-de-brussels-expo-et-le-nombre-de-galerie-grandit\\\/#primaryimage\",\"url\":\"https:\\\/\\\/www.forbes.be\\\/fr\\\/wp-content\\\/uploads\\\/2026\\\/01\\\/capture-decran-2026-01-23-a-143659-e1769175462497.png\",\"contentUrl\":\"https:\\\/\\\/www.forbes.be\\\/fr\\\/wp-content\\\/uploads\\\/2026\\\/01\\\/capture-decran-2026-01-23-a-143659-e1769175462497.png\",\"width\":1328,\"height\":695,\"caption\":\"\u00a9 BRAFA Art Fair\"},{\"@type\":\"BreadcrumbList\",\"@id\":\"https:\\\/\\\/www.forbes.be\\\/fr\\\/la-brafa-setend-cette-annee-sur-trois-palais-de-brussels-expo-et-le-nombre-de-galerie-grandit\\\/#breadcrumb\",\"itemListElement\":[{\"@type\":\"ListItem\",\"position\":1,\"name\":\"Accueil\",\"item\":\"https:\\\/\\\/www.forbes.be\\\/fr\\\/\"},{\"@type\":\"ListItem\",\"position\":2,\"name\":\"La BRAFA s\u2019\u00e9tend cette ann\u00e9e sur trois palais de Brussels Expo, et le nombre de galeries grandit\"}]},{\"@type\":\"WebSite\",\"@id\":\"https:\\\/\\\/www.forbes.be\\\/fr\\\/#website\",\"url\":\"https:\\\/\\\/www.forbes.be\\\/fr\\\/\",\"name\":\"Forbes Belgique\",\"description\":\"\",\"publisher\":{\"@id\":\"https:\\\/\\\/www.forbes.be\\\/fr\\\/#organization\"},\"potentialAction\":[{\"@type\":\"SearchAction\",\"target\":{\"@type\":\"EntryPoint\",\"urlTemplate\":\"https:\\\/\\\/www.forbes.be\\\/fr\\\/?s={search_term_string}\"},\"query-input\":{\"@type\":\"PropertyValueSpecification\",\"valueRequired\":true,\"valueName\":\"search_term_string\"}}],\"inLanguage\":\"fr-FR\"},{\"@type\":\"Organization\",\"@id\":\"https:\\\/\\\/www.forbes.be\\\/fr\\\/#organization\",\"name\":\"Forbes Belgique\",\"url\":\"https:\\\/\\\/www.forbes.be\\\/fr\\\/\",\"logo\":{\"@type\":\"ImageObject\",\"inLanguage\":\"fr-FR\",\"@id\":\"https:\\\/\\\/www.forbes.be\\\/fr\\\/#\\\/schema\\\/logo\\\/image\\\/\",\"url\":\"https:\\\/\\\/www.forbes.be\\\/fr\\\/wp-content\\\/uploads\\\/2024\\\/02\\\/forbes.be_.png\",\"contentUrl\":\"https:\\\/\\\/www.forbes.be\\\/fr\\\/wp-content\\\/uploads\\\/2024\\\/02\\\/forbes.be_.png\",\"width\":1200,\"height\":675,\"caption\":\"Forbes Belgique\"},\"image\":{\"@id\":\"https:\\\/\\\/www.forbes.be\\\/fr\\\/#\\\/schema\\\/logo\\\/image\\\/\"},\"sameAs\":[\"https:\\\/\\\/www.facebook.com\\\/forbesbelgique\\\/\",\"https:\\\/\\\/www.instagram.com\\\/Forbes_Belgium\",\"https:\\\/\\\/www.linkedin.com\\\/company\\\/forbes-belgium\\\/\"]},{\"@type\":\"Person\",\"@id\":\"https:\\\/\\\/www.forbes.be\\\/fr\\\/#\\\/schema\\\/person\\\/ad1bb0e83419af89356b7b11a6622c80\",\"name\":\"Johan-Fr\u00e9d\u00e9rik Hel Guedj\",\"image\":{\"@type\":\"ImageObject\",\"inLanguage\":\"fr-FR\",\"@id\":\"https:\\\/\\\/secure.gravatar.com\\\/avatar\\\/65333543693434f2cc9fdefb3173b162df98712d00606b00b3d43914f79a1598?s=96&d=mm&r=g\",\"url\":\"https:\\\/\\\/secure.gravatar.com\\\/avatar\\\/65333543693434f2cc9fdefb3173b162df98712d00606b00b3d43914f79a1598?s=96&d=mm&r=g\",\"contentUrl\":\"https:\\\/\\\/secure.gravatar.com\\\/avatar\\\/65333543693434f2cc9fdefb3173b162df98712d00606b00b3d43914f79a1598?s=96&d=mm&r=g\",\"caption\":\"Johan-Fr\u00e9d\u00e9rik Hel Guedj\"},\"description\":\"Johan-Frederik Hel Guedj est journaliste et auteur fran\u00e7ais. R\u00e9dacteur en chef pendant 7 ans de la revue Pouvoirs Locaux, consacr\u00e9e aux politiques culturelles, il a publi\u00e9 huit ouvrages chez des \u00e9diteurs fran\u00e7ais et belges, dont deux romans, un essai consacr\u00e9 \u00e0 Orson Welles, et quatre livres d\u2019art. En plus de Forbes, il collabore \u00e0 L\u2019Echo et au Quotidien de l\u2019Art (Paris).\",\"url\":\"https:\\\/\\\/www.forbes.be\\\/fr\\\/author\\\/johan-frederik-hel-guedj\\\/\"}]}<\/script>\n<!-- \/ Yoast SEO plugin. -->","yoast_head_json":{"title":"La BRAFA s\u2019\u00e9tend cette ann\u00e9e sur trois palais de Brussels Expo, et le nombre de galeries grandit | Forbes Belgique","description":"BRAFA 2026 s\u2019\u00e9tend \u00e0 trois palais de Brussels Expo et r\u00e9unit 147 galeries. Patrimoine belge, art ancien et moderne au c\u0153ur de cette 71e \u00e9dition.","robots":{"index":"index","follow":"follow","max-snippet":"max-snippet:-1","max-image-preview":"max-image-preview:large","max-video-preview":"max-video-preview:-1"},"canonical":"https:\/\/www.forbes.be\/fr\/la-brafa-setend-cette-annee-sur-trois-palais-de-brussels-expo-et-le-nombre-de-galerie-grandit\/","og_locale":"fr_FR","og_type":"article","og_title":"La BRAFA s\u2019\u00e9tend cette ann\u00e9e sur trois palais de Brussels Expo, et le nombre de galeries grandit | Forbes Belgique","og_description":"BRAFA 2026 s\u2019\u00e9tend \u00e0 trois palais de Brussels Expo et r\u00e9unit 147 galeries. Patrimoine belge, art ancien et moderne au c\u0153ur de cette 71e \u00e9dition.","og_url":"https:\/\/www.forbes.be\/fr\/la-brafa-setend-cette-annee-sur-trois-palais-de-brussels-expo-et-le-nombre-de-galerie-grandit\/","og_site_name":"Forbes Belgique","article_publisher":"https:\/\/www.facebook.com\/forbesbelgique\/","article_published_time":"2026-01-23T10:15:13+00:00","article_modified_time":"2026-01-27T11:18:00+00:00","og_image":[{"width":1328,"height":695,"url":"https:\/\/www.forbes.be\/fr\/wp-content\/uploads\/2026\/01\/capture-decran-2026-01-23-a-143659-e1769175462497.png","type":"image\/png"}],"author":"Johan-Fr\u00e9d\u00e9rik Hel Guedj","twitter_card":"summary_large_image","twitter_misc":{"\u00c9crit par":"Johan-Fr\u00e9d\u00e9rik Hel Guedj","Dur\u00e9e de lecture estim\u00e9e":"3 minutes"},"schema":{"@context":"https:\/\/schema.org","@graph":[{"@type":"NewsArticle","@id":"https:\/\/www.forbes.be\/fr\/la-brafa-setend-cette-annee-sur-trois-palais-de-brussels-expo-et-le-nombre-de-galerie-grandit\/#article","isPartOf":{"@id":"https:\/\/www.forbes.be\/fr\/la-brafa-setend-cette-annee-sur-trois-palais-de-brussels-expo-et-le-nombre-de-galerie-grandit\/"},"author":{"name":"Johan-Fr\u00e9d\u00e9rik Hel Guedj","@id":"https:\/\/www.forbes.be\/fr\/#\/schema\/person\/ad1bb0e83419af89356b7b11a6622c80"},"headline":"La BRAFA s\u2019\u00e9tend cette ann\u00e9e sur trois palais de Brussels Expo, et le nombre de galeries grandit","datePublished":"2026-01-23T10:15:13+00:00","dateModified":"2026-01-27T11:18:00+00:00","mainEntityOfPage":{"@id":"https:\/\/www.forbes.be\/fr\/la-brafa-setend-cette-annee-sur-trois-palais-de-brussels-expo-et-le-nombre-de-galerie-grandit\/"},"wordCount":481,"publisher":{"@id":"https:\/\/www.forbes.be\/fr\/#organization"},"image":{"@id":"https:\/\/www.forbes.be\/fr\/la-brafa-setend-cette-annee-sur-trois-palais-de-brussels-expo-et-le-nombre-de-galerie-grandit\/#primaryimage"},"thumbnailUrl":"https:\/\/www.forbes.be\/fr\/wp-content\/uploads\/2026\/01\/capture-decran-2026-01-23-a-143659-e1769175462497.png","articleSection":["Actualit\u00e9s","Culture","March\u00e9 de l'art"],"inLanguage":"fr-FR"},{"@type":"WebPage","@id":"https:\/\/www.forbes.be\/fr\/la-brafa-setend-cette-annee-sur-trois-palais-de-brussels-expo-et-le-nombre-de-galerie-grandit\/","url":"https:\/\/www.forbes.be\/fr\/la-brafa-setend-cette-annee-sur-trois-palais-de-brussels-expo-et-le-nombre-de-galerie-grandit\/","name":"La BRAFA s\u2019\u00e9tend cette ann\u00e9e sur trois palais de Brussels Expo, et le nombre de galeries grandit | Forbes Belgique","isPartOf":{"@id":"https:\/\/www.forbes.be\/fr\/#website"},"primaryImageOfPage":{"@id":"https:\/\/www.forbes.be\/fr\/la-brafa-setend-cette-annee-sur-trois-palais-de-brussels-expo-et-le-nombre-de-galerie-grandit\/#primaryimage"},"image":{"@id":"https:\/\/www.forbes.be\/fr\/la-brafa-setend-cette-annee-sur-trois-palais-de-brussels-expo-et-le-nombre-de-galerie-grandit\/#primaryimage"},"thumbnailUrl":"https:\/\/www.forbes.be\/fr\/wp-content\/uploads\/2026\/01\/capture-decran-2026-01-23-a-143659-e1769175462497.png","datePublished":"2026-01-23T10:15:13+00:00","dateModified":"2026-01-27T11:18:00+00:00","description":"BRAFA 2026 s\u2019\u00e9tend \u00e0 trois palais de Brussels Expo et r\u00e9unit 147 galeries. Patrimoine belge, art ancien et moderne au c\u0153ur de cette 71e \u00e9dition.","breadcrumb":{"@id":"https:\/\/www.forbes.be\/fr\/la-brafa-setend-cette-annee-sur-trois-palais-de-brussels-expo-et-le-nombre-de-galerie-grandit\/#breadcrumb"},"inLanguage":"fr-FR","potentialAction":[{"@type":"ReadAction","target":["https:\/\/www.forbes.be\/fr\/la-brafa-setend-cette-annee-sur-trois-palais-de-brussels-expo-et-le-nombre-de-galerie-grandit\/"]}]},{"@type":"ImageObject","inLanguage":"fr-FR","@id":"https:\/\/www.forbes.be\/fr\/la-brafa-setend-cette-annee-sur-trois-palais-de-brussels-expo-et-le-nombre-de-galerie-grandit\/#primaryimage","url":"https:\/\/www.forbes.be\/fr\/wp-content\/uploads\/2026\/01\/capture-decran-2026-01-23-a-143659-e1769175462497.png","contentUrl":"https:\/\/www.forbes.be\/fr\/wp-content\/uploads\/2026\/01\/capture-decran-2026-01-23-a-143659-e1769175462497.png","width":1328,"height":695,"caption":"\u00a9 BRAFA Art Fair"},{"@type":"BreadcrumbList","@id":"https:\/\/www.forbes.be\/fr\/la-brafa-setend-cette-annee-sur-trois-palais-de-brussels-expo-et-le-nombre-de-galerie-grandit\/#breadcrumb","itemListElement":[{"@type":"ListItem","position":1,"name":"Accueil","item":"https:\/\/www.forbes.be\/fr\/"},{"@type":"ListItem","position":2,"name":"La BRAFA s\u2019\u00e9tend cette ann\u00e9e sur trois palais de Brussels Expo, et le nombre de galeries grandit"}]},{"@type":"WebSite","@id":"https:\/\/www.forbes.be\/fr\/#website","url":"https:\/\/www.forbes.be\/fr\/","name":"Forbes Belgique","description":"","publisher":{"@id":"https:\/\/www.forbes.be\/fr\/#organization"},"potentialAction":[{"@type":"SearchAction","target":{"@type":"EntryPoint","urlTemplate":"https:\/\/www.forbes.be\/fr\/?s={search_term_string}"},"query-input":{"@type":"PropertyValueSpecification","valueRequired":true,"valueName":"search_term_string"}}],"inLanguage":"fr-FR"},{"@type":"Organization","@id":"https:\/\/www.forbes.be\/fr\/#organization","name":"Forbes Belgique","url":"https:\/\/www.forbes.be\/fr\/","logo":{"@type":"ImageObject","inLanguage":"fr-FR","@id":"https:\/\/www.forbes.be\/fr\/#\/schema\/logo\/image\/","url":"https:\/\/www.forbes.be\/fr\/wp-content\/uploads\/2024\/02\/forbes.be_.png","contentUrl":"https:\/\/www.forbes.be\/fr\/wp-content\/uploads\/2024\/02\/forbes.be_.png","width":1200,"height":675,"caption":"Forbes Belgique"},"image":{"@id":"https:\/\/www.forbes.be\/fr\/#\/schema\/logo\/image\/"},"sameAs":["https:\/\/www.facebook.com\/forbesbelgique\/","https:\/\/www.instagram.com\/Forbes_Belgium","https:\/\/www.linkedin.com\/company\/forbes-belgium\/"]},{"@type":"Person","@id":"https:\/\/www.forbes.be\/fr\/#\/schema\/person\/ad1bb0e83419af89356b7b11a6622c80","name":"Johan-Fr\u00e9d\u00e9rik Hel Guedj","image":{"@type":"ImageObject","inLanguage":"fr-FR","@id":"https:\/\/secure.gravatar.com\/avatar\/65333543693434f2cc9fdefb3173b162df98712d00606b00b3d43914f79a1598?s=96&d=mm&r=g","url":"https:\/\/secure.gravatar.com\/avatar\/65333543693434f2cc9fdefb3173b162df98712d00606b00b3d43914f79a1598?s=96&d=mm&r=g","contentUrl":"https:\/\/secure.gravatar.com\/avatar\/65333543693434f2cc9fdefb3173b162df98712d00606b00b3d43914f79a1598?s=96&d=mm&r=g","caption":"Johan-Fr\u00e9d\u00e9rik Hel Guedj"},"description":"Johan-Frederik Hel Guedj est journaliste et auteur fran\u00e7ais. R\u00e9dacteur en chef pendant 7 ans de la revue Pouvoirs Locaux, consacr\u00e9e aux politiques culturelles, il a publi\u00e9 huit ouvrages chez des \u00e9diteurs fran\u00e7ais et belges, dont deux romans, un essai consacr\u00e9 \u00e0 Orson Welles, et quatre livres d\u2019art. En plus de Forbes, il collabore \u00e0 L\u2019Echo et au Quotidien de l\u2019Art (Paris).","url":"https:\/\/www.forbes.be\/fr\/author\/johan-frederik-hel-guedj\/"}]}},"_links":{"self":[{"href":"https:\/\/www.forbes.be\/fr\/wp-json\/wp\/v2\/posts\/15044","targetHints":{"allow":["GET"]}}],"collection":[{"href":"https:\/\/www.forbes.be\/fr\/wp-json\/wp\/v2\/posts"}],"about":[{"href":"https:\/\/www.forbes.be\/fr\/wp-json\/wp\/v2\/types\/post"}],"author":[{"embeddable":true,"href":"https:\/\/www.forbes.be\/fr\/wp-json\/wp\/v2\/users\/27"}],"replies":[{"embeddable":true,"href":"https:\/\/www.forbes.be\/fr\/wp-json\/wp\/v2\/comments?post=15044"}],"version-history":[{"count":3,"href":"https:\/\/www.forbes.be\/fr\/wp-json\/wp\/v2\/posts\/15044\/revisions"}],"predecessor-version":[{"id":15149,"href":"https:\/\/www.forbes.be\/fr\/wp-json\/wp\/v2\/posts\/15044\/revisions\/15149"}],"wp:featuredmedia":[{"embeddable":true,"href":"https:\/\/www.forbes.be\/fr\/wp-json\/wp\/v2\/media\/15051"}],"wp:attachment":[{"href":"https:\/\/www.forbes.be\/fr\/wp-json\/wp\/v2\/media?parent=15044"}],"wp:term":[{"taxonomy":"category","embeddable":true,"href":"https:\/\/www.forbes.be\/fr\/wp-json\/wp\/v2\/categories?post=15044"},{"taxonomy":"post_tag","embeddable":true,"href":"https:\/\/www.forbes.be\/fr\/wp-json\/wp\/v2\/tags?post=15044"}],"curies":[{"name":"wp","href":"https:\/\/api.w.org\/{rel}","templated":true}]}}