{"id":1511,"date":"2024-03-14T07:00:46","date_gmt":"2024-03-14T06:00:46","guid":{"rendered":"https:\/\/www.forbes.be\/fr\/?p=1511"},"modified":"2024-03-14T12:42:34","modified_gmt":"2024-03-14T11:42:34","slug":"ces-belges-qui-dessinent-le-beau-et-imaginent-le-luxe","status":"publish","type":"post","link":"https:\/\/www.forbes.be\/fr\/ces-belges-qui-dessinent-le-beau-et-imaginent-le-luxe\/","title":{"rendered":"Ces Belges qui dessinent le beau et imaginent le luxe"},"content":{"rendered":"<p><strong>Dans l&rsquo;univers de l&rsquo;h\u00f4tellerie de luxe, les designers belges se sont impos\u00e9s comme des acteurs majeurs, apportant leur touche distinctive \u00e0 de nombreux projets h\u00f4teliers \u00e0 travers le monde. Michel Penneman, Joachim Froment et Lionel Jadot ont tous quelque chose en commun\u00a0; une vision unique, un savoir-faire et l\u2019envie de raconter des histoires\u2026 Nous avons pass\u00e9 les portes de leur atelier. <\/strong><\/p>\n<h2>Success &amp; Stories<\/h2>\n<p>Derri\u00e8re le nom <a href=\"https:\/\/www.michelpenneman.com\/\" target=\"_blank\" rel=\"noopener\"><strong>Michel<\/strong> <strong>Penneman<\/strong><\/a>, se logent le <a href=\"https:\/\/www.vintagehotel.be\/fr\/??gad_source=1&amp;gclid=EAIaIQobChMIncvc_LbOhAMVE5RQBh1LAwDSEAAYASAAEgIQkvD_BwE\" target=\"_blank\" rel=\"noopener\"><strong>Vintage<\/strong> <strong>Hotel<\/strong><\/a> (auparavant une seigneurie, transform\u00e9e en un h\u00f4tel), le <a href=\"https:\/\/www.thescotthotel.be\/?sjrncid=GA_13157302781&amp;sjrnaid=GA_594885034299&amp;gad_source=1&amp;gclid=EAIaIQobChMI8origLfOhAMVK2hBAh3ofAorEAAYASAAEgLk5fD_BwE&amp;gclsrc=aw.ds\" target=\"_blank\" rel=\"noopener\"><strong>Scott<\/strong> <strong>Hotel<\/strong><\/a> (inspir\u00e9 par l&rsquo;univers des ann\u00e9es 20 et de la prohibition), le <a href=\"https:\/\/zoomhotel.be\/fr\/\" target=\"_blank\" rel=\"noopener\"><strong>Zoom<\/strong> <strong>Hotel<\/strong><\/a> ou encore l\u2019h\u00f4tel <a href=\"https:\/\/all.accor.com\/ssr\/app\/mgallery\/hotels\/brussels-belgium\/index.fr.shtml?compositions=1&amp;stayplus=false&amp;snu=false&amp;hideWDR=false&amp;accessibleRooms=false&amp;hideHotelDetails=false&amp;utm_term=mar&amp;gclid=EAIaIQobChMIwpGq4bbOhAMV-OcWBR0ybwszEAAYASAAEgK-5PD_BwE&amp;utm_campaign=ppc-mga-mar-goo-ww-fr-ww-mix-sear-bp&amp;utm_medium=cpc&amp;utm_source=google&amp;utm_content=ww-fr-BE-V0627\" target=\"_blank\" rel=\"noopener\"><strong>Mgallery<\/strong><\/a>. \u00ab <em>Chaque projet est une opportunit\u00e9 de raconter une nouvelle histoire, de cr\u00e9er un monde o\u00f9 les gens peuvent se sentir \u00e0 la fois chez eux et transport\u00e9s vers un univers diff\u00e9rent,<\/em> \u00bb partage Michel passionn\u00e9. Son approche ax\u00e9e sur le r\u00e9cit se refl\u00e8te dans chacun de ses projets, o\u00f9 chaque \u00e9l\u00e9ment est soigneusement pens\u00e9 pour susciter l&rsquo;\u00e9merveillement et l&rsquo;\u00e9tonnement chez les occupants. \u00ab <em>Je crois en une approche personnalis\u00e9e, o\u00f9 chaque projet est fa\u00e7onn\u00e9 en fonction des aspirations uniques de ceux qui l&rsquo;habitent,<\/em> \u00bb affirme-t-il. \u00ab<em> Je ne vends pas mon style, je m\u2019adapte \u00e0 celui des clients. <\/em>\u00bb<\/p>\n<figure id=\"attachment_1535\" aria-describedby=\"caption-attachment-1535\" style=\"width: 696px\" class=\"wp-caption aligncenter\"><img loading=\"lazy\" decoding=\"async\" class=\"wp-image-1535 size-large\" src=\"https:\/\/www.forbes.be\/fr\/wp-content\/uploads\/2024\/03\/12-The-Scott-Hotel-1024x683.jpg\" alt=\"The Scott Hotel\" width=\"696\" height=\"464\" srcset=\"https:\/\/www.forbes.be\/fr\/wp-content\/uploads\/2024\/03\/12-The-Scott-Hotel-1024x683.jpg 1024w, https:\/\/www.forbes.be\/fr\/wp-content\/uploads\/2024\/03\/12-The-Scott-Hotel-300x200.jpg 300w, https:\/\/www.forbes.be\/fr\/wp-content\/uploads\/2024\/03\/12-The-Scott-Hotel-768x512.jpg 768w, https:\/\/www.forbes.be\/fr\/wp-content\/uploads\/2024\/03\/12-The-Scott-Hotel-1536x1024.jpg 1536w, https:\/\/www.forbes.be\/fr\/wp-content\/uploads\/2024\/03\/12-The-Scott-Hotel-2048x1365.jpg 2048w, https:\/\/www.forbes.be\/fr\/wp-content\/uploads\/2024\/03\/12-The-Scott-Hotel-696x464.jpg 696w, https:\/\/www.forbes.be\/fr\/wp-content\/uploads\/2024\/03\/12-The-Scott-Hotel-1068x712.jpg 1068w, https:\/\/www.forbes.be\/fr\/wp-content\/uploads\/2024\/03\/12-The-Scott-Hotel-1920x1280.jpg 1920w\" sizes=\"auto, (max-width: 696px) 100vw, 696px\" \/><figcaption id=\"caption-attachment-1535\" class=\"wp-caption-text\">The Scott Hotel<\/figcaption><\/figure>\n<p>Le projet de r\u00e9novation de l&rsquo;h\u00f4tel Mgallery en est un bon exemple : \u00ab <em>C&rsquo;est un assez grand h\u00f4tel, 165 chambres. Le nom est pass\u00e9 de <strong>Sofitel<\/strong> \u00e0 Mgallery, plus tendance. Je devais donc faire quelque chose \u2018de branch\u00e9\u2019 et en m\u00eame temps avec une rigueur dans la r\u00e9alisation puisque c&rsquo;est un 5 \u00e9toiles,<\/em> \u00bb partage-t-il. Pour ce projet, Michel a travaill\u00e9 avec du bois massif, des mat\u00e9riaux nobles et des cuirs, cr\u00e9ant une ambiance sophistiqu\u00e9e et chaleureuse. \u00ab\u00a0<em>Le fil conducteur c\u2019est la combinaison de la ville et des jardins. Quand on rentre dans l\u2019h\u00f4tel, on est dans le brouhaha de la ville. Derri\u00e8re l&rsquo;h\u00f4tel, on a une cour int\u00e9rieure qui est extr\u00eamement calme et paisible. Et donc on a color\u00e9 les fa\u00e7ades, c\u00f4t\u00e9 rue, avec des touches de rouille et on a color\u00e9 les fa\u00e7ades, c\u00f4t\u00e9 jardin, avec des touches de vert.<\/em>\u00a0\u00bb<\/p>\n<figure id=\"attachment_1531\" aria-describedby=\"caption-attachment-1531\" style=\"width: 696px\" class=\"wp-caption aligncenter\"><img loading=\"lazy\" decoding=\"async\" class=\"wp-image-1531 size-large\" src=\"https:\/\/www.forbes.be\/fr\/wp-content\/uploads\/2024\/03\/01-MGallery-Hotel-1024x683.jpg\" alt=\"Mgallery\" width=\"696\" height=\"464\" srcset=\"https:\/\/www.forbes.be\/fr\/wp-content\/uploads\/2024\/03\/01-MGallery-Hotel-1024x683.jpg 1024w, https:\/\/www.forbes.be\/fr\/wp-content\/uploads\/2024\/03\/01-MGallery-Hotel-300x200.jpg 300w, https:\/\/www.forbes.be\/fr\/wp-content\/uploads\/2024\/03\/01-MGallery-Hotel-768x512.jpg 768w, https:\/\/www.forbes.be\/fr\/wp-content\/uploads\/2024\/03\/01-MGallery-Hotel-1536x1024.jpg 1536w, https:\/\/www.forbes.be\/fr\/wp-content\/uploads\/2024\/03\/01-MGallery-Hotel-2048x1365.jpg 2048w, https:\/\/www.forbes.be\/fr\/wp-content\/uploads\/2024\/03\/01-MGallery-Hotel-696x464.jpg 696w, https:\/\/www.forbes.be\/fr\/wp-content\/uploads\/2024\/03\/01-MGallery-Hotel-1068x712.jpg 1068w, https:\/\/www.forbes.be\/fr\/wp-content\/uploads\/2024\/03\/01-MGallery-Hotel-1920x1280.jpg 1920w\" sizes=\"auto, (max-width: 696px) 100vw, 696px\" \/><figcaption id=\"caption-attachment-1531\" class=\"wp-caption-text\">Mgallery<\/figcaption><\/figure>\n<p>Michel n&rsquo;h\u00e9site pas non plus \u00e0 collaborer \u00e9troitement avec ses clients pour cr\u00e9er des exp\u00e9riences uniques, comme en t\u00e9moigne son travail avec le Zoom Hotel. \u00ab <em>Pour le Zoom H\u00f4tel, les clients sont venus chez moi, et m\u2019ont demand\u00e9 un h\u00f4tel ax\u00e9 sur la photographie, ce n\u2019est pas du \u2018jamais vu\u2019 mais ils voulaient quelque chose de sp\u00e9cial\u2026 <\/em>\u00bb partage-t-il. Cette approche collaborative permet de cr\u00e9er des espaces qui sont \u00e0 la fois innovants avec un sens du storytelling incomparable&#8230; \u00ab\u00a0<em>J\u2019ai donc propos\u00e9 \u00e0 des inconnus de partager des photos de Bruxelles. O<\/em><em>n a re\u00e7u des photos de majorettes, de la Grand-Place, d&rsquo;un chien devant une vitrine, etc. On en a choisi quatre-vingts. Les auteurs des photos, des inconnus, ont \u00e9t\u00e9 invit\u00e9s \u00e0 l\u2019ouverture de l\u2019h\u00f4tel, on leur a offert une nuit gratuite et ils ont pu signer leur photo. Gr\u00e2ce \u00e0 cette histoire d\u2019h\u00f4tel participatif, on a eu une presse \u00e9norme sans forc\u00e9ment de grands moyens. Nous ne sommes pas vraiment des d\u00e9corateurs, mais plut\u00f4t des cr\u00e9ateurs de petites histoires.\u00a0<\/em>\u00bb<\/p>\n<figure id=\"attachment_1534\" aria-describedby=\"caption-attachment-1534\" style=\"width: 696px\" class=\"wp-caption aligncenter\"><img loading=\"lazy\" decoding=\"async\" class=\"wp-image-1534 size-large\" src=\"https:\/\/www.forbes.be\/fr\/wp-content\/uploads\/2024\/03\/11-The-Scott-Hotel-1024x683.jpg\" alt=\"The Scott Hotel \" width=\"696\" height=\"464\" srcset=\"https:\/\/www.forbes.be\/fr\/wp-content\/uploads\/2024\/03\/11-The-Scott-Hotel-1024x683.jpg 1024w, https:\/\/www.forbes.be\/fr\/wp-content\/uploads\/2024\/03\/11-The-Scott-Hotel-300x200.jpg 300w, https:\/\/www.forbes.be\/fr\/wp-content\/uploads\/2024\/03\/11-The-Scott-Hotel-768x512.jpg 768w, https:\/\/www.forbes.be\/fr\/wp-content\/uploads\/2024\/03\/11-The-Scott-Hotel-1536x1024.jpg 1536w, https:\/\/www.forbes.be\/fr\/wp-content\/uploads\/2024\/03\/11-The-Scott-Hotel-2048x1365.jpg 2048w, https:\/\/www.forbes.be\/fr\/wp-content\/uploads\/2024\/03\/11-The-Scott-Hotel-696x464.jpg 696w, https:\/\/www.forbes.be\/fr\/wp-content\/uploads\/2024\/03\/11-The-Scott-Hotel-1068x712.jpg 1068w, https:\/\/www.forbes.be\/fr\/wp-content\/uploads\/2024\/03\/11-The-Scott-Hotel-1920x1280.jpg 1920w\" sizes=\"auto, (max-width: 696px) 100vw, 696px\" \/><figcaption id=\"caption-attachment-1534\" class=\"wp-caption-text\">The Scott Hotel<\/figcaption><\/figure>\n<p>Michel Penneman, en quelques chiffres, c&rsquo;est : plus de 30 ans d&rsquo;exp\u00e9rience dans le domaine de l&rsquo;architecture d&rsquo;int\u00e9rieur, depuis ses d\u00e9buts en 1987. Environ 3000 projets r\u00e9alis\u00e9s au cours de sa carri\u00e8re. Une \u00e9quipe compos\u00e9e de 4 personnes travaillant au bureau, avec 8 personnes ext\u00e9rieures collaborant sur chaque projet. Un chiffre d&rsquo;affaires annuel d&rsquo;environ 500 000 \u20ac, principalement bas\u00e9 sur des services. Un co\u00fbt moyen par projet variant de 1200\u20ac \u00e0 3500\u20ac par m\u00e8tre carr\u00e9, en fonction de la complexit\u00e9 et de la nature du projet. Une pr\u00e9sence internationale avec des projets r\u00e9alis\u00e9s \u00e0 Londres, Paris, J\u00e9rusalem, au Rwanda, au Luxembourg, entre autres, bien que la majorit\u00e9 de son activit\u00e9 reste concentr\u00e9e en Belgique.<\/p>\n<figure id=\"attachment_1533\" aria-describedby=\"caption-attachment-1533\" style=\"width: 696px\" class=\"wp-caption aligncenter\"><img loading=\"lazy\" decoding=\"async\" class=\"wp-image-1533 size-large\" src=\"https:\/\/www.forbes.be\/fr\/wp-content\/uploads\/2024\/03\/06-Vintage-Hotel-1024x683.jpg\" alt=\"Vintage Hotel\" width=\"696\" height=\"464\" srcset=\"https:\/\/www.forbes.be\/fr\/wp-content\/uploads\/2024\/03\/06-Vintage-Hotel-1024x683.jpg 1024w, https:\/\/www.forbes.be\/fr\/wp-content\/uploads\/2024\/03\/06-Vintage-Hotel-300x200.jpg 300w, https:\/\/www.forbes.be\/fr\/wp-content\/uploads\/2024\/03\/06-Vintage-Hotel-768x512.jpg 768w, https:\/\/www.forbes.be\/fr\/wp-content\/uploads\/2024\/03\/06-Vintage-Hotel-1536x1024.jpg 1536w, https:\/\/www.forbes.be\/fr\/wp-content\/uploads\/2024\/03\/06-Vintage-Hotel-2048x1365.jpg 2048w, https:\/\/www.forbes.be\/fr\/wp-content\/uploads\/2024\/03\/06-Vintage-Hotel-696x464.jpg 696w, https:\/\/www.forbes.be\/fr\/wp-content\/uploads\/2024\/03\/06-Vintage-Hotel-1068x712.jpg 1068w, https:\/\/www.forbes.be\/fr\/wp-content\/uploads\/2024\/03\/06-Vintage-Hotel-1920x1280.jpg 1920w\" sizes=\"auto, (max-width: 696px) 100vw, 696px\" \/><figcaption id=\"caption-attachment-1533\" class=\"wp-caption-text\">Vintage Hotel<\/figcaption><\/figure>\n<h2>L\u2019organique technologique<\/h2>\n<p><a href=\"https:\/\/www.joachimfroment.com\/\" target=\"_blank\" rel=\"noopener\"><strong>Joachim Froment<\/strong><\/a> incarne la fusion entre tradition artistique et innovation contemporaine. Son parcours professionnel, d\u00e9but\u00e9 dans un studio \u00e0 Copenhague, l&rsquo;a conduit \u00e0 cr\u00e9er <a href=\"https:\/\/futurewave.design\/?gad_source=1&amp;gclid=EAIaIQobChMIl6GNw7zOhAMVT9YWBR0YxgroEAAYASAAEgIxIvD_BwE\" target=\"_blank\" rel=\"noopener\"><strong>Futurewave<\/strong><\/a>, une agence de cr\u00e9ation et d&rsquo;innovation qui s&rsquo;est impos\u00e9e comme un acteur majeur du design belge innovant. Avec une approche ax\u00e9e sur la durabilit\u00e9 et l&rsquo;innovation, Joachim repense le luxe en valorisant les mat\u00e9riaux et les processus de fabrication, comme en t\u00e9moignent ses projets prim\u00e9s tels que la lampe torsad\u00e9e <a href=\"https:\/\/www.instagram.com\/p\/Cn_pnWLI9fV\/\" target=\"_blank\" rel=\"noopener\"><strong>Knit<\/strong><\/a> et la <a href=\"https:\/\/www.joachimfroment.com\/06chair-design-joachimfroment\" target=\"_blank\" rel=\"noopener\"><strong>0.6Chair<\/strong><\/a>, alliant l\u00e9g\u00e8ret\u00e9 et durabilit\u00e9. Il souligne\u00a0: \u00ab\u00a0<em>Il faut cr\u00e9er une nouvelle exp\u00e9rience presque immersive, mais dans lequel les personnes se sentent bien, apais\u00e9es, tranquilles.<\/em>\u00a0\u00bb Sa vision du design, centr\u00e9e sur l&rsquo;\u00e9motion et l&rsquo;exp\u00e9rience sensorielle, trouve un \u00e9cho particulier dans le secteur de l&rsquo;h\u00f4tellerie, o\u00f9 chaque cr\u00e9ation vise \u00e0 offrir une exp\u00e9rience immersive et durable aux clients.<\/p>\n<figure id=\"attachment_1639\" aria-describedby=\"caption-attachment-1639\" style=\"width: 696px\" class=\"wp-caption aligncenter\"><img loading=\"lazy\" decoding=\"async\" class=\"wp-image-1639 size-large\" src=\"https:\/\/www.forbes.be\/fr\/wp-content\/uploads\/2024\/03\/Knit_Shangai_6-1024x1024.jpg\" alt=\"Lampe Knit \u00e0 Shangai\" width=\"696\" height=\"696\" srcset=\"https:\/\/www.forbes.be\/fr\/wp-content\/uploads\/2024\/03\/Knit_Shangai_6-1024x1024.jpg 1024w, https:\/\/www.forbes.be\/fr\/wp-content\/uploads\/2024\/03\/Knit_Shangai_6-300x300.jpg 300w, https:\/\/www.forbes.be\/fr\/wp-content\/uploads\/2024\/03\/Knit_Shangai_6-150x150.jpg 150w, https:\/\/www.forbes.be\/fr\/wp-content\/uploads\/2024\/03\/Knit_Shangai_6-768x768.jpg 768w, https:\/\/www.forbes.be\/fr\/wp-content\/uploads\/2024\/03\/Knit_Shangai_6-696x696.jpg 696w, https:\/\/www.forbes.be\/fr\/wp-content\/uploads\/2024\/03\/Knit_Shangai_6-1068x1068.jpg 1068w, https:\/\/www.forbes.be\/fr\/wp-content\/uploads\/2024\/03\/Knit_Shangai_6.jpg 1170w\" sizes=\"auto, (max-width: 696px) 100vw, 696px\" \/><figcaption id=\"caption-attachment-1639\" class=\"wp-caption-text\">Lampe Knit \u00e0 Shangai<\/figcaption><\/figure>\n<p><span style=\"font-family: Verdana, BlinkMacSystemFont, -apple-system, 'Segoe UI', Roboto, Oxygen, Ubuntu, Cantarell, 'Open Sans', 'Helvetica Neue', sans-serif;\">Collaborant avec des marques telles qu&rsquo;<\/span><strong style=\"font-family: Verdana, BlinkMacSystemFont, -apple-system, 'Segoe UI', Roboto, Oxygen, Ubuntu, Cantarell, 'Open Sans', 'Helvetica Neue', sans-serif;\">Adidas<\/strong><span style=\"font-family: Verdana, BlinkMacSystemFont, -apple-system, 'Segoe UI', Roboto, Oxygen, Ubuntu, Cantarell, 'Open Sans', 'Helvetica Neue', sans-serif;\"> ou <\/span><strong style=\"font-family: Verdana, BlinkMacSystemFont, -apple-system, 'Segoe UI', Roboto, Oxygen, Ubuntu, Cantarell, 'Open Sans', 'Helvetica Neue', sans-serif;\">Off White<\/strong><span style=\"font-family: Verdana, BlinkMacSystemFont, -apple-system, 'Segoe UI', Roboto, Oxygen, Ubuntu, Cantarell, 'Open Sans', 'Helvetica Neue', sans-serif;\"> ou des \u00e9tablissements prestigieux comme le <\/span><a style=\"font-family: Verdana, BlinkMacSystemFont, -apple-system, 'Segoe UI', Roboto, Oxygen, Ubuntu, Cantarell, 'Open Sans', 'Helvetica Neue', sans-serif;\" href=\"https:\/\/www.danfoss.com\/en\/service-and-support\/case-stories\/dds\/danfoss-ensures-sustainable-luxury-in-the-heart-of-sonderborg\/\" target=\"_blank\" rel=\"noopener\"><strong>Danfoss<\/strong><\/a><span style=\"font-family: Verdana, BlinkMacSystemFont, -apple-system, 'Segoe UI', Roboto, Oxygen, Ubuntu, Cantarell, 'Open Sans', 'Helvetica Neue', sans-serif;\"> au Danemark ou le <\/span><a style=\"font-family: Verdana, BlinkMacSystemFont, -apple-system, 'Segoe UI', Roboto, Oxygen, Ubuntu, Cantarell, 'Open Sans', 'Helvetica Neue', sans-serif;\" href=\"https:\/\/mix.brussels\/hotel\/\" target=\"_blank\" rel=\"noopener\"><strong>MIX<\/strong><\/a><span style=\"font-family: Verdana, BlinkMacSystemFont, -apple-system, 'Segoe UI', Roboto, Oxygen, Ubuntu, Cantarell, 'Open Sans', 'Helvetica Neue', sans-serif;\"> \u00e0 Bruxelles pour qui il a fourni environ 300 chaises de la gamme \u00ab\u00a0<\/span><a style=\"font-family: Verdana, BlinkMacSystemFont, -apple-system, 'Segoe UI', Roboto, Oxygen, Ubuntu, Cantarell, 'Open Sans', 'Helvetica Neue', sans-serif;\" href=\"https:\/\/www.instagram.com\/p\/CvCIJbRoAeG\/\" target=\"_blank\" rel=\"noopener\"><strong>In layer<\/strong><\/a><span style=\"font-family: Verdana, BlinkMacSystemFont, -apple-system, 'Segoe UI', Roboto, Oxygen, Ubuntu, Cantarell, 'Open Sans', 'Helvetica Neue', sans-serif;\">\u00ab\u00a0. Ces chaises, produites et assembl\u00e9es en Belgique, qui sont con\u00e7ues pour les espaces commerciaux et offrent une grande polyvalence gr\u00e2ce \u00e0 un syst\u00e8me de textile interchangeable, et qui sont accessibles \u00e0 tout projet h\u00f4telier qui pourrait les trouver adapt\u00e9es \u00e0 leur esth\u00e9tique et \u00e0 leurs besoins pratiques. Joachim apporte une polyvalence et une durabilit\u00e9 recherch\u00e9es dans l&rsquo;h\u00f4tellerie haut de gamme\u00a0: \u00ab\u00a0<\/span><em style=\"font-family: Verdana, BlinkMacSystemFont, -apple-system, 'Segoe UI', Roboto, Oxygen, Ubuntu, Cantarell, 'Open Sans', 'Helvetica Neue', sans-serif;\">J&rsquo;essaie de toujours trouver une mani\u00e8re d&rsquo;apporter le durable dans ce sch\u00e9ma. M\u00eame s&rsquo;il n\u2019est pas toujours essentiel pour le luxe\u2026 J\u2019accorde un soin particulier au mat\u00e9riau qu\u2019on choisit.<\/em><span style=\"font-family: Verdana, BlinkMacSystemFont, -apple-system, 'Segoe UI', Roboto, Oxygen, Ubuntu, Cantarell, 'Open Sans', 'Helvetica Neue', sans-serif;\"> \u00bb<\/span><\/p>\n<figure id=\"attachment_1537\" aria-describedby=\"caption-attachment-1537\" style=\"width: 696px\" class=\"wp-caption aligncenter\"><img loading=\"lazy\" decoding=\"async\" class=\"wp-image-1537 size-large\" src=\"https:\/\/www.forbes.be\/fr\/wp-content\/uploads\/2024\/03\/Inlayer_cHaroldPirlot15-768x1024.jpg\" alt=\"In layer \u00a9Harold Pirlot\" width=\"696\" height=\"928\" srcset=\"https:\/\/www.forbes.be\/fr\/wp-content\/uploads\/2024\/03\/Inlayer_cHaroldPirlot15-768x1024.jpg 768w, https:\/\/www.forbes.be\/fr\/wp-content\/uploads\/2024\/03\/Inlayer_cHaroldPirlot15-225x300.jpg 225w, https:\/\/www.forbes.be\/fr\/wp-content\/uploads\/2024\/03\/Inlayer_cHaroldPirlot15-1152x1536.jpg 1152w, https:\/\/www.forbes.be\/fr\/wp-content\/uploads\/2024\/03\/Inlayer_cHaroldPirlot15-1536x2048.jpg 1536w, https:\/\/www.forbes.be\/fr\/wp-content\/uploads\/2024\/03\/Inlayer_cHaroldPirlot15-696x928.jpg 696w, https:\/\/www.forbes.be\/fr\/wp-content\/uploads\/2024\/03\/Inlayer_cHaroldPirlot15-1068x1424.jpg 1068w, https:\/\/www.forbes.be\/fr\/wp-content\/uploads\/2024\/03\/Inlayer_cHaroldPirlot15-scaled.jpg 1920w\" sizes=\"auto, (max-width: 696px) 100vw, 696px\" \/><figcaption id=\"caption-attachment-1537\" class=\"wp-caption-text\">In layer \u00a9Harold Pirlot<\/figcaption><\/figure>\n<figure id=\"attachment_1536\" aria-describedby=\"caption-attachment-1536\" style=\"width: 696px\" class=\"wp-caption aligncenter\"><img loading=\"lazy\" decoding=\"async\" class=\"wp-image-1536 size-large\" src=\"https:\/\/www.forbes.be\/fr\/wp-content\/uploads\/2024\/03\/Inlayer_cHaroldPirlot6-768x1024.jpg\" alt=\"In layer \u00a9Harold Pirlot\" width=\"696\" height=\"928\" srcset=\"https:\/\/www.forbes.be\/fr\/wp-content\/uploads\/2024\/03\/Inlayer_cHaroldPirlot6-768x1024.jpg 768w, https:\/\/www.forbes.be\/fr\/wp-content\/uploads\/2024\/03\/Inlayer_cHaroldPirlot6-225x300.jpg 225w, https:\/\/www.forbes.be\/fr\/wp-content\/uploads\/2024\/03\/Inlayer_cHaroldPirlot6-1152x1536.jpg 1152w, https:\/\/www.forbes.be\/fr\/wp-content\/uploads\/2024\/03\/Inlayer_cHaroldPirlot6-1536x2048.jpg 1536w, https:\/\/www.forbes.be\/fr\/wp-content\/uploads\/2024\/03\/Inlayer_cHaroldPirlot6-696x928.jpg 696w, https:\/\/www.forbes.be\/fr\/wp-content\/uploads\/2024\/03\/Inlayer_cHaroldPirlot6-1068x1424.jpg 1068w, https:\/\/www.forbes.be\/fr\/wp-content\/uploads\/2024\/03\/Inlayer_cHaroldPirlot6-scaled.jpg 1920w\" sizes=\"auto, (max-width: 696px) 100vw, 696px\" \/><figcaption id=\"caption-attachment-1536\" class=\"wp-caption-text\">In layer \u00a9Harold Pirlot<\/figcaption><\/figure>\n<p>Inspir\u00e9 par les traditions artistiques belges ainsi que par les influences danoises, italiennes et japonaises, Joachim cr\u00e9e des objets sculpturaux aux formes organiques et minimalistes, incarnant un luxe intemporel et \u00e9motionnel. \u00ab\u00a0<em>Je suis bas\u00e9 surtout \u00e0 Bruxelles. Ma compagne est danoise. Pour moi ce sont des sources d&rsquo;inspiration diff\u00e9rentes. Au Danemark, on assume ce c\u00f4t\u00e9 tr\u00e8s naturel. C\u2019est la sensibilit\u00e9 des formes organiques et du travail artisanal \u00e0 travers l&rsquo;industriel, c\u2019est une culture du design et de l&rsquo;artisanat tr\u00e8s riche. Ils ont une relation tr\u00e8s humaine avec le produit. En Belgique, on a une forte tradition et un h\u00e9ritage ancr\u00e9 dans la d\u00e9marche artistique. Nous avons des grands artistes et le design collectif est tr\u00e8s fort aussi chez nous. On a cette charge artistique et \u00e9motionnelle tr\u00e8s puissante. C&rsquo;est int\u00e9ressant de puiser dans les partenaires industriels que je peux voir ici en Belgique, et les artisanats tr\u00e8s consciencieux au Danemark,<\/em> \u00bb souligne Joachim.<\/p>\n<p>Malgr\u00e9 ses nombreux prix et son succ\u00e8s international, Joachim reste ancr\u00e9 dans ses racines belges. Cette connexion enrichit sa d\u00e9marche cr\u00e9ative et renforce son engagement envers la durabilit\u00e9 et la qualit\u00e9. Avec Futurewave, il poursuit son exploration de nouveaux horizons, tout en restant fid\u00e8le \u00e0 sa vision du design durable et \u00e9motionnel. Son engagement envers l&rsquo;innovation et la qualit\u00e9 contribue \u00e0 fa\u00e7onner l&rsquo;avenir du design belge et \u00e0 cr\u00e9er des exp\u00e9riences uniques et m\u00e9morables pour les clients du monde entier\u2026<\/p>\n<p>Sur le plan financier, Futurewave a r\u00e9alis\u00e9 un chiffre d&rsquo;affaires annuel de 1,6 million d&rsquo;euros en 2023, enregistrant une croissance significative depuis sa cr\u00e9ation il y a quatre ans. Passant de 3 \u00e0 20 employ\u00e9s, l&rsquo;entreprise est rentable depuis sa premi\u00e8re ann\u00e9e. Avec environ 15 projets r\u00e9alis\u00e9s chaque ann\u00e9e, Futurewave pr\u00e9voit d&rsquo;atteindre entre 25 et 30 projets annuels dans un proche avenir. En termes de budget, les projets sign\u00e9s Joachim Froment varient en moyenne entre 10 000 et 100 000 \u20ac pour la partie design seule, sans compter les co\u00fbts mat\u00e9riels.<\/p>\n<figure id=\"attachment_1539\" aria-describedby=\"caption-attachment-1539\" style=\"width: 696px\" class=\"wp-caption aligncenter\"><img loading=\"lazy\" decoding=\"async\" class=\"wp-image-1539 size-large\" src=\"https:\/\/www.forbes.be\/fr\/wp-content\/uploads\/2024\/03\/Knit_Shangai_4-1024x674.jpg\" alt=\"Lampe Knit \u00e0 Shangai\" width=\"696\" height=\"458\" srcset=\"https:\/\/www.forbes.be\/fr\/wp-content\/uploads\/2024\/03\/Knit_Shangai_4-1024x674.jpg 1024w, https:\/\/www.forbes.be\/fr\/wp-content\/uploads\/2024\/03\/Knit_Shangai_4-300x197.jpg 300w, https:\/\/www.forbes.be\/fr\/wp-content\/uploads\/2024\/03\/Knit_Shangai_4-768x505.jpg 768w, https:\/\/www.forbes.be\/fr\/wp-content\/uploads\/2024\/03\/Knit_Shangai_4-1536x1011.jpg 1536w, https:\/\/www.forbes.be\/fr\/wp-content\/uploads\/2024\/03\/Knit_Shangai_4-2048x1347.jpg 2048w, https:\/\/www.forbes.be\/fr\/wp-content\/uploads\/2024\/03\/Knit_Shangai_4-696x458.jpg 696w, https:\/\/www.forbes.be\/fr\/wp-content\/uploads\/2024\/03\/Knit_Shangai_4-1068x703.jpg 1068w, https:\/\/www.forbes.be\/fr\/wp-content\/uploads\/2024\/03\/Knit_Shangai_4-1920x1263.jpg 1920w\" sizes=\"auto, (max-width: 696px) 100vw, 696px\" \/><figcaption id=\"caption-attachment-1539\" class=\"wp-caption-text\">Lampe Knit \u00e0 Shangai<\/figcaption><\/figure>\n<h2><span style=\"font-family: Verdana, BlinkMacSystemFont, -apple-system, 'Segoe UI', Roboto, Oxygen, Ubuntu, Cantarell, 'Open Sans', 'Helvetica Neue', sans-serif;\">L\u2019anti-Pinterest<\/span><\/h2>\n<p><a href=\"https:\/\/www.lioneljadot.com\/\" target=\"_blank\" rel=\"noopener\"><strong>Lionel<\/strong> <strong>Jadot<\/strong><\/a> incarne l&rsquo;audace et la cr\u00e9ativit\u00e9 depuis maintenant 34 ans. Petit, il construisait d\u00e9j\u00e0 ses propres jouets en bois \u00e0 partir des d\u00e9chets de l\u2019atelier familial. Autodidacte et curieux de nature, son parcours (professionnel) atypique, d\u00e9but\u00e9 \u00e0 l&rsquo;\u00e2ge de 19 ans, l&rsquo;a conduit \u00e0 une exploration constante de nouvelles id\u00e9es et de nouvelles approches. Dix ans plus tard, il lancera sa soci\u00e9t\u00e9\u00a0: l&rsquo;Atelier Lionel Jadot. \u00ab\u00a0<em>Pour moi, le design est avant tout une aventure. Chaque projet est une opportunit\u00e9 de repousser les limites de ma cr\u00e9ativit\u00e9 et de cr\u00e9er quelque chose de vraiment unique,<\/em>\u00a0\u00bb confie-t-il. Aujourd&rsquo;hui il a rassembl\u00e9 32 ateliers concurrents dans son hub cr\u00e9atif : <a href=\"https:\/\/www.zaventemateliers.com\/\" target=\"_blank\" rel=\"noopener\"><strong>Zaventem Ateliers<\/strong><\/a>, avec qui il g\u00e8re une vingtaine de projets, en moyenne, chaque ann\u00e9e. Son engagement envers le collaboratif, l&rsquo;artisanat et l&rsquo;innovation se refl\u00e8te dans chacune de ses cr\u00e9ations, o\u00f9 le souci du d\u00e9tail et la recherche de l&rsquo;authenticit\u00e9 sont omnipr\u00e9sents.<\/p>\n<figure id=\"attachment_1640\" aria-describedby=\"caption-attachment-1640\" style=\"width: 960px\" class=\"wp-caption aligncenter\"><img loading=\"lazy\" decoding=\"async\" class=\"wp-image-1640 size-full\" src=\"https:\/\/www.forbes.be\/fr\/wp-content\/uploads\/2024\/03\/Mix-Bruxelles-par-Mireille-Robaerts.jpg\" alt=\"Mix \u00a9Mireille Roobaert\" width=\"960\" height=\"640\" srcset=\"https:\/\/www.forbes.be\/fr\/wp-content\/uploads\/2024\/03\/Mix-Bruxelles-par-Mireille-Robaerts.jpg 960w, https:\/\/www.forbes.be\/fr\/wp-content\/uploads\/2024\/03\/Mix-Bruxelles-par-Mireille-Robaerts-300x200.jpg 300w, https:\/\/www.forbes.be\/fr\/wp-content\/uploads\/2024\/03\/Mix-Bruxelles-par-Mireille-Robaerts-768x512.jpg 768w, https:\/\/www.forbes.be\/fr\/wp-content\/uploads\/2024\/03\/Mix-Bruxelles-par-Mireille-Robaerts-696x464.jpg 696w\" sizes=\"auto, (max-width: 960px) 100vw, 960px\" \/><figcaption id=\"caption-attachment-1640\" class=\"wp-caption-text\">Mix \u00a9Mireille Roobaert<\/figcaption><\/figure>\n<p>Dans une industrie o\u00f9 la norme est souvent synonyme de conformit\u00e9, Lionel d\u00e9fend une approche non conventionnelle et ouverte \u00e0 l&rsquo;exp\u00e9rimentation. \u00ab\u00a0<em>Je crois en l&rsquo;importance de sortir des sentiers battus et d&rsquo;explorer de nouvelles perspectives. C&rsquo;est l\u00e0 que r\u00e9side la v\u00e9ritable source d&rsquo;inspiration,<\/em> \u00bb affirme-t-il. Cette philosophie audacieuse se traduit dans ses projets, o\u00f9 l&rsquo;originalit\u00e9 et l&rsquo;\u00e9motion sont au c\u0153ur de chaque cr\u00e9ation.<\/p>\n<p>Lionel accorde \u00e9galement une grande importance \u00e0 l&rsquo;authenticit\u00e9 et \u00e0 la durabilit\u00e9 dans son travail. \u00ab\u00a0<em>Pour moi, il est essentiel que mes cr\u00e9ations aient un impact positif sur l&rsquo;environnement et sur la soci\u00e9t\u00e9 dans son ensemble. C&rsquo;est pourquoi je privil\u00e9gie l&rsquo;utilisation de mat\u00e9riaux durables et le soutien aux artisans locaux,<\/em>\u00a0\u00bb explique-t-il. Cette approche \u00e9thique se refl\u00e8te dans des projets tels que le <strong>MIX<\/strong> (beau b\u00e9b\u00e9 de 25 000 m\u00b2). Dans ce projet ambitieux, Lionel a rassembl\u00e9 ses 32 ateliers concurrents, d\u00e9montrant ainsi sa capacit\u00e9 \u00e0 repousser les limites et \u00e0 cr\u00e9er des exp\u00e9riences uniques&#8230; \u00ab\u00a0<em>Le MIX repr\u00e9sente beaucoup pour moi. Il s&rsquo;agit d&rsquo;un projet tr\u00e8s ambitieux, qui illustre mon approche et mon \u00e9tat d&rsquo;esprit envers l&rsquo;h\u00f4tellerie contemporaine. Nous<\/em><em> a<\/em><em>vons<\/em><em> r\u00e9ussi <\/em><em>\u00e0 combiner<\/em><em> intensit\u00e9 et honn\u00eatet\u00e9 <\/em><em>tout en refl\u00e9tant <\/em><em>l&rsquo;engagement de tous les artistes et les designers<\/em><em>, <\/em><em>qu&rsquo;on a int\u00e9gr\u00e9<\/em><em>, <\/em><em>\u00e0 raconter une histoire qui est vraie. Dans le paysage h\u00f4telier, c&rsquo;est rare. En g\u00e9n\u00e9ral, on tombe dans quelque chose de commercial. Ici on voulait quelque chose de personnalis\u00e9.<\/em>\u00a0\u00bb<\/p>\n<figure id=\"attachment_1543\" aria-describedby=\"caption-attachment-1543\" style=\"width: 696px\" class=\"wp-caption aligncenter\"><img loading=\"lazy\" decoding=\"async\" class=\"wp-image-1543 size-large\" src=\"https:\/\/www.forbes.be\/fr\/wp-content\/uploads\/2024\/03\/MIX-cMireille-Roobaert-1024x683.jpg\" alt=\"Mix \u00a9Mireille Roobaert\" width=\"696\" height=\"464\" srcset=\"https:\/\/www.forbes.be\/fr\/wp-content\/uploads\/2024\/03\/MIX-cMireille-Roobaert-1024x683.jpg 1024w, https:\/\/www.forbes.be\/fr\/wp-content\/uploads\/2024\/03\/MIX-cMireille-Roobaert-300x200.jpg 300w, https:\/\/www.forbes.be\/fr\/wp-content\/uploads\/2024\/03\/MIX-cMireille-Roobaert-768x512.jpg 768w, https:\/\/www.forbes.be\/fr\/wp-content\/uploads\/2024\/03\/MIX-cMireille-Roobaert-1536x1024.jpg 1536w, https:\/\/www.forbes.be\/fr\/wp-content\/uploads\/2024\/03\/MIX-cMireille-Roobaert-2048x1365.jpg 2048w, https:\/\/www.forbes.be\/fr\/wp-content\/uploads\/2024\/03\/MIX-cMireille-Roobaert-696x464.jpg 696w, https:\/\/www.forbes.be\/fr\/wp-content\/uploads\/2024\/03\/MIX-cMireille-Roobaert-1068x712.jpg 1068w, https:\/\/www.forbes.be\/fr\/wp-content\/uploads\/2024\/03\/MIX-cMireille-Roobaert-1920x1280.jpg 1920w\" sizes=\"auto, (max-width: 696px) 100vw, 696px\" \/><figcaption id=\"caption-attachment-1543\" class=\"wp-caption-text\">Mix \u00a9Mireille Roobaert<\/figcaption><\/figure>\n<p>Le <a href=\"https:\/\/www.jamhotels.eu\/fr\/lisbon\/\" target=\"_blank\" rel=\"noopener\"><strong>Jam<\/strong><\/a> \u00e0 Lisbonne, est un autre projet, pour une cat\u00e9gorie 3 \u00e9toiles, o\u00f9 Lionel a \u00e9galement travaill\u00e9 pour cr\u00e9er une ambiance et une exp\u00e9rience sp\u00e9cifiques : \u00ab\u00a0<em>Nous avons utilis\u00e9 des mat\u00e9riaux locaux pour la construction des sols en marbre et des lits en bois, avec celui de la for\u00eat d\u2019\u00e0 c\u00f4t\u00e9 qui avait malheureusement brul\u00e9. Une belle approche \u00e9co-responsable dans l&rsquo;am\u00e9nagement d&rsquo;un h\u00f4tel. Nous cherchons toujours \u00e0 cr\u00e9er une magie en racontant une histoire sp\u00e9cifique. Nous pr\u00eatons aussi beaucoup d&rsquo;importance \u00e0 l&rsquo;harmonie entre l&rsquo;int\u00e9rieur de l&rsquo;h\u00f4tel et son environnement ext\u00e9rieur.<\/em>\u00a0\u00bb<\/p>\n<figure id=\"attachment_1540\" aria-describedby=\"caption-attachment-1540\" style=\"width: 696px\" class=\"wp-caption aligncenter\"><img loading=\"lazy\" decoding=\"async\" class=\"wp-image-1540 size-large\" src=\"https:\/\/www.forbes.be\/fr\/wp-content\/uploads\/2024\/03\/JAM-Lisbonne-cMireille-Roobaert-1024x683.jpg\" alt=\"JAM Lisbonne \u00a9Mireille Roobaert\" width=\"696\" height=\"464\" srcset=\"https:\/\/www.forbes.be\/fr\/wp-content\/uploads\/2024\/03\/JAM-Lisbonne-cMireille-Roobaert-1024x683.jpg 1024w, https:\/\/www.forbes.be\/fr\/wp-content\/uploads\/2024\/03\/JAM-Lisbonne-cMireille-Roobaert-300x200.jpg 300w, https:\/\/www.forbes.be\/fr\/wp-content\/uploads\/2024\/03\/JAM-Lisbonne-cMireille-Roobaert-768x512.jpg 768w, https:\/\/www.forbes.be\/fr\/wp-content\/uploads\/2024\/03\/JAM-Lisbonne-cMireille-Roobaert-1536x1024.jpg 1536w, https:\/\/www.forbes.be\/fr\/wp-content\/uploads\/2024\/03\/JAM-Lisbonne-cMireille-Roobaert-2048x1365.jpg 2048w, https:\/\/www.forbes.be\/fr\/wp-content\/uploads\/2024\/03\/JAM-Lisbonne-cMireille-Roobaert-696x464.jpg 696w, https:\/\/www.forbes.be\/fr\/wp-content\/uploads\/2024\/03\/JAM-Lisbonne-cMireille-Roobaert-1068x712.jpg 1068w, https:\/\/www.forbes.be\/fr\/wp-content\/uploads\/2024\/03\/JAM-Lisbonne-cMireille-Roobaert-1920x1280.jpg 1920w\" sizes=\"auto, (max-width: 696px) 100vw, 696px\" \/><figcaption id=\"caption-attachment-1540\" class=\"wp-caption-text\">JAM Lisbonne \u00a9Mireille Roobaert<\/figcaption><\/figure>\n<p>Mais ce n\u2019est pas tout, Lionel a \u00e9galement lanc\u00e9 un concept de coliving d\u00e9velopp\u00e9 avec <a href=\"https:\/\/cohabs.com\/?gad_source=1&amp;gclid=CjwKCAiA0PuuBhBsEiwAS7fsNUmQ80qc6DGAvEla0pjS-o7IZHAZ0agZUpjahBfEunfbIYj76KQrTxoCz1YQAvD_BwE\" target=\"_blank\" rel=\"noopener\"><strong>Cohabs<\/strong><\/a>, une marque pr\u00e9sente dans plusieurs villes \u00e0 travers le monde, g\u00e9rant pr\u00e8s de 3000 lits. Bien que ce ne soit pas un h\u00f4tel traditionnel, le projet de coliving implique la transformation d&rsquo;anciens b\u00e2timents, y compris des h\u00f4tels de ma\u00eetre, en espaces communautaires r\u00e9sidentiels. \u00ab\u00a0<em>Ces espaces sont con\u00e7us par moi et mon \u00e9quipe pour offrir une exp\u00e9rience de vie coh\u00e9rente et cr\u00e9ative,<\/em> \u00bb ajoute-t-il.<\/p>\n<p>Lionel est donc r\u00e9put\u00e9 pour la personnalisation, l&rsquo;authenticit\u00e9 et la coh\u00e9rence avec l&rsquo;environnement local de chaque projet h\u00f4telier. Et ce talent a un prix, m\u00eame si Lionel n\u2019est pas un homme de chiffres, dit-il\u00a0: environ 2000\u20ac par m\u00e8tre carr\u00e9 pour la r\u00e9alisation d&rsquo;un projet h\u00f4telier. Malgr\u00e9 tout, il \u00e9voque \u00e9galement son int\u00e9r\u00eat pour les h\u00f4tels familiaux traditionnels qui offrent une exp\u00e9rience typique\u00a0: \u00ab\u00a0<em>Je pr\u00e9f\u00e8re aller dans des lieux qui ne sont pas sp\u00e9cialement r\u00e9fl\u00e9chis. Comme des h\u00f4tels de famille qui n\u2019ont pas chang\u00e9 depuis 50 ans avec du vieux mobilier, les mauvaises couleurs, le mauvais \u00e9clairage, mais par contre \u00e9norm\u00e9ment de g\u00e9n\u00e9rosit\u00e9 derri\u00e8re pour bien vous accueillir\u2026 Je me sens mieux dans ce genre de lieux.<\/em>\u00a0\u00bb Une chose est s\u00fbre, sa capacit\u00e9 \u00e0 repousser les limites de la cr\u00e9ativit\u00e9 et \u00e0 cr\u00e9er des exp\u00e9riences uniques contribue \u00e0 fa\u00e7onner l&rsquo;avenir de l&rsquo;industrie et \u00e0 inspirer les g\u00e9n\u00e9rations futures de designers et architectes d\u2019int\u00e9rieur.<\/p>\n<figure id=\"attachment_1542\" aria-describedby=\"caption-attachment-1542\" style=\"width: 696px\" class=\"wp-caption aligncenter\"><img loading=\"lazy\" decoding=\"async\" class=\"wp-image-1542 size-large\" src=\"https:\/\/www.forbes.be\/fr\/wp-content\/uploads\/2024\/03\/Lionel-Jadot-Atelier-1024x683.jpg\" alt=\"Ateliers Zaventem \" width=\"696\" height=\"464\" srcset=\"https:\/\/www.forbes.be\/fr\/wp-content\/uploads\/2024\/03\/Lionel-Jadot-Atelier-1024x683.jpg 1024w, https:\/\/www.forbes.be\/fr\/wp-content\/uploads\/2024\/03\/Lionel-Jadot-Atelier-300x200.jpg 300w, https:\/\/www.forbes.be\/fr\/wp-content\/uploads\/2024\/03\/Lionel-Jadot-Atelier-768x512.jpg 768w, https:\/\/www.forbes.be\/fr\/wp-content\/uploads\/2024\/03\/Lionel-Jadot-Atelier-1536x1024.jpg 1536w, https:\/\/www.forbes.be\/fr\/wp-content\/uploads\/2024\/03\/Lionel-Jadot-Atelier-2048x1365.jpg 2048w, https:\/\/www.forbes.be\/fr\/wp-content\/uploads\/2024\/03\/Lionel-Jadot-Atelier-696x464.jpg 696w, https:\/\/www.forbes.be\/fr\/wp-content\/uploads\/2024\/03\/Lionel-Jadot-Atelier-1068x712.jpg 1068w, https:\/\/www.forbes.be\/fr\/wp-content\/uploads\/2024\/03\/Lionel-Jadot-Atelier-1920x1280.jpg 1920w\" sizes=\"auto, (max-width: 696px) 100vw, 696px\" \/><figcaption id=\"caption-attachment-1542\" class=\"wp-caption-text\">Ateliers Zaventem<\/figcaption><\/figure>\n<p><em>Photo : Lionel Jadot \u00a9Tim van de Velde, Michel Penneman \u00a9Mireille Roobaert et Joachim Froment.<\/em><\/p>\n","protected":false},"excerpt":{"rendered":"<p>Dans l&rsquo;univers de l&rsquo;h\u00f4tellerie de luxe, les designers belges se sont impos\u00e9s comme des acteurs majeurs, apportant leur touche distinctive \u00e0 de nombreux projets h\u00f4teliers \u00e0 travers le monde. Michel Penneman, Joachim Froment et Lionel Jadot ont tous quelque chose en commun\u00a0; une vision unique, un savoir-faire et l\u2019envie de raconter des histoires\u2026 Nous avons [&hellip;]<\/p>\n","protected":false},"author":9,"featured_media":1638,"comment_status":"closed","ping_status":"closed","sticky":false,"template":"","format":"standard","meta":{"_acf_changed":false,"inline_featured_image":false,"footnotes":""},"categories":[18],"tags":[],"class_list":{"0":"post-1511","1":"post","2":"type-post","3":"status-publish","4":"format-standard","5":"has-post-thumbnail","7":"category-luxe"},"acf":[],"_yoast_wpseo_title":null,"_yoast_wpseo_metadesc":null,"auteur_traducteur":null,"yoast_head":"<!-- This site is optimized with the Yoast SEO plugin v27.4 - https:\/\/yoast.com\/product\/yoast-seo-wordpress\/ -->\n<title>Ces Belges qui dessinent le beau et imaginent le luxe | Forbes Belgique<\/title>\n<meta name=\"robots\" content=\"index, follow, max-snippet:-1, max-image-preview:large, max-video-preview:-1\" \/>\n<link rel=\"canonical\" href=\"https:\/\/www.forbes.be\/fr\/ces-belges-qui-dessinent-le-beau-et-imaginent-le-luxe\/\" \/>\n<meta property=\"og:locale\" content=\"fr_FR\" \/>\n<meta property=\"og:type\" content=\"article\" \/>\n<meta property=\"og:title\" content=\"Ces Belges qui dessinent le beau et imaginent le luxe | Forbes Belgique\" \/>\n<meta property=\"og:description\" content=\"Dans l&rsquo;univers de l&rsquo;h\u00f4tellerie de luxe, les designers belges se sont impos\u00e9s comme des acteurs majeurs, apportant leur touche distinctive \u00e0 de nombreux projets h\u00f4teliers \u00e0 travers le monde. Michel Penneman, Joachim Froment et Lionel Jadot ont tous quelque chose en commun\u00a0; une vision unique, un savoir-faire et l\u2019envie de raconter des histoires\u2026 Nous avons [&hellip;]\" \/>\n<meta property=\"og:url\" content=\"https:\/\/www.forbes.be\/fr\/ces-belges-qui-dessinent-le-beau-et-imaginent-le-luxe\/\" \/>\n<meta property=\"og:site_name\" content=\"Forbes Belgique\" \/>\n<meta property=\"article:publisher\" content=\"https:\/\/www.facebook.com\/forbesbelgique\/\" \/>\n<meta property=\"article:published_time\" content=\"2024-03-14T06:00:46+00:00\" \/>\n<meta property=\"article:modified_time\" content=\"2024-03-14T11:42:34+00:00\" \/>\n<meta property=\"og:image\" content=\"https:\/\/www.forbes.be\/fr\/wp-content\/uploads\/2024\/03\/lionel-jadot-michel-penneman-joachim-froment-MARS24.jpg\" \/>\n\t<meta property=\"og:image:width\" content=\"1920\" \/>\n\t<meta property=\"og:image:height\" content=\"1080\" \/>\n\t<meta property=\"og:image:type\" content=\"image\/jpeg\" \/>\n<meta name=\"author\" content=\"Marine Dehossay\" \/>\n<meta name=\"twitter:card\" content=\"summary_large_image\" \/>\n<meta name=\"twitter:label1\" content=\"\u00c9crit par\" \/>\n\t<meta name=\"twitter:data1\" content=\"Marine Dehossay\" \/>\n\t<meta name=\"twitter:label2\" content=\"Dur\u00e9e de lecture estim\u00e9e\" \/>\n\t<meta name=\"twitter:data2\" content=\"13 minutes\" \/>\n<script type=\"application\/ld+json\" class=\"yoast-schema-graph\">{\"@context\":\"https:\\\/\\\/schema.org\",\"@graph\":[{\"@type\":\"NewsArticle\",\"@id\":\"https:\\\/\\\/www.forbes.be\\\/fr\\\/ces-belges-qui-dessinent-le-beau-et-imaginent-le-luxe\\\/#article\",\"isPartOf\":{\"@id\":\"https:\\\/\\\/www.forbes.be\\\/fr\\\/ces-belges-qui-dessinent-le-beau-et-imaginent-le-luxe\\\/\"},\"author\":{\"name\":\"Marine Dehossay\",\"@id\":\"https:\\\/\\\/www.forbes.be\\\/fr\\\/#\\\/schema\\\/person\\\/f5953efe0bcca5ad70caa5b2cea66270\"},\"headline\":\"Ces Belges qui dessinent le beau et imaginent le luxe\",\"datePublished\":\"2024-03-14T06:00:46+00:00\",\"dateModified\":\"2024-03-14T11:42:34+00:00\",\"mainEntityOfPage\":{\"@id\":\"https:\\\/\\\/www.forbes.be\\\/fr\\\/ces-belges-qui-dessinent-le-beau-et-imaginent-le-luxe\\\/\"},\"wordCount\":2222,\"publisher\":{\"@id\":\"https:\\\/\\\/www.forbes.be\\\/fr\\\/#organization\"},\"image\":{\"@id\":\"https:\\\/\\\/www.forbes.be\\\/fr\\\/ces-belges-qui-dessinent-le-beau-et-imaginent-le-luxe\\\/#primaryimage\"},\"thumbnailUrl\":\"https:\\\/\\\/www.forbes.be\\\/fr\\\/wp-content\\\/uploads\\\/2024\\\/03\\\/lionel-jadot-michel-penneman-joachim-froment-MARS24.jpg\",\"articleSection\":[\"Luxe\"],\"inLanguage\":\"fr-FR\"},{\"@type\":\"WebPage\",\"@id\":\"https:\\\/\\\/www.forbes.be\\\/fr\\\/ces-belges-qui-dessinent-le-beau-et-imaginent-le-luxe\\\/\",\"url\":\"https:\\\/\\\/www.forbes.be\\\/fr\\\/ces-belges-qui-dessinent-le-beau-et-imaginent-le-luxe\\\/\",\"name\":\"Ces Belges qui dessinent le beau et imaginent le luxe | Forbes Belgique\",\"isPartOf\":{\"@id\":\"https:\\\/\\\/www.forbes.be\\\/fr\\\/#website\"},\"primaryImageOfPage\":{\"@id\":\"https:\\\/\\\/www.forbes.be\\\/fr\\\/ces-belges-qui-dessinent-le-beau-et-imaginent-le-luxe\\\/#primaryimage\"},\"image\":{\"@id\":\"https:\\\/\\\/www.forbes.be\\\/fr\\\/ces-belges-qui-dessinent-le-beau-et-imaginent-le-luxe\\\/#primaryimage\"},\"thumbnailUrl\":\"https:\\\/\\\/www.forbes.be\\\/fr\\\/wp-content\\\/uploads\\\/2024\\\/03\\\/lionel-jadot-michel-penneman-joachim-froment-MARS24.jpg\",\"datePublished\":\"2024-03-14T06:00:46+00:00\",\"dateModified\":\"2024-03-14T11:42:34+00:00\",\"breadcrumb\":{\"@id\":\"https:\\\/\\\/www.forbes.be\\\/fr\\\/ces-belges-qui-dessinent-le-beau-et-imaginent-le-luxe\\\/#breadcrumb\"},\"inLanguage\":\"fr-FR\",\"potentialAction\":[{\"@type\":\"ReadAction\",\"target\":[\"https:\\\/\\\/www.forbes.be\\\/fr\\\/ces-belges-qui-dessinent-le-beau-et-imaginent-le-luxe\\\/\"]}]},{\"@type\":\"ImageObject\",\"inLanguage\":\"fr-FR\",\"@id\":\"https:\\\/\\\/www.forbes.be\\\/fr\\\/ces-belges-qui-dessinent-le-beau-et-imaginent-le-luxe\\\/#primaryimage\",\"url\":\"https:\\\/\\\/www.forbes.be\\\/fr\\\/wp-content\\\/uploads\\\/2024\\\/03\\\/lionel-jadot-michel-penneman-joachim-froment-MARS24.jpg\",\"contentUrl\":\"https:\\\/\\\/www.forbes.be\\\/fr\\\/wp-content\\\/uploads\\\/2024\\\/03\\\/lionel-jadot-michel-penneman-joachim-froment-MARS24.jpg\",\"width\":1920,\"height\":1080},{\"@type\":\"BreadcrumbList\",\"@id\":\"https:\\\/\\\/www.forbes.be\\\/fr\\\/ces-belges-qui-dessinent-le-beau-et-imaginent-le-luxe\\\/#breadcrumb\",\"itemListElement\":[{\"@type\":\"ListItem\",\"position\":1,\"name\":\"Accueil\",\"item\":\"https:\\\/\\\/www.forbes.be\\\/fr\\\/\"},{\"@type\":\"ListItem\",\"position\":2,\"name\":\"Ces Belges qui dessinent le beau et imaginent le luxe\"}]},{\"@type\":\"WebSite\",\"@id\":\"https:\\\/\\\/www.forbes.be\\\/fr\\\/#website\",\"url\":\"https:\\\/\\\/www.forbes.be\\\/fr\\\/\",\"name\":\"Forbes Belgique\",\"description\":\"\",\"publisher\":{\"@id\":\"https:\\\/\\\/www.forbes.be\\\/fr\\\/#organization\"},\"potentialAction\":[{\"@type\":\"SearchAction\",\"target\":{\"@type\":\"EntryPoint\",\"urlTemplate\":\"https:\\\/\\\/www.forbes.be\\\/fr\\\/?s={search_term_string}\"},\"query-input\":{\"@type\":\"PropertyValueSpecification\",\"valueRequired\":true,\"valueName\":\"search_term_string\"}}],\"inLanguage\":\"fr-FR\"},{\"@type\":\"Organization\",\"@id\":\"https:\\\/\\\/www.forbes.be\\\/fr\\\/#organization\",\"name\":\"Forbes Belgique\",\"url\":\"https:\\\/\\\/www.forbes.be\\\/fr\\\/\",\"logo\":{\"@type\":\"ImageObject\",\"inLanguage\":\"fr-FR\",\"@id\":\"https:\\\/\\\/www.forbes.be\\\/fr\\\/#\\\/schema\\\/logo\\\/image\\\/\",\"url\":\"https:\\\/\\\/www.forbes.be\\\/fr\\\/wp-content\\\/uploads\\\/2024\\\/02\\\/forbes.be_.png\",\"contentUrl\":\"https:\\\/\\\/www.forbes.be\\\/fr\\\/wp-content\\\/uploads\\\/2024\\\/02\\\/forbes.be_.png\",\"width\":1200,\"height\":675,\"caption\":\"Forbes Belgique\"},\"image\":{\"@id\":\"https:\\\/\\\/www.forbes.be\\\/fr\\\/#\\\/schema\\\/logo\\\/image\\\/\"},\"sameAs\":[\"https:\\\/\\\/www.facebook.com\\\/forbesbelgique\\\/\",\"https:\\\/\\\/www.instagram.com\\\/Forbes_Belgium\",\"https:\\\/\\\/www.linkedin.com\\\/company\\\/forbes-belgium\\\/\"]},{\"@type\":\"Person\",\"@id\":\"https:\\\/\\\/www.forbes.be\\\/fr\\\/#\\\/schema\\\/person\\\/f5953efe0bcca5ad70caa5b2cea66270\",\"name\":\"Marine Dehossay\",\"image\":{\"@type\":\"ImageObject\",\"inLanguage\":\"fr-FR\",\"@id\":\"https:\\\/\\\/www.forbes.be\\\/fr\\\/wp-content\\\/uploads\\\/2024\\\/01\\\/Capture-de\u0301cran-2024-01-07-a\u0300-17.21.17-e1707416501889-150x150.png\",\"url\":\"https:\\\/\\\/www.forbes.be\\\/fr\\\/wp-content\\\/uploads\\\/2024\\\/01\\\/Capture-de\u0301cran-2024-01-07-a\u0300-17.21.17-e1707416501889-150x150.png\",\"contentUrl\":\"https:\\\/\\\/www.forbes.be\\\/fr\\\/wp-content\\\/uploads\\\/2024\\\/01\\\/Capture-de\u0301cran-2024-01-07-a\u0300-17.21.17-e1707416501889-150x150.png\",\"caption\":\"Marine Dehossay\"},\"description\":\"Apr\u00e8s avoir \u00e9crit pour divers m\u00e9dias tels que le webzine li\u00e9geois Boulettes Magazine, son extension papier Sirop, le magazine B2B PUB, ou encore le ELLE Belgique, la plume de cette publicitaire de formation, s'est pos\u00e9e chez Forbes. Ses sujets de pr\u00e9dilection ? Les small businesses, les r\u00e9seaux sociaux, le lifestyle, le leadership, l\u2019innovation, les tendances et toutes les personnalit\u00e9s belges (ou non) qui auront un impact positif en Belgique. Ses valeurs ? La cr\u00e9ativit\u00e9, la durabilit\u00e9 et mettre les femmes \u00e0 l\u2019honneur !\",\"url\":\"https:\\\/\\\/www.forbes.be\\\/fr\\\/author\\\/marine-dehossay\\\/\"}]}<\/script>\n<!-- \/ Yoast SEO plugin. -->","yoast_head_json":{"title":"Ces Belges qui dessinent le beau et imaginent le luxe | Forbes Belgique","robots":{"index":"index","follow":"follow","max-snippet":"max-snippet:-1","max-image-preview":"max-image-preview:large","max-video-preview":"max-video-preview:-1"},"canonical":"https:\/\/www.forbes.be\/fr\/ces-belges-qui-dessinent-le-beau-et-imaginent-le-luxe\/","og_locale":"fr_FR","og_type":"article","og_title":"Ces Belges qui dessinent le beau et imaginent le luxe | Forbes Belgique","og_description":"Dans l&rsquo;univers de l&rsquo;h\u00f4tellerie de luxe, les designers belges se sont impos\u00e9s comme des acteurs majeurs, apportant leur touche distinctive \u00e0 de nombreux projets h\u00f4teliers \u00e0 travers le monde. Michel Penneman, Joachim Froment et Lionel Jadot ont tous quelque chose en commun\u00a0; une vision unique, un savoir-faire et l\u2019envie de raconter des histoires\u2026 Nous avons [&hellip;]","og_url":"https:\/\/www.forbes.be\/fr\/ces-belges-qui-dessinent-le-beau-et-imaginent-le-luxe\/","og_site_name":"Forbes Belgique","article_publisher":"https:\/\/www.facebook.com\/forbesbelgique\/","article_published_time":"2024-03-14T06:00:46+00:00","article_modified_time":"2024-03-14T11:42:34+00:00","og_image":[{"width":1920,"height":1080,"url":"https:\/\/www.forbes.be\/fr\/wp-content\/uploads\/2024\/03\/lionel-jadot-michel-penneman-joachim-froment-MARS24.jpg","type":"image\/jpeg"}],"author":"Marine Dehossay","twitter_card":"summary_large_image","twitter_misc":{"\u00c9crit par":"Marine Dehossay","Dur\u00e9e de lecture estim\u00e9e":"13 minutes"},"schema":{"@context":"https:\/\/schema.org","@graph":[{"@type":"NewsArticle","@id":"https:\/\/www.forbes.be\/fr\/ces-belges-qui-dessinent-le-beau-et-imaginent-le-luxe\/#article","isPartOf":{"@id":"https:\/\/www.forbes.be\/fr\/ces-belges-qui-dessinent-le-beau-et-imaginent-le-luxe\/"},"author":{"name":"Marine Dehossay","@id":"https:\/\/www.forbes.be\/fr\/#\/schema\/person\/f5953efe0bcca5ad70caa5b2cea66270"},"headline":"Ces Belges qui dessinent le beau et imaginent le luxe","datePublished":"2024-03-14T06:00:46+00:00","dateModified":"2024-03-14T11:42:34+00:00","mainEntityOfPage":{"@id":"https:\/\/www.forbes.be\/fr\/ces-belges-qui-dessinent-le-beau-et-imaginent-le-luxe\/"},"wordCount":2222,"publisher":{"@id":"https:\/\/www.forbes.be\/fr\/#organization"},"image":{"@id":"https:\/\/www.forbes.be\/fr\/ces-belges-qui-dessinent-le-beau-et-imaginent-le-luxe\/#primaryimage"},"thumbnailUrl":"https:\/\/www.forbes.be\/fr\/wp-content\/uploads\/2024\/03\/lionel-jadot-michel-penneman-joachim-froment-MARS24.jpg","articleSection":["Luxe"],"inLanguage":"fr-FR"},{"@type":"WebPage","@id":"https:\/\/www.forbes.be\/fr\/ces-belges-qui-dessinent-le-beau-et-imaginent-le-luxe\/","url":"https:\/\/www.forbes.be\/fr\/ces-belges-qui-dessinent-le-beau-et-imaginent-le-luxe\/","name":"Ces Belges qui dessinent le beau et imaginent le luxe | Forbes Belgique","isPartOf":{"@id":"https:\/\/www.forbes.be\/fr\/#website"},"primaryImageOfPage":{"@id":"https:\/\/www.forbes.be\/fr\/ces-belges-qui-dessinent-le-beau-et-imaginent-le-luxe\/#primaryimage"},"image":{"@id":"https:\/\/www.forbes.be\/fr\/ces-belges-qui-dessinent-le-beau-et-imaginent-le-luxe\/#primaryimage"},"thumbnailUrl":"https:\/\/www.forbes.be\/fr\/wp-content\/uploads\/2024\/03\/lionel-jadot-michel-penneman-joachim-froment-MARS24.jpg","datePublished":"2024-03-14T06:00:46+00:00","dateModified":"2024-03-14T11:42:34+00:00","breadcrumb":{"@id":"https:\/\/www.forbes.be\/fr\/ces-belges-qui-dessinent-le-beau-et-imaginent-le-luxe\/#breadcrumb"},"inLanguage":"fr-FR","potentialAction":[{"@type":"ReadAction","target":["https:\/\/www.forbes.be\/fr\/ces-belges-qui-dessinent-le-beau-et-imaginent-le-luxe\/"]}]},{"@type":"ImageObject","inLanguage":"fr-FR","@id":"https:\/\/www.forbes.be\/fr\/ces-belges-qui-dessinent-le-beau-et-imaginent-le-luxe\/#primaryimage","url":"https:\/\/www.forbes.be\/fr\/wp-content\/uploads\/2024\/03\/lionel-jadot-michel-penneman-joachim-froment-MARS24.jpg","contentUrl":"https:\/\/www.forbes.be\/fr\/wp-content\/uploads\/2024\/03\/lionel-jadot-michel-penneman-joachim-froment-MARS24.jpg","width":1920,"height":1080},{"@type":"BreadcrumbList","@id":"https:\/\/www.forbes.be\/fr\/ces-belges-qui-dessinent-le-beau-et-imaginent-le-luxe\/#breadcrumb","itemListElement":[{"@type":"ListItem","position":1,"name":"Accueil","item":"https:\/\/www.forbes.be\/fr\/"},{"@type":"ListItem","position":2,"name":"Ces Belges qui dessinent le beau et imaginent le luxe"}]},{"@type":"WebSite","@id":"https:\/\/www.forbes.be\/fr\/#website","url":"https:\/\/www.forbes.be\/fr\/","name":"Forbes Belgique","description":"","publisher":{"@id":"https:\/\/www.forbes.be\/fr\/#organization"},"potentialAction":[{"@type":"SearchAction","target":{"@type":"EntryPoint","urlTemplate":"https:\/\/www.forbes.be\/fr\/?s={search_term_string}"},"query-input":{"@type":"PropertyValueSpecification","valueRequired":true,"valueName":"search_term_string"}}],"inLanguage":"fr-FR"},{"@type":"Organization","@id":"https:\/\/www.forbes.be\/fr\/#organization","name":"Forbes Belgique","url":"https:\/\/www.forbes.be\/fr\/","logo":{"@type":"ImageObject","inLanguage":"fr-FR","@id":"https:\/\/www.forbes.be\/fr\/#\/schema\/logo\/image\/","url":"https:\/\/www.forbes.be\/fr\/wp-content\/uploads\/2024\/02\/forbes.be_.png","contentUrl":"https:\/\/www.forbes.be\/fr\/wp-content\/uploads\/2024\/02\/forbes.be_.png","width":1200,"height":675,"caption":"Forbes Belgique"},"image":{"@id":"https:\/\/www.forbes.be\/fr\/#\/schema\/logo\/image\/"},"sameAs":["https:\/\/www.facebook.com\/forbesbelgique\/","https:\/\/www.instagram.com\/Forbes_Belgium","https:\/\/www.linkedin.com\/company\/forbes-belgium\/"]},{"@type":"Person","@id":"https:\/\/www.forbes.be\/fr\/#\/schema\/person\/f5953efe0bcca5ad70caa5b2cea66270","name":"Marine Dehossay","image":{"@type":"ImageObject","inLanguage":"fr-FR","@id":"https:\/\/www.forbes.be\/fr\/wp-content\/uploads\/2024\/01\/Capture-de\u0301cran-2024-01-07-a\u0300-17.21.17-e1707416501889-150x150.png","url":"https:\/\/www.forbes.be\/fr\/wp-content\/uploads\/2024\/01\/Capture-de\u0301cran-2024-01-07-a\u0300-17.21.17-e1707416501889-150x150.png","contentUrl":"https:\/\/www.forbes.be\/fr\/wp-content\/uploads\/2024\/01\/Capture-de\u0301cran-2024-01-07-a\u0300-17.21.17-e1707416501889-150x150.png","caption":"Marine Dehossay"},"description":"Apr\u00e8s avoir \u00e9crit pour divers m\u00e9dias tels que le webzine li\u00e9geois Boulettes Magazine, son extension papier Sirop, le magazine B2B PUB, ou encore le ELLE Belgique, la plume de cette publicitaire de formation, s'est pos\u00e9e chez Forbes. Ses sujets de pr\u00e9dilection ? Les small businesses, les r\u00e9seaux sociaux, le lifestyle, le leadership, l\u2019innovation, les tendances et toutes les personnalit\u00e9s belges (ou non) qui auront un impact positif en Belgique. Ses valeurs ? La cr\u00e9ativit\u00e9, la durabilit\u00e9 et mettre les femmes \u00e0 l\u2019honneur !","url":"https:\/\/www.forbes.be\/fr\/author\/marine-dehossay\/"}]}},"_links":{"self":[{"href":"https:\/\/www.forbes.be\/fr\/wp-json\/wp\/v2\/posts\/1511","targetHints":{"allow":["GET"]}}],"collection":[{"href":"https:\/\/www.forbes.be\/fr\/wp-json\/wp\/v2\/posts"}],"about":[{"href":"https:\/\/www.forbes.be\/fr\/wp-json\/wp\/v2\/types\/post"}],"author":[{"embeddable":true,"href":"https:\/\/www.forbes.be\/fr\/wp-json\/wp\/v2\/users\/9"}],"replies":[{"embeddable":true,"href":"https:\/\/www.forbes.be\/fr\/wp-json\/wp\/v2\/comments?post=1511"}],"version-history":[{"count":6,"href":"https:\/\/www.forbes.be\/fr\/wp-json\/wp\/v2\/posts\/1511\/revisions"}],"predecessor-version":[{"id":1706,"href":"https:\/\/www.forbes.be\/fr\/wp-json\/wp\/v2\/posts\/1511\/revisions\/1706"}],"wp:featuredmedia":[{"embeddable":true,"href":"https:\/\/www.forbes.be\/fr\/wp-json\/wp\/v2\/media\/1638"}],"wp:attachment":[{"href":"https:\/\/www.forbes.be\/fr\/wp-json\/wp\/v2\/media?parent=1511"}],"wp:term":[{"taxonomy":"category","embeddable":true,"href":"https:\/\/www.forbes.be\/fr\/wp-json\/wp\/v2\/categories?post=1511"},{"taxonomy":"post_tag","embeddable":true,"href":"https:\/\/www.forbes.be\/fr\/wp-json\/wp\/v2\/tags?post=1511"}],"curies":[{"name":"wp","href":"https:\/\/api.w.org\/{rel}","templated":true}]}}