{"id":15112,"date":"2026-01-27T10:50:21","date_gmt":"2026-01-27T09:50:21","guid":{"rendered":"https:\/\/www.forbes.be\/fr\/?p=15112"},"modified":"2026-01-28T12:08:23","modified_gmt":"2026-01-28T11:08:23","slug":"de-molenbeek-au-bel20-comment-hassan-al-hilou-a-convaincu-les-geants-du-prive-dinvestir-dans-les-quartiers","status":"publish","type":"post","link":"https:\/\/www.forbes.be\/fr\/de-molenbeek-au-bel20-comment-hassan-al-hilou-a-convaincu-les-geants-du-prive-dinvestir-dans-les-quartiers\/","title":{"rendered":"De Molenbeek au BEL20 : comment Hassan Al Hilou a convaincu les g\u00e9ants du priv\u00e9 d\u2019investir dans les quartiers"},"content":{"rendered":"<p><strong>\u00c0 26 ans, Hassan Al Hilou a d\u00e9j\u00e0 v\u00e9cu mille vies. Celui qui fut propuls\u00e9 sous les projecteurs \u00e0 15 ans comme prodige de la tech dirige aujourd\u2019hui <a href=\"https:\/\/www.capitalbelgium.be\/fr\/over-capital\/\" target=\"_blank\" rel=\"noopener\">Capital<\/a>, une structure hybride assez unique en son genre. Son pari ? R\u00e9concilier les jeunes des quartiers populaires avec le monde de l\u2019entreprise, en refusant l\u2019argent public pour miser exclusivement sur le secteur priv\u00e9. Rencontre.<\/strong><\/p>\n<p>Si la Belgique n\u2019a pas de p\u00e9trole, elle a <strong>Hassan Al Hilou<\/strong>. Et pour ce Bruxellois n\u00e9 aux Pays-Bas et d\u2019origine irakienne, le v\u00e9ritable \u00ab\u00a0or noir\u00a0\u00bb du pays, c\u2019est sa jeunesse. \u00ab <em>On n&rsquo;a pas de min\u00e9raux ici. Notre seule ressource, c\u2019est l\u2019humain<\/em> \u00bb. Pourtant, les chiffres sont sans appel : \u00e0 Bruxelles, le taux de ch\u00f4mage des jeunes fr\u00f4le les 30%, et un jeune sur dix ne suit ni emploi, ni \u00e9tudes, ni formation.<\/p>\n<p>C\u2019est pour combler cette fracture b\u00e9ante entre une jeunesse \u00ab\u00a0survivor\u00a0\u00bb et un monde \u00e9conomique en p\u00e9nurie de talents que <strong>Hassan Al Hilou<\/strong> a lanc\u00e9 Capital en 2020. Plus qu&rsquo;une association, c&rsquo;est une <strong>startup sociale<\/strong> install\u00e9e sur 2 500 m\u00e8tres carr\u00e9s en plein c\u0153ur de Bruxelles (M\u00e9tro Yser), g\u00e9r\u00e9e avec une efficacit\u00e9 qui ferait p\u00e2lir bien des CEO.<\/p>\n<h2>Un \u00ab\u00a0One-Stop-Shop\u00a0\u00bb<\/h2>\n<p>L&rsquo;id\u00e9e de <strong>Capital<\/strong> na\u00eet d&rsquo;un constat d&rsquo;\u00e9chec durant la pand\u00e9mie. \u00ab <em>On a plus de 900 organisations qui travaillent sur la jeunesse \u00e0 Bruxelles<\/em>, explique Hassan. <em>Mais les jeunes me disent qu&rsquo;ils n&rsquo;en connaissent aucune. Il y a une grande fragmentation entre ce qui existe et le vrai besoin<\/em> \u00bb.<\/p>\n<p>L\u00e0 o\u00f9 le secteur associatif traditionnel fonctionne souvent en silos, <strong>Hassan Al Hilou<\/strong> applique une logique de plateforme. Il imagine <strong>Capital<\/strong> comme un \u00ab\u00a0One-Stop-Shop\u00a0\u00bb, ou pour reprendre sa formule, \u00ab <em>le Ikea du d\u00e9veloppement jeunesse<\/em> \u00bb. Le principe est simple : un lieu unique, ouvert 7 jours sur 7 de 10h \u00e0 20h, o\u00f9 un jeune peut tout trouver. \u00ab <em>Tu veux travailler sur ton permis, lancer un business, \u00e9tudier pour l&rsquo;universit\u00e9 ou trouver un emploi ? Tout est possible<\/em> \u00bb.<\/p>\n<p>Pour structurer cette offre, Hassan s&rsquo;inspire des g\u00e9ants de la<em> tech<\/em> chinoise. \u00ab <em>En Chine, tu ne peux pas bouger sans WeChat, c&rsquo;est un \u00e9cosyst\u00e8me total. Je me suis dit : pourquoi on n&rsquo;a pas un WeChat physique ici ?<\/em> \u00bb. R\u00e9sultat : une efficacit\u00e9 op\u00e9rationnelle hors norme. Avec seulement sept employ\u00e9s \u00e0 temps plein, <strong>Capital<\/strong> accueille et accompagne plus de 15 000 jeunes par an.<\/p>\n<figure id=\"attachment_15116\" aria-describedby=\"caption-attachment-15116\" style=\"width: 696px\" class=\"wp-caption aligncenter\"><img loading=\"lazy\" decoding=\"async\" class=\"wp-image-15116 size-large\" src=\"https:\/\/www.forbes.be\/fr\/wp-content\/uploads\/2026\/01\/ep-capital-202-bewerkt-1024x683.jpg\" alt=\"Hassan Al Hilou\" width=\"696\" height=\"464\" srcset=\"https:\/\/www.forbes.be\/fr\/wp-content\/uploads\/2026\/01\/ep-capital-202-bewerkt-1024x683.jpg 1024w, https:\/\/www.forbes.be\/fr\/wp-content\/uploads\/2026\/01\/ep-capital-202-bewerkt-300x200.jpg 300w, https:\/\/www.forbes.be\/fr\/wp-content\/uploads\/2026\/01\/ep-capital-202-bewerkt-768x512.jpg 768w, https:\/\/www.forbes.be\/fr\/wp-content\/uploads\/2026\/01\/ep-capital-202-bewerkt-1536x1024.jpg 1536w, https:\/\/www.forbes.be\/fr\/wp-content\/uploads\/2026\/01\/ep-capital-202-bewerkt-2048x1365.jpg 2048w, https:\/\/www.forbes.be\/fr\/wp-content\/uploads\/2026\/01\/ep-capital-202-bewerkt-696x464.jpg 696w, https:\/\/www.forbes.be\/fr\/wp-content\/uploads\/2026\/01\/ep-capital-202-bewerkt-1068x712.jpg 1068w, https:\/\/www.forbes.be\/fr\/wp-content\/uploads\/2026\/01\/ep-capital-202-bewerkt-1920x1280.jpg 1920w, https:\/\/www.forbes.be\/fr\/wp-content\/uploads\/2026\/01\/ep-capital-202-bewerkt-600x400.jpg 600w\" sizes=\"auto, (max-width: 696px) 100vw, 696px\" \/><figcaption id=\"caption-attachment-15116\" class=\"wp-caption-text\">Capital ouvre aussi ses locaux pour \u00e9tudier pendant le blocus. \u00a9Elke Pannier<\/figcaption><\/figure>\n<h2>S\u2019affranchir du politique pour garantir l\u2019impact<\/h2>\n<p>C\u2019est ici que l\u2019approche de <strong>Hassan Al Hilou<\/strong> tranche radicalement avec le mod\u00e8le social europ\u00e9en classique. Capital est financ\u00e9 \u00e0 pr\u00e8s de 95% par le secteur priv\u00e9. Un choix id\u00e9ologique et pragmatique assum\u00e9. \u00ab <em>On ne croit pas vraiment dans l&rsquo;argent public<\/em> \u00bb, ass\u00e8ne-t-il sans d\u00e9tours. \u00ab <em>Le gouvernement n&rsquo;ach\u00e8te pas de vrai impact. Ils te donnent un subside fixe, mais tu dois faire ce que le ministre veut<\/em> \u00bb. Hassan pr\u00e9f\u00e8re parler ROI et KPI avec ce qu&rsquo;il appelle ses \u00ab <em>amis d\u2019impact<\/em> \u00bb.<\/p>\n<p>Et la liste de ses partenaires ressemble au <strong>BEL20<\/strong> : <strong>Sofina<\/strong>, <strong>Colruyt<\/strong>, <strong>Johnson &amp; Johnson<\/strong>, <strong>Euroclear<\/strong>, ou encore la <strong>SNCB.<\/strong> Ce que ces multinationales viennent chercher chez <strong>Capital<\/strong>, ce n&rsquo;est pas (seulement) une bonne conscience RSE, mais une r\u00e9ponse \u00e0 un risque syst\u00e9mique. \u00ab <em>Il n&rsquo;y a personne qui veut avoir son quartier g\u00e9n\u00e9ral ici \u00e0 Bruxelles et r\u00e9aliser tous les jours qu&rsquo;il y a des images n\u00e9gatives sur ces jeunes<\/em> \u00bb.<\/p>\n<p>En signant ce que Hassan nomme des \u00ab\u00a0Social Contracts\u00a0\u00bb, ces entreprises s&rsquo;engagent \u00e0 investir dans le vivier local. Une n\u00e9cessit\u00e9 \u00e9conomique selon le fondateur : \u00ab <em>Si tu arr\u00eates d&rsquo;investir dans la diversit\u00e9 qui augmente ann\u00e9e apr\u00e8s ann\u00e9e, toi, comme entreprise, tu as moins de talents ann\u00e9e apr\u00e8s ann\u00e9e<\/em> \u00bb.<\/p>\n<h2>Gamifier la recherche d&#8217;emploi<\/h2>\n<p>Loin de l&rsquo;image poussi\u00e9reuse de la maison de quartier, <strong>Capital<\/strong> se positionne comme un laboratoire d&rsquo;innovation. Hassan a identifi\u00e9 un probl\u00e8me majeur : \u00ab <em>70% des jeunes Bruxellois en derni\u00e8re ann\u00e9e de secondaire ne connaissent pas plus de trois secteurs d&rsquo;activit\u00e9<\/em> \u00bb.<\/p>\n<p>La r\u00e9ponse ? <strong>JobX,<\/strong> une exposition permanente unique en Europe utilisant la r\u00e9alit\u00e9 virtuelle et les hologrammes pour pr\u00e9senter plus de 100 m\u00e9tiers. \u00c0 cela s&rsquo;ajoute <strong>Capital Connect<\/strong>, une application qui matche les profils des jeunes avec des opportunit\u00e9s concr\u00e8tes (jobs, formations), g\u00e9n\u00e9rant 12 000 inscriptions en seulement six mois.<\/p>\n<h2>Un CEO de 26 ans face au d\u00e9fi de sa g\u00e9n\u00e9ration<\/h2>\n<p>L&rsquo;histoire de <strong>Capital<\/strong> est indissociable de celle de son fondateur. \u00c0 15 ans,<strong> Hassan Al Hilou<\/strong> lan\u00e7ait d\u00e9j\u00e0 une entreprise utilisant l&rsquo;IA pour combattre les <em>fake news<\/em>. Aujourd&rsquo;hui, il utilise cette cr\u00e9dibilit\u00e9 pour parler d&rsquo;\u00e9gal \u00e0 \u00e9gal avec les capitaines d&rsquo;industrie, tout en restant connect\u00e9 au terrain de Molenbeek o\u00f9 il a grandi.<\/p>\n<p>Son analyse du march\u00e9 du travail est lucide, voire critique. Il pointe du doigt la \u00ab\u00a0fiscalit\u00e9 de l&#8217;emploi\u00a0\u00bb qui pousse les entreprises vers la pr\u00e9carisation. \u00ab <em>Pourquoi moi, comme entreprise logistique, je vais recruter un jeune du quartier en temps plein ? Je prends un risque, je paie beaucoup. C&rsquo;est plus int\u00e9ressant de g\u00e9rer \u00e7a par des int\u00e9rims et du flexi<\/em> \u00bb. Son combat est donc double : pr\u00e9parer les jeunes \u00e0 devenir des talents incontournables, et convaincre les entreprises de \u00ab\u00a0<em>redesigner le syst\u00e8me<\/em>\u00a0\u00bb pour miser sur le long terme.<\/p>\n<figure id=\"attachment_15117\" aria-describedby=\"caption-attachment-15117\" style=\"width: 696px\" class=\"wp-caption aligncenter\"><img loading=\"lazy\" decoding=\"async\" class=\"wp-image-15117 size-large\" src=\"https:\/\/www.forbes.be\/fr\/wp-content\/uploads\/2026\/01\/dsc-9865-1024x683.jpg\" alt=\"Hassan Al Hilou\" width=\"696\" height=\"464\" srcset=\"https:\/\/www.forbes.be\/fr\/wp-content\/uploads\/2026\/01\/dsc-9865-1024x683.jpg 1024w, https:\/\/www.forbes.be\/fr\/wp-content\/uploads\/2026\/01\/dsc-9865-300x200.jpg 300w, https:\/\/www.forbes.be\/fr\/wp-content\/uploads\/2026\/01\/dsc-9865-768x512.jpg 768w, https:\/\/www.forbes.be\/fr\/wp-content\/uploads\/2026\/01\/dsc-9865-1536x1024.jpg 1536w, https:\/\/www.forbes.be\/fr\/wp-content\/uploads\/2026\/01\/dsc-9865-696x464.jpg 696w, https:\/\/www.forbes.be\/fr\/wp-content\/uploads\/2026\/01\/dsc-9865-1068x712.jpg 1068w, https:\/\/www.forbes.be\/fr\/wp-content\/uploads\/2026\/01\/dsc-9865-600x400.jpg 600w, https:\/\/www.forbes.be\/fr\/wp-content\/uploads\/2026\/01\/dsc-9865.jpg 1600w\" sizes=\"auto, (max-width: 696px) 100vw, 696px\" \/><figcaption id=\"caption-attachment-15117\" class=\"wp-caption-text\">\u00a9D.R.<\/figcaption><\/figure>\n<h2>Ambition 0% de ch\u00f4mage<\/h2>\n<p>Quand on lui demande o\u00f9 il emm\u00e8nerait un investisseur \u00e9tranger pour sentir l&rsquo;\u00e9nergie de la ville, Hassan r\u00e9pond sans h\u00e9siter : \u00ab <em>Chez Capital<\/em> \u00bb. Pour lui, son b\u00e2timent est le \u00ab<em> 150\u00e8me quartier de Bruxelles<\/em> \u00bb, un lieu neutre o\u00f9 se croisent PDG et jeunes d\u00e9crocheurs.<\/p>\n<p>Son objectif pour 2026 et au-del\u00e0 ? Que chaque jeune bruxellois entre 16 et 25 ans passe au moins une fois par Capital, avec un but ultime qui semble utopique pour tous sauf pour lui : r\u00e9duire le taux de ch\u00f4mage des jeunes bruxellois \u00e0 0%. \u00ab <em>Je n&rsquo;ai que 26 ans, donc je suis tr\u00e8s optimiste<\/em> \u00bb, conclut-il dans un sourire. Au vu de son parcours, on serait tent\u00e9 de le croire.<\/p>\n","protected":false},"excerpt":{"rendered":"<p>\u00c0 26 ans, Hassan Al Hilou a d\u00e9j\u00e0 v\u00e9cu mille vies. Celui qui fut propuls\u00e9 sous les projecteurs \u00e0 15 ans comme prodige de la tech dirige aujourd\u2019hui Capital, une structure hybride assez unique en son genre. Son pari ? R\u00e9concilier les jeunes des quartiers populaires avec le monde de l\u2019entreprise, en refusant l\u2019argent public [&hellip;]<\/p>\n","protected":false},"author":29,"featured_media":15191,"comment_status":"closed","ping_status":"closed","sticky":false,"template":"","format":"standard","meta":{"_acf_changed":false,"inline_featured_image":false,"footnotes":""},"categories":[1,15,27],"tags":[],"class_list":{"0":"post-15112","1":"post","2":"type-post","3":"status-publish","4":"format-standard","5":"has-post-thumbnail","7":"category-actualite","8":"category-leadership","9":"category-societe"},"acf":[],"_yoast_wpseo_title":"Comment Hassan Al Hilou a convaincu le BEL20 d\u2019investir dans les quartiers","_yoast_wpseo_metadesc":"\u00c0 26 ans, Hassan Al Hilou dirige CAPITAL. Son pari ? R\u00e9concilier les jeunes des quartiers populaires avec le monde de l\u2019entreprise.","auteur_traducteur":"","yoast_head":"<!-- This site is optimized with the Yoast SEO plugin v27.4 - https:\/\/yoast.com\/product\/yoast-seo-wordpress\/ -->\n<title>Comment Hassan Al Hilou a convaincu le BEL20 d\u2019investir dans les quartiers<\/title>\n<meta name=\"description\" content=\"\u00c0 26 ans, Hassan Al Hilou dirige CAPITAL. Son pari ? R\u00e9concilier les jeunes des quartiers populaires avec le monde de l\u2019entreprise.\" \/>\n<meta name=\"robots\" content=\"index, follow, max-snippet:-1, max-image-preview:large, max-video-preview:-1\" \/>\n<link rel=\"canonical\" href=\"https:\/\/www.forbes.be\/fr\/de-molenbeek-au-bel20-comment-hassan-al-hilou-a-convaincu-les-geants-du-prive-dinvestir-dans-les-quartiers\/\" \/>\n<meta property=\"og:locale\" content=\"fr_FR\" \/>\n<meta property=\"og:type\" content=\"article\" \/>\n<meta property=\"og:title\" content=\"Comment Hassan Al Hilou a convaincu le BEL20 d\u2019investir dans les quartiers\" \/>\n<meta property=\"og:description\" content=\"\u00c0 26 ans, Hassan Al Hilou dirige CAPITAL. Son pari ? R\u00e9concilier les jeunes des quartiers populaires avec le monde de l\u2019entreprise.\" \/>\n<meta property=\"og:url\" content=\"https:\/\/www.forbes.be\/fr\/de-molenbeek-au-bel20-comment-hassan-al-hilou-a-convaincu-les-geants-du-prive-dinvestir-dans-les-quartiers\/\" \/>\n<meta property=\"og:site_name\" content=\"Forbes Belgique\" \/>\n<meta property=\"article:publisher\" content=\"https:\/\/www.facebook.com\/forbesbelgique\/\" \/>\n<meta property=\"article:published_time\" content=\"2026-01-27T09:50:21+00:00\" \/>\n<meta property=\"article:modified_time\" content=\"2026-01-28T11:08:23+00:00\" \/>\n<meta property=\"og:image\" content=\"https:\/\/www.forbes.be\/fr\/wp-content\/uploads\/2026\/01\/3-1.jpg\" \/>\n\t<meta property=\"og:image:width\" content=\"1200\" \/>\n\t<meta property=\"og:image:height\" content=\"628\" \/>\n\t<meta property=\"og:image:type\" content=\"image\/jpeg\" \/>\n<meta name=\"author\" content=\"Camille Vernin\" \/>\n<meta name=\"twitter:card\" content=\"summary_large_image\" \/>\n<meta name=\"twitter:label1\" content=\"\u00c9crit par\" \/>\n\t<meta name=\"twitter:data1\" content=\"Camille Vernin\" \/>\n\t<meta name=\"twitter:label2\" content=\"Dur\u00e9e de lecture estim\u00e9e\" \/>\n\t<meta name=\"twitter:data2\" content=\"6 minutes\" \/>\n<script type=\"application\/ld+json\" class=\"yoast-schema-graph\">{\"@context\":\"https:\\\/\\\/schema.org\",\"@graph\":[{\"@type\":\"NewsArticle\",\"@id\":\"https:\\\/\\\/www.forbes.be\\\/fr\\\/de-molenbeek-au-bel20-comment-hassan-al-hilou-a-convaincu-les-geants-du-prive-dinvestir-dans-les-quartiers\\\/#article\",\"isPartOf\":{\"@id\":\"https:\\\/\\\/www.forbes.be\\\/fr\\\/de-molenbeek-au-bel20-comment-hassan-al-hilou-a-convaincu-les-geants-du-prive-dinvestir-dans-les-quartiers\\\/\"},\"author\":{\"name\":\"Camille Vernin\",\"@id\":\"https:\\\/\\\/www.forbes.be\\\/fr\\\/#\\\/schema\\\/person\\\/7a0282225322854e3be13a8e30c1314f\"},\"headline\":\"De Molenbeek au BEL20 : comment Hassan Al Hilou a convaincu les g\u00e9ants du priv\u00e9 d\u2019investir dans les quartiers\",\"datePublished\":\"2026-01-27T09:50:21+00:00\",\"dateModified\":\"2026-01-28T11:08:23+00:00\",\"mainEntityOfPage\":{\"@id\":\"https:\\\/\\\/www.forbes.be\\\/fr\\\/de-molenbeek-au-bel20-comment-hassan-al-hilou-a-convaincu-les-geants-du-prive-dinvestir-dans-les-quartiers\\\/\"},\"wordCount\":1044,\"publisher\":{\"@id\":\"https:\\\/\\\/www.forbes.be\\\/fr\\\/#organization\"},\"image\":{\"@id\":\"https:\\\/\\\/www.forbes.be\\\/fr\\\/de-molenbeek-au-bel20-comment-hassan-al-hilou-a-convaincu-les-geants-du-prive-dinvestir-dans-les-quartiers\\\/#primaryimage\"},\"thumbnailUrl\":\"https:\\\/\\\/www.forbes.be\\\/fr\\\/wp-content\\\/uploads\\\/2026\\\/01\\\/3-1.jpg\",\"articleSection\":[\"Actualit\u00e9s\",\"Leadership\",\"Soci\u00e9t\u00e9\"],\"inLanguage\":\"fr-FR\"},{\"@type\":\"WebPage\",\"@id\":\"https:\\\/\\\/www.forbes.be\\\/fr\\\/de-molenbeek-au-bel20-comment-hassan-al-hilou-a-convaincu-les-geants-du-prive-dinvestir-dans-les-quartiers\\\/\",\"url\":\"https:\\\/\\\/www.forbes.be\\\/fr\\\/de-molenbeek-au-bel20-comment-hassan-al-hilou-a-convaincu-les-geants-du-prive-dinvestir-dans-les-quartiers\\\/\",\"name\":\"Comment Hassan Al Hilou a convaincu le BEL20 d\u2019investir dans les quartiers\",\"isPartOf\":{\"@id\":\"https:\\\/\\\/www.forbes.be\\\/fr\\\/#website\"},\"primaryImageOfPage\":{\"@id\":\"https:\\\/\\\/www.forbes.be\\\/fr\\\/de-molenbeek-au-bel20-comment-hassan-al-hilou-a-convaincu-les-geants-du-prive-dinvestir-dans-les-quartiers\\\/#primaryimage\"},\"image\":{\"@id\":\"https:\\\/\\\/www.forbes.be\\\/fr\\\/de-molenbeek-au-bel20-comment-hassan-al-hilou-a-convaincu-les-geants-du-prive-dinvestir-dans-les-quartiers\\\/#primaryimage\"},\"thumbnailUrl\":\"https:\\\/\\\/www.forbes.be\\\/fr\\\/wp-content\\\/uploads\\\/2026\\\/01\\\/3-1.jpg\",\"datePublished\":\"2026-01-27T09:50:21+00:00\",\"dateModified\":\"2026-01-28T11:08:23+00:00\",\"description\":\"\u00c0 26 ans, Hassan Al Hilou dirige CAPITAL. Son pari ? R\u00e9concilier les jeunes des quartiers populaires avec le monde de l\u2019entreprise.\",\"breadcrumb\":{\"@id\":\"https:\\\/\\\/www.forbes.be\\\/fr\\\/de-molenbeek-au-bel20-comment-hassan-al-hilou-a-convaincu-les-geants-du-prive-dinvestir-dans-les-quartiers\\\/#breadcrumb\"},\"inLanguage\":\"fr-FR\",\"potentialAction\":[{\"@type\":\"ReadAction\",\"target\":[\"https:\\\/\\\/www.forbes.be\\\/fr\\\/de-molenbeek-au-bel20-comment-hassan-al-hilou-a-convaincu-les-geants-du-prive-dinvestir-dans-les-quartiers\\\/\"]}]},{\"@type\":\"ImageObject\",\"inLanguage\":\"fr-FR\",\"@id\":\"https:\\\/\\\/www.forbes.be\\\/fr\\\/de-molenbeek-au-bel20-comment-hassan-al-hilou-a-convaincu-les-geants-du-prive-dinvestir-dans-les-quartiers\\\/#primaryimage\",\"url\":\"https:\\\/\\\/www.forbes.be\\\/fr\\\/wp-content\\\/uploads\\\/2026\\\/01\\\/3-1.jpg\",\"contentUrl\":\"https:\\\/\\\/www.forbes.be\\\/fr\\\/wp-content\\\/uploads\\\/2026\\\/01\\\/3-1.jpg\",\"width\":1200,\"height\":628,\"caption\":\"Hassan Al Hilou, fondateur de CAPITAL. \u00a9D.R.\"},{\"@type\":\"BreadcrumbList\",\"@id\":\"https:\\\/\\\/www.forbes.be\\\/fr\\\/de-molenbeek-au-bel20-comment-hassan-al-hilou-a-convaincu-les-geants-du-prive-dinvestir-dans-les-quartiers\\\/#breadcrumb\",\"itemListElement\":[{\"@type\":\"ListItem\",\"position\":1,\"name\":\"Accueil\",\"item\":\"https:\\\/\\\/www.forbes.be\\\/fr\\\/\"},{\"@type\":\"ListItem\",\"position\":2,\"name\":\"De Molenbeek au BEL20 : comment Hassan Al Hilou a convaincu les g\u00e9ants du priv\u00e9 d\u2019investir dans les quartiers\"}]},{\"@type\":\"WebSite\",\"@id\":\"https:\\\/\\\/www.forbes.be\\\/fr\\\/#website\",\"url\":\"https:\\\/\\\/www.forbes.be\\\/fr\\\/\",\"name\":\"Forbes Belgique\",\"description\":\"\",\"publisher\":{\"@id\":\"https:\\\/\\\/www.forbes.be\\\/fr\\\/#organization\"},\"potentialAction\":[{\"@type\":\"SearchAction\",\"target\":{\"@type\":\"EntryPoint\",\"urlTemplate\":\"https:\\\/\\\/www.forbes.be\\\/fr\\\/?s={search_term_string}\"},\"query-input\":{\"@type\":\"PropertyValueSpecification\",\"valueRequired\":true,\"valueName\":\"search_term_string\"}}],\"inLanguage\":\"fr-FR\"},{\"@type\":\"Organization\",\"@id\":\"https:\\\/\\\/www.forbes.be\\\/fr\\\/#organization\",\"name\":\"Forbes Belgique\",\"url\":\"https:\\\/\\\/www.forbes.be\\\/fr\\\/\",\"logo\":{\"@type\":\"ImageObject\",\"inLanguage\":\"fr-FR\",\"@id\":\"https:\\\/\\\/www.forbes.be\\\/fr\\\/#\\\/schema\\\/logo\\\/image\\\/\",\"url\":\"https:\\\/\\\/www.forbes.be\\\/fr\\\/wp-content\\\/uploads\\\/2024\\\/02\\\/forbes.be_.png\",\"contentUrl\":\"https:\\\/\\\/www.forbes.be\\\/fr\\\/wp-content\\\/uploads\\\/2024\\\/02\\\/forbes.be_.png\",\"width\":1200,\"height\":675,\"caption\":\"Forbes Belgique\"},\"image\":{\"@id\":\"https:\\\/\\\/www.forbes.be\\\/fr\\\/#\\\/schema\\\/logo\\\/image\\\/\"},\"sameAs\":[\"https:\\\/\\\/www.facebook.com\\\/forbesbelgique\\\/\",\"https:\\\/\\\/www.instagram.com\\\/Forbes_Belgium\",\"https:\\\/\\\/www.linkedin.com\\\/company\\\/forbes-belgium\\\/\"]},{\"@type\":\"Person\",\"@id\":\"https:\\\/\\\/www.forbes.be\\\/fr\\\/#\\\/schema\\\/person\\\/7a0282225322854e3be13a8e30c1314f\",\"name\":\"Camille Vernin\",\"image\":{\"@type\":\"ImageObject\",\"inLanguage\":\"fr-FR\",\"@id\":\"https:\\\/\\\/www.forbes.be\\\/fr\\\/wp-content\\\/uploads\\\/2025\\\/04\\\/1574245103646-100x100.jpeg\",\"url\":\"https:\\\/\\\/www.forbes.be\\\/fr\\\/wp-content\\\/uploads\\\/2025\\\/04\\\/1574245103646-100x100.jpeg\",\"contentUrl\":\"https:\\\/\\\/www.forbes.be\\\/fr\\\/wp-content\\\/uploads\\\/2025\\\/04\\\/1574245103646-100x100.jpeg\",\"caption\":\"Camille Vernin\"},\"url\":\"https:\\\/\\\/www.forbes.be\\\/fr\\\/author\\\/camille-vernin\\\/\"}]}<\/script>\n<!-- \/ Yoast SEO plugin. -->","yoast_head_json":{"title":"Comment Hassan Al Hilou a convaincu le BEL20 d\u2019investir dans les quartiers","description":"\u00c0 26 ans, Hassan Al Hilou dirige CAPITAL. Son pari ? R\u00e9concilier les jeunes des quartiers populaires avec le monde de l\u2019entreprise.","robots":{"index":"index","follow":"follow","max-snippet":"max-snippet:-1","max-image-preview":"max-image-preview:large","max-video-preview":"max-video-preview:-1"},"canonical":"https:\/\/www.forbes.be\/fr\/de-molenbeek-au-bel20-comment-hassan-al-hilou-a-convaincu-les-geants-du-prive-dinvestir-dans-les-quartiers\/","og_locale":"fr_FR","og_type":"article","og_title":"Comment Hassan Al Hilou a convaincu le BEL20 d\u2019investir dans les quartiers","og_description":"\u00c0 26 ans, Hassan Al Hilou dirige CAPITAL. Son pari ? R\u00e9concilier les jeunes des quartiers populaires avec le monde de l\u2019entreprise.","og_url":"https:\/\/www.forbes.be\/fr\/de-molenbeek-au-bel20-comment-hassan-al-hilou-a-convaincu-les-geants-du-prive-dinvestir-dans-les-quartiers\/","og_site_name":"Forbes Belgique","article_publisher":"https:\/\/www.facebook.com\/forbesbelgique\/","article_published_time":"2026-01-27T09:50:21+00:00","article_modified_time":"2026-01-28T11:08:23+00:00","og_image":[{"width":1200,"height":628,"url":"https:\/\/www.forbes.be\/fr\/wp-content\/uploads\/2026\/01\/3-1.jpg","type":"image\/jpeg"}],"author":"Camille Vernin","twitter_card":"summary_large_image","twitter_misc":{"\u00c9crit par":"Camille Vernin","Dur\u00e9e de lecture estim\u00e9e":"6 minutes"},"schema":{"@context":"https:\/\/schema.org","@graph":[{"@type":"NewsArticle","@id":"https:\/\/www.forbes.be\/fr\/de-molenbeek-au-bel20-comment-hassan-al-hilou-a-convaincu-les-geants-du-prive-dinvestir-dans-les-quartiers\/#article","isPartOf":{"@id":"https:\/\/www.forbes.be\/fr\/de-molenbeek-au-bel20-comment-hassan-al-hilou-a-convaincu-les-geants-du-prive-dinvestir-dans-les-quartiers\/"},"author":{"name":"Camille Vernin","@id":"https:\/\/www.forbes.be\/fr\/#\/schema\/person\/7a0282225322854e3be13a8e30c1314f"},"headline":"De Molenbeek au BEL20 : comment Hassan Al Hilou a convaincu les g\u00e9ants du priv\u00e9 d\u2019investir dans les quartiers","datePublished":"2026-01-27T09:50:21+00:00","dateModified":"2026-01-28T11:08:23+00:00","mainEntityOfPage":{"@id":"https:\/\/www.forbes.be\/fr\/de-molenbeek-au-bel20-comment-hassan-al-hilou-a-convaincu-les-geants-du-prive-dinvestir-dans-les-quartiers\/"},"wordCount":1044,"publisher":{"@id":"https:\/\/www.forbes.be\/fr\/#organization"},"image":{"@id":"https:\/\/www.forbes.be\/fr\/de-molenbeek-au-bel20-comment-hassan-al-hilou-a-convaincu-les-geants-du-prive-dinvestir-dans-les-quartiers\/#primaryimage"},"thumbnailUrl":"https:\/\/www.forbes.be\/fr\/wp-content\/uploads\/2026\/01\/3-1.jpg","articleSection":["Actualit\u00e9s","Leadership","Soci\u00e9t\u00e9"],"inLanguage":"fr-FR"},{"@type":"WebPage","@id":"https:\/\/www.forbes.be\/fr\/de-molenbeek-au-bel20-comment-hassan-al-hilou-a-convaincu-les-geants-du-prive-dinvestir-dans-les-quartiers\/","url":"https:\/\/www.forbes.be\/fr\/de-molenbeek-au-bel20-comment-hassan-al-hilou-a-convaincu-les-geants-du-prive-dinvestir-dans-les-quartiers\/","name":"Comment Hassan Al Hilou a convaincu le BEL20 d\u2019investir dans les quartiers","isPartOf":{"@id":"https:\/\/www.forbes.be\/fr\/#website"},"primaryImageOfPage":{"@id":"https:\/\/www.forbes.be\/fr\/de-molenbeek-au-bel20-comment-hassan-al-hilou-a-convaincu-les-geants-du-prive-dinvestir-dans-les-quartiers\/#primaryimage"},"image":{"@id":"https:\/\/www.forbes.be\/fr\/de-molenbeek-au-bel20-comment-hassan-al-hilou-a-convaincu-les-geants-du-prive-dinvestir-dans-les-quartiers\/#primaryimage"},"thumbnailUrl":"https:\/\/www.forbes.be\/fr\/wp-content\/uploads\/2026\/01\/3-1.jpg","datePublished":"2026-01-27T09:50:21+00:00","dateModified":"2026-01-28T11:08:23+00:00","description":"\u00c0 26 ans, Hassan Al Hilou dirige CAPITAL. Son pari ? R\u00e9concilier les jeunes des quartiers populaires avec le monde de l\u2019entreprise.","breadcrumb":{"@id":"https:\/\/www.forbes.be\/fr\/de-molenbeek-au-bel20-comment-hassan-al-hilou-a-convaincu-les-geants-du-prive-dinvestir-dans-les-quartiers\/#breadcrumb"},"inLanguage":"fr-FR","potentialAction":[{"@type":"ReadAction","target":["https:\/\/www.forbes.be\/fr\/de-molenbeek-au-bel20-comment-hassan-al-hilou-a-convaincu-les-geants-du-prive-dinvestir-dans-les-quartiers\/"]}]},{"@type":"ImageObject","inLanguage":"fr-FR","@id":"https:\/\/www.forbes.be\/fr\/de-molenbeek-au-bel20-comment-hassan-al-hilou-a-convaincu-les-geants-du-prive-dinvestir-dans-les-quartiers\/#primaryimage","url":"https:\/\/www.forbes.be\/fr\/wp-content\/uploads\/2026\/01\/3-1.jpg","contentUrl":"https:\/\/www.forbes.be\/fr\/wp-content\/uploads\/2026\/01\/3-1.jpg","width":1200,"height":628,"caption":"Hassan Al Hilou, fondateur de CAPITAL. \u00a9D.R."},{"@type":"BreadcrumbList","@id":"https:\/\/www.forbes.be\/fr\/de-molenbeek-au-bel20-comment-hassan-al-hilou-a-convaincu-les-geants-du-prive-dinvestir-dans-les-quartiers\/#breadcrumb","itemListElement":[{"@type":"ListItem","position":1,"name":"Accueil","item":"https:\/\/www.forbes.be\/fr\/"},{"@type":"ListItem","position":2,"name":"De Molenbeek au BEL20 : comment Hassan Al Hilou a convaincu les g\u00e9ants du priv\u00e9 d\u2019investir dans les quartiers"}]},{"@type":"WebSite","@id":"https:\/\/www.forbes.be\/fr\/#website","url":"https:\/\/www.forbes.be\/fr\/","name":"Forbes Belgique","description":"","publisher":{"@id":"https:\/\/www.forbes.be\/fr\/#organization"},"potentialAction":[{"@type":"SearchAction","target":{"@type":"EntryPoint","urlTemplate":"https:\/\/www.forbes.be\/fr\/?s={search_term_string}"},"query-input":{"@type":"PropertyValueSpecification","valueRequired":true,"valueName":"search_term_string"}}],"inLanguage":"fr-FR"},{"@type":"Organization","@id":"https:\/\/www.forbes.be\/fr\/#organization","name":"Forbes Belgique","url":"https:\/\/www.forbes.be\/fr\/","logo":{"@type":"ImageObject","inLanguage":"fr-FR","@id":"https:\/\/www.forbes.be\/fr\/#\/schema\/logo\/image\/","url":"https:\/\/www.forbes.be\/fr\/wp-content\/uploads\/2024\/02\/forbes.be_.png","contentUrl":"https:\/\/www.forbes.be\/fr\/wp-content\/uploads\/2024\/02\/forbes.be_.png","width":1200,"height":675,"caption":"Forbes Belgique"},"image":{"@id":"https:\/\/www.forbes.be\/fr\/#\/schema\/logo\/image\/"},"sameAs":["https:\/\/www.facebook.com\/forbesbelgique\/","https:\/\/www.instagram.com\/Forbes_Belgium","https:\/\/www.linkedin.com\/company\/forbes-belgium\/"]},{"@type":"Person","@id":"https:\/\/www.forbes.be\/fr\/#\/schema\/person\/7a0282225322854e3be13a8e30c1314f","name":"Camille Vernin","image":{"@type":"ImageObject","inLanguage":"fr-FR","@id":"https:\/\/www.forbes.be\/fr\/wp-content\/uploads\/2025\/04\/1574245103646-100x100.jpeg","url":"https:\/\/www.forbes.be\/fr\/wp-content\/uploads\/2025\/04\/1574245103646-100x100.jpeg","contentUrl":"https:\/\/www.forbes.be\/fr\/wp-content\/uploads\/2025\/04\/1574245103646-100x100.jpeg","caption":"Camille Vernin"},"url":"https:\/\/www.forbes.be\/fr\/author\/camille-vernin\/"}]}},"_links":{"self":[{"href":"https:\/\/www.forbes.be\/fr\/wp-json\/wp\/v2\/posts\/15112","targetHints":{"allow":["GET"]}}],"collection":[{"href":"https:\/\/www.forbes.be\/fr\/wp-json\/wp\/v2\/posts"}],"about":[{"href":"https:\/\/www.forbes.be\/fr\/wp-json\/wp\/v2\/types\/post"}],"author":[{"embeddable":true,"href":"https:\/\/www.forbes.be\/fr\/wp-json\/wp\/v2\/users\/29"}],"replies":[{"embeddable":true,"href":"https:\/\/www.forbes.be\/fr\/wp-json\/wp\/v2\/comments?post=15112"}],"version-history":[{"count":6,"href":"https:\/\/www.forbes.be\/fr\/wp-json\/wp\/v2\/posts\/15112\/revisions"}],"predecessor-version":[{"id":15134,"href":"https:\/\/www.forbes.be\/fr\/wp-json\/wp\/v2\/posts\/15112\/revisions\/15134"}],"wp:featuredmedia":[{"embeddable":true,"href":"https:\/\/www.forbes.be\/fr\/wp-json\/wp\/v2\/media\/15191"}],"wp:attachment":[{"href":"https:\/\/www.forbes.be\/fr\/wp-json\/wp\/v2\/media?parent=15112"}],"wp:term":[{"taxonomy":"category","embeddable":true,"href":"https:\/\/www.forbes.be\/fr\/wp-json\/wp\/v2\/categories?post=15112"},{"taxonomy":"post_tag","embeddable":true,"href":"https:\/\/www.forbes.be\/fr\/wp-json\/wp\/v2\/tags?post=15112"}],"curies":[{"name":"wp","href":"https:\/\/api.w.org\/{rel}","templated":true}]}}