{"id":15144,"date":"2026-02-11T06:07:11","date_gmt":"2026-02-11T05:07:11","guid":{"rendered":"https:\/\/www.forbes.be\/fr\/?p=15144"},"modified":"2026-02-10T11:11:35","modified_gmt":"2026-02-10T10:11:35","slug":"julien-de-wit-30-under-30-inconvenient","status":"publish","type":"post","link":"https:\/\/www.forbes.be\/fr\/julien-de-wit-30-under-30-inconvenient\/","title":{"rendered":"Julien De Wit, 30 Under 30 : \u00ab Ce n&rsquo;est pas en \u00e9liminant chaque d\u00e9sagr\u00e9ment que l&rsquo;on aide les gens \u00bb"},"content":{"rendered":"<div><strong>Le 28 novembre 2025, <b>Julien De Wit (25 ans) <\/b> a \u00e9t\u00e9 s\u00e9lectionn\u00e9 avec 29 autres jeunes pour la deuxi\u00e8me liste belge des 30 Under 30. Aujourd\u2019hui, il revient sur son parcours et sur ce que l\u2019avenir lui r\u00e9serve.<\/strong><\/div>\n<div><\/div>\n<div>\n<div><a href=\"https:\/\/www.juliendewit.com\/\">Julien<\/a> est auteur, entrepreneur et chercheur, actif tant dans le monde acad\u00e9mique que dans le secteur priv\u00e9. Avec son cabinet Think Ahead Inc., il conseille les dirigeants et organisations sur la strat\u00e9gie, le positionnement, la transformation, la gestion de crise et la communication strat\u00e9gique. En tant qu&rsquo;expert affili\u00e9 \u00e0 la think tank Itinera, il est associ\u00e9 au think tank Itinera, o\u00f9 il traduit des analyses politiques, sociales et \u00e9conomiques en recommandations pour les d\u00e9cideurs et les conseils d\u2019administration. Ses livres touchent \u00e0 la fois le grand public, les d\u00e9cideurs politiques et \u00e9conomiques, et m\u00eame le palais royal.<\/div>\n<div><\/div>\n<div><b>Forbes.be &#8211; Julien, que repr\u00e9sente cette reconnaissance de Forbes pour vous ?<\/b><\/div>\n<div><strong>Julien De Wit &#8211;<\/strong> C&rsquo;est quelque chose que j&rsquo;avais peut-\u00eatre un peu sous-estim\u00e9. On vous dit souvent que vous \u00ab faites du bon travail \u00bb, mais c&rsquo;est une reconnaissance qui demeure assez abstraite. Une telle nomination la rend soudainement beaucoup plus tangible. On re\u00e7oit beaucoup de messages de soutien, et c&rsquo;est un beau moment pour faire le point sur ce qu&rsquo;on fait. En m\u00eame temps, je tiens absolument \u00e0 \u00e9viter que cette reconnaissance m&rsquo;endorme. On entend tant d&rsquo;histoires de jeunes qui r\u00e9ussissent et qui se mettent \u00e0 planer. J&rsquo;essaie donc de relativiser. C&rsquo;est un honneur, mais pour moi, ce n&rsquo;est pas une fin \u2013 c&rsquo;est plut\u00f4t un signal que je suis sur la bonne voie.<\/div>\n<div><\/div>\n<div><b>&#8211; Vous combinez entrepreneuriat, recherche et \u00e9criture. Comment cela se mat\u00e9rialise-il concr\u00e8tement ?<\/b><\/div>\n<div><strong>&#8211;<\/strong> Chez Think Ahead Inc., nous travaillons en tant que conseillers strat\u00e9giques. Au d\u00e9but, l&rsquo;agence \u00e9tait plus orient\u00e9e vers la communication, \u00e0 partir de missions freelance, mais je me suis rapidement orient\u00e9 vers les questions strat\u00e9giques. Aujourd&rsquo;hui, nous r\u00e9fl\u00e9chissons avec les entreprises sur leur positionnement, leur strat\u00e9gie \u00e0 une \u00e9poque incertaine, leur gestion de crise et comment tout cela se traduit en une communication claire. Chez Itinera, je travaille en tant que chercheur sur la r\u00e9silience sociale : la question de comment faire traverser une crise aux individus et aux soci\u00e9t\u00e9s. C&rsquo;est un sujet qui me tient particuli\u00e8rement \u00e0 c\u0153ur. C&rsquo;est int\u00e9ressant car cette question revient souvent aussi dans mon r\u00f4le de conseiller, mais au niveau de l&rsquo;entreprise : comment faire traverser une crise \u00e0 une organisation ? De plus, j&rsquo;\u00e9cris des livres et des chroniques, souvent sur les m\u00eames th\u00e8mes. Pour le monde ext\u00e9rieur, ce sont peut-\u00eatre trois univers distincts, mais pour moi, ils forment un tout coh\u00e9rent. J&rsquo;examine comment un probl\u00e8me est structur\u00e9, je m&rsquo;y plonge et ensuite j&rsquo;essaie d&rsquo;inventer une solution de mani\u00e8re cr\u00e9ative. Je me vois un peu comme une entreprise avec trois unit\u00e9s d&rsquo;affaires. Ce que je constate dans la recherche, je peux l&rsquo;appliquer aux entreprises; ce que j&rsquo;apprends en conseil, revient dans mes livres, et vice versa. Il y a beaucoup de synergies crois\u00e9es.<\/div>\n<div><\/div>\n<div><b>&#8211; Que dites-vous aux CEO qui s&rsquo;inqui\u00e8tent de l&rsquo;incertitude actuelle?<\/b><\/div>\n<div><\/div>\n<div><strong>&#8211;<\/strong> J&rsquo;essaie d&rsquo;abord de faire comprendre qu&rsquo;en r\u00e9alit\u00e9 le march\u00e9 n&rsquo;a jamais \u00e9t\u00e9 vraiment stable. Il y a toujours eu des chocs. Ce qui est diff\u00e9rent aujourd&rsquo;hui, c&rsquo;est que nous recevons beaucoup plus d&rsquo;informations. Les nouvelles boursi\u00e8res et des entreprises se r\u00e9pandent beaucoup plus rapidement, et les CEO sont beaucoup plus sous les projecteurs.<\/div>\n<div>De ce fait, l&rsquo;incertitude semble plus grande, mais il y a aussi un avantage : les cycles d&rsquo;information sont courts. Un probl\u00e8me ou une erreur peut parfois ne durer qu&rsquo;un jour. Si vous faites preuve de souplesse, vous avez de nombreuses possibilit\u00e9s de vous remettre en selle rapidement.<\/div>\n<div><\/div>\n<div><b>&#8211; Vous \u00eates critique envers les organisations qui planifient trop et n&rsquo;essaient pas assez. Qu&rsquo;est-ce qui, selon vous, ne va pas ?<\/b><\/div>\n<div><strong>&#8211;<\/strong> Je constate souvent que les entreprises restent \u00e0 r\u00e9fl\u00e9chir et \u00e0 planifier tr\u00e8s longtemps, et osent moins exp\u00e9rimenter. Je le remarque aussi dans ma propre g\u00e9n\u00e9ration : des jeunes qui r\u00e9fl\u00e9chissent pendant des mois \u00e0 ce qu&rsquo;ils veulent faire, au lieu de simplement commencer et voir ce qui fonctionne.Durant mon parcours, en plus de mes trois \u00ab piliers \u00bb actuels, j&rsquo;ai connu beaucoup d&rsquo;\u00e9checs. A posteriori, il semble que tout le monde avait un grand plan, mais si vous regardez les d\u00e9buts, vous verrez qu&rsquo;il y a beaucoup d&rsquo;exp\u00e9rimentation. On d\u00e9couvre souvent le fil conducteur plus tard.En strat\u00e9gie, cela signifie : ne pas passer deux ou trois ans uniquement \u00e0 planifier et ensuite seulement \u00e0 tester. R\u00e9alisez plusieurs plans plus petits, testez-les \u00e0 petite \u00e9chelle, voyez ce qui fonctionne, puis rendez cela op\u00e9rationnel. C&rsquo;est un peu la maladie de l&rsquo;Europe : nous sommes tr\u00e8s bons pour concevoir des strat\u00e9gies, mais nous devons beaucoup plus r\u00e9fl\u00e9chir \u00e0 la mani\u00e8re de les rendre op\u00e9rationnelles, oser exp\u00e9rimenter et ajuster. C&rsquo;est aussi dans cette philosophie que nous travaillons chez Think Ahead avec les clients.<\/div>\n<div><\/div>\n<div><b>&#8211; La r\u00e9silience est un fil conducteur dans votre travail. Comment voyez-vous la mani\u00e8re dont nous nous y prenons aujourd&rsquo;hui ?<\/b><\/div>\n<div><strong>&#8211;<\/strong> Dans beaucoup de recherches, vous voyez que la r\u00e9silience ressemble \u00e0 un muscle : si vous ne le sollicitez jamais, il ne devient pas plus fort. Les gens \u2013 et surtout les enfants \u2013 ont besoin d&rsquo;exp\u00e9riences d&rsquo;\u00e9chec. Pas du type d\u00e9sastreux, mais assez pour tomber de temps en temps et se relever.Aujourd&rsquo;hui, le r\u00e9flexe dominant est souvent : nous devons \u00e9liminer toutes les frictions. Les parents veulent prot\u00e9ger leurs enfants des difficult\u00e9s, les employeurs veulent rendre la vie de leurs employ\u00e9s aussi simple que possible. L&rsquo;intention est bonne, mais on n&rsquo;aide pas les gens en filtrant tout inconfort. Il faut parfois transpirer abondamment sur quelque chose de difficile mais r\u00e9alisable, ce qui nous rend finalement plus forts.<\/div>\n<div><\/div>\n<div><b>&#8211; En m\u00eame temps, on observe de plus en plus de burn-outs. Comment cela s&rsquo;inscrit-il dans votre plaidoyer en faveur d&rsquo;une plus grande friction ?\u00a0<\/b><\/div>\n<div><strong>&#8211;<\/strong> Le burn-out est absolument r\u00e9el et s\u00e9rieux. \u00c0 mon avis, c&rsquo;est en grande partie d\u00fb au fait que nous sommes toujours \u00ab allum\u00e9s \u00bb : constamment connect\u00e9s, traitant une \u00e9norme quantit\u00e9 d&rsquo;informations chaque jour, subissant beaucoup de changements en peu de temps. Biologiquement, notre cerveau n&rsquo;est pas con\u00e7u pour cela.Il faut faire la distinction entre surcharge extr\u00eame et prolong\u00e9e \u2013 qui conduit \u00e0 l&rsquo;\u00e9puisement et pour laquelle nous devons vraiment faire quelque chose \u2013 et les c\u00f4t\u00e9s normaux, parfois d\u00e9sagr\u00e9ables de la vie : les d\u00e9ceptions, le stress temporaire, les choses qui tournent mal. Ils en font partie et aident \u00e0 construire la r\u00e9silience.<\/div>\n<div><\/div>\n<div><b>-Enfin, avez-vous d&rsquo;autres conseils pour les jeunes entrepreneurs comme vous ?<\/b><\/div>\n<div><strong>&#8211;<\/strong> Je pense qu&rsquo;il est tr\u00e8s sain de faire preuve d&rsquo;un peu de na\u00efvet\u00e9. Nous sur-analysons souvent, voyons des sc\u00e9narios catastrophes partout et n&rsquo;osons pas commencer. Alors qu&rsquo;en pratique, vous pouvez r\u00e9soudre de nombreux probl\u00e8mes en chemin. Commencez, essayez, et apprenez de ce qui tourne mal.<\/div>\n<div>En m\u00eame temps, entreprendre n&rsquo;a pas besoin d&rsquo;\u00eatre extr\u00eamement risqu\u00e9. Je suis moi-m\u00eame plut\u00f4t conservateur sur le plan financier et je vois parfois des jeunes entrepreneurs prendre tellement de risques qu&rsquo;un seul revers pourrait les engloutir. Ce n&rsquo;est pas n\u00e9cessaire. Vous pouvez entreprendre comme une s\u00e9rie d&rsquo;exp\u00e9riences contr\u00f4l\u00e9es : commencez petit, int\u00e9grez des limites et des marges de s\u00e9curit\u00e9 claires, ajustez lorsque n\u00e9cessaire. Si vous combinez cela avec la curiosit\u00e9 et la volont\u00e9 de consid\u00e9rer les \u00e9checs comme des opportunit\u00e9s d&rsquo;apprentissage, vous irez tr\u00e8s loin.<\/div>\n<\/div>\n","protected":false},"excerpt":{"rendered":"<p>Le 28 novembre 2025, Julien De Wit (25 ans) a \u00e9t\u00e9 s\u00e9lectionn\u00e9 avec 29 autres jeunes pour la deuxi\u00e8me liste belge des 30 Under 30. Aujourd&rsquo;hui, Julien revient pour Forbes Belgique sur son parcours, et ce que l&rsquo;avenir lui r\u00e9serve. Julien est auteur, entrepreneur et chercheur, actif dans le monde acad\u00e9mique et [&hellip;]<\/p>\n","protected":false},"author":14,"featured_media":15143,"comment_status":"closed","ping_status":"closed","sticky":false,"template":"","format":"standard","meta":{"_acf_changed":false,"inline_featured_image":false,"footnotes":""},"categories":[59],"tags":[],"class_list":{"0":"post-15144","1":"post","2":"type-post","3":"status-publish","4":"format-standard","5":"has-post-thumbnail","7":"category-forbes-30-30"},"acf":[],"_yoast_wpseo_title":"Julien De Wit : Les le\u00e7ons d'une vie entre entrepreneuriat, recherche et \u00e9criture","_yoast_wpseo_metadesc":"D\u00e9couvrez le parcours de Julien De Wit, laur\u00e9at belge du 30 Under 30, \u00e0 travers son engagement entre entrepreneuriat, recherche et \u00e9criture.","auteur_traducteur":"","yoast_head":"<!-- This site is optimized with the Yoast SEO plugin v27.4 - https:\/\/yoast.com\/product\/yoast-seo-wordpress\/ -->\n<title>Julien De Wit : Les le\u00e7ons d&#039;une vie entre entrepreneuriat, recherche et \u00e9criture<\/title>\n<meta name=\"description\" content=\"D\u00e9couvrez le parcours de Julien De Wit, laur\u00e9at belge du 30 Under 30, \u00e0 travers son engagement entre entrepreneuriat, recherche et \u00e9criture.\" \/>\n<meta name=\"robots\" content=\"index, follow, max-snippet:-1, max-image-preview:large, max-video-preview:-1\" \/>\n<link rel=\"canonical\" href=\"https:\/\/www.forbes.be\/fr\/julien-de-wit-30-under-30-inconvenient\/\" \/>\n<meta property=\"og:locale\" content=\"fr_FR\" \/>\n<meta property=\"og:type\" content=\"article\" \/>\n<meta property=\"og:title\" content=\"Julien De Wit : Les le\u00e7ons d&#039;une vie entre entrepreneuriat, recherche et \u00e9criture\" \/>\n<meta property=\"og:description\" content=\"D\u00e9couvrez le parcours de Julien De Wit, laur\u00e9at belge du 30 Under 30, \u00e0 travers son engagement entre entrepreneuriat, recherche et \u00e9criture.\" \/>\n<meta property=\"og:url\" content=\"https:\/\/www.forbes.be\/fr\/julien-de-wit-30-under-30-inconvenient\/\" \/>\n<meta property=\"og:site_name\" content=\"Forbes Belgique\" \/>\n<meta property=\"article:publisher\" content=\"https:\/\/www.facebook.com\/forbesbelgique\/\" \/>\n<meta property=\"article:published_time\" content=\"2026-02-11T05:07:11+00:00\" \/>\n<meta property=\"og:image\" content=\"https:\/\/www.forbes.be\/fr\/wp-content\/uploads\/2026\/01\/13470-julien-de-wit-2.jpg\" \/>\n\t<meta property=\"og:image:width\" content=\"1085\" \/>\n\t<meta property=\"og:image:height\" content=\"816\" \/>\n\t<meta property=\"og:image:type\" content=\"image\/jpeg\" \/>\n<meta name=\"author\" content=\"C\u00e9line Bouckaert\" \/>\n<meta name=\"twitter:card\" content=\"summary_large_image\" \/>\n<meta name=\"twitter:label1\" content=\"\u00c9crit par\" \/>\n\t<meta name=\"twitter:data1\" content=\"C\u00e9line Bouckaert\" \/>\n\t<meta name=\"twitter:label2\" content=\"Dur\u00e9e de lecture estim\u00e9e\" \/>\n\t<meta name=\"twitter:data2\" content=\"7 minutes\" \/>\n<script type=\"application\/ld+json\" class=\"yoast-schema-graph\">{\"@context\":\"https:\\\/\\\/schema.org\",\"@graph\":[{\"@type\":\"NewsArticle\",\"@id\":\"https:\\\/\\\/www.forbes.be\\\/fr\\\/julien-de-wit-30-under-30-inconvenient\\\/#article\",\"isPartOf\":{\"@id\":\"https:\\\/\\\/www.forbes.be\\\/fr\\\/julien-de-wit-30-under-30-inconvenient\\\/\"},\"author\":{\"name\":\"C\u00e9line Bouckaert\",\"@id\":\"https:\\\/\\\/www.forbes.be\\\/fr\\\/#\\\/schema\\\/person\\\/8ec2eaf66f85ad162d094b61be753342\"},\"headline\":\"Julien De Wit, 30 Under 30 : \u00ab Ce n&rsquo;est pas en \u00e9liminant chaque d\u00e9sagr\u00e9ment que l&rsquo;on aide les gens \u00bb\",\"datePublished\":\"2026-02-11T05:07:11+00:00\",\"mainEntityOfPage\":{\"@id\":\"https:\\\/\\\/www.forbes.be\\\/fr\\\/julien-de-wit-30-under-30-inconvenient\\\/\"},\"wordCount\":1312,\"publisher\":{\"@id\":\"https:\\\/\\\/www.forbes.be\\\/fr\\\/#organization\"},\"image\":{\"@id\":\"https:\\\/\\\/www.forbes.be\\\/fr\\\/julien-de-wit-30-under-30-inconvenient\\\/#primaryimage\"},\"thumbnailUrl\":\"https:\\\/\\\/www.forbes.be\\\/fr\\\/wp-content\\\/uploads\\\/2026\\\/01\\\/13470-julien-de-wit-2.jpg\",\"articleSection\":[\"Forbes 30-30\"],\"inLanguage\":\"fr-FR\"},{\"@type\":\"WebPage\",\"@id\":\"https:\\\/\\\/www.forbes.be\\\/fr\\\/julien-de-wit-30-under-30-inconvenient\\\/\",\"url\":\"https:\\\/\\\/www.forbes.be\\\/fr\\\/julien-de-wit-30-under-30-inconvenient\\\/\",\"name\":\"Julien De Wit : Les le\u00e7ons d'une vie entre entrepreneuriat, recherche et \u00e9criture\",\"isPartOf\":{\"@id\":\"https:\\\/\\\/www.forbes.be\\\/fr\\\/#website\"},\"primaryImageOfPage\":{\"@id\":\"https:\\\/\\\/www.forbes.be\\\/fr\\\/julien-de-wit-30-under-30-inconvenient\\\/#primaryimage\"},\"image\":{\"@id\":\"https:\\\/\\\/www.forbes.be\\\/fr\\\/julien-de-wit-30-under-30-inconvenient\\\/#primaryimage\"},\"thumbnailUrl\":\"https:\\\/\\\/www.forbes.be\\\/fr\\\/wp-content\\\/uploads\\\/2026\\\/01\\\/13470-julien-de-wit-2.jpg\",\"datePublished\":\"2026-02-11T05:07:11+00:00\",\"description\":\"D\u00e9couvrez le parcours de Julien De Wit, laur\u00e9at belge du 30 Under 30, \u00e0 travers son engagement entre entrepreneuriat, recherche et \u00e9criture.\",\"breadcrumb\":{\"@id\":\"https:\\\/\\\/www.forbes.be\\\/fr\\\/julien-de-wit-30-under-30-inconvenient\\\/#breadcrumb\"},\"inLanguage\":\"fr-FR\",\"potentialAction\":[{\"@type\":\"ReadAction\",\"target\":[\"https:\\\/\\\/www.forbes.be\\\/fr\\\/julien-de-wit-30-under-30-inconvenient\\\/\"]}]},{\"@type\":\"ImageObject\",\"inLanguage\":\"fr-FR\",\"@id\":\"https:\\\/\\\/www.forbes.be\\\/fr\\\/julien-de-wit-30-under-30-inconvenient\\\/#primaryimage\",\"url\":\"https:\\\/\\\/www.forbes.be\\\/fr\\\/wp-content\\\/uploads\\\/2026\\\/01\\\/13470-julien-de-wit-2.jpg\",\"contentUrl\":\"https:\\\/\\\/www.forbes.be\\\/fr\\\/wp-content\\\/uploads\\\/2026\\\/01\\\/13470-julien-de-wit-2.jpg\",\"width\":1085,\"height\":816,\"caption\":\"Julien De Wit \u00a9 AS Agency\"},{\"@type\":\"BreadcrumbList\",\"@id\":\"https:\\\/\\\/www.forbes.be\\\/fr\\\/julien-de-wit-30-under-30-inconvenient\\\/#breadcrumb\",\"itemListElement\":[{\"@type\":\"ListItem\",\"position\":1,\"name\":\"Accueil\",\"item\":\"https:\\\/\\\/www.forbes.be\\\/fr\\\/\"},{\"@type\":\"ListItem\",\"position\":2,\"name\":\"Julien De Wit, 30 Under 30 : \u00ab Ce n&rsquo;est pas en \u00e9liminant chaque d\u00e9sagr\u00e9ment que l&rsquo;on aide les gens \u00bb\"}]},{\"@type\":\"WebSite\",\"@id\":\"https:\\\/\\\/www.forbes.be\\\/fr\\\/#website\",\"url\":\"https:\\\/\\\/www.forbes.be\\\/fr\\\/\",\"name\":\"Forbes Belgique\",\"description\":\"\",\"publisher\":{\"@id\":\"https:\\\/\\\/www.forbes.be\\\/fr\\\/#organization\"},\"potentialAction\":[{\"@type\":\"SearchAction\",\"target\":{\"@type\":\"EntryPoint\",\"urlTemplate\":\"https:\\\/\\\/www.forbes.be\\\/fr\\\/?s={search_term_string}\"},\"query-input\":{\"@type\":\"PropertyValueSpecification\",\"valueRequired\":true,\"valueName\":\"search_term_string\"}}],\"inLanguage\":\"fr-FR\"},{\"@type\":\"Organization\",\"@id\":\"https:\\\/\\\/www.forbes.be\\\/fr\\\/#organization\",\"name\":\"Forbes Belgique\",\"url\":\"https:\\\/\\\/www.forbes.be\\\/fr\\\/\",\"logo\":{\"@type\":\"ImageObject\",\"inLanguage\":\"fr-FR\",\"@id\":\"https:\\\/\\\/www.forbes.be\\\/fr\\\/#\\\/schema\\\/logo\\\/image\\\/\",\"url\":\"https:\\\/\\\/www.forbes.be\\\/fr\\\/wp-content\\\/uploads\\\/2024\\\/02\\\/forbes.be_.png\",\"contentUrl\":\"https:\\\/\\\/www.forbes.be\\\/fr\\\/wp-content\\\/uploads\\\/2024\\\/02\\\/forbes.be_.png\",\"width\":1200,\"height\":675,\"caption\":\"Forbes Belgique\"},\"image\":{\"@id\":\"https:\\\/\\\/www.forbes.be\\\/fr\\\/#\\\/schema\\\/logo\\\/image\\\/\"},\"sameAs\":[\"https:\\\/\\\/www.facebook.com\\\/forbesbelgique\\\/\",\"https:\\\/\\\/www.instagram.com\\\/Forbes_Belgium\",\"https:\\\/\\\/www.linkedin.com\\\/company\\\/forbes-belgium\\\/\"]},{\"@type\":\"Person\",\"@id\":\"https:\\\/\\\/www.forbes.be\\\/fr\\\/#\\\/schema\\\/person\\\/8ec2eaf66f85ad162d094b61be753342\",\"name\":\"C\u00e9line Bouckaert\",\"image\":{\"@type\":\"ImageObject\",\"inLanguage\":\"fr-FR\",\"@id\":\"https:\\\/\\\/www.forbes.be\\\/fr\\\/wp-content\\\/uploads\\\/2024\\\/01\\\/0283_ec_fb-1-150x150.jpg\",\"url\":\"https:\\\/\\\/www.forbes.be\\\/fr\\\/wp-content\\\/uploads\\\/2024\\\/01\\\/0283_ec_fb-1-150x150.jpg\",\"contentUrl\":\"https:\\\/\\\/www.forbes.be\\\/fr\\\/wp-content\\\/uploads\\\/2024\\\/01\\\/0283_ec_fb-1-150x150.jpg\",\"caption\":\"C\u00e9line Bouckaert\"},\"url\":\"https:\\\/\\\/www.forbes.be\\\/fr\\\/author\\\/cboeditionventures-be\\\/\"}]}<\/script>\n<!-- \/ Yoast SEO plugin. -->","yoast_head_json":{"title":"Julien De Wit : Les le\u00e7ons d'une vie entre entrepreneuriat, recherche et \u00e9criture","description":"D\u00e9couvrez le parcours de Julien De Wit, laur\u00e9at belge du 30 Under 30, \u00e0 travers son engagement entre entrepreneuriat, recherche et \u00e9criture.","robots":{"index":"index","follow":"follow","max-snippet":"max-snippet:-1","max-image-preview":"max-image-preview:large","max-video-preview":"max-video-preview:-1"},"canonical":"https:\/\/www.forbes.be\/fr\/julien-de-wit-30-under-30-inconvenient\/","og_locale":"fr_FR","og_type":"article","og_title":"Julien De Wit : Les le\u00e7ons d'une vie entre entrepreneuriat, recherche et \u00e9criture","og_description":"D\u00e9couvrez le parcours de Julien De Wit, laur\u00e9at belge du 30 Under 30, \u00e0 travers son engagement entre entrepreneuriat, recherche et \u00e9criture.","og_url":"https:\/\/www.forbes.be\/fr\/julien-de-wit-30-under-30-inconvenient\/","og_site_name":"Forbes Belgique","article_publisher":"https:\/\/www.facebook.com\/forbesbelgique\/","article_published_time":"2026-02-11T05:07:11+00:00","og_image":[{"width":1085,"height":816,"url":"https:\/\/www.forbes.be\/fr\/wp-content\/uploads\/2026\/01\/13470-julien-de-wit-2.jpg","type":"image\/jpeg"}],"author":"C\u00e9line Bouckaert","twitter_card":"summary_large_image","twitter_misc":{"\u00c9crit par":"C\u00e9line Bouckaert","Dur\u00e9e de lecture estim\u00e9e":"7 minutes"},"schema":{"@context":"https:\/\/schema.org","@graph":[{"@type":"NewsArticle","@id":"https:\/\/www.forbes.be\/fr\/julien-de-wit-30-under-30-inconvenient\/#article","isPartOf":{"@id":"https:\/\/www.forbes.be\/fr\/julien-de-wit-30-under-30-inconvenient\/"},"author":{"name":"C\u00e9line Bouckaert","@id":"https:\/\/www.forbes.be\/fr\/#\/schema\/person\/8ec2eaf66f85ad162d094b61be753342"},"headline":"Julien De Wit, 30 Under 30 : \u00ab Ce n&rsquo;est pas en \u00e9liminant chaque d\u00e9sagr\u00e9ment que l&rsquo;on aide les gens \u00bb","datePublished":"2026-02-11T05:07:11+00:00","mainEntityOfPage":{"@id":"https:\/\/www.forbes.be\/fr\/julien-de-wit-30-under-30-inconvenient\/"},"wordCount":1312,"publisher":{"@id":"https:\/\/www.forbes.be\/fr\/#organization"},"image":{"@id":"https:\/\/www.forbes.be\/fr\/julien-de-wit-30-under-30-inconvenient\/#primaryimage"},"thumbnailUrl":"https:\/\/www.forbes.be\/fr\/wp-content\/uploads\/2026\/01\/13470-julien-de-wit-2.jpg","articleSection":["Forbes 30-30"],"inLanguage":"fr-FR"},{"@type":"WebPage","@id":"https:\/\/www.forbes.be\/fr\/julien-de-wit-30-under-30-inconvenient\/","url":"https:\/\/www.forbes.be\/fr\/julien-de-wit-30-under-30-inconvenient\/","name":"Julien De Wit : Les le\u00e7ons d'une vie entre entrepreneuriat, recherche et \u00e9criture","isPartOf":{"@id":"https:\/\/www.forbes.be\/fr\/#website"},"primaryImageOfPage":{"@id":"https:\/\/www.forbes.be\/fr\/julien-de-wit-30-under-30-inconvenient\/#primaryimage"},"image":{"@id":"https:\/\/www.forbes.be\/fr\/julien-de-wit-30-under-30-inconvenient\/#primaryimage"},"thumbnailUrl":"https:\/\/www.forbes.be\/fr\/wp-content\/uploads\/2026\/01\/13470-julien-de-wit-2.jpg","datePublished":"2026-02-11T05:07:11+00:00","description":"D\u00e9couvrez le parcours de Julien De Wit, laur\u00e9at belge du 30 Under 30, \u00e0 travers son engagement entre entrepreneuriat, recherche et \u00e9criture.","breadcrumb":{"@id":"https:\/\/www.forbes.be\/fr\/julien-de-wit-30-under-30-inconvenient\/#breadcrumb"},"inLanguage":"fr-FR","potentialAction":[{"@type":"ReadAction","target":["https:\/\/www.forbes.be\/fr\/julien-de-wit-30-under-30-inconvenient\/"]}]},{"@type":"ImageObject","inLanguage":"fr-FR","@id":"https:\/\/www.forbes.be\/fr\/julien-de-wit-30-under-30-inconvenient\/#primaryimage","url":"https:\/\/www.forbes.be\/fr\/wp-content\/uploads\/2026\/01\/13470-julien-de-wit-2.jpg","contentUrl":"https:\/\/www.forbes.be\/fr\/wp-content\/uploads\/2026\/01\/13470-julien-de-wit-2.jpg","width":1085,"height":816,"caption":"Julien De Wit \u00a9 AS Agency"},{"@type":"BreadcrumbList","@id":"https:\/\/www.forbes.be\/fr\/julien-de-wit-30-under-30-inconvenient\/#breadcrumb","itemListElement":[{"@type":"ListItem","position":1,"name":"Accueil","item":"https:\/\/www.forbes.be\/fr\/"},{"@type":"ListItem","position":2,"name":"Julien De Wit, 30 Under 30 : \u00ab Ce n&rsquo;est pas en \u00e9liminant chaque d\u00e9sagr\u00e9ment que l&rsquo;on aide les gens \u00bb"}]},{"@type":"WebSite","@id":"https:\/\/www.forbes.be\/fr\/#website","url":"https:\/\/www.forbes.be\/fr\/","name":"Forbes Belgique","description":"","publisher":{"@id":"https:\/\/www.forbes.be\/fr\/#organization"},"potentialAction":[{"@type":"SearchAction","target":{"@type":"EntryPoint","urlTemplate":"https:\/\/www.forbes.be\/fr\/?s={search_term_string}"},"query-input":{"@type":"PropertyValueSpecification","valueRequired":true,"valueName":"search_term_string"}}],"inLanguage":"fr-FR"},{"@type":"Organization","@id":"https:\/\/www.forbes.be\/fr\/#organization","name":"Forbes Belgique","url":"https:\/\/www.forbes.be\/fr\/","logo":{"@type":"ImageObject","inLanguage":"fr-FR","@id":"https:\/\/www.forbes.be\/fr\/#\/schema\/logo\/image\/","url":"https:\/\/www.forbes.be\/fr\/wp-content\/uploads\/2024\/02\/forbes.be_.png","contentUrl":"https:\/\/www.forbes.be\/fr\/wp-content\/uploads\/2024\/02\/forbes.be_.png","width":1200,"height":675,"caption":"Forbes Belgique"},"image":{"@id":"https:\/\/www.forbes.be\/fr\/#\/schema\/logo\/image\/"},"sameAs":["https:\/\/www.facebook.com\/forbesbelgique\/","https:\/\/www.instagram.com\/Forbes_Belgium","https:\/\/www.linkedin.com\/company\/forbes-belgium\/"]},{"@type":"Person","@id":"https:\/\/www.forbes.be\/fr\/#\/schema\/person\/8ec2eaf66f85ad162d094b61be753342","name":"C\u00e9line Bouckaert","image":{"@type":"ImageObject","inLanguage":"fr-FR","@id":"https:\/\/www.forbes.be\/fr\/wp-content\/uploads\/2024\/01\/0283_ec_fb-1-150x150.jpg","url":"https:\/\/www.forbes.be\/fr\/wp-content\/uploads\/2024\/01\/0283_ec_fb-1-150x150.jpg","contentUrl":"https:\/\/www.forbes.be\/fr\/wp-content\/uploads\/2024\/01\/0283_ec_fb-1-150x150.jpg","caption":"C\u00e9line Bouckaert"},"url":"https:\/\/www.forbes.be\/fr\/author\/cboeditionventures-be\/"}]}},"_links":{"self":[{"href":"https:\/\/www.forbes.be\/fr\/wp-json\/wp\/v2\/posts\/15144","targetHints":{"allow":["GET"]}}],"collection":[{"href":"https:\/\/www.forbes.be\/fr\/wp-json\/wp\/v2\/posts"}],"about":[{"href":"https:\/\/www.forbes.be\/fr\/wp-json\/wp\/v2\/types\/post"}],"author":[{"embeddable":true,"href":"https:\/\/www.forbes.be\/fr\/wp-json\/wp\/v2\/users\/14"}],"replies":[{"embeddable":true,"href":"https:\/\/www.forbes.be\/fr\/wp-json\/wp\/v2\/comments?post=15144"}],"version-history":[{"count":8,"href":"https:\/\/www.forbes.be\/fr\/wp-json\/wp\/v2\/posts\/15144\/revisions"}],"predecessor-version":[{"id":15401,"href":"https:\/\/www.forbes.be\/fr\/wp-json\/wp\/v2\/posts\/15144\/revisions\/15401"}],"wp:featuredmedia":[{"embeddable":true,"href":"https:\/\/www.forbes.be\/fr\/wp-json\/wp\/v2\/media\/15143"}],"wp:attachment":[{"href":"https:\/\/www.forbes.be\/fr\/wp-json\/wp\/v2\/media?parent=15144"}],"wp:term":[{"taxonomy":"category","embeddable":true,"href":"https:\/\/www.forbes.be\/fr\/wp-json\/wp\/v2\/categories?post=15144"},{"taxonomy":"post_tag","embeddable":true,"href":"https:\/\/www.forbes.be\/fr\/wp-json\/wp\/v2\/tags?post=15144"}],"curies":[{"name":"wp","href":"https:\/\/api.w.org\/{rel}","templated":true}]}}