{"id":15464,"date":"2026-02-16T12:38:42","date_gmt":"2026-02-16T11:38:42","guid":{"rendered":"https:\/\/www.forbes.be\/fr\/?p=15464"},"modified":"2026-02-16T12:38:42","modified_gmt":"2026-02-16T11:38:42","slug":"enquete-francaise-epstein","status":"publish","type":"post","link":"https:\/\/www.forbes.be\/fr\/enquete-francaise-epstein\/","title":{"rendered":"Les autorit\u00e9s fran\u00e7aises lancent une nouvelle enqu\u00eate suite aux r\u00e9v\u00e9lations des dossiers Epstein"},"content":{"rendered":"<h2>Introduction<\/h2>\n<p>Le parquet de Paris a ouvert une enqu\u00eate sur des \u00e9l\u00e9ments li\u00e9s \u00e0 Jeffrey Epstein, annon\u00e7ant qu&rsquo;il examinera de nouveaux dossiers r\u00e9cemment publi\u00e9s pour d\u00e9terminer si des infractions p\u00e9nales peuvent \u00eatre poursuivies en vertu de la loi fran\u00e7aise.<\/p>\n<h2>Faits importants<\/h2>\n<ul>\n<li>Une partie de l&rsquo;enqu\u00eate est \u00e9galement centr\u00e9e sur Jean-Luc Brunel, un associ\u00e9 d&rsquo;Epstein retrouv\u00e9 mort dans une cellule de prison \u00e0 Paris en 2022 en attendant des accusations de viol et de trafic sexuel, les procureurs esp\u00e9rant \u00ab\u00a0extraire tout \u00e9l\u00e9ment qui pourrait \u00eatre utilement r\u00e9utilis\u00e9 dans un nouveau cadre d&rsquo;enqu\u00eate\u00a0\u00bb, a d\u00e9clar\u00e9 le bureau \u00e0 l&rsquo;AFP.<\/li>\n<li>Une femme se pr\u00e9tendant victime de Brunel a d\u00e9clar\u00e9 qu&rsquo;il \u00e9tait 100 fois pire que Ghislaine Maxwell, proche associ\u00e9e d\u2019Epstein, \u00e9crivant dans un courriel que Brunel avait trafiqu\u00e9 des femmes pendant 40 ans : \u00ab\u00a0Maxwell est mauvaise et coupable mais elle n&rsquo;est rien compar\u00e9e \u00e0 lui.\u00a0\u00bb<\/li>\n<li>Son agence de mannequins, MC2, a \u00e9t\u00e9 accus\u00e9e par plusieurs femmes dans des proc\u00e8s et des t\u00e9moignages de servir de passerelle par laquelle de jeunes mannequins \u00e9taient recrut\u00e9es et pr\u00e9sent\u00e9es \u00e0 Epstein.<\/li>\n<li>La derni\u00e8re s\u00e9rie de dossiers publi\u00e9e par le d\u00e9partement am\u00e9ricain de la Justice comporte plusieurs personnalit\u00e9s publiques fran\u00e7aises de premier plan, dont le diplomate de haut rang Fabrice A\u00efdan et l&rsquo;ancien ministre Jack Lang.<\/li>\n<li>Lang, selon l&rsquo;AFP, a d\u00e9missionn\u00e9 de son poste \u00e0 l&rsquo;Institut du Monde Arabe mais a ni\u00e9 tout acte r\u00e9pr\u00e9hensible, A\u00efdan ayant \u00e9galement \u00e9t\u00e9 relev\u00e9 de ses fonctions chez Engie.<\/li>\n<li>Les nouveaux dossiers publi\u00e9s comprennent des courriels et d&rsquo;autres documents que les enqu\u00eateurs sont maintenant en train d&rsquo;examiner pour d\u00e9terminer si des conduites criminelles suppl\u00e9mentaires peuvent \u00eatre poursuivies en vertu de la loi fran\u00e7aise.<\/li>\n<\/ul>\n<h2>Contexte<\/h2>\n<p>Les autorit\u00e9s fran\u00e7aises ont ouvert une enqu\u00eate officielle sur Epstein et Brunel en 2019 apr\u00e8s l&rsquo;arrestation d&rsquo;Epstein aux \u00c9tats-Unis, bien que la mort de Brunel dans une prison parisienne ait interrompu sa poursuite avant le proc\u00e8s, laissant des questions sur son r\u00e9seau et ses \u00e9ventuels complices non r\u00e9solues. La r\u00e9cente divulgation de millions de dossiers auparavant non publi\u00e9s sur Epstein par les autorit\u00e9s am\u00e9ricaines a raviv\u00e9 l&rsquo;attention en France, avec des courriels et d&rsquo;autres documents r\u00e9v\u00e9lant des contacts entre Epstein et des personnalit\u00e9s politiques, diplomatiques et culturelles fran\u00e7aises en vue. La relation \u00e9troite d&rsquo;Epstein avec Brunel et ses fr\u00e9quents voyages en Europe ont fait de la France l&rsquo;un des p\u00f4les centraux de son r\u00e9seau international, Epstein poss\u00e9dant une propri\u00e9t\u00e9 dans le pays.<\/p>\n<p>Cet article a \u00e9t\u00e9 \u00e9crit par Mike Stunson et traduit par Forbes.be.<\/p>\n","protected":false},"excerpt":{"rendered":"<p>Les nouvelles informations des dossiers Epstein ont incit\u00e9 les autorit\u00e9s fran\u00e7aises \u00e0 rouvrir une enqu\u00eate. Cette affaire attire de nouveau l&rsquo;attention m\u00e9diatique.<\/p>\n","protected":false},"author":28,"featured_media":15463,"comment_status":"closed","ping_status":"closed","sticky":false,"template":"","format":"standard","meta":{"_acf_changed":false,"inline_featured_image":false,"footnotes":""},"categories":[1],"tags":[],"class_list":{"0":"post-15464","1":"post","2":"type-post","3":"status-publish","4":"format-standard","5":"has-post-thumbnail","7":"category-actualite"},"acf":[],"_yoast_wpseo_title":"Les autorit\u00e9s fran\u00e7aises lancent une nouvelle enqu\u00eate suite aux r\u00e9v\u00e9lations des dossiers Epstein","_yoast_wpseo_metadesc":"La France ouvre une enqu\u00eate sur Epstein apr\u00e8s de r\u00e9centes d\u00e9couvertes, suscitant un nouvel int\u00e9r\u00eat m\u00e9diatique.","auteur_traducteur":"","yoast_head":"<!-- This site is optimized with the Yoast SEO plugin v27.4 - https:\/\/yoast.com\/product\/yoast-seo-wordpress\/ -->\n<title>Les autorit\u00e9s fran\u00e7aises lancent une nouvelle enqu\u00eate suite aux r\u00e9v\u00e9lations des dossiers Epstein<\/title>\n<meta name=\"description\" content=\"La France ouvre une enqu\u00eate sur Epstein apr\u00e8s de r\u00e9centes d\u00e9couvertes, suscitant un nouvel int\u00e9r\u00eat m\u00e9diatique.\" \/>\n<meta name=\"robots\" content=\"index, follow, max-snippet:-1, max-image-preview:large, max-video-preview:-1\" \/>\n<link rel=\"canonical\" href=\"https:\/\/www.forbes.be\/fr\/enquete-francaise-epstein\/\" \/>\n<meta property=\"og:locale\" content=\"fr_FR\" \/>\n<meta property=\"og:type\" content=\"article\" \/>\n<meta property=\"og:title\" content=\"Les autorit\u00e9s fran\u00e7aises lancent une nouvelle enqu\u00eate suite aux r\u00e9v\u00e9lations des dossiers Epstein\" \/>\n<meta property=\"og:description\" content=\"La France ouvre une enqu\u00eate sur Epstein apr\u00e8s de r\u00e9centes d\u00e9couvertes, suscitant un nouvel int\u00e9r\u00eat m\u00e9diatique.\" \/>\n<meta property=\"og:url\" content=\"https:\/\/www.forbes.be\/fr\/enquete-francaise-epstein\/\" \/>\n<meta property=\"og:site_name\" content=\"Forbes Belgique\" \/>\n<meta property=\"article:publisher\" content=\"https:\/\/www.facebook.com\/forbesbelgique\/\" \/>\n<meta property=\"article:published_time\" content=\"2026-02-16T11:38:42+00:00\" \/>\n<meta property=\"og:image\" content=\"https:\/\/www.forbes.be\/fr\/wp-content\/uploads\/2026\/02\/7583029816.jpg\" \/>\n\t<meta property=\"og:image:width\" content=\"959\" \/>\n\t<meta property=\"og:image:height\" content=\"541\" \/>\n\t<meta property=\"og:image:type\" content=\"image\/jpeg\" \/>\n<meta name=\"author\" content=\"Forbes US\" \/>\n<meta name=\"twitter:card\" content=\"summary_large_image\" \/>\n<meta name=\"twitter:label1\" content=\"\u00c9crit par\" \/>\n\t<meta name=\"twitter:data1\" content=\"Forbes US\" \/>\n\t<meta name=\"twitter:label2\" content=\"Dur\u00e9e de lecture estim\u00e9e\" \/>\n\t<meta name=\"twitter:data2\" content=\"3 minutes\" \/>\n<script type=\"application\/ld+json\" class=\"yoast-schema-graph\">{\"@context\":\"https:\\\/\\\/schema.org\",\"@graph\":[{\"@type\":\"NewsArticle\",\"@id\":\"https:\\\/\\\/www.forbes.be\\\/fr\\\/enquete-francaise-epstein\\\/#article\",\"isPartOf\":{\"@id\":\"https:\\\/\\\/www.forbes.be\\\/fr\\\/enquete-francaise-epstein\\\/\"},\"author\":{\"name\":\"Forbes US\",\"@id\":\"https:\\\/\\\/www.forbes.be\\\/fr\\\/#\\\/schema\\\/person\\\/7a054703b12276e8c990a581baea6515\"},\"headline\":\"Les autorit\u00e9s fran\u00e7aises lancent une nouvelle enqu\u00eate suite aux r\u00e9v\u00e9lations des dossiers Epstein\",\"datePublished\":\"2026-02-16T11:38:42+00:00\",\"mainEntityOfPage\":{\"@id\":\"https:\\\/\\\/www.forbes.be\\\/fr\\\/enquete-francaise-epstein\\\/\"},\"wordCount\":479,\"publisher\":{\"@id\":\"https:\\\/\\\/www.forbes.be\\\/fr\\\/#organization\"},\"image\":{\"@id\":\"https:\\\/\\\/www.forbes.be\\\/fr\\\/enquete-francaise-epstein\\\/#primaryimage\"},\"thumbnailUrl\":\"https:\\\/\\\/www.forbes.be\\\/fr\\\/wp-content\\\/uploads\\\/2026\\\/02\\\/7583029816.jpg\",\"articleSection\":[\"Actualit\u00e9s\"],\"inLanguage\":\"fr-FR\"},{\"@type\":\"WebPage\",\"@id\":\"https:\\\/\\\/www.forbes.be\\\/fr\\\/enquete-francaise-epstein\\\/\",\"url\":\"https:\\\/\\\/www.forbes.be\\\/fr\\\/enquete-francaise-epstein\\\/\",\"name\":\"Les autorit\u00e9s fran\u00e7aises lancent une nouvelle enqu\u00eate suite aux r\u00e9v\u00e9lations des dossiers Epstein\",\"isPartOf\":{\"@id\":\"https:\\\/\\\/www.forbes.be\\\/fr\\\/#website\"},\"primaryImageOfPage\":{\"@id\":\"https:\\\/\\\/www.forbes.be\\\/fr\\\/enquete-francaise-epstein\\\/#primaryimage\"},\"image\":{\"@id\":\"https:\\\/\\\/www.forbes.be\\\/fr\\\/enquete-francaise-epstein\\\/#primaryimage\"},\"thumbnailUrl\":\"https:\\\/\\\/www.forbes.be\\\/fr\\\/wp-content\\\/uploads\\\/2026\\\/02\\\/7583029816.jpg\",\"datePublished\":\"2026-02-16T11:38:42+00:00\",\"description\":\"La France ouvre une enqu\u00eate sur Epstein apr\u00e8s de r\u00e9centes d\u00e9couvertes, suscitant un nouvel int\u00e9r\u00eat m\u00e9diatique.\",\"breadcrumb\":{\"@id\":\"https:\\\/\\\/www.forbes.be\\\/fr\\\/enquete-francaise-epstein\\\/#breadcrumb\"},\"inLanguage\":\"fr-FR\",\"potentialAction\":[{\"@type\":\"ReadAction\",\"target\":[\"https:\\\/\\\/www.forbes.be\\\/fr\\\/enquete-francaise-epstein\\\/\"]}]},{\"@type\":\"ImageObject\",\"inLanguage\":\"fr-FR\",\"@id\":\"https:\\\/\\\/www.forbes.be\\\/fr\\\/enquete-francaise-epstein\\\/#primaryimage\",\"url\":\"https:\\\/\\\/www.forbes.be\\\/fr\\\/wp-content\\\/uploads\\\/2026\\\/02\\\/7583029816.jpg\",\"contentUrl\":\"https:\\\/\\\/www.forbes.be\\\/fr\\\/wp-content\\\/uploads\\\/2026\\\/02\\\/7583029816.jpg\",\"width\":959,\"height\":541,\"caption\":\"AFP via Getty Images\"},{\"@type\":\"BreadcrumbList\",\"@id\":\"https:\\\/\\\/www.forbes.be\\\/fr\\\/enquete-francaise-epstein\\\/#breadcrumb\",\"itemListElement\":[{\"@type\":\"ListItem\",\"position\":1,\"name\":\"Accueil\",\"item\":\"https:\\\/\\\/www.forbes.be\\\/fr\\\/\"},{\"@type\":\"ListItem\",\"position\":2,\"name\":\"Les autorit\u00e9s fran\u00e7aises lancent une nouvelle enqu\u00eate suite aux r\u00e9v\u00e9lations des dossiers Epstein\"}]},{\"@type\":\"WebSite\",\"@id\":\"https:\\\/\\\/www.forbes.be\\\/fr\\\/#website\",\"url\":\"https:\\\/\\\/www.forbes.be\\\/fr\\\/\",\"name\":\"Forbes Belgique\",\"description\":\"\",\"publisher\":{\"@id\":\"https:\\\/\\\/www.forbes.be\\\/fr\\\/#organization\"},\"potentialAction\":[{\"@type\":\"SearchAction\",\"target\":{\"@type\":\"EntryPoint\",\"urlTemplate\":\"https:\\\/\\\/www.forbes.be\\\/fr\\\/?s={search_term_string}\"},\"query-input\":{\"@type\":\"PropertyValueSpecification\",\"valueRequired\":true,\"valueName\":\"search_term_string\"}}],\"inLanguage\":\"fr-FR\"},{\"@type\":\"Organization\",\"@id\":\"https:\\\/\\\/www.forbes.be\\\/fr\\\/#organization\",\"name\":\"Forbes Belgique\",\"url\":\"https:\\\/\\\/www.forbes.be\\\/fr\\\/\",\"logo\":{\"@type\":\"ImageObject\",\"inLanguage\":\"fr-FR\",\"@id\":\"https:\\\/\\\/www.forbes.be\\\/fr\\\/#\\\/schema\\\/logo\\\/image\\\/\",\"url\":\"https:\\\/\\\/www.forbes.be\\\/fr\\\/wp-content\\\/uploads\\\/2024\\\/02\\\/forbes.be_.png\",\"contentUrl\":\"https:\\\/\\\/www.forbes.be\\\/fr\\\/wp-content\\\/uploads\\\/2024\\\/02\\\/forbes.be_.png\",\"width\":1200,\"height\":675,\"caption\":\"Forbes Belgique\"},\"image\":{\"@id\":\"https:\\\/\\\/www.forbes.be\\\/fr\\\/#\\\/schema\\\/logo\\\/image\\\/\"},\"sameAs\":[\"https:\\\/\\\/www.facebook.com\\\/forbesbelgique\\\/\",\"https:\\\/\\\/www.instagram.com\\\/Forbes_Belgium\",\"https:\\\/\\\/www.linkedin.com\\\/company\\\/forbes-belgium\\\/\"]},{\"@type\":\"Person\",\"@id\":\"https:\\\/\\\/www.forbes.be\\\/fr\\\/#\\\/schema\\\/person\\\/7a054703b12276e8c990a581baea6515\",\"name\":\"Forbes US\",\"image\":{\"@type\":\"ImageObject\",\"inLanguage\":\"fr-FR\",\"@id\":\"https:\\\/\\\/www.forbes.be\\\/fr\\\/wp-content\\\/uploads\\\/2025\\\/03\\\/forbes-logo1-100x100.png\",\"url\":\"https:\\\/\\\/www.forbes.be\\\/fr\\\/wp-content\\\/uploads\\\/2025\\\/03\\\/forbes-logo1-100x100.png\",\"contentUrl\":\"https:\\\/\\\/www.forbes.be\\\/fr\\\/wp-content\\\/uploads\\\/2025\\\/03\\\/forbes-logo1-100x100.png\",\"caption\":\"Forbes US\"},\"url\":\"https:\\\/\\\/www.forbes.be\\\/fr\\\/author\\\/forbes-us\\\/\"}]}<\/script>\n<!-- \/ Yoast SEO plugin. -->","yoast_head_json":{"title":"Les autorit\u00e9s fran\u00e7aises lancent une nouvelle enqu\u00eate suite aux r\u00e9v\u00e9lations des dossiers Epstein","description":"La France ouvre une enqu\u00eate sur Epstein apr\u00e8s de r\u00e9centes d\u00e9couvertes, suscitant un nouvel int\u00e9r\u00eat m\u00e9diatique.","robots":{"index":"index","follow":"follow","max-snippet":"max-snippet:-1","max-image-preview":"max-image-preview:large","max-video-preview":"max-video-preview:-1"},"canonical":"https:\/\/www.forbes.be\/fr\/enquete-francaise-epstein\/","og_locale":"fr_FR","og_type":"article","og_title":"Les autorit\u00e9s fran\u00e7aises lancent une nouvelle enqu\u00eate suite aux r\u00e9v\u00e9lations des dossiers Epstein","og_description":"La France ouvre une enqu\u00eate sur Epstein apr\u00e8s de r\u00e9centes d\u00e9couvertes, suscitant un nouvel int\u00e9r\u00eat m\u00e9diatique.","og_url":"https:\/\/www.forbes.be\/fr\/enquete-francaise-epstein\/","og_site_name":"Forbes Belgique","article_publisher":"https:\/\/www.facebook.com\/forbesbelgique\/","article_published_time":"2026-02-16T11:38:42+00:00","og_image":[{"width":959,"height":541,"url":"https:\/\/www.forbes.be\/fr\/wp-content\/uploads\/2026\/02\/7583029816.jpg","type":"image\/jpeg"}],"author":"Forbes US","twitter_card":"summary_large_image","twitter_misc":{"\u00c9crit par":"Forbes US","Dur\u00e9e de lecture estim\u00e9e":"3 minutes"},"schema":{"@context":"https:\/\/schema.org","@graph":[{"@type":"NewsArticle","@id":"https:\/\/www.forbes.be\/fr\/enquete-francaise-epstein\/#article","isPartOf":{"@id":"https:\/\/www.forbes.be\/fr\/enquete-francaise-epstein\/"},"author":{"name":"Forbes US","@id":"https:\/\/www.forbes.be\/fr\/#\/schema\/person\/7a054703b12276e8c990a581baea6515"},"headline":"Les autorit\u00e9s fran\u00e7aises lancent une nouvelle enqu\u00eate suite aux r\u00e9v\u00e9lations des dossiers Epstein","datePublished":"2026-02-16T11:38:42+00:00","mainEntityOfPage":{"@id":"https:\/\/www.forbes.be\/fr\/enquete-francaise-epstein\/"},"wordCount":479,"publisher":{"@id":"https:\/\/www.forbes.be\/fr\/#organization"},"image":{"@id":"https:\/\/www.forbes.be\/fr\/enquete-francaise-epstein\/#primaryimage"},"thumbnailUrl":"https:\/\/www.forbes.be\/fr\/wp-content\/uploads\/2026\/02\/7583029816.jpg","articleSection":["Actualit\u00e9s"],"inLanguage":"fr-FR"},{"@type":"WebPage","@id":"https:\/\/www.forbes.be\/fr\/enquete-francaise-epstein\/","url":"https:\/\/www.forbes.be\/fr\/enquete-francaise-epstein\/","name":"Les autorit\u00e9s fran\u00e7aises lancent une nouvelle enqu\u00eate suite aux r\u00e9v\u00e9lations des dossiers Epstein","isPartOf":{"@id":"https:\/\/www.forbes.be\/fr\/#website"},"primaryImageOfPage":{"@id":"https:\/\/www.forbes.be\/fr\/enquete-francaise-epstein\/#primaryimage"},"image":{"@id":"https:\/\/www.forbes.be\/fr\/enquete-francaise-epstein\/#primaryimage"},"thumbnailUrl":"https:\/\/www.forbes.be\/fr\/wp-content\/uploads\/2026\/02\/7583029816.jpg","datePublished":"2026-02-16T11:38:42+00:00","description":"La France ouvre une enqu\u00eate sur Epstein apr\u00e8s de r\u00e9centes d\u00e9couvertes, suscitant un nouvel int\u00e9r\u00eat m\u00e9diatique.","breadcrumb":{"@id":"https:\/\/www.forbes.be\/fr\/enquete-francaise-epstein\/#breadcrumb"},"inLanguage":"fr-FR","potentialAction":[{"@type":"ReadAction","target":["https:\/\/www.forbes.be\/fr\/enquete-francaise-epstein\/"]}]},{"@type":"ImageObject","inLanguage":"fr-FR","@id":"https:\/\/www.forbes.be\/fr\/enquete-francaise-epstein\/#primaryimage","url":"https:\/\/www.forbes.be\/fr\/wp-content\/uploads\/2026\/02\/7583029816.jpg","contentUrl":"https:\/\/www.forbes.be\/fr\/wp-content\/uploads\/2026\/02\/7583029816.jpg","width":959,"height":541,"caption":"AFP via Getty Images"},{"@type":"BreadcrumbList","@id":"https:\/\/www.forbes.be\/fr\/enquete-francaise-epstein\/#breadcrumb","itemListElement":[{"@type":"ListItem","position":1,"name":"Accueil","item":"https:\/\/www.forbes.be\/fr\/"},{"@type":"ListItem","position":2,"name":"Les autorit\u00e9s fran\u00e7aises lancent une nouvelle enqu\u00eate suite aux r\u00e9v\u00e9lations des dossiers Epstein"}]},{"@type":"WebSite","@id":"https:\/\/www.forbes.be\/fr\/#website","url":"https:\/\/www.forbes.be\/fr\/","name":"Forbes Belgique","description":"","publisher":{"@id":"https:\/\/www.forbes.be\/fr\/#organization"},"potentialAction":[{"@type":"SearchAction","target":{"@type":"EntryPoint","urlTemplate":"https:\/\/www.forbes.be\/fr\/?s={search_term_string}"},"query-input":{"@type":"PropertyValueSpecification","valueRequired":true,"valueName":"search_term_string"}}],"inLanguage":"fr-FR"},{"@type":"Organization","@id":"https:\/\/www.forbes.be\/fr\/#organization","name":"Forbes Belgique","url":"https:\/\/www.forbes.be\/fr\/","logo":{"@type":"ImageObject","inLanguage":"fr-FR","@id":"https:\/\/www.forbes.be\/fr\/#\/schema\/logo\/image\/","url":"https:\/\/www.forbes.be\/fr\/wp-content\/uploads\/2024\/02\/forbes.be_.png","contentUrl":"https:\/\/www.forbes.be\/fr\/wp-content\/uploads\/2024\/02\/forbes.be_.png","width":1200,"height":675,"caption":"Forbes Belgique"},"image":{"@id":"https:\/\/www.forbes.be\/fr\/#\/schema\/logo\/image\/"},"sameAs":["https:\/\/www.facebook.com\/forbesbelgique\/","https:\/\/www.instagram.com\/Forbes_Belgium","https:\/\/www.linkedin.com\/company\/forbes-belgium\/"]},{"@type":"Person","@id":"https:\/\/www.forbes.be\/fr\/#\/schema\/person\/7a054703b12276e8c990a581baea6515","name":"Forbes US","image":{"@type":"ImageObject","inLanguage":"fr-FR","@id":"https:\/\/www.forbes.be\/fr\/wp-content\/uploads\/2025\/03\/forbes-logo1-100x100.png","url":"https:\/\/www.forbes.be\/fr\/wp-content\/uploads\/2025\/03\/forbes-logo1-100x100.png","contentUrl":"https:\/\/www.forbes.be\/fr\/wp-content\/uploads\/2025\/03\/forbes-logo1-100x100.png","caption":"Forbes US"},"url":"https:\/\/www.forbes.be\/fr\/author\/forbes-us\/"}]}},"_links":{"self":[{"href":"https:\/\/www.forbes.be\/fr\/wp-json\/wp\/v2\/posts\/15464","targetHints":{"allow":["GET"]}}],"collection":[{"href":"https:\/\/www.forbes.be\/fr\/wp-json\/wp\/v2\/posts"}],"about":[{"href":"https:\/\/www.forbes.be\/fr\/wp-json\/wp\/v2\/types\/post"}],"author":[{"embeddable":true,"href":"https:\/\/www.forbes.be\/fr\/wp-json\/wp\/v2\/users\/28"}],"replies":[{"embeddable":true,"href":"https:\/\/www.forbes.be\/fr\/wp-json\/wp\/v2\/comments?post=15464"}],"version-history":[{"count":2,"href":"https:\/\/www.forbes.be\/fr\/wp-json\/wp\/v2\/posts\/15464\/revisions"}],"predecessor-version":[{"id":15466,"href":"https:\/\/www.forbes.be\/fr\/wp-json\/wp\/v2\/posts\/15464\/revisions\/15466"}],"wp:featuredmedia":[{"embeddable":true,"href":"https:\/\/www.forbes.be\/fr\/wp-json\/wp\/v2\/media\/15463"}],"wp:attachment":[{"href":"https:\/\/www.forbes.be\/fr\/wp-json\/wp\/v2\/media?parent=15464"}],"wp:term":[{"taxonomy":"category","embeddable":true,"href":"https:\/\/www.forbes.be\/fr\/wp-json\/wp\/v2\/categories?post=15464"},{"taxonomy":"post_tag","embeddable":true,"href":"https:\/\/www.forbes.be\/fr\/wp-json\/wp\/v2\/tags?post=15464"}],"curies":[{"name":"wp","href":"https:\/\/api.w.org\/{rel}","templated":true}]}}