{"id":1562,"date":"2024-03-07T13:24:02","date_gmt":"2024-03-07T12:24:02","guid":{"rendered":"https:\/\/www.forbes.be\/fr\/?p=1562"},"modified":"2024-03-07T13:22:28","modified_gmt":"2024-03-07T12:22:28","slug":"croissance-exponentielle-pour-la-societe-belge-yust-pourquoi-ce-concept-hotelier-fonctionne-t-il-si-bien","status":"publish","type":"post","link":"https:\/\/www.forbes.be\/fr\/croissance-exponentielle-pour-la-societe-belge-yust-pourquoi-ce-concept-hotelier-fonctionne-t-il-si-bien\/","title":{"rendered":"Croissance exponentielle pour la soci\u00e9t\u00e9 belge YUST: pourquoi ce concept h\u00f4telier fonctionne-t-il si bien ?"},"content":{"rendered":"<p><strong><a href=\"https:\/\/www.yust.com\/fr\/about\/\" target=\"_blank\" rel=\"noopener\">YUST<\/a> c\u00e9l\u00e8bre ses cinq ans. Et la soci\u00e9t\u00e9 belge prosp\u00e8re : sous la direction du PDG Louis Claes, l&rsquo;entreprise a connu une croissance exponentielle, avec une augmentation du chiffre d&rsquo;affaires de 95 % en 2022 et de 35 % en 2023. Le groupe immobilier sait donc parfaitement anticiper l&rsquo;avenir de l&rsquo;habitat et du s\u00e9jour.<\/strong><\/p>\n<p>Les vingtenaires et trentenaires d&rsquo;aujourd&rsquo;hui pr\u00e9f\u00e8rent remettre \u00e0 plus tard l&rsquo;achat de leur propre maison afin de partir \u00e0 la d\u00e9couverte du monde. Autrement dit, ils ont besoin de flexibilit\u00e9 pour vivre ou s\u00e9journer aussi longtemps qu&rsquo;ils le souhaitent, tout en s&rsquo;int\u00e9grant \u00e0 la communaut\u00e9 locale. L&rsquo;entreprise belge <a href=\"https:\/\/www.yust.com\/fr\/about\/\" target=\"_blank\" rel=\"noopener\">YUST<\/a>, n\u00e9e d&rsquo;une th\u00e8se de master, s&rsquo;adresse \u00e0 ce public jeune et urbain en louant, dans le m\u00eame b\u00e2timent, des lofts meubl\u00e9s (dans le cadre d&rsquo;un \u00ab\u00a0long s\u00e9jour\u00a0\u00bb) ainsi que des chambres d&rsquo;h\u00f4tel (dans le cadre d&rsquo;un \u00ab\u00a0court s\u00e9jour\u00a0\u00bb). La structure propose \u00e9galement d&rsquo;autres services tels qu&rsquo;un restaurant, un espace de coworking, une terrasse sur le toit et une laverie.<\/p>\n<figure id=\"attachment_1201\" aria-describedby=\"caption-attachment-1201\" style=\"width: 696px\" class=\"wp-caption alignnone\"><img loading=\"lazy\" decoding=\"async\" class=\"wp-image-1201 size-large\" src=\"https:\/\/www.forbes.be\/nl\/wp-content\/uploads\/2024\/02\/NG_YUST_Antwerp_long-stay_7121-1024x683.jpg\" alt=\"yust\" width=\"696\" height=\"464\" \/><figcaption id=\"caption-attachment-1201\" class=\"wp-caption-text\">Chambre de long s\u00e9jour<\/figcaption><\/figure>\n<figure id=\"attachment_1200\" aria-describedby=\"caption-attachment-1200\" style=\"width: 696px\" class=\"wp-caption alignnone\"><img loading=\"lazy\" decoding=\"async\" class=\"wp-image-1200 size-large\" src=\"https:\/\/www.forbes.be\/nl\/wp-content\/uploads\/2024\/02\/NG_YUST_Antwerp_short-stay_7076-2-1024x683.jpg\" alt=\"yust\" width=\"696\" height=\"464\" \/><figcaption id=\"caption-attachment-1200\" class=\"wp-caption-text\">Chambre de court s\u00e9jour<\/figcaption><\/figure>\n<h2><strong>Un m\u00e9lange de profils<\/strong><\/h2>\n<p>Si vous s\u00e9journez dans l&rsquo;un des \u00e9tablissements <a href=\"https:\/\/www.yust.com\/fr\/about\/\" target=\"_blank\" rel=\"noopener\">YUST<\/a>, vous rencontrerez diff\u00e9rents profils de jeunes dans l&rsquo;immeuble. Il peut s&rsquo;agir de r\u00e9novateurs et d&rsquo;expatri\u00e9s \u00e0 la recherche d&rsquo;un lieu de s\u00e9jour flexible et tout compris, mais aussi de touristes urbains d\u00e9sireux de se m\u00ealer \u00e0 la population locale. Les chambres sont \u00e9quip\u00e9es de mobilier standard, ainsi que d&rsquo;appareils de cuisine, de linge de lit et de bain renouvel\u00e9s chaque semaine, de porte-manteaux et d&rsquo;articles d\u00e9coratifs inclus dans le forfait.<\/p>\n<p>De quels emplacement s&rsquo;agit-il ? Contrairement \u00e0 de nombreux concepts similaires dans de grandes villes comme Amsterdam, Londres ou Paris, <a href=\"https:\/\/www.yust.com\/fr\/about\/\" target=\"_blank\" rel=\"noopener\">YUST<\/a> \u00e9vite la concurrence en se concentrant sur des villes de taille relativement plus petite. C&rsquo;est pr\u00e9cis\u00e9ment pour cette raison qu&rsquo;ils ont ouvert leur premier \u00e9tablissement \u00e0 Anvers en 2019. En 2023, un deuxi\u00e8me \u00e9tablissement a ouvert ses portes \u00e0 Li\u00e8ge et l&rsquo;ouverture de Bruxelles est pr\u00e9vue pour 2025 avec 140 chambres. Le nombre total de chambres atteindra ainsi 340. Ils ne se situent pas toujours au centre, mais l\u00e9g\u00e8rement en p\u00e9riph\u00e9rie. Pour lutter contre l&rsquo;isolement social dans le quartier, des initiatives sont organis\u00e9es pour rassembler les gens, telles que des brunchs, des concerts, des s\u00e9ances de yoga ou des ateliers de pleine conscience et de photographie.<\/p>\n<p>\u00c0 l&rsquo;occasion de leur cinqui\u00e8me anniversaire, ils ont annonc\u00e9 leur expansion au-del\u00e0 des fronti\u00e8res belges, dans des pays voisins comme les Pays-Bas, le Luxembourg, l&rsquo;Allemagne et la France. Le nombre d&rsquo;habitants des villes cibles du concept est d&rsquo;au moins 200 000, ce qui rend des villes comme Eindhoven, Rotterdam et Lille appropri\u00e9es pour le moment. Les Pays-Bas sont actuellement en t\u00eate de liste en raison du vaste r\u00e9seau de <a href=\"https:\/\/www.yust.com\/fr\/about\/\" target=\"_blank\" rel=\"noopener\">YUST<\/a> dans ce pays. \u00ab\u00a0Avec un responsable des acquisitions \u00e0 bord, qui recherche activement de nouvelles propri\u00e9t\u00e9s et des investisseurs potentiels, nous ne nous contentons pas d&rsquo;aller de l&rsquo;avant, nous acc\u00e9l\u00e9rons. \u00ab\u00a0, dit Louis Claes.<\/p>\n<figure id=\"attachment_1203\" aria-describedby=\"caption-attachment-1203\" style=\"width: 683px\" class=\"wp-caption alignnone\"><img loading=\"lazy\" decoding=\"async\" class=\"wp-image-1203 size-large\" src=\"https:\/\/www.forbes.be\/nl\/wp-content\/uploads\/2024\/02\/NG_YUST_CEO_Louis_Claes-683x1024.jpg\" alt=\"yust\" width=\"683\" height=\"1024\" \/><figcaption id=\"caption-attachment-1203\" class=\"wp-caption-text\">PDG Louis Claes<\/figcaption><\/figure>\n<h2><strong>Bruxelles en 2025<\/strong><\/h2>\n<p>Le futur <a href=\"https:\/\/www.yust.com\/fr\/about\/\" target=\"_blank\" rel=\"noopener\">YUST<\/a> Brussels, situ\u00e9 sur le site du Jardin Royal, apportera une fois de plus \u00e0 la ville un m\u00e9lange unique d&rsquo;espaces de restaurations, r\u00e9sidentiels et commerciaux. En collaboration avec VDD Project Development et REDET, le projet transformera l&rsquo;ancien\u00a0 couvent du Ges\u00f9 en \u00ab\u00a0Royal Botanique\u00a0\u00bb, un centre de 15 000 m\u00b2 o\u00f9 les activit\u00e9s r\u00e9sidentielles, la restauration et les activit\u00e9s commerciales se rejoindront.<\/p>\n<figure id=\"attachment_1204\" aria-describedby=\"caption-attachment-1204\" style=\"width: 4800px\" class=\"wp-caption alignnone\"><img loading=\"lazy\" decoding=\"async\" class=\"wp-image-1204 size-full\" src=\"https:\/\/www.forbes.be\/nl\/wp-content\/uploads\/2024\/02\/NG_YUST_Brussels_Botanique_A_Royale_Watermerk.png\" alt=\"\" width=\"4800\" height=\"3200\" \/><figcaption id=\"caption-attachment-1204\" class=\"wp-caption-text\">YUST Bruxelles<\/figcaption><\/figure>\n","protected":false},"excerpt":{"rendered":"<p>YUST c\u00e9l\u00e8bre ses cinq ans. Et la soci\u00e9t\u00e9 belge prosp\u00e8re : sous la direction du PDG Louis Claes, l&rsquo;entreprise a connu une croissance exponentielle, avec une augmentation du chiffre d&rsquo;affaires de 95 % en 2022 et de 35 % en 2023. Le groupe immobilier sait donc parfaitement anticiper l&rsquo;avenir de l&rsquo;habitat et du s\u00e9jour. Les [&hellip;]<\/p>\n","protected":false},"author":13,"featured_media":1574,"comment_status":"closed","ping_status":"closed","sticky":false,"template":"","format":"standard","meta":{"_acf_changed":false,"inline_featured_image":false,"footnotes":""},"categories":[14],"tags":[],"class_list":{"0":"post-1562","1":"post","2":"type-post","3":"status-publish","4":"format-standard","5":"has-post-thumbnail","7":"category-innovation"},"acf":[],"_yoast_wpseo_title":"Pourquoi le concept h\u00f4telier de YUST fonctionne-t-il si bien ?%%page%% %%sep%% %%sitename%%","_yoast_wpseo_metadesc":"Le groupe belge YUST se porte bien : sous la direction de son PDG Louis Claes, l'entreprise conna\u00eet une croissance exponentielle.","auteur_traducteur":null,"yoast_head":"<!-- This site is optimized with the Yoast SEO plugin v27.4 - https:\/\/yoast.com\/product\/yoast-seo-wordpress\/ -->\n<title>Pourquoi le concept h\u00f4telier de YUST fonctionne-t-il si bien ? | Forbes Belgique<\/title>\n<meta name=\"description\" content=\"Le groupe belge YUST se porte bien : sous la direction de son PDG Louis Claes, l&#039;entreprise conna\u00eet une croissance exponentielle.\" \/>\n<meta name=\"robots\" content=\"index, follow, max-snippet:-1, max-image-preview:large, max-video-preview:-1\" \/>\n<link rel=\"canonical\" href=\"https:\/\/www.forbes.be\/fr\/croissance-exponentielle-pour-la-societe-belge-yust-pourquoi-ce-concept-hotelier-fonctionne-t-il-si-bien\/\" \/>\n<meta property=\"og:locale\" content=\"fr_FR\" \/>\n<meta property=\"og:type\" content=\"article\" \/>\n<meta property=\"og:title\" content=\"Pourquoi le concept h\u00f4telier de YUST fonctionne-t-il si bien ? | Forbes Belgique\" \/>\n<meta property=\"og:description\" content=\"Le groupe belge YUST se porte bien : sous la direction de son PDG Louis Claes, l&#039;entreprise conna\u00eet une croissance exponentielle.\" \/>\n<meta property=\"og:url\" content=\"https:\/\/www.forbes.be\/fr\/croissance-exponentielle-pour-la-societe-belge-yust-pourquoi-ce-concept-hotelier-fonctionne-t-il-si-bien\/\" \/>\n<meta property=\"og:site_name\" content=\"Forbes Belgique\" \/>\n<meta property=\"article:publisher\" content=\"https:\/\/www.facebook.com\/forbesbelgique\/\" \/>\n<meta property=\"article:published_time\" content=\"2024-03-07T12:24:02+00:00\" \/>\n<meta property=\"og:image\" content=\"https:\/\/www.forbes.be\/fr\/wp-content\/uploads\/2024\/03\/yust-antwerpen.jpg\" \/>\n\t<meta property=\"og:image:width\" content=\"1200\" \/>\n\t<meta property=\"og:image:height\" content=\"800\" \/>\n\t<meta property=\"og:image:type\" content=\"image\/jpeg\" \/>\n<meta name=\"author\" content=\"Daphne Dorgelo\" \/>\n<meta name=\"twitter:card\" content=\"summary_large_image\" \/>\n<meta name=\"twitter:label1\" content=\"\u00c9crit par\" \/>\n\t<meta name=\"twitter:data1\" content=\"Daphne Dorgelo\" \/>\n\t<meta name=\"twitter:label2\" content=\"Dur\u00e9e de lecture estim\u00e9e\" \/>\n\t<meta name=\"twitter:data2\" content=\"4 minutes\" \/>\n<script type=\"application\/ld+json\" class=\"yoast-schema-graph\">{\"@context\":\"https:\\\/\\\/schema.org\",\"@graph\":[{\"@type\":\"NewsArticle\",\"@id\":\"https:\\\/\\\/www.forbes.be\\\/fr\\\/croissance-exponentielle-pour-la-societe-belge-yust-pourquoi-ce-concept-hotelier-fonctionne-t-il-si-bien\\\/#article\",\"isPartOf\":{\"@id\":\"https:\\\/\\\/www.forbes.be\\\/fr\\\/croissance-exponentielle-pour-la-societe-belge-yust-pourquoi-ce-concept-hotelier-fonctionne-t-il-si-bien\\\/\"},\"author\":{\"name\":\"Daphne Dorgelo\",\"@id\":\"https:\\\/\\\/www.forbes.be\\\/fr\\\/#\\\/schema\\\/person\\\/7d78f899f595d5e9c1eb19ffe4d36b83\"},\"headline\":\"Croissance exponentielle pour la soci\u00e9t\u00e9 belge YUST: pourquoi ce concept h\u00f4telier fonctionne-t-il si bien ?\",\"datePublished\":\"2024-03-07T12:24:02+00:00\",\"mainEntityOfPage\":{\"@id\":\"https:\\\/\\\/www.forbes.be\\\/fr\\\/croissance-exponentielle-pour-la-societe-belge-yust-pourquoi-ce-concept-hotelier-fonctionne-t-il-si-bien\\\/\"},\"wordCount\":624,\"publisher\":{\"@id\":\"https:\\\/\\\/www.forbes.be\\\/fr\\\/#organization\"},\"image\":{\"@id\":\"https:\\\/\\\/www.forbes.be\\\/fr\\\/croissance-exponentielle-pour-la-societe-belge-yust-pourquoi-ce-concept-hotelier-fonctionne-t-il-si-bien\\\/#primaryimage\"},\"thumbnailUrl\":\"https:\\\/\\\/www.forbes.be\\\/fr\\\/wp-content\\\/uploads\\\/2024\\\/03\\\/yust-antwerpen-e1710341928218.jpg\",\"articleSection\":[\"Innovation\"],\"inLanguage\":\"fr-FR\"},{\"@type\":\"WebPage\",\"@id\":\"https:\\\/\\\/www.forbes.be\\\/fr\\\/croissance-exponentielle-pour-la-societe-belge-yust-pourquoi-ce-concept-hotelier-fonctionne-t-il-si-bien\\\/\",\"url\":\"https:\\\/\\\/www.forbes.be\\\/fr\\\/croissance-exponentielle-pour-la-societe-belge-yust-pourquoi-ce-concept-hotelier-fonctionne-t-il-si-bien\\\/\",\"name\":\"Pourquoi le concept h\u00f4telier de YUST fonctionne-t-il si bien ? | Forbes Belgique\",\"isPartOf\":{\"@id\":\"https:\\\/\\\/www.forbes.be\\\/fr\\\/#website\"},\"primaryImageOfPage\":{\"@id\":\"https:\\\/\\\/www.forbes.be\\\/fr\\\/croissance-exponentielle-pour-la-societe-belge-yust-pourquoi-ce-concept-hotelier-fonctionne-t-il-si-bien\\\/#primaryimage\"},\"image\":{\"@id\":\"https:\\\/\\\/www.forbes.be\\\/fr\\\/croissance-exponentielle-pour-la-societe-belge-yust-pourquoi-ce-concept-hotelier-fonctionne-t-il-si-bien\\\/#primaryimage\"},\"thumbnailUrl\":\"https:\\\/\\\/www.forbes.be\\\/fr\\\/wp-content\\\/uploads\\\/2024\\\/03\\\/yust-antwerpen-e1710341928218.jpg\",\"datePublished\":\"2024-03-07T12:24:02+00:00\",\"description\":\"Le groupe belge YUST se porte bien : sous la direction de son PDG Louis Claes, l'entreprise conna\u00eet une croissance exponentielle.\",\"breadcrumb\":{\"@id\":\"https:\\\/\\\/www.forbes.be\\\/fr\\\/croissance-exponentielle-pour-la-societe-belge-yust-pourquoi-ce-concept-hotelier-fonctionne-t-il-si-bien\\\/#breadcrumb\"},\"inLanguage\":\"fr-FR\",\"potentialAction\":[{\"@type\":\"ReadAction\",\"target\":[\"https:\\\/\\\/www.forbes.be\\\/fr\\\/croissance-exponentielle-pour-la-societe-belge-yust-pourquoi-ce-concept-hotelier-fonctionne-t-il-si-bien\\\/\"]}]},{\"@type\":\"ImageObject\",\"inLanguage\":\"fr-FR\",\"@id\":\"https:\\\/\\\/www.forbes.be\\\/fr\\\/croissance-exponentielle-pour-la-societe-belge-yust-pourquoi-ce-concept-hotelier-fonctionne-t-il-si-bien\\\/#primaryimage\",\"url\":\"https:\\\/\\\/www.forbes.be\\\/fr\\\/wp-content\\\/uploads\\\/2024\\\/03\\\/yust-antwerpen-e1710341928218.jpg\",\"contentUrl\":\"https:\\\/\\\/www.forbes.be\\\/fr\\\/wp-content\\\/uploads\\\/2024\\\/03\\\/yust-antwerpen-e1710341928218.jpg\",\"width\":1200,\"height\":676,\"caption\":\"Yust h\u00f4tel Anvers\"},{\"@type\":\"BreadcrumbList\",\"@id\":\"https:\\\/\\\/www.forbes.be\\\/fr\\\/croissance-exponentielle-pour-la-societe-belge-yust-pourquoi-ce-concept-hotelier-fonctionne-t-il-si-bien\\\/#breadcrumb\",\"itemListElement\":[{\"@type\":\"ListItem\",\"position\":1,\"name\":\"Accueil\",\"item\":\"https:\\\/\\\/www.forbes.be\\\/fr\\\/\"},{\"@type\":\"ListItem\",\"position\":2,\"name\":\"Croissance exponentielle pour la soci\u00e9t\u00e9 belge YUST: pourquoi ce concept h\u00f4telier fonctionne-t-il si bien ?\"}]},{\"@type\":\"WebSite\",\"@id\":\"https:\\\/\\\/www.forbes.be\\\/fr\\\/#website\",\"url\":\"https:\\\/\\\/www.forbes.be\\\/fr\\\/\",\"name\":\"Forbes Belgique\",\"description\":\"\",\"publisher\":{\"@id\":\"https:\\\/\\\/www.forbes.be\\\/fr\\\/#organization\"},\"potentialAction\":[{\"@type\":\"SearchAction\",\"target\":{\"@type\":\"EntryPoint\",\"urlTemplate\":\"https:\\\/\\\/www.forbes.be\\\/fr\\\/?s={search_term_string}\"},\"query-input\":{\"@type\":\"PropertyValueSpecification\",\"valueRequired\":true,\"valueName\":\"search_term_string\"}}],\"inLanguage\":\"fr-FR\"},{\"@type\":\"Organization\",\"@id\":\"https:\\\/\\\/www.forbes.be\\\/fr\\\/#organization\",\"name\":\"Forbes Belgique\",\"url\":\"https:\\\/\\\/www.forbes.be\\\/fr\\\/\",\"logo\":{\"@type\":\"ImageObject\",\"inLanguage\":\"fr-FR\",\"@id\":\"https:\\\/\\\/www.forbes.be\\\/fr\\\/#\\\/schema\\\/logo\\\/image\\\/\",\"url\":\"https:\\\/\\\/www.forbes.be\\\/fr\\\/wp-content\\\/uploads\\\/2024\\\/02\\\/forbes.be_.png\",\"contentUrl\":\"https:\\\/\\\/www.forbes.be\\\/fr\\\/wp-content\\\/uploads\\\/2024\\\/02\\\/forbes.be_.png\",\"width\":1200,\"height\":675,\"caption\":\"Forbes Belgique\"},\"image\":{\"@id\":\"https:\\\/\\\/www.forbes.be\\\/fr\\\/#\\\/schema\\\/logo\\\/image\\\/\"},\"sameAs\":[\"https:\\\/\\\/www.facebook.com\\\/forbesbelgique\\\/\",\"https:\\\/\\\/www.instagram.com\\\/Forbes_Belgium\",\"https:\\\/\\\/www.linkedin.com\\\/company\\\/forbes-belgium\\\/\"]},{\"@type\":\"Person\",\"@id\":\"https:\\\/\\\/www.forbes.be\\\/fr\\\/#\\\/schema\\\/person\\\/7d78f899f595d5e9c1eb19ffe4d36b83\",\"name\":\"Daphne Dorgelo\",\"image\":{\"@type\":\"ImageObject\",\"inLanguage\":\"fr-FR\",\"@id\":\"https:\\\/\\\/www.forbes.be\\\/fr\\\/wp-content\\\/uploads\\\/2024\\\/01\\\/4B1A6779-2-scaled-e1704882544546-150x150.jpg\",\"url\":\"https:\\\/\\\/www.forbes.be\\\/fr\\\/wp-content\\\/uploads\\\/2024\\\/01\\\/4B1A6779-2-scaled-e1704882544546-150x150.jpg\",\"contentUrl\":\"https:\\\/\\\/www.forbes.be\\\/fr\\\/wp-content\\\/uploads\\\/2024\\\/01\\\/4B1A6779-2-scaled-e1704882544546-150x150.jpg\",\"caption\":\"Daphne Dorgelo\"},\"description\":\"Daphne Dorgelo (1996) travaille chaque semaine pour Forbes, o\u00f9 elle r\u00e9dige des articles sur le style de vie luxueux, le leadership, l'innovation, les tendances et, bien s\u00fbr, les entrepreneurs belges inspirants. Sa passion pour le journalisme et les m\u00e9dias s'est manifest\u00e9e d\u00e8s son plus jeune \u00e2ge. Apr\u00e8s avoir obtenu une licence en information aux Pays-Bas, elle s'est install\u00e9e dans la ville belge du diamant il y a six ans, apr\u00e8s avoir obtenu un master en journalisme \u00e0 la KU Leuven d'Anvers. Cela fait maintenant huit ans qu'elle \u00e9crit en tant que pigiste pour divers magazines, dont quatre ans pour des magazines de style de vie belges tels que L'OFFICIEL, Fifty &amp; Me et ELLE.\",\"url\":\"https:\\\/\\\/www.forbes.be\\\/fr\\\/author\\\/daphne-dorgelolofficiel-be\\\/\"}]}<\/script>\n<!-- \/ Yoast SEO plugin. -->","yoast_head_json":{"title":"Pourquoi le concept h\u00f4telier de YUST fonctionne-t-il si bien ? | Forbes Belgique","description":"Le groupe belge YUST se porte bien : sous la direction de son PDG Louis Claes, l'entreprise conna\u00eet une croissance exponentielle.","robots":{"index":"index","follow":"follow","max-snippet":"max-snippet:-1","max-image-preview":"max-image-preview:large","max-video-preview":"max-video-preview:-1"},"canonical":"https:\/\/www.forbes.be\/fr\/croissance-exponentielle-pour-la-societe-belge-yust-pourquoi-ce-concept-hotelier-fonctionne-t-il-si-bien\/","og_locale":"fr_FR","og_type":"article","og_title":"Pourquoi le concept h\u00f4telier de YUST fonctionne-t-il si bien ? | Forbes Belgique","og_description":"Le groupe belge YUST se porte bien : sous la direction de son PDG Louis Claes, l'entreprise conna\u00eet une croissance exponentielle.","og_url":"https:\/\/www.forbes.be\/fr\/croissance-exponentielle-pour-la-societe-belge-yust-pourquoi-ce-concept-hotelier-fonctionne-t-il-si-bien\/","og_site_name":"Forbes Belgique","article_publisher":"https:\/\/www.facebook.com\/forbesbelgique\/","article_published_time":"2024-03-07T12:24:02+00:00","og_image":[{"width":1200,"height":800,"url":"https:\/\/www.forbes.be\/fr\/wp-content\/uploads\/2024\/03\/yust-antwerpen.jpg","type":"image\/jpeg"}],"author":"Daphne Dorgelo","twitter_card":"summary_large_image","twitter_misc":{"\u00c9crit par":"Daphne Dorgelo","Dur\u00e9e de lecture estim\u00e9e":"4 minutes"},"schema":{"@context":"https:\/\/schema.org","@graph":[{"@type":"NewsArticle","@id":"https:\/\/www.forbes.be\/fr\/croissance-exponentielle-pour-la-societe-belge-yust-pourquoi-ce-concept-hotelier-fonctionne-t-il-si-bien\/#article","isPartOf":{"@id":"https:\/\/www.forbes.be\/fr\/croissance-exponentielle-pour-la-societe-belge-yust-pourquoi-ce-concept-hotelier-fonctionne-t-il-si-bien\/"},"author":{"name":"Daphne Dorgelo","@id":"https:\/\/www.forbes.be\/fr\/#\/schema\/person\/7d78f899f595d5e9c1eb19ffe4d36b83"},"headline":"Croissance exponentielle pour la soci\u00e9t\u00e9 belge YUST: pourquoi ce concept h\u00f4telier fonctionne-t-il si bien ?","datePublished":"2024-03-07T12:24:02+00:00","mainEntityOfPage":{"@id":"https:\/\/www.forbes.be\/fr\/croissance-exponentielle-pour-la-societe-belge-yust-pourquoi-ce-concept-hotelier-fonctionne-t-il-si-bien\/"},"wordCount":624,"publisher":{"@id":"https:\/\/www.forbes.be\/fr\/#organization"},"image":{"@id":"https:\/\/www.forbes.be\/fr\/croissance-exponentielle-pour-la-societe-belge-yust-pourquoi-ce-concept-hotelier-fonctionne-t-il-si-bien\/#primaryimage"},"thumbnailUrl":"https:\/\/www.forbes.be\/fr\/wp-content\/uploads\/2024\/03\/yust-antwerpen-e1710341928218.jpg","articleSection":["Innovation"],"inLanguage":"fr-FR"},{"@type":"WebPage","@id":"https:\/\/www.forbes.be\/fr\/croissance-exponentielle-pour-la-societe-belge-yust-pourquoi-ce-concept-hotelier-fonctionne-t-il-si-bien\/","url":"https:\/\/www.forbes.be\/fr\/croissance-exponentielle-pour-la-societe-belge-yust-pourquoi-ce-concept-hotelier-fonctionne-t-il-si-bien\/","name":"Pourquoi le concept h\u00f4telier de YUST fonctionne-t-il si bien ? | Forbes Belgique","isPartOf":{"@id":"https:\/\/www.forbes.be\/fr\/#website"},"primaryImageOfPage":{"@id":"https:\/\/www.forbes.be\/fr\/croissance-exponentielle-pour-la-societe-belge-yust-pourquoi-ce-concept-hotelier-fonctionne-t-il-si-bien\/#primaryimage"},"image":{"@id":"https:\/\/www.forbes.be\/fr\/croissance-exponentielle-pour-la-societe-belge-yust-pourquoi-ce-concept-hotelier-fonctionne-t-il-si-bien\/#primaryimage"},"thumbnailUrl":"https:\/\/www.forbes.be\/fr\/wp-content\/uploads\/2024\/03\/yust-antwerpen-e1710341928218.jpg","datePublished":"2024-03-07T12:24:02+00:00","description":"Le groupe belge YUST se porte bien : sous la direction de son PDG Louis Claes, l'entreprise conna\u00eet une croissance exponentielle.","breadcrumb":{"@id":"https:\/\/www.forbes.be\/fr\/croissance-exponentielle-pour-la-societe-belge-yust-pourquoi-ce-concept-hotelier-fonctionne-t-il-si-bien\/#breadcrumb"},"inLanguage":"fr-FR","potentialAction":[{"@type":"ReadAction","target":["https:\/\/www.forbes.be\/fr\/croissance-exponentielle-pour-la-societe-belge-yust-pourquoi-ce-concept-hotelier-fonctionne-t-il-si-bien\/"]}]},{"@type":"ImageObject","inLanguage":"fr-FR","@id":"https:\/\/www.forbes.be\/fr\/croissance-exponentielle-pour-la-societe-belge-yust-pourquoi-ce-concept-hotelier-fonctionne-t-il-si-bien\/#primaryimage","url":"https:\/\/www.forbes.be\/fr\/wp-content\/uploads\/2024\/03\/yust-antwerpen-e1710341928218.jpg","contentUrl":"https:\/\/www.forbes.be\/fr\/wp-content\/uploads\/2024\/03\/yust-antwerpen-e1710341928218.jpg","width":1200,"height":676,"caption":"Yust h\u00f4tel Anvers"},{"@type":"BreadcrumbList","@id":"https:\/\/www.forbes.be\/fr\/croissance-exponentielle-pour-la-societe-belge-yust-pourquoi-ce-concept-hotelier-fonctionne-t-il-si-bien\/#breadcrumb","itemListElement":[{"@type":"ListItem","position":1,"name":"Accueil","item":"https:\/\/www.forbes.be\/fr\/"},{"@type":"ListItem","position":2,"name":"Croissance exponentielle pour la soci\u00e9t\u00e9 belge YUST: pourquoi ce concept h\u00f4telier fonctionne-t-il si bien ?"}]},{"@type":"WebSite","@id":"https:\/\/www.forbes.be\/fr\/#website","url":"https:\/\/www.forbes.be\/fr\/","name":"Forbes Belgique","description":"","publisher":{"@id":"https:\/\/www.forbes.be\/fr\/#organization"},"potentialAction":[{"@type":"SearchAction","target":{"@type":"EntryPoint","urlTemplate":"https:\/\/www.forbes.be\/fr\/?s={search_term_string}"},"query-input":{"@type":"PropertyValueSpecification","valueRequired":true,"valueName":"search_term_string"}}],"inLanguage":"fr-FR"},{"@type":"Organization","@id":"https:\/\/www.forbes.be\/fr\/#organization","name":"Forbes Belgique","url":"https:\/\/www.forbes.be\/fr\/","logo":{"@type":"ImageObject","inLanguage":"fr-FR","@id":"https:\/\/www.forbes.be\/fr\/#\/schema\/logo\/image\/","url":"https:\/\/www.forbes.be\/fr\/wp-content\/uploads\/2024\/02\/forbes.be_.png","contentUrl":"https:\/\/www.forbes.be\/fr\/wp-content\/uploads\/2024\/02\/forbes.be_.png","width":1200,"height":675,"caption":"Forbes Belgique"},"image":{"@id":"https:\/\/www.forbes.be\/fr\/#\/schema\/logo\/image\/"},"sameAs":["https:\/\/www.facebook.com\/forbesbelgique\/","https:\/\/www.instagram.com\/Forbes_Belgium","https:\/\/www.linkedin.com\/company\/forbes-belgium\/"]},{"@type":"Person","@id":"https:\/\/www.forbes.be\/fr\/#\/schema\/person\/7d78f899f595d5e9c1eb19ffe4d36b83","name":"Daphne Dorgelo","image":{"@type":"ImageObject","inLanguage":"fr-FR","@id":"https:\/\/www.forbes.be\/fr\/wp-content\/uploads\/2024\/01\/4B1A6779-2-scaled-e1704882544546-150x150.jpg","url":"https:\/\/www.forbes.be\/fr\/wp-content\/uploads\/2024\/01\/4B1A6779-2-scaled-e1704882544546-150x150.jpg","contentUrl":"https:\/\/www.forbes.be\/fr\/wp-content\/uploads\/2024\/01\/4B1A6779-2-scaled-e1704882544546-150x150.jpg","caption":"Daphne Dorgelo"},"description":"Daphne Dorgelo (1996) travaille chaque semaine pour Forbes, o\u00f9 elle r\u00e9dige des articles sur le style de vie luxueux, le leadership, l'innovation, les tendances et, bien s\u00fbr, les entrepreneurs belges inspirants. Sa passion pour le journalisme et les m\u00e9dias s'est manifest\u00e9e d\u00e8s son plus jeune \u00e2ge. Apr\u00e8s avoir obtenu une licence en information aux Pays-Bas, elle s'est install\u00e9e dans la ville belge du diamant il y a six ans, apr\u00e8s avoir obtenu un master en journalisme \u00e0 la KU Leuven d'Anvers. Cela fait maintenant huit ans qu'elle \u00e9crit en tant que pigiste pour divers magazines, dont quatre ans pour des magazines de style de vie belges tels que L'OFFICIEL, Fifty &amp; Me et ELLE.","url":"https:\/\/www.forbes.be\/fr\/author\/daphne-dorgelolofficiel-be\/"}]}},"_links":{"self":[{"href":"https:\/\/www.forbes.be\/fr\/wp-json\/wp\/v2\/posts\/1562","targetHints":{"allow":["GET"]}}],"collection":[{"href":"https:\/\/www.forbes.be\/fr\/wp-json\/wp\/v2\/posts"}],"about":[{"href":"https:\/\/www.forbes.be\/fr\/wp-json\/wp\/v2\/types\/post"}],"author":[{"embeddable":true,"href":"https:\/\/www.forbes.be\/fr\/wp-json\/wp\/v2\/users\/13"}],"replies":[{"embeddable":true,"href":"https:\/\/www.forbes.be\/fr\/wp-json\/wp\/v2\/comments?post=1562"}],"version-history":[{"count":8,"href":"https:\/\/www.forbes.be\/fr\/wp-json\/wp\/v2\/posts\/1562\/revisions"}],"predecessor-version":[{"id":1579,"href":"https:\/\/www.forbes.be\/fr\/wp-json\/wp\/v2\/posts\/1562\/revisions\/1579"}],"wp:featuredmedia":[{"embeddable":true,"href":"https:\/\/www.forbes.be\/fr\/wp-json\/wp\/v2\/media\/1574"}],"wp:attachment":[{"href":"https:\/\/www.forbes.be\/fr\/wp-json\/wp\/v2\/media?parent=1562"}],"wp:term":[{"taxonomy":"category","embeddable":true,"href":"https:\/\/www.forbes.be\/fr\/wp-json\/wp\/v2\/categories?post=1562"},{"taxonomy":"post_tag","embeddable":true,"href":"https:\/\/www.forbes.be\/fr\/wp-json\/wp\/v2\/tags?post=1562"}],"curies":[{"name":"wp","href":"https:\/\/api.w.org\/{rel}","templated":true}]}}