{"id":15720,"date":"2026-03-03T14:49:53","date_gmt":"2026-03-03T13:49:53","guid":{"rendered":"https:\/\/www.forbes.be\/fr\/?p=15720"},"modified":"2026-03-03T14:49:53","modified_gmt":"2026-03-03T13:49:53","slug":"syensqo-heike-van-de-kerkhof-succede-a-rosemary-thorne-a-la-presidence-du-conseil-dadministration","status":"publish","type":"post","link":"https:\/\/www.forbes.be\/fr\/syensqo-heike-van-de-kerkhof-succede-a-rosemary-thorne-a-la-presidence-du-conseil-dadministration\/","title":{"rendered":"Syensqo : Heike van de Kerkhof succ\u00e8de \u00e0 Rosemary Thorne \u00e0 la pr\u00e9sidence du conseil d\u2019administration"},"content":{"rendered":"<p><strong>Le groupe belge de chimie de sp\u00e9cialit\u00e9 Syensqo a annonc\u00e9 ce 3 mars 2026 la nomination de Heike van de Kerkhof en tant que pr\u00e9sidente ind\u00e9pendante de son conseil d\u2019administration, avec effet imm\u00e9diat. L\u2019ancienne directrice g\u00e9n\u00e9rale d\u2019Archroma succ\u00e8de \u00e0 Rosemary Thorne, qui quittera d\u00e9finitivement le conseil le 31 mars. Ce changement \u00e0 la t\u00eate de l\u2019organe de gouvernance s\u2019inscrit dans une recomposition plus large du board, \u00e0 un moment critique pour l\u2019entreprise, confront\u00e9e \u00e0 des r\u00e9sultats 2025 d\u00e9cevants et \u00e0 un effondrement boursier de plus de 30%.<\/strong><\/p>\n<p><strong>Heike van de Kerkhof<\/strong> prend la pr\u00e9sidence du <strong>conseil d\u2019administration<\/strong> de <strong>Syensqo<\/strong> \u00e0 compter du 3 mars 2026, selon le communiqu\u00e9 publi\u00e9 par la soci\u00e9t\u00e9. Elle remplace <strong>Rosemary Thorne<\/strong>, qui quitte ses fonctions de pr\u00e9sidente avec effet imm\u00e9diat et d\u00e9missionnera de son mandat d\u2019administratrice ind\u00e9pendante le 31 mars 2026, \u00ab <em>afin d\u2019assurer un passage de relais en douceur<\/em> \u00bb, pr\u00e9cise <strong>Syensqo<\/strong>.<\/p>\n<p>La nouvelle pr\u00e9sidente si\u00e9geait d\u00e9j\u00e0 au conseil depuis d\u00e9cembre 2023, date de la cr\u00e9ation de <strong>Syensqo<\/strong> \u00e0 la suite de la scission de <strong>Solvay<\/strong>. Elle y pr\u00e9sidait le Comit\u00e9 des nominations. Le communiqu\u00e9 ne pr\u00e9cise pas les raisons du d\u00e9part de <strong>Rosemary Thorne<\/strong>, se limitant \u00e0 remercier cette derni\u00e8re \u00ab <em>pour son <\/em>leadership<em> et son engagement dans l\u2019accompagnement de la Soci\u00e9t\u00e9 au cours d\u2019une phase charni\u00e8re de son d\u00e9veloppement.<\/em> \u00bb<\/p>\n<h2>Heike van de Kerkhof : trente ans dans la chimie<\/h2>\n<p>De nationalit\u00e9 allemande et bas\u00e9e en Suisse, <strong>Heike van de Kerkhof<\/strong> est une dirigeante au parcours ancr\u00e9 dans l\u2019<strong>industrie chimique mondiale<\/strong>. Elle cumule plus de trente ans d\u2019exp\u00e9rience dans les secteurs des produits chimiques de sp\u00e9cialit\u00e9, des mat\u00e9riaux et de l\u2019\u00e9nergie, selon <strong>Syensqo<\/strong>.<\/p>\n<p>Sa carri\u00e8re a d\u00e9but\u00e9 chez DuPont en 1989, avant des fonctions de direction chez Chemours, BP et Castrol. De 2020 \u00e0 2023, elle a occup\u00e9 le poste de directrice g\u00e9n\u00e9rale (CEO) d\u2019Archroma, entreprise suisse sp\u00e9cialis\u00e9e dans la chimie textile. \u00c0 ce titre, elle a pilot\u00e9 une transformation ax\u00e9e sur la performance et le d\u00e9veloppement durable, incluant l\u2019acquisition de l\u2019activit\u00e9 Textile Effects de Huntsman.<\/p>\n<p>Elle a par ailleurs si\u00e9g\u00e9 aux conseils d\u2019administration de plusieurs groupes industriels cot\u00e9s : Neste (\u00e9nergies renouvelables, Helsinki), OCI N.V. (chimie, Amsterdam) et Goodpack (logistique). Ce profil, combinant exp\u00e9rience op\u00e9rationnelle de CEO et mandats de gouvernance, constitue l\u2019argument principal avanc\u00e9 par <strong>Syensqo<\/strong> pour justifier cette nomination.<\/p>\n<h2>D\u00e9part de Roeland Baan, arriv\u00e9e de Miguel Mantas<\/h2>\n<p>Syensqo a \u00e9galement annonc\u00e9 aujourd&rsquo;hui le d\u00e9part de l\u2019administrateur ind\u00e9pendant <strong>Roeland Baan<\/strong>, effectif depuis le 2 mars 2026, \u00ab<em> pour des raisons personnelles<\/em> \u00bb. Il si\u00e9geait aux comit\u00e9s ESG et Audit et Risques. Le communiqu\u00e9 ne d\u00e9taille pas davantage les circonstances de ce d\u00e9part.<\/p>\n<p>En parall\u00e8le, <strong>Miguel Mantas<\/strong>, ancien directeur g\u00e9n\u00e9ral d\u2019Allnex (r\u00e9sines et rev\u00eatements), rejoint le conseil en tant qu\u2019administrateur ind\u00e9pendant. <strong>Syensqo<\/strong> met en avant son exp\u00e9rience de CEO \u00ab <em>dans la conduite de la croissance, la transformation de portefeuille et des op\u00e9rations complexes transfrontali\u00e8res<\/em> \u00bb, ainsi qu\u2019un leadership \u00e9prouv\u00e9 en Europe, en Asie et en Am\u00e9rique latine.<\/p>\n<p>Le Comit\u00e9 des nominations recherchera par ailleurs, dans les mois \u00e0 venir, au moins un administrateur ind\u00e9pendant suppl\u00e9mentaire, dans l\u2019objectif de maintenir une majorit\u00e9 d\u2019ind\u00e9pendants au sein des principaux comit\u00e9s.<\/p>\n<h2>Un renouvellement de gouvernance en pleine zone de turbulences<\/h2>\n<p>Cette recomposition du conseil intervient dans un contexte particuli\u00e8rement tendu pour <strong>Syensqo<\/strong>. Les r\u00e9sultats annuels 2025, publi\u00e9s le 26 f\u00e9vrier 2026, ont r\u00e9v\u00e9l\u00e9 un chiffre d\u2019affaires en recul de 6,5% \u00e0 6,14 milliards d\u2019euros, un EBITDA sous-jacent en baisse de 14,3% \u00e0 1,21 milliard, et un r\u00e9sultat net sous-jacent en chute de 31%. En normes IFRS, l\u2019exercice se cl\u00f4ture dans le rouge pour la deuxi\u00e8me ann\u00e9e cons\u00e9cutive.<\/p>\n<p>La r\u00e9action du march\u00e9 a \u00e9t\u00e9 brutale : l\u2019action a plong\u00e9 de plus de 30% en quelques s\u00e9ances, tombant sous les 50 euros, contre environ 78 euros avant la publication. La capitalisation boursi\u00e8re est pass\u00e9e sous la barre des 5 milliards d\u2019euros. La guidance 2026, fix\u00e9e \u00e0 environ 1,1 milliard d\u2019euros d\u2019EBITDA, se situe quelque 15 % sous le consensus des analystes.<\/p>\n<p>Ce renouvellement suit de pr\u00e8s <a href=\"https:\/\/www.forbes.be\/fr\/mike-radossich-nomme-ceo-de-syensqo-une-nouvelle-ere-souvre-pour-la-chimie-de-specialite-belge\/\" target=\"_blank\" rel=\"noopener\">la prise de fonctions de <strong>Mike Radossich<\/strong> comme directeur g\u00e9n\u00e9ral, le 1er janvier 2026<\/a>. V\u00e9t\u00e9ran de <strong>Solvay\/Syensqo<\/strong> depuis plus de trente ans, il a affich\u00e9 un cap centr\u00e9 sur \u00ab <em>l\u2019ex\u00e9cution disciplin\u00e9e, l\u2019excellence op\u00e9rationnelle et l\u2019acc\u00e9l\u00e9ration de la cr\u00e9ation de valeur<\/em> \u00bb.<\/p>\n<h2>Ce que ce changement signale<\/h2>\n<p>En nommant \u00e0 sa pr\u00e9sidence une dirigeante au profil op\u00e9rationnel (ancienne CEO, exp\u00e9rience de transformation industrielle, connaissance des cha\u00eenes de valeur chimiques), <strong>Syensqo<\/strong> envoie un signal de continuit\u00e9 avec le virage \u00ab\u00a0ex\u00e9cution\u00a0\u00bb incarn\u00e9 par <strong>Mike Radossich<\/strong>. <strong>Heike van de Kerkhof<\/strong> conna\u00eet le conseil de l\u2019int\u00e9rieur depuis deux ans et a pilot\u00e9 le processus de nomination du nouveau CEO en tant que pr\u00e9sidente du Comit\u00e9 des nominations.<\/p>\n<p>Reste \u00e0 observer comment ce nouveau tandem pr\u00e9sidente-CEO fonctionnera dans un contexte o\u00f9 les attentes des actionnaires sont \u00e9lev\u00e9es et la marge de man\u0153uvre, \u00e9troite. <strong>Syensqo<\/strong> d\u00e9ploie un plan d\u2019\u00e9conomies de plus de 200 millions d\u2019euros, poursuit le recentrage de son portefeuille (cession d\u2019Oil &amp; Gas finalis\u00e9e en janvier 2026, Aroma Performance en cours de cession), et fait face \u00e0 des d\u00e9fis r\u00e9glementaires li\u00e9s aux PFAS et \u00e0 un environnement macro\u00e9conomique incertain.<\/p>\n<p>Le recrutement annonc\u00e9 d\u2019au moins un administrateur suppl\u00e9mentaire confirme que la recomposition du <em>board<\/em> n\u2019est pas termin\u00e9e. La capacit\u00e9 de ce conseil renouvel\u00e9 \u00e0 accompagner la transformation op\u00e9rationnelle tout en maintenant des standards de gouvernance exigeants sera scrut\u00e9e par le march\u00e9.<\/p>\n","protected":false},"excerpt":{"rendered":"<p>Le groupe belge de chimie de sp\u00e9cialit\u00e9 Syensqo a annonc\u00e9 ce 3 mars 2026 la nomination de Heike van de Kerkhof en tant que pr\u00e9sidente ind\u00e9pendante de son conseil d\u2019administration, avec effet imm\u00e9diat. L\u2019ancienne directrice g\u00e9n\u00e9rale d\u2019Archroma succ\u00e8de \u00e0 Rosemary Thorne, qui quittera d\u00e9finitivement le conseil le 31 mars. Ce changement \u00e0 la t\u00eate de [&hellip;]<\/p>\n","protected":false},"author":47,"featured_media":15721,"comment_status":"closed","ping_status":"closed","sticky":false,"template":"","format":"standard","meta":{"_acf_changed":false,"inline_featured_image":false,"footnotes":""},"categories":[1,75,22,15],"tags":[],"class_list":{"0":"post-15720","1":"post","2":"type-post","3":"status-publish","4":"format-standard","5":"has-post-thumbnail","7":"category-actualite","8":"category-entreprise","9":"category-femmes-forbes","10":"category-leadership"},"acf":[],"_yoast_wpseo_title":null,"_yoast_wpseo_metadesc":"Syensqo nomme Heike van de Kerkhof pr\u00e9sidente du CA. L\u2019ancienne CEO d\u2019Archroma succ\u00e8de \u00e0 Rosemary Thorne dans un contexte de renouvellement de la gouvernance du chimiste belge.","auteur_traducteur":"","yoast_head":"<!-- This site is optimized with the Yoast SEO plugin v27.4 - https:\/\/yoast.com\/product\/yoast-seo-wordpress\/ -->\n<title>Syensqo : Heike van de Kerkhof succ\u00e8de \u00e0 Rosemary Thorne \u00e0 la pr\u00e9sidence du conseil d\u2019administration | Forbes Belgique<\/title>\n<meta name=\"description\" content=\"Syensqo nomme Heike van de Kerkhof pr\u00e9sidente du CA. L\u2019ancienne CEO d\u2019Archroma succ\u00e8de \u00e0 Rosemary Thorne dans un contexte de renouvellement de la gouvernance du chimiste belge.\" \/>\n<meta name=\"robots\" content=\"index, follow, max-snippet:-1, max-image-preview:large, max-video-preview:-1\" \/>\n<link rel=\"canonical\" href=\"https:\/\/www.forbes.be\/fr\/syensqo-heike-van-de-kerkhof-succede-a-rosemary-thorne-a-la-presidence-du-conseil-dadministration\/\" \/>\n<meta property=\"og:locale\" content=\"fr_FR\" \/>\n<meta property=\"og:type\" content=\"article\" \/>\n<meta property=\"og:title\" content=\"Syensqo : Heike van de Kerkhof succ\u00e8de \u00e0 Rosemary Thorne \u00e0 la pr\u00e9sidence du conseil d\u2019administration | Forbes Belgique\" \/>\n<meta property=\"og:description\" content=\"Syensqo nomme Heike van de Kerkhof pr\u00e9sidente du CA. L\u2019ancienne CEO d\u2019Archroma succ\u00e8de \u00e0 Rosemary Thorne dans un contexte de renouvellement de la gouvernance du chimiste belge.\" \/>\n<meta property=\"og:url\" content=\"https:\/\/www.forbes.be\/fr\/syensqo-heike-van-de-kerkhof-succede-a-rosemary-thorne-a-la-presidence-du-conseil-dadministration\/\" \/>\n<meta property=\"og:site_name\" content=\"Forbes Belgique\" \/>\n<meta property=\"article:publisher\" content=\"https:\/\/www.facebook.com\/forbesbelgique\/\" \/>\n<meta property=\"article:published_time\" content=\"2026-03-03T13:49:53+00:00\" \/>\n<meta property=\"og:image\" content=\"https:\/\/www.forbes.be\/fr\/wp-content\/uploads\/2026\/03\/syensqo-headquarters-haren-explorer-site-wwwphotolorentbeinfophotolorentbe-0479-269227syensqo-laurent-vankrinkelen-scaled-e1772545691533.jpg\" \/>\n\t<meta property=\"og:image:width\" content=\"2560\" \/>\n\t<meta property=\"og:image:height\" content=\"1340\" \/>\n\t<meta property=\"og:image:type\" content=\"image\/jpeg\" \/>\n<meta name=\"author\" content=\"Martin Boonen\" \/>\n<meta name=\"twitter:card\" content=\"summary_large_image\" \/>\n<meta name=\"twitter:label1\" content=\"\u00c9crit par\" \/>\n\t<meta name=\"twitter:data1\" content=\"Martin Boonen\" \/>\n\t<meta name=\"twitter:label2\" content=\"Dur\u00e9e de lecture estim\u00e9e\" \/>\n\t<meta name=\"twitter:data2\" content=\"5 minutes\" \/>\n<script type=\"application\/ld+json\" class=\"yoast-schema-graph\">{\"@context\":\"https:\\\/\\\/schema.org\",\"@graph\":[{\"@type\":\"NewsArticle\",\"@id\":\"https:\\\/\\\/www.forbes.be\\\/fr\\\/syensqo-heike-van-de-kerkhof-succede-a-rosemary-thorne-a-la-presidence-du-conseil-dadministration\\\/#article\",\"isPartOf\":{\"@id\":\"https:\\\/\\\/www.forbes.be\\\/fr\\\/syensqo-heike-van-de-kerkhof-succede-a-rosemary-thorne-a-la-presidence-du-conseil-dadministration\\\/\"},\"author\":{\"name\":\"Martin Boonen\",\"@id\":\"https:\\\/\\\/www.forbes.be\\\/fr\\\/#\\\/schema\\\/person\\\/5e9af5383f8e0ffec564788f40ac92c8\"},\"headline\":\"Syensqo : Heike van de Kerkhof succ\u00e8de \u00e0 Rosemary Thorne \u00e0 la pr\u00e9sidence du conseil d\u2019administration\",\"datePublished\":\"2026-03-03T13:49:53+00:00\",\"mainEntityOfPage\":{\"@id\":\"https:\\\/\\\/www.forbes.be\\\/fr\\\/syensqo-heike-van-de-kerkhof-succede-a-rosemary-thorne-a-la-presidence-du-conseil-dadministration\\\/\"},\"wordCount\":996,\"publisher\":{\"@id\":\"https:\\\/\\\/www.forbes.be\\\/fr\\\/#organization\"},\"image\":{\"@id\":\"https:\\\/\\\/www.forbes.be\\\/fr\\\/syensqo-heike-van-de-kerkhof-succede-a-rosemary-thorne-a-la-presidence-du-conseil-dadministration\\\/#primaryimage\"},\"thumbnailUrl\":\"https:\\\/\\\/www.forbes.be\\\/fr\\\/wp-content\\\/uploads\\\/2026\\\/03\\\/syensqo-headquarters-haren-explorer-site-wwwphotolorentbeinfophotolorentbe-0479-269227syensqo-laurent-vankrinkelen-scaled-e1772545691533.jpg\",\"articleSection\":[\"Actualit\u00e9s\",\"Entreprise\",\"Femmes Forbes\",\"Leadership\"],\"inLanguage\":\"fr-FR\"},{\"@type\":\"WebPage\",\"@id\":\"https:\\\/\\\/www.forbes.be\\\/fr\\\/syensqo-heike-van-de-kerkhof-succede-a-rosemary-thorne-a-la-presidence-du-conseil-dadministration\\\/\",\"url\":\"https:\\\/\\\/www.forbes.be\\\/fr\\\/syensqo-heike-van-de-kerkhof-succede-a-rosemary-thorne-a-la-presidence-du-conseil-dadministration\\\/\",\"name\":\"Syensqo : Heike van de Kerkhof succ\u00e8de \u00e0 Rosemary Thorne \u00e0 la pr\u00e9sidence du conseil d\u2019administration | Forbes Belgique\",\"isPartOf\":{\"@id\":\"https:\\\/\\\/www.forbes.be\\\/fr\\\/#website\"},\"primaryImageOfPage\":{\"@id\":\"https:\\\/\\\/www.forbes.be\\\/fr\\\/syensqo-heike-van-de-kerkhof-succede-a-rosemary-thorne-a-la-presidence-du-conseil-dadministration\\\/#primaryimage\"},\"image\":{\"@id\":\"https:\\\/\\\/www.forbes.be\\\/fr\\\/syensqo-heike-van-de-kerkhof-succede-a-rosemary-thorne-a-la-presidence-du-conseil-dadministration\\\/#primaryimage\"},\"thumbnailUrl\":\"https:\\\/\\\/www.forbes.be\\\/fr\\\/wp-content\\\/uploads\\\/2026\\\/03\\\/syensqo-headquarters-haren-explorer-site-wwwphotolorentbeinfophotolorentbe-0479-269227syensqo-laurent-vankrinkelen-scaled-e1772545691533.jpg\",\"datePublished\":\"2026-03-03T13:49:53+00:00\",\"description\":\"Syensqo nomme Heike van de Kerkhof pr\u00e9sidente du CA. L\u2019ancienne CEO d\u2019Archroma succ\u00e8de \u00e0 Rosemary Thorne dans un contexte de renouvellement de la gouvernance du chimiste belge.\",\"breadcrumb\":{\"@id\":\"https:\\\/\\\/www.forbes.be\\\/fr\\\/syensqo-heike-van-de-kerkhof-succede-a-rosemary-thorne-a-la-presidence-du-conseil-dadministration\\\/#breadcrumb\"},\"inLanguage\":\"fr-FR\",\"potentialAction\":[{\"@type\":\"ReadAction\",\"target\":[\"https:\\\/\\\/www.forbes.be\\\/fr\\\/syensqo-heike-van-de-kerkhof-succede-a-rosemary-thorne-a-la-presidence-du-conseil-dadministration\\\/\"]}]},{\"@type\":\"ImageObject\",\"inLanguage\":\"fr-FR\",\"@id\":\"https:\\\/\\\/www.forbes.be\\\/fr\\\/syensqo-heike-van-de-kerkhof-succede-a-rosemary-thorne-a-la-presidence-du-conseil-dadministration\\\/#primaryimage\",\"url\":\"https:\\\/\\\/www.forbes.be\\\/fr\\\/wp-content\\\/uploads\\\/2026\\\/03\\\/syensqo-headquarters-haren-explorer-site-wwwphotolorentbeinfophotolorentbe-0479-269227syensqo-laurent-vankrinkelen-scaled-e1772545691533.jpg\",\"contentUrl\":\"https:\\\/\\\/www.forbes.be\\\/fr\\\/wp-content\\\/uploads\\\/2026\\\/03\\\/syensqo-headquarters-haren-explorer-site-wwwphotolorentbeinfophotolorentbe-0479-269227syensqo-laurent-vankrinkelen-scaled-e1772545691533.jpg\",\"width\":2560,\"height\":1340},{\"@type\":\"BreadcrumbList\",\"@id\":\"https:\\\/\\\/www.forbes.be\\\/fr\\\/syensqo-heike-van-de-kerkhof-succede-a-rosemary-thorne-a-la-presidence-du-conseil-dadministration\\\/#breadcrumb\",\"itemListElement\":[{\"@type\":\"ListItem\",\"position\":1,\"name\":\"Accueil\",\"item\":\"https:\\\/\\\/www.forbes.be\\\/fr\\\/\"},{\"@type\":\"ListItem\",\"position\":2,\"name\":\"Syensqo : Heike van de Kerkhof succ\u00e8de \u00e0 Rosemary Thorne \u00e0 la pr\u00e9sidence du conseil d\u2019administration\"}]},{\"@type\":\"WebSite\",\"@id\":\"https:\\\/\\\/www.forbes.be\\\/fr\\\/#website\",\"url\":\"https:\\\/\\\/www.forbes.be\\\/fr\\\/\",\"name\":\"Forbes Belgique\",\"description\":\"\",\"publisher\":{\"@id\":\"https:\\\/\\\/www.forbes.be\\\/fr\\\/#organization\"},\"potentialAction\":[{\"@type\":\"SearchAction\",\"target\":{\"@type\":\"EntryPoint\",\"urlTemplate\":\"https:\\\/\\\/www.forbes.be\\\/fr\\\/?s={search_term_string}\"},\"query-input\":{\"@type\":\"PropertyValueSpecification\",\"valueRequired\":true,\"valueName\":\"search_term_string\"}}],\"inLanguage\":\"fr-FR\"},{\"@type\":\"Organization\",\"@id\":\"https:\\\/\\\/www.forbes.be\\\/fr\\\/#organization\",\"name\":\"Forbes Belgique\",\"url\":\"https:\\\/\\\/www.forbes.be\\\/fr\\\/\",\"logo\":{\"@type\":\"ImageObject\",\"inLanguage\":\"fr-FR\",\"@id\":\"https:\\\/\\\/www.forbes.be\\\/fr\\\/#\\\/schema\\\/logo\\\/image\\\/\",\"url\":\"https:\\\/\\\/www.forbes.be\\\/fr\\\/wp-content\\\/uploads\\\/2024\\\/02\\\/forbes.be_.png\",\"contentUrl\":\"https:\\\/\\\/www.forbes.be\\\/fr\\\/wp-content\\\/uploads\\\/2024\\\/02\\\/forbes.be_.png\",\"width\":1200,\"height\":675,\"caption\":\"Forbes Belgique\"},\"image\":{\"@id\":\"https:\\\/\\\/www.forbes.be\\\/fr\\\/#\\\/schema\\\/logo\\\/image\\\/\"},\"sameAs\":[\"https:\\\/\\\/www.facebook.com\\\/forbesbelgique\\\/\",\"https:\\\/\\\/www.instagram.com\\\/Forbes_Belgium\",\"https:\\\/\\\/www.linkedin.com\\\/company\\\/forbes-belgium\\\/\"]},{\"@type\":\"Person\",\"@id\":\"https:\\\/\\\/www.forbes.be\\\/fr\\\/#\\\/schema\\\/person\\\/5e9af5383f8e0ffec564788f40ac92c8\",\"name\":\"Martin Boonen\",\"image\":{\"@type\":\"ImageObject\",\"inLanguage\":\"fr-FR\",\"@id\":\"https:\\\/\\\/www.forbes.be\\\/fr\\\/wp-content\\\/uploads\\\/2025\\\/10\\\/capture-decran-2024-11-15-a-093849-300x300-1-100x100.png\",\"url\":\"https:\\\/\\\/www.forbes.be\\\/fr\\\/wp-content\\\/uploads\\\/2025\\\/10\\\/capture-decran-2024-11-15-a-093849-300x300-1-100x100.png\",\"contentUrl\":\"https:\\\/\\\/www.forbes.be\\\/fr\\\/wp-content\\\/uploads\\\/2025\\\/10\\\/capture-decran-2024-11-15-a-093849-300x300-1-100x100.png\",\"caption\":\"Martin Boonen\"},\"description\":\"Martin Boonen est journaliste dipl\u00f4m\u00e9 de l'Institut de Journalisme de Bruxelles (2012). Il collabor\u00e9 avec de nombreuses r\u00e9dactions \u00e0 diff\u00e9rent niveau de responsabilit\u00e9 : journaliste, chef de rubrique, secr\u00e9taire de r\u00e9daction et r\u00e9dacteur en chef, tant sur le web que pour la presse imprim\u00e9e. Sp\u00e9cialis\u00e9 dans les startups et l'entrepreneuriat \u00e0 impact, il est devenu en 2025 r\u00e9dacteur en chef du site web de Forbes Belgique. Il est affili\u00e9 \u00e0 l'Organisation Mondiale de la Presse P\u00e9riodique depuis 2011.\",\"sameAs\":[\"https:\\\/\\\/www.linkedin.com\\\/in\\\/martin-boonen-61499951\\\/\"],\"url\":\"https:\\\/\\\/www.forbes.be\\\/fr\\\/author\\\/martin-boonen\\\/\"}]}<\/script>\n<!-- \/ Yoast SEO plugin. -->","yoast_head_json":{"title":"Syensqo : Heike van de Kerkhof succ\u00e8de \u00e0 Rosemary Thorne \u00e0 la pr\u00e9sidence du conseil d\u2019administration | Forbes Belgique","description":"Syensqo nomme Heike van de Kerkhof pr\u00e9sidente du CA. L\u2019ancienne CEO d\u2019Archroma succ\u00e8de \u00e0 Rosemary Thorne dans un contexte de renouvellement de la gouvernance du chimiste belge.","robots":{"index":"index","follow":"follow","max-snippet":"max-snippet:-1","max-image-preview":"max-image-preview:large","max-video-preview":"max-video-preview:-1"},"canonical":"https:\/\/www.forbes.be\/fr\/syensqo-heike-van-de-kerkhof-succede-a-rosemary-thorne-a-la-presidence-du-conseil-dadministration\/","og_locale":"fr_FR","og_type":"article","og_title":"Syensqo : Heike van de Kerkhof succ\u00e8de \u00e0 Rosemary Thorne \u00e0 la pr\u00e9sidence du conseil d\u2019administration | Forbes Belgique","og_description":"Syensqo nomme Heike van de Kerkhof pr\u00e9sidente du CA. L\u2019ancienne CEO d\u2019Archroma succ\u00e8de \u00e0 Rosemary Thorne dans un contexte de renouvellement de la gouvernance du chimiste belge.","og_url":"https:\/\/www.forbes.be\/fr\/syensqo-heike-van-de-kerkhof-succede-a-rosemary-thorne-a-la-presidence-du-conseil-dadministration\/","og_site_name":"Forbes Belgique","article_publisher":"https:\/\/www.facebook.com\/forbesbelgique\/","article_published_time":"2026-03-03T13:49:53+00:00","og_image":[{"width":2560,"height":1340,"url":"https:\/\/www.forbes.be\/fr\/wp-content\/uploads\/2026\/03\/syensqo-headquarters-haren-explorer-site-wwwphotolorentbeinfophotolorentbe-0479-269227syensqo-laurent-vankrinkelen-scaled-e1772545691533.jpg","type":"image\/jpeg"}],"author":"Martin Boonen","twitter_card":"summary_large_image","twitter_misc":{"\u00c9crit par":"Martin Boonen","Dur\u00e9e de lecture estim\u00e9e":"5 minutes"},"schema":{"@context":"https:\/\/schema.org","@graph":[{"@type":"NewsArticle","@id":"https:\/\/www.forbes.be\/fr\/syensqo-heike-van-de-kerkhof-succede-a-rosemary-thorne-a-la-presidence-du-conseil-dadministration\/#article","isPartOf":{"@id":"https:\/\/www.forbes.be\/fr\/syensqo-heike-van-de-kerkhof-succede-a-rosemary-thorne-a-la-presidence-du-conseil-dadministration\/"},"author":{"name":"Martin Boonen","@id":"https:\/\/www.forbes.be\/fr\/#\/schema\/person\/5e9af5383f8e0ffec564788f40ac92c8"},"headline":"Syensqo : Heike van de Kerkhof succ\u00e8de \u00e0 Rosemary Thorne \u00e0 la pr\u00e9sidence du conseil d\u2019administration","datePublished":"2026-03-03T13:49:53+00:00","mainEntityOfPage":{"@id":"https:\/\/www.forbes.be\/fr\/syensqo-heike-van-de-kerkhof-succede-a-rosemary-thorne-a-la-presidence-du-conseil-dadministration\/"},"wordCount":996,"publisher":{"@id":"https:\/\/www.forbes.be\/fr\/#organization"},"image":{"@id":"https:\/\/www.forbes.be\/fr\/syensqo-heike-van-de-kerkhof-succede-a-rosemary-thorne-a-la-presidence-du-conseil-dadministration\/#primaryimage"},"thumbnailUrl":"https:\/\/www.forbes.be\/fr\/wp-content\/uploads\/2026\/03\/syensqo-headquarters-haren-explorer-site-wwwphotolorentbeinfophotolorentbe-0479-269227syensqo-laurent-vankrinkelen-scaled-e1772545691533.jpg","articleSection":["Actualit\u00e9s","Entreprise","Femmes Forbes","Leadership"],"inLanguage":"fr-FR"},{"@type":"WebPage","@id":"https:\/\/www.forbes.be\/fr\/syensqo-heike-van-de-kerkhof-succede-a-rosemary-thorne-a-la-presidence-du-conseil-dadministration\/","url":"https:\/\/www.forbes.be\/fr\/syensqo-heike-van-de-kerkhof-succede-a-rosemary-thorne-a-la-presidence-du-conseil-dadministration\/","name":"Syensqo : Heike van de Kerkhof succ\u00e8de \u00e0 Rosemary Thorne \u00e0 la pr\u00e9sidence du conseil d\u2019administration | Forbes Belgique","isPartOf":{"@id":"https:\/\/www.forbes.be\/fr\/#website"},"primaryImageOfPage":{"@id":"https:\/\/www.forbes.be\/fr\/syensqo-heike-van-de-kerkhof-succede-a-rosemary-thorne-a-la-presidence-du-conseil-dadministration\/#primaryimage"},"image":{"@id":"https:\/\/www.forbes.be\/fr\/syensqo-heike-van-de-kerkhof-succede-a-rosemary-thorne-a-la-presidence-du-conseil-dadministration\/#primaryimage"},"thumbnailUrl":"https:\/\/www.forbes.be\/fr\/wp-content\/uploads\/2026\/03\/syensqo-headquarters-haren-explorer-site-wwwphotolorentbeinfophotolorentbe-0479-269227syensqo-laurent-vankrinkelen-scaled-e1772545691533.jpg","datePublished":"2026-03-03T13:49:53+00:00","description":"Syensqo nomme Heike van de Kerkhof pr\u00e9sidente du CA. L\u2019ancienne CEO d\u2019Archroma succ\u00e8de \u00e0 Rosemary Thorne dans un contexte de renouvellement de la gouvernance du chimiste belge.","breadcrumb":{"@id":"https:\/\/www.forbes.be\/fr\/syensqo-heike-van-de-kerkhof-succede-a-rosemary-thorne-a-la-presidence-du-conseil-dadministration\/#breadcrumb"},"inLanguage":"fr-FR","potentialAction":[{"@type":"ReadAction","target":["https:\/\/www.forbes.be\/fr\/syensqo-heike-van-de-kerkhof-succede-a-rosemary-thorne-a-la-presidence-du-conseil-dadministration\/"]}]},{"@type":"ImageObject","inLanguage":"fr-FR","@id":"https:\/\/www.forbes.be\/fr\/syensqo-heike-van-de-kerkhof-succede-a-rosemary-thorne-a-la-presidence-du-conseil-dadministration\/#primaryimage","url":"https:\/\/www.forbes.be\/fr\/wp-content\/uploads\/2026\/03\/syensqo-headquarters-haren-explorer-site-wwwphotolorentbeinfophotolorentbe-0479-269227syensqo-laurent-vankrinkelen-scaled-e1772545691533.jpg","contentUrl":"https:\/\/www.forbes.be\/fr\/wp-content\/uploads\/2026\/03\/syensqo-headquarters-haren-explorer-site-wwwphotolorentbeinfophotolorentbe-0479-269227syensqo-laurent-vankrinkelen-scaled-e1772545691533.jpg","width":2560,"height":1340},{"@type":"BreadcrumbList","@id":"https:\/\/www.forbes.be\/fr\/syensqo-heike-van-de-kerkhof-succede-a-rosemary-thorne-a-la-presidence-du-conseil-dadministration\/#breadcrumb","itemListElement":[{"@type":"ListItem","position":1,"name":"Accueil","item":"https:\/\/www.forbes.be\/fr\/"},{"@type":"ListItem","position":2,"name":"Syensqo : Heike van de Kerkhof succ\u00e8de \u00e0 Rosemary Thorne \u00e0 la pr\u00e9sidence du conseil d\u2019administration"}]},{"@type":"WebSite","@id":"https:\/\/www.forbes.be\/fr\/#website","url":"https:\/\/www.forbes.be\/fr\/","name":"Forbes Belgique","description":"","publisher":{"@id":"https:\/\/www.forbes.be\/fr\/#organization"},"potentialAction":[{"@type":"SearchAction","target":{"@type":"EntryPoint","urlTemplate":"https:\/\/www.forbes.be\/fr\/?s={search_term_string}"},"query-input":{"@type":"PropertyValueSpecification","valueRequired":true,"valueName":"search_term_string"}}],"inLanguage":"fr-FR"},{"@type":"Organization","@id":"https:\/\/www.forbes.be\/fr\/#organization","name":"Forbes Belgique","url":"https:\/\/www.forbes.be\/fr\/","logo":{"@type":"ImageObject","inLanguage":"fr-FR","@id":"https:\/\/www.forbes.be\/fr\/#\/schema\/logo\/image\/","url":"https:\/\/www.forbes.be\/fr\/wp-content\/uploads\/2024\/02\/forbes.be_.png","contentUrl":"https:\/\/www.forbes.be\/fr\/wp-content\/uploads\/2024\/02\/forbes.be_.png","width":1200,"height":675,"caption":"Forbes Belgique"},"image":{"@id":"https:\/\/www.forbes.be\/fr\/#\/schema\/logo\/image\/"},"sameAs":["https:\/\/www.facebook.com\/forbesbelgique\/","https:\/\/www.instagram.com\/Forbes_Belgium","https:\/\/www.linkedin.com\/company\/forbes-belgium\/"]},{"@type":"Person","@id":"https:\/\/www.forbes.be\/fr\/#\/schema\/person\/5e9af5383f8e0ffec564788f40ac92c8","name":"Martin Boonen","image":{"@type":"ImageObject","inLanguage":"fr-FR","@id":"https:\/\/www.forbes.be\/fr\/wp-content\/uploads\/2025\/10\/capture-decran-2024-11-15-a-093849-300x300-1-100x100.png","url":"https:\/\/www.forbes.be\/fr\/wp-content\/uploads\/2025\/10\/capture-decran-2024-11-15-a-093849-300x300-1-100x100.png","contentUrl":"https:\/\/www.forbes.be\/fr\/wp-content\/uploads\/2025\/10\/capture-decran-2024-11-15-a-093849-300x300-1-100x100.png","caption":"Martin Boonen"},"description":"Martin Boonen est journaliste dipl\u00f4m\u00e9 de l'Institut de Journalisme de Bruxelles (2012). Il collabor\u00e9 avec de nombreuses r\u00e9dactions \u00e0 diff\u00e9rent niveau de responsabilit\u00e9 : journaliste, chef de rubrique, secr\u00e9taire de r\u00e9daction et r\u00e9dacteur en chef, tant sur le web que pour la presse imprim\u00e9e. Sp\u00e9cialis\u00e9 dans les startups et l'entrepreneuriat \u00e0 impact, il est devenu en 2025 r\u00e9dacteur en chef du site web de Forbes Belgique. Il est affili\u00e9 \u00e0 l'Organisation Mondiale de la Presse P\u00e9riodique depuis 2011.","sameAs":["https:\/\/www.linkedin.com\/in\/martin-boonen-61499951\/"],"url":"https:\/\/www.forbes.be\/fr\/author\/martin-boonen\/"}]}},"_links":{"self":[{"href":"https:\/\/www.forbes.be\/fr\/wp-json\/wp\/v2\/posts\/15720","targetHints":{"allow":["GET"]}}],"collection":[{"href":"https:\/\/www.forbes.be\/fr\/wp-json\/wp\/v2\/posts"}],"about":[{"href":"https:\/\/www.forbes.be\/fr\/wp-json\/wp\/v2\/types\/post"}],"author":[{"embeddable":true,"href":"https:\/\/www.forbes.be\/fr\/wp-json\/wp\/v2\/users\/47"}],"replies":[{"embeddable":true,"href":"https:\/\/www.forbes.be\/fr\/wp-json\/wp\/v2\/comments?post=15720"}],"version-history":[{"count":1,"href":"https:\/\/www.forbes.be\/fr\/wp-json\/wp\/v2\/posts\/15720\/revisions"}],"predecessor-version":[{"id":15722,"href":"https:\/\/www.forbes.be\/fr\/wp-json\/wp\/v2\/posts\/15720\/revisions\/15722"}],"wp:featuredmedia":[{"embeddable":true,"href":"https:\/\/www.forbes.be\/fr\/wp-json\/wp\/v2\/media\/15721"}],"wp:attachment":[{"href":"https:\/\/www.forbes.be\/fr\/wp-json\/wp\/v2\/media?parent=15720"}],"wp:term":[{"taxonomy":"category","embeddable":true,"href":"https:\/\/www.forbes.be\/fr\/wp-json\/wp\/v2\/categories?post=15720"},{"taxonomy":"post_tag","embeddable":true,"href":"https:\/\/www.forbes.be\/fr\/wp-json\/wp\/v2\/tags?post=15720"}],"curies":[{"name":"wp","href":"https:\/\/api.w.org\/{rel}","templated":true}]}}