{"id":15763,"date":"2026-03-10T11:09:42","date_gmt":"2026-03-10T10:09:42","guid":{"rendered":"https:\/\/www.forbes.be\/fr\/?p=15763"},"modified":"2026-03-10T11:09:42","modified_gmt":"2026-03-10T10:09:42","slug":"muriel-bernard-est-la-nouvelle-patronne-de-becentral","status":"publish","type":"post","link":"https:\/\/www.forbes.be\/fr\/muriel-bernard-est-la-nouvelle-patronne-de-becentral\/","title":{"rendered":"Muriel Bernard est la nouvelle patronne de BeCentral"},"content":{"rendered":"<p><strong>Le campus num\u00e9rique bruxellois <a href=\"https:\/\/www.becentral.org\/\">BeCentral<\/a>, install\u00e9 dans les \u00e9tages sup\u00e9rieurs de la gare Centrale de Bruxelles, se dote d&rsquo;une nouvelle patronne. Le conseil d&rsquo;administration de l&rsquo;organisation vient en effet de d\u00e9signer <a href=\"https:\/\/be.linkedin.com\/in\/muriel-bernard\">Muriel Bernard<\/a>, la fondatrice et ancienne CEO d&rsquo;eFarmz, pour acc\u00e9l\u00e9rer l&rsquo;impact et renforcer le r\u00f4le de BeCentral au sein de l&rsquo;\u00e9cosyst\u00e8me belge et europ\u00e9en.<\/strong><\/p>\n<p>Cette nomination marque une nouvelle \u00e9tape dans le d\u00e9veloppement du campus, qui a \u00e9t\u00e9 fond\u00e9 en 2017 par <a href=\"https:\/\/be.linkedin.com\/in\/laurent-hublet-70aba710\">Laurent Hublet<\/a>, devenu r\u00e9cemment ministre bruxellois de l&rsquo;Economie. Il a, depuis, connu plusieurs phases de croissance et de structuration, et s&rsquo;\u00e9tend d\u00e9sormais sur 10.000 m2 et rassemble 60 organisations (start-ups, scale-ups, ONG, universit\u00e9s et grandes entreprises). Plus de 15 programmes de formation y ont eu un impact sur la vie de 600.000 individus depuis sa cr\u00e9ation.<\/p>\n<p>Situ\u00e9 au c\u0153ur de Bruxelles, BeCentral soutient, via ses nombreux programmes, les start-ups et scale-ups et renforce les connexions entre entrepreneurs, entreprises et institutions. Sa mission est de pr\u00e9parer les professionnels, les entrepreneurs et les enfants aux d\u00e9fis technologiques d\u2019aujourd\u2019hui et de demain. <span style=\"font-family: Verdana, BlinkMacSystemFont, -apple-system, 'Segoe UI', Roboto, Oxygen, Ubuntu, Cantarell, 'Open Sans', 'Helvetica Neue', sans-serif;\">\u00ab\u00a0Dans un contexte o\u00f9 l\u2019Europe s\u2019interroge sur sa comp\u00e9titivit\u00e9 technologique, le campus affirme son r\u00f4le de facilitateur : un lieu o\u00f9 innovation, formation et dialogue <\/span>strat\u00e9gique peuvent se rencontrer\u00a0\u00bb, souligne l&rsquo;organisation.<\/p>\n<p>La priorit\u00e9 de Muriel Bernard sera \u00e0 pr\u00e9sent d&rsquo;en renforcer l\u2019attractivit\u00e9 aupr\u00e8s de nouveaux venus (il reste de la place et il existe m\u00eame une possibilit\u00e9 de s&rsquo;\u00e9tendre au-del\u00e0 des 10.000 m2) et d\u2019en activer pleinement le potentiel d\u2019\u00e9cosyst\u00e8me. L&rsquo;ambition de la nouvelle CEO n\u2019est toutefois pas de transformer l\u2019ADN de BeCentral mais bien de lui donner une dynamique adapt\u00e9e aux enjeux actuels du num\u00e9rique, de l\u2019intelligence artificielle et des comp\u00e9tences du futur. L&rsquo;objectif est simple, dans un contexte technologique et g\u00e9opolitique qui l&rsquo;est beaucoup moins: faire de chacun un acteur de la r\u00e9volution num\u00e9rique.<\/p>\n<p>Le conseil d&rsquo;administration dit avoir choisi Muriel Bernard pour son exp\u00e9rience entrepreneuriale, sa vision strat\u00e9gique et sa capacit\u00e9 d\u2019ex\u00e9cution. Cette<span style=\"font-family: Verdana, BlinkMacSystemFont, -apple-system, 'Segoe UI', Roboto, Oxygen, Ubuntu, Cantarell, 'Open Sans', 'Helvetica Neue', sans-serif;\"> entrepreneure et administratrice a fond\u00e9 <\/span>et dirig\u00e9 <a href=\"https:\/\/www.efarmz.be\/fr\">eFarmz<\/a>, une plateforme belge d\u2019e-commerce sp\u00e9cialis\u00e9e dans les produits bio, durables et locaux, de 2013 \u00e0 2024. Elle y a atteint<span style=\"font-family: Verdana, BlinkMacSystemFont, -apple-system, 'Segoe UI', Roboto, Oxygen, Ubuntu, Cantarell, 'Open Sans', 'Helvetica Neue', sans-serif;\"> jusqu\u2019\u00e0 50 collaborateurs et 10 millions\u00a0<\/span>d\u2019euros de chiffre d\u2019affaires.<\/p>\n<p>La CEO est impliqu\u00e9e dans l\u2019\u00e9cosyst\u00e8me entrepreneurial belge, puisqu&rsquo;elle si\u00e8ge aujourd\u2019hui dans plusieurs conseils d\u2019administration, notamment deminor NXT &#8211; Dups et The Shift, et intervient comme coach aupr\u00e8s d\u2019entrepreneurs au VentureLab. Dipl\u00f4m\u00e9e ing\u00e9nieur de gestion \u00e0 la Louvain School of Management, elle d\u00e9fend une approche entrepreneuriale alliant performance et impact durable.<\/p>\n<p>Muriel Bernard succ\u00e8de \u00e0 <a href=\"https:\/\/be.linkedin.com\/in\/stephansalberter\">Stephan Salberter<\/a>, qui \u00e9tait le CEO int\u00e9rimaire de BeCentral depuis le mois d&rsquo;ao\u00fbt dernier.<\/p>\n","protected":false},"excerpt":{"rendered":"<p>Le campus num\u00e9rique bruxellois BeCentral, install\u00e9 dans les \u00e9tages sup\u00e9rieurs de la gare Centrale de Bruxelles, se dote d&rsquo;une nouvelle patronne. Le conseil d&rsquo;administration de l&rsquo;organisation vient en effet de d\u00e9signer Muriel Bernard, la fondatrice et ancienne CEO d&rsquo;eFarmz, pour acc\u00e9l\u00e9rer l&rsquo;impact et renforcer le r\u00f4le de BeCentral au sein de l&rsquo;\u00e9cosyst\u00e8me belge et europ\u00e9en. [&hellip;]<\/p>\n","protected":false},"author":37,"featured_media":15765,"comment_status":"closed","ping_status":"closed","sticky":false,"template":"","format":"standard","meta":{"_acf_changed":false,"inline_featured_image":false,"footnotes":""},"categories":[1,19,87],"tags":[],"class_list":{"0":"post-15763","1":"post","2":"type-post","3":"status-publish","4":"format-standard","5":"has-post-thumbnail","7":"category-actualite","8":"category-entrepreneurs","9":"category-tech"},"acf":[],"_yoast_wpseo_title":null,"_yoast_wpseo_metadesc":"BeCentral vient de d\u00e9signer sa nouvelle CEO. Muriel Bernard, ancienne patronne d'eFarmz, devra poursuivre le d\u00e9veloppement du campus num\u00e9rique","auteur_traducteur":"","yoast_head":"<!-- This site is optimized with the Yoast SEO plugin v27.4 - https:\/\/yoast.com\/product\/yoast-seo-wordpress\/ -->\n<title>Muriel Bernard est la nouvelle patronne de BeCentral | Forbes Belgique<\/title>\n<meta name=\"description\" content=\"BeCentral vient de d\u00e9signer sa nouvelle CEO. Muriel Bernard, ancienne patronne d&#039;eFarmz, devra poursuivre le d\u00e9veloppement du campus num\u00e9rique\" \/>\n<meta name=\"robots\" content=\"index, follow, max-snippet:-1, max-image-preview:large, max-video-preview:-1\" \/>\n<link rel=\"canonical\" href=\"https:\/\/www.forbes.be\/fr\/muriel-bernard-est-la-nouvelle-patronne-de-becentral\/\" \/>\n<meta property=\"og:locale\" content=\"fr_FR\" \/>\n<meta property=\"og:type\" content=\"article\" \/>\n<meta property=\"og:title\" content=\"Muriel Bernard est la nouvelle patronne de BeCentral | Forbes Belgique\" \/>\n<meta property=\"og:description\" content=\"BeCentral vient de d\u00e9signer sa nouvelle CEO. Muriel Bernard, ancienne patronne d&#039;eFarmz, devra poursuivre le d\u00e9veloppement du campus num\u00e9rique\" \/>\n<meta property=\"og:url\" content=\"https:\/\/www.forbes.be\/fr\/muriel-bernard-est-la-nouvelle-patronne-de-becentral\/\" \/>\n<meta property=\"og:site_name\" content=\"Forbes Belgique\" \/>\n<meta property=\"article:publisher\" content=\"https:\/\/www.facebook.com\/forbesbelgique\/\" \/>\n<meta property=\"article:published_time\" content=\"2026-03-10T10:09:42+00:00\" \/>\n<meta property=\"og:image\" content=\"https:\/\/www.forbes.be\/fr\/wp-content\/uploads\/2026\/03\/img-4270-copy-scaled-e1773137369892.jpg\" \/>\n\t<meta property=\"og:image:width\" content=\"1920\" \/>\n\t<meta property=\"og:image:height\" content=\"1007\" \/>\n\t<meta property=\"og:image:type\" content=\"image\/jpeg\" \/>\n<meta name=\"author\" content=\"Juan Godbille\" \/>\n<meta name=\"twitter:card\" content=\"summary_large_image\" \/>\n<meta name=\"twitter:label1\" content=\"\u00c9crit par\" \/>\n\t<meta name=\"twitter:data1\" content=\"Juan Godbille\" \/>\n\t<meta name=\"twitter:label2\" content=\"Dur\u00e9e de lecture estim\u00e9e\" \/>\n\t<meta name=\"twitter:data2\" content=\"3 minutes\" \/>\n<script type=\"application\/ld+json\" class=\"yoast-schema-graph\">{\"@context\":\"https:\\\/\\\/schema.org\",\"@graph\":[{\"@type\":\"NewsArticle\",\"@id\":\"https:\\\/\\\/www.forbes.be\\\/fr\\\/muriel-bernard-est-la-nouvelle-patronne-de-becentral\\\/#article\",\"isPartOf\":{\"@id\":\"https:\\\/\\\/www.forbes.be\\\/fr\\\/muriel-bernard-est-la-nouvelle-patronne-de-becentral\\\/\"},\"author\":{\"name\":\"Juan Godbille\",\"@id\":\"https:\\\/\\\/www.forbes.be\\\/fr\\\/#\\\/schema\\\/person\\\/0d449791ef6199da3d469eca714eb773\"},\"headline\":\"Muriel Bernard est la nouvelle patronne de BeCentral\",\"datePublished\":\"2026-03-10T10:09:42+00:00\",\"mainEntityOfPage\":{\"@id\":\"https:\\\/\\\/www.forbes.be\\\/fr\\\/muriel-bernard-est-la-nouvelle-patronne-de-becentral\\\/\"},\"wordCount\":484,\"publisher\":{\"@id\":\"https:\\\/\\\/www.forbes.be\\\/fr\\\/#organization\"},\"image\":{\"@id\":\"https:\\\/\\\/www.forbes.be\\\/fr\\\/muriel-bernard-est-la-nouvelle-patronne-de-becentral\\\/#primaryimage\"},\"thumbnailUrl\":\"https:\\\/\\\/www.forbes.be\\\/fr\\\/wp-content\\\/uploads\\\/2026\\\/03\\\/img-4270-copy-scaled-e1773137369892.jpg\",\"articleSection\":[\"Actualit\u00e9s\",\"Entrepreneurs\",\"Tech\"],\"inLanguage\":\"fr-FR\"},{\"@type\":\"WebPage\",\"@id\":\"https:\\\/\\\/www.forbes.be\\\/fr\\\/muriel-bernard-est-la-nouvelle-patronne-de-becentral\\\/\",\"url\":\"https:\\\/\\\/www.forbes.be\\\/fr\\\/muriel-bernard-est-la-nouvelle-patronne-de-becentral\\\/\",\"name\":\"Muriel Bernard est la nouvelle patronne de BeCentral | Forbes Belgique\",\"isPartOf\":{\"@id\":\"https:\\\/\\\/www.forbes.be\\\/fr\\\/#website\"},\"primaryImageOfPage\":{\"@id\":\"https:\\\/\\\/www.forbes.be\\\/fr\\\/muriel-bernard-est-la-nouvelle-patronne-de-becentral\\\/#primaryimage\"},\"image\":{\"@id\":\"https:\\\/\\\/www.forbes.be\\\/fr\\\/muriel-bernard-est-la-nouvelle-patronne-de-becentral\\\/#primaryimage\"},\"thumbnailUrl\":\"https:\\\/\\\/www.forbes.be\\\/fr\\\/wp-content\\\/uploads\\\/2026\\\/03\\\/img-4270-copy-scaled-e1773137369892.jpg\",\"datePublished\":\"2026-03-10T10:09:42+00:00\",\"description\":\"BeCentral vient de d\u00e9signer sa nouvelle CEO. Muriel Bernard, ancienne patronne d'eFarmz, devra poursuivre le d\u00e9veloppement du campus num\u00e9rique\",\"breadcrumb\":{\"@id\":\"https:\\\/\\\/www.forbes.be\\\/fr\\\/muriel-bernard-est-la-nouvelle-patronne-de-becentral\\\/#breadcrumb\"},\"inLanguage\":\"fr-FR\",\"potentialAction\":[{\"@type\":\"ReadAction\",\"target\":[\"https:\\\/\\\/www.forbes.be\\\/fr\\\/muriel-bernard-est-la-nouvelle-patronne-de-becentral\\\/\"]}]},{\"@type\":\"ImageObject\",\"inLanguage\":\"fr-FR\",\"@id\":\"https:\\\/\\\/www.forbes.be\\\/fr\\\/muriel-bernard-est-la-nouvelle-patronne-de-becentral\\\/#primaryimage\",\"url\":\"https:\\\/\\\/www.forbes.be\\\/fr\\\/wp-content\\\/uploads\\\/2026\\\/03\\\/img-4270-copy-scaled-e1773137369892.jpg\",\"contentUrl\":\"https:\\\/\\\/www.forbes.be\\\/fr\\\/wp-content\\\/uploads\\\/2026\\\/03\\\/img-4270-copy-scaled-e1773137369892.jpg\",\"width\":1920,\"height\":1007,\"caption\":\"\u00a9 BeCentral\"},{\"@type\":\"BreadcrumbList\",\"@id\":\"https:\\\/\\\/www.forbes.be\\\/fr\\\/muriel-bernard-est-la-nouvelle-patronne-de-becentral\\\/#breadcrumb\",\"itemListElement\":[{\"@type\":\"ListItem\",\"position\":1,\"name\":\"Accueil\",\"item\":\"https:\\\/\\\/www.forbes.be\\\/fr\\\/\"},{\"@type\":\"ListItem\",\"position\":2,\"name\":\"Muriel Bernard est la nouvelle patronne de BeCentral\"}]},{\"@type\":\"WebSite\",\"@id\":\"https:\\\/\\\/www.forbes.be\\\/fr\\\/#website\",\"url\":\"https:\\\/\\\/www.forbes.be\\\/fr\\\/\",\"name\":\"Forbes Belgique\",\"description\":\"\",\"publisher\":{\"@id\":\"https:\\\/\\\/www.forbes.be\\\/fr\\\/#organization\"},\"potentialAction\":[{\"@type\":\"SearchAction\",\"target\":{\"@type\":\"EntryPoint\",\"urlTemplate\":\"https:\\\/\\\/www.forbes.be\\\/fr\\\/?s={search_term_string}\"},\"query-input\":{\"@type\":\"PropertyValueSpecification\",\"valueRequired\":true,\"valueName\":\"search_term_string\"}}],\"inLanguage\":\"fr-FR\"},{\"@type\":\"Organization\",\"@id\":\"https:\\\/\\\/www.forbes.be\\\/fr\\\/#organization\",\"name\":\"Forbes Belgique\",\"url\":\"https:\\\/\\\/www.forbes.be\\\/fr\\\/\",\"logo\":{\"@type\":\"ImageObject\",\"inLanguage\":\"fr-FR\",\"@id\":\"https:\\\/\\\/www.forbes.be\\\/fr\\\/#\\\/schema\\\/logo\\\/image\\\/\",\"url\":\"https:\\\/\\\/www.forbes.be\\\/fr\\\/wp-content\\\/uploads\\\/2024\\\/02\\\/forbes.be_.png\",\"contentUrl\":\"https:\\\/\\\/www.forbes.be\\\/fr\\\/wp-content\\\/uploads\\\/2024\\\/02\\\/forbes.be_.png\",\"width\":1200,\"height\":675,\"caption\":\"Forbes Belgique\"},\"image\":{\"@id\":\"https:\\\/\\\/www.forbes.be\\\/fr\\\/#\\\/schema\\\/logo\\\/image\\\/\"},\"sameAs\":[\"https:\\\/\\\/www.facebook.com\\\/forbesbelgique\\\/\",\"https:\\\/\\\/www.instagram.com\\\/Forbes_Belgium\",\"https:\\\/\\\/www.linkedin.com\\\/company\\\/forbes-belgium\\\/\"]},{\"@type\":\"Person\",\"@id\":\"https:\\\/\\\/www.forbes.be\\\/fr\\\/#\\\/schema\\\/person\\\/0d449791ef6199da3d469eca714eb773\",\"name\":\"Juan Godbille\",\"image\":{\"@type\":\"ImageObject\",\"inLanguage\":\"fr-FR\",\"@id\":\"https:\\\/\\\/secure.gravatar.com\\\/avatar\\\/de6d740453251c69ae34e42cfef9688bc2a5c942d7cab09074e7064fbac13ac9?s=96&d=mm&r=g\",\"url\":\"https:\\\/\\\/secure.gravatar.com\\\/avatar\\\/de6d740453251c69ae34e42cfef9688bc2a5c942d7cab09074e7064fbac13ac9?s=96&d=mm&r=g\",\"contentUrl\":\"https:\\\/\\\/secure.gravatar.com\\\/avatar\\\/de6d740453251c69ae34e42cfef9688bc2a5c942d7cab09074e7064fbac13ac9?s=96&d=mm&r=g\",\"caption\":\"Juan Godbille\"},\"url\":\"https:\\\/\\\/www.forbes.be\\\/fr\\\/author\\\/juan-godbille\\\/\"}]}<\/script>\n<!-- \/ Yoast SEO plugin. -->","yoast_head_json":{"title":"Muriel Bernard est la nouvelle patronne de BeCentral | Forbes Belgique","description":"BeCentral vient de d\u00e9signer sa nouvelle CEO. Muriel Bernard, ancienne patronne d'eFarmz, devra poursuivre le d\u00e9veloppement du campus num\u00e9rique","robots":{"index":"index","follow":"follow","max-snippet":"max-snippet:-1","max-image-preview":"max-image-preview:large","max-video-preview":"max-video-preview:-1"},"canonical":"https:\/\/www.forbes.be\/fr\/muriel-bernard-est-la-nouvelle-patronne-de-becentral\/","og_locale":"fr_FR","og_type":"article","og_title":"Muriel Bernard est la nouvelle patronne de BeCentral | Forbes Belgique","og_description":"BeCentral vient de d\u00e9signer sa nouvelle CEO. Muriel Bernard, ancienne patronne d'eFarmz, devra poursuivre le d\u00e9veloppement du campus num\u00e9rique","og_url":"https:\/\/www.forbes.be\/fr\/muriel-bernard-est-la-nouvelle-patronne-de-becentral\/","og_site_name":"Forbes Belgique","article_publisher":"https:\/\/www.facebook.com\/forbesbelgique\/","article_published_time":"2026-03-10T10:09:42+00:00","og_image":[{"width":1920,"height":1007,"url":"https:\/\/www.forbes.be\/fr\/wp-content\/uploads\/2026\/03\/img-4270-copy-scaled-e1773137369892.jpg","type":"image\/jpeg"}],"author":"Juan Godbille","twitter_card":"summary_large_image","twitter_misc":{"\u00c9crit par":"Juan Godbille","Dur\u00e9e de lecture estim\u00e9e":"3 minutes"},"schema":{"@context":"https:\/\/schema.org","@graph":[{"@type":"NewsArticle","@id":"https:\/\/www.forbes.be\/fr\/muriel-bernard-est-la-nouvelle-patronne-de-becentral\/#article","isPartOf":{"@id":"https:\/\/www.forbes.be\/fr\/muriel-bernard-est-la-nouvelle-patronne-de-becentral\/"},"author":{"name":"Juan Godbille","@id":"https:\/\/www.forbes.be\/fr\/#\/schema\/person\/0d449791ef6199da3d469eca714eb773"},"headline":"Muriel Bernard est la nouvelle patronne de BeCentral","datePublished":"2026-03-10T10:09:42+00:00","mainEntityOfPage":{"@id":"https:\/\/www.forbes.be\/fr\/muriel-bernard-est-la-nouvelle-patronne-de-becentral\/"},"wordCount":484,"publisher":{"@id":"https:\/\/www.forbes.be\/fr\/#organization"},"image":{"@id":"https:\/\/www.forbes.be\/fr\/muriel-bernard-est-la-nouvelle-patronne-de-becentral\/#primaryimage"},"thumbnailUrl":"https:\/\/www.forbes.be\/fr\/wp-content\/uploads\/2026\/03\/img-4270-copy-scaled-e1773137369892.jpg","articleSection":["Actualit\u00e9s","Entrepreneurs","Tech"],"inLanguage":"fr-FR"},{"@type":"WebPage","@id":"https:\/\/www.forbes.be\/fr\/muriel-bernard-est-la-nouvelle-patronne-de-becentral\/","url":"https:\/\/www.forbes.be\/fr\/muriel-bernard-est-la-nouvelle-patronne-de-becentral\/","name":"Muriel Bernard est la nouvelle patronne de BeCentral | Forbes Belgique","isPartOf":{"@id":"https:\/\/www.forbes.be\/fr\/#website"},"primaryImageOfPage":{"@id":"https:\/\/www.forbes.be\/fr\/muriel-bernard-est-la-nouvelle-patronne-de-becentral\/#primaryimage"},"image":{"@id":"https:\/\/www.forbes.be\/fr\/muriel-bernard-est-la-nouvelle-patronne-de-becentral\/#primaryimage"},"thumbnailUrl":"https:\/\/www.forbes.be\/fr\/wp-content\/uploads\/2026\/03\/img-4270-copy-scaled-e1773137369892.jpg","datePublished":"2026-03-10T10:09:42+00:00","description":"BeCentral vient de d\u00e9signer sa nouvelle CEO. Muriel Bernard, ancienne patronne d'eFarmz, devra poursuivre le d\u00e9veloppement du campus num\u00e9rique","breadcrumb":{"@id":"https:\/\/www.forbes.be\/fr\/muriel-bernard-est-la-nouvelle-patronne-de-becentral\/#breadcrumb"},"inLanguage":"fr-FR","potentialAction":[{"@type":"ReadAction","target":["https:\/\/www.forbes.be\/fr\/muriel-bernard-est-la-nouvelle-patronne-de-becentral\/"]}]},{"@type":"ImageObject","inLanguage":"fr-FR","@id":"https:\/\/www.forbes.be\/fr\/muriel-bernard-est-la-nouvelle-patronne-de-becentral\/#primaryimage","url":"https:\/\/www.forbes.be\/fr\/wp-content\/uploads\/2026\/03\/img-4270-copy-scaled-e1773137369892.jpg","contentUrl":"https:\/\/www.forbes.be\/fr\/wp-content\/uploads\/2026\/03\/img-4270-copy-scaled-e1773137369892.jpg","width":1920,"height":1007,"caption":"\u00a9 BeCentral"},{"@type":"BreadcrumbList","@id":"https:\/\/www.forbes.be\/fr\/muriel-bernard-est-la-nouvelle-patronne-de-becentral\/#breadcrumb","itemListElement":[{"@type":"ListItem","position":1,"name":"Accueil","item":"https:\/\/www.forbes.be\/fr\/"},{"@type":"ListItem","position":2,"name":"Muriel Bernard est la nouvelle patronne de BeCentral"}]},{"@type":"WebSite","@id":"https:\/\/www.forbes.be\/fr\/#website","url":"https:\/\/www.forbes.be\/fr\/","name":"Forbes Belgique","description":"","publisher":{"@id":"https:\/\/www.forbes.be\/fr\/#organization"},"potentialAction":[{"@type":"SearchAction","target":{"@type":"EntryPoint","urlTemplate":"https:\/\/www.forbes.be\/fr\/?s={search_term_string}"},"query-input":{"@type":"PropertyValueSpecification","valueRequired":true,"valueName":"search_term_string"}}],"inLanguage":"fr-FR"},{"@type":"Organization","@id":"https:\/\/www.forbes.be\/fr\/#organization","name":"Forbes Belgique","url":"https:\/\/www.forbes.be\/fr\/","logo":{"@type":"ImageObject","inLanguage":"fr-FR","@id":"https:\/\/www.forbes.be\/fr\/#\/schema\/logo\/image\/","url":"https:\/\/www.forbes.be\/fr\/wp-content\/uploads\/2024\/02\/forbes.be_.png","contentUrl":"https:\/\/www.forbes.be\/fr\/wp-content\/uploads\/2024\/02\/forbes.be_.png","width":1200,"height":675,"caption":"Forbes Belgique"},"image":{"@id":"https:\/\/www.forbes.be\/fr\/#\/schema\/logo\/image\/"},"sameAs":["https:\/\/www.facebook.com\/forbesbelgique\/","https:\/\/www.instagram.com\/Forbes_Belgium","https:\/\/www.linkedin.com\/company\/forbes-belgium\/"]},{"@type":"Person","@id":"https:\/\/www.forbes.be\/fr\/#\/schema\/person\/0d449791ef6199da3d469eca714eb773","name":"Juan Godbille","image":{"@type":"ImageObject","inLanguage":"fr-FR","@id":"https:\/\/secure.gravatar.com\/avatar\/de6d740453251c69ae34e42cfef9688bc2a5c942d7cab09074e7064fbac13ac9?s=96&d=mm&r=g","url":"https:\/\/secure.gravatar.com\/avatar\/de6d740453251c69ae34e42cfef9688bc2a5c942d7cab09074e7064fbac13ac9?s=96&d=mm&r=g","contentUrl":"https:\/\/secure.gravatar.com\/avatar\/de6d740453251c69ae34e42cfef9688bc2a5c942d7cab09074e7064fbac13ac9?s=96&d=mm&r=g","caption":"Juan Godbille"},"url":"https:\/\/www.forbes.be\/fr\/author\/juan-godbille\/"}]}},"_links":{"self":[{"href":"https:\/\/www.forbes.be\/fr\/wp-json\/wp\/v2\/posts\/15763","targetHints":{"allow":["GET"]}}],"collection":[{"href":"https:\/\/www.forbes.be\/fr\/wp-json\/wp\/v2\/posts"}],"about":[{"href":"https:\/\/www.forbes.be\/fr\/wp-json\/wp\/v2\/types\/post"}],"author":[{"embeddable":true,"href":"https:\/\/www.forbes.be\/fr\/wp-json\/wp\/v2\/users\/37"}],"replies":[{"embeddable":true,"href":"https:\/\/www.forbes.be\/fr\/wp-json\/wp\/v2\/comments?post=15763"}],"version-history":[{"count":3,"href":"https:\/\/www.forbes.be\/fr\/wp-json\/wp\/v2\/posts\/15763\/revisions"}],"predecessor-version":[{"id":15836,"href":"https:\/\/www.forbes.be\/fr\/wp-json\/wp\/v2\/posts\/15763\/revisions\/15836"}],"wp:featuredmedia":[{"embeddable":true,"href":"https:\/\/www.forbes.be\/fr\/wp-json\/wp\/v2\/media\/15765"}],"wp:attachment":[{"href":"https:\/\/www.forbes.be\/fr\/wp-json\/wp\/v2\/media?parent=15763"}],"wp:term":[{"taxonomy":"category","embeddable":true,"href":"https:\/\/www.forbes.be\/fr\/wp-json\/wp\/v2\/categories?post=15763"},{"taxonomy":"post_tag","embeddable":true,"href":"https:\/\/www.forbes.be\/fr\/wp-json\/wp\/v2\/tags?post=15763"}],"curies":[{"name":"wp","href":"https:\/\/api.w.org\/{rel}","templated":true}]}}