{"id":15769,"date":"2026-03-05T08:01:29","date_gmt":"2026-03-05T07:01:29","guid":{"rendered":"https:\/\/www.forbes.be\/fr\/espagne-refuse-bases-frappes-iran\/"},"modified":"2026-03-05T08:01:29","modified_gmt":"2026-03-05T07:01:29","slug":"espagne-refuse-bases-frappes-iran","status":"publish","type":"post","link":"https:\/\/www.forbes.be\/fr\/espagne-refuse-bases-frappes-iran\/","title":{"rendered":"L&rsquo;Espagne d\u00e9ment l&rsquo;ouverture de ses bases aux frappes am\u00e9ricaines contre l&rsquo;Iran"},"content":{"rendered":"<h2>Ligne principale<\/h2>\n<p>L&rsquo;Espagne a d\u00e9menti une affirmation de la Maison-Blanche selon laquelle elle coop\u00e8re avec les efforts de guerre des \u00c9tats-Unis contre l&rsquo;Iran, selon plusieurs sources. Le gouvernement espagnol a d\u00e9clar\u00e9 mercredi qu&rsquo;il n&rsquo;avait pas chang\u00e9 sa position malgr\u00e9 la menace du pr\u00e9sident Donald Trump de cesser tout commerce avec l&rsquo;Espagne apr\u00e8s que cette derni\u00e8re a refus\u00e9 l&rsquo;acc\u00e8s de ses bases militaires aux forces am\u00e9ricaines.<\/p>\n<h2>Faits marquants<\/h2>\n<ul>\n<li>La porte-parole de la Maison-Blanche, Karoline Leavitt, a d\u00e9clar\u00e9 aux journalistes mercredi que l&rsquo;Espagne \u00ab\u00a0avait bien pris note du message du pr\u00e9sident hier\u00a0\u00bb et qu&rsquo;elle avait \u00ab\u00a0accept\u00e9 de coop\u00e9rer avec l&rsquo;arm\u00e9e am\u00e9ricaine\u00a0\u00bb.<\/li>\n<li>Peu apr\u00e8s, le ministre espagnol des Affaires \u00e9trang\u00e8res, Jos\u00e9 Manuel Albares, a affirm\u00e9 \u00e0 la radio espagnole : \u00ab\u00a0La position du gouvernement espagnol concernant la guerre au Moyen-Orient, le bombardement de l&rsquo;Iran et l&rsquo;utilisation de nos bases n&rsquo;a pas chang\u00e9 d&rsquo;un iota.\u00a0\u00bb<\/li>\n<li>Trump a menac\u00e9 mardi de cesser tout commerce avec l&rsquo;Espagne, critiquant sa direction et affirmant que les \u00c9tats-Unis pourraient toujours utiliser ses bases \u00ab\u00a0si nous le voulions\u00a0\u00bb.<\/li>\n<li>Le pr\u00e9sident a \u00e9galement \u00e9voqu\u00e9 la possibilit\u00e9 d&rsquo;imposer des embargos contre l&rsquo;Espagne, un autre membre de l&rsquo;OTAN.<\/li>\n<li>Des avions am\u00e9ricains stationn\u00e9s en Espagne ont quitt\u00e9 le pays lundi apr\u00e8s que le gouvernement espagnol a d\u00e9clar\u00e9 que ses bases militaires ne pouvaient pas \u00eatre utilis\u00e9es pour des op\u00e9rations contre l&rsquo;Iran.<\/li>\n<\/ul>\n<h2>Consid\u00e9ration<\/h2>\n<p>Trump a critiqu\u00e9 l&rsquo;Espagne mardi lors d&rsquo;une r\u00e9union dans le Bureau ovale avec le chancelier allemand Friedrich Merz, qui a not\u00e9 que l&rsquo;Espagne ne s&rsquo;\u00e9tait pas engag\u00e9e \u00e0 respecter une exigence de d\u00e9penses de d\u00e9fense convenue par les pays de l&rsquo;OTAN l&rsquo;ann\u00e9e derni\u00e8re. L&rsquo;accord inclut un taux cible de 3,5 % du produit int\u00e9rieur brut destin\u00e9 aux d\u00e9penses de d\u00e9fense de base des membres de l&rsquo;OTAN, bien que l&rsquo;Espagne ait rejet\u00e9 l&rsquo;ann\u00e9e derni\u00e8re ce changement, car le Premier ministre espagnol, Pedro S\u00e1nchez, a d\u00e9clar\u00e9 que cela serait \u00ab\u00a0non seulement d\u00e9raisonnable mais aussi contre-productif.\u00a0\u00bb<\/p>\n<h2>Contexte cl\u00e9<\/h2>\n<p>L&rsquo;Espagne est le membre de l&rsquo;Union europ\u00e9enne le plus franc concernant la guerre en Iran. S\u00e1nchez a qualifi\u00e9 les frappes d'\u00a0\u00bbintervention militaire injustifi\u00e9e et dangereuse\u00a0\u00bb, tandis qu&rsquo;Albares a d\u00e9clar\u00e9 que l&rsquo;Espagne ne coop\u00e9rerait pas avec l&rsquo;arm\u00e9e am\u00e9ricaine m\u00eame si elle cherche \u00ab\u00a0la d\u00e9mocratie, la libert\u00e9 et les droits fondamentaux pour le peuple iranien.\u00a0\u00bb Les \u00c9tats-Unis et Isra\u00ebl ont lanc\u00e9 une op\u00e9ration militaire contre l&rsquo;Iran le week-end dernier, tuant le leader supr\u00eame iranien, l&rsquo;ayatollah Ali Khamenei. Trump a sugg\u00e9r\u00e9 que le conflit pourrait durer des semaines, mais a d\u00e9clar\u00e9 cette semaine que les \u00c9tats-Unis avaient \u00ab\u00a0la capacit\u00e9 de durer bien plus longtemps\u00a0\u00bb. Le pr\u00e9sident n&rsquo;a pas \u00e9cart\u00e9 le d\u00e9ploiement de troupes au sol, mais Leavitt a d\u00e9clar\u00e9 mercredi que le d\u00e9ploiement de soldats am\u00e9ricains n&rsquo;\u00e9tait pas encore n\u00e9cessaire, les \u00c9tats-Unis continuant d&rsquo;\u00e9changer des frappes a\u00e9riennes avec l&rsquo;Iran.<\/p>\n<p>Cet article a \u00e9t\u00e9 \u00e9crit par Antonio Peque\u00f1o IV et traduit par Forbes.be.<\/p>\n<p><a href=\"https:\/\/www.forbes.com\/sites\/antoniopequenoiv\/2026\/03\/04\/spain-denies-white-house-claim-its-opened-bases-for-iran-strikes\/\">Cet article a \u00e9t\u00e9 initialement publi\u00e9 sur Forbes.com<\/a><\/p>\n","protected":false},"excerpt":{"rendered":"<p>L&rsquo;Espagne a ni\u00e9 avoir autoris\u00e9 les \u00c9tats-Unis \u00e0 utiliser ses bases pour des frappes potentielles contre l&rsquo;Iran, provoquant une r\u00e9action s\u00e9v\u00e8re de Trump.<\/p>\n","protected":false},"author":28,"featured_media":15768,"comment_status":"closed","ping_status":"closed","sticky":false,"template":"","format":"standard","meta":{"_acf_changed":false,"inline_featured_image":false,"footnotes":""},"categories":[1],"tags":[],"class_list":{"0":"post-15769","1":"post","2":"type-post","3":"status-publish","4":"format-standard","5":"has-post-thumbnail","7":"category-actualite"},"acf":[],"_yoast_wpseo_title":"L'Espagne d\u00e9ment l'ouverture de ses bases aux frappes am\u00e9ricaines contre l'Iran","_yoast_wpseo_metadesc":"Trump menace de cesser le commerce avec l'Espagne apr\u00e8s son refus d'acc\u00e8s aux bases militaires pour viser l'Iran.","auteur_traducteur":"Antonio Peque\u00f1o IV","yoast_head":"<!-- This site is optimized with the Yoast SEO plugin v27.4 - https:\/\/yoast.com\/product\/yoast-seo-wordpress\/ -->\n<title>L&#039;Espagne d\u00e9ment l&#039;ouverture de ses bases aux frappes am\u00e9ricaines contre l&#039;Iran<\/title>\n<meta name=\"description\" content=\"Trump menace de cesser le commerce avec l&#039;Espagne apr\u00e8s son refus d&#039;acc\u00e8s aux bases militaires pour viser l&#039;Iran.\" \/>\n<meta name=\"robots\" content=\"index, follow, max-snippet:-1, max-image-preview:large, max-video-preview:-1\" \/>\n<link rel=\"canonical\" href=\"https:\/\/www.forbes.be\/fr\/espagne-refuse-bases-frappes-iran\/\" \/>\n<meta property=\"og:locale\" content=\"fr_FR\" \/>\n<meta property=\"og:type\" content=\"article\" \/>\n<meta property=\"og:title\" content=\"L&#039;Espagne d\u00e9ment l&#039;ouverture de ses bases aux frappes am\u00e9ricaines contre l&#039;Iran\" \/>\n<meta property=\"og:description\" content=\"Trump menace de cesser le commerce avec l&#039;Espagne apr\u00e8s son refus d&#039;acc\u00e8s aux bases militaires pour viser l&#039;Iran.\" \/>\n<meta property=\"og:url\" content=\"https:\/\/www.forbes.be\/fr\/espagne-refuse-bases-frappes-iran\/\" \/>\n<meta property=\"og:site_name\" content=\"Forbes Belgique\" \/>\n<meta property=\"article:publisher\" content=\"https:\/\/www.facebook.com\/forbesbelgique\/\" \/>\n<meta property=\"article:published_time\" content=\"2026-03-05T07:01:29+00:00\" \/>\n<meta property=\"og:image\" content=\"https:\/\/www.forbes.be\/fr\/wp-content\/uploads\/2026\/03\/8823641905.jpg\" \/>\n\t<meta property=\"og:image:width\" content=\"959\" \/>\n\t<meta property=\"og:image:height\" content=\"639\" \/>\n\t<meta property=\"og:image:type\" content=\"image\/jpeg\" \/>\n<meta name=\"author\" content=\"Forbes US\" \/>\n<meta name=\"twitter:card\" content=\"summary_large_image\" \/>\n<meta name=\"twitter:label1\" content=\"\u00c9crit par\" \/>\n\t<meta name=\"twitter:data1\" content=\"Forbes US\" \/>\n\t<meta name=\"twitter:label2\" content=\"Dur\u00e9e de lecture estim\u00e9e\" \/>\n\t<meta name=\"twitter:data2\" content=\"3 minutes\" \/>\n<script type=\"application\/ld+json\" class=\"yoast-schema-graph\">{\"@context\":\"https:\\\/\\\/schema.org\",\"@graph\":[{\"@type\":\"NewsArticle\",\"@id\":\"https:\\\/\\\/www.forbes.be\\\/fr\\\/espagne-refuse-bases-frappes-iran\\\/#article\",\"isPartOf\":{\"@id\":\"https:\\\/\\\/www.forbes.be\\\/fr\\\/espagne-refuse-bases-frappes-iran\\\/\"},\"author\":{\"name\":\"Forbes US\",\"@id\":\"https:\\\/\\\/www.forbes.be\\\/fr\\\/#\\\/schema\\\/person\\\/7a054703b12276e8c990a581baea6515\"},\"headline\":\"L&rsquo;Espagne d\u00e9ment l&rsquo;ouverture de ses bases aux frappes am\u00e9ricaines contre l&rsquo;Iran\",\"datePublished\":\"2026-03-05T07:01:29+00:00\",\"mainEntityOfPage\":{\"@id\":\"https:\\\/\\\/www.forbes.be\\\/fr\\\/espagne-refuse-bases-frappes-iran\\\/\"},\"wordCount\":543,\"publisher\":{\"@id\":\"https:\\\/\\\/www.forbes.be\\\/fr\\\/#organization\"},\"image\":{\"@id\":\"https:\\\/\\\/www.forbes.be\\\/fr\\\/espagne-refuse-bases-frappes-iran\\\/#primaryimage\"},\"thumbnailUrl\":\"https:\\\/\\\/www.forbes.be\\\/fr\\\/wp-content\\\/uploads\\\/2026\\\/03\\\/8823641905.jpg\",\"articleSection\":[\"Actualit\u00e9s\"],\"inLanguage\":\"fr-FR\"},{\"@type\":\"WebPage\",\"@id\":\"https:\\\/\\\/www.forbes.be\\\/fr\\\/espagne-refuse-bases-frappes-iran\\\/\",\"url\":\"https:\\\/\\\/www.forbes.be\\\/fr\\\/espagne-refuse-bases-frappes-iran\\\/\",\"name\":\"L'Espagne d\u00e9ment l'ouverture de ses bases aux frappes am\u00e9ricaines contre l'Iran\",\"isPartOf\":{\"@id\":\"https:\\\/\\\/www.forbes.be\\\/fr\\\/#website\"},\"primaryImageOfPage\":{\"@id\":\"https:\\\/\\\/www.forbes.be\\\/fr\\\/espagne-refuse-bases-frappes-iran\\\/#primaryimage\"},\"image\":{\"@id\":\"https:\\\/\\\/www.forbes.be\\\/fr\\\/espagne-refuse-bases-frappes-iran\\\/#primaryimage\"},\"thumbnailUrl\":\"https:\\\/\\\/www.forbes.be\\\/fr\\\/wp-content\\\/uploads\\\/2026\\\/03\\\/8823641905.jpg\",\"datePublished\":\"2026-03-05T07:01:29+00:00\",\"description\":\"Trump menace de cesser le commerce avec l'Espagne apr\u00e8s son refus d'acc\u00e8s aux bases militaires pour viser l'Iran.\",\"breadcrumb\":{\"@id\":\"https:\\\/\\\/www.forbes.be\\\/fr\\\/espagne-refuse-bases-frappes-iran\\\/#breadcrumb\"},\"inLanguage\":\"fr-FR\",\"potentialAction\":[{\"@type\":\"ReadAction\",\"target\":[\"https:\\\/\\\/www.forbes.be\\\/fr\\\/espagne-refuse-bases-frappes-iran\\\/\"]}]},{\"@type\":\"ImageObject\",\"inLanguage\":\"fr-FR\",\"@id\":\"https:\\\/\\\/www.forbes.be\\\/fr\\\/espagne-refuse-bases-frappes-iran\\\/#primaryimage\",\"url\":\"https:\\\/\\\/www.forbes.be\\\/fr\\\/wp-content\\\/uploads\\\/2026\\\/03\\\/8823641905.jpg\",\"contentUrl\":\"https:\\\/\\\/www.forbes.be\\\/fr\\\/wp-content\\\/uploads\\\/2026\\\/03\\\/8823641905.jpg\",\"width\":959,\"height\":639,\"caption\":\"Photo by Win McNamee\\\/Getty Images\"},{\"@type\":\"BreadcrumbList\",\"@id\":\"https:\\\/\\\/www.forbes.be\\\/fr\\\/espagne-refuse-bases-frappes-iran\\\/#breadcrumb\",\"itemListElement\":[{\"@type\":\"ListItem\",\"position\":1,\"name\":\"Accueil\",\"item\":\"https:\\\/\\\/www.forbes.be\\\/fr\\\/\"},{\"@type\":\"ListItem\",\"position\":2,\"name\":\"L&rsquo;Espagne d\u00e9ment l&rsquo;ouverture de ses bases aux frappes am\u00e9ricaines contre l&rsquo;Iran\"}]},{\"@type\":\"WebSite\",\"@id\":\"https:\\\/\\\/www.forbes.be\\\/fr\\\/#website\",\"url\":\"https:\\\/\\\/www.forbes.be\\\/fr\\\/\",\"name\":\"Forbes Belgique\",\"description\":\"\",\"publisher\":{\"@id\":\"https:\\\/\\\/www.forbes.be\\\/fr\\\/#organization\"},\"potentialAction\":[{\"@type\":\"SearchAction\",\"target\":{\"@type\":\"EntryPoint\",\"urlTemplate\":\"https:\\\/\\\/www.forbes.be\\\/fr\\\/?s={search_term_string}\"},\"query-input\":{\"@type\":\"PropertyValueSpecification\",\"valueRequired\":true,\"valueName\":\"search_term_string\"}}],\"inLanguage\":\"fr-FR\"},{\"@type\":\"Organization\",\"@id\":\"https:\\\/\\\/www.forbes.be\\\/fr\\\/#organization\",\"name\":\"Forbes Belgique\",\"url\":\"https:\\\/\\\/www.forbes.be\\\/fr\\\/\",\"logo\":{\"@type\":\"ImageObject\",\"inLanguage\":\"fr-FR\",\"@id\":\"https:\\\/\\\/www.forbes.be\\\/fr\\\/#\\\/schema\\\/logo\\\/image\\\/\",\"url\":\"https:\\\/\\\/www.forbes.be\\\/fr\\\/wp-content\\\/uploads\\\/2024\\\/02\\\/forbes.be_.png\",\"contentUrl\":\"https:\\\/\\\/www.forbes.be\\\/fr\\\/wp-content\\\/uploads\\\/2024\\\/02\\\/forbes.be_.png\",\"width\":1200,\"height\":675,\"caption\":\"Forbes Belgique\"},\"image\":{\"@id\":\"https:\\\/\\\/www.forbes.be\\\/fr\\\/#\\\/schema\\\/logo\\\/image\\\/\"},\"sameAs\":[\"https:\\\/\\\/www.facebook.com\\\/forbesbelgique\\\/\",\"https:\\\/\\\/www.instagram.com\\\/Forbes_Belgium\",\"https:\\\/\\\/www.linkedin.com\\\/company\\\/forbes-belgium\\\/\"]},{\"@type\":\"Person\",\"@id\":\"https:\\\/\\\/www.forbes.be\\\/fr\\\/#\\\/schema\\\/person\\\/7a054703b12276e8c990a581baea6515\",\"name\":\"Forbes US\",\"image\":{\"@type\":\"ImageObject\",\"inLanguage\":\"fr-FR\",\"@id\":\"https:\\\/\\\/www.forbes.be\\\/fr\\\/wp-content\\\/uploads\\\/2025\\\/03\\\/forbes-logo1-100x100.png\",\"url\":\"https:\\\/\\\/www.forbes.be\\\/fr\\\/wp-content\\\/uploads\\\/2025\\\/03\\\/forbes-logo1-100x100.png\",\"contentUrl\":\"https:\\\/\\\/www.forbes.be\\\/fr\\\/wp-content\\\/uploads\\\/2025\\\/03\\\/forbes-logo1-100x100.png\",\"caption\":\"Forbes US\"},\"url\":\"https:\\\/\\\/www.forbes.be\\\/fr\\\/author\\\/forbes-us\\\/\"}]}<\/script>\n<!-- \/ Yoast SEO plugin. -->","yoast_head_json":{"title":"L'Espagne d\u00e9ment l'ouverture de ses bases aux frappes am\u00e9ricaines contre l'Iran","description":"Trump menace de cesser le commerce avec l'Espagne apr\u00e8s son refus d'acc\u00e8s aux bases militaires pour viser l'Iran.","robots":{"index":"index","follow":"follow","max-snippet":"max-snippet:-1","max-image-preview":"max-image-preview:large","max-video-preview":"max-video-preview:-1"},"canonical":"https:\/\/www.forbes.be\/fr\/espagne-refuse-bases-frappes-iran\/","og_locale":"fr_FR","og_type":"article","og_title":"L'Espagne d\u00e9ment l'ouverture de ses bases aux frappes am\u00e9ricaines contre l'Iran","og_description":"Trump menace de cesser le commerce avec l'Espagne apr\u00e8s son refus d'acc\u00e8s aux bases militaires pour viser l'Iran.","og_url":"https:\/\/www.forbes.be\/fr\/espagne-refuse-bases-frappes-iran\/","og_site_name":"Forbes Belgique","article_publisher":"https:\/\/www.facebook.com\/forbesbelgique\/","article_published_time":"2026-03-05T07:01:29+00:00","og_image":[{"width":959,"height":639,"url":"https:\/\/www.forbes.be\/fr\/wp-content\/uploads\/2026\/03\/8823641905.jpg","type":"image\/jpeg"}],"author":"Forbes US","twitter_card":"summary_large_image","twitter_misc":{"\u00c9crit par":"Forbes US","Dur\u00e9e de lecture estim\u00e9e":"3 minutes"},"schema":{"@context":"https:\/\/schema.org","@graph":[{"@type":"NewsArticle","@id":"https:\/\/www.forbes.be\/fr\/espagne-refuse-bases-frappes-iran\/#article","isPartOf":{"@id":"https:\/\/www.forbes.be\/fr\/espagne-refuse-bases-frappes-iran\/"},"author":{"name":"Forbes US","@id":"https:\/\/www.forbes.be\/fr\/#\/schema\/person\/7a054703b12276e8c990a581baea6515"},"headline":"L&rsquo;Espagne d\u00e9ment l&rsquo;ouverture de ses bases aux frappes am\u00e9ricaines contre l&rsquo;Iran","datePublished":"2026-03-05T07:01:29+00:00","mainEntityOfPage":{"@id":"https:\/\/www.forbes.be\/fr\/espagne-refuse-bases-frappes-iran\/"},"wordCount":543,"publisher":{"@id":"https:\/\/www.forbes.be\/fr\/#organization"},"image":{"@id":"https:\/\/www.forbes.be\/fr\/espagne-refuse-bases-frappes-iran\/#primaryimage"},"thumbnailUrl":"https:\/\/www.forbes.be\/fr\/wp-content\/uploads\/2026\/03\/8823641905.jpg","articleSection":["Actualit\u00e9s"],"inLanguage":"fr-FR"},{"@type":"WebPage","@id":"https:\/\/www.forbes.be\/fr\/espagne-refuse-bases-frappes-iran\/","url":"https:\/\/www.forbes.be\/fr\/espagne-refuse-bases-frappes-iran\/","name":"L'Espagne d\u00e9ment l'ouverture de ses bases aux frappes am\u00e9ricaines contre l'Iran","isPartOf":{"@id":"https:\/\/www.forbes.be\/fr\/#website"},"primaryImageOfPage":{"@id":"https:\/\/www.forbes.be\/fr\/espagne-refuse-bases-frappes-iran\/#primaryimage"},"image":{"@id":"https:\/\/www.forbes.be\/fr\/espagne-refuse-bases-frappes-iran\/#primaryimage"},"thumbnailUrl":"https:\/\/www.forbes.be\/fr\/wp-content\/uploads\/2026\/03\/8823641905.jpg","datePublished":"2026-03-05T07:01:29+00:00","description":"Trump menace de cesser le commerce avec l'Espagne apr\u00e8s son refus d'acc\u00e8s aux bases militaires pour viser l'Iran.","breadcrumb":{"@id":"https:\/\/www.forbes.be\/fr\/espagne-refuse-bases-frappes-iran\/#breadcrumb"},"inLanguage":"fr-FR","potentialAction":[{"@type":"ReadAction","target":["https:\/\/www.forbes.be\/fr\/espagne-refuse-bases-frappes-iran\/"]}]},{"@type":"ImageObject","inLanguage":"fr-FR","@id":"https:\/\/www.forbes.be\/fr\/espagne-refuse-bases-frappes-iran\/#primaryimage","url":"https:\/\/www.forbes.be\/fr\/wp-content\/uploads\/2026\/03\/8823641905.jpg","contentUrl":"https:\/\/www.forbes.be\/fr\/wp-content\/uploads\/2026\/03\/8823641905.jpg","width":959,"height":639,"caption":"Photo by Win McNamee\/Getty Images"},{"@type":"BreadcrumbList","@id":"https:\/\/www.forbes.be\/fr\/espagne-refuse-bases-frappes-iran\/#breadcrumb","itemListElement":[{"@type":"ListItem","position":1,"name":"Accueil","item":"https:\/\/www.forbes.be\/fr\/"},{"@type":"ListItem","position":2,"name":"L&rsquo;Espagne d\u00e9ment l&rsquo;ouverture de ses bases aux frappes am\u00e9ricaines contre l&rsquo;Iran"}]},{"@type":"WebSite","@id":"https:\/\/www.forbes.be\/fr\/#website","url":"https:\/\/www.forbes.be\/fr\/","name":"Forbes Belgique","description":"","publisher":{"@id":"https:\/\/www.forbes.be\/fr\/#organization"},"potentialAction":[{"@type":"SearchAction","target":{"@type":"EntryPoint","urlTemplate":"https:\/\/www.forbes.be\/fr\/?s={search_term_string}"},"query-input":{"@type":"PropertyValueSpecification","valueRequired":true,"valueName":"search_term_string"}}],"inLanguage":"fr-FR"},{"@type":"Organization","@id":"https:\/\/www.forbes.be\/fr\/#organization","name":"Forbes Belgique","url":"https:\/\/www.forbes.be\/fr\/","logo":{"@type":"ImageObject","inLanguage":"fr-FR","@id":"https:\/\/www.forbes.be\/fr\/#\/schema\/logo\/image\/","url":"https:\/\/www.forbes.be\/fr\/wp-content\/uploads\/2024\/02\/forbes.be_.png","contentUrl":"https:\/\/www.forbes.be\/fr\/wp-content\/uploads\/2024\/02\/forbes.be_.png","width":1200,"height":675,"caption":"Forbes Belgique"},"image":{"@id":"https:\/\/www.forbes.be\/fr\/#\/schema\/logo\/image\/"},"sameAs":["https:\/\/www.facebook.com\/forbesbelgique\/","https:\/\/www.instagram.com\/Forbes_Belgium","https:\/\/www.linkedin.com\/company\/forbes-belgium\/"]},{"@type":"Person","@id":"https:\/\/www.forbes.be\/fr\/#\/schema\/person\/7a054703b12276e8c990a581baea6515","name":"Forbes US","image":{"@type":"ImageObject","inLanguage":"fr-FR","@id":"https:\/\/www.forbes.be\/fr\/wp-content\/uploads\/2025\/03\/forbes-logo1-100x100.png","url":"https:\/\/www.forbes.be\/fr\/wp-content\/uploads\/2025\/03\/forbes-logo1-100x100.png","contentUrl":"https:\/\/www.forbes.be\/fr\/wp-content\/uploads\/2025\/03\/forbes-logo1-100x100.png","caption":"Forbes US"},"url":"https:\/\/www.forbes.be\/fr\/author\/forbes-us\/"}]}},"_links":{"self":[{"href":"https:\/\/www.forbes.be\/fr\/wp-json\/wp\/v2\/posts\/15769","targetHints":{"allow":["GET"]}}],"collection":[{"href":"https:\/\/www.forbes.be\/fr\/wp-json\/wp\/v2\/posts"}],"about":[{"href":"https:\/\/www.forbes.be\/fr\/wp-json\/wp\/v2\/types\/post"}],"author":[{"embeddable":true,"href":"https:\/\/www.forbes.be\/fr\/wp-json\/wp\/v2\/users\/28"}],"replies":[{"embeddable":true,"href":"https:\/\/www.forbes.be\/fr\/wp-json\/wp\/v2\/comments?post=15769"}],"version-history":[{"count":0,"href":"https:\/\/www.forbes.be\/fr\/wp-json\/wp\/v2\/posts\/15769\/revisions"}],"wp:featuredmedia":[{"embeddable":true,"href":"https:\/\/www.forbes.be\/fr\/wp-json\/wp\/v2\/media\/15768"}],"wp:attachment":[{"href":"https:\/\/www.forbes.be\/fr\/wp-json\/wp\/v2\/media?parent=15769"}],"wp:term":[{"taxonomy":"category","embeddable":true,"href":"https:\/\/www.forbes.be\/fr\/wp-json\/wp\/v2\/categories?post=15769"},{"taxonomy":"post_tag","embeddable":true,"href":"https:\/\/www.forbes.be\/fr\/wp-json\/wp\/v2\/tags?post=15769"}],"curies":[{"name":"wp","href":"https:\/\/api.w.org\/{rel}","templated":true}]}}