{"id":15848,"date":"2026-03-11T07:09:47","date_gmt":"2026-03-11T06:09:47","guid":{"rendered":"https:\/\/www.forbes.be\/fr\/?p=15848"},"modified":"2026-03-10T15:51:40","modified_gmt":"2026-03-10T14:51:40","slug":"marie-adam-leenaerdt-forbes-30-under-30-le-printemps-ete-en-pente-douce","status":"publish","type":"post","link":"https:\/\/www.forbes.be\/fr\/marie-adam-leenaerdt-forbes-30-under-30-le-printemps-ete-en-pente-douce\/","title":{"rendered":"Marie Adam-Leenaerdt (Forbes 30 Under 30) : Le Printemps-Et\u00e9 en pente douce"},"content":{"rendered":"<p><strong>Elle a fond\u00e9 sa marque \u00e9ponyme en 2023, \u00e0 peine son dipl\u00f4me de La Cambre Mode[s] d\u00e9croch\u00e9. Ambitieuse et r\u00e9fl\u00e9chie, ind\u00e9pendante dans le fond (de ses collections) comme dans la forme (de sa soci\u00e9t\u00e9), Marie Adam-Leenaerdt ma\u00eetrise son expansion, et investit dans son nom.<\/strong><\/p>\n<p>Grandissant chaque saison selon un rythme de croissance raisonn\u00e9e qui lui permet de se d\u00e9velopper sans perdre le contr\u00f4le, sa soci\u00e9t\u00e9 est soutenue par des investisseurs proches, qui font pratiquement ou symboliquement partie de sa famille.<\/p>\n<figure id=\"attachment_15850\" aria-describedby=\"caption-attachment-15850\" style=\"width: 1707px\" class=\"wp-caption alignnone\"><img loading=\"lazy\" decoding=\"async\" class=\"size-full wp-image-15850\" src=\"https:\/\/www.forbes.be\/fr\/wp-content\/uploads\/2026\/03\/look-45-mal2510-paris-ss26-ag03290-scaled.jpg\" alt=\"\" width=\"1707\" height=\"2560\" srcset=\"https:\/\/www.forbes.be\/fr\/wp-content\/uploads\/2026\/03\/look-45-mal2510-paris-ss26-ag03290-scaled.jpg 1707w, https:\/\/www.forbes.be\/fr\/wp-content\/uploads\/2026\/03\/look-45-mal2510-paris-ss26-ag03290-200x300.jpg 200w, https:\/\/www.forbes.be\/fr\/wp-content\/uploads\/2026\/03\/look-45-mal2510-paris-ss26-ag03290-683x1024.jpg 683w, https:\/\/www.forbes.be\/fr\/wp-content\/uploads\/2026\/03\/look-45-mal2510-paris-ss26-ag03290-768x1152.jpg 768w, https:\/\/www.forbes.be\/fr\/wp-content\/uploads\/2026\/03\/look-45-mal2510-paris-ss26-ag03290-1024x1536.jpg 1024w, https:\/\/www.forbes.be\/fr\/wp-content\/uploads\/2026\/03\/look-45-mal2510-paris-ss26-ag03290-1365x2048.jpg 1365w, https:\/\/www.forbes.be\/fr\/wp-content\/uploads\/2026\/03\/look-45-mal2510-paris-ss26-ag03290-696x1044.jpg 696w, https:\/\/www.forbes.be\/fr\/wp-content\/uploads\/2026\/03\/look-45-mal2510-paris-ss26-ag03290-1068x1602.jpg 1068w, https:\/\/www.forbes.be\/fr\/wp-content\/uploads\/2026\/03\/look-45-mal2510-paris-ss26-ag03290-1920x2880.jpg 1920w, https:\/\/www.forbes.be\/fr\/wp-content\/uploads\/2026\/03\/look-45-mal2510-paris-ss26-ag03290-600x900.jpg 600w\" sizes=\"auto, (max-width: 1707px) 100vw, 1707px\" \/><figcaption id=\"caption-attachment-15850\" class=\"wp-caption-text\">\u00a9 DR<\/figcaption><\/figure>\n<p>Trois ans apr\u00e8s son premier d\u00e9fil\u00e9 \u00e0 Paris le jour de ses 26 ans, avec d\u00e9j\u00e0 25 (tr\u00e8s beaux) points de ventes en Europe, aux \u00c9tats-Unis et en Asie, Marie vient de lancer son e-shop dont le centre de logistique est install\u00e9 Belgique, \u00e0 destination du monde entier. \u00ab <em>Nous avons aussi sign\u00e9 avec un nouvel agent en Asie, parce que ce march\u00e9 constitue un tr\u00e8s gros p\u00f4le de d\u00e9veloppement. Et depuis la saison derni\u00e8re, nous avons adapt\u00e9 notre strat\u00e9gie de vente : on se concentre beaucoup plus sur les boutiques ind\u00e9pendantes et moins sur les gros multimarques. On prend ainsi moins de risques si on perd une boutique, parce que les investissements sont mieux r\u00e9partis<\/em> \u00bb. Cette d\u00e9cision s\u2019appuie aussi sur une conscience rationnelle : les v\u00eatements qu\u2019elle cr\u00e9e, adaptables et conceptuels, m\u00e9ritent \u2013 voire n\u00e9cessitent \u2013 par la qualit\u00e9 du design comme des mati\u00e8res, d\u2019\u00eatre essay\u00e9s, touch\u00e9s et d\u00e9couverts en \u00ab conditions r\u00e9elles \u00bb.<\/p>\n<h2>Family (fashion) business<\/h2>\n<p>Son bras droit la conna\u00eet mieux que personne : il s\u2019agit de sa m\u00e8re, associ\u00e9e d\u00e9vou\u00e9e, \u00e9galement directrice de Sony Universal Paramount Belgique. S\u2019inscrivant dans la philosophie des entreprises belges qui perdurent depuis des d\u00e9cennies et traversent tous les orages parce qu\u2019elles sont fond\u00e9es sur des \u00e9quipes soud\u00e9es qui se connaissent depuis toujours \u2013 comme chez <strong>Dries Van Noten<\/strong>, o\u00f9 de nombreux employ\u00e9s font et ont fait toute leur carri\u00e8re &#8211; <strong>Marie Adam-Leenaerdt<\/strong> s\u2019appuie sur des collaborateurs \u00ab <em>qui s\u2019impliquent dans l&rsquo;int\u00e9r\u00eat de la marque, qui placent leur confiance dans le projet et qui ont envie de le pousser<\/em> \u00bb. Si la jeune femme admet que la p\u00e9riode est compliqu\u00e9e pour tout le monde dans l\u2019industrie de la mode (\u00ab <em>il faut se battre pour tout<\/em> \u00bb), elle souligne cependant les signaux positifs comme l\u2019augmentation, chaque saison, de ses points de ventes.<\/p>\n<h2>Sur la rampe de lancement, patiemment<\/h2>\n<figure id=\"attachment_15851\" aria-describedby=\"caption-attachment-15851\" style=\"width: 1707px\" class=\"wp-caption alignnone\"><img loading=\"lazy\" decoding=\"async\" class=\"size-full wp-image-15851\" src=\"https:\/\/www.forbes.be\/fr\/wp-content\/uploads\/2026\/03\/look-26-mal2510-paris-ss26-ag01910-scaled.jpg\" alt=\"\" width=\"1707\" height=\"2560\" srcset=\"https:\/\/www.forbes.be\/fr\/wp-content\/uploads\/2026\/03\/look-26-mal2510-paris-ss26-ag01910-scaled.jpg 1707w, https:\/\/www.forbes.be\/fr\/wp-content\/uploads\/2026\/03\/look-26-mal2510-paris-ss26-ag01910-200x300.jpg 200w, https:\/\/www.forbes.be\/fr\/wp-content\/uploads\/2026\/03\/look-26-mal2510-paris-ss26-ag01910-683x1024.jpg 683w, https:\/\/www.forbes.be\/fr\/wp-content\/uploads\/2026\/03\/look-26-mal2510-paris-ss26-ag01910-768x1152.jpg 768w, https:\/\/www.forbes.be\/fr\/wp-content\/uploads\/2026\/03\/look-26-mal2510-paris-ss26-ag01910-1024x1536.jpg 1024w, https:\/\/www.forbes.be\/fr\/wp-content\/uploads\/2026\/03\/look-26-mal2510-paris-ss26-ag01910-1365x2048.jpg 1365w, https:\/\/www.forbes.be\/fr\/wp-content\/uploads\/2026\/03\/look-26-mal2510-paris-ss26-ag01910-696x1044.jpg 696w, https:\/\/www.forbes.be\/fr\/wp-content\/uploads\/2026\/03\/look-26-mal2510-paris-ss26-ag01910-1068x1602.jpg 1068w, https:\/\/www.forbes.be\/fr\/wp-content\/uploads\/2026\/03\/look-26-mal2510-paris-ss26-ag01910-1920x2880.jpg 1920w, https:\/\/www.forbes.be\/fr\/wp-content\/uploads\/2026\/03\/look-26-mal2510-paris-ss26-ag01910-600x900.jpg 600w\" sizes=\"auto, (max-width: 1707px) 100vw, 1707px\" \/><figcaption id=\"caption-attachment-15851\" class=\"wp-caption-text\">\u00a9 DR<\/figcaption><\/figure>\n<p>Quand on lui demande avec quelle enveloppe de base elle a lanc\u00e9 sa marque, Marie rit : \u00ab <em>il fallait mettre 5 000 \u20ac pour cr\u00e9er une soci\u00e9t\u00e9, c\u2019est tout ce que j\u2019avais. On a vraiment travaill\u00e9 au jour le jour, une collection apr\u00e8s l\u2019autre, pas \u00e0 pas<\/em> \u00bb. En termes d\u2019objectifs de d\u00e9veloppement, elle reconna\u00eet son ambition paradoxale : \u00ab <em>j\u2019ai \u00e9videmment envie d\u2019agrandir ma client\u00e8le, de devenir une r\u00e9f\u00e9rence, mais j\u2019ai aussi toujours voulu que mon produit reste niche et ne devienne pas compl\u00e8tement mainstream. On ne peut pas nier que produire un sac qui se vendrait \u00e0 des milliers d&rsquo;exemplaires fait r\u00eaver, mais le revers de la m\u00e9daille, le \u00ab\u00a0<\/em>trop vu<em>\u00ab\u00a0, ne m\u2019attire pas du tout. Je cherche un \u00e9quilibre, la bonne recette pour concevoir un produit \u00e0 la fois tr\u00e8s d\u00e9sirable, mais accessible pour la bonne audience, celle qui le comprend vraiment<\/em> \u00bb. Alors que la plupart des marques, sous tension, c\u00e8dent actuellement \u00e0 la tentation de proposer plus ou moins la m\u00eame chose, <strong>Marie Adam-Leenaerdt<\/strong> cr\u00e9e \u00e0 l\u2019instinct, sans \u00e9tudes de march\u00e9. Rappelant, par son succ\u00e8s ma\u00eetris\u00e9, que la mode na\u00eet de l\u2019art, et prosp\u00e8re organiquement, quand la cr\u00e9ation est bien entour\u00e9e.<\/p>\n","protected":false},"excerpt":{"rendered":"<p>Elle a fond\u00e9 sa marque \u00e9ponyme en 2023, \u00e0 peine son dipl\u00f4me de La Cambre Mode[s] d\u00e9croch\u00e9. Ambitieuse et r\u00e9fl\u00e9chie, ind\u00e9pendante dans le fond (de ses collections) comme dans la forme (de sa soci\u00e9t\u00e9), Marie Adam-Leenaerdt ma\u00eetrise son expansion, et investit dans son nom. Grandissant chaque saison selon un rythme de croissance raisonn\u00e9e qui lui [&hellip;]<\/p>\n","protected":false},"author":43,"featured_media":15849,"comment_status":"closed","ping_status":"closed","sticky":false,"template":"","format":"standard","meta":{"_acf_changed":false,"inline_featured_image":false,"footnotes":""},"categories":[19,22,59,60],"tags":[],"class_list":{"0":"post-15848","1":"post","2":"type-post","3":"status-publish","4":"format-standard","5":"has-post-thumbnail","7":"category-entrepreneurs","8":"category-femmes-forbes","9":"category-forbes-30-30","10":"category-lifestyle"},"acf":[],"_yoast_wpseo_title":null,"_yoast_wpseo_metadesc":"\u00c0 26 ans, la cr\u00e9atrice belge Marie Adam-Leenaerdt impose sa marque entre Paris, l\u2019Asie et les \u00c9tats-Unis avec une croissance ma\u00eetris\u00e9e.","auteur_traducteur":"","yoast_head":"<!-- This site is optimized with the Yoast SEO plugin v27.4 - https:\/\/yoast.com\/product\/yoast-seo-wordpress\/ -->\n<title>Marie Adam-Leenaerdt (Forbes 30 Under 30) : Le Printemps-Et\u00e9 en pente douce | Forbes Belgique<\/title>\n<meta name=\"description\" content=\"\u00c0 26 ans, la cr\u00e9atrice belge Marie Adam-Leenaerdt impose sa marque entre Paris, l\u2019Asie et les \u00c9tats-Unis avec une croissance ma\u00eetris\u00e9e.\" \/>\n<meta name=\"robots\" content=\"index, follow, max-snippet:-1, max-image-preview:large, max-video-preview:-1\" \/>\n<link rel=\"canonical\" href=\"https:\/\/www.forbes.be\/fr\/marie-adam-leenaerdt-forbes-30-under-30-le-printemps-ete-en-pente-douce\/\" \/>\n<meta property=\"og:locale\" content=\"fr_FR\" \/>\n<meta property=\"og:type\" content=\"article\" \/>\n<meta property=\"og:title\" content=\"Marie Adam-Leenaerdt (Forbes 30 Under 30) : Le Printemps-Et\u00e9 en pente douce | Forbes Belgique\" \/>\n<meta property=\"og:description\" content=\"\u00c0 26 ans, la cr\u00e9atrice belge Marie Adam-Leenaerdt impose sa marque entre Paris, l\u2019Asie et les \u00c9tats-Unis avec une croissance ma\u00eetris\u00e9e.\" \/>\n<meta property=\"og:url\" content=\"https:\/\/www.forbes.be\/fr\/marie-adam-leenaerdt-forbes-30-under-30-le-printemps-ete-en-pente-douce\/\" \/>\n<meta property=\"og:site_name\" content=\"Forbes Belgique\" \/>\n<meta property=\"article:publisher\" content=\"https:\/\/www.facebook.com\/forbesbelgique\/\" \/>\n<meta property=\"article:published_time\" content=\"2026-03-11T06:09:47+00:00\" \/>\n<meta property=\"og:image\" content=\"https:\/\/www.forbes.be\/fr\/wp-content\/uploads\/2026\/03\/marie-adam-leenaerdt-c-courtesy-of-marie-adam-leenaerdt-2-scaled-e1773154214134.jpg\" \/>\n\t<meta property=\"og:image:width\" content=\"1707\" \/>\n\t<meta property=\"og:image:height\" content=\"896\" \/>\n\t<meta property=\"og:image:type\" content=\"image\/jpeg\" \/>\n<meta name=\"author\" content=\"Elisabeth Clauss\" \/>\n<meta name=\"twitter:card\" content=\"summary_large_image\" \/>\n<meta name=\"twitter:label1\" content=\"\u00c9crit par\" \/>\n\t<meta name=\"twitter:data1\" content=\"Elisabeth Clauss\" \/>\n\t<meta name=\"twitter:label2\" content=\"Dur\u00e9e de lecture estim\u00e9e\" \/>\n\t<meta name=\"twitter:data2\" content=\"4 minutes\" \/>\n<script type=\"application\/ld+json\" class=\"yoast-schema-graph\">{\"@context\":\"https:\\\/\\\/schema.org\",\"@graph\":[{\"@type\":\"NewsArticle\",\"@id\":\"https:\\\/\\\/www.forbes.be\\\/fr\\\/marie-adam-leenaerdt-forbes-30-under-30-le-printemps-ete-en-pente-douce\\\/#article\",\"isPartOf\":{\"@id\":\"https:\\\/\\\/www.forbes.be\\\/fr\\\/marie-adam-leenaerdt-forbes-30-under-30-le-printemps-ete-en-pente-douce\\\/\"},\"author\":{\"name\":\"Elisabeth Clauss\",\"@id\":\"https:\\\/\\\/www.forbes.be\\\/fr\\\/#\\\/schema\\\/person\\\/c3fea84edc4d1fe816b59a5a20a6f384\"},\"headline\":\"Marie Adam-Leenaerdt (Forbes 30 Under 30) : Le Printemps-Et\u00e9 en pente douce\",\"datePublished\":\"2026-03-11T06:09:47+00:00\",\"mainEntityOfPage\":{\"@id\":\"https:\\\/\\\/www.forbes.be\\\/fr\\\/marie-adam-leenaerdt-forbes-30-under-30-le-printemps-ete-en-pente-douce\\\/\"},\"wordCount\":664,\"publisher\":{\"@id\":\"https:\\\/\\\/www.forbes.be\\\/fr\\\/#organization\"},\"image\":{\"@id\":\"https:\\\/\\\/www.forbes.be\\\/fr\\\/marie-adam-leenaerdt-forbes-30-under-30-le-printemps-ete-en-pente-douce\\\/#primaryimage\"},\"thumbnailUrl\":\"https:\\\/\\\/www.forbes.be\\\/fr\\\/wp-content\\\/uploads\\\/2026\\\/03\\\/marie-adam-leenaerdt-c-courtesy-of-marie-adam-leenaerdt-2-scaled-e1773154214134.jpg\",\"articleSection\":[\"Entrepreneurs\",\"Femmes Forbes\",\"Forbes 30-30\",\"Lifestyle\"],\"inLanguage\":\"fr-FR\"},{\"@type\":\"WebPage\",\"@id\":\"https:\\\/\\\/www.forbes.be\\\/fr\\\/marie-adam-leenaerdt-forbes-30-under-30-le-printemps-ete-en-pente-douce\\\/\",\"url\":\"https:\\\/\\\/www.forbes.be\\\/fr\\\/marie-adam-leenaerdt-forbes-30-under-30-le-printemps-ete-en-pente-douce\\\/\",\"name\":\"Marie Adam-Leenaerdt (Forbes 30 Under 30) : Le Printemps-Et\u00e9 en pente douce | Forbes Belgique\",\"isPartOf\":{\"@id\":\"https:\\\/\\\/www.forbes.be\\\/fr\\\/#website\"},\"primaryImageOfPage\":{\"@id\":\"https:\\\/\\\/www.forbes.be\\\/fr\\\/marie-adam-leenaerdt-forbes-30-under-30-le-printemps-ete-en-pente-douce\\\/#primaryimage\"},\"image\":{\"@id\":\"https:\\\/\\\/www.forbes.be\\\/fr\\\/marie-adam-leenaerdt-forbes-30-under-30-le-printemps-ete-en-pente-douce\\\/#primaryimage\"},\"thumbnailUrl\":\"https:\\\/\\\/www.forbes.be\\\/fr\\\/wp-content\\\/uploads\\\/2026\\\/03\\\/marie-adam-leenaerdt-c-courtesy-of-marie-adam-leenaerdt-2-scaled-e1773154214134.jpg\",\"datePublished\":\"2026-03-11T06:09:47+00:00\",\"description\":\"\u00c0 26 ans, la cr\u00e9atrice belge Marie Adam-Leenaerdt impose sa marque entre Paris, l\u2019Asie et les \u00c9tats-Unis avec une croissance ma\u00eetris\u00e9e.\",\"breadcrumb\":{\"@id\":\"https:\\\/\\\/www.forbes.be\\\/fr\\\/marie-adam-leenaerdt-forbes-30-under-30-le-printemps-ete-en-pente-douce\\\/#breadcrumb\"},\"inLanguage\":\"fr-FR\",\"potentialAction\":[{\"@type\":\"ReadAction\",\"target\":[\"https:\\\/\\\/www.forbes.be\\\/fr\\\/marie-adam-leenaerdt-forbes-30-under-30-le-printemps-ete-en-pente-douce\\\/\"]}]},{\"@type\":\"ImageObject\",\"inLanguage\":\"fr-FR\",\"@id\":\"https:\\\/\\\/www.forbes.be\\\/fr\\\/marie-adam-leenaerdt-forbes-30-under-30-le-printemps-ete-en-pente-douce\\\/#primaryimage\",\"url\":\"https:\\\/\\\/www.forbes.be\\\/fr\\\/wp-content\\\/uploads\\\/2026\\\/03\\\/marie-adam-leenaerdt-c-courtesy-of-marie-adam-leenaerdt-2-scaled-e1773154214134.jpg\",\"contentUrl\":\"https:\\\/\\\/www.forbes.be\\\/fr\\\/wp-content\\\/uploads\\\/2026\\\/03\\\/marie-adam-leenaerdt-c-courtesy-of-marie-adam-leenaerdt-2-scaled-e1773154214134.jpg\",\"width\":1707,\"height\":896,\"caption\":\"\u00a9 DR\"},{\"@type\":\"BreadcrumbList\",\"@id\":\"https:\\\/\\\/www.forbes.be\\\/fr\\\/marie-adam-leenaerdt-forbes-30-under-30-le-printemps-ete-en-pente-douce\\\/#breadcrumb\",\"itemListElement\":[{\"@type\":\"ListItem\",\"position\":1,\"name\":\"Accueil\",\"item\":\"https:\\\/\\\/www.forbes.be\\\/fr\\\/\"},{\"@type\":\"ListItem\",\"position\":2,\"name\":\"Marie Adam-Leenaerdt (Forbes 30 Under 30) : Le Printemps-Et\u00e9 en pente douce\"}]},{\"@type\":\"WebSite\",\"@id\":\"https:\\\/\\\/www.forbes.be\\\/fr\\\/#website\",\"url\":\"https:\\\/\\\/www.forbes.be\\\/fr\\\/\",\"name\":\"Forbes Belgique\",\"description\":\"\",\"publisher\":{\"@id\":\"https:\\\/\\\/www.forbes.be\\\/fr\\\/#organization\"},\"potentialAction\":[{\"@type\":\"SearchAction\",\"target\":{\"@type\":\"EntryPoint\",\"urlTemplate\":\"https:\\\/\\\/www.forbes.be\\\/fr\\\/?s={search_term_string}\"},\"query-input\":{\"@type\":\"PropertyValueSpecification\",\"valueRequired\":true,\"valueName\":\"search_term_string\"}}],\"inLanguage\":\"fr-FR\"},{\"@type\":\"Organization\",\"@id\":\"https:\\\/\\\/www.forbes.be\\\/fr\\\/#organization\",\"name\":\"Forbes Belgique\",\"url\":\"https:\\\/\\\/www.forbes.be\\\/fr\\\/\",\"logo\":{\"@type\":\"ImageObject\",\"inLanguage\":\"fr-FR\",\"@id\":\"https:\\\/\\\/www.forbes.be\\\/fr\\\/#\\\/schema\\\/logo\\\/image\\\/\",\"url\":\"https:\\\/\\\/www.forbes.be\\\/fr\\\/wp-content\\\/uploads\\\/2024\\\/02\\\/forbes.be_.png\",\"contentUrl\":\"https:\\\/\\\/www.forbes.be\\\/fr\\\/wp-content\\\/uploads\\\/2024\\\/02\\\/forbes.be_.png\",\"width\":1200,\"height\":675,\"caption\":\"Forbes Belgique\"},\"image\":{\"@id\":\"https:\\\/\\\/www.forbes.be\\\/fr\\\/#\\\/schema\\\/logo\\\/image\\\/\"},\"sameAs\":[\"https:\\\/\\\/www.facebook.com\\\/forbesbelgique\\\/\",\"https:\\\/\\\/www.instagram.com\\\/Forbes_Belgium\",\"https:\\\/\\\/www.linkedin.com\\\/company\\\/forbes-belgium\\\/\"]},{\"@type\":\"Person\",\"@id\":\"https:\\\/\\\/www.forbes.be\\\/fr\\\/#\\\/schema\\\/person\\\/c3fea84edc4d1fe816b59a5a20a6f384\",\"name\":\"Elisabeth Clauss\",\"image\":{\"@type\":\"ImageObject\",\"inLanguage\":\"fr-FR\",\"@id\":\"https:\\\/\\\/secure.gravatar.com\\\/avatar\\\/3bf5a689b7553a76b1c64762a93978ff31c30fe661b96e2f58c95f9fc9a7eb41?s=96&d=mm&r=g\",\"url\":\"https:\\\/\\\/secure.gravatar.com\\\/avatar\\\/3bf5a689b7553a76b1c64762a93978ff31c30fe661b96e2f58c95f9fc9a7eb41?s=96&d=mm&r=g\",\"contentUrl\":\"https:\\\/\\\/secure.gravatar.com\\\/avatar\\\/3bf5a689b7553a76b1c64762a93978ff31c30fe661b96e2f58c95f9fc9a7eb41?s=96&d=mm&r=g\",\"caption\":\"Elisabeth Clauss\"},\"url\":\"https:\\\/\\\/www.forbes.be\\\/fr\\\/author\\\/elisabeth-clauss\\\/\"}]}<\/script>\n<!-- \/ Yoast SEO plugin. -->","yoast_head_json":{"title":"Marie Adam-Leenaerdt (Forbes 30 Under 30) : Le Printemps-Et\u00e9 en pente douce | Forbes Belgique","description":"\u00c0 26 ans, la cr\u00e9atrice belge Marie Adam-Leenaerdt impose sa marque entre Paris, l\u2019Asie et les \u00c9tats-Unis avec une croissance ma\u00eetris\u00e9e.","robots":{"index":"index","follow":"follow","max-snippet":"max-snippet:-1","max-image-preview":"max-image-preview:large","max-video-preview":"max-video-preview:-1"},"canonical":"https:\/\/www.forbes.be\/fr\/marie-adam-leenaerdt-forbes-30-under-30-le-printemps-ete-en-pente-douce\/","og_locale":"fr_FR","og_type":"article","og_title":"Marie Adam-Leenaerdt (Forbes 30 Under 30) : Le Printemps-Et\u00e9 en pente douce | Forbes Belgique","og_description":"\u00c0 26 ans, la cr\u00e9atrice belge Marie Adam-Leenaerdt impose sa marque entre Paris, l\u2019Asie et les \u00c9tats-Unis avec une croissance ma\u00eetris\u00e9e.","og_url":"https:\/\/www.forbes.be\/fr\/marie-adam-leenaerdt-forbes-30-under-30-le-printemps-ete-en-pente-douce\/","og_site_name":"Forbes Belgique","article_publisher":"https:\/\/www.facebook.com\/forbesbelgique\/","article_published_time":"2026-03-11T06:09:47+00:00","og_image":[{"width":1707,"height":896,"url":"https:\/\/www.forbes.be\/fr\/wp-content\/uploads\/2026\/03\/marie-adam-leenaerdt-c-courtesy-of-marie-adam-leenaerdt-2-scaled-e1773154214134.jpg","type":"image\/jpeg"}],"author":"Elisabeth Clauss","twitter_card":"summary_large_image","twitter_misc":{"\u00c9crit par":"Elisabeth Clauss","Dur\u00e9e de lecture estim\u00e9e":"4 minutes"},"schema":{"@context":"https:\/\/schema.org","@graph":[{"@type":"NewsArticle","@id":"https:\/\/www.forbes.be\/fr\/marie-adam-leenaerdt-forbes-30-under-30-le-printemps-ete-en-pente-douce\/#article","isPartOf":{"@id":"https:\/\/www.forbes.be\/fr\/marie-adam-leenaerdt-forbes-30-under-30-le-printemps-ete-en-pente-douce\/"},"author":{"name":"Elisabeth Clauss","@id":"https:\/\/www.forbes.be\/fr\/#\/schema\/person\/c3fea84edc4d1fe816b59a5a20a6f384"},"headline":"Marie Adam-Leenaerdt (Forbes 30 Under 30) : Le Printemps-Et\u00e9 en pente douce","datePublished":"2026-03-11T06:09:47+00:00","mainEntityOfPage":{"@id":"https:\/\/www.forbes.be\/fr\/marie-adam-leenaerdt-forbes-30-under-30-le-printemps-ete-en-pente-douce\/"},"wordCount":664,"publisher":{"@id":"https:\/\/www.forbes.be\/fr\/#organization"},"image":{"@id":"https:\/\/www.forbes.be\/fr\/marie-adam-leenaerdt-forbes-30-under-30-le-printemps-ete-en-pente-douce\/#primaryimage"},"thumbnailUrl":"https:\/\/www.forbes.be\/fr\/wp-content\/uploads\/2026\/03\/marie-adam-leenaerdt-c-courtesy-of-marie-adam-leenaerdt-2-scaled-e1773154214134.jpg","articleSection":["Entrepreneurs","Femmes Forbes","Forbes 30-30","Lifestyle"],"inLanguage":"fr-FR"},{"@type":"WebPage","@id":"https:\/\/www.forbes.be\/fr\/marie-adam-leenaerdt-forbes-30-under-30-le-printemps-ete-en-pente-douce\/","url":"https:\/\/www.forbes.be\/fr\/marie-adam-leenaerdt-forbes-30-under-30-le-printemps-ete-en-pente-douce\/","name":"Marie Adam-Leenaerdt (Forbes 30 Under 30) : Le Printemps-Et\u00e9 en pente douce | Forbes Belgique","isPartOf":{"@id":"https:\/\/www.forbes.be\/fr\/#website"},"primaryImageOfPage":{"@id":"https:\/\/www.forbes.be\/fr\/marie-adam-leenaerdt-forbes-30-under-30-le-printemps-ete-en-pente-douce\/#primaryimage"},"image":{"@id":"https:\/\/www.forbes.be\/fr\/marie-adam-leenaerdt-forbes-30-under-30-le-printemps-ete-en-pente-douce\/#primaryimage"},"thumbnailUrl":"https:\/\/www.forbes.be\/fr\/wp-content\/uploads\/2026\/03\/marie-adam-leenaerdt-c-courtesy-of-marie-adam-leenaerdt-2-scaled-e1773154214134.jpg","datePublished":"2026-03-11T06:09:47+00:00","description":"\u00c0 26 ans, la cr\u00e9atrice belge Marie Adam-Leenaerdt impose sa marque entre Paris, l\u2019Asie et les \u00c9tats-Unis avec une croissance ma\u00eetris\u00e9e.","breadcrumb":{"@id":"https:\/\/www.forbes.be\/fr\/marie-adam-leenaerdt-forbes-30-under-30-le-printemps-ete-en-pente-douce\/#breadcrumb"},"inLanguage":"fr-FR","potentialAction":[{"@type":"ReadAction","target":["https:\/\/www.forbes.be\/fr\/marie-adam-leenaerdt-forbes-30-under-30-le-printemps-ete-en-pente-douce\/"]}]},{"@type":"ImageObject","inLanguage":"fr-FR","@id":"https:\/\/www.forbes.be\/fr\/marie-adam-leenaerdt-forbes-30-under-30-le-printemps-ete-en-pente-douce\/#primaryimage","url":"https:\/\/www.forbes.be\/fr\/wp-content\/uploads\/2026\/03\/marie-adam-leenaerdt-c-courtesy-of-marie-adam-leenaerdt-2-scaled-e1773154214134.jpg","contentUrl":"https:\/\/www.forbes.be\/fr\/wp-content\/uploads\/2026\/03\/marie-adam-leenaerdt-c-courtesy-of-marie-adam-leenaerdt-2-scaled-e1773154214134.jpg","width":1707,"height":896,"caption":"\u00a9 DR"},{"@type":"BreadcrumbList","@id":"https:\/\/www.forbes.be\/fr\/marie-adam-leenaerdt-forbes-30-under-30-le-printemps-ete-en-pente-douce\/#breadcrumb","itemListElement":[{"@type":"ListItem","position":1,"name":"Accueil","item":"https:\/\/www.forbes.be\/fr\/"},{"@type":"ListItem","position":2,"name":"Marie Adam-Leenaerdt (Forbes 30 Under 30) : Le Printemps-Et\u00e9 en pente douce"}]},{"@type":"WebSite","@id":"https:\/\/www.forbes.be\/fr\/#website","url":"https:\/\/www.forbes.be\/fr\/","name":"Forbes Belgique","description":"","publisher":{"@id":"https:\/\/www.forbes.be\/fr\/#organization"},"potentialAction":[{"@type":"SearchAction","target":{"@type":"EntryPoint","urlTemplate":"https:\/\/www.forbes.be\/fr\/?s={search_term_string}"},"query-input":{"@type":"PropertyValueSpecification","valueRequired":true,"valueName":"search_term_string"}}],"inLanguage":"fr-FR"},{"@type":"Organization","@id":"https:\/\/www.forbes.be\/fr\/#organization","name":"Forbes Belgique","url":"https:\/\/www.forbes.be\/fr\/","logo":{"@type":"ImageObject","inLanguage":"fr-FR","@id":"https:\/\/www.forbes.be\/fr\/#\/schema\/logo\/image\/","url":"https:\/\/www.forbes.be\/fr\/wp-content\/uploads\/2024\/02\/forbes.be_.png","contentUrl":"https:\/\/www.forbes.be\/fr\/wp-content\/uploads\/2024\/02\/forbes.be_.png","width":1200,"height":675,"caption":"Forbes Belgique"},"image":{"@id":"https:\/\/www.forbes.be\/fr\/#\/schema\/logo\/image\/"},"sameAs":["https:\/\/www.facebook.com\/forbesbelgique\/","https:\/\/www.instagram.com\/Forbes_Belgium","https:\/\/www.linkedin.com\/company\/forbes-belgium\/"]},{"@type":"Person","@id":"https:\/\/www.forbes.be\/fr\/#\/schema\/person\/c3fea84edc4d1fe816b59a5a20a6f384","name":"Elisabeth Clauss","image":{"@type":"ImageObject","inLanguage":"fr-FR","@id":"https:\/\/secure.gravatar.com\/avatar\/3bf5a689b7553a76b1c64762a93978ff31c30fe661b96e2f58c95f9fc9a7eb41?s=96&d=mm&r=g","url":"https:\/\/secure.gravatar.com\/avatar\/3bf5a689b7553a76b1c64762a93978ff31c30fe661b96e2f58c95f9fc9a7eb41?s=96&d=mm&r=g","contentUrl":"https:\/\/secure.gravatar.com\/avatar\/3bf5a689b7553a76b1c64762a93978ff31c30fe661b96e2f58c95f9fc9a7eb41?s=96&d=mm&r=g","caption":"Elisabeth Clauss"},"url":"https:\/\/www.forbes.be\/fr\/author\/elisabeth-clauss\/"}]}},"_links":{"self":[{"href":"https:\/\/www.forbes.be\/fr\/wp-json\/wp\/v2\/posts\/15848","targetHints":{"allow":["GET"]}}],"collection":[{"href":"https:\/\/www.forbes.be\/fr\/wp-json\/wp\/v2\/posts"}],"about":[{"href":"https:\/\/www.forbes.be\/fr\/wp-json\/wp\/v2\/types\/post"}],"author":[{"embeddable":true,"href":"https:\/\/www.forbes.be\/fr\/wp-json\/wp\/v2\/users\/43"}],"replies":[{"embeddable":true,"href":"https:\/\/www.forbes.be\/fr\/wp-json\/wp\/v2\/comments?post=15848"}],"version-history":[{"count":1,"href":"https:\/\/www.forbes.be\/fr\/wp-json\/wp\/v2\/posts\/15848\/revisions"}],"predecessor-version":[{"id":15852,"href":"https:\/\/www.forbes.be\/fr\/wp-json\/wp\/v2\/posts\/15848\/revisions\/15852"}],"wp:featuredmedia":[{"embeddable":true,"href":"https:\/\/www.forbes.be\/fr\/wp-json\/wp\/v2\/media\/15849"}],"wp:attachment":[{"href":"https:\/\/www.forbes.be\/fr\/wp-json\/wp\/v2\/media?parent=15848"}],"wp:term":[{"taxonomy":"category","embeddable":true,"href":"https:\/\/www.forbes.be\/fr\/wp-json\/wp\/v2\/categories?post=15848"},{"taxonomy":"post_tag","embeddable":true,"href":"https:\/\/www.forbes.be\/fr\/wp-json\/wp\/v2\/tags?post=15848"}],"curies":[{"name":"wp","href":"https:\/\/api.w.org\/{rel}","templated":true}]}}