{"id":15857,"date":"2026-03-10T21:03:32","date_gmt":"2026-03-10T20:03:32","guid":{"rendered":"https:\/\/www.forbes.be\/fr\/?p=15857"},"modified":"2026-03-11T12:02:33","modified_gmt":"2026-03-11T11:02:33","slug":"classement-forbes-2026-des-milliardaires-la-belgique-hesite-entre-dynasties-et-revolution-tech","status":"publish","type":"post","link":"https:\/\/www.forbes.be\/fr\/classement-forbes-2026-des-milliardaires-la-belgique-hesite-entre-dynasties-et-revolution-tech\/","title":{"rendered":"Classement Forbes 2026 des milliardaires : la Belgique h\u00e9site entre dynasties et r\u00e9volution tech"},"content":{"rendered":"<p><strong>Le cru 2026 du classement Forbes des milliardaires confirme l&rsquo;h\u00e9g\u00e9monie de la tech am\u00e9ricaine, port\u00e9e par l&rsquo;intelligence artificielle et les semi-conducteurs. Avec dix-huit ressortissants dans la liste mondiale, la Belgique affiche un contingent record, o\u00f9 cohabitent d\u00e9sormais les grandes dynasties industrielles et une g\u00e9n\u00e9ration montante d&rsquo;entrepreneurs du logiciel.<\/strong><\/p>\n<p><a href=\"https:\/\/www.forbes.com\/billionaires\/\" target=\"_blank\" rel=\"noopener\"><strong>Forbes US<\/strong> vient de publier son classement mondial 2026 des milliardaires<\/a>. Le constat est sans appel : les tr\u00e8s grandes fortunes n&rsquo;ont jamais \u00e9t\u00e9 aussi concentr\u00e9es entre les mains de quelques titans de la technologie. <strong>Elon Musk<\/strong> tr\u00f4ne toujours au sommet avec un patrimoine qui d\u00e9passe les 800 milliards de dollars, port\u00e9 par Tesla, X et les anticipations d&rsquo;une IPO de SpaceX. L&rsquo;\u00e9cart avec le num\u00e9ro deux du classement, <strong>Larry Page<\/strong> (Google, environ 250 milliards de dollars), n&rsquo;a jamais \u00e9t\u00e9 aussi vertigineux. <strong>Sergey Brin<\/strong> et <strong>Jeff Bezos<\/strong> se disputent les marches suivantes dans une fourchette de 220 \u00e0 230 milliards, tandis que <strong>Mark Zuckerberg<\/strong> conserve sa place dans le top 5 gr\u00e2ce \u00e0 Meta. La dynamique est limpide : une poign\u00e9e de giga-gagnants de la tech (IA, cloud, spatial, semi-conducteurs) capte une part croissante de la richesse mondiale, pendant qu&rsquo;en dessous, une arm\u00e9e de <strong>milliardaires<\/strong> plus classiques, h\u00e9ritiers, promoteurs immobiliers ou industriels, voit sa fortune progresser \u00e0 un rythme nettement plus modeste.<\/p>\n<h2>Des arriv\u00e9es port\u00e9es par l&rsquo;IA et la nouvelle \u00e9conomie<\/h2>\n<p>Le classement 2026 enregistre plusieurs entr\u00e9es significatives \u00e0 l&rsquo;\u00e9chelle mondiale. L&rsquo;\u00e9norme vague de l&rsquo;intelligence artificielle g\u00e9n\u00e9rative et des semi-conducteurs propulse de nouveaux noms au-dessus du <strong>milliard de dollars<\/strong> : fournisseurs de puces, op\u00e9rateurs de data centers et \u00e9diteurs de logiciels d&rsquo;IA int\u00e8grent la liste, parfois directement dans la tranche 1 \u00e0 3 milliards. Des entrepreneurs de la nouvelle \u00e9conomie (SaaS B2B, fintech, e-commerce de niche, climat-tech&#8230;) font \u00e9galement leur apparition, port\u00e9s par des lev\u00e9es massives ou des introductions en bourse r\u00e9alis\u00e9es entre fin 2024 et 2025.<\/p>\n<p>Dans l&rsquo;autre sens, plusieurs <strong>fortunes<\/strong> tr\u00e8s expos\u00e9es \u00e0 l&rsquo;immobilier chinois ou \u00e0 des conglom\u00e9rats industriels surendett\u00e9s disparaissent du classement apr\u00e8s des corrections boursi\u00e8res, des restructurations ou des faillites partielles. M\u00eame dans le top 10, la volatilit\u00e9 des march\u00e9s \u00e9jecte r\u00e9guli\u00e8rement certains grands noms (<strong>Larry Ellison<\/strong>, <strong>Amancio Ortega<\/strong>, <strong>Steve Ballmer<\/strong>) des premi\u00e8res positions, sans remettre en cause leurs patrimoines colossaux.<\/p>\n<h2>Un noyau dur belge solidement ancr\u00e9<\/h2>\n<p><strong>Forbes US<\/strong> compte d\u00e9sormais un noyau dur d&rsquo;une dizaine de <strong>Belges<\/strong> dans sa grande liste mondiale, en coh\u00e9rence avec les <a href=\"https:\/\/www.forbes.be\/fr\/17-milliardaires-belges\/\" target=\"_blank\" rel=\"noopener\"><strong>17 milliardaires<\/strong> identifi\u00e9s en d\u00e9tail par <strong>Forbes Belgique<\/strong> en 2025<\/a>. Plusieurs d&rsquo;entre eux sont devenus des figures r\u00e9currentes du classement.<\/p>\n<p><strong>Eric Wittouck<\/strong> demeure l&rsquo;homme le plus riche de Belgique avec une fortune estim\u00e9e \u00e0 environ 9 milliards de dollars. Install\u00e9 \u00e0 Monaco, l&rsquo;h\u00e9ritier de la famille sucri\u00e8re de Tirlemont a b\u00e2ti son empire \u00e0 travers sa holding Artal, longtemps associ\u00e9e \u00e0 Weight Watchers et d\u00e9sormais repositionn\u00e9e sur la tech, la biotech et l&rsquo;agroalimentaire. Son profil reste celui d&rsquo;un financier d&rsquo;une discr\u00e9tion quasi absolue dans l&rsquo;espace m\u00e9diatique, mais d&rsquo;une activit\u00e9 soutenue sur les dossiers internationaux, notamment dans les secteurs de la sant\u00e9 et de l&rsquo;alimentation.<\/p>\n<p><strong>Nicolas D&rsquo;Ieteren<\/strong> p\u00e8se autour de 5,5 milliards de dollars, port\u00e9 par le groupe familial \u00e9ponyme \u2013 importation automobile, Belron\/Carglass, Moleskine (qui a encore renforc\u00e9 son emprise sur le capital en 2024). Il incarne une strat\u00e9gie de mutation d&rsquo;un business historique de distribution automobile vers un portefeuille plus large de services et de marques mondiales.<\/p>\n<p><strong>Fernand Huts<\/strong> affiche environ 5,1 milliards de dollars \u00e0 la t\u00eate de Katoen Natie et d&rsquo;Indaver, empire de la logistique et de l&rsquo;industrie. Sa singularit\u00e9 tient \u00e0 la combinaison d&rsquo;un groupe tr\u00e8s capitalistique et d&rsquo;un engagement fort dans l&rsquo;art et les projets patrimoniaux, comme la transformation de la Boerentoren \u00e0 Anvers.<\/p>\n<p><strong>Alexandre Van Damme<\/strong>, avec pr\u00e8s de 3,9 milliards de dollars, reste la colonne vert\u00e9brale belge de l&rsquo;actionnariat d&rsquo;AB InBev, premier brasseur mondial. Les grandes dynasties D&rsquo;Ieteren, Fr\u00e8re et Brederode \u2013 Catheline P\u00e9rier-D&rsquo;Ieteren, S\u00e9gol\u00e8ne Fr\u00e8re-Gallienne, G\u00e9rald Fr\u00e8re, Pierre Vander Mersch, Theo Roussis \u2013 demeurent bien repr\u00e9sent\u00e9es, avec des fortunes comprises entre 2,7 et 3,4 milliards de dollars.<\/p>\n<h2>La deuxi\u00e8me vague belge : tech, industrie et scale-ups<\/h2>\n<p><strong>Forbes Belgique<\/strong> a document\u00e9 l&rsquo;\u00e9mergence d&rsquo;une g\u00e9n\u00e9ration de nouveaux milliardaires qui, c\u00f4t\u00e9 am\u00e9ricain, se traduit par davantage de Belges dans les tranches 1 \u00e0 3 milliards de la liste mondiale. L&rsquo;entr\u00e9e la plus spectaculaire est celle de <strong>Fabien Pinckaers<\/strong>, fondateur d&rsquo;Odoo, l&rsquo;ERP open source pour PME. Sa fortune atteint environ 3,1 milliards de dollars dans le classement <strong>Forbes Belgique 2025<\/strong>, soit la plus forte progression belge (+42 %), apr\u00e8s une lev\u00e9e de fonds de 500 millions d&rsquo;euros valorisant l&rsquo;entreprise \u00e0 5 milliards. <strong>Forbes US<\/strong> affiche d\u00e9sormais un patrimoine en temps r\u00e9el d&rsquo;environ 4,5 milliards de dollars, reflet de la mont\u00e9e en puissance d&rsquo;un logiciel qui vise le march\u00e9 mondial.<\/p>\n<p>Parmi les autres entr\u00e9es notables figurent<strong> Pascal Vanhalst<\/strong> (Quva, ex-TVH), autour de 1,6 milliard de dollars, qui a r\u00e9ussi la transition d&rsquo;un empire familial industriel vers une holding d&rsquo;investissement europ\u00e9enne, et <strong>Roland Duch\u00e2telet<\/strong>, environ 1,5 milliard, figure historique de la tech belge (semi-conducteurs pour l&rsquo;automobile) et des investissements sportifs. <strong>Filip Balcaen<\/strong>, <strong>Charles Beauduin<\/strong>, <strong>Luc Tack<\/strong> et <strong>Bart Van Malderen<\/strong> (patrons-investisseurs de l&rsquo;industrie, des machines et du private equity) se retrouvent d\u00e9sormais tous au-dessus du milliard selon <strong>Forbes Belgique<\/strong>, ce qui les fait basculer dans la grande base de donn\u00e9es<strong> Forbes US<\/strong>.<\/p>\n<h2>Ce que raconte cette carte des fortunes belges<\/h2>\n<p>Le classement 2026 dessine une Belgique \u00e0 deux visages. D&rsquo;un c\u00f4t\u00e9, le poids des holdings familiales reste consid\u00e9rable : <strong>Wittouck<\/strong> (Artal, investissements food et biotech), <strong>D&rsquo;Ieteren<\/strong> (auto, Belron, Moleskine),<strong> Huts<\/strong> (Katoen Natie, logistique), <strong>Van der Mersch<\/strong> (Brederode, investment company) illustrent la permanence de fortunes construites via des conglom\u00e9rats et des participations de long terme. De l&rsquo;autre, la mont\u00e9e des self-made de la tech (<strong>Pinckaers<\/strong> avec Odoo par exemple) incarne des trajectoires de cr\u00e9ation pure de valeur dans le logiciel B2B, tr\u00e8s diff\u00e9rentes de celles des h\u00e9ritiers industriels.<\/p>\n<p>Ce r\u00e9\u00e9quilibrage n&rsquo;est pas anodin. Environ la moiti\u00e9 des <strong>grandes fortunes belges<\/strong> reste li\u00e9e \u00e0 des dynasties (<strong>D&rsquo;Ieteren<\/strong>, <strong>Fr\u00e8re<\/strong>, <strong>Van Damme<\/strong>, <strong>Van der Mersch<\/strong>), tandis que l&rsquo;autre moiti\u00e9 rel\u00e8ve d&rsquo;entrepreneurs <em>self-made<\/em> ou quasi self-made (<strong>Pinckaers<\/strong>, <strong>Vanhalst<\/strong>, <strong>Balcaen<\/strong>, <strong>Van Malderen<\/strong>). La Belgique bascule progressivement d&rsquo;un pays de <em>holdings<\/em> industrielles et familiales vers un \u00e9cosyst\u00e8me o\u00f9 les scale-ups B2B peuvent cr\u00e9er de v\u00e9ritables milliardaires.<\/p>\n<p>Un trait culturel persiste toutefois : contrairement \u00e0 un <strong>Elon Musk<\/strong> ou \u00e0 d&rsquo;autres <strong>milliardaires<\/strong> m\u00e9diatiques, la plupart des Belges du classement cultivent une image r\u00e9solument <em>low profile<\/em>. L&rsquo;exposition se fait davantage par les entreprises que par les individus. Il faut enfin noter que des classements locaux, comme De Rijkste Belgen, comptent davantage de milliardaires que <strong>Forbes<\/strong>, certains actionnaires historiques d&rsquo;<strong>AB InBev<\/strong> (les <a href=\"https:\/\/www.forbes.be\/fr\/la-famille-de-spoelberch-decume-et-dor\/\" target=\"_blank\" rel=\"noopener\">familles <strong>Spoelberch<\/strong><\/a>, <strong>M\u00e9vius<\/strong>, <strong>Van Damme<\/strong>) ou d&rsquo;autres groupes n&rsquo;apparaissant pas toujours dans la base am\u00e9ricaine, en raison de la structuration de leur patrimoine et de leur visibilit\u00e9 internationale.<\/p>\n<h2>Perspectives : l&rsquo;hyper-concentration comme nouvelle norme<\/h2>\n<p>Au-del\u00e0 du cas belge, le classement Forbes 2026 confirme une tendance de fond : l&rsquo;hyper-concentration de la richesse au sommet. Une poign\u00e9e d&rsquo;ultra-riches (<strong>Musk<\/strong>, <strong>Page<\/strong>, <strong>Brin<\/strong>, <strong>Bezos<\/strong>, <strong>Zuckerberg<\/strong>) capte une part croissante de la richesse du top mondial, dop\u00e9e par la tech, l&rsquo;intelligence artificielle et la bourse am\u00e9ricaine. Le foss\u00e9 se creuse avec les <strong>milliardaires<\/strong> dits classiques, dont les <strong>fortunes<\/strong> progressent \u00e0 un rythme incomparablement plus lent.<\/p>\n<p>Pour la Belgique, la question est d\u00e9sormais de savoir si la perc\u00e9e de ses <strong>entrepreneurs technologiques<\/strong> constitue le d\u00e9but d&rsquo;une lame de fond ou un ph\u00e9nom\u00e8ne concentr\u00e9 sur quelques r\u00e9ussites individuelles. L&rsquo;\u00e9dition 2027 permettra d&rsquo;y voir plus clair.<\/p>\n","protected":false},"excerpt":{"rendered":"<p>Le cru 2026 du classement Forbes des milliardaires confirme l&rsquo;h\u00e9g\u00e9monie de la tech am\u00e9ricaine, port\u00e9e par l&rsquo;intelligence artificielle et les semi-conducteurs. Avec dix-huit ressortissants dans la liste mondiale, la Belgique affiche un contingent record, o\u00f9 cohabitent d\u00e9sormais les grandes dynasties industrielles et une g\u00e9n\u00e9ration montante d&rsquo;entrepreneurs du logiciel. Forbes US vient de publier son classement [&hellip;]<\/p>\n","protected":false},"author":47,"featured_media":15858,"comment_status":"closed","ping_status":"closed","sticky":false,"template":"","format":"standard","meta":{"_acf_changed":false,"inline_featured_image":false,"footnotes":""},"categories":[1,16,77,15,21],"tags":[],"class_list":{"0":"post-15857","1":"post","2":"type-post","3":"status-publish","4":"format-standard","5":"has-post-thumbnail","7":"category-actualite","8":"category-finance","9":"category-international","10":"category-leadership","11":"category-liste"},"acf":[],"_yoast_wpseo_title":null,"_yoast_wpseo_metadesc":"Forbes 2026 confirme la domination tech mondiale et un contingent belge record. Analyse des fortunes, nouveaux entrants (Pinckaers) et dynasties historiques.","auteur_traducteur":"","yoast_head":"<!-- This site is optimized with the Yoast SEO plugin v27.4 - https:\/\/yoast.com\/product\/yoast-seo-wordpress\/ -->\n<title>Classement Forbes 2026 des milliardaires : la Belgique h\u00e9site entre dynasties et r\u00e9volution tech | Forbes Belgique<\/title>\n<meta name=\"description\" content=\"Forbes 2026 confirme la domination tech mondiale et un contingent belge record. Analyse des fortunes, nouveaux entrants (Pinckaers) et dynasties historiques.\" \/>\n<meta name=\"robots\" content=\"index, follow, max-snippet:-1, max-image-preview:large, max-video-preview:-1\" \/>\n<link rel=\"canonical\" href=\"https:\/\/www.forbes.be\/fr\/classement-forbes-2026-des-milliardaires-la-belgique-hesite-entre-dynasties-et-revolution-tech\/\" \/>\n<meta property=\"og:locale\" content=\"fr_FR\" \/>\n<meta property=\"og:type\" content=\"article\" \/>\n<meta property=\"og:title\" content=\"Classement Forbes 2026 des milliardaires : la Belgique h\u00e9site entre dynasties et r\u00e9volution tech | Forbes Belgique\" \/>\n<meta property=\"og:description\" content=\"Forbes 2026 confirme la domination tech mondiale et un contingent belge record. Analyse des fortunes, nouveaux entrants (Pinckaers) et dynasties historiques.\" \/>\n<meta property=\"og:url\" content=\"https:\/\/www.forbes.be\/fr\/classement-forbes-2026-des-milliardaires-la-belgique-hesite-entre-dynasties-et-revolution-tech\/\" \/>\n<meta property=\"og:site_name\" content=\"Forbes Belgique\" \/>\n<meta property=\"article:publisher\" content=\"https:\/\/www.facebook.com\/forbesbelgique\/\" \/>\n<meta property=\"article:published_time\" content=\"2026-03-10T20:03:32+00:00\" \/>\n<meta property=\"article:modified_time\" content=\"2026-03-11T11:02:33+00:00\" \/>\n<meta property=\"og:image\" content=\"https:\/\/www.forbes.be\/fr\/wp-content\/uploads\/2026\/03\/pexels-karola-g-4386158-e1773172918343.jpg\" \/>\n\t<meta property=\"og:image:width\" content=\"1280\" \/>\n\t<meta property=\"og:image:height\" content=\"672\" \/>\n\t<meta property=\"og:image:type\" content=\"image\/jpeg\" \/>\n<meta name=\"author\" content=\"Martin Boonen\" \/>\n<meta name=\"twitter:card\" content=\"summary_large_image\" \/>\n<meta name=\"twitter:label1\" content=\"\u00c9crit par\" \/>\n\t<meta name=\"twitter:data1\" content=\"Martin Boonen\" \/>\n\t<meta name=\"twitter:label2\" content=\"Dur\u00e9e de lecture estim\u00e9e\" \/>\n\t<meta name=\"twitter:data2\" content=\"7 minutes\" \/>\n<script type=\"application\/ld+json\" class=\"yoast-schema-graph\">{\"@context\":\"https:\\\/\\\/schema.org\",\"@graph\":[{\"@type\":\"NewsArticle\",\"@id\":\"https:\\\/\\\/www.forbes.be\\\/fr\\\/classement-forbes-2026-des-milliardaires-la-belgique-hesite-entre-dynasties-et-revolution-tech\\\/#article\",\"isPartOf\":{\"@id\":\"https:\\\/\\\/www.forbes.be\\\/fr\\\/classement-forbes-2026-des-milliardaires-la-belgique-hesite-entre-dynasties-et-revolution-tech\\\/\"},\"author\":{\"name\":\"Martin Boonen\",\"@id\":\"https:\\\/\\\/www.forbes.be\\\/fr\\\/#\\\/schema\\\/person\\\/5e9af5383f8e0ffec564788f40ac92c8\"},\"headline\":\"Classement Forbes 2026 des milliardaires : la Belgique h\u00e9site entre dynasties et r\u00e9volution tech\",\"datePublished\":\"2026-03-10T20:03:32+00:00\",\"dateModified\":\"2026-03-11T11:02:33+00:00\",\"mainEntityOfPage\":{\"@id\":\"https:\\\/\\\/www.forbes.be\\\/fr\\\/classement-forbes-2026-des-milliardaires-la-belgique-hesite-entre-dynasties-et-revolution-tech\\\/\"},\"wordCount\":1290,\"publisher\":{\"@id\":\"https:\\\/\\\/www.forbes.be\\\/fr\\\/#organization\"},\"image\":{\"@id\":\"https:\\\/\\\/www.forbes.be\\\/fr\\\/classement-forbes-2026-des-milliardaires-la-belgique-hesite-entre-dynasties-et-revolution-tech\\\/#primaryimage\"},\"thumbnailUrl\":\"https:\\\/\\\/www.forbes.be\\\/fr\\\/wp-content\\\/uploads\\\/2026\\\/03\\\/pexels-karola-g-4386158-e1773172918343.jpg\",\"articleSection\":[\"Actualit\u00e9s\",\"Finance\",\"International\",\"Leadership\",\"Listes\"],\"inLanguage\":\"fr-FR\"},{\"@type\":\"WebPage\",\"@id\":\"https:\\\/\\\/www.forbes.be\\\/fr\\\/classement-forbes-2026-des-milliardaires-la-belgique-hesite-entre-dynasties-et-revolution-tech\\\/\",\"url\":\"https:\\\/\\\/www.forbes.be\\\/fr\\\/classement-forbes-2026-des-milliardaires-la-belgique-hesite-entre-dynasties-et-revolution-tech\\\/\",\"name\":\"Classement Forbes 2026 des milliardaires : la Belgique h\u00e9site entre dynasties et r\u00e9volution tech | Forbes Belgique\",\"isPartOf\":{\"@id\":\"https:\\\/\\\/www.forbes.be\\\/fr\\\/#website\"},\"primaryImageOfPage\":{\"@id\":\"https:\\\/\\\/www.forbes.be\\\/fr\\\/classement-forbes-2026-des-milliardaires-la-belgique-hesite-entre-dynasties-et-revolution-tech\\\/#primaryimage\"},\"image\":{\"@id\":\"https:\\\/\\\/www.forbes.be\\\/fr\\\/classement-forbes-2026-des-milliardaires-la-belgique-hesite-entre-dynasties-et-revolution-tech\\\/#primaryimage\"},\"thumbnailUrl\":\"https:\\\/\\\/www.forbes.be\\\/fr\\\/wp-content\\\/uploads\\\/2026\\\/03\\\/pexels-karola-g-4386158-e1773172918343.jpg\",\"datePublished\":\"2026-03-10T20:03:32+00:00\",\"dateModified\":\"2026-03-11T11:02:33+00:00\",\"description\":\"Forbes 2026 confirme la domination tech mondiale et un contingent belge record. Analyse des fortunes, nouveaux entrants (Pinckaers) et dynasties historiques.\",\"breadcrumb\":{\"@id\":\"https:\\\/\\\/www.forbes.be\\\/fr\\\/classement-forbes-2026-des-milliardaires-la-belgique-hesite-entre-dynasties-et-revolution-tech\\\/#breadcrumb\"},\"inLanguage\":\"fr-FR\",\"potentialAction\":[{\"@type\":\"ReadAction\",\"target\":[\"https:\\\/\\\/www.forbes.be\\\/fr\\\/classement-forbes-2026-des-milliardaires-la-belgique-hesite-entre-dynasties-et-revolution-tech\\\/\"]}]},{\"@type\":\"ImageObject\",\"inLanguage\":\"fr-FR\",\"@id\":\"https:\\\/\\\/www.forbes.be\\\/fr\\\/classement-forbes-2026-des-milliardaires-la-belgique-hesite-entre-dynasties-et-revolution-tech\\\/#primaryimage\",\"url\":\"https:\\\/\\\/www.forbes.be\\\/fr\\\/wp-content\\\/uploads\\\/2026\\\/03\\\/pexels-karola-g-4386158-e1773172918343.jpg\",\"contentUrl\":\"https:\\\/\\\/www.forbes.be\\\/fr\\\/wp-content\\\/uploads\\\/2026\\\/03\\\/pexels-karola-g-4386158-e1773172918343.jpg\",\"width\":1280,\"height\":672,\"caption\":\"\u00a9 DR\\\/Pexels\"},{\"@type\":\"BreadcrumbList\",\"@id\":\"https:\\\/\\\/www.forbes.be\\\/fr\\\/classement-forbes-2026-des-milliardaires-la-belgique-hesite-entre-dynasties-et-revolution-tech\\\/#breadcrumb\",\"itemListElement\":[{\"@type\":\"ListItem\",\"position\":1,\"name\":\"Accueil\",\"item\":\"https:\\\/\\\/www.forbes.be\\\/fr\\\/\"},{\"@type\":\"ListItem\",\"position\":2,\"name\":\"Classement Forbes 2026 des milliardaires : la Belgique h\u00e9site entre dynasties et r\u00e9volution tech\"}]},{\"@type\":\"WebSite\",\"@id\":\"https:\\\/\\\/www.forbes.be\\\/fr\\\/#website\",\"url\":\"https:\\\/\\\/www.forbes.be\\\/fr\\\/\",\"name\":\"Forbes Belgique\",\"description\":\"\",\"publisher\":{\"@id\":\"https:\\\/\\\/www.forbes.be\\\/fr\\\/#organization\"},\"potentialAction\":[{\"@type\":\"SearchAction\",\"target\":{\"@type\":\"EntryPoint\",\"urlTemplate\":\"https:\\\/\\\/www.forbes.be\\\/fr\\\/?s={search_term_string}\"},\"query-input\":{\"@type\":\"PropertyValueSpecification\",\"valueRequired\":true,\"valueName\":\"search_term_string\"}}],\"inLanguage\":\"fr-FR\"},{\"@type\":\"Organization\",\"@id\":\"https:\\\/\\\/www.forbes.be\\\/fr\\\/#organization\",\"name\":\"Forbes Belgique\",\"url\":\"https:\\\/\\\/www.forbes.be\\\/fr\\\/\",\"logo\":{\"@type\":\"ImageObject\",\"inLanguage\":\"fr-FR\",\"@id\":\"https:\\\/\\\/www.forbes.be\\\/fr\\\/#\\\/schema\\\/logo\\\/image\\\/\",\"url\":\"https:\\\/\\\/www.forbes.be\\\/fr\\\/wp-content\\\/uploads\\\/2024\\\/02\\\/forbes.be_.png\",\"contentUrl\":\"https:\\\/\\\/www.forbes.be\\\/fr\\\/wp-content\\\/uploads\\\/2024\\\/02\\\/forbes.be_.png\",\"width\":1200,\"height\":675,\"caption\":\"Forbes Belgique\"},\"image\":{\"@id\":\"https:\\\/\\\/www.forbes.be\\\/fr\\\/#\\\/schema\\\/logo\\\/image\\\/\"},\"sameAs\":[\"https:\\\/\\\/www.facebook.com\\\/forbesbelgique\\\/\",\"https:\\\/\\\/www.instagram.com\\\/Forbes_Belgium\",\"https:\\\/\\\/www.linkedin.com\\\/company\\\/forbes-belgium\\\/\"]},{\"@type\":\"Person\",\"@id\":\"https:\\\/\\\/www.forbes.be\\\/fr\\\/#\\\/schema\\\/person\\\/5e9af5383f8e0ffec564788f40ac92c8\",\"name\":\"Martin Boonen\",\"image\":{\"@type\":\"ImageObject\",\"inLanguage\":\"fr-FR\",\"@id\":\"https:\\\/\\\/www.forbes.be\\\/fr\\\/wp-content\\\/uploads\\\/2025\\\/10\\\/capture-decran-2024-11-15-a-093849-300x300-1-100x100.png\",\"url\":\"https:\\\/\\\/www.forbes.be\\\/fr\\\/wp-content\\\/uploads\\\/2025\\\/10\\\/capture-decran-2024-11-15-a-093849-300x300-1-100x100.png\",\"contentUrl\":\"https:\\\/\\\/www.forbes.be\\\/fr\\\/wp-content\\\/uploads\\\/2025\\\/10\\\/capture-decran-2024-11-15-a-093849-300x300-1-100x100.png\",\"caption\":\"Martin Boonen\"},\"description\":\"Martin Boonen est journaliste dipl\u00f4m\u00e9 de l'Institut de Journalisme de Bruxelles (2012). Il collabor\u00e9 avec de nombreuses r\u00e9dactions \u00e0 diff\u00e9rent niveau de responsabilit\u00e9 : journaliste, chef de rubrique, secr\u00e9taire de r\u00e9daction et r\u00e9dacteur en chef, tant sur le web que pour la presse imprim\u00e9e. Sp\u00e9cialis\u00e9 dans les startups et l'entrepreneuriat \u00e0 impact, il est devenu en 2025 r\u00e9dacteur en chef du site web de Forbes Belgique. Il est affili\u00e9 \u00e0 l'Organisation Mondiale de la Presse P\u00e9riodique depuis 2011.\",\"sameAs\":[\"https:\\\/\\\/www.linkedin.com\\\/in\\\/martin-boonen-61499951\\\/\"],\"url\":\"https:\\\/\\\/www.forbes.be\\\/fr\\\/author\\\/martin-boonen\\\/\"}]}<\/script>\n<!-- \/ Yoast SEO plugin. -->","yoast_head_json":{"title":"Classement Forbes 2026 des milliardaires : la Belgique h\u00e9site entre dynasties et r\u00e9volution tech | Forbes Belgique","description":"Forbes 2026 confirme la domination tech mondiale et un contingent belge record. Analyse des fortunes, nouveaux entrants (Pinckaers) et dynasties historiques.","robots":{"index":"index","follow":"follow","max-snippet":"max-snippet:-1","max-image-preview":"max-image-preview:large","max-video-preview":"max-video-preview:-1"},"canonical":"https:\/\/www.forbes.be\/fr\/classement-forbes-2026-des-milliardaires-la-belgique-hesite-entre-dynasties-et-revolution-tech\/","og_locale":"fr_FR","og_type":"article","og_title":"Classement Forbes 2026 des milliardaires : la Belgique h\u00e9site entre dynasties et r\u00e9volution tech | Forbes Belgique","og_description":"Forbes 2026 confirme la domination tech mondiale et un contingent belge record. Analyse des fortunes, nouveaux entrants (Pinckaers) et dynasties historiques.","og_url":"https:\/\/www.forbes.be\/fr\/classement-forbes-2026-des-milliardaires-la-belgique-hesite-entre-dynasties-et-revolution-tech\/","og_site_name":"Forbes Belgique","article_publisher":"https:\/\/www.facebook.com\/forbesbelgique\/","article_published_time":"2026-03-10T20:03:32+00:00","article_modified_time":"2026-03-11T11:02:33+00:00","og_image":[{"width":1280,"height":672,"url":"https:\/\/www.forbes.be\/fr\/wp-content\/uploads\/2026\/03\/pexels-karola-g-4386158-e1773172918343.jpg","type":"image\/jpeg"}],"author":"Martin Boonen","twitter_card":"summary_large_image","twitter_misc":{"\u00c9crit par":"Martin Boonen","Dur\u00e9e de lecture estim\u00e9e":"7 minutes"},"schema":{"@context":"https:\/\/schema.org","@graph":[{"@type":"NewsArticle","@id":"https:\/\/www.forbes.be\/fr\/classement-forbes-2026-des-milliardaires-la-belgique-hesite-entre-dynasties-et-revolution-tech\/#article","isPartOf":{"@id":"https:\/\/www.forbes.be\/fr\/classement-forbes-2026-des-milliardaires-la-belgique-hesite-entre-dynasties-et-revolution-tech\/"},"author":{"name":"Martin Boonen","@id":"https:\/\/www.forbes.be\/fr\/#\/schema\/person\/5e9af5383f8e0ffec564788f40ac92c8"},"headline":"Classement Forbes 2026 des milliardaires : la Belgique h\u00e9site entre dynasties et r\u00e9volution tech","datePublished":"2026-03-10T20:03:32+00:00","dateModified":"2026-03-11T11:02:33+00:00","mainEntityOfPage":{"@id":"https:\/\/www.forbes.be\/fr\/classement-forbes-2026-des-milliardaires-la-belgique-hesite-entre-dynasties-et-revolution-tech\/"},"wordCount":1290,"publisher":{"@id":"https:\/\/www.forbes.be\/fr\/#organization"},"image":{"@id":"https:\/\/www.forbes.be\/fr\/classement-forbes-2026-des-milliardaires-la-belgique-hesite-entre-dynasties-et-revolution-tech\/#primaryimage"},"thumbnailUrl":"https:\/\/www.forbes.be\/fr\/wp-content\/uploads\/2026\/03\/pexels-karola-g-4386158-e1773172918343.jpg","articleSection":["Actualit\u00e9s","Finance","International","Leadership","Listes"],"inLanguage":"fr-FR"},{"@type":"WebPage","@id":"https:\/\/www.forbes.be\/fr\/classement-forbes-2026-des-milliardaires-la-belgique-hesite-entre-dynasties-et-revolution-tech\/","url":"https:\/\/www.forbes.be\/fr\/classement-forbes-2026-des-milliardaires-la-belgique-hesite-entre-dynasties-et-revolution-tech\/","name":"Classement Forbes 2026 des milliardaires : la Belgique h\u00e9site entre dynasties et r\u00e9volution tech | Forbes Belgique","isPartOf":{"@id":"https:\/\/www.forbes.be\/fr\/#website"},"primaryImageOfPage":{"@id":"https:\/\/www.forbes.be\/fr\/classement-forbes-2026-des-milliardaires-la-belgique-hesite-entre-dynasties-et-revolution-tech\/#primaryimage"},"image":{"@id":"https:\/\/www.forbes.be\/fr\/classement-forbes-2026-des-milliardaires-la-belgique-hesite-entre-dynasties-et-revolution-tech\/#primaryimage"},"thumbnailUrl":"https:\/\/www.forbes.be\/fr\/wp-content\/uploads\/2026\/03\/pexels-karola-g-4386158-e1773172918343.jpg","datePublished":"2026-03-10T20:03:32+00:00","dateModified":"2026-03-11T11:02:33+00:00","description":"Forbes 2026 confirme la domination tech mondiale et un contingent belge record. Analyse des fortunes, nouveaux entrants (Pinckaers) et dynasties historiques.","breadcrumb":{"@id":"https:\/\/www.forbes.be\/fr\/classement-forbes-2026-des-milliardaires-la-belgique-hesite-entre-dynasties-et-revolution-tech\/#breadcrumb"},"inLanguage":"fr-FR","potentialAction":[{"@type":"ReadAction","target":["https:\/\/www.forbes.be\/fr\/classement-forbes-2026-des-milliardaires-la-belgique-hesite-entre-dynasties-et-revolution-tech\/"]}]},{"@type":"ImageObject","inLanguage":"fr-FR","@id":"https:\/\/www.forbes.be\/fr\/classement-forbes-2026-des-milliardaires-la-belgique-hesite-entre-dynasties-et-revolution-tech\/#primaryimage","url":"https:\/\/www.forbes.be\/fr\/wp-content\/uploads\/2026\/03\/pexels-karola-g-4386158-e1773172918343.jpg","contentUrl":"https:\/\/www.forbes.be\/fr\/wp-content\/uploads\/2026\/03\/pexels-karola-g-4386158-e1773172918343.jpg","width":1280,"height":672,"caption":"\u00a9 DR\/Pexels"},{"@type":"BreadcrumbList","@id":"https:\/\/www.forbes.be\/fr\/classement-forbes-2026-des-milliardaires-la-belgique-hesite-entre-dynasties-et-revolution-tech\/#breadcrumb","itemListElement":[{"@type":"ListItem","position":1,"name":"Accueil","item":"https:\/\/www.forbes.be\/fr\/"},{"@type":"ListItem","position":2,"name":"Classement Forbes 2026 des milliardaires : la Belgique h\u00e9site entre dynasties et r\u00e9volution tech"}]},{"@type":"WebSite","@id":"https:\/\/www.forbes.be\/fr\/#website","url":"https:\/\/www.forbes.be\/fr\/","name":"Forbes Belgique","description":"","publisher":{"@id":"https:\/\/www.forbes.be\/fr\/#organization"},"potentialAction":[{"@type":"SearchAction","target":{"@type":"EntryPoint","urlTemplate":"https:\/\/www.forbes.be\/fr\/?s={search_term_string}"},"query-input":{"@type":"PropertyValueSpecification","valueRequired":true,"valueName":"search_term_string"}}],"inLanguage":"fr-FR"},{"@type":"Organization","@id":"https:\/\/www.forbes.be\/fr\/#organization","name":"Forbes Belgique","url":"https:\/\/www.forbes.be\/fr\/","logo":{"@type":"ImageObject","inLanguage":"fr-FR","@id":"https:\/\/www.forbes.be\/fr\/#\/schema\/logo\/image\/","url":"https:\/\/www.forbes.be\/fr\/wp-content\/uploads\/2024\/02\/forbes.be_.png","contentUrl":"https:\/\/www.forbes.be\/fr\/wp-content\/uploads\/2024\/02\/forbes.be_.png","width":1200,"height":675,"caption":"Forbes Belgique"},"image":{"@id":"https:\/\/www.forbes.be\/fr\/#\/schema\/logo\/image\/"},"sameAs":["https:\/\/www.facebook.com\/forbesbelgique\/","https:\/\/www.instagram.com\/Forbes_Belgium","https:\/\/www.linkedin.com\/company\/forbes-belgium\/"]},{"@type":"Person","@id":"https:\/\/www.forbes.be\/fr\/#\/schema\/person\/5e9af5383f8e0ffec564788f40ac92c8","name":"Martin Boonen","image":{"@type":"ImageObject","inLanguage":"fr-FR","@id":"https:\/\/www.forbes.be\/fr\/wp-content\/uploads\/2025\/10\/capture-decran-2024-11-15-a-093849-300x300-1-100x100.png","url":"https:\/\/www.forbes.be\/fr\/wp-content\/uploads\/2025\/10\/capture-decran-2024-11-15-a-093849-300x300-1-100x100.png","contentUrl":"https:\/\/www.forbes.be\/fr\/wp-content\/uploads\/2025\/10\/capture-decran-2024-11-15-a-093849-300x300-1-100x100.png","caption":"Martin Boonen"},"description":"Martin Boonen est journaliste dipl\u00f4m\u00e9 de l'Institut de Journalisme de Bruxelles (2012). Il collabor\u00e9 avec de nombreuses r\u00e9dactions \u00e0 diff\u00e9rent niveau de responsabilit\u00e9 : journaliste, chef de rubrique, secr\u00e9taire de r\u00e9daction et r\u00e9dacteur en chef, tant sur le web que pour la presse imprim\u00e9e. Sp\u00e9cialis\u00e9 dans les startups et l'entrepreneuriat \u00e0 impact, il est devenu en 2025 r\u00e9dacteur en chef du site web de Forbes Belgique. Il est affili\u00e9 \u00e0 l'Organisation Mondiale de la Presse P\u00e9riodique depuis 2011.","sameAs":["https:\/\/www.linkedin.com\/in\/martin-boonen-61499951\/"],"url":"https:\/\/www.forbes.be\/fr\/author\/martin-boonen\/"}]}},"_links":{"self":[{"href":"https:\/\/www.forbes.be\/fr\/wp-json\/wp\/v2\/posts\/15857","targetHints":{"allow":["GET"]}}],"collection":[{"href":"https:\/\/www.forbes.be\/fr\/wp-json\/wp\/v2\/posts"}],"about":[{"href":"https:\/\/www.forbes.be\/fr\/wp-json\/wp\/v2\/types\/post"}],"author":[{"embeddable":true,"href":"https:\/\/www.forbes.be\/fr\/wp-json\/wp\/v2\/users\/47"}],"replies":[{"embeddable":true,"href":"https:\/\/www.forbes.be\/fr\/wp-json\/wp\/v2\/comments?post=15857"}],"version-history":[{"count":6,"href":"https:\/\/www.forbes.be\/fr\/wp-json\/wp\/v2\/posts\/15857\/revisions"}],"predecessor-version":[{"id":15873,"href":"https:\/\/www.forbes.be\/fr\/wp-json\/wp\/v2\/posts\/15857\/revisions\/15873"}],"wp:featuredmedia":[{"embeddable":true,"href":"https:\/\/www.forbes.be\/fr\/wp-json\/wp\/v2\/media\/15858"}],"wp:attachment":[{"href":"https:\/\/www.forbes.be\/fr\/wp-json\/wp\/v2\/media?parent=15857"}],"wp:term":[{"taxonomy":"category","embeddable":true,"href":"https:\/\/www.forbes.be\/fr\/wp-json\/wp\/v2\/categories?post=15857"},{"taxonomy":"post_tag","embeddable":true,"href":"https:\/\/www.forbes.be\/fr\/wp-json\/wp\/v2\/tags?post=15857"}],"curies":[{"name":"wp","href":"https:\/\/api.w.org\/{rel}","templated":true}]}}