{"id":15876,"date":"2026-03-12T11:55:45","date_gmt":"2026-03-12T10:55:45","guid":{"rendered":"https:\/\/www.forbes.be\/fr\/?p=15876"},"modified":"2026-03-12T12:10:52","modified_gmt":"2026-03-12T11:10:52","slug":"lecosysteme-de-defense-belge-se-reveille","status":"publish","type":"post","link":"https:\/\/www.forbes.be\/fr\/lecosysteme-de-defense-belge-se-reveille\/","title":{"rendered":"L\u2019\u00e9cosyst\u00e8me de d\u00e9fense belge se r\u00e9veille"},"content":{"rendered":"<p><span style=\"font-weight: 400;\">Ce 12 mars 2026, Brussels Expo a inaugur\u00e9 le <a href=\"https:\/\/www.bedex.brussels\/fr\/\">BEDEX<\/a> \u2014 Brussels European Defense Exhibition, au moment pr\u00e9cis o\u00f9 l\u2019industrie belge de d\u00e9fense sortait des \u00ab dividendes de la paix \u00bb pour redevenir un enjeu \u00e9conomique de premier plan.<\/span><\/p>\n<p><span style=\"font-weight: 400;\">Au printemps 2026, la question a chang\u00e9 de nature. Il ne s\u2019agit plus de d\u00e9cider s\u2019il faut investir, mais de comprendre comment transformer une demande publique soutenue en capacit\u00e9s industrielles r\u00e9elles : emplois, technologies et savoir-faire dans un march\u00e9 o\u00f9 l\u2019acheteur final demeure toujours un \u00c9tat.<\/span><\/p>\n<h2><span style=\"font-weight: 400;\">34 milliards : quand la demande change d\u2019\u00e9chelle<\/span><\/h2>\n<p><span style=\"font-weight: 400;\">La Belgique a act\u00e9 un plan d\u2019investissement D\u00e9fense de 34 milliards d\u2019euros sur la p\u00e9riode 2026\u20132034, visant \u00e0 franchir le seuil OTAN des 2 % du PIB. Dans une \u00e9conomie structur\u00e9e par la commande publique, une annonce de cette ampleur produit l\u2019effet d\u2019un \u00e9lectrochoc sur l\u2019ensemble du tissu industriel, de la production \u00e0 l\u2019ing\u00e9nierie, de la recherche \u00e0 la logistique.<\/span><\/p>\n<p><span style=\"font-weight: 400;\">Les chiffres compil\u00e9s par <a href=\"https:\/\/www.agoria.be\/fr\">Agoria<\/a>, la f\u00e9d\u00e9ration de l\u2019industrie technologique, d\u00e9crivent un pr\u00e8s de 900 entreprises et 16 300 emplois directs. En son c\u0153ur, les 80 fournisseurs directs de la D\u00e9fense repr\u00e9sentent 2 milliards d\u2019euros et 5 000 postes. Les projections laissent entrevoir un doublement d\u2019ici 2033, avec 8 000 cr\u00e9ations d\u2019emplois \u00e0 la cl\u00e9.<\/span><\/p>\n<p><span style=\"font-weight: 400;\">L\u2019\u00e9conomie de la d\u00e9fense r\u00e9siste pourtant aux raisonnements arithm\u00e9tiques. Une hausse de la demande ne g\u00e9n\u00e8re pas m\u00e9caniquement une hausse de l\u2019offre : former, recruter, certifier et s\u00e9curiser des lignes de production prend du temps. Nicolas Bas, chez Agoria-BSDI, le formule sans ambages : <\/span><span style=\"font-weight: 400;\">\u00ab Les 8 000 nouveaux emplois attendus ne concernent pas que les ing\u00e9nieurs. On parle de tout : business development, assembleurs qualifi\u00e9s, ouvriers sp\u00e9cialis\u00e9s. Le secteur a besoin de gens dans les usines autant que dans les salles de r\u00e9union. \u00bb<\/span><\/p>\n<figure id=\"attachment_15891\" aria-describedby=\"caption-attachment-15891\" style=\"width: 696px\" class=\"wp-caption aligncenter\"><img loading=\"lazy\" decoding=\"async\" class=\"size-large wp-image-15891\" src=\"https:\/\/www.forbes.be\/fr\/wp-content\/uploads\/2026\/03\/joan6-1024x768.jpeg\" alt=\"Le premier ministre belge Bart De Wever \" width=\"696\" height=\"522\" srcset=\"https:\/\/www.forbes.be\/fr\/wp-content\/uploads\/2026\/03\/joan6-1024x768.jpeg 1024w, https:\/\/www.forbes.be\/fr\/wp-content\/uploads\/2026\/03\/joan6-300x225.jpeg 300w, https:\/\/www.forbes.be\/fr\/wp-content\/uploads\/2026\/03\/joan6-768x576.jpeg 768w, https:\/\/www.forbes.be\/fr\/wp-content\/uploads\/2026\/03\/joan6-1536x1152.jpeg 1536w, https:\/\/www.forbes.be\/fr\/wp-content\/uploads\/2026\/03\/joan6-696x522.jpeg 696w, https:\/\/www.forbes.be\/fr\/wp-content\/uploads\/2026\/03\/joan6-1068x801.jpeg 1068w, https:\/\/www.forbes.be\/fr\/wp-content\/uploads\/2026\/03\/joan6-600x450.jpeg 600w, https:\/\/www.forbes.be\/fr\/wp-content\/uploads\/2026\/03\/joan6.jpeg 1600w\" sizes=\"auto, (max-width: 696px) 100vw, 696px\" \/><figcaption id=\"caption-attachment-15891\" class=\"wp-caption-text\">Le premier ministre belge Bart De Wever \u00a9 DR<\/figcaption><\/figure>\n<h2><span style=\"font-weight: 400;\">Une industrie de niches : la valeur plut\u00f4t que le volume<\/span><\/h2>\n<p><span style=\"font-weight: 400;\">La Belgique ne dispose pas de g\u00e9ants industriels g\u00e9n\u00e9ralistes \u00e0 la fran\u00e7aise ou \u00e0 l\u2019allemande. Son \u00e9cosyst\u00e8me repose sur un tissu dense de PME, souvent invisibles du grand public et indispensables parce qu\u2019elles ma\u00eetrisent des segments critiques : pi\u00e8ces de pr\u00e9cision, capteurs embarqu\u00e9s, logiciels de commandement.<\/span><\/p>\n<p><span style=\"font-weight: 400;\">Le Cabinet de la D\u00e9fense assume pleinement cette logique.<\/span><span style=\"font-weight: 400;\"> \u00ab FN Herstal constitue une exception par sa taille ; pour le reste, la strat\u00e9gie publique vise \u00e0 rendre ces PME incontournables dans des cha\u00eenes de valeur globales, afin de capter les retomb\u00e9es industrielles des grands contrats internationaux. L\u2019enjeu a bascul\u00e9 : il ne s\u2019agit plus de tout produire sur le sol belge, mais d\u2019inscrire le pays dans les assemblages europ\u00e9ens et transatlantiques qui structurent r\u00e9ellement le march\u00e9. \u00bb<\/span><\/p>\n<p><span style=\"font-weight: 400;\">Dans cette \u00e9quation, le BEDEX a jou\u00e9 le r\u00f4le d\u2019une infrastructure de march\u00e9 : mettre en pr\u00e9sence l\u2019offre et la demande. <\/span><span style=\"font-weight: 400;\">\u00ab En lui donnant une sc\u00e8ne, on participe \u00e0 sa d\u00e9confidentialisation. Il faut expliquer ce qu\u2019on fait, avec qui on travaille et comment on r\u00e9pond aux nouveaux enjeux \u00bb, explique Yassine Rafik. \u00ab Mastodontes europ\u00e9ens et PME belges partagent le m\u00eame espace. L\u2019objectif est de cr\u00e9er les maillages. L\u2019\u00e9cosyst\u00e8me belge doit se penser comme un tout et non en blocs s\u00e9par\u00e9s. \u00bb<\/span><\/p>\n<p><span style=\"font-weight: 400;\">On nous parle d\u2019un temps que les moins de 20 ans ne peuvent pas conna\u00eetre, lorsqu\u2019avait lieu une r\u00e9union avec des militaires et que les entreprises entraient dans la pi\u00e8ce, les militaires en sortaient\u2026Une autre culture.\u00a0<\/span><\/p>\n<figure id=\"attachment_15882\" aria-describedby=\"caption-attachment-15882\" style=\"width: 696px\" class=\"wp-caption aligncenter\"><img loading=\"lazy\" decoding=\"async\" class=\"size-large wp-image-15882\" src=\"https:\/\/www.forbes.be\/fr\/wp-content\/uploads\/2026\/03\/whatsapp-image-2026-03-12-at-105840-768x1024.jpeg\" alt=\"\u00a9 Salma Haouach \" width=\"696\" height=\"928\" srcset=\"https:\/\/www.forbes.be\/fr\/wp-content\/uploads\/2026\/03\/whatsapp-image-2026-03-12-at-105840-768x1024.jpeg 768w, https:\/\/www.forbes.be\/fr\/wp-content\/uploads\/2026\/03\/whatsapp-image-2026-03-12-at-105840-225x300.jpeg 225w, https:\/\/www.forbes.be\/fr\/wp-content\/uploads\/2026\/03\/whatsapp-image-2026-03-12-at-105840-1152x1536.jpeg 1152w, https:\/\/www.forbes.be\/fr\/wp-content\/uploads\/2026\/03\/whatsapp-image-2026-03-12-at-105840-696x928.jpeg 696w, https:\/\/www.forbes.be\/fr\/wp-content\/uploads\/2026\/03\/whatsapp-image-2026-03-12-at-105840-1068x1424.jpeg 1068w, https:\/\/www.forbes.be\/fr\/wp-content\/uploads\/2026\/03\/whatsapp-image-2026-03-12-at-105840-600x800.jpeg 600w, https:\/\/www.forbes.be\/fr\/wp-content\/uploads\/2026\/03\/whatsapp-image-2026-03-12-at-105840.jpeg 1200w\" sizes=\"auto, (max-width: 696px) 100vw, 696px\" \/><figcaption id=\"caption-attachment-15882\" class=\"wp-caption-text\">\u00a9 Salma Haouach<\/figcaption><\/figure>\n<h2><span style=\"font-weight: 400;\">Le goulot d\u2019\u00e9tranglement : acheter vite sans acheter mal<\/span><\/h2>\n<p><span style=\"font-weight: 400;\">Le d\u00e9fi central de l\u2019\u00e9conomie de d\u00e9fense reste la vitesse. La commande publique veut acc\u00e9l\u00e9rer ; les r\u00e8gles de s\u00e9curit\u00e9, de conformit\u00e9 et de contr\u00f4le des exportations imposent des cycles longs. Le risque est connu : une innovation d\u00e9clar\u00e9e obsol\u00e8te avant m\u00eame d\u2019avoir \u00e9t\u00e9 achet\u00e9e.<\/span><\/p>\n<p><span style=\"font-weight: 400;\">\u00abUn foss\u00e9 s\u2019est creus\u00e9 entre les projets de recherche financ\u00e9s jusqu\u2019\u00e0 un certain niveau de maturit\u00e9 et les contrats d\u2019acquisition de la DGMR \u00bb, <\/span><span style=\"font-weight: 400;\">reconna\u00eet le Cabinet de la D\u00e9fense. Pour combler cet \u00e9cart, des outils de passage \u00e0 l\u2019\u00e9chelle ont \u00e9t\u00e9 mis en place, \u00e0 l\u2019image des \u00ab startup challenges \u00bb pr\u00e9sent\u00e9s au BEDEX, con\u00e7us pour tester des concepts directement avec les militaires. \u00ab <\/span><span style=\"font-weight: 400;\">L\u2019inspiration vient d\u2019Ukraine, o\u00f9 le cycle de d\u00e9veloppement d\u2019un drone a \u00e9t\u00e9 r\u00e9duit \u00e0 six semaines.\u00bb<\/span><\/p>\n<p><span style=\"font-weight: 400;\">Jeroen Poesen, conseiller en s\u00e9curit\u00e9 et d\u00e9fense de Luciad (groupe Hexagon) traduit cette tension avec pr\u00e9cision : \u00ab<\/span><span style=\"font-weight: 400;\"> Les grandes entreprises connaissent les processus d\u2019achat. Les startups apportent l\u2019agilit\u00e9. S\u00e9par\u00e9s, ils n&rsquo;avancent pas assez vite. Ensemble, au sein de consortiums, ils peuvent innover \u00e0 la \u201cspeed of relevance\u201d. \u00bb<\/span><\/p>\n<figure id=\"attachment_15881\" aria-describedby=\"caption-attachment-15881\" style=\"width: 696px\" class=\"wp-caption aligncenter\"><img loading=\"lazy\" decoding=\"async\" class=\"size-large wp-image-15881\" src=\"https:\/\/www.forbes.be\/fr\/wp-content\/uploads\/2026\/03\/whatsapp-image-2026-03-12-at-1058411-e1773310622606-1024x781.jpeg\" alt=\"\u00a9 Salma Haouach\" width=\"696\" height=\"531\" srcset=\"https:\/\/www.forbes.be\/fr\/wp-content\/uploads\/2026\/03\/whatsapp-image-2026-03-12-at-1058411-e1773310622606-1024x781.jpeg 1024w, https:\/\/www.forbes.be\/fr\/wp-content\/uploads\/2026\/03\/whatsapp-image-2026-03-12-at-1058411-e1773310622606-300x229.jpeg 300w, https:\/\/www.forbes.be\/fr\/wp-content\/uploads\/2026\/03\/whatsapp-image-2026-03-12-at-1058411-e1773310622606-768x586.jpeg 768w, https:\/\/www.forbes.be\/fr\/wp-content\/uploads\/2026\/03\/whatsapp-image-2026-03-12-at-1058411-e1773310622606-696x531.jpeg 696w, https:\/\/www.forbes.be\/fr\/wp-content\/uploads\/2026\/03\/whatsapp-image-2026-03-12-at-1058411-e1773310622606-1068x814.jpeg 1068w, https:\/\/www.forbes.be\/fr\/wp-content\/uploads\/2026\/03\/whatsapp-image-2026-03-12-at-1058411-e1773310622606-600x458.jpeg 600w, https:\/\/www.forbes.be\/fr\/wp-content\/uploads\/2026\/03\/whatsapp-image-2026-03-12-at-1058411-e1773310622606.jpeg 1200w\" sizes=\"auto, (max-width: 696px) 100vw, 696px\" \/><figcaption id=\"caption-attachment-15881\" class=\"wp-caption-text\">\u00a9 Salma Haouach<\/figcaption><\/figure>\n<h2><span style=\"font-weight: 400;\">Nord\/Sud : un \u00e9cosyst\u00e8me \u00e0 deux vitesses<\/span><\/h2>\n<p><span style=\"font-weight: 400;\">L\u2019industrie belge de d\u00e9fense pr\u00e9sente une g\u00e9ographie \u00e9conomique historiquement marqu\u00e9e : une Wallonie traditionnelle et exportatrice (FN Herstal, Cockerill, production lourde) face \u00e0 une Flandre en rattrapage (technologies dual-use, logiciels, syst\u00e8mes).<\/span><\/p>\n<p><span style=\"font-weight: 400;\">En Belgique, les licences d\u2019exportation d\u2019armes et de biens li\u00e9s \u00e0 la d\u00e9fense rel\u00e8vent largement des R\u00e9gions depuis la r\u00e9gionalisation du contr\u00f4le du commerce des armes (Flandre, Wallonie, Bruxelles-Capitale), chacune disposant de ses textes et de ses pratiques administratives, dans le cadre des r\u00e8gles europ\u00e9ennes.<\/span><\/p>\n<p><span style=\"font-weight: 400;\">En Flandre, le contr\u00f4le s\u2019inscrit dans un dispositif fortement structur\u00e9 et suivi par le Vlaams Vredesinstituut, qui analyse la l\u00e9gislation et la politique d\u2019exportation et \u00e9claire le Parlement flamand via ses rapports et avis. Cette architecture de gouvernance, plus \u00ab parlementaris\u00e9e \u00bb et plus expos\u00e9e au d\u00e9bat public contribue \u00e0 une approche souvent per\u00e7ue par les entreprises comme plus prudente, alors que la Wallonie s\u2019appuie davantage sur un tissu industriel historique li\u00e9 \u00e0 l\u2019armement et \u00e0 l\u2019exportation, avec des arbitrages politiques qui peuvent diverger selon les p\u00e9riodes.<\/span><\/p>\n<p><span style=\"font-weight: 400;\">R\u00e9sultat : au moment o\u00f9 les budgets remontent et o\u00f9 l\u2019\u00e9cosyst\u00e8me cherche \u00e0 se projeter \u00e0 l\u2019international, la question des licences devient un sujet de comp\u00e9titivit\u00e9, car elle peut peser sur la vitesse commerciale, la visibilit\u00e9 des carnets de commandes et, in fine, la capacit\u00e9 d\u2019investissement des PME<\/span><\/p>\n<p><span style=\"font-weight: 400;\">Un protocole de coordination est en discussion entre F\u00e9d\u00e9ral et R\u00e9gions pour harmoniser ces approches sans renoncer aux sp\u00e9cificit\u00e9s culturelles.<\/span><\/p>\n<p><span style=\"font-weight: 400;\">Mais ce d\u00e9s\u00e9quilibre historique s\u2019estompe. Le gouvernement flamand a r\u00e9cemment d\u00e9bloqu\u00e9 l\u2019Impulse Programma Defensie (20 millions d\u2019euros) pour combler l\u2019\u00e9cart. Nicolas Bas (Agoria-BSDI) note : <\/span><span style=\"font-weight: 400;\">\u00ab En nombre de compagnies actives, c\u2019est d\u00e9sormais \u00e9gal entre Nord et Sud. Mais en dynamisme, avec le nouveau gouvernement flamand, la d\u00e9fense est un vrai focus d\u2019investissement. En Flandre, il y a aujourd\u2019hui plus de dynamisme que dans le Sud pr\u00e9cis\u00e9ment parce qu\u2019il y a beaucoup de rattrapage \u00e0 faire. \u00bb<\/span><\/p>\n<p><span style=\"font-weight: 400;\">Pour d\u00e9passer ces crispations r\u00e9gionales, Yassine Rafik (BEDEX) rappelle l\u2019ADN f\u00e9d\u00e9rateur du salon : <\/span><span style=\"font-weight: 400;\">\u00ab BEDEX, c\u2019est mettre tout le monde ensemble : startups flamandes et industriels wallons sur le m\u00eame stand, sans fronti\u00e8res. L\u2019\u00e9cosyst\u00e8me belge doit se penser Nord et Sud, pas Nord contre Sud. \u00bb<\/span><\/p>\n<p><span style=\"font-weight: 400;\">Pour comprendre cet \u00e9cosyst\u00e8me, il faut aussi s\u2019\u00e9loigner de l\u2019image traditionnelle de l\u2019industrie lourde. La d\u00e9fense moderne, c\u2019est aussi de la donn\u00e9e, de la cartographie et de la visualisation en temps r\u00e9el. Luciad (groupe Hexagon) incarne cette Belgique technologique, ancr\u00e9e dans le \u00ab dual-use \u00bb : ces technologies n\u00e9es dans le militaire et deviennent des applications civiles. Leur software tourne discr\u00e8tement dans les syst\u00e8mes OTAN, mais aussi au c\u0153ur du programme franco-belge CaMo : ce partenariat, qui modernise les blind\u00e9s et les unit\u00e9s terrestres pour que la France et la Belgique combattent ensemble, s\u2019appuie sur Luciad pour afficher en temps r\u00e9el les positions et mouvements des troupes sur le terrain. Leur repr\u00e9sentant r\u00e9sume ce que vivent beaucoup d\u2019acteurs de ce type : \u00ab Pas de logo sur un tank. Mais notre software est le c\u0153ur des syst\u00e8mes de commandement. La d\u00e9fense, c\u2019est aussi \u00e7a. \u00bb confirme Jeroen Poels.\u00a0<\/span><\/p>\n<p><span style=\"font-weight: 400;\">Cette mont\u00e9e en technicit\u00e9 pose un d\u00e9fi de comp\u00e9titivit\u00e9 redoutable : la guerre des talents. Nicolas Bas le souligne <\/span><span style=\"font-weight: 400;\">: \u00ab la p\u00e9nurie la plus s\u00e9v\u00e8re ne frappe pas toujours les bureaux d\u2019\u00e9tudes, mais les ateliers, l\u00e0 o\u00f9 la r\u00e9p\u00e9tabilit\u00e9 industrielle doit \u00eatre garantie. \u00bb<\/span><\/p>\n<p><span style=\"font-weight: 400;\">Dans ce paysage fragment\u00e9, FN Browning Group fait figure de stabilisateur par sa capacit\u00e9 de production, ses volumes \u00e0 l\u2019export et sa strat\u00e9gie europ\u00e9enne concr\u00e9tis\u00e9e par le rachat du fran\u00e7ais Sofisport. Henry de Harenne, head of communications du groupe<\/span><span style=\"font-weight: 400;\">, <\/span><span style=\"font-weight: 400;\">souligne le poids du groupe dans l\u2019\u00e9conomie r\u00e9elle : <\/span><span style=\"font-weight: 400;\">\u00ab 67 % de nos fournisseurs sont des entreprises belges \u2014 wallonnes et flamandes confondues. 90 % viennent du Benelux, 97 % d\u2019Europe. Ce n\u2019est pas un accident : c\u2019est une strat\u00e9gie d\u00e9lib\u00e9r\u00e9e d\u2019ancrage. \u00bb<\/span><\/p>\n<p><span style=\"font-weight: 400;\">Le groupe a, en parall\u00e8le, s\u00e9curis\u00e9 un partenariat strat\u00e9gique de vingt ans avec la D\u00e9fense belge pour l\u2019armement l\u00e9ger et les munitions, ouvert \u00e0 d\u2019autres \u00c9tats europ\u00e9ens. <\/span><span style=\"font-weight: 400;\">\u00ab Ce type de partenariat est fondamental parce qu\u2019il nous donne une visibilit\u00e9 de vingt ans [\u2026] nous pouvons investir dans de nouvelles lignes de production \u00bb<\/span><span style=\"font-weight: 400;\">, explique Henry de Harenne.<\/span><\/p>\n<p>&nbsp;<\/p>\n<figure id=\"attachment_15886\" aria-describedby=\"caption-attachment-15886\" style=\"width: 696px\" class=\"wp-caption aligncenter\"><img loading=\"lazy\" decoding=\"async\" class=\"size-large wp-image-15886\" src=\"https:\/\/www.forbes.be\/fr\/wp-content\/uploads\/2026\/03\/2-1-768x1024.jpeg\" alt=\"\u00a9 Salma Haouach \" width=\"696\" height=\"928\" srcset=\"https:\/\/www.forbes.be\/fr\/wp-content\/uploads\/2026\/03\/2-1-768x1024.jpeg 768w, https:\/\/www.forbes.be\/fr\/wp-content\/uploads\/2026\/03\/2-1-225x300.jpeg 225w, https:\/\/www.forbes.be\/fr\/wp-content\/uploads\/2026\/03\/2-1-1152x1536.jpeg 1152w, https:\/\/www.forbes.be\/fr\/wp-content\/uploads\/2026\/03\/2-1-696x928.jpeg 696w, https:\/\/www.forbes.be\/fr\/wp-content\/uploads\/2026\/03\/2-1-1068x1424.jpeg 1068w, https:\/\/www.forbes.be\/fr\/wp-content\/uploads\/2026\/03\/2-1-600x800.jpeg 600w, https:\/\/www.forbes.be\/fr\/wp-content\/uploads\/2026\/03\/2-1.jpeg 1200w\" sizes=\"auto, (max-width: 696px) 100vw, 696px\" \/><figcaption id=\"caption-attachment-15886\" class=\"wp-caption-text\">\u00a9 Salma Haouach<\/figcaption><\/figure>\n<h2><span style=\"font-weight: 400;\">Le capital : ouvrir le march\u00e9 aux nouveaux entrants<\/span><\/h2>\n<p><span style=\"font-weight: 400;\">P\u00e9n\u00e9trer un march\u00e9 aussi norm\u00e9 et capitalistique demeure une \u00e9preuve. Longtemps, le capital-risque europ\u00e9en s\u2019est tenu \u00e0 distance de la d\u00e9fense, bridant l\u2019\u00e9mergence de jeunes pousses. Thibaut Claes, chez FNX Ventures, un fonds de 20 millions d\u2019euros adoss\u00e9 \u00e0 Wallonie Entreprendre et FN, pose un diagnostic sans d\u00e9tour :<\/span> <span style=\"font-weight: 400;\">\u00ab En Belgique, le march\u00e9 VC d\u00e9fense est tr\u00e8s faible. \u00c7a change, mais lentement. \u00bb<\/span><\/p>\n<p><span style=\"font-weight: 400;\">Son analyse ouvre pourtant sur une perspective plus large : \u00ab 80 % du financement va dans les drones. La vague suivante, c\u2019est le logiciel, l\u2019\u00e9nergie, la logistique, le spatial. \u00bb Le d\u00e9fi belge consiste d\u00e8s lors \u00e0 fl\u00e9cher les budgets vers ces technologies critiques o\u00f9 une avance comp\u00e9titive reste \u00e0 construire et \u00e0 d\u00e9fendre.<\/span><\/p>\n<figure id=\"attachment_15895\" aria-describedby=\"caption-attachment-15895\" style=\"width: 696px\" class=\"wp-caption aligncenter\"><img loading=\"lazy\" decoding=\"async\" class=\"size-large wp-image-15895\" src=\"https:\/\/www.forbes.be\/fr\/wp-content\/uploads\/2026\/03\/salma-1024x768.jpeg\" alt=\"\u00a9 Salma Haouach \" width=\"696\" height=\"522\" srcset=\"https:\/\/www.forbes.be\/fr\/wp-content\/uploads\/2026\/03\/salma-1024x768.jpeg 1024w, https:\/\/www.forbes.be\/fr\/wp-content\/uploads\/2026\/03\/salma-300x225.jpeg 300w, https:\/\/www.forbes.be\/fr\/wp-content\/uploads\/2026\/03\/salma-768x576.jpeg 768w, https:\/\/www.forbes.be\/fr\/wp-content\/uploads\/2026\/03\/salma-1536x1152.jpeg 1536w, https:\/\/www.forbes.be\/fr\/wp-content\/uploads\/2026\/03\/salma-696x522.jpeg 696w, https:\/\/www.forbes.be\/fr\/wp-content\/uploads\/2026\/03\/salma-1068x801.jpeg 1068w, https:\/\/www.forbes.be\/fr\/wp-content\/uploads\/2026\/03\/salma-600x450.jpeg 600w, https:\/\/www.forbes.be\/fr\/wp-content\/uploads\/2026\/03\/salma.jpeg 1600w\" sizes=\"auto, (max-width: 696px) 100vw, 696px\" \/><figcaption id=\"caption-attachment-15895\" class=\"wp-caption-text\">\u00a9 Salma Haouach<\/figcaption><\/figure>\n<h2><span style=\"font-weight: 400;\">L\u2019Europe : une cha\u00eene de valeur encore \u00e0 assembler<\/span><\/h2>\n<p><span style=\"font-weight: 400;\">Ce r\u00e9veil belge s\u2019inscrit dans une dynamique plus large, th\u00e9oris\u00e9e par le rapport Draghi : l\u2019industrie de d\u00e9fense europ\u00e9enne souffre d\u2019une fragmentation co\u00fbteuse. Face \u00e0 la prolif\u00e9ration des syst\u00e8mes d\u2019armes concurrents sur le Vieux Continent, l\u2019int\u00e9gration s\u2019impose comme une urgence autant \u00e9conomique que strat\u00e9gique.<\/span><\/p>\n<p><span style=\"font-weight: 400;\">Cette int\u00e9gration ne se d\u00e9cr\u00e8te pas d\u2019en haut : elle se construit contrat apr\u00e8s contrat, consortium apr\u00e8s consortium, partenariat transfrontalier apr\u00e8s partenariat transfrontalier.\u00a0<\/span><\/p>\n<p><span style=\"font-weight: 400;\">C\u2019est l\u00e0 que la dynamique bruxelloise du printemps 2026 prend toute sa port\u00e9e : \u00ab <\/span><span style=\"font-weight: 400;\">Bruxelles est au coeur de l\u2019OTAN et de l\u2019Union Europ\u00e9enne \u00bb, rappelle le co-fondateur Yassine Rafik. \u00ab La demande europ\u00e9enne a explos\u00e9 depuis 3 ans. Certains de nos acteurs ont multipli\u00e9 leur CA par 4. C\u2019est le moment de structurer l\u2019offre belge. \u00bb<\/span><\/p>\n<p><span style=\"font-weight: 400;\">Le changement culturel est peut-\u00eatre le signe le plus \u00e9loquent. Jeroen Poels de Luciad en a livr\u00e9 la meilleure lecture : \u00ab<\/span><span style=\"font-weight: 400;\"> Il y a trois ans, les r\u00e9unions d\u00e9fense se tenaient dans de petites salles. Aujourd\u2019hui, les m\u00eames \u00e9v\u00e9nements remplissent les grands h\u00f4tels. Le fait que le BEDEX ait exist\u00e9 \u00e0 Bruxelles \u00e9tait inimaginable il y a trois ans. \u00bb\u00a0<\/span><\/p>\n<p><span style=\"font-weight: 400;\">L\u2019\u00e9cosyst\u00e8me belge changera-t-il de dimension\u200b\u200b\u200b\u200b\u200b\u200b\u200b\u200b\u200b\u200b\u200b? Ce sera d\u00e9finitivement \u00e0 suivre dans les prochaines ann\u00e9es.\u00a0<\/span><\/p>\n<p><img loading=\"lazy\" decoding=\"async\" class=\"aligncenter size-large wp-image-15892\" src=\"https:\/\/www.forbes.be\/fr\/wp-content\/uploads\/2026\/03\/joan1-1024x576.jpeg\" alt=\"\" width=\"696\" height=\"392\" srcset=\"https:\/\/www.forbes.be\/fr\/wp-content\/uploads\/2026\/03\/joan1-1024x576.jpeg 1024w, https:\/\/www.forbes.be\/fr\/wp-content\/uploads\/2026\/03\/joan1-300x169.jpeg 300w, https:\/\/www.forbes.be\/fr\/wp-content\/uploads\/2026\/03\/joan1-768x432.jpeg 768w, https:\/\/www.forbes.be\/fr\/wp-content\/uploads\/2026\/03\/joan1-1536x864.jpeg 1536w, https:\/\/www.forbes.be\/fr\/wp-content\/uploads\/2026\/03\/joan1-696x392.jpeg 696w, https:\/\/www.forbes.be\/fr\/wp-content\/uploads\/2026\/03\/joan1-1068x601.jpeg 1068w, https:\/\/www.forbes.be\/fr\/wp-content\/uploads\/2026\/03\/joan1-600x338.jpeg 600w, https:\/\/www.forbes.be\/fr\/wp-content\/uploads\/2026\/03\/joan1.jpeg 1600w\" sizes=\"auto, (max-width: 696px) 100vw, 696px\" \/><\/p>\n","protected":false},"excerpt":{"rendered":"<p>Ce 12 mars 2026, Brussels Expo a inaugur\u00e9 le BEDEX \u2014 Brussels European Defense Exhibition, au moment pr\u00e9cis o\u00f9 l\u2019industrie belge de d\u00e9fense sortait des \u00ab dividendes de la paix \u00bb pour redevenir un enjeu \u00e9conomique de premier plan. Au printemps 2026, la question a chang\u00e9 de nature. Il ne s\u2019agit plus de d\u00e9cider s\u2019il [&hellip;]<\/p>\n","protected":false},"author":18,"featured_media":15897,"comment_status":"closed","ping_status":"closed","sticky":false,"template":"","format":"standard","meta":{"_acf_changed":false,"inline_featured_image":false,"footnotes":""},"categories":[1],"tags":[],"class_list":{"0":"post-15876","1":"post","2":"type-post","3":"status-publish","4":"format-standard","5":"has-post-thumbnail","7":"category-actualite"},"acf":[],"_yoast_wpseo_title":null,"_yoast_wpseo_metadesc":"Brussels Expo a inaugur\u00e9 le BEDEX au moment pr\u00e9cis o\u00f9 l\u2019industrie belge de d\u00e9fense sortait des \u00ab dividendes de la paix \u00bb.","auteur_traducteur":"","yoast_head":"<!-- This site is optimized with the Yoast SEO plugin v27.4 - https:\/\/yoast.com\/product\/yoast-seo-wordpress\/ -->\n<title>L\u2019\u00e9cosyst\u00e8me de d\u00e9fense belge se r\u00e9veille | Forbes Belgique<\/title>\n<meta name=\"description\" content=\"Brussels Expo a inaugur\u00e9 le BEDEX au moment pr\u00e9cis o\u00f9 l\u2019industrie belge de d\u00e9fense sortait des \u00ab dividendes de la paix \u00bb.\" \/>\n<meta name=\"robots\" content=\"index, follow, max-snippet:-1, max-image-preview:large, max-video-preview:-1\" \/>\n<link rel=\"canonical\" href=\"https:\/\/www.forbes.be\/fr\/lecosysteme-de-defense-belge-se-reveille\/\" \/>\n<meta property=\"og:locale\" content=\"fr_FR\" \/>\n<meta property=\"og:type\" content=\"article\" \/>\n<meta property=\"og:title\" content=\"L\u2019\u00e9cosyst\u00e8me de d\u00e9fense belge se r\u00e9veille | Forbes Belgique\" \/>\n<meta property=\"og:description\" content=\"Brussels Expo a inaugur\u00e9 le BEDEX au moment pr\u00e9cis o\u00f9 l\u2019industrie belge de d\u00e9fense sortait des \u00ab dividendes de la paix \u00bb.\" \/>\n<meta property=\"og:url\" content=\"https:\/\/www.forbes.be\/fr\/lecosysteme-de-defense-belge-se-reveille\/\" \/>\n<meta property=\"og:site_name\" content=\"Forbes Belgique\" \/>\n<meta property=\"article:publisher\" content=\"https:\/\/www.facebook.com\/forbesbelgique\/\" \/>\n<meta property=\"article:published_time\" content=\"2026-03-12T10:55:45+00:00\" \/>\n<meta property=\"article:modified_time\" content=\"2026-03-12T11:10:52+00:00\" \/>\n<meta property=\"og:image\" content=\"https:\/\/www.forbes.be\/fr\/wp-content\/uploads\/2026\/03\/char.jpeg\" \/>\n\t<meta property=\"og:image:width\" content=\"2048\" \/>\n\t<meta property=\"og:image:height\" content=\"1536\" \/>\n\t<meta property=\"og:image:type\" content=\"image\/jpeg\" \/>\n<meta name=\"author\" content=\"Salma Haouach\" \/>\n<meta name=\"twitter:card\" content=\"summary_large_image\" \/>\n<meta name=\"twitter:label1\" content=\"\u00c9crit par\" \/>\n\t<meta name=\"twitter:data1\" content=\"Salma Haouach\" \/>\n\t<meta name=\"twitter:label2\" content=\"Dur\u00e9e de lecture estim\u00e9e\" \/>\n\t<meta name=\"twitter:data2\" content=\"11 minutes\" \/>\n<script type=\"application\/ld+json\" class=\"yoast-schema-graph\">{\"@context\":\"https:\\\/\\\/schema.org\",\"@graph\":[{\"@type\":\"NewsArticle\",\"@id\":\"https:\\\/\\\/www.forbes.be\\\/fr\\\/lecosysteme-de-defense-belge-se-reveille\\\/#article\",\"isPartOf\":{\"@id\":\"https:\\\/\\\/www.forbes.be\\\/fr\\\/lecosysteme-de-defense-belge-se-reveille\\\/\"},\"author\":{\"name\":\"Salma Haouach\",\"@id\":\"https:\\\/\\\/www.forbes.be\\\/fr\\\/#\\\/schema\\\/person\\\/d149518123a5b0991913625dbefb2a1f\"},\"headline\":\"L\u2019\u00e9cosyst\u00e8me de d\u00e9fense belge se r\u00e9veille\",\"datePublished\":\"2026-03-12T10:55:45+00:00\",\"dateModified\":\"2026-03-12T11:10:52+00:00\",\"mainEntityOfPage\":{\"@id\":\"https:\\\/\\\/www.forbes.be\\\/fr\\\/lecosysteme-de-defense-belge-se-reveille\\\/\"},\"wordCount\":1993,\"publisher\":{\"@id\":\"https:\\\/\\\/www.forbes.be\\\/fr\\\/#organization\"},\"image\":{\"@id\":\"https:\\\/\\\/www.forbes.be\\\/fr\\\/lecosysteme-de-defense-belge-se-reveille\\\/#primaryimage\"},\"thumbnailUrl\":\"https:\\\/\\\/www.forbes.be\\\/fr\\\/wp-content\\\/uploads\\\/2026\\\/03\\\/char.jpeg\",\"articleSection\":[\"Actualit\u00e9s\"],\"inLanguage\":\"fr-FR\"},{\"@type\":\"WebPage\",\"@id\":\"https:\\\/\\\/www.forbes.be\\\/fr\\\/lecosysteme-de-defense-belge-se-reveille\\\/\",\"url\":\"https:\\\/\\\/www.forbes.be\\\/fr\\\/lecosysteme-de-defense-belge-se-reveille\\\/\",\"name\":\"L\u2019\u00e9cosyst\u00e8me de d\u00e9fense belge se r\u00e9veille | Forbes Belgique\",\"isPartOf\":{\"@id\":\"https:\\\/\\\/www.forbes.be\\\/fr\\\/#website\"},\"primaryImageOfPage\":{\"@id\":\"https:\\\/\\\/www.forbes.be\\\/fr\\\/lecosysteme-de-defense-belge-se-reveille\\\/#primaryimage\"},\"image\":{\"@id\":\"https:\\\/\\\/www.forbes.be\\\/fr\\\/lecosysteme-de-defense-belge-se-reveille\\\/#primaryimage\"},\"thumbnailUrl\":\"https:\\\/\\\/www.forbes.be\\\/fr\\\/wp-content\\\/uploads\\\/2026\\\/03\\\/char.jpeg\",\"datePublished\":\"2026-03-12T10:55:45+00:00\",\"dateModified\":\"2026-03-12T11:10:52+00:00\",\"description\":\"Brussels Expo a inaugur\u00e9 le BEDEX au moment pr\u00e9cis o\u00f9 l\u2019industrie belge de d\u00e9fense sortait des \u00ab dividendes de la paix \u00bb.\",\"breadcrumb\":{\"@id\":\"https:\\\/\\\/www.forbes.be\\\/fr\\\/lecosysteme-de-defense-belge-se-reveille\\\/#breadcrumb\"},\"inLanguage\":\"fr-FR\",\"potentialAction\":[{\"@type\":\"ReadAction\",\"target\":[\"https:\\\/\\\/www.forbes.be\\\/fr\\\/lecosysteme-de-defense-belge-se-reveille\\\/\"]}]},{\"@type\":\"ImageObject\",\"inLanguage\":\"fr-FR\",\"@id\":\"https:\\\/\\\/www.forbes.be\\\/fr\\\/lecosysteme-de-defense-belge-se-reveille\\\/#primaryimage\",\"url\":\"https:\\\/\\\/www.forbes.be\\\/fr\\\/wp-content\\\/uploads\\\/2026\\\/03\\\/char.jpeg\",\"contentUrl\":\"https:\\\/\\\/www.forbes.be\\\/fr\\\/wp-content\\\/uploads\\\/2026\\\/03\\\/char.jpeg\",\"width\":2048,\"height\":1536,\"caption\":\"\u00a9 DR\"},{\"@type\":\"BreadcrumbList\",\"@id\":\"https:\\\/\\\/www.forbes.be\\\/fr\\\/lecosysteme-de-defense-belge-se-reveille\\\/#breadcrumb\",\"itemListElement\":[{\"@type\":\"ListItem\",\"position\":1,\"name\":\"Accueil\",\"item\":\"https:\\\/\\\/www.forbes.be\\\/fr\\\/\"},{\"@type\":\"ListItem\",\"position\":2,\"name\":\"L\u2019\u00e9cosyst\u00e8me de d\u00e9fense belge se r\u00e9veille\"}]},{\"@type\":\"WebSite\",\"@id\":\"https:\\\/\\\/www.forbes.be\\\/fr\\\/#website\",\"url\":\"https:\\\/\\\/www.forbes.be\\\/fr\\\/\",\"name\":\"Forbes Belgique\",\"description\":\"\",\"publisher\":{\"@id\":\"https:\\\/\\\/www.forbes.be\\\/fr\\\/#organization\"},\"potentialAction\":[{\"@type\":\"SearchAction\",\"target\":{\"@type\":\"EntryPoint\",\"urlTemplate\":\"https:\\\/\\\/www.forbes.be\\\/fr\\\/?s={search_term_string}\"},\"query-input\":{\"@type\":\"PropertyValueSpecification\",\"valueRequired\":true,\"valueName\":\"search_term_string\"}}],\"inLanguage\":\"fr-FR\"},{\"@type\":\"Organization\",\"@id\":\"https:\\\/\\\/www.forbes.be\\\/fr\\\/#organization\",\"name\":\"Forbes Belgique\",\"url\":\"https:\\\/\\\/www.forbes.be\\\/fr\\\/\",\"logo\":{\"@type\":\"ImageObject\",\"inLanguage\":\"fr-FR\",\"@id\":\"https:\\\/\\\/www.forbes.be\\\/fr\\\/#\\\/schema\\\/logo\\\/image\\\/\",\"url\":\"https:\\\/\\\/www.forbes.be\\\/fr\\\/wp-content\\\/uploads\\\/2024\\\/02\\\/forbes.be_.png\",\"contentUrl\":\"https:\\\/\\\/www.forbes.be\\\/fr\\\/wp-content\\\/uploads\\\/2024\\\/02\\\/forbes.be_.png\",\"width\":1200,\"height\":675,\"caption\":\"Forbes Belgique\"},\"image\":{\"@id\":\"https:\\\/\\\/www.forbes.be\\\/fr\\\/#\\\/schema\\\/logo\\\/image\\\/\"},\"sameAs\":[\"https:\\\/\\\/www.facebook.com\\\/forbesbelgique\\\/\",\"https:\\\/\\\/www.instagram.com\\\/Forbes_Belgium\",\"https:\\\/\\\/www.linkedin.com\\\/company\\\/forbes-belgium\\\/\"]},{\"@type\":\"Person\",\"@id\":\"https:\\\/\\\/www.forbes.be\\\/fr\\\/#\\\/schema\\\/person\\\/d149518123a5b0991913625dbefb2a1f\",\"name\":\"Salma Haouach\",\"image\":{\"@type\":\"ImageObject\",\"inLanguage\":\"fr-FR\",\"@id\":\"https:\\\/\\\/www.forbes.be\\\/fr\\\/wp-content\\\/uploads\\\/2024\\\/02\\\/1698578162981-150x150.jpeg\",\"url\":\"https:\\\/\\\/www.forbes.be\\\/fr\\\/wp-content\\\/uploads\\\/2024\\\/02\\\/1698578162981-150x150.jpeg\",\"contentUrl\":\"https:\\\/\\\/www.forbes.be\\\/fr\\\/wp-content\\\/uploads\\\/2024\\\/02\\\/1698578162981-150x150.jpeg\",\"caption\":\"Salma Haouach\"},\"description\":\"De formation ing\u00e9nieure de gestion de Solvay en 2001, major finance, Salma Haouach a d\u00e9marr\u00e9 sa carri\u00e8re dans le secteur financier avant de travailler dans l\u2019ing\u00e9nierie marketing et la communication strat\u00e9gique \u00e0 Valencia, Casablanca, Bordeaux et Le Havre avant de revenir \u00e0 Bruxelles il y\u2019a 10 ans et poursuivre sa carri\u00e8re dans le conseil en strat\u00e9gie et leadership durable. Parall\u00e8lement, elle a construit une carri\u00e8re m\u00e9diatique comme chroniqueuse dans des m\u00e9dias audiovisuels nationaux \u00e0 partir de 2008 (L\u2019Express, La Premi\u00e8re, La Deux, BX1), elle a cr\u00e9\u00e9 un m\u00e9dia online d'\u00e9ducation aux m\u00e9dias (Le Lab.) puis \u00e9ditant et pr\u00e9sentant deux \u00e9missions \u00e9conomiques : Co\u00fbte que Co\u00fbte sur Bel RTL et Business Club sur LN24.\",\"url\":\"https:\\\/\\\/www.forbes.be\\\/fr\\\/author\\\/haouachsalmagmail-com\\\/\"}]}<\/script>\n<!-- \/ Yoast SEO plugin. -->","yoast_head_json":{"title":"L\u2019\u00e9cosyst\u00e8me de d\u00e9fense belge se r\u00e9veille | Forbes Belgique","description":"Brussels Expo a inaugur\u00e9 le BEDEX au moment pr\u00e9cis o\u00f9 l\u2019industrie belge de d\u00e9fense sortait des \u00ab dividendes de la paix \u00bb.","robots":{"index":"index","follow":"follow","max-snippet":"max-snippet:-1","max-image-preview":"max-image-preview:large","max-video-preview":"max-video-preview:-1"},"canonical":"https:\/\/www.forbes.be\/fr\/lecosysteme-de-defense-belge-se-reveille\/","og_locale":"fr_FR","og_type":"article","og_title":"L\u2019\u00e9cosyst\u00e8me de d\u00e9fense belge se r\u00e9veille | Forbes Belgique","og_description":"Brussels Expo a inaugur\u00e9 le BEDEX au moment pr\u00e9cis o\u00f9 l\u2019industrie belge de d\u00e9fense sortait des \u00ab dividendes de la paix \u00bb.","og_url":"https:\/\/www.forbes.be\/fr\/lecosysteme-de-defense-belge-se-reveille\/","og_site_name":"Forbes Belgique","article_publisher":"https:\/\/www.facebook.com\/forbesbelgique\/","article_published_time":"2026-03-12T10:55:45+00:00","article_modified_time":"2026-03-12T11:10:52+00:00","og_image":[{"width":2048,"height":1536,"url":"https:\/\/www.forbes.be\/fr\/wp-content\/uploads\/2026\/03\/char.jpeg","type":"image\/jpeg"}],"author":"Salma Haouach","twitter_card":"summary_large_image","twitter_misc":{"\u00c9crit par":"Salma Haouach","Dur\u00e9e de lecture estim\u00e9e":"11 minutes"},"schema":{"@context":"https:\/\/schema.org","@graph":[{"@type":"NewsArticle","@id":"https:\/\/www.forbes.be\/fr\/lecosysteme-de-defense-belge-se-reveille\/#article","isPartOf":{"@id":"https:\/\/www.forbes.be\/fr\/lecosysteme-de-defense-belge-se-reveille\/"},"author":{"name":"Salma Haouach","@id":"https:\/\/www.forbes.be\/fr\/#\/schema\/person\/d149518123a5b0991913625dbefb2a1f"},"headline":"L\u2019\u00e9cosyst\u00e8me de d\u00e9fense belge se r\u00e9veille","datePublished":"2026-03-12T10:55:45+00:00","dateModified":"2026-03-12T11:10:52+00:00","mainEntityOfPage":{"@id":"https:\/\/www.forbes.be\/fr\/lecosysteme-de-defense-belge-se-reveille\/"},"wordCount":1993,"publisher":{"@id":"https:\/\/www.forbes.be\/fr\/#organization"},"image":{"@id":"https:\/\/www.forbes.be\/fr\/lecosysteme-de-defense-belge-se-reveille\/#primaryimage"},"thumbnailUrl":"https:\/\/www.forbes.be\/fr\/wp-content\/uploads\/2026\/03\/char.jpeg","articleSection":["Actualit\u00e9s"],"inLanguage":"fr-FR"},{"@type":"WebPage","@id":"https:\/\/www.forbes.be\/fr\/lecosysteme-de-defense-belge-se-reveille\/","url":"https:\/\/www.forbes.be\/fr\/lecosysteme-de-defense-belge-se-reveille\/","name":"L\u2019\u00e9cosyst\u00e8me de d\u00e9fense belge se r\u00e9veille | Forbes Belgique","isPartOf":{"@id":"https:\/\/www.forbes.be\/fr\/#website"},"primaryImageOfPage":{"@id":"https:\/\/www.forbes.be\/fr\/lecosysteme-de-defense-belge-se-reveille\/#primaryimage"},"image":{"@id":"https:\/\/www.forbes.be\/fr\/lecosysteme-de-defense-belge-se-reveille\/#primaryimage"},"thumbnailUrl":"https:\/\/www.forbes.be\/fr\/wp-content\/uploads\/2026\/03\/char.jpeg","datePublished":"2026-03-12T10:55:45+00:00","dateModified":"2026-03-12T11:10:52+00:00","description":"Brussels Expo a inaugur\u00e9 le BEDEX au moment pr\u00e9cis o\u00f9 l\u2019industrie belge de d\u00e9fense sortait des \u00ab dividendes de la paix \u00bb.","breadcrumb":{"@id":"https:\/\/www.forbes.be\/fr\/lecosysteme-de-defense-belge-se-reveille\/#breadcrumb"},"inLanguage":"fr-FR","potentialAction":[{"@type":"ReadAction","target":["https:\/\/www.forbes.be\/fr\/lecosysteme-de-defense-belge-se-reveille\/"]}]},{"@type":"ImageObject","inLanguage":"fr-FR","@id":"https:\/\/www.forbes.be\/fr\/lecosysteme-de-defense-belge-se-reveille\/#primaryimage","url":"https:\/\/www.forbes.be\/fr\/wp-content\/uploads\/2026\/03\/char.jpeg","contentUrl":"https:\/\/www.forbes.be\/fr\/wp-content\/uploads\/2026\/03\/char.jpeg","width":2048,"height":1536,"caption":"\u00a9 DR"},{"@type":"BreadcrumbList","@id":"https:\/\/www.forbes.be\/fr\/lecosysteme-de-defense-belge-se-reveille\/#breadcrumb","itemListElement":[{"@type":"ListItem","position":1,"name":"Accueil","item":"https:\/\/www.forbes.be\/fr\/"},{"@type":"ListItem","position":2,"name":"L\u2019\u00e9cosyst\u00e8me de d\u00e9fense belge se r\u00e9veille"}]},{"@type":"WebSite","@id":"https:\/\/www.forbes.be\/fr\/#website","url":"https:\/\/www.forbes.be\/fr\/","name":"Forbes Belgique","description":"","publisher":{"@id":"https:\/\/www.forbes.be\/fr\/#organization"},"potentialAction":[{"@type":"SearchAction","target":{"@type":"EntryPoint","urlTemplate":"https:\/\/www.forbes.be\/fr\/?s={search_term_string}"},"query-input":{"@type":"PropertyValueSpecification","valueRequired":true,"valueName":"search_term_string"}}],"inLanguage":"fr-FR"},{"@type":"Organization","@id":"https:\/\/www.forbes.be\/fr\/#organization","name":"Forbes Belgique","url":"https:\/\/www.forbes.be\/fr\/","logo":{"@type":"ImageObject","inLanguage":"fr-FR","@id":"https:\/\/www.forbes.be\/fr\/#\/schema\/logo\/image\/","url":"https:\/\/www.forbes.be\/fr\/wp-content\/uploads\/2024\/02\/forbes.be_.png","contentUrl":"https:\/\/www.forbes.be\/fr\/wp-content\/uploads\/2024\/02\/forbes.be_.png","width":1200,"height":675,"caption":"Forbes Belgique"},"image":{"@id":"https:\/\/www.forbes.be\/fr\/#\/schema\/logo\/image\/"},"sameAs":["https:\/\/www.facebook.com\/forbesbelgique\/","https:\/\/www.instagram.com\/Forbes_Belgium","https:\/\/www.linkedin.com\/company\/forbes-belgium\/"]},{"@type":"Person","@id":"https:\/\/www.forbes.be\/fr\/#\/schema\/person\/d149518123a5b0991913625dbefb2a1f","name":"Salma Haouach","image":{"@type":"ImageObject","inLanguage":"fr-FR","@id":"https:\/\/www.forbes.be\/fr\/wp-content\/uploads\/2024\/02\/1698578162981-150x150.jpeg","url":"https:\/\/www.forbes.be\/fr\/wp-content\/uploads\/2024\/02\/1698578162981-150x150.jpeg","contentUrl":"https:\/\/www.forbes.be\/fr\/wp-content\/uploads\/2024\/02\/1698578162981-150x150.jpeg","caption":"Salma Haouach"},"description":"De formation ing\u00e9nieure de gestion de Solvay en 2001, major finance, Salma Haouach a d\u00e9marr\u00e9 sa carri\u00e8re dans le secteur financier avant de travailler dans l\u2019ing\u00e9nierie marketing et la communication strat\u00e9gique \u00e0 Valencia, Casablanca, Bordeaux et Le Havre avant de revenir \u00e0 Bruxelles il y\u2019a 10 ans et poursuivre sa carri\u00e8re dans le conseil en strat\u00e9gie et leadership durable. Parall\u00e8lement, elle a construit une carri\u00e8re m\u00e9diatique comme chroniqueuse dans des m\u00e9dias audiovisuels nationaux \u00e0 partir de 2008 (L\u2019Express, La Premi\u00e8re, La Deux, BX1), elle a cr\u00e9\u00e9 un m\u00e9dia online d'\u00e9ducation aux m\u00e9dias (Le Lab.) puis \u00e9ditant et pr\u00e9sentant deux \u00e9missions \u00e9conomiques : Co\u00fbte que Co\u00fbte sur Bel RTL et Business Club sur LN24.","url":"https:\/\/www.forbes.be\/fr\/author\/haouachsalmagmail-com\/"}]}},"_links":{"self":[{"href":"https:\/\/www.forbes.be\/fr\/wp-json\/wp\/v2\/posts\/15876","targetHints":{"allow":["GET"]}}],"collection":[{"href":"https:\/\/www.forbes.be\/fr\/wp-json\/wp\/v2\/posts"}],"about":[{"href":"https:\/\/www.forbes.be\/fr\/wp-json\/wp\/v2\/types\/post"}],"author":[{"embeddable":true,"href":"https:\/\/www.forbes.be\/fr\/wp-json\/wp\/v2\/users\/18"}],"replies":[{"embeddable":true,"href":"https:\/\/www.forbes.be\/fr\/wp-json\/wp\/v2\/comments?post=15876"}],"version-history":[{"count":9,"href":"https:\/\/www.forbes.be\/fr\/wp-json\/wp\/v2\/posts\/15876\/revisions"}],"predecessor-version":[{"id":15896,"href":"https:\/\/www.forbes.be\/fr\/wp-json\/wp\/v2\/posts\/15876\/revisions\/15896"}],"wp:featuredmedia":[{"embeddable":true,"href":"https:\/\/www.forbes.be\/fr\/wp-json\/wp\/v2\/media\/15897"}],"wp:attachment":[{"href":"https:\/\/www.forbes.be\/fr\/wp-json\/wp\/v2\/media?parent=15876"}],"wp:term":[{"taxonomy":"category","embeddable":true,"href":"https:\/\/www.forbes.be\/fr\/wp-json\/wp\/v2\/categories?post=15876"},{"taxonomy":"post_tag","embeddable":true,"href":"https:\/\/www.forbes.be\/fr\/wp-json\/wp\/v2\/tags?post=15876"}],"curies":[{"name":"wp","href":"https:\/\/api.w.org\/{rel}","templated":true}]}}