{"id":15933,"date":"2026-03-14T07:35:10","date_gmt":"2026-03-14T06:35:10","guid":{"rendered":"https:\/\/www.forbes.be\/fr\/?p=15933"},"modified":"2026-03-13T11:40:29","modified_gmt":"2026-03-13T10:40:29","slug":"la-matrimoney-academy-inaugure-son-premier-cycle-le-24-mars-au-corinthia-brussels-avec-ilham-kadri","status":"publish","type":"post","link":"https:\/\/www.forbes.be\/fr\/la-matrimoney-academy-inaugure-son-premier-cycle-le-24-mars-au-corinthia-brussels-avec-ilham-kadri\/","title":{"rendered":"La Matrimoney Academy inaugure son premier cycle le 24 mars au Corinthia Brussels avec Ilham Kadri"},"content":{"rendered":"<p><strong>Fond\u00e9e par Marie Gu\u00e9rin, ancienne r\u00e9dactrice en chef de ELLE Belgique, la Matrimoney Academy se pr\u00e9sente comme une plateforme d&rsquo;\u00e9ducation financi\u00e8re et culturelle destin\u00e9e aux femmes \u00e0 haut profil. Elle ouvre ses portes le 24 mars au Corinthia Brussels avec, en invit\u00e9e principale, Ilham Kadri, premi\u00e8re femme \u00e0 avoir dirig\u00e9 le groupe Solvay et dirigeante la mieux r\u00e9mun\u00e9r\u00e9e du Bel 20 en 2025.<\/strong><\/p>\n<p>L&rsquo;argent comme objet de culture, et non de vulgarisation. C&rsquo;est le pari que formule la <a href=\"https:\/\/www.matrimoney.academy\/\" target=\"_blank\" rel=\"noopener\">Matrimoney Academy<\/a>, nouvelle initiative d&rsquo;<strong>\u00e9ducation financi\u00e8re<\/strong> qui inaugure son premier cycle le 24 mars prochain au Corinthia Brussels. Derri\u00e8re le projet, une figure connue du paysage m\u00e9diatique belge : <strong>Marie Gu\u00e9rin<\/strong>, ancienne r\u00e9dactrice en chef du magazine ELLE Belgique, qui ambitionne de cr\u00e9er un espace de formation exigeant, d\u00e9lib\u00e9r\u00e9ment <em>offline<\/em>, \u00e0 la crois\u00e9e de la culture \u00e9conomique, de l&rsquo;art de vivre et de la transmission.<\/p>\n<figure id=\"attachment_15939\" aria-describedby=\"caption-attachment-15939\" style=\"width: 864px\" class=\"wp-caption alignnone\"><img loading=\"lazy\" decoding=\"async\" class=\"size-full wp-image-15939\" src=\"https:\/\/www.forbes.be\/fr\/wp-content\/uploads\/2026\/03\/marie-matrimoney.jpg\" alt=\"\" width=\"864\" height=\"1184\" srcset=\"https:\/\/www.forbes.be\/fr\/wp-content\/uploads\/2026\/03\/marie-matrimoney.jpg 864w, https:\/\/www.forbes.be\/fr\/wp-content\/uploads\/2026\/03\/marie-matrimoney-219x300.jpg 219w, https:\/\/www.forbes.be\/fr\/wp-content\/uploads\/2026\/03\/marie-matrimoney-747x1024.jpg 747w, https:\/\/www.forbes.be\/fr\/wp-content\/uploads\/2026\/03\/marie-matrimoney-768x1052.jpg 768w, https:\/\/www.forbes.be\/fr\/wp-content\/uploads\/2026\/03\/marie-matrimoney-696x954.jpg 696w, https:\/\/www.forbes.be\/fr\/wp-content\/uploads\/2026\/03\/marie-matrimoney-600x822.jpg 600w\" sizes=\"auto, (max-width: 864px) 100vw, 864px\" \/><figcaption id=\"caption-attachment-15939\" class=\"wp-caption-text\">Marie Gu\u00e9rin \u00a9 DR<\/figcaption><\/figure>\n<h2>Ilham Kadri en t\u00eate d&rsquo;affiche<\/h2>\n<p>Pour ce coup d&rsquo;envoi, la <strong>Matrimoney Academy<\/strong> a choisi une invit\u00e9e dont le parcours illustre pr\u00e9cis\u00e9ment les enjeux qu&rsquo;elle entend explorer. <strong>Ilham Kadri<\/strong>, chimiste de formation et docteure, a \u00e9t\u00e9 en 2019 la <a href=\"https:\/\/www.forbes.be\/fr\/mike-radossich-nomme-ceo-de-syensqo-une-nouvelle-ere-souvre-pour-la-chimie-de-specialite-belge\/\" target=\"_blank\" rel=\"noopener\">premi\u00e8re femme \u00e0 prendre la t\u00eate du groupe Solvay<\/a>, avant de piloter la scission historique <a href=\"https:\/\/www.forbes.be\/fr\/syensqo-heike-van-de-kerkhof-succede-a-rosemary-thorne-a-la-presidence-du-conseil-dadministration\/\" target=\"_blank\" rel=\"noopener\">qui a donn\u00e9 naissance \u00e0 Syensqo<\/a>. En 2025, elle demeure la dirigeante la mieux r\u00e9mun\u00e9r\u00e9e du Bel 20, dans un paysage europ\u00e9en o\u00f9 moins de 10% des grandes entreprises cot\u00e9es sont dirig\u00e9es par des femmes.<\/p>\n<div class=\"mceTemp\"><\/div>\n<figure id=\"attachment_15937\" aria-describedby=\"caption-attachment-15937\" style=\"width: 1708px\" class=\"wp-caption alignnone\"><img loading=\"lazy\" decoding=\"async\" class=\"size-full wp-image-15937\" src=\"https:\/\/www.forbes.be\/fr\/wp-content\/uploads\/2026\/03\/cdirk-alexander2-scaled.jpg\" alt=\"\" width=\"1708\" height=\"2560\" srcset=\"https:\/\/www.forbes.be\/fr\/wp-content\/uploads\/2026\/03\/cdirk-alexander2-scaled.jpg 1708w, https:\/\/www.forbes.be\/fr\/wp-content\/uploads\/2026\/03\/cdirk-alexander2-200x300.jpg 200w, https:\/\/www.forbes.be\/fr\/wp-content\/uploads\/2026\/03\/cdirk-alexander2-683x1024.jpg 683w, https:\/\/www.forbes.be\/fr\/wp-content\/uploads\/2026\/03\/cdirk-alexander2-768x1151.jpg 768w, https:\/\/www.forbes.be\/fr\/wp-content\/uploads\/2026\/03\/cdirk-alexander2-1025x1536.jpg 1025w, https:\/\/www.forbes.be\/fr\/wp-content\/uploads\/2026\/03\/cdirk-alexander2-1366x2048.jpg 1366w, https:\/\/www.forbes.be\/fr\/wp-content\/uploads\/2026\/03\/cdirk-alexander2-696x1043.jpg 696w, https:\/\/www.forbes.be\/fr\/wp-content\/uploads\/2026\/03\/cdirk-alexander2-1068x1601.jpg 1068w, https:\/\/www.forbes.be\/fr\/wp-content\/uploads\/2026\/03\/cdirk-alexander2-1920x2879.jpg 1920w, https:\/\/www.forbes.be\/fr\/wp-content\/uploads\/2026\/03\/cdirk-alexander2-600x900.jpg 600w\" sizes=\"auto, (max-width: 1708px) 100vw, 1708px\" \/><figcaption id=\"caption-attachment-15937\" class=\"wp-caption-text\">Ilham Kadri \u00a9\u00a0Dirk Alexander<\/figcaption><\/figure>\n<p>La question pos\u00e9e pour cette premi\u00e8re soir\u00e9e est explicite : que r\u00e9v\u00e8le l&rsquo;argent quand une femme exerce le pouvoir au plus haut niveau ? Les \u00e9changes seront structur\u00e9s et anim\u00e9s par <a href=\"https:\/\/www.forbes.be\/fr\/author\/haouachsalmagmail-com\/\" target=\"_blank\" rel=\"noopener\"><strong>Salma Haouach<\/strong>, ing\u00e9nieure de gestion dipl\u00f4m\u00e9e de Solvay et chroniqueuse \u00e9conomique pour Forbes<\/a>, autour de quatre axes : l&rsquo;argent comme langage de pouvoir, la l\u00e9gitimit\u00e9 et la prise de d\u00e9cision, le pouvoir \u00e9conomique et la responsabilit\u00e9, et la transmission sur le temps long. Des interactions live avec le public via Wooclap ponctueront la conversation.<\/p>\n<h2>Un format premium, une p\u00e9dagogie en trois cycles<\/h2>\n<p>La soir\u00e9e se prolongera autour d&rsquo;un <em>walking dinner<\/em> sign\u00e9 Christophe Hardiquest (Le Petit Bon Bon), accompagn\u00e9 de bulles. Le cadre, le format et les partenaires choisis r\u00e9sument sans ambigu\u00eft\u00e9 le positionnement de la <strong>Matrimoney Academy<\/strong> : celui d&rsquo;un espace qui revendique l&rsquo;exigence autant que l&rsquo;exp\u00e9rience sensorielle, et qui tourne d\u00e9lib\u00e9r\u00e9ment le dos \u00e0 ce qu&rsquo;elle qualifie de \u00ab\u00a0finance spectacle\u00a0\u00bb.<\/p>\n<p>La plateforme structure sa p\u00e9dagogie en trois cycles annuels. Le premier, \u00ab\u00a0Les Fondations\u00a0\u00bb, aborde la finance personnelle et l&rsquo;ind\u00e9pendance \u00e9conomique. Le deuxi\u00e8me, \u00ab\u00a0Les Horizons\u00a0\u00bb, s&rsquo;int\u00e9resse \u00e0 la diversification et \u00e0 la strat\u00e9gie patrimoniale. Le troisi\u00e8me, \u00ab\u00a0Les Sommets\u00a0\u00bb, traite de transmission, de philanthropie et d&rsquo;impact. Chaque soir\u00e9e r\u00e9unit cinquante participantes dans un cadre pens\u00e9, selon les organisatrices, pour la qualit\u00e9 des \u00e9changes autant que pour l&rsquo;exp\u00e9rience.<\/p>\n<h2>Du patrimoine au matrimoine<\/h2>\n<p>Derri\u00e8re l&rsquo;initiative se dessine une ambition conceptuelle qui m\u00e9rite attention. Le mot \u00ab\u00a0patrimoine\u00a0\u00bb vient du latin <em>pater<\/em>. La <strong>Matrimoney Academy<\/strong> entend construire son pendant : un matrimoine, d\u00e9fini comme un h\u00e9ritage pens\u00e9, constitu\u00e9 et transmis par les femmes, non comme contre-pouvoir symbolique, pr\u00e9cise la fondatrice, mais comme \u00ab\u00a0architecture autonome\u00a0\u00bb.<\/p>\n<figure id=\"attachment_15938\" aria-describedby=\"caption-attachment-15938\" style=\"width: 400px\" class=\"wp-caption aligncenter\"><img loading=\"lazy\" decoding=\"async\" class=\"size-full wp-image-15938\" src=\"https:\/\/www.forbes.be\/fr\/wp-content\/uploads\/2026\/03\/salma.png\" alt=\"\" width=\"400\" height=\"500\" srcset=\"https:\/\/www.forbes.be\/fr\/wp-content\/uploads\/2026\/03\/salma.png 400w, https:\/\/www.forbes.be\/fr\/wp-content\/uploads\/2026\/03\/salma-240x300.png 240w\" sizes=\"auto, (max-width: 400px) 100vw, 400px\" \/><figcaption id=\"caption-attachment-15938\" class=\"wp-caption-text\">Salma Haouach \u00a9 DR<\/figcaption><\/figure>\n<p>Le ticket d&rsquo;entr\u00e9e, fix\u00e9 \u00e0 280 euros pour une soir\u00e9e limit\u00e9e \u00e0 cinquante places, situe sans d\u00e9tour le public vis\u00e9 et la nature de l&rsquo;offre. Le<em> dress code<\/em>, lui, r\u00e9sume l&rsquo;esprit du lieu en une formule qui dit autant sur la culture de la maison que sur ses ambitions : \u00ab\u00a0<em>Schiaparelli would love it<\/em>.\u00a0\u00bb<\/p>\n<p>La soir\u00e9e du 24 mars d\u00e9bute \u00e0 19h au Corinthia Brussels. Les inscriptions sont disponibles sur <a href=\"https:\/\/www.eventbrite.be\/e\/matrimoney-academy-tickets-1980383581603?aff=oddtdtcreator\" target=\"_blank\" rel=\"noopener\">Eventbrite<\/a>.<\/p>\n","protected":false},"excerpt":{"rendered":"<p>Fond\u00e9e par Marie Gu\u00e9rin, ancienne r\u00e9dactrice en chef de ELLE Belgique, la Matrimoney Academy se pr\u00e9sente comme une plateforme d&rsquo;\u00e9ducation financi\u00e8re et culturelle destin\u00e9e aux femmes \u00e0 haut profil. Elle ouvre ses portes le 24 mars au Corinthia Brussels avec, en invit\u00e9e principale, Ilham Kadri, premi\u00e8re femme \u00e0 avoir dirig\u00e9 le groupe Solvay et dirigeante [&hellip;]<\/p>\n","protected":false},"author":47,"featured_media":15936,"comment_status":"closed","ping_status":"closed","sticky":false,"template":"","format":"standard","meta":{"_acf_changed":false,"inline_featured_image":false,"footnotes":""},"categories":[1,19,22,16],"tags":[],"class_list":{"0":"post-15933","1":"post","2":"type-post","3":"status-publish","4":"format-standard","5":"has-post-thumbnail","7":"category-actualite","8":"category-entrepreneurs","9":"category-femmes-forbes","10":"category-finance"},"acf":[],"_yoast_wpseo_title":null,"_yoast_wpseo_metadesc":"La Matrimoney Academy, fond\u00e9e par Marie Gu\u00e9rin (ex-ELLE Belgique), inaugure le 24 mars au Corinthia Brussels son premier cycle d'\u00e9ducation financi\u00e8re pour femmes, avec Ilham Kadri.","auteur_traducteur":"","yoast_head":"<!-- This site is optimized with the Yoast SEO plugin v27.4 - https:\/\/yoast.com\/product\/yoast-seo-wordpress\/ -->\n<title>La Matrimoney Academy inaugure son premier cycle le 24 mars au Corinthia Brussels avec Ilham Kadri | Forbes Belgique<\/title>\n<meta name=\"description\" content=\"La Matrimoney Academy, fond\u00e9e par Marie Gu\u00e9rin (ex-ELLE Belgique), inaugure le 24 mars au Corinthia Brussels son premier cycle d&#039;\u00e9ducation financi\u00e8re pour femmes, avec Ilham Kadri.\" \/>\n<meta name=\"robots\" content=\"index, follow, max-snippet:-1, max-image-preview:large, max-video-preview:-1\" \/>\n<link rel=\"canonical\" href=\"https:\/\/www.forbes.be\/fr\/la-matrimoney-academy-inaugure-son-premier-cycle-le-24-mars-au-corinthia-brussels-avec-ilham-kadri\/\" \/>\n<meta property=\"og:locale\" content=\"fr_FR\" \/>\n<meta property=\"og:type\" content=\"article\" \/>\n<meta property=\"og:title\" content=\"La Matrimoney Academy inaugure son premier cycle le 24 mars au Corinthia Brussels avec Ilham Kadri | Forbes Belgique\" \/>\n<meta property=\"og:description\" content=\"La Matrimoney Academy, fond\u00e9e par Marie Gu\u00e9rin (ex-ELLE Belgique), inaugure le 24 mars au Corinthia Brussels son premier cycle d&#039;\u00e9ducation financi\u00e8re pour femmes, avec Ilham Kadri.\" \/>\n<meta property=\"og:url\" content=\"https:\/\/www.forbes.be\/fr\/la-matrimoney-academy-inaugure-son-premier-cycle-le-24-mars-au-corinthia-brussels-avec-ilham-kadri\/\" \/>\n<meta property=\"og:site_name\" content=\"Forbes Belgique\" \/>\n<meta property=\"article:publisher\" content=\"https:\/\/www.facebook.com\/forbesbelgique\/\" \/>\n<meta property=\"article:published_time\" content=\"2026-03-14T06:35:10+00:00\" \/>\n<meta property=\"og:image\" content=\"https:\/\/www.forbes.be\/fr\/wp-content\/uploads\/2026\/03\/cdirk-alexander-scaled-e1773398266957.jpg\" \/>\n\t<meta property=\"og:image:width\" content=\"1707\" \/>\n\t<meta property=\"og:image:height\" content=\"896\" \/>\n\t<meta property=\"og:image:type\" content=\"image\/jpeg\" \/>\n<meta name=\"author\" content=\"Martin Boonen\" \/>\n<meta name=\"twitter:card\" content=\"summary_large_image\" \/>\n<meta name=\"twitter:label1\" content=\"\u00c9crit par\" \/>\n\t<meta name=\"twitter:data1\" content=\"Martin Boonen\" \/>\n\t<meta name=\"twitter:label2\" content=\"Dur\u00e9e de lecture estim\u00e9e\" \/>\n\t<meta name=\"twitter:data2\" content=\"4 minutes\" \/>\n<script type=\"application\/ld+json\" class=\"yoast-schema-graph\">{\"@context\":\"https:\\\/\\\/schema.org\",\"@graph\":[{\"@type\":\"NewsArticle\",\"@id\":\"https:\\\/\\\/www.forbes.be\\\/fr\\\/la-matrimoney-academy-inaugure-son-premier-cycle-le-24-mars-au-corinthia-brussels-avec-ilham-kadri\\\/#article\",\"isPartOf\":{\"@id\":\"https:\\\/\\\/www.forbes.be\\\/fr\\\/la-matrimoney-academy-inaugure-son-premier-cycle-le-24-mars-au-corinthia-brussels-avec-ilham-kadri\\\/\"},\"author\":{\"name\":\"Martin Boonen\",\"@id\":\"https:\\\/\\\/www.forbes.be\\\/fr\\\/#\\\/schema\\\/person\\\/5e9af5383f8e0ffec564788f40ac92c8\"},\"headline\":\"La Matrimoney Academy inaugure son premier cycle le 24 mars au Corinthia Brussels avec Ilham Kadri\",\"datePublished\":\"2026-03-14T06:35:10+00:00\",\"mainEntityOfPage\":{\"@id\":\"https:\\\/\\\/www.forbes.be\\\/fr\\\/la-matrimoney-academy-inaugure-son-premier-cycle-le-24-mars-au-corinthia-brussels-avec-ilham-kadri\\\/\"},\"wordCount\":667,\"publisher\":{\"@id\":\"https:\\\/\\\/www.forbes.be\\\/fr\\\/#organization\"},\"image\":{\"@id\":\"https:\\\/\\\/www.forbes.be\\\/fr\\\/la-matrimoney-academy-inaugure-son-premier-cycle-le-24-mars-au-corinthia-brussels-avec-ilham-kadri\\\/#primaryimage\"},\"thumbnailUrl\":\"https:\\\/\\\/www.forbes.be\\\/fr\\\/wp-content\\\/uploads\\\/2026\\\/03\\\/cdirk-alexander-scaled-e1773398266957.jpg\",\"articleSection\":[\"Actualit\u00e9s\",\"Entrepreneurs\",\"Femmes Forbes\",\"Finance\"],\"inLanguage\":\"fr-FR\"},{\"@type\":\"WebPage\",\"@id\":\"https:\\\/\\\/www.forbes.be\\\/fr\\\/la-matrimoney-academy-inaugure-son-premier-cycle-le-24-mars-au-corinthia-brussels-avec-ilham-kadri\\\/\",\"url\":\"https:\\\/\\\/www.forbes.be\\\/fr\\\/la-matrimoney-academy-inaugure-son-premier-cycle-le-24-mars-au-corinthia-brussels-avec-ilham-kadri\\\/\",\"name\":\"La Matrimoney Academy inaugure son premier cycle le 24 mars au Corinthia Brussels avec Ilham Kadri | Forbes Belgique\",\"isPartOf\":{\"@id\":\"https:\\\/\\\/www.forbes.be\\\/fr\\\/#website\"},\"primaryImageOfPage\":{\"@id\":\"https:\\\/\\\/www.forbes.be\\\/fr\\\/la-matrimoney-academy-inaugure-son-premier-cycle-le-24-mars-au-corinthia-brussels-avec-ilham-kadri\\\/#primaryimage\"},\"image\":{\"@id\":\"https:\\\/\\\/www.forbes.be\\\/fr\\\/la-matrimoney-academy-inaugure-son-premier-cycle-le-24-mars-au-corinthia-brussels-avec-ilham-kadri\\\/#primaryimage\"},\"thumbnailUrl\":\"https:\\\/\\\/www.forbes.be\\\/fr\\\/wp-content\\\/uploads\\\/2026\\\/03\\\/cdirk-alexander-scaled-e1773398266957.jpg\",\"datePublished\":\"2026-03-14T06:35:10+00:00\",\"description\":\"La Matrimoney Academy, fond\u00e9e par Marie Gu\u00e9rin (ex-ELLE Belgique), inaugure le 24 mars au Corinthia Brussels son premier cycle d'\u00e9ducation financi\u00e8re pour femmes, avec Ilham Kadri.\",\"breadcrumb\":{\"@id\":\"https:\\\/\\\/www.forbes.be\\\/fr\\\/la-matrimoney-academy-inaugure-son-premier-cycle-le-24-mars-au-corinthia-brussels-avec-ilham-kadri\\\/#breadcrumb\"},\"inLanguage\":\"fr-FR\",\"potentialAction\":[{\"@type\":\"ReadAction\",\"target\":[\"https:\\\/\\\/www.forbes.be\\\/fr\\\/la-matrimoney-academy-inaugure-son-premier-cycle-le-24-mars-au-corinthia-brussels-avec-ilham-kadri\\\/\"]}]},{\"@type\":\"ImageObject\",\"inLanguage\":\"fr-FR\",\"@id\":\"https:\\\/\\\/www.forbes.be\\\/fr\\\/la-matrimoney-academy-inaugure-son-premier-cycle-le-24-mars-au-corinthia-brussels-avec-ilham-kadri\\\/#primaryimage\",\"url\":\"https:\\\/\\\/www.forbes.be\\\/fr\\\/wp-content\\\/uploads\\\/2026\\\/03\\\/cdirk-alexander-scaled-e1773398266957.jpg\",\"contentUrl\":\"https:\\\/\\\/www.forbes.be\\\/fr\\\/wp-content\\\/uploads\\\/2026\\\/03\\\/cdirk-alexander-scaled-e1773398266957.jpg\",\"width\":1707,\"height\":896,\"caption\":\"\u00a9\u00a0Dirk Alexander\"},{\"@type\":\"BreadcrumbList\",\"@id\":\"https:\\\/\\\/www.forbes.be\\\/fr\\\/la-matrimoney-academy-inaugure-son-premier-cycle-le-24-mars-au-corinthia-brussels-avec-ilham-kadri\\\/#breadcrumb\",\"itemListElement\":[{\"@type\":\"ListItem\",\"position\":1,\"name\":\"Accueil\",\"item\":\"https:\\\/\\\/www.forbes.be\\\/fr\\\/\"},{\"@type\":\"ListItem\",\"position\":2,\"name\":\"La Matrimoney Academy inaugure son premier cycle le 24 mars au Corinthia Brussels avec Ilham Kadri\"}]},{\"@type\":\"WebSite\",\"@id\":\"https:\\\/\\\/www.forbes.be\\\/fr\\\/#website\",\"url\":\"https:\\\/\\\/www.forbes.be\\\/fr\\\/\",\"name\":\"Forbes Belgique\",\"description\":\"\",\"publisher\":{\"@id\":\"https:\\\/\\\/www.forbes.be\\\/fr\\\/#organization\"},\"potentialAction\":[{\"@type\":\"SearchAction\",\"target\":{\"@type\":\"EntryPoint\",\"urlTemplate\":\"https:\\\/\\\/www.forbes.be\\\/fr\\\/?s={search_term_string}\"},\"query-input\":{\"@type\":\"PropertyValueSpecification\",\"valueRequired\":true,\"valueName\":\"search_term_string\"}}],\"inLanguage\":\"fr-FR\"},{\"@type\":\"Organization\",\"@id\":\"https:\\\/\\\/www.forbes.be\\\/fr\\\/#organization\",\"name\":\"Forbes Belgique\",\"url\":\"https:\\\/\\\/www.forbes.be\\\/fr\\\/\",\"logo\":{\"@type\":\"ImageObject\",\"inLanguage\":\"fr-FR\",\"@id\":\"https:\\\/\\\/www.forbes.be\\\/fr\\\/#\\\/schema\\\/logo\\\/image\\\/\",\"url\":\"https:\\\/\\\/www.forbes.be\\\/fr\\\/wp-content\\\/uploads\\\/2024\\\/02\\\/forbes.be_.png\",\"contentUrl\":\"https:\\\/\\\/www.forbes.be\\\/fr\\\/wp-content\\\/uploads\\\/2024\\\/02\\\/forbes.be_.png\",\"width\":1200,\"height\":675,\"caption\":\"Forbes Belgique\"},\"image\":{\"@id\":\"https:\\\/\\\/www.forbes.be\\\/fr\\\/#\\\/schema\\\/logo\\\/image\\\/\"},\"sameAs\":[\"https:\\\/\\\/www.facebook.com\\\/forbesbelgique\\\/\",\"https:\\\/\\\/www.instagram.com\\\/Forbes_Belgium\",\"https:\\\/\\\/www.linkedin.com\\\/company\\\/forbes-belgium\\\/\"]},{\"@type\":\"Person\",\"@id\":\"https:\\\/\\\/www.forbes.be\\\/fr\\\/#\\\/schema\\\/person\\\/5e9af5383f8e0ffec564788f40ac92c8\",\"name\":\"Martin Boonen\",\"image\":{\"@type\":\"ImageObject\",\"inLanguage\":\"fr-FR\",\"@id\":\"https:\\\/\\\/www.forbes.be\\\/fr\\\/wp-content\\\/uploads\\\/2025\\\/10\\\/capture-decran-2024-11-15-a-093849-300x300-1-100x100.png\",\"url\":\"https:\\\/\\\/www.forbes.be\\\/fr\\\/wp-content\\\/uploads\\\/2025\\\/10\\\/capture-decran-2024-11-15-a-093849-300x300-1-100x100.png\",\"contentUrl\":\"https:\\\/\\\/www.forbes.be\\\/fr\\\/wp-content\\\/uploads\\\/2025\\\/10\\\/capture-decran-2024-11-15-a-093849-300x300-1-100x100.png\",\"caption\":\"Martin Boonen\"},\"description\":\"Martin Boonen est journaliste dipl\u00f4m\u00e9 de l'Institut de Journalisme de Bruxelles (2012). Il collabor\u00e9 avec de nombreuses r\u00e9dactions \u00e0 diff\u00e9rent niveau de responsabilit\u00e9 : journaliste, chef de rubrique, secr\u00e9taire de r\u00e9daction et r\u00e9dacteur en chef, tant sur le web que pour la presse imprim\u00e9e. Sp\u00e9cialis\u00e9 dans les startups et l'entrepreneuriat \u00e0 impact, il est devenu en 2025 r\u00e9dacteur en chef du site web de Forbes Belgique. Il est affili\u00e9 \u00e0 l'Organisation Mondiale de la Presse P\u00e9riodique depuis 2011.\",\"sameAs\":[\"https:\\\/\\\/www.linkedin.com\\\/in\\\/martin-boonen-61499951\\\/\"],\"url\":\"https:\\\/\\\/www.forbes.be\\\/fr\\\/author\\\/martin-boonen\\\/\"}]}<\/script>\n<!-- \/ Yoast SEO plugin. -->","yoast_head_json":{"title":"La Matrimoney Academy inaugure son premier cycle le 24 mars au Corinthia Brussels avec Ilham Kadri | Forbes Belgique","description":"La Matrimoney Academy, fond\u00e9e par Marie Gu\u00e9rin (ex-ELLE Belgique), inaugure le 24 mars au Corinthia Brussels son premier cycle d'\u00e9ducation financi\u00e8re pour femmes, avec Ilham Kadri.","robots":{"index":"index","follow":"follow","max-snippet":"max-snippet:-1","max-image-preview":"max-image-preview:large","max-video-preview":"max-video-preview:-1"},"canonical":"https:\/\/www.forbes.be\/fr\/la-matrimoney-academy-inaugure-son-premier-cycle-le-24-mars-au-corinthia-brussels-avec-ilham-kadri\/","og_locale":"fr_FR","og_type":"article","og_title":"La Matrimoney Academy inaugure son premier cycle le 24 mars au Corinthia Brussels avec Ilham Kadri | Forbes Belgique","og_description":"La Matrimoney Academy, fond\u00e9e par Marie Gu\u00e9rin (ex-ELLE Belgique), inaugure le 24 mars au Corinthia Brussels son premier cycle d'\u00e9ducation financi\u00e8re pour femmes, avec Ilham Kadri.","og_url":"https:\/\/www.forbes.be\/fr\/la-matrimoney-academy-inaugure-son-premier-cycle-le-24-mars-au-corinthia-brussels-avec-ilham-kadri\/","og_site_name":"Forbes Belgique","article_publisher":"https:\/\/www.facebook.com\/forbesbelgique\/","article_published_time":"2026-03-14T06:35:10+00:00","og_image":[{"width":1707,"height":896,"url":"https:\/\/www.forbes.be\/fr\/wp-content\/uploads\/2026\/03\/cdirk-alexander-scaled-e1773398266957.jpg","type":"image\/jpeg"}],"author":"Martin Boonen","twitter_card":"summary_large_image","twitter_misc":{"\u00c9crit par":"Martin Boonen","Dur\u00e9e de lecture estim\u00e9e":"4 minutes"},"schema":{"@context":"https:\/\/schema.org","@graph":[{"@type":"NewsArticle","@id":"https:\/\/www.forbes.be\/fr\/la-matrimoney-academy-inaugure-son-premier-cycle-le-24-mars-au-corinthia-brussels-avec-ilham-kadri\/#article","isPartOf":{"@id":"https:\/\/www.forbes.be\/fr\/la-matrimoney-academy-inaugure-son-premier-cycle-le-24-mars-au-corinthia-brussels-avec-ilham-kadri\/"},"author":{"name":"Martin Boonen","@id":"https:\/\/www.forbes.be\/fr\/#\/schema\/person\/5e9af5383f8e0ffec564788f40ac92c8"},"headline":"La Matrimoney Academy inaugure son premier cycle le 24 mars au Corinthia Brussels avec Ilham Kadri","datePublished":"2026-03-14T06:35:10+00:00","mainEntityOfPage":{"@id":"https:\/\/www.forbes.be\/fr\/la-matrimoney-academy-inaugure-son-premier-cycle-le-24-mars-au-corinthia-brussels-avec-ilham-kadri\/"},"wordCount":667,"publisher":{"@id":"https:\/\/www.forbes.be\/fr\/#organization"},"image":{"@id":"https:\/\/www.forbes.be\/fr\/la-matrimoney-academy-inaugure-son-premier-cycle-le-24-mars-au-corinthia-brussels-avec-ilham-kadri\/#primaryimage"},"thumbnailUrl":"https:\/\/www.forbes.be\/fr\/wp-content\/uploads\/2026\/03\/cdirk-alexander-scaled-e1773398266957.jpg","articleSection":["Actualit\u00e9s","Entrepreneurs","Femmes Forbes","Finance"],"inLanguage":"fr-FR"},{"@type":"WebPage","@id":"https:\/\/www.forbes.be\/fr\/la-matrimoney-academy-inaugure-son-premier-cycle-le-24-mars-au-corinthia-brussels-avec-ilham-kadri\/","url":"https:\/\/www.forbes.be\/fr\/la-matrimoney-academy-inaugure-son-premier-cycle-le-24-mars-au-corinthia-brussels-avec-ilham-kadri\/","name":"La Matrimoney Academy inaugure son premier cycle le 24 mars au Corinthia Brussels avec Ilham Kadri | Forbes Belgique","isPartOf":{"@id":"https:\/\/www.forbes.be\/fr\/#website"},"primaryImageOfPage":{"@id":"https:\/\/www.forbes.be\/fr\/la-matrimoney-academy-inaugure-son-premier-cycle-le-24-mars-au-corinthia-brussels-avec-ilham-kadri\/#primaryimage"},"image":{"@id":"https:\/\/www.forbes.be\/fr\/la-matrimoney-academy-inaugure-son-premier-cycle-le-24-mars-au-corinthia-brussels-avec-ilham-kadri\/#primaryimage"},"thumbnailUrl":"https:\/\/www.forbes.be\/fr\/wp-content\/uploads\/2026\/03\/cdirk-alexander-scaled-e1773398266957.jpg","datePublished":"2026-03-14T06:35:10+00:00","description":"La Matrimoney Academy, fond\u00e9e par Marie Gu\u00e9rin (ex-ELLE Belgique), inaugure le 24 mars au Corinthia Brussels son premier cycle d'\u00e9ducation financi\u00e8re pour femmes, avec Ilham Kadri.","breadcrumb":{"@id":"https:\/\/www.forbes.be\/fr\/la-matrimoney-academy-inaugure-son-premier-cycle-le-24-mars-au-corinthia-brussels-avec-ilham-kadri\/#breadcrumb"},"inLanguage":"fr-FR","potentialAction":[{"@type":"ReadAction","target":["https:\/\/www.forbes.be\/fr\/la-matrimoney-academy-inaugure-son-premier-cycle-le-24-mars-au-corinthia-brussels-avec-ilham-kadri\/"]}]},{"@type":"ImageObject","inLanguage":"fr-FR","@id":"https:\/\/www.forbes.be\/fr\/la-matrimoney-academy-inaugure-son-premier-cycle-le-24-mars-au-corinthia-brussels-avec-ilham-kadri\/#primaryimage","url":"https:\/\/www.forbes.be\/fr\/wp-content\/uploads\/2026\/03\/cdirk-alexander-scaled-e1773398266957.jpg","contentUrl":"https:\/\/www.forbes.be\/fr\/wp-content\/uploads\/2026\/03\/cdirk-alexander-scaled-e1773398266957.jpg","width":1707,"height":896,"caption":"\u00a9\u00a0Dirk Alexander"},{"@type":"BreadcrumbList","@id":"https:\/\/www.forbes.be\/fr\/la-matrimoney-academy-inaugure-son-premier-cycle-le-24-mars-au-corinthia-brussels-avec-ilham-kadri\/#breadcrumb","itemListElement":[{"@type":"ListItem","position":1,"name":"Accueil","item":"https:\/\/www.forbes.be\/fr\/"},{"@type":"ListItem","position":2,"name":"La Matrimoney Academy inaugure son premier cycle le 24 mars au Corinthia Brussels avec Ilham Kadri"}]},{"@type":"WebSite","@id":"https:\/\/www.forbes.be\/fr\/#website","url":"https:\/\/www.forbes.be\/fr\/","name":"Forbes Belgique","description":"","publisher":{"@id":"https:\/\/www.forbes.be\/fr\/#organization"},"potentialAction":[{"@type":"SearchAction","target":{"@type":"EntryPoint","urlTemplate":"https:\/\/www.forbes.be\/fr\/?s={search_term_string}"},"query-input":{"@type":"PropertyValueSpecification","valueRequired":true,"valueName":"search_term_string"}}],"inLanguage":"fr-FR"},{"@type":"Organization","@id":"https:\/\/www.forbes.be\/fr\/#organization","name":"Forbes Belgique","url":"https:\/\/www.forbes.be\/fr\/","logo":{"@type":"ImageObject","inLanguage":"fr-FR","@id":"https:\/\/www.forbes.be\/fr\/#\/schema\/logo\/image\/","url":"https:\/\/www.forbes.be\/fr\/wp-content\/uploads\/2024\/02\/forbes.be_.png","contentUrl":"https:\/\/www.forbes.be\/fr\/wp-content\/uploads\/2024\/02\/forbes.be_.png","width":1200,"height":675,"caption":"Forbes Belgique"},"image":{"@id":"https:\/\/www.forbes.be\/fr\/#\/schema\/logo\/image\/"},"sameAs":["https:\/\/www.facebook.com\/forbesbelgique\/","https:\/\/www.instagram.com\/Forbes_Belgium","https:\/\/www.linkedin.com\/company\/forbes-belgium\/"]},{"@type":"Person","@id":"https:\/\/www.forbes.be\/fr\/#\/schema\/person\/5e9af5383f8e0ffec564788f40ac92c8","name":"Martin Boonen","image":{"@type":"ImageObject","inLanguage":"fr-FR","@id":"https:\/\/www.forbes.be\/fr\/wp-content\/uploads\/2025\/10\/capture-decran-2024-11-15-a-093849-300x300-1-100x100.png","url":"https:\/\/www.forbes.be\/fr\/wp-content\/uploads\/2025\/10\/capture-decran-2024-11-15-a-093849-300x300-1-100x100.png","contentUrl":"https:\/\/www.forbes.be\/fr\/wp-content\/uploads\/2025\/10\/capture-decran-2024-11-15-a-093849-300x300-1-100x100.png","caption":"Martin Boonen"},"description":"Martin Boonen est journaliste dipl\u00f4m\u00e9 de l'Institut de Journalisme de Bruxelles (2012). Il collabor\u00e9 avec de nombreuses r\u00e9dactions \u00e0 diff\u00e9rent niveau de responsabilit\u00e9 : journaliste, chef de rubrique, secr\u00e9taire de r\u00e9daction et r\u00e9dacteur en chef, tant sur le web que pour la presse imprim\u00e9e. Sp\u00e9cialis\u00e9 dans les startups et l'entrepreneuriat \u00e0 impact, il est devenu en 2025 r\u00e9dacteur en chef du site web de Forbes Belgique. Il est affili\u00e9 \u00e0 l'Organisation Mondiale de la Presse P\u00e9riodique depuis 2011.","sameAs":["https:\/\/www.linkedin.com\/in\/martin-boonen-61499951\/"],"url":"https:\/\/www.forbes.be\/fr\/author\/martin-boonen\/"}]}},"_links":{"self":[{"href":"https:\/\/www.forbes.be\/fr\/wp-json\/wp\/v2\/posts\/15933","targetHints":{"allow":["GET"]}}],"collection":[{"href":"https:\/\/www.forbes.be\/fr\/wp-json\/wp\/v2\/posts"}],"about":[{"href":"https:\/\/www.forbes.be\/fr\/wp-json\/wp\/v2\/types\/post"}],"author":[{"embeddable":true,"href":"https:\/\/www.forbes.be\/fr\/wp-json\/wp\/v2\/users\/47"}],"replies":[{"embeddable":true,"href":"https:\/\/www.forbes.be\/fr\/wp-json\/wp\/v2\/comments?post=15933"}],"version-history":[{"count":2,"href":"https:\/\/www.forbes.be\/fr\/wp-json\/wp\/v2\/posts\/15933\/revisions"}],"predecessor-version":[{"id":15940,"href":"https:\/\/www.forbes.be\/fr\/wp-json\/wp\/v2\/posts\/15933\/revisions\/15940"}],"wp:featuredmedia":[{"embeddable":true,"href":"https:\/\/www.forbes.be\/fr\/wp-json\/wp\/v2\/media\/15936"}],"wp:attachment":[{"href":"https:\/\/www.forbes.be\/fr\/wp-json\/wp\/v2\/media?parent=15933"}],"wp:term":[{"taxonomy":"category","embeddable":true,"href":"https:\/\/www.forbes.be\/fr\/wp-json\/wp\/v2\/categories?post=15933"},{"taxonomy":"post_tag","embeddable":true,"href":"https:\/\/www.forbes.be\/fr\/wp-json\/wp\/v2\/tags?post=15933"}],"curies":[{"name":"wp","href":"https:\/\/api.w.org\/{rel}","templated":true}]}}