{"id":15960,"date":"2026-03-13T14:40:16","date_gmt":"2026-03-13T13:40:16","guid":{"rendered":"https:\/\/www.forbes.be\/fr\/?p=15960"},"modified":"2026-03-13T15:34:49","modified_gmt":"2026-03-13T14:34:49","slug":"projet-liegeois-lift-o-loft-le-conseil-detat-valide-le-permis-durbanisme","status":"publish","type":"post","link":"https:\/\/www.forbes.be\/fr\/projet-liegeois-lift-o-loft-le-conseil-detat-valide-le-permis-durbanisme\/","title":{"rendered":"Projet li\u00e9geois Lift-\u00d4-Loft\u00a0: le Conseil d\u2019Etat valide le permis d\u2019urbanisme"},"content":{"rendered":"<p>&nbsp;<\/p>\n<p><strong>A Jupille, en bord de Meuse, au terme de deux ann\u00e9es de proc\u00e9dures co\u00fbteuses et incertaines, le couperet est enfin tomb\u00e9 du c\u00f4t\u00e9 du propri\u00e9taire des anciennes brasseries Piedboeuf : le Conseil d\u2019\u00c9tat vient de d\u00e9bouter le recours introduit par le voisin.<\/strong><\/p>\n<p>Les feux sont enfin pass\u00e9s au vert pour le <a href=\"https:\/\/www.promactifgroupe.be\/\">groupe Promactif<\/a>, porteur d\u2019un projet de reconversion de l\u2019ancien site industriel historique Piedboeuf (puis Jupiler) en bord de Meuse: \u00abNotre permis est confirm\u00e9 et notre projet reprend pleinement vie apr\u00e8s deux ans de mise \u00e0 l\u2019arr\u00eat et d\u2019argent perdu par le bon vouloir d\u2019un seul riverain\u00bb, soupire enfin Christophe Nihon, le porteur de cet <a href=\"https:\/\/www.liftoloft.be\/\">ambitieux projet mixte<\/a> qui commen\u00e7ait \u00e0 ne plus y croire\u00a0\u00bb.<\/p>\n<p>Pour rappel, Lift-\u00d4-Loft, c\u2019est un projet de reconversion ambitieux comprenant 95 appartements, 1.500 m\u00b2 de bureau et 250 m\u00b2 de commerces. \u00ab<em>Au-del\u00e0 des chiffres, Lift au Loft, c\u2019est surtout une conviction: redonner vie \u00e0 un site industriel embl\u00e9matique plut\u00f4t que l\u2019effacer<\/em>\u00bb, insiste Christophe Nihon.<\/p>\n<h3>Nouveau quartier mixte<\/h3>\n<figure id=\"attachment_15965\" aria-describedby=\"caption-attachment-15965\" style=\"width: 2560px\" class=\"wp-caption alignnone\"><img loading=\"lazy\" decoding=\"async\" class=\"size-full wp-image-15965\" src=\"https:\/\/www.forbes.be\/fr\/wp-content\/uploads\/2026\/03\/jupille-liftoloft-inbev-vue-appart-056-c-210712-scaled.jpg\" alt=\"\" width=\"2560\" height=\"1536\" srcset=\"https:\/\/www.forbes.be\/fr\/wp-content\/uploads\/2026\/03\/jupille-liftoloft-inbev-vue-appart-056-c-210712-scaled.jpg 2560w, https:\/\/www.forbes.be\/fr\/wp-content\/uploads\/2026\/03\/jupille-liftoloft-inbev-vue-appart-056-c-210712-300x180.jpg 300w, https:\/\/www.forbes.be\/fr\/wp-content\/uploads\/2026\/03\/jupille-liftoloft-inbev-vue-appart-056-c-210712-1024x614.jpg 1024w, https:\/\/www.forbes.be\/fr\/wp-content\/uploads\/2026\/03\/jupille-liftoloft-inbev-vue-appart-056-c-210712-768x461.jpg 768w, https:\/\/www.forbes.be\/fr\/wp-content\/uploads\/2026\/03\/jupille-liftoloft-inbev-vue-appart-056-c-210712-1536x922.jpg 1536w, https:\/\/www.forbes.be\/fr\/wp-content\/uploads\/2026\/03\/jupille-liftoloft-inbev-vue-appart-056-c-210712-2048x1229.jpg 2048w, https:\/\/www.forbes.be\/fr\/wp-content\/uploads\/2026\/03\/jupille-liftoloft-inbev-vue-appart-056-c-210712-696x418.jpg 696w, https:\/\/www.forbes.be\/fr\/wp-content\/uploads\/2026\/03\/jupille-liftoloft-inbev-vue-appart-056-c-210712-1068x641.jpg 1068w, https:\/\/www.forbes.be\/fr\/wp-content\/uploads\/2026\/03\/jupille-liftoloft-inbev-vue-appart-056-c-210712-1920x1152.jpg 1920w, https:\/\/www.forbes.be\/fr\/wp-content\/uploads\/2026\/03\/jupille-liftoloft-inbev-vue-appart-056-c-210712-600x360.jpg 600w\" sizes=\"auto, (max-width: 2560px) 100vw, 2560px\" \/><figcaption id=\"caption-attachment-15965\" class=\"wp-caption-text\">Altiplan Architects<\/figcaption><\/figure>\n<p>Le projet aujourd\u2019hui valid\u00e9 est un v\u00e9ritable nouveau quartier urbain: il offrira des lofts lumineux et modulables, des espaces de vie et d\u2019activit\u00e9s, de vastes terrasses ouvertes sur la Meuse ou les collines, un jardin \u00e0 partager, des potagers suspendus\u2026 <em>\u00absans oublier le retour de l\u2019horloge embl\u00e9matique 4 fa\u00e7ades de la <a href=\"https:\/\/gar.archi\/building\/tour-piedboeuf\/\">tour Piedb\u0153uf<\/a> et une vraie volont\u00e9 de reconnecter deux parties du quartier existant\u00bb<\/em>, compl\u00e8te le promoteur li\u00e9geois.<\/p>\n<figure id=\"attachment_15964\" aria-describedby=\"caption-attachment-15964\" style=\"width: 2383px\" class=\"wp-caption alignnone\"><img loading=\"lazy\" decoding=\"async\" class=\"wp-image-15964 size-full\" src=\"https:\/\/www.forbes.be\/fr\/wp-content\/uploads\/2026\/03\/jupille-liftoloft-inbev-maj-vue-c-250403-scaled.jpg\" alt=\"\" width=\"2383\" height=\"2560\" srcset=\"https:\/\/www.forbes.be\/fr\/wp-content\/uploads\/2026\/03\/jupille-liftoloft-inbev-maj-vue-c-250403-scaled.jpg 2383w, https:\/\/www.forbes.be\/fr\/wp-content\/uploads\/2026\/03\/jupille-liftoloft-inbev-maj-vue-c-250403-279x300.jpg 279w, https:\/\/www.forbes.be\/fr\/wp-content\/uploads\/2026\/03\/jupille-liftoloft-inbev-maj-vue-c-250403-953x1024.jpg 953w, https:\/\/www.forbes.be\/fr\/wp-content\/uploads\/2026\/03\/jupille-liftoloft-inbev-maj-vue-c-250403-768x825.jpg 768w, https:\/\/www.forbes.be\/fr\/wp-content\/uploads\/2026\/03\/jupille-liftoloft-inbev-maj-vue-c-250403-1430x1536.jpg 1430w, https:\/\/www.forbes.be\/fr\/wp-content\/uploads\/2026\/03\/jupille-liftoloft-inbev-maj-vue-c-250403-1906x2048.jpg 1906w, https:\/\/www.forbes.be\/fr\/wp-content\/uploads\/2026\/03\/jupille-liftoloft-inbev-maj-vue-c-250403-696x748.jpg 696w, https:\/\/www.forbes.be\/fr\/wp-content\/uploads\/2026\/03\/jupille-liftoloft-inbev-maj-vue-c-250403-1068x1148.jpg 1068w, https:\/\/www.forbes.be\/fr\/wp-content\/uploads\/2026\/03\/jupille-liftoloft-inbev-maj-vue-c-250403-1920x2063.jpg 1920w, https:\/\/www.forbes.be\/fr\/wp-content\/uploads\/2026\/03\/jupille-liftoloft-inbev-maj-vue-c-250403-600x645.jpg 600w\" sizes=\"auto, (max-width: 2383px) 100vw, 2383px\" \/><figcaption id=\"caption-attachment-15964\" class=\"wp-caption-text\">Altpiplan Architects<\/figcaption><\/figure>\n<p>Pour ce dernier, l\u2019arr\u00eat du Conseil d\u2019Etat est une victoire juridique, malgr\u00e9 son arri\u00e8re-go\u00fbt \u00e0 la Pyrrhus. \u00ab Mais c\u2019est aussi la reconnaissance d\u2019une vision, d\u2019un travail de fond, d\u2019un soutien politique sans faille \u2014 merci au bourgmestre Willy Demeyer \u2014 ainsi que de l\u2019appui de tout un quartier. Le soutien de son comit\u00e9, particuli\u00e8rement rare dans notre m\u00e9tier, m\u00e9rite d\u2019\u00eatre soulign\u00e9\u00bb, veut rappeler le porteur de projet en remerciant tout particuli\u00e8rement l\u2019avocate Sophie Turine. Reste aujourd&rsquo;hui \u00e0 r\u00e9introduire la demande de permis d&rsquo;environnement d\u00e9livr\u00e9 mais devenu obsol\u00e8te et hors d\u00e9lais.<br \/>\n\u00ab<em>Il nous reste maintenant \u00e0 tenir nos engagements et \u00e0 concr\u00e9tiser le projet dessin\u00e9 par le bureau d\u2019architectes <a href=\"https:\/\/www.altiplan.eu\/projet\/lift-o-loft-jupille\/\">Altiplan<\/a> associ\u00e9 aux ing\u00e9nieurs du bureau<\/em>\u00bb, conclut le patron de Promactif Groupe.<\/p>\n","protected":false},"excerpt":{"rendered":"<p>&nbsp; A Jupille, en bord de Meuse, au terme de deux ann\u00e9es de proc\u00e9dures co\u00fbteuses et incertaines, le couperet est enfin tomb\u00e9 du c\u00f4t\u00e9 du propri\u00e9taire des anciennes brasseries Piedboeuf : le Conseil d\u2019\u00c9tat vient de d\u00e9bouter le recours introduit par le voisin. Les feux sont enfin pass\u00e9s au vert pour le groupe Promactif, porteur [&hellip;]<\/p>\n","protected":false},"author":15,"featured_media":15962,"comment_status":"open","ping_status":"open","sticky":false,"template":"","format":"standard","meta":{"_acf_changed":false,"inline_featured_image":false,"footnotes":""},"categories":[1,30,19,24],"tags":[],"class_list":{"0":"post-15960","1":"post","2":"type-post","3":"status-publish","4":"format-standard","5":"has-post-thumbnail","7":"category-actualite","8":"category-commerce","9":"category-entrepreneurs","10":"category-immobilier"},"acf":[],"_yoast_wpseo_title":null,"_yoast_wpseo_metadesc":"Le couperet est enfin tomb\u00e9 du c\u00f4t\u00e9 du propri\u00e9taire des anciennes brasseries Piedboeuf: le Conseil d\u2019\u00c9tat vient de d\u00e9bouter le recours introduit.","auteur_traducteur":"","yoast_head":"<!-- This site is optimized with the Yoast SEO plugin v27.4 - https:\/\/yoast.com\/product\/yoast-seo-wordpress\/ -->\n<title>Projet li\u00e9geois Lift-\u00d4-Loft\u00a0: le Conseil d\u2019Etat valide le permis d\u2019urbanisme | Forbes Belgique<\/title>\n<meta name=\"description\" content=\"Le couperet est enfin tomb\u00e9 du c\u00f4t\u00e9 du propri\u00e9taire des anciennes brasseries Piedboeuf: le Conseil d\u2019\u00c9tat vient de d\u00e9bouter le recours introduit.\" \/>\n<meta name=\"robots\" content=\"index, follow, max-snippet:-1, max-image-preview:large, max-video-preview:-1\" \/>\n<link rel=\"canonical\" href=\"https:\/\/www.forbes.be\/fr\/projet-liegeois-lift-o-loft-le-conseil-detat-valide-le-permis-durbanisme\/\" \/>\n<meta property=\"og:locale\" content=\"fr_FR\" \/>\n<meta property=\"og:type\" content=\"article\" \/>\n<meta property=\"og:title\" content=\"Projet li\u00e9geois Lift-\u00d4-Loft\u00a0: le Conseil d\u2019Etat valide le permis d\u2019urbanisme | Forbes Belgique\" \/>\n<meta property=\"og:description\" content=\"Le couperet est enfin tomb\u00e9 du c\u00f4t\u00e9 du propri\u00e9taire des anciennes brasseries Piedboeuf: le Conseil d\u2019\u00c9tat vient de d\u00e9bouter le recours introduit.\" \/>\n<meta property=\"og:url\" content=\"https:\/\/www.forbes.be\/fr\/projet-liegeois-lift-o-loft-le-conseil-detat-valide-le-permis-durbanisme\/\" \/>\n<meta property=\"og:site_name\" content=\"Forbes Belgique\" \/>\n<meta property=\"article:publisher\" content=\"https:\/\/www.facebook.com\/forbesbelgique\/\" \/>\n<meta property=\"article:published_time\" content=\"2026-03-13T13:40:16+00:00\" \/>\n<meta property=\"article:modified_time\" content=\"2026-03-13T14:34:49+00:00\" \/>\n<meta property=\"og:image\" content=\"https:\/\/www.forbes.be\/fr\/wp-content\/uploads\/2026\/03\/jupille-liftoloft-inbev-maj-vue-a-250403-scaled.jpg\" \/>\n\t<meta property=\"og:image:width\" content=\"2560\" \/>\n\t<meta property=\"og:image:height\" content=\"1706\" \/>\n\t<meta property=\"og:image:type\" content=\"image\/jpeg\" \/>\n<meta name=\"author\" content=\"Philippe Coul\u00e9e\" \/>\n<meta name=\"twitter:card\" content=\"summary_large_image\" \/>\n<meta name=\"twitter:label1\" content=\"\u00c9crit par\" \/>\n\t<meta name=\"twitter:data1\" content=\"Philippe Coul\u00e9e\" \/>\n\t<meta name=\"twitter:label2\" content=\"Dur\u00e9e de lecture estim\u00e9e\" \/>\n\t<meta name=\"twitter:data2\" content=\"3 minutes\" \/>\n<script type=\"application\/ld+json\" class=\"yoast-schema-graph\">{\"@context\":\"https:\\\/\\\/schema.org\",\"@graph\":[{\"@type\":\"NewsArticle\",\"@id\":\"https:\\\/\\\/www.forbes.be\\\/fr\\\/projet-liegeois-lift-o-loft-le-conseil-detat-valide-le-permis-durbanisme\\\/#article\",\"isPartOf\":{\"@id\":\"https:\\\/\\\/www.forbes.be\\\/fr\\\/projet-liegeois-lift-o-loft-le-conseil-detat-valide-le-permis-durbanisme\\\/\"},\"author\":{\"name\":\"Philippe Coul\u00e9e\",\"@id\":\"https:\\\/\\\/www.forbes.be\\\/fr\\\/#\\\/schema\\\/person\\\/22bfc3335e560f4084ef5af17ecdad87\"},\"headline\":\"Projet li\u00e9geois Lift-\u00d4-Loft\u00a0: le Conseil d\u2019Etat valide le permis d\u2019urbanisme\",\"datePublished\":\"2026-03-13T13:40:16+00:00\",\"dateModified\":\"2026-03-13T14:34:49+00:00\",\"mainEntityOfPage\":{\"@id\":\"https:\\\/\\\/www.forbes.be\\\/fr\\\/projet-liegeois-lift-o-loft-le-conseil-detat-valide-le-permis-durbanisme\\\/\"},\"wordCount\":423,\"commentCount\":0,\"publisher\":{\"@id\":\"https:\\\/\\\/www.forbes.be\\\/fr\\\/#organization\"},\"image\":{\"@id\":\"https:\\\/\\\/www.forbes.be\\\/fr\\\/projet-liegeois-lift-o-loft-le-conseil-detat-valide-le-permis-durbanisme\\\/#primaryimage\"},\"thumbnailUrl\":\"https:\\\/\\\/www.forbes.be\\\/fr\\\/wp-content\\\/uploads\\\/2026\\\/03\\\/jupille-liftoloft-inbev-maj-vue-a-250403-scaled.jpg\",\"articleSection\":[\"Actualit\u00e9s\",\"Commerce\",\"Entrepreneurs\",\"Immobilier\"],\"inLanguage\":\"fr-FR\"},{\"@type\":\"WebPage\",\"@id\":\"https:\\\/\\\/www.forbes.be\\\/fr\\\/projet-liegeois-lift-o-loft-le-conseil-detat-valide-le-permis-durbanisme\\\/\",\"url\":\"https:\\\/\\\/www.forbes.be\\\/fr\\\/projet-liegeois-lift-o-loft-le-conseil-detat-valide-le-permis-durbanisme\\\/\",\"name\":\"Projet li\u00e9geois Lift-\u00d4-Loft\u00a0: le Conseil d\u2019Etat valide le permis d\u2019urbanisme | Forbes Belgique\",\"isPartOf\":{\"@id\":\"https:\\\/\\\/www.forbes.be\\\/fr\\\/#website\"},\"primaryImageOfPage\":{\"@id\":\"https:\\\/\\\/www.forbes.be\\\/fr\\\/projet-liegeois-lift-o-loft-le-conseil-detat-valide-le-permis-durbanisme\\\/#primaryimage\"},\"image\":{\"@id\":\"https:\\\/\\\/www.forbes.be\\\/fr\\\/projet-liegeois-lift-o-loft-le-conseil-detat-valide-le-permis-durbanisme\\\/#primaryimage\"},\"thumbnailUrl\":\"https:\\\/\\\/www.forbes.be\\\/fr\\\/wp-content\\\/uploads\\\/2026\\\/03\\\/jupille-liftoloft-inbev-maj-vue-a-250403-scaled.jpg\",\"datePublished\":\"2026-03-13T13:40:16+00:00\",\"dateModified\":\"2026-03-13T14:34:49+00:00\",\"description\":\"Le couperet est enfin tomb\u00e9 du c\u00f4t\u00e9 du propri\u00e9taire des anciennes brasseries Piedboeuf: le Conseil d\u2019\u00c9tat vient de d\u00e9bouter le recours introduit.\",\"breadcrumb\":{\"@id\":\"https:\\\/\\\/www.forbes.be\\\/fr\\\/projet-liegeois-lift-o-loft-le-conseil-detat-valide-le-permis-durbanisme\\\/#breadcrumb\"},\"inLanguage\":\"fr-FR\",\"potentialAction\":[{\"@type\":\"ReadAction\",\"target\":[\"https:\\\/\\\/www.forbes.be\\\/fr\\\/projet-liegeois-lift-o-loft-le-conseil-detat-valide-le-permis-durbanisme\\\/\"]}]},{\"@type\":\"ImageObject\",\"inLanguage\":\"fr-FR\",\"@id\":\"https:\\\/\\\/www.forbes.be\\\/fr\\\/projet-liegeois-lift-o-loft-le-conseil-detat-valide-le-permis-durbanisme\\\/#primaryimage\",\"url\":\"https:\\\/\\\/www.forbes.be\\\/fr\\\/wp-content\\\/uploads\\\/2026\\\/03\\\/jupille-liftoloft-inbev-maj-vue-a-250403-scaled.jpg\",\"contentUrl\":\"https:\\\/\\\/www.forbes.be\\\/fr\\\/wp-content\\\/uploads\\\/2026\\\/03\\\/jupille-liftoloft-inbev-maj-vue-a-250403-scaled.jpg\",\"width\":2560,\"height\":1706,\"caption\":\"Altiplan Architects\"},{\"@type\":\"BreadcrumbList\",\"@id\":\"https:\\\/\\\/www.forbes.be\\\/fr\\\/projet-liegeois-lift-o-loft-le-conseil-detat-valide-le-permis-durbanisme\\\/#breadcrumb\",\"itemListElement\":[{\"@type\":\"ListItem\",\"position\":1,\"name\":\"Accueil\",\"item\":\"https:\\\/\\\/www.forbes.be\\\/fr\\\/\"},{\"@type\":\"ListItem\",\"position\":2,\"name\":\"Projet li\u00e9geois Lift-\u00d4-Loft\u00a0: le Conseil d\u2019Etat valide le permis d\u2019urbanisme\"}]},{\"@type\":\"WebSite\",\"@id\":\"https:\\\/\\\/www.forbes.be\\\/fr\\\/#website\",\"url\":\"https:\\\/\\\/www.forbes.be\\\/fr\\\/\",\"name\":\"Forbes Belgique\",\"description\":\"\",\"publisher\":{\"@id\":\"https:\\\/\\\/www.forbes.be\\\/fr\\\/#organization\"},\"potentialAction\":[{\"@type\":\"SearchAction\",\"target\":{\"@type\":\"EntryPoint\",\"urlTemplate\":\"https:\\\/\\\/www.forbes.be\\\/fr\\\/?s={search_term_string}\"},\"query-input\":{\"@type\":\"PropertyValueSpecification\",\"valueRequired\":true,\"valueName\":\"search_term_string\"}}],\"inLanguage\":\"fr-FR\"},{\"@type\":\"Organization\",\"@id\":\"https:\\\/\\\/www.forbes.be\\\/fr\\\/#organization\",\"name\":\"Forbes Belgique\",\"url\":\"https:\\\/\\\/www.forbes.be\\\/fr\\\/\",\"logo\":{\"@type\":\"ImageObject\",\"inLanguage\":\"fr-FR\",\"@id\":\"https:\\\/\\\/www.forbes.be\\\/fr\\\/#\\\/schema\\\/logo\\\/image\\\/\",\"url\":\"https:\\\/\\\/www.forbes.be\\\/fr\\\/wp-content\\\/uploads\\\/2024\\\/02\\\/forbes.be_.png\",\"contentUrl\":\"https:\\\/\\\/www.forbes.be\\\/fr\\\/wp-content\\\/uploads\\\/2024\\\/02\\\/forbes.be_.png\",\"width\":1200,\"height\":675,\"caption\":\"Forbes Belgique\"},\"image\":{\"@id\":\"https:\\\/\\\/www.forbes.be\\\/fr\\\/#\\\/schema\\\/logo\\\/image\\\/\"},\"sameAs\":[\"https:\\\/\\\/www.facebook.com\\\/forbesbelgique\\\/\",\"https:\\\/\\\/www.instagram.com\\\/Forbes_Belgium\",\"https:\\\/\\\/www.linkedin.com\\\/company\\\/forbes-belgium\\\/\"]},{\"@type\":\"Person\",\"@id\":\"https:\\\/\\\/www.forbes.be\\\/fr\\\/#\\\/schema\\\/person\\\/22bfc3335e560f4084ef5af17ecdad87\",\"name\":\"Philippe Coul\u00e9e\",\"image\":{\"@type\":\"ImageObject\",\"inLanguage\":\"fr-FR\",\"@id\":\"https:\\\/\\\/www.forbes.be\\\/fr\\\/wp-content\\\/uploads\\\/2024\\\/01\\\/unnamed-150x150.jpg\",\"url\":\"https:\\\/\\\/www.forbes.be\\\/fr\\\/wp-content\\\/uploads\\\/2024\\\/01\\\/unnamed-150x150.jpg\",\"contentUrl\":\"https:\\\/\\\/www.forbes.be\\\/fr\\\/wp-content\\\/uploads\\\/2024\\\/01\\\/unnamed-150x150.jpg\",\"caption\":\"Philippe Coul\u00e9e\"},\"url\":\"https:\\\/\\\/www.forbes.be\\\/fr\\\/author\\\/philippe-couleeicloud-com\\\/\"}]}<\/script>\n<!-- \/ Yoast SEO plugin. -->","yoast_head_json":{"title":"Projet li\u00e9geois Lift-\u00d4-Loft\u00a0: le Conseil d\u2019Etat valide le permis d\u2019urbanisme | Forbes Belgique","description":"Le couperet est enfin tomb\u00e9 du c\u00f4t\u00e9 du propri\u00e9taire des anciennes brasseries Piedboeuf: le Conseil d\u2019\u00c9tat vient de d\u00e9bouter le recours introduit.","robots":{"index":"index","follow":"follow","max-snippet":"max-snippet:-1","max-image-preview":"max-image-preview:large","max-video-preview":"max-video-preview:-1"},"canonical":"https:\/\/www.forbes.be\/fr\/projet-liegeois-lift-o-loft-le-conseil-detat-valide-le-permis-durbanisme\/","og_locale":"fr_FR","og_type":"article","og_title":"Projet li\u00e9geois Lift-\u00d4-Loft\u00a0: le Conseil d\u2019Etat valide le permis d\u2019urbanisme | Forbes Belgique","og_description":"Le couperet est enfin tomb\u00e9 du c\u00f4t\u00e9 du propri\u00e9taire des anciennes brasseries Piedboeuf: le Conseil d\u2019\u00c9tat vient de d\u00e9bouter le recours introduit.","og_url":"https:\/\/www.forbes.be\/fr\/projet-liegeois-lift-o-loft-le-conseil-detat-valide-le-permis-durbanisme\/","og_site_name":"Forbes Belgique","article_publisher":"https:\/\/www.facebook.com\/forbesbelgique\/","article_published_time":"2026-03-13T13:40:16+00:00","article_modified_time":"2026-03-13T14:34:49+00:00","og_image":[{"width":2560,"height":1706,"url":"https:\/\/www.forbes.be\/fr\/wp-content\/uploads\/2026\/03\/jupille-liftoloft-inbev-maj-vue-a-250403-scaled.jpg","type":"image\/jpeg"}],"author":"Philippe Coul\u00e9e","twitter_card":"summary_large_image","twitter_misc":{"\u00c9crit par":"Philippe Coul\u00e9e","Dur\u00e9e de lecture estim\u00e9e":"3 minutes"},"schema":{"@context":"https:\/\/schema.org","@graph":[{"@type":"NewsArticle","@id":"https:\/\/www.forbes.be\/fr\/projet-liegeois-lift-o-loft-le-conseil-detat-valide-le-permis-durbanisme\/#article","isPartOf":{"@id":"https:\/\/www.forbes.be\/fr\/projet-liegeois-lift-o-loft-le-conseil-detat-valide-le-permis-durbanisme\/"},"author":{"name":"Philippe Coul\u00e9e","@id":"https:\/\/www.forbes.be\/fr\/#\/schema\/person\/22bfc3335e560f4084ef5af17ecdad87"},"headline":"Projet li\u00e9geois Lift-\u00d4-Loft\u00a0: le Conseil d\u2019Etat valide le permis d\u2019urbanisme","datePublished":"2026-03-13T13:40:16+00:00","dateModified":"2026-03-13T14:34:49+00:00","mainEntityOfPage":{"@id":"https:\/\/www.forbes.be\/fr\/projet-liegeois-lift-o-loft-le-conseil-detat-valide-le-permis-durbanisme\/"},"wordCount":423,"commentCount":0,"publisher":{"@id":"https:\/\/www.forbes.be\/fr\/#organization"},"image":{"@id":"https:\/\/www.forbes.be\/fr\/projet-liegeois-lift-o-loft-le-conseil-detat-valide-le-permis-durbanisme\/#primaryimage"},"thumbnailUrl":"https:\/\/www.forbes.be\/fr\/wp-content\/uploads\/2026\/03\/jupille-liftoloft-inbev-maj-vue-a-250403-scaled.jpg","articleSection":["Actualit\u00e9s","Commerce","Entrepreneurs","Immobilier"],"inLanguage":"fr-FR"},{"@type":"WebPage","@id":"https:\/\/www.forbes.be\/fr\/projet-liegeois-lift-o-loft-le-conseil-detat-valide-le-permis-durbanisme\/","url":"https:\/\/www.forbes.be\/fr\/projet-liegeois-lift-o-loft-le-conseil-detat-valide-le-permis-durbanisme\/","name":"Projet li\u00e9geois Lift-\u00d4-Loft\u00a0: le Conseil d\u2019Etat valide le permis d\u2019urbanisme | Forbes Belgique","isPartOf":{"@id":"https:\/\/www.forbes.be\/fr\/#website"},"primaryImageOfPage":{"@id":"https:\/\/www.forbes.be\/fr\/projet-liegeois-lift-o-loft-le-conseil-detat-valide-le-permis-durbanisme\/#primaryimage"},"image":{"@id":"https:\/\/www.forbes.be\/fr\/projet-liegeois-lift-o-loft-le-conseil-detat-valide-le-permis-durbanisme\/#primaryimage"},"thumbnailUrl":"https:\/\/www.forbes.be\/fr\/wp-content\/uploads\/2026\/03\/jupille-liftoloft-inbev-maj-vue-a-250403-scaled.jpg","datePublished":"2026-03-13T13:40:16+00:00","dateModified":"2026-03-13T14:34:49+00:00","description":"Le couperet est enfin tomb\u00e9 du c\u00f4t\u00e9 du propri\u00e9taire des anciennes brasseries Piedboeuf: le Conseil d\u2019\u00c9tat vient de d\u00e9bouter le recours introduit.","breadcrumb":{"@id":"https:\/\/www.forbes.be\/fr\/projet-liegeois-lift-o-loft-le-conseil-detat-valide-le-permis-durbanisme\/#breadcrumb"},"inLanguage":"fr-FR","potentialAction":[{"@type":"ReadAction","target":["https:\/\/www.forbes.be\/fr\/projet-liegeois-lift-o-loft-le-conseil-detat-valide-le-permis-durbanisme\/"]}]},{"@type":"ImageObject","inLanguage":"fr-FR","@id":"https:\/\/www.forbes.be\/fr\/projet-liegeois-lift-o-loft-le-conseil-detat-valide-le-permis-durbanisme\/#primaryimage","url":"https:\/\/www.forbes.be\/fr\/wp-content\/uploads\/2026\/03\/jupille-liftoloft-inbev-maj-vue-a-250403-scaled.jpg","contentUrl":"https:\/\/www.forbes.be\/fr\/wp-content\/uploads\/2026\/03\/jupille-liftoloft-inbev-maj-vue-a-250403-scaled.jpg","width":2560,"height":1706,"caption":"Altiplan Architects"},{"@type":"BreadcrumbList","@id":"https:\/\/www.forbes.be\/fr\/projet-liegeois-lift-o-loft-le-conseil-detat-valide-le-permis-durbanisme\/#breadcrumb","itemListElement":[{"@type":"ListItem","position":1,"name":"Accueil","item":"https:\/\/www.forbes.be\/fr\/"},{"@type":"ListItem","position":2,"name":"Projet li\u00e9geois Lift-\u00d4-Loft\u00a0: le Conseil d\u2019Etat valide le permis d\u2019urbanisme"}]},{"@type":"WebSite","@id":"https:\/\/www.forbes.be\/fr\/#website","url":"https:\/\/www.forbes.be\/fr\/","name":"Forbes Belgique","description":"","publisher":{"@id":"https:\/\/www.forbes.be\/fr\/#organization"},"potentialAction":[{"@type":"SearchAction","target":{"@type":"EntryPoint","urlTemplate":"https:\/\/www.forbes.be\/fr\/?s={search_term_string}"},"query-input":{"@type":"PropertyValueSpecification","valueRequired":true,"valueName":"search_term_string"}}],"inLanguage":"fr-FR"},{"@type":"Organization","@id":"https:\/\/www.forbes.be\/fr\/#organization","name":"Forbes Belgique","url":"https:\/\/www.forbes.be\/fr\/","logo":{"@type":"ImageObject","inLanguage":"fr-FR","@id":"https:\/\/www.forbes.be\/fr\/#\/schema\/logo\/image\/","url":"https:\/\/www.forbes.be\/fr\/wp-content\/uploads\/2024\/02\/forbes.be_.png","contentUrl":"https:\/\/www.forbes.be\/fr\/wp-content\/uploads\/2024\/02\/forbes.be_.png","width":1200,"height":675,"caption":"Forbes Belgique"},"image":{"@id":"https:\/\/www.forbes.be\/fr\/#\/schema\/logo\/image\/"},"sameAs":["https:\/\/www.facebook.com\/forbesbelgique\/","https:\/\/www.instagram.com\/Forbes_Belgium","https:\/\/www.linkedin.com\/company\/forbes-belgium\/"]},{"@type":"Person","@id":"https:\/\/www.forbes.be\/fr\/#\/schema\/person\/22bfc3335e560f4084ef5af17ecdad87","name":"Philippe Coul\u00e9e","image":{"@type":"ImageObject","inLanguage":"fr-FR","@id":"https:\/\/www.forbes.be\/fr\/wp-content\/uploads\/2024\/01\/unnamed-150x150.jpg","url":"https:\/\/www.forbes.be\/fr\/wp-content\/uploads\/2024\/01\/unnamed-150x150.jpg","contentUrl":"https:\/\/www.forbes.be\/fr\/wp-content\/uploads\/2024\/01\/unnamed-150x150.jpg","caption":"Philippe Coul\u00e9e"},"url":"https:\/\/www.forbes.be\/fr\/author\/philippe-couleeicloud-com\/"}]}},"_links":{"self":[{"href":"https:\/\/www.forbes.be\/fr\/wp-json\/wp\/v2\/posts\/15960","targetHints":{"allow":["GET"]}}],"collection":[{"href":"https:\/\/www.forbes.be\/fr\/wp-json\/wp\/v2\/posts"}],"about":[{"href":"https:\/\/www.forbes.be\/fr\/wp-json\/wp\/v2\/types\/post"}],"author":[{"embeddable":true,"href":"https:\/\/www.forbes.be\/fr\/wp-json\/wp\/v2\/users\/15"}],"replies":[{"embeddable":true,"href":"https:\/\/www.forbes.be\/fr\/wp-json\/wp\/v2\/comments?post=15960"}],"version-history":[{"count":3,"href":"https:\/\/www.forbes.be\/fr\/wp-json\/wp\/v2\/posts\/15960\/revisions"}],"predecessor-version":[{"id":15994,"href":"https:\/\/www.forbes.be\/fr\/wp-json\/wp\/v2\/posts\/15960\/revisions\/15994"}],"wp:featuredmedia":[{"embeddable":true,"href":"https:\/\/www.forbes.be\/fr\/wp-json\/wp\/v2\/media\/15962"}],"wp:attachment":[{"href":"https:\/\/www.forbes.be\/fr\/wp-json\/wp\/v2\/media?parent=15960"}],"wp:term":[{"taxonomy":"category","embeddable":true,"href":"https:\/\/www.forbes.be\/fr\/wp-json\/wp\/v2\/categories?post=15960"},{"taxonomy":"post_tag","embeddable":true,"href":"https:\/\/www.forbes.be\/fr\/wp-json\/wp\/v2\/tags?post=15960"}],"curies":[{"name":"wp","href":"https:\/\/api.w.org\/{rel}","templated":true}]}}