{"id":15995,"date":"2026-03-15T10:25:58","date_gmt":"2026-03-15T09:25:58","guid":{"rendered":"https:\/\/www.forbes.be\/fr\/?p=15995"},"modified":"2026-03-17T10:06:16","modified_gmt":"2026-03-17T09:06:16","slug":"leon-spilliaert-lostendais-a-paris","status":"publish","type":"post","link":"https:\/\/www.forbes.be\/fr\/leon-spilliaert-lostendais-a-paris\/","title":{"rendered":"L\u00e9on Spilliaert : l\u2019Ostendais \u00e0 Paris"},"content":{"rendered":"<p><strong>Apr\u00e8s New York en 2025, Zwirner, l\u2019une des galeries mondiales majeures, re\u00e7oit le g\u00e9nie d\u2019Ostende.<\/strong><\/p>\n<p>Cette exposition parisienne chez <strong>David Zwirner<\/strong> est propos\u00e9e par les Belges <strong>No\u00e9mie Goldman<\/strong> et <strong>Anne Adriaens-Pannier<\/strong>. \u00ab S<em>ouvent associ\u00e9 aux symbolistes, notamment Knopff et Ensor, Spilliaert est un artiste du XXe si\u00e8cle : sa premi\u00e8re \u0153uvre date de 1901, et ses visions d\u2019Ostende aux courbes infinies si modernes touchent \u00e0 l\u2019abstraction.<\/em> \u00bb<\/p>\n<p>\u00c0 Ostende, que le <strong>roi L\u00e9opold<\/strong> avait d\u00e9cid\u00e9 de transformer en \u00ab\u00a0reine des plages\u00a0\u00bb, <strong>Spilliaert<\/strong> se prom\u00e8ne de nuit, nourrit son regard onirique de ce littoral rectiligne.<br \/>\nDans <em>La Courbe de la digue<\/em> (1908), le paysage \u00e9tir\u00e9 est d\u2019une profondeur qui para\u00eet impossible. \u00ab <em>Sa ma\u00eetrise du lavis y insuffle une po\u00e9sie visuelle<\/em>, souligne <strong>No\u00e9mie Goldman<\/strong>. <em>Peu d&rsquo;artistes ont r\u00e9ussi ces d\u00e9grad\u00e9s subtils avec un simple m\u00e9lange d&rsquo;encre et d\u2019eau. Un fin rayon de lumi\u00e8re est r\u00e9duit \u00e0 un trait, et la partie inf\u00e9rieure de la composition devient abstraite.<\/em> \u00bb<\/p>\n<figure id=\"attachment_15997\" aria-describedby=\"caption-attachment-15997\" style=\"width: 1819px\" class=\"wp-caption alignnone\"><img loading=\"lazy\" decoding=\"async\" class=\"size-full wp-image-15997\" src=\"https:\/\/www.forbes.be\/fr\/wp-content\/uploads\/2026\/03\/spile0076-scaled.jpeg\" alt=\"\" width=\"1819\" height=\"2560\" srcset=\"https:\/\/www.forbes.be\/fr\/wp-content\/uploads\/2026\/03\/spile0076-scaled.jpeg 1819w, https:\/\/www.forbes.be\/fr\/wp-content\/uploads\/2026\/03\/spile0076-213x300.jpeg 213w, https:\/\/www.forbes.be\/fr\/wp-content\/uploads\/2026\/03\/spile0076-728x1024.jpeg 728w, https:\/\/www.forbes.be\/fr\/wp-content\/uploads\/2026\/03\/spile0076-768x1081.jpeg 768w, https:\/\/www.forbes.be\/fr\/wp-content\/uploads\/2026\/03\/spile0076-1092x1536.jpeg 1092w, https:\/\/www.forbes.be\/fr\/wp-content\/uploads\/2026\/03\/spile0076-1455x2048.jpeg 1455w, https:\/\/www.forbes.be\/fr\/wp-content\/uploads\/2026\/03\/spile0076-696x979.jpeg 696w, https:\/\/www.forbes.be\/fr\/wp-content\/uploads\/2026\/03\/spile0076-1068x1503.jpeg 1068w, https:\/\/www.forbes.be\/fr\/wp-content\/uploads\/2026\/03\/spile0076-1920x2702.jpeg 1920w, https:\/\/www.forbes.be\/fr\/wp-content\/uploads\/2026\/03\/spile0076-600x844.jpeg 600w\" sizes=\"auto, (max-width: 1819px) 100vw, 1819px\" \/><figcaption id=\"caption-attachment-15997\" class=\"wp-caption-text\">\u00a9 DR<\/figcaption><\/figure>\n<h2>Int\u00e9rieurs r\u00eaveurs<\/h2>\n<p>Ses int\u00e9rieurs ne sont pas moins r\u00eav\u00e9s. Vers 1907-1909, sa s\u00e9rie de flacons, qui ont tous une personnalit\u00e9, se regarde comme des portraits. \u00ab<em> Son p\u00e8re \u00e9tant cr\u00e9ateur de parfums, le flacon est un objet autobiographique.<\/em> \u00bb Entre 1909 et 1917, il travaille la couleur, le reflet, la transparence : le <strong>Spilliaert<\/strong> sombre et m\u00e9lancolique se repr\u00e9sente dans des autoportraits entour\u00e9s d\u2019une aura.<\/p>\n<p>Deux \u0153uvres de l&rsquo;exposition se r\u00e9f\u00e8rent aux \u00e9crits de <strong>Maurice Materlinck<\/strong>, dont il a illustr\u00e9 le th\u00e9\u00e2tre, de 1901 \u00e0 1913, dans trois volumes conserv\u00e9s aux <strong>Mus\u00e9es Royaux des Beaux-Arts<\/strong> de Bruxelles. C\u2019est l\u00e0 que vient la figure de femme r\u00eaveuse de la <em>Princesse Maleine<\/em> (cr\u00e9\u00e9e en 1917, l\u2019ann\u00e9e de son mariage) qui regarde vers un ailleurs, typique du th\u00e9\u00e2tre du dramaturge. La lumi\u00e8re dor\u00e9e de l&rsquo;ext\u00e9rieur contraste avec l\u2019avant-plan qui \u00e9voque une tombe. L\u2019int\u00e9rieur de <strong>Spilliaert<\/strong> ne sera d\u00e8s lors plus solitaire et peupl\u00e9 d\u2019objets inanim\u00e9s, mais partag\u00e9 avec sa femme.<\/p>\n<p>Les serres chaudes, autre illustration de <strong>Maeterlinck<\/strong>, \u00e9claire le lien entre l\u2019artiste et la nature. La repr\u00e9sentation des plantes et des arbres architectur\u00e9s, aux branches fragiles, comme chez le <strong>Mondrian<\/strong> des d\u00e9buts, repr\u00e9sente une part intime de l&rsquo;angoisse humaine.<br \/>\nEnfin, l&rsquo;exposition s\u2019ach\u00e8ve avec <em>Barque dans la temp\u00eate<\/em> (1921), une marine qui semble parler de vie et de mort.<\/p>\n<p>Toutes les \u0153uvres viennent de la famille et de collections priv\u00e9es belges et, sauf les deux autoportraits, sont toutes \u00e0 vendre (\u00e0 partir de 80 000 euros).<\/p>\n<p>En 2027-28, ce sera au tour de The Mesnil Collection (Houston) et du Philadelphia Museum of Art de le pr\u00e9senter aux regards am\u00e9ricains, avec des \u0153uvres pr\u00eat\u00e9es par la galerie Patrick Derom.<\/p>\n<p>Fin le 28.03<br \/>\n<a href=\"https:\/\/www.davidzwirner.com\/\" target=\"_blank\" rel=\"noopener\">www.davidzwirner.com<\/a><\/p>\n","protected":false},"excerpt":{"rendered":"<p>Apr\u00e8s New York en 2025, Zwirner, l\u2019une des galeries mondiales majeures, re\u00e7oit le g\u00e9nie d\u2019Ostende. Cette exposition parisienne chez David Zwirner est propos\u00e9e par les Belges No\u00e9mie Goldman et Anne Adriaens-Pannier. \u00ab Souvent associ\u00e9 aux symbolistes, notamment Knopff et Ensor, Spilliaert est un artiste du XXe si\u00e8cle : sa premi\u00e8re \u0153uvre date de 1901, et [&hellip;]<\/p>\n","protected":false},"author":27,"featured_media":15996,"comment_status":"closed","ping_status":"closed","sticky":false,"template":"","format":"standard","meta":{"_acf_changed":false,"inline_featured_image":false,"footnotes":""},"categories":[63,62],"tags":[],"class_list":{"0":"post-15995","1":"post","2":"type-post","3":"status-publish","4":"format-standard","5":"has-post-thumbnail","7":"category-culture","8":"category-marche-de-lart"},"acf":[],"_yoast_wpseo_title":null,"_yoast_wpseo_metadesc":"La galerie David Zwirner \u00e0 Paris consacre une exposition \u00e0 L\u00e9on Spilliaert, ma\u00eetre symboliste belge dont les paysages d\u2019Ostende annoncent l\u2019abstraction.","auteur_traducteur":"","yoast_head":"<!-- This site is optimized with the Yoast SEO plugin v27.4 - https:\/\/yoast.com\/product\/yoast-seo-wordpress\/ -->\n<title>L\u00e9on Spilliaert : l\u2019Ostendais \u00e0 Paris | Forbes Belgique<\/title>\n<meta name=\"description\" content=\"La galerie David Zwirner \u00e0 Paris consacre une exposition \u00e0 L\u00e9on Spilliaert, ma\u00eetre symboliste belge dont les paysages d\u2019Ostende annoncent l\u2019abstraction.\" \/>\n<meta name=\"robots\" content=\"index, follow, max-snippet:-1, max-image-preview:large, max-video-preview:-1\" \/>\n<link rel=\"canonical\" href=\"https:\/\/www.forbes.be\/fr\/leon-spilliaert-lostendais-a-paris\/\" \/>\n<meta property=\"og:locale\" content=\"fr_FR\" \/>\n<meta property=\"og:type\" content=\"article\" \/>\n<meta property=\"og:title\" content=\"L\u00e9on Spilliaert : l\u2019Ostendais \u00e0 Paris | Forbes Belgique\" \/>\n<meta property=\"og:description\" content=\"La galerie David Zwirner \u00e0 Paris consacre une exposition \u00e0 L\u00e9on Spilliaert, ma\u00eetre symboliste belge dont les paysages d\u2019Ostende annoncent l\u2019abstraction.\" \/>\n<meta property=\"og:url\" content=\"https:\/\/www.forbes.be\/fr\/leon-spilliaert-lostendais-a-paris\/\" \/>\n<meta property=\"og:site_name\" content=\"Forbes Belgique\" \/>\n<meta property=\"article:publisher\" content=\"https:\/\/www.facebook.com\/forbesbelgique\/\" \/>\n<meta property=\"article:published_time\" content=\"2026-03-15T09:25:58+00:00\" \/>\n<meta property=\"article:modified_time\" content=\"2026-03-17T09:06:16+00:00\" \/>\n<meta property=\"og:image\" content=\"https:\/\/www.forbes.be\/fr\/wp-content\/uploads\/2026\/03\/lspilliaertdzpshow2026-v4-scaled-e1773416162635.jpg\" \/>\n\t<meta property=\"og:image:width\" content=\"2560\" \/>\n\t<meta property=\"og:image:height\" content=\"1340\" \/>\n\t<meta property=\"og:image:type\" content=\"image\/jpeg\" \/>\n<meta name=\"author\" content=\"Johan-Fr\u00e9d\u00e9rik Hel Guedj\" \/>\n<meta name=\"twitter:card\" content=\"summary_large_image\" \/>\n<meta name=\"twitter:label1\" content=\"\u00c9crit par\" \/>\n\t<meta name=\"twitter:data1\" content=\"Johan-Fr\u00e9d\u00e9rik Hel Guedj\" \/>\n\t<meta name=\"twitter:label2\" content=\"Dur\u00e9e de lecture estim\u00e9e\" \/>\n\t<meta name=\"twitter:data2\" content=\"3 minutes\" \/>\n<script type=\"application\/ld+json\" class=\"yoast-schema-graph\">{\"@context\":\"https:\\\/\\\/schema.org\",\"@graph\":[{\"@type\":\"NewsArticle\",\"@id\":\"https:\\\/\\\/www.forbes.be\\\/fr\\\/leon-spilliaert-lostendais-a-paris\\\/#article\",\"isPartOf\":{\"@id\":\"https:\\\/\\\/www.forbes.be\\\/fr\\\/leon-spilliaert-lostendais-a-paris\\\/\"},\"author\":{\"name\":\"Johan-Fr\u00e9d\u00e9rik Hel Guedj\",\"@id\":\"https:\\\/\\\/www.forbes.be\\\/fr\\\/#\\\/schema\\\/person\\\/ad1bb0e83419af89356b7b11a6622c80\"},\"headline\":\"L\u00e9on Spilliaert : l\u2019Ostendais \u00e0 Paris\",\"datePublished\":\"2026-03-15T09:25:58+00:00\",\"dateModified\":\"2026-03-17T09:06:16+00:00\",\"mainEntityOfPage\":{\"@id\":\"https:\\\/\\\/www.forbes.be\\\/fr\\\/leon-spilliaert-lostendais-a-paris\\\/\"},\"wordCount\":497,\"publisher\":{\"@id\":\"https:\\\/\\\/www.forbes.be\\\/fr\\\/#organization\"},\"image\":{\"@id\":\"https:\\\/\\\/www.forbes.be\\\/fr\\\/leon-spilliaert-lostendais-a-paris\\\/#primaryimage\"},\"thumbnailUrl\":\"https:\\\/\\\/www.forbes.be\\\/fr\\\/wp-content\\\/uploads\\\/2026\\\/03\\\/lspilliaertdzpshow2026-v4-scaled-e1773416162635.jpg\",\"articleSection\":[\"Culture\",\"March\u00e9 de l'art\"],\"inLanguage\":\"fr-FR\"},{\"@type\":\"WebPage\",\"@id\":\"https:\\\/\\\/www.forbes.be\\\/fr\\\/leon-spilliaert-lostendais-a-paris\\\/\",\"url\":\"https:\\\/\\\/www.forbes.be\\\/fr\\\/leon-spilliaert-lostendais-a-paris\\\/\",\"name\":\"L\u00e9on Spilliaert : l\u2019Ostendais \u00e0 Paris | Forbes Belgique\",\"isPartOf\":{\"@id\":\"https:\\\/\\\/www.forbes.be\\\/fr\\\/#website\"},\"primaryImageOfPage\":{\"@id\":\"https:\\\/\\\/www.forbes.be\\\/fr\\\/leon-spilliaert-lostendais-a-paris\\\/#primaryimage\"},\"image\":{\"@id\":\"https:\\\/\\\/www.forbes.be\\\/fr\\\/leon-spilliaert-lostendais-a-paris\\\/#primaryimage\"},\"thumbnailUrl\":\"https:\\\/\\\/www.forbes.be\\\/fr\\\/wp-content\\\/uploads\\\/2026\\\/03\\\/lspilliaertdzpshow2026-v4-scaled-e1773416162635.jpg\",\"datePublished\":\"2026-03-15T09:25:58+00:00\",\"dateModified\":\"2026-03-17T09:06:16+00:00\",\"description\":\"La galerie David Zwirner \u00e0 Paris consacre une exposition \u00e0 L\u00e9on Spilliaert, ma\u00eetre symboliste belge dont les paysages d\u2019Ostende annoncent l\u2019abstraction.\",\"breadcrumb\":{\"@id\":\"https:\\\/\\\/www.forbes.be\\\/fr\\\/leon-spilliaert-lostendais-a-paris\\\/#breadcrumb\"},\"inLanguage\":\"fr-FR\",\"potentialAction\":[{\"@type\":\"ReadAction\",\"target\":[\"https:\\\/\\\/www.forbes.be\\\/fr\\\/leon-spilliaert-lostendais-a-paris\\\/\"]}]},{\"@type\":\"ImageObject\",\"inLanguage\":\"fr-FR\",\"@id\":\"https:\\\/\\\/www.forbes.be\\\/fr\\\/leon-spilliaert-lostendais-a-paris\\\/#primaryimage\",\"url\":\"https:\\\/\\\/www.forbes.be\\\/fr\\\/wp-content\\\/uploads\\\/2026\\\/03\\\/lspilliaertdzpshow2026-v4-scaled-e1773416162635.jpg\",\"contentUrl\":\"https:\\\/\\\/www.forbes.be\\\/fr\\\/wp-content\\\/uploads\\\/2026\\\/03\\\/lspilliaertdzpshow2026-v4-scaled-e1773416162635.jpg\",\"width\":2560,\"height\":1340,\"caption\":\"\u00a9 DR\"},{\"@type\":\"BreadcrumbList\",\"@id\":\"https:\\\/\\\/www.forbes.be\\\/fr\\\/leon-spilliaert-lostendais-a-paris\\\/#breadcrumb\",\"itemListElement\":[{\"@type\":\"ListItem\",\"position\":1,\"name\":\"Accueil\",\"item\":\"https:\\\/\\\/www.forbes.be\\\/fr\\\/\"},{\"@type\":\"ListItem\",\"position\":2,\"name\":\"L\u00e9on Spilliaert : l\u2019Ostendais \u00e0 Paris\"}]},{\"@type\":\"WebSite\",\"@id\":\"https:\\\/\\\/www.forbes.be\\\/fr\\\/#website\",\"url\":\"https:\\\/\\\/www.forbes.be\\\/fr\\\/\",\"name\":\"Forbes Belgique\",\"description\":\"\",\"publisher\":{\"@id\":\"https:\\\/\\\/www.forbes.be\\\/fr\\\/#organization\"},\"potentialAction\":[{\"@type\":\"SearchAction\",\"target\":{\"@type\":\"EntryPoint\",\"urlTemplate\":\"https:\\\/\\\/www.forbes.be\\\/fr\\\/?s={search_term_string}\"},\"query-input\":{\"@type\":\"PropertyValueSpecification\",\"valueRequired\":true,\"valueName\":\"search_term_string\"}}],\"inLanguage\":\"fr-FR\"},{\"@type\":\"Organization\",\"@id\":\"https:\\\/\\\/www.forbes.be\\\/fr\\\/#organization\",\"name\":\"Forbes Belgique\",\"url\":\"https:\\\/\\\/www.forbes.be\\\/fr\\\/\",\"logo\":{\"@type\":\"ImageObject\",\"inLanguage\":\"fr-FR\",\"@id\":\"https:\\\/\\\/www.forbes.be\\\/fr\\\/#\\\/schema\\\/logo\\\/image\\\/\",\"url\":\"https:\\\/\\\/www.forbes.be\\\/fr\\\/wp-content\\\/uploads\\\/2024\\\/02\\\/forbes.be_.png\",\"contentUrl\":\"https:\\\/\\\/www.forbes.be\\\/fr\\\/wp-content\\\/uploads\\\/2024\\\/02\\\/forbes.be_.png\",\"width\":1200,\"height\":675,\"caption\":\"Forbes Belgique\"},\"image\":{\"@id\":\"https:\\\/\\\/www.forbes.be\\\/fr\\\/#\\\/schema\\\/logo\\\/image\\\/\"},\"sameAs\":[\"https:\\\/\\\/www.facebook.com\\\/forbesbelgique\\\/\",\"https:\\\/\\\/www.instagram.com\\\/Forbes_Belgium\",\"https:\\\/\\\/www.linkedin.com\\\/company\\\/forbes-belgium\\\/\"]},{\"@type\":\"Person\",\"@id\":\"https:\\\/\\\/www.forbes.be\\\/fr\\\/#\\\/schema\\\/person\\\/ad1bb0e83419af89356b7b11a6622c80\",\"name\":\"Johan-Fr\u00e9d\u00e9rik Hel Guedj\",\"image\":{\"@type\":\"ImageObject\",\"inLanguage\":\"fr-FR\",\"@id\":\"https:\\\/\\\/secure.gravatar.com\\\/avatar\\\/65333543693434f2cc9fdefb3173b162df98712d00606b00b3d43914f79a1598?s=96&d=mm&r=g\",\"url\":\"https:\\\/\\\/secure.gravatar.com\\\/avatar\\\/65333543693434f2cc9fdefb3173b162df98712d00606b00b3d43914f79a1598?s=96&d=mm&r=g\",\"contentUrl\":\"https:\\\/\\\/secure.gravatar.com\\\/avatar\\\/65333543693434f2cc9fdefb3173b162df98712d00606b00b3d43914f79a1598?s=96&d=mm&r=g\",\"caption\":\"Johan-Fr\u00e9d\u00e9rik Hel Guedj\"},\"description\":\"Johan-Frederik Hel Guedj est journaliste et auteur fran\u00e7ais. R\u00e9dacteur en chef pendant 7 ans de la revue Pouvoirs Locaux, consacr\u00e9e aux politiques culturelles, il a publi\u00e9 huit ouvrages chez des \u00e9diteurs fran\u00e7ais et belges, dont deux romans, un essai consacr\u00e9 \u00e0 Orson Welles, et quatre livres d\u2019art. En plus de Forbes, il collabore \u00e0 L\u2019Echo et au Quotidien de l\u2019Art (Paris).\",\"url\":\"https:\\\/\\\/www.forbes.be\\\/fr\\\/author\\\/johan-frederik-hel-guedj\\\/\"}]}<\/script>\n<!-- \/ Yoast SEO plugin. -->","yoast_head_json":{"title":"L\u00e9on Spilliaert : l\u2019Ostendais \u00e0 Paris | Forbes Belgique","description":"La galerie David Zwirner \u00e0 Paris consacre une exposition \u00e0 L\u00e9on Spilliaert, ma\u00eetre symboliste belge dont les paysages d\u2019Ostende annoncent l\u2019abstraction.","robots":{"index":"index","follow":"follow","max-snippet":"max-snippet:-1","max-image-preview":"max-image-preview:large","max-video-preview":"max-video-preview:-1"},"canonical":"https:\/\/www.forbes.be\/fr\/leon-spilliaert-lostendais-a-paris\/","og_locale":"fr_FR","og_type":"article","og_title":"L\u00e9on Spilliaert : l\u2019Ostendais \u00e0 Paris | Forbes Belgique","og_description":"La galerie David Zwirner \u00e0 Paris consacre une exposition \u00e0 L\u00e9on Spilliaert, ma\u00eetre symboliste belge dont les paysages d\u2019Ostende annoncent l\u2019abstraction.","og_url":"https:\/\/www.forbes.be\/fr\/leon-spilliaert-lostendais-a-paris\/","og_site_name":"Forbes Belgique","article_publisher":"https:\/\/www.facebook.com\/forbesbelgique\/","article_published_time":"2026-03-15T09:25:58+00:00","article_modified_time":"2026-03-17T09:06:16+00:00","og_image":[{"width":2560,"height":1340,"url":"https:\/\/www.forbes.be\/fr\/wp-content\/uploads\/2026\/03\/lspilliaertdzpshow2026-v4-scaled-e1773416162635.jpg","type":"image\/jpeg"}],"author":"Johan-Fr\u00e9d\u00e9rik Hel Guedj","twitter_card":"summary_large_image","twitter_misc":{"\u00c9crit par":"Johan-Fr\u00e9d\u00e9rik Hel Guedj","Dur\u00e9e de lecture estim\u00e9e":"3 minutes"},"schema":{"@context":"https:\/\/schema.org","@graph":[{"@type":"NewsArticle","@id":"https:\/\/www.forbes.be\/fr\/leon-spilliaert-lostendais-a-paris\/#article","isPartOf":{"@id":"https:\/\/www.forbes.be\/fr\/leon-spilliaert-lostendais-a-paris\/"},"author":{"name":"Johan-Fr\u00e9d\u00e9rik Hel Guedj","@id":"https:\/\/www.forbes.be\/fr\/#\/schema\/person\/ad1bb0e83419af89356b7b11a6622c80"},"headline":"L\u00e9on Spilliaert : l\u2019Ostendais \u00e0 Paris","datePublished":"2026-03-15T09:25:58+00:00","dateModified":"2026-03-17T09:06:16+00:00","mainEntityOfPage":{"@id":"https:\/\/www.forbes.be\/fr\/leon-spilliaert-lostendais-a-paris\/"},"wordCount":497,"publisher":{"@id":"https:\/\/www.forbes.be\/fr\/#organization"},"image":{"@id":"https:\/\/www.forbes.be\/fr\/leon-spilliaert-lostendais-a-paris\/#primaryimage"},"thumbnailUrl":"https:\/\/www.forbes.be\/fr\/wp-content\/uploads\/2026\/03\/lspilliaertdzpshow2026-v4-scaled-e1773416162635.jpg","articleSection":["Culture","March\u00e9 de l'art"],"inLanguage":"fr-FR"},{"@type":"WebPage","@id":"https:\/\/www.forbes.be\/fr\/leon-spilliaert-lostendais-a-paris\/","url":"https:\/\/www.forbes.be\/fr\/leon-spilliaert-lostendais-a-paris\/","name":"L\u00e9on Spilliaert : l\u2019Ostendais \u00e0 Paris | Forbes Belgique","isPartOf":{"@id":"https:\/\/www.forbes.be\/fr\/#website"},"primaryImageOfPage":{"@id":"https:\/\/www.forbes.be\/fr\/leon-spilliaert-lostendais-a-paris\/#primaryimage"},"image":{"@id":"https:\/\/www.forbes.be\/fr\/leon-spilliaert-lostendais-a-paris\/#primaryimage"},"thumbnailUrl":"https:\/\/www.forbes.be\/fr\/wp-content\/uploads\/2026\/03\/lspilliaertdzpshow2026-v4-scaled-e1773416162635.jpg","datePublished":"2026-03-15T09:25:58+00:00","dateModified":"2026-03-17T09:06:16+00:00","description":"La galerie David Zwirner \u00e0 Paris consacre une exposition \u00e0 L\u00e9on Spilliaert, ma\u00eetre symboliste belge dont les paysages d\u2019Ostende annoncent l\u2019abstraction.","breadcrumb":{"@id":"https:\/\/www.forbes.be\/fr\/leon-spilliaert-lostendais-a-paris\/#breadcrumb"},"inLanguage":"fr-FR","potentialAction":[{"@type":"ReadAction","target":["https:\/\/www.forbes.be\/fr\/leon-spilliaert-lostendais-a-paris\/"]}]},{"@type":"ImageObject","inLanguage":"fr-FR","@id":"https:\/\/www.forbes.be\/fr\/leon-spilliaert-lostendais-a-paris\/#primaryimage","url":"https:\/\/www.forbes.be\/fr\/wp-content\/uploads\/2026\/03\/lspilliaertdzpshow2026-v4-scaled-e1773416162635.jpg","contentUrl":"https:\/\/www.forbes.be\/fr\/wp-content\/uploads\/2026\/03\/lspilliaertdzpshow2026-v4-scaled-e1773416162635.jpg","width":2560,"height":1340,"caption":"\u00a9 DR"},{"@type":"BreadcrumbList","@id":"https:\/\/www.forbes.be\/fr\/leon-spilliaert-lostendais-a-paris\/#breadcrumb","itemListElement":[{"@type":"ListItem","position":1,"name":"Accueil","item":"https:\/\/www.forbes.be\/fr\/"},{"@type":"ListItem","position":2,"name":"L\u00e9on Spilliaert : l\u2019Ostendais \u00e0 Paris"}]},{"@type":"WebSite","@id":"https:\/\/www.forbes.be\/fr\/#website","url":"https:\/\/www.forbes.be\/fr\/","name":"Forbes Belgique","description":"","publisher":{"@id":"https:\/\/www.forbes.be\/fr\/#organization"},"potentialAction":[{"@type":"SearchAction","target":{"@type":"EntryPoint","urlTemplate":"https:\/\/www.forbes.be\/fr\/?s={search_term_string}"},"query-input":{"@type":"PropertyValueSpecification","valueRequired":true,"valueName":"search_term_string"}}],"inLanguage":"fr-FR"},{"@type":"Organization","@id":"https:\/\/www.forbes.be\/fr\/#organization","name":"Forbes Belgique","url":"https:\/\/www.forbes.be\/fr\/","logo":{"@type":"ImageObject","inLanguage":"fr-FR","@id":"https:\/\/www.forbes.be\/fr\/#\/schema\/logo\/image\/","url":"https:\/\/www.forbes.be\/fr\/wp-content\/uploads\/2024\/02\/forbes.be_.png","contentUrl":"https:\/\/www.forbes.be\/fr\/wp-content\/uploads\/2024\/02\/forbes.be_.png","width":1200,"height":675,"caption":"Forbes Belgique"},"image":{"@id":"https:\/\/www.forbes.be\/fr\/#\/schema\/logo\/image\/"},"sameAs":["https:\/\/www.facebook.com\/forbesbelgique\/","https:\/\/www.instagram.com\/Forbes_Belgium","https:\/\/www.linkedin.com\/company\/forbes-belgium\/"]},{"@type":"Person","@id":"https:\/\/www.forbes.be\/fr\/#\/schema\/person\/ad1bb0e83419af89356b7b11a6622c80","name":"Johan-Fr\u00e9d\u00e9rik Hel Guedj","image":{"@type":"ImageObject","inLanguage":"fr-FR","@id":"https:\/\/secure.gravatar.com\/avatar\/65333543693434f2cc9fdefb3173b162df98712d00606b00b3d43914f79a1598?s=96&d=mm&r=g","url":"https:\/\/secure.gravatar.com\/avatar\/65333543693434f2cc9fdefb3173b162df98712d00606b00b3d43914f79a1598?s=96&d=mm&r=g","contentUrl":"https:\/\/secure.gravatar.com\/avatar\/65333543693434f2cc9fdefb3173b162df98712d00606b00b3d43914f79a1598?s=96&d=mm&r=g","caption":"Johan-Fr\u00e9d\u00e9rik Hel Guedj"},"description":"Johan-Frederik Hel Guedj est journaliste et auteur fran\u00e7ais. R\u00e9dacteur en chef pendant 7 ans de la revue Pouvoirs Locaux, consacr\u00e9e aux politiques culturelles, il a publi\u00e9 huit ouvrages chez des \u00e9diteurs fran\u00e7ais et belges, dont deux romans, un essai consacr\u00e9 \u00e0 Orson Welles, et quatre livres d\u2019art. En plus de Forbes, il collabore \u00e0 L\u2019Echo et au Quotidien de l\u2019Art (Paris).","url":"https:\/\/www.forbes.be\/fr\/author\/johan-frederik-hel-guedj\/"}]}},"_links":{"self":[{"href":"https:\/\/www.forbes.be\/fr\/wp-json\/wp\/v2\/posts\/15995","targetHints":{"allow":["GET"]}}],"collection":[{"href":"https:\/\/www.forbes.be\/fr\/wp-json\/wp\/v2\/posts"}],"about":[{"href":"https:\/\/www.forbes.be\/fr\/wp-json\/wp\/v2\/types\/post"}],"author":[{"embeddable":true,"href":"https:\/\/www.forbes.be\/fr\/wp-json\/wp\/v2\/users\/27"}],"replies":[{"embeddable":true,"href":"https:\/\/www.forbes.be\/fr\/wp-json\/wp\/v2\/comments?post=15995"}],"version-history":[{"count":2,"href":"https:\/\/www.forbes.be\/fr\/wp-json\/wp\/v2\/posts\/15995\/revisions"}],"predecessor-version":[{"id":15999,"href":"https:\/\/www.forbes.be\/fr\/wp-json\/wp\/v2\/posts\/15995\/revisions\/15999"}],"wp:featuredmedia":[{"embeddable":true,"href":"https:\/\/www.forbes.be\/fr\/wp-json\/wp\/v2\/media\/15996"}],"wp:attachment":[{"href":"https:\/\/www.forbes.be\/fr\/wp-json\/wp\/v2\/media?parent=15995"}],"wp:term":[{"taxonomy":"category","embeddable":true,"href":"https:\/\/www.forbes.be\/fr\/wp-json\/wp\/v2\/categories?post=15995"},{"taxonomy":"post_tag","embeddable":true,"href":"https:\/\/www.forbes.be\/fr\/wp-json\/wp\/v2\/tags?post=15995"}],"curies":[{"name":"wp","href":"https:\/\/api.w.org\/{rel}","templated":true}]}}