{"id":16041,"date":"2026-03-17T10:59:05","date_gmt":"2026-03-17T09:59:05","guid":{"rendered":"https:\/\/www.forbes.be\/fr\/?p=16041"},"modified":"2026-03-17T15:40:51","modified_gmt":"2026-03-17T14:40:51","slug":"tefaf-2026-26-galeries-belge-et-un-impact-economique-non-negligeable","status":"publish","type":"post","link":"https:\/\/www.forbes.be\/fr\/tefaf-2026-26-galeries-belge-et-un-impact-economique-non-negligeable\/","title":{"rendered":"TEFAF 2026 : 26 galeries belges et un impact \u00e9conomique non-n\u00e9gligeable"},"content":{"rendered":"<p><strong>En cette 39e TEFAF, 26 galeries belges (sur un total de 277) sont \u00e0 Maastricht. Et le colloque TEFAF-UNESCO a trait\u00e9 de l\u2019impact socio-\u00e9conomique de la foire.<\/strong><\/p>\n<p>\u00ab <em>La <strong>galerie Artimo<\/strong> est n\u00e9e de trois g\u00e9n\u00e9rations de marchands<\/em>, explique <strong>Georges van Cauwenbergh<\/strong>. <em>Mon grand-p\u00e8re Marcel, d\u00e9c\u00e9d\u00e9 l\u2019ann\u00e9e de ma naissance, \u00e9tait industriel et collectionneur. Notre catalogue <strong>TEFAF<\/strong> lui rend hommage. Mon p\u00e8re Luc a fond\u00e9 la <strong>galerie<\/strong> en 1985, sous le nom d\u2019Exclusivit\u00e9s du pass\u00e9. Ma m\u00e8re, qui voulait faire de l&rsquo;immobilier, l\u2019a convaincu de le changer en <strong>Artimo<\/strong>, mais n&rsquo;a jamais fait d&rsquo;immobilier\u2026 Ma grand-m\u00e8re Simona a soutenu nos trois g\u00e9n\u00e9rations, mon grand-p\u00e8re, mon p\u00e8re et moi. Je suis venu pour la premi\u00e8re fois ici avec mon p\u00e8re, j\u2019avais dix ans. J\u2019ai \u00e9t\u00e9 assistant du Vetting <\/em>[l\u2019inspection des \u0153uvres, Ndlr]<em> en sculpture \u00e0 25 ans. Mon p\u00e8re, grand expert international en pendules et montres anciennes, a \u00e9t\u00e9 directeur de cette section du Vetting \u00e0 la <strong>TEFAF<\/strong>. J\u2019ai pris la direction de la galerie \u00e0 25 ans, voici dix ans, et fait mon premier salon, Antica Namur, il y a cinq ans. Je pr\u00e9side Brussels Art Square au Sablon, et suis administrateur \u00e0 la Chambre royale des Antiquaires de Belgique (ROCADE) et \u00e0 la Brafa. Pour notre premi\u00e8re <strong>TEFAF<\/strong>, le toit du monde en mati\u00e8re de Ma\u00eetres Anciens et d\u2019Antiquit\u00e9s, dans notre choix, la technique, le sujet et l&rsquo;importance de la pi\u00e8ce priment sur le nom. On pr\u00e9f\u00e8re ainsi <\/em>La Sortie du bain de mer<em> de <strong>Charles-Auguste Fraikin<\/strong>, mod\u00e8le unique en marbre, plut\u00f4t qu&rsquo;une pi\u00e8ce plus secondaire de <strong>Rodin<\/strong><\/em> \u00bb.<\/p>\n<figure id=\"attachment_16059\" aria-describedby=\"caption-attachment-16059\" style=\"width: 853px\" class=\"wp-caption alignnone\"><img loading=\"lazy\" decoding=\"async\" class=\"size-full wp-image-16059\" src=\"https:\/\/www.forbes.be\/fr\/wp-content\/uploads\/2026\/03\/96a1198-rotated.jpeg\" alt=\"\" width=\"853\" height=\"1280\" srcset=\"https:\/\/www.forbes.be\/fr\/wp-content\/uploads\/2026\/03\/96a1198-rotated.jpeg 853w, https:\/\/www.forbes.be\/fr\/wp-content\/uploads\/2026\/03\/96a1198-200x300.jpeg 200w, https:\/\/www.forbes.be\/fr\/wp-content\/uploads\/2026\/03\/96a1198-682x1024.jpeg 682w, https:\/\/www.forbes.be\/fr\/wp-content\/uploads\/2026\/03\/96a1198-768x1152.jpeg 768w, https:\/\/www.forbes.be\/fr\/wp-content\/uploads\/2026\/03\/96a1198-696x1044.jpeg 696w, https:\/\/www.forbes.be\/fr\/wp-content\/uploads\/2026\/03\/96a1198-600x900.jpeg 600w\" sizes=\"auto, (max-width: 853px) 100vw, 853px\" \/><figcaption id=\"caption-attachment-16059\" class=\"wp-caption-text\">\u00a9 DR<\/figcaption><\/figure>\n<p>Quant \u00e0 <strong>Karim Grusenmeyer<\/strong> (<strong>Galerie Grusenmeyer-Woliner<\/strong>), associ\u00e9 \u00e0 <strong>Isabelle Bilquin<\/strong> et <strong>Damien Woliner<\/strong>, il confie : \u00ab<em> J\u2019ai particip\u00e9 \u00e0 une cinquantaine de salons dans ma vie, \u00e0 Londres, Bruxelles, Paris, etc. \u00c0 la <strong>TEFAF<\/strong>, la pr\u00e9sence de professionnels et de grands mus\u00e9es fran\u00e7ais, am\u00e9ricains d\u00e9passe nos attentes. Depuis dix ans, nous avons travaill\u00e9 sans rel\u00e2che \u00e0 r\u00e9unir des objets de la plus haute qualit\u00e9 et nous pensions longtemps de pas \u00eatre \u00e0 la hauteur de cette foire. R\u00e9cemment, nous avons re\u00e7u le soutien de marchands pr\u00e9sents ici de longue date, qui nous ont encourag\u00e9s \u00e0 postuler. Les pi\u00e8ces mus\u00e9ales pr\u00e9sent\u00e9es, comme nos t\u00eates khmer qui ont exig\u00e9 cinq ans de recherches, avec une excellente provenance, ant\u00e9rieure aux ann\u00e9es 1970, trouvent ici leur public ad\u00e9quat. Outre la qualit\u00e9 des pi\u00e8ces, l\u2019autre raison de notre acceptation par la <strong>TEFAF<\/strong> tient \u00e0 notre caract\u00e8re g\u00e9n\u00e9raliste : nous proposons des \u0153uvres des cinq continents, ce dont de moins en moins de marchands sont capables<\/em> \u00bb.<\/p>\n<figure id=\"attachment_16060\" aria-describedby=\"caption-attachment-16060\" style=\"width: 961px\" class=\"wp-caption alignnone\"><img loading=\"lazy\" decoding=\"async\" class=\"size-full wp-image-16060\" src=\"https:\/\/www.forbes.be\/fr\/wp-content\/uploads\/2026\/03\/grusenmeyer-2025-09-904.jpeg\" alt=\"\" width=\"961\" height=\"1220\" srcset=\"https:\/\/www.forbes.be\/fr\/wp-content\/uploads\/2026\/03\/grusenmeyer-2025-09-904.jpeg 961w, https:\/\/www.forbes.be\/fr\/wp-content\/uploads\/2026\/03\/grusenmeyer-2025-09-904-236x300.jpeg 236w, https:\/\/www.forbes.be\/fr\/wp-content\/uploads\/2026\/03\/grusenmeyer-2025-09-904-807x1024.jpeg 807w, https:\/\/www.forbes.be\/fr\/wp-content\/uploads\/2026\/03\/grusenmeyer-2025-09-904-768x975.jpeg 768w, https:\/\/www.forbes.be\/fr\/wp-content\/uploads\/2026\/03\/grusenmeyer-2025-09-904-696x884.jpeg 696w, https:\/\/www.forbes.be\/fr\/wp-content\/uploads\/2026\/03\/grusenmeyer-2025-09-904-600x762.jpeg 600w\" sizes=\"auto, (max-width: 961px) 100vw, 961px\" \/><figcaption id=\"caption-attachment-16060\" class=\"wp-caption-text\">\u00a9 DR<\/figcaption><\/figure>\n<h2>Sommet sur l\u2019impact \u00e9conomique<\/h2>\n<p>Dans le cadre du sommet intitul\u00e9 \u00ab\u00a0Au-del\u00e0 de l\u2019impact \u00e9conomique : repenser la culture dans les politiques publiques\u00a0\u00bb, <strong>Sylvie Gleises<\/strong>, CEO d\u2019AXA XL \u00e0 Singapour, a expos\u00e9 la mission d\u2019AXA-XL, assureur de la <strong>TEFAF<\/strong> : \u00ab <em>Assureur de r\u00e9f\u00e9rence, au-del\u00e0 de la protection du patrimoine culturel, nous renfor\u00e7ons l&rsquo;\u00e9cosyst\u00e8me culturel. Notre <strong>Fondation AXA<\/strong> pour le progr\u00e8s humain, qui unifie nos engagements culturels, scientifiques, environnementaux et soci\u00e9taux, soutient de nouveaux artistes et d\u00e9veloppe des partenariats, notamment avec les Manufactures nationales fran\u00e7aises<\/em> \u00bb.<\/p>\n<p><strong>Adriano Picinati di Torcello<\/strong>, coordinateur de Global Art &amp; Finance (Deloitte) (Moderator) a pr\u00e9sent\u00e9 le rapport Deloitte relatif \u00e0 l\u2019impact \u00e9conomique de la <strong>TEFAF<\/strong> sur le Limbourg, province de Maastricht (soit 32,3 millions) dont 5,6 millions li\u00e9s \u00e0 la couverture m\u00e9diatique, et 86,4 millions sur l\u2019ensemble des Pays-Bas (637,4 millions cumul\u00e9s pour 2017-2025).<\/p>\n<p><strong>Victoria Simonsz-van Krieken<\/strong>, g\u00e9rante du fonds <strong>Brabant C<\/strong>, finance la culture en incitant des partenaires priv\u00e9s \u00e0 investir dans le secteur en privil\u00e9giant l\u2019impact sur l\u2019infrastructure \u00e9conomique d\u2019une r\u00e9gion en plein essor technologique, plus ax\u00e9 sur le partenariat que sur la subvention, en agissant \u00e0 la charni\u00e8re entre artistes et pouvoirs publics. \u00ab <em>Nous avons d\u00e9but\u00e9 en 2024 avec moins d\u2019un million d&rsquo;euros, pour 14 projets par an. L&rsquo;ann\u00e9e prochaine, ce seront plus de 25 initiatives concernant presque toute la province du Brabant, s\u00e9lectionn\u00e9s par un comit\u00e9 d\u2019experts ind\u00e9pendants . R\u00e9cemment, \u00e0 Helmond, dans le Brabant, a pris l\u2019initiative. La cr\u00e9ativit\u00e9 \u00e9tant l\u2019un des enjeux d\u2019avenir majeurs, et les artistes \u00e9tant les ma\u00eetres de la cr\u00e9ativit\u00e9, un groupe de PME a d\u00e9cid\u00e9 d\u2019investir pour enrichir leur ville. La province a financ\u00e9 \u00e0 part \u00e9gale, et notre fonds les soutient.<\/em> \u00bb<\/p>\n<ul>\n<li><em><a href=\"http:\/\/www.tefaf.com\" target=\"_blank\" rel=\"noopener\">www.tefaf.com<\/a><\/em><\/li>\n<\/ul>\n","protected":false},"excerpt":{"rendered":"<p>En cette 39e TEFAF, 26 galeries belges (sur un total de 277) sont \u00e0 Maastricht. Et le colloque TEFAF-UNESCO a trait\u00e9 de l\u2019impact socio-\u00e9conomique de la foire. \u00ab La galerie Artimo est n\u00e9e de trois g\u00e9n\u00e9rations de marchands, explique Georges van Cauwenbergh. Mon grand-p\u00e8re Marcel, d\u00e9c\u00e9d\u00e9 l\u2019ann\u00e9e de ma naissance, \u00e9tait industriel et collectionneur. Notre [&hellip;]<\/p>\n","protected":false},"author":27,"featured_media":16042,"comment_status":"closed","ping_status":"closed","sticky":false,"template":"","format":"standard","meta":{"_acf_changed":false,"inline_featured_image":false,"footnotes":""},"categories":[1,63,62],"tags":[],"class_list":{"0":"post-16041","1":"post","2":"type-post","3":"status-publish","4":"format-standard","5":"has-post-thumbnail","7":"category-actualite","8":"category-culture","9":"category-marche-de-lart"},"acf":[],"_yoast_wpseo_title":null,"_yoast_wpseo_metadesc":"TEFAF 2026 : 26 galeries belges \u00e0 Maastricht et un impact \u00e9conomique majeur pour les Pays-Bas et le march\u00e9 de l\u2019art.","auteur_traducteur":"","yoast_head":"<!-- This site is optimized with the Yoast SEO plugin v27.4 - https:\/\/yoast.com\/product\/yoast-seo-wordpress\/ -->\n<title>TEFAF 2026 : 26 galeries belges et un impact \u00e9conomique non-n\u00e9gligeable | Forbes Belgique<\/title>\n<meta name=\"description\" content=\"TEFAF 2026 : 26 galeries belges \u00e0 Maastricht et un impact \u00e9conomique majeur pour les Pays-Bas et le march\u00e9 de l\u2019art.\" \/>\n<meta name=\"robots\" content=\"index, follow, max-snippet:-1, max-image-preview:large, max-video-preview:-1\" \/>\n<link rel=\"canonical\" href=\"https:\/\/www.forbes.be\/fr\/tefaf-2026-26-galeries-belge-et-un-impact-economique-non-negligeable\/\" \/>\n<meta property=\"og:locale\" content=\"fr_FR\" \/>\n<meta property=\"og:type\" content=\"article\" \/>\n<meta property=\"og:title\" content=\"TEFAF 2026 : 26 galeries belges et un impact \u00e9conomique non-n\u00e9gligeable | Forbes Belgique\" \/>\n<meta property=\"og:description\" content=\"TEFAF 2026 : 26 galeries belges \u00e0 Maastricht et un impact \u00e9conomique majeur pour les Pays-Bas et le march\u00e9 de l\u2019art.\" \/>\n<meta property=\"og:url\" content=\"https:\/\/www.forbes.be\/fr\/tefaf-2026-26-galeries-belge-et-un-impact-economique-non-negligeable\/\" \/>\n<meta property=\"og:site_name\" content=\"Forbes Belgique\" \/>\n<meta property=\"article:publisher\" content=\"https:\/\/www.facebook.com\/forbesbelgique\/\" \/>\n<meta property=\"article:published_time\" content=\"2026-03-17T09:59:05+00:00\" \/>\n<meta property=\"article:modified_time\" content=\"2026-03-17T14:40:51+00:00\" \/>\n<meta property=\"og:image\" content=\"https:\/\/www.forbes.be\/fr\/wp-content\/uploads\/2026\/03\/651606963-1397153275787211-1008945511459178267-n-e1773741524856.jpg\" \/>\n\t<meta property=\"og:image:width\" content=\"1080\" \/>\n\t<meta property=\"og:image:height\" content=\"565\" \/>\n\t<meta property=\"og:image:type\" content=\"image\/jpeg\" \/>\n<meta name=\"author\" content=\"Johan-Fr\u00e9d\u00e9rik Hel Guedj\" \/>\n<meta name=\"twitter:card\" content=\"summary_large_image\" \/>\n<meta name=\"twitter:label1\" content=\"\u00c9crit par\" \/>\n\t<meta name=\"twitter:data1\" content=\"Johan-Fr\u00e9d\u00e9rik Hel Guedj\" \/>\n\t<meta name=\"twitter:label2\" content=\"Dur\u00e9e de lecture estim\u00e9e\" \/>\n\t<meta name=\"twitter:data2\" content=\"5 minutes\" \/>\n<script type=\"application\/ld+json\" class=\"yoast-schema-graph\">{\"@context\":\"https:\\\/\\\/schema.org\",\"@graph\":[{\"@type\":\"NewsArticle\",\"@id\":\"https:\\\/\\\/www.forbes.be\\\/fr\\\/tefaf-2026-26-galeries-belge-et-un-impact-economique-non-negligeable\\\/#article\",\"isPartOf\":{\"@id\":\"https:\\\/\\\/www.forbes.be\\\/fr\\\/tefaf-2026-26-galeries-belge-et-un-impact-economique-non-negligeable\\\/\"},\"author\":{\"name\":\"Johan-Fr\u00e9d\u00e9rik Hel Guedj\",\"@id\":\"https:\\\/\\\/www.forbes.be\\\/fr\\\/#\\\/schema\\\/person\\\/ad1bb0e83419af89356b7b11a6622c80\"},\"headline\":\"TEFAF 2026 : 26 galeries belges et un impact \u00e9conomique non-n\u00e9gligeable\",\"datePublished\":\"2026-03-17T09:59:05+00:00\",\"dateModified\":\"2026-03-17T14:40:51+00:00\",\"mainEntityOfPage\":{\"@id\":\"https:\\\/\\\/www.forbes.be\\\/fr\\\/tefaf-2026-26-galeries-belge-et-un-impact-economique-non-negligeable\\\/\"},\"wordCount\":787,\"publisher\":{\"@id\":\"https:\\\/\\\/www.forbes.be\\\/fr\\\/#organization\"},\"image\":{\"@id\":\"https:\\\/\\\/www.forbes.be\\\/fr\\\/tefaf-2026-26-galeries-belge-et-un-impact-economique-non-negligeable\\\/#primaryimage\"},\"thumbnailUrl\":\"https:\\\/\\\/www.forbes.be\\\/fr\\\/wp-content\\\/uploads\\\/2026\\\/03\\\/651606963-1397153275787211-1008945511459178267-n-e1773741524856.jpg\",\"articleSection\":[\"Actualit\u00e9s\",\"Culture\",\"March\u00e9 de l'art\"],\"inLanguage\":\"fr-FR\"},{\"@type\":\"WebPage\",\"@id\":\"https:\\\/\\\/www.forbes.be\\\/fr\\\/tefaf-2026-26-galeries-belge-et-un-impact-economique-non-negligeable\\\/\",\"url\":\"https:\\\/\\\/www.forbes.be\\\/fr\\\/tefaf-2026-26-galeries-belge-et-un-impact-economique-non-negligeable\\\/\",\"name\":\"TEFAF 2026 : 26 galeries belges et un impact \u00e9conomique non-n\u00e9gligeable | Forbes Belgique\",\"isPartOf\":{\"@id\":\"https:\\\/\\\/www.forbes.be\\\/fr\\\/#website\"},\"primaryImageOfPage\":{\"@id\":\"https:\\\/\\\/www.forbes.be\\\/fr\\\/tefaf-2026-26-galeries-belge-et-un-impact-economique-non-negligeable\\\/#primaryimage\"},\"image\":{\"@id\":\"https:\\\/\\\/www.forbes.be\\\/fr\\\/tefaf-2026-26-galeries-belge-et-un-impact-economique-non-negligeable\\\/#primaryimage\"},\"thumbnailUrl\":\"https:\\\/\\\/www.forbes.be\\\/fr\\\/wp-content\\\/uploads\\\/2026\\\/03\\\/651606963-1397153275787211-1008945511459178267-n-e1773741524856.jpg\",\"datePublished\":\"2026-03-17T09:59:05+00:00\",\"dateModified\":\"2026-03-17T14:40:51+00:00\",\"description\":\"TEFAF 2026 : 26 galeries belges \u00e0 Maastricht et un impact \u00e9conomique majeur pour les Pays-Bas et le march\u00e9 de l\u2019art.\",\"breadcrumb\":{\"@id\":\"https:\\\/\\\/www.forbes.be\\\/fr\\\/tefaf-2026-26-galeries-belge-et-un-impact-economique-non-negligeable\\\/#breadcrumb\"},\"inLanguage\":\"fr-FR\",\"potentialAction\":[{\"@type\":\"ReadAction\",\"target\":[\"https:\\\/\\\/www.forbes.be\\\/fr\\\/tefaf-2026-26-galeries-belge-et-un-impact-economique-non-negligeable\\\/\"]}]},{\"@type\":\"ImageObject\",\"inLanguage\":\"fr-FR\",\"@id\":\"https:\\\/\\\/www.forbes.be\\\/fr\\\/tefaf-2026-26-galeries-belge-et-un-impact-economique-non-negligeable\\\/#primaryimage\",\"url\":\"https:\\\/\\\/www.forbes.be\\\/fr\\\/wp-content\\\/uploads\\\/2026\\\/03\\\/651606963-1397153275787211-1008945511459178267-n-e1773741524856.jpg\",\"contentUrl\":\"https:\\\/\\\/www.forbes.be\\\/fr\\\/wp-content\\\/uploads\\\/2026\\\/03\\\/651606963-1397153275787211-1008945511459178267-n-e1773741524856.jpg\",\"width\":1080,\"height\":565},{\"@type\":\"BreadcrumbList\",\"@id\":\"https:\\\/\\\/www.forbes.be\\\/fr\\\/tefaf-2026-26-galeries-belge-et-un-impact-economique-non-negligeable\\\/#breadcrumb\",\"itemListElement\":[{\"@type\":\"ListItem\",\"position\":1,\"name\":\"Accueil\",\"item\":\"https:\\\/\\\/www.forbes.be\\\/fr\\\/\"},{\"@type\":\"ListItem\",\"position\":2,\"name\":\"TEFAF 2026 : 26 galeries belges et un impact \u00e9conomique non-n\u00e9gligeable\"}]},{\"@type\":\"WebSite\",\"@id\":\"https:\\\/\\\/www.forbes.be\\\/fr\\\/#website\",\"url\":\"https:\\\/\\\/www.forbes.be\\\/fr\\\/\",\"name\":\"Forbes Belgique\",\"description\":\"\",\"publisher\":{\"@id\":\"https:\\\/\\\/www.forbes.be\\\/fr\\\/#organization\"},\"potentialAction\":[{\"@type\":\"SearchAction\",\"target\":{\"@type\":\"EntryPoint\",\"urlTemplate\":\"https:\\\/\\\/www.forbes.be\\\/fr\\\/?s={search_term_string}\"},\"query-input\":{\"@type\":\"PropertyValueSpecification\",\"valueRequired\":true,\"valueName\":\"search_term_string\"}}],\"inLanguage\":\"fr-FR\"},{\"@type\":\"Organization\",\"@id\":\"https:\\\/\\\/www.forbes.be\\\/fr\\\/#organization\",\"name\":\"Forbes Belgique\",\"url\":\"https:\\\/\\\/www.forbes.be\\\/fr\\\/\",\"logo\":{\"@type\":\"ImageObject\",\"inLanguage\":\"fr-FR\",\"@id\":\"https:\\\/\\\/www.forbes.be\\\/fr\\\/#\\\/schema\\\/logo\\\/image\\\/\",\"url\":\"https:\\\/\\\/www.forbes.be\\\/fr\\\/wp-content\\\/uploads\\\/2024\\\/02\\\/forbes.be_.png\",\"contentUrl\":\"https:\\\/\\\/www.forbes.be\\\/fr\\\/wp-content\\\/uploads\\\/2024\\\/02\\\/forbes.be_.png\",\"width\":1200,\"height\":675,\"caption\":\"Forbes Belgique\"},\"image\":{\"@id\":\"https:\\\/\\\/www.forbes.be\\\/fr\\\/#\\\/schema\\\/logo\\\/image\\\/\"},\"sameAs\":[\"https:\\\/\\\/www.facebook.com\\\/forbesbelgique\\\/\",\"https:\\\/\\\/www.instagram.com\\\/Forbes_Belgium\",\"https:\\\/\\\/www.linkedin.com\\\/company\\\/forbes-belgium\\\/\"]},{\"@type\":\"Person\",\"@id\":\"https:\\\/\\\/www.forbes.be\\\/fr\\\/#\\\/schema\\\/person\\\/ad1bb0e83419af89356b7b11a6622c80\",\"name\":\"Johan-Fr\u00e9d\u00e9rik Hel Guedj\",\"image\":{\"@type\":\"ImageObject\",\"inLanguage\":\"fr-FR\",\"@id\":\"https:\\\/\\\/secure.gravatar.com\\\/avatar\\\/65333543693434f2cc9fdefb3173b162df98712d00606b00b3d43914f79a1598?s=96&d=mm&r=g\",\"url\":\"https:\\\/\\\/secure.gravatar.com\\\/avatar\\\/65333543693434f2cc9fdefb3173b162df98712d00606b00b3d43914f79a1598?s=96&d=mm&r=g\",\"contentUrl\":\"https:\\\/\\\/secure.gravatar.com\\\/avatar\\\/65333543693434f2cc9fdefb3173b162df98712d00606b00b3d43914f79a1598?s=96&d=mm&r=g\",\"caption\":\"Johan-Fr\u00e9d\u00e9rik Hel Guedj\"},\"description\":\"Johan-Frederik Hel Guedj est journaliste et auteur fran\u00e7ais. R\u00e9dacteur en chef pendant 7 ans de la revue Pouvoirs Locaux, consacr\u00e9e aux politiques culturelles, il a publi\u00e9 huit ouvrages chez des \u00e9diteurs fran\u00e7ais et belges, dont deux romans, un essai consacr\u00e9 \u00e0 Orson Welles, et quatre livres d\u2019art. En plus de Forbes, il collabore \u00e0 L\u2019Echo et au Quotidien de l\u2019Art (Paris).\",\"url\":\"https:\\\/\\\/www.forbes.be\\\/fr\\\/author\\\/johan-frederik-hel-guedj\\\/\"}]}<\/script>\n<!-- \/ Yoast SEO plugin. -->","yoast_head_json":{"title":"TEFAF 2026 : 26 galeries belges et un impact \u00e9conomique non-n\u00e9gligeable | Forbes Belgique","description":"TEFAF 2026 : 26 galeries belges \u00e0 Maastricht et un impact \u00e9conomique majeur pour les Pays-Bas et le march\u00e9 de l\u2019art.","robots":{"index":"index","follow":"follow","max-snippet":"max-snippet:-1","max-image-preview":"max-image-preview:large","max-video-preview":"max-video-preview:-1"},"canonical":"https:\/\/www.forbes.be\/fr\/tefaf-2026-26-galeries-belge-et-un-impact-economique-non-negligeable\/","og_locale":"fr_FR","og_type":"article","og_title":"TEFAF 2026 : 26 galeries belges et un impact \u00e9conomique non-n\u00e9gligeable | Forbes Belgique","og_description":"TEFAF 2026 : 26 galeries belges \u00e0 Maastricht et un impact \u00e9conomique majeur pour les Pays-Bas et le march\u00e9 de l\u2019art.","og_url":"https:\/\/www.forbes.be\/fr\/tefaf-2026-26-galeries-belge-et-un-impact-economique-non-negligeable\/","og_site_name":"Forbes Belgique","article_publisher":"https:\/\/www.facebook.com\/forbesbelgique\/","article_published_time":"2026-03-17T09:59:05+00:00","article_modified_time":"2026-03-17T14:40:51+00:00","og_image":[{"width":1080,"height":565,"url":"https:\/\/www.forbes.be\/fr\/wp-content\/uploads\/2026\/03\/651606963-1397153275787211-1008945511459178267-n-e1773741524856.jpg","type":"image\/jpeg"}],"author":"Johan-Fr\u00e9d\u00e9rik Hel Guedj","twitter_card":"summary_large_image","twitter_misc":{"\u00c9crit par":"Johan-Fr\u00e9d\u00e9rik Hel Guedj","Dur\u00e9e de lecture estim\u00e9e":"5 minutes"},"schema":{"@context":"https:\/\/schema.org","@graph":[{"@type":"NewsArticle","@id":"https:\/\/www.forbes.be\/fr\/tefaf-2026-26-galeries-belge-et-un-impact-economique-non-negligeable\/#article","isPartOf":{"@id":"https:\/\/www.forbes.be\/fr\/tefaf-2026-26-galeries-belge-et-un-impact-economique-non-negligeable\/"},"author":{"name":"Johan-Fr\u00e9d\u00e9rik Hel Guedj","@id":"https:\/\/www.forbes.be\/fr\/#\/schema\/person\/ad1bb0e83419af89356b7b11a6622c80"},"headline":"TEFAF 2026 : 26 galeries belges et un impact \u00e9conomique non-n\u00e9gligeable","datePublished":"2026-03-17T09:59:05+00:00","dateModified":"2026-03-17T14:40:51+00:00","mainEntityOfPage":{"@id":"https:\/\/www.forbes.be\/fr\/tefaf-2026-26-galeries-belge-et-un-impact-economique-non-negligeable\/"},"wordCount":787,"publisher":{"@id":"https:\/\/www.forbes.be\/fr\/#organization"},"image":{"@id":"https:\/\/www.forbes.be\/fr\/tefaf-2026-26-galeries-belge-et-un-impact-economique-non-negligeable\/#primaryimage"},"thumbnailUrl":"https:\/\/www.forbes.be\/fr\/wp-content\/uploads\/2026\/03\/651606963-1397153275787211-1008945511459178267-n-e1773741524856.jpg","articleSection":["Actualit\u00e9s","Culture","March\u00e9 de l'art"],"inLanguage":"fr-FR"},{"@type":"WebPage","@id":"https:\/\/www.forbes.be\/fr\/tefaf-2026-26-galeries-belge-et-un-impact-economique-non-negligeable\/","url":"https:\/\/www.forbes.be\/fr\/tefaf-2026-26-galeries-belge-et-un-impact-economique-non-negligeable\/","name":"TEFAF 2026 : 26 galeries belges et un impact \u00e9conomique non-n\u00e9gligeable | Forbes Belgique","isPartOf":{"@id":"https:\/\/www.forbes.be\/fr\/#website"},"primaryImageOfPage":{"@id":"https:\/\/www.forbes.be\/fr\/tefaf-2026-26-galeries-belge-et-un-impact-economique-non-negligeable\/#primaryimage"},"image":{"@id":"https:\/\/www.forbes.be\/fr\/tefaf-2026-26-galeries-belge-et-un-impact-economique-non-negligeable\/#primaryimage"},"thumbnailUrl":"https:\/\/www.forbes.be\/fr\/wp-content\/uploads\/2026\/03\/651606963-1397153275787211-1008945511459178267-n-e1773741524856.jpg","datePublished":"2026-03-17T09:59:05+00:00","dateModified":"2026-03-17T14:40:51+00:00","description":"TEFAF 2026 : 26 galeries belges \u00e0 Maastricht et un impact \u00e9conomique majeur pour les Pays-Bas et le march\u00e9 de l\u2019art.","breadcrumb":{"@id":"https:\/\/www.forbes.be\/fr\/tefaf-2026-26-galeries-belge-et-un-impact-economique-non-negligeable\/#breadcrumb"},"inLanguage":"fr-FR","potentialAction":[{"@type":"ReadAction","target":["https:\/\/www.forbes.be\/fr\/tefaf-2026-26-galeries-belge-et-un-impact-economique-non-negligeable\/"]}]},{"@type":"ImageObject","inLanguage":"fr-FR","@id":"https:\/\/www.forbes.be\/fr\/tefaf-2026-26-galeries-belge-et-un-impact-economique-non-negligeable\/#primaryimage","url":"https:\/\/www.forbes.be\/fr\/wp-content\/uploads\/2026\/03\/651606963-1397153275787211-1008945511459178267-n-e1773741524856.jpg","contentUrl":"https:\/\/www.forbes.be\/fr\/wp-content\/uploads\/2026\/03\/651606963-1397153275787211-1008945511459178267-n-e1773741524856.jpg","width":1080,"height":565},{"@type":"BreadcrumbList","@id":"https:\/\/www.forbes.be\/fr\/tefaf-2026-26-galeries-belge-et-un-impact-economique-non-negligeable\/#breadcrumb","itemListElement":[{"@type":"ListItem","position":1,"name":"Accueil","item":"https:\/\/www.forbes.be\/fr\/"},{"@type":"ListItem","position":2,"name":"TEFAF 2026 : 26 galeries belges et un impact \u00e9conomique non-n\u00e9gligeable"}]},{"@type":"WebSite","@id":"https:\/\/www.forbes.be\/fr\/#website","url":"https:\/\/www.forbes.be\/fr\/","name":"Forbes Belgique","description":"","publisher":{"@id":"https:\/\/www.forbes.be\/fr\/#organization"},"potentialAction":[{"@type":"SearchAction","target":{"@type":"EntryPoint","urlTemplate":"https:\/\/www.forbes.be\/fr\/?s={search_term_string}"},"query-input":{"@type":"PropertyValueSpecification","valueRequired":true,"valueName":"search_term_string"}}],"inLanguage":"fr-FR"},{"@type":"Organization","@id":"https:\/\/www.forbes.be\/fr\/#organization","name":"Forbes Belgique","url":"https:\/\/www.forbes.be\/fr\/","logo":{"@type":"ImageObject","inLanguage":"fr-FR","@id":"https:\/\/www.forbes.be\/fr\/#\/schema\/logo\/image\/","url":"https:\/\/www.forbes.be\/fr\/wp-content\/uploads\/2024\/02\/forbes.be_.png","contentUrl":"https:\/\/www.forbes.be\/fr\/wp-content\/uploads\/2024\/02\/forbes.be_.png","width":1200,"height":675,"caption":"Forbes Belgique"},"image":{"@id":"https:\/\/www.forbes.be\/fr\/#\/schema\/logo\/image\/"},"sameAs":["https:\/\/www.facebook.com\/forbesbelgique\/","https:\/\/www.instagram.com\/Forbes_Belgium","https:\/\/www.linkedin.com\/company\/forbes-belgium\/"]},{"@type":"Person","@id":"https:\/\/www.forbes.be\/fr\/#\/schema\/person\/ad1bb0e83419af89356b7b11a6622c80","name":"Johan-Fr\u00e9d\u00e9rik Hel Guedj","image":{"@type":"ImageObject","inLanguage":"fr-FR","@id":"https:\/\/secure.gravatar.com\/avatar\/65333543693434f2cc9fdefb3173b162df98712d00606b00b3d43914f79a1598?s=96&d=mm&r=g","url":"https:\/\/secure.gravatar.com\/avatar\/65333543693434f2cc9fdefb3173b162df98712d00606b00b3d43914f79a1598?s=96&d=mm&r=g","contentUrl":"https:\/\/secure.gravatar.com\/avatar\/65333543693434f2cc9fdefb3173b162df98712d00606b00b3d43914f79a1598?s=96&d=mm&r=g","caption":"Johan-Fr\u00e9d\u00e9rik Hel Guedj"},"description":"Johan-Frederik Hel Guedj est journaliste et auteur fran\u00e7ais. R\u00e9dacteur en chef pendant 7 ans de la revue Pouvoirs Locaux, consacr\u00e9e aux politiques culturelles, il a publi\u00e9 huit ouvrages chez des \u00e9diteurs fran\u00e7ais et belges, dont deux romans, un essai consacr\u00e9 \u00e0 Orson Welles, et quatre livres d\u2019art. En plus de Forbes, il collabore \u00e0 L\u2019Echo et au Quotidien de l\u2019Art (Paris).","url":"https:\/\/www.forbes.be\/fr\/author\/johan-frederik-hel-guedj\/"}]}},"_links":{"self":[{"href":"https:\/\/www.forbes.be\/fr\/wp-json\/wp\/v2\/posts\/16041","targetHints":{"allow":["GET"]}}],"collection":[{"href":"https:\/\/www.forbes.be\/fr\/wp-json\/wp\/v2\/posts"}],"about":[{"href":"https:\/\/www.forbes.be\/fr\/wp-json\/wp\/v2\/types\/post"}],"author":[{"embeddable":true,"href":"https:\/\/www.forbes.be\/fr\/wp-json\/wp\/v2\/users\/27"}],"replies":[{"embeddable":true,"href":"https:\/\/www.forbes.be\/fr\/wp-json\/wp\/v2\/comments?post=16041"}],"version-history":[{"count":5,"href":"https:\/\/www.forbes.be\/fr\/wp-json\/wp\/v2\/posts\/16041\/revisions"}],"predecessor-version":[{"id":16062,"href":"https:\/\/www.forbes.be\/fr\/wp-json\/wp\/v2\/posts\/16041\/revisions\/16062"}],"wp:featuredmedia":[{"embeddable":true,"href":"https:\/\/www.forbes.be\/fr\/wp-json\/wp\/v2\/media\/16042"}],"wp:attachment":[{"href":"https:\/\/www.forbes.be\/fr\/wp-json\/wp\/v2\/media?parent=16041"}],"wp:term":[{"taxonomy":"category","embeddable":true,"href":"https:\/\/www.forbes.be\/fr\/wp-json\/wp\/v2\/categories?post=16041"},{"taxonomy":"post_tag","embeddable":true,"href":"https:\/\/www.forbes.be\/fr\/wp-json\/wp\/v2\/tags?post=16041"}],"curies":[{"name":"wp","href":"https:\/\/api.w.org\/{rel}","templated":true}]}}