{"id":16046,"date":"2026-03-17T06:37:15","date_gmt":"2026-03-17T05:37:15","guid":{"rendered":"https:\/\/www.forbes.be\/fr\/?p=16046"},"modified":"2026-03-23T14:49:41","modified_gmt":"2026-03-23T13:49:41","slug":"maison-sisley-ouvre-au-luxembourg-la-marque-familiale-poursuit-son-deploiement-discret-dans-le-benelux","status":"publish","type":"post","link":"https:\/\/www.forbes.be\/fr\/maison-sisley-ouvre-au-luxembourg-la-marque-familiale-poursuit-son-deploiement-discret-dans-le-benelux\/","title":{"rendered":"Maison Sisley ouvre au Luxembourg : la marque familiale poursuit son d\u00e9ploiement discret dans le Benelux"},"content":{"rendered":"<p><strong>La maison de cosm\u00e9tiques fran\u00e7aise Sisley inaugure, le 1er mars 2026, une nouvelle boutique-institut au c\u0153ur de Luxembourg-Ville. Derni\u00e8re implantation en date apr\u00e8s Bruxelles, Anvers et Amsterdam, cette adresse de 215 m\u00b2 confirme une strat\u00e9gie d&rsquo;expansion m\u00e9thodique dans le Benelux, o\u00f9 la marque familiale mise sur l&rsquo;exp\u00e9rience client haut de gamme pour consolider son positionnement premium.<\/strong><\/p>\n<p>C&rsquo;est au 20, rue de la Poste (L-2346), \u00e0 quelques pas de la Place d&rsquo;Armes, que <strong>Sisley<\/strong> a choisi d&rsquo;installer sa nouvelle Maison au <strong>Luxembourg<\/strong>. Le lieu, situ\u00e9 dans l&rsquo;un des quartiers les plus fr\u00e9quent\u00e9s du centre historique de la <strong>capitale grand-ducale<\/strong>, occupe 215 m\u00b2 et reprend le concept d\u00e9velopp\u00e9 par la marque depuis 2017 : un espace hybride entre boutique, institut de soins et salon de conseil personnalis\u00e9.<\/p>\n<figure id=\"attachment_16052\" aria-describedby=\"caption-attachment-16052\" style=\"width: 2560px\" class=\"wp-caption alignnone\"><img loading=\"lazy\" decoding=\"async\" class=\"size-full wp-image-16052\" src=\"https:\/\/www.forbes.be\/fr\/wp-content\/uploads\/2026\/03\/miv-3347-r-scaled.jpg\" alt=\"\" width=\"2560\" height=\"1781\" srcset=\"https:\/\/www.forbes.be\/fr\/wp-content\/uploads\/2026\/03\/miv-3347-r-scaled.jpg 2560w, https:\/\/www.forbes.be\/fr\/wp-content\/uploads\/2026\/03\/miv-3347-r-300x209.jpg 300w, https:\/\/www.forbes.be\/fr\/wp-content\/uploads\/2026\/03\/miv-3347-r-1024x712.jpg 1024w, https:\/\/www.forbes.be\/fr\/wp-content\/uploads\/2026\/03\/miv-3347-r-768x534.jpg 768w, https:\/\/www.forbes.be\/fr\/wp-content\/uploads\/2026\/03\/miv-3347-r-1536x1068.jpg 1536w, https:\/\/www.forbes.be\/fr\/wp-content\/uploads\/2026\/03\/miv-3347-r-2048x1425.jpg 2048w, https:\/\/www.forbes.be\/fr\/wp-content\/uploads\/2026\/03\/miv-3347-r-696x484.jpg 696w, https:\/\/www.forbes.be\/fr\/wp-content\/uploads\/2026\/03\/miv-3347-r-1068x743.jpg 1068w, https:\/\/www.forbes.be\/fr\/wp-content\/uploads\/2026\/03\/miv-3347-r-1920x1336.jpg 1920w, https:\/\/www.forbes.be\/fr\/wp-content\/uploads\/2026\/03\/miv-3347-r-600x417.jpg 600w\" sizes=\"auto, (max-width: 2560px) 100vw, 2560px\" \/><figcaption id=\"caption-attachment-16052\" class=\"wp-caption-text\">\u00a9 Michel Verpoorten<\/figcaption><\/figure>\n<p>L&rsquo;ouverture, initialement \u00e9voqu\u00e9e pour d\u00e9cembre 2025 dans le communiqu\u00e9 officiel de la marque, a finalement \u00e9t\u00e9 fix\u00e9e au 1er mars 2026. Ce l\u00e9ger d\u00e9calage calendaire, non comment\u00e9 par <strong>Sisley<\/strong>, n&rsquo;alt\u00e8re pas la logique d&rsquo;ensemble d&rsquo;un d\u00e9ploiement r\u00e9gional que la maison conduit \u00e0 son propre rythme depuis cinq ans.<\/p>\n<h2>Quatre univers sous un m\u00eame toit<\/h2>\n<p>Fid\u00e8le au mod\u00e8le \u00e9prouv\u00e9 dans les autres Maisons, l&rsquo;espace luxembourgeois s&rsquo;articule autour de quatre p\u00f4les. D\u00e8s l&rsquo;entr\u00e9e, les collections de soins sont pr\u00e9sent\u00e9es sur une console, tandis que le maquillage et les deux bars parfums occupent le c\u00f4t\u00e9 gauche. Trois cabines sont d\u00e9di\u00e9es aux rituels de soins visage et corps, compl\u00e9t\u00e9es par une quatri\u00e8me cabine enti\u00e8rement consacr\u00e9e aux protocoles capillaires <strong>Hair Rituel by Sisley<\/strong>.<\/p>\n<p>La Maison int\u00e8gre \u00e9galement les technologies <em>Jet Peel<\/em> et LED, d\u00e9j\u00e0 pr\u00e9sentes dans d&rsquo;autres implantations du r\u00e9seau. La premi\u00e8re permet un nettoyage en profondeur de la peau, la seconde cible des probl\u00e9matiques sp\u00e9cifiques au moyen de huit longueurs d&rsquo;onde distinctes. Ces dispositifs, pr\u00e9sent\u00e9s comme non invasifs, peuvent \u00eatre combin\u00e9s dans le cadre d&rsquo;un protocole de soin nettoyant.<\/p>\n<figure id=\"attachment_16050\" aria-describedby=\"caption-attachment-16050\" style=\"width: 2560px\" class=\"wp-caption alignnone\"><img loading=\"lazy\" decoding=\"async\" class=\"size-full wp-image-16050\" src=\"https:\/\/www.forbes.be\/fr\/wp-content\/uploads\/2026\/03\/miv-3055-r-scaled.jpg\" alt=\"\" width=\"2560\" height=\"1625\" srcset=\"https:\/\/www.forbes.be\/fr\/wp-content\/uploads\/2026\/03\/miv-3055-r-scaled.jpg 2560w, https:\/\/www.forbes.be\/fr\/wp-content\/uploads\/2026\/03\/miv-3055-r-300x190.jpg 300w, https:\/\/www.forbes.be\/fr\/wp-content\/uploads\/2026\/03\/miv-3055-r-1024x650.jpg 1024w, https:\/\/www.forbes.be\/fr\/wp-content\/uploads\/2026\/03\/miv-3055-r-768x487.jpg 768w, https:\/\/www.forbes.be\/fr\/wp-content\/uploads\/2026\/03\/miv-3055-r-1536x975.jpg 1536w, https:\/\/www.forbes.be\/fr\/wp-content\/uploads\/2026\/03\/miv-3055-r-2048x1300.jpg 2048w, https:\/\/www.forbes.be\/fr\/wp-content\/uploads\/2026\/03\/miv-3055-r-696x442.jpg 696w, https:\/\/www.forbes.be\/fr\/wp-content\/uploads\/2026\/03\/miv-3055-r-1068x678.jpg 1068w, https:\/\/www.forbes.be\/fr\/wp-content\/uploads\/2026\/03\/miv-3055-r-1920x1219.jpg 1920w, https:\/\/www.forbes.be\/fr\/wp-content\/uploads\/2026\/03\/miv-3055-r-600x381.jpg 600w\" sizes=\"auto, (max-width: 2560px) 100vw, 2560px\" \/><figcaption id=\"caption-attachment-16050\" class=\"wp-caption-text\">\u00a9 Michel Verpoorten<\/figcaption><\/figure>\n<p>Au centre de la boutique, une grande table en bois est destin\u00e9e \u00e0 accueillir masterclasses et \u00e9v\u00e9nements priv\u00e9s, un format que Sisley utilise pour animer ses points de vente et fid\u00e9liser sa client\u00e8le.<\/p>\n<h2>Un d\u00e9cor pens\u00e9 comme une signature familiale<\/h2>\n<p>Comme dans chacune de ses Maisons, <strong>Sisley<\/strong> confie la direction artistique de l&rsquo;espace \u00e0 la <strong>famille d&rsquo;Ornano<\/strong>, cofondatrice de la marque.<strong> Isabelle<\/strong> et<strong> Christine d&rsquo;Ornano<\/strong> ont personnellement s\u00e9lectionn\u00e9 mobilier, couleurs et \u00e9l\u00e9ments d\u00e9coratifs. L&rsquo;entr\u00e9e est marqu\u00e9e par un grand abat-jour peint \u00e0 la main par l&rsquo;<strong>artiste polonaise Elzbieta Radziwill<\/strong>, tandis que des sculptures de feuilles de ginkgo dor\u00e9es dessinent le \u00ab\u00a0S\u00a0\u00bb de la marque.<\/p>\n<p>Les cabines de soins sont habill\u00e9es d&rsquo;un papier peint dit \u00ab\u00a0Cellules\u00a0\u00bb, inspir\u00e9 d&rsquo;un dessin du <strong>d\u00e9corateur fran\u00e7ais Jacques-\u00c9mile Ruhlmann<\/strong> et imprim\u00e9 artisanalement \u00e0 l&rsquo;<strong>Atelier d&rsquo;Offard<\/strong>, \u00e0 Tours. Le salon, con\u00e7u comme un lieu de r\u00e9ception, m\u00eale papier peint botanique, mobilier color\u00e9 et une photographie de l&rsquo;<strong>artiste allemand Elger Esser<\/strong>, dans ce que la marque qualifie de d\u00e9cor \u00ab\u00a0\u00e9clectique cosy\u00a0\u00bb. Un canap\u00e9 en jacquard de velours orn\u00e9 de motifs de tigres compl\u00e8te l&rsquo;ensemble.<\/p>\n<figure id=\"attachment_16049\" aria-describedby=\"caption-attachment-16049\" style=\"width: 2525px\" class=\"wp-caption alignnone\"><img loading=\"lazy\" decoding=\"async\" class=\"size-full wp-image-16049\" src=\"https:\/\/www.forbes.be\/fr\/wp-content\/uploads\/2026\/03\/miv-3019-r-scaled.jpg\" alt=\"\" width=\"2525\" height=\"2560\" srcset=\"https:\/\/www.forbes.be\/fr\/wp-content\/uploads\/2026\/03\/miv-3019-r-scaled.jpg 2525w, https:\/\/www.forbes.be\/fr\/wp-content\/uploads\/2026\/03\/miv-3019-r-296x300.jpg 296w, https:\/\/www.forbes.be\/fr\/wp-content\/uploads\/2026\/03\/miv-3019-r-1010x1024.jpg 1010w, https:\/\/www.forbes.be\/fr\/wp-content\/uploads\/2026\/03\/miv-3019-r-768x779.jpg 768w, https:\/\/www.forbes.be\/fr\/wp-content\/uploads\/2026\/03\/miv-3019-r-1515x1536.jpg 1515w, https:\/\/www.forbes.be\/fr\/wp-content\/uploads\/2026\/03\/miv-3019-r-2020x2048.jpg 2020w, https:\/\/www.forbes.be\/fr\/wp-content\/uploads\/2026\/03\/miv-3019-r-696x706.jpg 696w, https:\/\/www.forbes.be\/fr\/wp-content\/uploads\/2026\/03\/miv-3019-r-1068x1083.jpg 1068w, https:\/\/www.forbes.be\/fr\/wp-content\/uploads\/2026\/03\/miv-3019-r-1920x1947.jpg 1920w, https:\/\/www.forbes.be\/fr\/wp-content\/uploads\/2026\/03\/miv-3019-r-600x608.jpg 600w, https:\/\/www.forbes.be\/fr\/wp-content\/uploads\/2026\/03\/miv-3019-r-100x100.jpg 100w\" sizes=\"auto, (max-width: 2525px) 100vw, 2525px\" \/><figcaption id=\"caption-attachment-16049\" class=\"wp-caption-text\">\u00a9 Michel Verpoorten<\/figcaption><\/figure>\n<p>Cette approche d\u00e9corative, syst\u00e9matiquement mise en avant par <strong>Sisley<\/strong> dans sa communication, participe d&rsquo;un positionnement qui veut distinguer les Maisons des instituts de beaut\u00e9 classiques. Elle contribue aussi \u00e0 ancrer le r\u00e9cit familial au c\u0153ur de l&rsquo;exp\u00e9rience de marque.<\/p>\n<h2>Le Benelux, terrain d&rsquo;expansion prioritaire<\/h2>\n<p>L&rsquo;ouverture luxembourgeoise s&rsquo;inscrit dans une s\u00e9quence lisible. En 2021, <strong>Sisley<\/strong> teste d&rsquo;abord le march\u00e9 belge du bien-\u00eatre premium en installant un spa au sein de l&rsquo;h\u00f4tel La R\u00e9serve \u00e0 Knokke. En octobre 2022, la marque inaugure sa premi\u00e8re Maison en propre \u00e0 Bruxelles, rue Jean Stas \u00e0 Ixelles, sur 220 m\u00b2. Moins d&rsquo;un an plus tard, une deuxi\u00e8me Maison ouvre \u00e0 Anvers, dans la Schuttershofstraat, avec une surface nettement plus importante de 460 m\u00b2. En octobre 2025, Sisley franchit une \u00e9tape suppl\u00e9mentaire avec l&rsquo;ouverture de la Maison Sisley Amsterdam, au 13 Van Baerlestraat (PC Hooftstraat), \u00e0 proximit\u00e9 du Vondelpark et du quartier des mus\u00e9es. Sur 78 m\u00b2, cet espace plus intimiste propose une exp\u00e9rience de beaut\u00e9 personnalis\u00e9e dans un cadre \u00e9l\u00e9gant.<\/p>\n<p>Le passage au Luxembourg constitue donc <strong>la quatri\u00e8me Maison en propre dans la zone Benelux,<\/strong> coh\u00e9rent avec ce que le document strat\u00e9gique de la marque d\u00e9crit comme une \u00abexpansion mondiale continue\u00bb. La filiale Sisley Belgique SRL, cr\u00e9\u00e9e en 2011 et bas\u00e9e \u00e0 Bruxelles, pilote l&rsquo;ensemble du p\u00e9rim\u00e8tre Belux, sous la direction retail de Nathalie Monsieur.<\/p>\n<p>En parall\u00e8le, Sisley maintient un r\u00e9seau de distribution s\u00e9lective \u00e9tendu, <strong>via des enseignes telles qu&rsquo;ICI Paris XL, April, Douglas et Sephora, ainsi qu&rsquo;en parfumeries ind\u00e9pendantes, en pharmacies et en e-commerce.<\/strong> Cette double approche lui permet de conjuguer capillarit\u00e9 commerciale et exclusivit\u00e9 exp\u00e9rientielle. L&rsquo;\u00e9quilibre entre ces deux canaux reste toutefois un enjeu : trop de pr\u00e9sence en grande distribution s\u00e9lective pourrait, \u00e0 terme, diluer le positionnement premium que les Maisons sont pr\u00e9cis\u00e9ment cens\u00e9es incarner.<\/p>\n<figure id=\"attachment_16051\" aria-describedby=\"caption-attachment-16051\" style=\"width: 2560px\" class=\"wp-caption alignnone\"><img loading=\"lazy\" decoding=\"async\" class=\"size-full wp-image-16051\" src=\"https:\/\/www.forbes.be\/fr\/wp-content\/uploads\/2026\/03\/miv-3109-r-v2-scaled.jpg\" alt=\"\" width=\"2560\" height=\"1715\" srcset=\"https:\/\/www.forbes.be\/fr\/wp-content\/uploads\/2026\/03\/miv-3109-r-v2-scaled.jpg 2560w, https:\/\/www.forbes.be\/fr\/wp-content\/uploads\/2026\/03\/miv-3109-r-v2-300x201.jpg 300w, https:\/\/www.forbes.be\/fr\/wp-content\/uploads\/2026\/03\/miv-3109-r-v2-1024x686.jpg 1024w, https:\/\/www.forbes.be\/fr\/wp-content\/uploads\/2026\/03\/miv-3109-r-v2-768x514.jpg 768w, https:\/\/www.forbes.be\/fr\/wp-content\/uploads\/2026\/03\/miv-3109-r-v2-1536x1029.jpg 1536w, https:\/\/www.forbes.be\/fr\/wp-content\/uploads\/2026\/03\/miv-3109-r-v2-2048x1372.jpg 2048w, https:\/\/www.forbes.be\/fr\/wp-content\/uploads\/2026\/03\/miv-3109-r-v2-696x466.jpg 696w, https:\/\/www.forbes.be\/fr\/wp-content\/uploads\/2026\/03\/miv-3109-r-v2-1068x715.jpg 1068w, https:\/\/www.forbes.be\/fr\/wp-content\/uploads\/2026\/03\/miv-3109-r-v2-1920x1286.jpg 1920w, https:\/\/www.forbes.be\/fr\/wp-content\/uploads\/2026\/03\/miv-3109-r-v2-600x402.jpg 600w\" sizes=\"auto, (max-width: 2560px) 100vw, 2560px\" \/><figcaption id=\"caption-attachment-16051\" class=\"wp-caption-text\">\u00a9 Michel Verpoorten<\/figcaption><\/figure>\n<h2>Un mod\u00e8le familial \u00e0 l&rsquo;\u00e9preuve du march\u00e9<\/h2>\n<p>Fond\u00e9e en 1976 par <strong>Hubert<\/strong> et I<strong>sabelle d&rsquo;Ornano<\/strong>, <strong>Sisley<\/strong> demeure l&rsquo;une des rares grandes maisons de cosm\u00e9tiques fran\u00e7aises \u00e0 <strong>actionnariat int\u00e9gralement familial<\/strong>. Dirig\u00e9e aujourd&rsquo;hui par la troisi\u00e8me g\u00e9n\u00e9ration, avec <strong>Philippe d&rsquo;Ornano<\/strong> \u00e0 la pr\u00e9sidence et <strong>Christine d&rsquo;Ornano<\/strong> \u00e0 ses c\u00f4t\u00e9s, l&rsquo;entreprise revendique un chiffre d&rsquo;affaires avoisinant 900 millions d&rsquo;euros, r\u00e9alis\u00e9 \u00e0 plus de 90 % \u00e0 l&rsquo;export, dans plus de 90 pays.<\/p>\n<p>Ce mod\u00e8le, fond\u00e9 sur la croissance ma\u00eetris\u00e9e et la production quasi int\u00e9gralement fran\u00e7aise (\u00e0 Blois, avec un investissement de 130 millions d&rsquo;euros en cours pour un nouveau site \u00e0 Vend\u00f4me), n&rsquo;est pas sans fragilit\u00e9s. <strong>Sisley<\/strong> a reconnu, en 2024, une premi\u00e8re ann\u00e9e de l\u00e9g\u00e8re d\u00e9croissance en Chine, march\u00e9 qui repr\u00e9sente la moiti\u00e9 de son chiffre d&rsquo;affaires asiatique. La force de l&rsquo;euro p\u00e8se \u00e9galement sur les marges \u00e0 l&rsquo;export.<\/p>\n<p>Dans ce contexte, la consolidation de positions en Europe occidentale, sur des march\u00e9s stables et \u00e0 client\u00e8le premium comme la Belgique et le Luxembourg, appara\u00eet aussi comme un levier de diversification g\u00e9ographique. Reste \u00e0 voir si le concept Maison, aussi soign\u00e9 soit-il, suffira \u00e0 transformer durablement des acheteurs occasionnels en clients fid\u00e9lis\u00e9s, dans un segment du luxe o\u00f9 la concurrence exp\u00e9rientielle s&rsquo;intensifie.<\/p>\n","protected":false},"excerpt":{"rendered":"<p>La maison de cosm\u00e9tiques fran\u00e7aise Sisley inaugure, le 1er mars 2026, une nouvelle boutique-institut au c\u0153ur de Luxembourg-Ville. Derni\u00e8re implantation en date apr\u00e8s Bruxelles, Anvers et Amsterdam, cette adresse de 215 m\u00b2 confirme une strat\u00e9gie d&rsquo;expansion m\u00e9thodique dans le Benelux, o\u00f9 la marque familiale mise sur l&rsquo;exp\u00e9rience client haut de gamme pour consolider son positionnement [&hellip;]<\/p>\n","protected":false},"author":63,"featured_media":16048,"comment_status":"closed","ping_status":"closed","sticky":false,"template":"","format":"standard","meta":{"_acf_changed":false,"inline_featured_image":false,"footnotes":""},"categories":[1,30,75,60,18],"tags":[],"class_list":{"0":"post-16046","1":"post","2":"type-post","3":"status-publish","4":"format-standard","5":"has-post-thumbnail","7":"category-actualite","8":"category-commerce","9":"category-entreprise","10":"category-lifestyle","11":"category-luxe"},"acf":[],"_yoast_wpseo_title":null,"_yoast_wpseo_metadesc":"Sisley inaugure sa Maison au Luxembourg le 1er mars 2026. Sur 215 m\u00b2, rue de la Poste, la marque fran\u00e7aise de cosm\u00e9tiques de luxe d\u00e9ploie soins, maquillage et Hair Rituel dans le centre historique de Luxembourg-Ville.","auteur_traducteur":"","yoast_head":"<!-- This site is optimized with the Yoast SEO plugin v27.4 - https:\/\/yoast.com\/product\/yoast-seo-wordpress\/ -->\n<title>Maison Sisley ouvre au Luxembourg : la marque familiale poursuit son d\u00e9ploiement discret dans le Benelux | Forbes Belgique<\/title>\n<meta name=\"description\" content=\"Sisley inaugure sa Maison au Luxembourg le 1er mars 2026. Sur 215 m\u00b2, rue de la Poste, la marque fran\u00e7aise de cosm\u00e9tiques de luxe d\u00e9ploie soins, maquillage et Hair Rituel dans le centre historique de Luxembourg-Ville.\" \/>\n<meta name=\"robots\" content=\"index, follow, max-snippet:-1, max-image-preview:large, max-video-preview:-1\" \/>\n<link rel=\"canonical\" href=\"https:\/\/www.forbes.be\/fr\/maison-sisley-ouvre-au-luxembourg-la-marque-familiale-poursuit-son-deploiement-discret-dans-le-benelux\/\" \/>\n<meta property=\"og:locale\" content=\"fr_FR\" \/>\n<meta property=\"og:type\" content=\"article\" \/>\n<meta property=\"og:title\" content=\"Maison Sisley ouvre au Luxembourg : la marque familiale poursuit son d\u00e9ploiement discret dans le Benelux | Forbes Belgique\" \/>\n<meta property=\"og:description\" content=\"Sisley inaugure sa Maison au Luxembourg le 1er mars 2026. Sur 215 m\u00b2, rue de la Poste, la marque fran\u00e7aise de cosm\u00e9tiques de luxe d\u00e9ploie soins, maquillage et Hair Rituel dans le centre historique de Luxembourg-Ville.\" \/>\n<meta property=\"og:url\" content=\"https:\/\/www.forbes.be\/fr\/maison-sisley-ouvre-au-luxembourg-la-marque-familiale-poursuit-son-deploiement-discret-dans-le-benelux\/\" \/>\n<meta property=\"og:site_name\" content=\"Forbes Belgique\" \/>\n<meta property=\"article:publisher\" content=\"https:\/\/www.facebook.com\/forbesbelgique\/\" \/>\n<meta property=\"article:published_time\" content=\"2026-03-17T05:37:15+00:00\" \/>\n<meta property=\"article:modified_time\" content=\"2026-03-23T13:49:41+00:00\" \/>\n<meta property=\"og:image\" content=\"https:\/\/www.forbes.be\/fr\/wp-content\/uploads\/2026\/03\/miv-2990-r-scaled-e1773744077548.jpg\" \/>\n\t<meta property=\"og:image:width\" content=\"2556\" \/>\n\t<meta property=\"og:image:height\" content=\"1340\" \/>\n\t<meta property=\"og:image:type\" content=\"image\/jpeg\" \/>\n<meta name=\"author\" content=\"Jacques Boulogne\" \/>\n<meta name=\"twitter:card\" content=\"summary_large_image\" \/>\n<meta name=\"twitter:label1\" content=\"\u00c9crit par\" \/>\n\t<meta name=\"twitter:data1\" content=\"Jacques Boulogne\" \/>\n\t<meta name=\"twitter:label2\" content=\"Dur\u00e9e de lecture estim\u00e9e\" \/>\n\t<meta name=\"twitter:data2\" content=\"7 minutes\" \/>\n<script type=\"application\/ld+json\" class=\"yoast-schema-graph\">{\"@context\":\"https:\\\/\\\/schema.org\",\"@graph\":[{\"@type\":\"NewsArticle\",\"@id\":\"https:\\\/\\\/www.forbes.be\\\/fr\\\/maison-sisley-ouvre-au-luxembourg-la-marque-familiale-poursuit-son-deploiement-discret-dans-le-benelux\\\/#article\",\"isPartOf\":{\"@id\":\"https:\\\/\\\/www.forbes.be\\\/fr\\\/maison-sisley-ouvre-au-luxembourg-la-marque-familiale-poursuit-son-deploiement-discret-dans-le-benelux\\\/\"},\"author\":{\"name\":\"Jacques Boulogne\",\"@id\":\"https:\\\/\\\/www.forbes.be\\\/fr\\\/#\\\/schema\\\/person\\\/1606b6c9539a504241404fbbbeede479\"},\"headline\":\"Maison Sisley ouvre au Luxembourg : la marque familiale poursuit son d\u00e9ploiement discret dans le Benelux\",\"datePublished\":\"2026-03-17T05:37:15+00:00\",\"dateModified\":\"2026-03-23T13:49:41+00:00\",\"mainEntityOfPage\":{\"@id\":\"https:\\\/\\\/www.forbes.be\\\/fr\\\/maison-sisley-ouvre-au-luxembourg-la-marque-familiale-poursuit-son-deploiement-discret-dans-le-benelux\\\/\"},\"wordCount\":1105,\"publisher\":{\"@id\":\"https:\\\/\\\/www.forbes.be\\\/fr\\\/#organization\"},\"image\":{\"@id\":\"https:\\\/\\\/www.forbes.be\\\/fr\\\/maison-sisley-ouvre-au-luxembourg-la-marque-familiale-poursuit-son-deploiement-discret-dans-le-benelux\\\/#primaryimage\"},\"thumbnailUrl\":\"https:\\\/\\\/www.forbes.be\\\/fr\\\/wp-content\\\/uploads\\\/2026\\\/03\\\/miv-2990-r-scaled-e1773744077548.jpg\",\"articleSection\":[\"Actualit\u00e9s\",\"Commerce\",\"Entreprise\",\"Lifestyle\",\"Luxe\"],\"inLanguage\":\"fr-FR\"},{\"@type\":\"WebPage\",\"@id\":\"https:\\\/\\\/www.forbes.be\\\/fr\\\/maison-sisley-ouvre-au-luxembourg-la-marque-familiale-poursuit-son-deploiement-discret-dans-le-benelux\\\/\",\"url\":\"https:\\\/\\\/www.forbes.be\\\/fr\\\/maison-sisley-ouvre-au-luxembourg-la-marque-familiale-poursuit-son-deploiement-discret-dans-le-benelux\\\/\",\"name\":\"Maison Sisley ouvre au Luxembourg : la marque familiale poursuit son d\u00e9ploiement discret dans le Benelux | Forbes Belgique\",\"isPartOf\":{\"@id\":\"https:\\\/\\\/www.forbes.be\\\/fr\\\/#website\"},\"primaryImageOfPage\":{\"@id\":\"https:\\\/\\\/www.forbes.be\\\/fr\\\/maison-sisley-ouvre-au-luxembourg-la-marque-familiale-poursuit-son-deploiement-discret-dans-le-benelux\\\/#primaryimage\"},\"image\":{\"@id\":\"https:\\\/\\\/www.forbes.be\\\/fr\\\/maison-sisley-ouvre-au-luxembourg-la-marque-familiale-poursuit-son-deploiement-discret-dans-le-benelux\\\/#primaryimage\"},\"thumbnailUrl\":\"https:\\\/\\\/www.forbes.be\\\/fr\\\/wp-content\\\/uploads\\\/2026\\\/03\\\/miv-2990-r-scaled-e1773744077548.jpg\",\"datePublished\":\"2026-03-17T05:37:15+00:00\",\"dateModified\":\"2026-03-23T13:49:41+00:00\",\"description\":\"Sisley inaugure sa Maison au Luxembourg le 1er mars 2026. Sur 215 m\u00b2, rue de la Poste, la marque fran\u00e7aise de cosm\u00e9tiques de luxe d\u00e9ploie soins, maquillage et Hair Rituel dans le centre historique de Luxembourg-Ville.\",\"breadcrumb\":{\"@id\":\"https:\\\/\\\/www.forbes.be\\\/fr\\\/maison-sisley-ouvre-au-luxembourg-la-marque-familiale-poursuit-son-deploiement-discret-dans-le-benelux\\\/#breadcrumb\"},\"inLanguage\":\"fr-FR\",\"potentialAction\":[{\"@type\":\"ReadAction\",\"target\":[\"https:\\\/\\\/www.forbes.be\\\/fr\\\/maison-sisley-ouvre-au-luxembourg-la-marque-familiale-poursuit-son-deploiement-discret-dans-le-benelux\\\/\"]}]},{\"@type\":\"ImageObject\",\"inLanguage\":\"fr-FR\",\"@id\":\"https:\\\/\\\/www.forbes.be\\\/fr\\\/maison-sisley-ouvre-au-luxembourg-la-marque-familiale-poursuit-son-deploiement-discret-dans-le-benelux\\\/#primaryimage\",\"url\":\"https:\\\/\\\/www.forbes.be\\\/fr\\\/wp-content\\\/uploads\\\/2026\\\/03\\\/miv-2990-r-scaled-e1773744077548.jpg\",\"contentUrl\":\"https:\\\/\\\/www.forbes.be\\\/fr\\\/wp-content\\\/uploads\\\/2026\\\/03\\\/miv-2990-r-scaled-e1773744077548.jpg\",\"width\":2556,\"height\":1340,\"caption\":\"\u00a9 Michel Verpoorten\"},{\"@type\":\"BreadcrumbList\",\"@id\":\"https:\\\/\\\/www.forbes.be\\\/fr\\\/maison-sisley-ouvre-au-luxembourg-la-marque-familiale-poursuit-son-deploiement-discret-dans-le-benelux\\\/#breadcrumb\",\"itemListElement\":[{\"@type\":\"ListItem\",\"position\":1,\"name\":\"Accueil\",\"item\":\"https:\\\/\\\/www.forbes.be\\\/fr\\\/\"},{\"@type\":\"ListItem\",\"position\":2,\"name\":\"Maison Sisley ouvre au Luxembourg : la marque familiale poursuit son d\u00e9ploiement discret dans le Benelux\"}]},{\"@type\":\"WebSite\",\"@id\":\"https:\\\/\\\/www.forbes.be\\\/fr\\\/#website\",\"url\":\"https:\\\/\\\/www.forbes.be\\\/fr\\\/\",\"name\":\"Forbes Belgique\",\"description\":\"\",\"publisher\":{\"@id\":\"https:\\\/\\\/www.forbes.be\\\/fr\\\/#organization\"},\"potentialAction\":[{\"@type\":\"SearchAction\",\"target\":{\"@type\":\"EntryPoint\",\"urlTemplate\":\"https:\\\/\\\/www.forbes.be\\\/fr\\\/?s={search_term_string}\"},\"query-input\":{\"@type\":\"PropertyValueSpecification\",\"valueRequired\":true,\"valueName\":\"search_term_string\"}}],\"inLanguage\":\"fr-FR\"},{\"@type\":\"Organization\",\"@id\":\"https:\\\/\\\/www.forbes.be\\\/fr\\\/#organization\",\"name\":\"Forbes Belgique\",\"url\":\"https:\\\/\\\/www.forbes.be\\\/fr\\\/\",\"logo\":{\"@type\":\"ImageObject\",\"inLanguage\":\"fr-FR\",\"@id\":\"https:\\\/\\\/www.forbes.be\\\/fr\\\/#\\\/schema\\\/logo\\\/image\\\/\",\"url\":\"https:\\\/\\\/www.forbes.be\\\/fr\\\/wp-content\\\/uploads\\\/2024\\\/02\\\/forbes.be_.png\",\"contentUrl\":\"https:\\\/\\\/www.forbes.be\\\/fr\\\/wp-content\\\/uploads\\\/2024\\\/02\\\/forbes.be_.png\",\"width\":1200,\"height\":675,\"caption\":\"Forbes Belgique\"},\"image\":{\"@id\":\"https:\\\/\\\/www.forbes.be\\\/fr\\\/#\\\/schema\\\/logo\\\/image\\\/\"},\"sameAs\":[\"https:\\\/\\\/www.facebook.com\\\/forbesbelgique\\\/\",\"https:\\\/\\\/www.instagram.com\\\/Forbes_Belgium\",\"https:\\\/\\\/www.linkedin.com\\\/company\\\/forbes-belgium\\\/\"]},{\"@type\":\"Person\",\"@id\":\"https:\\\/\\\/www.forbes.be\\\/fr\\\/#\\\/schema\\\/person\\\/1606b6c9539a504241404fbbbeede479\",\"name\":\"Jacques Boulogne\",\"image\":{\"@type\":\"ImageObject\",\"inLanguage\":\"fr-FR\",\"@id\":\"https:\\\/\\\/secure.gravatar.com\\\/avatar\\\/3436ff4364006734565bf67a79321972d7ba66ff45eab69d31b6ce078eccdde5?s=96&d=mm&r=g\",\"url\":\"https:\\\/\\\/secure.gravatar.com\\\/avatar\\\/3436ff4364006734565bf67a79321972d7ba66ff45eab69d31b6ce078eccdde5?s=96&d=mm&r=g\",\"contentUrl\":\"https:\\\/\\\/secure.gravatar.com\\\/avatar\\\/3436ff4364006734565bf67a79321972d7ba66ff45eab69d31b6ce078eccdde5?s=96&d=mm&r=g\",\"caption\":\"Jacques Boulogne\"},\"url\":\"https:\\\/\\\/www.forbes.be\\\/fr\\\/author\\\/jacquesboulogne\\\/\"}]}<\/script>\n<!-- \/ Yoast SEO plugin. -->","yoast_head_json":{"title":"Maison Sisley ouvre au Luxembourg : la marque familiale poursuit son d\u00e9ploiement discret dans le Benelux | Forbes Belgique","description":"Sisley inaugure sa Maison au Luxembourg le 1er mars 2026. Sur 215 m\u00b2, rue de la Poste, la marque fran\u00e7aise de cosm\u00e9tiques de luxe d\u00e9ploie soins, maquillage et Hair Rituel dans le centre historique de Luxembourg-Ville.","robots":{"index":"index","follow":"follow","max-snippet":"max-snippet:-1","max-image-preview":"max-image-preview:large","max-video-preview":"max-video-preview:-1"},"canonical":"https:\/\/www.forbes.be\/fr\/maison-sisley-ouvre-au-luxembourg-la-marque-familiale-poursuit-son-deploiement-discret-dans-le-benelux\/","og_locale":"fr_FR","og_type":"article","og_title":"Maison Sisley ouvre au Luxembourg : la marque familiale poursuit son d\u00e9ploiement discret dans le Benelux | Forbes Belgique","og_description":"Sisley inaugure sa Maison au Luxembourg le 1er mars 2026. Sur 215 m\u00b2, rue de la Poste, la marque fran\u00e7aise de cosm\u00e9tiques de luxe d\u00e9ploie soins, maquillage et Hair Rituel dans le centre historique de Luxembourg-Ville.","og_url":"https:\/\/www.forbes.be\/fr\/maison-sisley-ouvre-au-luxembourg-la-marque-familiale-poursuit-son-deploiement-discret-dans-le-benelux\/","og_site_name":"Forbes Belgique","article_publisher":"https:\/\/www.facebook.com\/forbesbelgique\/","article_published_time":"2026-03-17T05:37:15+00:00","article_modified_time":"2026-03-23T13:49:41+00:00","og_image":[{"width":2556,"height":1340,"url":"https:\/\/www.forbes.be\/fr\/wp-content\/uploads\/2026\/03\/miv-2990-r-scaled-e1773744077548.jpg","type":"image\/jpeg"}],"author":"Jacques Boulogne","twitter_card":"summary_large_image","twitter_misc":{"\u00c9crit par":"Jacques Boulogne","Dur\u00e9e de lecture estim\u00e9e":"7 minutes"},"schema":{"@context":"https:\/\/schema.org","@graph":[{"@type":"NewsArticle","@id":"https:\/\/www.forbes.be\/fr\/maison-sisley-ouvre-au-luxembourg-la-marque-familiale-poursuit-son-deploiement-discret-dans-le-benelux\/#article","isPartOf":{"@id":"https:\/\/www.forbes.be\/fr\/maison-sisley-ouvre-au-luxembourg-la-marque-familiale-poursuit-son-deploiement-discret-dans-le-benelux\/"},"author":{"name":"Jacques Boulogne","@id":"https:\/\/www.forbes.be\/fr\/#\/schema\/person\/1606b6c9539a504241404fbbbeede479"},"headline":"Maison Sisley ouvre au Luxembourg : la marque familiale poursuit son d\u00e9ploiement discret dans le Benelux","datePublished":"2026-03-17T05:37:15+00:00","dateModified":"2026-03-23T13:49:41+00:00","mainEntityOfPage":{"@id":"https:\/\/www.forbes.be\/fr\/maison-sisley-ouvre-au-luxembourg-la-marque-familiale-poursuit-son-deploiement-discret-dans-le-benelux\/"},"wordCount":1105,"publisher":{"@id":"https:\/\/www.forbes.be\/fr\/#organization"},"image":{"@id":"https:\/\/www.forbes.be\/fr\/maison-sisley-ouvre-au-luxembourg-la-marque-familiale-poursuit-son-deploiement-discret-dans-le-benelux\/#primaryimage"},"thumbnailUrl":"https:\/\/www.forbes.be\/fr\/wp-content\/uploads\/2026\/03\/miv-2990-r-scaled-e1773744077548.jpg","articleSection":["Actualit\u00e9s","Commerce","Entreprise","Lifestyle","Luxe"],"inLanguage":"fr-FR"},{"@type":"WebPage","@id":"https:\/\/www.forbes.be\/fr\/maison-sisley-ouvre-au-luxembourg-la-marque-familiale-poursuit-son-deploiement-discret-dans-le-benelux\/","url":"https:\/\/www.forbes.be\/fr\/maison-sisley-ouvre-au-luxembourg-la-marque-familiale-poursuit-son-deploiement-discret-dans-le-benelux\/","name":"Maison Sisley ouvre au Luxembourg : la marque familiale poursuit son d\u00e9ploiement discret dans le Benelux | Forbes Belgique","isPartOf":{"@id":"https:\/\/www.forbes.be\/fr\/#website"},"primaryImageOfPage":{"@id":"https:\/\/www.forbes.be\/fr\/maison-sisley-ouvre-au-luxembourg-la-marque-familiale-poursuit-son-deploiement-discret-dans-le-benelux\/#primaryimage"},"image":{"@id":"https:\/\/www.forbes.be\/fr\/maison-sisley-ouvre-au-luxembourg-la-marque-familiale-poursuit-son-deploiement-discret-dans-le-benelux\/#primaryimage"},"thumbnailUrl":"https:\/\/www.forbes.be\/fr\/wp-content\/uploads\/2026\/03\/miv-2990-r-scaled-e1773744077548.jpg","datePublished":"2026-03-17T05:37:15+00:00","dateModified":"2026-03-23T13:49:41+00:00","description":"Sisley inaugure sa Maison au Luxembourg le 1er mars 2026. Sur 215 m\u00b2, rue de la Poste, la marque fran\u00e7aise de cosm\u00e9tiques de luxe d\u00e9ploie soins, maquillage et Hair Rituel dans le centre historique de Luxembourg-Ville.","breadcrumb":{"@id":"https:\/\/www.forbes.be\/fr\/maison-sisley-ouvre-au-luxembourg-la-marque-familiale-poursuit-son-deploiement-discret-dans-le-benelux\/#breadcrumb"},"inLanguage":"fr-FR","potentialAction":[{"@type":"ReadAction","target":["https:\/\/www.forbes.be\/fr\/maison-sisley-ouvre-au-luxembourg-la-marque-familiale-poursuit-son-deploiement-discret-dans-le-benelux\/"]}]},{"@type":"ImageObject","inLanguage":"fr-FR","@id":"https:\/\/www.forbes.be\/fr\/maison-sisley-ouvre-au-luxembourg-la-marque-familiale-poursuit-son-deploiement-discret-dans-le-benelux\/#primaryimage","url":"https:\/\/www.forbes.be\/fr\/wp-content\/uploads\/2026\/03\/miv-2990-r-scaled-e1773744077548.jpg","contentUrl":"https:\/\/www.forbes.be\/fr\/wp-content\/uploads\/2026\/03\/miv-2990-r-scaled-e1773744077548.jpg","width":2556,"height":1340,"caption":"\u00a9 Michel Verpoorten"},{"@type":"BreadcrumbList","@id":"https:\/\/www.forbes.be\/fr\/maison-sisley-ouvre-au-luxembourg-la-marque-familiale-poursuit-son-deploiement-discret-dans-le-benelux\/#breadcrumb","itemListElement":[{"@type":"ListItem","position":1,"name":"Accueil","item":"https:\/\/www.forbes.be\/fr\/"},{"@type":"ListItem","position":2,"name":"Maison Sisley ouvre au Luxembourg : la marque familiale poursuit son d\u00e9ploiement discret dans le Benelux"}]},{"@type":"WebSite","@id":"https:\/\/www.forbes.be\/fr\/#website","url":"https:\/\/www.forbes.be\/fr\/","name":"Forbes Belgique","description":"","publisher":{"@id":"https:\/\/www.forbes.be\/fr\/#organization"},"potentialAction":[{"@type":"SearchAction","target":{"@type":"EntryPoint","urlTemplate":"https:\/\/www.forbes.be\/fr\/?s={search_term_string}"},"query-input":{"@type":"PropertyValueSpecification","valueRequired":true,"valueName":"search_term_string"}}],"inLanguage":"fr-FR"},{"@type":"Organization","@id":"https:\/\/www.forbes.be\/fr\/#organization","name":"Forbes Belgique","url":"https:\/\/www.forbes.be\/fr\/","logo":{"@type":"ImageObject","inLanguage":"fr-FR","@id":"https:\/\/www.forbes.be\/fr\/#\/schema\/logo\/image\/","url":"https:\/\/www.forbes.be\/fr\/wp-content\/uploads\/2024\/02\/forbes.be_.png","contentUrl":"https:\/\/www.forbes.be\/fr\/wp-content\/uploads\/2024\/02\/forbes.be_.png","width":1200,"height":675,"caption":"Forbes Belgique"},"image":{"@id":"https:\/\/www.forbes.be\/fr\/#\/schema\/logo\/image\/"},"sameAs":["https:\/\/www.facebook.com\/forbesbelgique\/","https:\/\/www.instagram.com\/Forbes_Belgium","https:\/\/www.linkedin.com\/company\/forbes-belgium\/"]},{"@type":"Person","@id":"https:\/\/www.forbes.be\/fr\/#\/schema\/person\/1606b6c9539a504241404fbbbeede479","name":"Jacques Boulogne","image":{"@type":"ImageObject","inLanguage":"fr-FR","@id":"https:\/\/secure.gravatar.com\/avatar\/3436ff4364006734565bf67a79321972d7ba66ff45eab69d31b6ce078eccdde5?s=96&d=mm&r=g","url":"https:\/\/secure.gravatar.com\/avatar\/3436ff4364006734565bf67a79321972d7ba66ff45eab69d31b6ce078eccdde5?s=96&d=mm&r=g","contentUrl":"https:\/\/secure.gravatar.com\/avatar\/3436ff4364006734565bf67a79321972d7ba66ff45eab69d31b6ce078eccdde5?s=96&d=mm&r=g","caption":"Jacques Boulogne"},"url":"https:\/\/www.forbes.be\/fr\/author\/jacquesboulogne\/"}]}},"_links":{"self":[{"href":"https:\/\/www.forbes.be\/fr\/wp-json\/wp\/v2\/posts\/16046","targetHints":{"allow":["GET"]}}],"collection":[{"href":"https:\/\/www.forbes.be\/fr\/wp-json\/wp\/v2\/posts"}],"about":[{"href":"https:\/\/www.forbes.be\/fr\/wp-json\/wp\/v2\/types\/post"}],"author":[{"embeddable":true,"href":"https:\/\/www.forbes.be\/fr\/wp-json\/wp\/v2\/users\/63"}],"replies":[{"embeddable":true,"href":"https:\/\/www.forbes.be\/fr\/wp-json\/wp\/v2\/comments?post=16046"}],"version-history":[{"count":4,"href":"https:\/\/www.forbes.be\/fr\/wp-json\/wp\/v2\/posts\/16046\/revisions"}],"predecessor-version":[{"id":16210,"href":"https:\/\/www.forbes.be\/fr\/wp-json\/wp\/v2\/posts\/16046\/revisions\/16210"}],"wp:featuredmedia":[{"embeddable":true,"href":"https:\/\/www.forbes.be\/fr\/wp-json\/wp\/v2\/media\/16048"}],"wp:attachment":[{"href":"https:\/\/www.forbes.be\/fr\/wp-json\/wp\/v2\/media?parent=16046"}],"wp:term":[{"taxonomy":"category","embeddable":true,"href":"https:\/\/www.forbes.be\/fr\/wp-json\/wp\/v2\/categories?post=16046"},{"taxonomy":"post_tag","embeddable":true,"href":"https:\/\/www.forbes.be\/fr\/wp-json\/wp\/v2\/tags?post=16046"}],"curies":[{"name":"wp","href":"https:\/\/api.w.org\/{rel}","templated":true}]}}