{"id":16063,"date":"2026-03-20T09:45:47","date_gmt":"2026-03-20T08:45:47","guid":{"rendered":"https:\/\/www.forbes.be\/fr\/?p=16063"},"modified":"2026-03-20T10:16:18","modified_gmt":"2026-03-20T09:16:18","slug":"guillaume-de-mevius-du-dakar-aux-ateliers-de-wavre-itineraire-dun-pilote-constructeur-belge","status":"publish","type":"post","link":"https:\/\/www.forbes.be\/fr\/guillaume-de-mevius-du-dakar-aux-ateliers-de-wavre-itineraire-dun-pilote-constructeur-belge\/","title":{"rendered":"Guillaume de Mevius : du Dakar aux ateliers de Wavre, itin\u00e9raire d&rsquo;un pilote-constructeur belge"},"content":{"rendered":"<p><strong>Deuxi\u00e8me du Dakar 2024 sous les couleurs d&rsquo;Overdrive, Guillaume de Mevius a connu deux \u00e9ditions frustrantes chez X-Raid Mini. Le pilote belge n&rsquo;entend pas pour autant lever le pied. \u00c0 la t\u00eate du G-Rallye Team devenu constructeur de prototypes sous la marque G-ECKO, et d\u00e9sormais impliqu\u00e9 dans le rachat de KTM X-Bow par un consortium belge, il dessine un \u00e9cosyst\u00e8me entrepreneurial ancr\u00e9 dans le sport automobile. Pour Forbes Belgique, il revient sur ses ambitions de comp\u00e9titeur et sa mue en industriel.<\/strong><\/p>\n<p><strong>Forbes Belgique &#8211; Vous remportez la premi\u00e8re \u00e9tape du Dakar 2026. Apr\u00e8s votre deuxi\u00e8me place au g\u00e9n\u00e9ral en 2024, les attentes sont consid\u00e9rables. Quel est votre \u00e9tat d&rsquo;esprit \u00e0 ce moment-l\u00e0 ?<\/strong><br \/>\n<strong>Guillaume de Mevius &#8211;<\/strong> C&rsquo;est toujours rassurant de montrer qu&rsquo;on est capable de signer une premi\u00e8re place. Cette victoire d&rsquo;\u00e9tape me confortait dans ma performance pure. Mais j&rsquo;\u00e9tais lucide : sans co\u00e9quipiers pour la suite de la course, je savais que la victoire finale serait tr\u00e8s difficile \u00e0 aller chercher. Mon objectif r\u00e9aliste restait un top 5. En tant que sportif, on pense \u00eatre capable, on travaille pour l&rsquo;\u00eatre, et puis il faut le prouver. Cette premi\u00e8re \u00e9tape m&rsquo;a apport\u00e9 cette confirmation. Mais je savais aussi que les difficult\u00e9s allaient venir, pr\u00e9cis\u00e9ment parce que j&rsquo;\u00e9tais seul dans mon \u00e9quipe.<\/p>\n<figure id=\"attachment_16086\" aria-describedby=\"caption-attachment-16086\" style=\"width: 2560px\" class=\"wp-caption alignnone\"><img loading=\"lazy\" decoding=\"async\" class=\"size-full wp-image-16086\" src=\"https:\/\/www.forbes.be\/fr\/wp-content\/uploads\/2026\/03\/dkr-26-simon-bauchau-rb-st1-18-scaled.jpg\" alt=\"\" width=\"2560\" height=\"1707\" srcset=\"https:\/\/www.forbes.be\/fr\/wp-content\/uploads\/2026\/03\/dkr-26-simon-bauchau-rb-st1-18-scaled.jpg 2560w, https:\/\/www.forbes.be\/fr\/wp-content\/uploads\/2026\/03\/dkr-26-simon-bauchau-rb-st1-18-300x200.jpg 300w, https:\/\/www.forbes.be\/fr\/wp-content\/uploads\/2026\/03\/dkr-26-simon-bauchau-rb-st1-18-1024x683.jpg 1024w, https:\/\/www.forbes.be\/fr\/wp-content\/uploads\/2026\/03\/dkr-26-simon-bauchau-rb-st1-18-768x512.jpg 768w, https:\/\/www.forbes.be\/fr\/wp-content\/uploads\/2026\/03\/dkr-26-simon-bauchau-rb-st1-18-1536x1024.jpg 1536w, https:\/\/www.forbes.be\/fr\/wp-content\/uploads\/2026\/03\/dkr-26-simon-bauchau-rb-st1-18-2048x1365.jpg 2048w, https:\/\/www.forbes.be\/fr\/wp-content\/uploads\/2026\/03\/dkr-26-simon-bauchau-rb-st1-18-696x464.jpg 696w, https:\/\/www.forbes.be\/fr\/wp-content\/uploads\/2026\/03\/dkr-26-simon-bauchau-rb-st1-18-1068x712.jpg 1068w, https:\/\/www.forbes.be\/fr\/wp-content\/uploads\/2026\/03\/dkr-26-simon-bauchau-rb-st1-18-1920x1280.jpg 1920w, https:\/\/www.forbes.be\/fr\/wp-content\/uploads\/2026\/03\/dkr-26-simon-bauchau-rb-st1-18-600x400.jpg 600w\" sizes=\"auto, (max-width: 2560px) 100vw, 2560px\" \/><figcaption id=\"caption-attachment-16086\" class=\"wp-caption-text\">Guillaume de Mevius et Mathieu Baumel c\u00e9l\u00e8brent leur victoire d&rsquo;\u00e9tape au Dakar 2026 \u00e0 l&rsquo;issue de la premi\u00e8re \u00e9preuve \u00a9 Simon Bauchau<\/figcaption><\/figure>\n<p><strong>&#8211; La suite vous donne raison : probl\u00e8mes m\u00e9caniques, crevaisons \u00e0 r\u00e9p\u00e9tition. Comment maintient-on sa motivation quand l&rsquo;objectif s&rsquo;\u00e9loigne ? D&rsquo;autant que cette \u00e9dition rev\u00eatait une dimension particuli\u00e8re avec le retour de Mathieu Baumel \u00e0 vos c\u00f4t\u00e9s. <em>(NDLR : Le copilote fran\u00e7ais, victime d&rsquo;un grave accident ayant entra\u00een\u00e9 une amputation partielle de la jambe, effectuait son retour en comp\u00e9tition lors de ce Dakar 2026.)<\/em><\/strong><br \/>\n<strong>&#8211;<\/strong> Il y a toujours plusieurs objectifs dans l&rsquo;objectif. L&rsquo;objectif de performance pure, on l&rsquo;a assez vite vu partir. Restait celui d&rsquo;aller jusqu&rsquo;au bout, pour l&rsquo;\u00e9quipe, pour nous. Et il y avait la situation de Mathieu, qui donnait \u00e0 cette course une dimension humaine fondamentalement puissante. On se trouve toujours des raisons de se battre, m\u00eame si elles ne g\u00e9n\u00e8rent pas la m\u00eame \u00e9nergie que la perspective d&rsquo;une victoire.<\/p>\n<figure id=\"attachment_16090\" aria-describedby=\"caption-attachment-16090\" style=\"width: 2560px\" class=\"wp-caption alignnone\"><img loading=\"lazy\" decoding=\"async\" class=\"size-full wp-image-16090\" src=\"https:\/\/www.forbes.be\/fr\/wp-content\/uploads\/2026\/03\/sb-dkr-26-222-test-37-scaled.jpg\" alt=\"\" width=\"2560\" height=\"1707\" srcset=\"https:\/\/www.forbes.be\/fr\/wp-content\/uploads\/2026\/03\/sb-dkr-26-222-test-37-scaled.jpg 2560w, https:\/\/www.forbes.be\/fr\/wp-content\/uploads\/2026\/03\/sb-dkr-26-222-test-37-300x200.jpg 300w, https:\/\/www.forbes.be\/fr\/wp-content\/uploads\/2026\/03\/sb-dkr-26-222-test-37-1024x683.jpg 1024w, https:\/\/www.forbes.be\/fr\/wp-content\/uploads\/2026\/03\/sb-dkr-26-222-test-37-768x512.jpg 768w, https:\/\/www.forbes.be\/fr\/wp-content\/uploads\/2026\/03\/sb-dkr-26-222-test-37-1536x1024.jpg 1536w, https:\/\/www.forbes.be\/fr\/wp-content\/uploads\/2026\/03\/sb-dkr-26-222-test-37-2048x1365.jpg 2048w, https:\/\/www.forbes.be\/fr\/wp-content\/uploads\/2026\/03\/sb-dkr-26-222-test-37-696x464.jpg 696w, https:\/\/www.forbes.be\/fr\/wp-content\/uploads\/2026\/03\/sb-dkr-26-222-test-37-1068x712.jpg 1068w, https:\/\/www.forbes.be\/fr\/wp-content\/uploads\/2026\/03\/sb-dkr-26-222-test-37-1920x1280.jpg 1920w, https:\/\/www.forbes.be\/fr\/wp-content\/uploads\/2026\/03\/sb-dkr-26-222-test-37-600x400.jpg 600w\" sizes=\"auto, (max-width: 2560px) 100vw, 2560px\" \/><figcaption id=\"caption-attachment-16090\" class=\"wp-caption-text\">\u00a9 Simon Bauchau<\/figcaption><\/figure>\n<p><strong>&#8211; C&rsquo;est la deuxi\u00e8me saison cons\u00e9cutive o\u00f9 la fiabilit\u00e9 vous fait d\u00e9faut chez X-Raid Mini. La frustration est-elle d&rsquo;autant plus vive que vous savez disposer de la vitesse pure ?<\/strong><br \/>\n<strong>&#8211;<\/strong> C&rsquo;est tr\u00e8s frustrant. Mais c&rsquo;est le concept m\u00eame du <strong>rally-raid<\/strong> : il faut r\u00e9unir la vitesse, l&rsquo;endurance, la navigation et la fiabilit\u00e9 m\u00e9canique. Si un seul de ces \u00e9l\u00e9ments manque, \u00e7a ne fonctionne pas. Cela fait deux ans que nous n&rsquo;y parvenons pas. Avec l&rsquo;exp\u00e9rience, on apprend \u00e0 g\u00e9rer cette frustration. Le<strong> rally-raid<\/strong> a cet avantage de permettre des carri\u00e8res plus longues. Un Dakar d\u00e9cevant ne signifie pas la fin de tout. Ce n&rsquo;est pas le cas dans toutes les disciplines. Je ne me consid\u00e8re pas dans une impasse.<\/p>\n<p><strong>&#8211; Votre deuxi\u00e8me place au g\u00e9n\u00e9ral avait \u00e9t\u00e9 obtenue avec Overdrive, une structure cofond\u00e9e par votre p\u00e8re. Qu&rsquo;est-ce qui vous avait pouss\u00e9 \u00e0 la quitter pour X-Raid ?<\/strong><br \/>\n<strong>&#8211;<\/strong> Je ne regrette pas mon choix du moment. Il y avait un projet qui, malheureusement, ne s&rsquo;est jamais concr\u00e9tis\u00e9. Si ce projet avait vu le jour chez <strong>X-Raid<\/strong>, mon choix aurait \u00e9t\u00e9 parfaitement coh\u00e9rent. Mais des promesses n&rsquo;ont pas \u00e9t\u00e9 tenues, et je me suis retrouv\u00e9 avec une voiture vieillissante, certes encore rapide, mais sans co\u00e9quipiers et sans d\u00e9veloppement suffisant. Cela dit, rien n&rsquo;est d\u00e9finitif. Il faut savoir \u00eatre ouvert d&rsquo;esprit en sport, y compris pour revenir sur ses d\u00e9cisions. Un retour chez Overdrive n&rsquo;est pas exclu.<\/p>\n<figure id=\"attachment_16087\" aria-describedby=\"caption-attachment-16087\" style=\"width: 1707px\" class=\"wp-caption alignnone\"><img loading=\"lazy\" decoding=\"async\" class=\"size-full wp-image-16087\" src=\"https:\/\/www.forbes.be\/fr\/wp-content\/uploads\/2026\/03\/sb-dkr-26-222-test-16-scaled.jpg\" alt=\"\" width=\"1707\" height=\"2560\" srcset=\"https:\/\/www.forbes.be\/fr\/wp-content\/uploads\/2026\/03\/sb-dkr-26-222-test-16-scaled.jpg 1707w, https:\/\/www.forbes.be\/fr\/wp-content\/uploads\/2026\/03\/sb-dkr-26-222-test-16-200x300.jpg 200w, https:\/\/www.forbes.be\/fr\/wp-content\/uploads\/2026\/03\/sb-dkr-26-222-test-16-683x1024.jpg 683w, https:\/\/www.forbes.be\/fr\/wp-content\/uploads\/2026\/03\/sb-dkr-26-222-test-16-768x1152.jpg 768w, https:\/\/www.forbes.be\/fr\/wp-content\/uploads\/2026\/03\/sb-dkr-26-222-test-16-1024x1536.jpg 1024w, https:\/\/www.forbes.be\/fr\/wp-content\/uploads\/2026\/03\/sb-dkr-26-222-test-16-1365x2048.jpg 1365w, https:\/\/www.forbes.be\/fr\/wp-content\/uploads\/2026\/03\/sb-dkr-26-222-test-16-696x1044.jpg 696w, https:\/\/www.forbes.be\/fr\/wp-content\/uploads\/2026\/03\/sb-dkr-26-222-test-16-1068x1602.jpg 1068w, https:\/\/www.forbes.be\/fr\/wp-content\/uploads\/2026\/03\/sb-dkr-26-222-test-16-1920x2880.jpg 1920w, https:\/\/www.forbes.be\/fr\/wp-content\/uploads\/2026\/03\/sb-dkr-26-222-test-16-600x900.jpg 600w\" sizes=\"auto, (max-width: 1707px) 100vw, 1707px\" \/><figcaption id=\"caption-attachment-16087\" class=\"wp-caption-text\">Pilote et m\u00e9cano, Guillaume de Mevius, passionn\u00e9 de m\u00e9canique met lui m\u00eame la main dans le cambouis quand c&rsquo;est n\u00e9cessaire \u00a9 Simon Bauchau<\/figcaption><\/figure>\n<p><strong>&#8211; L\u2019histoire de votre famille dans l\u2019autombile ne se limite pas \u00e0 la comp\u00e9tition. Votre p\u00e8re Gr\u00e9goire a cofond\u00e9 Overdrive Racing avec Jean-Marc Fortin, votre fr\u00e8re Ghislain a b\u00e2ti le WIK (Wavre Indoor Karting), un complexe qui d\u00e9passe largement la simple piste de karting, et vous reprenez une branche d&rsquo;activit\u00e9 d&rsquo;Overdrive. D&rsquo;o\u00f9 vient cette fibre entrepreneuriale ?<\/strong><br \/>\n<strong>&#8211;<\/strong> Il y a beaucoup de similitudes entre le sport de haut niveau et l&rsquo;entrepreneuriat : la fixation d&rsquo;objectifs, la gestion des d\u00e9fis, le travail de projet. J&rsquo;ai toujours aim\u00e9 les challenges. Le <strong>rally-raid<\/strong> me laissait suffisamment de temps \u00e0 c\u00f4t\u00e9 pour envisager d&rsquo;autres activit\u00e9s. Les projets ont ensuite pris une ampleur que je n&rsquo;avais pas forc\u00e9ment anticip\u00e9e. Mais cette culture du d\u00e9fi permanent, je crois qu&rsquo;elle est profond\u00e9ment ancr\u00e9e dans la famille.<\/p>\n<p><strong>&#8211; Concr\u00e8tement, quelle est votre relation avec Overdrive Racing aujourd&rsquo;hui ?<\/strong><br \/>\n<strong>&#8211;<\/strong> J&rsquo;ai repris uniquement la branche OT3, les prototypes l\u00e9gers. Overdrive continue d&rsquo;exploiter les Toyota Hilux pour le Dakar et le Championnat du monde W2RC sous la direction de <strong>Jean-Marc Fortin<\/strong>, qui en reste le patron et le propri\u00e9taire. Ce sont deux activit\u00e9s s\u00e9par\u00e9es.<\/p>\n<figure id=\"attachment_16092\" aria-describedby=\"caption-attachment-16092\" style=\"width: 1707px\" class=\"wp-caption alignnone\"><img loading=\"lazy\" decoding=\"async\" class=\"size-full wp-image-16092\" src=\"https:\/\/www.forbes.be\/fr\/wp-content\/uploads\/2026\/03\/sb-gdm-forbes-scaled.jpg\" alt=\"\" width=\"1707\" height=\"2560\" srcset=\"https:\/\/www.forbes.be\/fr\/wp-content\/uploads\/2026\/03\/sb-gdm-forbes-scaled.jpg 1707w, https:\/\/www.forbes.be\/fr\/wp-content\/uploads\/2026\/03\/sb-gdm-forbes-200x300.jpg 200w, https:\/\/www.forbes.be\/fr\/wp-content\/uploads\/2026\/03\/sb-gdm-forbes-683x1024.jpg 683w, https:\/\/www.forbes.be\/fr\/wp-content\/uploads\/2026\/03\/sb-gdm-forbes-768x1152.jpg 768w, https:\/\/www.forbes.be\/fr\/wp-content\/uploads\/2026\/03\/sb-gdm-forbes-1024x1536.jpg 1024w, https:\/\/www.forbes.be\/fr\/wp-content\/uploads\/2026\/03\/sb-gdm-forbes-1365x2048.jpg 1365w, https:\/\/www.forbes.be\/fr\/wp-content\/uploads\/2026\/03\/sb-gdm-forbes-696x1044.jpg 696w, https:\/\/www.forbes.be\/fr\/wp-content\/uploads\/2026\/03\/sb-gdm-forbes-1068x1602.jpg 1068w, https:\/\/www.forbes.be\/fr\/wp-content\/uploads\/2026\/03\/sb-gdm-forbes-1920x2880.jpg 1920w, https:\/\/www.forbes.be\/fr\/wp-content\/uploads\/2026\/03\/sb-gdm-forbes-600x900.jpg 600w\" sizes=\"auto, (max-width: 1707px) 100vw, 1707px\" \/><figcaption id=\"caption-attachment-16092\" class=\"wp-caption-text\">En tournage pour Forbes au WIK, chez son fr\u00e8re Ghislain, voisin de ses ateliers de Wavre \u00a9 Simon Bauchau<\/figcaption><\/figure>\n<p><strong>&#8211; Cette branche OT3, vous l&rsquo;avez d\u00e9velopp\u00e9e au sein du G-Rallye Team. Pouvez-vous retracer la gen\u00e8se de cette structure ?<\/strong><br \/>\n<strong>&#8211;<\/strong> Le <strong>G-Rallye Team<\/strong> a \u00e9t\u00e9 cr\u00e9\u00e9 par mon fr\u00e8re Ghislain, \u00e0 l&rsquo;origine comme un simple nom d&rsquo;\u00e9quipe pour ses activit\u00e9s en rallye historique avec mon p\u00e8re. Il n&rsquo;y avait aucune vocation commerciale : c&rsquo;\u00e9tait un cadre pour leur passion commune des voitures de course anciennes, et c&rsquo;est d&rsquo;ailleurs ce qu&rsquo;ils continuent de faire aujourd&rsquo;hui. En 2020, pendant le Covid, j&rsquo;ai cr\u00e9\u00e9 ma propre soci\u00e9t\u00e9, <strong>FO Management<\/strong>, et j&rsquo;ai repris le nom commercial <strong>G-Rallye Team<\/strong> pour y loger mon activit\u00e9 off-road. Les deux entit\u00e9s sont juridiquement distinctes.<\/p>\n<p><strong>&#8211; Comment la reprise de l&rsquo;OT3 s&rsquo;est-elle concr\u00e9tis\u00e9e ?<\/strong><br \/>\n<strong>&#8211;<\/strong> Mon p\u00e8re a cofond\u00e9 <strong>Overdrive<\/strong> en 2006-2007, puis s&rsquo;en est retir\u00e9 en 2011. <strong>Overdrive<\/strong> a poursuivi sa croissance et lanc\u00e9 le projet OT3 en 2019. J&rsquo;y croyais, puisque je pilotais ces machines dans le cadre du <strong>Red Bull Off-Road Junior Team<\/strong>. Mais le projet stagnait : les pilotes \u00e9taient performants, les voitures ne l&rsquo;\u00e9taient pas suffisamment en termes de fiabilit\u00e9. Overdrive \u00e9tait surcharg\u00e9e entre la gestion des Hilux et le d\u00e9veloppement de l&rsquo;OT3. C&rsquo;est d&rsquo;ailleurs <strong>Overdrive<\/strong> qui a propos\u00e9 de nous c\u00e9der le projet. Je connaissais bien <strong>Jean-Marc Fortin<\/strong>, je fr\u00e9quentais les ateliers depuis l&rsquo;enfance. Les discussions ont \u00e9t\u00e9 fluides. C&rsquo;est comme \u00e7a que le G-Rallye Team a v\u00e9ritablement pris son envol.<\/p>\n<figure id=\"attachment_16091\" aria-describedby=\"caption-attachment-16091\" style=\"width: 1707px\" class=\"wp-caption alignnone\"><img loading=\"lazy\" decoding=\"async\" class=\"size-full wp-image-16091\" src=\"https:\/\/www.forbes.be\/fr\/wp-content\/uploads\/2026\/03\/sb-gdm-forbes-11-scaled.jpg\" alt=\"\" width=\"1707\" height=\"2560\" srcset=\"https:\/\/www.forbes.be\/fr\/wp-content\/uploads\/2026\/03\/sb-gdm-forbes-11-scaled.jpg 1707w, https:\/\/www.forbes.be\/fr\/wp-content\/uploads\/2026\/03\/sb-gdm-forbes-11-200x300.jpg 200w, https:\/\/www.forbes.be\/fr\/wp-content\/uploads\/2026\/03\/sb-gdm-forbes-11-683x1024.jpg 683w, https:\/\/www.forbes.be\/fr\/wp-content\/uploads\/2026\/03\/sb-gdm-forbes-11-768x1152.jpg 768w, https:\/\/www.forbes.be\/fr\/wp-content\/uploads\/2026\/03\/sb-gdm-forbes-11-1024x1536.jpg 1024w, https:\/\/www.forbes.be\/fr\/wp-content\/uploads\/2026\/03\/sb-gdm-forbes-11-1365x2048.jpg 1365w, https:\/\/www.forbes.be\/fr\/wp-content\/uploads\/2026\/03\/sb-gdm-forbes-11-696x1044.jpg 696w, https:\/\/www.forbes.be\/fr\/wp-content\/uploads\/2026\/03\/sb-gdm-forbes-11-1068x1602.jpg 1068w, https:\/\/www.forbes.be\/fr\/wp-content\/uploads\/2026\/03\/sb-gdm-forbes-11-1920x2880.jpg 1920w, https:\/\/www.forbes.be\/fr\/wp-content\/uploads\/2026\/03\/sb-gdm-forbes-11-600x900.jpg 600w\" sizes=\"auto, (max-width: 1707px) 100vw, 1707px\" \/><figcaption id=\"caption-attachment-16091\" class=\"wp-caption-text\">En piste, au WIK \u00a9 Simon Bauchau<\/figcaption><\/figure>\n<p><strong>&#8211; O\u00f9 en est le G-Rallye Team aujourd&rsquo;hui en termes de capacit\u00e9 industrielle ?<\/strong><br \/>\n<strong>&#8211;<\/strong> Nous sommes quinze en interne, d\u00e9di\u00e9s au d\u00e9veloppement et \u00e0 la production de v\u00e9hicules qui ont \u00e9volu\u00e9 et qui portent d\u00e9sormais la marque <strong>G-ECKO<\/strong>. \u00c0 partir du ch\u00e2ssis num\u00e9ro 16, les OT3 \u00e9taient enti\u00e8rement construits dans nos ateliers \u00e0 Wavre. Le <strong>G-ECKO Challenger One<\/strong>, lanc\u00e9 en octobre 2024 au Rallye du Maroc, repr\u00e9sente l&rsquo;aboutissement de cette mont\u00e9e en comp\u00e9tence : c&rsquo;est un v\u00e9hicule int\u00e9gralement con\u00e7u et d\u00e9velopp\u00e9 en Brabant wallon, qui int\u00e8gre l&rsquo;ensemble des retours d&rsquo;exp\u00e9rience de nos clients-pilotes. Nous sommes pass\u00e9s du statut de pr\u00e9parateur \u00e0 celui de constructeur.<\/p>\n<p><strong>&#8211; Parmi ces clients-pilotes, on a vu l&rsquo;ex-champion WRC Kris Meeke au volant d&rsquo;un OT3 au Dakar 2024, et plus r\u00e9cemment le Belgo-Luxembourgeois Charles Munster en G-ECKO. L&rsquo;\u00e9quipe attire des profils de premier plan.<\/strong><br \/>\n<strong>&#8211;<\/strong> C&rsquo;est le fruit du travail accompli depuis plusieurs ann\u00e9es. Les OT3 avaient remport\u00e9 les douze sp\u00e9ciales du Dakar 2022 en cat\u00e9gorie T3. Cette cr\u00e9dibilit\u00e9 technique nous a permis d&rsquo;attirer des pilotes de haut niveau et de nous affirmer dans le championnat du monde. Avec <strong>Marc Van Dalen<\/strong> comme team manager depuis 2022, la structure s&rsquo;est professionnalis\u00e9e. Nous affichons un taux de pr\u00e9sence \u00e0 l&rsquo;arriv\u00e9e sup\u00e9rieur \u00e0 85% et des podiums dans une course sur trois.<\/p>\n<figure id=\"attachment_16093\" aria-describedby=\"caption-attachment-16093\" style=\"width: 2560px\" class=\"wp-caption alignnone\"><img loading=\"lazy\" decoding=\"async\" class=\"size-full wp-image-16093\" src=\"https:\/\/www.forbes.be\/fr\/wp-content\/uploads\/2026\/03\/sb-ktm-x-bow-20-scaled.jpg\" alt=\"\" width=\"2560\" height=\"1707\" srcset=\"https:\/\/www.forbes.be\/fr\/wp-content\/uploads\/2026\/03\/sb-ktm-x-bow-20-scaled.jpg 2560w, https:\/\/www.forbes.be\/fr\/wp-content\/uploads\/2026\/03\/sb-ktm-x-bow-20-300x200.jpg 300w, https:\/\/www.forbes.be\/fr\/wp-content\/uploads\/2026\/03\/sb-ktm-x-bow-20-1024x683.jpg 1024w, https:\/\/www.forbes.be\/fr\/wp-content\/uploads\/2026\/03\/sb-ktm-x-bow-20-768x512.jpg 768w, https:\/\/www.forbes.be\/fr\/wp-content\/uploads\/2026\/03\/sb-ktm-x-bow-20-1536x1024.jpg 1536w, https:\/\/www.forbes.be\/fr\/wp-content\/uploads\/2026\/03\/sb-ktm-x-bow-20-2048x1365.jpg 2048w, https:\/\/www.forbes.be\/fr\/wp-content\/uploads\/2026\/03\/sb-ktm-x-bow-20-696x464.jpg 696w, https:\/\/www.forbes.be\/fr\/wp-content\/uploads\/2026\/03\/sb-ktm-x-bow-20-1068x712.jpg 1068w, https:\/\/www.forbes.be\/fr\/wp-content\/uploads\/2026\/03\/sb-ktm-x-bow-20-1920x1280.jpg 1920w, https:\/\/www.forbes.be\/fr\/wp-content\/uploads\/2026\/03\/sb-ktm-x-bow-20-600x400.jpg 600w\" sizes=\"auto, (max-width: 2560px) 100vw, 2560px\" \/><figcaption id=\"caption-attachment-16093\" class=\"wp-caption-text\">Avec la KTM et le G-ECKO sur le Red Bull Ring, en Autriche \u00a9 Simon Bauchau<\/figcaption><\/figure>\n<p><strong>&#8211; Vous \u00e9voquez un projet avec KTM Crossbow qui semble changer d&rsquo;\u00e9chelle. De quoi s&rsquo;agit-il exactement ?<\/strong><br \/>\n<strong>&#8211;<\/strong> Le <strong>G-Rallye Team Off-Road<\/strong> va \u00eatre amen\u00e9 \u00e0 dispara\u00eetre en tant que tel pour devenir <strong>KTM Crossbow Off-Road<\/strong>. Nous sommes cinq Belges \u00e0 avoir rachet\u00e9 la soci\u00e9t\u00e9 <strong>KTM Crossbow<\/strong>, la branche automobile de <strong>KTM<\/strong> qui construit aujourd&rsquo;hui des voitures de route. L&rsquo;ambition est d&rsquo;y ajouter un projet off-road : nous allons produire des SSV de s\u00e9rie, accessibles au grand public, avec une version de course pr\u00e9par\u00e9e dans nos ateliers. C&rsquo;est un projet industriel d&rsquo;envergure qui prend forme.<\/p>\n<p><strong>&#8211; Faut-il s&rsquo;attendre \u00e0 vous voir au d\u00e9part du Dakar en KTM ?<\/strong><br \/>\n<strong>&#8211;<\/strong> Pas en cat\u00e9gorie Ultimate. J&rsquo;ai encore l&rsquo;ambition de gagner au classement g\u00e9n\u00e9ral, je compte donc rester avec Mini pour le moment. Mais KTM va arriver en comp\u00e9tition via cette \u00e9quipe-ci, dans la cat\u00e9gorie SSV. C&rsquo;est un nouveau chapitre.<\/p>\n<p><strong>&#8211; Comment fonctionne cette cohabitation professionnelle entre votre p\u00e8re, votre fr\u00e8re et vous ? La fronti\u00e8re entre famille et business n&rsquo;est-elle pas difficile \u00e0 maintenir ?<\/strong><br \/>\n<strong>&#8211;<\/strong> Ce qui rend notre fonctionnement sain, c&rsquo;est que chacun a son activit\u00e9 propre. Ghislain g\u00e8re seul le <strong>WIK<\/strong>. J&rsquo;ai la main sur le <strong>G-Rallye Team<\/strong> et le projet <strong>KTM<\/strong>. Mon p\u00e8re passe r\u00e9guli\u00e8rement \u00e0 l&rsquo;atelier parce qu&rsquo;il y a ses propres voitures et projets, et il nous apporte ses conseils. Mais personne ne s&rsquo;immisce dans le business de l&rsquo;autre. Les \u00e9changes se font de mani\u00e8re informelle : quand Ghislain passe ici, il me glisse en priv\u00e9 ses observations, et je fais de m\u00eame quand je vois quelque chose au karting. C&rsquo;est un \u00e9quilibre o\u00f9 l&rsquo;expertise circule sans que l&rsquo;autorit\u00e9 d\u00e9borde.<\/p>\n<figure id=\"attachment_16095\" aria-describedby=\"caption-attachment-16095\" style=\"width: 1707px\" class=\"wp-caption alignnone\"><img loading=\"lazy\" decoding=\"async\" class=\"size-full wp-image-16095\" src=\"https:\/\/www.forbes.be\/fr\/wp-content\/uploads\/2026\/03\/sb-gdm-forbes-28-scaled.jpg\" alt=\"\" width=\"1707\" height=\"2560\" srcset=\"https:\/\/www.forbes.be\/fr\/wp-content\/uploads\/2026\/03\/sb-gdm-forbes-28-scaled.jpg 1707w, https:\/\/www.forbes.be\/fr\/wp-content\/uploads\/2026\/03\/sb-gdm-forbes-28-200x300.jpg 200w, https:\/\/www.forbes.be\/fr\/wp-content\/uploads\/2026\/03\/sb-gdm-forbes-28-683x1024.jpg 683w, https:\/\/www.forbes.be\/fr\/wp-content\/uploads\/2026\/03\/sb-gdm-forbes-28-768x1152.jpg 768w, https:\/\/www.forbes.be\/fr\/wp-content\/uploads\/2026\/03\/sb-gdm-forbes-28-1024x1536.jpg 1024w, https:\/\/www.forbes.be\/fr\/wp-content\/uploads\/2026\/03\/sb-gdm-forbes-28-1365x2048.jpg 1365w, https:\/\/www.forbes.be\/fr\/wp-content\/uploads\/2026\/03\/sb-gdm-forbes-28-696x1044.jpg 696w, https:\/\/www.forbes.be\/fr\/wp-content\/uploads\/2026\/03\/sb-gdm-forbes-28-1068x1602.jpg 1068w, https:\/\/www.forbes.be\/fr\/wp-content\/uploads\/2026\/03\/sb-gdm-forbes-28-1920x2880.jpg 1920w, https:\/\/www.forbes.be\/fr\/wp-content\/uploads\/2026\/03\/sb-gdm-forbes-28-600x900.jpg 600w\" sizes=\"auto, (max-width: 1707px) 100vw, 1707px\" \/><figcaption id=\"caption-attachment-16095\" class=\"wp-caption-text\">\u00a9 Simon Bauchau<\/figcaption><\/figure>\n<p><strong>&#8211; Gr\u00e9goire, Ghislain, Guillaume\u2026 Quand on a un pr\u00e9nom qui commence par G et qu&rsquo;on s&rsquo;appelle Mevius, la course automobile est-elle une fatalit\u00e9 ?<\/strong><br \/>\n<strong>&#8211;<\/strong> J&rsquo;ai \u00e9t\u00e9 berc\u00e9 dedans depuis l&rsquo;enfance. Les voitures, la m\u00e9canique, les courses de mon fr\u00e8re et de mon p\u00e8re. Ce qui est int\u00e9ressant, c&rsquo;est que Ghislain et moi avons tous les deux adh\u00e9r\u00e9 au sport automobile, mais par des entr\u00e9es tr\u00e8s diff\u00e9rentes. Lui est passionn\u00e9 par l&rsquo;histoire du rallye et de la F1, il a une culture encyclop\u00e9dique de la discipline. Moi, c&rsquo;est la technique pure qui m&rsquo;a toujours port\u00e9. Petit, j&rsquo;\u00e9tais m\u00e9canicien sur le quad de comp\u00e9tition de mon fr\u00e8re, trop jeune encore pour rouler moi-m\u00eame. On \u00e9volue dans le m\u00eame univers, avec des moteurs diff\u00e9rents. C&rsquo;est comme dans beaucoup de familles o\u00f9 un m\u00e9tier se transmet : quand on tombe dedans et qu&rsquo;on aime \u00e7a, on est accroch\u00e9.<\/p>\n","protected":false},"excerpt":{"rendered":"<p>Deuxi\u00e8me du Dakar 2024 sous les couleurs d&rsquo;Overdrive, Guillaume de Mevius a connu deux \u00e9ditions frustrantes chez X-Raid Mini. Le pilote belge n&rsquo;entend pas pour autant lever le pied. \u00c0 la t\u00eate du G-Rallye Team devenu constructeur de prototypes sous la marque G-ECKO, et d\u00e9sormais impliqu\u00e9 dans le rachat de KTM X-Bow par un consortium [&hellip;]<\/p>\n","protected":false},"author":47,"featured_media":16088,"comment_status":"closed","ping_status":"closed","sticky":false,"template":"","format":"standard","meta":{"_acf_changed":false,"inline_featured_image":false,"footnotes":""},"categories":[74,19,15,28,29],"tags":[],"class_list":{"0":"post-16063","1":"post","2":"type-post","3":"status-publish","4":"format-standard","5":"has-post-thumbnail","7":"category-automobile","8":"category-entrepreneurs","9":"category-leadership","10":"category-sports","11":"category-sports-moteurs"},"acf":[],"_yoast_wpseo_title":null,"_yoast_wpseo_metadesc":"Interview exclusive de Guillaume de Mevius pour Forbes Belgique. Le pilote belge revient sur son Dakar 2026 et d\u00e9voile ses projets entrepreneuriaux, du G-ECKO \u00e0 la reprise de KTM X-Bow.","auteur_traducteur":"","yoast_head":"<!-- This site is optimized with the Yoast SEO plugin v27.4 - https:\/\/yoast.com\/product\/yoast-seo-wordpress\/ -->\n<title>Guillaume de Mevius : du Dakar aux ateliers de Wavre, itin\u00e9raire d&#039;un pilote-constructeur belge | Forbes Belgique<\/title>\n<meta name=\"description\" content=\"Interview exclusive de Guillaume de Mevius pour Forbes Belgique. Le pilote belge revient sur son Dakar 2026 et d\u00e9voile ses projets entrepreneuriaux, du G-ECKO \u00e0 la reprise de KTM X-Bow.\" \/>\n<meta name=\"robots\" content=\"index, follow, max-snippet:-1, max-image-preview:large, max-video-preview:-1\" \/>\n<link rel=\"canonical\" href=\"https:\/\/www.forbes.be\/fr\/guillaume-de-mevius-du-dakar-aux-ateliers-de-wavre-itineraire-dun-pilote-constructeur-belge\/\" \/>\n<meta property=\"og:locale\" content=\"fr_FR\" \/>\n<meta property=\"og:type\" content=\"article\" \/>\n<meta property=\"og:title\" content=\"Guillaume de Mevius : du Dakar aux ateliers de Wavre, itin\u00e9raire d&#039;un pilote-constructeur belge | Forbes Belgique\" \/>\n<meta property=\"og:description\" content=\"Interview exclusive de Guillaume de Mevius pour Forbes Belgique. Le pilote belge revient sur son Dakar 2026 et d\u00e9voile ses projets entrepreneuriaux, du G-ECKO \u00e0 la reprise de KTM X-Bow.\" \/>\n<meta property=\"og:url\" content=\"https:\/\/www.forbes.be\/fr\/guillaume-de-mevius-du-dakar-aux-ateliers-de-wavre-itineraire-dun-pilote-constructeur-belge\/\" \/>\n<meta property=\"og:site_name\" content=\"Forbes Belgique\" \/>\n<meta property=\"article:publisher\" content=\"https:\/\/www.facebook.com\/forbesbelgique\/\" \/>\n<meta property=\"article:published_time\" content=\"2026-03-20T08:45:47+00:00\" \/>\n<meta property=\"article:modified_time\" content=\"2026-03-20T09:16:18+00:00\" \/>\n<meta property=\"og:image\" content=\"https:\/\/www.forbes.be\/fr\/wp-content\/uploads\/2026\/03\/sb-dkr-26-222-test-26-scaled-e1773824232306.jpg\" \/>\n\t<meta property=\"og:image:width\" content=\"1707\" \/>\n\t<meta property=\"og:image:height\" content=\"896\" \/>\n\t<meta property=\"og:image:type\" content=\"image\/jpeg\" \/>\n<meta name=\"author\" content=\"Martin Boonen\" \/>\n<meta name=\"twitter:card\" content=\"summary_large_image\" \/>\n<meta name=\"twitter:label1\" content=\"\u00c9crit par\" \/>\n\t<meta name=\"twitter:data1\" content=\"Martin Boonen\" \/>\n\t<meta name=\"twitter:label2\" content=\"Dur\u00e9e de lecture estim\u00e9e\" \/>\n\t<meta name=\"twitter:data2\" content=\"11 minutes\" \/>\n<script type=\"application\/ld+json\" class=\"yoast-schema-graph\">{\"@context\":\"https:\\\/\\\/schema.org\",\"@graph\":[{\"@type\":\"NewsArticle\",\"@id\":\"https:\\\/\\\/www.forbes.be\\\/fr\\\/guillaume-de-mevius-du-dakar-aux-ateliers-de-wavre-itineraire-dun-pilote-constructeur-belge\\\/#article\",\"isPartOf\":{\"@id\":\"https:\\\/\\\/www.forbes.be\\\/fr\\\/guillaume-de-mevius-du-dakar-aux-ateliers-de-wavre-itineraire-dun-pilote-constructeur-belge\\\/\"},\"author\":{\"name\":\"Martin Boonen\",\"@id\":\"https:\\\/\\\/www.forbes.be\\\/fr\\\/#\\\/schema\\\/person\\\/5e9af5383f8e0ffec564788f40ac92c8\"},\"headline\":\"Guillaume de Mevius : du Dakar aux ateliers de Wavre, itin\u00e9raire d&rsquo;un pilote-constructeur belge\",\"datePublished\":\"2026-03-20T08:45:47+00:00\",\"dateModified\":\"2026-03-20T09:16:18+00:00\",\"mainEntityOfPage\":{\"@id\":\"https:\\\/\\\/www.forbes.be\\\/fr\\\/guillaume-de-mevius-du-dakar-aux-ateliers-de-wavre-itineraire-dun-pilote-constructeur-belge\\\/\"},\"wordCount\":1900,\"publisher\":{\"@id\":\"https:\\\/\\\/www.forbes.be\\\/fr\\\/#organization\"},\"image\":{\"@id\":\"https:\\\/\\\/www.forbes.be\\\/fr\\\/guillaume-de-mevius-du-dakar-aux-ateliers-de-wavre-itineraire-dun-pilote-constructeur-belge\\\/#primaryimage\"},\"thumbnailUrl\":\"https:\\\/\\\/www.forbes.be\\\/fr\\\/wp-content\\\/uploads\\\/2026\\\/03\\\/sb-dkr-26-222-test-26-scaled-e1773824232306.jpg\",\"articleSection\":[\"Automobile\",\"Entrepreneurs\",\"Leadership\",\"Sports\",\"Sports moteurs\"],\"inLanguage\":\"fr-FR\"},{\"@type\":\"WebPage\",\"@id\":\"https:\\\/\\\/www.forbes.be\\\/fr\\\/guillaume-de-mevius-du-dakar-aux-ateliers-de-wavre-itineraire-dun-pilote-constructeur-belge\\\/\",\"url\":\"https:\\\/\\\/www.forbes.be\\\/fr\\\/guillaume-de-mevius-du-dakar-aux-ateliers-de-wavre-itineraire-dun-pilote-constructeur-belge\\\/\",\"name\":\"Guillaume de Mevius : du Dakar aux ateliers de Wavre, itin\u00e9raire d'un pilote-constructeur belge | Forbes Belgique\",\"isPartOf\":{\"@id\":\"https:\\\/\\\/www.forbes.be\\\/fr\\\/#website\"},\"primaryImageOfPage\":{\"@id\":\"https:\\\/\\\/www.forbes.be\\\/fr\\\/guillaume-de-mevius-du-dakar-aux-ateliers-de-wavre-itineraire-dun-pilote-constructeur-belge\\\/#primaryimage\"},\"image\":{\"@id\":\"https:\\\/\\\/www.forbes.be\\\/fr\\\/guillaume-de-mevius-du-dakar-aux-ateliers-de-wavre-itineraire-dun-pilote-constructeur-belge\\\/#primaryimage\"},\"thumbnailUrl\":\"https:\\\/\\\/www.forbes.be\\\/fr\\\/wp-content\\\/uploads\\\/2026\\\/03\\\/sb-dkr-26-222-test-26-scaled-e1773824232306.jpg\",\"datePublished\":\"2026-03-20T08:45:47+00:00\",\"dateModified\":\"2026-03-20T09:16:18+00:00\",\"description\":\"Interview exclusive de Guillaume de Mevius pour Forbes Belgique. Le pilote belge revient sur son Dakar 2026 et d\u00e9voile ses projets entrepreneuriaux, du G-ECKO \u00e0 la reprise de KTM X-Bow.\",\"breadcrumb\":{\"@id\":\"https:\\\/\\\/www.forbes.be\\\/fr\\\/guillaume-de-mevius-du-dakar-aux-ateliers-de-wavre-itineraire-dun-pilote-constructeur-belge\\\/#breadcrumb\"},\"inLanguage\":\"fr-FR\",\"potentialAction\":[{\"@type\":\"ReadAction\",\"target\":[\"https:\\\/\\\/www.forbes.be\\\/fr\\\/guillaume-de-mevius-du-dakar-aux-ateliers-de-wavre-itineraire-dun-pilote-constructeur-belge\\\/\"]}]},{\"@type\":\"ImageObject\",\"inLanguage\":\"fr-FR\",\"@id\":\"https:\\\/\\\/www.forbes.be\\\/fr\\\/guillaume-de-mevius-du-dakar-aux-ateliers-de-wavre-itineraire-dun-pilote-constructeur-belge\\\/#primaryimage\",\"url\":\"https:\\\/\\\/www.forbes.be\\\/fr\\\/wp-content\\\/uploads\\\/2026\\\/03\\\/sb-dkr-26-222-test-26-scaled-e1773824232306.jpg\",\"contentUrl\":\"https:\\\/\\\/www.forbes.be\\\/fr\\\/wp-content\\\/uploads\\\/2026\\\/03\\\/sb-dkr-26-222-test-26-scaled-e1773824232306.jpg\",\"width\":1707,\"height\":896,\"caption\":\"\u00a9 Simon Bauchau\"},{\"@type\":\"BreadcrumbList\",\"@id\":\"https:\\\/\\\/www.forbes.be\\\/fr\\\/guillaume-de-mevius-du-dakar-aux-ateliers-de-wavre-itineraire-dun-pilote-constructeur-belge\\\/#breadcrumb\",\"itemListElement\":[{\"@type\":\"ListItem\",\"position\":1,\"name\":\"Accueil\",\"item\":\"https:\\\/\\\/www.forbes.be\\\/fr\\\/\"},{\"@type\":\"ListItem\",\"position\":2,\"name\":\"Guillaume de Mevius : du Dakar aux ateliers de Wavre, itin\u00e9raire d&rsquo;un pilote-constructeur belge\"}]},{\"@type\":\"WebSite\",\"@id\":\"https:\\\/\\\/www.forbes.be\\\/fr\\\/#website\",\"url\":\"https:\\\/\\\/www.forbes.be\\\/fr\\\/\",\"name\":\"Forbes Belgique\",\"description\":\"\",\"publisher\":{\"@id\":\"https:\\\/\\\/www.forbes.be\\\/fr\\\/#organization\"},\"potentialAction\":[{\"@type\":\"SearchAction\",\"target\":{\"@type\":\"EntryPoint\",\"urlTemplate\":\"https:\\\/\\\/www.forbes.be\\\/fr\\\/?s={search_term_string}\"},\"query-input\":{\"@type\":\"PropertyValueSpecification\",\"valueRequired\":true,\"valueName\":\"search_term_string\"}}],\"inLanguage\":\"fr-FR\"},{\"@type\":\"Organization\",\"@id\":\"https:\\\/\\\/www.forbes.be\\\/fr\\\/#organization\",\"name\":\"Forbes Belgique\",\"url\":\"https:\\\/\\\/www.forbes.be\\\/fr\\\/\",\"logo\":{\"@type\":\"ImageObject\",\"inLanguage\":\"fr-FR\",\"@id\":\"https:\\\/\\\/www.forbes.be\\\/fr\\\/#\\\/schema\\\/logo\\\/image\\\/\",\"url\":\"https:\\\/\\\/www.forbes.be\\\/fr\\\/wp-content\\\/uploads\\\/2024\\\/02\\\/forbes.be_.png\",\"contentUrl\":\"https:\\\/\\\/www.forbes.be\\\/fr\\\/wp-content\\\/uploads\\\/2024\\\/02\\\/forbes.be_.png\",\"width\":1200,\"height\":675,\"caption\":\"Forbes Belgique\"},\"image\":{\"@id\":\"https:\\\/\\\/www.forbes.be\\\/fr\\\/#\\\/schema\\\/logo\\\/image\\\/\"},\"sameAs\":[\"https:\\\/\\\/www.facebook.com\\\/forbesbelgique\\\/\",\"https:\\\/\\\/www.instagram.com\\\/Forbes_Belgium\",\"https:\\\/\\\/www.linkedin.com\\\/company\\\/forbes-belgium\\\/\"]},{\"@type\":\"Person\",\"@id\":\"https:\\\/\\\/www.forbes.be\\\/fr\\\/#\\\/schema\\\/person\\\/5e9af5383f8e0ffec564788f40ac92c8\",\"name\":\"Martin Boonen\",\"image\":{\"@type\":\"ImageObject\",\"inLanguage\":\"fr-FR\",\"@id\":\"https:\\\/\\\/www.forbes.be\\\/fr\\\/wp-content\\\/uploads\\\/2025\\\/10\\\/capture-decran-2024-11-15-a-093849-300x300-1-100x100.png\",\"url\":\"https:\\\/\\\/www.forbes.be\\\/fr\\\/wp-content\\\/uploads\\\/2025\\\/10\\\/capture-decran-2024-11-15-a-093849-300x300-1-100x100.png\",\"contentUrl\":\"https:\\\/\\\/www.forbes.be\\\/fr\\\/wp-content\\\/uploads\\\/2025\\\/10\\\/capture-decran-2024-11-15-a-093849-300x300-1-100x100.png\",\"caption\":\"Martin Boonen\"},\"description\":\"Martin Boonen est journaliste dipl\u00f4m\u00e9 de l'Institut de Journalisme de Bruxelles (2012). Il collabor\u00e9 avec de nombreuses r\u00e9dactions \u00e0 diff\u00e9rent niveau de responsabilit\u00e9 : journaliste, chef de rubrique, secr\u00e9taire de r\u00e9daction et r\u00e9dacteur en chef, tant sur le web que pour la presse imprim\u00e9e. Sp\u00e9cialis\u00e9 dans les startups et l'entrepreneuriat \u00e0 impact, il est devenu en 2025 r\u00e9dacteur en chef du site web de Forbes Belgique. Il est affili\u00e9 \u00e0 l'Organisation Mondiale de la Presse P\u00e9riodique depuis 2011.\",\"sameAs\":[\"https:\\\/\\\/www.linkedin.com\\\/in\\\/martin-boonen-61499951\\\/\"],\"url\":\"https:\\\/\\\/www.forbes.be\\\/fr\\\/author\\\/martin-boonen\\\/\"}]}<\/script>\n<!-- \/ Yoast SEO plugin. -->","yoast_head_json":{"title":"Guillaume de Mevius : du Dakar aux ateliers de Wavre, itin\u00e9raire d'un pilote-constructeur belge | Forbes Belgique","description":"Interview exclusive de Guillaume de Mevius pour Forbes Belgique. Le pilote belge revient sur son Dakar 2026 et d\u00e9voile ses projets entrepreneuriaux, du G-ECKO \u00e0 la reprise de KTM X-Bow.","robots":{"index":"index","follow":"follow","max-snippet":"max-snippet:-1","max-image-preview":"max-image-preview:large","max-video-preview":"max-video-preview:-1"},"canonical":"https:\/\/www.forbes.be\/fr\/guillaume-de-mevius-du-dakar-aux-ateliers-de-wavre-itineraire-dun-pilote-constructeur-belge\/","og_locale":"fr_FR","og_type":"article","og_title":"Guillaume de Mevius : du Dakar aux ateliers de Wavre, itin\u00e9raire d'un pilote-constructeur belge | Forbes Belgique","og_description":"Interview exclusive de Guillaume de Mevius pour Forbes Belgique. Le pilote belge revient sur son Dakar 2026 et d\u00e9voile ses projets entrepreneuriaux, du G-ECKO \u00e0 la reprise de KTM X-Bow.","og_url":"https:\/\/www.forbes.be\/fr\/guillaume-de-mevius-du-dakar-aux-ateliers-de-wavre-itineraire-dun-pilote-constructeur-belge\/","og_site_name":"Forbes Belgique","article_publisher":"https:\/\/www.facebook.com\/forbesbelgique\/","article_published_time":"2026-03-20T08:45:47+00:00","article_modified_time":"2026-03-20T09:16:18+00:00","og_image":[{"width":1707,"height":896,"url":"https:\/\/www.forbes.be\/fr\/wp-content\/uploads\/2026\/03\/sb-dkr-26-222-test-26-scaled-e1773824232306.jpg","type":"image\/jpeg"}],"author":"Martin Boonen","twitter_card":"summary_large_image","twitter_misc":{"\u00c9crit par":"Martin Boonen","Dur\u00e9e de lecture estim\u00e9e":"11 minutes"},"schema":{"@context":"https:\/\/schema.org","@graph":[{"@type":"NewsArticle","@id":"https:\/\/www.forbes.be\/fr\/guillaume-de-mevius-du-dakar-aux-ateliers-de-wavre-itineraire-dun-pilote-constructeur-belge\/#article","isPartOf":{"@id":"https:\/\/www.forbes.be\/fr\/guillaume-de-mevius-du-dakar-aux-ateliers-de-wavre-itineraire-dun-pilote-constructeur-belge\/"},"author":{"name":"Martin Boonen","@id":"https:\/\/www.forbes.be\/fr\/#\/schema\/person\/5e9af5383f8e0ffec564788f40ac92c8"},"headline":"Guillaume de Mevius : du Dakar aux ateliers de Wavre, itin\u00e9raire d&rsquo;un pilote-constructeur belge","datePublished":"2026-03-20T08:45:47+00:00","dateModified":"2026-03-20T09:16:18+00:00","mainEntityOfPage":{"@id":"https:\/\/www.forbes.be\/fr\/guillaume-de-mevius-du-dakar-aux-ateliers-de-wavre-itineraire-dun-pilote-constructeur-belge\/"},"wordCount":1900,"publisher":{"@id":"https:\/\/www.forbes.be\/fr\/#organization"},"image":{"@id":"https:\/\/www.forbes.be\/fr\/guillaume-de-mevius-du-dakar-aux-ateliers-de-wavre-itineraire-dun-pilote-constructeur-belge\/#primaryimage"},"thumbnailUrl":"https:\/\/www.forbes.be\/fr\/wp-content\/uploads\/2026\/03\/sb-dkr-26-222-test-26-scaled-e1773824232306.jpg","articleSection":["Automobile","Entrepreneurs","Leadership","Sports","Sports moteurs"],"inLanguage":"fr-FR"},{"@type":"WebPage","@id":"https:\/\/www.forbes.be\/fr\/guillaume-de-mevius-du-dakar-aux-ateliers-de-wavre-itineraire-dun-pilote-constructeur-belge\/","url":"https:\/\/www.forbes.be\/fr\/guillaume-de-mevius-du-dakar-aux-ateliers-de-wavre-itineraire-dun-pilote-constructeur-belge\/","name":"Guillaume de Mevius : du Dakar aux ateliers de Wavre, itin\u00e9raire d'un pilote-constructeur belge | Forbes Belgique","isPartOf":{"@id":"https:\/\/www.forbes.be\/fr\/#website"},"primaryImageOfPage":{"@id":"https:\/\/www.forbes.be\/fr\/guillaume-de-mevius-du-dakar-aux-ateliers-de-wavre-itineraire-dun-pilote-constructeur-belge\/#primaryimage"},"image":{"@id":"https:\/\/www.forbes.be\/fr\/guillaume-de-mevius-du-dakar-aux-ateliers-de-wavre-itineraire-dun-pilote-constructeur-belge\/#primaryimage"},"thumbnailUrl":"https:\/\/www.forbes.be\/fr\/wp-content\/uploads\/2026\/03\/sb-dkr-26-222-test-26-scaled-e1773824232306.jpg","datePublished":"2026-03-20T08:45:47+00:00","dateModified":"2026-03-20T09:16:18+00:00","description":"Interview exclusive de Guillaume de Mevius pour Forbes Belgique. Le pilote belge revient sur son Dakar 2026 et d\u00e9voile ses projets entrepreneuriaux, du G-ECKO \u00e0 la reprise de KTM X-Bow.","breadcrumb":{"@id":"https:\/\/www.forbes.be\/fr\/guillaume-de-mevius-du-dakar-aux-ateliers-de-wavre-itineraire-dun-pilote-constructeur-belge\/#breadcrumb"},"inLanguage":"fr-FR","potentialAction":[{"@type":"ReadAction","target":["https:\/\/www.forbes.be\/fr\/guillaume-de-mevius-du-dakar-aux-ateliers-de-wavre-itineraire-dun-pilote-constructeur-belge\/"]}]},{"@type":"ImageObject","inLanguage":"fr-FR","@id":"https:\/\/www.forbes.be\/fr\/guillaume-de-mevius-du-dakar-aux-ateliers-de-wavre-itineraire-dun-pilote-constructeur-belge\/#primaryimage","url":"https:\/\/www.forbes.be\/fr\/wp-content\/uploads\/2026\/03\/sb-dkr-26-222-test-26-scaled-e1773824232306.jpg","contentUrl":"https:\/\/www.forbes.be\/fr\/wp-content\/uploads\/2026\/03\/sb-dkr-26-222-test-26-scaled-e1773824232306.jpg","width":1707,"height":896,"caption":"\u00a9 Simon Bauchau"},{"@type":"BreadcrumbList","@id":"https:\/\/www.forbes.be\/fr\/guillaume-de-mevius-du-dakar-aux-ateliers-de-wavre-itineraire-dun-pilote-constructeur-belge\/#breadcrumb","itemListElement":[{"@type":"ListItem","position":1,"name":"Accueil","item":"https:\/\/www.forbes.be\/fr\/"},{"@type":"ListItem","position":2,"name":"Guillaume de Mevius : du Dakar aux ateliers de Wavre, itin\u00e9raire d&rsquo;un pilote-constructeur belge"}]},{"@type":"WebSite","@id":"https:\/\/www.forbes.be\/fr\/#website","url":"https:\/\/www.forbes.be\/fr\/","name":"Forbes Belgique","description":"","publisher":{"@id":"https:\/\/www.forbes.be\/fr\/#organization"},"potentialAction":[{"@type":"SearchAction","target":{"@type":"EntryPoint","urlTemplate":"https:\/\/www.forbes.be\/fr\/?s={search_term_string}"},"query-input":{"@type":"PropertyValueSpecification","valueRequired":true,"valueName":"search_term_string"}}],"inLanguage":"fr-FR"},{"@type":"Organization","@id":"https:\/\/www.forbes.be\/fr\/#organization","name":"Forbes Belgique","url":"https:\/\/www.forbes.be\/fr\/","logo":{"@type":"ImageObject","inLanguage":"fr-FR","@id":"https:\/\/www.forbes.be\/fr\/#\/schema\/logo\/image\/","url":"https:\/\/www.forbes.be\/fr\/wp-content\/uploads\/2024\/02\/forbes.be_.png","contentUrl":"https:\/\/www.forbes.be\/fr\/wp-content\/uploads\/2024\/02\/forbes.be_.png","width":1200,"height":675,"caption":"Forbes Belgique"},"image":{"@id":"https:\/\/www.forbes.be\/fr\/#\/schema\/logo\/image\/"},"sameAs":["https:\/\/www.facebook.com\/forbesbelgique\/","https:\/\/www.instagram.com\/Forbes_Belgium","https:\/\/www.linkedin.com\/company\/forbes-belgium\/"]},{"@type":"Person","@id":"https:\/\/www.forbes.be\/fr\/#\/schema\/person\/5e9af5383f8e0ffec564788f40ac92c8","name":"Martin Boonen","image":{"@type":"ImageObject","inLanguage":"fr-FR","@id":"https:\/\/www.forbes.be\/fr\/wp-content\/uploads\/2025\/10\/capture-decran-2024-11-15-a-093849-300x300-1-100x100.png","url":"https:\/\/www.forbes.be\/fr\/wp-content\/uploads\/2025\/10\/capture-decran-2024-11-15-a-093849-300x300-1-100x100.png","contentUrl":"https:\/\/www.forbes.be\/fr\/wp-content\/uploads\/2025\/10\/capture-decran-2024-11-15-a-093849-300x300-1-100x100.png","caption":"Martin Boonen"},"description":"Martin Boonen est journaliste dipl\u00f4m\u00e9 de l'Institut de Journalisme de Bruxelles (2012). Il collabor\u00e9 avec de nombreuses r\u00e9dactions \u00e0 diff\u00e9rent niveau de responsabilit\u00e9 : journaliste, chef de rubrique, secr\u00e9taire de r\u00e9daction et r\u00e9dacteur en chef, tant sur le web que pour la presse imprim\u00e9e. Sp\u00e9cialis\u00e9 dans les startups et l'entrepreneuriat \u00e0 impact, il est devenu en 2025 r\u00e9dacteur en chef du site web de Forbes Belgique. Il est affili\u00e9 \u00e0 l'Organisation Mondiale de la Presse P\u00e9riodique depuis 2011.","sameAs":["https:\/\/www.linkedin.com\/in\/martin-boonen-61499951\/"],"url":"https:\/\/www.forbes.be\/fr\/author\/martin-boonen\/"}]}},"_links":{"self":[{"href":"https:\/\/www.forbes.be\/fr\/wp-json\/wp\/v2\/posts\/16063","targetHints":{"allow":["GET"]}}],"collection":[{"href":"https:\/\/www.forbes.be\/fr\/wp-json\/wp\/v2\/posts"}],"about":[{"href":"https:\/\/www.forbes.be\/fr\/wp-json\/wp\/v2\/types\/post"}],"author":[{"embeddable":true,"href":"https:\/\/www.forbes.be\/fr\/wp-json\/wp\/v2\/users\/47"}],"replies":[{"embeddable":true,"href":"https:\/\/www.forbes.be\/fr\/wp-json\/wp\/v2\/comments?post=16063"}],"version-history":[{"count":2,"href":"https:\/\/www.forbes.be\/fr\/wp-json\/wp\/v2\/posts\/16063\/revisions"}],"predecessor-version":[{"id":16096,"href":"https:\/\/www.forbes.be\/fr\/wp-json\/wp\/v2\/posts\/16063\/revisions\/16096"}],"wp:featuredmedia":[{"embeddable":true,"href":"https:\/\/www.forbes.be\/fr\/wp-json\/wp\/v2\/media\/16088"}],"wp:attachment":[{"href":"https:\/\/www.forbes.be\/fr\/wp-json\/wp\/v2\/media?parent=16063"}],"wp:term":[{"taxonomy":"category","embeddable":true,"href":"https:\/\/www.forbes.be\/fr\/wp-json\/wp\/v2\/categories?post=16063"},{"taxonomy":"post_tag","embeddable":true,"href":"https:\/\/www.forbes.be\/fr\/wp-json\/wp\/v2\/tags?post=16063"}],"curies":[{"name":"wp","href":"https:\/\/api.w.org\/{rel}","templated":true}]}}