{"id":16077,"date":"2026-03-17T18:22:02","date_gmt":"2026-03-17T17:22:02","guid":{"rendered":"https:\/\/www.forbes.be\/fr\/?p=16077"},"modified":"2026-03-18T09:34:21","modified_gmt":"2026-03-18T08:34:21","slug":"lagence-monte-a-bruxelles","status":"publish","type":"post","link":"https:\/\/www.forbes.be\/fr\/lagence-monte-a-bruxelles\/","title":{"rendered":"L&rsquo;Agence monte \u00e0 Bruxelles"},"content":{"rendered":"<p><strong><span style=\"font-family: Calibri, sans-serif;\">L<span style=\"font-size: large;\">e r\u00e9seau immobilier de prestige de la famille Kretz, mondialement connue gr\u00e2ce \u00e0 la s\u00e9rie t\u00e9l\u00e9vis\u00e9e <em>L&rsquo;Agence<\/em>, vient d\u2019ouvrir sa premi\u00e8re agence bruxelloise. La franchise belge sera port\u00e9e par Julie Carlier (Carlton Properties), d\u00e9j\u00e0 pr\u00e9sente place Brugmann \u00e0 Ixelles depuis 2013.<\/span><\/span><\/strong><\/p>\n<p><span style=\"font-family: Calibri, sans-serif;\">Quelques semaines apr\u00e8s l\u2019inauguration de sa premi\u00e8re vitrine urbaine au 100 de la rue du Bac \u00e0 Paris, <strong><a href=\"https:\/\/kretzrealestate.com\/fr\/\">Kretz Real Estate<\/a><\/strong>, sp\u00e9cialiste de l\u2019immobilier de luxe en France et \u00e0 l\u2019international, lance son nouveau mod\u00e8le de franchise \u00e0 l&rsquo;international. Les deux premi\u00e8res implantations -en Belgique et \u00e0 l\u2019\u00cele Maurice- marquent un tournant strat\u00e9gique pour la marque familiale port\u00e9e par une croissance de +80 % en 2025 et forte d\u2019une communaut\u00e9 de 2 millions de <\/span><i style=\"font-family: Calibri, sans-serif;\">followers <\/i><span style=\"font-family: Calibri, sans-serif;\">\u00e0 travers le monde gr\u00e2ce \u00e0 son rendez-vous t\u00e9l\u00e9vis\u00e9 familial, <strong><em><a href=\"https:\/\/www.tf1.fr\/fr-be\/tmc\/lagence-limmobilier-de-luxe-en-famille\">L\u2019Agence<\/a><\/em><\/strong>, diffus\u00e9 depuis 2021 par plusieurs cha\u00eenes de t\u00e9l\u00e9vision et accessible sur Netflix (6 saisons).<\/span><\/p>\n<figure id=\"attachment_16079\" aria-describedby=\"caption-attachment-16079\" style=\"width: 2560px\" class=\"wp-caption alignnone\"><img loading=\"lazy\" decoding=\"async\" class=\"size-full wp-image-16079\" src=\"https:\/\/www.forbes.be\/fr\/wp-content\/uploads\/2026\/03\/sissystudio-dsc07146-scaled.png\" alt=\"\" width=\"2560\" height=\"1707\" srcset=\"https:\/\/www.forbes.be\/fr\/wp-content\/uploads\/2026\/03\/sissystudio-dsc07146-scaled.png 2560w, https:\/\/www.forbes.be\/fr\/wp-content\/uploads\/2026\/03\/sissystudio-dsc07146-300x200.png 300w, https:\/\/www.forbes.be\/fr\/wp-content\/uploads\/2026\/03\/sissystudio-dsc07146-1024x683.png 1024w, https:\/\/www.forbes.be\/fr\/wp-content\/uploads\/2026\/03\/sissystudio-dsc07146-768x512.png 768w, https:\/\/www.forbes.be\/fr\/wp-content\/uploads\/2026\/03\/sissystudio-dsc07146-1536x1024.png 1536w, https:\/\/www.forbes.be\/fr\/wp-content\/uploads\/2026\/03\/sissystudio-dsc07146-2048x1365.png 2048w, https:\/\/www.forbes.be\/fr\/wp-content\/uploads\/2026\/03\/sissystudio-dsc07146-696x464.png 696w, https:\/\/www.forbes.be\/fr\/wp-content\/uploads\/2026\/03\/sissystudio-dsc07146-1068x712.png 1068w, https:\/\/www.forbes.be\/fr\/wp-content\/uploads\/2026\/03\/sissystudio-dsc07146-1920x1280.png 1920w, https:\/\/www.forbes.be\/fr\/wp-content\/uploads\/2026\/03\/sissystudio-dsc07146-600x400.png 600w\" sizes=\"auto, (max-width: 2560px) 100vw, 2560px\" \/><figcaption id=\"caption-attachment-16079\" class=\"wp-caption-text\">La famille Kretz, les acteurs tr\u00e8s m\u00e9diatis\u00e9s de la s\u00e9rie L&rsquo;Agence. SissyStudio<\/figcaption><\/figure>\n<h3><span style=\"font-family: Calibri, sans-serif;\">Du digital hors march\u00e9 \u00e0 la vitrine franchis\u00e9e<\/span><\/h3>\n<p><span style=\"font-family: Calibri, sans-serif;\">Apr\u00e8s avoir b\u00e2ti un mod\u00e8le 100% digital devenu une r\u00e9f\u00e9rence dans l\u2019immobilier haut de gamme, avec plus de 500 millions d&rsquo;euros de bien vendus en 2025, le groupe (tr\u00e8s) familial fond\u00e9 par <strong>Olivier et Sandrine Kretz<\/strong> il y a 20 ans et aujourd\u2019hui dirig\u00e9 au quotidien par leurs quatre fils inaugure un nouveau chapitre commercial en lan\u00e7ant officiellement l\u2019expansion de Kretz Real Estate \u00e0 l\u2019international \u00e0 travers un mod\u00e8le de franchise. La Belgique a \u00e9t\u00e9 choisie comme premier march\u00e9 \u00abm\u00fbr\u00bb pour ce changement de cap.<\/span><\/p>\n<p><span style=\"font-family: Calibri, sans-serif;\"><em>\u00ab\u00a0La Belgique regorge de biens immobiliers patrimoniaux, c&rsquo;\u00e9tait donc un choix d\u00e9lib\u00e9r\u00e9ment \u00e9vident. La chance de rencontrer Julie, une agente qui partage nos valeurs, notre culture, notre fa\u00e7on d&rsquo;\u00eatre s&rsquo;est pr\u00e9sent\u00e9e. Avec elle, nous pouvons partager notre savoir-faire, nos r\u00e9seaux et notre vision du marketing. C&rsquo;est bien plus qu&rsquo;un partenariat, c&rsquo;est une belle rencontre humaine\u00a0\u00bb<\/em>, commente <a href=\"https:\/\/www.linkedin.com\/in\/kretz-olivier\/\"><strong>Olivier Kretz<\/strong><\/a>. Ce partenariat est d\u2019ailleurs \u00e9voqu\u00e9 dans la saison 6 de L\u2019Agence r\u00e9cemment diffus\u00e9e et se conclut par la signature du contrat de licence entre le groupe Kretz Real Estate et <strong><a href=\"https:\/\/www.linkedin.com\/in\/julie-carlier-210519162\/\">Julie Carlier<\/a><\/strong>.<\/span><\/p>\n<p><span style=\"font-family: Calibri, sans-serif;\">Cette derni\u00e8re ambitionne d\u2019ouvrir d\u2019ici 5 ans <strong>trois agences en Belgique (Knokke, Namur)<\/strong>, de constituer une \u00e9quipe de 25 agents et d&rsquo;atteindre le cap quinquennal de 250 transactions, soit 50 ventes d\u00e9passant le plancher de 600.000 euros par an.<\/span><\/p>\n<p><span style=\"font-family: Calibri, sans-serif;\">Chaque franchise Kretz disposera d\u2019une agence physique reprenant le concept du nouveau <em>flagship<\/em> parisien de la rue du Bac. L\u2019am\u00e9nagement de l&rsquo;agence de la Place Brugmann va d\u00e9marrer dans quelques jours pour une ouverture annonc\u00e9e avant l&rsquo;\u00e9t\u00e9.<\/span><\/p>\n<figure id=\"attachment_16080\" aria-describedby=\"caption-attachment-16080\" style=\"width: 592px\" class=\"wp-caption alignnone\"><img loading=\"lazy\" decoding=\"async\" class=\"size-full wp-image-16080\" src=\"https:\/\/www.forbes.be\/fr\/wp-content\/uploads\/2026\/03\/whatsapp-image-2026-03-16-at-120008.jpeg\" alt=\"\" width=\"592\" height=\"360\" srcset=\"https:\/\/www.forbes.be\/fr\/wp-content\/uploads\/2026\/03\/whatsapp-image-2026-03-16-at-120008.jpeg 592w, https:\/\/www.forbes.be\/fr\/wp-content\/uploads\/2026\/03\/whatsapp-image-2026-03-16-at-120008-300x182.jpeg 300w\" sizes=\"auto, (max-width: 592px) 100vw, 592px\" \/><figcaption id=\"caption-attachment-16080\" class=\"wp-caption-text\">La ligne or et noir des futures vitrines du r\u00e9seau international Kretz Real Estate.<\/figcaption><\/figure>\n<h3><span style=\"font-family: Calibri, sans-serif;\">Micro-march\u00e9 tr\u00e8s -trop?- convoit\u00e9<\/span><\/h3>\n<p><span style=\"font-family: Calibri, sans-serif;\">Au-del\u00e0 de l&rsquo;hyperm\u00e9diatisation de circonstance, on notera que la niche de l\u2019immobilier de luxe, o\u00f9 les biens en vente ne sont pas l\u00e9gion, souffre \u00e0 Bruxelles d\u2019une concurrence intensive avec un nombre excessif d\u2019enseignes qui se battent sur le m\u00eame fromage. \u00ab\u00a0<em>Il n\u2019y aura pas \u00e0 manger pour tout le monde. Et certaines enseignes vont forc\u00e9ment fusionner ou dispara\u00eetre \u00e0 terme, faute de masse critique suffisante\u00a0\u00bb<\/em>, fait remarquer un ancien patron actif sur le segment haut de gamme, aujourd\u2019hui reconverti dans l\u2019investissement et la promotion immobili\u00e8re. <\/span><\/p>\n<p><span style=\"font-family: Calibri, sans-serif;\">Sur le pr\u00e9 carr\u00e9 dans lequel Kretz Real Estate entend trouver rapidement une place de leader, on recense d\u00e9j\u00e0 les marques internationales <strong>Sotheby\u2019s, Engel &amp; V\u00f6lkers, Christie\u2019s, Barnes, Junot<\/strong> (ex-Victoire) mais aussi des acteurs locaux pr\u00e9sents depuis des d\u00e9cennies et qui connaissent parfaitement le march\u00e9 local vis\u00e9 \u00e0 Bruxelles ou \u00e0 Knokke. <\/span><\/p>\n<p><span style=\"font-family: Calibri, sans-serif;\">Pour atteindre ses ambitions, Julie Carlier mise r\u00e9solument sur le march\u00e9 flamand qui concentre la majorit\u00e9 du parc immobilier belge et affiche la plus forte croissance des ventes depuis 2012 (+3%), repr\u00e9sente environ 65% de la valeur totale des transactions et pr\u00e8s de 74% des permis de b\u00e2tir r\u00e9cents.\u00a0<\/span><\/p>\n<p><span style=\"font-family: Calibri, sans-serif;\">Kretz Real Estate vise d\u00e9j\u00e0 l\u2019ouverture de trois autres franchises suppl\u00e9mentaires d\u00e8s 2026, en Europe et dans des destinations internationales \u00e0 forte valeur patrimoniale. \u00ab\u00a0Comme pour le <em>flagship<\/em> parisien, le d\u00e9veloppement rapide en franchise s\u2019inscrit pour nous dans une continuit\u00e9 naturelle\u00a0\u00bb, conclut <a href=\"https:\/\/www.linkedin.com\/in\/alexandrebruneau\/\"><strong>Alexandre Bruneau.<\/strong><\/a><\/span><\/p>\n<h4><span style=\"font-family: Calibri, sans-serif;\"><span style=\"font-size: large;\"><b>Kretz Real Estate &#8211; Chiffres cl\u00e9s<\/b><\/span>\u200b<\/span><\/h4>\n<ul>\n<li>\u200b<span style=\"font-family: Calibri, sans-serif;\">250 ventes annuelles, soit une vente par jour ouvrable<\/span><\/li>\n<li>\u200b<span style=\"font-family: Calibri, sans-serif;\">Ticket moyen des ventes: 1,9 million d\u2019euros<\/span><\/li>\n<li><span style=\"font-family: Calibri, sans-serif;\">500 millions d\u2019euros de biens vendus en 2025<\/span><\/li>\n<li>\u200b<span style=\"font-family: Calibri, sans-serif;\">Chiffres d\u2019affaires : 60% en France, 40% \u00e0 l\u2019\u00e9tranger<\/span><\/li>\n<li>\u200b<span style=\"font-family: Calibri, sans-serif;\">130 agents Kretz Real Estate + 40 nouveaux agents en 2025 \u200b\u200b<\/span><\/li>\n<li>\u200b<span style=\"font-family: Calibri, sans-serif;\">2 millions de followers \u200b<\/span><\/li>\n<li>\u200b<span style=\"font-family: Calibri, sans-serif;\">+80% de croissance en 2025\u200b<\/span><\/li>\n<li>\u200b<span style=\"font-family: Calibri, sans-serif;\">Honoraires : 5% \u00e0 Paris \/ 4,5% en province<\/span><\/li>\n<li>\u200b<span style=\"font-family: Calibri, sans-serif;\">868.000 t\u00e9l\u00e9spectateurs par \u00e9pisode pour L\u2019Agence\u200b<\/span><\/li>\n<\/ul>\n","protected":false},"excerpt":{"rendered":"<p>Le r\u00e9seau immobilier de prestige de la famille Kretz, mondialement connue gr\u00e2ce \u00e0 la s\u00e9rie t\u00e9l\u00e9vis\u00e9e L&rsquo;Agence, vient d\u2019ouvrir sa premi\u00e8re agence bruxelloise. La franchise belge sera port\u00e9e par Julie Carlier (Carlton Properties), d\u00e9j\u00e0 pr\u00e9sente place Brugmann \u00e0 Ixelles depuis 2013. Quelques semaines apr\u00e8s l\u2019inauguration de sa premi\u00e8re vitrine urbaine au 100 de la rue [&hellip;]<\/p>\n","protected":false},"author":15,"featured_media":16078,"comment_status":"closed","ping_status":"closed","sticky":false,"template":"","format":"standard","meta":{"_acf_changed":false,"inline_featured_image":false,"footnotes":""},"categories":[1,30,19,24,18],"tags":[],"class_list":{"0":"post-16077","1":"post","2":"type-post","3":"status-publish","4":"format-standard","5":"has-post-thumbnail","7":"category-actualite","8":"category-commerce","9":"category-entrepreneurs","10":"category-immobilier","11":"category-luxe"},"acf":[],"_yoast_wpseo_title":null,"_yoast_wpseo_metadesc":"Le r\u00e9seau immobilier de prestige de la famille Kretz vient d\u2019ouvrir son QG bruxellois. La franchise belge sera port\u00e9e par Julie Carlier (Carlton Properties)","auteur_traducteur":"","yoast_head":"<!-- This site is optimized with the Yoast SEO plugin v27.4 - https:\/\/yoast.com\/product\/yoast-seo-wordpress\/ -->\n<title>L&#039;Agence monte \u00e0 Bruxelles | Forbes Belgique<\/title>\n<meta name=\"description\" content=\"Le r\u00e9seau immobilier de prestige de la famille Kretz vient d\u2019ouvrir son QG bruxellois. La franchise belge sera port\u00e9e par Julie Carlier (Carlton Properties)\" \/>\n<meta name=\"robots\" content=\"index, follow, max-snippet:-1, max-image-preview:large, max-video-preview:-1\" \/>\n<link rel=\"canonical\" href=\"https:\/\/www.forbes.be\/fr\/lagence-monte-a-bruxelles\/\" \/>\n<meta property=\"og:locale\" content=\"fr_FR\" \/>\n<meta property=\"og:type\" content=\"article\" \/>\n<meta property=\"og:title\" content=\"L&#039;Agence monte \u00e0 Bruxelles | Forbes Belgique\" \/>\n<meta property=\"og:description\" content=\"Le r\u00e9seau immobilier de prestige de la famille Kretz vient d\u2019ouvrir son QG bruxellois. La franchise belge sera port\u00e9e par Julie Carlier (Carlton Properties)\" \/>\n<meta property=\"og:url\" content=\"https:\/\/www.forbes.be\/fr\/lagence-monte-a-bruxelles\/\" \/>\n<meta property=\"og:site_name\" content=\"Forbes Belgique\" \/>\n<meta property=\"article:publisher\" content=\"https:\/\/www.facebook.com\/forbesbelgique\/\" \/>\n<meta property=\"article:published_time\" content=\"2026-03-17T17:22:02+00:00\" \/>\n<meta property=\"article:modified_time\" content=\"2026-03-18T08:34:21+00:00\" \/>\n<meta property=\"og:image\" content=\"https:\/\/www.forbes.be\/fr\/wp-content\/uploads\/2026\/03\/sissystudio-dsc07158-e1773822798938.jpg\" \/>\n\t<meta property=\"og:image:width\" content=\"1594\" \/>\n\t<meta property=\"og:image:height\" content=\"836\" \/>\n\t<meta property=\"og:image:type\" content=\"image\/jpeg\" \/>\n<meta name=\"author\" content=\"Philippe Coul\u00e9e\" \/>\n<meta name=\"twitter:card\" content=\"summary_large_image\" \/>\n<meta name=\"twitter:label1\" content=\"\u00c9crit par\" \/>\n\t<meta name=\"twitter:data1\" content=\"Philippe Coul\u00e9e\" \/>\n\t<meta name=\"twitter:label2\" content=\"Dur\u00e9e de lecture estim\u00e9e\" \/>\n\t<meta name=\"twitter:data2\" content=\"5 minutes\" \/>\n<script type=\"application\/ld+json\" class=\"yoast-schema-graph\">{\"@context\":\"https:\\\/\\\/schema.org\",\"@graph\":[{\"@type\":\"NewsArticle\",\"@id\":\"https:\\\/\\\/www.forbes.be\\\/fr\\\/lagence-monte-a-bruxelles\\\/#article\",\"isPartOf\":{\"@id\":\"https:\\\/\\\/www.forbes.be\\\/fr\\\/lagence-monte-a-bruxelles\\\/\"},\"author\":{\"name\":\"Philippe Coul\u00e9e\",\"@id\":\"https:\\\/\\\/www.forbes.be\\\/fr\\\/#\\\/schema\\\/person\\\/22bfc3335e560f4084ef5af17ecdad87\"},\"headline\":\"L&rsquo;Agence monte \u00e0 Bruxelles\",\"datePublished\":\"2026-03-17T17:22:02+00:00\",\"dateModified\":\"2026-03-18T08:34:21+00:00\",\"mainEntityOfPage\":{\"@id\":\"https:\\\/\\\/www.forbes.be\\\/fr\\\/lagence-monte-a-bruxelles\\\/\"},\"wordCount\":802,\"publisher\":{\"@id\":\"https:\\\/\\\/www.forbes.be\\\/fr\\\/#organization\"},\"image\":{\"@id\":\"https:\\\/\\\/www.forbes.be\\\/fr\\\/lagence-monte-a-bruxelles\\\/#primaryimage\"},\"thumbnailUrl\":\"https:\\\/\\\/www.forbes.be\\\/fr\\\/wp-content\\\/uploads\\\/2026\\\/03\\\/sissystudio-dsc07158-e1773822798938.jpg\",\"articleSection\":[\"Actualit\u00e9s\",\"Commerce\",\"Entrepreneurs\",\"Immobilier\",\"Luxe\"],\"inLanguage\":\"fr-FR\"},{\"@type\":\"WebPage\",\"@id\":\"https:\\\/\\\/www.forbes.be\\\/fr\\\/lagence-monte-a-bruxelles\\\/\",\"url\":\"https:\\\/\\\/www.forbes.be\\\/fr\\\/lagence-monte-a-bruxelles\\\/\",\"name\":\"L'Agence monte \u00e0 Bruxelles | Forbes Belgique\",\"isPartOf\":{\"@id\":\"https:\\\/\\\/www.forbes.be\\\/fr\\\/#website\"},\"primaryImageOfPage\":{\"@id\":\"https:\\\/\\\/www.forbes.be\\\/fr\\\/lagence-monte-a-bruxelles\\\/#primaryimage\"},\"image\":{\"@id\":\"https:\\\/\\\/www.forbes.be\\\/fr\\\/lagence-monte-a-bruxelles\\\/#primaryimage\"},\"thumbnailUrl\":\"https:\\\/\\\/www.forbes.be\\\/fr\\\/wp-content\\\/uploads\\\/2026\\\/03\\\/sissystudio-dsc07158-e1773822798938.jpg\",\"datePublished\":\"2026-03-17T17:22:02+00:00\",\"dateModified\":\"2026-03-18T08:34:21+00:00\",\"description\":\"Le r\u00e9seau immobilier de prestige de la famille Kretz vient d\u2019ouvrir son QG bruxellois. La franchise belge sera port\u00e9e par Julie Carlier (Carlton Properties)\",\"breadcrumb\":{\"@id\":\"https:\\\/\\\/www.forbes.be\\\/fr\\\/lagence-monte-a-bruxelles\\\/#breadcrumb\"},\"inLanguage\":\"fr-FR\",\"potentialAction\":[{\"@type\":\"ReadAction\",\"target\":[\"https:\\\/\\\/www.forbes.be\\\/fr\\\/lagence-monte-a-bruxelles\\\/\"]}]},{\"@type\":\"ImageObject\",\"inLanguage\":\"fr-FR\",\"@id\":\"https:\\\/\\\/www.forbes.be\\\/fr\\\/lagence-monte-a-bruxelles\\\/#primaryimage\",\"url\":\"https:\\\/\\\/www.forbes.be\\\/fr\\\/wp-content\\\/uploads\\\/2026\\\/03\\\/sissystudio-dsc07158-e1773822798938.jpg\",\"contentUrl\":\"https:\\\/\\\/www.forbes.be\\\/fr\\\/wp-content\\\/uploads\\\/2026\\\/03\\\/sissystudio-dsc07158-e1773822798938.jpg\",\"width\":1594,\"height\":836,\"caption\":\"Valentin Kretz, Julie Carlier et Martin Kretz. \u00a9 SissyStudio\"},{\"@type\":\"BreadcrumbList\",\"@id\":\"https:\\\/\\\/www.forbes.be\\\/fr\\\/lagence-monte-a-bruxelles\\\/#breadcrumb\",\"itemListElement\":[{\"@type\":\"ListItem\",\"position\":1,\"name\":\"Accueil\",\"item\":\"https:\\\/\\\/www.forbes.be\\\/fr\\\/\"},{\"@type\":\"ListItem\",\"position\":2,\"name\":\"L&rsquo;Agence monte \u00e0 Bruxelles\"}]},{\"@type\":\"WebSite\",\"@id\":\"https:\\\/\\\/www.forbes.be\\\/fr\\\/#website\",\"url\":\"https:\\\/\\\/www.forbes.be\\\/fr\\\/\",\"name\":\"Forbes Belgique\",\"description\":\"\",\"publisher\":{\"@id\":\"https:\\\/\\\/www.forbes.be\\\/fr\\\/#organization\"},\"potentialAction\":[{\"@type\":\"SearchAction\",\"target\":{\"@type\":\"EntryPoint\",\"urlTemplate\":\"https:\\\/\\\/www.forbes.be\\\/fr\\\/?s={search_term_string}\"},\"query-input\":{\"@type\":\"PropertyValueSpecification\",\"valueRequired\":true,\"valueName\":\"search_term_string\"}}],\"inLanguage\":\"fr-FR\"},{\"@type\":\"Organization\",\"@id\":\"https:\\\/\\\/www.forbes.be\\\/fr\\\/#organization\",\"name\":\"Forbes Belgique\",\"url\":\"https:\\\/\\\/www.forbes.be\\\/fr\\\/\",\"logo\":{\"@type\":\"ImageObject\",\"inLanguage\":\"fr-FR\",\"@id\":\"https:\\\/\\\/www.forbes.be\\\/fr\\\/#\\\/schema\\\/logo\\\/image\\\/\",\"url\":\"https:\\\/\\\/www.forbes.be\\\/fr\\\/wp-content\\\/uploads\\\/2024\\\/02\\\/forbes.be_.png\",\"contentUrl\":\"https:\\\/\\\/www.forbes.be\\\/fr\\\/wp-content\\\/uploads\\\/2024\\\/02\\\/forbes.be_.png\",\"width\":1200,\"height\":675,\"caption\":\"Forbes Belgique\"},\"image\":{\"@id\":\"https:\\\/\\\/www.forbes.be\\\/fr\\\/#\\\/schema\\\/logo\\\/image\\\/\"},\"sameAs\":[\"https:\\\/\\\/www.facebook.com\\\/forbesbelgique\\\/\",\"https:\\\/\\\/www.instagram.com\\\/Forbes_Belgium\",\"https:\\\/\\\/www.linkedin.com\\\/company\\\/forbes-belgium\\\/\"]},{\"@type\":\"Person\",\"@id\":\"https:\\\/\\\/www.forbes.be\\\/fr\\\/#\\\/schema\\\/person\\\/22bfc3335e560f4084ef5af17ecdad87\",\"name\":\"Philippe Coul\u00e9e\",\"image\":{\"@type\":\"ImageObject\",\"inLanguage\":\"fr-FR\",\"@id\":\"https:\\\/\\\/www.forbes.be\\\/fr\\\/wp-content\\\/uploads\\\/2024\\\/01\\\/unnamed-150x150.jpg\",\"url\":\"https:\\\/\\\/www.forbes.be\\\/fr\\\/wp-content\\\/uploads\\\/2024\\\/01\\\/unnamed-150x150.jpg\",\"contentUrl\":\"https:\\\/\\\/www.forbes.be\\\/fr\\\/wp-content\\\/uploads\\\/2024\\\/01\\\/unnamed-150x150.jpg\",\"caption\":\"Philippe Coul\u00e9e\"},\"url\":\"https:\\\/\\\/www.forbes.be\\\/fr\\\/author\\\/philippe-couleeicloud-com\\\/\"}]}<\/script>\n<!-- \/ Yoast SEO plugin. -->","yoast_head_json":{"title":"L'Agence monte \u00e0 Bruxelles | Forbes Belgique","description":"Le r\u00e9seau immobilier de prestige de la famille Kretz vient d\u2019ouvrir son QG bruxellois. La franchise belge sera port\u00e9e par Julie Carlier (Carlton Properties)","robots":{"index":"index","follow":"follow","max-snippet":"max-snippet:-1","max-image-preview":"max-image-preview:large","max-video-preview":"max-video-preview:-1"},"canonical":"https:\/\/www.forbes.be\/fr\/lagence-monte-a-bruxelles\/","og_locale":"fr_FR","og_type":"article","og_title":"L'Agence monte \u00e0 Bruxelles | Forbes Belgique","og_description":"Le r\u00e9seau immobilier de prestige de la famille Kretz vient d\u2019ouvrir son QG bruxellois. La franchise belge sera port\u00e9e par Julie Carlier (Carlton Properties)","og_url":"https:\/\/www.forbes.be\/fr\/lagence-monte-a-bruxelles\/","og_site_name":"Forbes Belgique","article_publisher":"https:\/\/www.facebook.com\/forbesbelgique\/","article_published_time":"2026-03-17T17:22:02+00:00","article_modified_time":"2026-03-18T08:34:21+00:00","og_image":[{"width":1594,"height":836,"url":"https:\/\/www.forbes.be\/fr\/wp-content\/uploads\/2026\/03\/sissystudio-dsc07158-e1773822798938.jpg","type":"image\/jpeg"}],"author":"Philippe Coul\u00e9e","twitter_card":"summary_large_image","twitter_misc":{"\u00c9crit par":"Philippe Coul\u00e9e","Dur\u00e9e de lecture estim\u00e9e":"5 minutes"},"schema":{"@context":"https:\/\/schema.org","@graph":[{"@type":"NewsArticle","@id":"https:\/\/www.forbes.be\/fr\/lagence-monte-a-bruxelles\/#article","isPartOf":{"@id":"https:\/\/www.forbes.be\/fr\/lagence-monte-a-bruxelles\/"},"author":{"name":"Philippe Coul\u00e9e","@id":"https:\/\/www.forbes.be\/fr\/#\/schema\/person\/22bfc3335e560f4084ef5af17ecdad87"},"headline":"L&rsquo;Agence monte \u00e0 Bruxelles","datePublished":"2026-03-17T17:22:02+00:00","dateModified":"2026-03-18T08:34:21+00:00","mainEntityOfPage":{"@id":"https:\/\/www.forbes.be\/fr\/lagence-monte-a-bruxelles\/"},"wordCount":802,"publisher":{"@id":"https:\/\/www.forbes.be\/fr\/#organization"},"image":{"@id":"https:\/\/www.forbes.be\/fr\/lagence-monte-a-bruxelles\/#primaryimage"},"thumbnailUrl":"https:\/\/www.forbes.be\/fr\/wp-content\/uploads\/2026\/03\/sissystudio-dsc07158-e1773822798938.jpg","articleSection":["Actualit\u00e9s","Commerce","Entrepreneurs","Immobilier","Luxe"],"inLanguage":"fr-FR"},{"@type":"WebPage","@id":"https:\/\/www.forbes.be\/fr\/lagence-monte-a-bruxelles\/","url":"https:\/\/www.forbes.be\/fr\/lagence-monte-a-bruxelles\/","name":"L'Agence monte \u00e0 Bruxelles | Forbes Belgique","isPartOf":{"@id":"https:\/\/www.forbes.be\/fr\/#website"},"primaryImageOfPage":{"@id":"https:\/\/www.forbes.be\/fr\/lagence-monte-a-bruxelles\/#primaryimage"},"image":{"@id":"https:\/\/www.forbes.be\/fr\/lagence-monte-a-bruxelles\/#primaryimage"},"thumbnailUrl":"https:\/\/www.forbes.be\/fr\/wp-content\/uploads\/2026\/03\/sissystudio-dsc07158-e1773822798938.jpg","datePublished":"2026-03-17T17:22:02+00:00","dateModified":"2026-03-18T08:34:21+00:00","description":"Le r\u00e9seau immobilier de prestige de la famille Kretz vient d\u2019ouvrir son QG bruxellois. La franchise belge sera port\u00e9e par Julie Carlier (Carlton Properties)","breadcrumb":{"@id":"https:\/\/www.forbes.be\/fr\/lagence-monte-a-bruxelles\/#breadcrumb"},"inLanguage":"fr-FR","potentialAction":[{"@type":"ReadAction","target":["https:\/\/www.forbes.be\/fr\/lagence-monte-a-bruxelles\/"]}]},{"@type":"ImageObject","inLanguage":"fr-FR","@id":"https:\/\/www.forbes.be\/fr\/lagence-monte-a-bruxelles\/#primaryimage","url":"https:\/\/www.forbes.be\/fr\/wp-content\/uploads\/2026\/03\/sissystudio-dsc07158-e1773822798938.jpg","contentUrl":"https:\/\/www.forbes.be\/fr\/wp-content\/uploads\/2026\/03\/sissystudio-dsc07158-e1773822798938.jpg","width":1594,"height":836,"caption":"Valentin Kretz, Julie Carlier et Martin Kretz. \u00a9 SissyStudio"},{"@type":"BreadcrumbList","@id":"https:\/\/www.forbes.be\/fr\/lagence-monte-a-bruxelles\/#breadcrumb","itemListElement":[{"@type":"ListItem","position":1,"name":"Accueil","item":"https:\/\/www.forbes.be\/fr\/"},{"@type":"ListItem","position":2,"name":"L&rsquo;Agence monte \u00e0 Bruxelles"}]},{"@type":"WebSite","@id":"https:\/\/www.forbes.be\/fr\/#website","url":"https:\/\/www.forbes.be\/fr\/","name":"Forbes Belgique","description":"","publisher":{"@id":"https:\/\/www.forbes.be\/fr\/#organization"},"potentialAction":[{"@type":"SearchAction","target":{"@type":"EntryPoint","urlTemplate":"https:\/\/www.forbes.be\/fr\/?s={search_term_string}"},"query-input":{"@type":"PropertyValueSpecification","valueRequired":true,"valueName":"search_term_string"}}],"inLanguage":"fr-FR"},{"@type":"Organization","@id":"https:\/\/www.forbes.be\/fr\/#organization","name":"Forbes Belgique","url":"https:\/\/www.forbes.be\/fr\/","logo":{"@type":"ImageObject","inLanguage":"fr-FR","@id":"https:\/\/www.forbes.be\/fr\/#\/schema\/logo\/image\/","url":"https:\/\/www.forbes.be\/fr\/wp-content\/uploads\/2024\/02\/forbes.be_.png","contentUrl":"https:\/\/www.forbes.be\/fr\/wp-content\/uploads\/2024\/02\/forbes.be_.png","width":1200,"height":675,"caption":"Forbes Belgique"},"image":{"@id":"https:\/\/www.forbes.be\/fr\/#\/schema\/logo\/image\/"},"sameAs":["https:\/\/www.facebook.com\/forbesbelgique\/","https:\/\/www.instagram.com\/Forbes_Belgium","https:\/\/www.linkedin.com\/company\/forbes-belgium\/"]},{"@type":"Person","@id":"https:\/\/www.forbes.be\/fr\/#\/schema\/person\/22bfc3335e560f4084ef5af17ecdad87","name":"Philippe Coul\u00e9e","image":{"@type":"ImageObject","inLanguage":"fr-FR","@id":"https:\/\/www.forbes.be\/fr\/wp-content\/uploads\/2024\/01\/unnamed-150x150.jpg","url":"https:\/\/www.forbes.be\/fr\/wp-content\/uploads\/2024\/01\/unnamed-150x150.jpg","contentUrl":"https:\/\/www.forbes.be\/fr\/wp-content\/uploads\/2024\/01\/unnamed-150x150.jpg","caption":"Philippe Coul\u00e9e"},"url":"https:\/\/www.forbes.be\/fr\/author\/philippe-couleeicloud-com\/"}]}},"_links":{"self":[{"href":"https:\/\/www.forbes.be\/fr\/wp-json\/wp\/v2\/posts\/16077","targetHints":{"allow":["GET"]}}],"collection":[{"href":"https:\/\/www.forbes.be\/fr\/wp-json\/wp\/v2\/posts"}],"about":[{"href":"https:\/\/www.forbes.be\/fr\/wp-json\/wp\/v2\/types\/post"}],"author":[{"embeddable":true,"href":"https:\/\/www.forbes.be\/fr\/wp-json\/wp\/v2\/users\/15"}],"replies":[{"embeddable":true,"href":"https:\/\/www.forbes.be\/fr\/wp-json\/wp\/v2\/comments?post=16077"}],"version-history":[{"count":5,"href":"https:\/\/www.forbes.be\/fr\/wp-json\/wp\/v2\/posts\/16077\/revisions"}],"predecessor-version":[{"id":16085,"href":"https:\/\/www.forbes.be\/fr\/wp-json\/wp\/v2\/posts\/16077\/revisions\/16085"}],"wp:featuredmedia":[{"embeddable":true,"href":"https:\/\/www.forbes.be\/fr\/wp-json\/wp\/v2\/media\/16078"}],"wp:attachment":[{"href":"https:\/\/www.forbes.be\/fr\/wp-json\/wp\/v2\/media?parent=16077"}],"wp:term":[{"taxonomy":"category","embeddable":true,"href":"https:\/\/www.forbes.be\/fr\/wp-json\/wp\/v2\/categories?post=16077"},{"taxonomy":"post_tag","embeddable":true,"href":"https:\/\/www.forbes.be\/fr\/wp-json\/wp\/v2\/tags?post=16077"}],"curies":[{"name":"wp","href":"https:\/\/api.w.org\/{rel}","templated":true}]}}