{"id":16142,"date":"2026-05-02T07:17:16","date_gmt":"2026-05-02T05:17:16","guid":{"rendered":"https:\/\/www.forbes.be\/fr\/?p=16142"},"modified":"2026-04-28T10:57:37","modified_gmt":"2026-04-28T08:57:37","slug":"la-coherence-de-lincoherence","status":"publish","type":"post","link":"https:\/\/www.forbes.be\/fr\/la-coherence-de-lincoherence\/","title":{"rendered":"La coh\u00e9rence de l\u2019incoh\u00e9rence"},"content":{"rendered":"<p class=\"p1\"><strong><span class=\"s1\">Voici une initiative \u00e0 impact simple \u00e0 mettre en place en 2026\u00a0: faire figurer dans tous les manuels scolaires et de leadership, aux c\u00f4t\u00e9s du discours de Simone Veil, la prise de parole du d\u00e9put\u00e9 \u00c9tienne Pinte le 29 novembre 1974 \u00e0 l\u2019Assembl\u00e9e nationale fran\u00e7aise.<span class=\"Apple-converted-space\">\u00a0<\/span><\/span><\/strong><\/p>\n<p class=\"p1\"><span class=\"s1\">Ce jour-l\u00e0, ce dirigeant de droite, catholique convaincu, annon\u00e7a qu\u2019il allait voter la loi Veil l\u00e9galisant l\u2019avortement, alors m\u00eame qu\u2019il \u00e9tait \u00ab personnellement hostile \u00bb \u00e0 l\u2019IVG. Sa d\u00e9claration fut d\u00e9cisive\u00a0: elle permit \u00e0 cette loi d\u00e9terminante d\u2019\u00eatre act\u00e9e par la suite.<span class=\"Apple-converted-space\">\u00a0<\/span><\/span><\/p>\n<p class=\"p1\"><span class=\"s1\">En substance, il justifia son choix en apparence paradoxal par une conviction sup\u00e9rieure \u00e0 celle qui motivait ses positions sur l\u2019avortement\u00a0: d\u00e9fendre la vie au sens large.<span class=\"Apple-converted-space\">\u00a0<\/span><\/span><\/p>\n<p class=\"p1\"><span class=\"s1\">En effet, \u00e0 l\u2019\u00e9poque, les avortements clandestins prolif\u00e9raient, co\u00fbtant la vie \u00e0 des centaines de femmes chaque ann\u00e9e dans le pays. En d\u00e9pit de ses convictions r\u00e9solument hostiles aux interruptions volontaires de grossesse, il prit en consid\u00e9ration cette r\u00e9alit\u00e9 factuelle.<\/span><\/p>\n<p class=\"p1\"><span class=\"s1\">Ce geste rare vaut p\u00e9dagogie \u00e0 une \u00e9poque comme la n\u00f4tre, satur\u00e9e de r\u00e9cits concurrents, o\u00f9 la V\u00e9rit\u00e9 elle-m\u00eame semble ne plus suffire \u00e0 arbitrer. La lucidit\u00e9 de M. Pinte agit comme un antidote dans un monde en r\u00e9activit\u00e9 permanente, o\u00f9 l\u2019engagement se transforme bien vite en posture, la pens\u00e9e en bien-pensance, et l\u2019humanisme en empathie s\u00e9lective.<\/span><\/p>\n<p class=\"p1\"><span class=\"s1\">Son intervention illustre le courage rare des responsables qui savent penser contre eux-m\u00eames et hi\u00e9rarchiser les id\u00e9aux qui les animent, \u00e9vitant ainsi de se transformer en id\u00e9ologues. \u00ab\u00a0<i>Je m\u2019efforce de ne pas confondre \u00e9thique personnelle et r\u00e8gle sociale<\/i>\u00a0\u00bb, dit-il.<\/span><\/p>\n<p class=\"p1\"><span class=\"s2\">Le philosophe Fran\u00e7ois Jullien qualifierait cette disposition int\u00e9rieure de d\u00e9co\u00efncidence : la facult\u00e9 de ne pas \u00eatre tout \u00e0 fait d\u2019accord avec soi-m\u00eame, de ne pas se confondre avec ses certitudes, d\u2019habiter la tension plut\u00f4t que de la nier.<span class=\"Apple-converted-space\">\u00a0<\/span><\/span><\/p>\n<p class=\"p1\"><span class=\"s1\">L\u2019homme n\u2019avait pas chang\u00e9 d\u2019avis\u00a0: il restait fermement oppos\u00e9 \u00e0 l\u2019avortement. Dans le m\u00eame \u00e9lan, il pr\u00e9cisa d\u2019ailleurs qu\u2019une fois ce droit instaur\u00e9, il vaquerait \u00e0 dissuader les femmes d\u2019y avoir recours. Simplement, il avait su discerner qu\u2019\u00e0 un instant donn\u00e9, d\u00e9fendre la vie impliquait de subordonner une cause \u00e9rig\u00e9e au nom de la vie.<\/span><\/p>\n<p class=\"p1\">N\u00e9 en Belgique, patrie du compromis, et fils de libraires, ce n\u2019est sans doute pas un hasard si M. Pinte avait saisi ce que la litt\u00e9rature \u00e9claire mieux que quiconque : la porosit\u00e9 des cat\u00e9gories et l\u2019impossibilit\u00e9 de r\u00e9duire le r\u00e9el \u00e0 des oppositions binaires de type \u00ab\u00a0pour ou contre\u00a0\u00bb.<span class=\"Apple-converted-space\">\u00a0<\/span><\/p>\n<blockquote>\n<p class=\"p3\"><span class=\"s3\">\u00ab <i>\u00catre <\/i><\/span><span class=\"s4\"><i>fid\u00e8le<\/i><\/span><span class=\"s3\"><i> \u00e0 soi-m\u00eame suppose parfois de <\/i><\/span><span class=\"s4\"><i>trahir<\/i><\/span><span class=\"s3\"><i> \u2013 un instant \u2013 ses <\/i><\/span><span class=\"s4\"><i>id\u00e9es<\/i><\/span><span class=\"s3\"><i> <\/i>\u00bb<\/span><\/p>\n<\/blockquote>\n<p class=\"p1\"><span class=\"s1\">Cet \u00e9pisode de l\u2019histoire illustre ce que signifie cr\u00e9er un espace entre soi et les r\u00e9cits qui nous habitent, pour ne pas syst\u00e9matiquement leur c\u00e9der la premi\u00e8re place. Ainsi seulement l\u2019action cesse d\u2019\u00eatre r\u00e9flexe pour redevenir un vrai choix, et notre humanit\u00e9 se d\u00e9ploie.<\/span><\/p>\n<p class=\"p1\"><span class=\"s2\">Il rappelle un principe essentiel : \u00eatre fid\u00e8le \u00e0 soi-m\u00eame suppose parfois de trahir \u2013 un instant \u2013 ses id\u00e9es. Ce qui peut sembler incoh\u00e9rent n\u2019est alors que l\u2019expression m\u00eame de la coh\u00e9rence.<\/span><\/p>\n","protected":false},"excerpt":{"rendered":"<p>Voici une initiative \u00e0 impact simple \u00e0 mettre en place en 2026\u00a0: faire figurer dans tous les manuels scolaires et de leadership, aux c\u00f4t\u00e9s du discours de Simone Veil, la prise de parole du d\u00e9put\u00e9 \u00c9tienne Pinte le 29 novembre 1974 \u00e0 l\u2019Assembl\u00e9e nationale fran\u00e7aise.\u00a0 Ce jour-l\u00e0, ce dirigeant de droite, catholique convaincu, annon\u00e7a qu\u2019il [&hellip;]<\/p>\n","protected":false},"author":39,"featured_media":16143,"comment_status":"closed","ping_status":"closed","sticky":false,"template":"","format":"standard","meta":{"_acf_changed":false,"inline_featured_image":false,"footnotes":""},"categories":[1],"tags":[],"class_list":{"0":"post-16142","1":"post","2":"type-post","3":"status-publish","4":"format-standard","5":"has-post-thumbnail","7":"category-actualite"},"acf":[],"_yoast_wpseo_title":null,"_yoast_wpseo_metadesc":null,"auteur_traducteur":"","yoast_head":"<!-- This site is optimized with the Yoast SEO plugin v27.4 - https:\/\/yoast.com\/product\/yoast-seo-wordpress\/ -->\n<title>La coh\u00e9rence de l\u2019incoh\u00e9rence | Forbes Belgique<\/title>\n<meta name=\"robots\" content=\"index, follow, max-snippet:-1, max-image-preview:large, max-video-preview:-1\" \/>\n<link rel=\"canonical\" href=\"https:\/\/www.forbes.be\/fr\/la-coherence-de-lincoherence\/\" \/>\n<meta property=\"og:locale\" content=\"fr_FR\" \/>\n<meta property=\"og:type\" content=\"article\" \/>\n<meta property=\"og:title\" content=\"La coh\u00e9rence de l\u2019incoh\u00e9rence | Forbes Belgique\" \/>\n<meta property=\"og:description\" content=\"Voici une initiative \u00e0 impact simple \u00e0 mettre en place en 2026\u00a0: faire figurer dans tous les manuels scolaires et de leadership, aux c\u00f4t\u00e9s du discours de Simone Veil, la prise de parole du d\u00e9put\u00e9 \u00c9tienne Pinte le 29 novembre 1974 \u00e0 l\u2019Assembl\u00e9e nationale fran\u00e7aise.\u00a0 Ce jour-l\u00e0, ce dirigeant de droite, catholique convaincu, annon\u00e7a qu\u2019il [&hellip;]\" \/>\n<meta property=\"og:url\" content=\"https:\/\/www.forbes.be\/fr\/la-coherence-de-lincoherence\/\" \/>\n<meta property=\"og:site_name\" content=\"Forbes Belgique\" \/>\n<meta property=\"article:publisher\" content=\"https:\/\/www.facebook.com\/forbesbelgique\/\" \/>\n<meta property=\"article:published_time\" content=\"2026-05-02T05:17:16+00:00\" \/>\n<meta property=\"og:image\" content=\"https:\/\/www.forbes.be\/fr\/wp-content\/uploads\/2026\/03\/adobestock-1073037017.jpg\" \/>\n\t<meta property=\"og:image:width\" content=\"1200\" \/>\n\t<meta property=\"og:image:height\" content=\"628\" \/>\n\t<meta property=\"og:image:type\" content=\"image\/jpeg\" \/>\n<meta name=\"author\" content=\"Sarah Halfin\" \/>\n<meta name=\"twitter:card\" content=\"summary_large_image\" \/>\n<meta name=\"twitter:label1\" content=\"\u00c9crit par\" \/>\n\t<meta name=\"twitter:data1\" content=\"Sarah Halfin\" \/>\n\t<meta name=\"twitter:label2\" content=\"Dur\u00e9e de lecture estim\u00e9e\" \/>\n\t<meta name=\"twitter:data2\" content=\"3 minutes\" \/>\n<script type=\"application\/ld+json\" class=\"yoast-schema-graph\">{\"@context\":\"https:\\\/\\\/schema.org\",\"@graph\":[{\"@type\":\"NewsArticle\",\"@id\":\"https:\\\/\\\/www.forbes.be\\\/fr\\\/la-coherence-de-lincoherence\\\/#article\",\"isPartOf\":{\"@id\":\"https:\\\/\\\/www.forbes.be\\\/fr\\\/la-coherence-de-lincoherence\\\/\"},\"author\":{\"name\":\"Sarah Halfin\",\"@id\":\"https:\\\/\\\/www.forbes.be\\\/fr\\\/#\\\/schema\\\/person\\\/5e304f90c44d0b3ca5eb6d01b6bbe546\"},\"headline\":\"La coh\u00e9rence de l\u2019incoh\u00e9rence\",\"datePublished\":\"2026-05-02T05:17:16+00:00\",\"mainEntityOfPage\":{\"@id\":\"https:\\\/\\\/www.forbes.be\\\/fr\\\/la-coherence-de-lincoherence\\\/\"},\"wordCount\":556,\"publisher\":{\"@id\":\"https:\\\/\\\/www.forbes.be\\\/fr\\\/#organization\"},\"image\":{\"@id\":\"https:\\\/\\\/www.forbes.be\\\/fr\\\/la-coherence-de-lincoherence\\\/#primaryimage\"},\"thumbnailUrl\":\"https:\\\/\\\/www.forbes.be\\\/fr\\\/wp-content\\\/uploads\\\/2026\\\/03\\\/adobestock-1073037017.jpg\",\"articleSection\":[\"Actualit\u00e9s\"],\"inLanguage\":\"fr-FR\"},{\"@type\":\"WebPage\",\"@id\":\"https:\\\/\\\/www.forbes.be\\\/fr\\\/la-coherence-de-lincoherence\\\/\",\"url\":\"https:\\\/\\\/www.forbes.be\\\/fr\\\/la-coherence-de-lincoherence\\\/\",\"name\":\"La coh\u00e9rence de l\u2019incoh\u00e9rence | Forbes Belgique\",\"isPartOf\":{\"@id\":\"https:\\\/\\\/www.forbes.be\\\/fr\\\/#website\"},\"primaryImageOfPage\":{\"@id\":\"https:\\\/\\\/www.forbes.be\\\/fr\\\/la-coherence-de-lincoherence\\\/#primaryimage\"},\"image\":{\"@id\":\"https:\\\/\\\/www.forbes.be\\\/fr\\\/la-coherence-de-lincoherence\\\/#primaryimage\"},\"thumbnailUrl\":\"https:\\\/\\\/www.forbes.be\\\/fr\\\/wp-content\\\/uploads\\\/2026\\\/03\\\/adobestock-1073037017.jpg\",\"datePublished\":\"2026-05-02T05:17:16+00:00\",\"breadcrumb\":{\"@id\":\"https:\\\/\\\/www.forbes.be\\\/fr\\\/la-coherence-de-lincoherence\\\/#breadcrumb\"},\"inLanguage\":\"fr-FR\",\"potentialAction\":[{\"@type\":\"ReadAction\",\"target\":[\"https:\\\/\\\/www.forbes.be\\\/fr\\\/la-coherence-de-lincoherence\\\/\"]}]},{\"@type\":\"ImageObject\",\"inLanguage\":\"fr-FR\",\"@id\":\"https:\\\/\\\/www.forbes.be\\\/fr\\\/la-coherence-de-lincoherence\\\/#primaryimage\",\"url\":\"https:\\\/\\\/www.forbes.be\\\/fr\\\/wp-content\\\/uploads\\\/2026\\\/03\\\/adobestock-1073037017.jpg\",\"contentUrl\":\"https:\\\/\\\/www.forbes.be\\\/fr\\\/wp-content\\\/uploads\\\/2026\\\/03\\\/adobestock-1073037017.jpg\",\"width\":1200,\"height\":628,\"caption\":\"\u00a9 AdobeStock\"},{\"@type\":\"BreadcrumbList\",\"@id\":\"https:\\\/\\\/www.forbes.be\\\/fr\\\/la-coherence-de-lincoherence\\\/#breadcrumb\",\"itemListElement\":[{\"@type\":\"ListItem\",\"position\":1,\"name\":\"Accueil\",\"item\":\"https:\\\/\\\/www.forbes.be\\\/fr\\\/\"},{\"@type\":\"ListItem\",\"position\":2,\"name\":\"La coh\u00e9rence de l\u2019incoh\u00e9rence\"}]},{\"@type\":\"WebSite\",\"@id\":\"https:\\\/\\\/www.forbes.be\\\/fr\\\/#website\",\"url\":\"https:\\\/\\\/www.forbes.be\\\/fr\\\/\",\"name\":\"Forbes Belgique\",\"description\":\"\",\"publisher\":{\"@id\":\"https:\\\/\\\/www.forbes.be\\\/fr\\\/#organization\"},\"potentialAction\":[{\"@type\":\"SearchAction\",\"target\":{\"@type\":\"EntryPoint\",\"urlTemplate\":\"https:\\\/\\\/www.forbes.be\\\/fr\\\/?s={search_term_string}\"},\"query-input\":{\"@type\":\"PropertyValueSpecification\",\"valueRequired\":true,\"valueName\":\"search_term_string\"}}],\"inLanguage\":\"fr-FR\"},{\"@type\":\"Organization\",\"@id\":\"https:\\\/\\\/www.forbes.be\\\/fr\\\/#organization\",\"name\":\"Forbes Belgique\",\"url\":\"https:\\\/\\\/www.forbes.be\\\/fr\\\/\",\"logo\":{\"@type\":\"ImageObject\",\"inLanguage\":\"fr-FR\",\"@id\":\"https:\\\/\\\/www.forbes.be\\\/fr\\\/#\\\/schema\\\/logo\\\/image\\\/\",\"url\":\"https:\\\/\\\/www.forbes.be\\\/fr\\\/wp-content\\\/uploads\\\/2024\\\/02\\\/forbes.be_.png\",\"contentUrl\":\"https:\\\/\\\/www.forbes.be\\\/fr\\\/wp-content\\\/uploads\\\/2024\\\/02\\\/forbes.be_.png\",\"width\":1200,\"height\":675,\"caption\":\"Forbes Belgique\"},\"image\":{\"@id\":\"https:\\\/\\\/www.forbes.be\\\/fr\\\/#\\\/schema\\\/logo\\\/image\\\/\"},\"sameAs\":[\"https:\\\/\\\/www.facebook.com\\\/forbesbelgique\\\/\",\"https:\\\/\\\/www.instagram.com\\\/Forbes_Belgium\",\"https:\\\/\\\/www.linkedin.com\\\/company\\\/forbes-belgium\\\/\"]},{\"@type\":\"Person\",\"@id\":\"https:\\\/\\\/www.forbes.be\\\/fr\\\/#\\\/schema\\\/person\\\/5e304f90c44d0b3ca5eb6d01b6bbe546\",\"name\":\"Sarah Halfin\",\"image\":{\"@type\":\"ImageObject\",\"inLanguage\":\"fr-FR\",\"@id\":\"https:\\\/\\\/secure.gravatar.com\\\/avatar\\\/8351e55c1b265dbe867b53fa6e40dcb7dd598adb4059c356d4f78355285bb439?s=96&d=mm&r=g\",\"url\":\"https:\\\/\\\/secure.gravatar.com\\\/avatar\\\/8351e55c1b265dbe867b53fa6e40dcb7dd598adb4059c356d4f78355285bb439?s=96&d=mm&r=g\",\"contentUrl\":\"https:\\\/\\\/secure.gravatar.com\\\/avatar\\\/8351e55c1b265dbe867b53fa6e40dcb7dd598adb4059c356d4f78355285bb439?s=96&d=mm&r=g\",\"caption\":\"Sarah Halfin\"},\"url\":\"https:\\\/\\\/www.forbes.be\\\/fr\\\/author\\\/sarah-halfin\\\/\"}]}<\/script>\n<!-- \/ Yoast SEO plugin. -->","yoast_head_json":{"title":"La coh\u00e9rence de l\u2019incoh\u00e9rence | Forbes Belgique","robots":{"index":"index","follow":"follow","max-snippet":"max-snippet:-1","max-image-preview":"max-image-preview:large","max-video-preview":"max-video-preview:-1"},"canonical":"https:\/\/www.forbes.be\/fr\/la-coherence-de-lincoherence\/","og_locale":"fr_FR","og_type":"article","og_title":"La coh\u00e9rence de l\u2019incoh\u00e9rence | Forbes Belgique","og_description":"Voici une initiative \u00e0 impact simple \u00e0 mettre en place en 2026\u00a0: faire figurer dans tous les manuels scolaires et de leadership, aux c\u00f4t\u00e9s du discours de Simone Veil, la prise de parole du d\u00e9put\u00e9 \u00c9tienne Pinte le 29 novembre 1974 \u00e0 l\u2019Assembl\u00e9e nationale fran\u00e7aise.\u00a0 Ce jour-l\u00e0, ce dirigeant de droite, catholique convaincu, annon\u00e7a qu\u2019il [&hellip;]","og_url":"https:\/\/www.forbes.be\/fr\/la-coherence-de-lincoherence\/","og_site_name":"Forbes Belgique","article_publisher":"https:\/\/www.facebook.com\/forbesbelgique\/","article_published_time":"2026-05-02T05:17:16+00:00","og_image":[{"width":1200,"height":628,"url":"https:\/\/www.forbes.be\/fr\/wp-content\/uploads\/2026\/03\/adobestock-1073037017.jpg","type":"image\/jpeg"}],"author":"Sarah Halfin","twitter_card":"summary_large_image","twitter_misc":{"\u00c9crit par":"Sarah Halfin","Dur\u00e9e de lecture estim\u00e9e":"3 minutes"},"schema":{"@context":"https:\/\/schema.org","@graph":[{"@type":"NewsArticle","@id":"https:\/\/www.forbes.be\/fr\/la-coherence-de-lincoherence\/#article","isPartOf":{"@id":"https:\/\/www.forbes.be\/fr\/la-coherence-de-lincoherence\/"},"author":{"name":"Sarah Halfin","@id":"https:\/\/www.forbes.be\/fr\/#\/schema\/person\/5e304f90c44d0b3ca5eb6d01b6bbe546"},"headline":"La coh\u00e9rence de l\u2019incoh\u00e9rence","datePublished":"2026-05-02T05:17:16+00:00","mainEntityOfPage":{"@id":"https:\/\/www.forbes.be\/fr\/la-coherence-de-lincoherence\/"},"wordCount":556,"publisher":{"@id":"https:\/\/www.forbes.be\/fr\/#organization"},"image":{"@id":"https:\/\/www.forbes.be\/fr\/la-coherence-de-lincoherence\/#primaryimage"},"thumbnailUrl":"https:\/\/www.forbes.be\/fr\/wp-content\/uploads\/2026\/03\/adobestock-1073037017.jpg","articleSection":["Actualit\u00e9s"],"inLanguage":"fr-FR"},{"@type":"WebPage","@id":"https:\/\/www.forbes.be\/fr\/la-coherence-de-lincoherence\/","url":"https:\/\/www.forbes.be\/fr\/la-coherence-de-lincoherence\/","name":"La coh\u00e9rence de l\u2019incoh\u00e9rence | Forbes Belgique","isPartOf":{"@id":"https:\/\/www.forbes.be\/fr\/#website"},"primaryImageOfPage":{"@id":"https:\/\/www.forbes.be\/fr\/la-coherence-de-lincoherence\/#primaryimage"},"image":{"@id":"https:\/\/www.forbes.be\/fr\/la-coherence-de-lincoherence\/#primaryimage"},"thumbnailUrl":"https:\/\/www.forbes.be\/fr\/wp-content\/uploads\/2026\/03\/adobestock-1073037017.jpg","datePublished":"2026-05-02T05:17:16+00:00","breadcrumb":{"@id":"https:\/\/www.forbes.be\/fr\/la-coherence-de-lincoherence\/#breadcrumb"},"inLanguage":"fr-FR","potentialAction":[{"@type":"ReadAction","target":["https:\/\/www.forbes.be\/fr\/la-coherence-de-lincoherence\/"]}]},{"@type":"ImageObject","inLanguage":"fr-FR","@id":"https:\/\/www.forbes.be\/fr\/la-coherence-de-lincoherence\/#primaryimage","url":"https:\/\/www.forbes.be\/fr\/wp-content\/uploads\/2026\/03\/adobestock-1073037017.jpg","contentUrl":"https:\/\/www.forbes.be\/fr\/wp-content\/uploads\/2026\/03\/adobestock-1073037017.jpg","width":1200,"height":628,"caption":"\u00a9 AdobeStock"},{"@type":"BreadcrumbList","@id":"https:\/\/www.forbes.be\/fr\/la-coherence-de-lincoherence\/#breadcrumb","itemListElement":[{"@type":"ListItem","position":1,"name":"Accueil","item":"https:\/\/www.forbes.be\/fr\/"},{"@type":"ListItem","position":2,"name":"La coh\u00e9rence de l\u2019incoh\u00e9rence"}]},{"@type":"WebSite","@id":"https:\/\/www.forbes.be\/fr\/#website","url":"https:\/\/www.forbes.be\/fr\/","name":"Forbes Belgique","description":"","publisher":{"@id":"https:\/\/www.forbes.be\/fr\/#organization"},"potentialAction":[{"@type":"SearchAction","target":{"@type":"EntryPoint","urlTemplate":"https:\/\/www.forbes.be\/fr\/?s={search_term_string}"},"query-input":{"@type":"PropertyValueSpecification","valueRequired":true,"valueName":"search_term_string"}}],"inLanguage":"fr-FR"},{"@type":"Organization","@id":"https:\/\/www.forbes.be\/fr\/#organization","name":"Forbes Belgique","url":"https:\/\/www.forbes.be\/fr\/","logo":{"@type":"ImageObject","inLanguage":"fr-FR","@id":"https:\/\/www.forbes.be\/fr\/#\/schema\/logo\/image\/","url":"https:\/\/www.forbes.be\/fr\/wp-content\/uploads\/2024\/02\/forbes.be_.png","contentUrl":"https:\/\/www.forbes.be\/fr\/wp-content\/uploads\/2024\/02\/forbes.be_.png","width":1200,"height":675,"caption":"Forbes Belgique"},"image":{"@id":"https:\/\/www.forbes.be\/fr\/#\/schema\/logo\/image\/"},"sameAs":["https:\/\/www.facebook.com\/forbesbelgique\/","https:\/\/www.instagram.com\/Forbes_Belgium","https:\/\/www.linkedin.com\/company\/forbes-belgium\/"]},{"@type":"Person","@id":"https:\/\/www.forbes.be\/fr\/#\/schema\/person\/5e304f90c44d0b3ca5eb6d01b6bbe546","name":"Sarah Halfin","image":{"@type":"ImageObject","inLanguage":"fr-FR","@id":"https:\/\/secure.gravatar.com\/avatar\/8351e55c1b265dbe867b53fa6e40dcb7dd598adb4059c356d4f78355285bb439?s=96&d=mm&r=g","url":"https:\/\/secure.gravatar.com\/avatar\/8351e55c1b265dbe867b53fa6e40dcb7dd598adb4059c356d4f78355285bb439?s=96&d=mm&r=g","contentUrl":"https:\/\/secure.gravatar.com\/avatar\/8351e55c1b265dbe867b53fa6e40dcb7dd598adb4059c356d4f78355285bb439?s=96&d=mm&r=g","caption":"Sarah Halfin"},"url":"https:\/\/www.forbes.be\/fr\/author\/sarah-halfin\/"}]}},"_links":{"self":[{"href":"https:\/\/www.forbes.be\/fr\/wp-json\/wp\/v2\/posts\/16142","targetHints":{"allow":["GET"]}}],"collection":[{"href":"https:\/\/www.forbes.be\/fr\/wp-json\/wp\/v2\/posts"}],"about":[{"href":"https:\/\/www.forbes.be\/fr\/wp-json\/wp\/v2\/types\/post"}],"author":[{"embeddable":true,"href":"https:\/\/www.forbes.be\/fr\/wp-json\/wp\/v2\/users\/39"}],"replies":[{"embeddable":true,"href":"https:\/\/www.forbes.be\/fr\/wp-json\/wp\/v2\/comments?post=16142"}],"version-history":[{"count":3,"href":"https:\/\/www.forbes.be\/fr\/wp-json\/wp\/v2\/posts\/16142\/revisions"}],"predecessor-version":[{"id":16145,"href":"https:\/\/www.forbes.be\/fr\/wp-json\/wp\/v2\/posts\/16142\/revisions\/16145"}],"wp:featuredmedia":[{"embeddable":true,"href":"https:\/\/www.forbes.be\/fr\/wp-json\/wp\/v2\/media\/16143"}],"wp:attachment":[{"href":"https:\/\/www.forbes.be\/fr\/wp-json\/wp\/v2\/media?parent=16142"}],"wp:term":[{"taxonomy":"category","embeddable":true,"href":"https:\/\/www.forbes.be\/fr\/wp-json\/wp\/v2\/categories?post=16142"},{"taxonomy":"post_tag","embeddable":true,"href":"https:\/\/www.forbes.be\/fr\/wp-json\/wp\/v2\/tags?post=16142"}],"curies":[{"name":"wp","href":"https:\/\/api.w.org\/{rel}","templated":true}]}}