{"id":16227,"date":"2026-03-24T10:23:53","date_gmt":"2026-03-24T09:23:53","guid":{"rendered":"https:\/\/www.forbes.be\/fr\/?p=16227"},"modified":"2026-03-24T10:23:53","modified_gmt":"2026-03-24T09:23:53","slug":"le-mois-des-galeries-et-musees-de-forbes-2","status":"publish","type":"post","link":"https:\/\/www.forbes.be\/fr\/le-mois-des-galeries-et-musees-de-forbes-2\/","title":{"rendered":"Le mois des galeries et mus\u00e9es de Forbes"},"content":{"rendered":"<p><strong>En ce printemps, Christophe Gaillard nous propose une d\u00e9couverte russe et un jeune fran\u00e7ais chez, Eric Mouchet une exposition collective d\u2019artistes d\u2019Iran, de Pakistan et d\u2019Afghanistan et Xavier Hufkens le retour de Thomas Houseago.<\/strong><\/p>\n<h2>Un Russe et un Fran\u00e7ais chez Christophe Gaillard<\/h2>\n<figure id=\"attachment_16231\" aria-describedby=\"caption-attachment-16231\" style=\"width: 1138px\" class=\"wp-caption alignnone\"><img loading=\"lazy\" decoding=\"async\" class=\"wp-image-16231 size-full\" src=\"https:\/\/www.forbes.be\/fr\/wp-content\/uploads\/2026\/03\/image-10-03-2026-a-0855.png\" alt=\"\" width=\"1138\" height=\"1140\" srcset=\"https:\/\/www.forbes.be\/fr\/wp-content\/uploads\/2026\/03\/image-10-03-2026-a-0855.png 1138w, https:\/\/www.forbes.be\/fr\/wp-content\/uploads\/2026\/03\/image-10-03-2026-a-0855-300x300.png 300w, https:\/\/www.forbes.be\/fr\/wp-content\/uploads\/2026\/03\/image-10-03-2026-a-0855-1022x1024.png 1022w, https:\/\/www.forbes.be\/fr\/wp-content\/uploads\/2026\/03\/image-10-03-2026-a-0855-150x150.png 150w, https:\/\/www.forbes.be\/fr\/wp-content\/uploads\/2026\/03\/image-10-03-2026-a-0855-768x769.png 768w, https:\/\/www.forbes.be\/fr\/wp-content\/uploads\/2026\/03\/image-10-03-2026-a-0855-696x697.png 696w, https:\/\/www.forbes.be\/fr\/wp-content\/uploads\/2026\/03\/image-10-03-2026-a-0855-1068x1070.png 1068w, https:\/\/www.forbes.be\/fr\/wp-content\/uploads\/2026\/03\/image-10-03-2026-a-0855-600x601.png 600w, https:\/\/www.forbes.be\/fr\/wp-content\/uploads\/2026\/03\/image-10-03-2026-a-0855-100x100.png 100w\" sizes=\"auto, (max-width: 1138px) 100vw, 1138px\" \/><figcaption id=\"caption-attachment-16231\" class=\"wp-caption-text\">Eugen Gabritschevsky, chez Christophe Gaillard \u00a9 DR<\/figcaption><\/figure>\n<p><strong>Christophe Gaillard<\/strong>, <strong>galeriste fran\u00e7ais<\/strong>,\u00a0pr\u00e9sente dans sa <strong>galerie de Bruxelles<\/strong> la premi\u00e8re exposition consacr\u00e9e \u00e0 <strong>Eugen Gabritschevsky<\/strong>, \u0153uvre longtemps confidentielle, importante dans l\u2019art du XXe si\u00e8cle. Vision des mondes int\u00e9rieurs d\u00e9voile des \u0153uvres rares sur papier de la collection du fran\u00e7ais Daniel Cordier (1920-2020), r\u00e9sistant, m\u00e9c\u00e8ne et marchand d\u2019art visionnaire. Des ann\u00e9es 1930 \u00e0 1960, sa cr\u00e9ation fut une boussole dans la solitude : figures hybrides, entit\u00e9s anthropomorphes et structures organiques mouvantes expriment un univers mental o\u00f9 se m\u00ealent science, m\u00e9tamorphose et visions int\u00e9rieures.<\/p>\n<figure id=\"attachment_16232\" aria-describedby=\"caption-attachment-16232\" style=\"width: 1154px\" class=\"wp-caption alignnone\"><img loading=\"lazy\" decoding=\"async\" class=\"size-full wp-image-16232\" src=\"https:\/\/www.forbes.be\/fr\/wp-content\/uploads\/2026\/03\/image-10-03-2026-a-0849.png\" alt=\"\" width=\"1154\" height=\"1144\" srcset=\"https:\/\/www.forbes.be\/fr\/wp-content\/uploads\/2026\/03\/image-10-03-2026-a-0849.png 1154w, https:\/\/www.forbes.be\/fr\/wp-content\/uploads\/2026\/03\/image-10-03-2026-a-0849-300x297.png 300w, https:\/\/www.forbes.be\/fr\/wp-content\/uploads\/2026\/03\/image-10-03-2026-a-0849-1024x1015.png 1024w, https:\/\/www.forbes.be\/fr\/wp-content\/uploads\/2026\/03\/image-10-03-2026-a-0849-150x150.png 150w, https:\/\/www.forbes.be\/fr\/wp-content\/uploads\/2026\/03\/image-10-03-2026-a-0849-768x761.png 768w, https:\/\/www.forbes.be\/fr\/wp-content\/uploads\/2026\/03\/image-10-03-2026-a-0849-696x690.png 696w, https:\/\/www.forbes.be\/fr\/wp-content\/uploads\/2026\/03\/image-10-03-2026-a-0849-1068x1059.png 1068w, https:\/\/www.forbes.be\/fr\/wp-content\/uploads\/2026\/03\/image-10-03-2026-a-0849-600x595.png 600w, https:\/\/www.forbes.be\/fr\/wp-content\/uploads\/2026\/03\/image-10-03-2026-a-0849-100x100.png 100w\" sizes=\"auto, (max-width: 1154px) 100vw, 1154px\" \/><figcaption id=\"caption-attachment-16232\" class=\"wp-caption-text\">Leo Orta, chez Christophe Gaillard \u00a9 DR<\/figcaption><\/figure>\n<p>Autre premi\u00e8re, l\u2019exposition personnelle du Fran\u00e7ais<strong> L\u00e9o Orta<\/strong>, r\u00e9flexions sur des \u00e9tats \u00e0 la fronti\u00e8re de l\u2019humain, de l\u2019animal et du paysage. Dans \u00catre-Anges, il repr\u00e9sente des figures contradictoires, des pr\u00e9sences famili\u00e8res, parfois intrusives, qui apparaissent \u00e0 un moment o\u00f9 les fronti\u00e8res entre nature et culture, refuge et menace, deviennent instables.<\/p>\n<ul>\n<li><a href=\"http:\/\/www.galeriegaillard.com\" target=\"_blank\" rel=\"noopener\"><em>www.galeriegaillard.com<\/em><\/a><\/li>\n<\/ul>\n<h2>Ham S\u0101ya Kouh H\u0101\u2009\u2013 Du c\u00f4t\u00e9 de la montagne, \u00e0 l\u2019ombre chez Eric Mouchet<\/h2>\n<p>La <strong>galerie Eric Mouchet<\/strong> r\u00e9unit, pour la premi\u00e8re fois en Europe, douze <strong>artistes contemporains haz\u0101ras<\/strong>, originaires d\u2019Afghanistan, d\u2019Iran et du Pakistan qui \u0153uvrent sur la toile de fond de mythes s\u00e9culaires, de l\u00e9gendes familiales et de r\u00e9cits biographiques. Les collines de Kaboul et de Quetta, les reliefs du Haz\u0101radjat et de la vall\u00e9e de B\u0101miy\u0101n, o\u00f9 logeaient autrefois deux gigantesques bouddhas en pierre du VIe si\u00e8cle, dynamit\u00e9s en 2001 par les talibans, se profilent derri\u00e8re leurs cr\u00e9ations. Sanctuaire politique et spirituel face \u00e0 la violence, la montagne devient, \u00e0 travers l\u2019exposition, la trame des aspirations de la communaut\u00e9 haz\u00e2ra.<\/p>\n<p>Ces \u0153uvres de Melbourne, Kaboul, Quetta, Londres ou T\u00e9h\u00e9ran dessinent des lignes de cr\u00eate identitaires et artistiques avec Feroza Hakeem et l\u2019immersion dans une nature gardienne du souvenir, le ralliement \u00e0 la banni\u00e8re de <strong>Kubra Khademi<\/strong>, le geste m\u00e9moriel de <strong>Latifa Zafar Attaii<\/strong> ou l\u2019histoire orale et familiale de <strong>Parwana Haydar<\/strong>. Les artistes tracent cet horizon comme un mirage, ce que l\u2019on appelle en persan la \u00ab <em>montagne derri\u00e8re les montagnes<\/em> \u00bb.<\/p>\n<ul>\n<li><a href=\"http:\/\/www.ericmouchet.com\" target=\"_blank\" rel=\"noopener\"><em>www.ericmouchet.com<\/em><\/a><\/li>\n<\/ul>\n<h2>Thomas Houseago chez Xavier Hufkens<\/h2>\n<figure id=\"attachment_16229\" aria-describedby=\"caption-attachment-16229\" style=\"width: 1969px\" class=\"wp-caption alignnone\"><img loading=\"lazy\" decoding=\"async\" class=\"size-full wp-image-16229\" src=\"https:\/\/www.forbes.be\/fr\/wp-content\/uploads\/2026\/03\/prev-02-xh1-2026-03-housago-0015-066.jpg\" alt=\"\" width=\"1969\" height=\"1476\" srcset=\"https:\/\/www.forbes.be\/fr\/wp-content\/uploads\/2026\/03\/prev-02-xh1-2026-03-housago-0015-066.jpg 1969w, https:\/\/www.forbes.be\/fr\/wp-content\/uploads\/2026\/03\/prev-02-xh1-2026-03-housago-0015-066-300x225.jpg 300w, https:\/\/www.forbes.be\/fr\/wp-content\/uploads\/2026\/03\/prev-02-xh1-2026-03-housago-0015-066-1024x768.jpg 1024w, https:\/\/www.forbes.be\/fr\/wp-content\/uploads\/2026\/03\/prev-02-xh1-2026-03-housago-0015-066-768x576.jpg 768w, https:\/\/www.forbes.be\/fr\/wp-content\/uploads\/2026\/03\/prev-02-xh1-2026-03-housago-0015-066-1536x1151.jpg 1536w, https:\/\/www.forbes.be\/fr\/wp-content\/uploads\/2026\/03\/prev-02-xh1-2026-03-housago-0015-066-696x522.jpg 696w, https:\/\/www.forbes.be\/fr\/wp-content\/uploads\/2026\/03\/prev-02-xh1-2026-03-housago-0015-066-1068x801.jpg 1068w, https:\/\/www.forbes.be\/fr\/wp-content\/uploads\/2026\/03\/prev-02-xh1-2026-03-housago-0015-066-1920x1439.jpg 1920w, https:\/\/www.forbes.be\/fr\/wp-content\/uploads\/2026\/03\/prev-02-xh1-2026-03-housago-0015-066-600x450.jpg 600w\" sizes=\"auto, (max-width: 1969px) 100vw, 1969px\" \/><figcaption id=\"caption-attachment-16229\" class=\"wp-caption-text\">Thomas Houseago, chez Hufkens \u00a9 DR<\/figcaption><\/figure>\n<p><strong>Thomas Houseago<\/strong>, Anglais n\u00e9 \u00e0 Leeds et r\u00e9sident californien nous invite \u00e0 cette <strong>exposition<\/strong> intitul\u00e9e <em>Journey<\/em>, voyage de la mati\u00e8re et de l\u2019esprit. Apr\u00e8s son exposition de 2020 aux Mus\u00e9es Royaux, cette fois, il s\u2019agit d\u2019une pr\u00e9sentation o\u00f9 les sculptures dominent, monumentales ou joueuses. L\u2019ensemble s\u2019ouvre sur Giant Striding Figure (<em>Van Gogh on the Road to Arles<\/em>), figure imposante en s\u00e9quoia, arbre symbole de force, de long\u00e9vit\u00e9 (le plus vieux connu a plus de 3 200 ans), de sagesse, de r\u00e9silience. Leurs syst\u00e8mes racinaires interconnect\u00e9s incarnent un lien profond avec la terre, les connaissances ancestrales, la communaut\u00e9 humaine, auxquels l\u2019artiste tient \u00e0 se rattacher.<\/p>\n<ul>\n<li><em><a href=\"http:\/\/www.xavierhufkens.com\" target=\"_blank\" rel=\"noopener\">www.xavierhufkens.com<\/a><\/em><\/li>\n<\/ul>\n","protected":false},"excerpt":{"rendered":"<p>En ce printemps, Christophe Gaillard nous propose une d\u00e9couverte russe et un jeune fran\u00e7ais chez, Eric Mouchet une exposition collective d\u2019artistes d\u2019Iran, de Pakistan et d\u2019Afghanistan et Xavier Hufkens le retour de Thomas Houseago. Un Russe et un Fran\u00e7ais chez Christophe Gaillard Christophe Gaillard, galeriste fran\u00e7ais,\u00a0pr\u00e9sente dans sa galerie de Bruxelles la premi\u00e8re exposition consacr\u00e9e [&hellip;]<\/p>\n","protected":false},"author":27,"featured_media":16230,"comment_status":"closed","ping_status":"closed","sticky":false,"template":"","format":"standard","meta":{"_acf_changed":false,"inline_featured_image":false,"footnotes":""},"categories":[1,63,62],"tags":[],"class_list":{"0":"post-16227","1":"post","2":"type-post","3":"status-publish","4":"format-standard","5":"has-post-thumbnail","7":"category-actualite","8":"category-culture","9":"category-marche-de-lart"},"acf":[],"_yoast_wpseo_title":null,"_yoast_wpseo_metadesc":"\u00c0 Bruxelles, trois galeries incontournables exposent artistes contemporains entre Russie, Moyen-Orient et sc\u00e8ne internationale.","auteur_traducteur":"","yoast_head":"<!-- This site is optimized with the Yoast SEO plugin v27.4 - https:\/\/yoast.com\/product\/yoast-seo-wordpress\/ -->\n<title>Le mois des galeries et mus\u00e9es de Forbes | Forbes Belgique<\/title>\n<meta name=\"description\" content=\"\u00c0 Bruxelles, trois galeries incontournables exposent artistes contemporains entre Russie, Moyen-Orient et sc\u00e8ne internationale.\" \/>\n<meta name=\"robots\" content=\"index, follow, max-snippet:-1, max-image-preview:large, max-video-preview:-1\" \/>\n<link rel=\"canonical\" href=\"https:\/\/www.forbes.be\/fr\/le-mois-des-galeries-et-musees-de-forbes-2\/\" \/>\n<meta property=\"og:locale\" content=\"fr_FR\" \/>\n<meta property=\"og:type\" content=\"article\" \/>\n<meta property=\"og:title\" content=\"Le mois des galeries et mus\u00e9es de Forbes | Forbes Belgique\" \/>\n<meta property=\"og:description\" content=\"\u00c0 Bruxelles, trois galeries incontournables exposent artistes contemporains entre Russie, Moyen-Orient et sc\u00e8ne internationale.\" \/>\n<meta property=\"og:url\" content=\"https:\/\/www.forbes.be\/fr\/le-mois-des-galeries-et-musees-de-forbes-2\/\" \/>\n<meta property=\"og:site_name\" content=\"Forbes Belgique\" \/>\n<meta property=\"article:publisher\" content=\"https:\/\/www.facebook.com\/forbesbelgique\/\" \/>\n<meta property=\"article:published_time\" content=\"2026-03-24T09:23:53+00:00\" \/>\n<meta property=\"og:image\" content=\"https:\/\/www.forbes.be\/fr\/wp-content\/uploads\/2026\/03\/image-10-03-2026-a-0905-e1774343906400.png\" \/>\n\t<meta property=\"og:image:width\" content=\"2212\" \/>\n\t<meta property=\"og:image:height\" content=\"1160\" \/>\n\t<meta property=\"og:image:type\" content=\"image\/png\" \/>\n<meta name=\"author\" content=\"Johan-Fr\u00e9d\u00e9rik Hel Guedj\" \/>\n<meta name=\"twitter:card\" content=\"summary_large_image\" \/>\n<meta name=\"twitter:label1\" content=\"\u00c9crit par\" \/>\n\t<meta name=\"twitter:data1\" content=\"Johan-Fr\u00e9d\u00e9rik Hel Guedj\" \/>\n\t<meta name=\"twitter:label2\" content=\"Dur\u00e9e de lecture estim\u00e9e\" \/>\n\t<meta name=\"twitter:data2\" content=\"4 minutes\" \/>\n<script type=\"application\/ld+json\" class=\"yoast-schema-graph\">{\"@context\":\"https:\\\/\\\/schema.org\",\"@graph\":[{\"@type\":\"NewsArticle\",\"@id\":\"https:\\\/\\\/www.forbes.be\\\/fr\\\/le-mois-des-galeries-et-musees-de-forbes-2\\\/#article\",\"isPartOf\":{\"@id\":\"https:\\\/\\\/www.forbes.be\\\/fr\\\/le-mois-des-galeries-et-musees-de-forbes-2\\\/\"},\"author\":{\"name\":\"Johan-Fr\u00e9d\u00e9rik Hel Guedj\",\"@id\":\"https:\\\/\\\/www.forbes.be\\\/fr\\\/#\\\/schema\\\/person\\\/ad1bb0e83419af89356b7b11a6622c80\"},\"headline\":\"Le mois des galeries et mus\u00e9es de Forbes\",\"datePublished\":\"2026-03-24T09:23:53+00:00\",\"mainEntityOfPage\":{\"@id\":\"https:\\\/\\\/www.forbes.be\\\/fr\\\/le-mois-des-galeries-et-musees-de-forbes-2\\\/\"},\"wordCount\":591,\"publisher\":{\"@id\":\"https:\\\/\\\/www.forbes.be\\\/fr\\\/#organization\"},\"image\":{\"@id\":\"https:\\\/\\\/www.forbes.be\\\/fr\\\/le-mois-des-galeries-et-musees-de-forbes-2\\\/#primaryimage\"},\"thumbnailUrl\":\"https:\\\/\\\/www.forbes.be\\\/fr\\\/wp-content\\\/uploads\\\/2026\\\/03\\\/image-10-03-2026-a-0905-e1774343906400.png\",\"articleSection\":[\"Actualit\u00e9s\",\"Culture\",\"March\u00e9 de l'art\"],\"inLanguage\":\"fr-FR\"},{\"@type\":\"WebPage\",\"@id\":\"https:\\\/\\\/www.forbes.be\\\/fr\\\/le-mois-des-galeries-et-musees-de-forbes-2\\\/\",\"url\":\"https:\\\/\\\/www.forbes.be\\\/fr\\\/le-mois-des-galeries-et-musees-de-forbes-2\\\/\",\"name\":\"Le mois des galeries et mus\u00e9es de Forbes | Forbes Belgique\",\"isPartOf\":{\"@id\":\"https:\\\/\\\/www.forbes.be\\\/fr\\\/#website\"},\"primaryImageOfPage\":{\"@id\":\"https:\\\/\\\/www.forbes.be\\\/fr\\\/le-mois-des-galeries-et-musees-de-forbes-2\\\/#primaryimage\"},\"image\":{\"@id\":\"https:\\\/\\\/www.forbes.be\\\/fr\\\/le-mois-des-galeries-et-musees-de-forbes-2\\\/#primaryimage\"},\"thumbnailUrl\":\"https:\\\/\\\/www.forbes.be\\\/fr\\\/wp-content\\\/uploads\\\/2026\\\/03\\\/image-10-03-2026-a-0905-e1774343906400.png\",\"datePublished\":\"2026-03-24T09:23:53+00:00\",\"description\":\"\u00c0 Bruxelles, trois galeries incontournables exposent artistes contemporains entre Russie, Moyen-Orient et sc\u00e8ne internationale.\",\"breadcrumb\":{\"@id\":\"https:\\\/\\\/www.forbes.be\\\/fr\\\/le-mois-des-galeries-et-musees-de-forbes-2\\\/#breadcrumb\"},\"inLanguage\":\"fr-FR\",\"potentialAction\":[{\"@type\":\"ReadAction\",\"target\":[\"https:\\\/\\\/www.forbes.be\\\/fr\\\/le-mois-des-galeries-et-musees-de-forbes-2\\\/\"]}]},{\"@type\":\"ImageObject\",\"inLanguage\":\"fr-FR\",\"@id\":\"https:\\\/\\\/www.forbes.be\\\/fr\\\/le-mois-des-galeries-et-musees-de-forbes-2\\\/#primaryimage\",\"url\":\"https:\\\/\\\/www.forbes.be\\\/fr\\\/wp-content\\\/uploads\\\/2026\\\/03\\\/image-10-03-2026-a-0905-e1774343906400.png\",\"contentUrl\":\"https:\\\/\\\/www.forbes.be\\\/fr\\\/wp-content\\\/uploads\\\/2026\\\/03\\\/image-10-03-2026-a-0905-e1774343906400.png\",\"width\":2212,\"height\":1160,\"caption\":\"L'exposition \\\"Ham\u2009S\u0101ya Kouh H\u0101 \u2013 Du c\u00f4t\u00e9 de la montagne, \u00e0 l\u2019ombre\\\", chez Eric Mouchet \u00a9 DR\"},{\"@type\":\"BreadcrumbList\",\"@id\":\"https:\\\/\\\/www.forbes.be\\\/fr\\\/le-mois-des-galeries-et-musees-de-forbes-2\\\/#breadcrumb\",\"itemListElement\":[{\"@type\":\"ListItem\",\"position\":1,\"name\":\"Accueil\",\"item\":\"https:\\\/\\\/www.forbes.be\\\/fr\\\/\"},{\"@type\":\"ListItem\",\"position\":2,\"name\":\"Le mois des galeries et mus\u00e9es de Forbes\"}]},{\"@type\":\"WebSite\",\"@id\":\"https:\\\/\\\/www.forbes.be\\\/fr\\\/#website\",\"url\":\"https:\\\/\\\/www.forbes.be\\\/fr\\\/\",\"name\":\"Forbes Belgique\",\"description\":\"\",\"publisher\":{\"@id\":\"https:\\\/\\\/www.forbes.be\\\/fr\\\/#organization\"},\"potentialAction\":[{\"@type\":\"SearchAction\",\"target\":{\"@type\":\"EntryPoint\",\"urlTemplate\":\"https:\\\/\\\/www.forbes.be\\\/fr\\\/?s={search_term_string}\"},\"query-input\":{\"@type\":\"PropertyValueSpecification\",\"valueRequired\":true,\"valueName\":\"search_term_string\"}}],\"inLanguage\":\"fr-FR\"},{\"@type\":\"Organization\",\"@id\":\"https:\\\/\\\/www.forbes.be\\\/fr\\\/#organization\",\"name\":\"Forbes Belgique\",\"url\":\"https:\\\/\\\/www.forbes.be\\\/fr\\\/\",\"logo\":{\"@type\":\"ImageObject\",\"inLanguage\":\"fr-FR\",\"@id\":\"https:\\\/\\\/www.forbes.be\\\/fr\\\/#\\\/schema\\\/logo\\\/image\\\/\",\"url\":\"https:\\\/\\\/www.forbes.be\\\/fr\\\/wp-content\\\/uploads\\\/2024\\\/02\\\/forbes.be_.png\",\"contentUrl\":\"https:\\\/\\\/www.forbes.be\\\/fr\\\/wp-content\\\/uploads\\\/2024\\\/02\\\/forbes.be_.png\",\"width\":1200,\"height\":675,\"caption\":\"Forbes Belgique\"},\"image\":{\"@id\":\"https:\\\/\\\/www.forbes.be\\\/fr\\\/#\\\/schema\\\/logo\\\/image\\\/\"},\"sameAs\":[\"https:\\\/\\\/www.facebook.com\\\/forbesbelgique\\\/\",\"https:\\\/\\\/www.instagram.com\\\/Forbes_Belgium\",\"https:\\\/\\\/www.linkedin.com\\\/company\\\/forbes-belgium\\\/\"]},{\"@type\":\"Person\",\"@id\":\"https:\\\/\\\/www.forbes.be\\\/fr\\\/#\\\/schema\\\/person\\\/ad1bb0e83419af89356b7b11a6622c80\",\"name\":\"Johan-Fr\u00e9d\u00e9rik Hel Guedj\",\"image\":{\"@type\":\"ImageObject\",\"inLanguage\":\"fr-FR\",\"@id\":\"https:\\\/\\\/secure.gravatar.com\\\/avatar\\\/65333543693434f2cc9fdefb3173b162df98712d00606b00b3d43914f79a1598?s=96&d=mm&r=g\",\"url\":\"https:\\\/\\\/secure.gravatar.com\\\/avatar\\\/65333543693434f2cc9fdefb3173b162df98712d00606b00b3d43914f79a1598?s=96&d=mm&r=g\",\"contentUrl\":\"https:\\\/\\\/secure.gravatar.com\\\/avatar\\\/65333543693434f2cc9fdefb3173b162df98712d00606b00b3d43914f79a1598?s=96&d=mm&r=g\",\"caption\":\"Johan-Fr\u00e9d\u00e9rik Hel Guedj\"},\"description\":\"Johan-Frederik Hel Guedj est journaliste et auteur fran\u00e7ais. R\u00e9dacteur en chef pendant 7 ans de la revue Pouvoirs Locaux, consacr\u00e9e aux politiques culturelles, il a publi\u00e9 huit ouvrages chez des \u00e9diteurs fran\u00e7ais et belges, dont deux romans, un essai consacr\u00e9 \u00e0 Orson Welles, et quatre livres d\u2019art. En plus de Forbes, il collabore \u00e0 L\u2019Echo et au Quotidien de l\u2019Art (Paris).\",\"url\":\"https:\\\/\\\/www.forbes.be\\\/fr\\\/author\\\/johan-frederik-hel-guedj\\\/\"}]}<\/script>\n<!-- \/ Yoast SEO plugin. -->","yoast_head_json":{"title":"Le mois des galeries et mus\u00e9es de Forbes | Forbes Belgique","description":"\u00c0 Bruxelles, trois galeries incontournables exposent artistes contemporains entre Russie, Moyen-Orient et sc\u00e8ne internationale.","robots":{"index":"index","follow":"follow","max-snippet":"max-snippet:-1","max-image-preview":"max-image-preview:large","max-video-preview":"max-video-preview:-1"},"canonical":"https:\/\/www.forbes.be\/fr\/le-mois-des-galeries-et-musees-de-forbes-2\/","og_locale":"fr_FR","og_type":"article","og_title":"Le mois des galeries et mus\u00e9es de Forbes | Forbes Belgique","og_description":"\u00c0 Bruxelles, trois galeries incontournables exposent artistes contemporains entre Russie, Moyen-Orient et sc\u00e8ne internationale.","og_url":"https:\/\/www.forbes.be\/fr\/le-mois-des-galeries-et-musees-de-forbes-2\/","og_site_name":"Forbes Belgique","article_publisher":"https:\/\/www.facebook.com\/forbesbelgique\/","article_published_time":"2026-03-24T09:23:53+00:00","og_image":[{"width":2212,"height":1160,"url":"https:\/\/www.forbes.be\/fr\/wp-content\/uploads\/2026\/03\/image-10-03-2026-a-0905-e1774343906400.png","type":"image\/png"}],"author":"Johan-Fr\u00e9d\u00e9rik Hel Guedj","twitter_card":"summary_large_image","twitter_misc":{"\u00c9crit par":"Johan-Fr\u00e9d\u00e9rik Hel Guedj","Dur\u00e9e de lecture estim\u00e9e":"4 minutes"},"schema":{"@context":"https:\/\/schema.org","@graph":[{"@type":"NewsArticle","@id":"https:\/\/www.forbes.be\/fr\/le-mois-des-galeries-et-musees-de-forbes-2\/#article","isPartOf":{"@id":"https:\/\/www.forbes.be\/fr\/le-mois-des-galeries-et-musees-de-forbes-2\/"},"author":{"name":"Johan-Fr\u00e9d\u00e9rik Hel Guedj","@id":"https:\/\/www.forbes.be\/fr\/#\/schema\/person\/ad1bb0e83419af89356b7b11a6622c80"},"headline":"Le mois des galeries et mus\u00e9es de Forbes","datePublished":"2026-03-24T09:23:53+00:00","mainEntityOfPage":{"@id":"https:\/\/www.forbes.be\/fr\/le-mois-des-galeries-et-musees-de-forbes-2\/"},"wordCount":591,"publisher":{"@id":"https:\/\/www.forbes.be\/fr\/#organization"},"image":{"@id":"https:\/\/www.forbes.be\/fr\/le-mois-des-galeries-et-musees-de-forbes-2\/#primaryimage"},"thumbnailUrl":"https:\/\/www.forbes.be\/fr\/wp-content\/uploads\/2026\/03\/image-10-03-2026-a-0905-e1774343906400.png","articleSection":["Actualit\u00e9s","Culture","March\u00e9 de l'art"],"inLanguage":"fr-FR"},{"@type":"WebPage","@id":"https:\/\/www.forbes.be\/fr\/le-mois-des-galeries-et-musees-de-forbes-2\/","url":"https:\/\/www.forbes.be\/fr\/le-mois-des-galeries-et-musees-de-forbes-2\/","name":"Le mois des galeries et mus\u00e9es de Forbes | Forbes Belgique","isPartOf":{"@id":"https:\/\/www.forbes.be\/fr\/#website"},"primaryImageOfPage":{"@id":"https:\/\/www.forbes.be\/fr\/le-mois-des-galeries-et-musees-de-forbes-2\/#primaryimage"},"image":{"@id":"https:\/\/www.forbes.be\/fr\/le-mois-des-galeries-et-musees-de-forbes-2\/#primaryimage"},"thumbnailUrl":"https:\/\/www.forbes.be\/fr\/wp-content\/uploads\/2026\/03\/image-10-03-2026-a-0905-e1774343906400.png","datePublished":"2026-03-24T09:23:53+00:00","description":"\u00c0 Bruxelles, trois galeries incontournables exposent artistes contemporains entre Russie, Moyen-Orient et sc\u00e8ne internationale.","breadcrumb":{"@id":"https:\/\/www.forbes.be\/fr\/le-mois-des-galeries-et-musees-de-forbes-2\/#breadcrumb"},"inLanguage":"fr-FR","potentialAction":[{"@type":"ReadAction","target":["https:\/\/www.forbes.be\/fr\/le-mois-des-galeries-et-musees-de-forbes-2\/"]}]},{"@type":"ImageObject","inLanguage":"fr-FR","@id":"https:\/\/www.forbes.be\/fr\/le-mois-des-galeries-et-musees-de-forbes-2\/#primaryimage","url":"https:\/\/www.forbes.be\/fr\/wp-content\/uploads\/2026\/03\/image-10-03-2026-a-0905-e1774343906400.png","contentUrl":"https:\/\/www.forbes.be\/fr\/wp-content\/uploads\/2026\/03\/image-10-03-2026-a-0905-e1774343906400.png","width":2212,"height":1160,"caption":"L'exposition \"Ham\u2009S\u0101ya Kouh H\u0101 \u2013 Du c\u00f4t\u00e9 de la montagne, \u00e0 l\u2019ombre\", chez Eric Mouchet \u00a9 DR"},{"@type":"BreadcrumbList","@id":"https:\/\/www.forbes.be\/fr\/le-mois-des-galeries-et-musees-de-forbes-2\/#breadcrumb","itemListElement":[{"@type":"ListItem","position":1,"name":"Accueil","item":"https:\/\/www.forbes.be\/fr\/"},{"@type":"ListItem","position":2,"name":"Le mois des galeries et mus\u00e9es de Forbes"}]},{"@type":"WebSite","@id":"https:\/\/www.forbes.be\/fr\/#website","url":"https:\/\/www.forbes.be\/fr\/","name":"Forbes Belgique","description":"","publisher":{"@id":"https:\/\/www.forbes.be\/fr\/#organization"},"potentialAction":[{"@type":"SearchAction","target":{"@type":"EntryPoint","urlTemplate":"https:\/\/www.forbes.be\/fr\/?s={search_term_string}"},"query-input":{"@type":"PropertyValueSpecification","valueRequired":true,"valueName":"search_term_string"}}],"inLanguage":"fr-FR"},{"@type":"Organization","@id":"https:\/\/www.forbes.be\/fr\/#organization","name":"Forbes Belgique","url":"https:\/\/www.forbes.be\/fr\/","logo":{"@type":"ImageObject","inLanguage":"fr-FR","@id":"https:\/\/www.forbes.be\/fr\/#\/schema\/logo\/image\/","url":"https:\/\/www.forbes.be\/fr\/wp-content\/uploads\/2024\/02\/forbes.be_.png","contentUrl":"https:\/\/www.forbes.be\/fr\/wp-content\/uploads\/2024\/02\/forbes.be_.png","width":1200,"height":675,"caption":"Forbes Belgique"},"image":{"@id":"https:\/\/www.forbes.be\/fr\/#\/schema\/logo\/image\/"},"sameAs":["https:\/\/www.facebook.com\/forbesbelgique\/","https:\/\/www.instagram.com\/Forbes_Belgium","https:\/\/www.linkedin.com\/company\/forbes-belgium\/"]},{"@type":"Person","@id":"https:\/\/www.forbes.be\/fr\/#\/schema\/person\/ad1bb0e83419af89356b7b11a6622c80","name":"Johan-Fr\u00e9d\u00e9rik Hel Guedj","image":{"@type":"ImageObject","inLanguage":"fr-FR","@id":"https:\/\/secure.gravatar.com\/avatar\/65333543693434f2cc9fdefb3173b162df98712d00606b00b3d43914f79a1598?s=96&d=mm&r=g","url":"https:\/\/secure.gravatar.com\/avatar\/65333543693434f2cc9fdefb3173b162df98712d00606b00b3d43914f79a1598?s=96&d=mm&r=g","contentUrl":"https:\/\/secure.gravatar.com\/avatar\/65333543693434f2cc9fdefb3173b162df98712d00606b00b3d43914f79a1598?s=96&d=mm&r=g","caption":"Johan-Fr\u00e9d\u00e9rik Hel Guedj"},"description":"Johan-Frederik Hel Guedj est journaliste et auteur fran\u00e7ais. R\u00e9dacteur en chef pendant 7 ans de la revue Pouvoirs Locaux, consacr\u00e9e aux politiques culturelles, il a publi\u00e9 huit ouvrages chez des \u00e9diteurs fran\u00e7ais et belges, dont deux romans, un essai consacr\u00e9 \u00e0 Orson Welles, et quatre livres d\u2019art. En plus de Forbes, il collabore \u00e0 L\u2019Echo et au Quotidien de l\u2019Art (Paris).","url":"https:\/\/www.forbes.be\/fr\/author\/johan-frederik-hel-guedj\/"}]}},"_links":{"self":[{"href":"https:\/\/www.forbes.be\/fr\/wp-json\/wp\/v2\/posts\/16227","targetHints":{"allow":["GET"]}}],"collection":[{"href":"https:\/\/www.forbes.be\/fr\/wp-json\/wp\/v2\/posts"}],"about":[{"href":"https:\/\/www.forbes.be\/fr\/wp-json\/wp\/v2\/types\/post"}],"author":[{"embeddable":true,"href":"https:\/\/www.forbes.be\/fr\/wp-json\/wp\/v2\/users\/27"}],"replies":[{"embeddable":true,"href":"https:\/\/www.forbes.be\/fr\/wp-json\/wp\/v2\/comments?post=16227"}],"version-history":[{"count":2,"href":"https:\/\/www.forbes.be\/fr\/wp-json\/wp\/v2\/posts\/16227\/revisions"}],"predecessor-version":[{"id":16233,"href":"https:\/\/www.forbes.be\/fr\/wp-json\/wp\/v2\/posts\/16227\/revisions\/16233"}],"wp:featuredmedia":[{"embeddable":true,"href":"https:\/\/www.forbes.be\/fr\/wp-json\/wp\/v2\/media\/16230"}],"wp:attachment":[{"href":"https:\/\/www.forbes.be\/fr\/wp-json\/wp\/v2\/media?parent=16227"}],"wp:term":[{"taxonomy":"category","embeddable":true,"href":"https:\/\/www.forbes.be\/fr\/wp-json\/wp\/v2\/categories?post=16227"},{"taxonomy":"post_tag","embeddable":true,"href":"https:\/\/www.forbes.be\/fr\/wp-json\/wp\/v2\/tags?post=16227"}],"curies":[{"name":"wp","href":"https:\/\/api.w.org\/{rel}","templated":true}]}}