{"id":16252,"date":"2026-03-24T13:40:24","date_gmt":"2026-03-24T12:40:24","guid":{"rendered":"https:\/\/www.forbes.be\/fr\/?p=16252"},"modified":"2026-03-24T14:14:46","modified_gmt":"2026-03-24T13:14:46","slug":"le-palais-du-college-pontifical-belge-a-rome-mis-en-vente","status":"publish","type":"post","link":"https:\/\/www.forbes.be\/fr\/le-palais-du-college-pontifical-belge-a-rome-mis-en-vente\/","title":{"rendered":"Le palais du Coll\u00e8ge pontifical belge \u00e0 Rome mis en vente"},"content":{"rendered":"<p><span style=\"font-family: Calibri, sans-serif;\"><b>A<\/b><b> deux pas du Quirinal, un prestigieux palais du XVIIe si\u00e8cle <\/b><b>cherche acqu\u00e9reur fortun\u00e9<\/b><b>. Cette demeure <\/b><b>a abrit\u00e9 plus d\u2019un si\u00e8cle <\/b><b>le Coll\u00e8ge pontifical belge o\u00f9 v\u00e9cut et \u00e9tudia Karol Wojty\u0142a, le futur pape Jean-Paul II.<\/b><\/span><\/p>\n<p><span style=\"font-family: Calibri, sans-serif;\">Avec environ 3.000 m\u00b2 d\u2019espace int\u00e9rieur, un jardin priv\u00e9 de 614 m\u00b2 et une \u00e9glise d\u00e9sacralis\u00e9e du XVIIe si\u00e8cle int\u00e9gr\u00e9e au b\u00e2timent principal, le palais mis en vente depuis aujourd\u2019hui par Lionard Luxury Real Estate se distingue comme une propri\u00e9t\u00e9 d\u2019une valeur historique, artistique et architecturale exceptionnelle comptant parmi les palais historiques les plus importants du centre de Rome. Il est <a href=\"https:\/\/www.lionard.com\/historical-building-with-church-and-private-garden-for-sale-in-rome.html\"><strong>commercialis\u00e9<\/strong> <b>au prix de 30 millions d\u2019euros<\/b><\/a>.\u00a0<\/span><\/p>\n<h4 class=\"western\">Emplacement unique<\/h4>\n<p><span style=\"font-family: Calibri, sans-serif;\">L&rsquo;histoire de l&rsquo;\u00e9difice remonte au d\u00e9but du XVIIe si\u00e8cle, lorsque les Carmes d&rsquo;Espagne acquirent plusieurs b\u00e2timents le long de l&rsquo;actuelle <b>Via del Quirinale<\/b> afin d&rsquo;y \u00e9tablir un couvent. La communaut\u00e9 religieuse espagnole y demeura jusqu&rsquo;\u00e0 l&rsquo;occupation fran\u00e7aise de Rome en 1809, date \u00e0 laquelle elle fut contrainte d&rsquo;abandonner le monast\u00e8re. La propri\u00e9t\u00e9 passa ensuite aux Adoratrices perp\u00e9tuelles du Saint-Sacrement, et ce jusqu&rsquo;en 1839.<\/span><\/p>\n<figure id=\"attachment_16255\" aria-describedby=\"caption-attachment-16255\" style=\"width: 2560px\" class=\"wp-caption alignnone\"><img loading=\"lazy\" decoding=\"async\" class=\"size-full wp-image-16255\" src=\"https:\/\/www.forbes.be\/fr\/wp-content\/uploads\/2026\/03\/08-historic-palace-for-sale-in-rome-courtesy-of-lionard-scaled.jpg\" alt=\"\" width=\"2560\" height=\"1708\" srcset=\"https:\/\/www.forbes.be\/fr\/wp-content\/uploads\/2026\/03\/08-historic-palace-for-sale-in-rome-courtesy-of-lionard-scaled.jpg 2560w, https:\/\/www.forbes.be\/fr\/wp-content\/uploads\/2026\/03\/08-historic-palace-for-sale-in-rome-courtesy-of-lionard-300x200.jpg 300w, https:\/\/www.forbes.be\/fr\/wp-content\/uploads\/2026\/03\/08-historic-palace-for-sale-in-rome-courtesy-of-lionard-1024x683.jpg 1024w, https:\/\/www.forbes.be\/fr\/wp-content\/uploads\/2026\/03\/08-historic-palace-for-sale-in-rome-courtesy-of-lionard-768x513.jpg 768w, https:\/\/www.forbes.be\/fr\/wp-content\/uploads\/2026\/03\/08-historic-palace-for-sale-in-rome-courtesy-of-lionard-1536x1025.jpg 1536w, https:\/\/www.forbes.be\/fr\/wp-content\/uploads\/2026\/03\/08-historic-palace-for-sale-in-rome-courtesy-of-lionard-2048x1367.jpg 2048w, https:\/\/www.forbes.be\/fr\/wp-content\/uploads\/2026\/03\/08-historic-palace-for-sale-in-rome-courtesy-of-lionard-696x464.jpg 696w, https:\/\/www.forbes.be\/fr\/wp-content\/uploads\/2026\/03\/08-historic-palace-for-sale-in-rome-courtesy-of-lionard-1068x713.jpg 1068w, https:\/\/www.forbes.be\/fr\/wp-content\/uploads\/2026\/03\/08-historic-palace-for-sale-in-rome-courtesy-of-lionard-1920x1281.jpg 1920w, https:\/\/www.forbes.be\/fr\/wp-content\/uploads\/2026\/03\/08-historic-palace-for-sale-in-rome-courtesy-of-lionard-600x400.jpg 600w\" sizes=\"auto, (max-width: 2560px) 100vw, 2560px\" \/><figcaption id=\"caption-attachment-16255\" class=\"wp-caption-text\">Lionard Luxury Real Estate<\/figcaption><\/figure>\n<p><span style=\"font-family: Calibri, sans-serif;\">C\u2019est en 1846 que le palais est acquis \u00e0 l\u2019initiative des \u00e9v\u00eaques de Belgique. Il est alors enti\u00e8rement r\u00e9nov\u00e9 et transform\u00e9 en si\u00e8ge du Coll\u00e8ge pontifical belge (Collegio Ecclesiastico Belga) qui y restera jusqu\u2019en 1972. Entre 1946 et 1948, Karol Wojty\u0142a, le futur pape Jean-Paul II, y vivra et y \u00e9tudiera. <\/span><\/p>\n<h4 class=\"western\">Volumes id\u00e9aux pour h\u00f4tel d\u2019exception<\/h4>\n<p><span style=\"font-family: Calibri, sans-serif;\">Le palais s&rsquo;organise aujourd\u2019hui sur cinq \u00e9tages, auxquels s&rsquo;ajoutent un niveau mansard\u00e9 et un sous-sol. Il offre 40 chambres, 15 salles de bain et de nombreuses pi\u00e8ces initialement destin\u00e9es \u00e0 la vie coll\u00e9giale et aux repr\u00e9sentations. Le rez-de-chauss\u00e9e abrite des salles vo\u00fbt\u00e9es, tandis que le premier \u00e9tage donnant sur la Via del Quirinale accueille certains des espaces les plus prestigieux du b\u00e2timent, remarquables par leurs plafonds \u00e0 caissons d&rsquo;une valeur historique exceptionnelles.<\/span><\/p>\n<figure id=\"attachment_16254\" aria-describedby=\"caption-attachment-16254\" style=\"width: 2560px\" class=\"wp-caption alignnone\"><img loading=\"lazy\" decoding=\"async\" class=\"size-full wp-image-16254\" src=\"https:\/\/www.forbes.be\/fr\/wp-content\/uploads\/2026\/03\/02-historic-palace-for-sale-in-rome-courtesy-of-lionard-scaled.jpg\" alt=\"\" width=\"2560\" height=\"1708\" srcset=\"https:\/\/www.forbes.be\/fr\/wp-content\/uploads\/2026\/03\/02-historic-palace-for-sale-in-rome-courtesy-of-lionard-scaled.jpg 2560w, https:\/\/www.forbes.be\/fr\/wp-content\/uploads\/2026\/03\/02-historic-palace-for-sale-in-rome-courtesy-of-lionard-300x200.jpg 300w, https:\/\/www.forbes.be\/fr\/wp-content\/uploads\/2026\/03\/02-historic-palace-for-sale-in-rome-courtesy-of-lionard-1024x683.jpg 1024w, https:\/\/www.forbes.be\/fr\/wp-content\/uploads\/2026\/03\/02-historic-palace-for-sale-in-rome-courtesy-of-lionard-768x513.jpg 768w, https:\/\/www.forbes.be\/fr\/wp-content\/uploads\/2026\/03\/02-historic-palace-for-sale-in-rome-courtesy-of-lionard-1536x1025.jpg 1536w, https:\/\/www.forbes.be\/fr\/wp-content\/uploads\/2026\/03\/02-historic-palace-for-sale-in-rome-courtesy-of-lionard-2048x1367.jpg 2048w, https:\/\/www.forbes.be\/fr\/wp-content\/uploads\/2026\/03\/02-historic-palace-for-sale-in-rome-courtesy-of-lionard-696x464.jpg 696w, https:\/\/www.forbes.be\/fr\/wp-content\/uploads\/2026\/03\/02-historic-palace-for-sale-in-rome-courtesy-of-lionard-1068x713.jpg 1068w, https:\/\/www.forbes.be\/fr\/wp-content\/uploads\/2026\/03\/02-historic-palace-for-sale-in-rome-courtesy-of-lionard-1920x1281.jpg 1920w, https:\/\/www.forbes.be\/fr\/wp-content\/uploads\/2026\/03\/02-historic-palace-for-sale-in-rome-courtesy-of-lionard-600x400.jpg 600w\" sizes=\"auto, (max-width: 2560px) 100vw, 2560px\" \/><figcaption id=\"caption-attachment-16254\" class=\"wp-caption-text\">Lionard Luxury Real Estate<\/figcaption><\/figure>\n<p><span style=\"font-family: Calibri, sans-serif;\">L&rsquo;\u00e9glise, aujourd&rsquo;hui d\u00e9sacralis\u00e9e, est int\u00e9gr\u00e9e au corps de logis principal et poss\u00e8de un grand portail sur la Via del Quirinale. Depuis la nef centrale, l&rsquo;espace s&rsquo;ouvre sur un lieu central en forme de croix grecque, form\u00e9 d&rsquo;un octogone inscrit dans un carr\u00e9. <\/span><\/p>\n<p><span style=\"font-family: Calibri, sans-serif;\">Les espaces ext\u00e9rieurs du palais sont un privil\u00e8ge rare au c\u0153ur de Rome. Le couloir principal, au rez-de-chauss\u00e9e, m\u00e8ne directement au jardin priv\u00e9 agr\u00e9ment\u00e9 d&rsquo;arbres fruitiers, notamment des citronniers et des orangers.<\/span><\/p>\n<figure id=\"attachment_16256\" aria-describedby=\"caption-attachment-16256\" style=\"width: 2560px\" class=\"wp-caption alignnone\"><img loading=\"lazy\" decoding=\"async\" class=\"size-full wp-image-16256\" src=\"https:\/\/www.forbes.be\/fr\/wp-content\/uploads\/2026\/03\/12-historic-palace-for-sale-in-rome-courtesy-of-lionard-scaled.jpg\" alt=\"\" width=\"2560\" height=\"1708\" srcset=\"https:\/\/www.forbes.be\/fr\/wp-content\/uploads\/2026\/03\/12-historic-palace-for-sale-in-rome-courtesy-of-lionard-scaled.jpg 2560w, https:\/\/www.forbes.be\/fr\/wp-content\/uploads\/2026\/03\/12-historic-palace-for-sale-in-rome-courtesy-of-lionard-300x200.jpg 300w, https:\/\/www.forbes.be\/fr\/wp-content\/uploads\/2026\/03\/12-historic-palace-for-sale-in-rome-courtesy-of-lionard-1024x683.jpg 1024w, https:\/\/www.forbes.be\/fr\/wp-content\/uploads\/2026\/03\/12-historic-palace-for-sale-in-rome-courtesy-of-lionard-768x513.jpg 768w, https:\/\/www.forbes.be\/fr\/wp-content\/uploads\/2026\/03\/12-historic-palace-for-sale-in-rome-courtesy-of-lionard-1536x1025.jpg 1536w, https:\/\/www.forbes.be\/fr\/wp-content\/uploads\/2026\/03\/12-historic-palace-for-sale-in-rome-courtesy-of-lionard-2048x1367.jpg 2048w, https:\/\/www.forbes.be\/fr\/wp-content\/uploads\/2026\/03\/12-historic-palace-for-sale-in-rome-courtesy-of-lionard-696x464.jpg 696w, https:\/\/www.forbes.be\/fr\/wp-content\/uploads\/2026\/03\/12-historic-palace-for-sale-in-rome-courtesy-of-lionard-1068x713.jpg 1068w, https:\/\/www.forbes.be\/fr\/wp-content\/uploads\/2026\/03\/12-historic-palace-for-sale-in-rome-courtesy-of-lionard-1920x1281.jpg 1920w, https:\/\/www.forbes.be\/fr\/wp-content\/uploads\/2026\/03\/12-historic-palace-for-sale-in-rome-courtesy-of-lionard-600x400.jpg 600w\" sizes=\"auto, (max-width: 2560px) 100vw, 2560px\" \/><figcaption id=\"caption-attachment-16256\" class=\"wp-caption-text\">Le jardin priv\u00e9, rarissime \u00e0 cet endroit. Lionard Luxury Real Estate<\/figcaption><\/figure>\n","protected":false},"excerpt":{"rendered":"<p>A deux pas du Quirinal, un prestigieux palais du XVIIe si\u00e8cle cherche acqu\u00e9reur fortun\u00e9. Cette demeure a abrit\u00e9 plus d\u2019un si\u00e8cle le Coll\u00e8ge pontifical belge o\u00f9 v\u00e9cut et \u00e9tudia Karol Wojty\u0142a, le futur pape Jean-Paul II. Avec environ 3.000 m\u00b2 d\u2019espace int\u00e9rieur, un jardin priv\u00e9 de 614 m\u00b2 et une \u00e9glise d\u00e9sacralis\u00e9e du XVIIe si\u00e8cle [&hellip;]<\/p>\n","protected":false},"author":15,"featured_media":16257,"comment_status":"closed","ping_status":"closed","sticky":false,"template":"","format":"standard","meta":{"_acf_changed":false,"inline_featured_image":false,"footnotes":""},"categories":[1,63,24,18,62],"tags":[],"class_list":{"0":"post-16252","1":"post","2":"type-post","3":"status-publish","4":"format-standard","5":"has-post-thumbnail","7":"category-actualite","8":"category-culture","9":"category-immobilier","10":"category-luxe","11":"category-marche-de-lart"},"acf":[],"_yoast_wpseo_title":null,"_yoast_wpseo_metadesc":"A deux pas du Quirinal, un prestigieux palais du XVIIe si\u00e8cle cherche acqu\u00e9reur fortun\u00e9. Il a abrit\u00e9 plus d\u2019un si\u00e8cle le Coll\u00e8ge pontifical belge.","auteur_traducteur":"","yoast_head":"<!-- This site is optimized with the Yoast SEO plugin v27.4 - https:\/\/yoast.com\/product\/yoast-seo-wordpress\/ -->\n<title>Le palais du Coll\u00e8ge pontifical belge \u00e0 Rome mis en vente | Forbes Belgique<\/title>\n<meta name=\"description\" content=\"A deux pas du Quirinal, un prestigieux palais du XVIIe si\u00e8cle cherche acqu\u00e9reur fortun\u00e9. Il a abrit\u00e9 plus d\u2019un si\u00e8cle le Coll\u00e8ge pontifical belge.\" \/>\n<meta name=\"robots\" content=\"index, follow, max-snippet:-1, max-image-preview:large, max-video-preview:-1\" \/>\n<link rel=\"canonical\" href=\"https:\/\/www.forbes.be\/fr\/le-palais-du-college-pontifical-belge-a-rome-mis-en-vente\/\" \/>\n<meta property=\"og:locale\" content=\"fr_FR\" \/>\n<meta property=\"og:type\" content=\"article\" \/>\n<meta property=\"og:title\" content=\"Le palais du Coll\u00e8ge pontifical belge \u00e0 Rome mis en vente | Forbes Belgique\" \/>\n<meta property=\"og:description\" content=\"A deux pas du Quirinal, un prestigieux palais du XVIIe si\u00e8cle cherche acqu\u00e9reur fortun\u00e9. Il a abrit\u00e9 plus d\u2019un si\u00e8cle le Coll\u00e8ge pontifical belge.\" \/>\n<meta property=\"og:url\" content=\"https:\/\/www.forbes.be\/fr\/le-palais-du-college-pontifical-belge-a-rome-mis-en-vente\/\" \/>\n<meta property=\"og:site_name\" content=\"Forbes Belgique\" \/>\n<meta property=\"article:publisher\" content=\"https:\/\/www.facebook.com\/forbesbelgique\/\" \/>\n<meta property=\"article:published_time\" content=\"2026-03-24T12:40:24+00:00\" \/>\n<meta property=\"article:modified_time\" content=\"2026-03-24T13:14:46+00:00\" \/>\n<meta property=\"og:image\" content=\"https:\/\/www.forbes.be\/fr\/wp-content\/uploads\/2026\/03\/01-historic-palace-for-sale-in-rome-courtesy-of-lionard-scaled.jpg\" \/>\n\t<meta property=\"og:image:width\" content=\"2560\" \/>\n\t<meta property=\"og:image:height\" content=\"1708\" \/>\n\t<meta property=\"og:image:type\" content=\"image\/jpeg\" \/>\n<meta name=\"author\" content=\"Philippe Coul\u00e9e\" \/>\n<meta name=\"twitter:card\" content=\"summary_large_image\" \/>\n<meta name=\"twitter:label1\" content=\"\u00c9crit par\" \/>\n\t<meta name=\"twitter:data1\" content=\"Philippe Coul\u00e9e\" \/>\n\t<meta name=\"twitter:label2\" content=\"Dur\u00e9e de lecture estim\u00e9e\" \/>\n\t<meta name=\"twitter:data2\" content=\"3 minutes\" \/>\n<script type=\"application\/ld+json\" class=\"yoast-schema-graph\">{\"@context\":\"https:\\\/\\\/schema.org\",\"@graph\":[{\"@type\":\"NewsArticle\",\"@id\":\"https:\\\/\\\/www.forbes.be\\\/fr\\\/le-palais-du-college-pontifical-belge-a-rome-mis-en-vente\\\/#article\",\"isPartOf\":{\"@id\":\"https:\\\/\\\/www.forbes.be\\\/fr\\\/le-palais-du-college-pontifical-belge-a-rome-mis-en-vente\\\/\"},\"author\":{\"name\":\"Philippe Coul\u00e9e\",\"@id\":\"https:\\\/\\\/www.forbes.be\\\/fr\\\/#\\\/schema\\\/person\\\/22bfc3335e560f4084ef5af17ecdad87\"},\"headline\":\"Le palais du Coll\u00e8ge pontifical belge \u00e0 Rome mis en vente\",\"datePublished\":\"2026-03-24T12:40:24+00:00\",\"dateModified\":\"2026-03-24T13:14:46+00:00\",\"mainEntityOfPage\":{\"@id\":\"https:\\\/\\\/www.forbes.be\\\/fr\\\/le-palais-du-college-pontifical-belge-a-rome-mis-en-vente\\\/\"},\"wordCount\":466,\"publisher\":{\"@id\":\"https:\\\/\\\/www.forbes.be\\\/fr\\\/#organization\"},\"image\":{\"@id\":\"https:\\\/\\\/www.forbes.be\\\/fr\\\/le-palais-du-college-pontifical-belge-a-rome-mis-en-vente\\\/#primaryimage\"},\"thumbnailUrl\":\"https:\\\/\\\/www.forbes.be\\\/fr\\\/wp-content\\\/uploads\\\/2026\\\/03\\\/01-historic-palace-for-sale-in-rome-courtesy-of-lionard-scaled.jpg\",\"articleSection\":[\"Actualit\u00e9s\",\"Culture\",\"Immobilier\",\"Luxe\",\"March\u00e9 de l'art\"],\"inLanguage\":\"fr-FR\"},{\"@type\":\"WebPage\",\"@id\":\"https:\\\/\\\/www.forbes.be\\\/fr\\\/le-palais-du-college-pontifical-belge-a-rome-mis-en-vente\\\/\",\"url\":\"https:\\\/\\\/www.forbes.be\\\/fr\\\/le-palais-du-college-pontifical-belge-a-rome-mis-en-vente\\\/\",\"name\":\"Le palais du Coll\u00e8ge pontifical belge \u00e0 Rome mis en vente | Forbes Belgique\",\"isPartOf\":{\"@id\":\"https:\\\/\\\/www.forbes.be\\\/fr\\\/#website\"},\"primaryImageOfPage\":{\"@id\":\"https:\\\/\\\/www.forbes.be\\\/fr\\\/le-palais-du-college-pontifical-belge-a-rome-mis-en-vente\\\/#primaryimage\"},\"image\":{\"@id\":\"https:\\\/\\\/www.forbes.be\\\/fr\\\/le-palais-du-college-pontifical-belge-a-rome-mis-en-vente\\\/#primaryimage\"},\"thumbnailUrl\":\"https:\\\/\\\/www.forbes.be\\\/fr\\\/wp-content\\\/uploads\\\/2026\\\/03\\\/01-historic-palace-for-sale-in-rome-courtesy-of-lionard-scaled.jpg\",\"datePublished\":\"2026-03-24T12:40:24+00:00\",\"dateModified\":\"2026-03-24T13:14:46+00:00\",\"description\":\"A deux pas du Quirinal, un prestigieux palais du XVIIe si\u00e8cle cherche acqu\u00e9reur fortun\u00e9. Il a abrit\u00e9 plus d\u2019un si\u00e8cle le Coll\u00e8ge pontifical belge.\",\"breadcrumb\":{\"@id\":\"https:\\\/\\\/www.forbes.be\\\/fr\\\/le-palais-du-college-pontifical-belge-a-rome-mis-en-vente\\\/#breadcrumb\"},\"inLanguage\":\"fr-FR\",\"potentialAction\":[{\"@type\":\"ReadAction\",\"target\":[\"https:\\\/\\\/www.forbes.be\\\/fr\\\/le-palais-du-college-pontifical-belge-a-rome-mis-en-vente\\\/\"]}]},{\"@type\":\"ImageObject\",\"inLanguage\":\"fr-FR\",\"@id\":\"https:\\\/\\\/www.forbes.be\\\/fr\\\/le-palais-du-college-pontifical-belge-a-rome-mis-en-vente\\\/#primaryimage\",\"url\":\"https:\\\/\\\/www.forbes.be\\\/fr\\\/wp-content\\\/uploads\\\/2026\\\/03\\\/01-historic-palace-for-sale-in-rome-courtesy-of-lionard-scaled.jpg\",\"contentUrl\":\"https:\\\/\\\/www.forbes.be\\\/fr\\\/wp-content\\\/uploads\\\/2026\\\/03\\\/01-historic-palace-for-sale-in-rome-courtesy-of-lionard-scaled.jpg\",\"width\":2560,\"height\":1708,\"caption\":\"Lionard Luxury Real Estate\"},{\"@type\":\"BreadcrumbList\",\"@id\":\"https:\\\/\\\/www.forbes.be\\\/fr\\\/le-palais-du-college-pontifical-belge-a-rome-mis-en-vente\\\/#breadcrumb\",\"itemListElement\":[{\"@type\":\"ListItem\",\"position\":1,\"name\":\"Accueil\",\"item\":\"https:\\\/\\\/www.forbes.be\\\/fr\\\/\"},{\"@type\":\"ListItem\",\"position\":2,\"name\":\"Le palais du Coll\u00e8ge pontifical belge \u00e0 Rome mis en vente\"}]},{\"@type\":\"WebSite\",\"@id\":\"https:\\\/\\\/www.forbes.be\\\/fr\\\/#website\",\"url\":\"https:\\\/\\\/www.forbes.be\\\/fr\\\/\",\"name\":\"Forbes Belgique\",\"description\":\"\",\"publisher\":{\"@id\":\"https:\\\/\\\/www.forbes.be\\\/fr\\\/#organization\"},\"potentialAction\":[{\"@type\":\"SearchAction\",\"target\":{\"@type\":\"EntryPoint\",\"urlTemplate\":\"https:\\\/\\\/www.forbes.be\\\/fr\\\/?s={search_term_string}\"},\"query-input\":{\"@type\":\"PropertyValueSpecification\",\"valueRequired\":true,\"valueName\":\"search_term_string\"}}],\"inLanguage\":\"fr-FR\"},{\"@type\":\"Organization\",\"@id\":\"https:\\\/\\\/www.forbes.be\\\/fr\\\/#organization\",\"name\":\"Forbes Belgique\",\"url\":\"https:\\\/\\\/www.forbes.be\\\/fr\\\/\",\"logo\":{\"@type\":\"ImageObject\",\"inLanguage\":\"fr-FR\",\"@id\":\"https:\\\/\\\/www.forbes.be\\\/fr\\\/#\\\/schema\\\/logo\\\/image\\\/\",\"url\":\"https:\\\/\\\/www.forbes.be\\\/fr\\\/wp-content\\\/uploads\\\/2024\\\/02\\\/forbes.be_.png\",\"contentUrl\":\"https:\\\/\\\/www.forbes.be\\\/fr\\\/wp-content\\\/uploads\\\/2024\\\/02\\\/forbes.be_.png\",\"width\":1200,\"height\":675,\"caption\":\"Forbes Belgique\"},\"image\":{\"@id\":\"https:\\\/\\\/www.forbes.be\\\/fr\\\/#\\\/schema\\\/logo\\\/image\\\/\"},\"sameAs\":[\"https:\\\/\\\/www.facebook.com\\\/forbesbelgique\\\/\",\"https:\\\/\\\/www.instagram.com\\\/Forbes_Belgium\",\"https:\\\/\\\/www.linkedin.com\\\/company\\\/forbes-belgium\\\/\"]},{\"@type\":\"Person\",\"@id\":\"https:\\\/\\\/www.forbes.be\\\/fr\\\/#\\\/schema\\\/person\\\/22bfc3335e560f4084ef5af17ecdad87\",\"name\":\"Philippe Coul\u00e9e\",\"image\":{\"@type\":\"ImageObject\",\"inLanguage\":\"fr-FR\",\"@id\":\"https:\\\/\\\/www.forbes.be\\\/fr\\\/wp-content\\\/uploads\\\/2024\\\/01\\\/unnamed-150x150.jpg\",\"url\":\"https:\\\/\\\/www.forbes.be\\\/fr\\\/wp-content\\\/uploads\\\/2024\\\/01\\\/unnamed-150x150.jpg\",\"contentUrl\":\"https:\\\/\\\/www.forbes.be\\\/fr\\\/wp-content\\\/uploads\\\/2024\\\/01\\\/unnamed-150x150.jpg\",\"caption\":\"Philippe Coul\u00e9e\"},\"url\":\"https:\\\/\\\/www.forbes.be\\\/fr\\\/author\\\/philippe-couleeicloud-com\\\/\"}]}<\/script>\n<!-- \/ Yoast SEO plugin. -->","yoast_head_json":{"title":"Le palais du Coll\u00e8ge pontifical belge \u00e0 Rome mis en vente | Forbes Belgique","description":"A deux pas du Quirinal, un prestigieux palais du XVIIe si\u00e8cle cherche acqu\u00e9reur fortun\u00e9. Il a abrit\u00e9 plus d\u2019un si\u00e8cle le Coll\u00e8ge pontifical belge.","robots":{"index":"index","follow":"follow","max-snippet":"max-snippet:-1","max-image-preview":"max-image-preview:large","max-video-preview":"max-video-preview:-1"},"canonical":"https:\/\/www.forbes.be\/fr\/le-palais-du-college-pontifical-belge-a-rome-mis-en-vente\/","og_locale":"fr_FR","og_type":"article","og_title":"Le palais du Coll\u00e8ge pontifical belge \u00e0 Rome mis en vente | Forbes Belgique","og_description":"A deux pas du Quirinal, un prestigieux palais du XVIIe si\u00e8cle cherche acqu\u00e9reur fortun\u00e9. Il a abrit\u00e9 plus d\u2019un si\u00e8cle le Coll\u00e8ge pontifical belge.","og_url":"https:\/\/www.forbes.be\/fr\/le-palais-du-college-pontifical-belge-a-rome-mis-en-vente\/","og_site_name":"Forbes Belgique","article_publisher":"https:\/\/www.facebook.com\/forbesbelgique\/","article_published_time":"2026-03-24T12:40:24+00:00","article_modified_time":"2026-03-24T13:14:46+00:00","og_image":[{"width":2560,"height":1708,"url":"https:\/\/www.forbes.be\/fr\/wp-content\/uploads\/2026\/03\/01-historic-palace-for-sale-in-rome-courtesy-of-lionard-scaled.jpg","type":"image\/jpeg"}],"author":"Philippe Coul\u00e9e","twitter_card":"summary_large_image","twitter_misc":{"\u00c9crit par":"Philippe Coul\u00e9e","Dur\u00e9e de lecture estim\u00e9e":"3 minutes"},"schema":{"@context":"https:\/\/schema.org","@graph":[{"@type":"NewsArticle","@id":"https:\/\/www.forbes.be\/fr\/le-palais-du-college-pontifical-belge-a-rome-mis-en-vente\/#article","isPartOf":{"@id":"https:\/\/www.forbes.be\/fr\/le-palais-du-college-pontifical-belge-a-rome-mis-en-vente\/"},"author":{"name":"Philippe Coul\u00e9e","@id":"https:\/\/www.forbes.be\/fr\/#\/schema\/person\/22bfc3335e560f4084ef5af17ecdad87"},"headline":"Le palais du Coll\u00e8ge pontifical belge \u00e0 Rome mis en vente","datePublished":"2026-03-24T12:40:24+00:00","dateModified":"2026-03-24T13:14:46+00:00","mainEntityOfPage":{"@id":"https:\/\/www.forbes.be\/fr\/le-palais-du-college-pontifical-belge-a-rome-mis-en-vente\/"},"wordCount":466,"publisher":{"@id":"https:\/\/www.forbes.be\/fr\/#organization"},"image":{"@id":"https:\/\/www.forbes.be\/fr\/le-palais-du-college-pontifical-belge-a-rome-mis-en-vente\/#primaryimage"},"thumbnailUrl":"https:\/\/www.forbes.be\/fr\/wp-content\/uploads\/2026\/03\/01-historic-palace-for-sale-in-rome-courtesy-of-lionard-scaled.jpg","articleSection":["Actualit\u00e9s","Culture","Immobilier","Luxe","March\u00e9 de l'art"],"inLanguage":"fr-FR"},{"@type":"WebPage","@id":"https:\/\/www.forbes.be\/fr\/le-palais-du-college-pontifical-belge-a-rome-mis-en-vente\/","url":"https:\/\/www.forbes.be\/fr\/le-palais-du-college-pontifical-belge-a-rome-mis-en-vente\/","name":"Le palais du Coll\u00e8ge pontifical belge \u00e0 Rome mis en vente | Forbes Belgique","isPartOf":{"@id":"https:\/\/www.forbes.be\/fr\/#website"},"primaryImageOfPage":{"@id":"https:\/\/www.forbes.be\/fr\/le-palais-du-college-pontifical-belge-a-rome-mis-en-vente\/#primaryimage"},"image":{"@id":"https:\/\/www.forbes.be\/fr\/le-palais-du-college-pontifical-belge-a-rome-mis-en-vente\/#primaryimage"},"thumbnailUrl":"https:\/\/www.forbes.be\/fr\/wp-content\/uploads\/2026\/03\/01-historic-palace-for-sale-in-rome-courtesy-of-lionard-scaled.jpg","datePublished":"2026-03-24T12:40:24+00:00","dateModified":"2026-03-24T13:14:46+00:00","description":"A deux pas du Quirinal, un prestigieux palais du XVIIe si\u00e8cle cherche acqu\u00e9reur fortun\u00e9. Il a abrit\u00e9 plus d\u2019un si\u00e8cle le Coll\u00e8ge pontifical belge.","breadcrumb":{"@id":"https:\/\/www.forbes.be\/fr\/le-palais-du-college-pontifical-belge-a-rome-mis-en-vente\/#breadcrumb"},"inLanguage":"fr-FR","potentialAction":[{"@type":"ReadAction","target":["https:\/\/www.forbes.be\/fr\/le-palais-du-college-pontifical-belge-a-rome-mis-en-vente\/"]}]},{"@type":"ImageObject","inLanguage":"fr-FR","@id":"https:\/\/www.forbes.be\/fr\/le-palais-du-college-pontifical-belge-a-rome-mis-en-vente\/#primaryimage","url":"https:\/\/www.forbes.be\/fr\/wp-content\/uploads\/2026\/03\/01-historic-palace-for-sale-in-rome-courtesy-of-lionard-scaled.jpg","contentUrl":"https:\/\/www.forbes.be\/fr\/wp-content\/uploads\/2026\/03\/01-historic-palace-for-sale-in-rome-courtesy-of-lionard-scaled.jpg","width":2560,"height":1708,"caption":"Lionard Luxury Real Estate"},{"@type":"BreadcrumbList","@id":"https:\/\/www.forbes.be\/fr\/le-palais-du-college-pontifical-belge-a-rome-mis-en-vente\/#breadcrumb","itemListElement":[{"@type":"ListItem","position":1,"name":"Accueil","item":"https:\/\/www.forbes.be\/fr\/"},{"@type":"ListItem","position":2,"name":"Le palais du Coll\u00e8ge pontifical belge \u00e0 Rome mis en vente"}]},{"@type":"WebSite","@id":"https:\/\/www.forbes.be\/fr\/#website","url":"https:\/\/www.forbes.be\/fr\/","name":"Forbes Belgique","description":"","publisher":{"@id":"https:\/\/www.forbes.be\/fr\/#organization"},"potentialAction":[{"@type":"SearchAction","target":{"@type":"EntryPoint","urlTemplate":"https:\/\/www.forbes.be\/fr\/?s={search_term_string}"},"query-input":{"@type":"PropertyValueSpecification","valueRequired":true,"valueName":"search_term_string"}}],"inLanguage":"fr-FR"},{"@type":"Organization","@id":"https:\/\/www.forbes.be\/fr\/#organization","name":"Forbes Belgique","url":"https:\/\/www.forbes.be\/fr\/","logo":{"@type":"ImageObject","inLanguage":"fr-FR","@id":"https:\/\/www.forbes.be\/fr\/#\/schema\/logo\/image\/","url":"https:\/\/www.forbes.be\/fr\/wp-content\/uploads\/2024\/02\/forbes.be_.png","contentUrl":"https:\/\/www.forbes.be\/fr\/wp-content\/uploads\/2024\/02\/forbes.be_.png","width":1200,"height":675,"caption":"Forbes Belgique"},"image":{"@id":"https:\/\/www.forbes.be\/fr\/#\/schema\/logo\/image\/"},"sameAs":["https:\/\/www.facebook.com\/forbesbelgique\/","https:\/\/www.instagram.com\/Forbes_Belgium","https:\/\/www.linkedin.com\/company\/forbes-belgium\/"]},{"@type":"Person","@id":"https:\/\/www.forbes.be\/fr\/#\/schema\/person\/22bfc3335e560f4084ef5af17ecdad87","name":"Philippe Coul\u00e9e","image":{"@type":"ImageObject","inLanguage":"fr-FR","@id":"https:\/\/www.forbes.be\/fr\/wp-content\/uploads\/2024\/01\/unnamed-150x150.jpg","url":"https:\/\/www.forbes.be\/fr\/wp-content\/uploads\/2024\/01\/unnamed-150x150.jpg","contentUrl":"https:\/\/www.forbes.be\/fr\/wp-content\/uploads\/2024\/01\/unnamed-150x150.jpg","caption":"Philippe Coul\u00e9e"},"url":"https:\/\/www.forbes.be\/fr\/author\/philippe-couleeicloud-com\/"}]}},"_links":{"self":[{"href":"https:\/\/www.forbes.be\/fr\/wp-json\/wp\/v2\/posts\/16252","targetHints":{"allow":["GET"]}}],"collection":[{"href":"https:\/\/www.forbes.be\/fr\/wp-json\/wp\/v2\/posts"}],"about":[{"href":"https:\/\/www.forbes.be\/fr\/wp-json\/wp\/v2\/types\/post"}],"author":[{"embeddable":true,"href":"https:\/\/www.forbes.be\/fr\/wp-json\/wp\/v2\/users\/15"}],"replies":[{"embeddable":true,"href":"https:\/\/www.forbes.be\/fr\/wp-json\/wp\/v2\/comments?post=16252"}],"version-history":[{"count":2,"href":"https:\/\/www.forbes.be\/fr\/wp-json\/wp\/v2\/posts\/16252\/revisions"}],"predecessor-version":[{"id":16260,"href":"https:\/\/www.forbes.be\/fr\/wp-json\/wp\/v2\/posts\/16252\/revisions\/16260"}],"wp:featuredmedia":[{"embeddable":true,"href":"https:\/\/www.forbes.be\/fr\/wp-json\/wp\/v2\/media\/16257"}],"wp:attachment":[{"href":"https:\/\/www.forbes.be\/fr\/wp-json\/wp\/v2\/media?parent=16252"}],"wp:term":[{"taxonomy":"category","embeddable":true,"href":"https:\/\/www.forbes.be\/fr\/wp-json\/wp\/v2\/categories?post=16252"},{"taxonomy":"post_tag","embeddable":true,"href":"https:\/\/www.forbes.be\/fr\/wp-json\/wp\/v2\/tags?post=16252"}],"curies":[{"name":"wp","href":"https:\/\/api.w.org\/{rel}","templated":true}]}}