{"id":16455,"date":"2026-03-31T08:02:11","date_gmt":"2026-03-31T06:02:11","guid":{"rendered":"https:\/\/www.forbes.be\/fr\/espagne-interdit-avions-militaires-americains\/"},"modified":"2026-03-31T08:02:11","modified_gmt":"2026-03-31T06:02:11","slug":"espagne-interdit-avions-militaires-americains","status":"publish","type":"post","link":"https:\/\/www.forbes.be\/fr\/espagne-interdit-avions-militaires-americains\/","title":{"rendered":"L&rsquo;Espagne ferme son espace a\u00e9rien aux avions militaires am\u00e9ricains en raison du conflit avec l&rsquo;Iran"},"content":{"rendered":"<h2>R\u00e9sum\u00e9<\/h2>\n<p>L&rsquo;Espagne a ferm\u00e9 son espace a\u00e9rien aux avions am\u00e9ricains impliqu\u00e9s dans les attaques en cours contre l&rsquo;Iran, le pays restant le plus fervent opposant europ\u00e9en \u00e0 la guerre men\u00e9e par Trump en Iran.<\/p>\n<h2>Faits Principaux<\/h2>\n<ul>\n<li>L&rsquo;Espagne refuse l&rsquo;entr\u00e9e dans son espace a\u00e9rien \u00e0 tout avion militaire am\u00e9ricain impliqu\u00e9 dans la guerre, y compris ceux stationn\u00e9s dans d&rsquo;autres pays ou cherchant \u00e0 se ravitailler, a rapport\u00e9 le journal espagnol El Pais et confirm\u00e9 par la ministre de la D\u00e9fense Margarita Robles.<\/li>\n<li>Cette restriction oblige les avions militaires \u00e0 contourner l&rsquo;Espagne en route vers leurs cibles au Moyen-Orient mais ne sera pas appliqu\u00e9e en cas d&rsquo;urgence, selon El Pais.<\/li>\n<li>La restriction de l&rsquo;espace a\u00e9rien intervient quelques semaines apr\u00e8s que le ministre des Affaires \u00e9trang\u00e8res Jos\u00e9 Manuel Albares ait d\u00e9clar\u00e9 que les \u00c9tats-Unis ne pouvaient pas utiliser les bases communes dans le pays pour mener des frappes en Iran, suscitant le courroux du pr\u00e9sident Donald Trump qui a ensuite menac\u00e9 de couper tous les \u00e9changes commerciaux avec l&rsquo;Espagne.<\/li>\n<li>Ni Trump ni la Maison-Blanche n&rsquo;ont publiquement r\u00e9agi \u00e0 cette nouvelle concernant l&rsquo;espace a\u00e9rien.<\/li>\n<\/ul>\n<h2>Citation Cruciale<\/h2>\n<p>\u00ab\u00a0Nous ne voulons rien avoir \u00e0 faire avec l&rsquo;Espagne\u00a0\u00bb, a d\u00e9clar\u00e9 Trump en r\u00e9ponse aux restrictions du pays sur les bases militaires.<\/p>\n<h2>Contexte Cl\u00e9<\/h2>\n<p>Depuis que les \u00c9tats-Unis et Isra\u00ebl ont commenc\u00e9 des frappes en Iran le 28 f\u00e9vrier, des milliers de personnes ont \u00e9t\u00e9 tu\u00e9es en Iran, des centaines de soldats am\u00e9ricains ont \u00e9t\u00e9 bless\u00e9s et au moins 13 membres du service am\u00e9ricain ont \u00e9t\u00e9 tu\u00e9s. Les conditions am\u00e9ricaines pour mettre fin \u00e0 la guerre incluent le d\u00e9mant\u00e8lement du programme d&rsquo;armement nucl\u00e9aire iranien, mais l&rsquo;Iran aurait rejet\u00e9 une proposition la semaine derni\u00e8re. Les \u00c9tats-Unis ont d\u00e9ploy\u00e9 plus de troupes au Moyen-Orient ce week-end, portant leur nombre \u00e0 plus de 50 000. L&rsquo;Espagne a men\u00e9 l&rsquo;opposition \u00e0 la guerre et la France a exprim\u00e9 sa pr\u00e9occupation quant \u00e0 une violation possible du droit de la paix internationale. Le chancelier allemand Friedrich Merz a initialement d\u00e9clar\u00e9 qu&rsquo;il \u00e9tait \u00ab\u00a0sur la m\u00eame longueur d&rsquo;onde\u00a0\u00bb que Trump concernant la guerre en Iran mais le pays est depuis devenu plus critique. Parmi les alli\u00e9s de l&rsquo;OTAN, seuls le Canada et quatre petites nations europ\u00e9ennes ont exprim\u00e9 leur soutien aux frappes am\u00e9ricano-isra\u00e9liennes.<\/p>\n<h2>En D\u00e9tail<\/h2>\n<p>Plus t\u00f4t ce mois-ci, le gouvernement suisse a rejet\u00e9 deux demandes de survol am\u00e9ricaines li\u00e9es \u00e0 la guerre en Iran, invoquant les r\u00e8gles de neutralit\u00e9 qui n&rsquo;autorisent que les transports humanitaires et m\u00e9dicaux \u00e0 traverser le pays. Plus t\u00f4t cette ann\u00e9e, le prince h\u00e9ritier saoudien Mohammed ben Salmane a d\u00e9clar\u00e9 aux dirigeants iraniens qu&rsquo;il n&rsquo;autoriserait pas l&rsquo;espace a\u00e9rien saoudien \u00e0 \u00eatre utilis\u00e9 pour des actions militaires contre l&rsquo;Iran. Trump a d\u00e9clar\u00e9 la semaine derni\u00e8re que le prince \u00ab\u00a0se battait avec nous\u00a0\u00bb, mais les dirigeants saoudiens n&rsquo;ont pas publiquement approuv\u00e9 la guerre ni permis que leur territoire et espace a\u00e9rien soient utilis\u00e9s pour des attaques am\u00e9ricaines contre l&rsquo;Iran.<\/p>\n<p> <a href=\"https:\/\/www.forbes.com\/sites\/maryroeloffs\/2026\/03\/30\/spain-closes-airspace-to-us-military-planes-over-iran-war\/\">Cet article a \u00e9t\u00e9 initialement publi\u00e9 sur Forbes.com<\/a><\/p>\n<p> Cet article a \u00e9t\u00e9 \u00e9crit par Mary Whitfill Roeloffs et traduit par Forbes.be. <\/p>\n","protected":false},"excerpt":{"rendered":"<p>En r\u00e9action au conflit grandissant avec l&rsquo;Iran, l&rsquo;Espagne a d\u00e9cid\u00e9 de fermer son espace a\u00e9rien aux avions militaires am\u00e9ricains.<\/p>\n","protected":false},"author":28,"featured_media":16454,"comment_status":"closed","ping_status":"closed","sticky":false,"template":"","format":"standard","meta":{"_acf_changed":false,"inline_featured_image":false,"footnotes":""},"categories":[1],"tags":[],"class_list":{"0":"post-16455","1":"post","2":"type-post","3":"status-publish","4":"format-standard","5":"has-post-thumbnail","7":"category-actualite"},"acf":[],"_yoast_wpseo_title":"L'Espagne ferme son espace a\u00e9rien aux avions militaires am\u00e9ricains en raison du conflit avec l'Iran","_yoast_wpseo_metadesc":"L'Espagne refuse l'acc\u00e8s de ses bases militaires pour les op\u00e9rations en Iran, ce qui d\u00e9plait \u00e0 Trump.","auteur_traducteur":"Mary Whitfill Roeloffs","yoast_head":"<!-- This site is optimized with the Yoast SEO plugin v27.4 - https:\/\/yoast.com\/product\/yoast-seo-wordpress\/ -->\n<title>L&#039;Espagne ferme son espace a\u00e9rien aux avions militaires am\u00e9ricains en raison du conflit avec l&#039;Iran<\/title>\n<meta name=\"description\" content=\"L&#039;Espagne refuse l&#039;acc\u00e8s de ses bases militaires pour les op\u00e9rations en Iran, ce qui d\u00e9plait \u00e0 Trump.\" \/>\n<meta name=\"robots\" content=\"index, follow, max-snippet:-1, max-image-preview:large, max-video-preview:-1\" \/>\n<link rel=\"canonical\" href=\"https:\/\/www.forbes.be\/fr\/espagne-interdit-avions-militaires-americains\/\" \/>\n<meta property=\"og:locale\" content=\"fr_FR\" \/>\n<meta property=\"og:type\" content=\"article\" \/>\n<meta property=\"og:title\" content=\"L&#039;Espagne ferme son espace a\u00e9rien aux avions militaires am\u00e9ricains en raison du conflit avec l&#039;Iran\" \/>\n<meta property=\"og:description\" content=\"L&#039;Espagne refuse l&#039;acc\u00e8s de ses bases militaires pour les op\u00e9rations en Iran, ce qui d\u00e9plait \u00e0 Trump.\" \/>\n<meta property=\"og:url\" content=\"https:\/\/www.forbes.be\/fr\/espagne-interdit-avions-militaires-americains\/\" \/>\n<meta property=\"og:site_name\" content=\"Forbes Belgique\" \/>\n<meta property=\"article:publisher\" content=\"https:\/\/www.facebook.com\/forbesbelgique\/\" \/>\n<meta property=\"article:published_time\" content=\"2026-03-31T06:02:11+00:00\" \/>\n<meta property=\"og:image\" content=\"https:\/\/www.forbes.be\/fr\/wp-content\/uploads\/2026\/03\/7034829156.jpg\" \/>\n\t<meta property=\"og:image:width\" content=\"958\" \/>\n\t<meta property=\"og:image:height\" content=\"539\" \/>\n\t<meta property=\"og:image:type\" content=\"image\/jpeg\" \/>\n<meta name=\"author\" content=\"Forbes US\" \/>\n<meta name=\"twitter:card\" content=\"summary_large_image\" \/>\n<meta name=\"twitter:label1\" content=\"\u00c9crit par\" \/>\n\t<meta name=\"twitter:data1\" content=\"Forbes US\" \/>\n\t<meta name=\"twitter:label2\" content=\"Dur\u00e9e de lecture estim\u00e9e\" \/>\n\t<meta name=\"twitter:data2\" content=\"3 minutes\" \/>\n<script type=\"application\/ld+json\" class=\"yoast-schema-graph\">{\"@context\":\"https:\\\/\\\/schema.org\",\"@graph\":[{\"@type\":\"NewsArticle\",\"@id\":\"https:\\\/\\\/www.forbes.be\\\/fr\\\/espagne-interdit-avions-militaires-americains\\\/#article\",\"isPartOf\":{\"@id\":\"https:\\\/\\\/www.forbes.be\\\/fr\\\/espagne-interdit-avions-militaires-americains\\\/\"},\"author\":{\"name\":\"Forbes US\",\"@id\":\"https:\\\/\\\/www.forbes.be\\\/fr\\\/#\\\/schema\\\/person\\\/7a054703b12276e8c990a581baea6515\"},\"headline\":\"L&rsquo;Espagne ferme son espace a\u00e9rien aux avions militaires am\u00e9ricains en raison du conflit avec l&rsquo;Iran\",\"datePublished\":\"2026-03-31T06:02:11+00:00\",\"mainEntityOfPage\":{\"@id\":\"https:\\\/\\\/www.forbes.be\\\/fr\\\/espagne-interdit-avions-militaires-americains\\\/\"},\"wordCount\":558,\"publisher\":{\"@id\":\"https:\\\/\\\/www.forbes.be\\\/fr\\\/#organization\"},\"image\":{\"@id\":\"https:\\\/\\\/www.forbes.be\\\/fr\\\/espagne-interdit-avions-militaires-americains\\\/#primaryimage\"},\"thumbnailUrl\":\"https:\\\/\\\/www.forbes.be\\\/fr\\\/wp-content\\\/uploads\\\/2026\\\/03\\\/7034829156.jpg\",\"articleSection\":[\"Actualit\u00e9s\"],\"inLanguage\":\"fr-FR\"},{\"@type\":\"WebPage\",\"@id\":\"https:\\\/\\\/www.forbes.be\\\/fr\\\/espagne-interdit-avions-militaires-americains\\\/\",\"url\":\"https:\\\/\\\/www.forbes.be\\\/fr\\\/espagne-interdit-avions-militaires-americains\\\/\",\"name\":\"L'Espagne ferme son espace a\u00e9rien aux avions militaires am\u00e9ricains en raison du conflit avec l'Iran\",\"isPartOf\":{\"@id\":\"https:\\\/\\\/www.forbes.be\\\/fr\\\/#website\"},\"primaryImageOfPage\":{\"@id\":\"https:\\\/\\\/www.forbes.be\\\/fr\\\/espagne-interdit-avions-militaires-americains\\\/#primaryimage\"},\"image\":{\"@id\":\"https:\\\/\\\/www.forbes.be\\\/fr\\\/espagne-interdit-avions-militaires-americains\\\/#primaryimage\"},\"thumbnailUrl\":\"https:\\\/\\\/www.forbes.be\\\/fr\\\/wp-content\\\/uploads\\\/2026\\\/03\\\/7034829156.jpg\",\"datePublished\":\"2026-03-31T06:02:11+00:00\",\"description\":\"L'Espagne refuse l'acc\u00e8s de ses bases militaires pour les op\u00e9rations en Iran, ce qui d\u00e9plait \u00e0 Trump.\",\"breadcrumb\":{\"@id\":\"https:\\\/\\\/www.forbes.be\\\/fr\\\/espagne-interdit-avions-militaires-americains\\\/#breadcrumb\"},\"inLanguage\":\"fr-FR\",\"potentialAction\":[{\"@type\":\"ReadAction\",\"target\":[\"https:\\\/\\\/www.forbes.be\\\/fr\\\/espagne-interdit-avions-militaires-americains\\\/\"]}]},{\"@type\":\"ImageObject\",\"inLanguage\":\"fr-FR\",\"@id\":\"https:\\\/\\\/www.forbes.be\\\/fr\\\/espagne-interdit-avions-militaires-americains\\\/#primaryimage\",\"url\":\"https:\\\/\\\/www.forbes.be\\\/fr\\\/wp-content\\\/uploads\\\/2026\\\/03\\\/7034829156.jpg\",\"contentUrl\":\"https:\\\/\\\/www.forbes.be\\\/fr\\\/wp-content\\\/uploads\\\/2026\\\/03\\\/7034829156.jpg\",\"width\":958,\"height\":539,\"caption\":\"NurPhoto via Getty Images\"},{\"@type\":\"BreadcrumbList\",\"@id\":\"https:\\\/\\\/www.forbes.be\\\/fr\\\/espagne-interdit-avions-militaires-americains\\\/#breadcrumb\",\"itemListElement\":[{\"@type\":\"ListItem\",\"position\":1,\"name\":\"Accueil\",\"item\":\"https:\\\/\\\/www.forbes.be\\\/fr\\\/\"},{\"@type\":\"ListItem\",\"position\":2,\"name\":\"L&rsquo;Espagne ferme son espace a\u00e9rien aux avions militaires am\u00e9ricains en raison du conflit avec l&rsquo;Iran\"}]},{\"@type\":\"WebSite\",\"@id\":\"https:\\\/\\\/www.forbes.be\\\/fr\\\/#website\",\"url\":\"https:\\\/\\\/www.forbes.be\\\/fr\\\/\",\"name\":\"Forbes Belgique\",\"description\":\"\",\"publisher\":{\"@id\":\"https:\\\/\\\/www.forbes.be\\\/fr\\\/#organization\"},\"potentialAction\":[{\"@type\":\"SearchAction\",\"target\":{\"@type\":\"EntryPoint\",\"urlTemplate\":\"https:\\\/\\\/www.forbes.be\\\/fr\\\/?s={search_term_string}\"},\"query-input\":{\"@type\":\"PropertyValueSpecification\",\"valueRequired\":true,\"valueName\":\"search_term_string\"}}],\"inLanguage\":\"fr-FR\"},{\"@type\":\"Organization\",\"@id\":\"https:\\\/\\\/www.forbes.be\\\/fr\\\/#organization\",\"name\":\"Forbes Belgique\",\"url\":\"https:\\\/\\\/www.forbes.be\\\/fr\\\/\",\"logo\":{\"@type\":\"ImageObject\",\"inLanguage\":\"fr-FR\",\"@id\":\"https:\\\/\\\/www.forbes.be\\\/fr\\\/#\\\/schema\\\/logo\\\/image\\\/\",\"url\":\"https:\\\/\\\/www.forbes.be\\\/fr\\\/wp-content\\\/uploads\\\/2024\\\/02\\\/forbes.be_.png\",\"contentUrl\":\"https:\\\/\\\/www.forbes.be\\\/fr\\\/wp-content\\\/uploads\\\/2024\\\/02\\\/forbes.be_.png\",\"width\":1200,\"height\":675,\"caption\":\"Forbes Belgique\"},\"image\":{\"@id\":\"https:\\\/\\\/www.forbes.be\\\/fr\\\/#\\\/schema\\\/logo\\\/image\\\/\"},\"sameAs\":[\"https:\\\/\\\/www.facebook.com\\\/forbesbelgique\\\/\",\"https:\\\/\\\/www.instagram.com\\\/Forbes_Belgium\",\"https:\\\/\\\/www.linkedin.com\\\/company\\\/forbes-belgium\\\/\"]},{\"@type\":\"Person\",\"@id\":\"https:\\\/\\\/www.forbes.be\\\/fr\\\/#\\\/schema\\\/person\\\/7a054703b12276e8c990a581baea6515\",\"name\":\"Forbes US\",\"image\":{\"@type\":\"ImageObject\",\"inLanguage\":\"fr-FR\",\"@id\":\"https:\\\/\\\/www.forbes.be\\\/fr\\\/wp-content\\\/uploads\\\/2025\\\/03\\\/forbes-logo1-100x100.png\",\"url\":\"https:\\\/\\\/www.forbes.be\\\/fr\\\/wp-content\\\/uploads\\\/2025\\\/03\\\/forbes-logo1-100x100.png\",\"contentUrl\":\"https:\\\/\\\/www.forbes.be\\\/fr\\\/wp-content\\\/uploads\\\/2025\\\/03\\\/forbes-logo1-100x100.png\",\"caption\":\"Forbes US\"},\"url\":\"https:\\\/\\\/www.forbes.be\\\/fr\\\/author\\\/forbes-us\\\/\"}]}<\/script>\n<!-- \/ Yoast SEO plugin. -->","yoast_head_json":{"title":"L'Espagne ferme son espace a\u00e9rien aux avions militaires am\u00e9ricains en raison du conflit avec l'Iran","description":"L'Espagne refuse l'acc\u00e8s de ses bases militaires pour les op\u00e9rations en Iran, ce qui d\u00e9plait \u00e0 Trump.","robots":{"index":"index","follow":"follow","max-snippet":"max-snippet:-1","max-image-preview":"max-image-preview:large","max-video-preview":"max-video-preview:-1"},"canonical":"https:\/\/www.forbes.be\/fr\/espagne-interdit-avions-militaires-americains\/","og_locale":"fr_FR","og_type":"article","og_title":"L'Espagne ferme son espace a\u00e9rien aux avions militaires am\u00e9ricains en raison du conflit avec l'Iran","og_description":"L'Espagne refuse l'acc\u00e8s de ses bases militaires pour les op\u00e9rations en Iran, ce qui d\u00e9plait \u00e0 Trump.","og_url":"https:\/\/www.forbes.be\/fr\/espagne-interdit-avions-militaires-americains\/","og_site_name":"Forbes Belgique","article_publisher":"https:\/\/www.facebook.com\/forbesbelgique\/","article_published_time":"2026-03-31T06:02:11+00:00","og_image":[{"width":958,"height":539,"url":"https:\/\/www.forbes.be\/fr\/wp-content\/uploads\/2026\/03\/7034829156.jpg","type":"image\/jpeg"}],"author":"Forbes US","twitter_card":"summary_large_image","twitter_misc":{"\u00c9crit par":"Forbes US","Dur\u00e9e de lecture estim\u00e9e":"3 minutes"},"schema":{"@context":"https:\/\/schema.org","@graph":[{"@type":"NewsArticle","@id":"https:\/\/www.forbes.be\/fr\/espagne-interdit-avions-militaires-americains\/#article","isPartOf":{"@id":"https:\/\/www.forbes.be\/fr\/espagne-interdit-avions-militaires-americains\/"},"author":{"name":"Forbes US","@id":"https:\/\/www.forbes.be\/fr\/#\/schema\/person\/7a054703b12276e8c990a581baea6515"},"headline":"L&rsquo;Espagne ferme son espace a\u00e9rien aux avions militaires am\u00e9ricains en raison du conflit avec l&rsquo;Iran","datePublished":"2026-03-31T06:02:11+00:00","mainEntityOfPage":{"@id":"https:\/\/www.forbes.be\/fr\/espagne-interdit-avions-militaires-americains\/"},"wordCount":558,"publisher":{"@id":"https:\/\/www.forbes.be\/fr\/#organization"},"image":{"@id":"https:\/\/www.forbes.be\/fr\/espagne-interdit-avions-militaires-americains\/#primaryimage"},"thumbnailUrl":"https:\/\/www.forbes.be\/fr\/wp-content\/uploads\/2026\/03\/7034829156.jpg","articleSection":["Actualit\u00e9s"],"inLanguage":"fr-FR"},{"@type":"WebPage","@id":"https:\/\/www.forbes.be\/fr\/espagne-interdit-avions-militaires-americains\/","url":"https:\/\/www.forbes.be\/fr\/espagne-interdit-avions-militaires-americains\/","name":"L'Espagne ferme son espace a\u00e9rien aux avions militaires am\u00e9ricains en raison du conflit avec l'Iran","isPartOf":{"@id":"https:\/\/www.forbes.be\/fr\/#website"},"primaryImageOfPage":{"@id":"https:\/\/www.forbes.be\/fr\/espagne-interdit-avions-militaires-americains\/#primaryimage"},"image":{"@id":"https:\/\/www.forbes.be\/fr\/espagne-interdit-avions-militaires-americains\/#primaryimage"},"thumbnailUrl":"https:\/\/www.forbes.be\/fr\/wp-content\/uploads\/2026\/03\/7034829156.jpg","datePublished":"2026-03-31T06:02:11+00:00","description":"L'Espagne refuse l'acc\u00e8s de ses bases militaires pour les op\u00e9rations en Iran, ce qui d\u00e9plait \u00e0 Trump.","breadcrumb":{"@id":"https:\/\/www.forbes.be\/fr\/espagne-interdit-avions-militaires-americains\/#breadcrumb"},"inLanguage":"fr-FR","potentialAction":[{"@type":"ReadAction","target":["https:\/\/www.forbes.be\/fr\/espagne-interdit-avions-militaires-americains\/"]}]},{"@type":"ImageObject","inLanguage":"fr-FR","@id":"https:\/\/www.forbes.be\/fr\/espagne-interdit-avions-militaires-americains\/#primaryimage","url":"https:\/\/www.forbes.be\/fr\/wp-content\/uploads\/2026\/03\/7034829156.jpg","contentUrl":"https:\/\/www.forbes.be\/fr\/wp-content\/uploads\/2026\/03\/7034829156.jpg","width":958,"height":539,"caption":"NurPhoto via Getty Images"},{"@type":"BreadcrumbList","@id":"https:\/\/www.forbes.be\/fr\/espagne-interdit-avions-militaires-americains\/#breadcrumb","itemListElement":[{"@type":"ListItem","position":1,"name":"Accueil","item":"https:\/\/www.forbes.be\/fr\/"},{"@type":"ListItem","position":2,"name":"L&rsquo;Espagne ferme son espace a\u00e9rien aux avions militaires am\u00e9ricains en raison du conflit avec l&rsquo;Iran"}]},{"@type":"WebSite","@id":"https:\/\/www.forbes.be\/fr\/#website","url":"https:\/\/www.forbes.be\/fr\/","name":"Forbes Belgique","description":"","publisher":{"@id":"https:\/\/www.forbes.be\/fr\/#organization"},"potentialAction":[{"@type":"SearchAction","target":{"@type":"EntryPoint","urlTemplate":"https:\/\/www.forbes.be\/fr\/?s={search_term_string}"},"query-input":{"@type":"PropertyValueSpecification","valueRequired":true,"valueName":"search_term_string"}}],"inLanguage":"fr-FR"},{"@type":"Organization","@id":"https:\/\/www.forbes.be\/fr\/#organization","name":"Forbes Belgique","url":"https:\/\/www.forbes.be\/fr\/","logo":{"@type":"ImageObject","inLanguage":"fr-FR","@id":"https:\/\/www.forbes.be\/fr\/#\/schema\/logo\/image\/","url":"https:\/\/www.forbes.be\/fr\/wp-content\/uploads\/2024\/02\/forbes.be_.png","contentUrl":"https:\/\/www.forbes.be\/fr\/wp-content\/uploads\/2024\/02\/forbes.be_.png","width":1200,"height":675,"caption":"Forbes Belgique"},"image":{"@id":"https:\/\/www.forbes.be\/fr\/#\/schema\/logo\/image\/"},"sameAs":["https:\/\/www.facebook.com\/forbesbelgique\/","https:\/\/www.instagram.com\/Forbes_Belgium","https:\/\/www.linkedin.com\/company\/forbes-belgium\/"]},{"@type":"Person","@id":"https:\/\/www.forbes.be\/fr\/#\/schema\/person\/7a054703b12276e8c990a581baea6515","name":"Forbes US","image":{"@type":"ImageObject","inLanguage":"fr-FR","@id":"https:\/\/www.forbes.be\/fr\/wp-content\/uploads\/2025\/03\/forbes-logo1-100x100.png","url":"https:\/\/www.forbes.be\/fr\/wp-content\/uploads\/2025\/03\/forbes-logo1-100x100.png","contentUrl":"https:\/\/www.forbes.be\/fr\/wp-content\/uploads\/2025\/03\/forbes-logo1-100x100.png","caption":"Forbes US"},"url":"https:\/\/www.forbes.be\/fr\/author\/forbes-us\/"}]}},"_links":{"self":[{"href":"https:\/\/www.forbes.be\/fr\/wp-json\/wp\/v2\/posts\/16455","targetHints":{"allow":["GET"]}}],"collection":[{"href":"https:\/\/www.forbes.be\/fr\/wp-json\/wp\/v2\/posts"}],"about":[{"href":"https:\/\/www.forbes.be\/fr\/wp-json\/wp\/v2\/types\/post"}],"author":[{"embeddable":true,"href":"https:\/\/www.forbes.be\/fr\/wp-json\/wp\/v2\/users\/28"}],"replies":[{"embeddable":true,"href":"https:\/\/www.forbes.be\/fr\/wp-json\/wp\/v2\/comments?post=16455"}],"version-history":[{"count":0,"href":"https:\/\/www.forbes.be\/fr\/wp-json\/wp\/v2\/posts\/16455\/revisions"}],"wp:featuredmedia":[{"embeddable":true,"href":"https:\/\/www.forbes.be\/fr\/wp-json\/wp\/v2\/media\/16454"}],"wp:attachment":[{"href":"https:\/\/www.forbes.be\/fr\/wp-json\/wp\/v2\/media?parent=16455"}],"wp:term":[{"taxonomy":"category","embeddable":true,"href":"https:\/\/www.forbes.be\/fr\/wp-json\/wp\/v2\/categories?post=16455"},{"taxonomy":"post_tag","embeddable":true,"href":"https:\/\/www.forbes.be\/fr\/wp-json\/wp\/v2\/tags?post=16455"}],"curies":[{"name":"wp","href":"https:\/\/api.w.org\/{rel}","templated":true}]}}