{"id":16520,"date":"2026-04-02T12:24:58","date_gmt":"2026-04-02T10:24:58","guid":{"rendered":"https:\/\/www.forbes.be\/fr\/?p=16520"},"modified":"2026-04-02T12:24:58","modified_gmt":"2026-04-02T10:24:58","slug":"odoo-signe-le-contrat-le-plus-important-de-son-histoire-avec-partena-professional","status":"publish","type":"post","link":"https:\/\/www.forbes.be\/fr\/odoo-signe-le-contrat-le-plus-important-de-son-histoire-avec-partena-professional\/","title":{"rendered":"Odoo signe le contrat le plus important de son histoire avec Partena Professional"},"content":{"rendered":"<p><strong>Partena Professional et Odoo vont joindre leurs expertises pour r\u00e9volutionner le parcours RH (ressources humaines) et paie. C&rsquo;est LA grande annonce de l&rsquo;ann\u00e9e pour la soci\u00e9t\u00e9 belge sp\u00e9cialis\u00e9e dans les logiciels de gestion. Et pour cause, il s&rsquo;agit du plus gros contrat que la licorne braban\u00e7onne a jamais sign\u00e9. Il repr\u00e9sente en effet plus de 10 fois son plus gros client actuel, sachant que le s\u00e9cr\u00e9tariat social fournit tout de m\u00eame 920.000 fiches de paie chaque mois!<\/strong><\/p>\n<p><a href=\"https:\/\/www.partena-professional.be\/fr\">Partena Professional<\/a> et <a href=\"https:\/\/www.odoo.com\/fr_FR\">Odoo<\/a> vont proposer ensemble, d\u00e8s le 1er janvier 2027, la premi\u00e8re solution totalement int\u00e9gr\u00e9e du march\u00e9 belge, de bout en bout. L&rsquo;objectif de ce \u00ab\u00a0<em><strong>partenariat historique<\/strong> et win-win<\/em>\u00ab\u00a0, selon les mots de <a href=\"https:\/\/be.linkedin.com\/in\/fpodoo\">Fabien Pinckaers<\/a>, le CEO d&rsquo;Odoo, est de simplifier et d&rsquo;acc\u00e9l\u00e9rer l\u2019ensemble du parcours RH et paie. Il offrira \u00ab\u00a0le meilleur des deux mondes r\u00e9unis\u00a0\u00bb, avec une combinaison de services et d\u2019outils avec un niveau de simplicit\u00e9 et de rapidit\u00e9 jamais atteint jusqu\u2019ici pour g\u00e9rer les ressources humaines, domaine extr\u00eamement complexe.<\/p>\n<p>\u00ab\u00a0<em>D&rsquo;apr\u00e8s des \u00e9tudes internationales, la <strong>Belgique est le 3e pays au monde le plus compliqu\u00e9<\/strong> en la mati\u00e8re, apr\u00e8s le Mexique et l&rsquo;Allemagne<\/em>\u00ab\u00a0, situe <a href=\"https:\/\/be.linkedin.com\/in\/roeland-van-dessel-7623811\">Roeland Van Dessel<\/a>, le CEO de Partena Professional. Face \u00e0 ce constat et des outils datant des ann\u00e9es 1990, une telle innovation n\u00e9cessitait, selon lui, une collaboration d\u2019envergure. Qui plus est alors que les entreprises, dont 90% sont des petites structures employant moins de 10 personnes, veulent des solutions simples, int\u00e9gr\u00e9es et tr\u00e8s flexibles.<\/p>\n<p>\u00ab\u00a0<em>Nous avons transform\u00e9 20% des soci\u00e9t\u00e9s belges en sept ans. Mais, s&rsquo;il y a un truc qu&rsquo;on a <strong>jamais r\u00e9ussi \u00e0 craquer<\/strong>, c&rsquo;est <strong>la paie<\/strong><\/em>\u00ab\u00a0, abonde Fabien Pinckaers. \u00ab\u00a0<em>Le calcul des fiches de paie est une mati\u00e8re super complexe.<\/em>\u00a0\u00bb<\/p>\n<p>En partant d&rsquo;une page blanche et face \u00e0 \u00ab\u00a0un challenge \u00e9norme\u00a0\u00bb, les deux partenaires ont commenc\u00e9 \u00e0 construire ensemble un <strong>environnement RH et paie enti\u00e8rement unifi\u00e9<\/strong>, connect\u00e9 \u00e0 tout un \u00e9cosyst\u00e8me de modules m\u00e9tiers. Cette int\u00e9gration native permet aux donn\u00e9es de circuler sans rupture entre les applications, supprimant des op\u00e9rations manuelles et rendant les processus et le service plus coh\u00e9rents, rapides et fiables.<\/p>\n<p>Tout sera g\u00e9r\u00e9 d&rsquo;un seul et m\u00eame endroit: la paie, les plannings, la pointeuse, le recrutement, la comptabilit\u00e9, la gestion de la flotte des voitures de soci\u00e9t\u00e9, celle des \u00e9valuations p\u00e9riodiques, ou encore les outils de performance des employ\u00e9s.<\/p>\n<p><img loading=\"lazy\" decoding=\"async\" class=\" wp-image-16524 aligncenter\" src=\"https:\/\/www.forbes.be\/fr\/wp-content\/uploads\/2026\/04\/partenaxodoo-press-1920x1080-logo-color-300x169.png\" alt=\"\" width=\"469\" height=\"264\" srcset=\"https:\/\/www.forbes.be\/fr\/wp-content\/uploads\/2026\/04\/partenaxodoo-press-1920x1080-logo-color-300x169.png 300w, https:\/\/www.forbes.be\/fr\/wp-content\/uploads\/2026\/04\/partenaxodoo-press-1920x1080-logo-color-1024x576.png 1024w, https:\/\/www.forbes.be\/fr\/wp-content\/uploads\/2026\/04\/partenaxodoo-press-1920x1080-logo-color-768x432.png 768w, https:\/\/www.forbes.be\/fr\/wp-content\/uploads\/2026\/04\/partenaxodoo-press-1920x1080-logo-color-1536x864.png 1536w, https:\/\/www.forbes.be\/fr\/wp-content\/uploads\/2026\/04\/partenaxodoo-press-1920x1080-logo-color-2048x1152.png 2048w, https:\/\/www.forbes.be\/fr\/wp-content\/uploads\/2026\/04\/partenaxodoo-press-1920x1080-logo-color-696x392.png 696w, https:\/\/www.forbes.be\/fr\/wp-content\/uploads\/2026\/04\/partenaxodoo-press-1920x1080-logo-color-1068x601.png 1068w, https:\/\/www.forbes.be\/fr\/wp-content\/uploads\/2026\/04\/partenaxodoo-press-1920x1080-logo-color-1920x1080.png 1920w, https:\/\/www.forbes.be\/fr\/wp-content\/uploads\/2026\/04\/partenaxodoo-press-1920x1080-logo-color-600x338.png 600w\" sizes=\"auto, (max-width: 469px) 100vw, 469px\" \/><\/p>\n<p>Une \u00e9quipe d&rsquo;une soixantaine de personnes d&rsquo;Odoo a travaill\u00e9 main dans la main avec les experts de Partena Professional pour faire \u00e9voluer la plateforme et garantir la conformit\u00e9 des d\u00e9ploiements futurs. La suite RH et paie se profile d\u00e9sormais \u00e0 l\u2019horizon, ce qui a pouss\u00e9 les deux entreprises \u00e0 communiquer et annoncer qu&rsquo;elle sera <strong>d\u00e9ploy\u00e9e avant la fin de l\u2019ann\u00e9e<\/strong>.<\/p>\n<p>L\u2019offre sera d\u2019abord disponible pour les comptables, dirigeants d\u2019entreprise et les commissions paritaires 200 (employ\u00e9s dans le secteur priv\u00e9) et 302 (horeca, o\u00f9 il y a beaucoup de rotation au sein du personnel), les plus courantes en Belgique, \u00e0 partir du 1er janvier prochain et sera ensuite \u00e9tendue aux autres commissions paritaires en 2027. Cette int\u00e9gration devrait durer au moins deux ans.<\/p>\n<p>\u00c0 terme, l\u2019ambition est de permettre aux clients de Partena Professional et d\u2019Odoo de tirer parti de ce partenariat, mais aussi d\u2019en faire b\u00e9n\u00e9ficier tous les entrepreneurs souhaitant combiner l\u2019expertise et la technologie des deux entreprises &#8211; toutes deux belges, ne manquent-elles pas de souligner &#8211; pour une gestion fluide des processus RH et paie.<\/p>\n<figure id=\"attachment_16525\" aria-describedby=\"caption-attachment-16525\" style=\"width: 655px\" class=\"wp-caption aligncenter\"><img loading=\"lazy\" decoding=\"async\" class=\" wp-image-16525\" src=\"https:\/\/www.forbes.be\/fr\/wp-content\/uploads\/2026\/04\/pxl-20260402-083113466-300x225.jpg\" alt=\"\" width=\"655\" height=\"491\" srcset=\"https:\/\/www.forbes.be\/fr\/wp-content\/uploads\/2026\/04\/pxl-20260402-083113466-300x225.jpg 300w, https:\/\/www.forbes.be\/fr\/wp-content\/uploads\/2026\/04\/pxl-20260402-083113466-1024x768.jpg 1024w, https:\/\/www.forbes.be\/fr\/wp-content\/uploads\/2026\/04\/pxl-20260402-083113466-768x576.jpg 768w, https:\/\/www.forbes.be\/fr\/wp-content\/uploads\/2026\/04\/pxl-20260402-083113466-1536x1152.jpg 1536w, https:\/\/www.forbes.be\/fr\/wp-content\/uploads\/2026\/04\/pxl-20260402-083113466-2048x1536.jpg 2048w, https:\/\/www.forbes.be\/fr\/wp-content\/uploads\/2026\/04\/pxl-20260402-083113466-696x522.jpg 696w, https:\/\/www.forbes.be\/fr\/wp-content\/uploads\/2026\/04\/pxl-20260402-083113466-1068x801.jpg 1068w, https:\/\/www.forbes.be\/fr\/wp-content\/uploads\/2026\/04\/pxl-20260402-083113466-1920x1440.jpg 1920w, https:\/\/www.forbes.be\/fr\/wp-content\/uploads\/2026\/04\/pxl-20260402-083113466-600x450.jpg 600w\" sizes=\"auto, (max-width: 655px) 100vw, 655px\" \/><figcaption id=\"caption-attachment-16525\" class=\"wp-caption-text\">\u00a9 Juan Godbille<\/figcaption><\/figure>\n<p>Et le march\u00e9 est vaste, puisque <strong>6,2 millions de Belges travaillent<\/strong> de mani\u00e8re active. Parmi eux, 3,2 millions viennent du secteur priv\u00e9, 1,4 million de personnes sont des ind\u00e9pendants, 1,1 million travaillent dans le secteur public, plus de 700.000 sont des int\u00e9rimaires et 163.000 concernent le secteur des titres-services.<\/p>\n<p>\u00c0 lui seul, <strong>Partena Professionnal<\/strong>, principalement actif en Belgique, repr\u00e9sente <strong>920.000 fiches de paie mensuelles<\/strong>, ce qui en fait le num\u00e9ro 2 de son secteur (il en manque 340.000 pour atteindre la premi\u00e8re place de SD Worx, NDLR). Il compte 36% de parts de march\u00e9 en Wallonie, 39% \u00e0 Bruxelles ert 11% en Flandre.<\/p>\n<p>Du c\u00f4t\u00e9 d&rsquo;<strong>Odoo<\/strong>, ce contrat repr\u00e9sente <strong>plus de 10 fois son plus gros client<\/strong> tous pays confondus. La soci\u00e9t\u00e9 de logiciels de gestion est active dans 13 pays, en dehors de la Belgique, en mati\u00e8re de paie. Mais son empreinte est encore tr\u00e8s modeste en Belgique. \u00ab\u00a0On entre sur un march\u00e9 o\u00f9 nous ne sommes pas du tout connus. Mon r\u00eave est d&rsquo;arriver ensemble \u00e0 d\u00e9velopper d&rsquo;autres pays en y d\u00e9clencheant des besoins similiaires. On commencerait d&rsquo;ailleurs par le Luxembourg?\u00a0\u00bb, a lanc\u00e9 Fabien Pinckaers \u00e0 Roeland Van Dessel.<\/p>\n<p>La r\u00e9volution \u00e9voqu\u00e9e est non seulement li\u00e9e au secteur auquel les deux entreprises se sont attaqu\u00e9es, mais aussi au contrat lui-m\u00eame. <strong>Jamais auparavant Odoo n&rsquo;avait accept\u00e9 une telle exclusivit\u00e9<\/strong> pour un client, ni \u00e0 lui ouvrir ses codes informatiques. \u00ab\u00a0Je n&rsquo;aime pas faire \u00e7a. Mais la grandeur du contrat justifiait cette exception\u00a0\u00bb, a soutenu son fondateur et patron.<\/p>\n<p>Aucun des deux partenaires n&rsquo;a cependant souhait\u00e9 pr\u00e9ciser le montant de la transaction, le CEO d&rsquo;Odoo se bornant \u00e0 dire que son entreprise allait prendre \u00ab\u00a0une toute petite marge\u00a0\u00bb sur chaque fiche de paie.<\/p>\n<div class=\"youtube-embed\" data-video_id=\"A0W-i9Utfo0\"><iframe loading=\"lazy\" title=\"R\u00e9volution RH &amp; Payroll : Odoo s\u2019associe \u00e0 Partena Professional !\" width=\"696\" height=\"392\" src=\"https:\/\/www.youtube.com\/embed\/A0W-i9Utfo0?feature=oembed&#038;enablejsapi=1\" frameborder=\"0\" allow=\"accelerometer; autoplay; clipboard-write; encrypted-media; gyroscope; picture-in-picture; web-share\" referrerpolicy=\"strict-origin-when-cross-origin\" allowfullscreen><\/iframe><\/div>\n","protected":false},"excerpt":{"rendered":"<p>Partena Professional et Odoo vont joindre leurs expertises pour r\u00e9volutionner le parcours RH (ressources humaines) et paie. C&rsquo;est LA grande annonce de l&rsquo;ann\u00e9e pour la soci\u00e9t\u00e9 belge sp\u00e9cialis\u00e9e dans les logiciels de gestion. Et pour cause, il s&rsquo;agit du plus gros contrat que la licorne braban\u00e7onne a jamais sign\u00e9. Il repr\u00e9sente en effet plus de [&hellip;]<\/p>\n","protected":false},"author":37,"featured_media":16523,"comment_status":"closed","ping_status":"closed","sticky":false,"template":"","format":"standard","meta":{"_acf_changed":false,"inline_featured_image":false,"footnotes":""},"categories":[1,75,14,15],"tags":[],"class_list":{"0":"post-16520","1":"post","2":"type-post","3":"status-publish","4":"format-standard","5":"has-post-thumbnail","7":"category-actualite","8":"category-entreprise","9":"category-innovation","10":"category-leadership"},"acf":[],"_yoast_wpseo_title":null,"_yoast_wpseo_metadesc":"Odoo vient de signer le contrat le plus important de son histoire en s'alliant avec Partena Professionna sur une gestion paie et RH int\u00e9gr\u00e9e.","auteur_traducteur":"","yoast_head":"<!-- This site is optimized with the Yoast SEO plugin v27.4 - https:\/\/yoast.com\/product\/yoast-seo-wordpress\/ -->\n<title>Odoo signe le contrat le plus important de son histoire avec Partena Professional | Forbes Belgique<\/title>\n<meta name=\"description\" content=\"Odoo vient de signer le contrat le plus important de son histoire en s&#039;alliant avec Partena Professionna sur une gestion paie et RH int\u00e9gr\u00e9e.\" \/>\n<meta name=\"robots\" content=\"index, follow, max-snippet:-1, max-image-preview:large, max-video-preview:-1\" \/>\n<link rel=\"canonical\" href=\"https:\/\/www.forbes.be\/fr\/odoo-signe-le-contrat-le-plus-important-de-son-histoire-avec-partena-professional\/\" \/>\n<meta property=\"og:locale\" content=\"fr_FR\" \/>\n<meta property=\"og:type\" content=\"article\" \/>\n<meta property=\"og:title\" content=\"Odoo signe le contrat le plus important de son histoire avec Partena Professional | Forbes Belgique\" \/>\n<meta property=\"og:description\" content=\"Odoo vient de signer le contrat le plus important de son histoire en s&#039;alliant avec Partena Professionna sur une gestion paie et RH int\u00e9gr\u00e9e.\" \/>\n<meta property=\"og:url\" content=\"https:\/\/www.forbes.be\/fr\/odoo-signe-le-contrat-le-plus-important-de-son-histoire-avec-partena-professional\/\" \/>\n<meta property=\"og:site_name\" content=\"Forbes Belgique\" \/>\n<meta property=\"article:publisher\" content=\"https:\/\/www.facebook.com\/forbesbelgique\/\" \/>\n<meta property=\"article:published_time\" content=\"2026-04-02T10:24:58+00:00\" \/>\n<meta property=\"og:image\" content=\"https:\/\/www.forbes.be\/fr\/wp-content\/uploads\/2026\/04\/7iv00991-scaled-e1775125412543.jpg\" \/>\n\t<meta property=\"og:image:width\" content=\"2560\" \/>\n\t<meta property=\"og:image:height\" content=\"1340\" \/>\n\t<meta property=\"og:image:type\" content=\"image\/jpeg\" \/>\n<meta name=\"author\" content=\"Juan Godbille\" \/>\n<meta name=\"twitter:card\" content=\"summary_large_image\" \/>\n<meta name=\"twitter:label1\" content=\"\u00c9crit par\" \/>\n\t<meta name=\"twitter:data1\" content=\"Juan Godbille\" \/>\n\t<meta name=\"twitter:label2\" content=\"Dur\u00e9e de lecture estim\u00e9e\" \/>\n\t<meta name=\"twitter:data2\" content=\"5 minutes\" \/>\n<script type=\"application\/ld+json\" class=\"yoast-schema-graph\">{\"@context\":\"https:\\\/\\\/schema.org\",\"@graph\":[{\"@type\":\"NewsArticle\",\"@id\":\"https:\\\/\\\/www.forbes.be\\\/fr\\\/odoo-signe-le-contrat-le-plus-important-de-son-histoire-avec-partena-professional\\\/#article\",\"isPartOf\":{\"@id\":\"https:\\\/\\\/www.forbes.be\\\/fr\\\/odoo-signe-le-contrat-le-plus-important-de-son-histoire-avec-partena-professional\\\/\"},\"author\":{\"name\":\"Juan Godbille\",\"@id\":\"https:\\\/\\\/www.forbes.be\\\/fr\\\/#\\\/schema\\\/person\\\/0d449791ef6199da3d469eca714eb773\"},\"headline\":\"Odoo signe le contrat le plus important de son histoire avec Partena Professional\",\"datePublished\":\"2026-04-02T10:24:58+00:00\",\"mainEntityOfPage\":{\"@id\":\"https:\\\/\\\/www.forbes.be\\\/fr\\\/odoo-signe-le-contrat-le-plus-important-de-son-histoire-avec-partena-professional\\\/\"},\"wordCount\":920,\"publisher\":{\"@id\":\"https:\\\/\\\/www.forbes.be\\\/fr\\\/#organization\"},\"image\":{\"@id\":\"https:\\\/\\\/www.forbes.be\\\/fr\\\/odoo-signe-le-contrat-le-plus-important-de-son-histoire-avec-partena-professional\\\/#primaryimage\"},\"thumbnailUrl\":\"https:\\\/\\\/www.forbes.be\\\/fr\\\/wp-content\\\/uploads\\\/2026\\\/04\\\/7iv00991-scaled-e1775125412543.jpg\",\"articleSection\":[\"Actualit\u00e9s\",\"Entreprise\",\"Innovation\",\"Leadership\"],\"inLanguage\":\"fr-FR\"},{\"@type\":\"WebPage\",\"@id\":\"https:\\\/\\\/www.forbes.be\\\/fr\\\/odoo-signe-le-contrat-le-plus-important-de-son-histoire-avec-partena-professional\\\/\",\"url\":\"https:\\\/\\\/www.forbes.be\\\/fr\\\/odoo-signe-le-contrat-le-plus-important-de-son-histoire-avec-partena-professional\\\/\",\"name\":\"Odoo signe le contrat le plus important de son histoire avec Partena Professional | Forbes Belgique\",\"isPartOf\":{\"@id\":\"https:\\\/\\\/www.forbes.be\\\/fr\\\/#website\"},\"primaryImageOfPage\":{\"@id\":\"https:\\\/\\\/www.forbes.be\\\/fr\\\/odoo-signe-le-contrat-le-plus-important-de-son-histoire-avec-partena-professional\\\/#primaryimage\"},\"image\":{\"@id\":\"https:\\\/\\\/www.forbes.be\\\/fr\\\/odoo-signe-le-contrat-le-plus-important-de-son-histoire-avec-partena-professional\\\/#primaryimage\"},\"thumbnailUrl\":\"https:\\\/\\\/www.forbes.be\\\/fr\\\/wp-content\\\/uploads\\\/2026\\\/04\\\/7iv00991-scaled-e1775125412543.jpg\",\"datePublished\":\"2026-04-02T10:24:58+00:00\",\"description\":\"Odoo vient de signer le contrat le plus important de son histoire en s'alliant avec Partena Professionna sur une gestion paie et RH int\u00e9gr\u00e9e.\",\"breadcrumb\":{\"@id\":\"https:\\\/\\\/www.forbes.be\\\/fr\\\/odoo-signe-le-contrat-le-plus-important-de-son-histoire-avec-partena-professional\\\/#breadcrumb\"},\"inLanguage\":\"fr-FR\",\"potentialAction\":[{\"@type\":\"ReadAction\",\"target\":[\"https:\\\/\\\/www.forbes.be\\\/fr\\\/odoo-signe-le-contrat-le-plus-important-de-son-histoire-avec-partena-professional\\\/\"]}]},{\"@type\":\"ImageObject\",\"inLanguage\":\"fr-FR\",\"@id\":\"https:\\\/\\\/www.forbes.be\\\/fr\\\/odoo-signe-le-contrat-le-plus-important-de-son-histoire-avec-partena-professional\\\/#primaryimage\",\"url\":\"https:\\\/\\\/www.forbes.be\\\/fr\\\/wp-content\\\/uploads\\\/2026\\\/04\\\/7iv00991-scaled-e1775125412543.jpg\",\"contentUrl\":\"https:\\\/\\\/www.forbes.be\\\/fr\\\/wp-content\\\/uploads\\\/2026\\\/04\\\/7iv00991-scaled-e1775125412543.jpg\",\"width\":2560,\"height\":1340,\"caption\":\"Roeland Van Dessel & Fabien Pinckaers \u00a9 DR\"},{\"@type\":\"BreadcrumbList\",\"@id\":\"https:\\\/\\\/www.forbes.be\\\/fr\\\/odoo-signe-le-contrat-le-plus-important-de-son-histoire-avec-partena-professional\\\/#breadcrumb\",\"itemListElement\":[{\"@type\":\"ListItem\",\"position\":1,\"name\":\"Accueil\",\"item\":\"https:\\\/\\\/www.forbes.be\\\/fr\\\/\"},{\"@type\":\"ListItem\",\"position\":2,\"name\":\"Odoo signe le contrat le plus important de son histoire avec Partena Professional\"}]},{\"@type\":\"WebSite\",\"@id\":\"https:\\\/\\\/www.forbes.be\\\/fr\\\/#website\",\"url\":\"https:\\\/\\\/www.forbes.be\\\/fr\\\/\",\"name\":\"Forbes Belgique\",\"description\":\"\",\"publisher\":{\"@id\":\"https:\\\/\\\/www.forbes.be\\\/fr\\\/#organization\"},\"potentialAction\":[{\"@type\":\"SearchAction\",\"target\":{\"@type\":\"EntryPoint\",\"urlTemplate\":\"https:\\\/\\\/www.forbes.be\\\/fr\\\/?s={search_term_string}\"},\"query-input\":{\"@type\":\"PropertyValueSpecification\",\"valueRequired\":true,\"valueName\":\"search_term_string\"}}],\"inLanguage\":\"fr-FR\"},{\"@type\":\"Organization\",\"@id\":\"https:\\\/\\\/www.forbes.be\\\/fr\\\/#organization\",\"name\":\"Forbes Belgique\",\"url\":\"https:\\\/\\\/www.forbes.be\\\/fr\\\/\",\"logo\":{\"@type\":\"ImageObject\",\"inLanguage\":\"fr-FR\",\"@id\":\"https:\\\/\\\/www.forbes.be\\\/fr\\\/#\\\/schema\\\/logo\\\/image\\\/\",\"url\":\"https:\\\/\\\/www.forbes.be\\\/fr\\\/wp-content\\\/uploads\\\/2024\\\/02\\\/forbes.be_.png\",\"contentUrl\":\"https:\\\/\\\/www.forbes.be\\\/fr\\\/wp-content\\\/uploads\\\/2024\\\/02\\\/forbes.be_.png\",\"width\":1200,\"height\":675,\"caption\":\"Forbes Belgique\"},\"image\":{\"@id\":\"https:\\\/\\\/www.forbes.be\\\/fr\\\/#\\\/schema\\\/logo\\\/image\\\/\"},\"sameAs\":[\"https:\\\/\\\/www.facebook.com\\\/forbesbelgique\\\/\",\"https:\\\/\\\/www.instagram.com\\\/Forbes_Belgium\",\"https:\\\/\\\/www.linkedin.com\\\/company\\\/forbes-belgium\\\/\"]},{\"@type\":\"Person\",\"@id\":\"https:\\\/\\\/www.forbes.be\\\/fr\\\/#\\\/schema\\\/person\\\/0d449791ef6199da3d469eca714eb773\",\"name\":\"Juan Godbille\",\"image\":{\"@type\":\"ImageObject\",\"inLanguage\":\"fr-FR\",\"@id\":\"https:\\\/\\\/secure.gravatar.com\\\/avatar\\\/de6d740453251c69ae34e42cfef9688bc2a5c942d7cab09074e7064fbac13ac9?s=96&d=mm&r=g\",\"url\":\"https:\\\/\\\/secure.gravatar.com\\\/avatar\\\/de6d740453251c69ae34e42cfef9688bc2a5c942d7cab09074e7064fbac13ac9?s=96&d=mm&r=g\",\"contentUrl\":\"https:\\\/\\\/secure.gravatar.com\\\/avatar\\\/de6d740453251c69ae34e42cfef9688bc2a5c942d7cab09074e7064fbac13ac9?s=96&d=mm&r=g\",\"caption\":\"Juan Godbille\"},\"url\":\"https:\\\/\\\/www.forbes.be\\\/fr\\\/author\\\/juan-godbille\\\/\"}]}<\/script>\n<!-- \/ Yoast SEO plugin. -->","yoast_head_json":{"title":"Odoo signe le contrat le plus important de son histoire avec Partena Professional | Forbes Belgique","description":"Odoo vient de signer le contrat le plus important de son histoire en s'alliant avec Partena Professionna sur une gestion paie et RH int\u00e9gr\u00e9e.","robots":{"index":"index","follow":"follow","max-snippet":"max-snippet:-1","max-image-preview":"max-image-preview:large","max-video-preview":"max-video-preview:-1"},"canonical":"https:\/\/www.forbes.be\/fr\/odoo-signe-le-contrat-le-plus-important-de-son-histoire-avec-partena-professional\/","og_locale":"fr_FR","og_type":"article","og_title":"Odoo signe le contrat le plus important de son histoire avec Partena Professional | Forbes Belgique","og_description":"Odoo vient de signer le contrat le plus important de son histoire en s'alliant avec Partena Professionna sur une gestion paie et RH int\u00e9gr\u00e9e.","og_url":"https:\/\/www.forbes.be\/fr\/odoo-signe-le-contrat-le-plus-important-de-son-histoire-avec-partena-professional\/","og_site_name":"Forbes Belgique","article_publisher":"https:\/\/www.facebook.com\/forbesbelgique\/","article_published_time":"2026-04-02T10:24:58+00:00","og_image":[{"width":2560,"height":1340,"url":"https:\/\/www.forbes.be\/fr\/wp-content\/uploads\/2026\/04\/7iv00991-scaled-e1775125412543.jpg","type":"image\/jpeg"}],"author":"Juan Godbille","twitter_card":"summary_large_image","twitter_misc":{"\u00c9crit par":"Juan Godbille","Dur\u00e9e de lecture estim\u00e9e":"5 minutes"},"schema":{"@context":"https:\/\/schema.org","@graph":[{"@type":"NewsArticle","@id":"https:\/\/www.forbes.be\/fr\/odoo-signe-le-contrat-le-plus-important-de-son-histoire-avec-partena-professional\/#article","isPartOf":{"@id":"https:\/\/www.forbes.be\/fr\/odoo-signe-le-contrat-le-plus-important-de-son-histoire-avec-partena-professional\/"},"author":{"name":"Juan Godbille","@id":"https:\/\/www.forbes.be\/fr\/#\/schema\/person\/0d449791ef6199da3d469eca714eb773"},"headline":"Odoo signe le contrat le plus important de son histoire avec Partena Professional","datePublished":"2026-04-02T10:24:58+00:00","mainEntityOfPage":{"@id":"https:\/\/www.forbes.be\/fr\/odoo-signe-le-contrat-le-plus-important-de-son-histoire-avec-partena-professional\/"},"wordCount":920,"publisher":{"@id":"https:\/\/www.forbes.be\/fr\/#organization"},"image":{"@id":"https:\/\/www.forbes.be\/fr\/odoo-signe-le-contrat-le-plus-important-de-son-histoire-avec-partena-professional\/#primaryimage"},"thumbnailUrl":"https:\/\/www.forbes.be\/fr\/wp-content\/uploads\/2026\/04\/7iv00991-scaled-e1775125412543.jpg","articleSection":["Actualit\u00e9s","Entreprise","Innovation","Leadership"],"inLanguage":"fr-FR"},{"@type":"WebPage","@id":"https:\/\/www.forbes.be\/fr\/odoo-signe-le-contrat-le-plus-important-de-son-histoire-avec-partena-professional\/","url":"https:\/\/www.forbes.be\/fr\/odoo-signe-le-contrat-le-plus-important-de-son-histoire-avec-partena-professional\/","name":"Odoo signe le contrat le plus important de son histoire avec Partena Professional | Forbes Belgique","isPartOf":{"@id":"https:\/\/www.forbes.be\/fr\/#website"},"primaryImageOfPage":{"@id":"https:\/\/www.forbes.be\/fr\/odoo-signe-le-contrat-le-plus-important-de-son-histoire-avec-partena-professional\/#primaryimage"},"image":{"@id":"https:\/\/www.forbes.be\/fr\/odoo-signe-le-contrat-le-plus-important-de-son-histoire-avec-partena-professional\/#primaryimage"},"thumbnailUrl":"https:\/\/www.forbes.be\/fr\/wp-content\/uploads\/2026\/04\/7iv00991-scaled-e1775125412543.jpg","datePublished":"2026-04-02T10:24:58+00:00","description":"Odoo vient de signer le contrat le plus important de son histoire en s'alliant avec Partena Professionna sur une gestion paie et RH int\u00e9gr\u00e9e.","breadcrumb":{"@id":"https:\/\/www.forbes.be\/fr\/odoo-signe-le-contrat-le-plus-important-de-son-histoire-avec-partena-professional\/#breadcrumb"},"inLanguage":"fr-FR","potentialAction":[{"@type":"ReadAction","target":["https:\/\/www.forbes.be\/fr\/odoo-signe-le-contrat-le-plus-important-de-son-histoire-avec-partena-professional\/"]}]},{"@type":"ImageObject","inLanguage":"fr-FR","@id":"https:\/\/www.forbes.be\/fr\/odoo-signe-le-contrat-le-plus-important-de-son-histoire-avec-partena-professional\/#primaryimage","url":"https:\/\/www.forbes.be\/fr\/wp-content\/uploads\/2026\/04\/7iv00991-scaled-e1775125412543.jpg","contentUrl":"https:\/\/www.forbes.be\/fr\/wp-content\/uploads\/2026\/04\/7iv00991-scaled-e1775125412543.jpg","width":2560,"height":1340,"caption":"Roeland Van Dessel & Fabien Pinckaers \u00a9 DR"},{"@type":"BreadcrumbList","@id":"https:\/\/www.forbes.be\/fr\/odoo-signe-le-contrat-le-plus-important-de-son-histoire-avec-partena-professional\/#breadcrumb","itemListElement":[{"@type":"ListItem","position":1,"name":"Accueil","item":"https:\/\/www.forbes.be\/fr\/"},{"@type":"ListItem","position":2,"name":"Odoo signe le contrat le plus important de son histoire avec Partena Professional"}]},{"@type":"WebSite","@id":"https:\/\/www.forbes.be\/fr\/#website","url":"https:\/\/www.forbes.be\/fr\/","name":"Forbes Belgique","description":"","publisher":{"@id":"https:\/\/www.forbes.be\/fr\/#organization"},"potentialAction":[{"@type":"SearchAction","target":{"@type":"EntryPoint","urlTemplate":"https:\/\/www.forbes.be\/fr\/?s={search_term_string}"},"query-input":{"@type":"PropertyValueSpecification","valueRequired":true,"valueName":"search_term_string"}}],"inLanguage":"fr-FR"},{"@type":"Organization","@id":"https:\/\/www.forbes.be\/fr\/#organization","name":"Forbes Belgique","url":"https:\/\/www.forbes.be\/fr\/","logo":{"@type":"ImageObject","inLanguage":"fr-FR","@id":"https:\/\/www.forbes.be\/fr\/#\/schema\/logo\/image\/","url":"https:\/\/www.forbes.be\/fr\/wp-content\/uploads\/2024\/02\/forbes.be_.png","contentUrl":"https:\/\/www.forbes.be\/fr\/wp-content\/uploads\/2024\/02\/forbes.be_.png","width":1200,"height":675,"caption":"Forbes Belgique"},"image":{"@id":"https:\/\/www.forbes.be\/fr\/#\/schema\/logo\/image\/"},"sameAs":["https:\/\/www.facebook.com\/forbesbelgique\/","https:\/\/www.instagram.com\/Forbes_Belgium","https:\/\/www.linkedin.com\/company\/forbes-belgium\/"]},{"@type":"Person","@id":"https:\/\/www.forbes.be\/fr\/#\/schema\/person\/0d449791ef6199da3d469eca714eb773","name":"Juan Godbille","image":{"@type":"ImageObject","inLanguage":"fr-FR","@id":"https:\/\/secure.gravatar.com\/avatar\/de6d740453251c69ae34e42cfef9688bc2a5c942d7cab09074e7064fbac13ac9?s=96&d=mm&r=g","url":"https:\/\/secure.gravatar.com\/avatar\/de6d740453251c69ae34e42cfef9688bc2a5c942d7cab09074e7064fbac13ac9?s=96&d=mm&r=g","contentUrl":"https:\/\/secure.gravatar.com\/avatar\/de6d740453251c69ae34e42cfef9688bc2a5c942d7cab09074e7064fbac13ac9?s=96&d=mm&r=g","caption":"Juan Godbille"},"url":"https:\/\/www.forbes.be\/fr\/author\/juan-godbille\/"}]}},"_links":{"self":[{"href":"https:\/\/www.forbes.be\/fr\/wp-json\/wp\/v2\/posts\/16520","targetHints":{"allow":["GET"]}}],"collection":[{"href":"https:\/\/www.forbes.be\/fr\/wp-json\/wp\/v2\/posts"}],"about":[{"href":"https:\/\/www.forbes.be\/fr\/wp-json\/wp\/v2\/types\/post"}],"author":[{"embeddable":true,"href":"https:\/\/www.forbes.be\/fr\/wp-json\/wp\/v2\/users\/37"}],"replies":[{"embeddable":true,"href":"https:\/\/www.forbes.be\/fr\/wp-json\/wp\/v2\/comments?post=16520"}],"version-history":[{"count":4,"href":"https:\/\/www.forbes.be\/fr\/wp-json\/wp\/v2\/posts\/16520\/revisions"}],"predecessor-version":[{"id":16527,"href":"https:\/\/www.forbes.be\/fr\/wp-json\/wp\/v2\/posts\/16520\/revisions\/16527"}],"wp:featuredmedia":[{"embeddable":true,"href":"https:\/\/www.forbes.be\/fr\/wp-json\/wp\/v2\/media\/16523"}],"wp:attachment":[{"href":"https:\/\/www.forbes.be\/fr\/wp-json\/wp\/v2\/media?parent=16520"}],"wp:term":[{"taxonomy":"category","embeddable":true,"href":"https:\/\/www.forbes.be\/fr\/wp-json\/wp\/v2\/categories?post=16520"},{"taxonomy":"post_tag","embeddable":true,"href":"https:\/\/www.forbes.be\/fr\/wp-json\/wp\/v2\/tags?post=16520"}],"curies":[{"name":"wp","href":"https:\/\/api.w.org\/{rel}","templated":true}]}}