{"id":16568,"date":"2026-04-08T08:29:29","date_gmt":"2026-04-08T06:29:29","guid":{"rendered":"https:\/\/www.forbes.be\/fr\/?p=16568"},"modified":"2026-04-03T21:22:43","modified_gmt":"2026-04-03T19:22:43","slug":"le-mois-des-galeries-et-musees-de-forbes-3","status":"publish","type":"post","link":"https:\/\/www.forbes.be\/fr\/le-mois-des-galeries-et-musees-de-forbes-3\/","title":{"rendered":"Le mois des galeries et mus\u00e9es de Forbes"},"content":{"rendered":"<p><strong>Quatre expositions tr\u00e8s diverses en ce mois d\u2019avril, \u00e0 Bruxelles, \u00e0 Knokke et \u00e0 Li\u00e8ge.<\/strong><\/p>\n<h2>Alexandre Hollan \u00e0 La Forest Divonne<\/h2>\n<figure id=\"attachment_16576\" aria-describedby=\"caption-attachment-16576\" style=\"width: 2551px\" class=\"wp-caption alignnone\"><img loading=\"lazy\" decoding=\"async\" class=\"size-full wp-image-16576\" src=\"https:\/\/www.forbes.be\/fr\/wp-content\/uploads\/2026\/04\/alexandre-hollan-le-buisson-ardent-2025-acrylique-sur-papier-60x80cm.jpg\" alt=\"\" width=\"2551\" height=\"1959\" srcset=\"https:\/\/www.forbes.be\/fr\/wp-content\/uploads\/2026\/04\/alexandre-hollan-le-buisson-ardent-2025-acrylique-sur-papier-60x80cm.jpg 2551w, https:\/\/www.forbes.be\/fr\/wp-content\/uploads\/2026\/04\/alexandre-hollan-le-buisson-ardent-2025-acrylique-sur-papier-60x80cm-300x230.jpg 300w, https:\/\/www.forbes.be\/fr\/wp-content\/uploads\/2026\/04\/alexandre-hollan-le-buisson-ardent-2025-acrylique-sur-papier-60x80cm-1024x786.jpg 1024w, https:\/\/www.forbes.be\/fr\/wp-content\/uploads\/2026\/04\/alexandre-hollan-le-buisson-ardent-2025-acrylique-sur-papier-60x80cm-768x590.jpg 768w, https:\/\/www.forbes.be\/fr\/wp-content\/uploads\/2026\/04\/alexandre-hollan-le-buisson-ardent-2025-acrylique-sur-papier-60x80cm-1536x1180.jpg 1536w, https:\/\/www.forbes.be\/fr\/wp-content\/uploads\/2026\/04\/alexandre-hollan-le-buisson-ardent-2025-acrylique-sur-papier-60x80cm-2048x1573.jpg 2048w, https:\/\/www.forbes.be\/fr\/wp-content\/uploads\/2026\/04\/alexandre-hollan-le-buisson-ardent-2025-acrylique-sur-papier-60x80cm-696x534.jpg 696w, https:\/\/www.forbes.be\/fr\/wp-content\/uploads\/2026\/04\/alexandre-hollan-le-buisson-ardent-2025-acrylique-sur-papier-60x80cm-1068x820.jpg 1068w, https:\/\/www.forbes.be\/fr\/wp-content\/uploads\/2026\/04\/alexandre-hollan-le-buisson-ardent-2025-acrylique-sur-papier-60x80cm-1920x1474.jpg 1920w, https:\/\/www.forbes.be\/fr\/wp-content\/uploads\/2026\/04\/alexandre-hollan-le-buisson-ardent-2025-acrylique-sur-papier-60x80cm-600x461.jpg 600w\" sizes=\"auto, (max-width: 2551px) 100vw, 2551px\" \/><figcaption id=\"caption-attachment-16576\" class=\"wp-caption-text\">Alexandre Hollan, L\u00a0\u00bbe Buisson ardent\u00a0\u00bb, 2025, acrylique sur papier, 70x90cm, \u00e0 La Forest Divonne \u00a9 DR<\/figcaption><\/figure>\n<p>La galerie <strong>La Forest Divonne<\/strong>, avenue Louise, pr\u00e9sente un g\u00e9nie hongrois, le peintre et dessinateur <strong>Alexandre Hollan<\/strong> qui, depuis plus de soixante ans, explore la vibration invisible du monde avec ses arbres et ses natures mortes. \u00ab <em>En \u00e9t\u00e9, je vis dans le midi, toujours dehors avec les arbres. L\u2019hiver, \u00e0 Paris, je n\u2019ai plus cet espace.<\/em> \u00bb L\u2019\u00e9t\u00e9, il peint donc ces arbres, et l\u2019hiver ce qu\u2019il appelle des \u00ab vies silencieuses \u00bb, natures mortes r\u00e9miniscentes de l\u2019Italien Morandi. \u00ab <em>L\u2019\u00e9t\u00e9, en osmose avec l\u2019activit\u00e9 joyeuse de la nature, je ressens l&rsquo;\u00e9nergie circuler dans le v\u00e9g\u00e9tal au moment m\u00eame o\u00f9 je le peins. Elle impr\u00e8gne mes couleurs et je lui m\u00e9nage une place en laissant appara\u00eetre sur la feuille ou la toile la distance entre l&rsquo;arbre et le regard, un espace du regard qui na\u00eet lentement. En moi, c&rsquo;est le temps qui travaille, avec lenteur. J\u2019entre dans la lumi\u00e8re du monde, qui rayonne en profondeur. C&rsquo;est une circulation ininterrompue, comme une s\u00e8ve, une force qui se fraye un chemin. Il y a en moi un besoin d&rsquo;inconnu. L&rsquo;inconnu, c&rsquo;est la lumi\u00e8re. Ainsi, je peux regarder le rouge vivre \u00e0 l&rsquo;int\u00e9rieur du bleu, leur friction tr\u00e8s subtile. Cela ne peut pas se dire avec des mots, c\u2019est l\u2019exp\u00e9rience d&rsquo;un homme qui, dans la lumi\u00e8re, finit par voir la vie autrement.<\/em> \u00bb<\/p>\n<ul>\n<li><em>www.galerielaforestdivonne.com<\/em><\/li>\n<\/ul>\n<h2>Le Br\u00e9silien Samuel de Saboia chez Maruani-Mercier<\/h2>\n<p>Dans leur galerie de Knokke, le duo <strong>Serge Maruani-Laurent Mercier<\/strong> ouvre sa deuxi\u00e8me exposition avec le Br\u00e9silien <strong>Samuel de Saboia<\/strong>, <em>The Aesthetics of Possibility<\/em>. La palette sombre de ces \u0153uvres accueille des gestes d\u00e9brid\u00e9s et la superposition de r\u00e9cits disparates, exploration de l\u2019identit\u00e9, d\u2019un \u00eatre collectif et de leurs transformations. Des entrelacs de lignes forment des \u00e9bauches de visages et de corps flottants dans l\u2019espace, autant de traces d\u2019identit\u00e9s et d\u2019histoires fa\u00e7onnant sa trajectoire personnelle. Ainsi, apr\u00e8s avoir perdu un proche, il retourna au Br\u00e9sil pour la f\u00eate de Yemanj\u00e1, divinit\u00e9 repr\u00e9sentant l\u2019oc\u00e9an et la maternit\u00e9, qui occupe une place centrale dans les religions afro-br\u00e9siliennes comme le candombl\u00e9 et l\u2019umbanda, afin de renouer spirituellement avec le disparu, \u00ab <em>qu\u2019on ne peut plus toucher, mais qui existe encore<\/em> \u00bb.<\/p>\n<p><img loading=\"lazy\" decoding=\"async\" class=\"alignnone size-full wp-image-16569\" src=\"https:\/\/www.forbes.be\/fr\/wp-content\/uploads\/2026\/04\/unnamed-1.png\" alt=\"\" width=\"1080\" height=\"1250\" srcset=\"https:\/\/www.forbes.be\/fr\/wp-content\/uploads\/2026\/04\/unnamed-1.png 1080w, https:\/\/www.forbes.be\/fr\/wp-content\/uploads\/2026\/04\/unnamed-1-259x300.png 259w, https:\/\/www.forbes.be\/fr\/wp-content\/uploads\/2026\/04\/unnamed-1-885x1024.png 885w, https:\/\/www.forbes.be\/fr\/wp-content\/uploads\/2026\/04\/unnamed-1-768x889.png 768w, https:\/\/www.forbes.be\/fr\/wp-content\/uploads\/2026\/04\/unnamed-1-696x806.png 696w, https:\/\/www.forbes.be\/fr\/wp-content\/uploads\/2026\/04\/unnamed-1-1068x1236.png 1068w, https:\/\/www.forbes.be\/fr\/wp-content\/uploads\/2026\/04\/unnamed-1-600x694.png 600w\" sizes=\"auto, (max-width: 1080px) 100vw, 1080px\" \/><\/p>\n<p>Samuel de Saboia, qui a \u00e9tudi\u00e9 l\u2019architecture, est aussi musicien, ce qui transpara\u00eet dans son geste, o\u00f9 surgissent les cadences de l\u2019improvisation, des champs d\u2019ondes sonores enchev\u00eatr\u00e9es, des entrelacs d\u2019\u00eatres vivants. Ainsi, dans le tableau <em>All Leads to This \/ Self Transformation<\/em>, la figure qui forme le cadre de la composition se r\u00e9percute en contours r\u00e9p\u00e9titifs, comme un halo de corps au pluriel, en une structure chorale.<\/p>\n<ul>\n<li><em><a href=\"http:\/\/www.maruanimercier.com\" target=\"_blank\" rel=\"noopener\">www.maruanimercier.com<\/a><\/em><\/li>\n<\/ul>\n<h2>Argentine et Belgique chez Christine Colon<\/h2>\n<p>Chez<strong> Christine Colon<\/strong>, \u00e0 Li\u00e8ge, double exposition avec l\u2019Argentin <strong>Pablo Flaiszman<\/strong>, qui distille le silence de ses gravures, surfaces caress\u00e9es par l\u2019ombre et la lumi\u00e8re en fr\u00e9missements de gris, auxquelles les encres conf\u00e8rent leur densit\u00e9. Sa derni\u00e8re s\u00e9rie, <em>Short stories<\/em>, expose des sc\u00e8nes laconiques du quotidien : personnages accoud\u00e9s, assis, pos\u00e9s dans l\u2019espace, en dialogue mutique, fragiles moments d\u2019une dramaturgie ineffable.<\/p>\n<figure id=\"attachment_16571\" aria-describedby=\"caption-attachment-16571\" style=\"width: 1418px\" class=\"wp-caption alignnone\"><img loading=\"lazy\" decoding=\"async\" class=\"size-full wp-image-16571\" src=\"https:\/\/www.forbes.be\/fr\/wp-content\/uploads\/2026\/04\/unnamed-15.jpg\" alt=\"\" width=\"1418\" height=\"1431\" srcset=\"https:\/\/www.forbes.be\/fr\/wp-content\/uploads\/2026\/04\/unnamed-15.jpg 1418w, https:\/\/www.forbes.be\/fr\/wp-content\/uploads\/2026\/04\/unnamed-15-297x300.jpg 297w, https:\/\/www.forbes.be\/fr\/wp-content\/uploads\/2026\/04\/unnamed-15-1015x1024.jpg 1015w, https:\/\/www.forbes.be\/fr\/wp-content\/uploads\/2026\/04\/unnamed-15-150x150.jpg 150w, https:\/\/www.forbes.be\/fr\/wp-content\/uploads\/2026\/04\/unnamed-15-768x775.jpg 768w, https:\/\/www.forbes.be\/fr\/wp-content\/uploads\/2026\/04\/unnamed-15-696x702.jpg 696w, https:\/\/www.forbes.be\/fr\/wp-content\/uploads\/2026\/04\/unnamed-15-1068x1078.jpg 1068w, https:\/\/www.forbes.be\/fr\/wp-content\/uploads\/2026\/04\/unnamed-15-600x606.jpg 600w, https:\/\/www.forbes.be\/fr\/wp-content\/uploads\/2026\/04\/unnamed-15-100x100.jpg 100w\" sizes=\"auto, (max-width: 1418px) 100vw, 1418px\" \/><figcaption id=\"caption-attachment-16571\" class=\"wp-caption-text\">\u00ab\u00a0P\u00e8re au Pair\u00a0\u00bb, Pablo Flaiszman, \u00a9 DR<\/figcaption><\/figure>\n<p>Il va de pair avec le sculpteur belge <strong>Lieven Demunter<\/strong>, qui pr\u00e9sente ses amalgames de c\u00e9ramique et de pl\u00e2tre, incarnant des \u00eatres chim\u00e9riques, silhouettes d\u00e9form\u00e9es par l\u2019action du temps et de l\u2019inconscient, qui mutent en figures fictionnelles, en reliques parcellaires d\u2019anatomie, entre l\u2019animal et l\u2019humain, qui affleurent aux reliefs de la c\u00e9ramique.<\/p>\n<ul>\n<li><em><a href=\"http:\/\/www.christinecolon.be\" target=\"_blank\" rel=\"noopener\">www.christinecolon.be<\/a><\/em><\/li>\n<\/ul>\n","protected":false},"excerpt":{"rendered":"<p>Quatre expositions tr\u00e8s diverses en ce mois d\u2019avril, \u00e0 Bruxelles, \u00e0 Knokke et \u00e0 Li\u00e8ge. Alexandre Hollan \u00e0 La Forest Divonne La galerie La Forest Divonne, avenue Louise, pr\u00e9sente un g\u00e9nie hongrois, le peintre et dessinateur Alexandre Hollan qui, depuis plus de soixante ans, explore la vibration invisible du monde avec ses arbres et ses [&hellip;]<\/p>\n","protected":false},"author":27,"featured_media":16599,"comment_status":"closed","ping_status":"closed","sticky":false,"template":"","format":"standard","meta":{"_acf_changed":false,"inline_featured_image":false,"footnotes":""},"categories":[1,63,62],"tags":[],"class_list":{"0":"post-16568","1":"post","2":"type-post","3":"status-publish","4":"format-standard","5":"has-post-thumbnail","7":"category-actualite","8":"category-culture","9":"category-marche-de-lart"},"acf":[],"_yoast_wpseo_title":null,"_yoast_wpseo_metadesc":"\u00c0 Bruxelles, Knokke et Li\u00e8ge, quatre expositions d\u2019avril explorent dessin, sculpture et identit\u00e9 avec Hollan, Houseago ou Saboia.","auteur_traducteur":"","yoast_head":"<!-- This site is optimized with the Yoast SEO plugin v27.4 - https:\/\/yoast.com\/product\/yoast-seo-wordpress\/ -->\n<title>Le mois des galeries et mus\u00e9es de Forbes | Forbes Belgique<\/title>\n<meta name=\"description\" content=\"\u00c0 Bruxelles, Knokke et Li\u00e8ge, quatre expositions d\u2019avril explorent dessin, sculpture et identit\u00e9 avec Hollan, Houseago ou Saboia.\" \/>\n<meta name=\"robots\" content=\"index, follow, max-snippet:-1, max-image-preview:large, max-video-preview:-1\" \/>\n<link rel=\"canonical\" href=\"https:\/\/www.forbes.be\/fr\/le-mois-des-galeries-et-musees-de-forbes-3\/\" \/>\n<meta property=\"og:locale\" content=\"fr_FR\" \/>\n<meta property=\"og:type\" content=\"article\" \/>\n<meta property=\"og:title\" content=\"Le mois des galeries et mus\u00e9es de Forbes | Forbes Belgique\" \/>\n<meta property=\"og:description\" content=\"\u00c0 Bruxelles, Knokke et Li\u00e8ge, quatre expositions d\u2019avril explorent dessin, sculpture et identit\u00e9 avec Hollan, Houseago ou Saboia.\" \/>\n<meta property=\"og:url\" content=\"https:\/\/www.forbes.be\/fr\/le-mois-des-galeries-et-musees-de-forbes-3\/\" \/>\n<meta property=\"og:site_name\" content=\"Forbes Belgique\" \/>\n<meta property=\"article:publisher\" content=\"https:\/\/www.facebook.com\/forbesbelgique\/\" \/>\n<meta property=\"article:published_time\" content=\"2026-04-08T06:29:29+00:00\" \/>\n<meta property=\"og:image\" content=\"https:\/\/www.forbes.be\/fr\/wp-content\/uploads\/2026\/04\/19-brouillard-2025.jpg\" \/>\n\t<meta property=\"og:image:width\" content=\"1015\" \/>\n\t<meta property=\"og:image:height\" content=\"521\" \/>\n\t<meta property=\"og:image:type\" content=\"image\/jpeg\" \/>\n<meta name=\"author\" content=\"Johan-Fr\u00e9d\u00e9rik Hel Guedj\" \/>\n<meta name=\"twitter:card\" content=\"summary_large_image\" \/>\n<meta name=\"twitter:label1\" content=\"\u00c9crit par\" \/>\n\t<meta name=\"twitter:data1\" content=\"Johan-Fr\u00e9d\u00e9rik Hel Guedj\" \/>\n\t<meta name=\"twitter:label2\" content=\"Dur\u00e9e de lecture estim\u00e9e\" \/>\n\t<meta name=\"twitter:data2\" content=\"4 minutes\" \/>\n<script type=\"application\/ld+json\" class=\"yoast-schema-graph\">{\"@context\":\"https:\\\/\\\/schema.org\",\"@graph\":[{\"@type\":\"NewsArticle\",\"@id\":\"https:\\\/\\\/www.forbes.be\\\/fr\\\/le-mois-des-galeries-et-musees-de-forbes-3\\\/#article\",\"isPartOf\":{\"@id\":\"https:\\\/\\\/www.forbes.be\\\/fr\\\/le-mois-des-galeries-et-musees-de-forbes-3\\\/\"},\"author\":{\"name\":\"Johan-Fr\u00e9d\u00e9rik Hel Guedj\",\"@id\":\"https:\\\/\\\/www.forbes.be\\\/fr\\\/#\\\/schema\\\/person\\\/ad1bb0e83419af89356b7b11a6622c80\"},\"headline\":\"Le mois des galeries et mus\u00e9es de Forbes\",\"datePublished\":\"2026-04-08T06:29:29+00:00\",\"mainEntityOfPage\":{\"@id\":\"https:\\\/\\\/www.forbes.be\\\/fr\\\/le-mois-des-galeries-et-musees-de-forbes-3\\\/\"},\"wordCount\":690,\"publisher\":{\"@id\":\"https:\\\/\\\/www.forbes.be\\\/fr\\\/#organization\"},\"image\":{\"@id\":\"https:\\\/\\\/www.forbes.be\\\/fr\\\/le-mois-des-galeries-et-musees-de-forbes-3\\\/#primaryimage\"},\"thumbnailUrl\":\"https:\\\/\\\/www.forbes.be\\\/fr\\\/wp-content\\\/uploads\\\/2026\\\/04\\\/19-brouillard-2025.jpg\",\"articleSection\":[\"Actualit\u00e9s\",\"Culture\",\"March\u00e9 de l'art\"],\"inLanguage\":\"fr-FR\"},{\"@type\":\"WebPage\",\"@id\":\"https:\\\/\\\/www.forbes.be\\\/fr\\\/le-mois-des-galeries-et-musees-de-forbes-3\\\/\",\"url\":\"https:\\\/\\\/www.forbes.be\\\/fr\\\/le-mois-des-galeries-et-musees-de-forbes-3\\\/\",\"name\":\"Le mois des galeries et mus\u00e9es de Forbes | Forbes Belgique\",\"isPartOf\":{\"@id\":\"https:\\\/\\\/www.forbes.be\\\/fr\\\/#website\"},\"primaryImageOfPage\":{\"@id\":\"https:\\\/\\\/www.forbes.be\\\/fr\\\/le-mois-des-galeries-et-musees-de-forbes-3\\\/#primaryimage\"},\"image\":{\"@id\":\"https:\\\/\\\/www.forbes.be\\\/fr\\\/le-mois-des-galeries-et-musees-de-forbes-3\\\/#primaryimage\"},\"thumbnailUrl\":\"https:\\\/\\\/www.forbes.be\\\/fr\\\/wp-content\\\/uploads\\\/2026\\\/04\\\/19-brouillard-2025.jpg\",\"datePublished\":\"2026-04-08T06:29:29+00:00\",\"description\":\"\u00c0 Bruxelles, Knokke et Li\u00e8ge, quatre expositions d\u2019avril explorent dessin, sculpture et identit\u00e9 avec Hollan, Houseago ou Saboia.\",\"breadcrumb\":{\"@id\":\"https:\\\/\\\/www.forbes.be\\\/fr\\\/le-mois-des-galeries-et-musees-de-forbes-3\\\/#breadcrumb\"},\"inLanguage\":\"fr-FR\",\"potentialAction\":[{\"@type\":\"ReadAction\",\"target\":[\"https:\\\/\\\/www.forbes.be\\\/fr\\\/le-mois-des-galeries-et-musees-de-forbes-3\\\/\"]}]},{\"@type\":\"ImageObject\",\"inLanguage\":\"fr-FR\",\"@id\":\"https:\\\/\\\/www.forbes.be\\\/fr\\\/le-mois-des-galeries-et-musees-de-forbes-3\\\/#primaryimage\",\"url\":\"https:\\\/\\\/www.forbes.be\\\/fr\\\/wp-content\\\/uploads\\\/2026\\\/04\\\/19-brouillard-2025.jpg\",\"contentUrl\":\"https:\\\/\\\/www.forbes.be\\\/fr\\\/wp-content\\\/uploads\\\/2026\\\/04\\\/19-brouillard-2025.jpg\",\"width\":1015,\"height\":521,\"caption\":\"\\\"Brouillard\\\", Pablo Flaiszman chez Christine Colon \u00a9 DR\"},{\"@type\":\"BreadcrumbList\",\"@id\":\"https:\\\/\\\/www.forbes.be\\\/fr\\\/le-mois-des-galeries-et-musees-de-forbes-3\\\/#breadcrumb\",\"itemListElement\":[{\"@type\":\"ListItem\",\"position\":1,\"name\":\"Accueil\",\"item\":\"https:\\\/\\\/www.forbes.be\\\/fr\\\/\"},{\"@type\":\"ListItem\",\"position\":2,\"name\":\"Le mois des galeries et mus\u00e9es de Forbes\"}]},{\"@type\":\"WebSite\",\"@id\":\"https:\\\/\\\/www.forbes.be\\\/fr\\\/#website\",\"url\":\"https:\\\/\\\/www.forbes.be\\\/fr\\\/\",\"name\":\"Forbes Belgique\",\"description\":\"\",\"publisher\":{\"@id\":\"https:\\\/\\\/www.forbes.be\\\/fr\\\/#organization\"},\"potentialAction\":[{\"@type\":\"SearchAction\",\"target\":{\"@type\":\"EntryPoint\",\"urlTemplate\":\"https:\\\/\\\/www.forbes.be\\\/fr\\\/?s={search_term_string}\"},\"query-input\":{\"@type\":\"PropertyValueSpecification\",\"valueRequired\":true,\"valueName\":\"search_term_string\"}}],\"inLanguage\":\"fr-FR\"},{\"@type\":\"Organization\",\"@id\":\"https:\\\/\\\/www.forbes.be\\\/fr\\\/#organization\",\"name\":\"Forbes Belgique\",\"url\":\"https:\\\/\\\/www.forbes.be\\\/fr\\\/\",\"logo\":{\"@type\":\"ImageObject\",\"inLanguage\":\"fr-FR\",\"@id\":\"https:\\\/\\\/www.forbes.be\\\/fr\\\/#\\\/schema\\\/logo\\\/image\\\/\",\"url\":\"https:\\\/\\\/www.forbes.be\\\/fr\\\/wp-content\\\/uploads\\\/2024\\\/02\\\/forbes.be_.png\",\"contentUrl\":\"https:\\\/\\\/www.forbes.be\\\/fr\\\/wp-content\\\/uploads\\\/2024\\\/02\\\/forbes.be_.png\",\"width\":1200,\"height\":675,\"caption\":\"Forbes Belgique\"},\"image\":{\"@id\":\"https:\\\/\\\/www.forbes.be\\\/fr\\\/#\\\/schema\\\/logo\\\/image\\\/\"},\"sameAs\":[\"https:\\\/\\\/www.facebook.com\\\/forbesbelgique\\\/\",\"https:\\\/\\\/www.instagram.com\\\/Forbes_Belgium\",\"https:\\\/\\\/www.linkedin.com\\\/company\\\/forbes-belgium\\\/\"]},{\"@type\":\"Person\",\"@id\":\"https:\\\/\\\/www.forbes.be\\\/fr\\\/#\\\/schema\\\/person\\\/ad1bb0e83419af89356b7b11a6622c80\",\"name\":\"Johan-Fr\u00e9d\u00e9rik Hel Guedj\",\"image\":{\"@type\":\"ImageObject\",\"inLanguage\":\"fr-FR\",\"@id\":\"https:\\\/\\\/secure.gravatar.com\\\/avatar\\\/65333543693434f2cc9fdefb3173b162df98712d00606b00b3d43914f79a1598?s=96&d=mm&r=g\",\"url\":\"https:\\\/\\\/secure.gravatar.com\\\/avatar\\\/65333543693434f2cc9fdefb3173b162df98712d00606b00b3d43914f79a1598?s=96&d=mm&r=g\",\"contentUrl\":\"https:\\\/\\\/secure.gravatar.com\\\/avatar\\\/65333543693434f2cc9fdefb3173b162df98712d00606b00b3d43914f79a1598?s=96&d=mm&r=g\",\"caption\":\"Johan-Fr\u00e9d\u00e9rik Hel Guedj\"},\"description\":\"Johan-Frederik Hel Guedj est journaliste et auteur fran\u00e7ais. R\u00e9dacteur en chef pendant 7 ans de la revue Pouvoirs Locaux, consacr\u00e9e aux politiques culturelles, il a publi\u00e9 huit ouvrages chez des \u00e9diteurs fran\u00e7ais et belges, dont deux romans, un essai consacr\u00e9 \u00e0 Orson Welles, et quatre livres d\u2019art. En plus de Forbes, il collabore \u00e0 L\u2019Echo et au Quotidien de l\u2019Art (Paris).\",\"url\":\"https:\\\/\\\/www.forbes.be\\\/fr\\\/author\\\/johan-frederik-hel-guedj\\\/\"}]}<\/script>\n<!-- \/ Yoast SEO plugin. -->","yoast_head_json":{"title":"Le mois des galeries et mus\u00e9es de Forbes | Forbes Belgique","description":"\u00c0 Bruxelles, Knokke et Li\u00e8ge, quatre expositions d\u2019avril explorent dessin, sculpture et identit\u00e9 avec Hollan, Houseago ou Saboia.","robots":{"index":"index","follow":"follow","max-snippet":"max-snippet:-1","max-image-preview":"max-image-preview:large","max-video-preview":"max-video-preview:-1"},"canonical":"https:\/\/www.forbes.be\/fr\/le-mois-des-galeries-et-musees-de-forbes-3\/","og_locale":"fr_FR","og_type":"article","og_title":"Le mois des galeries et mus\u00e9es de Forbes | Forbes Belgique","og_description":"\u00c0 Bruxelles, Knokke et Li\u00e8ge, quatre expositions d\u2019avril explorent dessin, sculpture et identit\u00e9 avec Hollan, Houseago ou Saboia.","og_url":"https:\/\/www.forbes.be\/fr\/le-mois-des-galeries-et-musees-de-forbes-3\/","og_site_name":"Forbes Belgique","article_publisher":"https:\/\/www.facebook.com\/forbesbelgique\/","article_published_time":"2026-04-08T06:29:29+00:00","og_image":[{"width":1015,"height":521,"url":"https:\/\/www.forbes.be\/fr\/wp-content\/uploads\/2026\/04\/19-brouillard-2025.jpg","type":"image\/jpeg"}],"author":"Johan-Fr\u00e9d\u00e9rik Hel Guedj","twitter_card":"summary_large_image","twitter_misc":{"\u00c9crit par":"Johan-Fr\u00e9d\u00e9rik Hel Guedj","Dur\u00e9e de lecture estim\u00e9e":"4 minutes"},"schema":{"@context":"https:\/\/schema.org","@graph":[{"@type":"NewsArticle","@id":"https:\/\/www.forbes.be\/fr\/le-mois-des-galeries-et-musees-de-forbes-3\/#article","isPartOf":{"@id":"https:\/\/www.forbes.be\/fr\/le-mois-des-galeries-et-musees-de-forbes-3\/"},"author":{"name":"Johan-Fr\u00e9d\u00e9rik Hel Guedj","@id":"https:\/\/www.forbes.be\/fr\/#\/schema\/person\/ad1bb0e83419af89356b7b11a6622c80"},"headline":"Le mois des galeries et mus\u00e9es de Forbes","datePublished":"2026-04-08T06:29:29+00:00","mainEntityOfPage":{"@id":"https:\/\/www.forbes.be\/fr\/le-mois-des-galeries-et-musees-de-forbes-3\/"},"wordCount":690,"publisher":{"@id":"https:\/\/www.forbes.be\/fr\/#organization"},"image":{"@id":"https:\/\/www.forbes.be\/fr\/le-mois-des-galeries-et-musees-de-forbes-3\/#primaryimage"},"thumbnailUrl":"https:\/\/www.forbes.be\/fr\/wp-content\/uploads\/2026\/04\/19-brouillard-2025.jpg","articleSection":["Actualit\u00e9s","Culture","March\u00e9 de l'art"],"inLanguage":"fr-FR"},{"@type":"WebPage","@id":"https:\/\/www.forbes.be\/fr\/le-mois-des-galeries-et-musees-de-forbes-3\/","url":"https:\/\/www.forbes.be\/fr\/le-mois-des-galeries-et-musees-de-forbes-3\/","name":"Le mois des galeries et mus\u00e9es de Forbes | Forbes Belgique","isPartOf":{"@id":"https:\/\/www.forbes.be\/fr\/#website"},"primaryImageOfPage":{"@id":"https:\/\/www.forbes.be\/fr\/le-mois-des-galeries-et-musees-de-forbes-3\/#primaryimage"},"image":{"@id":"https:\/\/www.forbes.be\/fr\/le-mois-des-galeries-et-musees-de-forbes-3\/#primaryimage"},"thumbnailUrl":"https:\/\/www.forbes.be\/fr\/wp-content\/uploads\/2026\/04\/19-brouillard-2025.jpg","datePublished":"2026-04-08T06:29:29+00:00","description":"\u00c0 Bruxelles, Knokke et Li\u00e8ge, quatre expositions d\u2019avril explorent dessin, sculpture et identit\u00e9 avec Hollan, Houseago ou Saboia.","breadcrumb":{"@id":"https:\/\/www.forbes.be\/fr\/le-mois-des-galeries-et-musees-de-forbes-3\/#breadcrumb"},"inLanguage":"fr-FR","potentialAction":[{"@type":"ReadAction","target":["https:\/\/www.forbes.be\/fr\/le-mois-des-galeries-et-musees-de-forbes-3\/"]}]},{"@type":"ImageObject","inLanguage":"fr-FR","@id":"https:\/\/www.forbes.be\/fr\/le-mois-des-galeries-et-musees-de-forbes-3\/#primaryimage","url":"https:\/\/www.forbes.be\/fr\/wp-content\/uploads\/2026\/04\/19-brouillard-2025.jpg","contentUrl":"https:\/\/www.forbes.be\/fr\/wp-content\/uploads\/2026\/04\/19-brouillard-2025.jpg","width":1015,"height":521,"caption":"\"Brouillard\", Pablo Flaiszman chez Christine Colon \u00a9 DR"},{"@type":"BreadcrumbList","@id":"https:\/\/www.forbes.be\/fr\/le-mois-des-galeries-et-musees-de-forbes-3\/#breadcrumb","itemListElement":[{"@type":"ListItem","position":1,"name":"Accueil","item":"https:\/\/www.forbes.be\/fr\/"},{"@type":"ListItem","position":2,"name":"Le mois des galeries et mus\u00e9es de Forbes"}]},{"@type":"WebSite","@id":"https:\/\/www.forbes.be\/fr\/#website","url":"https:\/\/www.forbes.be\/fr\/","name":"Forbes Belgique","description":"","publisher":{"@id":"https:\/\/www.forbes.be\/fr\/#organization"},"potentialAction":[{"@type":"SearchAction","target":{"@type":"EntryPoint","urlTemplate":"https:\/\/www.forbes.be\/fr\/?s={search_term_string}"},"query-input":{"@type":"PropertyValueSpecification","valueRequired":true,"valueName":"search_term_string"}}],"inLanguage":"fr-FR"},{"@type":"Organization","@id":"https:\/\/www.forbes.be\/fr\/#organization","name":"Forbes Belgique","url":"https:\/\/www.forbes.be\/fr\/","logo":{"@type":"ImageObject","inLanguage":"fr-FR","@id":"https:\/\/www.forbes.be\/fr\/#\/schema\/logo\/image\/","url":"https:\/\/www.forbes.be\/fr\/wp-content\/uploads\/2024\/02\/forbes.be_.png","contentUrl":"https:\/\/www.forbes.be\/fr\/wp-content\/uploads\/2024\/02\/forbes.be_.png","width":1200,"height":675,"caption":"Forbes Belgique"},"image":{"@id":"https:\/\/www.forbes.be\/fr\/#\/schema\/logo\/image\/"},"sameAs":["https:\/\/www.facebook.com\/forbesbelgique\/","https:\/\/www.instagram.com\/Forbes_Belgium","https:\/\/www.linkedin.com\/company\/forbes-belgium\/"]},{"@type":"Person","@id":"https:\/\/www.forbes.be\/fr\/#\/schema\/person\/ad1bb0e83419af89356b7b11a6622c80","name":"Johan-Fr\u00e9d\u00e9rik Hel Guedj","image":{"@type":"ImageObject","inLanguage":"fr-FR","@id":"https:\/\/secure.gravatar.com\/avatar\/65333543693434f2cc9fdefb3173b162df98712d00606b00b3d43914f79a1598?s=96&d=mm&r=g","url":"https:\/\/secure.gravatar.com\/avatar\/65333543693434f2cc9fdefb3173b162df98712d00606b00b3d43914f79a1598?s=96&d=mm&r=g","contentUrl":"https:\/\/secure.gravatar.com\/avatar\/65333543693434f2cc9fdefb3173b162df98712d00606b00b3d43914f79a1598?s=96&d=mm&r=g","caption":"Johan-Fr\u00e9d\u00e9rik Hel Guedj"},"description":"Johan-Frederik Hel Guedj est journaliste et auteur fran\u00e7ais. R\u00e9dacteur en chef pendant 7 ans de la revue Pouvoirs Locaux, consacr\u00e9e aux politiques culturelles, il a publi\u00e9 huit ouvrages chez des \u00e9diteurs fran\u00e7ais et belges, dont deux romans, un essai consacr\u00e9 \u00e0 Orson Welles, et quatre livres d\u2019art. En plus de Forbes, il collabore \u00e0 L\u2019Echo et au Quotidien de l\u2019Art (Paris).","url":"https:\/\/www.forbes.be\/fr\/author\/johan-frederik-hel-guedj\/"}]}},"_links":{"self":[{"href":"https:\/\/www.forbes.be\/fr\/wp-json\/wp\/v2\/posts\/16568","targetHints":{"allow":["GET"]}}],"collection":[{"href":"https:\/\/www.forbes.be\/fr\/wp-json\/wp\/v2\/posts"}],"about":[{"href":"https:\/\/www.forbes.be\/fr\/wp-json\/wp\/v2\/types\/post"}],"author":[{"embeddable":true,"href":"https:\/\/www.forbes.be\/fr\/wp-json\/wp\/v2\/users\/27"}],"replies":[{"embeddable":true,"href":"https:\/\/www.forbes.be\/fr\/wp-json\/wp\/v2\/comments?post=16568"}],"version-history":[{"count":2,"href":"https:\/\/www.forbes.be\/fr\/wp-json\/wp\/v2\/posts\/16568\/revisions"}],"predecessor-version":[{"id":16577,"href":"https:\/\/www.forbes.be\/fr\/wp-json\/wp\/v2\/posts\/16568\/revisions\/16577"}],"wp:featuredmedia":[{"embeddable":true,"href":"https:\/\/www.forbes.be\/fr\/wp-json\/wp\/v2\/media\/16599"}],"wp:attachment":[{"href":"https:\/\/www.forbes.be\/fr\/wp-json\/wp\/v2\/media?parent=16568"}],"wp:term":[{"taxonomy":"category","embeddable":true,"href":"https:\/\/www.forbes.be\/fr\/wp-json\/wp\/v2\/categories?post=16568"},{"taxonomy":"post_tag","embeddable":true,"href":"https:\/\/www.forbes.be\/fr\/wp-json\/wp\/v2\/tags?post=16568"}],"curies":[{"name":"wp","href":"https:\/\/api.w.org\/{rel}","templated":true}]}}