{"id":16689,"date":"2026-04-29T07:13:36","date_gmt":"2026-04-29T05:13:36","guid":{"rendered":"https:\/\/www.forbes.be\/fr\/?p=16689"},"modified":"2026-04-24T13:26:55","modified_gmt":"2026-04-24T11:26:55","slug":"germain-deflandre-30-under-30-je-trouve-quon-manque-de-licornes-en-belgique","status":"publish","type":"post","link":"https:\/\/www.forbes.be\/fr\/germain-deflandre-30-under-30-je-trouve-quon-manque-de-licornes-en-belgique\/","title":{"rendered":"Germain Deflandre, 30 under 30: \u00ab\u00a0Je trouve qu&rsquo;on manque de licornes en Belgique\u00a0\u00bb"},"content":{"rendered":"<p><strong>Fin novembre, <a href=\"https:\/\/fr.linkedin.com\/in\/germaindeflandre\">Germain Deflandre<\/a> a \u00e9t\u00e9 d\u00e9sign\u00e9 Forbes 30 under 30 parmi 30 laur\u00e9ats.\u00a0\u00c0 22 ans (23 courant mai), il est le fondateur et CEO de <a href=\"https:\/\/www.mentionbox.be\/\">MentionBox<\/a> (anciennement Elocos), une agence bruxelloise sp\u00e9cialis\u00e9e dans le r\u00e9f\u00e9rencement naturel (SEO) et g\u00e9olocalis\u00e9 (GEO). Elle aide des marques telles qu&rsquo;Orange, Toyota et bien d&rsquo;autres \u00e0 \u00eatre trouv\u00e9es et \u00e0 gagner la confiance des internautes en am\u00e9liorant leur visibilit\u00e9 sur Google et les moteurs de recherche bas\u00e9s sur l&rsquo;IA (ChatGPT &amp; co). Entrepreneur depuis l&rsquo;\u00e2ge de 15 ans, Germain a \u00e9galement cofond\u00e9 <a href=\"https:\/\/www.mentionlab.io\/\">MentionLab<\/a>, une plateforme qui montre aux marques comment elles apparaissent dans les r\u00e9ponses de l&rsquo;IA et les aide \u00e0 se d\u00e9velopper dans cette nouvelle \u00e8re de recherche. Il esp\u00e8re d\u00e9sormais\u00a0s&rsquo;\u00e9tendre bien au-del\u00e0 des fronti\u00e8res belges et ambitionne, pourquoi pas, de d\u00e9velopper ni plus ni moins qu&rsquo;une licorne, c&rsquo;est-\u00e0-dire une entreprise non cot\u00e9e en bourse dont la valorisation d\u00e9passe le milliard d&rsquo;euros.<\/strong><\/p>\n<p><strong>Forbes.be &#8211; Tout d\u2019abord, une question assez simple mais utile: qu\u2019est-ce que le SEO et \u00e0 quoi cela sert-il?\u00a0<\/strong><br \/>\n<span style=\"font-weight: 400;\"><strong>Germain Deflandre<\/strong> &#8211; Le SEO, pour Search Engine Optimization, dans lequel je me suis sp\u00e9cialis\u00e9 il y a plusieurs ann\u00e9es, c\u2019est le principe de se positionner dans les premiers r\u00e9sultats sur Google. Pour donner un exemple avec Orange: si vous faites une recherche avec les mots-cl\u00e9s \u201cabonnement t\u00e9l\u00e9phonique\u201d, \u00e7a sera le site d\u2019Orange qui apparaitra en premier gr\u00e2ce \u00e0 notre optimisation du site pour le faire remonter dans les premiers r\u00e9sultats. Mais nous faisons aussi de plus en plus de GEO, pour Generative Engine Optimization, o\u00f9 on applique le m\u00eame principe pour l\u2019IA. Aujourd&rsquo;hui beaucoup d&rsquo;utilisateurs vont plut\u00f4t demander ce genre d\u2019infos \u00e0 ChatGPT ou d\u2019autres robots conversationnels. Et m\u00eame quand ils recherchent sur Google, ils ont une r\u00e9ponse IA qui appara\u00eet en premier. Nous, nous sommes capables d&rsquo;influencer cette intelligence artificielle et de faire en sorte que \u00e7a soit notre client qui remonte dans la r\u00e9ponse de ChatGPT, de Gemini, etc. La plupart des marques sont en train de faire ce shift-l\u00e0 et nous avons \u00e9t\u00e9 l\u2019un des premiers, si pas les premiers, \u00e0 se positionner sur ce GEO en Belgique. C\u2019est ce qui a permis la croissance de l\u2019agence.\u00a0<\/span><\/p>\n<p><strong>&#8211; Et comment fonctionne le SEO, concr\u00e8tement?\u00a0<\/strong><br \/>\n<span style=\"font-weight: 400;\">&#8211; Il faut savoir que l\u2019objectif des moteurs de recherche est de donner la meilleure exp\u00e9rience aux utilisateurs. Pour cela, ils tentent de comprendre l\u2019objectif de la recherche et de proposer les meilleurs r\u00e9sultats. Notre enjeu est de comprendre ce qu\u2019il y a derri\u00e8re chaque recherche et comment proposer le meilleur contenu qui va convaincre les moteurs de recherche. Il faut donc proposer un contenu de qualit\u00e9, qui apporte beaucoup de valeur \u00e0 la recherche de l&rsquo;internaute, et c\u2019est l\u00e0-dessus qu\u2019on travaille. Techniquement, il faut aussi que Google soit capable d&rsquo;analyser un site internet facilement parce que \u00e7a lui co\u00fbte de l&rsquo;argent. Il faut lui faciliter un peu le travail en l&rsquo;aidant dans son analyse en optimisant le site. Enfin, le 3e pilier du SEO apr\u00e8s la technique et le contenu, c\u2019est l\u2019autorit\u00e9. Il faut assurer aux moteurs de recherche que vous \u00eates un site de confiance, en amenant d\u2019autres sites, envers lesquels ils ont d\u00e9j\u00e0 confiance, \u00e0 mettre des liens vers votre site.<\/span><\/p>\n<p><strong>&#8211; Le GEO a-t-il pris beaucoup de place?\u00a0<\/strong><br \/>\n<span style=\"font-weight: 400;\">&#8211; On ne fait dor\u00e9navant plus de projet SEO sans faire de GEO. La plupart des marques ont vraiment fait le switch. Alors, oui, on optimise toujours le SEO car il va avoir un impact pour le GEO, mais la plupart des marques comprennent que le le futur de la recherche se situe dans l\u2019IA et l&rsquo;exp\u00e9rience conversationnelle, plut\u00f4t que dans ces liens qu&rsquo;on avait l&rsquo;habitude de voir avant.<\/span><\/p>\n<p><strong>&#8211; MentionBox existe depuis combien de temps?\u00a0<\/strong><br \/>\n<span style=\"font-weight: 400;\">&#8211; La soci\u00e9t\u00e9 existe depuis six ans. Je l\u2019ai lanc\u00e9e quand j\u2019avais 16 ans. J\u2019habitais en province de Luxembourg, \u00e0 la campagne, l\u00e0 o\u00f9 il y a plus de vaches que d&rsquo;entrepreneurs. J&rsquo;\u00e9tais chez mes parents \u00e0 me demander comment est-ce que je peux lancer un projet. C&rsquo;est \u00e0 ce moment-l\u00e0 que j&rsquo;ai commenc\u00e9 \u00e0 cr\u00e9er mes propres sites et que je me suis demand\u00e9 comment faire en sorte qu&rsquo;ils soient visibles sur Google. J\u2019ai donc appris le SEO puis ai lanc\u00e9 ma propre agence, avant de monter sur Bruxelles pour mes \u00e9tudes. Enfin, \u201cofficiellement\u201d, aux yeux de mes parents, pour mes \u00e9tudes car je venais en fait surtout pour l\u2019activit\u00e9 \u00e9conomique et les clients potentiels dans la capitale.<\/span><\/p>\n<p><strong>&#8211; L\u2019agence a alors rapidement grandi ?\u00a0<\/strong><br \/>\n<span style=\"font-weight: 400;\">&#8211; Elle a \u00e9volu\u00e9 doucement au d\u00e9but. Il y a un an et demi, deux ans, j&rsquo;\u00e9tais encore tout seul. Les affaires se sont surtout d\u00e9velopp\u00e9es dans l\u2019ann\u00e9e 2025 avec cette offre GEO, pour laquelle on collabore aujourd\u2019hui avec des marques comme Toyota, Skoda, Engie ou Orange. Parmi nos clients, on peut citer aussi BNP Paribas, le groupe h\u00f4telier Accor (au niveau global), Cathay Pacific, la compagnie a\u00e9rienne de Hong Kong, Keytrade Bank, Yuzzu, Rowenta, Karcher, etc. <\/span><span style=\"font-weight: 400;\">On a d\u00e9sormais pas mal de clients corpos, qui sont notre cible principale avec les scales-ups, et qui veulent donc se rendre visibles sur l\u2019IA.\u00a0<\/span><span style=\"font-weight: 400;\">Actuellement, nous sommes une vingtaine de personnes et sommes bas\u00e9s \u00e0 Bruxelles. Nous travaillons principalement pour des clients belges et fran\u00e7ais.<\/span><\/p>\n<p><strong>&#8211; Les bureaux sont \u00e0 Bruxelles, mais vous passez l\u2019essentiel de votre temps \u00e0 Paris. Pourquoi?\u00a0<\/strong><br \/>\n<span style=\"font-weight: 400;\">&#8211; Nous sommes en train de d\u00e9velopper l\u2019activit\u00e9 fran\u00e7aise. Il faut expliquer qu\u2019au sein de l\u2019agence, nous avons aussi d\u00e9velopp\u00e9 un autre outil qui nous permet de mesurer la visibilit\u00e9 des marques dans l&rsquo;IA et de savoir, en un clic, \u00e0 quel point Orange, pour reprendre cet exemple, est visible sur ChatGPT, au lieu de faire soi-m\u00eame les tests. On fait des milliers de requ\u00eates pour voir quelles sont les marques disponibles. On a d\u00e9cid\u00e9 de sortir cet outil de l\u2019agence et nous avons maintenant deux entreprises compl\u00e8tement distinctes: l\u2019agence MentionBox et l\u2019outil MentionLab. Avec cette derni\u00e8re structure, nous avons une division beaucoup plus internationale, avec des clients aux \u00c9tats-Unis, en Asie et en France, o\u00f9 il y a beaucoup plus de clients. C\u2019est donc pour d\u00e9velopper cela et nos partenariats l\u00e0-bas que je me suis export\u00e9 \u00e0 Paris.<\/span><\/p>\n<p><strong>&#8211; En chiffre d\u2019affaires, MentionBox, \u00e7a donne quoi ?<\/strong><br \/>\n<span style=\"font-weight: 400;\">&#8211; Pour l\u2019agence, en 2024, on devait \u00eatre autour des 300.000 euros de chiffre d&rsquo;affaires, puis un peu en dessous du million d\u2019euros en 2025. Cette ann\u00e9e-ci, on esp\u00e8re terminer aux 2 millions. On a d\u00e9j\u00e0 s\u00e9curis\u00e9 une bonne partie de ce chiffre d&rsquo;affaires-l\u00e0, parce qu&rsquo;on est surtout sur des contrats annuels. Pour la partie MentionLab, il y a beaucoup de variables, il y a d\u2019importants contacts en cours et on verra bien. L\u2019outil n\u2019a vraiment \u00e9t\u00e9 sorti de l\u2019agence qu\u2019il y a trois mois. Nous sommes en train de lever des fonds pour MentionLab, ce qui explique \u00e9galement pourquoi je me suis install\u00e9 \u00e0 Paris.<\/span><\/p>\n<p><strong>&#8211; Etre chef d&rsquo;entreprise \u00e0 22 ans, et m\u00eame avant, n\u2019est-ce pas trop compliqu\u00e9 ?<\/strong><br \/>\n<span style=\"font-weight: 400;\">&#8211; Cela s&rsquo;est fait de mani\u00e8re assez assez graduelle. Je ne me suis pas r\u00e9veill\u00e9 un matin avec une vingtaine de personnes dans la bo\u00eete et la responsabilit\u00e9 de leur payer un salaire chaque mois. Maintenant, il est clair que, de temps en temps, j&rsquo;arrive au bureau et je croise toute l&rsquo;\u00e9quipe en me disant que c&rsquo;est quand m\u00eame un bel accomplissement\u2026 J\u2019ai plut\u00f4t du mal \u00e0 regarder le pass\u00e9 et le pr\u00e9sent et suis plut\u00f4t toujours en train de me demander comment aller encore une \u00e9tape plus loin. Ca ne me met pas une pression suppl\u00e9mentaire et mauvaise, au contraire \u00e7a me donne pas mal d&rsquo;\u00e9nergie<\/span><\/p>\n<p><strong>&#8211; \u00c0 partir de quel moment avez-vous pu vivre de cette activit\u00e9 dans le SEO ?\u00a0<\/strong><br \/>\n<span style=\"font-weight: 400;\">&#8211; J&rsquo;ai eu la chance, et je le souhaite \u00e0 tout le monde, d&rsquo;entreprendre en tant qu&rsquo;\u00e9tudiant. Car, \u00e0 ce moment-l\u00e0, on n\u2019a pas de pression financi\u00e8re. La plupart du temps, m\u00eame si ce n\u2019est pas le cas de tous, on est chez ses parents, on n\u2019a pas encore de famille, ni trop de contraintes. J\u2019ai vraiment pu vivre de cette activit\u00e9 il y a deux-trois ans mais, avant, je n\u2019avais pas n\u00e9cessairement besoin d&rsquo;en vivre et n\u2019avais pas beaucoup de frais. Disons que je gagnais mieux ma vie qu\u2019en faisant un job \u00e9tudiant. Et entreprendre comme \u00e9tudiant n\u2019est pas la m\u00eame chose que lorsque vous avez un CDI, que vous avez un loyer et une voiture \u00e0 payer. C\u2019est alors plus compliqu\u00e9 de tout l\u00e2cher et de devoir attendre un ou 2 ans avant d\u2019\u00eatre capable de se payer un salaire.\u00a0<\/span><\/p>\n<p><strong>&#8211; Quand on est son propre jeune patron et que les affaires fonctionnent bien, d\u00e9veloppe-t-on une relation particuli\u00e8re \u00e0 l&rsquo;argent ?<\/strong><br \/>\n<span style=\"font-weight: 400;\">&#8211; Il est tr\u00e8s facile d&rsquo;augmenter son niveau de vie. Ca l\u2019est beaucoup moins de le r\u00e9duire. Je suis donc plut\u00f4t pr\u00e9cautionneux quand \u201cj&rsquo;augmente\u201d mon niveau de vie. Apr\u00e8s, je ne vis clairement plus de la m\u00eame mani\u00e8re qu\u2019il y a deux ans non plus. Mais je ne vis pas du tout au-dessus de mes moyens. C\u2019est m\u00eame bien en-de\u00e7\u00e0. On est encore qu\u2019au centi\u00e8me ou au milli\u00e8me de ce qu&rsquo;on aimerait bien accomplir. Ce n\u2019est donc pas encore le moment de se poser et de profiter de ce qu\u2019on a et de ce qu\u2019on a accompli.<\/span><\/p>\n<p><strong>&#8211; Ca fait quoi d\u2019\u00eatre d\u00e9sormais un Forbes 30 under 30?\u00a0<\/strong><br \/>\n<span style=\"font-weight: 400;\">&#8211; Quand j\u2019ai lanc\u00e9 ma bo\u00eete \u00e0 16 ans, je regardais d\u00e9j\u00e0 les listes Forbes, par exemple en France. Et je me demandais comment faire en sorte d&rsquo;\u00eatre dans cette liste. M\u00eame avant de lancer l\u2019agence, j\u2019\u00e9tais d\u00e9j\u00e0 dans cette dynamique. C&rsquo;\u00e9tait une sorte d&rsquo;objectif derri\u00e8re la t\u00eate. \u00c7a demande tout un parcours pour l\u2019atteindre et \u00e7a ne me paraissait pas non plus n\u00e9cessairement faisable \u00e0 22 ans. Ce fut donc une tr\u00e8s bonne surprise d&rsquo;y \u00eatre. Qui plus est, cela am\u00e8ne un cachet de cr\u00e9dibilit\u00e9, m\u00eame \u00e0 l&rsquo;international, qui est assez important. \u00c7a permet aussi d&rsquo;\u00eatre mis en relation avec d&rsquo;autres. Je suis aussi persuad\u00e9 que \u00e7a m&rsquo;a d\u00e9j\u00e0 aid\u00e9 et que \u00e7a va continuer \u00e0 m&rsquo;aider sur des petites d\u00e9cisions ou un petit peu de cr\u00e9dibilit\u00e9 suppl\u00e9mentaire qui permettra d&rsquo;ouvrir une porte ou l&rsquo;autre en plus.\u00a0<\/span><\/p>\n<p><strong>&#8211; Quelles sont vos perspectives pour les ann\u00e9es \u00e0 venir ?\u00a0<\/strong><br \/>\n<span style=\"font-weight: 400;\">&#8211; Quand j&rsquo;ai commenc\u00e9 \u00e0 entreprendre, je ne me rendais pas compte de ce que c\u2019\u00e9tait et je le faisais de mani\u00e8re assez naturelle car cela me faisait plaisir de le faire. Et c\u2019est toujours le cas aujourd\u2019hui. \u00c7a me fait encore plaisir de me lever chaque matin et d&rsquo;avoir cette mission-l\u00e0. Tant que cela reste ainsi, c\u2019est le mieux que l\u2019on peut me souhaiter. \u00c7a peut para\u00eetre \u201cbateau\u201d mais je pense que c\u2019est tout de m\u00eame essentiel. Et sinon, l&rsquo;ambition, c\u2019est d&rsquo;avoir un jour une licorne. Je suis jeune, je n\u2019ai encore que 22 ans. J\u2019essaie de continuer \u00e0 apprendre tous les jours et j&rsquo;esp\u00e8re que, sur l&rsquo;ensemble de ma vie, j&rsquo;aurai l&rsquo;occasion, \u00e0 un moment donn\u00e9 d&rsquo;avoir une aventure qui permettra de d\u00e9velopper une bo\u00eete d\u00e9passant une valorisation d\u2019un milliard. Je pense d\u2019ailleurs qu\u2019on manque de licornes en Belgique, et en Europe de mani\u00e8re g\u00e9n\u00e9rale. Que ce soit une licorne ou pas, j\u2019aimerais \u00eatre capable de d\u00e9velopper une grosse bo\u00eete europ\u00e9enne, qui a de la lumi\u00e8re au niveau international.<\/span><\/p>\n<div class=\"youtube-embed\" data-video_id=\"_0J9r1jZy8E\"><iframe loading=\"lazy\" title=\"Forbes Be 30 UNDER 30 2025 - Germain Deflandre\" width=\"696\" height=\"392\" src=\"https:\/\/www.youtube.com\/embed\/_0J9r1jZy8E?feature=oembed&#038;enablejsapi=1\" frameborder=\"0\" allow=\"accelerometer; autoplay; clipboard-write; encrypted-media; gyroscope; picture-in-picture; web-share\" referrerpolicy=\"strict-origin-when-cross-origin\" allowfullscreen><\/iframe><\/div>\n<p>&nbsp;<\/p>\n","protected":false},"excerpt":{"rendered":"<p>Fin novembre, Germain Deflandre a \u00e9t\u00e9 d\u00e9sign\u00e9 Forbes 30 under 30 parmi 30 laur\u00e9ats.\u00a0\u00c0 22 ans (23 courant mai), il est le fondateur et CEO de MentionBox (anciennement Elocos), une agence bruxelloise sp\u00e9cialis\u00e9e dans le r\u00e9f\u00e9rencement naturel (SEO) et g\u00e9olocalis\u00e9 (GEO). Elle aide des marques telles qu&rsquo;Orange, Toyota et bien d&rsquo;autres \u00e0 \u00eatre trouv\u00e9es et [&hellip;]<\/p>\n","protected":false},"author":37,"featured_media":16692,"comment_status":"closed","ping_status":"closed","sticky":false,"template":"","format":"standard","meta":{"_acf_changed":false,"inline_featured_image":false,"footnotes":""},"categories":[19,59],"tags":[],"class_list":{"0":"post-16689","1":"post","2":"type-post","3":"status-publish","4":"format-standard","5":"has-post-thumbnail","7":"category-entrepreneurs","8":"category-forbes-30-30"},"acf":[],"_yoast_wpseo_title":null,"_yoast_wpseo_metadesc":"Germain Deflandre est, \u00e0 22 ans, le patron de Mentionbox, une start-up active dans le SEO et le GEO, dont il aimerait en faire une licorne.","auteur_traducteur":"","yoast_head":"<!-- This site is optimized with the Yoast SEO plugin v27.4 - https:\/\/yoast.com\/product\/yoast-seo-wordpress\/ -->\n<title>Germain Deflandre, 30 under 30: &quot;Je trouve qu&#039;on manque de licornes en Belgique&quot; | Forbes Belgique<\/title>\n<meta name=\"description\" content=\"Germain Deflandre est, \u00e0 22 ans, le patron de Mentionbox, une start-up active dans le SEO et le GEO, dont il aimerait en faire une licorne.\" \/>\n<meta name=\"robots\" content=\"index, follow, max-snippet:-1, max-image-preview:large, max-video-preview:-1\" \/>\n<link rel=\"canonical\" href=\"https:\/\/www.forbes.be\/fr\/germain-deflandre-30-under-30-je-trouve-quon-manque-de-licornes-en-belgique\/\" \/>\n<meta property=\"og:locale\" content=\"fr_FR\" \/>\n<meta property=\"og:type\" content=\"article\" \/>\n<meta property=\"og:title\" content=\"Germain Deflandre, 30 under 30: &quot;Je trouve qu&#039;on manque de licornes en Belgique&quot; | Forbes Belgique\" \/>\n<meta property=\"og:description\" content=\"Germain Deflandre est, \u00e0 22 ans, le patron de Mentionbox, une start-up active dans le SEO et le GEO, dont il aimerait en faire une licorne.\" \/>\n<meta property=\"og:url\" content=\"https:\/\/www.forbes.be\/fr\/germain-deflandre-30-under-30-je-trouve-quon-manque-de-licornes-en-belgique\/\" \/>\n<meta property=\"og:site_name\" content=\"Forbes Belgique\" \/>\n<meta property=\"article:publisher\" content=\"https:\/\/www.facebook.com\/forbesbelgique\/\" \/>\n<meta property=\"article:published_time\" content=\"2026-04-29T05:13:36+00:00\" \/>\n<meta property=\"og:image\" content=\"https:\/\/www.forbes.be\/fr\/wp-content\/uploads\/2026\/04\/germain-deflandre-e1776762225998.jpg\" \/>\n\t<meta property=\"og:image:width\" content=\"1150\" \/>\n\t<meta property=\"og:image:height\" content=\"604\" \/>\n\t<meta property=\"og:image:type\" content=\"image\/jpeg\" \/>\n<meta name=\"author\" content=\"Juan Godbille\" \/>\n<meta name=\"twitter:card\" content=\"summary_large_image\" \/>\n<meta name=\"twitter:label1\" content=\"\u00c9crit par\" \/>\n\t<meta name=\"twitter:data1\" content=\"Juan Godbille\" \/>\n\t<meta name=\"twitter:label2\" content=\"Dur\u00e9e de lecture estim\u00e9e\" \/>\n\t<meta name=\"twitter:data2\" content=\"10 minutes\" \/>\n<script type=\"application\/ld+json\" class=\"yoast-schema-graph\">{\"@context\":\"https:\\\/\\\/schema.org\",\"@graph\":[{\"@type\":\"NewsArticle\",\"@id\":\"https:\\\/\\\/www.forbes.be\\\/fr\\\/germain-deflandre-30-under-30-je-trouve-quon-manque-de-licornes-en-belgique\\\/#article\",\"isPartOf\":{\"@id\":\"https:\\\/\\\/www.forbes.be\\\/fr\\\/germain-deflandre-30-under-30-je-trouve-quon-manque-de-licornes-en-belgique\\\/\"},\"author\":{\"name\":\"Juan Godbille\",\"@id\":\"https:\\\/\\\/www.forbes.be\\\/fr\\\/#\\\/schema\\\/person\\\/0d449791ef6199da3d469eca714eb773\"},\"headline\":\"Germain Deflandre, 30 under 30: \u00ab\u00a0Je trouve qu&rsquo;on manque de licornes en Belgique\u00a0\u00bb\",\"datePublished\":\"2026-04-29T05:13:36+00:00\",\"mainEntityOfPage\":{\"@id\":\"https:\\\/\\\/www.forbes.be\\\/fr\\\/germain-deflandre-30-under-30-je-trouve-quon-manque-de-licornes-en-belgique\\\/\"},\"wordCount\":2045,\"publisher\":{\"@id\":\"https:\\\/\\\/www.forbes.be\\\/fr\\\/#organization\"},\"image\":{\"@id\":\"https:\\\/\\\/www.forbes.be\\\/fr\\\/germain-deflandre-30-under-30-je-trouve-quon-manque-de-licornes-en-belgique\\\/#primaryimage\"},\"thumbnailUrl\":\"https:\\\/\\\/www.forbes.be\\\/fr\\\/wp-content\\\/uploads\\\/2026\\\/04\\\/germain-deflandre-e1776762225998.jpg\",\"articleSection\":[\"Entrepreneurs\",\"Forbes 30-30\"],\"inLanguage\":\"fr-FR\"},{\"@type\":\"WebPage\",\"@id\":\"https:\\\/\\\/www.forbes.be\\\/fr\\\/germain-deflandre-30-under-30-je-trouve-quon-manque-de-licornes-en-belgique\\\/\",\"url\":\"https:\\\/\\\/www.forbes.be\\\/fr\\\/germain-deflandre-30-under-30-je-trouve-quon-manque-de-licornes-en-belgique\\\/\",\"name\":\"Germain Deflandre, 30 under 30: \\\"Je trouve qu'on manque de licornes en Belgique\\\" | Forbes Belgique\",\"isPartOf\":{\"@id\":\"https:\\\/\\\/www.forbes.be\\\/fr\\\/#website\"},\"primaryImageOfPage\":{\"@id\":\"https:\\\/\\\/www.forbes.be\\\/fr\\\/germain-deflandre-30-under-30-je-trouve-quon-manque-de-licornes-en-belgique\\\/#primaryimage\"},\"image\":{\"@id\":\"https:\\\/\\\/www.forbes.be\\\/fr\\\/germain-deflandre-30-under-30-je-trouve-quon-manque-de-licornes-en-belgique\\\/#primaryimage\"},\"thumbnailUrl\":\"https:\\\/\\\/www.forbes.be\\\/fr\\\/wp-content\\\/uploads\\\/2026\\\/04\\\/germain-deflandre-e1776762225998.jpg\",\"datePublished\":\"2026-04-29T05:13:36+00:00\",\"description\":\"Germain Deflandre est, \u00e0 22 ans, le patron de Mentionbox, une start-up active dans le SEO et le GEO, dont il aimerait en faire une licorne.\",\"breadcrumb\":{\"@id\":\"https:\\\/\\\/www.forbes.be\\\/fr\\\/germain-deflandre-30-under-30-je-trouve-quon-manque-de-licornes-en-belgique\\\/#breadcrumb\"},\"inLanguage\":\"fr-FR\",\"potentialAction\":[{\"@type\":\"ReadAction\",\"target\":[\"https:\\\/\\\/www.forbes.be\\\/fr\\\/germain-deflandre-30-under-30-je-trouve-quon-manque-de-licornes-en-belgique\\\/\"]}]},{\"@type\":\"ImageObject\",\"inLanguage\":\"fr-FR\",\"@id\":\"https:\\\/\\\/www.forbes.be\\\/fr\\\/germain-deflandre-30-under-30-je-trouve-quon-manque-de-licornes-en-belgique\\\/#primaryimage\",\"url\":\"https:\\\/\\\/www.forbes.be\\\/fr\\\/wp-content\\\/uploads\\\/2026\\\/04\\\/germain-deflandre-e1776762225998.jpg\",\"contentUrl\":\"https:\\\/\\\/www.forbes.be\\\/fr\\\/wp-content\\\/uploads\\\/2026\\\/04\\\/germain-deflandre-e1776762225998.jpg\",\"width\":1150,\"height\":604},{\"@type\":\"BreadcrumbList\",\"@id\":\"https:\\\/\\\/www.forbes.be\\\/fr\\\/germain-deflandre-30-under-30-je-trouve-quon-manque-de-licornes-en-belgique\\\/#breadcrumb\",\"itemListElement\":[{\"@type\":\"ListItem\",\"position\":1,\"name\":\"Accueil\",\"item\":\"https:\\\/\\\/www.forbes.be\\\/fr\\\/\"},{\"@type\":\"ListItem\",\"position\":2,\"name\":\"Germain Deflandre, 30 under 30: \u00ab\u00a0Je trouve qu&rsquo;on manque de licornes en Belgique\u00a0\u00bb\"}]},{\"@type\":\"WebSite\",\"@id\":\"https:\\\/\\\/www.forbes.be\\\/fr\\\/#website\",\"url\":\"https:\\\/\\\/www.forbes.be\\\/fr\\\/\",\"name\":\"Forbes Belgique\",\"description\":\"\",\"publisher\":{\"@id\":\"https:\\\/\\\/www.forbes.be\\\/fr\\\/#organization\"},\"potentialAction\":[{\"@type\":\"SearchAction\",\"target\":{\"@type\":\"EntryPoint\",\"urlTemplate\":\"https:\\\/\\\/www.forbes.be\\\/fr\\\/?s={search_term_string}\"},\"query-input\":{\"@type\":\"PropertyValueSpecification\",\"valueRequired\":true,\"valueName\":\"search_term_string\"}}],\"inLanguage\":\"fr-FR\"},{\"@type\":\"Organization\",\"@id\":\"https:\\\/\\\/www.forbes.be\\\/fr\\\/#organization\",\"name\":\"Forbes Belgique\",\"url\":\"https:\\\/\\\/www.forbes.be\\\/fr\\\/\",\"logo\":{\"@type\":\"ImageObject\",\"inLanguage\":\"fr-FR\",\"@id\":\"https:\\\/\\\/www.forbes.be\\\/fr\\\/#\\\/schema\\\/logo\\\/image\\\/\",\"url\":\"https:\\\/\\\/www.forbes.be\\\/fr\\\/wp-content\\\/uploads\\\/2024\\\/02\\\/forbes.be_.png\",\"contentUrl\":\"https:\\\/\\\/www.forbes.be\\\/fr\\\/wp-content\\\/uploads\\\/2024\\\/02\\\/forbes.be_.png\",\"width\":1200,\"height\":675,\"caption\":\"Forbes Belgique\"},\"image\":{\"@id\":\"https:\\\/\\\/www.forbes.be\\\/fr\\\/#\\\/schema\\\/logo\\\/image\\\/\"},\"sameAs\":[\"https:\\\/\\\/www.facebook.com\\\/forbesbelgique\\\/\",\"https:\\\/\\\/www.instagram.com\\\/Forbes_Belgium\",\"https:\\\/\\\/www.linkedin.com\\\/company\\\/forbes-belgium\\\/\"]},{\"@type\":\"Person\",\"@id\":\"https:\\\/\\\/www.forbes.be\\\/fr\\\/#\\\/schema\\\/person\\\/0d449791ef6199da3d469eca714eb773\",\"name\":\"Juan Godbille\",\"image\":{\"@type\":\"ImageObject\",\"inLanguage\":\"fr-FR\",\"@id\":\"https:\\\/\\\/secure.gravatar.com\\\/avatar\\\/de6d740453251c69ae34e42cfef9688bc2a5c942d7cab09074e7064fbac13ac9?s=96&d=mm&r=g\",\"url\":\"https:\\\/\\\/secure.gravatar.com\\\/avatar\\\/de6d740453251c69ae34e42cfef9688bc2a5c942d7cab09074e7064fbac13ac9?s=96&d=mm&r=g\",\"contentUrl\":\"https:\\\/\\\/secure.gravatar.com\\\/avatar\\\/de6d740453251c69ae34e42cfef9688bc2a5c942d7cab09074e7064fbac13ac9?s=96&d=mm&r=g\",\"caption\":\"Juan Godbille\"},\"url\":\"https:\\\/\\\/www.forbes.be\\\/fr\\\/author\\\/juan-godbille\\\/\"}]}<\/script>\n<!-- \/ Yoast SEO plugin. -->","yoast_head_json":{"title":"Germain Deflandre, 30 under 30: \"Je trouve qu'on manque de licornes en Belgique\" | Forbes Belgique","description":"Germain Deflandre est, \u00e0 22 ans, le patron de Mentionbox, une start-up active dans le SEO et le GEO, dont il aimerait en faire une licorne.","robots":{"index":"index","follow":"follow","max-snippet":"max-snippet:-1","max-image-preview":"max-image-preview:large","max-video-preview":"max-video-preview:-1"},"canonical":"https:\/\/www.forbes.be\/fr\/germain-deflandre-30-under-30-je-trouve-quon-manque-de-licornes-en-belgique\/","og_locale":"fr_FR","og_type":"article","og_title":"Germain Deflandre, 30 under 30: \"Je trouve qu'on manque de licornes en Belgique\" | Forbes Belgique","og_description":"Germain Deflandre est, \u00e0 22 ans, le patron de Mentionbox, une start-up active dans le SEO et le GEO, dont il aimerait en faire une licorne.","og_url":"https:\/\/www.forbes.be\/fr\/germain-deflandre-30-under-30-je-trouve-quon-manque-de-licornes-en-belgique\/","og_site_name":"Forbes Belgique","article_publisher":"https:\/\/www.facebook.com\/forbesbelgique\/","article_published_time":"2026-04-29T05:13:36+00:00","og_image":[{"width":1150,"height":604,"url":"https:\/\/www.forbes.be\/fr\/wp-content\/uploads\/2026\/04\/germain-deflandre-e1776762225998.jpg","type":"image\/jpeg"}],"author":"Juan Godbille","twitter_card":"summary_large_image","twitter_misc":{"\u00c9crit par":"Juan Godbille","Dur\u00e9e de lecture estim\u00e9e":"10 minutes"},"schema":{"@context":"https:\/\/schema.org","@graph":[{"@type":"NewsArticle","@id":"https:\/\/www.forbes.be\/fr\/germain-deflandre-30-under-30-je-trouve-quon-manque-de-licornes-en-belgique\/#article","isPartOf":{"@id":"https:\/\/www.forbes.be\/fr\/germain-deflandre-30-under-30-je-trouve-quon-manque-de-licornes-en-belgique\/"},"author":{"name":"Juan Godbille","@id":"https:\/\/www.forbes.be\/fr\/#\/schema\/person\/0d449791ef6199da3d469eca714eb773"},"headline":"Germain Deflandre, 30 under 30: \u00ab\u00a0Je trouve qu&rsquo;on manque de licornes en Belgique\u00a0\u00bb","datePublished":"2026-04-29T05:13:36+00:00","mainEntityOfPage":{"@id":"https:\/\/www.forbes.be\/fr\/germain-deflandre-30-under-30-je-trouve-quon-manque-de-licornes-en-belgique\/"},"wordCount":2045,"publisher":{"@id":"https:\/\/www.forbes.be\/fr\/#organization"},"image":{"@id":"https:\/\/www.forbes.be\/fr\/germain-deflandre-30-under-30-je-trouve-quon-manque-de-licornes-en-belgique\/#primaryimage"},"thumbnailUrl":"https:\/\/www.forbes.be\/fr\/wp-content\/uploads\/2026\/04\/germain-deflandre-e1776762225998.jpg","articleSection":["Entrepreneurs","Forbes 30-30"],"inLanguage":"fr-FR"},{"@type":"WebPage","@id":"https:\/\/www.forbes.be\/fr\/germain-deflandre-30-under-30-je-trouve-quon-manque-de-licornes-en-belgique\/","url":"https:\/\/www.forbes.be\/fr\/germain-deflandre-30-under-30-je-trouve-quon-manque-de-licornes-en-belgique\/","name":"Germain Deflandre, 30 under 30: \"Je trouve qu'on manque de licornes en Belgique\" | Forbes Belgique","isPartOf":{"@id":"https:\/\/www.forbes.be\/fr\/#website"},"primaryImageOfPage":{"@id":"https:\/\/www.forbes.be\/fr\/germain-deflandre-30-under-30-je-trouve-quon-manque-de-licornes-en-belgique\/#primaryimage"},"image":{"@id":"https:\/\/www.forbes.be\/fr\/germain-deflandre-30-under-30-je-trouve-quon-manque-de-licornes-en-belgique\/#primaryimage"},"thumbnailUrl":"https:\/\/www.forbes.be\/fr\/wp-content\/uploads\/2026\/04\/germain-deflandre-e1776762225998.jpg","datePublished":"2026-04-29T05:13:36+00:00","description":"Germain Deflandre est, \u00e0 22 ans, le patron de Mentionbox, une start-up active dans le SEO et le GEO, dont il aimerait en faire une licorne.","breadcrumb":{"@id":"https:\/\/www.forbes.be\/fr\/germain-deflandre-30-under-30-je-trouve-quon-manque-de-licornes-en-belgique\/#breadcrumb"},"inLanguage":"fr-FR","potentialAction":[{"@type":"ReadAction","target":["https:\/\/www.forbes.be\/fr\/germain-deflandre-30-under-30-je-trouve-quon-manque-de-licornes-en-belgique\/"]}]},{"@type":"ImageObject","inLanguage":"fr-FR","@id":"https:\/\/www.forbes.be\/fr\/germain-deflandre-30-under-30-je-trouve-quon-manque-de-licornes-en-belgique\/#primaryimage","url":"https:\/\/www.forbes.be\/fr\/wp-content\/uploads\/2026\/04\/germain-deflandre-e1776762225998.jpg","contentUrl":"https:\/\/www.forbes.be\/fr\/wp-content\/uploads\/2026\/04\/germain-deflandre-e1776762225998.jpg","width":1150,"height":604},{"@type":"BreadcrumbList","@id":"https:\/\/www.forbes.be\/fr\/germain-deflandre-30-under-30-je-trouve-quon-manque-de-licornes-en-belgique\/#breadcrumb","itemListElement":[{"@type":"ListItem","position":1,"name":"Accueil","item":"https:\/\/www.forbes.be\/fr\/"},{"@type":"ListItem","position":2,"name":"Germain Deflandre, 30 under 30: \u00ab\u00a0Je trouve qu&rsquo;on manque de licornes en Belgique\u00a0\u00bb"}]},{"@type":"WebSite","@id":"https:\/\/www.forbes.be\/fr\/#website","url":"https:\/\/www.forbes.be\/fr\/","name":"Forbes Belgique","description":"","publisher":{"@id":"https:\/\/www.forbes.be\/fr\/#organization"},"potentialAction":[{"@type":"SearchAction","target":{"@type":"EntryPoint","urlTemplate":"https:\/\/www.forbes.be\/fr\/?s={search_term_string}"},"query-input":{"@type":"PropertyValueSpecification","valueRequired":true,"valueName":"search_term_string"}}],"inLanguage":"fr-FR"},{"@type":"Organization","@id":"https:\/\/www.forbes.be\/fr\/#organization","name":"Forbes Belgique","url":"https:\/\/www.forbes.be\/fr\/","logo":{"@type":"ImageObject","inLanguage":"fr-FR","@id":"https:\/\/www.forbes.be\/fr\/#\/schema\/logo\/image\/","url":"https:\/\/www.forbes.be\/fr\/wp-content\/uploads\/2024\/02\/forbes.be_.png","contentUrl":"https:\/\/www.forbes.be\/fr\/wp-content\/uploads\/2024\/02\/forbes.be_.png","width":1200,"height":675,"caption":"Forbes Belgique"},"image":{"@id":"https:\/\/www.forbes.be\/fr\/#\/schema\/logo\/image\/"},"sameAs":["https:\/\/www.facebook.com\/forbesbelgique\/","https:\/\/www.instagram.com\/Forbes_Belgium","https:\/\/www.linkedin.com\/company\/forbes-belgium\/"]},{"@type":"Person","@id":"https:\/\/www.forbes.be\/fr\/#\/schema\/person\/0d449791ef6199da3d469eca714eb773","name":"Juan Godbille","image":{"@type":"ImageObject","inLanguage":"fr-FR","@id":"https:\/\/secure.gravatar.com\/avatar\/de6d740453251c69ae34e42cfef9688bc2a5c942d7cab09074e7064fbac13ac9?s=96&d=mm&r=g","url":"https:\/\/secure.gravatar.com\/avatar\/de6d740453251c69ae34e42cfef9688bc2a5c942d7cab09074e7064fbac13ac9?s=96&d=mm&r=g","contentUrl":"https:\/\/secure.gravatar.com\/avatar\/de6d740453251c69ae34e42cfef9688bc2a5c942d7cab09074e7064fbac13ac9?s=96&d=mm&r=g","caption":"Juan Godbille"},"url":"https:\/\/www.forbes.be\/fr\/author\/juan-godbille\/"}]}},"_links":{"self":[{"href":"https:\/\/www.forbes.be\/fr\/wp-json\/wp\/v2\/posts\/16689","targetHints":{"allow":["GET"]}}],"collection":[{"href":"https:\/\/www.forbes.be\/fr\/wp-json\/wp\/v2\/posts"}],"about":[{"href":"https:\/\/www.forbes.be\/fr\/wp-json\/wp\/v2\/types\/post"}],"author":[{"embeddable":true,"href":"https:\/\/www.forbes.be\/fr\/wp-json\/wp\/v2\/users\/37"}],"replies":[{"embeddable":true,"href":"https:\/\/www.forbes.be\/fr\/wp-json\/wp\/v2\/comments?post=16689"}],"version-history":[{"count":5,"href":"https:\/\/www.forbes.be\/fr\/wp-json\/wp\/v2\/posts\/16689\/revisions"}],"predecessor-version":[{"id":16878,"href":"https:\/\/www.forbes.be\/fr\/wp-json\/wp\/v2\/posts\/16689\/revisions\/16878"}],"wp:featuredmedia":[{"embeddable":true,"href":"https:\/\/www.forbes.be\/fr\/wp-json\/wp\/v2\/media\/16692"}],"wp:attachment":[{"href":"https:\/\/www.forbes.be\/fr\/wp-json\/wp\/v2\/media?parent=16689"}],"wp:term":[{"taxonomy":"category","embeddable":true,"href":"https:\/\/www.forbes.be\/fr\/wp-json\/wp\/v2\/categories?post=16689"},{"taxonomy":"post_tag","embeddable":true,"href":"https:\/\/www.forbes.be\/fr\/wp-json\/wp\/v2\/tags?post=16689"}],"curies":[{"name":"wp","href":"https:\/\/api.w.org\/{rel}","templated":true}]}}