{"id":16714,"date":"2026-04-27T07:27:36","date_gmt":"2026-04-27T05:27:36","guid":{"rendered":"https:\/\/www.forbes.be\/fr\/?p=16714"},"modified":"2026-04-24T13:37:00","modified_gmt":"2026-04-24T11:37:00","slug":"face-aux-vents-contraires-la-belgique-resiste-pour-le-moment","status":"publish","type":"post","link":"https:\/\/www.forbes.be\/fr\/face-aux-vents-contraires-la-belgique-resiste-pour-le-moment\/","title":{"rendered":"Face aux vents contraires, la Belgique r\u00e9siste&#8230; pour le moment"},"content":{"rendered":"<p><strong>Alors que les vents contraires mondiaux se multiplient ces derniers mois, particuli\u00e8rement depuis que la guerre a \u00e9clat\u00e9 au Moyen-Orient, la Belgique fait preuve d&rsquo;une r\u00e9silience remarquable. Elle est telle que, l\u00e0 o\u00f9 les faillites devraient progresser de 3% \u00e0 travers la plan\u00e8te cette ann\u00e9e, dans notre petit royaume, elles reculeront d&rsquo;1%, d&rsquo;apr\u00e8s les pr\u00e9visions de l&rsquo;assureur-cr\u00e9dit <a href=\"https:\/\/atradius.be\/fr_BE\/\">Atradius<\/a>. Explications.<\/strong><\/p>\n<p>La Belgique partait pourtant d&rsquo;une ann\u00e9e 2025 assez mauvaise, lors de laquelle la <strong>croissance des faillites<\/strong> avait \u00e9t\u00e9 de 6%. Et, avant cela, c&rsquo;\u00e9tait pire encore: +42% en 2022, +11% en 2023, +8% en 2024. L&rsquo;optimisme est toutefois limit\u00e9 car, d\u00e8s 2027, on devrait connaitre \u00e0 nouveau une croissance d&rsquo;1% du nombre de faillites. <strong>Atradius<\/strong> avertit d&rsquo;ailleurs, dans son dernier <em>\u00ab\u00a0Insolvency Outlook\u00a0\u00bb<\/em>, que les marges des entreprises belges restent soumises \u00e0 une forte pression en raison de ces vents contraires \u00e9conomiques persistants.<\/p>\n<p>Quels sont donc ces vents contraires? Il s&rsquo;agit notamment des <strong>dettes fiscales li\u00e9es au Covid<\/strong>, la hausse des co\u00fbts des intrants et les tensions commerciales continues, auxquelles on peut ajouter la r\u00e9cente crise au <strong>Moyen-Orient<\/strong> et la hausse des prix de l&rsquo;\u00e9nergie qui l&rsquo;accompagne. Tout cela a pouss\u00e9 l&rsquo;assureur-cr\u00e9dit \u00e0 d\u00e9grader ses pr\u00e9visions en mati\u00e8re d&rsquo;<strong>insolvabilit\u00e9<\/strong> par rapport \u00e0 octobre dernier.<\/p>\n<p>En Europe, il s&rsquo;attend aux hausses en la mati\u00e8re les plus marqu\u00e9es en Suisse, en Italie et au Portugal. <em>\u00ab\u00a0Les exportateurs belges ciblant ces march\u00e9s auraient tout int\u00e9r\u00eat \u00e0 r\u00e9examiner attentivement leur risque de cr\u00e9dit\u00a0\u00bb<\/em>, pr\u00e9vient <a href=\"https:\/\/be.linkedin.com\/in\/frederikdevooght\"><strong>Frederik Devooght<\/strong><\/a>, Country Manager Belux chez Atradius. <em>\u00ab\u00a0\u00c0 l&rsquo;instar des Pays-Bas, du Danemark et de la Norv\u00e8ge, la Belgique fait toutefois preuve d&rsquo;une r\u00e9silience remarquable face aux vents contraires mondiaux actuels, ce qui se traduit par une baisse attendue du nombre de faillites en 2026.\u00a0\u00bb<\/em><\/p>\n<p>Les marges dans la <strong>zone euro<\/strong> restent cependant sous pression en raison d&rsquo;une <strong>inflation<\/strong> attendue \u00e0 2,9% et des chocs n\u00e9gatifs pourraient entra\u00eener un retour partiel vers des niveaux plus \u00e9lev\u00e9s en 2027, analyse encore l&rsquo;expert.<\/p>\n<p>Sans surprise, l&rsquo;impact sur les entreprises, belges comme \u00e9trang\u00e8res, d\u00e9pendra dans une large mesure de la dur\u00e9e du conflit au Moyen-Orient. Dans le sc\u00e9nario de base d&rsquo;Atradius, le cessez-le-feu actuel marque le d\u00e9but d&rsquo;une lib\u00e9ration progressive et permanente du <strong>d\u00e9troit d&rsquo;Ormuz<\/strong> \u00e0 partir de mai, avec des dommages limit\u00e9s aux infrastructures de la r\u00e9gion du Golfe. Si la perturbation des flux commerciaux \u00e0 travers le d\u00e9troit d&rsquo;Ormuz se prolonge plus longtemps que pr\u00e9vu ou si les dommages caus\u00e9s aux infrastructures \u00e9nerg\u00e9tiques sont plus importants qu&rsquo;attendu, les r\u00e9percussions \u00e9conomiques n\u00e9gatives pourraient \u00eatre plus graves, \u00e9crit l&rsquo;assureur-cr\u00e9dit dans son rapport.<\/p>\n<p>Les pr\u00e9visions d&rsquo;insolvabilit\u00e9 devraient toutefois \u00eatre revues \u00e0 la baisse en cas de perturbations prolong\u00e9es ou de dommages plus importants, ajoute-t-il.<\/p>\n<p>A l&rsquo;horizon 2027, le climat des affaires devrait s&rsquo;am\u00e9liorer progressivement, avec une baisse mondiale du nombre de faillites de 6%. L&rsquo;inflation et les <strong>prix de l&rsquo;\u00e9nergie<\/strong> devraient se normaliser, ce qui donnera aux banques centrales davantage de marge pour abaisser les <strong>taux d&rsquo;int\u00e9r\u00eat<\/strong>.<\/p>\n<p>A noter encore qu&rsquo;en Am\u00e9rique du Nord aussi, le tableau est contrast\u00e9, avec une croissance attendue du nombre de faillites de 8% aux \u00c9tats-Unis en 2026. Le climat \u00e9conomique y reste difficile pour les entreprises, tandis que les <strong>droits de douane<\/strong> \u00e9lev\u00e9s et l&rsquo;incertitude politique accrue continuent d&rsquo;alourdir l&rsquo;environnement des affaires. Le Canada affiche, lui, une baisse, avec le nombre de faillites qui poursuit sa normalisation apr\u00e8s la forte hausse de 2024.<\/p>\n","protected":false},"excerpt":{"rendered":"<p>Alors que les vents contraires mondiaux se multiplient ces derniers mois, particuli\u00e8rement depuis que la guerre a \u00e9clat\u00e9 au Moyen-Orient, la Belgique fait preuve d&rsquo;une r\u00e9silience remarquable. Elle est telle que, l\u00e0 o\u00f9 les faillites devraient progresser de 3% \u00e0 travers la plan\u00e8te cette ann\u00e9e, dans notre petit royaume, elles reculeront d&rsquo;1%, d&rsquo;apr\u00e8s les pr\u00e9visions [&hellip;]<\/p>\n","protected":false},"author":37,"featured_media":16880,"comment_status":"closed","ping_status":"closed","sticky":false,"template":"","format":"standard","meta":{"_acf_changed":false,"inline_featured_image":false,"footnotes":""},"categories":[1],"tags":[],"class_list":{"0":"post-16714","1":"post","2":"type-post","3":"status-publish","4":"format-standard","5":"has-post-thumbnail","7":"category-actualite"},"acf":[],"_yoast_wpseo_title":null,"_yoast_wpseo_metadesc":"Malgr\u00e9 des vents contraires, la Belgique devrait connaitre une baisse du nombre de faillites en 2026, contre une croissance mondiale de 3%.","auteur_traducteur":"","yoast_head":"<!-- This site is optimized with the Yoast SEO plugin v27.4 - https:\/\/yoast.com\/product\/yoast-seo-wordpress\/ -->\n<title>Face aux vents contraires, la Belgique r\u00e9siste... pour le moment | Forbes Belgique<\/title>\n<meta name=\"description\" content=\"Malgr\u00e9 des vents contraires, la Belgique devrait connaitre une baisse du nombre de faillites en 2026, contre une croissance mondiale de 3%.\" \/>\n<meta name=\"robots\" content=\"index, follow, max-snippet:-1, max-image-preview:large, max-video-preview:-1\" \/>\n<link rel=\"canonical\" href=\"https:\/\/www.forbes.be\/fr\/face-aux-vents-contraires-la-belgique-resiste-pour-le-moment\/\" \/>\n<meta property=\"og:locale\" content=\"fr_FR\" \/>\n<meta property=\"og:type\" content=\"article\" \/>\n<meta property=\"og:title\" content=\"Face aux vents contraires, la Belgique r\u00e9siste... pour le moment | Forbes Belgique\" \/>\n<meta property=\"og:description\" content=\"Malgr\u00e9 des vents contraires, la Belgique devrait connaitre une baisse du nombre de faillites en 2026, contre une croissance mondiale de 3%.\" \/>\n<meta property=\"og:url\" content=\"https:\/\/www.forbes.be\/fr\/face-aux-vents-contraires-la-belgique-resiste-pour-le-moment\/\" \/>\n<meta property=\"og:site_name\" content=\"Forbes Belgique\" \/>\n<meta property=\"article:publisher\" content=\"https:\/\/www.facebook.com\/forbesbelgique\/\" \/>\n<meta property=\"article:published_time\" content=\"2026-04-27T05:27:36+00:00\" \/>\n<meta property=\"og:image\" content=\"https:\/\/www.forbes.be\/fr\/wp-content\/uploads\/2026\/04\/shutterstock-asset-generation-124a82cb-a1e0-4c3e-9521-83ac3b2546f8-2-modif-e1777030581967.jpeg\" \/>\n\t<meta property=\"og:image:width\" content=\"1248\" \/>\n\t<meta property=\"og:image:height\" content=\"653\" \/>\n\t<meta property=\"og:image:type\" content=\"image\/jpeg\" \/>\n<meta name=\"author\" content=\"Juan Godbille\" \/>\n<meta name=\"twitter:card\" content=\"summary_large_image\" \/>\n<meta name=\"twitter:label1\" content=\"\u00c9crit par\" \/>\n\t<meta name=\"twitter:data1\" content=\"Juan Godbille\" \/>\n\t<meta name=\"twitter:label2\" content=\"Dur\u00e9e de lecture estim\u00e9e\" \/>\n\t<meta name=\"twitter:data2\" content=\"4 minutes\" \/>\n<script type=\"application\/ld+json\" class=\"yoast-schema-graph\">{\"@context\":\"https:\\\/\\\/schema.org\",\"@graph\":[{\"@type\":\"NewsArticle\",\"@id\":\"https:\\\/\\\/www.forbes.be\\\/fr\\\/face-aux-vents-contraires-la-belgique-resiste-pour-le-moment\\\/#article\",\"isPartOf\":{\"@id\":\"https:\\\/\\\/www.forbes.be\\\/fr\\\/face-aux-vents-contraires-la-belgique-resiste-pour-le-moment\\\/\"},\"author\":{\"name\":\"Juan Godbille\",\"@id\":\"https:\\\/\\\/www.forbes.be\\\/fr\\\/#\\\/schema\\\/person\\\/0d449791ef6199da3d469eca714eb773\"},\"headline\":\"Face aux vents contraires, la Belgique r\u00e9siste&#8230; pour le moment\",\"datePublished\":\"2026-04-27T05:27:36+00:00\",\"mainEntityOfPage\":{\"@id\":\"https:\\\/\\\/www.forbes.be\\\/fr\\\/face-aux-vents-contraires-la-belgique-resiste-pour-le-moment\\\/\"},\"wordCount\":591,\"publisher\":{\"@id\":\"https:\\\/\\\/www.forbes.be\\\/fr\\\/#organization\"},\"image\":{\"@id\":\"https:\\\/\\\/www.forbes.be\\\/fr\\\/face-aux-vents-contraires-la-belgique-resiste-pour-le-moment\\\/#primaryimage\"},\"thumbnailUrl\":\"https:\\\/\\\/www.forbes.be\\\/fr\\\/wp-content\\\/uploads\\\/2026\\\/04\\\/shutterstock-asset-generation-124a82cb-a1e0-4c3e-9521-83ac3b2546f8-2-modif-e1777030581967.jpeg\",\"articleSection\":[\"Actualit\u00e9s\"],\"inLanguage\":\"fr-FR\"},{\"@type\":\"WebPage\",\"@id\":\"https:\\\/\\\/www.forbes.be\\\/fr\\\/face-aux-vents-contraires-la-belgique-resiste-pour-le-moment\\\/\",\"url\":\"https:\\\/\\\/www.forbes.be\\\/fr\\\/face-aux-vents-contraires-la-belgique-resiste-pour-le-moment\\\/\",\"name\":\"Face aux vents contraires, la Belgique r\u00e9siste... pour le moment | Forbes Belgique\",\"isPartOf\":{\"@id\":\"https:\\\/\\\/www.forbes.be\\\/fr\\\/#website\"},\"primaryImageOfPage\":{\"@id\":\"https:\\\/\\\/www.forbes.be\\\/fr\\\/face-aux-vents-contraires-la-belgique-resiste-pour-le-moment\\\/#primaryimage\"},\"image\":{\"@id\":\"https:\\\/\\\/www.forbes.be\\\/fr\\\/face-aux-vents-contraires-la-belgique-resiste-pour-le-moment\\\/#primaryimage\"},\"thumbnailUrl\":\"https:\\\/\\\/www.forbes.be\\\/fr\\\/wp-content\\\/uploads\\\/2026\\\/04\\\/shutterstock-asset-generation-124a82cb-a1e0-4c3e-9521-83ac3b2546f8-2-modif-e1777030581967.jpeg\",\"datePublished\":\"2026-04-27T05:27:36+00:00\",\"description\":\"Malgr\u00e9 des vents contraires, la Belgique devrait connaitre une baisse du nombre de faillites en 2026, contre une croissance mondiale de 3%.\",\"breadcrumb\":{\"@id\":\"https:\\\/\\\/www.forbes.be\\\/fr\\\/face-aux-vents-contraires-la-belgique-resiste-pour-le-moment\\\/#breadcrumb\"},\"inLanguage\":\"fr-FR\",\"potentialAction\":[{\"@type\":\"ReadAction\",\"target\":[\"https:\\\/\\\/www.forbes.be\\\/fr\\\/face-aux-vents-contraires-la-belgique-resiste-pour-le-moment\\\/\"]}]},{\"@type\":\"ImageObject\",\"inLanguage\":\"fr-FR\",\"@id\":\"https:\\\/\\\/www.forbes.be\\\/fr\\\/face-aux-vents-contraires-la-belgique-resiste-pour-le-moment\\\/#primaryimage\",\"url\":\"https:\\\/\\\/www.forbes.be\\\/fr\\\/wp-content\\\/uploads\\\/2026\\\/04\\\/shutterstock-asset-generation-124a82cb-a1e0-4c3e-9521-83ac3b2546f8-2-modif-e1777030581967.jpeg\",\"contentUrl\":\"https:\\\/\\\/www.forbes.be\\\/fr\\\/wp-content\\\/uploads\\\/2026\\\/04\\\/shutterstock-asset-generation-124a82cb-a1e0-4c3e-9521-83ac3b2546f8-2-modif-e1777030581967.jpeg\",\"width\":1248,\"height\":653,\"caption\":\"\u00a9\u00a0DR\\\/Shutterstock.com\"},{\"@type\":\"BreadcrumbList\",\"@id\":\"https:\\\/\\\/www.forbes.be\\\/fr\\\/face-aux-vents-contraires-la-belgique-resiste-pour-le-moment\\\/#breadcrumb\",\"itemListElement\":[{\"@type\":\"ListItem\",\"position\":1,\"name\":\"Accueil\",\"item\":\"https:\\\/\\\/www.forbes.be\\\/fr\\\/\"},{\"@type\":\"ListItem\",\"position\":2,\"name\":\"Face aux vents contraires, la Belgique r\u00e9siste&#8230; pour le moment\"}]},{\"@type\":\"WebSite\",\"@id\":\"https:\\\/\\\/www.forbes.be\\\/fr\\\/#website\",\"url\":\"https:\\\/\\\/www.forbes.be\\\/fr\\\/\",\"name\":\"Forbes Belgique\",\"description\":\"\",\"publisher\":{\"@id\":\"https:\\\/\\\/www.forbes.be\\\/fr\\\/#organization\"},\"potentialAction\":[{\"@type\":\"SearchAction\",\"target\":{\"@type\":\"EntryPoint\",\"urlTemplate\":\"https:\\\/\\\/www.forbes.be\\\/fr\\\/?s={search_term_string}\"},\"query-input\":{\"@type\":\"PropertyValueSpecification\",\"valueRequired\":true,\"valueName\":\"search_term_string\"}}],\"inLanguage\":\"fr-FR\"},{\"@type\":\"Organization\",\"@id\":\"https:\\\/\\\/www.forbes.be\\\/fr\\\/#organization\",\"name\":\"Forbes Belgique\",\"url\":\"https:\\\/\\\/www.forbes.be\\\/fr\\\/\",\"logo\":{\"@type\":\"ImageObject\",\"inLanguage\":\"fr-FR\",\"@id\":\"https:\\\/\\\/www.forbes.be\\\/fr\\\/#\\\/schema\\\/logo\\\/image\\\/\",\"url\":\"https:\\\/\\\/www.forbes.be\\\/fr\\\/wp-content\\\/uploads\\\/2024\\\/02\\\/forbes.be_.png\",\"contentUrl\":\"https:\\\/\\\/www.forbes.be\\\/fr\\\/wp-content\\\/uploads\\\/2024\\\/02\\\/forbes.be_.png\",\"width\":1200,\"height\":675,\"caption\":\"Forbes Belgique\"},\"image\":{\"@id\":\"https:\\\/\\\/www.forbes.be\\\/fr\\\/#\\\/schema\\\/logo\\\/image\\\/\"},\"sameAs\":[\"https:\\\/\\\/www.facebook.com\\\/forbesbelgique\\\/\",\"https:\\\/\\\/www.instagram.com\\\/Forbes_Belgium\",\"https:\\\/\\\/www.linkedin.com\\\/company\\\/forbes-belgium\\\/\"]},{\"@type\":\"Person\",\"@id\":\"https:\\\/\\\/www.forbes.be\\\/fr\\\/#\\\/schema\\\/person\\\/0d449791ef6199da3d469eca714eb773\",\"name\":\"Juan Godbille\",\"image\":{\"@type\":\"ImageObject\",\"inLanguage\":\"fr-FR\",\"@id\":\"https:\\\/\\\/secure.gravatar.com\\\/avatar\\\/de6d740453251c69ae34e42cfef9688bc2a5c942d7cab09074e7064fbac13ac9?s=96&d=mm&r=g\",\"url\":\"https:\\\/\\\/secure.gravatar.com\\\/avatar\\\/de6d740453251c69ae34e42cfef9688bc2a5c942d7cab09074e7064fbac13ac9?s=96&d=mm&r=g\",\"contentUrl\":\"https:\\\/\\\/secure.gravatar.com\\\/avatar\\\/de6d740453251c69ae34e42cfef9688bc2a5c942d7cab09074e7064fbac13ac9?s=96&d=mm&r=g\",\"caption\":\"Juan Godbille\"},\"url\":\"https:\\\/\\\/www.forbes.be\\\/fr\\\/author\\\/juan-godbille\\\/\"}]}<\/script>\n<!-- \/ Yoast SEO plugin. -->","yoast_head_json":{"title":"Face aux vents contraires, la Belgique r\u00e9siste... pour le moment | Forbes Belgique","description":"Malgr\u00e9 des vents contraires, la Belgique devrait connaitre une baisse du nombre de faillites en 2026, contre une croissance mondiale de 3%.","robots":{"index":"index","follow":"follow","max-snippet":"max-snippet:-1","max-image-preview":"max-image-preview:large","max-video-preview":"max-video-preview:-1"},"canonical":"https:\/\/www.forbes.be\/fr\/face-aux-vents-contraires-la-belgique-resiste-pour-le-moment\/","og_locale":"fr_FR","og_type":"article","og_title":"Face aux vents contraires, la Belgique r\u00e9siste... pour le moment | Forbes Belgique","og_description":"Malgr\u00e9 des vents contraires, la Belgique devrait connaitre une baisse du nombre de faillites en 2026, contre une croissance mondiale de 3%.","og_url":"https:\/\/www.forbes.be\/fr\/face-aux-vents-contraires-la-belgique-resiste-pour-le-moment\/","og_site_name":"Forbes Belgique","article_publisher":"https:\/\/www.facebook.com\/forbesbelgique\/","article_published_time":"2026-04-27T05:27:36+00:00","og_image":[{"width":1248,"height":653,"url":"https:\/\/www.forbes.be\/fr\/wp-content\/uploads\/2026\/04\/shutterstock-asset-generation-124a82cb-a1e0-4c3e-9521-83ac3b2546f8-2-modif-e1777030581967.jpeg","type":"image\/jpeg"}],"author":"Juan Godbille","twitter_card":"summary_large_image","twitter_misc":{"\u00c9crit par":"Juan Godbille","Dur\u00e9e de lecture estim\u00e9e":"4 minutes"},"schema":{"@context":"https:\/\/schema.org","@graph":[{"@type":"NewsArticle","@id":"https:\/\/www.forbes.be\/fr\/face-aux-vents-contraires-la-belgique-resiste-pour-le-moment\/#article","isPartOf":{"@id":"https:\/\/www.forbes.be\/fr\/face-aux-vents-contraires-la-belgique-resiste-pour-le-moment\/"},"author":{"name":"Juan Godbille","@id":"https:\/\/www.forbes.be\/fr\/#\/schema\/person\/0d449791ef6199da3d469eca714eb773"},"headline":"Face aux vents contraires, la Belgique r\u00e9siste&#8230; pour le moment","datePublished":"2026-04-27T05:27:36+00:00","mainEntityOfPage":{"@id":"https:\/\/www.forbes.be\/fr\/face-aux-vents-contraires-la-belgique-resiste-pour-le-moment\/"},"wordCount":591,"publisher":{"@id":"https:\/\/www.forbes.be\/fr\/#organization"},"image":{"@id":"https:\/\/www.forbes.be\/fr\/face-aux-vents-contraires-la-belgique-resiste-pour-le-moment\/#primaryimage"},"thumbnailUrl":"https:\/\/www.forbes.be\/fr\/wp-content\/uploads\/2026\/04\/shutterstock-asset-generation-124a82cb-a1e0-4c3e-9521-83ac3b2546f8-2-modif-e1777030581967.jpeg","articleSection":["Actualit\u00e9s"],"inLanguage":"fr-FR"},{"@type":"WebPage","@id":"https:\/\/www.forbes.be\/fr\/face-aux-vents-contraires-la-belgique-resiste-pour-le-moment\/","url":"https:\/\/www.forbes.be\/fr\/face-aux-vents-contraires-la-belgique-resiste-pour-le-moment\/","name":"Face aux vents contraires, la Belgique r\u00e9siste... pour le moment | Forbes Belgique","isPartOf":{"@id":"https:\/\/www.forbes.be\/fr\/#website"},"primaryImageOfPage":{"@id":"https:\/\/www.forbes.be\/fr\/face-aux-vents-contraires-la-belgique-resiste-pour-le-moment\/#primaryimage"},"image":{"@id":"https:\/\/www.forbes.be\/fr\/face-aux-vents-contraires-la-belgique-resiste-pour-le-moment\/#primaryimage"},"thumbnailUrl":"https:\/\/www.forbes.be\/fr\/wp-content\/uploads\/2026\/04\/shutterstock-asset-generation-124a82cb-a1e0-4c3e-9521-83ac3b2546f8-2-modif-e1777030581967.jpeg","datePublished":"2026-04-27T05:27:36+00:00","description":"Malgr\u00e9 des vents contraires, la Belgique devrait connaitre une baisse du nombre de faillites en 2026, contre une croissance mondiale de 3%.","breadcrumb":{"@id":"https:\/\/www.forbes.be\/fr\/face-aux-vents-contraires-la-belgique-resiste-pour-le-moment\/#breadcrumb"},"inLanguage":"fr-FR","potentialAction":[{"@type":"ReadAction","target":["https:\/\/www.forbes.be\/fr\/face-aux-vents-contraires-la-belgique-resiste-pour-le-moment\/"]}]},{"@type":"ImageObject","inLanguage":"fr-FR","@id":"https:\/\/www.forbes.be\/fr\/face-aux-vents-contraires-la-belgique-resiste-pour-le-moment\/#primaryimage","url":"https:\/\/www.forbes.be\/fr\/wp-content\/uploads\/2026\/04\/shutterstock-asset-generation-124a82cb-a1e0-4c3e-9521-83ac3b2546f8-2-modif-e1777030581967.jpeg","contentUrl":"https:\/\/www.forbes.be\/fr\/wp-content\/uploads\/2026\/04\/shutterstock-asset-generation-124a82cb-a1e0-4c3e-9521-83ac3b2546f8-2-modif-e1777030581967.jpeg","width":1248,"height":653,"caption":"\u00a9\u00a0DR\/Shutterstock.com"},{"@type":"BreadcrumbList","@id":"https:\/\/www.forbes.be\/fr\/face-aux-vents-contraires-la-belgique-resiste-pour-le-moment\/#breadcrumb","itemListElement":[{"@type":"ListItem","position":1,"name":"Accueil","item":"https:\/\/www.forbes.be\/fr\/"},{"@type":"ListItem","position":2,"name":"Face aux vents contraires, la Belgique r\u00e9siste&#8230; pour le moment"}]},{"@type":"WebSite","@id":"https:\/\/www.forbes.be\/fr\/#website","url":"https:\/\/www.forbes.be\/fr\/","name":"Forbes Belgique","description":"","publisher":{"@id":"https:\/\/www.forbes.be\/fr\/#organization"},"potentialAction":[{"@type":"SearchAction","target":{"@type":"EntryPoint","urlTemplate":"https:\/\/www.forbes.be\/fr\/?s={search_term_string}"},"query-input":{"@type":"PropertyValueSpecification","valueRequired":true,"valueName":"search_term_string"}}],"inLanguage":"fr-FR"},{"@type":"Organization","@id":"https:\/\/www.forbes.be\/fr\/#organization","name":"Forbes Belgique","url":"https:\/\/www.forbes.be\/fr\/","logo":{"@type":"ImageObject","inLanguage":"fr-FR","@id":"https:\/\/www.forbes.be\/fr\/#\/schema\/logo\/image\/","url":"https:\/\/www.forbes.be\/fr\/wp-content\/uploads\/2024\/02\/forbes.be_.png","contentUrl":"https:\/\/www.forbes.be\/fr\/wp-content\/uploads\/2024\/02\/forbes.be_.png","width":1200,"height":675,"caption":"Forbes Belgique"},"image":{"@id":"https:\/\/www.forbes.be\/fr\/#\/schema\/logo\/image\/"},"sameAs":["https:\/\/www.facebook.com\/forbesbelgique\/","https:\/\/www.instagram.com\/Forbes_Belgium","https:\/\/www.linkedin.com\/company\/forbes-belgium\/"]},{"@type":"Person","@id":"https:\/\/www.forbes.be\/fr\/#\/schema\/person\/0d449791ef6199da3d469eca714eb773","name":"Juan Godbille","image":{"@type":"ImageObject","inLanguage":"fr-FR","@id":"https:\/\/secure.gravatar.com\/avatar\/de6d740453251c69ae34e42cfef9688bc2a5c942d7cab09074e7064fbac13ac9?s=96&d=mm&r=g","url":"https:\/\/secure.gravatar.com\/avatar\/de6d740453251c69ae34e42cfef9688bc2a5c942d7cab09074e7064fbac13ac9?s=96&d=mm&r=g","contentUrl":"https:\/\/secure.gravatar.com\/avatar\/de6d740453251c69ae34e42cfef9688bc2a5c942d7cab09074e7064fbac13ac9?s=96&d=mm&r=g","caption":"Juan Godbille"},"url":"https:\/\/www.forbes.be\/fr\/author\/juan-godbille\/"}]}},"_links":{"self":[{"href":"https:\/\/www.forbes.be\/fr\/wp-json\/wp\/v2\/posts\/16714","targetHints":{"allow":["GET"]}}],"collection":[{"href":"https:\/\/www.forbes.be\/fr\/wp-json\/wp\/v2\/posts"}],"about":[{"href":"https:\/\/www.forbes.be\/fr\/wp-json\/wp\/v2\/types\/post"}],"author":[{"embeddable":true,"href":"https:\/\/www.forbes.be\/fr\/wp-json\/wp\/v2\/users\/37"}],"replies":[{"embeddable":true,"href":"https:\/\/www.forbes.be\/fr\/wp-json\/wp\/v2\/comments?post=16714"}],"version-history":[{"count":5,"href":"https:\/\/www.forbes.be\/fr\/wp-json\/wp\/v2\/posts\/16714\/revisions"}],"predecessor-version":[{"id":16881,"href":"https:\/\/www.forbes.be\/fr\/wp-json\/wp\/v2\/posts\/16714\/revisions\/16881"}],"wp:featuredmedia":[{"embeddable":true,"href":"https:\/\/www.forbes.be\/fr\/wp-json\/wp\/v2\/media\/16880"}],"wp:attachment":[{"href":"https:\/\/www.forbes.be\/fr\/wp-json\/wp\/v2\/media?parent=16714"}],"wp:term":[{"taxonomy":"category","embeddable":true,"href":"https:\/\/www.forbes.be\/fr\/wp-json\/wp\/v2\/categories?post=16714"},{"taxonomy":"post_tag","embeddable":true,"href":"https:\/\/www.forbes.be\/fr\/wp-json\/wp\/v2\/tags?post=16714"}],"curies":[{"name":"wp","href":"https:\/\/api.w.org\/{rel}","templated":true}]}}