{"id":16801,"date":"2026-04-17T10:00:52","date_gmt":"2026-04-17T08:00:52","guid":{"rendered":"https:\/\/www.forbes.be\/fr\/?p=16801"},"modified":"2026-04-21T16:00:32","modified_gmt":"2026-04-21T14:00:32","slug":"art-music-by-dieteren-gallery-quand-le-patrimoine-industriel-devient-scene-de-concert-privee","status":"publish","type":"post","link":"https:\/\/www.forbes.be\/fr\/art-music-by-dieteren-gallery-quand-le-patrimoine-industriel-devient-scene-de-concert-privee\/","title":{"rendered":"Art &#038; Music by D&rsquo;Ieteren Gallery et High Life de Belgique : une nouvelle sc\u00e8ne culturelle s&rsquo;invite au c\u0153ur de Bruxelles"},"content":{"rendered":"<p><span style=\"font-weight: 400;\">En associant l&rsquo;exclusivit\u00e9 d&rsquo;un mus\u00e9e d&rsquo;entreprise hors du commun \u00e0 l&rsquo;intimit\u00e9 d&rsquo;un r\u00e9cital de chambre, Art &amp; Music by <a href=\"https:\/\/www.brusselsmuseums.be\/fr\/musees\/dieteren-gallery?gad_source=1&amp;gad_campaignid=904842866&amp;gbraid=0AAAAADOOwKiJnBo6CqKeP8-ilHZmr7iAg&amp;gclid=CjwKCAjwwJzPBhBREiwAJfHRnc03I1VztLx_gfy3zSmAdnSRELTpETVj-WEEUu25l1teP-vD6E7aWBoChTQQAvD_BwE\" target=\"_blank\" rel=\"noopener\">D&rsquo;Ieteren Gallery<\/a> et <a href=\"https:\/\/www.highlife.be\/\" target=\"_blank\" rel=\"noopener\">High Life de Belgique<\/a> lancent un nouveau format d&rsquo;\u00e9v\u00e9nement culturel \u00e0 Bruxelles : celui de l&rsquo;exp\u00e9rience, plut\u00f4t que du simple spectacle.<\/span><\/p>\n<p><span style=\"font-weight: 400;\">Le concept est clair : limiter chaque soir\u00e9e \u00e0 150 invit\u00e9s, dans l&rsquo;\u00e9crin exceptionnel de la D&rsquo;Ieteren Gallery, pour vendre non pas un billet, mais une exp\u00e9rience. Le lieu, la raret\u00e9, la rencontre et, derri\u00e8re tout cela, un storytelling ancr\u00e9 dans l&rsquo;histoire industrielle et culturelle de la Belgique.<\/span><\/p>\n<h2><span style=\"font-weight: 400;\">Le pianiste Daniel Blumenthal inaugure le cycle<\/span><\/h2>\n<p><span style=\"font-weight: 400;\">Pour cette premi\u00e8re \u00e9dition, le choix s&rsquo;est port\u00e9 sur Daniel Blumenthal, laur\u00e9at du Concours Reine Elisabeth et l&rsquo;un des pianistes les plus accomplis de sa g\u00e9n\u00e9ration. N\u00e9 en Allemagne, de nationalit\u00e9 am\u00e9ricaine, form\u00e9 \u00e0 Paris puis \u00e0 la Juilliard School de New York, Blumenthal incarne cette trajectoire d&rsquo;excellence internationale que Forbes aime \u00e0 mettre en lumi\u00e8re. <\/span><span style=\"font-weight: 400;\">Fort de plus de 80 enregistrements et d&rsquo;une carri\u00e8re acad\u00e9mique au Conservatoire Royal Flamand de Bruxelles, il interpr\u00e9tera pendant 1h15, sans entracte, des \u0153uvres de Beethoven, Debussy, Chopin et Gershwin.<\/span><\/p>\n<h2><span style=\"font-weight: 400;\">Une exp\u00e9rience en trois actes<\/span><\/h2>\n<p><span style=\"font-weight: 400;\">L&rsquo;\u00e9v\u00e9nement se structure autour de trois moments distincts, pens\u00e9s pour maximiser la valeur per\u00e7ue de chaque minute pass\u00e9e sur place.<\/span><\/p>\n<p><span style=\"font-weight: 400;\">Une heure avant le concert, les portes ouvrent en exclusivit\u00e9 pour une visite priv\u00e9e du mus\u00e9e, une immersion dans les archives vivantes de D&rsquo;Ieteren, entreprise dont l&rsquo;histoire s&rsquo;\u00e9tend sur plus de deux si\u00e8cles.<\/span><\/p>\n<figure id=\"attachment_16839\" aria-describedby=\"caption-attachment-16839\" style=\"width: 696px\" class=\"wp-caption alignnone\"><img loading=\"lazy\" decoding=\"async\" class=\"size-large wp-image-16839\" src=\"https:\/\/www.forbes.be\/fr\/wp-content\/uploads\/2016\/04\/image1-1-1024x685.jpeg\" alt=\"D\u2019Ieteren Gallery\" width=\"696\" height=\"466\" srcset=\"https:\/\/www.forbes.be\/fr\/wp-content\/uploads\/2016\/04\/image1-1-1024x685.jpeg 1024w, https:\/\/www.forbes.be\/fr\/wp-content\/uploads\/2016\/04\/image1-1-300x201.jpeg 300w, https:\/\/www.forbes.be\/fr\/wp-content\/uploads\/2016\/04\/image1-1-768x514.jpeg 768w, https:\/\/www.forbes.be\/fr\/wp-content\/uploads\/2016\/04\/image1-1-1536x1028.jpeg 1536w, https:\/\/www.forbes.be\/fr\/wp-content\/uploads\/2016\/04\/image1-1-2048x1370.jpeg 2048w, https:\/\/www.forbes.be\/fr\/wp-content\/uploads\/2016\/04\/image1-1-696x466.jpeg 696w, https:\/\/www.forbes.be\/fr\/wp-content\/uploads\/2016\/04\/image1-1-1068x715.jpeg 1068w, https:\/\/www.forbes.be\/fr\/wp-content\/uploads\/2016\/04\/image1-1-1920x1285.jpeg 1920w, https:\/\/www.forbes.be\/fr\/wp-content\/uploads\/2016\/04\/image1-1-600x402.jpeg 600w\" sizes=\"auto, (max-width: 696px) 100vw, 696px\" \/><figcaption id=\"caption-attachment-16839\" class=\"wp-caption-text\">D\u2019Ieteren Gallery<\/figcaption><\/figure>\n<p><span style=\"font-weight: 400;\">Vient ensuite le r\u00e9cital, 1h15 d&rsquo;\u00e9motion sans interruption, dans un cadre architectural qui impose le silence et la contemplation.<\/span><\/p>\n<p><span style=\"font-weight: 400;\">Puis le drink de cl\u00f4ture : une heure en compagnie de l&rsquo;artiste, sans protocole ni barri\u00e8re. C&rsquo;est ici que r\u00e9side peut-\u00eatre la proposition de valeur la plus forte, l&rsquo;acc\u00e8s direct, l&rsquo;\u00e9change humain, l&rsquo;instant hors du commun.<\/span><\/p>\n<h2>Informations et r\u00e9servations<\/h2>\n<p><span style=\"font-weight: 400;\">Au vu du lieu exceptionnel, de la qualit\u00e9 des artistes, de la facilit\u00e9 de parking et du drink apr\u00e8s le concert, le prix est de 55\u20ac par personne TTC. La combinaison concert, galerie, parking gratuit et restauration \u00e0 proximit\u00e9 a pour objectif, \u00e0 moyen terme, de rendre les \u00e9v\u00e9nements Art &amp; Music at the D&rsquo;Ieteren Gallery incontournables \u00e0 Bruxelles.<\/span><\/p>\n<p><span style=\"font-weight: 400;\">Samedi 13 juin : ouverture des portes \u00e0 16h, concert \u00e0 17h, drink \u00e0 18h30, fin \u00e0 19h30.<\/span><\/p>\n<p><span style=\"font-weight: 400;\">Dimanche 14 juin : ouverture des portes \u00e0 14h, concert \u00e0 15h, drink \u00e0 16h30, fin \u00e0 18h.<\/span><\/p>\n<p><span style=\"font-weight: 400;\">D&rsquo;Ieteren Gallery, 50 rue du Mail, 1050 Bruxelles.<\/span><\/p>\n<p><span style=\"font-weight: 400;\">R\u00e9servations :<\/span><a href=\"https:\/\/concert-daniel-blumenthal.eventsquare.store\/fr\/vwvsxsmeroux\/ucjsbb33jwkx\"><span style=\"font-weight: 400;\"> concert-daniel-blumenthal.eventsquare.store<\/span><\/a><\/p>\n<p>Cet article a \u00e9t\u00e9 r\u00e9dig\u00e9 en \u00e9troite collaboration avec <a href=\"https:\/\/www.brusselsmuseums.be\/fr\/musees\/dieteren-gallery?gad_source=1&amp;gad_campaignid=904842866&amp;gbraid=0AAAAADOOwKiJnBo6CqKeP8-ilHZmr7iAg&amp;gclid=CjwKCAjwwJzPBhBREiwAJfHRnc03I1VztLx_gfy3zSmAdnSRELTpETVj-WEEUu25l1teP-vD6E7aWBoChTQQAvD_BwE\" target=\"_blank\" rel=\"noopener\">D\u2019Ieteren Gallery<\/a> et <a href=\"https:\/\/www.highlife.be\/\" target=\"_blank\" rel=\"noopener\">High Life de Belgique.<\/a><\/p>\n","protected":false},"excerpt":{"rendered":"<p>En associant l&rsquo;exclusivit\u00e9 d&rsquo;un mus\u00e9e d&rsquo;entreprise hors du commun \u00e0 l&rsquo;intimit\u00e9 d&rsquo;un r\u00e9cital de chambre, Art &amp; Music by D&rsquo;Ieteren Gallery et High Life de Belgique lancent un nouveau format d&rsquo;\u00e9v\u00e9nement culturel \u00e0 Bruxelles : celui de l&rsquo;exp\u00e9rience, plut\u00f4t que du simple spectacle. Le concept est clair : limiter chaque soir\u00e9e \u00e0 150 invit\u00e9s, dans [&hellip;]<\/p>\n","protected":false},"author":7,"featured_media":16818,"comment_status":"closed","ping_status":"closed","sticky":false,"template":"","format":"standard","meta":{"_acf_changed":false,"inline_featured_image":false,"footnotes":""},"categories":[98],"tags":[],"class_list":{"0":"post-16801","1":"post","2":"type-post","3":"status-publish","4":"format-standard","5":"has-post-thumbnail","7":"category-brandvoice"},"acf":[],"_yoast_wpseo_title":"Art & Music by D'Ieteren Gallery %%page%% %%sep%% %%sitename%%","_yoast_wpseo_metadesc":"Art & Music by D'Ieteren Gallery et High Life de Belgique lancent un nouveau format d'\u00e9v\u00e9nement culturel \u00e0 Bruxelles.","auteur_traducteur":"","yoast_head":"<!-- This site is optimized with the Yoast SEO plugin v27.4 - https:\/\/yoast.com\/product\/yoast-seo-wordpress\/ -->\n<title>Art &amp; Music by D&#039;Ieteren Gallery | Forbes Belgique<\/title>\n<meta name=\"description\" content=\"Art &amp; Music by D&#039;Ieteren Gallery et High Life de Belgique lancent un nouveau format d&#039;\u00e9v\u00e9nement culturel \u00e0 Bruxelles.\" \/>\n<meta name=\"robots\" content=\"index, follow, max-snippet:-1, max-image-preview:large, max-video-preview:-1\" \/>\n<link rel=\"canonical\" href=\"https:\/\/www.forbes.be\/fr\/art-music-by-dieteren-gallery-quand-le-patrimoine-industriel-devient-scene-de-concert-privee\/\" \/>\n<meta property=\"og:locale\" content=\"fr_FR\" \/>\n<meta property=\"og:type\" content=\"article\" \/>\n<meta property=\"og:title\" content=\"Art &amp; Music by D&#039;Ieteren Gallery | Forbes Belgique\" \/>\n<meta property=\"og:description\" content=\"Art &amp; Music by D&#039;Ieteren Gallery et High Life de Belgique lancent un nouveau format d&#039;\u00e9v\u00e9nement culturel \u00e0 Bruxelles.\" \/>\n<meta property=\"og:url\" content=\"https:\/\/www.forbes.be\/fr\/art-music-by-dieteren-gallery-quand-le-patrimoine-industriel-devient-scene-de-concert-privee\/\" \/>\n<meta property=\"og:site_name\" content=\"Forbes Belgique\" \/>\n<meta property=\"article:publisher\" content=\"https:\/\/www.facebook.com\/forbesbelgique\/\" \/>\n<meta property=\"article:published_time\" content=\"2026-04-17T08:00:52+00:00\" \/>\n<meta property=\"article:modified_time\" content=\"2026-04-21T14:00:32+00:00\" \/>\n<meta property=\"og:image\" content=\"https:\/\/www.forbes.be\/fr\/wp-content\/uploads\/2016\/04\/forbes-image-a-la-une.png\" \/>\n\t<meta property=\"og:image:width\" content=\"1200\" \/>\n\t<meta property=\"og:image:height\" content=\"628\" \/>\n\t<meta property=\"og:image:type\" content=\"image\/png\" \/>\n<meta name=\"author\" content=\"BRANDVOICE | Sponsored Content\" \/>\n<meta name=\"twitter:card\" content=\"summary_large_image\" \/>\n<meta name=\"twitter:label1\" content=\"\u00c9crit par\" \/>\n\t<meta name=\"twitter:data1\" content=\"BRANDVOICE | Sponsored Content\" \/>\n\t<meta name=\"twitter:label2\" content=\"Dur\u00e9e de lecture estim\u00e9e\" \/>\n\t<meta name=\"twitter:data2\" content=\"3 minutes\" \/>\n<script type=\"application\/ld+json\" class=\"yoast-schema-graph\">{\"@context\":\"https:\\\/\\\/schema.org\",\"@graph\":[{\"@type\":\"NewsArticle\",\"@id\":\"https:\\\/\\\/www.forbes.be\\\/fr\\\/art-music-by-dieteren-gallery-quand-le-patrimoine-industriel-devient-scene-de-concert-privee\\\/#article\",\"isPartOf\":{\"@id\":\"https:\\\/\\\/www.forbes.be\\\/fr\\\/art-music-by-dieteren-gallery-quand-le-patrimoine-industriel-devient-scene-de-concert-privee\\\/\"},\"author\":{\"name\":\"BRANDVOICE | Sponsored Content\",\"@id\":\"https:\\\/\\\/www.forbes.be\\\/fr\\\/#\\\/schema\\\/person\\\/f6bf8fa623babedc7051f16985d6a1d5\"},\"headline\":\"Art &#038; Music by D&rsquo;Ieteren Gallery et High Life de Belgique : une nouvelle sc\u00e8ne culturelle s&rsquo;invite au c\u0153ur de Bruxelles\",\"datePublished\":\"2026-04-17T08:00:52+00:00\",\"dateModified\":\"2026-04-21T14:00:32+00:00\",\"mainEntityOfPage\":{\"@id\":\"https:\\\/\\\/www.forbes.be\\\/fr\\\/art-music-by-dieteren-gallery-quand-le-patrimoine-industriel-devient-scene-de-concert-privee\\\/\"},\"wordCount\":469,\"publisher\":{\"@id\":\"https:\\\/\\\/www.forbes.be\\\/fr\\\/#organization\"},\"image\":{\"@id\":\"https:\\\/\\\/www.forbes.be\\\/fr\\\/art-music-by-dieteren-gallery-quand-le-patrimoine-industriel-devient-scene-de-concert-privee\\\/#primaryimage\"},\"thumbnailUrl\":\"https:\\\/\\\/www.forbes.be\\\/fr\\\/wp-content\\\/uploads\\\/2016\\\/04\\\/forbes-image-a-la-une.png\",\"articleSection\":[\"Brandvoice\"],\"inLanguage\":\"fr-FR\"},{\"@type\":\"WebPage\",\"@id\":\"https:\\\/\\\/www.forbes.be\\\/fr\\\/art-music-by-dieteren-gallery-quand-le-patrimoine-industriel-devient-scene-de-concert-privee\\\/\",\"url\":\"https:\\\/\\\/www.forbes.be\\\/fr\\\/art-music-by-dieteren-gallery-quand-le-patrimoine-industriel-devient-scene-de-concert-privee\\\/\",\"name\":\"Art & Music by D'Ieteren Gallery | Forbes Belgique\",\"isPartOf\":{\"@id\":\"https:\\\/\\\/www.forbes.be\\\/fr\\\/#website\"},\"primaryImageOfPage\":{\"@id\":\"https:\\\/\\\/www.forbes.be\\\/fr\\\/art-music-by-dieteren-gallery-quand-le-patrimoine-industriel-devient-scene-de-concert-privee\\\/#primaryimage\"},\"image\":{\"@id\":\"https:\\\/\\\/www.forbes.be\\\/fr\\\/art-music-by-dieteren-gallery-quand-le-patrimoine-industriel-devient-scene-de-concert-privee\\\/#primaryimage\"},\"thumbnailUrl\":\"https:\\\/\\\/www.forbes.be\\\/fr\\\/wp-content\\\/uploads\\\/2016\\\/04\\\/forbes-image-a-la-une.png\",\"datePublished\":\"2026-04-17T08:00:52+00:00\",\"dateModified\":\"2026-04-21T14:00:32+00:00\",\"description\":\"Art & Music by D'Ieteren Gallery et High Life de Belgique lancent un nouveau format d'\u00e9v\u00e9nement culturel \u00e0 Bruxelles.\",\"breadcrumb\":{\"@id\":\"https:\\\/\\\/www.forbes.be\\\/fr\\\/art-music-by-dieteren-gallery-quand-le-patrimoine-industriel-devient-scene-de-concert-privee\\\/#breadcrumb\"},\"inLanguage\":\"fr-FR\",\"potentialAction\":[{\"@type\":\"ReadAction\",\"target\":[\"https:\\\/\\\/www.forbes.be\\\/fr\\\/art-music-by-dieteren-gallery-quand-le-patrimoine-industriel-devient-scene-de-concert-privee\\\/\"]}]},{\"@type\":\"ImageObject\",\"inLanguage\":\"fr-FR\",\"@id\":\"https:\\\/\\\/www.forbes.be\\\/fr\\\/art-music-by-dieteren-gallery-quand-le-patrimoine-industriel-devient-scene-de-concert-privee\\\/#primaryimage\",\"url\":\"https:\\\/\\\/www.forbes.be\\\/fr\\\/wp-content\\\/uploads\\\/2016\\\/04\\\/forbes-image-a-la-une.png\",\"contentUrl\":\"https:\\\/\\\/www.forbes.be\\\/fr\\\/wp-content\\\/uploads\\\/2016\\\/04\\\/forbes-image-a-la-une.png\",\"width\":1200,\"height\":628,\"caption\":\"Daniel Blumenthal\"},{\"@type\":\"BreadcrumbList\",\"@id\":\"https:\\\/\\\/www.forbes.be\\\/fr\\\/art-music-by-dieteren-gallery-quand-le-patrimoine-industriel-devient-scene-de-concert-privee\\\/#breadcrumb\",\"itemListElement\":[{\"@type\":\"ListItem\",\"position\":1,\"name\":\"Accueil\",\"item\":\"https:\\\/\\\/www.forbes.be\\\/fr\\\/\"},{\"@type\":\"ListItem\",\"position\":2,\"name\":\"Art &#038; Music by D&rsquo;Ieteren Gallery et High Life de Belgique : une nouvelle sc\u00e8ne culturelle s&rsquo;invite au c\u0153ur de Bruxelles\"}]},{\"@type\":\"WebSite\",\"@id\":\"https:\\\/\\\/www.forbes.be\\\/fr\\\/#website\",\"url\":\"https:\\\/\\\/www.forbes.be\\\/fr\\\/\",\"name\":\"Forbes Belgique\",\"description\":\"\",\"publisher\":{\"@id\":\"https:\\\/\\\/www.forbes.be\\\/fr\\\/#organization\"},\"potentialAction\":[{\"@type\":\"SearchAction\",\"target\":{\"@type\":\"EntryPoint\",\"urlTemplate\":\"https:\\\/\\\/www.forbes.be\\\/fr\\\/?s={search_term_string}\"},\"query-input\":{\"@type\":\"PropertyValueSpecification\",\"valueRequired\":true,\"valueName\":\"search_term_string\"}}],\"inLanguage\":\"fr-FR\"},{\"@type\":\"Organization\",\"@id\":\"https:\\\/\\\/www.forbes.be\\\/fr\\\/#organization\",\"name\":\"Forbes Belgique\",\"url\":\"https:\\\/\\\/www.forbes.be\\\/fr\\\/\",\"logo\":{\"@type\":\"ImageObject\",\"inLanguage\":\"fr-FR\",\"@id\":\"https:\\\/\\\/www.forbes.be\\\/fr\\\/#\\\/schema\\\/logo\\\/image\\\/\",\"url\":\"https:\\\/\\\/www.forbes.be\\\/fr\\\/wp-content\\\/uploads\\\/2024\\\/02\\\/forbes.be_.png\",\"contentUrl\":\"https:\\\/\\\/www.forbes.be\\\/fr\\\/wp-content\\\/uploads\\\/2024\\\/02\\\/forbes.be_.png\",\"width\":1200,\"height\":675,\"caption\":\"Forbes Belgique\"},\"image\":{\"@id\":\"https:\\\/\\\/www.forbes.be\\\/fr\\\/#\\\/schema\\\/logo\\\/image\\\/\"},\"sameAs\":[\"https:\\\/\\\/www.facebook.com\\\/forbesbelgique\\\/\",\"https:\\\/\\\/www.instagram.com\\\/Forbes_Belgium\",\"https:\\\/\\\/www.linkedin.com\\\/company\\\/forbes-belgium\\\/\"]},{\"@type\":\"Person\",\"@id\":\"https:\\\/\\\/www.forbes.be\\\/fr\\\/#\\\/schema\\\/person\\\/f6bf8fa623babedc7051f16985d6a1d5\",\"name\":\"BRANDVOICE | Sponsored Content\",\"image\":{\"@type\":\"ImageObject\",\"inLanguage\":\"fr-FR\",\"@id\":\"https:\\\/\\\/www.forbes.be\\\/fr\\\/wp-content\\\/uploads\\\/2024\\\/01\\\/forbes-thumb-150x150.jpg\",\"url\":\"https:\\\/\\\/www.forbes.be\\\/fr\\\/wp-content\\\/uploads\\\/2024\\\/01\\\/forbes-thumb-150x150.jpg\",\"contentUrl\":\"https:\\\/\\\/www.forbes.be\\\/fr\\\/wp-content\\\/uploads\\\/2024\\\/01\\\/forbes-thumb-150x150.jpg\",\"caption\":\"BRANDVOICE | Sponsored Content\"},\"url\":\"https:\\\/\\\/www.forbes.be\\\/fr\\\/author\\\/partenairesforbes-be\\\/\"}]}<\/script>\n<!-- \/ Yoast SEO plugin. -->","yoast_head_json":{"title":"Art & Music by D'Ieteren Gallery | Forbes Belgique","description":"Art & Music by D'Ieteren Gallery et High Life de Belgique lancent un nouveau format d'\u00e9v\u00e9nement culturel \u00e0 Bruxelles.","robots":{"index":"index","follow":"follow","max-snippet":"max-snippet:-1","max-image-preview":"max-image-preview:large","max-video-preview":"max-video-preview:-1"},"canonical":"https:\/\/www.forbes.be\/fr\/art-music-by-dieteren-gallery-quand-le-patrimoine-industriel-devient-scene-de-concert-privee\/","og_locale":"fr_FR","og_type":"article","og_title":"Art & Music by D'Ieteren Gallery | Forbes Belgique","og_description":"Art & Music by D'Ieteren Gallery et High Life de Belgique lancent un nouveau format d'\u00e9v\u00e9nement culturel \u00e0 Bruxelles.","og_url":"https:\/\/www.forbes.be\/fr\/art-music-by-dieteren-gallery-quand-le-patrimoine-industriel-devient-scene-de-concert-privee\/","og_site_name":"Forbes Belgique","article_publisher":"https:\/\/www.facebook.com\/forbesbelgique\/","article_published_time":"2026-04-17T08:00:52+00:00","article_modified_time":"2026-04-21T14:00:32+00:00","og_image":[{"width":1200,"height":628,"url":"https:\/\/www.forbes.be\/fr\/wp-content\/uploads\/2016\/04\/forbes-image-a-la-une.png","type":"image\/png"}],"author":"BRANDVOICE | Sponsored Content","twitter_card":"summary_large_image","twitter_misc":{"\u00c9crit par":"BRANDVOICE | Sponsored Content","Dur\u00e9e de lecture estim\u00e9e":"3 minutes"},"schema":{"@context":"https:\/\/schema.org","@graph":[{"@type":"NewsArticle","@id":"https:\/\/www.forbes.be\/fr\/art-music-by-dieteren-gallery-quand-le-patrimoine-industriel-devient-scene-de-concert-privee\/#article","isPartOf":{"@id":"https:\/\/www.forbes.be\/fr\/art-music-by-dieteren-gallery-quand-le-patrimoine-industriel-devient-scene-de-concert-privee\/"},"author":{"name":"BRANDVOICE | Sponsored Content","@id":"https:\/\/www.forbes.be\/fr\/#\/schema\/person\/f6bf8fa623babedc7051f16985d6a1d5"},"headline":"Art &#038; Music by D&rsquo;Ieteren Gallery et High Life de Belgique : une nouvelle sc\u00e8ne culturelle s&rsquo;invite au c\u0153ur de Bruxelles","datePublished":"2026-04-17T08:00:52+00:00","dateModified":"2026-04-21T14:00:32+00:00","mainEntityOfPage":{"@id":"https:\/\/www.forbes.be\/fr\/art-music-by-dieteren-gallery-quand-le-patrimoine-industriel-devient-scene-de-concert-privee\/"},"wordCount":469,"publisher":{"@id":"https:\/\/www.forbes.be\/fr\/#organization"},"image":{"@id":"https:\/\/www.forbes.be\/fr\/art-music-by-dieteren-gallery-quand-le-patrimoine-industriel-devient-scene-de-concert-privee\/#primaryimage"},"thumbnailUrl":"https:\/\/www.forbes.be\/fr\/wp-content\/uploads\/2016\/04\/forbes-image-a-la-une.png","articleSection":["Brandvoice"],"inLanguage":"fr-FR"},{"@type":"WebPage","@id":"https:\/\/www.forbes.be\/fr\/art-music-by-dieteren-gallery-quand-le-patrimoine-industriel-devient-scene-de-concert-privee\/","url":"https:\/\/www.forbes.be\/fr\/art-music-by-dieteren-gallery-quand-le-patrimoine-industriel-devient-scene-de-concert-privee\/","name":"Art & Music by D'Ieteren Gallery | Forbes Belgique","isPartOf":{"@id":"https:\/\/www.forbes.be\/fr\/#website"},"primaryImageOfPage":{"@id":"https:\/\/www.forbes.be\/fr\/art-music-by-dieteren-gallery-quand-le-patrimoine-industriel-devient-scene-de-concert-privee\/#primaryimage"},"image":{"@id":"https:\/\/www.forbes.be\/fr\/art-music-by-dieteren-gallery-quand-le-patrimoine-industriel-devient-scene-de-concert-privee\/#primaryimage"},"thumbnailUrl":"https:\/\/www.forbes.be\/fr\/wp-content\/uploads\/2016\/04\/forbes-image-a-la-une.png","datePublished":"2026-04-17T08:00:52+00:00","dateModified":"2026-04-21T14:00:32+00:00","description":"Art & Music by D'Ieteren Gallery et High Life de Belgique lancent un nouveau format d'\u00e9v\u00e9nement culturel \u00e0 Bruxelles.","breadcrumb":{"@id":"https:\/\/www.forbes.be\/fr\/art-music-by-dieteren-gallery-quand-le-patrimoine-industriel-devient-scene-de-concert-privee\/#breadcrumb"},"inLanguage":"fr-FR","potentialAction":[{"@type":"ReadAction","target":["https:\/\/www.forbes.be\/fr\/art-music-by-dieteren-gallery-quand-le-patrimoine-industriel-devient-scene-de-concert-privee\/"]}]},{"@type":"ImageObject","inLanguage":"fr-FR","@id":"https:\/\/www.forbes.be\/fr\/art-music-by-dieteren-gallery-quand-le-patrimoine-industriel-devient-scene-de-concert-privee\/#primaryimage","url":"https:\/\/www.forbes.be\/fr\/wp-content\/uploads\/2016\/04\/forbes-image-a-la-une.png","contentUrl":"https:\/\/www.forbes.be\/fr\/wp-content\/uploads\/2016\/04\/forbes-image-a-la-une.png","width":1200,"height":628,"caption":"Daniel Blumenthal"},{"@type":"BreadcrumbList","@id":"https:\/\/www.forbes.be\/fr\/art-music-by-dieteren-gallery-quand-le-patrimoine-industriel-devient-scene-de-concert-privee\/#breadcrumb","itemListElement":[{"@type":"ListItem","position":1,"name":"Accueil","item":"https:\/\/www.forbes.be\/fr\/"},{"@type":"ListItem","position":2,"name":"Art &#038; Music by D&rsquo;Ieteren Gallery et High Life de Belgique : une nouvelle sc\u00e8ne culturelle s&rsquo;invite au c\u0153ur de Bruxelles"}]},{"@type":"WebSite","@id":"https:\/\/www.forbes.be\/fr\/#website","url":"https:\/\/www.forbes.be\/fr\/","name":"Forbes Belgique","description":"","publisher":{"@id":"https:\/\/www.forbes.be\/fr\/#organization"},"potentialAction":[{"@type":"SearchAction","target":{"@type":"EntryPoint","urlTemplate":"https:\/\/www.forbes.be\/fr\/?s={search_term_string}"},"query-input":{"@type":"PropertyValueSpecification","valueRequired":true,"valueName":"search_term_string"}}],"inLanguage":"fr-FR"},{"@type":"Organization","@id":"https:\/\/www.forbes.be\/fr\/#organization","name":"Forbes Belgique","url":"https:\/\/www.forbes.be\/fr\/","logo":{"@type":"ImageObject","inLanguage":"fr-FR","@id":"https:\/\/www.forbes.be\/fr\/#\/schema\/logo\/image\/","url":"https:\/\/www.forbes.be\/fr\/wp-content\/uploads\/2024\/02\/forbes.be_.png","contentUrl":"https:\/\/www.forbes.be\/fr\/wp-content\/uploads\/2024\/02\/forbes.be_.png","width":1200,"height":675,"caption":"Forbes Belgique"},"image":{"@id":"https:\/\/www.forbes.be\/fr\/#\/schema\/logo\/image\/"},"sameAs":["https:\/\/www.facebook.com\/forbesbelgique\/","https:\/\/www.instagram.com\/Forbes_Belgium","https:\/\/www.linkedin.com\/company\/forbes-belgium\/"]},{"@type":"Person","@id":"https:\/\/www.forbes.be\/fr\/#\/schema\/person\/f6bf8fa623babedc7051f16985d6a1d5","name":"BRANDVOICE | Sponsored Content","image":{"@type":"ImageObject","inLanguage":"fr-FR","@id":"https:\/\/www.forbes.be\/fr\/wp-content\/uploads\/2024\/01\/forbes-thumb-150x150.jpg","url":"https:\/\/www.forbes.be\/fr\/wp-content\/uploads\/2024\/01\/forbes-thumb-150x150.jpg","contentUrl":"https:\/\/www.forbes.be\/fr\/wp-content\/uploads\/2024\/01\/forbes-thumb-150x150.jpg","caption":"BRANDVOICE | Sponsored Content"},"url":"https:\/\/www.forbes.be\/fr\/author\/partenairesforbes-be\/"}]}},"_links":{"self":[{"href":"https:\/\/www.forbes.be\/fr\/wp-json\/wp\/v2\/posts\/16801","targetHints":{"allow":["GET"]}}],"collection":[{"href":"https:\/\/www.forbes.be\/fr\/wp-json\/wp\/v2\/posts"}],"about":[{"href":"https:\/\/www.forbes.be\/fr\/wp-json\/wp\/v2\/types\/post"}],"author":[{"embeddable":true,"href":"https:\/\/www.forbes.be\/fr\/wp-json\/wp\/v2\/users\/7"}],"replies":[{"embeddable":true,"href":"https:\/\/www.forbes.be\/fr\/wp-json\/wp\/v2\/comments?post=16801"}],"version-history":[{"count":7,"href":"https:\/\/www.forbes.be\/fr\/wp-json\/wp\/v2\/posts\/16801\/revisions"}],"predecessor-version":[{"id":16841,"href":"https:\/\/www.forbes.be\/fr\/wp-json\/wp\/v2\/posts\/16801\/revisions\/16841"}],"wp:featuredmedia":[{"embeddable":true,"href":"https:\/\/www.forbes.be\/fr\/wp-json\/wp\/v2\/media\/16818"}],"wp:attachment":[{"href":"https:\/\/www.forbes.be\/fr\/wp-json\/wp\/v2\/media?parent=16801"}],"wp:term":[{"taxonomy":"category","embeddable":true,"href":"https:\/\/www.forbes.be\/fr\/wp-json\/wp\/v2\/categories?post=16801"},{"taxonomy":"post_tag","embeddable":true,"href":"https:\/\/www.forbes.be\/fr\/wp-json\/wp\/v2\/tags?post=16801"}],"curies":[{"name":"wp","href":"https:\/\/api.w.org\/{rel}","templated":true}]}}