{"id":16912,"date":"2026-04-27T16:38:47","date_gmt":"2026-04-27T14:38:47","guid":{"rendered":"https:\/\/www.forbes.be\/fr\/?p=16912"},"modified":"2026-04-27T16:42:33","modified_gmt":"2026-04-27T14:42:33","slug":"remco-evenepoel-3e-de-liege-bastogne-liege-je-suis-reste-calme","status":"publish","type":"post","link":"https:\/\/www.forbes.be\/fr\/remco-evenepoel-3e-de-liege-bastogne-liege-je-suis-reste-calme\/","title":{"rendered":"Remco Evenepoel (Forbes 30 Under 30) 3e de Li\u00e8ge-Bastogne-Li\u00e8ge : \u00ab Je suis rest\u00e9 calme \u00bb"},"content":{"rendered":"<p style=\"font-weight: 400;\"><strong>Li\u00e8ge-Bastogne-Li\u00e8ge<\/strong><strong> appartient au cercle tr\u00e8s ferm\u00e9 des cinq Monuments du cyclisme professionnel. Ce dimanche 26 avril, la course n\u00e9e en 1892 s&rsquo;\u00e9lan\u00e7ait \u00e0 nouveau sur les routes ardennaises avec une aura intacte. C\u00f4t\u00e9 belge, l&rsquo;attention se cristallisait sur Remco Evenepoel (Forbes 30 Under 30), tout juste aur\u00e9ol\u00e9 d&rsquo;une victoire \u00e0 l&rsquo;Amstel Gold Race, aux Pays-Bas.<\/strong><\/p>\n<p>Dans ce type d&rsquo;\u00e9preuve, les parall\u00e8les avec l&rsquo;<strong>entrepreneuriat<\/strong> ne rel\u00e8vent pas du clich\u00e9 mais de la m\u00e9thode. Lire la course, anticiper les mouvements, arbitrer entre risque imm\u00e9diat et rendement \u00e0 long terme : les logiques se superposent. Comme un dirigeant, le coureur \u00e9volue dans un syst\u00e8me collectif, mais doit trancher dans l&rsquo;instant, souvent dans l&rsquo;incertitude, en int\u00e9grant des signaux multiples : ceux du peloton, de ses \u00e9quipiers, et de ses propres limites, un capital \u00e0 allouer avec pr\u00e9cision.<\/p>\n<p style=\"font-weight: 400;\">Avec 7,5 km suppl\u00e9mentaires cette ann\u00e9e (259,5 km au total) et un trac\u00e9 toujours aussi exigeant (<strong>11 c\u00f4tes r\u00e9pertori\u00e9es<\/strong>), la <strong>Doyenne<\/strong> s&rsquo;impose comme un terrain d&rsquo;expression taill\u00e9 pour les t\u00eates d&rsquo;affiche. La confrontation entre <strong>Remco Evenepoel<\/strong> (Red Bull-Bora-Hansgrohe), double champion olympique et figure influente de notre classement <a href=\"https:\/\/www.forbes.be\/fr\/remco-evenepoel-je-veux-gagner-le-tour-de-france\/\" target=\"_blank\" rel=\"noopener\">30 Under 30<\/a>, le champion du monde <strong>Tadej Poga\u010dar<\/strong> (UAE Emirates XRG) et le r\u00e9cent vainqueur de la Fl\u00e8che wallonne <strong>Paul Seixas<\/strong> (Decathlon CMA CGM) promettait un sc\u00e9nario haletant.<\/p>\n<figure id=\"attachment_16913\" aria-describedby=\"caption-attachment-16913\" style=\"width: 696px\" class=\"wp-caption aligncenter\"><img loading=\"lazy\" decoding=\"async\" class=\"wp-image-16913 size-large\" src=\"https:\/\/www.forbes.be\/fr\/wp-content\/uploads\/2026\/04\/20260426lbl1097-1-1024x683.jpg\" alt=\"\" width=\"696\" height=\"464\" srcset=\"https:\/\/www.forbes.be\/fr\/wp-content\/uploads\/2026\/04\/20260426lbl1097-1-1024x683.jpg 1024w, https:\/\/www.forbes.be\/fr\/wp-content\/uploads\/2026\/04\/20260426lbl1097-1-300x200.jpg 300w, https:\/\/www.forbes.be\/fr\/wp-content\/uploads\/2026\/04\/20260426lbl1097-1-768x512.jpg 768w, https:\/\/www.forbes.be\/fr\/wp-content\/uploads\/2026\/04\/20260426lbl1097-1-1536x1024.jpg 1536w, https:\/\/www.forbes.be\/fr\/wp-content\/uploads\/2026\/04\/20260426lbl1097-1-2048x1365.jpg 2048w, https:\/\/www.forbes.be\/fr\/wp-content\/uploads\/2026\/04\/20260426lbl1097-1-696x464.jpg 696w, https:\/\/www.forbes.be\/fr\/wp-content\/uploads\/2026\/04\/20260426lbl1097-1-1068x712.jpg 1068w, https:\/\/www.forbes.be\/fr\/wp-content\/uploads\/2026\/04\/20260426lbl1097-1-1920x1280.jpg 1920w, https:\/\/www.forbes.be\/fr\/wp-content\/uploads\/2026\/04\/20260426lbl1097-1-600x400.jpg 600w\" sizes=\"auto, (max-width: 696px) 100vw, 696px\" \/><figcaption id=\"caption-attachment-16913\" class=\"wp-caption-text\">Remco Evenepoel et trois concurrents dans sa roue \u00a9 A.S.O.\/Billy Ceusters<\/figcaption><\/figure>\n<h1 style=\"font-weight: 400;\">Une \u00e9chapp\u00e9e surprise<\/h1>\n<p style=\"font-weight: 400;\">D\u00e8s les premiers kilom\u00e8tres, la <strong>112<sup>e<\/sup> \u00e9dition de Li\u00e8ge-Bastogne-Li\u00e8ge<\/strong> a tenu ses promesses. Le peloton s&rsquo;est rapidement morcel\u00e9, et Remco Evenepoel a int\u00e9gr\u00e9 un groupe d&rsquo;une cinquantaine de coureurs, parti \u00e0 l&rsquo;avant pour 165 kilom\u00e8tres. \u00c0 l&rsquo;issue de l&rsquo;\u00e9preuve, le Belge a \u00e9voqu\u00e9 une situation impr\u00e9vue, disant s&rsquo;\u00eatre retrouv\u00e9 dans l&rsquo;<strong>\u00e9chapp\u00e9e<\/strong> <em>\u00ab par hasard \u00bb<\/em>. L&rsquo;\u00e9cart a culmin\u00e9 \u00e0 4 minutes, avant de se r\u00e9duire progressivement. Une dynamique qui, selon lui, aurait pu \u00eatre plus favorable avec une meilleure collaboration au sein du groupe, ou la pr\u00e9sence d&rsquo;un \u00e9quipier suppl\u00e9mentaire pour assurer les relais. <em>\u00ab C&rsquo;\u00e9tait une situation tr\u00e8s \u00e9trange. Je ne pense pas que cela ait jou\u00e9 sur mes conditions d&rsquo;arriv\u00e9e, mais nous devons analyser mes donn\u00e9es avec les entra\u00eeneurs \u00bb<\/em>, raconte le natif de Schepdaal.<\/p>\n<figure id=\"attachment_16914\" aria-describedby=\"caption-attachment-16914\" style=\"width: 696px\" class=\"wp-caption aligncenter\"><img loading=\"lazy\" decoding=\"async\" class=\"wp-image-16914 size-large\" src=\"https:\/\/www.forbes.be\/fr\/wp-content\/uploads\/2026\/04\/20260426lbh1144-1024x683.jpg\" alt=\"\" width=\"696\" height=\"464\" srcset=\"https:\/\/www.forbes.be\/fr\/wp-content\/uploads\/2026\/04\/20260426lbh1144-1024x683.jpg 1024w, https:\/\/www.forbes.be\/fr\/wp-content\/uploads\/2026\/04\/20260426lbh1144-300x200.jpg 300w, https:\/\/www.forbes.be\/fr\/wp-content\/uploads\/2026\/04\/20260426lbh1144-768x512.jpg 768w, https:\/\/www.forbes.be\/fr\/wp-content\/uploads\/2026\/04\/20260426lbh1144-1536x1024.jpg 1536w, https:\/\/www.forbes.be\/fr\/wp-content\/uploads\/2026\/04\/20260426lbh1144-2048x1365.jpg 2048w, https:\/\/www.forbes.be\/fr\/wp-content\/uploads\/2026\/04\/20260426lbh1144-696x464.jpg 696w, https:\/\/www.forbes.be\/fr\/wp-content\/uploads\/2026\/04\/20260426lbh1144-1068x712.jpg 1068w, https:\/\/www.forbes.be\/fr\/wp-content\/uploads\/2026\/04\/20260426lbh1144-1920x1280.jpg 1920w, https:\/\/www.forbes.be\/fr\/wp-content\/uploads\/2026\/04\/20260426lbh1144-600x400.jpg 600w\" sizes=\"auto, (max-width: 696px) 100vw, 696px\" \/><figcaption id=\"caption-attachment-16914\" class=\"wp-caption-text\">Duel entre Tadej Poga\u010dar et Paul Seixas dans la C\u00f4te de la Redoute \u00a9 A.S.O.\/Billy Ceusters<\/figcaption><\/figure>\n<h1 style=\"font-weight: 400;\">La Redoute, point de bascule<\/h1>\n<p style=\"font-weight: 400;\">Ramen\u00e9 par ses \u00e9quipiers, Tadej Poga\u010dar a lanc\u00e9 son offensive dans la <strong>c\u00f4te de La Redoute<\/strong>, comme en 2024 et 2025, avec cette fois Paul Seixas cal\u00e9 dans son sillage, seul coureur \u00e0 tenir le rythme. Notre compatriote commente : <em>\u00ab J&rsquo;\u00e9tais en bonne position, mais j&rsquo;ai touch\u00e9 le d\u00e9railleur de Paul et j&rsquo;ai failli tomber au virage du rond-point\u2026 On a entam\u00e9 la mont\u00e9e sur un rythme tr\u00e8s soutenu et je savais que j&rsquo;allais vite atteindre mes limites si je suivais les autres. J&rsquo;ai donc choisi de me concentrer sur moi-m\u00eame. Je suis rest\u00e9 calme, j&rsquo;avais confiance de pouvoir encore monter sur le podium. \u00bb<\/em> Les multiples acc\u00e9l\u00e9rations du Slov\u00e8ne ont fini par faire la diff\u00e9rence dans l&rsquo;ultime ascension de la <strong>Roche-aux-Faucons<\/strong>, \u00e0 14 kilom\u00e8tres de l&rsquo;arriv\u00e9e. Tadej Poga\u010dar s&rsquo;impose pour la <strong>quatri\u00e8me fois \u00e0 Li\u00e8ge-Bastogne-Li\u00e8ge<\/strong>, la troisi\u00e8me cons\u00e9cutive, et n&rsquo;est plus qu&rsquo;\u00e0 une petite longueur d&rsquo;<strong>Eddy Merckx<\/strong>, recordman absolu (5). Il devance Paul Seixas de 45 secondes, qui confirme son statut de prodige fran\u00e7ais dans le peloton de t\u00eate du cyclisme mondial.<\/p>\n<h1>Une trajectoire plus large<\/h1>\n<p>Remco Evenepoel (+1&rsquo;42\u00a0\u00bb) compl\u00e8te le <strong>podium<\/strong> au terme d&rsquo;un sprint explosif regroup\u00e9 \u00e0 22 coureurs. Au-del\u00e0 du classement, sa performance s&rsquo;inscrit dans une trajectoire plus large : celle d&rsquo;un athl\u00e8te qui construit sa carri\u00e8re comme une entreprise, avec une gestion fine de son image, de ses ressources, et de ses temps forts. Avec un podium au Tour des Flandres, \u00e0 Li\u00e8ge, et une victoire \u00e0 l&rsquo;Amstel, cette premi\u00e8re partie de saison confirme un parcours solide avec son \u00e9quipe. Place d\u00e9sormais \u00e0 la r\u00e9cup\u00e9ration et \u00e0 la d\u00e9finition des priorit\u00e9s au <strong>Tour de France<\/strong>.<\/p>\n<p>Cette approche s&rsquo;\u00e9tend aussi hors comp\u00e9tition, avec la <a href=\"https:\/\/revacademy.be\/fr\/\" target=\"_blank\" rel=\"noopener\"><strong>R.EV Brussels Cycling Academy<\/strong><\/a>, qui associe accessibilit\u00e9, encadrement structur\u00e9 et exigence sportive. L&rsquo;acad\u00e9mie lanc\u00e9e par le cycliste et dirig\u00e9e par son p\u00e8re <strong>Patrick Evenepoel<\/strong> est engag\u00e9e dans l&rsquo;accompagnement de jeunes talents, avec l&rsquo;ambition de former des coureurs capables d&rsquo;\u00e9voluer aux <strong>championnats du monde de cyclisme de 2030<\/strong>. Son d\u00e9veloppement, pr\u00e9sent\u00e9 en f\u00e9vrier dernier pour la saison 2026, s&rsquo;appuie d\u00e9sormais sur un nouveau co-sponsor principal, <strong>bpost<\/strong>. Un rapprochement qui prend une dimension \u00e9conomique et sportive particuli\u00e8re, un an apr\u00e8s l&rsquo;accident impliquant Remco Evenepoel et un fourgon de l&rsquo;entreprise.<\/p>\n","protected":false},"excerpt":{"rendered":"<p>Li\u00e8ge-Bastogne-Li\u00e8ge appartient au cercle tr\u00e8s ferm\u00e9 des cinq Monuments du cyclisme professionnel. Ce dimanche 26 avril, la course n\u00e9e en 1892 s&rsquo;\u00e9lan\u00e7ait \u00e0 nouveau sur les routes ardennaises avec une aura intacte. C\u00f4t\u00e9 belge, l&rsquo;attention se cristallisait sur Remco Evenepoel (Forbes 30 Under 30), tout juste aur\u00e9ol\u00e9 d&rsquo;une victoire \u00e0 l&rsquo;Amstel Gold Race, aux Pays-Bas. [&hellip;]<\/p>\n","protected":false},"author":52,"featured_media":16915,"comment_status":"closed","ping_status":"closed","sticky":false,"template":"","format":"standard","meta":{"_acf_changed":false,"inline_featured_image":false,"footnotes":""},"categories":[1,28],"tags":[108,107,106,105],"class_list":{"0":"post-16912","1":"post","2":"type-post","3":"status-publish","4":"format-standard","5":"has-post-thumbnail","7":"category-actualite","8":"category-sports","9":"tag-30-under-30","10":"tag-cyclisme","11":"tag-liege-bastogne-liege","12":"tag-remco-evenepoel"},"acf":[],"_yoast_wpseo_title":null,"_yoast_wpseo_metadesc":"Li\u00e8ge\u2013Bastogne\u2013Li\u00e8ge, Monument n\u00e9 en 1892, a repris ses droits ce dimanche 26 avril. C\u00f4t\u00e9 belge, tous les regards convergeaient vers Remco Evenepoel.","auteur_traducteur":"","yoast_head":"<!-- This site is optimized with the Yoast SEO plugin v27.4 - https:\/\/yoast.com\/product\/yoast-seo-wordpress\/ -->\n<title>Remco Evenepoel (Forbes 30 Under 30) 3e de Li\u00e8ge-Bastogne-Li\u00e8ge : \u00ab Je suis rest\u00e9 calme \u00bb | Forbes Belgique<\/title>\n<meta name=\"description\" content=\"Li\u00e8ge\u2013Bastogne\u2013Li\u00e8ge, Monument n\u00e9 en 1892, a repris ses droits ce dimanche 26 avril. C\u00f4t\u00e9 belge, tous les regards convergeaient vers Remco Evenepoel.\" \/>\n<meta name=\"robots\" content=\"index, follow, max-snippet:-1, max-image-preview:large, max-video-preview:-1\" \/>\n<link rel=\"canonical\" href=\"https:\/\/www.forbes.be\/fr\/remco-evenepoel-3e-de-liege-bastogne-liege-je-suis-reste-calme\/\" \/>\n<meta property=\"og:locale\" content=\"fr_FR\" \/>\n<meta property=\"og:type\" content=\"article\" \/>\n<meta property=\"og:title\" content=\"Remco Evenepoel (Forbes 30 Under 30) 3e de Li\u00e8ge-Bastogne-Li\u00e8ge : \u00ab Je suis rest\u00e9 calme \u00bb | Forbes Belgique\" \/>\n<meta property=\"og:description\" content=\"Li\u00e8ge\u2013Bastogne\u2013Li\u00e8ge, Monument n\u00e9 en 1892, a repris ses droits ce dimanche 26 avril. C\u00f4t\u00e9 belge, tous les regards convergeaient vers Remco Evenepoel.\" \/>\n<meta property=\"og:url\" content=\"https:\/\/www.forbes.be\/fr\/remco-evenepoel-3e-de-liege-bastogne-liege-je-suis-reste-calme\/\" \/>\n<meta property=\"og:site_name\" content=\"Forbes Belgique\" \/>\n<meta property=\"article:publisher\" content=\"https:\/\/www.facebook.com\/forbesbelgique\/\" \/>\n<meta property=\"article:published_time\" content=\"2026-04-27T14:38:47+00:00\" \/>\n<meta property=\"article:modified_time\" content=\"2026-04-27T14:42:33+00:00\" \/>\n<meta property=\"og:image\" content=\"https:\/\/www.forbes.be\/fr\/wp-content\/uploads\/2026\/04\/20260426lbl1070-scaled-e1777300895873.jpg\" \/>\n\t<meta property=\"og:image:width\" content=\"1920\" \/>\n\t<meta property=\"og:image:height\" content=\"1007\" \/>\n\t<meta property=\"og:image:type\" content=\"image\/jpeg\" \/>\n<meta name=\"author\" content=\"Virginie Dupont\" \/>\n<meta name=\"twitter:card\" content=\"summary_large_image\" \/>\n<meta name=\"twitter:label1\" content=\"\u00c9crit par\" \/>\n\t<meta name=\"twitter:data1\" content=\"Virginie Dupont\" \/>\n\t<meta name=\"twitter:label2\" content=\"Dur\u00e9e de lecture estim\u00e9e\" \/>\n\t<meta name=\"twitter:data2\" content=\"5 minutes\" \/>\n<script type=\"application\/ld+json\" class=\"yoast-schema-graph\">{\"@context\":\"https:\\\/\\\/schema.org\",\"@graph\":[{\"@type\":\"NewsArticle\",\"@id\":\"https:\\\/\\\/www.forbes.be\\\/fr\\\/remco-evenepoel-3e-de-liege-bastogne-liege-je-suis-reste-calme\\\/#article\",\"isPartOf\":{\"@id\":\"https:\\\/\\\/www.forbes.be\\\/fr\\\/remco-evenepoel-3e-de-liege-bastogne-liege-je-suis-reste-calme\\\/\"},\"author\":{\"name\":\"Virginie Dupont\",\"@id\":\"https:\\\/\\\/www.forbes.be\\\/fr\\\/#\\\/schema\\\/person\\\/e6c7d1c27bdb6578ccbeec1cb74bbb43\"},\"headline\":\"Remco Evenepoel (Forbes 30 Under 30) 3e de Li\u00e8ge-Bastogne-Li\u00e8ge : \u00ab Je suis rest\u00e9 calme \u00bb\",\"datePublished\":\"2026-04-27T14:38:47+00:00\",\"dateModified\":\"2026-04-27T14:42:33+00:00\",\"mainEntityOfPage\":{\"@id\":\"https:\\\/\\\/www.forbes.be\\\/fr\\\/remco-evenepoel-3e-de-liege-bastogne-liege-je-suis-reste-calme\\\/\"},\"wordCount\":819,\"publisher\":{\"@id\":\"https:\\\/\\\/www.forbes.be\\\/fr\\\/#organization\"},\"image\":{\"@id\":\"https:\\\/\\\/www.forbes.be\\\/fr\\\/remco-evenepoel-3e-de-liege-bastogne-liege-je-suis-reste-calme\\\/#primaryimage\"},\"thumbnailUrl\":\"https:\\\/\\\/www.forbes.be\\\/fr\\\/wp-content\\\/uploads\\\/2026\\\/04\\\/20260426lbl1070-scaled-e1777300895873.jpg\",\"keywords\":[\"30 under 30\",\"cyclisme\",\"Li\u00e8ge-Bastogne-Li\u00e8ge\",\"Remco Evenepoel\"],\"articleSection\":[\"Actualit\u00e9s\",\"Sports\"],\"inLanguage\":\"fr-FR\"},{\"@type\":\"WebPage\",\"@id\":\"https:\\\/\\\/www.forbes.be\\\/fr\\\/remco-evenepoel-3e-de-liege-bastogne-liege-je-suis-reste-calme\\\/\",\"url\":\"https:\\\/\\\/www.forbes.be\\\/fr\\\/remco-evenepoel-3e-de-liege-bastogne-liege-je-suis-reste-calme\\\/\",\"name\":\"Remco Evenepoel (Forbes 30 Under 30) 3e de Li\u00e8ge-Bastogne-Li\u00e8ge : \u00ab Je suis rest\u00e9 calme \u00bb | Forbes Belgique\",\"isPartOf\":{\"@id\":\"https:\\\/\\\/www.forbes.be\\\/fr\\\/#website\"},\"primaryImageOfPage\":{\"@id\":\"https:\\\/\\\/www.forbes.be\\\/fr\\\/remco-evenepoel-3e-de-liege-bastogne-liege-je-suis-reste-calme\\\/#primaryimage\"},\"image\":{\"@id\":\"https:\\\/\\\/www.forbes.be\\\/fr\\\/remco-evenepoel-3e-de-liege-bastogne-liege-je-suis-reste-calme\\\/#primaryimage\"},\"thumbnailUrl\":\"https:\\\/\\\/www.forbes.be\\\/fr\\\/wp-content\\\/uploads\\\/2026\\\/04\\\/20260426lbl1070-scaled-e1777300895873.jpg\",\"datePublished\":\"2026-04-27T14:38:47+00:00\",\"dateModified\":\"2026-04-27T14:42:33+00:00\",\"description\":\"Li\u00e8ge\u2013Bastogne\u2013Li\u00e8ge, Monument n\u00e9 en 1892, a repris ses droits ce dimanche 26 avril. C\u00f4t\u00e9 belge, tous les regards convergeaient vers Remco Evenepoel.\",\"breadcrumb\":{\"@id\":\"https:\\\/\\\/www.forbes.be\\\/fr\\\/remco-evenepoel-3e-de-liege-bastogne-liege-je-suis-reste-calme\\\/#breadcrumb\"},\"inLanguage\":\"fr-FR\",\"potentialAction\":[{\"@type\":\"ReadAction\",\"target\":[\"https:\\\/\\\/www.forbes.be\\\/fr\\\/remco-evenepoel-3e-de-liege-bastogne-liege-je-suis-reste-calme\\\/\"]}]},{\"@type\":\"ImageObject\",\"inLanguage\":\"fr-FR\",\"@id\":\"https:\\\/\\\/www.forbes.be\\\/fr\\\/remco-evenepoel-3e-de-liege-bastogne-liege-je-suis-reste-calme\\\/#primaryimage\",\"url\":\"https:\\\/\\\/www.forbes.be\\\/fr\\\/wp-content\\\/uploads\\\/2026\\\/04\\\/20260426lbl1070-scaled-e1777300895873.jpg\",\"contentUrl\":\"https:\\\/\\\/www.forbes.be\\\/fr\\\/wp-content\\\/uploads\\\/2026\\\/04\\\/20260426lbl1070-scaled-e1777300895873.jpg\",\"width\":1920,\"height\":1007,\"caption\":\"Bilan printanier positif pour Remco Evenepoel (Forbes 30 Under 30) \u00a9 A.S.O.\\\/Billy Ceusters\"},{\"@type\":\"BreadcrumbList\",\"@id\":\"https:\\\/\\\/www.forbes.be\\\/fr\\\/remco-evenepoel-3e-de-liege-bastogne-liege-je-suis-reste-calme\\\/#breadcrumb\",\"itemListElement\":[{\"@type\":\"ListItem\",\"position\":1,\"name\":\"Accueil\",\"item\":\"https:\\\/\\\/www.forbes.be\\\/fr\\\/\"},{\"@type\":\"ListItem\",\"position\":2,\"name\":\"Remco Evenepoel (Forbes 30 Under 30) 3e de Li\u00e8ge-Bastogne-Li\u00e8ge : \u00ab Je suis rest\u00e9 calme \u00bb\"}]},{\"@type\":\"WebSite\",\"@id\":\"https:\\\/\\\/www.forbes.be\\\/fr\\\/#website\",\"url\":\"https:\\\/\\\/www.forbes.be\\\/fr\\\/\",\"name\":\"Forbes Belgique\",\"description\":\"\",\"publisher\":{\"@id\":\"https:\\\/\\\/www.forbes.be\\\/fr\\\/#organization\"},\"potentialAction\":[{\"@type\":\"SearchAction\",\"target\":{\"@type\":\"EntryPoint\",\"urlTemplate\":\"https:\\\/\\\/www.forbes.be\\\/fr\\\/?s={search_term_string}\"},\"query-input\":{\"@type\":\"PropertyValueSpecification\",\"valueRequired\":true,\"valueName\":\"search_term_string\"}}],\"inLanguage\":\"fr-FR\"},{\"@type\":\"Organization\",\"@id\":\"https:\\\/\\\/www.forbes.be\\\/fr\\\/#organization\",\"name\":\"Forbes Belgique\",\"url\":\"https:\\\/\\\/www.forbes.be\\\/fr\\\/\",\"logo\":{\"@type\":\"ImageObject\",\"inLanguage\":\"fr-FR\",\"@id\":\"https:\\\/\\\/www.forbes.be\\\/fr\\\/#\\\/schema\\\/logo\\\/image\\\/\",\"url\":\"https:\\\/\\\/www.forbes.be\\\/fr\\\/wp-content\\\/uploads\\\/2024\\\/02\\\/forbes.be_.png\",\"contentUrl\":\"https:\\\/\\\/www.forbes.be\\\/fr\\\/wp-content\\\/uploads\\\/2024\\\/02\\\/forbes.be_.png\",\"width\":1200,\"height\":675,\"caption\":\"Forbes Belgique\"},\"image\":{\"@id\":\"https:\\\/\\\/www.forbes.be\\\/fr\\\/#\\\/schema\\\/logo\\\/image\\\/\"},\"sameAs\":[\"https:\\\/\\\/www.facebook.com\\\/forbesbelgique\\\/\",\"https:\\\/\\\/www.instagram.com\\\/Forbes_Belgium\",\"https:\\\/\\\/www.linkedin.com\\\/company\\\/forbes-belgium\\\/\"]},{\"@type\":\"Person\",\"@id\":\"https:\\\/\\\/www.forbes.be\\\/fr\\\/#\\\/schema\\\/person\\\/e6c7d1c27bdb6578ccbeec1cb74bbb43\",\"name\":\"Virginie Dupont\",\"image\":{\"@type\":\"ImageObject\",\"inLanguage\":\"fr-FR\",\"@id\":\"https:\\\/\\\/www.forbes.be\\\/fr\\\/wp-content\\\/uploads\\\/2025\\\/05\\\/03022025-z63-7020-100x100.jpg\",\"url\":\"https:\\\/\\\/www.forbes.be\\\/fr\\\/wp-content\\\/uploads\\\/2025\\\/05\\\/03022025-z63-7020-100x100.jpg\",\"contentUrl\":\"https:\\\/\\\/www.forbes.be\\\/fr\\\/wp-content\\\/uploads\\\/2025\\\/05\\\/03022025-z63-7020-100x100.jpg\",\"caption\":\"Virginie Dupont\"},\"url\":\"https:\\\/\\\/www.forbes.be\\\/fr\\\/author\\\/bonjourtlkwlk-be\\\/\"}]}<\/script>\n<!-- \/ Yoast SEO plugin. -->","yoast_head_json":{"title":"Remco Evenepoel (Forbes 30 Under 30) 3e de Li\u00e8ge-Bastogne-Li\u00e8ge : \u00ab Je suis rest\u00e9 calme \u00bb | Forbes Belgique","description":"Li\u00e8ge\u2013Bastogne\u2013Li\u00e8ge, Monument n\u00e9 en 1892, a repris ses droits ce dimanche 26 avril. C\u00f4t\u00e9 belge, tous les regards convergeaient vers Remco Evenepoel.","robots":{"index":"index","follow":"follow","max-snippet":"max-snippet:-1","max-image-preview":"max-image-preview:large","max-video-preview":"max-video-preview:-1"},"canonical":"https:\/\/www.forbes.be\/fr\/remco-evenepoel-3e-de-liege-bastogne-liege-je-suis-reste-calme\/","og_locale":"fr_FR","og_type":"article","og_title":"Remco Evenepoel (Forbes 30 Under 30) 3e de Li\u00e8ge-Bastogne-Li\u00e8ge : \u00ab Je suis rest\u00e9 calme \u00bb | Forbes Belgique","og_description":"Li\u00e8ge\u2013Bastogne\u2013Li\u00e8ge, Monument n\u00e9 en 1892, a repris ses droits ce dimanche 26 avril. C\u00f4t\u00e9 belge, tous les regards convergeaient vers Remco Evenepoel.","og_url":"https:\/\/www.forbes.be\/fr\/remco-evenepoel-3e-de-liege-bastogne-liege-je-suis-reste-calme\/","og_site_name":"Forbes Belgique","article_publisher":"https:\/\/www.facebook.com\/forbesbelgique\/","article_published_time":"2026-04-27T14:38:47+00:00","article_modified_time":"2026-04-27T14:42:33+00:00","og_image":[{"width":1920,"height":1007,"url":"https:\/\/www.forbes.be\/fr\/wp-content\/uploads\/2026\/04\/20260426lbl1070-scaled-e1777300895873.jpg","type":"image\/jpeg"}],"author":"Virginie Dupont","twitter_card":"summary_large_image","twitter_misc":{"\u00c9crit par":"Virginie Dupont","Dur\u00e9e de lecture estim\u00e9e":"5 minutes"},"schema":{"@context":"https:\/\/schema.org","@graph":[{"@type":"NewsArticle","@id":"https:\/\/www.forbes.be\/fr\/remco-evenepoel-3e-de-liege-bastogne-liege-je-suis-reste-calme\/#article","isPartOf":{"@id":"https:\/\/www.forbes.be\/fr\/remco-evenepoel-3e-de-liege-bastogne-liege-je-suis-reste-calme\/"},"author":{"name":"Virginie Dupont","@id":"https:\/\/www.forbes.be\/fr\/#\/schema\/person\/e6c7d1c27bdb6578ccbeec1cb74bbb43"},"headline":"Remco Evenepoel (Forbes 30 Under 30) 3e de Li\u00e8ge-Bastogne-Li\u00e8ge : \u00ab Je suis rest\u00e9 calme \u00bb","datePublished":"2026-04-27T14:38:47+00:00","dateModified":"2026-04-27T14:42:33+00:00","mainEntityOfPage":{"@id":"https:\/\/www.forbes.be\/fr\/remco-evenepoel-3e-de-liege-bastogne-liege-je-suis-reste-calme\/"},"wordCount":819,"publisher":{"@id":"https:\/\/www.forbes.be\/fr\/#organization"},"image":{"@id":"https:\/\/www.forbes.be\/fr\/remco-evenepoel-3e-de-liege-bastogne-liege-je-suis-reste-calme\/#primaryimage"},"thumbnailUrl":"https:\/\/www.forbes.be\/fr\/wp-content\/uploads\/2026\/04\/20260426lbl1070-scaled-e1777300895873.jpg","keywords":["30 under 30","cyclisme","Li\u00e8ge-Bastogne-Li\u00e8ge","Remco Evenepoel"],"articleSection":["Actualit\u00e9s","Sports"],"inLanguage":"fr-FR"},{"@type":"WebPage","@id":"https:\/\/www.forbes.be\/fr\/remco-evenepoel-3e-de-liege-bastogne-liege-je-suis-reste-calme\/","url":"https:\/\/www.forbes.be\/fr\/remco-evenepoel-3e-de-liege-bastogne-liege-je-suis-reste-calme\/","name":"Remco Evenepoel (Forbes 30 Under 30) 3e de Li\u00e8ge-Bastogne-Li\u00e8ge : \u00ab Je suis rest\u00e9 calme \u00bb | Forbes Belgique","isPartOf":{"@id":"https:\/\/www.forbes.be\/fr\/#website"},"primaryImageOfPage":{"@id":"https:\/\/www.forbes.be\/fr\/remco-evenepoel-3e-de-liege-bastogne-liege-je-suis-reste-calme\/#primaryimage"},"image":{"@id":"https:\/\/www.forbes.be\/fr\/remco-evenepoel-3e-de-liege-bastogne-liege-je-suis-reste-calme\/#primaryimage"},"thumbnailUrl":"https:\/\/www.forbes.be\/fr\/wp-content\/uploads\/2026\/04\/20260426lbl1070-scaled-e1777300895873.jpg","datePublished":"2026-04-27T14:38:47+00:00","dateModified":"2026-04-27T14:42:33+00:00","description":"Li\u00e8ge\u2013Bastogne\u2013Li\u00e8ge, Monument n\u00e9 en 1892, a repris ses droits ce dimanche 26 avril. C\u00f4t\u00e9 belge, tous les regards convergeaient vers Remco Evenepoel.","breadcrumb":{"@id":"https:\/\/www.forbes.be\/fr\/remco-evenepoel-3e-de-liege-bastogne-liege-je-suis-reste-calme\/#breadcrumb"},"inLanguage":"fr-FR","potentialAction":[{"@type":"ReadAction","target":["https:\/\/www.forbes.be\/fr\/remco-evenepoel-3e-de-liege-bastogne-liege-je-suis-reste-calme\/"]}]},{"@type":"ImageObject","inLanguage":"fr-FR","@id":"https:\/\/www.forbes.be\/fr\/remco-evenepoel-3e-de-liege-bastogne-liege-je-suis-reste-calme\/#primaryimage","url":"https:\/\/www.forbes.be\/fr\/wp-content\/uploads\/2026\/04\/20260426lbl1070-scaled-e1777300895873.jpg","contentUrl":"https:\/\/www.forbes.be\/fr\/wp-content\/uploads\/2026\/04\/20260426lbl1070-scaled-e1777300895873.jpg","width":1920,"height":1007,"caption":"Bilan printanier positif pour Remco Evenepoel (Forbes 30 Under 30) \u00a9 A.S.O.\/Billy Ceusters"},{"@type":"BreadcrumbList","@id":"https:\/\/www.forbes.be\/fr\/remco-evenepoel-3e-de-liege-bastogne-liege-je-suis-reste-calme\/#breadcrumb","itemListElement":[{"@type":"ListItem","position":1,"name":"Accueil","item":"https:\/\/www.forbes.be\/fr\/"},{"@type":"ListItem","position":2,"name":"Remco Evenepoel (Forbes 30 Under 30) 3e de Li\u00e8ge-Bastogne-Li\u00e8ge : \u00ab Je suis rest\u00e9 calme \u00bb"}]},{"@type":"WebSite","@id":"https:\/\/www.forbes.be\/fr\/#website","url":"https:\/\/www.forbes.be\/fr\/","name":"Forbes Belgique","description":"","publisher":{"@id":"https:\/\/www.forbes.be\/fr\/#organization"},"potentialAction":[{"@type":"SearchAction","target":{"@type":"EntryPoint","urlTemplate":"https:\/\/www.forbes.be\/fr\/?s={search_term_string}"},"query-input":{"@type":"PropertyValueSpecification","valueRequired":true,"valueName":"search_term_string"}}],"inLanguage":"fr-FR"},{"@type":"Organization","@id":"https:\/\/www.forbes.be\/fr\/#organization","name":"Forbes Belgique","url":"https:\/\/www.forbes.be\/fr\/","logo":{"@type":"ImageObject","inLanguage":"fr-FR","@id":"https:\/\/www.forbes.be\/fr\/#\/schema\/logo\/image\/","url":"https:\/\/www.forbes.be\/fr\/wp-content\/uploads\/2024\/02\/forbes.be_.png","contentUrl":"https:\/\/www.forbes.be\/fr\/wp-content\/uploads\/2024\/02\/forbes.be_.png","width":1200,"height":675,"caption":"Forbes Belgique"},"image":{"@id":"https:\/\/www.forbes.be\/fr\/#\/schema\/logo\/image\/"},"sameAs":["https:\/\/www.facebook.com\/forbesbelgique\/","https:\/\/www.instagram.com\/Forbes_Belgium","https:\/\/www.linkedin.com\/company\/forbes-belgium\/"]},{"@type":"Person","@id":"https:\/\/www.forbes.be\/fr\/#\/schema\/person\/e6c7d1c27bdb6578ccbeec1cb74bbb43","name":"Virginie Dupont","image":{"@type":"ImageObject","inLanguage":"fr-FR","@id":"https:\/\/www.forbes.be\/fr\/wp-content\/uploads\/2025\/05\/03022025-z63-7020-100x100.jpg","url":"https:\/\/www.forbes.be\/fr\/wp-content\/uploads\/2025\/05\/03022025-z63-7020-100x100.jpg","contentUrl":"https:\/\/www.forbes.be\/fr\/wp-content\/uploads\/2025\/05\/03022025-z63-7020-100x100.jpg","caption":"Virginie Dupont"},"url":"https:\/\/www.forbes.be\/fr\/author\/bonjourtlkwlk-be\/"}]}},"_links":{"self":[{"href":"https:\/\/www.forbes.be\/fr\/wp-json\/wp\/v2\/posts\/16912","targetHints":{"allow":["GET"]}}],"collection":[{"href":"https:\/\/www.forbes.be\/fr\/wp-json\/wp\/v2\/posts"}],"about":[{"href":"https:\/\/www.forbes.be\/fr\/wp-json\/wp\/v2\/types\/post"}],"author":[{"embeddable":true,"href":"https:\/\/www.forbes.be\/fr\/wp-json\/wp\/v2\/users\/52"}],"replies":[{"embeddable":true,"href":"https:\/\/www.forbes.be\/fr\/wp-json\/wp\/v2\/comments?post=16912"}],"version-history":[{"count":22,"href":"https:\/\/www.forbes.be\/fr\/wp-json\/wp\/v2\/posts\/16912\/revisions"}],"predecessor-version":[{"id":16937,"href":"https:\/\/www.forbes.be\/fr\/wp-json\/wp\/v2\/posts\/16912\/revisions\/16937"}],"wp:featuredmedia":[{"embeddable":true,"href":"https:\/\/www.forbes.be\/fr\/wp-json\/wp\/v2\/media\/16915"}],"wp:attachment":[{"href":"https:\/\/www.forbes.be\/fr\/wp-json\/wp\/v2\/media?parent=16912"}],"wp:term":[{"taxonomy":"category","embeddable":true,"href":"https:\/\/www.forbes.be\/fr\/wp-json\/wp\/v2\/categories?post=16912"},{"taxonomy":"post_tag","embeddable":true,"href":"https:\/\/www.forbes.be\/fr\/wp-json\/wp\/v2\/tags?post=16912"}],"curies":[{"name":"wp","href":"https:\/\/api.w.org\/{rel}","templated":true}]}}