{"id":16943,"date":"2026-04-30T07:23:23","date_gmt":"2026-04-30T05:23:23","guid":{"rendered":"https:\/\/www.forbes.be\/fr\/?p=16943"},"modified":"2026-04-28T10:33:13","modified_gmt":"2026-04-28T08:33:13","slug":"avec-in-between-helene-feuillat-fait-du-doute-professionnel-un-atout-de-leadership","status":"publish","type":"post","link":"https:\/\/www.forbes.be\/fr\/avec-in-between-helene-feuillat-fait-du-doute-professionnel-un-atout-de-leadership\/","title":{"rendered":"Avec In Between, H\u00e9l\u00e8ne Feuillat fait du doute professionnel un atout de leadership"},"content":{"rendered":"<p><strong>Face \u00e0 des trajectoires professionnelles de moins en moins lin\u00e9aires, une nouvelle r\u00e9alit\u00e9 s&rsquo;impose dans les entreprises : celle d&rsquo;une g\u00e9n\u00e9ration \u00ab\u00a0entre deux vies\u00a0\u00bb. Ni totalement engag\u00e9e dans un r\u00f4le, ni pr\u00eate \u00e0 en sortir, elle navigue entre s\u00e9curit\u00e9 et libert\u00e9, salariat et ind\u00e9pendance, stabilit\u00e9 et qu\u00eate de sens. Pour H\u00e9l\u00e8ne Feuillat, coach et formatrice depuis pr\u00e8s de vingt ans, cette zone d&rsquo;incertitude n&rsquo;est pas un probl\u00e8me \u00e0 r\u00e9soudre mais un potentiel \u00e0 structurer.<\/strong><\/p>\n<p>Avec sa plateforme belge <strong>In Between<\/strong>, <a href=\"https:\/\/helenefeuillat.com\/\" target=\"_blank\" rel=\"noopener\">H\u00e9l\u00e8ne Feuillat<\/a> propose une approche hybride du <strong>coaching<\/strong>, \u00e0 mi-chemin entre autonomie digitale et accompagnement humain. <em>\u00ab Il y avait un manque criant de solutions accessibles, avec un vrai suivi. Les formations en ligne seules ne suffisent pas : les gens d\u00e9crochent \u00bb<\/em>, explique-t-elle. Son mod\u00e8le, \u00e0 <strong>abonnement<\/strong>, vise pr\u00e9cis\u00e9ment \u00e0 combler ce vide en d\u00e9mocratisant l&rsquo;acc\u00e8s au <strong>d\u00e9veloppement personnel<\/strong>.<\/p>\n<h2>L&rsquo;\u00e8re des trajectoires fragment\u00e9es<\/h2>\n<p>Le constat est sans appel : les <strong>cycles professionnels<\/strong> se raccourcissent. L\u00e0 o\u00f9 une carri\u00e8re se construisait sur plusieurs d\u00e9cennies au sein d&rsquo;une m\u00eame entreprise, les nouvelles g\u00e9n\u00e9rations changent de cap tous les trois ans, voire tous les dix-huit mois. <em>\u00ab On voit \u00e9merger des profils qui cumulent plusieurs activit\u00e9s ou qui testent une voie avant de s&rsquo;y engager pleinement \u00bb<\/em>, observe <strong>H\u00e9l\u00e8ne Feuillat<\/strong>.<\/p>\n<figure id=\"attachment_16945\" aria-describedby=\"caption-attachment-16945\" style=\"width: 1707px\" class=\"wp-caption alignnone\"><img loading=\"lazy\" decoding=\"async\" class=\"size-full wp-image-16945\" src=\"https:\/\/www.forbes.be\/fr\/wp-content\/uploads\/2026\/04\/in-between-helene-feuillat-7-1-scaled.jpg\" alt=\"\" width=\"1707\" height=\"2560\" srcset=\"https:\/\/www.forbes.be\/fr\/wp-content\/uploads\/2026\/04\/in-between-helene-feuillat-7-1-scaled.jpg 1707w, https:\/\/www.forbes.be\/fr\/wp-content\/uploads\/2026\/04\/in-between-helene-feuillat-7-1-200x300.jpg 200w, https:\/\/www.forbes.be\/fr\/wp-content\/uploads\/2026\/04\/in-between-helene-feuillat-7-1-683x1024.jpg 683w, https:\/\/www.forbes.be\/fr\/wp-content\/uploads\/2026\/04\/in-between-helene-feuillat-7-1-768x1152.jpg 768w, https:\/\/www.forbes.be\/fr\/wp-content\/uploads\/2026\/04\/in-between-helene-feuillat-7-1-1024x1536.jpg 1024w, https:\/\/www.forbes.be\/fr\/wp-content\/uploads\/2026\/04\/in-between-helene-feuillat-7-1-1365x2048.jpg 1365w, https:\/\/www.forbes.be\/fr\/wp-content\/uploads\/2026\/04\/in-between-helene-feuillat-7-1-696x1044.jpg 696w, https:\/\/www.forbes.be\/fr\/wp-content\/uploads\/2026\/04\/in-between-helene-feuillat-7-1-1068x1602.jpg 1068w, https:\/\/www.forbes.be\/fr\/wp-content\/uploads\/2026\/04\/in-between-helene-feuillat-7-1-1920x2880.jpg 1920w, https:\/\/www.forbes.be\/fr\/wp-content\/uploads\/2026\/04\/in-between-helene-feuillat-7-1-600x900.jpg 600w\" sizes=\"auto, (max-width: 1707px) 100vw, 1707px\" \/><figcaption id=\"caption-attachment-16945\" class=\"wp-caption-text\">\u00a9 DR<\/figcaption><\/figure>\n<p>Ce ph\u00e9nom\u00e8ne, qu&rsquo;elle qualifie <em>\u00ab\u00a0d&rsquo;in-between\u00a0\u00bb<\/em>, d\u00e9passe le simple cadre professionnel. Il englobe aussi des <strong>transitions de vie<\/strong> : maternit\u00e9, mobilit\u00e9 g\u00e9ographique, <strong>reconversion<\/strong>. Autant de moments o\u00f9 l&rsquo;individu doit arbitrer sans toujours disposer des outils ad\u00e9quats.<\/p>\n<h2>De l&rsquo;ind\u00e9cision \u00e0 la strat\u00e9gie<\/h2>\n<p>Contrairement \u00e0 une vision classique qui associe l&rsquo;ind\u00e9cision \u00e0 un manque de <strong>leadership<\/strong>, H\u00e9l\u00e8ne Feuillat en fait un point de d\u00e9part. <em>\u00ab Une fois que cette flamme de l&rsquo;entre-deux est allum\u00e9e, il vaut mieux l&rsquo;\u00e9couter que la nier \u00bb<\/em>, affirme-t-elle. L&rsquo;enjeu n&rsquo;est plus de trancher imm\u00e9diatement mais de structurer la r\u00e9flexion.<\/p>\n<p>Sa m\u00e9thode repose sur des <strong>micro-contenus<\/strong>, des rituels hebdomadaires et un <strong>accompagnement personnalis\u00e9<\/strong>. Objectif : aider les utilisateurs \u00e0 se projeter \u00e0 court et moyen terme, plut\u00f4t que de chercher des r\u00e9ponses d\u00e9finitives. <em>\u00ab Se demander ce qui me convient pour les trois prochaines ann\u00e9es est bien plus puissant que de vouloir d\u00e9cider pour toute une vie. \u00bb<\/em><\/p>\n<figure id=\"attachment_16947\" aria-describedby=\"caption-attachment-16947\" style=\"width: 1707px\" class=\"wp-caption alignnone\"><img loading=\"lazy\" decoding=\"async\" class=\"size-full wp-image-16947\" src=\"https:\/\/www.forbes.be\/fr\/wp-content\/uploads\/2026\/04\/in-between-helene-feuillat-scaled.jpg\" alt=\"\" width=\"1707\" height=\"2560\" srcset=\"https:\/\/www.forbes.be\/fr\/wp-content\/uploads\/2026\/04\/in-between-helene-feuillat-scaled.jpg 1707w, https:\/\/www.forbes.be\/fr\/wp-content\/uploads\/2026\/04\/in-between-helene-feuillat-200x300.jpg 200w, https:\/\/www.forbes.be\/fr\/wp-content\/uploads\/2026\/04\/in-between-helene-feuillat-683x1024.jpg 683w, https:\/\/www.forbes.be\/fr\/wp-content\/uploads\/2026\/04\/in-between-helene-feuillat-768x1152.jpg 768w, https:\/\/www.forbes.be\/fr\/wp-content\/uploads\/2026\/04\/in-between-helene-feuillat-1024x1536.jpg 1024w, https:\/\/www.forbes.be\/fr\/wp-content\/uploads\/2026\/04\/in-between-helene-feuillat-1365x2048.jpg 1365w, https:\/\/www.forbes.be\/fr\/wp-content\/uploads\/2026\/04\/in-between-helene-feuillat-696x1044.jpg 696w, https:\/\/www.forbes.be\/fr\/wp-content\/uploads\/2026\/04\/in-between-helene-feuillat-1068x1602.jpg 1068w, https:\/\/www.forbes.be\/fr\/wp-content\/uploads\/2026\/04\/in-between-helene-feuillat-1920x2880.jpg 1920w, https:\/\/www.forbes.be\/fr\/wp-content\/uploads\/2026\/04\/in-between-helene-feuillat-600x900.jpg 600w\" sizes=\"auto, (max-width: 1707px) 100vw, 1707px\" \/><figcaption id=\"caption-attachment-16947\" class=\"wp-caption-text\">\u00a9 DR<\/figcaption><\/figure>\n<h1>Un enjeu de performance pour les entreprises<\/h1>\n<p>Derri\u00e8re cette d\u00e9marche individuelle se cache un v\u00e9ritable levier pour les organisations. Des collaborateurs en questionnement permanent peuvent devenir des talents instables\u2026 Ou des leaders plus lucides. Tout d\u00e9pend de l&rsquo;accompagnement.<\/p>\n<p>H\u00e9l\u00e8ne Feuillat identifie ici une opportunit\u00e9 strat\u00e9gique : <em>\u00ab Les entreprises investissent dans le e-learning mais sans engagement r\u00e9el. Or, sans interaction humaine, l&rsquo;impact reste limit\u00e9. \u00bb<\/em> Elle envisage d\u00e9j\u00e0 une d\u00e9clinaison <strong>B2B<\/strong> de sa plateforme pour r\u00e9pondre aux enjeux de <strong>r\u00e9tention et de mobilit\u00e9 interne<\/strong>.<\/p>\n<h1>Redonner la responsabilit\u00e9 aux individus<\/h1>\n<p>Au-del\u00e0 de l&rsquo;outil, la vision est claire : r\u00e9\u00e9quilibrer la responsabilit\u00e9 entre l&rsquo;entreprise et l&rsquo;individu. <em>\u00ab Beaucoup attendent encore que leur carri\u00e8re soit pilot\u00e9e par leur employeur. Or, les cl\u00e9s sont d\u00e9j\u00e0 entre leurs mains. \u00bb<\/em><\/p>\n<figure id=\"attachment_16948\" aria-describedby=\"caption-attachment-16948\" style=\"width: 1707px\" class=\"wp-caption alignnone\"><img loading=\"lazy\" decoding=\"async\" class=\"size-full wp-image-16948\" src=\"https:\/\/www.forbes.be\/fr\/wp-content\/uploads\/2026\/04\/in-between-helene-feuillat-8-scaled.jpg\" alt=\"\" width=\"1707\" height=\"2560\" srcset=\"https:\/\/www.forbes.be\/fr\/wp-content\/uploads\/2026\/04\/in-between-helene-feuillat-8-scaled.jpg 1707w, https:\/\/www.forbes.be\/fr\/wp-content\/uploads\/2026\/04\/in-between-helene-feuillat-8-200x300.jpg 200w, https:\/\/www.forbes.be\/fr\/wp-content\/uploads\/2026\/04\/in-between-helene-feuillat-8-683x1024.jpg 683w, https:\/\/www.forbes.be\/fr\/wp-content\/uploads\/2026\/04\/in-between-helene-feuillat-8-768x1152.jpg 768w, https:\/\/www.forbes.be\/fr\/wp-content\/uploads\/2026\/04\/in-between-helene-feuillat-8-1024x1536.jpg 1024w, https:\/\/www.forbes.be\/fr\/wp-content\/uploads\/2026\/04\/in-between-helene-feuillat-8-1365x2048.jpg 1365w, https:\/\/www.forbes.be\/fr\/wp-content\/uploads\/2026\/04\/in-between-helene-feuillat-8-696x1044.jpg 696w, https:\/\/www.forbes.be\/fr\/wp-content\/uploads\/2026\/04\/in-between-helene-feuillat-8-1068x1602.jpg 1068w, https:\/\/www.forbes.be\/fr\/wp-content\/uploads\/2026\/04\/in-between-helene-feuillat-8-1920x2880.jpg 1920w, https:\/\/www.forbes.be\/fr\/wp-content\/uploads\/2026\/04\/in-between-helene-feuillat-8-600x900.jpg 600w\" sizes=\"auto, (max-width: 1707px) 100vw, 1707px\" \/><figcaption id=\"caption-attachment-16948\" class=\"wp-caption-text\">\u00a9 DR<\/figcaption><\/figure>\n<p>Dans un monde du travail en mutation rapide, In Between ne promet pas de r\u00e9ponses toutes faites. Elle offre un cadre pour mieux poser les questions. Et, peut-\u00eatre, transformer l&rsquo;incertitude en <strong>avantage comp\u00e9titif<\/strong>.<\/p>\n","protected":false},"excerpt":{"rendered":"<p>Face \u00e0 des trajectoires professionnelles de moins en moins lin\u00e9aires, une nouvelle r\u00e9alit\u00e9 s&rsquo;impose dans les entreprises : celle d&rsquo;une g\u00e9n\u00e9ration \u00ab\u00a0entre deux vies\u00a0\u00bb. Ni totalement engag\u00e9e dans un r\u00f4le, ni pr\u00eate \u00e0 en sortir, elle navigue entre s\u00e9curit\u00e9 et libert\u00e9, salariat et ind\u00e9pendance, stabilit\u00e9 et qu\u00eate de sens. Pour H\u00e9l\u00e8ne Feuillat, coach et formatrice [&hellip;]<\/p>\n","protected":false},"author":50,"featured_media":16946,"comment_status":"closed","ping_status":"closed","sticky":false,"template":"","format":"standard","meta":{"_acf_changed":false,"inline_featured_image":false,"footnotes":""},"categories":[19,22],"tags":[],"class_list":{"0":"post-16943","1":"post","2":"type-post","3":"status-publish","4":"format-standard","5":"has-post-thumbnail","7":"category-entrepreneurs","8":"category-femmes-forbes"},"acf":[],"_yoast_wpseo_title":null,"_yoast_wpseo_metadesc":"Avec In Between, H\u00e9l\u00e8ne Feuillat propose une plateforme belge de coaching hybride pour accompagner les professionnels en transition entre deux vies de carri\u00e8re.","auteur_traducteur":"","yoast_head":"<!-- This site is optimized with the Yoast SEO plugin v27.4 - https:\/\/yoast.com\/product\/yoast-seo-wordpress\/ -->\n<title>Avec In Between, H\u00e9l\u00e8ne Feuillat fait du doute professionnel un atout de leadership | Forbes Belgique<\/title>\n<meta name=\"description\" content=\"Avec In Between, H\u00e9l\u00e8ne Feuillat propose une plateforme belge de coaching hybride pour accompagner les professionnels en transition entre deux vies de carri\u00e8re.\" \/>\n<meta name=\"robots\" content=\"index, follow, max-snippet:-1, max-image-preview:large, max-video-preview:-1\" \/>\n<link rel=\"canonical\" href=\"https:\/\/www.forbes.be\/fr\/avec-in-between-helene-feuillat-fait-du-doute-professionnel-un-atout-de-leadership\/\" \/>\n<meta property=\"og:locale\" content=\"fr_FR\" \/>\n<meta property=\"og:type\" content=\"article\" \/>\n<meta property=\"og:title\" content=\"Avec In Between, H\u00e9l\u00e8ne Feuillat fait du doute professionnel un atout de leadership | Forbes Belgique\" \/>\n<meta property=\"og:description\" content=\"Avec In Between, H\u00e9l\u00e8ne Feuillat propose une plateforme belge de coaching hybride pour accompagner les professionnels en transition entre deux vies de carri\u00e8re.\" \/>\n<meta property=\"og:url\" content=\"https:\/\/www.forbes.be\/fr\/avec-in-between-helene-feuillat-fait-du-doute-professionnel-un-atout-de-leadership\/\" \/>\n<meta property=\"og:site_name\" content=\"Forbes Belgique\" \/>\n<meta property=\"article:publisher\" content=\"https:\/\/www.facebook.com\/forbesbelgique\/\" \/>\n<meta property=\"article:published_time\" content=\"2026-04-30T05:23:23+00:00\" \/>\n<meta property=\"og:image\" content=\"https:\/\/www.forbes.be\/fr\/wp-content\/uploads\/2026\/04\/in-between-helene-feuillat-2-scaled-e1777364977242.jpg\" \/>\n\t<meta property=\"og:image:width\" content=\"1707\" \/>\n\t<meta property=\"og:image:height\" content=\"896\" \/>\n\t<meta property=\"og:image:type\" content=\"image\/jpeg\" \/>\n<meta name=\"author\" content=\"Muriel Lombaerts\" \/>\n<meta name=\"twitter:card\" content=\"summary_large_image\" \/>\n<meta name=\"twitter:label1\" content=\"\u00c9crit par\" \/>\n\t<meta name=\"twitter:data1\" content=\"Muriel Lombaerts\" \/>\n\t<meta name=\"twitter:label2\" content=\"Dur\u00e9e de lecture estim\u00e9e\" \/>\n\t<meta name=\"twitter:data2\" content=\"4 minutes\" \/>\n<script type=\"application\/ld+json\" class=\"yoast-schema-graph\">{\"@context\":\"https:\\\/\\\/schema.org\",\"@graph\":[{\"@type\":\"NewsArticle\",\"@id\":\"https:\\\/\\\/www.forbes.be\\\/fr\\\/avec-in-between-helene-feuillat-fait-du-doute-professionnel-un-atout-de-leadership\\\/#article\",\"isPartOf\":{\"@id\":\"https:\\\/\\\/www.forbes.be\\\/fr\\\/avec-in-between-helene-feuillat-fait-du-doute-professionnel-un-atout-de-leadership\\\/\"},\"author\":{\"name\":\"Muriel Lombaerts\",\"@id\":\"https:\\\/\\\/www.forbes.be\\\/fr\\\/#\\\/schema\\\/person\\\/832f902173160f26b9fa6d2c572cb3b5\"},\"headline\":\"Avec In Between, H\u00e9l\u00e8ne Feuillat fait du doute professionnel un atout de leadership\",\"datePublished\":\"2026-04-30T05:23:23+00:00\",\"mainEntityOfPage\":{\"@id\":\"https:\\\/\\\/www.forbes.be\\\/fr\\\/avec-in-between-helene-feuillat-fait-du-doute-professionnel-un-atout-de-leadership\\\/\"},\"wordCount\":599,\"publisher\":{\"@id\":\"https:\\\/\\\/www.forbes.be\\\/fr\\\/#organization\"},\"image\":{\"@id\":\"https:\\\/\\\/www.forbes.be\\\/fr\\\/avec-in-between-helene-feuillat-fait-du-doute-professionnel-un-atout-de-leadership\\\/#primaryimage\"},\"thumbnailUrl\":\"https:\\\/\\\/www.forbes.be\\\/fr\\\/wp-content\\\/uploads\\\/2026\\\/04\\\/in-between-helene-feuillat-2-scaled-e1777364977242.jpg\",\"articleSection\":[\"Entrepreneurs\",\"Femmes Forbes\"],\"inLanguage\":\"fr-FR\"},{\"@type\":\"WebPage\",\"@id\":\"https:\\\/\\\/www.forbes.be\\\/fr\\\/avec-in-between-helene-feuillat-fait-du-doute-professionnel-un-atout-de-leadership\\\/\",\"url\":\"https:\\\/\\\/www.forbes.be\\\/fr\\\/avec-in-between-helene-feuillat-fait-du-doute-professionnel-un-atout-de-leadership\\\/\",\"name\":\"Avec In Between, H\u00e9l\u00e8ne Feuillat fait du doute professionnel un atout de leadership | Forbes Belgique\",\"isPartOf\":{\"@id\":\"https:\\\/\\\/www.forbes.be\\\/fr\\\/#website\"},\"primaryImageOfPage\":{\"@id\":\"https:\\\/\\\/www.forbes.be\\\/fr\\\/avec-in-between-helene-feuillat-fait-du-doute-professionnel-un-atout-de-leadership\\\/#primaryimage\"},\"image\":{\"@id\":\"https:\\\/\\\/www.forbes.be\\\/fr\\\/avec-in-between-helene-feuillat-fait-du-doute-professionnel-un-atout-de-leadership\\\/#primaryimage\"},\"thumbnailUrl\":\"https:\\\/\\\/www.forbes.be\\\/fr\\\/wp-content\\\/uploads\\\/2026\\\/04\\\/in-between-helene-feuillat-2-scaled-e1777364977242.jpg\",\"datePublished\":\"2026-04-30T05:23:23+00:00\",\"description\":\"Avec In Between, H\u00e9l\u00e8ne Feuillat propose une plateforme belge de coaching hybride pour accompagner les professionnels en transition entre deux vies de carri\u00e8re.\",\"breadcrumb\":{\"@id\":\"https:\\\/\\\/www.forbes.be\\\/fr\\\/avec-in-between-helene-feuillat-fait-du-doute-professionnel-un-atout-de-leadership\\\/#breadcrumb\"},\"inLanguage\":\"fr-FR\",\"potentialAction\":[{\"@type\":\"ReadAction\",\"target\":[\"https:\\\/\\\/www.forbes.be\\\/fr\\\/avec-in-between-helene-feuillat-fait-du-doute-professionnel-un-atout-de-leadership\\\/\"]}]},{\"@type\":\"ImageObject\",\"inLanguage\":\"fr-FR\",\"@id\":\"https:\\\/\\\/www.forbes.be\\\/fr\\\/avec-in-between-helene-feuillat-fait-du-doute-professionnel-un-atout-de-leadership\\\/#primaryimage\",\"url\":\"https:\\\/\\\/www.forbes.be\\\/fr\\\/wp-content\\\/uploads\\\/2026\\\/04\\\/in-between-helene-feuillat-2-scaled-e1777364977242.jpg\",\"contentUrl\":\"https:\\\/\\\/www.forbes.be\\\/fr\\\/wp-content\\\/uploads\\\/2026\\\/04\\\/in-between-helene-feuillat-2-scaled-e1777364977242.jpg\",\"width\":1707,\"height\":896,\"caption\":\"\u00a9 DR\"},{\"@type\":\"BreadcrumbList\",\"@id\":\"https:\\\/\\\/www.forbes.be\\\/fr\\\/avec-in-between-helene-feuillat-fait-du-doute-professionnel-un-atout-de-leadership\\\/#breadcrumb\",\"itemListElement\":[{\"@type\":\"ListItem\",\"position\":1,\"name\":\"Accueil\",\"item\":\"https:\\\/\\\/www.forbes.be\\\/fr\\\/\"},{\"@type\":\"ListItem\",\"position\":2,\"name\":\"Avec In Between, H\u00e9l\u00e8ne Feuillat fait du doute professionnel un atout de leadership\"}]},{\"@type\":\"WebSite\",\"@id\":\"https:\\\/\\\/www.forbes.be\\\/fr\\\/#website\",\"url\":\"https:\\\/\\\/www.forbes.be\\\/fr\\\/\",\"name\":\"Forbes Belgique\",\"description\":\"\",\"publisher\":{\"@id\":\"https:\\\/\\\/www.forbes.be\\\/fr\\\/#organization\"},\"potentialAction\":[{\"@type\":\"SearchAction\",\"target\":{\"@type\":\"EntryPoint\",\"urlTemplate\":\"https:\\\/\\\/www.forbes.be\\\/fr\\\/?s={search_term_string}\"},\"query-input\":{\"@type\":\"PropertyValueSpecification\",\"valueRequired\":true,\"valueName\":\"search_term_string\"}}],\"inLanguage\":\"fr-FR\"},{\"@type\":\"Organization\",\"@id\":\"https:\\\/\\\/www.forbes.be\\\/fr\\\/#organization\",\"name\":\"Forbes Belgique\",\"url\":\"https:\\\/\\\/www.forbes.be\\\/fr\\\/\",\"logo\":{\"@type\":\"ImageObject\",\"inLanguage\":\"fr-FR\",\"@id\":\"https:\\\/\\\/www.forbes.be\\\/fr\\\/#\\\/schema\\\/logo\\\/image\\\/\",\"url\":\"https:\\\/\\\/www.forbes.be\\\/fr\\\/wp-content\\\/uploads\\\/2024\\\/02\\\/forbes.be_.png\",\"contentUrl\":\"https:\\\/\\\/www.forbes.be\\\/fr\\\/wp-content\\\/uploads\\\/2024\\\/02\\\/forbes.be_.png\",\"width\":1200,\"height\":675,\"caption\":\"Forbes Belgique\"},\"image\":{\"@id\":\"https:\\\/\\\/www.forbes.be\\\/fr\\\/#\\\/schema\\\/logo\\\/image\\\/\"},\"sameAs\":[\"https:\\\/\\\/www.facebook.com\\\/forbesbelgique\\\/\",\"https:\\\/\\\/www.instagram.com\\\/Forbes_Belgium\",\"https:\\\/\\\/www.linkedin.com\\\/company\\\/forbes-belgium\\\/\"]},{\"@type\":\"Person\",\"@id\":\"https:\\\/\\\/www.forbes.be\\\/fr\\\/#\\\/schema\\\/person\\\/832f902173160f26b9fa6d2c572cb3b5\",\"name\":\"Muriel Lombaerts\",\"image\":{\"@type\":\"ImageObject\",\"inLanguage\":\"fr-FR\",\"@id\":\"https:\\\/\\\/www.forbes.be\\\/fr\\\/wp-content\\\/uploads\\\/2025\\\/03\\\/unnamed-2-100x100.jpg\",\"url\":\"https:\\\/\\\/www.forbes.be\\\/fr\\\/wp-content\\\/uploads\\\/2025\\\/03\\\/unnamed-2-100x100.jpg\",\"contentUrl\":\"https:\\\/\\\/www.forbes.be\\\/fr\\\/wp-content\\\/uploads\\\/2025\\\/03\\\/unnamed-2-100x100.jpg\",\"caption\":\"Muriel Lombaerts\"},\"url\":\"https:\\\/\\\/www.forbes.be\\\/fr\\\/author\\\/muriel-epicurieusegmail-com\\\/\"}]}<\/script>\n<!-- \/ Yoast SEO plugin. -->","yoast_head_json":{"title":"Avec In Between, H\u00e9l\u00e8ne Feuillat fait du doute professionnel un atout de leadership | Forbes Belgique","description":"Avec In Between, H\u00e9l\u00e8ne Feuillat propose une plateforme belge de coaching hybride pour accompagner les professionnels en transition entre deux vies de carri\u00e8re.","robots":{"index":"index","follow":"follow","max-snippet":"max-snippet:-1","max-image-preview":"max-image-preview:large","max-video-preview":"max-video-preview:-1"},"canonical":"https:\/\/www.forbes.be\/fr\/avec-in-between-helene-feuillat-fait-du-doute-professionnel-un-atout-de-leadership\/","og_locale":"fr_FR","og_type":"article","og_title":"Avec In Between, H\u00e9l\u00e8ne Feuillat fait du doute professionnel un atout de leadership | Forbes Belgique","og_description":"Avec In Between, H\u00e9l\u00e8ne Feuillat propose une plateforme belge de coaching hybride pour accompagner les professionnels en transition entre deux vies de carri\u00e8re.","og_url":"https:\/\/www.forbes.be\/fr\/avec-in-between-helene-feuillat-fait-du-doute-professionnel-un-atout-de-leadership\/","og_site_name":"Forbes Belgique","article_publisher":"https:\/\/www.facebook.com\/forbesbelgique\/","article_published_time":"2026-04-30T05:23:23+00:00","og_image":[{"width":1707,"height":896,"url":"https:\/\/www.forbes.be\/fr\/wp-content\/uploads\/2026\/04\/in-between-helene-feuillat-2-scaled-e1777364977242.jpg","type":"image\/jpeg"}],"author":"Muriel Lombaerts","twitter_card":"summary_large_image","twitter_misc":{"\u00c9crit par":"Muriel Lombaerts","Dur\u00e9e de lecture estim\u00e9e":"4 minutes"},"schema":{"@context":"https:\/\/schema.org","@graph":[{"@type":"NewsArticle","@id":"https:\/\/www.forbes.be\/fr\/avec-in-between-helene-feuillat-fait-du-doute-professionnel-un-atout-de-leadership\/#article","isPartOf":{"@id":"https:\/\/www.forbes.be\/fr\/avec-in-between-helene-feuillat-fait-du-doute-professionnel-un-atout-de-leadership\/"},"author":{"name":"Muriel Lombaerts","@id":"https:\/\/www.forbes.be\/fr\/#\/schema\/person\/832f902173160f26b9fa6d2c572cb3b5"},"headline":"Avec In Between, H\u00e9l\u00e8ne Feuillat fait du doute professionnel un atout de leadership","datePublished":"2026-04-30T05:23:23+00:00","mainEntityOfPage":{"@id":"https:\/\/www.forbes.be\/fr\/avec-in-between-helene-feuillat-fait-du-doute-professionnel-un-atout-de-leadership\/"},"wordCount":599,"publisher":{"@id":"https:\/\/www.forbes.be\/fr\/#organization"},"image":{"@id":"https:\/\/www.forbes.be\/fr\/avec-in-between-helene-feuillat-fait-du-doute-professionnel-un-atout-de-leadership\/#primaryimage"},"thumbnailUrl":"https:\/\/www.forbes.be\/fr\/wp-content\/uploads\/2026\/04\/in-between-helene-feuillat-2-scaled-e1777364977242.jpg","articleSection":["Entrepreneurs","Femmes Forbes"],"inLanguage":"fr-FR"},{"@type":"WebPage","@id":"https:\/\/www.forbes.be\/fr\/avec-in-between-helene-feuillat-fait-du-doute-professionnel-un-atout-de-leadership\/","url":"https:\/\/www.forbes.be\/fr\/avec-in-between-helene-feuillat-fait-du-doute-professionnel-un-atout-de-leadership\/","name":"Avec In Between, H\u00e9l\u00e8ne Feuillat fait du doute professionnel un atout de leadership | Forbes Belgique","isPartOf":{"@id":"https:\/\/www.forbes.be\/fr\/#website"},"primaryImageOfPage":{"@id":"https:\/\/www.forbes.be\/fr\/avec-in-between-helene-feuillat-fait-du-doute-professionnel-un-atout-de-leadership\/#primaryimage"},"image":{"@id":"https:\/\/www.forbes.be\/fr\/avec-in-between-helene-feuillat-fait-du-doute-professionnel-un-atout-de-leadership\/#primaryimage"},"thumbnailUrl":"https:\/\/www.forbes.be\/fr\/wp-content\/uploads\/2026\/04\/in-between-helene-feuillat-2-scaled-e1777364977242.jpg","datePublished":"2026-04-30T05:23:23+00:00","description":"Avec In Between, H\u00e9l\u00e8ne Feuillat propose une plateforme belge de coaching hybride pour accompagner les professionnels en transition entre deux vies de carri\u00e8re.","breadcrumb":{"@id":"https:\/\/www.forbes.be\/fr\/avec-in-between-helene-feuillat-fait-du-doute-professionnel-un-atout-de-leadership\/#breadcrumb"},"inLanguage":"fr-FR","potentialAction":[{"@type":"ReadAction","target":["https:\/\/www.forbes.be\/fr\/avec-in-between-helene-feuillat-fait-du-doute-professionnel-un-atout-de-leadership\/"]}]},{"@type":"ImageObject","inLanguage":"fr-FR","@id":"https:\/\/www.forbes.be\/fr\/avec-in-between-helene-feuillat-fait-du-doute-professionnel-un-atout-de-leadership\/#primaryimage","url":"https:\/\/www.forbes.be\/fr\/wp-content\/uploads\/2026\/04\/in-between-helene-feuillat-2-scaled-e1777364977242.jpg","contentUrl":"https:\/\/www.forbes.be\/fr\/wp-content\/uploads\/2026\/04\/in-between-helene-feuillat-2-scaled-e1777364977242.jpg","width":1707,"height":896,"caption":"\u00a9 DR"},{"@type":"BreadcrumbList","@id":"https:\/\/www.forbes.be\/fr\/avec-in-between-helene-feuillat-fait-du-doute-professionnel-un-atout-de-leadership\/#breadcrumb","itemListElement":[{"@type":"ListItem","position":1,"name":"Accueil","item":"https:\/\/www.forbes.be\/fr\/"},{"@type":"ListItem","position":2,"name":"Avec In Between, H\u00e9l\u00e8ne Feuillat fait du doute professionnel un atout de leadership"}]},{"@type":"WebSite","@id":"https:\/\/www.forbes.be\/fr\/#website","url":"https:\/\/www.forbes.be\/fr\/","name":"Forbes Belgique","description":"","publisher":{"@id":"https:\/\/www.forbes.be\/fr\/#organization"},"potentialAction":[{"@type":"SearchAction","target":{"@type":"EntryPoint","urlTemplate":"https:\/\/www.forbes.be\/fr\/?s={search_term_string}"},"query-input":{"@type":"PropertyValueSpecification","valueRequired":true,"valueName":"search_term_string"}}],"inLanguage":"fr-FR"},{"@type":"Organization","@id":"https:\/\/www.forbes.be\/fr\/#organization","name":"Forbes Belgique","url":"https:\/\/www.forbes.be\/fr\/","logo":{"@type":"ImageObject","inLanguage":"fr-FR","@id":"https:\/\/www.forbes.be\/fr\/#\/schema\/logo\/image\/","url":"https:\/\/www.forbes.be\/fr\/wp-content\/uploads\/2024\/02\/forbes.be_.png","contentUrl":"https:\/\/www.forbes.be\/fr\/wp-content\/uploads\/2024\/02\/forbes.be_.png","width":1200,"height":675,"caption":"Forbes Belgique"},"image":{"@id":"https:\/\/www.forbes.be\/fr\/#\/schema\/logo\/image\/"},"sameAs":["https:\/\/www.facebook.com\/forbesbelgique\/","https:\/\/www.instagram.com\/Forbes_Belgium","https:\/\/www.linkedin.com\/company\/forbes-belgium\/"]},{"@type":"Person","@id":"https:\/\/www.forbes.be\/fr\/#\/schema\/person\/832f902173160f26b9fa6d2c572cb3b5","name":"Muriel Lombaerts","image":{"@type":"ImageObject","inLanguage":"fr-FR","@id":"https:\/\/www.forbes.be\/fr\/wp-content\/uploads\/2025\/03\/unnamed-2-100x100.jpg","url":"https:\/\/www.forbes.be\/fr\/wp-content\/uploads\/2025\/03\/unnamed-2-100x100.jpg","contentUrl":"https:\/\/www.forbes.be\/fr\/wp-content\/uploads\/2025\/03\/unnamed-2-100x100.jpg","caption":"Muriel Lombaerts"},"url":"https:\/\/www.forbes.be\/fr\/author\/muriel-epicurieusegmail-com\/"}]}},"_links":{"self":[{"href":"https:\/\/www.forbes.be\/fr\/wp-json\/wp\/v2\/posts\/16943","targetHints":{"allow":["GET"]}}],"collection":[{"href":"https:\/\/www.forbes.be\/fr\/wp-json\/wp\/v2\/posts"}],"about":[{"href":"https:\/\/www.forbes.be\/fr\/wp-json\/wp\/v2\/types\/post"}],"author":[{"embeddable":true,"href":"https:\/\/www.forbes.be\/fr\/wp-json\/wp\/v2\/users\/50"}],"replies":[{"embeddable":true,"href":"https:\/\/www.forbes.be\/fr\/wp-json\/wp\/v2\/comments?post=16943"}],"version-history":[{"count":1,"href":"https:\/\/www.forbes.be\/fr\/wp-json\/wp\/v2\/posts\/16943\/revisions"}],"predecessor-version":[{"id":16949,"href":"https:\/\/www.forbes.be\/fr\/wp-json\/wp\/v2\/posts\/16943\/revisions\/16949"}],"wp:featuredmedia":[{"embeddable":true,"href":"https:\/\/www.forbes.be\/fr\/wp-json\/wp\/v2\/media\/16946"}],"wp:attachment":[{"href":"https:\/\/www.forbes.be\/fr\/wp-json\/wp\/v2\/media?parent=16943"}],"wp:term":[{"taxonomy":"category","embeddable":true,"href":"https:\/\/www.forbes.be\/fr\/wp-json\/wp\/v2\/categories?post=16943"},{"taxonomy":"post_tag","embeddable":true,"href":"https:\/\/www.forbes.be\/fr\/wp-json\/wp\/v2\/tags?post=16943"}],"curies":[{"name":"wp","href":"https:\/\/api.w.org\/{rel}","templated":true}]}}