{"id":1697,"date":"2024-03-29T18:00:54","date_gmt":"2024-03-29T17:00:54","guid":{"rendered":"https:\/\/www.forbes.be\/fr\/?p=1697"},"modified":"2024-03-30T14:21:49","modified_gmt":"2024-03-30T13:21:49","slug":"denis-mukwege-la-belgique-doit-pousser-le-congo-a-assainir-son-armee-sur-le-plan-des-droits-humains","status":"publish","type":"post","link":"https:\/\/www.forbes.be\/fr\/denis-mukwege-la-belgique-doit-pousser-le-congo-a-assainir-son-armee-sur-le-plan-des-droits-humains\/","title":{"rendered":"Denis Mukwege : \u00ab\u00a0La Belgique doit pousser le Congo \u00e0 assainir son arm\u00e9e sur le plan des droits humains \u00bb"},"content":{"rendered":"<p><i><span style=\"font-weight: 400;\">Invit\u00e9 dans le cadre du s\u00e9minaire \u00ab\u00a0Femmes, Paix et S\u00e9curit\u00e9\u00a0\u00bb organis\u00e9 sous l\u2019\u00e9gide de la pr\u00e9sidence belge du Conseil de l\u2019UE le 21 mars \u00e0 Tournai, le gyn\u00e9cologue congolais Denis Mukwege, prix Nobel de la Paix, a plaid\u00e9 pour une coop\u00e9ration militaire belgo-congolaise \u00ab\u00a0sous conditions\u00a0\u00bb et pour l\u2019\u00e9tablissement d\u2019un tribunal international afin de juger les responsables des viols de masse orchestr\u00e9s \u00e0 la faveur d\u2019une guerre \u00e9conomique qui ravage le pays depuis plus de vingt ans.\u00a0<\/span><\/i><\/p>\n<p><span style=\"font-weight: 400;\">La d\u00e9marche est assur\u00e9e, le sourire g\u00e9n\u00e9reux, le ton est calme et le verbe pr\u00e9cis. Lorsque l\u2019on croise le Dr Denis Mukwege, c\u2019est \u00e0 peine si l\u2019on est en mesure de r\u00e9aliser que ce m\u00e9decin connu du monde entier pour \u00eatre \u00ab l\u2019homme qui r\u00e9pare les femmes \u00bb a r\u00e9chapp\u00e9 \u00e0 six tentatives d\u2019assassinat et soign\u00e9, avec ses \u00e9quipes, pr\u00e8s de 80 000 survivantes de violences sexuelles dans son h\u00f4pital de Panzi, cr\u00e9\u00e9 en 1999 \u00e0 Bukavu, dans la province du Sud-Kivu en R\u00e9publique d\u00e9mocratique du Congo (RDC).\u00a0<\/span><\/p>\n<p><span style=\"font-weight: 400;\">Ces violences sexuelles, subies majoritairement par les femmes et les enfants en temps de guerre, furent au centre de cette journ\u00e9e consacr\u00e9e plus g\u00e9n\u00e9ralement \u00e0 l\u2019int\u00e9gration et la contribution des populations f\u00e9minines dans les processus de paix et de s\u00e9curit\u00e9 \u00e0 long terme.\u00a0<\/span><\/p>\n<h2>Motivation strat\u00e9gique<\/h2>\n<p><img loading=\"lazy\" decoding=\"async\" class=\"aligncenter size-large wp-image-1778\" src=\"https:\/\/www.forbes.be\/fr\/wp-content\/uploads\/2024\/03\/20240321_EUPresidency_Tournai_20230140-7181-Edit.jpg\" alt=\"\" width=\"696\" height=\"464\" srcset=\"https:\/\/www.forbes.be\/fr\/wp-content\/uploads\/2024\/03\/20240321_EUPresidency_Tournai_20230140-7181-Edit.jpg 900w, https:\/\/www.forbes.be\/fr\/wp-content\/uploads\/2024\/03\/20240321_EUPresidency_Tournai_20230140-7181-Edit-300x200.jpg 300w, https:\/\/www.forbes.be\/fr\/wp-content\/uploads\/2024\/03\/20240321_EUPresidency_Tournai_20230140-7181-Edit-768x512.jpg 768w, https:\/\/www.forbes.be\/fr\/wp-content\/uploads\/2024\/03\/20240321_EUPresidency_Tournai_20230140-7181-Edit-696x464.jpg 696w\" sizes=\"auto, (max-width: 696px) 100vw, 696px\" \/><\/p>\n<p><span style=\"font-weight: 400;\">En pr\u00e9sence de la Reine Mathilde et de la ministre belge de la D\u00e9fense Ludivine Dedonder, l\u2019expos\u00e9 du Dr Mukwege revient en pr\u00e9ambule sur le cadre juridique international qui identifie le viol en temps de guerre comme un \u00ab\u00a0acte constitutif du crime de g\u00e9nocide\u00a0\u00bb. A travers un r\u00e9cit gla\u00e7ant \u2013 qui fait \u00e9cho \u00e0 des \u00e9v\u00e9nements plus r\u00e9cents document\u00e9s en Ukraine ou en Isra\u00ebl lors de l\u2019attaque du 7 octobre &#8211; la motivation strat\u00e9gique de l\u2019usage de ce type de viol est incontestable du point de vue scientifique.\u00a0<\/span><\/p>\n<p><span style=\"font-weight: 400;\">Au Congo, d\u00e9tenteur du plus grand gisement de cobalt au monde (utilis\u00e9 notamment dans la transition \u00e9nerg\u00e9tique, les smartphones et l\u2019industrie a\u00e9rospatiale), le viol de masse fait partie int\u00e9grante de la lutte pour le contr\u00f4le des ressources mini\u00e8res. Ses caract\u00e9ristiques sont m\u00e9thodiques (les viols collectifs en public visent \u00e0 d\u00e9truire le tissu social et d\u00e9placer les populations), et syst\u00e9matiques (indiff\u00e9rence par rapport \u00e0 l\u2019\u00e2ge ou m\u00eame le sexe de la victime).\u00a0<\/span><\/p>\n<h2>\u201cUn chaos voulu et d\u00e9lib\u00e9r\u00e9\u201d<\/h2>\n<p><span style=\"font-weight: 400;\">\u00ab\u00a0Notre plus grand probl\u00e8me est l\u2019impunit\u00e9\u00a0\u00bb, confie Denis Mukwege dans un long entretien accord\u00e9 \u00e0 Forbes en amont du s\u00e9minaire. \u00ab\u00a0Sur le plan m\u00e9dical, nous savons prendre en charge les victimes. Sur le plan psychologique, nous faisons en sorte de les r\u00e9ins\u00e9rer dans la communaut\u00e9. Mais sur le plan de la justice, c\u2019est l\u2019Etat qui doit assurer que les bourreaux puissent r\u00e9pondre de leurs actes devant les juridictions comp\u00e9tentes.\u00a0Or le pouvoir congolais refuse de traduire en justice les responsables. \u00bb<\/span><\/p>\n<p><span style=\"font-weight: 400;\">Citant le Rapport Mapping des Nations Unies qui d\u00e9crit, en plus de 500 pages, la gravit\u00e9 des crimes et des violations du droit international commis entre mars 1993 et juin 2003 en RDC, le m\u00e9decin s\u2019interroge aussi sur le r\u00f4le ambigu de la communaut\u00e9 internationale.<\/span><\/p>\n<p><span style=\"font-weight: 400;\">\u00ab\u00a0Les criminels sont connus, les victimes r\u00e9clament justice et il existe des m\u00e9canismes de justice internationale qui ont d\u00e9j\u00e0 fait leurs preuves ailleurs et qui pourraient \u00eatre utilis\u00e9s en RDC.\u00a0On documente les crimes de guerre et de l\u2019humanit\u00e9 mais dix ans plus tard, il n\u2019y a m\u00eame pas un d\u00e9but de discussion sur la constitution d\u2019un tribunal international. C\u2019est donc un chaos voulu et d\u00e9lib\u00e9r\u00e9.\u00a0\u00bb\u00a0<\/span><\/p>\n<p><span style=\"font-weight: 400;\">Pr\u00e9sente sur le territoire congolais depuis plus de vingt ans, la mission de protection des Nations Unies a d\u00e9j\u00e0 amorc\u00e9 le retrait de ses troupes. Un d\u00e9sengagement d\u2019une \u00ab incoh\u00e9rence totale \u00bb, selon le m\u00e9decin.<\/span><\/p>\n<p><span style=\"font-weight: 400;\">\u00ab\u00a0Les conditions pr\u00e9alables au d\u00e9part des casques bleus \u00e9tait claires\u00a0: l\u2019instauration d\u2019un syst\u00e8me de protection civile efficace, un syst\u00e8me judiciaire fonctionnel et une r\u00e9forme de l\u2019appareil de s\u00e9curit\u00e9. Pendant vingt ans, les forces des Nations Unies n\u2019ont pas \u00e9t\u00e9 en mesure de stabiliser le pays. Est-ce que leur retrait va cr\u00e9er ce que ni l\u2019ONU ni les autorit\u00e9s congolaises n\u2019ont pas su construire en deux d\u00e9cennies\u00a0? La r\u00e9ponse est non.\u00a0\u00bb<\/span><\/p>\n<h2>Le refus du fatalisme<\/h2>\n<p><span style=\"font-weight: 400;\">Cette faille du syst\u00e8me l\u00e9gal et judiciaire congolais, Denis Mukwege a voulu s\u2019y attaquer de front en pr\u00e9sentant sa candidature \u00e0 l\u2019\u00e9lection pr\u00e9sidentielle fin de l\u2019ann\u00e9e derni\u00e8re. \u00ab\u00a0Tous les signes d\u2019un simulacre d\u2019\u00e9lection \u00e9taient l\u00e0. Les gens votaient chez eux \u00e0 la maison, des paquets de bulletins et les urnes \u00e0 la maison, dans leur bureau ou leur salon, je n\u2019appelle pas \u00e7a une \u00e9lection\u00a0\u00bb, explique le m\u00e9decin qui n\u2019a r\u00e9colt\u00e9 que 0,22% des suffrages.\u00a0<\/span><\/p>\n<p><span style=\"font-weight: 400;\">Pourquoi s\u2019\u00eatre lanc\u00e9 en connaissance d\u2019\u00e9chec\u00a0? \u00ab\u00a0J\u2019avais le choix de me dire que c\u2019\u00e9tait perdu d\u2019avance et je me mettais alors dans une situation de fatalisme et d\u2019inaction, ce que j\u2019ai refus\u00e9. J\u2019ai surtout voulu apporter un autre type de d\u00e9bat car aucun candidat ne parlait de paix. J\u2019\u00e9tais le seul \u00e0 proposer un plan de paix et m\u00eame si je suis convaincu qu\u2019il existe des solutions, avec le concours notamment de la diaspora congolaise, il est \u00e9vident que beaucoup de gens \u00e0 l\u2019int\u00e9rieur et l\u2019ext\u00e9rieur du pays n\u2019ont aucun int\u00e9r\u00eat \u00e0 ce que cette guerre prenne fin.\u00a0\u00bb\u00a0<\/span><\/p>\n<p><span style=\"font-weight: 400;\">Quelles le\u00e7ons tirer de cette exp\u00e9rience\u00a0? \u00ab\u00a0J\u2019ai \u00e9t\u00e9 d\u00e9\u00e7u par deux choses. D\u2019abord l\u2019empressement de la communaut\u00e9 internationale de reconna\u00eetre ces \u00e9lections alors que les preuves de fraude ont \u00e9t\u00e9 \u00e9tablies. Ensuite, la population qui est en g\u00e9n\u00e9rale tr\u00e8s traumatis\u00e9e par les diff\u00e9rents \u00e9v\u00e9nements et qui se trouve dans un \u00e9tat de d\u00e9faitisme qui ne lui permet pas de r\u00e9agir pour r\u00e9clamer ses droits et faire une r\u00e9volution d\u00e9mocratique.\u00a0\u00bb\u00a0<\/span><\/p>\n<p><span style=\"font-weight: 400;\">A l\u2019heure o\u00f9 les incursions des milices soutenues par le Rwanda s\u2019intensifient dans les zones strat\u00e9giques de l\u2019est du Congo, l\u2019Union europ\u00e9enne concluait, le 19 f\u00e9vrier dernier, un partenariat avec Kigali visant notamment les processus d\u2019extraction et d\u2019exploitation des ressources mini\u00e8res du pays.\u00a0<\/span><\/p>\n<p><span style=\"font-weight: 400;\">\u00ab\u00a0Vous ne pouvez pas reconna\u00eetre l\u2019agression du Congo par le Rwanda et en m\u00eame temps signer des accords qui donnent au Rwanda les moyens de poursuivre sa politique d\u2019invasion\u00bb, poursuit Denis Mukwege. \u00ab\u00a0On sanctionne la Russie pour ce qu\u2019elle fait en Ukraine et on gratifie Kigali alors qu\u2019il fait la m\u00eame chose au Congo. Ce double standard discr\u00e9dite le droit international et d\u00e9truit le syst\u00e8me de s\u00e9curit\u00e9 collective qui nous prot\u00e8ge tous depuis la fin de la seconde guerre mondiale.\u00bb\u00a0<\/span><\/p>\n<h2>La Belgique ne s\u2019impose pas<\/h2>\n<p><span style=\"font-weight: 400;\">C\u00f4t\u00e9 belge, la coop\u00e9ration militaire avec la RDC a repris depuis deux ans et la formation des forces arm\u00e9es congolaises pose notamment la question de l\u2019assainissement mental et psychologique des effectifs locaux. \u00ab\u00a0Le soutien militaire de la Belgique ne peut pas se faire sans conditions, si l\u2019objectif est d\u2019aboutir \u00e0 des r\u00e9sultats\u00a0\u00bb, soutient le m\u00e9decin.\u00a0<\/span><\/p>\n<p><span style=\"font-weight: 400;\">\u00ab\u00a0La Belgique doit pousser le gouvernement congolais \u00e0 former des hommes qui sont mentalement sains. Si l\u2019on forme des hommes et des enfants qui ont \u00e9t\u00e9 conditionn\u00e9s \u00e0 faire usage du viol comme une arme \u2013 dont le co\u00fbt est d\u2019ailleurs moindre qu\u2019une arme classique \u2013 il faut se rendre \u00e0 l\u2019\u00e9vidence que ce sont des personnes qui sont d\u00e9truites psychologiquement. La condition \u00e0 la formation des militaires congolais serait de tenir compte de leur pass\u00e9.\u00a0\u00bb<\/span><\/p>\n<p><span style=\"font-weight: 400;\">Au minist\u00e8re belge de la D\u00e9fense, la question est sensible pour ne pas dire taboue. Si Ludivine Dedonder reconna\u00eet qu\u2019une coop\u00e9ration militaire ne peut se faire sans s\u00e9curit\u00e9 ni r\u00e9tablissement \u00ab\u00a0des institutions d\u00e9mocratiques de base\u00a0\u00bb, la Belgique \u00ab\u00a0ne s\u2019impose pas\u00a0\u00bb et fournit les besoins en fonction de ce qui est \u00ab\u00a0formul\u00e9 \u00e0 la demande des autorit\u00e9s locales\u00a0\u00bb.<\/span><\/p>\n<h2>En apart\u00e9 avec la ministre belge de la D\u00e9fense<\/h2>\n<p><img loading=\"lazy\" decoding=\"async\" class=\"aligncenter size-large wp-image-1776\" src=\"https:\/\/www.forbes.be\/fr\/wp-content\/uploads\/2024\/03\/Ludivine-Dedonder-1024x819.jpg\" alt=\"\" width=\"696\" height=\"557\" srcset=\"https:\/\/www.forbes.be\/fr\/wp-content\/uploads\/2024\/03\/Ludivine-Dedonder-1024x819.jpg 1024w, https:\/\/www.forbes.be\/fr\/wp-content\/uploads\/2024\/03\/Ludivine-Dedonder-300x240.jpg 300w, https:\/\/www.forbes.be\/fr\/wp-content\/uploads\/2024\/03\/Ludivine-Dedonder-768x614.jpg 768w, https:\/\/www.forbes.be\/fr\/wp-content\/uploads\/2024\/03\/Ludivine-Dedonder-1536x1229.jpg 1536w, https:\/\/www.forbes.be\/fr\/wp-content\/uploads\/2024\/03\/Ludivine-Dedonder-696x557.jpg 696w, https:\/\/www.forbes.be\/fr\/wp-content\/uploads\/2024\/03\/Ludivine-Dedonder-1068x854.jpg 1068w, https:\/\/www.forbes.be\/fr\/wp-content\/uploads\/2024\/03\/Ludivine-Dedonder.jpg 1600w\" sizes=\"auto, (max-width: 696px) 100vw, 696px\" \/><\/p>\n<p><span style=\"font-weight: 400;\">En charge de l\u2019organisation de ce s\u00e9minaire, Ludivine Dedonder s\u2019est dit \u00ab\u00a0bless\u00e9e\u00a0\u00bb par l\u2019expos\u00e9 du Dr Mukwege.\u00a0 \u00ab\u00a0Entendre ces t\u00e9moignages par quelqu\u2019un de directement concern\u00e9 est absolument abominable. En tant que responsable politique, nous devons accompagner ces femmes aussi au-del\u00e0 de leur reconstruction physique. Apr\u00e8s avoir v\u00e9cu le pire en public, devant leurs enfants, elles parviennent \u00e0 se reconstruire et participer \u00e0 un processus qui puisse amener \u00e0 la d\u00e9mocratie.\u00a0C\u2019est ce que j\u2019admire le plus.\u00bb\u00a0<\/span><\/p>\n<p><span style=\"font-weight: 400;\">Premi\u00e8re femme en Belgique \u00e0 avoir pris la direction d\u2019un d\u00e9partement d\u2019Etat aussi strat\u00e9gique (et masculin) que celui de la D\u00e9fense, la ministre se dit aussi \u00ab\u00a0diff\u00e9rente du mod\u00e8le de ministre auquel on peut s\u2019attendre\u00a0\u00bb, disant les choses comme elle les pense, \u00ab\u00a0que \u00e7a ne plaise ou pas\u00a0\u00bb. \u00ab\u00a0J\u2019ai toujours \u00e9t\u00e9 amen\u00e9e \u00e0 me battre, que ce soit \u00e0 travers mon parcours politique ou avant, mais c\u2019est le cas de fa\u00e7on g\u00e9n\u00e9rale pour toutes les femmes. On vous reproche toute une s\u00e9rie de choses qui n\u2019ont rien \u00e0 voir avec vos comp\u00e9tences, comme votre look, votre franc-parler. Malgr\u00e9 vos r\u00e9sultats, on peut encore estimer que vous n\u2019\u00eates pas \u00e0 votre place et quand vous faites parfois mieux que certains, on tente de vous casser autrement.\u00a0\u00bb\u00a0<\/span><\/p>\n<p><span style=\"font-weight: 400;\">Se d\u00e9crivant comme \u00ab\u00a0terriblement perfectionniste et t\u00eatue\u00a0\u00bb, la ministre dit avancer \u00ab\u00a0pour le bien de l\u2019organisation\u00a0\u00bb, se battant pour les dossiers \u00ab\u00a0avec force\u00a0\u00bb, \u00ab\u00a0appuyant deux fois sur le clou\u00a0\u00bb si n\u00e9cessaire, et sans se laisser impressionner \u00ab\u00a0par quelques machos\u00a0\u00bb. \u00ab\u00a0Quand on n\u2019accepte pas certains comportements, on ne se fait pas que des amis. Pour certains, quand on ne courbe pas l\u2019\u00e9chine, on est insult\u00e9e. C\u2019est ce que j\u2019ai encore pu subir derni\u00e8rement avec le d\u00e9put\u00e9 (Denis) Ducarme qui, depuis trois ans, ne fait qu\u2019avoir ces comportements condescendants et paternalistes \u00e0 r\u00e9p\u00e9tition, sans s\u2019int\u00e9resser \u00e0 mes r\u00e9ponses sur le fond des dossiers.\u00a0\u00bb\u00a0<\/span><\/p>\n","protected":false},"excerpt":{"rendered":"<p>Invit\u00e9 dans le cadre du s\u00e9minaire \u00ab\u00a0Femmes, Paix et S\u00e9curit\u00e9\u00a0\u00bb organis\u00e9 sous l\u2019\u00e9gide de la pr\u00e9sidence belge du Conseil de l\u2019UE le 21 mars \u00e0 Tournai, le gyn\u00e9cologue congolais Denis Mukwege, prix Nobel de la Paix, a plaid\u00e9 pour une coop\u00e9ration militaire belgo-congolaise \u00ab\u00a0sous conditions\u00a0\u00bb et pour l\u2019\u00e9tablissement d\u2019un tribunal international afin de juger les [&hellip;]<\/p>\n","protected":false},"author":22,"featured_media":1777,"comment_status":"closed","ping_status":"closed","sticky":false,"template":"","format":"standard","meta":{"_acf_changed":false,"inline_featured_image":false,"footnotes":""},"categories":[1,15],"tags":[],"class_list":{"0":"post-1697","1":"post","2":"type-post","3":"status-publish","4":"format-standard","5":"has-post-thumbnail","7":"category-actualite","8":"category-leadership"},"acf":[],"_yoast_wpseo_title":null,"_yoast_wpseo_metadesc":null,"auteur_traducteur":null,"yoast_head":"<!-- This site is optimized with the Yoast SEO plugin v27.4 - https:\/\/yoast.com\/product\/yoast-seo-wordpress\/ -->\n<title>Denis Mukwege : \u00ab\u00a0La Belgique doit pousser le Congo \u00e0 assainir son arm\u00e9e sur le plan des droits humains \u00bb | Forbes Belgique<\/title>\n<meta name=\"robots\" content=\"index, follow, max-snippet:-1, max-image-preview:large, max-video-preview:-1\" \/>\n<link rel=\"canonical\" href=\"https:\/\/www.forbes.be\/fr\/denis-mukwege-la-belgique-doit-pousser-le-congo-a-assainir-son-armee-sur-le-plan-des-droits-humains\/\" \/>\n<meta property=\"og:locale\" content=\"fr_FR\" \/>\n<meta property=\"og:type\" content=\"article\" \/>\n<meta property=\"og:title\" content=\"Denis Mukwege : \u00ab\u00a0La Belgique doit pousser le Congo \u00e0 assainir son arm\u00e9e sur le plan des droits humains \u00bb | Forbes Belgique\" \/>\n<meta property=\"og:description\" content=\"Invit\u00e9 dans le cadre du s\u00e9minaire \u00ab\u00a0Femmes, Paix et S\u00e9curit\u00e9\u00a0\u00bb organis\u00e9 sous l\u2019\u00e9gide de la pr\u00e9sidence belge du Conseil de l\u2019UE le 21 mars \u00e0 Tournai, le gyn\u00e9cologue congolais Denis Mukwege, prix Nobel de la Paix, a plaid\u00e9 pour une coop\u00e9ration militaire belgo-congolaise \u00ab\u00a0sous conditions\u00a0\u00bb et pour l\u2019\u00e9tablissement d\u2019un tribunal international afin de juger les [&hellip;]\" \/>\n<meta property=\"og:url\" content=\"https:\/\/www.forbes.be\/fr\/denis-mukwege-la-belgique-doit-pousser-le-congo-a-assainir-son-armee-sur-le-plan-des-droits-humains\/\" \/>\n<meta property=\"og:site_name\" content=\"Forbes Belgique\" \/>\n<meta property=\"article:publisher\" content=\"https:\/\/www.facebook.com\/forbesbelgique\/\" \/>\n<meta property=\"article:published_time\" content=\"2024-03-29T17:00:54+00:00\" \/>\n<meta property=\"article:modified_time\" content=\"2024-03-30T13:21:49+00:00\" \/>\n<meta property=\"og:image\" content=\"https:\/\/www.forbes.be\/fr\/wp-content\/uploads\/2024\/03\/Denis-Mukwege-scaled.jpg\" \/>\n\t<meta property=\"og:image:width\" content=\"2560\" \/>\n\t<meta property=\"og:image:height\" content=\"1707\" \/>\n\t<meta property=\"og:image:type\" content=\"image\/jpeg\" \/>\n<meta name=\"author\" content=\"Caroline Azad\" \/>\n<meta name=\"twitter:card\" content=\"summary_large_image\" \/>\n<meta name=\"twitter:label1\" content=\"\u00c9crit par\" \/>\n\t<meta name=\"twitter:data1\" content=\"Caroline Azad\" \/>\n\t<meta name=\"twitter:label2\" content=\"Dur\u00e9e de lecture estim\u00e9e\" \/>\n\t<meta name=\"twitter:data2\" content=\"9 minutes\" \/>\n<script type=\"application\/ld+json\" class=\"yoast-schema-graph\">{\"@context\":\"https:\\\/\\\/schema.org\",\"@graph\":[{\"@type\":\"NewsArticle\",\"@id\":\"https:\\\/\\\/www.forbes.be\\\/fr\\\/denis-mukwege-la-belgique-doit-pousser-le-congo-a-assainir-son-armee-sur-le-plan-des-droits-humains\\\/#article\",\"isPartOf\":{\"@id\":\"https:\\\/\\\/www.forbes.be\\\/fr\\\/denis-mukwege-la-belgique-doit-pousser-le-congo-a-assainir-son-armee-sur-le-plan-des-droits-humains\\\/\"},\"author\":{\"name\":\"Caroline Azad\",\"@id\":\"https:\\\/\\\/www.forbes.be\\\/fr\\\/#\\\/schema\\\/person\\\/480206e75151ea5ea750e674e9ad8513\"},\"headline\":\"Denis Mukwege : \u00ab\u00a0La Belgique doit pousser le Congo \u00e0 assainir son arm\u00e9e sur le plan des droits humains \u00bb\",\"datePublished\":\"2024-03-29T17:00:54+00:00\",\"dateModified\":\"2024-03-30T13:21:49+00:00\",\"mainEntityOfPage\":{\"@id\":\"https:\\\/\\\/www.forbes.be\\\/fr\\\/denis-mukwege-la-belgique-doit-pousser-le-congo-a-assainir-son-armee-sur-le-plan-des-droits-humains\\\/\"},\"wordCount\":1777,\"publisher\":{\"@id\":\"https:\\\/\\\/www.forbes.be\\\/fr\\\/#organization\"},\"image\":{\"@id\":\"https:\\\/\\\/www.forbes.be\\\/fr\\\/denis-mukwege-la-belgique-doit-pousser-le-congo-a-assainir-son-armee-sur-le-plan-des-droits-humains\\\/#primaryimage\"},\"thumbnailUrl\":\"https:\\\/\\\/www.forbes.be\\\/fr\\\/wp-content\\\/uploads\\\/2024\\\/03\\\/Denis-Mukwege-scaled-e1712146879907.jpg\",\"articleSection\":[\"Actualit\u00e9s\",\"Leadership\"],\"inLanguage\":\"fr-FR\"},{\"@type\":\"WebPage\",\"@id\":\"https:\\\/\\\/www.forbes.be\\\/fr\\\/denis-mukwege-la-belgique-doit-pousser-le-congo-a-assainir-son-armee-sur-le-plan-des-droits-humains\\\/\",\"url\":\"https:\\\/\\\/www.forbes.be\\\/fr\\\/denis-mukwege-la-belgique-doit-pousser-le-congo-a-assainir-son-armee-sur-le-plan-des-droits-humains\\\/\",\"name\":\"Denis Mukwege : \u00ab\u00a0La Belgique doit pousser le Congo \u00e0 assainir son arm\u00e9e sur le plan des droits humains \u00bb | Forbes Belgique\",\"isPartOf\":{\"@id\":\"https:\\\/\\\/www.forbes.be\\\/fr\\\/#website\"},\"primaryImageOfPage\":{\"@id\":\"https:\\\/\\\/www.forbes.be\\\/fr\\\/denis-mukwege-la-belgique-doit-pousser-le-congo-a-assainir-son-armee-sur-le-plan-des-droits-humains\\\/#primaryimage\"},\"image\":{\"@id\":\"https:\\\/\\\/www.forbes.be\\\/fr\\\/denis-mukwege-la-belgique-doit-pousser-le-congo-a-assainir-son-armee-sur-le-plan-des-droits-humains\\\/#primaryimage\"},\"thumbnailUrl\":\"https:\\\/\\\/www.forbes.be\\\/fr\\\/wp-content\\\/uploads\\\/2024\\\/03\\\/Denis-Mukwege-scaled-e1712146879907.jpg\",\"datePublished\":\"2024-03-29T17:00:54+00:00\",\"dateModified\":\"2024-03-30T13:21:49+00:00\",\"breadcrumb\":{\"@id\":\"https:\\\/\\\/www.forbes.be\\\/fr\\\/denis-mukwege-la-belgique-doit-pousser-le-congo-a-assainir-son-armee-sur-le-plan-des-droits-humains\\\/#breadcrumb\"},\"inLanguage\":\"fr-FR\",\"potentialAction\":[{\"@type\":\"ReadAction\",\"target\":[\"https:\\\/\\\/www.forbes.be\\\/fr\\\/denis-mukwege-la-belgique-doit-pousser-le-congo-a-assainir-son-armee-sur-le-plan-des-droits-humains\\\/\"]}]},{\"@type\":\"ImageObject\",\"inLanguage\":\"fr-FR\",\"@id\":\"https:\\\/\\\/www.forbes.be\\\/fr\\\/denis-mukwege-la-belgique-doit-pousser-le-congo-a-assainir-son-armee-sur-le-plan-des-droits-humains\\\/#primaryimage\",\"url\":\"https:\\\/\\\/www.forbes.be\\\/fr\\\/wp-content\\\/uploads\\\/2024\\\/03\\\/Denis-Mukwege-scaled-e1712146879907.jpg\",\"contentUrl\":\"https:\\\/\\\/www.forbes.be\\\/fr\\\/wp-content\\\/uploads\\\/2024\\\/03\\\/Denis-Mukwege-scaled-e1712146879907.jpg\",\"width\":2560,\"height\":1536},{\"@type\":\"BreadcrumbList\",\"@id\":\"https:\\\/\\\/www.forbes.be\\\/fr\\\/denis-mukwege-la-belgique-doit-pousser-le-congo-a-assainir-son-armee-sur-le-plan-des-droits-humains\\\/#breadcrumb\",\"itemListElement\":[{\"@type\":\"ListItem\",\"position\":1,\"name\":\"Accueil\",\"item\":\"https:\\\/\\\/www.forbes.be\\\/fr\\\/\"},{\"@type\":\"ListItem\",\"position\":2,\"name\":\"Denis Mukwege : \u00ab\u00a0La Belgique doit pousser le Congo \u00e0 assainir son arm\u00e9e sur le plan des droits humains \u00bb\"}]},{\"@type\":\"WebSite\",\"@id\":\"https:\\\/\\\/www.forbes.be\\\/fr\\\/#website\",\"url\":\"https:\\\/\\\/www.forbes.be\\\/fr\\\/\",\"name\":\"Forbes Belgique\",\"description\":\"\",\"publisher\":{\"@id\":\"https:\\\/\\\/www.forbes.be\\\/fr\\\/#organization\"},\"potentialAction\":[{\"@type\":\"SearchAction\",\"target\":{\"@type\":\"EntryPoint\",\"urlTemplate\":\"https:\\\/\\\/www.forbes.be\\\/fr\\\/?s={search_term_string}\"},\"query-input\":{\"@type\":\"PropertyValueSpecification\",\"valueRequired\":true,\"valueName\":\"search_term_string\"}}],\"inLanguage\":\"fr-FR\"},{\"@type\":\"Organization\",\"@id\":\"https:\\\/\\\/www.forbes.be\\\/fr\\\/#organization\",\"name\":\"Forbes Belgique\",\"url\":\"https:\\\/\\\/www.forbes.be\\\/fr\\\/\",\"logo\":{\"@type\":\"ImageObject\",\"inLanguage\":\"fr-FR\",\"@id\":\"https:\\\/\\\/www.forbes.be\\\/fr\\\/#\\\/schema\\\/logo\\\/image\\\/\",\"url\":\"https:\\\/\\\/www.forbes.be\\\/fr\\\/wp-content\\\/uploads\\\/2024\\\/02\\\/forbes.be_.png\",\"contentUrl\":\"https:\\\/\\\/www.forbes.be\\\/fr\\\/wp-content\\\/uploads\\\/2024\\\/02\\\/forbes.be_.png\",\"width\":1200,\"height\":675,\"caption\":\"Forbes Belgique\"},\"image\":{\"@id\":\"https:\\\/\\\/www.forbes.be\\\/fr\\\/#\\\/schema\\\/logo\\\/image\\\/\"},\"sameAs\":[\"https:\\\/\\\/www.facebook.com\\\/forbesbelgique\\\/\",\"https:\\\/\\\/www.instagram.com\\\/Forbes_Belgium\",\"https:\\\/\\\/www.linkedin.com\\\/company\\\/forbes-belgium\\\/\"]},{\"@type\":\"Person\",\"@id\":\"https:\\\/\\\/www.forbes.be\\\/fr\\\/#\\\/schema\\\/person\\\/480206e75151ea5ea750e674e9ad8513\",\"name\":\"Caroline Azad\",\"image\":{\"@type\":\"ImageObject\",\"inLanguage\":\"fr-FR\",\"@id\":\"https:\\\/\\\/www.forbes.be\\\/fr\\\/wp-content\\\/uploads\\\/2024\\\/03\\\/WhatsApp-Image-2024-03-29-a-14.04.48_4d0d05da-150x150.jpg\",\"url\":\"https:\\\/\\\/www.forbes.be\\\/fr\\\/wp-content\\\/uploads\\\/2024\\\/03\\\/WhatsApp-Image-2024-03-29-a-14.04.48_4d0d05da-150x150.jpg\",\"contentUrl\":\"https:\\\/\\\/www.forbes.be\\\/fr\\\/wp-content\\\/uploads\\\/2024\\\/03\\\/WhatsApp-Image-2024-03-29-a-14.04.48_4d0d05da-150x150.jpg\",\"caption\":\"Caroline Azad\"},\"url\":\"https:\\\/\\\/www.forbes.be\\\/fr\\\/author\\\/caroline-azad\\\/\"}]}<\/script>\n<!-- \/ Yoast SEO plugin. -->","yoast_head_json":{"title":"Denis Mukwege : \u00ab\u00a0La Belgique doit pousser le Congo \u00e0 assainir son arm\u00e9e sur le plan des droits humains \u00bb | Forbes Belgique","robots":{"index":"index","follow":"follow","max-snippet":"max-snippet:-1","max-image-preview":"max-image-preview:large","max-video-preview":"max-video-preview:-1"},"canonical":"https:\/\/www.forbes.be\/fr\/denis-mukwege-la-belgique-doit-pousser-le-congo-a-assainir-son-armee-sur-le-plan-des-droits-humains\/","og_locale":"fr_FR","og_type":"article","og_title":"Denis Mukwege : \u00ab\u00a0La Belgique doit pousser le Congo \u00e0 assainir son arm\u00e9e sur le plan des droits humains \u00bb | Forbes Belgique","og_description":"Invit\u00e9 dans le cadre du s\u00e9minaire \u00ab\u00a0Femmes, Paix et S\u00e9curit\u00e9\u00a0\u00bb organis\u00e9 sous l\u2019\u00e9gide de la pr\u00e9sidence belge du Conseil de l\u2019UE le 21 mars \u00e0 Tournai, le gyn\u00e9cologue congolais Denis Mukwege, prix Nobel de la Paix, a plaid\u00e9 pour une coop\u00e9ration militaire belgo-congolaise \u00ab\u00a0sous conditions\u00a0\u00bb et pour l\u2019\u00e9tablissement d\u2019un tribunal international afin de juger les [&hellip;]","og_url":"https:\/\/www.forbes.be\/fr\/denis-mukwege-la-belgique-doit-pousser-le-congo-a-assainir-son-armee-sur-le-plan-des-droits-humains\/","og_site_name":"Forbes Belgique","article_publisher":"https:\/\/www.facebook.com\/forbesbelgique\/","article_published_time":"2024-03-29T17:00:54+00:00","article_modified_time":"2024-03-30T13:21:49+00:00","og_image":[{"width":2560,"height":1707,"url":"https:\/\/www.forbes.be\/fr\/wp-content\/uploads\/2024\/03\/Denis-Mukwege-scaled.jpg","type":"image\/jpeg"}],"author":"Caroline Azad","twitter_card":"summary_large_image","twitter_misc":{"\u00c9crit par":"Caroline Azad","Dur\u00e9e de lecture estim\u00e9e":"9 minutes"},"schema":{"@context":"https:\/\/schema.org","@graph":[{"@type":"NewsArticle","@id":"https:\/\/www.forbes.be\/fr\/denis-mukwege-la-belgique-doit-pousser-le-congo-a-assainir-son-armee-sur-le-plan-des-droits-humains\/#article","isPartOf":{"@id":"https:\/\/www.forbes.be\/fr\/denis-mukwege-la-belgique-doit-pousser-le-congo-a-assainir-son-armee-sur-le-plan-des-droits-humains\/"},"author":{"name":"Caroline Azad","@id":"https:\/\/www.forbes.be\/fr\/#\/schema\/person\/480206e75151ea5ea750e674e9ad8513"},"headline":"Denis Mukwege : \u00ab\u00a0La Belgique doit pousser le Congo \u00e0 assainir son arm\u00e9e sur le plan des droits humains \u00bb","datePublished":"2024-03-29T17:00:54+00:00","dateModified":"2024-03-30T13:21:49+00:00","mainEntityOfPage":{"@id":"https:\/\/www.forbes.be\/fr\/denis-mukwege-la-belgique-doit-pousser-le-congo-a-assainir-son-armee-sur-le-plan-des-droits-humains\/"},"wordCount":1777,"publisher":{"@id":"https:\/\/www.forbes.be\/fr\/#organization"},"image":{"@id":"https:\/\/www.forbes.be\/fr\/denis-mukwege-la-belgique-doit-pousser-le-congo-a-assainir-son-armee-sur-le-plan-des-droits-humains\/#primaryimage"},"thumbnailUrl":"https:\/\/www.forbes.be\/fr\/wp-content\/uploads\/2024\/03\/Denis-Mukwege-scaled-e1712146879907.jpg","articleSection":["Actualit\u00e9s","Leadership"],"inLanguage":"fr-FR"},{"@type":"WebPage","@id":"https:\/\/www.forbes.be\/fr\/denis-mukwege-la-belgique-doit-pousser-le-congo-a-assainir-son-armee-sur-le-plan-des-droits-humains\/","url":"https:\/\/www.forbes.be\/fr\/denis-mukwege-la-belgique-doit-pousser-le-congo-a-assainir-son-armee-sur-le-plan-des-droits-humains\/","name":"Denis Mukwege : \u00ab\u00a0La Belgique doit pousser le Congo \u00e0 assainir son arm\u00e9e sur le plan des droits humains \u00bb | Forbes Belgique","isPartOf":{"@id":"https:\/\/www.forbes.be\/fr\/#website"},"primaryImageOfPage":{"@id":"https:\/\/www.forbes.be\/fr\/denis-mukwege-la-belgique-doit-pousser-le-congo-a-assainir-son-armee-sur-le-plan-des-droits-humains\/#primaryimage"},"image":{"@id":"https:\/\/www.forbes.be\/fr\/denis-mukwege-la-belgique-doit-pousser-le-congo-a-assainir-son-armee-sur-le-plan-des-droits-humains\/#primaryimage"},"thumbnailUrl":"https:\/\/www.forbes.be\/fr\/wp-content\/uploads\/2024\/03\/Denis-Mukwege-scaled-e1712146879907.jpg","datePublished":"2024-03-29T17:00:54+00:00","dateModified":"2024-03-30T13:21:49+00:00","breadcrumb":{"@id":"https:\/\/www.forbes.be\/fr\/denis-mukwege-la-belgique-doit-pousser-le-congo-a-assainir-son-armee-sur-le-plan-des-droits-humains\/#breadcrumb"},"inLanguage":"fr-FR","potentialAction":[{"@type":"ReadAction","target":["https:\/\/www.forbes.be\/fr\/denis-mukwege-la-belgique-doit-pousser-le-congo-a-assainir-son-armee-sur-le-plan-des-droits-humains\/"]}]},{"@type":"ImageObject","inLanguage":"fr-FR","@id":"https:\/\/www.forbes.be\/fr\/denis-mukwege-la-belgique-doit-pousser-le-congo-a-assainir-son-armee-sur-le-plan-des-droits-humains\/#primaryimage","url":"https:\/\/www.forbes.be\/fr\/wp-content\/uploads\/2024\/03\/Denis-Mukwege-scaled-e1712146879907.jpg","contentUrl":"https:\/\/www.forbes.be\/fr\/wp-content\/uploads\/2024\/03\/Denis-Mukwege-scaled-e1712146879907.jpg","width":2560,"height":1536},{"@type":"BreadcrumbList","@id":"https:\/\/www.forbes.be\/fr\/denis-mukwege-la-belgique-doit-pousser-le-congo-a-assainir-son-armee-sur-le-plan-des-droits-humains\/#breadcrumb","itemListElement":[{"@type":"ListItem","position":1,"name":"Accueil","item":"https:\/\/www.forbes.be\/fr\/"},{"@type":"ListItem","position":2,"name":"Denis Mukwege : \u00ab\u00a0La Belgique doit pousser le Congo \u00e0 assainir son arm\u00e9e sur le plan des droits humains \u00bb"}]},{"@type":"WebSite","@id":"https:\/\/www.forbes.be\/fr\/#website","url":"https:\/\/www.forbes.be\/fr\/","name":"Forbes Belgique","description":"","publisher":{"@id":"https:\/\/www.forbes.be\/fr\/#organization"},"potentialAction":[{"@type":"SearchAction","target":{"@type":"EntryPoint","urlTemplate":"https:\/\/www.forbes.be\/fr\/?s={search_term_string}"},"query-input":{"@type":"PropertyValueSpecification","valueRequired":true,"valueName":"search_term_string"}}],"inLanguage":"fr-FR"},{"@type":"Organization","@id":"https:\/\/www.forbes.be\/fr\/#organization","name":"Forbes Belgique","url":"https:\/\/www.forbes.be\/fr\/","logo":{"@type":"ImageObject","inLanguage":"fr-FR","@id":"https:\/\/www.forbes.be\/fr\/#\/schema\/logo\/image\/","url":"https:\/\/www.forbes.be\/fr\/wp-content\/uploads\/2024\/02\/forbes.be_.png","contentUrl":"https:\/\/www.forbes.be\/fr\/wp-content\/uploads\/2024\/02\/forbes.be_.png","width":1200,"height":675,"caption":"Forbes Belgique"},"image":{"@id":"https:\/\/www.forbes.be\/fr\/#\/schema\/logo\/image\/"},"sameAs":["https:\/\/www.facebook.com\/forbesbelgique\/","https:\/\/www.instagram.com\/Forbes_Belgium","https:\/\/www.linkedin.com\/company\/forbes-belgium\/"]},{"@type":"Person","@id":"https:\/\/www.forbes.be\/fr\/#\/schema\/person\/480206e75151ea5ea750e674e9ad8513","name":"Caroline Azad","image":{"@type":"ImageObject","inLanguage":"fr-FR","@id":"https:\/\/www.forbes.be\/fr\/wp-content\/uploads\/2024\/03\/WhatsApp-Image-2024-03-29-a-14.04.48_4d0d05da-150x150.jpg","url":"https:\/\/www.forbes.be\/fr\/wp-content\/uploads\/2024\/03\/WhatsApp-Image-2024-03-29-a-14.04.48_4d0d05da-150x150.jpg","contentUrl":"https:\/\/www.forbes.be\/fr\/wp-content\/uploads\/2024\/03\/WhatsApp-Image-2024-03-29-a-14.04.48_4d0d05da-150x150.jpg","caption":"Caroline Azad"},"url":"https:\/\/www.forbes.be\/fr\/author\/caroline-azad\/"}]}},"_links":{"self":[{"href":"https:\/\/www.forbes.be\/fr\/wp-json\/wp\/v2\/posts\/1697","targetHints":{"allow":["GET"]}}],"collection":[{"href":"https:\/\/www.forbes.be\/fr\/wp-json\/wp\/v2\/posts"}],"about":[{"href":"https:\/\/www.forbes.be\/fr\/wp-json\/wp\/v2\/types\/post"}],"author":[{"embeddable":true,"href":"https:\/\/www.forbes.be\/fr\/wp-json\/wp\/v2\/users\/22"}],"replies":[{"embeddable":true,"href":"https:\/\/www.forbes.be\/fr\/wp-json\/wp\/v2\/comments?post=1697"}],"version-history":[{"count":5,"href":"https:\/\/www.forbes.be\/fr\/wp-json\/wp\/v2\/posts\/1697\/revisions"}],"predecessor-version":[{"id":1787,"href":"https:\/\/www.forbes.be\/fr\/wp-json\/wp\/v2\/posts\/1697\/revisions\/1787"}],"wp:featuredmedia":[{"embeddable":true,"href":"https:\/\/www.forbes.be\/fr\/wp-json\/wp\/v2\/media\/1777"}],"wp:attachment":[{"href":"https:\/\/www.forbes.be\/fr\/wp-json\/wp\/v2\/media?parent=1697"}],"wp:term":[{"taxonomy":"category","embeddable":true,"href":"https:\/\/www.forbes.be\/fr\/wp-json\/wp\/v2\/categories?post=1697"},{"taxonomy":"post_tag","embeddable":true,"href":"https:\/\/www.forbes.be\/fr\/wp-json\/wp\/v2\/tags?post=1697"}],"curies":[{"name":"wp","href":"https:\/\/api.w.org\/{rel}","templated":true}]}}