{"id":17003,"date":"2026-04-30T08:02:33","date_gmt":"2026-04-30T06:02:33","guid":{"rendered":"https:\/\/www.forbes.be\/fr\/ue-amende-meta-utilisateurs-mineurs\/"},"modified":"2026-04-30T08:02:33","modified_gmt":"2026-04-30T06:02:33","slug":"ue-amende-meta-utilisateurs-mineurs","status":"publish","type":"post","link":"https:\/\/www.forbes.be\/fr\/ue-amende-meta-utilisateurs-mineurs\/","title":{"rendered":"Meta menac\u00e9e par une lourde amende de l&rsquo;UE pour ne pas avoir bloqu\u00e9 les utilisateurs mineurs sur Facebook et Instagram"},"content":{"rendered":"<h2>R\u00e9sum\u00e9<\/h2>\n<p>L&rsquo;Union europ\u00e9enne a d\u00e9clar\u00e9 mercredi que Meta n&rsquo;a pas r\u00e9ussi \u00e0 emp\u00eacher les enfants de moins de 13 ans d&rsquo;acc\u00e9der \u00e0 ses plateformes de r\u00e9seaux sociaux\u2014Facebook et Instagram\u2014en violation des r\u00e8gles de s\u00e9curit\u00e9 en ligne du bloc, selon les conclusions pr\u00e9liminaires de son enqu\u00eate, ce qui pourrait entra\u00eener des amendes allant jusqu&rsquo;\u00e0 6% des revenus annuels mondiaux de l&rsquo;entreprise.<\/p>\n<h2>Faits Importants<\/h2>\n<ul>\n<li>La Commission europ\u00e9enne, organe ex\u00e9cutif de l&rsquo;UE, a indiqu\u00e9 que son enqu\u00eate avait r\u00e9v\u00e9l\u00e9 que Facebook et Instagram violaient la loi sur les services num\u00e9riques du bloc en ne faisant pas respecter les restrictions d&rsquo;inscription pour les utilisateurs mineurs.<\/li>\n<li>Dans sa d\u00e9claration, la Commission a pr\u00e9cis\u00e9 que les utilisateurs mineurs pouvaient entrer une \u201cfausse date de naissance\u201d qui les fait appara\u00eetre comme \u00e2g\u00e9s d&rsquo;au moins 13 ans, et accuse Meta de ne pas avoir mis en place de \u201ccontr\u00f4les efficaces\u201d pour v\u00e9rifier la \u201cvalidit\u00e9 de la date de naissance autoproclam\u00e9e\u201d.<\/li>\n<li>La Commission a \u00e9galement not\u00e9 que Facebook et Instagram ne prenaient pas de mesures ad\u00e9quates pour supprimer les utilisateurs identifi\u00e9s comme ayant moins de 13 ans.<\/li>\n<li>La d\u00e9cision critique le processus de signalement des utilisateurs mineurs, indiquant qu&rsquo;il n\u00e9cessite jusqu&rsquo;\u00e0 sept clics pour acc\u00e9der \u00e0 un formulaire et ajoute qu&rsquo;il n&rsquo;y a souvent \u201cpas de suivi appropri\u00e9\u201d de ces signalements.<\/li>\n<\/ul>\n<h2>\u00c0 Surveiller<\/h2>\n<p>L&rsquo;UE note que Facebook et Instagram pourront examiner les documents de l&rsquo;enqu\u00eate et soumettre une r\u00e9ponse \u00e9crite aux conclusions pr\u00e9liminaires. Les deux plateformes peuvent \u00e9galement prendre des mesures pour rem\u00e9dier aux probl\u00e8mes all\u00e9gu\u00e9s. Cependant, si les conclusions de la Commission sont finalement confirm\u00e9es, Meta pourrait faire face \u00e0 une amende pouvant atteindre 6% des revenus annuels de Meta selon la loi sur les services num\u00e9riques. \u201cLa Commission peut \u00e9galement imposer des paiements d&rsquo;amendes p\u00e9riodiques pour amener une plateforme \u00e0 se conformer\u201d, a averti le bloc.<\/p>\n<h2>Citation Cruciale<\/h2>\n<p>\u201cLes propres conditions g\u00e9n\u00e9rales de Meta indiquent que leurs services ne sont pas destin\u00e9s aux mineurs de moins de 13 ans. Pourtant, nos conclusions pr\u00e9liminaires montrent qu&rsquo;Instagram et Facebook font tr\u00e8s peu pour emp\u00eacher les enfants en dessous de cet \u00e2ge d&rsquo;acc\u00e9der \u00e0 leurs services\u201d, a d\u00e9clar\u00e9 Henna Virkkunen, vice-pr\u00e9sidente ex\u00e9cutive de la commission pour la souverainet\u00e9 technologique, dans un communiqu\u00e9 accompagnant l&rsquo;avis.<\/p>\n<h2>Ce Que Nous Savons Sur La Pouss\u00e9e De V\u00e9rification D&rsquo;\u00e2ge De L&rsquo;UE<\/h2>\n<p>Le durcissement \u00e0 l&rsquo;encontre de Meta s&rsquo;inscrit dans le cadre d&rsquo;une pouss\u00e9e plus large du bloc pour faire appliquer la v\u00e9rification de l&rsquo;\u00e2ge et limiter l&rsquo;acc\u00e8s des enfants aux plateformes de r\u00e9seaux sociaux. Au d\u00e9but du mois, la pr\u00e9sidente de la Commission europ\u00e9enne, Ursula von der Leyen, a annonc\u00e9 le lancement de la solution de v\u00e9rification de l&rsquo;\u00e2ge propre au bloc. En annon\u00e7ant ce lancement, Von der Leyen a d\u00e9clar\u00e9 : \u201cNous tenons pour responsables les plateformes en ligne qui ne prot\u00e8gent pas suffisamment nos enfants. La nouvelle solution de v\u00e9rification de l&rsquo;\u00e2ge et l&rsquo;application de nos r\u00e8gles vont de pair. Les plateformes en ligne peuvent facilement s&rsquo;appuyer sur notre application de v\u00e9rification de l&rsquo;\u00e2ge, donc il n&rsquo;y a plus d&rsquo;excuses.\u201d L&rsquo;UE affirme que son application peut v\u00e9rifier l&rsquo;\u00e2ge d&rsquo;un utilisateur \u201csans divulguer d&rsquo;informations personnelles aux plateformes\u201d. Cependant, la pouss\u00e9e de l&rsquo;UE a soulev\u00e9 des pr\u00e9occupations parmi les militants de la vie priv\u00e9e, et certains chercheurs en cybers\u00e9curit\u00e9 ont affirm\u00e9 avoir pu pirater les syst\u00e8mes de la nouvelle application en \u201cdeux minutes\u201d.<\/p>\n<p> Cet article a \u00e9t\u00e9 \u00e9crit par Siladitya Ray et traduit par Forbes.be. <\/p>\n<p><a href=\"https:\/\/www.forbes.com\/sites\/siladityaray\/2026\/04\/29\/meta-threatened-with-major-eu-fine-for-failing-to-block-underage-users-from-facebook-and-instagram\/\">Cet article a \u00e9t\u00e9 initialement publi\u00e9 sur Forbes.com<\/a><\/p>\n","protected":false},"excerpt":{"rendered":"<p>L&rsquo;Union europ\u00e9enne reproche \u00e0 Meta de ne pas avoir emp\u00each\u00e9 les moins de 13 ans d&rsquo;acc\u00e9der \u00e0 Facebook et Instagram, risquant ainsi une lourde amende.<\/p>\n","protected":false},"author":28,"featured_media":17002,"comment_status":"closed","ping_status":"closed","sticky":false,"template":"","format":"standard","meta":{"_acf_changed":false,"inline_featured_image":false,"footnotes":""},"categories":[1],"tags":[],"class_list":{"0":"post-17003","1":"post","2":"type-post","3":"status-publish","4":"format-standard","5":"has-post-thumbnail","7":"category-actualite"},"acf":[],"_yoast_wpseo_title":"Meta menac\u00e9e par une lourde amende de l'UE pour ne pas avoir bloqu\u00e9 les utilisateurs mineurs sur Facebook et Instagram","_yoast_wpseo_metadesc":"Meta pourrait \u00e9coper d'une amende de 6% de son chiffre d'affaires mondial si les conclusions pr\u00e9liminaires de l'enqu\u00eate sont confirm\u00e9es.","auteur_traducteur":"Siladitya Ray","yoast_head":"<!-- This site is optimized with the Yoast SEO plugin v27.4 - https:\/\/yoast.com\/product\/yoast-seo-wordpress\/ -->\n<title>Meta menac\u00e9e par une lourde amende de l&#039;UE pour ne pas avoir bloqu\u00e9 les utilisateurs mineurs sur Facebook et Instagram<\/title>\n<meta name=\"description\" content=\"Meta pourrait \u00e9coper d&#039;une amende de 6% de son chiffre d&#039;affaires mondial si les conclusions pr\u00e9liminaires de l&#039;enqu\u00eate sont confirm\u00e9es.\" \/>\n<meta name=\"robots\" content=\"index, follow, max-snippet:-1, max-image-preview:large, max-video-preview:-1\" \/>\n<link rel=\"canonical\" href=\"https:\/\/www.forbes.be\/fr\/ue-amende-meta-utilisateurs-mineurs\/\" \/>\n<meta property=\"og:locale\" content=\"fr_FR\" \/>\n<meta property=\"og:type\" content=\"article\" \/>\n<meta property=\"og:title\" content=\"Meta menac\u00e9e par une lourde amende de l&#039;UE pour ne pas avoir bloqu\u00e9 les utilisateurs mineurs sur Facebook et Instagram\" \/>\n<meta property=\"og:description\" content=\"Meta pourrait \u00e9coper d&#039;une amende de 6% de son chiffre d&#039;affaires mondial si les conclusions pr\u00e9liminaires de l&#039;enqu\u00eate sont confirm\u00e9es.\" \/>\n<meta property=\"og:url\" content=\"https:\/\/www.forbes.be\/fr\/ue-amende-meta-utilisateurs-mineurs\/\" \/>\n<meta property=\"og:site_name\" content=\"Forbes Belgique\" \/>\n<meta property=\"article:publisher\" content=\"https:\/\/www.facebook.com\/forbesbelgique\/\" \/>\n<meta property=\"article:published_time\" content=\"2026-04-30T06:02:33+00:00\" \/>\n<meta property=\"og:image\" content=\"https:\/\/www.forbes.be\/fr\/wp-content\/uploads\/2026\/04\/9384756102.jpg\" \/>\n\t<meta property=\"og:image:width\" content=\"958\" \/>\n\t<meta property=\"og:image:height\" content=\"639\" \/>\n\t<meta property=\"og:image:type\" content=\"image\/jpeg\" \/>\n<meta name=\"author\" content=\"Forbes US\" \/>\n<meta name=\"twitter:card\" content=\"summary_large_image\" \/>\n<meta name=\"twitter:label1\" content=\"\u00c9crit par\" \/>\n\t<meta name=\"twitter:data1\" content=\"Forbes US\" \/>\n\t<meta name=\"twitter:label2\" content=\"Dur\u00e9e de lecture estim\u00e9e\" \/>\n\t<meta name=\"twitter:data2\" content=\"3 minutes\" \/>\n<script type=\"application\/ld+json\" class=\"yoast-schema-graph\">{\"@context\":\"https:\\\/\\\/schema.org\",\"@graph\":[{\"@type\":\"NewsArticle\",\"@id\":\"https:\\\/\\\/www.forbes.be\\\/fr\\\/ue-amende-meta-utilisateurs-mineurs\\\/#article\",\"isPartOf\":{\"@id\":\"https:\\\/\\\/www.forbes.be\\\/fr\\\/ue-amende-meta-utilisateurs-mineurs\\\/\"},\"author\":{\"name\":\"Forbes US\",\"@id\":\"https:\\\/\\\/www.forbes.be\\\/fr\\\/#\\\/schema\\\/person\\\/7a054703b12276e8c990a581baea6515\"},\"headline\":\"Meta menac\u00e9e par une lourde amende de l&rsquo;UE pour ne pas avoir bloqu\u00e9 les utilisateurs mineurs sur Facebook et Instagram\",\"datePublished\":\"2026-04-30T06:02:33+00:00\",\"mainEntityOfPage\":{\"@id\":\"https:\\\/\\\/www.forbes.be\\\/fr\\\/ue-amende-meta-utilisateurs-mineurs\\\/\"},\"wordCount\":656,\"publisher\":{\"@id\":\"https:\\\/\\\/www.forbes.be\\\/fr\\\/#organization\"},\"image\":{\"@id\":\"https:\\\/\\\/www.forbes.be\\\/fr\\\/ue-amende-meta-utilisateurs-mineurs\\\/#primaryimage\"},\"thumbnailUrl\":\"https:\\\/\\\/www.forbes.be\\\/fr\\\/wp-content\\\/uploads\\\/2026\\\/04\\\/9384756102.jpg\",\"articleSection\":[\"Actualit\u00e9s\"],\"inLanguage\":\"fr-FR\"},{\"@type\":\"WebPage\",\"@id\":\"https:\\\/\\\/www.forbes.be\\\/fr\\\/ue-amende-meta-utilisateurs-mineurs\\\/\",\"url\":\"https:\\\/\\\/www.forbes.be\\\/fr\\\/ue-amende-meta-utilisateurs-mineurs\\\/\",\"name\":\"Meta menac\u00e9e par une lourde amende de l'UE pour ne pas avoir bloqu\u00e9 les utilisateurs mineurs sur Facebook et Instagram\",\"isPartOf\":{\"@id\":\"https:\\\/\\\/www.forbes.be\\\/fr\\\/#website\"},\"primaryImageOfPage\":{\"@id\":\"https:\\\/\\\/www.forbes.be\\\/fr\\\/ue-amende-meta-utilisateurs-mineurs\\\/#primaryimage\"},\"image\":{\"@id\":\"https:\\\/\\\/www.forbes.be\\\/fr\\\/ue-amende-meta-utilisateurs-mineurs\\\/#primaryimage\"},\"thumbnailUrl\":\"https:\\\/\\\/www.forbes.be\\\/fr\\\/wp-content\\\/uploads\\\/2026\\\/04\\\/9384756102.jpg\",\"datePublished\":\"2026-04-30T06:02:33+00:00\",\"description\":\"Meta pourrait \u00e9coper d'une amende de 6% de son chiffre d'affaires mondial si les conclusions pr\u00e9liminaires de l'enqu\u00eate sont confirm\u00e9es.\",\"breadcrumb\":{\"@id\":\"https:\\\/\\\/www.forbes.be\\\/fr\\\/ue-amende-meta-utilisateurs-mineurs\\\/#breadcrumb\"},\"inLanguage\":\"fr-FR\",\"potentialAction\":[{\"@type\":\"ReadAction\",\"target\":[\"https:\\\/\\\/www.forbes.be\\\/fr\\\/ue-amende-meta-utilisateurs-mineurs\\\/\"]}]},{\"@type\":\"ImageObject\",\"inLanguage\":\"fr-FR\",\"@id\":\"https:\\\/\\\/www.forbes.be\\\/fr\\\/ue-amende-meta-utilisateurs-mineurs\\\/#primaryimage\",\"url\":\"https:\\\/\\\/www.forbes.be\\\/fr\\\/wp-content\\\/uploads\\\/2026\\\/04\\\/9384756102.jpg\",\"contentUrl\":\"https:\\\/\\\/www.forbes.be\\\/fr\\\/wp-content\\\/uploads\\\/2026\\\/04\\\/9384756102.jpg\",\"width\":958,\"height\":639,\"caption\":\"NurPhoto via Getty Images\"},{\"@type\":\"BreadcrumbList\",\"@id\":\"https:\\\/\\\/www.forbes.be\\\/fr\\\/ue-amende-meta-utilisateurs-mineurs\\\/#breadcrumb\",\"itemListElement\":[{\"@type\":\"ListItem\",\"position\":1,\"name\":\"Accueil\",\"item\":\"https:\\\/\\\/www.forbes.be\\\/fr\\\/\"},{\"@type\":\"ListItem\",\"position\":2,\"name\":\"Meta menac\u00e9e par une lourde amende de l&rsquo;UE pour ne pas avoir bloqu\u00e9 les utilisateurs mineurs sur Facebook et Instagram\"}]},{\"@type\":\"WebSite\",\"@id\":\"https:\\\/\\\/www.forbes.be\\\/fr\\\/#website\",\"url\":\"https:\\\/\\\/www.forbes.be\\\/fr\\\/\",\"name\":\"Forbes Belgique\",\"description\":\"\",\"publisher\":{\"@id\":\"https:\\\/\\\/www.forbes.be\\\/fr\\\/#organization\"},\"potentialAction\":[{\"@type\":\"SearchAction\",\"target\":{\"@type\":\"EntryPoint\",\"urlTemplate\":\"https:\\\/\\\/www.forbes.be\\\/fr\\\/?s={search_term_string}\"},\"query-input\":{\"@type\":\"PropertyValueSpecification\",\"valueRequired\":true,\"valueName\":\"search_term_string\"}}],\"inLanguage\":\"fr-FR\"},{\"@type\":\"Organization\",\"@id\":\"https:\\\/\\\/www.forbes.be\\\/fr\\\/#organization\",\"name\":\"Forbes Belgique\",\"url\":\"https:\\\/\\\/www.forbes.be\\\/fr\\\/\",\"logo\":{\"@type\":\"ImageObject\",\"inLanguage\":\"fr-FR\",\"@id\":\"https:\\\/\\\/www.forbes.be\\\/fr\\\/#\\\/schema\\\/logo\\\/image\\\/\",\"url\":\"https:\\\/\\\/www.forbes.be\\\/fr\\\/wp-content\\\/uploads\\\/2024\\\/02\\\/forbes.be_.png\",\"contentUrl\":\"https:\\\/\\\/www.forbes.be\\\/fr\\\/wp-content\\\/uploads\\\/2024\\\/02\\\/forbes.be_.png\",\"width\":1200,\"height\":675,\"caption\":\"Forbes Belgique\"},\"image\":{\"@id\":\"https:\\\/\\\/www.forbes.be\\\/fr\\\/#\\\/schema\\\/logo\\\/image\\\/\"},\"sameAs\":[\"https:\\\/\\\/www.facebook.com\\\/forbesbelgique\\\/\",\"https:\\\/\\\/www.instagram.com\\\/Forbes_Belgium\",\"https:\\\/\\\/www.linkedin.com\\\/company\\\/forbes-belgium\\\/\"]},{\"@type\":\"Person\",\"@id\":\"https:\\\/\\\/www.forbes.be\\\/fr\\\/#\\\/schema\\\/person\\\/7a054703b12276e8c990a581baea6515\",\"name\":\"Forbes US\",\"image\":{\"@type\":\"ImageObject\",\"inLanguage\":\"fr-FR\",\"@id\":\"https:\\\/\\\/www.forbes.be\\\/fr\\\/wp-content\\\/uploads\\\/2025\\\/03\\\/forbes-logo1-100x100.png\",\"url\":\"https:\\\/\\\/www.forbes.be\\\/fr\\\/wp-content\\\/uploads\\\/2025\\\/03\\\/forbes-logo1-100x100.png\",\"contentUrl\":\"https:\\\/\\\/www.forbes.be\\\/fr\\\/wp-content\\\/uploads\\\/2025\\\/03\\\/forbes-logo1-100x100.png\",\"caption\":\"Forbes US\"},\"url\":\"https:\\\/\\\/www.forbes.be\\\/fr\\\/author\\\/forbes-us\\\/\"}]}<\/script>\n<!-- \/ Yoast SEO plugin. -->","yoast_head_json":{"title":"Meta menac\u00e9e par une lourde amende de l'UE pour ne pas avoir bloqu\u00e9 les utilisateurs mineurs sur Facebook et Instagram","description":"Meta pourrait \u00e9coper d'une amende de 6% de son chiffre d'affaires mondial si les conclusions pr\u00e9liminaires de l'enqu\u00eate sont confirm\u00e9es.","robots":{"index":"index","follow":"follow","max-snippet":"max-snippet:-1","max-image-preview":"max-image-preview:large","max-video-preview":"max-video-preview:-1"},"canonical":"https:\/\/www.forbes.be\/fr\/ue-amende-meta-utilisateurs-mineurs\/","og_locale":"fr_FR","og_type":"article","og_title":"Meta menac\u00e9e par une lourde amende de l'UE pour ne pas avoir bloqu\u00e9 les utilisateurs mineurs sur Facebook et Instagram","og_description":"Meta pourrait \u00e9coper d'une amende de 6% de son chiffre d'affaires mondial si les conclusions pr\u00e9liminaires de l'enqu\u00eate sont confirm\u00e9es.","og_url":"https:\/\/www.forbes.be\/fr\/ue-amende-meta-utilisateurs-mineurs\/","og_site_name":"Forbes Belgique","article_publisher":"https:\/\/www.facebook.com\/forbesbelgique\/","article_published_time":"2026-04-30T06:02:33+00:00","og_image":[{"width":958,"height":639,"url":"https:\/\/www.forbes.be\/fr\/wp-content\/uploads\/2026\/04\/9384756102.jpg","type":"image\/jpeg"}],"author":"Forbes US","twitter_card":"summary_large_image","twitter_misc":{"\u00c9crit par":"Forbes US","Dur\u00e9e de lecture estim\u00e9e":"3 minutes"},"schema":{"@context":"https:\/\/schema.org","@graph":[{"@type":"NewsArticle","@id":"https:\/\/www.forbes.be\/fr\/ue-amende-meta-utilisateurs-mineurs\/#article","isPartOf":{"@id":"https:\/\/www.forbes.be\/fr\/ue-amende-meta-utilisateurs-mineurs\/"},"author":{"name":"Forbes US","@id":"https:\/\/www.forbes.be\/fr\/#\/schema\/person\/7a054703b12276e8c990a581baea6515"},"headline":"Meta menac\u00e9e par une lourde amende de l&rsquo;UE pour ne pas avoir bloqu\u00e9 les utilisateurs mineurs sur Facebook et Instagram","datePublished":"2026-04-30T06:02:33+00:00","mainEntityOfPage":{"@id":"https:\/\/www.forbes.be\/fr\/ue-amende-meta-utilisateurs-mineurs\/"},"wordCount":656,"publisher":{"@id":"https:\/\/www.forbes.be\/fr\/#organization"},"image":{"@id":"https:\/\/www.forbes.be\/fr\/ue-amende-meta-utilisateurs-mineurs\/#primaryimage"},"thumbnailUrl":"https:\/\/www.forbes.be\/fr\/wp-content\/uploads\/2026\/04\/9384756102.jpg","articleSection":["Actualit\u00e9s"],"inLanguage":"fr-FR"},{"@type":"WebPage","@id":"https:\/\/www.forbes.be\/fr\/ue-amende-meta-utilisateurs-mineurs\/","url":"https:\/\/www.forbes.be\/fr\/ue-amende-meta-utilisateurs-mineurs\/","name":"Meta menac\u00e9e par une lourde amende de l'UE pour ne pas avoir bloqu\u00e9 les utilisateurs mineurs sur Facebook et Instagram","isPartOf":{"@id":"https:\/\/www.forbes.be\/fr\/#website"},"primaryImageOfPage":{"@id":"https:\/\/www.forbes.be\/fr\/ue-amende-meta-utilisateurs-mineurs\/#primaryimage"},"image":{"@id":"https:\/\/www.forbes.be\/fr\/ue-amende-meta-utilisateurs-mineurs\/#primaryimage"},"thumbnailUrl":"https:\/\/www.forbes.be\/fr\/wp-content\/uploads\/2026\/04\/9384756102.jpg","datePublished":"2026-04-30T06:02:33+00:00","description":"Meta pourrait \u00e9coper d'une amende de 6% de son chiffre d'affaires mondial si les conclusions pr\u00e9liminaires de l'enqu\u00eate sont confirm\u00e9es.","breadcrumb":{"@id":"https:\/\/www.forbes.be\/fr\/ue-amende-meta-utilisateurs-mineurs\/#breadcrumb"},"inLanguage":"fr-FR","potentialAction":[{"@type":"ReadAction","target":["https:\/\/www.forbes.be\/fr\/ue-amende-meta-utilisateurs-mineurs\/"]}]},{"@type":"ImageObject","inLanguage":"fr-FR","@id":"https:\/\/www.forbes.be\/fr\/ue-amende-meta-utilisateurs-mineurs\/#primaryimage","url":"https:\/\/www.forbes.be\/fr\/wp-content\/uploads\/2026\/04\/9384756102.jpg","contentUrl":"https:\/\/www.forbes.be\/fr\/wp-content\/uploads\/2026\/04\/9384756102.jpg","width":958,"height":639,"caption":"NurPhoto via Getty Images"},{"@type":"BreadcrumbList","@id":"https:\/\/www.forbes.be\/fr\/ue-amende-meta-utilisateurs-mineurs\/#breadcrumb","itemListElement":[{"@type":"ListItem","position":1,"name":"Accueil","item":"https:\/\/www.forbes.be\/fr\/"},{"@type":"ListItem","position":2,"name":"Meta menac\u00e9e par une lourde amende de l&rsquo;UE pour ne pas avoir bloqu\u00e9 les utilisateurs mineurs sur Facebook et Instagram"}]},{"@type":"WebSite","@id":"https:\/\/www.forbes.be\/fr\/#website","url":"https:\/\/www.forbes.be\/fr\/","name":"Forbes Belgique","description":"","publisher":{"@id":"https:\/\/www.forbes.be\/fr\/#organization"},"potentialAction":[{"@type":"SearchAction","target":{"@type":"EntryPoint","urlTemplate":"https:\/\/www.forbes.be\/fr\/?s={search_term_string}"},"query-input":{"@type":"PropertyValueSpecification","valueRequired":true,"valueName":"search_term_string"}}],"inLanguage":"fr-FR"},{"@type":"Organization","@id":"https:\/\/www.forbes.be\/fr\/#organization","name":"Forbes Belgique","url":"https:\/\/www.forbes.be\/fr\/","logo":{"@type":"ImageObject","inLanguage":"fr-FR","@id":"https:\/\/www.forbes.be\/fr\/#\/schema\/logo\/image\/","url":"https:\/\/www.forbes.be\/fr\/wp-content\/uploads\/2024\/02\/forbes.be_.png","contentUrl":"https:\/\/www.forbes.be\/fr\/wp-content\/uploads\/2024\/02\/forbes.be_.png","width":1200,"height":675,"caption":"Forbes Belgique"},"image":{"@id":"https:\/\/www.forbes.be\/fr\/#\/schema\/logo\/image\/"},"sameAs":["https:\/\/www.facebook.com\/forbesbelgique\/","https:\/\/www.instagram.com\/Forbes_Belgium","https:\/\/www.linkedin.com\/company\/forbes-belgium\/"]},{"@type":"Person","@id":"https:\/\/www.forbes.be\/fr\/#\/schema\/person\/7a054703b12276e8c990a581baea6515","name":"Forbes US","image":{"@type":"ImageObject","inLanguage":"fr-FR","@id":"https:\/\/www.forbes.be\/fr\/wp-content\/uploads\/2025\/03\/forbes-logo1-100x100.png","url":"https:\/\/www.forbes.be\/fr\/wp-content\/uploads\/2025\/03\/forbes-logo1-100x100.png","contentUrl":"https:\/\/www.forbes.be\/fr\/wp-content\/uploads\/2025\/03\/forbes-logo1-100x100.png","caption":"Forbes US"},"url":"https:\/\/www.forbes.be\/fr\/author\/forbes-us\/"}]}},"_links":{"self":[{"href":"https:\/\/www.forbes.be\/fr\/wp-json\/wp\/v2\/posts\/17003","targetHints":{"allow":["GET"]}}],"collection":[{"href":"https:\/\/www.forbes.be\/fr\/wp-json\/wp\/v2\/posts"}],"about":[{"href":"https:\/\/www.forbes.be\/fr\/wp-json\/wp\/v2\/types\/post"}],"author":[{"embeddable":true,"href":"https:\/\/www.forbes.be\/fr\/wp-json\/wp\/v2\/users\/28"}],"replies":[{"embeddable":true,"href":"https:\/\/www.forbes.be\/fr\/wp-json\/wp\/v2\/comments?post=17003"}],"version-history":[{"count":0,"href":"https:\/\/www.forbes.be\/fr\/wp-json\/wp\/v2\/posts\/17003\/revisions"}],"wp:featuredmedia":[{"embeddable":true,"href":"https:\/\/www.forbes.be\/fr\/wp-json\/wp\/v2\/media\/17002"}],"wp:attachment":[{"href":"https:\/\/www.forbes.be\/fr\/wp-json\/wp\/v2\/media?parent=17003"}],"wp:term":[{"taxonomy":"category","embeddable":true,"href":"https:\/\/www.forbes.be\/fr\/wp-json\/wp\/v2\/categories?post=17003"},{"taxonomy":"post_tag","embeddable":true,"href":"https:\/\/www.forbes.be\/fr\/wp-json\/wp\/v2\/tags?post=17003"}],"curies":[{"name":"wp","href":"https:\/\/api.w.org\/{rel}","templated":true}]}}