{"id":17004,"date":"2026-04-30T09:16:15","date_gmt":"2026-04-30T07:16:15","guid":{"rendered":"https:\/\/www.forbes.be\/fr\/?p=17004"},"modified":"2026-04-30T09:16:15","modified_gmt":"2026-04-30T07:16:15","slug":"changement-au-sommet-de-belfius-ce-que-prepare-le-nouveau-ceo-olivier-onclin","status":"publish","type":"post","link":"https:\/\/www.forbes.be\/fr\/changement-au-sommet-de-belfius-ce-que-prepare-le-nouveau-ceo-olivier-onclin\/","title":{"rendered":"Changement au sommet de Belfius : ce que pr\u00e9pare le nouveau CEO Olivier Onclin"},"content":{"rendered":"<p><strong>Le bancassureur public Belfius a act\u00e9, lors de son assembl\u00e9e g\u00e9n\u00e9rale de ce 29 avril, une transition majeure au sommet de sa gouvernance. Olivier Onclin est officiellement nomm\u00e9 CEO, succ\u00e9dant \u00e0 Marc Raisi\u00e8re, qui prend d\u00e9sormais la pr\u00e9sidence du conseil d&rsquo;administration. Une passation de pouvoir attendue, qui accompagne le d\u00e9ploiement de la strat\u00e9gie \u00ab Unlock 2030 \u00bb du groupe.<\/strong><\/p>\n<p>Apr\u00e8s quatorze ann\u00e9es \u00e0 la t\u00eate de <strong>Belfius<\/strong>, <strong>Marc Raisi\u00e8re<\/strong> passe le relais \u00e0 <strong>Olivier Onclin<\/strong>. Une \u00e9volution pr\u00e9par\u00e9e de longue date, qui se veut avant tout une transition ma\u00eetris\u00e9e.<\/p>\n<p><em>\u00ab Apr\u00e8s 14 ans en tant que CEO, je transmets aujourd&rsquo;hui cette responsabilit\u00e9, avec une grande confiance en Olivier et en l&rsquo;\u00e9quipe qui l&rsquo;entoure \u00bb<\/em>, souligne Marc Raisi\u00e8re. <em>\u00ab Dans mon nouveau r\u00f4le de pr\u00e9sident, je laisse \u00e0 Olivier et \u00e0 son \u00e9quipe le soin d&rsquo;\u00e9crire la suite, avec la m\u00eame \u00e9nergie et la m\u00eame conviction. \u00bb<\/em><\/p>\n<p>Cette continuit\u00e9 est \u00e9galement revendiqu\u00e9e par le nouveau CEO, qui insiste sur les fondations pos\u00e9es ces derni\u00e8res ann\u00e9es.<\/p>\n<p><em>\u00ab Marc a solidement positionn\u00e9 Belfius pour l&rsquo;avenir : un bancassureur sain, port\u00e9 par une \u00e9quipe engag\u00e9e \u00bb<\/em>, affirme Olivier Onclin. <em>\u00ab Nous allons poursuivre sur ces bases. \u00bb<\/em><\/p>\n<h2>Une \u00e9quipe renforc\u00e9e pour porter la nouvelle strat\u00e9gie<\/h2>\n<p>Au-del\u00e0 de ce changement de leadership, Belfius a proc\u00e9d\u00e9 \u00e0 plusieurs nominations au sein de son <strong>comit\u00e9 de direction<\/strong>, tant du c\u00f4t\u00e9 bancaire qu&rsquo;assurantiel.<\/p>\n<p><strong>Mario De Vry<\/strong> et <strong>Matthias Baillieul<\/strong>, qui rejoignent le Comit\u00e9 de direction de Belfius Banque, sont nomm\u00e9s <strong>administrateurs ex\u00e9cutifs<\/strong> pour une p\u00e9riode de 4 ans.<\/p>\n<p>Le mandat de <strong>Lutgart Van den Berghe<\/strong>, administrateur ind\u00e9pendant non ex\u00e9cutif, est arriv\u00e9 \u00e0 son terme. L&rsquo;assembl\u00e9e g\u00e9n\u00e9rale a propos\u00e9 de nommer <strong>Vanessa Marquette<\/strong> (associ\u00e9e chez Loyens &amp; Loeff) en tant qu&rsquo;administrateur ind\u00e9pendant non ex\u00e9cutif, sous r\u00e9serve de l&rsquo;approbation de l&rsquo;autorit\u00e9 de contr\u00f4le. Vanessa Marquette est reconnue pour son expertise approfondie en droit bancaire et financier.<\/p>\n<p>Cette r\u00e9organisation s&rsquo;inscrit dans le cadre du plan <strong>\u00ab Unlock 2030 \u00bb<\/strong>, pr\u00e9sent\u00e9 fin mars. Cette feuille de route repose sur plusieurs axes structurants : consolidation du <strong>mod\u00e8le de bancassurance<\/strong>, investissements technologiques, d\u00e9veloppement du <strong>private banking<\/strong> et expansion internationale des activit\u00e9s d&rsquo;assurance.<\/p>\n<p>Pour Olivier Onclin, l&rsquo;enjeu d\u00e9passe la seule performance financi\u00e8re : <em>\u00ab 1 Belge sur 3 compte sur Belfius, et cette responsabilit\u00e9 va au-del\u00e0 de la banque. Elle exige une banque persuad\u00e9e qu&rsquo;on peut toujours faire plus. \u00bb<\/em><\/p>\n<h2>Gouvernance et renouvellement du conseil<\/h2>\n<p>En parall\u00e8le, des ajustements ont \u00e9t\u00e9 op\u00e9r\u00e9s au sein du <strong>conseil d&rsquo;administration<\/strong>. La nomination de Marc Raisi\u00e8re \u00e0 sa pr\u00e9sidence s&rsquo;accompagne de l&rsquo;arriv\u00e9e de nouveaux profils et du renouvellement de certains mandats.<\/p>\n<p>Le groupe met notamment en avant le renforcement de l&rsquo;expertise au sein du conseil, dans un contexte r\u00e9glementaire et financier de plus en plus exigeant.<\/p>\n","protected":false},"excerpt":{"rendered":"<p>Le bancassureur public Belfius a act\u00e9, lors de son assembl\u00e9e g\u00e9n\u00e9rale de ce 29 avril, une transition majeure au sommet de sa gouvernance. Olivier Onclin est officiellement nomm\u00e9 CEO, succ\u00e9dant \u00e0 Marc Raisi\u00e8re, qui prend d\u00e9sormais la pr\u00e9sidence du conseil d&rsquo;administration. Une passation de pouvoir attendue, qui accompagne le d\u00e9ploiement de la strat\u00e9gie \u00ab Unlock [&hellip;]<\/p>\n","protected":false},"author":46,"featured_media":17005,"comment_status":"closed","ping_status":"closed","sticky":false,"template":"","format":"standard","meta":{"_acf_changed":false,"inline_featured_image":false,"footnotes":""},"categories":[1,16,15],"tags":[],"class_list":{"0":"post-17004","1":"post","2":"type-post","3":"status-publish","4":"format-standard","5":"has-post-thumbnail","7":"category-actualite","8":"category-finance","9":"category-leadership"},"acf":[],"_yoast_wpseo_title":null,"_yoast_wpseo_metadesc":"Olivier Onclin succ\u00e8de \u00e0 Marc Raisi\u00e8re \u00e0 la t\u00eate de Belfius. Le nouveau CEO pilotera le plan \u00ab Unlock 2030 \u00bb du bancassureur public belge.","auteur_traducteur":"","yoast_head":"<!-- This site is optimized with the Yoast SEO plugin v27.4 - https:\/\/yoast.com\/product\/yoast-seo-wordpress\/ -->\n<title>Changement au sommet de Belfius : ce que pr\u00e9pare le nouveau CEO Olivier Onclin | Forbes Belgique<\/title>\n<meta name=\"description\" content=\"Olivier Onclin succ\u00e8de \u00e0 Marc Raisi\u00e8re \u00e0 la t\u00eate de Belfius. Le nouveau CEO pilotera le plan \u00ab Unlock 2030 \u00bb du bancassureur public belge.\" \/>\n<meta name=\"robots\" content=\"index, follow, max-snippet:-1, max-image-preview:large, max-video-preview:-1\" \/>\n<link rel=\"canonical\" href=\"https:\/\/www.forbes.be\/fr\/changement-au-sommet-de-belfius-ce-que-prepare-le-nouveau-ceo-olivier-onclin\/\" \/>\n<meta property=\"og:locale\" content=\"fr_FR\" \/>\n<meta property=\"og:type\" content=\"article\" \/>\n<meta property=\"og:title\" content=\"Changement au sommet de Belfius : ce que pr\u00e9pare le nouveau CEO Olivier Onclin | Forbes Belgique\" \/>\n<meta property=\"og:description\" content=\"Olivier Onclin succ\u00e8de \u00e0 Marc Raisi\u00e8re \u00e0 la t\u00eate de Belfius. Le nouveau CEO pilotera le plan \u00ab Unlock 2030 \u00bb du bancassureur public belge.\" \/>\n<meta property=\"og:url\" content=\"https:\/\/www.forbes.be\/fr\/changement-au-sommet-de-belfius-ce-que-prepare-le-nouveau-ceo-olivier-onclin\/\" \/>\n<meta property=\"og:site_name\" content=\"Forbes Belgique\" \/>\n<meta property=\"article:publisher\" content=\"https:\/\/www.facebook.com\/forbesbelgique\/\" \/>\n<meta property=\"article:published_time\" content=\"2026-04-30T07:16:15+00:00\" \/>\n<meta property=\"og:image\" content=\"https:\/\/www.forbes.be\/fr\/wp-content\/uploads\/2026\/04\/belfius-1-scaled-e1777533365216.jpg\" \/>\n\t<meta property=\"og:image:width\" content=\"2556\" \/>\n\t<meta property=\"og:image:height\" content=\"1340\" \/>\n\t<meta property=\"og:image:type\" content=\"image\/jpeg\" \/>\n<meta name=\"author\" content=\"Demetrio Scagliola\" \/>\n<meta name=\"twitter:card\" content=\"summary_large_image\" \/>\n<meta name=\"twitter:label1\" content=\"\u00c9crit par\" \/>\n\t<meta name=\"twitter:data1\" content=\"Demetrio Scagliola\" \/>\n\t<meta name=\"twitter:label2\" content=\"Dur\u00e9e de lecture estim\u00e9e\" \/>\n\t<meta name=\"twitter:data2\" content=\"3 minutes\" \/>\n<script type=\"application\/ld+json\" class=\"yoast-schema-graph\">{\"@context\":\"https:\\\/\\\/schema.org\",\"@graph\":[{\"@type\":\"NewsArticle\",\"@id\":\"https:\\\/\\\/www.forbes.be\\\/fr\\\/changement-au-sommet-de-belfius-ce-que-prepare-le-nouveau-ceo-olivier-onclin\\\/#article\",\"isPartOf\":{\"@id\":\"https:\\\/\\\/www.forbes.be\\\/fr\\\/changement-au-sommet-de-belfius-ce-que-prepare-le-nouveau-ceo-olivier-onclin\\\/\"},\"author\":{\"name\":\"Demetrio Scagliola\",\"@id\":\"https:\\\/\\\/www.forbes.be\\\/fr\\\/#\\\/schema\\\/person\\\/c3a4e3b397a1f526ce7b310355f9f037\"},\"headline\":\"Changement au sommet de Belfius : ce que pr\u00e9pare le nouveau CEO Olivier Onclin\",\"datePublished\":\"2026-04-30T07:16:15+00:00\",\"mainEntityOfPage\":{\"@id\":\"https:\\\/\\\/www.forbes.be\\\/fr\\\/changement-au-sommet-de-belfius-ce-que-prepare-le-nouveau-ceo-olivier-onclin\\\/\"},\"wordCount\":491,\"publisher\":{\"@id\":\"https:\\\/\\\/www.forbes.be\\\/fr\\\/#organization\"},\"image\":{\"@id\":\"https:\\\/\\\/www.forbes.be\\\/fr\\\/changement-au-sommet-de-belfius-ce-que-prepare-le-nouveau-ceo-olivier-onclin\\\/#primaryimage\"},\"thumbnailUrl\":\"https:\\\/\\\/www.forbes.be\\\/fr\\\/wp-content\\\/uploads\\\/2026\\\/04\\\/belfius-1-scaled-e1777533365216.jpg\",\"articleSection\":[\"Actualit\u00e9s\",\"Finance\",\"Leadership\"],\"inLanguage\":\"fr-FR\"},{\"@type\":\"WebPage\",\"@id\":\"https:\\\/\\\/www.forbes.be\\\/fr\\\/changement-au-sommet-de-belfius-ce-que-prepare-le-nouveau-ceo-olivier-onclin\\\/\",\"url\":\"https:\\\/\\\/www.forbes.be\\\/fr\\\/changement-au-sommet-de-belfius-ce-que-prepare-le-nouveau-ceo-olivier-onclin\\\/\",\"name\":\"Changement au sommet de Belfius : ce que pr\u00e9pare le nouveau CEO Olivier Onclin | Forbes Belgique\",\"isPartOf\":{\"@id\":\"https:\\\/\\\/www.forbes.be\\\/fr\\\/#website\"},\"primaryImageOfPage\":{\"@id\":\"https:\\\/\\\/www.forbes.be\\\/fr\\\/changement-au-sommet-de-belfius-ce-que-prepare-le-nouveau-ceo-olivier-onclin\\\/#primaryimage\"},\"image\":{\"@id\":\"https:\\\/\\\/www.forbes.be\\\/fr\\\/changement-au-sommet-de-belfius-ce-que-prepare-le-nouveau-ceo-olivier-onclin\\\/#primaryimage\"},\"thumbnailUrl\":\"https:\\\/\\\/www.forbes.be\\\/fr\\\/wp-content\\\/uploads\\\/2026\\\/04\\\/belfius-1-scaled-e1777533365216.jpg\",\"datePublished\":\"2026-04-30T07:16:15+00:00\",\"description\":\"Olivier Onclin succ\u00e8de \u00e0 Marc Raisi\u00e8re \u00e0 la t\u00eate de Belfius. Le nouveau CEO pilotera le plan \u00ab Unlock 2030 \u00bb du bancassureur public belge.\",\"breadcrumb\":{\"@id\":\"https:\\\/\\\/www.forbes.be\\\/fr\\\/changement-au-sommet-de-belfius-ce-que-prepare-le-nouveau-ceo-olivier-onclin\\\/#breadcrumb\"},\"inLanguage\":\"fr-FR\",\"potentialAction\":[{\"@type\":\"ReadAction\",\"target\":[\"https:\\\/\\\/www.forbes.be\\\/fr\\\/changement-au-sommet-de-belfius-ce-que-prepare-le-nouveau-ceo-olivier-onclin\\\/\"]}]},{\"@type\":\"ImageObject\",\"inLanguage\":\"fr-FR\",\"@id\":\"https:\\\/\\\/www.forbes.be\\\/fr\\\/changement-au-sommet-de-belfius-ce-que-prepare-le-nouveau-ceo-olivier-onclin\\\/#primaryimage\",\"url\":\"https:\\\/\\\/www.forbes.be\\\/fr\\\/wp-content\\\/uploads\\\/2026\\\/04\\\/belfius-1-scaled-e1777533365216.jpg\",\"contentUrl\":\"https:\\\/\\\/www.forbes.be\\\/fr\\\/wp-content\\\/uploads\\\/2026\\\/04\\\/belfius-1-scaled-e1777533365216.jpg\",\"width\":2556,\"height\":1340,\"caption\":\"Olivier Onclin (\u00e0 gauche) succ\u00e8de \u00e0 Marc Raisi\u00e8re \u00e0 la t\u00eate de Belfius \u00a9 DR\"},{\"@type\":\"BreadcrumbList\",\"@id\":\"https:\\\/\\\/www.forbes.be\\\/fr\\\/changement-au-sommet-de-belfius-ce-que-prepare-le-nouveau-ceo-olivier-onclin\\\/#breadcrumb\",\"itemListElement\":[{\"@type\":\"ListItem\",\"position\":1,\"name\":\"Accueil\",\"item\":\"https:\\\/\\\/www.forbes.be\\\/fr\\\/\"},{\"@type\":\"ListItem\",\"position\":2,\"name\":\"Changement au sommet de Belfius : ce que pr\u00e9pare le nouveau CEO Olivier Onclin\"}]},{\"@type\":\"WebSite\",\"@id\":\"https:\\\/\\\/www.forbes.be\\\/fr\\\/#website\",\"url\":\"https:\\\/\\\/www.forbes.be\\\/fr\\\/\",\"name\":\"Forbes Belgique\",\"description\":\"\",\"publisher\":{\"@id\":\"https:\\\/\\\/www.forbes.be\\\/fr\\\/#organization\"},\"potentialAction\":[{\"@type\":\"SearchAction\",\"target\":{\"@type\":\"EntryPoint\",\"urlTemplate\":\"https:\\\/\\\/www.forbes.be\\\/fr\\\/?s={search_term_string}\"},\"query-input\":{\"@type\":\"PropertyValueSpecification\",\"valueRequired\":true,\"valueName\":\"search_term_string\"}}],\"inLanguage\":\"fr-FR\"},{\"@type\":\"Organization\",\"@id\":\"https:\\\/\\\/www.forbes.be\\\/fr\\\/#organization\",\"name\":\"Forbes Belgique\",\"url\":\"https:\\\/\\\/www.forbes.be\\\/fr\\\/\",\"logo\":{\"@type\":\"ImageObject\",\"inLanguage\":\"fr-FR\",\"@id\":\"https:\\\/\\\/www.forbes.be\\\/fr\\\/#\\\/schema\\\/logo\\\/image\\\/\",\"url\":\"https:\\\/\\\/www.forbes.be\\\/fr\\\/wp-content\\\/uploads\\\/2024\\\/02\\\/forbes.be_.png\",\"contentUrl\":\"https:\\\/\\\/www.forbes.be\\\/fr\\\/wp-content\\\/uploads\\\/2024\\\/02\\\/forbes.be_.png\",\"width\":1200,\"height\":675,\"caption\":\"Forbes Belgique\"},\"image\":{\"@id\":\"https:\\\/\\\/www.forbes.be\\\/fr\\\/#\\\/schema\\\/logo\\\/image\\\/\"},\"sameAs\":[\"https:\\\/\\\/www.facebook.com\\\/forbesbelgique\\\/\",\"https:\\\/\\\/www.instagram.com\\\/Forbes_Belgium\",\"https:\\\/\\\/www.linkedin.com\\\/company\\\/forbes-belgium\\\/\"]},{\"@type\":\"Person\",\"@id\":\"https:\\\/\\\/www.forbes.be\\\/fr\\\/#\\\/schema\\\/person\\\/c3a4e3b397a1f526ce7b310355f9f037\",\"name\":\"Demetrio Scagliola\",\"image\":{\"@type\":\"ImageObject\",\"inLanguage\":\"fr-FR\",\"@id\":\"https:\\\/\\\/secure.gravatar.com\\\/avatar\\\/232582365ad68ea54815b307423ac8533cd4a8567f6856361d06fe18e55bd62d?s=96&d=mm&r=g\",\"url\":\"https:\\\/\\\/secure.gravatar.com\\\/avatar\\\/232582365ad68ea54815b307423ac8533cd4a8567f6856361d06fe18e55bd62d?s=96&d=mm&r=g\",\"contentUrl\":\"https:\\\/\\\/secure.gravatar.com\\\/avatar\\\/232582365ad68ea54815b307423ac8533cd4a8567f6856361d06fe18e55bd62d?s=96&d=mm&r=g\",\"caption\":\"Demetrio Scagliola\"},\"url\":\"https:\\\/\\\/www.forbes.be\\\/fr\\\/author\\\/demetrioscagliola\\\/\"}]}<\/script>\n<!-- \/ Yoast SEO plugin. -->","yoast_head_json":{"title":"Changement au sommet de Belfius : ce que pr\u00e9pare le nouveau CEO Olivier Onclin | Forbes Belgique","description":"Olivier Onclin succ\u00e8de \u00e0 Marc Raisi\u00e8re \u00e0 la t\u00eate de Belfius. Le nouveau CEO pilotera le plan \u00ab Unlock 2030 \u00bb du bancassureur public belge.","robots":{"index":"index","follow":"follow","max-snippet":"max-snippet:-1","max-image-preview":"max-image-preview:large","max-video-preview":"max-video-preview:-1"},"canonical":"https:\/\/www.forbes.be\/fr\/changement-au-sommet-de-belfius-ce-que-prepare-le-nouveau-ceo-olivier-onclin\/","og_locale":"fr_FR","og_type":"article","og_title":"Changement au sommet de Belfius : ce que pr\u00e9pare le nouveau CEO Olivier Onclin | Forbes Belgique","og_description":"Olivier Onclin succ\u00e8de \u00e0 Marc Raisi\u00e8re \u00e0 la t\u00eate de Belfius. Le nouveau CEO pilotera le plan \u00ab Unlock 2030 \u00bb du bancassureur public belge.","og_url":"https:\/\/www.forbes.be\/fr\/changement-au-sommet-de-belfius-ce-que-prepare-le-nouveau-ceo-olivier-onclin\/","og_site_name":"Forbes Belgique","article_publisher":"https:\/\/www.facebook.com\/forbesbelgique\/","article_published_time":"2026-04-30T07:16:15+00:00","og_image":[{"width":2556,"height":1340,"url":"https:\/\/www.forbes.be\/fr\/wp-content\/uploads\/2026\/04\/belfius-1-scaled-e1777533365216.jpg","type":"image\/jpeg"}],"author":"Demetrio Scagliola","twitter_card":"summary_large_image","twitter_misc":{"\u00c9crit par":"Demetrio Scagliola","Dur\u00e9e de lecture estim\u00e9e":"3 minutes"},"schema":{"@context":"https:\/\/schema.org","@graph":[{"@type":"NewsArticle","@id":"https:\/\/www.forbes.be\/fr\/changement-au-sommet-de-belfius-ce-que-prepare-le-nouveau-ceo-olivier-onclin\/#article","isPartOf":{"@id":"https:\/\/www.forbes.be\/fr\/changement-au-sommet-de-belfius-ce-que-prepare-le-nouveau-ceo-olivier-onclin\/"},"author":{"name":"Demetrio Scagliola","@id":"https:\/\/www.forbes.be\/fr\/#\/schema\/person\/c3a4e3b397a1f526ce7b310355f9f037"},"headline":"Changement au sommet de Belfius : ce que pr\u00e9pare le nouveau CEO Olivier Onclin","datePublished":"2026-04-30T07:16:15+00:00","mainEntityOfPage":{"@id":"https:\/\/www.forbes.be\/fr\/changement-au-sommet-de-belfius-ce-que-prepare-le-nouveau-ceo-olivier-onclin\/"},"wordCount":491,"publisher":{"@id":"https:\/\/www.forbes.be\/fr\/#organization"},"image":{"@id":"https:\/\/www.forbes.be\/fr\/changement-au-sommet-de-belfius-ce-que-prepare-le-nouveau-ceo-olivier-onclin\/#primaryimage"},"thumbnailUrl":"https:\/\/www.forbes.be\/fr\/wp-content\/uploads\/2026\/04\/belfius-1-scaled-e1777533365216.jpg","articleSection":["Actualit\u00e9s","Finance","Leadership"],"inLanguage":"fr-FR"},{"@type":"WebPage","@id":"https:\/\/www.forbes.be\/fr\/changement-au-sommet-de-belfius-ce-que-prepare-le-nouveau-ceo-olivier-onclin\/","url":"https:\/\/www.forbes.be\/fr\/changement-au-sommet-de-belfius-ce-que-prepare-le-nouveau-ceo-olivier-onclin\/","name":"Changement au sommet de Belfius : ce que pr\u00e9pare le nouveau CEO Olivier Onclin | Forbes Belgique","isPartOf":{"@id":"https:\/\/www.forbes.be\/fr\/#website"},"primaryImageOfPage":{"@id":"https:\/\/www.forbes.be\/fr\/changement-au-sommet-de-belfius-ce-que-prepare-le-nouveau-ceo-olivier-onclin\/#primaryimage"},"image":{"@id":"https:\/\/www.forbes.be\/fr\/changement-au-sommet-de-belfius-ce-que-prepare-le-nouveau-ceo-olivier-onclin\/#primaryimage"},"thumbnailUrl":"https:\/\/www.forbes.be\/fr\/wp-content\/uploads\/2026\/04\/belfius-1-scaled-e1777533365216.jpg","datePublished":"2026-04-30T07:16:15+00:00","description":"Olivier Onclin succ\u00e8de \u00e0 Marc Raisi\u00e8re \u00e0 la t\u00eate de Belfius. Le nouveau CEO pilotera le plan \u00ab Unlock 2030 \u00bb du bancassureur public belge.","breadcrumb":{"@id":"https:\/\/www.forbes.be\/fr\/changement-au-sommet-de-belfius-ce-que-prepare-le-nouveau-ceo-olivier-onclin\/#breadcrumb"},"inLanguage":"fr-FR","potentialAction":[{"@type":"ReadAction","target":["https:\/\/www.forbes.be\/fr\/changement-au-sommet-de-belfius-ce-que-prepare-le-nouveau-ceo-olivier-onclin\/"]}]},{"@type":"ImageObject","inLanguage":"fr-FR","@id":"https:\/\/www.forbes.be\/fr\/changement-au-sommet-de-belfius-ce-que-prepare-le-nouveau-ceo-olivier-onclin\/#primaryimage","url":"https:\/\/www.forbes.be\/fr\/wp-content\/uploads\/2026\/04\/belfius-1-scaled-e1777533365216.jpg","contentUrl":"https:\/\/www.forbes.be\/fr\/wp-content\/uploads\/2026\/04\/belfius-1-scaled-e1777533365216.jpg","width":2556,"height":1340,"caption":"Olivier Onclin (\u00e0 gauche) succ\u00e8de \u00e0 Marc Raisi\u00e8re \u00e0 la t\u00eate de Belfius \u00a9 DR"},{"@type":"BreadcrumbList","@id":"https:\/\/www.forbes.be\/fr\/changement-au-sommet-de-belfius-ce-que-prepare-le-nouveau-ceo-olivier-onclin\/#breadcrumb","itemListElement":[{"@type":"ListItem","position":1,"name":"Accueil","item":"https:\/\/www.forbes.be\/fr\/"},{"@type":"ListItem","position":2,"name":"Changement au sommet de Belfius : ce que pr\u00e9pare le nouveau CEO Olivier Onclin"}]},{"@type":"WebSite","@id":"https:\/\/www.forbes.be\/fr\/#website","url":"https:\/\/www.forbes.be\/fr\/","name":"Forbes Belgique","description":"","publisher":{"@id":"https:\/\/www.forbes.be\/fr\/#organization"},"potentialAction":[{"@type":"SearchAction","target":{"@type":"EntryPoint","urlTemplate":"https:\/\/www.forbes.be\/fr\/?s={search_term_string}"},"query-input":{"@type":"PropertyValueSpecification","valueRequired":true,"valueName":"search_term_string"}}],"inLanguage":"fr-FR"},{"@type":"Organization","@id":"https:\/\/www.forbes.be\/fr\/#organization","name":"Forbes Belgique","url":"https:\/\/www.forbes.be\/fr\/","logo":{"@type":"ImageObject","inLanguage":"fr-FR","@id":"https:\/\/www.forbes.be\/fr\/#\/schema\/logo\/image\/","url":"https:\/\/www.forbes.be\/fr\/wp-content\/uploads\/2024\/02\/forbes.be_.png","contentUrl":"https:\/\/www.forbes.be\/fr\/wp-content\/uploads\/2024\/02\/forbes.be_.png","width":1200,"height":675,"caption":"Forbes Belgique"},"image":{"@id":"https:\/\/www.forbes.be\/fr\/#\/schema\/logo\/image\/"},"sameAs":["https:\/\/www.facebook.com\/forbesbelgique\/","https:\/\/www.instagram.com\/Forbes_Belgium","https:\/\/www.linkedin.com\/company\/forbes-belgium\/"]},{"@type":"Person","@id":"https:\/\/www.forbes.be\/fr\/#\/schema\/person\/c3a4e3b397a1f526ce7b310355f9f037","name":"Demetrio Scagliola","image":{"@type":"ImageObject","inLanguage":"fr-FR","@id":"https:\/\/secure.gravatar.com\/avatar\/232582365ad68ea54815b307423ac8533cd4a8567f6856361d06fe18e55bd62d?s=96&d=mm&r=g","url":"https:\/\/secure.gravatar.com\/avatar\/232582365ad68ea54815b307423ac8533cd4a8567f6856361d06fe18e55bd62d?s=96&d=mm&r=g","contentUrl":"https:\/\/secure.gravatar.com\/avatar\/232582365ad68ea54815b307423ac8533cd4a8567f6856361d06fe18e55bd62d?s=96&d=mm&r=g","caption":"Demetrio Scagliola"},"url":"https:\/\/www.forbes.be\/fr\/author\/demetrioscagliola\/"}]}},"_links":{"self":[{"href":"https:\/\/www.forbes.be\/fr\/wp-json\/wp\/v2\/posts\/17004","targetHints":{"allow":["GET"]}}],"collection":[{"href":"https:\/\/www.forbes.be\/fr\/wp-json\/wp\/v2\/posts"}],"about":[{"href":"https:\/\/www.forbes.be\/fr\/wp-json\/wp\/v2\/types\/post"}],"author":[{"embeddable":true,"href":"https:\/\/www.forbes.be\/fr\/wp-json\/wp\/v2\/users\/46"}],"replies":[{"embeddable":true,"href":"https:\/\/www.forbes.be\/fr\/wp-json\/wp\/v2\/comments?post=17004"}],"version-history":[{"count":1,"href":"https:\/\/www.forbes.be\/fr\/wp-json\/wp\/v2\/posts\/17004\/revisions"}],"predecessor-version":[{"id":17006,"href":"https:\/\/www.forbes.be\/fr\/wp-json\/wp\/v2\/posts\/17004\/revisions\/17006"}],"wp:featuredmedia":[{"embeddable":true,"href":"https:\/\/www.forbes.be\/fr\/wp-json\/wp\/v2\/media\/17005"}],"wp:attachment":[{"href":"https:\/\/www.forbes.be\/fr\/wp-json\/wp\/v2\/media?parent=17004"}],"wp:term":[{"taxonomy":"category","embeddable":true,"href":"https:\/\/www.forbes.be\/fr\/wp-json\/wp\/v2\/categories?post=17004"},{"taxonomy":"post_tag","embeddable":true,"href":"https:\/\/www.forbes.be\/fr\/wp-json\/wp\/v2\/tags?post=17004"}],"curies":[{"name":"wp","href":"https:\/\/api.w.org\/{rel}","templated":true}]}}